{"id":87,"date":"2019-11-02T00:00:09","date_gmt":"2019-11-01T23:00:09","guid":{"rendered":"http:\/\/eldiariodelaeducacion.test\/espiral\/\/?p=87"},"modified":"2024-08-21T17:34:24","modified_gmt":"2024-08-21T15:34:24","slug":"una-nueva-cultura-de-evalaucion","status":"publish","type":"post","link":"https:\/\/eldiariodelaeducacion.com\/espiral\/2019\/11\/02\/una-nueva-cultura-de-evalaucion\/","title":{"rendered":"Una nueva cultura de evaluaci\u00f3n"},"content":{"rendered":"<h4><\/h4>\n<blockquote><p><i><span style=\"font-weight: 400\">La evaluaci\u00f3n debe ser gratificante y por tanto, vivida por el alumno como un aspecto positivo y necesario para desarrollarse. El error, por lo tanto, se percibe como una forma<\/span><\/i><i>\u00a0natural de aprender y que se encamina a la mejora. (Sanmart\u00ed, 2007)<\/i><\/p><\/blockquote>\n<p><span style=\"font-weight: 400\">Cuando escuchamos la palabra evaluar, nos vienen a la cabeza palabras que relacionamos cotidianamente con este t\u00e9rmino como calificaciones, ex\u00e1menes, correcciones\u2026 incluso, algunas relacionadas con la mejora educativa como revisi\u00f3n de la pr\u00e1ctica docente, ajustar procedimientos y\/o programaciones; as\u00ed como las que tiene que ver con pruebas estandarizadas como PISA, grado de dominio de las competencias b\u00e1sicas\u2026<\/span><\/p>\n<p><span style=\"font-weight: 400\">Somos conscientes de que la <\/span><i><span style=\"font-weight: 400\">evaluaci\u00f3n, <\/span><\/i><span style=\"font-weight: 400\">a priori,<\/span> <span style=\"font-weight: 400\">\u00a0puede no parecer muy \u201catractiva\u201d para abordarse en un art\u00edculo, sin embargo, como psicopedagogas, facilitadoras de transformaci\u00f3n educativa y profesoras de primaria, queremos contribuir a un cambio en la mirada de la evaluaci\u00f3n aportando nuestro punto de vista. Aunque en el sistema educativo ya se est\u00e1 dando un giro metodol\u00f3gico que apuesta por el aprendizaje activo de los alumnos, un cambio de paradigma, se hace necesario que la evaluaci\u00f3n sea coherente con el proceso de ense\u00f1anza-aprendizaje.<\/span><\/p>\n<p><span style=\"font-weight: 400\">Para profundizar en este tema, presentaremos un taller, el pr\u00f3ximo 5 de noviembre en el <\/span><a href=\"https:\/\/www.ciberespiral.org\/es\/blogs-2\/formacion-y-eventos\/585-simo-educacion-2019\"><span style=\"font-weight: 400\">SIMO Educaci\u00f3n 2019<\/span><\/a><span style=\"font-weight: 400\">, que se centrar\u00e1 en \u201cla evaluaci\u00f3n y en su importancia en el proceso de aprendizaje\u201d. Se trata de generar entre los asistentes una reflexi\u00f3n sobre la evaluaci\u00f3n y c\u00f3mo ha evolucionado para adecuarse al cambio metodol\u00f3gico que favorece el aprendizaje basado en competencias que promueve el curr\u00edculo oficial espa\u00f1ol.<\/span><\/p>\n<p><span style=\"font-weight: 400\">M\u00e1s all\u00e1 del t\u00e9rmino de <\/span><i><span style=\"font-weight: 400\">evaluaci\u00f3n<\/span><\/i><span style=\"font-weight: 400\"> dirigida a constatar y certificar los niveles de conocimientos (evaluaci\u00f3n del aprendizaje), con fines calificadores y selectivos, nos centraremos en otros momentos evaluativos con diferentes finalidades y protagonistas, como aquellos que pueden favorecer el desarrollo de los alumnos a trav\u00e9s del fomento de la autorregulaci\u00f3n de su aprendizaje, la mejora del rol docente desde un papel de acompa\u00f1ante en el proceso de ense\u00f1anza-aprendizaje. En definitiva, un cambio en la mirada que supone la necesidad de evaluar y del papel del error en el aprendizaje &#8211; evaluaci\u00f3n para el aprendizaje.<\/span><\/p>\n<p><span style=\"font-weight: 400\">As\u00ed, por ejemplo, una evaluaci\u00f3n formadora no estar\u00eda solo en manos del docente, sino que cobran importancia procesos en los que el propio alumno valora, reflexiona y analiza su propio aprendizaje; y una evaluaci\u00f3n rec\u00edproca entre iguales supondr\u00eda un medio de corregulaci\u00f3n del trabajo del alumnado.\u00a0<\/span><\/p>\n<p><span style=\"font-weight: 400\">En resumen, la principal finalidad de la evaluaci\u00f3n a la que aludimos es la de favorecer la toma de conciencia del alumno en su propio proceso de aprendizaje a trav\u00e9s de la reflexi\u00f3n, detecci\u00f3n de necesidades, petici\u00f3n de ayuda y mejora de las tareas realizadas.\u00a0<\/span><\/p>\n<p><span style=\"font-weight: 400\">En este sentido, en el taller se crear\u00e1 un espacio de debate sobre qu\u00e9 tipo de evaluaci\u00f3n queremos que se d\u00e9 en nuestras aulas, al tiempo que analizaremos distintas herramientas (r\u00fabricas, <em>checklist<\/em>, escaleras de valoraci\u00f3n, bases de orientaci\u00f3n, dosier de aprendizaje,&#8230;) que nos pueden ayudar, a alumnos y docentes, a reflexionar sobre los aprendizajes adquiridos y aquellos sobre los que hay que seguir profundizando.<\/span><\/p>\n<p><span style=\"font-weight: 400\">En esta l\u00ednea, son muchos los autores que ponen de relieve la importancia del lenguaje utilizado a la hora de comunicarse con el alumnado.\u00a0 Los mensajes que se les dedican deben ser m\u00e1s cuidados, respetuosos y, siempre, enfocados a la comprensi\u00f3n de los errores pero, sobretodo, de los aciertos, de este modo hacemos evidentes aquellos procesos que han llevado al alumno al aprendizaje.\u00a0<\/span><\/p>\n<p><span style=\"font-weight: 400\">No es tarea f\u00e1cil, puesto que nuestra cultura evaluativa tradicionalmente no es esta, pero debemos mostrar la m\u00e1xima confianza en la capacidad de aprendizaje de nuestros alumnos y, como docentes darles las m\u00e1ximas orientaciones a lo largo de su proceso de desarrollo y aprendizaje, dot\u00e1ndolos de estrategias que les servir\u00e1n para reflexionar a lo largo de toda su vida en cualquier situaci\u00f3n de aprendizaje.\u00a0\u00a0<\/span><\/p>\n<p><span style=\"font-weight: 400\">As\u00ed pues, creemos oportuno crear espacios de regulaci\u00f3n en las aulas en los que pongamos el acento en los sentimientos y experiencias de los alumnos y no tanto en los contenidos; en segundo lugar, espacios que anticipen y planifiquen los momentos de <em>feedback<\/em> para reflexionar sobre c\u00f3mo aprende uno mismo, y, por \u00faltimo, espacios en los que intervengan toda la comunidad educativa, es decir, lugares donde quien haga evidente el aprendizaje sea el docente, los mismos compa\u00f1eros y, por qu\u00e9 no, las familias.<\/span><\/p>\n<p><span style=\"font-weight: 400\">Desde este punto de vista, nuestra posici\u00f3n es la de confiar en la capacidad de aprendizaje de nuestro alumnado, de cada uno de ellos, a su ritmo y en funci\u00f3n de sus necesidades. Solo bajo este clima chicos y chicas aceptar\u00e1n el desaf\u00edo de aprender, se esforzar\u00e1n por conseguir los retos propuestos, en el \u00e1mbito escolar o no, mostrando una <\/span><i><span style=\"font-weight: 400\">mentalidad de crecimiento,<\/span><\/i><span style=\"font-weight: 400\"> aprendiendo de sus errores, aceptando las cr\u00edticas, fij\u00e1ndose en los aciertos del resto, aceptando desaf\u00edos\u2026 sin que el punto de mira se ponga en el error sabiendo que pueden aprender de este para mejorar el propio rendimiento.<\/span><\/p>\n<p>&nbsp;<\/p>\n","protected":false},"excerpt":{"rendered":"<p>La evaluaci\u00f3n debe ser gratificante y por tanto, vivida por el alumno como un aspecto positivo y necesario para desarrollarse. El error, por lo tanto, se percibe como una forma\u00a0natural de aprender y que se encamina a la mejora. (Sanmart\u00ed, 2007) Cuando escuchamos la palabra evaluar, nos vienen a la cabeza palabras que relacionamos cotidianamente<\/p>\n","protected":false},"author":173,"featured_media":85,"comment_status":"open","ping_status":"closed","sticky":false,"template":"","format":"standard","meta":{"footnotes":""},"categories":[16],"tags":[],"tipo":[],"class_list":{"0":"post-87","1":"post","2":"type-post","3":"status-publish","4":"format-standard","5":"has-post-thumbnail","7":"category-espiral"},"yoast_head":"<!-- This site is optimized with the Yoast SEO plugin v27.5 - https:\/\/yoast.com\/product\/yoast-seo-wordpress\/ -->\n<title>Una nueva cultura de evaluaci\u00f3n - Espiral, educaci\u00f3n y tecnolog\u00eda<\/title>\n<meta name=\"robots\" content=\"index, follow, max-snippet:-1, max-image-preview:large, max-video-preview:-1\" \/>\n<link rel=\"canonical\" href=\"https:\/\/eldiariodelaeducacion.com\/espiral\/2019\/11\/02\/una-nueva-cultura-de-evalaucion\/\" \/>\n<meta property=\"og:locale\" content=\"es_ES\" \/>\n<meta property=\"og:type\" content=\"article\" \/>\n<meta property=\"og:title\" content=\"Una nueva cultura de evaluaci\u00f3n - Espiral, educaci\u00f3n y tecnolog\u00eda\" \/>\n<meta property=\"og:description\" content=\"La evaluaci\u00f3n debe ser gratificante y por tanto, vivida por el alumno como un aspecto positivo y necesario para desarrollarse. El error, por lo tanto, se percibe como una forma\u00a0natural de aprender y que se encamina a la mejora. (Sanmart\u00ed, 2007) Cuando escuchamos la palabra evaluar, nos vienen a la cabeza palabras que relacionamos cotidianamente\" \/>\n<meta property=\"og:url\" content=\"https:\/\/eldiariodelaeducacion.com\/espiral\/2019\/11\/02\/una-nueva-cultura-de-evalaucion\/\" \/>\n<meta property=\"og:site_name\" content=\"Espiral, educaci\u00f3n y tecnolog\u00eda\" \/>\n<meta property=\"article:published_time\" content=\"2019-11-01T23:00:09+00:00\" \/>\n<meta property=\"article:modified_time\" content=\"2024-08-21T15:34:24+00:00\" \/>\n<meta property=\"og:image\" content=\"https:\/\/eldiariodelaeducacion.com\/espiral\/wp-content\/uploads\/sites\/23\/2019\/11\/2016-05-30-15.15.12.jpg\" \/>\n\t<meta property=\"og:image:width\" content=\"960\" \/>\n\t<meta property=\"og:image:height\" content=\"720\" \/>\n\t<meta property=\"og:image:type\" content=\"image\/jpeg\" \/>\n<meta name=\"author\" content=\"Ana Municio\" \/>\n<meta name=\"twitter:card\" content=\"summary_large_image\" \/>\n<meta name=\"twitter:label1\" content=\"Escrito por\" \/>\n\t<meta name=\"twitter:data1\" content=\"Ana Municio\" \/>\n\t<meta name=\"twitter:label2\" content=\"Tiempo de lectura\" \/>\n\t<meta name=\"twitter:data2\" content=\"4 minutos\" \/>\n<script type=\"application\/ld+json\" class=\"yoast-schema-graph\">{\"@context\":\"https:\\\/\\\/schema.org\",\"@graph\":[{\"@type\":\"Article\",\"@id\":\"https:\\\/\\\/eldiariodelaeducacion.com\\\/espiral\\\/2019\\\/11\\\/02\\\/una-nueva-cultura-de-evalaucion\\\/#article\",\"isPartOf\":{\"@id\":\"https:\\\/\\\/eldiariodelaeducacion.com\\\/espiral\\\/2019\\\/11\\\/02\\\/una-nueva-cultura-de-evalaucion\\\/\"},\"author\":{\"name\":\"Ana Municio\",\"@id\":\"https:\\\/\\\/eldiariodelaeducacion.com\\\/espiral\\\/#\\\/schema\\\/person\\\/3fab4d5309ebcf541daf1a42ae753a26\"},\"headline\":\"Una nueva cultura de evaluaci\u00f3n\",\"datePublished\":\"2019-11-01T23:00:09+00:00\",\"dateModified\":\"2024-08-21T15:34:24+00:00\",\"mainEntityOfPage\":{\"@id\":\"https:\\\/\\\/eldiariodelaeducacion.com\\\/espiral\\\/2019\\\/11\\\/02\\\/una-nueva-cultura-de-evalaucion\\\/\"},\"wordCount\":881,\"commentCount\":1,\"image\":{\"@id\":\"https:\\\/\\\/eldiariodelaeducacion.com\\\/espiral\\\/2019\\\/11\\\/02\\\/una-nueva-cultura-de-evalaucion\\\/#primaryimage\"},\"thumbnailUrl\":\"https:\\\/\\\/eldiariodelaeducacion.com\\\/espiral\\\/wp-content\\\/uploads\\\/sites\\\/23\\\/2019\\\/11\\\/2016-05-30-15.15.12.jpg\",\"articleSection\":[\"#Espiral\"],\"inLanguage\":\"es\",\"potentialAction\":[{\"@type\":\"CommentAction\",\"name\":\"Comment\",\"target\":[\"https:\\\/\\\/eldiariodelaeducacion.com\\\/espiral\\\/2019\\\/11\\\/02\\\/una-nueva-cultura-de-evalaucion\\\/#respond\"]}]},{\"@type\":\"WebPage\",\"@id\":\"https:\\\/\\\/eldiariodelaeducacion.com\\\/espiral\\\/2019\\\/11\\\/02\\\/una-nueva-cultura-de-evalaucion\\\/\",\"url\":\"https:\\\/\\\/eldiariodelaeducacion.com\\\/espiral\\\/2019\\\/11\\\/02\\\/una-nueva-cultura-de-evalaucion\\\/\",\"name\":\"Una nueva cultura de evaluaci\u00f3n - Espiral, educaci\u00f3n y tecnolog\u00eda\",\"isPartOf\":{\"@id\":\"https:\\\/\\\/eldiariodelaeducacion.com\\\/espiral\\\/#website\"},\"primaryImageOfPage\":{\"@id\":\"https:\\\/\\\/eldiariodelaeducacion.com\\\/espiral\\\/2019\\\/11\\\/02\\\/una-nueva-cultura-de-evalaucion\\\/#primaryimage\"},\"image\":{\"@id\":\"https:\\\/\\\/eldiariodelaeducacion.com\\\/espiral\\\/2019\\\/11\\\/02\\\/una-nueva-cultura-de-evalaucion\\\/#primaryimage\"},\"thumbnailUrl\":\"https:\\\/\\\/eldiariodelaeducacion.com\\\/espiral\\\/wp-content\\\/uploads\\\/sites\\\/23\\\/2019\\\/11\\\/2016-05-30-15.15.12.jpg\",\"datePublished\":\"2019-11-01T23:00:09+00:00\",\"dateModified\":\"2024-08-21T15:34:24+00:00\",\"author\":{\"@id\":\"https:\\\/\\\/eldiariodelaeducacion.com\\\/espiral\\\/#\\\/schema\\\/person\\\/3fab4d5309ebcf541daf1a42ae753a26\"},\"breadcrumb\":{\"@id\":\"https:\\\/\\\/eldiariodelaeducacion.com\\\/espiral\\\/2019\\\/11\\\/02\\\/una-nueva-cultura-de-evalaucion\\\/#breadcrumb\"},\"inLanguage\":\"es\",\"potentialAction\":[{\"@type\":\"ReadAction\",\"target\":[\"https:\\\/\\\/eldiariodelaeducacion.com\\\/espiral\\\/2019\\\/11\\\/02\\\/una-nueva-cultura-de-evalaucion\\\/\"]}]},{\"@type\":\"ImageObject\",\"inLanguage\":\"es\",\"@id\":\"https:\\\/\\\/eldiariodelaeducacion.com\\\/espiral\\\/2019\\\/11\\\/02\\\/una-nueva-cultura-de-evalaucion\\\/#primaryimage\",\"url\":\"https:\\\/\\\/eldiariodelaeducacion.com\\\/espiral\\\/wp-content\\\/uploads\\\/sites\\\/23\\\/2019\\\/11\\\/2016-05-30-15.15.12.jpg\",\"contentUrl\":\"https:\\\/\\\/eldiariodelaeducacion.com\\\/espiral\\\/wp-content\\\/uploads\\\/sites\\\/23\\\/2019\\\/11\\\/2016-05-30-15.15.12.jpg\",\"width\":960,\"height\":720},{\"@type\":\"BreadcrumbList\",\"@id\":\"https:\\\/\\\/eldiariodelaeducacion.com\\\/espiral\\\/2019\\\/11\\\/02\\\/una-nueva-cultura-de-evalaucion\\\/#breadcrumb\",\"itemListElement\":[{\"@type\":\"ListItem\",\"position\":1,\"name\":\"Portada\",\"item\":\"https:\\\/\\\/eldiariodelaeducacion.com\\\/espiral\\\/\"},{\"@type\":\"ListItem\",\"position\":2,\"name\":\"Una nueva cultura de evaluaci\u00f3n\"}]},{\"@type\":\"WebSite\",\"@id\":\"https:\\\/\\\/eldiariodelaeducacion.com\\\/espiral\\\/#website\",\"url\":\"https:\\\/\\\/eldiariodelaeducacion.com\\\/espiral\\\/\",\"name\":\"Espiral, educaci\u00f3n y tecnolog\u00eda\",\"description\":\"Un blog de El Diario de la Educaci\u00f3n\",\"potentialAction\":[{\"@type\":\"SearchAction\",\"target\":{\"@type\":\"EntryPoint\",\"urlTemplate\":\"https:\\\/\\\/eldiariodelaeducacion.com\\\/espiral\\\/?s={search_term_string}\"},\"query-input\":{\"@type\":\"PropertyValueSpecification\",\"valueRequired\":true,\"valueName\":\"search_term_string\"}}],\"inLanguage\":\"es\"},{\"@type\":\"Person\",\"@id\":\"https:\\\/\\\/eldiariodelaeducacion.com\\\/espiral\\\/#\\\/schema\\\/person\\\/3fab4d5309ebcf541daf1a42ae753a26\",\"name\":\"Ana Municio\",\"image\":{\"@type\":\"ImageObject\",\"inLanguage\":\"es\",\"@id\":\"https:\\\/\\\/secure.gravatar.com\\\/avatar\\\/8e810d9ca378ff10e3620b1a5e3781e8a07f11ae5677cfda6ff8ca14d247f9b8?s=96&d=mm&r=g\",\"url\":\"https:\\\/\\\/secure.gravatar.com\\\/avatar\\\/8e810d9ca378ff10e3620b1a5e3781e8a07f11ae5677cfda6ff8ca14d247f9b8?s=96&d=mm&r=g\",\"contentUrl\":\"https:\\\/\\\/secure.gravatar.com\\\/avatar\\\/8e810d9ca378ff10e3620b1a5e3781e8a07f11ae5677cfda6ff8ca14d247f9b8?s=96&d=mm&r=g\",\"caption\":\"Ana Municio\"},\"description\":\"Maestra de infantil y primaria, psicopedagoga, trabaja como Directora de Innovaci\u00f3n Educativa en Escuela21\",\"url\":\"https:\\\/\\\/eldiariodelaeducacion.com\\\/espiral\\\/author\\\/anamunicio\\\/\"}]}<\/script>\n<!-- \/ Yoast SEO plugin. -->","yoast_head_json":{"title":"Una nueva cultura de evaluaci\u00f3n - Espiral, educaci\u00f3n y tecnolog\u00eda","robots":{"index":"index","follow":"follow","max-snippet":"max-snippet:-1","max-image-preview":"max-image-preview:large","max-video-preview":"max-video-preview:-1"},"canonical":"https:\/\/eldiariodelaeducacion.com\/espiral\/2019\/11\/02\/una-nueva-cultura-de-evalaucion\/","og_locale":"es_ES","og_type":"article","og_title":"Una nueva cultura de evaluaci\u00f3n - Espiral, educaci\u00f3n y tecnolog\u00eda","og_description":"La evaluaci\u00f3n debe ser gratificante y por tanto, vivida por el alumno como un aspecto positivo y necesario para desarrollarse. El error, por lo tanto, se percibe como una forma\u00a0natural de aprender y que se encamina a la mejora. (Sanmart\u00ed, 2007) Cuando escuchamos la palabra evaluar, nos vienen a la cabeza palabras que relacionamos cotidianamente","og_url":"https:\/\/eldiariodelaeducacion.com\/espiral\/2019\/11\/02\/una-nueva-cultura-de-evalaucion\/","og_site_name":"Espiral, educaci\u00f3n y tecnolog\u00eda","article_published_time":"2019-11-01T23:00:09+00:00","article_modified_time":"2024-08-21T15:34:24+00:00","og_image":[{"width":960,"height":720,"url":"https:\/\/eldiariodelaeducacion.com\/espiral\/wp-content\/uploads\/sites\/23\/2019\/11\/2016-05-30-15.15.12.jpg","type":"image\/jpeg"}],"author":"Ana Municio","twitter_card":"summary_large_image","twitter_misc":{"Escrito por":"Ana Municio","Tiempo de lectura":"4 minutos"},"schema":{"@context":"https:\/\/schema.org","@graph":[{"@type":"Article","@id":"https:\/\/eldiariodelaeducacion.com\/espiral\/2019\/11\/02\/una-nueva-cultura-de-evalaucion\/#article","isPartOf":{"@id":"https:\/\/eldiariodelaeducacion.com\/espiral\/2019\/11\/02\/una-nueva-cultura-de-evalaucion\/"},"author":{"name":"Ana Municio","@id":"https:\/\/eldiariodelaeducacion.com\/espiral\/#\/schema\/person\/3fab4d5309ebcf541daf1a42ae753a26"},"headline":"Una nueva cultura de evaluaci\u00f3n","datePublished":"2019-11-01T23:00:09+00:00","dateModified":"2024-08-21T15:34:24+00:00","mainEntityOfPage":{"@id":"https:\/\/eldiariodelaeducacion.com\/espiral\/2019\/11\/02\/una-nueva-cultura-de-evalaucion\/"},"wordCount":881,"commentCount":1,"image":{"@id":"https:\/\/eldiariodelaeducacion.com\/espiral\/2019\/11\/02\/una-nueva-cultura-de-evalaucion\/#primaryimage"},"thumbnailUrl":"https:\/\/eldiariodelaeducacion.com\/espiral\/wp-content\/uploads\/sites\/23\/2019\/11\/2016-05-30-15.15.12.jpg","articleSection":["#Espiral"],"inLanguage":"es","potentialAction":[{"@type":"CommentAction","name":"Comment","target":["https:\/\/eldiariodelaeducacion.com\/espiral\/2019\/11\/02\/una-nueva-cultura-de-evalaucion\/#respond"]}]},{"@type":"WebPage","@id":"https:\/\/eldiariodelaeducacion.com\/espiral\/2019\/11\/02\/una-nueva-cultura-de-evalaucion\/","url":"https:\/\/eldiariodelaeducacion.com\/espiral\/2019\/11\/02\/una-nueva-cultura-de-evalaucion\/","name":"Una nueva cultura de evaluaci\u00f3n - Espiral, educaci\u00f3n y tecnolog\u00eda","isPartOf":{"@id":"https:\/\/eldiariodelaeducacion.com\/espiral\/#website"},"primaryImageOfPage":{"@id":"https:\/\/eldiariodelaeducacion.com\/espiral\/2019\/11\/02\/una-nueva-cultura-de-evalaucion\/#primaryimage"},"image":{"@id":"https:\/\/eldiariodelaeducacion.com\/espiral\/2019\/11\/02\/una-nueva-cultura-de-evalaucion\/#primaryimage"},"thumbnailUrl":"https:\/\/eldiariodelaeducacion.com\/espiral\/wp-content\/uploads\/sites\/23\/2019\/11\/2016-05-30-15.15.12.jpg","datePublished":"2019-11-01T23:00:09+00:00","dateModified":"2024-08-21T15:34:24+00:00","author":{"@id":"https:\/\/eldiariodelaeducacion.com\/espiral\/#\/schema\/person\/3fab4d5309ebcf541daf1a42ae753a26"},"breadcrumb":{"@id":"https:\/\/eldiariodelaeducacion.com\/espiral\/2019\/11\/02\/una-nueva-cultura-de-evalaucion\/#breadcrumb"},"inLanguage":"es","potentialAction":[{"@type":"ReadAction","target":["https:\/\/eldiariodelaeducacion.com\/espiral\/2019\/11\/02\/una-nueva-cultura-de-evalaucion\/"]}]},{"@type":"ImageObject","inLanguage":"es","@id":"https:\/\/eldiariodelaeducacion.com\/espiral\/2019\/11\/02\/una-nueva-cultura-de-evalaucion\/#primaryimage","url":"https:\/\/eldiariodelaeducacion.com\/espiral\/wp-content\/uploads\/sites\/23\/2019\/11\/2016-05-30-15.15.12.jpg","contentUrl":"https:\/\/eldiariodelaeducacion.com\/espiral\/wp-content\/uploads\/sites\/23\/2019\/11\/2016-05-30-15.15.12.jpg","width":960,"height":720},{"@type":"BreadcrumbList","@id":"https:\/\/eldiariodelaeducacion.com\/espiral\/2019\/11\/02\/una-nueva-cultura-de-evalaucion\/#breadcrumb","itemListElement":[{"@type":"ListItem","position":1,"name":"Portada","item":"https:\/\/eldiariodelaeducacion.com\/espiral\/"},{"@type":"ListItem","position":2,"name":"Una nueva cultura de evaluaci\u00f3n"}]},{"@type":"WebSite","@id":"https:\/\/eldiariodelaeducacion.com\/espiral\/#website","url":"https:\/\/eldiariodelaeducacion.com\/espiral\/","name":"Espiral, educaci\u00f3n y tecnolog\u00eda","description":"Un blog de El Diario de la Educaci\u00f3n","potentialAction":[{"@type":"SearchAction","target":{"@type":"EntryPoint","urlTemplate":"https:\/\/eldiariodelaeducacion.com\/espiral\/?s={search_term_string}"},"query-input":{"@type":"PropertyValueSpecification","valueRequired":true,"valueName":"search_term_string"}}],"inLanguage":"es"},{"@type":"Person","@id":"https:\/\/eldiariodelaeducacion.com\/espiral\/#\/schema\/person\/3fab4d5309ebcf541daf1a42ae753a26","name":"Ana Municio","image":{"@type":"ImageObject","inLanguage":"es","@id":"https:\/\/secure.gravatar.com\/avatar\/8e810d9ca378ff10e3620b1a5e3781e8a07f11ae5677cfda6ff8ca14d247f9b8?s=96&d=mm&r=g","url":"https:\/\/secure.gravatar.com\/avatar\/8e810d9ca378ff10e3620b1a5e3781e8a07f11ae5677cfda6ff8ca14d247f9b8?s=96&d=mm&r=g","contentUrl":"https:\/\/secure.gravatar.com\/avatar\/8e810d9ca378ff10e3620b1a5e3781e8a07f11ae5677cfda6ff8ca14d247f9b8?s=96&d=mm&r=g","caption":"Ana Municio"},"description":"Maestra de infantil y primaria, psicopedagoga, trabaja como Directora de Innovaci\u00f3n Educativa en Escuela21","url":"https:\/\/eldiariodelaeducacion.com\/espiral\/author\/anamunicio\/"}]}},"_links":{"self":[{"href":"https:\/\/eldiariodelaeducacion.com\/espiral\/wp-json\/wp\/v2\/posts\/87","targetHints":{"allow":["GET"]}}],"collection":[{"href":"https:\/\/eldiariodelaeducacion.com\/espiral\/wp-json\/wp\/v2\/posts"}],"about":[{"href":"https:\/\/eldiariodelaeducacion.com\/espiral\/wp-json\/wp\/v2\/types\/post"}],"author":[{"embeddable":true,"href":"https:\/\/eldiariodelaeducacion.com\/espiral\/wp-json\/wp\/v2\/users\/173"}],"replies":[{"embeddable":true,"href":"https:\/\/eldiariodelaeducacion.com\/espiral\/wp-json\/wp\/v2\/comments?post=87"}],"version-history":[{"count":1,"href":"https:\/\/eldiariodelaeducacion.com\/espiral\/wp-json\/wp\/v2\/posts\/87\/revisions"}],"predecessor-version":[{"id":523,"href":"https:\/\/eldiariodelaeducacion.com\/espiral\/wp-json\/wp\/v2\/posts\/87\/revisions\/523"}],"wp:featuredmedia":[{"embeddable":true,"href":"https:\/\/eldiariodelaeducacion.com\/espiral\/wp-json\/wp\/v2\/media\/85"}],"wp:attachment":[{"href":"https:\/\/eldiariodelaeducacion.com\/espiral\/wp-json\/wp\/v2\/media?parent=87"}],"wp:term":[{"taxonomy":"category","embeddable":true,"href":"https:\/\/eldiariodelaeducacion.com\/espiral\/wp-json\/wp\/v2\/categories?post=87"},{"taxonomy":"post_tag","embeddable":true,"href":"https:\/\/eldiariodelaeducacion.com\/espiral\/wp-json\/wp\/v2\/tags?post=87"},{"taxonomy":"tipo","embeddable":true,"href":"https:\/\/eldiariodelaeducacion.com\/espiral\/wp-json\/wp\/v2\/tipo?post=87"}],"curies":[{"name":"wp","href":"https:\/\/api.w.org\/{rel}","templated":true}]}}