{"id":1059,"date":"2024-09-25T06:00:59","date_gmt":"2024-09-25T05:00:59","guid":{"rendered":"https:\/\/eldiariodelaeducacion.com\/extraeducacion\/?p=833"},"modified":"2024-12-11T11:29:22","modified_gmt":"2024-12-11T10:29:22","slug":"adolescencia-y-comedor-escolar","status":"publish","type":"post","link":"https:\/\/eldiariodelaeducacion.com\/extraeducacion\/2024\/09\/25\/adolescencia-y-comedor-escolar\/","title":{"rendered":"Adolescencia y comedor escolar"},"content":{"rendered":"<p>Un nuevo curso escolar trae siempre de la mano nuevos retos; y aunque en el imaginario colectivo se antojen acad\u00e9micos y log\u00edsticos: mayor esfuerzo en el estudio, tiempo extra para aprender lecciones, asignaturas quiz\u00e1 m\u00e1s complicadas, traslados del aula a extraescolares\u2026 lo cierto es que los desaf\u00edos para gran parte de las familias van m\u00e1s all\u00e1. El gasto que supone para los hogares m\u00e1s vulnerables la vuelta al cole trae muchos quebraderos de cabeza. Mucha impotencia.<\/p>\n<p>Sabemos que el regreso a las aulas no es igual para todos y todas; que mientras unos aterrizan tras un verano de experiencias, viajes y ocio; otros lo hacen cargando una pesada mochila que acumula el no haber podido disfrutar de vacaciones, m\u00e1s la carga emocional adicional que supone para las familias afrontar los gastos asociados a educaci\u00f3n, como es el material escolar y, muy especialmente, el comedor.<\/p>\n<p>El curso ha comenzado sin que toda la infancia vulnerable tenga garantizado el uso y disfrute del comedor escolar. Las ayudas para este espacio tan solo llegan al 13,14 % de la infancia vulnerable, cuando la pobreza y el riesgo de exclusi\u00f3n social alcanza al 34,5 % de la infancia y adolescencia. M\u00e1s de un mill\u00f3n de ni\u00f1os y ni\u00f1as no cuentan con beca este a\u00f1o y deber\u00e1n encontrar una opci\u00f3n alimentaria fuera del aula. No es tarea f\u00e1cil.<\/p>\n<p>La alternativa no es sencilla porque muchas de las familias que no consiguen beca cuentan con pocas opciones en casa. Un mill\u00f3n doscientas mil familias tienen dificultades o muchas dificultades para llegar a fin de mes. Sabemos que sus neveras no siempre contienen los nutrientes adecuados que necesita cualquier ni\u00f1o y ni\u00f1a para crecer fuerte y sano. De hecho, m\u00e1s de medio mill\u00f3n de ni\u00f1os, ni\u00f1as y adolescentes no pueden permitirse comer carne, pollo o pescado -o su equivalente proteico- cada dos d\u00edas. Son cifras estremecedoras, m\u00e1s a\u00fan conociendo que las administraciones no aseguran poder paliar esta carencia con el uso del comedor escolar.<\/p>\n<p>Si el ni\u00f1o o ni\u00f1a ha dejado atr\u00e1s primaria y ha empezado a estudiar ESO, todo se complica. Aunque tratasen de hacer grandes esfuerzos econ\u00f3micos para asegurar una plaza en el comedor del colegio, no podr\u00edan. Apenas el 16,7 % de los centros educativos de ESO cuentan con comedor escolar, lo que se traduce en una baj\u00edsima asistencia, que no llega ni al 3 %.<\/p>\n<p>En Educo nos preocupa especialmente esta carencia porque la adolescencia es un periodo cr\u00edtico marcado por importantes cambios no solo a nivel f\u00edsico, sino tambi\u00e9n emocional y psicol\u00f3gico. Se debe cuidar especialmente la alimentaci\u00f3n pues los requerimientos cal\u00f3ricos son superiores a cualquier otra edad; la energ\u00eda para hacer frente a los cambios aumenta y es importante continuar fijando buenos h\u00e1bitos alimentarios.<\/p>\n<p>La ausencia de opciones de comedor escolar que sufre la adolescencia puede incidir directamente en su salud. Es f\u00e1cil, y sucede en muchas ocasiones porque lo hemos comprobado con muchas familias, que los chicos lleguen a casa y est\u00e9n totalmente solos. Normalmente los progenitores trabajan y es frecuente que les dejen tuppers preparados, o que se d\u00e9 la opci\u00f3n de que ellos se preparen algo r\u00e1pido. La ausencia de una persona adulta de confianza en el hogar durante este tiempo puede afectar e incidir directamente en que el men\u00fa no sea lo m\u00e1s nutritivo y saludable que debiera. Tambi\u00e9n, no podemos obviarlo, en que se haga mayor uso -o abuso- de las pantallas.<\/p>\n<p>El comedor escolar garantiza una alimentaci\u00f3n saludable adaptada a sus necesidades, pero adem\u00e1s les proporciona otros beneficios ya que el espacio de mediod\u00eda es un lugar para la educaci\u00f3n, la protecci\u00f3n y la formaci\u00f3n de valores, la socializaci\u00f3n y el ocio, claves en el derecho a la educaci\u00f3n. Adem\u00e1s, sabemos que son muchos los y las adolescentes que echan de menos ese tiempo de ocio con sus pares para desarrollar habilidades comunicacionales y seguir tejiendo relaciones.<\/p>\n<p>Muchas veces se achaca la falta de este espacio a la jornada intensiva de los institutos, entendiendo que, una vez acabado el periodo lectivo, lo l\u00f3gico es que el centro cierre hasta el d\u00eda siguiente. Nosotros defendemos que el comedor escolar debe estar dentro del proyecto educativo de cualquier centro porque forma parte del derecho a la educaci\u00f3n, de todos: ni\u00f1os y ni\u00f1as, pero tambi\u00e9n adolescentes. Esto deber\u00eda ser as\u00ed independientemente del tipo de jornada.<\/p>\n<p>Por tanto, si queremos asegurar el derecho a la educaci\u00f3n no podemos olvidarnos de los comedores. La capacidad de rendimiento depende en gran parte del acceso a una correcta alimentaci\u00f3n. La inversi\u00f3n en educaci\u00f3n debe incluir los elementos necesarios que garanticen la equidad que permita la compensaci\u00f3n de las desigualdades de origen -mismas opciones independientemente de lo llena que se encuentre la nevera en sus hogares-. Que la adolescencia pueda tener la opci\u00f3n de beneficiarse del comedor escolar debe ser prioritario.<\/p>\n","protected":false},"excerpt":{"rendered":"<p>Un nuevo curso escolar trae siempre de la mano nuevos retos; y aunque en el imaginario colectivo se antojen acad\u00e9micos y log\u00edsticos: mayor esfuerzo en el estudio, tiempo extra para aprender lecciones, asignaturas quiz\u00e1 m\u00e1s complicadas, traslados del aula a extraescolares\u2026 lo cierto es que los desaf\u00edos para gran parte de las familias van m\u00e1s<\/p>\n","protected":false},"author":164,"featured_media":1060,"comment_status":"open","ping_status":"open","sticky":false,"template":"","format":"standard","meta":{"footnotes":""},"categories":[2],"tags":[],"tipo":[],"class_list":{"0":"post-1059","1":"post","2":"type-post","3":"status-publish","4":"format-standard","5":"has-post-thumbnail","7":"category-extra-educacion"},"yoast_head":"<!-- This site is optimized with the Yoast SEO plugin v27.5 - https:\/\/yoast.com\/product\/yoast-seo-wordpress\/ -->\n<title>Adolescencia y comedor escolar - Extra Educaci\u00f3n<\/title>\n<meta name=\"robots\" content=\"index, follow, max-snippet:-1, max-image-preview:large, max-video-preview:-1\" \/>\n<link rel=\"canonical\" href=\"https:\/\/eldiariodelaeducacion.com\/extraeducacion\/2024\/09\/25\/adolescencia-y-comedor-escolar\/\" \/>\n<meta property=\"og:locale\" content=\"es_ES\" \/>\n<meta property=\"og:type\" content=\"article\" \/>\n<meta property=\"og:title\" content=\"Adolescencia y comedor escolar - Extra Educaci\u00f3n\" \/>\n<meta property=\"og:description\" content=\"Un nuevo curso escolar trae siempre de la mano nuevos retos; y aunque en el imaginario colectivo se antojen acad\u00e9micos y log\u00edsticos: mayor esfuerzo en el estudio, tiempo extra para aprender lecciones, asignaturas quiz\u00e1 m\u00e1s complicadas, traslados del aula a extraescolares\u2026 lo cierto es que los desaf\u00edos para gran parte de las familias van m\u00e1s\" \/>\n<meta property=\"og:url\" content=\"https:\/\/eldiariodelaeducacion.com\/extraeducacion\/2024\/09\/25\/adolescencia-y-comedor-escolar\/\" \/>\n<meta property=\"og:site_name\" content=\"Extra Educaci\u00f3n\" \/>\n<meta property=\"article:published_time\" content=\"2024-09-25T05:00:59+00:00\" \/>\n<meta property=\"article:modified_time\" content=\"2024-12-11T10:29:22+00:00\" \/>\n<meta property=\"og:image\" content=\"https:\/\/eldiariodelaeducacion.com\/extraeducacion\/wp-content\/uploads\/sites\/5\/2024\/09\/GettyImages-21703446941.jpg\" \/>\n\t<meta property=\"og:image:width\" content=\"1024\" \/>\n\t<meta property=\"og:image:height\" content=\"683\" \/>\n\t<meta property=\"og:image:type\" content=\"image\/jpeg\" \/>\n<meta name=\"author\" content=\"Pilar Orenes\" \/>\n<meta name=\"twitter:card\" content=\"summary_large_image\" \/>\n<meta name=\"twitter:label1\" content=\"Escrito por\" \/>\n\t<meta name=\"twitter:data1\" content=\"Pilar Orenes\" \/>\n\t<meta name=\"twitter:label2\" content=\"Tiempo de lectura\" \/>\n\t<meta name=\"twitter:data2\" content=\"4 minutos\" \/>\n<script type=\"application\/ld+json\" class=\"yoast-schema-graph\">{\"@context\":\"https:\\\/\\\/schema.org\",\"@graph\":[{\"@type\":\"Article\",\"@id\":\"https:\\\/\\\/eldiariodelaeducacion.com\\\/extraeducacion\\\/2024\\\/09\\\/25\\\/adolescencia-y-comedor-escolar\\\/#article\",\"isPartOf\":{\"@id\":\"https:\\\/\\\/eldiariodelaeducacion.com\\\/extraeducacion\\\/2024\\\/09\\\/25\\\/adolescencia-y-comedor-escolar\\\/\"},\"author\":{\"name\":\"Pilar Orenes\",\"@id\":\"https:\\\/\\\/eldiariodelaeducacion.com\\\/extraeducacion\\\/#\\\/schema\\\/person\\\/df83ceca9962a51df45ce64c251da031\"},\"headline\":\"Adolescencia y comedor escolar\",\"datePublished\":\"2024-09-25T05:00:59+00:00\",\"dateModified\":\"2024-12-11T10:29:22+00:00\",\"mainEntityOfPage\":{\"@id\":\"https:\\\/\\\/eldiariodelaeducacion.com\\\/extraeducacion\\\/2024\\\/09\\\/25\\\/adolescencia-y-comedor-escolar\\\/\"},\"wordCount\":863,\"commentCount\":0,\"image\":{\"@id\":\"https:\\\/\\\/eldiariodelaeducacion.com\\\/extraeducacion\\\/2024\\\/09\\\/25\\\/adolescencia-y-comedor-escolar\\\/#primaryimage\"},\"thumbnailUrl\":\"https:\\\/\\\/eldiariodelaeducacion.com\\\/extraeducacion\\\/wp-content\\\/uploads\\\/sites\\\/5\\\/2024\\\/09\\\/GettyImages-21703446941.jpg\",\"articleSection\":[\"Extra educaci\u00f3n\"],\"inLanguage\":\"es\",\"potentialAction\":[{\"@type\":\"CommentAction\",\"name\":\"Comment\",\"target\":[\"https:\\\/\\\/eldiariodelaeducacion.com\\\/extraeducacion\\\/2024\\\/09\\\/25\\\/adolescencia-y-comedor-escolar\\\/#respond\"]}]},{\"@type\":\"WebPage\",\"@id\":\"https:\\\/\\\/eldiariodelaeducacion.com\\\/extraeducacion\\\/2024\\\/09\\\/25\\\/adolescencia-y-comedor-escolar\\\/\",\"url\":\"https:\\\/\\\/eldiariodelaeducacion.com\\\/extraeducacion\\\/2024\\\/09\\\/25\\\/adolescencia-y-comedor-escolar\\\/\",\"name\":\"Adolescencia y comedor escolar - Extra Educaci\u00f3n\",\"isPartOf\":{\"@id\":\"https:\\\/\\\/eldiariodelaeducacion.com\\\/extraeducacion\\\/#website\"},\"primaryImageOfPage\":{\"@id\":\"https:\\\/\\\/eldiariodelaeducacion.com\\\/extraeducacion\\\/2024\\\/09\\\/25\\\/adolescencia-y-comedor-escolar\\\/#primaryimage\"},\"image\":{\"@id\":\"https:\\\/\\\/eldiariodelaeducacion.com\\\/extraeducacion\\\/2024\\\/09\\\/25\\\/adolescencia-y-comedor-escolar\\\/#primaryimage\"},\"thumbnailUrl\":\"https:\\\/\\\/eldiariodelaeducacion.com\\\/extraeducacion\\\/wp-content\\\/uploads\\\/sites\\\/5\\\/2024\\\/09\\\/GettyImages-21703446941.jpg\",\"datePublished\":\"2024-09-25T05:00:59+00:00\",\"dateModified\":\"2024-12-11T10:29:22+00:00\",\"author\":{\"@id\":\"https:\\\/\\\/eldiariodelaeducacion.com\\\/extraeducacion\\\/#\\\/schema\\\/person\\\/df83ceca9962a51df45ce64c251da031\"},\"breadcrumb\":{\"@id\":\"https:\\\/\\\/eldiariodelaeducacion.com\\\/extraeducacion\\\/2024\\\/09\\\/25\\\/adolescencia-y-comedor-escolar\\\/#breadcrumb\"},\"inLanguage\":\"es\",\"potentialAction\":[{\"@type\":\"ReadAction\",\"target\":[\"https:\\\/\\\/eldiariodelaeducacion.com\\\/extraeducacion\\\/2024\\\/09\\\/25\\\/adolescencia-y-comedor-escolar\\\/\"]}]},{\"@type\":\"ImageObject\",\"inLanguage\":\"es\",\"@id\":\"https:\\\/\\\/eldiariodelaeducacion.com\\\/extraeducacion\\\/2024\\\/09\\\/25\\\/adolescencia-y-comedor-escolar\\\/#primaryimage\",\"url\":\"https:\\\/\\\/eldiariodelaeducacion.com\\\/extraeducacion\\\/wp-content\\\/uploads\\\/sites\\\/5\\\/2024\\\/09\\\/GettyImages-21703446941.jpg\",\"contentUrl\":\"https:\\\/\\\/eldiariodelaeducacion.com\\\/extraeducacion\\\/wp-content\\\/uploads\\\/sites\\\/5\\\/2024\\\/09\\\/GettyImages-21703446941.jpg\",\"width\":1024,\"height\":683,\"caption\":\"GettyImages\"},{\"@type\":\"BreadcrumbList\",\"@id\":\"https:\\\/\\\/eldiariodelaeducacion.com\\\/extraeducacion\\\/2024\\\/09\\\/25\\\/adolescencia-y-comedor-escolar\\\/#breadcrumb\",\"itemListElement\":[{\"@type\":\"ListItem\",\"position\":1,\"name\":\"Portada\",\"item\":\"https:\\\/\\\/eldiariodelaeducacion.com\\\/extraeducacion\\\/\"},{\"@type\":\"ListItem\",\"position\":2,\"name\":\"Adolescencia y comedor escolar\"}]},{\"@type\":\"WebSite\",\"@id\":\"https:\\\/\\\/eldiariodelaeducacion.com\\\/extraeducacion\\\/#website\",\"url\":\"https:\\\/\\\/eldiariodelaeducacion.com\\\/extraeducacion\\\/\",\"name\":\"Extra Educaci\u00f3n\",\"description\":\"Un blog de El Diario de la Educaci\u00f3n\",\"potentialAction\":[{\"@type\":\"SearchAction\",\"target\":{\"@type\":\"EntryPoint\",\"urlTemplate\":\"https:\\\/\\\/eldiariodelaeducacion.com\\\/extraeducacion\\\/?s={search_term_string}\"},\"query-input\":{\"@type\":\"PropertyValueSpecification\",\"valueRequired\":true,\"valueName\":\"search_term_string\"}}],\"inLanguage\":\"es\"},{\"@type\":\"Person\",\"@id\":\"https:\\\/\\\/eldiariodelaeducacion.com\\\/extraeducacion\\\/#\\\/schema\\\/person\\\/df83ceca9962a51df45ce64c251da031\",\"name\":\"Pilar Orenes\",\"image\":{\"@type\":\"ImageObject\",\"inLanguage\":\"es\",\"@id\":\"https:\\\/\\\/secure.gravatar.com\\\/avatar\\\/fffdb638bd35a89d936182a58ae4810577943083fd0e838c02cfd1e47b5b023a?s=96&d=mm&r=g\",\"url\":\"https:\\\/\\\/secure.gravatar.com\\\/avatar\\\/fffdb638bd35a89d936182a58ae4810577943083fd0e838c02cfd1e47b5b023a?s=96&d=mm&r=g\",\"contentUrl\":\"https:\\\/\\\/secure.gravatar.com\\\/avatar\\\/fffdb638bd35a89d936182a58ae4810577943083fd0e838c02cfd1e47b5b023a?s=96&d=mm&r=g\",\"caption\":\"Pilar Orenes\"},\"url\":\"https:\\\/\\\/eldiariodelaeducacion.com\\\/extraeducacion\\\/author\\\/pilarorenes\\\/\"}]}<\/script>\n<!-- \/ Yoast SEO plugin. -->","yoast_head_json":{"title":"Adolescencia y comedor escolar - Extra Educaci\u00f3n","robots":{"index":"index","follow":"follow","max-snippet":"max-snippet:-1","max-image-preview":"max-image-preview:large","max-video-preview":"max-video-preview:-1"},"canonical":"https:\/\/eldiariodelaeducacion.com\/extraeducacion\/2024\/09\/25\/adolescencia-y-comedor-escolar\/","og_locale":"es_ES","og_type":"article","og_title":"Adolescencia y comedor escolar - Extra Educaci\u00f3n","og_description":"Un nuevo curso escolar trae siempre de la mano nuevos retos; y aunque en el imaginario colectivo se antojen acad\u00e9micos y log\u00edsticos: mayor esfuerzo en el estudio, tiempo extra para aprender lecciones, asignaturas quiz\u00e1 m\u00e1s complicadas, traslados del aula a extraescolares\u2026 lo cierto es que los desaf\u00edos para gran parte de las familias van m\u00e1s","og_url":"https:\/\/eldiariodelaeducacion.com\/extraeducacion\/2024\/09\/25\/adolescencia-y-comedor-escolar\/","og_site_name":"Extra Educaci\u00f3n","article_published_time":"2024-09-25T05:00:59+00:00","article_modified_time":"2024-12-11T10:29:22+00:00","og_image":[{"width":1024,"height":683,"url":"https:\/\/eldiariodelaeducacion.com\/extraeducacion\/wp-content\/uploads\/sites\/5\/2024\/09\/GettyImages-21703446941.jpg","type":"image\/jpeg"}],"author":"Pilar Orenes","twitter_card":"summary_large_image","twitter_misc":{"Escrito por":"Pilar Orenes","Tiempo de lectura":"4 minutos"},"schema":{"@context":"https:\/\/schema.org","@graph":[{"@type":"Article","@id":"https:\/\/eldiariodelaeducacion.com\/extraeducacion\/2024\/09\/25\/adolescencia-y-comedor-escolar\/#article","isPartOf":{"@id":"https:\/\/eldiariodelaeducacion.com\/extraeducacion\/2024\/09\/25\/adolescencia-y-comedor-escolar\/"},"author":{"name":"Pilar Orenes","@id":"https:\/\/eldiariodelaeducacion.com\/extraeducacion\/#\/schema\/person\/df83ceca9962a51df45ce64c251da031"},"headline":"Adolescencia y comedor escolar","datePublished":"2024-09-25T05:00:59+00:00","dateModified":"2024-12-11T10:29:22+00:00","mainEntityOfPage":{"@id":"https:\/\/eldiariodelaeducacion.com\/extraeducacion\/2024\/09\/25\/adolescencia-y-comedor-escolar\/"},"wordCount":863,"commentCount":0,"image":{"@id":"https:\/\/eldiariodelaeducacion.com\/extraeducacion\/2024\/09\/25\/adolescencia-y-comedor-escolar\/#primaryimage"},"thumbnailUrl":"https:\/\/eldiariodelaeducacion.com\/extraeducacion\/wp-content\/uploads\/sites\/5\/2024\/09\/GettyImages-21703446941.jpg","articleSection":["Extra educaci\u00f3n"],"inLanguage":"es","potentialAction":[{"@type":"CommentAction","name":"Comment","target":["https:\/\/eldiariodelaeducacion.com\/extraeducacion\/2024\/09\/25\/adolescencia-y-comedor-escolar\/#respond"]}]},{"@type":"WebPage","@id":"https:\/\/eldiariodelaeducacion.com\/extraeducacion\/2024\/09\/25\/adolescencia-y-comedor-escolar\/","url":"https:\/\/eldiariodelaeducacion.com\/extraeducacion\/2024\/09\/25\/adolescencia-y-comedor-escolar\/","name":"Adolescencia y comedor escolar - Extra Educaci\u00f3n","isPartOf":{"@id":"https:\/\/eldiariodelaeducacion.com\/extraeducacion\/#website"},"primaryImageOfPage":{"@id":"https:\/\/eldiariodelaeducacion.com\/extraeducacion\/2024\/09\/25\/adolescencia-y-comedor-escolar\/#primaryimage"},"image":{"@id":"https:\/\/eldiariodelaeducacion.com\/extraeducacion\/2024\/09\/25\/adolescencia-y-comedor-escolar\/#primaryimage"},"thumbnailUrl":"https:\/\/eldiariodelaeducacion.com\/extraeducacion\/wp-content\/uploads\/sites\/5\/2024\/09\/GettyImages-21703446941.jpg","datePublished":"2024-09-25T05:00:59+00:00","dateModified":"2024-12-11T10:29:22+00:00","author":{"@id":"https:\/\/eldiariodelaeducacion.com\/extraeducacion\/#\/schema\/person\/df83ceca9962a51df45ce64c251da031"},"breadcrumb":{"@id":"https:\/\/eldiariodelaeducacion.com\/extraeducacion\/2024\/09\/25\/adolescencia-y-comedor-escolar\/#breadcrumb"},"inLanguage":"es","potentialAction":[{"@type":"ReadAction","target":["https:\/\/eldiariodelaeducacion.com\/extraeducacion\/2024\/09\/25\/adolescencia-y-comedor-escolar\/"]}]},{"@type":"ImageObject","inLanguage":"es","@id":"https:\/\/eldiariodelaeducacion.com\/extraeducacion\/2024\/09\/25\/adolescencia-y-comedor-escolar\/#primaryimage","url":"https:\/\/eldiariodelaeducacion.com\/extraeducacion\/wp-content\/uploads\/sites\/5\/2024\/09\/GettyImages-21703446941.jpg","contentUrl":"https:\/\/eldiariodelaeducacion.com\/extraeducacion\/wp-content\/uploads\/sites\/5\/2024\/09\/GettyImages-21703446941.jpg","width":1024,"height":683,"caption":"GettyImages"},{"@type":"BreadcrumbList","@id":"https:\/\/eldiariodelaeducacion.com\/extraeducacion\/2024\/09\/25\/adolescencia-y-comedor-escolar\/#breadcrumb","itemListElement":[{"@type":"ListItem","position":1,"name":"Portada","item":"https:\/\/eldiariodelaeducacion.com\/extraeducacion\/"},{"@type":"ListItem","position":2,"name":"Adolescencia y comedor escolar"}]},{"@type":"WebSite","@id":"https:\/\/eldiariodelaeducacion.com\/extraeducacion\/#website","url":"https:\/\/eldiariodelaeducacion.com\/extraeducacion\/","name":"Extra Educaci\u00f3n","description":"Un blog de El Diario de la Educaci\u00f3n","potentialAction":[{"@type":"SearchAction","target":{"@type":"EntryPoint","urlTemplate":"https:\/\/eldiariodelaeducacion.com\/extraeducacion\/?s={search_term_string}"},"query-input":{"@type":"PropertyValueSpecification","valueRequired":true,"valueName":"search_term_string"}}],"inLanguage":"es"},{"@type":"Person","@id":"https:\/\/eldiariodelaeducacion.com\/extraeducacion\/#\/schema\/person\/df83ceca9962a51df45ce64c251da031","name":"Pilar Orenes","image":{"@type":"ImageObject","inLanguage":"es","@id":"https:\/\/secure.gravatar.com\/avatar\/fffdb638bd35a89d936182a58ae4810577943083fd0e838c02cfd1e47b5b023a?s=96&d=mm&r=g","url":"https:\/\/secure.gravatar.com\/avatar\/fffdb638bd35a89d936182a58ae4810577943083fd0e838c02cfd1e47b5b023a?s=96&d=mm&r=g","contentUrl":"https:\/\/secure.gravatar.com\/avatar\/fffdb638bd35a89d936182a58ae4810577943083fd0e838c02cfd1e47b5b023a?s=96&d=mm&r=g","caption":"Pilar Orenes"},"url":"https:\/\/eldiariodelaeducacion.com\/extraeducacion\/author\/pilarorenes\/"}]}},"_links":{"self":[{"href":"https:\/\/eldiariodelaeducacion.com\/extraeducacion\/wp-json\/wp\/v2\/posts\/1059","targetHints":{"allow":["GET"]}}],"collection":[{"href":"https:\/\/eldiariodelaeducacion.com\/extraeducacion\/wp-json\/wp\/v2\/posts"}],"about":[{"href":"https:\/\/eldiariodelaeducacion.com\/extraeducacion\/wp-json\/wp\/v2\/types\/post"}],"author":[{"embeddable":true,"href":"https:\/\/eldiariodelaeducacion.com\/extraeducacion\/wp-json\/wp\/v2\/users\/164"}],"replies":[{"embeddable":true,"href":"https:\/\/eldiariodelaeducacion.com\/extraeducacion\/wp-json\/wp\/v2\/comments?post=1059"}],"version-history":[{"count":1,"href":"https:\/\/eldiariodelaeducacion.com\/extraeducacion\/wp-json\/wp\/v2\/posts\/1059\/revisions"}],"predecessor-version":[{"id":1154,"href":"https:\/\/eldiariodelaeducacion.com\/extraeducacion\/wp-json\/wp\/v2\/posts\/1059\/revisions\/1154"}],"wp:featuredmedia":[{"embeddable":true,"href":"https:\/\/eldiariodelaeducacion.com\/extraeducacion\/wp-json\/wp\/v2\/media\/1060"}],"wp:attachment":[{"href":"https:\/\/eldiariodelaeducacion.com\/extraeducacion\/wp-json\/wp\/v2\/media?parent=1059"}],"wp:term":[{"taxonomy":"category","embeddable":true,"href":"https:\/\/eldiariodelaeducacion.com\/extraeducacion\/wp-json\/wp\/v2\/categories?post=1059"},{"taxonomy":"post_tag","embeddable":true,"href":"https:\/\/eldiariodelaeducacion.com\/extraeducacion\/wp-json\/wp\/v2\/tags?post=1059"},{"taxonomy":"tipo","embeddable":true,"href":"https:\/\/eldiariodelaeducacion.com\/extraeducacion\/wp-json\/wp\/v2\/tipo?post=1059"}],"curies":[{"name":"wp","href":"https:\/\/api.w.org\/{rel}","templated":true}]}}