{"id":1147,"date":"2024-12-12T06:00:00","date_gmt":"2024-12-12T05:00:00","guid":{"rendered":"https:\/\/eldiariodelaeducacion.com\/extraeducacion\/?p=1147"},"modified":"2024-12-11T11:27:57","modified_gmt":"2024-12-11T10:27:57","slug":"el-gran-dialogo-palabras-que-suman-y-sanan","status":"publish","type":"post","link":"https:\/\/eldiariodelaeducacion.com\/extraeducacion\/2024\/12\/12\/el-gran-dialogo-palabras-que-suman-y-sanan\/","title":{"rendered":"El gran di\u00e1logo: palabras que suman y sanan"},"content":{"rendered":"\n<h6 class=\"wp-block-heading\"><br><strong>El\u00a0<\/strong>Gabinete de Comunicaci\u00f3n y Educaci\u00f3n<strong>\u00a0de la\u00a0<\/strong>Universitat Aut\u00f2noma de Barcelona (UAB)<strong>\u00a0ha puesto en marcha \u201c<\/strong><a href=\"https:\/\/www.gabinetecomunicacionyeducacion.com\/es\/noticias\/el-gabinete-de-comunicacion-y-educacion-presenta-el-gran-dialogo-una-serie-de-14-micro\"><strong>El Gran Di\u00e1logo<\/strong><\/a><em><strong>\u201d<\/strong><\/em><strong>, una colecci\u00f3n de 14 encuentros virtuales destinados a promover el intercambio de ideas y la colaboraci\u00f3n en temas clave para la educaci\u00f3n y la sociedad contempor\u00e1nea. Esta iniciativa, liderada por el Gabinete, bajo la direcci\u00f3n de\u00a0<\/strong><strong>Santiago Tejedor, cuenta con el respaldo del\u00a0<\/strong><strong>Departament de Recerca i Universitats de la Generalitat de Catalunya<\/strong>. <strong>El di\u00e1logo como herramienta horizontal, participativa y formativa constituye el eje vertebrador de esta iniciativa. A ello se une un desaf\u00edo cada vez m\u00e1s importante: aprender a formular y formularse preguntas. La reflexi\u00f3n, la escucha activa, la salud mental, el bienestar laboral, la tecnolog\u00eda, el medioambiente, la paz\u2026 Muchos temas dan forma a esta gran conversaci\u00f3n abierta, gratuita y horizontal<\/strong><\/h6>\n\n\n\n<p>La iniciativa busca reunir a m\u00e1s de 1.200 estudiantes, 100 profesores y 200 actores sociales procedentes de 12 universidades y m\u00e1s de 10 pa\u00edses de Iberoam\u00e9rica. Los interesados en participar o en obtener m\u00e1s informaci\u00f3n pueden inscribirse a trav\u00e9s del&nbsp;<a href=\"https:\/\/docs.google.com\/forms\/d\/e\/1FAIpQLSfMBeimMjNlu_pVwF8x6Oh7NatbEIVvEd4TwV5GKtqhZOrasg\/viewform\" target=\"_blank\" rel=\"noreferrer noopener\"><strong>enlace oficial<\/strong><\/a>&nbsp;o contactar mediante el correo de coordinaci\u00f3n:&nbsp;<a href=\"mailto:coordinacio.master.comunicacio.mediambient@uab.cat\">coordinacio.master.comunicacio.mediambient@uab.cat<\/a>&nbsp;<\/p>\n\n\n\n<p>&nbsp;<strong>El Gran Di\u00e1logo<\/strong>&nbsp;pretende ser un espacio de reflexi\u00f3n activa y colaborativa, orientado a generar soluciones para los retos educativos y sociales del siglo XXI y est\u00e1 compuesto, a su vez, por&nbsp;<strong>dos proyectos principales:<\/strong><\/p>\n\n\n\n<p><a href=\"https:\/\/www.gabinetecomunicacionyeducacion.com\/es\/proyectos-transferencia\/pandemials-no-estas-solo-palabras-para-comprender-y-gestionar-la-soledad-en\" target=\"_blank\" rel=\"noreferrer noopener\"><strong>Pandemials: \u00a1No est\u00e1s solo!<\/strong><\/a><strong>&nbsp;<\/strong>aborda la gesti\u00f3n de la soledad en el \u00e1mbito universitario, un fen\u00f3meno creciente en la era digital. A trav\u00e9s estos di\u00e1logos, se tratar\u00e1n temas como la ansiedad, el autocuidado y los retos de la empat\u00eda y la comunicaci\u00f3n digital, con el objetivo de desestigmatizar la soledad y promover el apoyo mutuo.<\/p>\n\n\n\n<p><strong><a href=\"https:\/\/www.gabinetecomunicacionyeducacion.com\/es\/proyectos-transferencia\/planeta-campus-palabras-de-impacto-que-construyen-y-crean\" target=\"_blank\" rel=\"noreferrer noopener\"><u>Planeta Campus: Palabras de impacto que construyen y crean<\/u><\/a><\/strong>, invita a reflexionar sobre temas como la sostenibilidad, el humanismo digital y la cultura de paz. El proyecto busca fortalecer la relaci\u00f3n entre las universidades y la sociedad mediante un debate interdisciplinario.<\/p>\n\n\n\n<figure class=\"wp-block-image size-full\"><img fetchpriority=\"high\" decoding=\"async\" width=\"750\" height=\"422\" src=\"https:\/\/eldiariodelaeducacion.com\/extraeducacion\/wp-content\/uploads\/sites\/5\/2024\/12\/CEBREIROS.png\" alt=\"\" class=\"wp-image-1150\" srcset=\"https:\/\/eldiariodelaeducacion.com\/extraeducacion\/wp-content\/uploads\/sites\/5\/2024\/12\/CEBREIROS.png 750w, https:\/\/eldiariodelaeducacion.com\/extraeducacion\/wp-content\/uploads\/sites\/5\/2024\/12\/CEBREIROS-300x169.png 300w, https:\/\/eldiariodelaeducacion.com\/extraeducacion\/wp-content\/uploads\/sites\/5\/2024\/12\/CEBREIROS-18x10.png 18w, https:\/\/eldiariodelaeducacion.com\/extraeducacion\/wp-content\/uploads\/sites\/5\/2024\/12\/CEBREIROS-150x84.png 150w, https:\/\/eldiariodelaeducacion.com\/extraeducacion\/wp-content\/uploads\/sites\/5\/2024\/12\/CEBREIROS-450x253.png 450w\" sizes=\"(max-width: 750px) 100vw, 750px\" \/><\/figure>\n\n\n\n<p>Esta serie de encuentros promete ser una oportunidad \u00fanica para fortalecer lazos entre distintas comunidades acad\u00e9micas y sociales, promoviendo un di\u00e1logo global para construir un futuro m\u00e1s inclusivo y sostenible.&nbsp;En la agenda prevista, tras un primer di\u00e1logo inaugural con el periodista y escritor <strong>Mart\u00edn Caparr\u00f3s,<\/strong> el proyecto prev\u00e9 el pr\u00f3ximo&nbsp;<strong>martes 3&nbsp;<\/strong>de<strong>&nbsp;diciembre&nbsp;<\/strong>de<strong>&nbsp;2024<\/strong>, a las&nbsp;<strong>16:00<\/strong>&nbsp;(hora de Espa\u00f1a), la participaci\u00f3n de&nbsp;<strong>Javier Cebreiros<\/strong>, reconocido conferencista y formador de equipos empresariales, quien ofrecer\u00e1 la charla titulada&nbsp;<strong>\u201cComunicar desde la emoci\u00f3n\u201d<\/strong>. Este evento, moderado por&nbsp;<strong>Aldo Enrique Romero<\/strong>, jefe acad\u00e9mico de Periodismo del Centro Universitario Tecnol\u00f3gico (CEUTEC)<strong> y Santiago Tejedor<\/strong>, explorar\u00e1 c\u00f3mo la autenticidad y las emociones pueden transformar la manera en que nos comunicamos.&nbsp;<\/p>\n\n\n\n<figure class=\"wp-block-image size-full\"><img decoding=\"async\" width=\"750\" height=\"422\" src=\"https:\/\/eldiariodelaeducacion.com\/extraeducacion\/wp-content\/uploads\/sites\/5\/2024\/12\/ALLENDE.png\" alt=\"\" class=\"wp-image-1149\" srcset=\"https:\/\/eldiariodelaeducacion.com\/extraeducacion\/wp-content\/uploads\/sites\/5\/2024\/12\/ALLENDE.png 750w, https:\/\/eldiariodelaeducacion.com\/extraeducacion\/wp-content\/uploads\/sites\/5\/2024\/12\/ALLENDE-300x169.png 300w, https:\/\/eldiariodelaeducacion.com\/extraeducacion\/wp-content\/uploads\/sites\/5\/2024\/12\/ALLENDE-18x10.png 18w, https:\/\/eldiariodelaeducacion.com\/extraeducacion\/wp-content\/uploads\/sites\/5\/2024\/12\/ALLENDE-150x84.png 150w, https:\/\/eldiariodelaeducacion.com\/extraeducacion\/wp-content\/uploads\/sites\/5\/2024\/12\/ALLENDE-450x253.png 450w\" sizes=\"(max-width: 750px) 100vw, 750px\" \/><\/figure>\n\n\n\n<p>Posteriormente, el pr\u00f3ximo&nbsp;<strong>lunes 09&nbsp;<\/strong>de<strong>&nbsp;diciembre&nbsp;<\/strong>de<strong>&nbsp;2024<\/strong>, a las&nbsp;<strong>17:00<\/strong>&nbsp;(hora de Espa\u00f1a), \u201c<strong>El Gran Di\u00e1logo<\/strong>\u201d contar\u00e1 con la participaci\u00f3n de&nbsp;<strong>Isabel Allende<\/strong>, reconocida escritora y Premio Nacional de Literatura en Chile, quien ofrecer\u00e1 la charla titulada&nbsp;<strong>\u201cLa magia de escribir\u201d<\/strong>. Este evento, moderado por&nbsp;<strong>Santiago Tejedor<\/strong>, director del Gabinete de Comunicaci\u00f3n y Educaci\u00f3n de la UAB, reflexionar\u00e1 sobre el poder de las palabras.&nbsp;En 2025, entre otros, se han previsto encuentros con <strong>Jordi Albo, Cristina Pulido, Ainara Larrondo, Sonia Livingstone, Jos\u00e9 Manuel P\u00e9rez Tornero <\/strong>o <strong>Ram\u00f3n Salaverr\u00eda,<\/strong> entre otros.<\/p>\n\n\n\n<p>El&nbsp;<strong>Gabinete de Comunicaci\u00f3n y de Educaci\u00f3n<\/strong>&nbsp;es un&nbsp;<a href=\"http:\/\/gabinetecomunicacionyeducacion.com\/es\" target=\"_blank\" rel=\"noreferrer noopener\">grupo consolidado y especializado<\/a>&nbsp;en la investigaci\u00f3n y divulgaci\u00f3n cient\u00edfica, que pertenece al Departamento de Periodismo y Ciencias de la Comunicaci\u00f3n de la&nbsp;<strong>UAB.<\/strong>&nbsp;Reconocido por AGAUR (Ag\u00e8ncia de Gesti\u00f3 d\u2019Ajuts Universitaris i de Recerca) de la Generalitat de Catalunya como&nbsp;<strong>Grupo de Investigaci\u00f3n Consolidado<\/strong>&nbsp;en funci\u00f3n de su trayectoria, proyecci\u00f3n y desarrollo, desarrolla proyectos e investigaciones en el terreno de convergencia entre la comunicaci\u00f3n y la educaci\u00f3n. Desde su creaci\u00f3n, ha desarrollado iniciativas destinadas a integrar, con conciencia y libertad, las&nbsp;tecnolog\u00edas de la comunicaci\u00f3n&nbsp;en la denominada&nbsp;sociedad global o del conocimiento. Bajo la direcci\u00f3n de&nbsp;<strong>Santiago Tejedor,<\/strong>&nbsp;el Gabinete organiza diferentes m\u00e1steres propios, como el M\u00e1ster en&nbsp;<strong>Periodismo de Viajes<\/strong>&nbsp;(presencial y online), el M\u00e1ster de&nbsp;<strong>Comunicaci\u00f3n y Educaci\u00f3n,<\/strong>&nbsp;el M\u00e1ster de&nbsp;<strong>Comunicaci\u00f3n del Medioambiente<\/strong>&nbsp;y el M\u00e1ster en Gesti\u00f3n de la&nbsp;<strong>Comunicaci\u00f3n Pol\u00edtica y Electoral.&nbsp;<\/strong>El grupo posee una colecci\u00f3n de publicaciones, en forma de&nbsp;<a href=\"http:\/\/gabinetecomunicacionyeducacion.com\/es\/articulos-cientificos\" target=\"_blank\" rel=\"noreferrer noopener\">art\u00edculos cient\u00edficos,<\/a>&nbsp;<a href=\"http:\/\/gabinetecomunicacionyeducacion.com\/es\/libros-y-capitulos-de-libro\" target=\"_blank\" rel=\"noreferrer noopener\">libros y cap\u00edtulos de libro<\/a>, y&nbsp;<a href=\"http:\/\/gabinetecomunicacionyeducacion.com\/es\/publicaciones\" target=\"_blank\" rel=\"noreferrer noopener\">otros trabajos<\/a>, muy amplia y variada que se renueva constantemente. Adem\u00e1s, cuenta con un laboratorio de&nbsp;<a href=\"http:\/\/gabinetecomunicacionyeducacion.com\/es\/proyectos\" target=\"_blank\" rel=\"noreferrer noopener\">proyectos<\/a>&nbsp;de&nbsp;<strong>innovaci\u00f3n docente, transferencia y nuevos formatos<\/strong>&nbsp;que se conciben y desarrollan desde una perspectiva basada en la creatividad y el trabajo multidisciplinar. El Gabinete organiza cada a\u00f1o una expedici\u00f3n acad\u00e9mica que recorre el mundo con estudiantes de diferentes universidades y carreras. Se trata de la&nbsp;<a href=\"http:\/\/www.tahina-can.org\/\" target=\"_blank\" rel=\"noreferrer noopener\">Expedici\u00f3n Tahina-Can<\/a>&nbsp;que ha sido premiada como mejor proyecto educativo de Espa\u00f1a. Adem\u00e1s, cuenta con el portal&nbsp;<a href=\"http:\/\/www.tuaventura.com\/\" target=\"_blank\" rel=\"noreferrer noopener\">Tu Aventura,<\/a>&nbsp;la&nbsp;<a href=\"http:\/\/www.infoedu.es\/\" target=\"_blank\" rel=\"noreferrer noopener\">plataforma educativa InfoEDU<\/a>&nbsp;y el proyecto de newsgames y ciencia&nbsp;<a href=\"https:\/\/reporterosdelaciencia.com\/\" target=\"_blank\" rel=\"noreferrer noopener\">Reporteros de la Ciencia<\/a>.<\/p>\n\n\n\n<p><\/p>\n","protected":false},"excerpt":{"rendered":"<p>El\u00a0Gabinete de Comunicaci\u00f3n y Educaci\u00f3n\u00a0de la\u00a0Universitat Aut\u00f2noma de Barcelona (UAB)\u00a0ha puesto en marcha \u201cEl Gran Di\u00e1logo\u201d, una colecci\u00f3n de 14 encuentros virtuales destinados a promover el intercambio de ideas y la colaboraci\u00f3n en temas clave para la educaci\u00f3n y la sociedad contempor\u00e1nea. Esta iniciativa, liderada por el Gabinete, bajo la direcci\u00f3n de\u00a0Santiago Tejedor, cuenta con<\/p>\n","protected":false},"author":163,"featured_media":1148,"comment_status":"open","ping_status":"open","sticky":false,"template":"","format":"standard","meta":{"footnotes":""},"categories":[1],"tags":[],"tipo":[],"class_list":{"0":"post-1147","1":"post","2":"type-post","3":"status-publish","4":"format-standard","5":"has-post-thumbnail","7":"category-sin-categoria"},"yoast_head":"<!-- This site is optimized with the Yoast SEO plugin v27.5 - https:\/\/yoast.com\/product\/yoast-seo-wordpress\/ -->\n<title>El gran di\u00e1logo: palabras que suman y sanan - Extra Educaci\u00f3n<\/title>\n<meta name=\"robots\" content=\"index, follow, max-snippet:-1, max-image-preview:large, max-video-preview:-1\" \/>\n<link rel=\"canonical\" href=\"https:\/\/eldiariodelaeducacion.com\/extraeducacion\/2024\/12\/12\/el-gran-dialogo-palabras-que-suman-y-sanan\/\" \/>\n<meta property=\"og:locale\" content=\"es_ES\" \/>\n<meta property=\"og:type\" content=\"article\" \/>\n<meta property=\"og:title\" content=\"El gran di\u00e1logo: palabras que suman y sanan - Extra Educaci\u00f3n\" \/>\n<meta property=\"og:description\" content=\"El\u00a0Gabinete de Comunicaci\u00f3n y Educaci\u00f3n\u00a0de la\u00a0Universitat Aut\u00f2noma de Barcelona (UAB)\u00a0ha puesto en marcha \u201cEl Gran Di\u00e1logo\u201d, una colecci\u00f3n de 14 encuentros virtuales destinados a promover el intercambio de ideas y la colaboraci\u00f3n en temas clave para la educaci\u00f3n y la sociedad contempor\u00e1nea. Esta iniciativa, liderada por el Gabinete, bajo la direcci\u00f3n de\u00a0Santiago Tejedor, cuenta con\" \/>\n<meta property=\"og:url\" content=\"https:\/\/eldiariodelaeducacion.com\/extraeducacion\/2024\/12\/12\/el-gran-dialogo-palabras-que-suman-y-sanan\/\" \/>\n<meta property=\"og:site_name\" content=\"Extra Educaci\u00f3n\" \/>\n<meta property=\"article:published_time\" content=\"2024-12-12T05:00:00+00:00\" \/>\n<meta property=\"og:image\" content=\"https:\/\/eldiariodelaeducacion.com\/extraeducacion\/wp-content\/uploads\/sites\/5\/2024\/12\/el_gran_dialogo.jpg\" \/>\n\t<meta property=\"og:image:width\" content=\"750\" \/>\n\t<meta property=\"og:image:height\" content=\"422\" \/>\n\t<meta property=\"og:image:type\" content=\"image\/jpeg\" \/>\n<meta name=\"author\" content=\"Santiago Tejedor\" \/>\n<meta name=\"twitter:card\" content=\"summary_large_image\" \/>\n<meta name=\"twitter:label1\" content=\"Escrito por\" \/>\n\t<meta name=\"twitter:data1\" content=\"Santiago Tejedor\" \/>\n\t<meta name=\"twitter:label2\" content=\"Tiempo de lectura\" \/>\n\t<meta name=\"twitter:data2\" content=\"5 minutos\" \/>\n<script type=\"application\/ld+json\" class=\"yoast-schema-graph\">{\"@context\":\"https:\\\/\\\/schema.org\",\"@graph\":[{\"@type\":\"Article\",\"@id\":\"https:\\\/\\\/eldiariodelaeducacion.com\\\/extraeducacion\\\/2024\\\/12\\\/12\\\/el-gran-dialogo-palabras-que-suman-y-sanan\\\/#article\",\"isPartOf\":{\"@id\":\"https:\\\/\\\/eldiariodelaeducacion.com\\\/extraeducacion\\\/2024\\\/12\\\/12\\\/el-gran-dialogo-palabras-que-suman-y-sanan\\\/\"},\"author\":{\"name\":\"Santiago Tejedor\",\"@id\":\"https:\\\/\\\/eldiariodelaeducacion.com\\\/extraeducacion\\\/#\\\/schema\\\/person\\\/203ca7d4bd6243283b2e64e14c24129a\"},\"headline\":\"El gran di\u00e1logo: palabras que suman y sanan\",\"datePublished\":\"2024-12-12T05:00:00+00:00\",\"mainEntityOfPage\":{\"@id\":\"https:\\\/\\\/eldiariodelaeducacion.com\\\/extraeducacion\\\/2024\\\/12\\\/12\\\/el-gran-dialogo-palabras-que-suman-y-sanan\\\/\"},\"wordCount\":950,\"commentCount\":0,\"image\":{\"@id\":\"https:\\\/\\\/eldiariodelaeducacion.com\\\/extraeducacion\\\/2024\\\/12\\\/12\\\/el-gran-dialogo-palabras-que-suman-y-sanan\\\/#primaryimage\"},\"thumbnailUrl\":\"https:\\\/\\\/eldiariodelaeducacion.com\\\/extraeducacion\\\/wp-content\\\/uploads\\\/sites\\\/5\\\/2024\\\/12\\\/el_gran_dialogo.jpg\",\"inLanguage\":\"es\",\"potentialAction\":[{\"@type\":\"CommentAction\",\"name\":\"Comment\",\"target\":[\"https:\\\/\\\/eldiariodelaeducacion.com\\\/extraeducacion\\\/2024\\\/12\\\/12\\\/el-gran-dialogo-palabras-que-suman-y-sanan\\\/#respond\"]}]},{\"@type\":\"WebPage\",\"@id\":\"https:\\\/\\\/eldiariodelaeducacion.com\\\/extraeducacion\\\/2024\\\/12\\\/12\\\/el-gran-dialogo-palabras-que-suman-y-sanan\\\/\",\"url\":\"https:\\\/\\\/eldiariodelaeducacion.com\\\/extraeducacion\\\/2024\\\/12\\\/12\\\/el-gran-dialogo-palabras-que-suman-y-sanan\\\/\",\"name\":\"El gran di\u00e1logo: palabras que suman y sanan - Extra Educaci\u00f3n\",\"isPartOf\":{\"@id\":\"https:\\\/\\\/eldiariodelaeducacion.com\\\/extraeducacion\\\/#website\"},\"primaryImageOfPage\":{\"@id\":\"https:\\\/\\\/eldiariodelaeducacion.com\\\/extraeducacion\\\/2024\\\/12\\\/12\\\/el-gran-dialogo-palabras-que-suman-y-sanan\\\/#primaryimage\"},\"image\":{\"@id\":\"https:\\\/\\\/eldiariodelaeducacion.com\\\/extraeducacion\\\/2024\\\/12\\\/12\\\/el-gran-dialogo-palabras-que-suman-y-sanan\\\/#primaryimage\"},\"thumbnailUrl\":\"https:\\\/\\\/eldiariodelaeducacion.com\\\/extraeducacion\\\/wp-content\\\/uploads\\\/sites\\\/5\\\/2024\\\/12\\\/el_gran_dialogo.jpg\",\"datePublished\":\"2024-12-12T05:00:00+00:00\",\"author\":{\"@id\":\"https:\\\/\\\/eldiariodelaeducacion.com\\\/extraeducacion\\\/#\\\/schema\\\/person\\\/203ca7d4bd6243283b2e64e14c24129a\"},\"breadcrumb\":{\"@id\":\"https:\\\/\\\/eldiariodelaeducacion.com\\\/extraeducacion\\\/2024\\\/12\\\/12\\\/el-gran-dialogo-palabras-que-suman-y-sanan\\\/#breadcrumb\"},\"inLanguage\":\"es\",\"potentialAction\":[{\"@type\":\"ReadAction\",\"target\":[\"https:\\\/\\\/eldiariodelaeducacion.com\\\/extraeducacion\\\/2024\\\/12\\\/12\\\/el-gran-dialogo-palabras-que-suman-y-sanan\\\/\"]}]},{\"@type\":\"ImageObject\",\"inLanguage\":\"es\",\"@id\":\"https:\\\/\\\/eldiariodelaeducacion.com\\\/extraeducacion\\\/2024\\\/12\\\/12\\\/el-gran-dialogo-palabras-que-suman-y-sanan\\\/#primaryimage\",\"url\":\"https:\\\/\\\/eldiariodelaeducacion.com\\\/extraeducacion\\\/wp-content\\\/uploads\\\/sites\\\/5\\\/2024\\\/12\\\/el_gran_dialogo.jpg\",\"contentUrl\":\"https:\\\/\\\/eldiariodelaeducacion.com\\\/extraeducacion\\\/wp-content\\\/uploads\\\/sites\\\/5\\\/2024\\\/12\\\/el_gran_dialogo.jpg\",\"width\":750,\"height\":422},{\"@type\":\"BreadcrumbList\",\"@id\":\"https:\\\/\\\/eldiariodelaeducacion.com\\\/extraeducacion\\\/2024\\\/12\\\/12\\\/el-gran-dialogo-palabras-que-suman-y-sanan\\\/#breadcrumb\",\"itemListElement\":[{\"@type\":\"ListItem\",\"position\":1,\"name\":\"Portada\",\"item\":\"https:\\\/\\\/eldiariodelaeducacion.com\\\/extraeducacion\\\/\"},{\"@type\":\"ListItem\",\"position\":2,\"name\":\"El gran di\u00e1logo: palabras que suman y sanan\"}]},{\"@type\":\"WebSite\",\"@id\":\"https:\\\/\\\/eldiariodelaeducacion.com\\\/extraeducacion\\\/#website\",\"url\":\"https:\\\/\\\/eldiariodelaeducacion.com\\\/extraeducacion\\\/\",\"name\":\"Extra Educaci\u00f3n\",\"description\":\"Un blog de El Diario de la Educaci\u00f3n\",\"potentialAction\":[{\"@type\":\"SearchAction\",\"target\":{\"@type\":\"EntryPoint\",\"urlTemplate\":\"https:\\\/\\\/eldiariodelaeducacion.com\\\/extraeducacion\\\/?s={search_term_string}\"},\"query-input\":{\"@type\":\"PropertyValueSpecification\",\"valueRequired\":true,\"valueName\":\"search_term_string\"}}],\"inLanguage\":\"es\"},{\"@type\":\"Person\",\"@id\":\"https:\\\/\\\/eldiariodelaeducacion.com\\\/extraeducacion\\\/#\\\/schema\\\/person\\\/203ca7d4bd6243283b2e64e14c24129a\",\"name\":\"Santiago Tejedor\",\"image\":{\"@type\":\"ImageObject\",\"inLanguage\":\"es\",\"@id\":\"https:\\\/\\\/eldiariodelaeducacion.com\\\/extraeducacion\\\/wp-content\\\/uploads\\\/sites\\\/5\\\/2024\\\/12\\\/santiago-tejedor_avatar-96x96.png\",\"url\":\"https:\\\/\\\/eldiariodelaeducacion.com\\\/extraeducacion\\\/wp-content\\\/uploads\\\/sites\\\/5\\\/2024\\\/12\\\/santiago-tejedor_avatar-96x96.png\",\"contentUrl\":\"https:\\\/\\\/eldiariodelaeducacion.com\\\/extraeducacion\\\/wp-content\\\/uploads\\\/sites\\\/5\\\/2024\\\/12\\\/santiago-tejedor_avatar-96x96.png\",\"caption\":\"Santiago Tejedor\"},\"description\":\"Catedr\u00e1tico de Periodismo -especializado en viajes y ciberperiodismo-, investigador y periodista. Es el director del Gabinete de Comunicaci\u00f3n y Educaci\u00f3n de la Universitat Aut\u00f2noma de Barcelona\",\"url\":\"https:\\\/\\\/eldiariodelaeducacion.com\\\/extraeducacion\\\/author\\\/tejedor\\\/\"}]}<\/script>\n<!-- \/ Yoast SEO plugin. -->","yoast_head_json":{"title":"El gran di\u00e1logo: palabras que suman y sanan - Extra Educaci\u00f3n","robots":{"index":"index","follow":"follow","max-snippet":"max-snippet:-1","max-image-preview":"max-image-preview:large","max-video-preview":"max-video-preview:-1"},"canonical":"https:\/\/eldiariodelaeducacion.com\/extraeducacion\/2024\/12\/12\/el-gran-dialogo-palabras-que-suman-y-sanan\/","og_locale":"es_ES","og_type":"article","og_title":"El gran di\u00e1logo: palabras que suman y sanan - Extra Educaci\u00f3n","og_description":"El\u00a0Gabinete de Comunicaci\u00f3n y Educaci\u00f3n\u00a0de la\u00a0Universitat Aut\u00f2noma de Barcelona (UAB)\u00a0ha puesto en marcha \u201cEl Gran Di\u00e1logo\u201d, una colecci\u00f3n de 14 encuentros virtuales destinados a promover el intercambio de ideas y la colaboraci\u00f3n en temas clave para la educaci\u00f3n y la sociedad contempor\u00e1nea. Esta iniciativa, liderada por el Gabinete, bajo la direcci\u00f3n de\u00a0Santiago Tejedor, cuenta con","og_url":"https:\/\/eldiariodelaeducacion.com\/extraeducacion\/2024\/12\/12\/el-gran-dialogo-palabras-que-suman-y-sanan\/","og_site_name":"Extra Educaci\u00f3n","article_published_time":"2024-12-12T05:00:00+00:00","og_image":[{"width":750,"height":422,"url":"https:\/\/eldiariodelaeducacion.com\/extraeducacion\/wp-content\/uploads\/sites\/5\/2024\/12\/el_gran_dialogo.jpg","type":"image\/jpeg"}],"author":"Santiago Tejedor","twitter_card":"summary_large_image","twitter_misc":{"Escrito por":"Santiago Tejedor","Tiempo de lectura":"5 minutos"},"schema":{"@context":"https:\/\/schema.org","@graph":[{"@type":"Article","@id":"https:\/\/eldiariodelaeducacion.com\/extraeducacion\/2024\/12\/12\/el-gran-dialogo-palabras-que-suman-y-sanan\/#article","isPartOf":{"@id":"https:\/\/eldiariodelaeducacion.com\/extraeducacion\/2024\/12\/12\/el-gran-dialogo-palabras-que-suman-y-sanan\/"},"author":{"name":"Santiago Tejedor","@id":"https:\/\/eldiariodelaeducacion.com\/extraeducacion\/#\/schema\/person\/203ca7d4bd6243283b2e64e14c24129a"},"headline":"El gran di\u00e1logo: palabras que suman y sanan","datePublished":"2024-12-12T05:00:00+00:00","mainEntityOfPage":{"@id":"https:\/\/eldiariodelaeducacion.com\/extraeducacion\/2024\/12\/12\/el-gran-dialogo-palabras-que-suman-y-sanan\/"},"wordCount":950,"commentCount":0,"image":{"@id":"https:\/\/eldiariodelaeducacion.com\/extraeducacion\/2024\/12\/12\/el-gran-dialogo-palabras-que-suman-y-sanan\/#primaryimage"},"thumbnailUrl":"https:\/\/eldiariodelaeducacion.com\/extraeducacion\/wp-content\/uploads\/sites\/5\/2024\/12\/el_gran_dialogo.jpg","inLanguage":"es","potentialAction":[{"@type":"CommentAction","name":"Comment","target":["https:\/\/eldiariodelaeducacion.com\/extraeducacion\/2024\/12\/12\/el-gran-dialogo-palabras-que-suman-y-sanan\/#respond"]}]},{"@type":"WebPage","@id":"https:\/\/eldiariodelaeducacion.com\/extraeducacion\/2024\/12\/12\/el-gran-dialogo-palabras-que-suman-y-sanan\/","url":"https:\/\/eldiariodelaeducacion.com\/extraeducacion\/2024\/12\/12\/el-gran-dialogo-palabras-que-suman-y-sanan\/","name":"El gran di\u00e1logo: palabras que suman y sanan - Extra Educaci\u00f3n","isPartOf":{"@id":"https:\/\/eldiariodelaeducacion.com\/extraeducacion\/#website"},"primaryImageOfPage":{"@id":"https:\/\/eldiariodelaeducacion.com\/extraeducacion\/2024\/12\/12\/el-gran-dialogo-palabras-que-suman-y-sanan\/#primaryimage"},"image":{"@id":"https:\/\/eldiariodelaeducacion.com\/extraeducacion\/2024\/12\/12\/el-gran-dialogo-palabras-que-suman-y-sanan\/#primaryimage"},"thumbnailUrl":"https:\/\/eldiariodelaeducacion.com\/extraeducacion\/wp-content\/uploads\/sites\/5\/2024\/12\/el_gran_dialogo.jpg","datePublished":"2024-12-12T05:00:00+00:00","author":{"@id":"https:\/\/eldiariodelaeducacion.com\/extraeducacion\/#\/schema\/person\/203ca7d4bd6243283b2e64e14c24129a"},"breadcrumb":{"@id":"https:\/\/eldiariodelaeducacion.com\/extraeducacion\/2024\/12\/12\/el-gran-dialogo-palabras-que-suman-y-sanan\/#breadcrumb"},"inLanguage":"es","potentialAction":[{"@type":"ReadAction","target":["https:\/\/eldiariodelaeducacion.com\/extraeducacion\/2024\/12\/12\/el-gran-dialogo-palabras-que-suman-y-sanan\/"]}]},{"@type":"ImageObject","inLanguage":"es","@id":"https:\/\/eldiariodelaeducacion.com\/extraeducacion\/2024\/12\/12\/el-gran-dialogo-palabras-que-suman-y-sanan\/#primaryimage","url":"https:\/\/eldiariodelaeducacion.com\/extraeducacion\/wp-content\/uploads\/sites\/5\/2024\/12\/el_gran_dialogo.jpg","contentUrl":"https:\/\/eldiariodelaeducacion.com\/extraeducacion\/wp-content\/uploads\/sites\/5\/2024\/12\/el_gran_dialogo.jpg","width":750,"height":422},{"@type":"BreadcrumbList","@id":"https:\/\/eldiariodelaeducacion.com\/extraeducacion\/2024\/12\/12\/el-gran-dialogo-palabras-que-suman-y-sanan\/#breadcrumb","itemListElement":[{"@type":"ListItem","position":1,"name":"Portada","item":"https:\/\/eldiariodelaeducacion.com\/extraeducacion\/"},{"@type":"ListItem","position":2,"name":"El gran di\u00e1logo: palabras que suman y sanan"}]},{"@type":"WebSite","@id":"https:\/\/eldiariodelaeducacion.com\/extraeducacion\/#website","url":"https:\/\/eldiariodelaeducacion.com\/extraeducacion\/","name":"Extra Educaci\u00f3n","description":"Un blog de El Diario de la Educaci\u00f3n","potentialAction":[{"@type":"SearchAction","target":{"@type":"EntryPoint","urlTemplate":"https:\/\/eldiariodelaeducacion.com\/extraeducacion\/?s={search_term_string}"},"query-input":{"@type":"PropertyValueSpecification","valueRequired":true,"valueName":"search_term_string"}}],"inLanguage":"es"},{"@type":"Person","@id":"https:\/\/eldiariodelaeducacion.com\/extraeducacion\/#\/schema\/person\/203ca7d4bd6243283b2e64e14c24129a","name":"Santiago Tejedor","image":{"@type":"ImageObject","inLanguage":"es","@id":"https:\/\/eldiariodelaeducacion.com\/extraeducacion\/wp-content\/uploads\/sites\/5\/2024\/12\/santiago-tejedor_avatar-96x96.png","url":"https:\/\/eldiariodelaeducacion.com\/extraeducacion\/wp-content\/uploads\/sites\/5\/2024\/12\/santiago-tejedor_avatar-96x96.png","contentUrl":"https:\/\/eldiariodelaeducacion.com\/extraeducacion\/wp-content\/uploads\/sites\/5\/2024\/12\/santiago-tejedor_avatar-96x96.png","caption":"Santiago Tejedor"},"description":"Catedr\u00e1tico de Periodismo -especializado en viajes y ciberperiodismo-, investigador y periodista. Es el director del Gabinete de Comunicaci\u00f3n y Educaci\u00f3n de la Universitat Aut\u00f2noma de Barcelona","url":"https:\/\/eldiariodelaeducacion.com\/extraeducacion\/author\/tejedor\/"}]}},"_links":{"self":[{"href":"https:\/\/eldiariodelaeducacion.com\/extraeducacion\/wp-json\/wp\/v2\/posts\/1147","targetHints":{"allow":["GET"]}}],"collection":[{"href":"https:\/\/eldiariodelaeducacion.com\/extraeducacion\/wp-json\/wp\/v2\/posts"}],"about":[{"href":"https:\/\/eldiariodelaeducacion.com\/extraeducacion\/wp-json\/wp\/v2\/types\/post"}],"author":[{"embeddable":true,"href":"https:\/\/eldiariodelaeducacion.com\/extraeducacion\/wp-json\/wp\/v2\/users\/163"}],"replies":[{"embeddable":true,"href":"https:\/\/eldiariodelaeducacion.com\/extraeducacion\/wp-json\/wp\/v2\/comments?post=1147"}],"version-history":[{"count":3,"href":"https:\/\/eldiariodelaeducacion.com\/extraeducacion\/wp-json\/wp\/v2\/posts\/1147\/revisions"}],"predecessor-version":[{"id":1153,"href":"https:\/\/eldiariodelaeducacion.com\/extraeducacion\/wp-json\/wp\/v2\/posts\/1147\/revisions\/1153"}],"wp:featuredmedia":[{"embeddable":true,"href":"https:\/\/eldiariodelaeducacion.com\/extraeducacion\/wp-json\/wp\/v2\/media\/1148"}],"wp:attachment":[{"href":"https:\/\/eldiariodelaeducacion.com\/extraeducacion\/wp-json\/wp\/v2\/media?parent=1147"}],"wp:term":[{"taxonomy":"category","embeddable":true,"href":"https:\/\/eldiariodelaeducacion.com\/extraeducacion\/wp-json\/wp\/v2\/categories?post=1147"},{"taxonomy":"post_tag","embeddable":true,"href":"https:\/\/eldiariodelaeducacion.com\/extraeducacion\/wp-json\/wp\/v2\/tags?post=1147"},{"taxonomy":"tipo","embeddable":true,"href":"https:\/\/eldiariodelaeducacion.com\/extraeducacion\/wp-json\/wp\/v2\/tipo?post=1147"}],"curies":[{"name":"wp","href":"https:\/\/api.w.org\/{rel}","templated":true}]}}