{"id":1179,"date":"2025-01-14T06:00:00","date_gmt":"2025-01-14T05:00:00","guid":{"rendered":"https:\/\/eldiariodelaeducacion.com\/extraeducacion\/?p=1179"},"modified":"2025-01-17T08:12:55","modified_gmt":"2025-01-17T07:12:55","slug":"educacion-y-empleabilidad-como-prepararte-para-el-mercado-laboral","status":"publish","type":"post","link":"https:\/\/eldiariodelaeducacion.com\/extraeducacion\/2025\/01\/14\/educacion-y-empleabilidad-como-prepararte-para-el-mercado-laboral\/","title":{"rendered":"Educaci\u00f3n y empleabilidad: c\u00f3mo prepararte para el mercado laboral"},"content":{"rendered":"\n<p>En un mundo que cambia a toda velocidad, donde la tecnolog\u00eda y la globalizaci\u00f3n est\u00e1n transformando pr\u00e1cticamente todo, prepararte para el mercado laboral ya no es solo cuesti\u00f3n de t\u00edtulos universitarios. Hoy, las empresas buscan algo m\u00e1s: habilidades pr\u00e1cticas, adaptabilidad y ganas de aprender constantemente.<\/p>\n\n\n\n<p>\u00bfLa buena noticia? Hay herramientas y estrategias al alcance de todos para destacar en este entorno competitivo. Desde <a href=\"https:\/\/formaciononline.eu\/cursos-gratis-online\/\"><u>cursos online gratis<\/u><\/a> hasta el desarrollo de habilidades interpersonales, aqu\u00ed te contamos c\u00f3mo puedes prepararte para triunfar en el mercado laboral actual.<\/p>\n\n\n\n<h2 class=\"wp-block-heading\"><a><\/a> La importancia de la educaci\u00f3n en la empleabilidad<\/h2>\n\n\n\n<p>La educaci\u00f3n siempre ha sido el pilar para abrir puertas en el mundo laboral. Pero en un mercado tan din\u00e1mico como el actual, <strong>tener un t\u00edtulo ya no es suficiente.<\/strong> Las empresas buscan personas que sepan aplicar lo aprendido, resuelvan problemas y se adapten r\u00e1pido a los cambios.<\/p>\n\n\n\n<p>Adem\u00e1s de los conocimientos t\u00e9cnicos que puedes adquirir en una carrera o especializaci\u00f3n, la educaci\u00f3n tambi\u00e9n fomenta el pensamiento cr\u00edtico, la creatividad y la capacidad de aprender cosas nuevas. Estos elementos son clave para destacar en cualquier profesi\u00f3n.<\/p>\n\n\n\n<h3 class=\"wp-block-heading\"><a><\/a> \u00bfPor qu\u00e9 sigue siendo clave la educaci\u00f3n?<\/h3>\n\n\n\n<ul class=\"wp-block-list\">\n<li><strong>Te da una base t\u00e9cnica y te\u00f3rica s\u00f3lida<\/strong> para construir tu carrera.<\/li>\n\n\n\n<li>Fomenta habilidades como la resoluci\u00f3n de problemas y la toma de decisiones.<\/li>\n\n\n\n<li>Te conecta con redes de contactos y oportunidades de aprendizaje continuo.<\/li>\n<\/ul>\n\n\n\n<p>Aunque la educaci\u00f3n formal es importante, complementarla con aprendizaje constante y habilidades pr\u00e1cticas es lo que realmente marca la diferencia en un mercado laboral tan exigente.<\/p>\n\n\n\n<h2 class=\"wp-block-heading\"><a><\/a> Habilidades que demanda el mercado laboral actual<\/h2>\n\n\n\n<p>\u00bfSab\u00edas que las habilidades m\u00e1s valoradas hoy no siempre se aprenden en la universidad? <strong>El mercado laboral ha evolucionado y, con \u00e9l, lo que buscan los empleadores.<\/strong> Aqu\u00ed te dejo las habilidades clave que est\u00e1n marcando tendencia:<\/p>\n\n\n\n<ol class=\"wp-block-list\">\n<li><strong>Dominio de herramientas digitales:<\/strong> Desde software de an\u00e1lisis hasta gesti\u00f3n de proyectos, las empresas esperan que domines tecnolog\u00eda relevante para tu sector.<\/li>\n\n\n\n<li><strong>Habilidades interpersonales:<\/strong> Comunicaci\u00f3n efectiva, liderazgo y trabajo en equipo no solo son importantes, son indispensables.<\/li>\n\n\n\n<li><strong>Aprendizaje continuo:<\/strong> Los empleadores valoran a quienes buscan crecer, ya sea tomando cursos online, asistiendo a talleres o aprendiendo por cuenta propia.<\/li>\n<\/ol>\n\n\n\n<h2 class=\"wp-block-heading\"><a><\/a> Los cursos online gratis: una herramienta al alcance de todos<\/h2>\n\n\n\n<p>\u00bfTe imaginas aprender habilidades clave desde casa y sin gastar un euro? <strong>Los cursos online gratuitos se han convertido en una de las mejores herramientas para mejorar tu empleabilidad.<\/strong> Plataformas como Coursera, edX o Google ofrecen programas en colaboraci\u00f3n con universidades y empresas reconocidas.<\/p>\n\n\n\n<h3 class=\"wp-block-heading\"><a><\/a> \u00bfQu\u00e9 ventajas tienen estos cursos?<\/h3>\n\n\n\n<ul class=\"wp-block-list\">\n<li><strong>Accesibilidad:<\/strong> Solo necesitas internet para empezar.<\/li>\n\n\n\n<li><strong>Flexibilidad:<\/strong> Aprende a tu propio ritmo y organiza tu tiempo como mejor te convenga.<\/li>\n\n\n\n<li><strong>Variedad:<\/strong> Desde programaci\u00f3n hasta habilidades blandas, hay opciones para todos los gustos y necesidades.<\/li>\n<\/ul>\n\n\n\n<p>Y lo mejor: muchos de estos cursos ofrecen certificados que puedes a\u00f1adir a tu curr\u00edculum o perfil de LinkedIn, d\u00e1ndote un impulso extra frente a empleadores potenciales. Es una forma f\u00e1cil, econ\u00f3mica y efectiva de mantenerte actualizado.<\/p>\n\n\n\n<h2 class=\"wp-block-heading\"><a><\/a> Estrategias para destacar en el mercado laboral<\/h2>\n\n\n\n<p>Prepararte para el mercado laboral no es solo cuesti\u00f3n de aprender, sino de saber demostrar lo que puedes aportar. Aqu\u00ed tienes algunas estrategias pr\u00e1cticas para mejorar tu empleabilidad:<\/p>\n\n\n\n<ol class=\"wp-block-list\">\n<li><strong>Crea una red de contactos:<\/strong> Participa en eventos de networking, \u00fanete a comunidades de tu industria en LinkedIn y mant\u00e9n el contacto con profesionales del sector. Las oportunidades muchas veces surgen a trav\u00e9s de recomendaciones.<\/li>\n\n\n\n<li><strong>Actualiza tu curr\u00edculum:<\/strong> Adapta tu CV a cada oferta laboral, resaltando las habilidades que m\u00e1s se alineen con el puesto al que aspiras.<\/li>\n\n\n\n<li><strong>Desarrolla un portafolio profesional:<\/strong> Si trabajas en \u00e1reas creativas o t\u00e9cnicas, como dise\u00f1o, escritura o programaci\u00f3n, un portafolio con tus proyectos puede ser m\u00e1s impactante que un curr\u00edculum.<\/li>\n<\/ol>\n\n\n\n<h2 class=\"wp-block-heading\"><a><\/a> La adaptabilidad: tu mejor herramienta<\/h2>\n\n\n\n<p>Si hay algo que nunca pasa de moda, es la capacidad de adaptarse. <strong>El mercado laboral cambia constantemente<\/strong>, y quienes logran reinventarse y aprender de las nuevas tendencias son los que destacan.<\/p>\n\n\n\n<p>Algunos consejos para fomentar tu adaptabilidad:<\/p>\n\n\n\n<ul class=\"wp-block-list\">\n<li><strong>Busca retroalimentaci\u00f3n:<\/strong> Escucha las cr\u00edticas constructivas y \u00fasalas para mejorar.<\/li>\n\n\n\n<li><strong>Participa en proyectos diversos:<\/strong> La experiencia en diferentes \u00e1reas te har\u00e1 m\u00e1s vers\u00e1til y capaz de enfrentar retos variados.<\/li>\n\n\n\n<li><strong>Mantente informado:<\/strong> Sigue las tendencias de tu sector, lee sobre los cambios en la industria y busca maneras de alinearte con esas transformaciones.<\/li>\n<\/ul>\n\n\n\n<p>Ser adaptable no s\u00f3lo te hace m\u00e1s competitivo, tambi\u00e9n te ayuda a mantener una mentalidad abierta y positiva frente a los cambios.<\/p>\n\n\n\n<p><\/p>\n","protected":false},"excerpt":{"rendered":"<p>En un mundo que cambia a toda velocidad, donde la tecnolog\u00eda y la globalizaci\u00f3n est\u00e1n transformando pr\u00e1cticamente todo, prepararte para el mercado laboral ya no es solo cuesti\u00f3n de t\u00edtulos universitarios. Hoy, las empresas buscan algo m\u00e1s: habilidades pr\u00e1cticas, adaptabilidad y ganas de aprender constantemente. \u00bfLa buena noticia? Hay herramientas y estrategias al alcance de<\/p>\n","protected":false},"author":150,"featured_media":676,"comment_status":"open","ping_status":"open","sticky":false,"template":"","format":"standard","meta":{"footnotes":""},"categories":[2],"tags":[41,40],"tipo":[30],"class_list":{"0":"post-1179","1":"post","2":"type-post","3":"status-publish","4":"format-standard","5":"has-post-thumbnail","7":"category-extra-educacion","8":"tag-cursos-gratuitos","9":"tag-cursos-online","10":"tipo-actualidad"},"yoast_head":"<!-- This site is optimized with the Yoast SEO plugin v27.5 - https:\/\/yoast.com\/product\/yoast-seo-wordpress\/ -->\n<title>Educaci\u00f3n y empleabilidad: c\u00f3mo prepararte para el mercado laboral - Extra Educaci\u00f3n<\/title>\n<meta name=\"robots\" content=\"index, follow, max-snippet:-1, max-image-preview:large, max-video-preview:-1\" \/>\n<link rel=\"canonical\" href=\"https:\/\/eldiariodelaeducacion.com\/extraeducacion\/2025\/01\/14\/educacion-y-empleabilidad-como-prepararte-para-el-mercado-laboral\/\" \/>\n<meta property=\"og:locale\" content=\"es_ES\" \/>\n<meta property=\"og:type\" content=\"article\" \/>\n<meta property=\"og:title\" content=\"Educaci\u00f3n y empleabilidad: c\u00f3mo prepararte para el mercado laboral - Extra Educaci\u00f3n\" \/>\n<meta property=\"og:description\" content=\"En un mundo que cambia a toda velocidad, donde la tecnolog\u00eda y la globalizaci\u00f3n est\u00e1n transformando pr\u00e1cticamente todo, prepararte para el mercado laboral ya no es solo cuesti\u00f3n de t\u00edtulos universitarios. Hoy, las empresas buscan algo m\u00e1s: habilidades pr\u00e1cticas, adaptabilidad y ganas de aprender constantemente. \u00bfLa buena noticia? Hay herramientas y estrategias al alcance de\" \/>\n<meta property=\"og:url\" content=\"https:\/\/eldiariodelaeducacion.com\/extraeducacion\/2025\/01\/14\/educacion-y-empleabilidad-como-prepararte-para-el-mercado-laboral\/\" \/>\n<meta property=\"og:site_name\" content=\"Extra Educaci\u00f3n\" \/>\n<meta property=\"article:published_time\" content=\"2025-01-14T05:00:00+00:00\" \/>\n<meta property=\"article:modified_time\" content=\"2025-01-17T07:12:55+00:00\" \/>\n<meta property=\"og:image\" content=\"https:\/\/eldiariodelaeducacion.com\/extraeducacion\/wp-content\/uploads\/sites\/5\/2023\/11\/GettyImages-1446806057.jpg\" \/>\n\t<meta property=\"og:image:width\" content=\"2121\" \/>\n\t<meta property=\"og:image:height\" content=\"1414\" \/>\n\t<meta property=\"og:image:type\" content=\"image\/jpeg\" \/>\n<meta name=\"author\" content=\"Redacci\u00f3n\" \/>\n<meta name=\"twitter:card\" content=\"summary_large_image\" \/>\n<meta name=\"twitter:label1\" content=\"Escrito por\" \/>\n\t<meta name=\"twitter:data1\" content=\"Redacci\u00f3n\" \/>\n\t<meta name=\"twitter:label2\" content=\"Tiempo de lectura\" \/>\n\t<meta name=\"twitter:data2\" content=\"4 minutos\" \/>\n<script type=\"application\/ld+json\" class=\"yoast-schema-graph\">{\"@context\":\"https:\\\/\\\/schema.org\",\"@graph\":[{\"@type\":\"Article\",\"@id\":\"https:\\\/\\\/eldiariodelaeducacion.com\\\/extraeducacion\\\/2025\\\/01\\\/14\\\/educacion-y-empleabilidad-como-prepararte-para-el-mercado-laboral\\\/#article\",\"isPartOf\":{\"@id\":\"https:\\\/\\\/eldiariodelaeducacion.com\\\/extraeducacion\\\/2025\\\/01\\\/14\\\/educacion-y-empleabilidad-como-prepararte-para-el-mercado-laboral\\\/\"},\"author\":{\"name\":\"Redacci\u00f3n\",\"@id\":\"https:\\\/\\\/eldiariodelaeducacion.com\\\/extraeducacion\\\/#\\\/schema\\\/person\\\/5228007cb64f7ca80adbd750a941d59c\"},\"headline\":\"Educaci\u00f3n y empleabilidad: c\u00f3mo prepararte para el mercado laboral\",\"datePublished\":\"2025-01-14T05:00:00+00:00\",\"dateModified\":\"2025-01-17T07:12:55+00:00\",\"mainEntityOfPage\":{\"@id\":\"https:\\\/\\\/eldiariodelaeducacion.com\\\/extraeducacion\\\/2025\\\/01\\\/14\\\/educacion-y-empleabilidad-como-prepararte-para-el-mercado-laboral\\\/\"},\"wordCount\":789,\"commentCount\":0,\"image\":{\"@id\":\"https:\\\/\\\/eldiariodelaeducacion.com\\\/extraeducacion\\\/2025\\\/01\\\/14\\\/educacion-y-empleabilidad-como-prepararte-para-el-mercado-laboral\\\/#primaryimage\"},\"thumbnailUrl\":\"https:\\\/\\\/eldiariodelaeducacion.com\\\/extraeducacion\\\/wp-content\\\/uploads\\\/sites\\\/5\\\/2023\\\/11\\\/GettyImages-1446806057.jpg\",\"keywords\":[\"cursos gratuitos\",\"cursos online\"],\"articleSection\":[\"Extra educaci\u00f3n\"],\"inLanguage\":\"es\",\"potentialAction\":[{\"@type\":\"CommentAction\",\"name\":\"Comment\",\"target\":[\"https:\\\/\\\/eldiariodelaeducacion.com\\\/extraeducacion\\\/2025\\\/01\\\/14\\\/educacion-y-empleabilidad-como-prepararte-para-el-mercado-laboral\\\/#respond\"]}]},{\"@type\":\"WebPage\",\"@id\":\"https:\\\/\\\/eldiariodelaeducacion.com\\\/extraeducacion\\\/2025\\\/01\\\/14\\\/educacion-y-empleabilidad-como-prepararte-para-el-mercado-laboral\\\/\",\"url\":\"https:\\\/\\\/eldiariodelaeducacion.com\\\/extraeducacion\\\/2025\\\/01\\\/14\\\/educacion-y-empleabilidad-como-prepararte-para-el-mercado-laboral\\\/\",\"name\":\"Educaci\u00f3n y empleabilidad: c\u00f3mo prepararte para el mercado laboral - Extra Educaci\u00f3n\",\"isPartOf\":{\"@id\":\"https:\\\/\\\/eldiariodelaeducacion.com\\\/extraeducacion\\\/#website\"},\"primaryImageOfPage\":{\"@id\":\"https:\\\/\\\/eldiariodelaeducacion.com\\\/extraeducacion\\\/2025\\\/01\\\/14\\\/educacion-y-empleabilidad-como-prepararte-para-el-mercado-laboral\\\/#primaryimage\"},\"image\":{\"@id\":\"https:\\\/\\\/eldiariodelaeducacion.com\\\/extraeducacion\\\/2025\\\/01\\\/14\\\/educacion-y-empleabilidad-como-prepararte-para-el-mercado-laboral\\\/#primaryimage\"},\"thumbnailUrl\":\"https:\\\/\\\/eldiariodelaeducacion.com\\\/extraeducacion\\\/wp-content\\\/uploads\\\/sites\\\/5\\\/2023\\\/11\\\/GettyImages-1446806057.jpg\",\"datePublished\":\"2025-01-14T05:00:00+00:00\",\"dateModified\":\"2025-01-17T07:12:55+00:00\",\"author\":{\"@id\":\"https:\\\/\\\/eldiariodelaeducacion.com\\\/extraeducacion\\\/#\\\/schema\\\/person\\\/5228007cb64f7ca80adbd750a941d59c\"},\"breadcrumb\":{\"@id\":\"https:\\\/\\\/eldiariodelaeducacion.com\\\/extraeducacion\\\/2025\\\/01\\\/14\\\/educacion-y-empleabilidad-como-prepararte-para-el-mercado-laboral\\\/#breadcrumb\"},\"inLanguage\":\"es\",\"potentialAction\":[{\"@type\":\"ReadAction\",\"target\":[\"https:\\\/\\\/eldiariodelaeducacion.com\\\/extraeducacion\\\/2025\\\/01\\\/14\\\/educacion-y-empleabilidad-como-prepararte-para-el-mercado-laboral\\\/\"]}]},{\"@type\":\"ImageObject\",\"inLanguage\":\"es\",\"@id\":\"https:\\\/\\\/eldiariodelaeducacion.com\\\/extraeducacion\\\/2025\\\/01\\\/14\\\/educacion-y-empleabilidad-como-prepararte-para-el-mercado-laboral\\\/#primaryimage\",\"url\":\"https:\\\/\\\/eldiariodelaeducacion.com\\\/extraeducacion\\\/wp-content\\\/uploads\\\/sites\\\/5\\\/2023\\\/11\\\/GettyImages-1446806057.jpg\",\"contentUrl\":\"https:\\\/\\\/eldiariodelaeducacion.com\\\/extraeducacion\\\/wp-content\\\/uploads\\\/sites\\\/5\\\/2023\\\/11\\\/GettyImages-1446806057.jpg\",\"width\":2121,\"height\":1414,\"caption\":\"Gettyimages\"},{\"@type\":\"BreadcrumbList\",\"@id\":\"https:\\\/\\\/eldiariodelaeducacion.com\\\/extraeducacion\\\/2025\\\/01\\\/14\\\/educacion-y-empleabilidad-como-prepararte-para-el-mercado-laboral\\\/#breadcrumb\",\"itemListElement\":[{\"@type\":\"ListItem\",\"position\":1,\"name\":\"Portada\",\"item\":\"https:\\\/\\\/eldiariodelaeducacion.com\\\/extraeducacion\\\/\"},{\"@type\":\"ListItem\",\"position\":2,\"name\":\"Educaci\u00f3n y empleabilidad: c\u00f3mo prepararte para el mercado laboral\"}]},{\"@type\":\"WebSite\",\"@id\":\"https:\\\/\\\/eldiariodelaeducacion.com\\\/extraeducacion\\\/#website\",\"url\":\"https:\\\/\\\/eldiariodelaeducacion.com\\\/extraeducacion\\\/\",\"name\":\"Extra Educaci\u00f3n\",\"description\":\"Un blog de El Diario de la Educaci\u00f3n\",\"potentialAction\":[{\"@type\":\"SearchAction\",\"target\":{\"@type\":\"EntryPoint\",\"urlTemplate\":\"https:\\\/\\\/eldiariodelaeducacion.com\\\/extraeducacion\\\/?s={search_term_string}\"},\"query-input\":{\"@type\":\"PropertyValueSpecification\",\"valueRequired\":true,\"valueName\":\"search_term_string\"}}],\"inLanguage\":\"es\"},{\"@type\":\"Person\",\"@id\":\"https:\\\/\\\/eldiariodelaeducacion.com\\\/extraeducacion\\\/#\\\/schema\\\/person\\\/5228007cb64f7ca80adbd750a941d59c\",\"name\":\"Redacci\u00f3n\",\"image\":{\"@type\":\"ImageObject\",\"inLanguage\":\"es\",\"@id\":\"https:\\\/\\\/eldiariodelaeducacion.com\\\/wp-content\\\/uploads\\\/2024\\\/10\\\/redaccion_avatar-96x96.png\",\"url\":\"https:\\\/\\\/eldiariodelaeducacion.com\\\/wp-content\\\/uploads\\\/2024\\\/10\\\/redaccion_avatar-96x96.png\",\"contentUrl\":\"https:\\\/\\\/eldiariodelaeducacion.com\\\/wp-content\\\/uploads\\\/2024\\\/10\\\/redaccion_avatar-96x96.png\",\"caption\":\"Redacci\u00f3n\"},\"url\":\"https:\\\/\\\/eldiariodelaeducacion.com\\\/extraeducacion\\\/author\\\/redaccion\\\/\"}]}<\/script>\n<!-- \/ Yoast SEO plugin. -->","yoast_head_json":{"title":"Educaci\u00f3n y empleabilidad: c\u00f3mo prepararte para el mercado laboral - Extra Educaci\u00f3n","robots":{"index":"index","follow":"follow","max-snippet":"max-snippet:-1","max-image-preview":"max-image-preview:large","max-video-preview":"max-video-preview:-1"},"canonical":"https:\/\/eldiariodelaeducacion.com\/extraeducacion\/2025\/01\/14\/educacion-y-empleabilidad-como-prepararte-para-el-mercado-laboral\/","og_locale":"es_ES","og_type":"article","og_title":"Educaci\u00f3n y empleabilidad: c\u00f3mo prepararte para el mercado laboral - Extra Educaci\u00f3n","og_description":"En un mundo que cambia a toda velocidad, donde la tecnolog\u00eda y la globalizaci\u00f3n est\u00e1n transformando pr\u00e1cticamente todo, prepararte para el mercado laboral ya no es solo cuesti\u00f3n de t\u00edtulos universitarios. Hoy, las empresas buscan algo m\u00e1s: habilidades pr\u00e1cticas, adaptabilidad y ganas de aprender constantemente. \u00bfLa buena noticia? Hay herramientas y estrategias al alcance de","og_url":"https:\/\/eldiariodelaeducacion.com\/extraeducacion\/2025\/01\/14\/educacion-y-empleabilidad-como-prepararte-para-el-mercado-laboral\/","og_site_name":"Extra Educaci\u00f3n","article_published_time":"2025-01-14T05:00:00+00:00","article_modified_time":"2025-01-17T07:12:55+00:00","og_image":[{"width":2121,"height":1414,"url":"https:\/\/eldiariodelaeducacion.com\/extraeducacion\/wp-content\/uploads\/sites\/5\/2023\/11\/GettyImages-1446806057.jpg","type":"image\/jpeg"}],"author":"Redacci\u00f3n","twitter_card":"summary_large_image","twitter_misc":{"Escrito por":"Redacci\u00f3n","Tiempo de lectura":"4 minutos"},"schema":{"@context":"https:\/\/schema.org","@graph":[{"@type":"Article","@id":"https:\/\/eldiariodelaeducacion.com\/extraeducacion\/2025\/01\/14\/educacion-y-empleabilidad-como-prepararte-para-el-mercado-laboral\/#article","isPartOf":{"@id":"https:\/\/eldiariodelaeducacion.com\/extraeducacion\/2025\/01\/14\/educacion-y-empleabilidad-como-prepararte-para-el-mercado-laboral\/"},"author":{"name":"Redacci\u00f3n","@id":"https:\/\/eldiariodelaeducacion.com\/extraeducacion\/#\/schema\/person\/5228007cb64f7ca80adbd750a941d59c"},"headline":"Educaci\u00f3n y empleabilidad: c\u00f3mo prepararte para el mercado laboral","datePublished":"2025-01-14T05:00:00+00:00","dateModified":"2025-01-17T07:12:55+00:00","mainEntityOfPage":{"@id":"https:\/\/eldiariodelaeducacion.com\/extraeducacion\/2025\/01\/14\/educacion-y-empleabilidad-como-prepararte-para-el-mercado-laboral\/"},"wordCount":789,"commentCount":0,"image":{"@id":"https:\/\/eldiariodelaeducacion.com\/extraeducacion\/2025\/01\/14\/educacion-y-empleabilidad-como-prepararte-para-el-mercado-laboral\/#primaryimage"},"thumbnailUrl":"https:\/\/eldiariodelaeducacion.com\/extraeducacion\/wp-content\/uploads\/sites\/5\/2023\/11\/GettyImages-1446806057.jpg","keywords":["cursos gratuitos","cursos online"],"articleSection":["Extra educaci\u00f3n"],"inLanguage":"es","potentialAction":[{"@type":"CommentAction","name":"Comment","target":["https:\/\/eldiariodelaeducacion.com\/extraeducacion\/2025\/01\/14\/educacion-y-empleabilidad-como-prepararte-para-el-mercado-laboral\/#respond"]}]},{"@type":"WebPage","@id":"https:\/\/eldiariodelaeducacion.com\/extraeducacion\/2025\/01\/14\/educacion-y-empleabilidad-como-prepararte-para-el-mercado-laboral\/","url":"https:\/\/eldiariodelaeducacion.com\/extraeducacion\/2025\/01\/14\/educacion-y-empleabilidad-como-prepararte-para-el-mercado-laboral\/","name":"Educaci\u00f3n y empleabilidad: c\u00f3mo prepararte para el mercado laboral - Extra Educaci\u00f3n","isPartOf":{"@id":"https:\/\/eldiariodelaeducacion.com\/extraeducacion\/#website"},"primaryImageOfPage":{"@id":"https:\/\/eldiariodelaeducacion.com\/extraeducacion\/2025\/01\/14\/educacion-y-empleabilidad-como-prepararte-para-el-mercado-laboral\/#primaryimage"},"image":{"@id":"https:\/\/eldiariodelaeducacion.com\/extraeducacion\/2025\/01\/14\/educacion-y-empleabilidad-como-prepararte-para-el-mercado-laboral\/#primaryimage"},"thumbnailUrl":"https:\/\/eldiariodelaeducacion.com\/extraeducacion\/wp-content\/uploads\/sites\/5\/2023\/11\/GettyImages-1446806057.jpg","datePublished":"2025-01-14T05:00:00+00:00","dateModified":"2025-01-17T07:12:55+00:00","author":{"@id":"https:\/\/eldiariodelaeducacion.com\/extraeducacion\/#\/schema\/person\/5228007cb64f7ca80adbd750a941d59c"},"breadcrumb":{"@id":"https:\/\/eldiariodelaeducacion.com\/extraeducacion\/2025\/01\/14\/educacion-y-empleabilidad-como-prepararte-para-el-mercado-laboral\/#breadcrumb"},"inLanguage":"es","potentialAction":[{"@type":"ReadAction","target":["https:\/\/eldiariodelaeducacion.com\/extraeducacion\/2025\/01\/14\/educacion-y-empleabilidad-como-prepararte-para-el-mercado-laboral\/"]}]},{"@type":"ImageObject","inLanguage":"es","@id":"https:\/\/eldiariodelaeducacion.com\/extraeducacion\/2025\/01\/14\/educacion-y-empleabilidad-como-prepararte-para-el-mercado-laboral\/#primaryimage","url":"https:\/\/eldiariodelaeducacion.com\/extraeducacion\/wp-content\/uploads\/sites\/5\/2023\/11\/GettyImages-1446806057.jpg","contentUrl":"https:\/\/eldiariodelaeducacion.com\/extraeducacion\/wp-content\/uploads\/sites\/5\/2023\/11\/GettyImages-1446806057.jpg","width":2121,"height":1414,"caption":"Gettyimages"},{"@type":"BreadcrumbList","@id":"https:\/\/eldiariodelaeducacion.com\/extraeducacion\/2025\/01\/14\/educacion-y-empleabilidad-como-prepararte-para-el-mercado-laboral\/#breadcrumb","itemListElement":[{"@type":"ListItem","position":1,"name":"Portada","item":"https:\/\/eldiariodelaeducacion.com\/extraeducacion\/"},{"@type":"ListItem","position":2,"name":"Educaci\u00f3n y empleabilidad: c\u00f3mo prepararte para el mercado laboral"}]},{"@type":"WebSite","@id":"https:\/\/eldiariodelaeducacion.com\/extraeducacion\/#website","url":"https:\/\/eldiariodelaeducacion.com\/extraeducacion\/","name":"Extra Educaci\u00f3n","description":"Un blog de El Diario de la Educaci\u00f3n","potentialAction":[{"@type":"SearchAction","target":{"@type":"EntryPoint","urlTemplate":"https:\/\/eldiariodelaeducacion.com\/extraeducacion\/?s={search_term_string}"},"query-input":{"@type":"PropertyValueSpecification","valueRequired":true,"valueName":"search_term_string"}}],"inLanguage":"es"},{"@type":"Person","@id":"https:\/\/eldiariodelaeducacion.com\/extraeducacion\/#\/schema\/person\/5228007cb64f7ca80adbd750a941d59c","name":"Redacci\u00f3n","image":{"@type":"ImageObject","inLanguage":"es","@id":"https:\/\/eldiariodelaeducacion.com\/wp-content\/uploads\/2024\/10\/redaccion_avatar-96x96.png","url":"https:\/\/eldiariodelaeducacion.com\/wp-content\/uploads\/2024\/10\/redaccion_avatar-96x96.png","contentUrl":"https:\/\/eldiariodelaeducacion.com\/wp-content\/uploads\/2024\/10\/redaccion_avatar-96x96.png","caption":"Redacci\u00f3n"},"url":"https:\/\/eldiariodelaeducacion.com\/extraeducacion\/author\/redaccion\/"}]}},"_links":{"self":[{"href":"https:\/\/eldiariodelaeducacion.com\/extraeducacion\/wp-json\/wp\/v2\/posts\/1179","targetHints":{"allow":["GET"]}}],"collection":[{"href":"https:\/\/eldiariodelaeducacion.com\/extraeducacion\/wp-json\/wp\/v2\/posts"}],"about":[{"href":"https:\/\/eldiariodelaeducacion.com\/extraeducacion\/wp-json\/wp\/v2\/types\/post"}],"author":[{"embeddable":true,"href":"https:\/\/eldiariodelaeducacion.com\/extraeducacion\/wp-json\/wp\/v2\/users\/150"}],"replies":[{"embeddable":true,"href":"https:\/\/eldiariodelaeducacion.com\/extraeducacion\/wp-json\/wp\/v2\/comments?post=1179"}],"version-history":[{"count":2,"href":"https:\/\/eldiariodelaeducacion.com\/extraeducacion\/wp-json\/wp\/v2\/posts\/1179\/revisions"}],"predecessor-version":[{"id":1182,"href":"https:\/\/eldiariodelaeducacion.com\/extraeducacion\/wp-json\/wp\/v2\/posts\/1179\/revisions\/1182"}],"wp:featuredmedia":[{"embeddable":true,"href":"https:\/\/eldiariodelaeducacion.com\/extraeducacion\/wp-json\/wp\/v2\/media\/676"}],"wp:attachment":[{"href":"https:\/\/eldiariodelaeducacion.com\/extraeducacion\/wp-json\/wp\/v2\/media?parent=1179"}],"wp:term":[{"taxonomy":"category","embeddable":true,"href":"https:\/\/eldiariodelaeducacion.com\/extraeducacion\/wp-json\/wp\/v2\/categories?post=1179"},{"taxonomy":"post_tag","embeddable":true,"href":"https:\/\/eldiariodelaeducacion.com\/extraeducacion\/wp-json\/wp\/v2\/tags?post=1179"},{"taxonomy":"tipo","embeddable":true,"href":"https:\/\/eldiariodelaeducacion.com\/extraeducacion\/wp-json\/wp\/v2\/tipo?post=1179"}],"curies":[{"name":"wp","href":"https:\/\/api.w.org\/{rel}","templated":true}]}}