{"id":1211,"date":"2025-03-04T06:00:00","date_gmt":"2025-03-04T05:00:00","guid":{"rendered":"https:\/\/eldiariodelaeducacion.com\/extraeducacion\/?p=1211"},"modified":"2025-03-03T17:57:06","modified_gmt":"2025-03-03T16:57:06","slug":"por-el-mejor-trato-hacia-la-infancia-y-la-adolescencia","status":"publish","type":"post","link":"https:\/\/eldiariodelaeducacion.com\/extraeducacion\/2025\/03\/04\/por-el-mejor-trato-hacia-la-infancia-y-la-adolescencia\/","title":{"rendered":"Por el mejor trato hacia la infancia y la adolescencia"},"content":{"rendered":"\n<p>A menudo tratamos a la infancia de una forma que no tolerar\u00edamos con personas de nuestra edad. Comportamientos como no escuchar sus opiniones, ridiculizarlos o imponer decisiones sin considerar sus sentimientos son formas sutiles de violencia que hemos normalizado y que pueden generar un desequilibrio en las relaciones entre adultos y menores, propiciando entornos poco saludables. Con el riesgo a\u00f1adido de que ni\u00f1os y ni\u00f1as pueden acabar replicando estas conductas con sus iguales.<\/p>\n\n\n\n<p>Desde la <a href=\"https:\/\/www.educo.org\/\">ONG Educo<\/a> creemos que esto hay que cambiarlo. Nos lo piden los propios ni\u00f1os y ni\u00f1as. Cuatro de cada cinco aseguran que alguna vez no se han sentido respetados, y nueve de cada diez creen que no se escuchan sus opiniones al tomar decisiones que les afectan, seg\u00fan una encuesta que realizamos a finales del 2024.<\/p>\n\n\n\n<p>Por eso hemos lanzado la <a href=\"https:\/\/www.educo.org\/elmejortrato\">campa\u00f1a \u00abEl Mejor Trato\u00bb<\/a>, que reclama una cultura de buen trato hacia la infancia y la adolescencia que promueva la empat\u00eda, la escucha activa y el respeto en nuestras interacciones diarias. No basta con evitar el maltrato; es fundamental adoptar una actitud proactiva que garantice el bienestar emocional y psicol\u00f3gico de peque\u00f1os y j\u00f3venes. Sabemos que fomentar entornos de confianza y protecci\u00f3n, promover la participaci\u00f3n de ni\u00f1os, ni\u00f1as y adolescentes y asegurar que sus voces son escuchadas y valoradas, contribuye a reducir situaciones de violencia y acoso. Y, en definitiva, nos ayuda a cumplir con la Agenda 2030 y espec\u00edficamente con el ODS 16.2 que busca alcanzar sociedades pac\u00edficas e inclusivas para el desarrollo sostenible.<\/p>\n\n\n\n<p>La campa\u00f1a, financiada por el Ministerio de Derechos Sociales, Consumo y Agenda 2030, est\u00e1 dirigida a docentes, familias y profesionales de diversos \u00e1mbitos que conviven con ni\u00f1os y ni\u00f1as. Y proporciona recursos pr\u00e1cticos para usar en diversos entornos, especialmente en el \u00e1mbito educativo, como una gu\u00eda para el profesorado con materiales did\u00e1cticos que ayudan a visualizar y comprender los cuatro ejes fundamentales del buen trato: espacio y tiempo, lenguaje y comunicaci\u00f3n, emociones y autocuidado, y relaciones personales y convivencia positiva.<\/p>\n\n\n\n<p>Puede que esta campa\u00f1a genere incomodidad en algunos de nosotros, profesores, padres o madres que se esfuerzan por hacerlo lo mejor posible, pero en Educo estamos convencidos de que lo que escuece, cura; lo que duele, hace pensar; y lo que genera conversaci\u00f3n y nos obliga a cuestionarnos, es lo que m\u00e1s transforma. Ideal si el objetivo es que las futuras generaciones crezcan felices. Porque tratar bien a la infancia, \u00bfno es el mejor trato que podemos hacer como sociedad?<\/p>\n","protected":false},"excerpt":{"rendered":"<p>\u201cYa s\u00e9 que no te gusta la m\u00fasica, pero te he apuntado a piano\u201d. \u201cNo llores, anda, que no ha sido nada\u201d. \u201cDaros un besito y ya ver\u00e9is como todo se arregla\u201d. Seguro que alguna vez hab\u00e9is escuchado frases parecidas dirigidas a ni\u00f1os, ni\u00f1as y adolescentes. Pero imaginad que saliera de la boca de vuestra pareja, un amigo o una jefa.  <\/p>\n","protected":false},"author":164,"featured_media":1214,"comment_status":"open","ping_status":"open","sticky":false,"template":"","format":"standard","meta":{"footnotes":""},"categories":[2],"tags":[44],"tipo":[30],"class_list":{"0":"post-1211","1":"post","2":"type-post","3":"status-publish","4":"format-standard","5":"has-post-thumbnail","7":"category-extra-educacion","8":"tag-buen-trato","9":"tipo-actualidad"},"yoast_head":"<!-- This site is optimized with the Yoast SEO plugin v27.5 - https:\/\/yoast.com\/product\/yoast-seo-wordpress\/ -->\n<title>Por el mejor trato hacia la infancia y la adolescencia - Extra Educaci\u00f3n<\/title>\n<meta name=\"robots\" content=\"index, follow, max-snippet:-1, max-image-preview:large, max-video-preview:-1\" \/>\n<link rel=\"canonical\" href=\"https:\/\/eldiariodelaeducacion.com\/extraeducacion\/2025\/03\/04\/por-el-mejor-trato-hacia-la-infancia-y-la-adolescencia\/\" \/>\n<meta property=\"og:locale\" content=\"es_ES\" \/>\n<meta property=\"og:type\" content=\"article\" \/>\n<meta property=\"og:title\" content=\"Por el mejor trato hacia la infancia y la adolescencia - Extra Educaci\u00f3n\" \/>\n<meta property=\"og:description\" content=\"\u201cYa s\u00e9 que no te gusta la m\u00fasica, pero te he apuntado a piano\u201d. \u201cNo llores, anda, que no ha sido nada\u201d. \u201cDaros un besito y ya ver\u00e9is como todo se arregla\u201d. Seguro que alguna vez hab\u00e9is escuchado frases parecidas dirigidas a ni\u00f1os, ni\u00f1as y adolescentes. Pero imaginad que saliera de la boca de vuestra pareja, un amigo o una jefa.\" \/>\n<meta property=\"og:url\" content=\"https:\/\/eldiariodelaeducacion.com\/extraeducacion\/2025\/03\/04\/por-el-mejor-trato-hacia-la-infancia-y-la-adolescencia\/\" \/>\n<meta property=\"og:site_name\" content=\"Extra Educaci\u00f3n\" \/>\n<meta property=\"article:published_time\" content=\"2025-03-04T05:00:00+00:00\" \/>\n<meta property=\"og:image\" content=\"https:\/\/eldiariodelaeducacion.com\/extraeducacion\/wp-content\/uploads\/sites\/5\/2025\/03\/Educo-21.jpg\" \/>\n\t<meta property=\"og:image:width\" content=\"1024\" \/>\n\t<meta property=\"og:image:height\" content=\"683\" \/>\n\t<meta property=\"og:image:type\" content=\"image\/jpeg\" \/>\n<meta name=\"author\" content=\"Pilar Orenes\" \/>\n<meta name=\"twitter:card\" content=\"summary_large_image\" \/>\n<meta name=\"twitter:label1\" content=\"Escrito por\" \/>\n\t<meta name=\"twitter:data1\" content=\"Pilar Orenes\" \/>\n\t<meta name=\"twitter:label2\" content=\"Tiempo de lectura\" \/>\n\t<meta name=\"twitter:data2\" content=\"3 minutos\" \/>\n<script type=\"application\/ld+json\" class=\"yoast-schema-graph\">{\"@context\":\"https:\\\/\\\/schema.org\",\"@graph\":[{\"@type\":\"Article\",\"@id\":\"https:\\\/\\\/eldiariodelaeducacion.com\\\/extraeducacion\\\/2025\\\/03\\\/04\\\/por-el-mejor-trato-hacia-la-infancia-y-la-adolescencia\\\/#article\",\"isPartOf\":{\"@id\":\"https:\\\/\\\/eldiariodelaeducacion.com\\\/extraeducacion\\\/2025\\\/03\\\/04\\\/por-el-mejor-trato-hacia-la-infancia-y-la-adolescencia\\\/\"},\"author\":{\"name\":\"Pilar Orenes\",\"@id\":\"https:\\\/\\\/eldiariodelaeducacion.com\\\/extraeducacion\\\/#\\\/schema\\\/person\\\/df83ceca9962a51df45ce64c251da031\"},\"headline\":\"Por el mejor trato hacia la infancia y la adolescencia\",\"datePublished\":\"2025-03-04T05:00:00+00:00\",\"mainEntityOfPage\":{\"@id\":\"https:\\\/\\\/eldiariodelaeducacion.com\\\/extraeducacion\\\/2025\\\/03\\\/04\\\/por-el-mejor-trato-hacia-la-infancia-y-la-adolescencia\\\/\"},\"wordCount\":445,\"commentCount\":0,\"image\":{\"@id\":\"https:\\\/\\\/eldiariodelaeducacion.com\\\/extraeducacion\\\/2025\\\/03\\\/04\\\/por-el-mejor-trato-hacia-la-infancia-y-la-adolescencia\\\/#primaryimage\"},\"thumbnailUrl\":\"https:\\\/\\\/eldiariodelaeducacion.com\\\/extraeducacion\\\/wp-content\\\/uploads\\\/sites\\\/5\\\/2025\\\/03\\\/Educo-21.jpg\",\"keywords\":[\"Buen trato\"],\"articleSection\":[\"Extra educaci\u00f3n\"],\"inLanguage\":\"es\",\"potentialAction\":[{\"@type\":\"CommentAction\",\"name\":\"Comment\",\"target\":[\"https:\\\/\\\/eldiariodelaeducacion.com\\\/extraeducacion\\\/2025\\\/03\\\/04\\\/por-el-mejor-trato-hacia-la-infancia-y-la-adolescencia\\\/#respond\"]}]},{\"@type\":\"WebPage\",\"@id\":\"https:\\\/\\\/eldiariodelaeducacion.com\\\/extraeducacion\\\/2025\\\/03\\\/04\\\/por-el-mejor-trato-hacia-la-infancia-y-la-adolescencia\\\/\",\"url\":\"https:\\\/\\\/eldiariodelaeducacion.com\\\/extraeducacion\\\/2025\\\/03\\\/04\\\/por-el-mejor-trato-hacia-la-infancia-y-la-adolescencia\\\/\",\"name\":\"Por el mejor trato hacia la infancia y la adolescencia - Extra Educaci\u00f3n\",\"isPartOf\":{\"@id\":\"https:\\\/\\\/eldiariodelaeducacion.com\\\/extraeducacion\\\/#website\"},\"primaryImageOfPage\":{\"@id\":\"https:\\\/\\\/eldiariodelaeducacion.com\\\/extraeducacion\\\/2025\\\/03\\\/04\\\/por-el-mejor-trato-hacia-la-infancia-y-la-adolescencia\\\/#primaryimage\"},\"image\":{\"@id\":\"https:\\\/\\\/eldiariodelaeducacion.com\\\/extraeducacion\\\/2025\\\/03\\\/04\\\/por-el-mejor-trato-hacia-la-infancia-y-la-adolescencia\\\/#primaryimage\"},\"thumbnailUrl\":\"https:\\\/\\\/eldiariodelaeducacion.com\\\/extraeducacion\\\/wp-content\\\/uploads\\\/sites\\\/5\\\/2025\\\/03\\\/Educo-21.jpg\",\"datePublished\":\"2025-03-04T05:00:00+00:00\",\"author\":{\"@id\":\"https:\\\/\\\/eldiariodelaeducacion.com\\\/extraeducacion\\\/#\\\/schema\\\/person\\\/df83ceca9962a51df45ce64c251da031\"},\"breadcrumb\":{\"@id\":\"https:\\\/\\\/eldiariodelaeducacion.com\\\/extraeducacion\\\/2025\\\/03\\\/04\\\/por-el-mejor-trato-hacia-la-infancia-y-la-adolescencia\\\/#breadcrumb\"},\"inLanguage\":\"es\",\"potentialAction\":[{\"@type\":\"ReadAction\",\"target\":[\"https:\\\/\\\/eldiariodelaeducacion.com\\\/extraeducacion\\\/2025\\\/03\\\/04\\\/por-el-mejor-trato-hacia-la-infancia-y-la-adolescencia\\\/\"]}]},{\"@type\":\"ImageObject\",\"inLanguage\":\"es\",\"@id\":\"https:\\\/\\\/eldiariodelaeducacion.com\\\/extraeducacion\\\/2025\\\/03\\\/04\\\/por-el-mejor-trato-hacia-la-infancia-y-la-adolescencia\\\/#primaryimage\",\"url\":\"https:\\\/\\\/eldiariodelaeducacion.com\\\/extraeducacion\\\/wp-content\\\/uploads\\\/sites\\\/5\\\/2025\\\/03\\\/Educo-21.jpg\",\"contentUrl\":\"https:\\\/\\\/eldiariodelaeducacion.com\\\/extraeducacion\\\/wp-content\\\/uploads\\\/sites\\\/5\\\/2025\\\/03\\\/Educo-21.jpg\",\"width\":1024,\"height\":683,\"caption\":\"Foto: Educo\"},{\"@type\":\"BreadcrumbList\",\"@id\":\"https:\\\/\\\/eldiariodelaeducacion.com\\\/extraeducacion\\\/2025\\\/03\\\/04\\\/por-el-mejor-trato-hacia-la-infancia-y-la-adolescencia\\\/#breadcrumb\",\"itemListElement\":[{\"@type\":\"ListItem\",\"position\":1,\"name\":\"Portada\",\"item\":\"https:\\\/\\\/eldiariodelaeducacion.com\\\/extraeducacion\\\/\"},{\"@type\":\"ListItem\",\"position\":2,\"name\":\"Por el mejor trato hacia la infancia y la adolescencia\"}]},{\"@type\":\"WebSite\",\"@id\":\"https:\\\/\\\/eldiariodelaeducacion.com\\\/extraeducacion\\\/#website\",\"url\":\"https:\\\/\\\/eldiariodelaeducacion.com\\\/extraeducacion\\\/\",\"name\":\"Extra Educaci\u00f3n\",\"description\":\"Un blog de El Diario de la Educaci\u00f3n\",\"potentialAction\":[{\"@type\":\"SearchAction\",\"target\":{\"@type\":\"EntryPoint\",\"urlTemplate\":\"https:\\\/\\\/eldiariodelaeducacion.com\\\/extraeducacion\\\/?s={search_term_string}\"},\"query-input\":{\"@type\":\"PropertyValueSpecification\",\"valueRequired\":true,\"valueName\":\"search_term_string\"}}],\"inLanguage\":\"es\"},{\"@type\":\"Person\",\"@id\":\"https:\\\/\\\/eldiariodelaeducacion.com\\\/extraeducacion\\\/#\\\/schema\\\/person\\\/df83ceca9962a51df45ce64c251da031\",\"name\":\"Pilar Orenes\",\"image\":{\"@type\":\"ImageObject\",\"inLanguage\":\"es\",\"@id\":\"https:\\\/\\\/secure.gravatar.com\\\/avatar\\\/fffdb638bd35a89d936182a58ae4810577943083fd0e838c02cfd1e47b5b023a?s=96&d=mm&r=g\",\"url\":\"https:\\\/\\\/secure.gravatar.com\\\/avatar\\\/fffdb638bd35a89d936182a58ae4810577943083fd0e838c02cfd1e47b5b023a?s=96&d=mm&r=g\",\"contentUrl\":\"https:\\\/\\\/secure.gravatar.com\\\/avatar\\\/fffdb638bd35a89d936182a58ae4810577943083fd0e838c02cfd1e47b5b023a?s=96&d=mm&r=g\",\"caption\":\"Pilar Orenes\"},\"url\":\"https:\\\/\\\/eldiariodelaeducacion.com\\\/extraeducacion\\\/author\\\/pilarorenes\\\/\"}]}<\/script>\n<!-- \/ Yoast SEO plugin. -->","yoast_head_json":{"title":"Por el mejor trato hacia la infancia y la adolescencia - Extra Educaci\u00f3n","robots":{"index":"index","follow":"follow","max-snippet":"max-snippet:-1","max-image-preview":"max-image-preview:large","max-video-preview":"max-video-preview:-1"},"canonical":"https:\/\/eldiariodelaeducacion.com\/extraeducacion\/2025\/03\/04\/por-el-mejor-trato-hacia-la-infancia-y-la-adolescencia\/","og_locale":"es_ES","og_type":"article","og_title":"Por el mejor trato hacia la infancia y la adolescencia - Extra Educaci\u00f3n","og_description":"\u201cYa s\u00e9 que no te gusta la m\u00fasica, pero te he apuntado a piano\u201d. \u201cNo llores, anda, que no ha sido nada\u201d. \u201cDaros un besito y ya ver\u00e9is como todo se arregla\u201d. Seguro que alguna vez hab\u00e9is escuchado frases parecidas dirigidas a ni\u00f1os, ni\u00f1as y adolescentes. Pero imaginad que saliera de la boca de vuestra pareja, un amigo o una jefa.","og_url":"https:\/\/eldiariodelaeducacion.com\/extraeducacion\/2025\/03\/04\/por-el-mejor-trato-hacia-la-infancia-y-la-adolescencia\/","og_site_name":"Extra Educaci\u00f3n","article_published_time":"2025-03-04T05:00:00+00:00","og_image":[{"width":1024,"height":683,"url":"https:\/\/eldiariodelaeducacion.com\/extraeducacion\/wp-content\/uploads\/sites\/5\/2025\/03\/Educo-21.jpg","type":"image\/jpeg"}],"author":"Pilar Orenes","twitter_card":"summary_large_image","twitter_misc":{"Escrito por":"Pilar Orenes","Tiempo de lectura":"3 minutos"},"schema":{"@context":"https:\/\/schema.org","@graph":[{"@type":"Article","@id":"https:\/\/eldiariodelaeducacion.com\/extraeducacion\/2025\/03\/04\/por-el-mejor-trato-hacia-la-infancia-y-la-adolescencia\/#article","isPartOf":{"@id":"https:\/\/eldiariodelaeducacion.com\/extraeducacion\/2025\/03\/04\/por-el-mejor-trato-hacia-la-infancia-y-la-adolescencia\/"},"author":{"name":"Pilar Orenes","@id":"https:\/\/eldiariodelaeducacion.com\/extraeducacion\/#\/schema\/person\/df83ceca9962a51df45ce64c251da031"},"headline":"Por el mejor trato hacia la infancia y la adolescencia","datePublished":"2025-03-04T05:00:00+00:00","mainEntityOfPage":{"@id":"https:\/\/eldiariodelaeducacion.com\/extraeducacion\/2025\/03\/04\/por-el-mejor-trato-hacia-la-infancia-y-la-adolescencia\/"},"wordCount":445,"commentCount":0,"image":{"@id":"https:\/\/eldiariodelaeducacion.com\/extraeducacion\/2025\/03\/04\/por-el-mejor-trato-hacia-la-infancia-y-la-adolescencia\/#primaryimage"},"thumbnailUrl":"https:\/\/eldiariodelaeducacion.com\/extraeducacion\/wp-content\/uploads\/sites\/5\/2025\/03\/Educo-21.jpg","keywords":["Buen trato"],"articleSection":["Extra educaci\u00f3n"],"inLanguage":"es","potentialAction":[{"@type":"CommentAction","name":"Comment","target":["https:\/\/eldiariodelaeducacion.com\/extraeducacion\/2025\/03\/04\/por-el-mejor-trato-hacia-la-infancia-y-la-adolescencia\/#respond"]}]},{"@type":"WebPage","@id":"https:\/\/eldiariodelaeducacion.com\/extraeducacion\/2025\/03\/04\/por-el-mejor-trato-hacia-la-infancia-y-la-adolescencia\/","url":"https:\/\/eldiariodelaeducacion.com\/extraeducacion\/2025\/03\/04\/por-el-mejor-trato-hacia-la-infancia-y-la-adolescencia\/","name":"Por el mejor trato hacia la infancia y la adolescencia - Extra Educaci\u00f3n","isPartOf":{"@id":"https:\/\/eldiariodelaeducacion.com\/extraeducacion\/#website"},"primaryImageOfPage":{"@id":"https:\/\/eldiariodelaeducacion.com\/extraeducacion\/2025\/03\/04\/por-el-mejor-trato-hacia-la-infancia-y-la-adolescencia\/#primaryimage"},"image":{"@id":"https:\/\/eldiariodelaeducacion.com\/extraeducacion\/2025\/03\/04\/por-el-mejor-trato-hacia-la-infancia-y-la-adolescencia\/#primaryimage"},"thumbnailUrl":"https:\/\/eldiariodelaeducacion.com\/extraeducacion\/wp-content\/uploads\/sites\/5\/2025\/03\/Educo-21.jpg","datePublished":"2025-03-04T05:00:00+00:00","author":{"@id":"https:\/\/eldiariodelaeducacion.com\/extraeducacion\/#\/schema\/person\/df83ceca9962a51df45ce64c251da031"},"breadcrumb":{"@id":"https:\/\/eldiariodelaeducacion.com\/extraeducacion\/2025\/03\/04\/por-el-mejor-trato-hacia-la-infancia-y-la-adolescencia\/#breadcrumb"},"inLanguage":"es","potentialAction":[{"@type":"ReadAction","target":["https:\/\/eldiariodelaeducacion.com\/extraeducacion\/2025\/03\/04\/por-el-mejor-trato-hacia-la-infancia-y-la-adolescencia\/"]}]},{"@type":"ImageObject","inLanguage":"es","@id":"https:\/\/eldiariodelaeducacion.com\/extraeducacion\/2025\/03\/04\/por-el-mejor-trato-hacia-la-infancia-y-la-adolescencia\/#primaryimage","url":"https:\/\/eldiariodelaeducacion.com\/extraeducacion\/wp-content\/uploads\/sites\/5\/2025\/03\/Educo-21.jpg","contentUrl":"https:\/\/eldiariodelaeducacion.com\/extraeducacion\/wp-content\/uploads\/sites\/5\/2025\/03\/Educo-21.jpg","width":1024,"height":683,"caption":"Foto: Educo"},{"@type":"BreadcrumbList","@id":"https:\/\/eldiariodelaeducacion.com\/extraeducacion\/2025\/03\/04\/por-el-mejor-trato-hacia-la-infancia-y-la-adolescencia\/#breadcrumb","itemListElement":[{"@type":"ListItem","position":1,"name":"Portada","item":"https:\/\/eldiariodelaeducacion.com\/extraeducacion\/"},{"@type":"ListItem","position":2,"name":"Por el mejor trato hacia la infancia y la adolescencia"}]},{"@type":"WebSite","@id":"https:\/\/eldiariodelaeducacion.com\/extraeducacion\/#website","url":"https:\/\/eldiariodelaeducacion.com\/extraeducacion\/","name":"Extra Educaci\u00f3n","description":"Un blog de El Diario de la Educaci\u00f3n","potentialAction":[{"@type":"SearchAction","target":{"@type":"EntryPoint","urlTemplate":"https:\/\/eldiariodelaeducacion.com\/extraeducacion\/?s={search_term_string}"},"query-input":{"@type":"PropertyValueSpecification","valueRequired":true,"valueName":"search_term_string"}}],"inLanguage":"es"},{"@type":"Person","@id":"https:\/\/eldiariodelaeducacion.com\/extraeducacion\/#\/schema\/person\/df83ceca9962a51df45ce64c251da031","name":"Pilar Orenes","image":{"@type":"ImageObject","inLanguage":"es","@id":"https:\/\/secure.gravatar.com\/avatar\/fffdb638bd35a89d936182a58ae4810577943083fd0e838c02cfd1e47b5b023a?s=96&d=mm&r=g","url":"https:\/\/secure.gravatar.com\/avatar\/fffdb638bd35a89d936182a58ae4810577943083fd0e838c02cfd1e47b5b023a?s=96&d=mm&r=g","contentUrl":"https:\/\/secure.gravatar.com\/avatar\/fffdb638bd35a89d936182a58ae4810577943083fd0e838c02cfd1e47b5b023a?s=96&d=mm&r=g","caption":"Pilar Orenes"},"url":"https:\/\/eldiariodelaeducacion.com\/extraeducacion\/author\/pilarorenes\/"}]}},"_links":{"self":[{"href":"https:\/\/eldiariodelaeducacion.com\/extraeducacion\/wp-json\/wp\/v2\/posts\/1211","targetHints":{"allow":["GET"]}}],"collection":[{"href":"https:\/\/eldiariodelaeducacion.com\/extraeducacion\/wp-json\/wp\/v2\/posts"}],"about":[{"href":"https:\/\/eldiariodelaeducacion.com\/extraeducacion\/wp-json\/wp\/v2\/types\/post"}],"author":[{"embeddable":true,"href":"https:\/\/eldiariodelaeducacion.com\/extraeducacion\/wp-json\/wp\/v2\/users\/164"}],"replies":[{"embeddable":true,"href":"https:\/\/eldiariodelaeducacion.com\/extraeducacion\/wp-json\/wp\/v2\/comments?post=1211"}],"version-history":[{"count":1,"href":"https:\/\/eldiariodelaeducacion.com\/extraeducacion\/wp-json\/wp\/v2\/posts\/1211\/revisions"}],"predecessor-version":[{"id":1212,"href":"https:\/\/eldiariodelaeducacion.com\/extraeducacion\/wp-json\/wp\/v2\/posts\/1211\/revisions\/1212"}],"wp:featuredmedia":[{"embeddable":true,"href":"https:\/\/eldiariodelaeducacion.com\/extraeducacion\/wp-json\/wp\/v2\/media\/1214"}],"wp:attachment":[{"href":"https:\/\/eldiariodelaeducacion.com\/extraeducacion\/wp-json\/wp\/v2\/media?parent=1211"}],"wp:term":[{"taxonomy":"category","embeddable":true,"href":"https:\/\/eldiariodelaeducacion.com\/extraeducacion\/wp-json\/wp\/v2\/categories?post=1211"},{"taxonomy":"post_tag","embeddable":true,"href":"https:\/\/eldiariodelaeducacion.com\/extraeducacion\/wp-json\/wp\/v2\/tags?post=1211"},{"taxonomy":"tipo","embeddable":true,"href":"https:\/\/eldiariodelaeducacion.com\/extraeducacion\/wp-json\/wp\/v2\/tipo?post=1211"}],"curies":[{"name":"wp","href":"https:\/\/api.w.org\/{rel}","templated":true}]}}