{"id":1241,"date":"2025-05-05T06:00:00","date_gmt":"2025-05-05T04:00:00","guid":{"rendered":"https:\/\/eldiariodelaeducacion.com\/extraeducacion\/?p=1241"},"modified":"2025-05-27T18:10:55","modified_gmt":"2025-05-27T16:10:55","slug":"infografias-para-entender-la-ia","status":"publish","type":"post","link":"https:\/\/eldiariodelaeducacion.com\/extraeducacion\/2025\/05\/05\/infografias-para-entender-la-ia\/","title":{"rendered":"Infograf\u00edas para entender la IA"},"content":{"rendered":"\n<p><strong>Las infograf\u00edas son representaciones visuales de car\u00e1cter gr\u00e1fico que ayudan a presentar conceptos abstractos, procesos evolutivos o ideas complejas de forma elocuente y apetecible. Estas caracter\u00edsticas las convierten en un formato informativo y formativo de gran valor para conectar con rapidez y claridad con unos usuarios que viven sumidos en escenarios marcados por la sobreabundancia informativa y la amenaza de la infoxicaci\u00f3n. Las infograf\u00edas son herramientas clave para explicar, difundir y sensibilizar sobre la IA, sus caracter\u00edsticas, sus desaf\u00edos y sus oportunidades. El proyecto\u00a0\u201cLa inteligencia artificial para el fomento del periodismo de calidad y la alfabetizaci\u00f3n medi\u00e1tica: Avances tecnol\u00f3gicos aplicados y desaf\u00edos en la era de la desinformaci\u00f3n\u201d\u00a0(Referencia PID2023-149759OB-I00) del Gabinete de Comunicaci\u00f3n y Educaci\u00f3n de la UAB se plantea, entre otros hitos, construir una colecci\u00f3n de infograf\u00edas que conecten la IA con el periodismo.<\/strong><\/p>\n\n\n\n<h2 class=\"wp-block-heading\"><strong>La infograf\u00eda como baluarte informativo<\/strong><\/h2>\n\n\n\n<p>El dise\u00f1o de una infograf\u00eda demanda de un dominio del color, el dise\u00f1o gr\u00e1fico, la composici\u00f3n en pantalla y la escritura visual, entre otros, aspectos. La correcta combinaci\u00f3n de estos elementos es clave para <strong>simplificar conceptos o ideas complejas<\/strong> y, de este modo, aproximarlas a una audiencia que prefiere y conecta con narrativas m\u00e1s visuales y audiovisuales. El componente multimedia es otra de las posibilidades de este tipo de formatos. La utilizaci\u00f3n de <strong>esquemas, tablas, l\u00edneas de tiempo, gr\u00e1ficos, diagramas e iconos<\/strong> permite enfatizar asuntos, comparar datos o exponer procesos.<\/p>\n\n\n\n<p>Adem\u00e1s, los estudios indican que este tipo de contenidos <strong>se comparte m\u00e1s en redes sociales<\/strong> que otro tipo de formatos. A ello se une que son elementos de gran fuerza complementaria para <strong>reportajes, cr\u00f3nicas, ensayos, informes<\/strong> y otro tipo de desarrollos textuales. Algunas investigaciones apuntan que las infograf\u00edas pueden alcanzar <strong>un 200% de \u201clikes\u201d m\u00e1s<\/strong> que los mensajes textuales. En el escenario actual ayudan a mejorar el posicionamiento org\u00e1nico en buscadores en la medida en que potencian el tr\u00e1fico, la obtenci\u00f3n de enlaces y la eclosi\u00f3n de palabras clave de las principales b\u00fasquedas. Existen informes que indican que las infograf\u00edas generan <strong>un 12% m\u00e1s de tr\u00e1fico<\/strong> que otros contenidos. Todo ello nos sit\u00faa ante un desaf\u00edo tan ambicioso como estimulante: explicar la IA, sus interrogantes y sus potencialidades a partir de contenidos infogr\u00e1ficos aut\u00f3nomos o convertidos en piezas complementarias de mensajes m\u00e1s amplios y complejos.<\/p>\n\n\n\n<figure class=\"wp-block-image size-large\"><img fetchpriority=\"high\" decoding=\"async\" width=\"1024\" height=\"576\" src=\"https:\/\/eldiariodelaeducacion.com\/extraeducacion\/wp-content\/uploads\/sites\/5\/2025\/04\/conceptos-clave-ia-1024x576.png\" alt=\"\" class=\"wp-image-1243\" srcset=\"https:\/\/eldiariodelaeducacion.com\/extraeducacion\/wp-content\/uploads\/sites\/5\/2025\/04\/conceptos-clave-ia-1024x576.png 1024w, https:\/\/eldiariodelaeducacion.com\/extraeducacion\/wp-content\/uploads\/sites\/5\/2025\/04\/conceptos-clave-ia-300x169.png 300w, https:\/\/eldiariodelaeducacion.com\/extraeducacion\/wp-content\/uploads\/sites\/5\/2025\/04\/conceptos-clave-ia-768x432.png 768w, https:\/\/eldiariodelaeducacion.com\/extraeducacion\/wp-content\/uploads\/sites\/5\/2025\/04\/conceptos-clave-ia-1536x864.png 1536w, https:\/\/eldiariodelaeducacion.com\/extraeducacion\/wp-content\/uploads\/sites\/5\/2025\/04\/conceptos-clave-ia-18x10.png 18w, https:\/\/eldiariodelaeducacion.com\/extraeducacion\/wp-content\/uploads\/sites\/5\/2025\/04\/conceptos-clave-ia-150x84.png 150w, https:\/\/eldiariodelaeducacion.com\/extraeducacion\/wp-content\/uploads\/sites\/5\/2025\/04\/conceptos-clave-ia-450x253.png 450w, https:\/\/eldiariodelaeducacion.com\/extraeducacion\/wp-content\/uploads\/sites\/5\/2025\/04\/conceptos-clave-ia-1200x675.png 1200w, https:\/\/eldiariodelaeducacion.com\/extraeducacion\/wp-content\/uploads\/sites\/5\/2025\/04\/conceptos-clave-ia.png 1920w\" sizes=\"(max-width: 1024px) 100vw, 1024px\" \/><\/figure>\n\n\n\n<h2 class=\"wp-block-heading\"><strong>Contar la IA \u2018visualmente\u2019<\/strong><\/h2>\n\n\n\n<p>El proyecto&nbsp;<strong><a href=\"https:\/\/iacom.gabinetecomunicacionyeducacion.com\/\">\u201cLa inteligencia artificial para el fomento del periodismo de calidad y la alfabetizaci\u00f3n medi\u00e1tica: Avances tecnol\u00f3gicos aplicados y desaf\u00edos en la era de la desinformaci\u00f3n\u201d<\/a><\/strong><a href=\"https:\/\/iacom.gabinetecomunicacionyeducacion.com\/\"><u>&nbsp;<\/u><\/a>(Referencia PID2023-149759OB-I00) es una iniciativa derivada de la convocatoria 2023 de \u00abProyectos de generaci\u00f3n de conocimiento\u00bb y actuaciones para la formaci\u00f3n de personal investigador predoctoral asociadas a dichos proyectos, en el marco del Programa Estatal para Impulsar la Investigaci\u00f3n Cient\u00edfico-T\u00e9cnica y su Transferencia, del Plan Estatal de Investigaci\u00f3n Cient\u00edfica, T\u00e9cnica y de Innovaci\u00f3n 2021-2023. El&nbsp;<a href=\"https:\/\/www.gabinetecomunicacionyeducacion.com\/\">Gabinete de Comunicaci\u00f3n y Educaci\u00f3n<\/a><strong>&nbsp;de la UAB,<\/strong>&nbsp;junto a varias universidades espa\u00f1olas y un ecosistema de entidades e iniciativas colaboradoras, impulsa este proyecto bajo el liderazgo, como Investigador Principal (IP), de Santiago Tejedor. La iniciativa cuenta con la participaci\u00f3n de investigadores de la Universidad San Jorge de Zaragoza, la Universidad Valladolid y la Universidad Abad Oliva CEU de Barcelona.<\/p>\n\n\n\n<p>El proyecto parte de la necesidad de que los medios en Espa\u00f1a y la regi\u00f3n iberoamericana en su conjunto implementen&nbsp;<strong>directrices, estrategias&nbsp;<\/strong>y&nbsp;<strong>hojas de ruta&nbsp;<\/strong>que fomenten el uso de la IA para mejorar la producci\u00f3n y promoci\u00f3n de contenidos informativos. Con relaci\u00f3n a ello, a pesar del gran volumen de t\u00edtulos publicados, sigue siendo crucial contar con un mayor acervo de materiales que generen pautas y recomendaciones orientadas a transformar y resolver problemas del sector period\u00edstico desde una perspectiva transversal y hol\u00edstica.<\/p>\n\n\n\n<p>El objetivo es&nbsp;<strong>redefinir<\/strong>,&nbsp;<strong>adaptar&nbsp;<\/strong>y&nbsp;<strong>mejorar&nbsp;<\/strong>el periodismo mediante la adopci\u00f3n de:&nbsp;<strong>recursos, herramientas, procesos&nbsp;<\/strong>y&nbsp;<strong>rutinas&nbsp;<\/strong>derivadas de las posibilidades de los nuevos avances tecnol\u00f3gicos de la IA. La iniciativa pretende generar una&nbsp;<strong>cartograf\u00eda multimedia e interactiva<\/strong>&nbsp;con iniciativas a nivel mundial que han implementado la IA en algunas de las etapas del proceso de generaci\u00f3n de contenidos informativos. Adem\u00e1s, se prev\u00e9 la construcci\u00f3n de un <strong>cat\u00e1logo de estudios de casos y experiencias de \u00e9xito, as\u00ed como un acervo de infograf\u00edas, mapas conceptuales, c\u00e1psulas audiovisuales y otros entregables<\/strong>. La iniciativa, que desarrolla un amplio n\u00famero de entrevistas a expertos, generar\u00e1 un libro blanco dirigido al conjunto de la ciudadan\u00eda, especialmente, a periodistas y comunicadores. Por otro lado, en el \u00e1mbito acad\u00e9mico, se ha planificado la presencia en congresos nacionales e internacionales, as\u00ed como la publicaci\u00f3n de art\u00edculos y cap\u00edtulos de libros. Junto a ello, el proyecto ha dise\u00f1ado una gran estrategia medi\u00e1tica mediante noticias, reportajes, cr\u00f3nicas y entregables sonoros y audiovisuales en diferentes formatos.&nbsp;&nbsp;<\/p>\n\n\n\n<figure class=\"wp-block-image size-large\"><img decoding=\"async\" width=\"1024\" height=\"576\" src=\"https:\/\/eldiariodelaeducacion.com\/extraeducacion\/wp-content\/uploads\/sites\/5\/2025\/04\/etica-IA-periodismo-1024x576.png\" alt=\"\" class=\"wp-image-1244\" srcset=\"https:\/\/eldiariodelaeducacion.com\/extraeducacion\/wp-content\/uploads\/sites\/5\/2025\/04\/etica-IA-periodismo-1024x576.png 1024w, https:\/\/eldiariodelaeducacion.com\/extraeducacion\/wp-content\/uploads\/sites\/5\/2025\/04\/etica-IA-periodismo-300x169.png 300w, https:\/\/eldiariodelaeducacion.com\/extraeducacion\/wp-content\/uploads\/sites\/5\/2025\/04\/etica-IA-periodismo-768x432.png 768w, https:\/\/eldiariodelaeducacion.com\/extraeducacion\/wp-content\/uploads\/sites\/5\/2025\/04\/etica-IA-periodismo-1536x864.png 1536w, https:\/\/eldiariodelaeducacion.com\/extraeducacion\/wp-content\/uploads\/sites\/5\/2025\/04\/etica-IA-periodismo-18x10.png 18w, https:\/\/eldiariodelaeducacion.com\/extraeducacion\/wp-content\/uploads\/sites\/5\/2025\/04\/etica-IA-periodismo-150x84.png 150w, https:\/\/eldiariodelaeducacion.com\/extraeducacion\/wp-content\/uploads\/sites\/5\/2025\/04\/etica-IA-periodismo-450x253.png 450w, https:\/\/eldiariodelaeducacion.com\/extraeducacion\/wp-content\/uploads\/sites\/5\/2025\/04\/etica-IA-periodismo-1200x675.png 1200w, https:\/\/eldiariodelaeducacion.com\/extraeducacion\/wp-content\/uploads\/sites\/5\/2025\/04\/etica-IA-periodismo.png 1920w\" sizes=\"(max-width: 1024px) 100vw, 1024px\" \/><\/figure>\n\n\n\n<p><br>El desaf\u00edo de fomentar la transferencia y la divulgaci\u00f3n entre la ciudadan\u00eda es un reto perenne de la universidad. En numerosas ocasiones, el impacto de los proyectos de investigaci\u00f3n no supera el territorio acad\u00e9mico y queda plasmado \u00fanicamente en art\u00edculos cient\u00edficos, conferencias y congresos dirigidos a un p\u00fablico muy espec\u00edfico. En este sentido, el proyecto&nbsp;<strong>\u201cLa inteligencia artificial para el fomento del periodismo de calidad y la alfabetizaci\u00f3n medi\u00e1tica: Avances tecnol\u00f3gicos aplicados y desaf\u00edos en la era de la desinformaci\u00f3n\u201d<\/strong>&nbsp;(Referencia PID2023-149759OB-I00) ha destinado gran parte de su esfuerzo a fomentar una transferencia efectiva mediante entregables que facilitan la llegada de los resultados y las conclusiones al conjunto de la sociedad. Para ello, la iniciativa crear\u00e1 una colecci\u00f3n de infograf\u00edas y de v\u00eddeos que, junto a los estudios de caso y un libro de estilo, buscan innovar en el tipo de entregables propios de los proyectos de investigaci\u00f3n. Adem\u00e1s, desde el Gabinete de Comunicaci\u00f3n y Educaci\u00f3n, grupo de investigaci\u00f3n que impulsa el proyecto, se ha dado difusi\u00f3n a la iniciativa en un \u201cgran di\u00e1logo\u201d que incluye dos proyectos de reflexi\u00f3n y debate mediante plataformas digitales. Son los ciclos \u201cPandemials\u201d y \u201cPlaneta Campus\u201d que, alrededor de 14 encuentros, inciden en divulgar, informar, sensibilizar y educar alrededor de la IA, sus caracter\u00edsticas y su alcance. Este trabajo, adem\u00e1s, se lleva a cabo mediante un enfoque transversal que permite que la ciudadan\u00eda se acerque a este desarrollo tecnol\u00f3gico desde diferentes \u00e1mbitos, metodolog\u00edas y tem\u00e1ticas.<\/p>\n\n\n\n<h2 class=\"wp-block-heading\"><strong>Comunicaci\u00f3n y educaci\u00f3n como objeto de estudio<\/strong><\/h2>\n\n\n\n<p>El&nbsp;<strong>Gabinete de Comunicaci\u00f3n y de Educaci\u00f3n<\/strong>&nbsp;es un&nbsp;<a href=\"http:\/\/gabinetecomunicacionyeducacion.com\/es\" target=\"_blank\" rel=\"noreferrer noopener\">grupo consolidado y especializado<\/a>&nbsp;en la investigaci\u00f3n y divulgaci\u00f3n cient\u00edfica, que pertenece al Departamento de Periodismo y Ciencias de la Comunicaci\u00f3n de la&nbsp;<strong>UAB.<\/strong>&nbsp;Reconocido por AGAUR (Ag\u00e8ncia de Gesti\u00f3 d\u2019Ajuts Universitaris i de Recerca) de la Generalitat de Catalunya como&nbsp;<strong>Grupo de Investigaci\u00f3n Consolidado<\/strong>&nbsp;en funci\u00f3n de su trayectoria, proyecci\u00f3n y desarrollo, desarrolla proyectos e investigaciones en el terreno de convergencia entre la comunicaci\u00f3n y la educaci\u00f3n. Desde su creaci\u00f3n, ha desarrollado iniciativas destinadas a integrar, con conciencia y libertad, las&nbsp;tecnolog\u00edas de la comunicaci\u00f3n&nbsp;en la denominada&nbsp;sociedad global o del conocimiento. Bajo la direcci\u00f3n de&nbsp;<strong>Santiago Tejedor,<\/strong>&nbsp;el Gabinete organiza diferentes m\u00e1steres propios, como el M\u00e1ster en&nbsp;<strong>Periodismo de Viajes<\/strong>&nbsp;(presencial y online), el M\u00e1ster de&nbsp;<strong>Comunicaci\u00f3n y Educaci\u00f3n,<\/strong>&nbsp;el M\u00e1ster de&nbsp;<strong>Comunicaci\u00f3n del Medioambiente<\/strong>&nbsp;y el M\u00e1ster en Gesti\u00f3n de la&nbsp;<strong>Comunicaci\u00f3n Pol\u00edtica y Electoral.&nbsp;<\/strong>El grupo posee una colecci\u00f3n de publicaciones, en forma de&nbsp;<a href=\"http:\/\/gabinetecomunicacionyeducacion.com\/es\/articulos-cientificos\" target=\"_blank\" rel=\"noreferrer noopener\">art\u00edculos cient\u00edficos,<\/a>&nbsp;<a href=\"http:\/\/gabinetecomunicacionyeducacion.com\/es\/libros-y-capitulos-de-libro\" target=\"_blank\" rel=\"noreferrer noopener\">libros y cap\u00edtulos de libro<\/a>, y&nbsp;<a href=\"http:\/\/gabinetecomunicacionyeducacion.com\/es\/publicaciones\" target=\"_blank\" rel=\"noreferrer noopener\">otros trabajos<\/a>, muy amplia y variada que se renueva constantemente. Adem\u00e1s, cuenta con un laboratorio de&nbsp;<a href=\"http:\/\/gabinetecomunicacionyeducacion.com\/es\/proyectos\" target=\"_blank\" rel=\"noreferrer noopener\">proyectos<\/a>&nbsp;de&nbsp;<strong>innovaci\u00f3n docente, transferencia y nuevos formatos<\/strong>&nbsp;que se conciben y desarrollan desde una perspectiva basada en la creatividad y el trabajo multidisciplinar. El Gabinete organiza cada a\u00f1o una expedici\u00f3n acad\u00e9mica que recorre el mundo con estudiantes de diferentes universidades y carreras. Se trata de la&nbsp;<a href=\"http:\/\/www.tahina-can.org\/\" target=\"_blank\" rel=\"noreferrer noopener\">Expedici\u00f3n Tahina-Can<\/a>&nbsp;que ha sido premiada como mejor proyecto educativo de Espa\u00f1a. Adem\u00e1s, cuenta con el portal&nbsp;<a href=\"http:\/\/www.tuaventura.com\/\" target=\"_blank\" rel=\"noreferrer noopener\">Tu Aventura,<\/a>&nbsp;la&nbsp;<a href=\"http:\/\/www.infoedu.es\/\" target=\"_blank\" rel=\"noreferrer noopener\">plataforma educativa InfoEDU<\/a>&nbsp;y el proyecto de newsgames y ciencia&nbsp;<a href=\"https:\/\/reporterosdelaciencia.com\/\" target=\"_blank\" rel=\"noreferrer noopener\">Reporteros de la Ciencia<\/a>.<\/p>\n\n\n\n<p><\/p>\n","protected":false},"excerpt":{"rendered":"<p>Las infograf\u00edas son representaciones visuales de car\u00e1cter gr\u00e1fico que ayudan a presentar conceptos abstractos, procesos evolutivos o ideas complejas de forma elocuente y apetecible. Estas caracter\u00edsticas las convierten en un formato informativo y formativo de gran valor para conectar con rapidez y claridad con unos usuarios que viven sumidos en escenarios marcados por la sobreabundancia<\/p>\n","protected":false},"author":163,"featured_media":1243,"comment_status":"open","ping_status":"open","sticky":false,"template":"","format":"standard","meta":{"footnotes":""},"categories":[2],"tags":[39],"tipo":[29],"class_list":{"0":"post-1241","1":"post","2":"type-post","3":"status-publish","4":"format-standard","5":"has-post-thumbnail","7":"category-extra-educacion","8":"tag-inteligencia-artificial","9":"tipo-analisis"},"yoast_head":"<!-- This site is optimized with the Yoast SEO plugin v27.5 - https:\/\/yoast.com\/product\/yoast-seo-wordpress\/ -->\n<title>Infograf\u00edas para entender la IA - Extra Educaci\u00f3n<\/title>\n<meta name=\"robots\" content=\"index, follow, max-snippet:-1, max-image-preview:large, max-video-preview:-1\" \/>\n<link rel=\"canonical\" href=\"https:\/\/eldiariodelaeducacion.com\/extraeducacion\/2025\/05\/05\/infografias-para-entender-la-ia\/\" \/>\n<meta property=\"og:locale\" content=\"es_ES\" \/>\n<meta property=\"og:type\" content=\"article\" \/>\n<meta property=\"og:title\" content=\"Infograf\u00edas para entender la IA - Extra Educaci\u00f3n\" \/>\n<meta property=\"og:description\" content=\"Las infograf\u00edas son representaciones visuales de car\u00e1cter gr\u00e1fico que ayudan a presentar conceptos abstractos, procesos evolutivos o ideas complejas de forma elocuente y apetecible. Estas caracter\u00edsticas las convierten en un formato informativo y formativo de gran valor para conectar con rapidez y claridad con unos usuarios que viven sumidos en escenarios marcados por la sobreabundancia\" \/>\n<meta property=\"og:url\" content=\"https:\/\/eldiariodelaeducacion.com\/extraeducacion\/2025\/05\/05\/infografias-para-entender-la-ia\/\" \/>\n<meta property=\"og:site_name\" content=\"Extra Educaci\u00f3n\" \/>\n<meta property=\"article:published_time\" content=\"2025-05-05T04:00:00+00:00\" \/>\n<meta property=\"article:modified_time\" content=\"2025-05-27T16:10:55+00:00\" \/>\n<meta property=\"og:image\" content=\"https:\/\/eldiariodelaeducacion.com\/extraeducacion\/wp-content\/uploads\/sites\/5\/2025\/04\/conceptos-clave-ia.png\" \/>\n\t<meta property=\"og:image:width\" content=\"1920\" \/>\n\t<meta property=\"og:image:height\" content=\"1080\" \/>\n\t<meta property=\"og:image:type\" content=\"image\/png\" \/>\n<meta name=\"author\" content=\"Santiago Tejedor\" \/>\n<meta name=\"twitter:card\" content=\"summary_large_image\" \/>\n<meta name=\"twitter:label1\" content=\"Escrito por\" \/>\n\t<meta name=\"twitter:data1\" content=\"Santiago Tejedor\" \/>\n\t<meta name=\"twitter:label2\" content=\"Tiempo de lectura\" \/>\n\t<meta name=\"twitter:data2\" content=\"1 minuto\" \/>\n<script type=\"application\/ld+json\" class=\"yoast-schema-graph\">{\"@context\":\"https:\\\/\\\/schema.org\",\"@graph\":[{\"@type\":\"Article\",\"@id\":\"https:\\\/\\\/eldiariodelaeducacion.com\\\/extraeducacion\\\/2025\\\/05\\\/05\\\/infografias-para-entender-la-ia\\\/#article\",\"isPartOf\":{\"@id\":\"https:\\\/\\\/eldiariodelaeducacion.com\\\/extraeducacion\\\/2025\\\/05\\\/05\\\/infografias-para-entender-la-ia\\\/\"},\"author\":{\"name\":\"Santiago Tejedor\",\"@id\":\"https:\\\/\\\/eldiariodelaeducacion.com\\\/extraeducacion\\\/#\\\/schema\\\/person\\\/203ca7d4bd6243283b2e64e14c24129a\"},\"headline\":\"Infograf\u00edas para entender la IA\",\"datePublished\":\"2025-05-05T04:00:00+00:00\",\"dateModified\":\"2025-05-27T16:10:55+00:00\",\"mainEntityOfPage\":{\"@id\":\"https:\\\/\\\/eldiariodelaeducacion.com\\\/extraeducacion\\\/2025\\\/05\\\/05\\\/infografias-para-entender-la-ia\\\/\"},\"wordCount\":1514,\"commentCount\":0,\"image\":{\"@id\":\"https:\\\/\\\/eldiariodelaeducacion.com\\\/extraeducacion\\\/2025\\\/05\\\/05\\\/infografias-para-entender-la-ia\\\/#primaryimage\"},\"thumbnailUrl\":\"https:\\\/\\\/eldiariodelaeducacion.com\\\/extraeducacion\\\/wp-content\\\/uploads\\\/sites\\\/5\\\/2025\\\/04\\\/conceptos-clave-ia.png\",\"keywords\":[\"inteligencia artificial\"],\"articleSection\":[\"Extra educaci\u00f3n\"],\"inLanguage\":\"es\",\"potentialAction\":[{\"@type\":\"CommentAction\",\"name\":\"Comment\",\"target\":[\"https:\\\/\\\/eldiariodelaeducacion.com\\\/extraeducacion\\\/2025\\\/05\\\/05\\\/infografias-para-entender-la-ia\\\/#respond\"]}]},{\"@type\":\"WebPage\",\"@id\":\"https:\\\/\\\/eldiariodelaeducacion.com\\\/extraeducacion\\\/2025\\\/05\\\/05\\\/infografias-para-entender-la-ia\\\/\",\"url\":\"https:\\\/\\\/eldiariodelaeducacion.com\\\/extraeducacion\\\/2025\\\/05\\\/05\\\/infografias-para-entender-la-ia\\\/\",\"name\":\"Infograf\u00edas para entender la IA - Extra Educaci\u00f3n\",\"isPartOf\":{\"@id\":\"https:\\\/\\\/eldiariodelaeducacion.com\\\/extraeducacion\\\/#website\"},\"primaryImageOfPage\":{\"@id\":\"https:\\\/\\\/eldiariodelaeducacion.com\\\/extraeducacion\\\/2025\\\/05\\\/05\\\/infografias-para-entender-la-ia\\\/#primaryimage\"},\"image\":{\"@id\":\"https:\\\/\\\/eldiariodelaeducacion.com\\\/extraeducacion\\\/2025\\\/05\\\/05\\\/infografias-para-entender-la-ia\\\/#primaryimage\"},\"thumbnailUrl\":\"https:\\\/\\\/eldiariodelaeducacion.com\\\/extraeducacion\\\/wp-content\\\/uploads\\\/sites\\\/5\\\/2025\\\/04\\\/conceptos-clave-ia.png\",\"datePublished\":\"2025-05-05T04:00:00+00:00\",\"dateModified\":\"2025-05-27T16:10:55+00:00\",\"author\":{\"@id\":\"https:\\\/\\\/eldiariodelaeducacion.com\\\/extraeducacion\\\/#\\\/schema\\\/person\\\/203ca7d4bd6243283b2e64e14c24129a\"},\"breadcrumb\":{\"@id\":\"https:\\\/\\\/eldiariodelaeducacion.com\\\/extraeducacion\\\/2025\\\/05\\\/05\\\/infografias-para-entender-la-ia\\\/#breadcrumb\"},\"inLanguage\":\"es\",\"potentialAction\":[{\"@type\":\"ReadAction\",\"target\":[\"https:\\\/\\\/eldiariodelaeducacion.com\\\/extraeducacion\\\/2025\\\/05\\\/05\\\/infografias-para-entender-la-ia\\\/\"]}]},{\"@type\":\"ImageObject\",\"inLanguage\":\"es\",\"@id\":\"https:\\\/\\\/eldiariodelaeducacion.com\\\/extraeducacion\\\/2025\\\/05\\\/05\\\/infografias-para-entender-la-ia\\\/#primaryimage\",\"url\":\"https:\\\/\\\/eldiariodelaeducacion.com\\\/extraeducacion\\\/wp-content\\\/uploads\\\/sites\\\/5\\\/2025\\\/04\\\/conceptos-clave-ia.png\",\"contentUrl\":\"https:\\\/\\\/eldiariodelaeducacion.com\\\/extraeducacion\\\/wp-content\\\/uploads\\\/sites\\\/5\\\/2025\\\/04\\\/conceptos-clave-ia.png\",\"width\":1920,\"height\":1080},{\"@type\":\"BreadcrumbList\",\"@id\":\"https:\\\/\\\/eldiariodelaeducacion.com\\\/extraeducacion\\\/2025\\\/05\\\/05\\\/infografias-para-entender-la-ia\\\/#breadcrumb\",\"itemListElement\":[{\"@type\":\"ListItem\",\"position\":1,\"name\":\"Portada\",\"item\":\"https:\\\/\\\/eldiariodelaeducacion.com\\\/extraeducacion\\\/\"},{\"@type\":\"ListItem\",\"position\":2,\"name\":\"Infograf\u00edas para entender la IA\"}]},{\"@type\":\"WebSite\",\"@id\":\"https:\\\/\\\/eldiariodelaeducacion.com\\\/extraeducacion\\\/#website\",\"url\":\"https:\\\/\\\/eldiariodelaeducacion.com\\\/extraeducacion\\\/\",\"name\":\"Extra Educaci\u00f3n\",\"description\":\"Un blog de El Diario de la Educaci\u00f3n\",\"potentialAction\":[{\"@type\":\"SearchAction\",\"target\":{\"@type\":\"EntryPoint\",\"urlTemplate\":\"https:\\\/\\\/eldiariodelaeducacion.com\\\/extraeducacion\\\/?s={search_term_string}\"},\"query-input\":{\"@type\":\"PropertyValueSpecification\",\"valueRequired\":true,\"valueName\":\"search_term_string\"}}],\"inLanguage\":\"es\"},{\"@type\":\"Person\",\"@id\":\"https:\\\/\\\/eldiariodelaeducacion.com\\\/extraeducacion\\\/#\\\/schema\\\/person\\\/203ca7d4bd6243283b2e64e14c24129a\",\"name\":\"Santiago Tejedor\",\"image\":{\"@type\":\"ImageObject\",\"inLanguage\":\"es\",\"@id\":\"https:\\\/\\\/eldiariodelaeducacion.com\\\/extraeducacion\\\/wp-content\\\/uploads\\\/sites\\\/5\\\/2024\\\/12\\\/santiago-tejedor_avatar-96x96.png\",\"url\":\"https:\\\/\\\/eldiariodelaeducacion.com\\\/extraeducacion\\\/wp-content\\\/uploads\\\/sites\\\/5\\\/2024\\\/12\\\/santiago-tejedor_avatar-96x96.png\",\"contentUrl\":\"https:\\\/\\\/eldiariodelaeducacion.com\\\/extraeducacion\\\/wp-content\\\/uploads\\\/sites\\\/5\\\/2024\\\/12\\\/santiago-tejedor_avatar-96x96.png\",\"caption\":\"Santiago Tejedor\"},\"description\":\"Catedr\u00e1tico de Periodismo -especializado en viajes y ciberperiodismo-, investigador y periodista. Es el director del Gabinete de Comunicaci\u00f3n y Educaci\u00f3n de la Universitat Aut\u00f2noma de Barcelona\",\"url\":\"https:\\\/\\\/eldiariodelaeducacion.com\\\/extraeducacion\\\/author\\\/tejedor\\\/\"}]}<\/script>\n<!-- \/ Yoast SEO plugin. -->","yoast_head_json":{"title":"Infograf\u00edas para entender la IA - Extra Educaci\u00f3n","robots":{"index":"index","follow":"follow","max-snippet":"max-snippet:-1","max-image-preview":"max-image-preview:large","max-video-preview":"max-video-preview:-1"},"canonical":"https:\/\/eldiariodelaeducacion.com\/extraeducacion\/2025\/05\/05\/infografias-para-entender-la-ia\/","og_locale":"es_ES","og_type":"article","og_title":"Infograf\u00edas para entender la IA - Extra Educaci\u00f3n","og_description":"Las infograf\u00edas son representaciones visuales de car\u00e1cter gr\u00e1fico que ayudan a presentar conceptos abstractos, procesos evolutivos o ideas complejas de forma elocuente y apetecible. Estas caracter\u00edsticas las convierten en un formato informativo y formativo de gran valor para conectar con rapidez y claridad con unos usuarios que viven sumidos en escenarios marcados por la sobreabundancia","og_url":"https:\/\/eldiariodelaeducacion.com\/extraeducacion\/2025\/05\/05\/infografias-para-entender-la-ia\/","og_site_name":"Extra Educaci\u00f3n","article_published_time":"2025-05-05T04:00:00+00:00","article_modified_time":"2025-05-27T16:10:55+00:00","og_image":[{"width":1920,"height":1080,"url":"https:\/\/eldiariodelaeducacion.com\/extraeducacion\/wp-content\/uploads\/sites\/5\/2025\/04\/conceptos-clave-ia.png","type":"image\/png"}],"author":"Santiago Tejedor","twitter_card":"summary_large_image","twitter_misc":{"Escrito por":"Santiago Tejedor","Tiempo de lectura":"1 minuto"},"schema":{"@context":"https:\/\/schema.org","@graph":[{"@type":"Article","@id":"https:\/\/eldiariodelaeducacion.com\/extraeducacion\/2025\/05\/05\/infografias-para-entender-la-ia\/#article","isPartOf":{"@id":"https:\/\/eldiariodelaeducacion.com\/extraeducacion\/2025\/05\/05\/infografias-para-entender-la-ia\/"},"author":{"name":"Santiago Tejedor","@id":"https:\/\/eldiariodelaeducacion.com\/extraeducacion\/#\/schema\/person\/203ca7d4bd6243283b2e64e14c24129a"},"headline":"Infograf\u00edas para entender la IA","datePublished":"2025-05-05T04:00:00+00:00","dateModified":"2025-05-27T16:10:55+00:00","mainEntityOfPage":{"@id":"https:\/\/eldiariodelaeducacion.com\/extraeducacion\/2025\/05\/05\/infografias-para-entender-la-ia\/"},"wordCount":1514,"commentCount":0,"image":{"@id":"https:\/\/eldiariodelaeducacion.com\/extraeducacion\/2025\/05\/05\/infografias-para-entender-la-ia\/#primaryimage"},"thumbnailUrl":"https:\/\/eldiariodelaeducacion.com\/extraeducacion\/wp-content\/uploads\/sites\/5\/2025\/04\/conceptos-clave-ia.png","keywords":["inteligencia artificial"],"articleSection":["Extra educaci\u00f3n"],"inLanguage":"es","potentialAction":[{"@type":"CommentAction","name":"Comment","target":["https:\/\/eldiariodelaeducacion.com\/extraeducacion\/2025\/05\/05\/infografias-para-entender-la-ia\/#respond"]}]},{"@type":"WebPage","@id":"https:\/\/eldiariodelaeducacion.com\/extraeducacion\/2025\/05\/05\/infografias-para-entender-la-ia\/","url":"https:\/\/eldiariodelaeducacion.com\/extraeducacion\/2025\/05\/05\/infografias-para-entender-la-ia\/","name":"Infograf\u00edas para entender la IA - Extra Educaci\u00f3n","isPartOf":{"@id":"https:\/\/eldiariodelaeducacion.com\/extraeducacion\/#website"},"primaryImageOfPage":{"@id":"https:\/\/eldiariodelaeducacion.com\/extraeducacion\/2025\/05\/05\/infografias-para-entender-la-ia\/#primaryimage"},"image":{"@id":"https:\/\/eldiariodelaeducacion.com\/extraeducacion\/2025\/05\/05\/infografias-para-entender-la-ia\/#primaryimage"},"thumbnailUrl":"https:\/\/eldiariodelaeducacion.com\/extraeducacion\/wp-content\/uploads\/sites\/5\/2025\/04\/conceptos-clave-ia.png","datePublished":"2025-05-05T04:00:00+00:00","dateModified":"2025-05-27T16:10:55+00:00","author":{"@id":"https:\/\/eldiariodelaeducacion.com\/extraeducacion\/#\/schema\/person\/203ca7d4bd6243283b2e64e14c24129a"},"breadcrumb":{"@id":"https:\/\/eldiariodelaeducacion.com\/extraeducacion\/2025\/05\/05\/infografias-para-entender-la-ia\/#breadcrumb"},"inLanguage":"es","potentialAction":[{"@type":"ReadAction","target":["https:\/\/eldiariodelaeducacion.com\/extraeducacion\/2025\/05\/05\/infografias-para-entender-la-ia\/"]}]},{"@type":"ImageObject","inLanguage":"es","@id":"https:\/\/eldiariodelaeducacion.com\/extraeducacion\/2025\/05\/05\/infografias-para-entender-la-ia\/#primaryimage","url":"https:\/\/eldiariodelaeducacion.com\/extraeducacion\/wp-content\/uploads\/sites\/5\/2025\/04\/conceptos-clave-ia.png","contentUrl":"https:\/\/eldiariodelaeducacion.com\/extraeducacion\/wp-content\/uploads\/sites\/5\/2025\/04\/conceptos-clave-ia.png","width":1920,"height":1080},{"@type":"BreadcrumbList","@id":"https:\/\/eldiariodelaeducacion.com\/extraeducacion\/2025\/05\/05\/infografias-para-entender-la-ia\/#breadcrumb","itemListElement":[{"@type":"ListItem","position":1,"name":"Portada","item":"https:\/\/eldiariodelaeducacion.com\/extraeducacion\/"},{"@type":"ListItem","position":2,"name":"Infograf\u00edas para entender la IA"}]},{"@type":"WebSite","@id":"https:\/\/eldiariodelaeducacion.com\/extraeducacion\/#website","url":"https:\/\/eldiariodelaeducacion.com\/extraeducacion\/","name":"Extra Educaci\u00f3n","description":"Un blog de El Diario de la Educaci\u00f3n","potentialAction":[{"@type":"SearchAction","target":{"@type":"EntryPoint","urlTemplate":"https:\/\/eldiariodelaeducacion.com\/extraeducacion\/?s={search_term_string}"},"query-input":{"@type":"PropertyValueSpecification","valueRequired":true,"valueName":"search_term_string"}}],"inLanguage":"es"},{"@type":"Person","@id":"https:\/\/eldiariodelaeducacion.com\/extraeducacion\/#\/schema\/person\/203ca7d4bd6243283b2e64e14c24129a","name":"Santiago Tejedor","image":{"@type":"ImageObject","inLanguage":"es","@id":"https:\/\/eldiariodelaeducacion.com\/extraeducacion\/wp-content\/uploads\/sites\/5\/2024\/12\/santiago-tejedor_avatar-96x96.png","url":"https:\/\/eldiariodelaeducacion.com\/extraeducacion\/wp-content\/uploads\/sites\/5\/2024\/12\/santiago-tejedor_avatar-96x96.png","contentUrl":"https:\/\/eldiariodelaeducacion.com\/extraeducacion\/wp-content\/uploads\/sites\/5\/2024\/12\/santiago-tejedor_avatar-96x96.png","caption":"Santiago Tejedor"},"description":"Catedr\u00e1tico de Periodismo -especializado en viajes y ciberperiodismo-, investigador y periodista. Es el director del Gabinete de Comunicaci\u00f3n y Educaci\u00f3n de la Universitat Aut\u00f2noma de Barcelona","url":"https:\/\/eldiariodelaeducacion.com\/extraeducacion\/author\/tejedor\/"}]}},"_links":{"self":[{"href":"https:\/\/eldiariodelaeducacion.com\/extraeducacion\/wp-json\/wp\/v2\/posts\/1241","targetHints":{"allow":["GET"]}}],"collection":[{"href":"https:\/\/eldiariodelaeducacion.com\/extraeducacion\/wp-json\/wp\/v2\/posts"}],"about":[{"href":"https:\/\/eldiariodelaeducacion.com\/extraeducacion\/wp-json\/wp\/v2\/types\/post"}],"author":[{"embeddable":true,"href":"https:\/\/eldiariodelaeducacion.com\/extraeducacion\/wp-json\/wp\/v2\/users\/163"}],"replies":[{"embeddable":true,"href":"https:\/\/eldiariodelaeducacion.com\/extraeducacion\/wp-json\/wp\/v2\/comments?post=1241"}],"version-history":[{"count":2,"href":"https:\/\/eldiariodelaeducacion.com\/extraeducacion\/wp-json\/wp\/v2\/posts\/1241\/revisions"}],"predecessor-version":[{"id":1270,"href":"https:\/\/eldiariodelaeducacion.com\/extraeducacion\/wp-json\/wp\/v2\/posts\/1241\/revisions\/1270"}],"wp:featuredmedia":[{"embeddable":true,"href":"https:\/\/eldiariodelaeducacion.com\/extraeducacion\/wp-json\/wp\/v2\/media\/1243"}],"wp:attachment":[{"href":"https:\/\/eldiariodelaeducacion.com\/extraeducacion\/wp-json\/wp\/v2\/media?parent=1241"}],"wp:term":[{"taxonomy":"category","embeddable":true,"href":"https:\/\/eldiariodelaeducacion.com\/extraeducacion\/wp-json\/wp\/v2\/categories?post=1241"},{"taxonomy":"post_tag","embeddable":true,"href":"https:\/\/eldiariodelaeducacion.com\/extraeducacion\/wp-json\/wp\/v2\/tags?post=1241"},{"taxonomy":"tipo","embeddable":true,"href":"https:\/\/eldiariodelaeducacion.com\/extraeducacion\/wp-json\/wp\/v2\/tipo?post=1241"}],"curies":[{"name":"wp","href":"https:\/\/api.w.org\/{rel}","templated":true}]}}