{"id":1251,"date":"2025-05-08T06:00:00","date_gmt":"2025-05-08T04:00:00","guid":{"rendered":"https:\/\/eldiariodelaeducacion.com\/extraeducacion\/?p=1251"},"modified":"2025-05-05T19:01:56","modified_gmt":"2025-05-05T17:01:56","slug":"de-la-memorizacion-a-la-creatividad-el-nuevo-paradigma-en-la-educacion","status":"publish","type":"post","link":"https:\/\/eldiariodelaeducacion.com\/extraeducacion\/2025\/05\/08\/de-la-memorizacion-a-la-creatividad-el-nuevo-paradigma-en-la-educacion\/","title":{"rendered":"De la memorizaci\u00f3n a la creatividad: el nuevo paradigma en la educaci\u00f3n"},"content":{"rendered":"\n<p>La educaci\u00f3n est\u00e1 viviendo una revoluci\u00f3n silenciosa, alej\u00e1ndose poco a poco de los antiguos m\u00e9todos basados en memorizar datos sin comprenderlos. Hoy, tanto en las aulas f\u00edsicas como en los <a href=\"https:\/\/www.formacioncarpediem.com\/cursos-educacion?utm_source=eldiariodelaeducacion&amp;utm_medium=referral&amp;utm_campaign=linkbuilding\">cursos de educaci\u00f3n online<\/a>, se apuesta por un aprendizaje m\u00e1s din\u00e1mico, donde las ideas, la imaginaci\u00f3n y la capacidad de resolver problemas cobran protagonismo. Este cambio de rumbo busca preparar a personas capaces de pensar por s\u00ed mismas, en lugar de limitarse a repetir lo que ya est\u00e1 escrito.<\/p>\n\n\n\n<h2 class=\"wp-block-heading\"><strong>El modelo tradicional basado en la memorizaci\u00f3n<\/strong><\/h2>\n\n\n\n<p>Durante a\u00f1os, el sistema educativo se ha apoyado en un esquema muy claro: el profesor habla, el alumno escucha y, despu\u00e9s, repite. As\u00ed funcionaba el modelo tradicional basado en la memorizaci\u00f3n, donde lo importante era almacenar datos y soltarlos en un examen. Este enfoque tuvo su l\u00f3gica en un contexto donde el conocimiento era limitado y acceder a la informaci\u00f3n requer\u00eda libros, enciclopedias o clases magistrales. Pero claro, el mundo ha cambiado, y con \u00e9l, las necesidades de las personas que se forman para enfrentarlo. Memorizar por memorizar ya no tiene sentido cuando cualquier dato est\u00e1 a un clic de distancia. Hoy, lo que realmente marca la diferencia es saber qu\u00e9 hacer con esa informaci\u00f3n.<\/p>\n\n\n\n<h3 class=\"wp-block-heading\"><strong>Ventajas y desventajas del enfoque tradicional<\/strong><\/h3>\n\n\n\n<p>Ser\u00eda injusto decir que el modelo tradicional no aport\u00f3 nada positivo. Aprender a memorizar desarrolla disciplina, capacidad de concentraci\u00f3n e incluso entrena la mente para ciertos procesos. Adem\u00e1s, en determinadas \u00e1reas donde los conceptos b\u00e1sicos son fundamentales, recordar datos sigue siendo necesario. Pero este enfoque tiene un gran tal\u00f3n de Aquiles: no ense\u00f1a a pensar. Cuando el aprendizaje se reduce a repetir, se pierde la oportunidad de desarrollar habilidades tan importantes como la creatividad o la resoluci\u00f3n de problemas. Este m\u00e9todo genera estudiantes que responden bien a ex\u00e1menes, pero que se bloquean ante situaciones nuevas donde no hay una respuesta exacta escrita en ning\u00fan libro.<\/p>\n\n\n\n<h3 class=\"wp-block-heading\"><strong>\u00bfPor qu\u00e9 este modelo ya no responde a las necesidades del siglo XXI?<\/strong><\/h3>\n\n\n\n<p>Hoy vivimos en una sociedad donde los cambios son constantes y las soluciones predefinidas sirven de poco. Las empresas buscan personas que sepan adaptarse, que sean capaces de aportar ideas originales y resolver problemas que nunca antes hab\u00edan existido. Aqu\u00ed es donde el modelo basado en memorizar queda totalmente desfasado. Ya no basta con saber, hay que saber hacer. Adem\u00e1s, la automatizaci\u00f3n y la inteligencia artificial han dejado claro que las tareas mec\u00e1nicas las har\u00e1n las m\u00e1quinas. Lo que realmente aporta valor es aquello que no se puede automatizar: la creatividad, el pensamiento cr\u00edtico, la capacidad de colaborar y de innovar.<\/p>\n\n\n\n<h2 class=\"wp-block-heading\"><strong>La irrupci\u00f3n de la creatividad en el proceso educativo<\/strong><\/h2>\n\n\n\n<p>La educaci\u00f3n ha empezado a abrir los ojos y darse cuenta de que formar estudiantes capaces de repetir conceptos no es suficiente. La creatividad ha irrumpido con fuerza en las aulas, no como una asignatura m\u00e1s, sino como una competencia transversal que debe estar presente en todo el proceso de aprendizaje. Ya no se trata de aprender de memoria, se trata de conectar ideas, de encontrar soluciones diferentes, de atreverse a cuestionar lo establecido. Este cambio no es una moda pasajera, es una necesidad real para preparar a los j\u00f3venes a enfrentarse a un entorno laboral y social que premia la innovaci\u00f3n por encima de la repetici\u00f3n.<\/p>\n\n\n\n<h3 class=\"wp-block-heading\"><strong>El pensamiento creativo como competencia clave<\/strong><\/h3>\n\n\n\n<p>El pensamiento creativo se ha convertido en uno de los valores m\u00e1s buscados, tanto en la educaci\u00f3n como en el mundo profesional. No hablamos solo de habilidades art\u00edsticas, sino de la capacidad de ver m\u00e1s all\u00e1 de lo evidente, de plantear preguntas distintas y de encontrar caminos alternativos cuando el habitual no funciona. Esta competencia permite a los estudiantes afrontar desaf\u00edos con una mentalidad abierta, flexible y proactiva. Al potenciar el pensamiento creativo, se les prepara para ser protagonistas activos de su aprendizaje y de su futuro, capaces de generar ideas propias en lugar de limitarse a aplicar f\u00f3rmulas prefabricadas.<\/p>\n\n\n\n<h3 class=\"wp-block-heading\"><strong>C\u00f3mo fomentar la creatividad en el aula<\/strong><\/h3>\n\n\n\n<p>Fomentar la creatividad no es cuesti\u00f3n de dejar que los alumnos \u00abhagan lo que quieran\u00bb. Se trata de crear espacios donde se sientan libres para explorar, equivocarse y aprender de esos errores. La clave est\u00e1 en proponer retos abiertos, en los que no haya una \u00fanica respuesta correcta. Por ejemplo, plantear proyectos donde tengan que buscar soluciones a problemas reales o invitarles a trabajar en equipo para desarrollar propuestas innovadoras. Tambi\u00e9n es fundamental que las aulas se conviertan en lugares donde las ideas, por locas que parezcan al principio, sean bienvenidas. Cuando un estudiante siente que su opini\u00f3n cuenta, su mente se abre a nuevas posibilidades.<\/p>\n\n\n\n<h3 class=\"wp-block-heading\"><strong>El rol del profesor como gu\u00eda y facilitador<\/strong><\/h3>\n\n\n\n<p>En este nuevo paradigma, el papel del profesor ha cambiado radicalmente. Ya no es aquel que tiene todo el conocimiento y lo transmite de forma unidireccional. Ahora es m\u00e1s bien un acompa\u00f1ante, alguien que gu\u00eda al alumnado en su proceso de descubrimiento. El docente se convierte en facilitador, planteando preguntas, ofreciendo recursos y motivando a los estudiantes a buscar sus propias respuestas. Esta figura es clave para crear un ambiente donde la curiosidad y la creatividad florezcan. No se trata de dar todas las soluciones, sino de ense\u00f1ar a encontrarlas, a cuestionar y a construir conocimiento de forma activa.<\/p>\n\n\n\n<h2 class=\"wp-block-heading\"><strong>Metodolog\u00edas activas que priorizan la creatividad<\/strong><\/h2>\n\n\n\n<p>El cambio en la educaci\u00f3n no puede quedarse en buenas intenciones. Para que la creatividad tenga un lugar protagonista, es necesario aplicar metodolog\u00edas que rompan con la din\u00e1mica tradicional de la clase magistral. Aqu\u00ed es donde entran en juego las metodolog\u00edas activas, esas que ponen al estudiante en el centro del aprendizaje y le invitan a participar, experimentar y crear. Estas estrategias no solo hacen que aprender sea m\u00e1s divertido, sino que desarrollan habilidades que ser\u00e1n imprescindibles en cualquier \u00e1mbito de la vida.<\/p>\n\n\n\n<h3 class=\"wp-block-heading\"><strong>Aprendizaje basado en proyectos (ABP)<\/strong><\/h3>\n\n\n\n<p>El Aprendizaje Basado en Proyectos es una de las metodolog\u00edas que mejor refleja este nuevo enfoque. Consiste en plantear un reto o una pregunta compleja y dejar que los alumnos investiguen, dise\u00f1en y presenten una soluci\u00f3n. En este proceso, trabajan en equipo, aplican conocimientos de distintas materias y, sobre todo, desarrollan su capacidad creativa. Lo interesante del ABP es que conecta el aprendizaje con la realidad, porque los proyectos suelen estar relacionados con problemas concretos que podr\u00edan encontrarse fuera del aula. As\u00ed, los estudiantes no solo aprenden contenidos, sino que entienden para qu\u00e9 sirven y c\u00f3mo aplicarlos de forma innovadora.<\/p>\n\n\n\n<h3 class=\"wp-block-heading\"><strong>Design Thinking aplicado a la educaci\u00f3n<\/strong><\/h3>\n\n\n\n<p>El Design Thinking, aunque naci\u00f3 en el \u00e1mbito del dise\u00f1o y la empresa, ha encontrado un hueco perfecto en la educaci\u00f3n. Esta metodolog\u00eda ense\u00f1a a los alumnos a abordar problemas desde una perspectiva creativa y centrada en las personas. Se trata de empatizar, definir bien el desaf\u00edo, idear soluciones, prototipar y probar. Este proceso no solo estimula la imaginaci\u00f3n, sino que tambi\u00e9n ense\u00f1a a iterar, a mejorar las ideas sin miedo a fallar. En las aulas, aplicar Design Thinking permite que los estudiantes sean m\u00e1s conscientes de su capacidad para transformar su entorno a trav\u00e9s de propuestas originales y efectivas.<\/p>\n\n\n\n<h3 class=\"wp-block-heading\"><strong>Gamificaci\u00f3n y aprendizaje experiencial<\/strong><\/h3>\n\n\n\n<p>Si hay algo que engancha a cualquier estudiante es aprender jugando. La gamificaci\u00f3n introduce elementos propios de los juegos \u2014desaf\u00edos, recompensas, niveles\u2014 en el proceso educativo, haciendo que participar sea mucho m\u00e1s motivador. Pero no se trata solo de divertirse, sino de aprender haciendo, de vivir experiencias que dejan huella. El aprendizaje experiencial apuesta por ese \u00abaprender haciendo\u00bb, donde cada actividad es una oportunidad para poner en pr\u00e1ctica la creatividad, resolver problemas reales y enfrentarse a situaciones nuevas. As\u00ed, el aula deja de ser un lugar est\u00e1tico y se convierte en un espacio din\u00e1mico donde cada d\u00eda es diferente.<\/p>\n\n\n\n<h2 class=\"wp-block-heading\"><strong>Desaf\u00edos para implementar este cambio<\/strong><\/h2>\n\n\n\n<p>Aunque hablar de creatividad en la educaci\u00f3n suena muy bien, la realidad es que llevar este cambio a todas las aulas no es tarea f\u00e1cil. Uno de los principales retos es la formaci\u00f3n del profesorado, que necesita apoyo y recursos para adaptar sus m\u00e9todos a este nuevo paradigma. Adem\u00e1s, el sistema sigue arrastrando inercias del pasado, con curr\u00edculos sobrecargados y evaluaciones que todav\u00eda premian m\u00e1s la memorizaci\u00f3n que la capacidad de innovar. Tambi\u00e9n hay que tener en cuenta las diferencias entre centros, ya que no todos disponen de los mismos medios para aplicar estas metodolog\u00edas. Por eso, transformar la educaci\u00f3n requiere compromiso, inversi\u00f3n y, sobre todo, entender que apostar por la creatividad no es un lujo, es una necesidad urgente para preparar a las generaciones que vienen.<\/p>\n","protected":false},"excerpt":{"rendered":"<p>La educaci\u00f3n est\u00e1 viviendo una revoluci\u00f3n silenciosa, alej\u00e1ndose poco a poco de los antiguos m\u00e9todos basados en memorizar datos sin comprenderlos. Hoy, tanto en las aulas f\u00edsicas como en los cursos de educaci\u00f3n online, se apuesta por un aprendizaje m\u00e1s din\u00e1mico, donde las ideas, la imaginaci\u00f3n y la capacidad de resolver problemas cobran protagonismo. Este<\/p>\n","protected":false},"author":150,"featured_media":1252,"comment_status":"open","ping_status":"open","sticky":false,"template":"","format":"standard","meta":{"footnotes":""},"categories":[2],"tags":[50],"tipo":[30],"class_list":{"0":"post-1251","1":"post","2":"type-post","3":"status-publish","4":"format-standard","5":"has-post-thumbnail","7":"category-extra-educacion","8":"tag-formacion-2","9":"tipo-actualidad"},"yoast_head":"<!-- This site is optimized with the Yoast SEO plugin v27.5 - https:\/\/yoast.com\/product\/yoast-seo-wordpress\/ -->\n<title>De la memorizaci\u00f3n a la creatividad: el nuevo paradigma en la educaci\u00f3n - Extra Educaci\u00f3n<\/title>\n<meta name=\"robots\" content=\"index, follow, max-snippet:-1, max-image-preview:large, max-video-preview:-1\" \/>\n<link rel=\"canonical\" href=\"https:\/\/eldiariodelaeducacion.com\/extraeducacion\/2025\/05\/08\/de-la-memorizacion-a-la-creatividad-el-nuevo-paradigma-en-la-educacion\/\" \/>\n<meta property=\"og:locale\" content=\"es_ES\" \/>\n<meta property=\"og:type\" content=\"article\" \/>\n<meta property=\"og:title\" content=\"De la memorizaci\u00f3n a la creatividad: el nuevo paradigma en la educaci\u00f3n - Extra Educaci\u00f3n\" \/>\n<meta property=\"og:description\" content=\"La educaci\u00f3n est\u00e1 viviendo una revoluci\u00f3n silenciosa, alej\u00e1ndose poco a poco de los antiguos m\u00e9todos basados en memorizar datos sin comprenderlos. Hoy, tanto en las aulas f\u00edsicas como en los cursos de educaci\u00f3n online, se apuesta por un aprendizaje m\u00e1s din\u00e1mico, donde las ideas, la imaginaci\u00f3n y la capacidad de resolver problemas cobran protagonismo. Este\" \/>\n<meta property=\"og:url\" content=\"https:\/\/eldiariodelaeducacion.com\/extraeducacion\/2025\/05\/08\/de-la-memorizacion-a-la-creatividad-el-nuevo-paradigma-en-la-educacion\/\" \/>\n<meta property=\"og:site_name\" content=\"Extra Educaci\u00f3n\" \/>\n<meta property=\"article:published_time\" content=\"2025-05-08T04:00:00+00:00\" \/>\n<meta property=\"og:image\" content=\"https:\/\/eldiariodelaeducacion.com\/extraeducacion\/wp-content\/uploads\/sites\/5\/2025\/05\/phpbJEkIE6811f883526ba.jpg\" \/>\n\t<meta property=\"og:image:width\" content=\"996\" \/>\n\t<meta property=\"og:image:height\" content=\"664\" \/>\n\t<meta property=\"og:image:type\" content=\"image\/jpeg\" \/>\n<meta name=\"author\" content=\"Redacci\u00f3n\" \/>\n<meta name=\"twitter:card\" content=\"summary_large_image\" \/>\n<meta name=\"twitter:label1\" content=\"Escrito por\" \/>\n\t<meta name=\"twitter:data1\" content=\"Redacci\u00f3n\" \/>\n\t<meta name=\"twitter:label2\" content=\"Tiempo de lectura\" \/>\n\t<meta name=\"twitter:data2\" content=\"7 minutos\" \/>\n<script type=\"application\/ld+json\" class=\"yoast-schema-graph\">{\"@context\":\"https:\\\/\\\/schema.org\",\"@graph\":[{\"@type\":\"Article\",\"@id\":\"https:\\\/\\\/eldiariodelaeducacion.com\\\/extraeducacion\\\/2025\\\/05\\\/08\\\/de-la-memorizacion-a-la-creatividad-el-nuevo-paradigma-en-la-educacion\\\/#article\",\"isPartOf\":{\"@id\":\"https:\\\/\\\/eldiariodelaeducacion.com\\\/extraeducacion\\\/2025\\\/05\\\/08\\\/de-la-memorizacion-a-la-creatividad-el-nuevo-paradigma-en-la-educacion\\\/\"},\"author\":{\"name\":\"Redacci\u00f3n\",\"@id\":\"https:\\\/\\\/eldiariodelaeducacion.com\\\/extraeducacion\\\/#\\\/schema\\\/person\\\/5228007cb64f7ca80adbd750a941d59c\"},\"headline\":\"De la memorizaci\u00f3n a la creatividad: el nuevo paradigma en la educaci\u00f3n\",\"datePublished\":\"2025-05-08T04:00:00+00:00\",\"mainEntityOfPage\":{\"@id\":\"https:\\\/\\\/eldiariodelaeducacion.com\\\/extraeducacion\\\/2025\\\/05\\\/08\\\/de-la-memorizacion-a-la-creatividad-el-nuevo-paradigma-en-la-educacion\\\/\"},\"wordCount\":1517,\"commentCount\":1,\"image\":{\"@id\":\"https:\\\/\\\/eldiariodelaeducacion.com\\\/extraeducacion\\\/2025\\\/05\\\/08\\\/de-la-memorizacion-a-la-creatividad-el-nuevo-paradigma-en-la-educacion\\\/#primaryimage\"},\"thumbnailUrl\":\"https:\\\/\\\/eldiariodelaeducacion.com\\\/extraeducacion\\\/wp-content\\\/uploads\\\/sites\\\/5\\\/2025\\\/05\\\/phpbJEkIE6811f883526ba.jpg\",\"keywords\":[\"formaci\u00f3n\"],\"articleSection\":[\"Extra educaci\u00f3n\"],\"inLanguage\":\"es\",\"potentialAction\":[{\"@type\":\"CommentAction\",\"name\":\"Comment\",\"target\":[\"https:\\\/\\\/eldiariodelaeducacion.com\\\/extraeducacion\\\/2025\\\/05\\\/08\\\/de-la-memorizacion-a-la-creatividad-el-nuevo-paradigma-en-la-educacion\\\/#respond\"]}]},{\"@type\":\"WebPage\",\"@id\":\"https:\\\/\\\/eldiariodelaeducacion.com\\\/extraeducacion\\\/2025\\\/05\\\/08\\\/de-la-memorizacion-a-la-creatividad-el-nuevo-paradigma-en-la-educacion\\\/\",\"url\":\"https:\\\/\\\/eldiariodelaeducacion.com\\\/extraeducacion\\\/2025\\\/05\\\/08\\\/de-la-memorizacion-a-la-creatividad-el-nuevo-paradigma-en-la-educacion\\\/\",\"name\":\"De la memorizaci\u00f3n a la creatividad: el nuevo paradigma en la educaci\u00f3n - Extra Educaci\u00f3n\",\"isPartOf\":{\"@id\":\"https:\\\/\\\/eldiariodelaeducacion.com\\\/extraeducacion\\\/#website\"},\"primaryImageOfPage\":{\"@id\":\"https:\\\/\\\/eldiariodelaeducacion.com\\\/extraeducacion\\\/2025\\\/05\\\/08\\\/de-la-memorizacion-a-la-creatividad-el-nuevo-paradigma-en-la-educacion\\\/#primaryimage\"},\"image\":{\"@id\":\"https:\\\/\\\/eldiariodelaeducacion.com\\\/extraeducacion\\\/2025\\\/05\\\/08\\\/de-la-memorizacion-a-la-creatividad-el-nuevo-paradigma-en-la-educacion\\\/#primaryimage\"},\"thumbnailUrl\":\"https:\\\/\\\/eldiariodelaeducacion.com\\\/extraeducacion\\\/wp-content\\\/uploads\\\/sites\\\/5\\\/2025\\\/05\\\/phpbJEkIE6811f883526ba.jpg\",\"datePublished\":\"2025-05-08T04:00:00+00:00\",\"author\":{\"@id\":\"https:\\\/\\\/eldiariodelaeducacion.com\\\/extraeducacion\\\/#\\\/schema\\\/person\\\/5228007cb64f7ca80adbd750a941d59c\"},\"breadcrumb\":{\"@id\":\"https:\\\/\\\/eldiariodelaeducacion.com\\\/extraeducacion\\\/2025\\\/05\\\/08\\\/de-la-memorizacion-a-la-creatividad-el-nuevo-paradigma-en-la-educacion\\\/#breadcrumb\"},\"inLanguage\":\"es\",\"potentialAction\":[{\"@type\":\"ReadAction\",\"target\":[\"https:\\\/\\\/eldiariodelaeducacion.com\\\/extraeducacion\\\/2025\\\/05\\\/08\\\/de-la-memorizacion-a-la-creatividad-el-nuevo-paradigma-en-la-educacion\\\/\"]}]},{\"@type\":\"ImageObject\",\"inLanguage\":\"es\",\"@id\":\"https:\\\/\\\/eldiariodelaeducacion.com\\\/extraeducacion\\\/2025\\\/05\\\/08\\\/de-la-memorizacion-a-la-creatividad-el-nuevo-paradigma-en-la-educacion\\\/#primaryimage\",\"url\":\"https:\\\/\\\/eldiariodelaeducacion.com\\\/extraeducacion\\\/wp-content\\\/uploads\\\/sites\\\/5\\\/2025\\\/05\\\/phpbJEkIE6811f883526ba.jpg\",\"contentUrl\":\"https:\\\/\\\/eldiariodelaeducacion.com\\\/extraeducacion\\\/wp-content\\\/uploads\\\/sites\\\/5\\\/2025\\\/05\\\/phpbJEkIE6811f883526ba.jpg\",\"width\":996,\"height\":664,\"caption\":\"Freepik\"},{\"@type\":\"BreadcrumbList\",\"@id\":\"https:\\\/\\\/eldiariodelaeducacion.com\\\/extraeducacion\\\/2025\\\/05\\\/08\\\/de-la-memorizacion-a-la-creatividad-el-nuevo-paradigma-en-la-educacion\\\/#breadcrumb\",\"itemListElement\":[{\"@type\":\"ListItem\",\"position\":1,\"name\":\"Portada\",\"item\":\"https:\\\/\\\/eldiariodelaeducacion.com\\\/extraeducacion\\\/\"},{\"@type\":\"ListItem\",\"position\":2,\"name\":\"De la memorizaci\u00f3n a la creatividad: el nuevo paradigma en la educaci\u00f3n\"}]},{\"@type\":\"WebSite\",\"@id\":\"https:\\\/\\\/eldiariodelaeducacion.com\\\/extraeducacion\\\/#website\",\"url\":\"https:\\\/\\\/eldiariodelaeducacion.com\\\/extraeducacion\\\/\",\"name\":\"Extra Educaci\u00f3n\",\"description\":\"Un blog de El Diario de la Educaci\u00f3n\",\"potentialAction\":[{\"@type\":\"SearchAction\",\"target\":{\"@type\":\"EntryPoint\",\"urlTemplate\":\"https:\\\/\\\/eldiariodelaeducacion.com\\\/extraeducacion\\\/?s={search_term_string}\"},\"query-input\":{\"@type\":\"PropertyValueSpecification\",\"valueRequired\":true,\"valueName\":\"search_term_string\"}}],\"inLanguage\":\"es\"},{\"@type\":\"Person\",\"@id\":\"https:\\\/\\\/eldiariodelaeducacion.com\\\/extraeducacion\\\/#\\\/schema\\\/person\\\/5228007cb64f7ca80adbd750a941d59c\",\"name\":\"Redacci\u00f3n\",\"image\":{\"@type\":\"ImageObject\",\"inLanguage\":\"es\",\"@id\":\"https:\\\/\\\/eldiariodelaeducacion.com\\\/wp-content\\\/uploads\\\/2024\\\/10\\\/redaccion_avatar-96x96.png\",\"url\":\"https:\\\/\\\/eldiariodelaeducacion.com\\\/wp-content\\\/uploads\\\/2024\\\/10\\\/redaccion_avatar-96x96.png\",\"contentUrl\":\"https:\\\/\\\/eldiariodelaeducacion.com\\\/wp-content\\\/uploads\\\/2024\\\/10\\\/redaccion_avatar-96x96.png\",\"caption\":\"Redacci\u00f3n\"},\"url\":\"https:\\\/\\\/eldiariodelaeducacion.com\\\/extraeducacion\\\/author\\\/redaccion\\\/\"}]}<\/script>\n<!-- \/ Yoast SEO plugin. -->","yoast_head_json":{"title":"De la memorizaci\u00f3n a la creatividad: el nuevo paradigma en la educaci\u00f3n - Extra Educaci\u00f3n","robots":{"index":"index","follow":"follow","max-snippet":"max-snippet:-1","max-image-preview":"max-image-preview:large","max-video-preview":"max-video-preview:-1"},"canonical":"https:\/\/eldiariodelaeducacion.com\/extraeducacion\/2025\/05\/08\/de-la-memorizacion-a-la-creatividad-el-nuevo-paradigma-en-la-educacion\/","og_locale":"es_ES","og_type":"article","og_title":"De la memorizaci\u00f3n a la creatividad: el nuevo paradigma en la educaci\u00f3n - Extra Educaci\u00f3n","og_description":"La educaci\u00f3n est\u00e1 viviendo una revoluci\u00f3n silenciosa, alej\u00e1ndose poco a poco de los antiguos m\u00e9todos basados en memorizar datos sin comprenderlos. Hoy, tanto en las aulas f\u00edsicas como en los cursos de educaci\u00f3n online, se apuesta por un aprendizaje m\u00e1s din\u00e1mico, donde las ideas, la imaginaci\u00f3n y la capacidad de resolver problemas cobran protagonismo. Este","og_url":"https:\/\/eldiariodelaeducacion.com\/extraeducacion\/2025\/05\/08\/de-la-memorizacion-a-la-creatividad-el-nuevo-paradigma-en-la-educacion\/","og_site_name":"Extra Educaci\u00f3n","article_published_time":"2025-05-08T04:00:00+00:00","og_image":[{"width":996,"height":664,"url":"https:\/\/eldiariodelaeducacion.com\/extraeducacion\/wp-content\/uploads\/sites\/5\/2025\/05\/phpbJEkIE6811f883526ba.jpg","type":"image\/jpeg"}],"author":"Redacci\u00f3n","twitter_card":"summary_large_image","twitter_misc":{"Escrito por":"Redacci\u00f3n","Tiempo de lectura":"7 minutos"},"schema":{"@context":"https:\/\/schema.org","@graph":[{"@type":"Article","@id":"https:\/\/eldiariodelaeducacion.com\/extraeducacion\/2025\/05\/08\/de-la-memorizacion-a-la-creatividad-el-nuevo-paradigma-en-la-educacion\/#article","isPartOf":{"@id":"https:\/\/eldiariodelaeducacion.com\/extraeducacion\/2025\/05\/08\/de-la-memorizacion-a-la-creatividad-el-nuevo-paradigma-en-la-educacion\/"},"author":{"name":"Redacci\u00f3n","@id":"https:\/\/eldiariodelaeducacion.com\/extraeducacion\/#\/schema\/person\/5228007cb64f7ca80adbd750a941d59c"},"headline":"De la memorizaci\u00f3n a la creatividad: el nuevo paradigma en la educaci\u00f3n","datePublished":"2025-05-08T04:00:00+00:00","mainEntityOfPage":{"@id":"https:\/\/eldiariodelaeducacion.com\/extraeducacion\/2025\/05\/08\/de-la-memorizacion-a-la-creatividad-el-nuevo-paradigma-en-la-educacion\/"},"wordCount":1517,"commentCount":1,"image":{"@id":"https:\/\/eldiariodelaeducacion.com\/extraeducacion\/2025\/05\/08\/de-la-memorizacion-a-la-creatividad-el-nuevo-paradigma-en-la-educacion\/#primaryimage"},"thumbnailUrl":"https:\/\/eldiariodelaeducacion.com\/extraeducacion\/wp-content\/uploads\/sites\/5\/2025\/05\/phpbJEkIE6811f883526ba.jpg","keywords":["formaci\u00f3n"],"articleSection":["Extra educaci\u00f3n"],"inLanguage":"es","potentialAction":[{"@type":"CommentAction","name":"Comment","target":["https:\/\/eldiariodelaeducacion.com\/extraeducacion\/2025\/05\/08\/de-la-memorizacion-a-la-creatividad-el-nuevo-paradigma-en-la-educacion\/#respond"]}]},{"@type":"WebPage","@id":"https:\/\/eldiariodelaeducacion.com\/extraeducacion\/2025\/05\/08\/de-la-memorizacion-a-la-creatividad-el-nuevo-paradigma-en-la-educacion\/","url":"https:\/\/eldiariodelaeducacion.com\/extraeducacion\/2025\/05\/08\/de-la-memorizacion-a-la-creatividad-el-nuevo-paradigma-en-la-educacion\/","name":"De la memorizaci\u00f3n a la creatividad: el nuevo paradigma en la educaci\u00f3n - Extra Educaci\u00f3n","isPartOf":{"@id":"https:\/\/eldiariodelaeducacion.com\/extraeducacion\/#website"},"primaryImageOfPage":{"@id":"https:\/\/eldiariodelaeducacion.com\/extraeducacion\/2025\/05\/08\/de-la-memorizacion-a-la-creatividad-el-nuevo-paradigma-en-la-educacion\/#primaryimage"},"image":{"@id":"https:\/\/eldiariodelaeducacion.com\/extraeducacion\/2025\/05\/08\/de-la-memorizacion-a-la-creatividad-el-nuevo-paradigma-en-la-educacion\/#primaryimage"},"thumbnailUrl":"https:\/\/eldiariodelaeducacion.com\/extraeducacion\/wp-content\/uploads\/sites\/5\/2025\/05\/phpbJEkIE6811f883526ba.jpg","datePublished":"2025-05-08T04:00:00+00:00","author":{"@id":"https:\/\/eldiariodelaeducacion.com\/extraeducacion\/#\/schema\/person\/5228007cb64f7ca80adbd750a941d59c"},"breadcrumb":{"@id":"https:\/\/eldiariodelaeducacion.com\/extraeducacion\/2025\/05\/08\/de-la-memorizacion-a-la-creatividad-el-nuevo-paradigma-en-la-educacion\/#breadcrumb"},"inLanguage":"es","potentialAction":[{"@type":"ReadAction","target":["https:\/\/eldiariodelaeducacion.com\/extraeducacion\/2025\/05\/08\/de-la-memorizacion-a-la-creatividad-el-nuevo-paradigma-en-la-educacion\/"]}]},{"@type":"ImageObject","inLanguage":"es","@id":"https:\/\/eldiariodelaeducacion.com\/extraeducacion\/2025\/05\/08\/de-la-memorizacion-a-la-creatividad-el-nuevo-paradigma-en-la-educacion\/#primaryimage","url":"https:\/\/eldiariodelaeducacion.com\/extraeducacion\/wp-content\/uploads\/sites\/5\/2025\/05\/phpbJEkIE6811f883526ba.jpg","contentUrl":"https:\/\/eldiariodelaeducacion.com\/extraeducacion\/wp-content\/uploads\/sites\/5\/2025\/05\/phpbJEkIE6811f883526ba.jpg","width":996,"height":664,"caption":"Freepik"},{"@type":"BreadcrumbList","@id":"https:\/\/eldiariodelaeducacion.com\/extraeducacion\/2025\/05\/08\/de-la-memorizacion-a-la-creatividad-el-nuevo-paradigma-en-la-educacion\/#breadcrumb","itemListElement":[{"@type":"ListItem","position":1,"name":"Portada","item":"https:\/\/eldiariodelaeducacion.com\/extraeducacion\/"},{"@type":"ListItem","position":2,"name":"De la memorizaci\u00f3n a la creatividad: el nuevo paradigma en la educaci\u00f3n"}]},{"@type":"WebSite","@id":"https:\/\/eldiariodelaeducacion.com\/extraeducacion\/#website","url":"https:\/\/eldiariodelaeducacion.com\/extraeducacion\/","name":"Extra Educaci\u00f3n","description":"Un blog de El Diario de la Educaci\u00f3n","potentialAction":[{"@type":"SearchAction","target":{"@type":"EntryPoint","urlTemplate":"https:\/\/eldiariodelaeducacion.com\/extraeducacion\/?s={search_term_string}"},"query-input":{"@type":"PropertyValueSpecification","valueRequired":true,"valueName":"search_term_string"}}],"inLanguage":"es"},{"@type":"Person","@id":"https:\/\/eldiariodelaeducacion.com\/extraeducacion\/#\/schema\/person\/5228007cb64f7ca80adbd750a941d59c","name":"Redacci\u00f3n","image":{"@type":"ImageObject","inLanguage":"es","@id":"https:\/\/eldiariodelaeducacion.com\/wp-content\/uploads\/2024\/10\/redaccion_avatar-96x96.png","url":"https:\/\/eldiariodelaeducacion.com\/wp-content\/uploads\/2024\/10\/redaccion_avatar-96x96.png","contentUrl":"https:\/\/eldiariodelaeducacion.com\/wp-content\/uploads\/2024\/10\/redaccion_avatar-96x96.png","caption":"Redacci\u00f3n"},"url":"https:\/\/eldiariodelaeducacion.com\/extraeducacion\/author\/redaccion\/"}]}},"_links":{"self":[{"href":"https:\/\/eldiariodelaeducacion.com\/extraeducacion\/wp-json\/wp\/v2\/posts\/1251","targetHints":{"allow":["GET"]}}],"collection":[{"href":"https:\/\/eldiariodelaeducacion.com\/extraeducacion\/wp-json\/wp\/v2\/posts"}],"about":[{"href":"https:\/\/eldiariodelaeducacion.com\/extraeducacion\/wp-json\/wp\/v2\/types\/post"}],"author":[{"embeddable":true,"href":"https:\/\/eldiariodelaeducacion.com\/extraeducacion\/wp-json\/wp\/v2\/users\/150"}],"replies":[{"embeddable":true,"href":"https:\/\/eldiariodelaeducacion.com\/extraeducacion\/wp-json\/wp\/v2\/comments?post=1251"}],"version-history":[{"count":2,"href":"https:\/\/eldiariodelaeducacion.com\/extraeducacion\/wp-json\/wp\/v2\/posts\/1251\/revisions"}],"predecessor-version":[{"id":1254,"href":"https:\/\/eldiariodelaeducacion.com\/extraeducacion\/wp-json\/wp\/v2\/posts\/1251\/revisions\/1254"}],"wp:featuredmedia":[{"embeddable":true,"href":"https:\/\/eldiariodelaeducacion.com\/extraeducacion\/wp-json\/wp\/v2\/media\/1252"}],"wp:attachment":[{"href":"https:\/\/eldiariodelaeducacion.com\/extraeducacion\/wp-json\/wp\/v2\/media?parent=1251"}],"wp:term":[{"taxonomy":"category","embeddable":true,"href":"https:\/\/eldiariodelaeducacion.com\/extraeducacion\/wp-json\/wp\/v2\/categories?post=1251"},{"taxonomy":"post_tag","embeddable":true,"href":"https:\/\/eldiariodelaeducacion.com\/extraeducacion\/wp-json\/wp\/v2\/tags?post=1251"},{"taxonomy":"tipo","embeddable":true,"href":"https:\/\/eldiariodelaeducacion.com\/extraeducacion\/wp-json\/wp\/v2\/tipo?post=1251"}],"curies":[{"name":"wp","href":"https:\/\/api.w.org\/{rel}","templated":true}]}}