{"id":1302,"date":"2025-11-20T04:00:00","date_gmt":"2025-11-20T03:00:00","guid":{"rendered":"https:\/\/eldiariodelaeducacion.com\/extraeducacion\/?p=1302"},"modified":"2025-11-20T09:51:49","modified_gmt":"2025-11-20T08:51:49","slug":"la-ia-como-desafio-pedagogico","status":"publish","type":"post","link":"https:\/\/eldiariodelaeducacion.com\/extraeducacion\/2025\/11\/20\/la-ia-como-desafio-pedagogico\/","title":{"rendered":"La IA como desaf\u00edo pedag\u00f3gico"},"content":{"rendered":"\n<p><strong>La Inteligencia Artificial (IA) se ha instalado en nuestro d\u00eda a d\u00eda profesional y cotidiano. Predictiva o generativa nos est\u00e1 ayudando a modificar, enriquecer y transformar rutinas y procesos. Estos cambios llegan unidos a desaf\u00edos y debates \u00e9ticos cada vez m\u00e1s complejos. Pero tambi\u00e9n traen soluciones y oportunidades que nunca antes hab\u00edamos imaginado. En todos los casos, emerge la necesidad de potenciar la transferencia y la divulgaci\u00f3n para construir otra narrativa, menos dist\u00f3pica y m\u00e1s constructiva, sobre este desarrollo tecnol\u00f3gico. Sin olvidar sus interrogantes y problemas, tenemos hoy la oportunidad de hacer una pedagog\u00eda m\u00e1s completa, humanista y cr\u00edtica de lo que es y no es la Inteligencia Artificial. Para ello, el trabajo de transferencia y comunicaci\u00f3n m\u00e1s all\u00e1 del \u00e1mbito acad\u00e9mico es imprescindible. Se requieren de nuevos formatos, entregables y acciones que acerquen la academia a los registros, los di\u00e1logos y los lenguajes de la sociedad en su conjunto. A continuaci\u00f3n, se presentan dos proyectos que, en el campo de la IA y otras tecnolog\u00edas vinculadas con el periodismo, tratan de hacerlo.<\/strong><\/p>\n\n\n\n<figure class=\"wp-block-image size-large\"><img fetchpriority=\"high\" decoding=\"async\" width=\"1024\" height=\"587\" src=\"https:\/\/eldiariodelaeducacion.com\/extraeducacion\/wp-content\/uploads\/sites\/5\/2025\/10\/extra_santi-1024x587.jpg\" alt=\"\" class=\"wp-image-1303\" srcset=\"https:\/\/eldiariodelaeducacion.com\/extraeducacion\/wp-content\/uploads\/sites\/5\/2025\/10\/extra_santi-1024x587.jpg 1024w, https:\/\/eldiariodelaeducacion.com\/extraeducacion\/wp-content\/uploads\/sites\/5\/2025\/10\/extra_santi-300x172.jpg 300w, https:\/\/eldiariodelaeducacion.com\/extraeducacion\/wp-content\/uploads\/sites\/5\/2025\/10\/extra_santi-768x440.jpg 768w, https:\/\/eldiariodelaeducacion.com\/extraeducacion\/wp-content\/uploads\/sites\/5\/2025\/10\/extra_santi-18x10.jpg 18w, https:\/\/eldiariodelaeducacion.com\/extraeducacion\/wp-content\/uploads\/sites\/5\/2025\/10\/extra_santi-150x86.jpg 150w, https:\/\/eldiariodelaeducacion.com\/extraeducacion\/wp-content\/uploads\/sites\/5\/2025\/10\/extra_santi-450x258.jpg 450w, https:\/\/eldiariodelaeducacion.com\/extraeducacion\/wp-content\/uploads\/sites\/5\/2025\/10\/extra_santi-1200x688.jpg 1200w, https:\/\/eldiariodelaeducacion.com\/extraeducacion\/wp-content\/uploads\/sites\/5\/2025\/10\/extra_santi.jpg 1380w\" sizes=\"(max-width: 1024px) 100vw, 1024px\" \/><\/figure>\n\n\n\n<p><strong>Dos proyectos para repensar el futuro desde el presente<\/strong><\/p>\n\n\n\n<p>El proyecto&nbsp;<strong>\u201c<\/strong><a href=\"https:\/\/iacom.gabinetecomunicacionyeducacion.com\/\"><strong>La inteligencia artificial para el fomento del periodismo de calidad y la alfabetizaci\u00f3n medi\u00e1tica: Avances tecnol\u00f3gicos aplicados y desaf\u00edos en la era de la desinformaci\u00f3n<\/strong><\/a><strong>\u201d<\/strong>&nbsp;(Referencia PID2023-149759OB-I00) es una iniciativa derivada de la convocatoria 2023 de \u00abProyectos de generaci\u00f3n de conocimiento\u00bb y actuaciones para la formaci\u00f3n de personal investigador predoctoral asociadas a dichos proyectos, en el marco del Programa Estatal para Impulsar la Investigaci\u00f3n Cient\u00edfico-T\u00e9cnica y su Transferencia, del Plan Estatal de Investigaci\u00f3n Cient\u00edfica, T\u00e9cnica y de Innovaci\u00f3n 2021-2023.<\/p>\n\n\n\n<p>&nbsp;El&nbsp;<strong>Gabinete de Comunicaci\u00f3n y Educaci\u00f3n&nbsp;de la UAB,<\/strong>&nbsp;junto a varias universidades espa\u00f1olas y un ecosistema de entidades e iniciativas colaboradoras, impulsa este proyecto bajo el liderazgo, como Investigador Principal (IP), de Santiago Tejedor. La iniciativa cuenta con la participaci\u00f3n de investigadores de la Universidad San Jorge de Zaragoza, la Universidad Valladolid y la Universidad Abad Oliva CEU de Barcelona. El proyecto parte de la necesidad de que los medios en Espa\u00f1a y la regi\u00f3n iberoamericana en su conjunto implementen&nbsp;<strong>directrices, estrategias&nbsp;<\/strong>y&nbsp;<strong>hojas de ruta&nbsp;<\/strong>que fomenten el uso de la IA para mejorar la producci\u00f3n y promoci\u00f3n de contenidos informativos. Con relaci\u00f3n a ello, a pesar del gran volumen de t\u00edtulos publicados, sigue siendo crucial contar con un mayor acervo de materiales que generen pautas y recomendaciones orientadas a transformar y resolver problemas del sector period\u00edstico desde una perspectiva transversal y hol\u00edstica. El objetivo es&nbsp;<strong>redefinir<\/strong>,&nbsp;<strong>adaptar&nbsp;<\/strong>y&nbsp;<strong>mejorar&nbsp;<\/strong>el periodismo mediante la adopci\u00f3n de:&nbsp;<strong>recursos, herramientas, procesos&nbsp;<\/strong>y&nbsp;<strong>rutinas&nbsp;<\/strong>derivadas de las posibilidades de los nuevos avances tecnol\u00f3gicos de la IA.<\/p>\n\n\n\n<p>El proyecto pretende generar una&nbsp;<strong>cartograf\u00eda multimedia e interactiva<\/strong>&nbsp;con iniciativas a nivel mundial que han implementado la IA en algunas de las etapas del proceso de generaci\u00f3n de contenidos informativos. Adem\u00e1s, se prev\u00e9 la construcci\u00f3n de un cat\u00e1logo de estudios de casos y experiencias de \u00e9xito, as\u00ed como un acervo de infograf\u00edas, mapas conceptuales, c\u00e1psulas audiovisuales y otros entregables. La iniciativa, que desarrolla un amplio n\u00famero de entrevistas a expertos, generar\u00e1 un <strong>libro blanco <\/strong>dirigido al conjunto de la ciudadan\u00eda, especialmente, a periodistas y comunicadores. Por otro lado, en el \u00e1mbito acad\u00e9mico, se ha planificado la presencia en congresos nacionales e internacionales, as\u00ed como la publicaci\u00f3n de art\u00edculos y cap\u00edtulos de libros. Junto a ello, el proyecto ha dise\u00f1ado una gran estrategia medi\u00e1tica mediante <strong>noticias, reportajes, cr\u00f3nicas y entregables sonoros y audiovisuales<\/strong> en diferentes formatos.&nbsp;&nbsp;<\/p>\n\n\n\n<p>Junto a este proyecto, la C\u00e1tedra RTVE-UAB para la Innovaci\u00f3n de los Informativos en la Sociedad Digital da forma al&nbsp;<strong>Observatorio para la Innovaci\u00f3n de los Informativos en la Sociedad Digital (OI2).&nbsp;<\/strong>Este proyecto, impulsado por&nbsp;<strong>Radio Televisi\u00f3n Espa\u00f1ola<\/strong>&nbsp;y el Gabinete de Comunicaci\u00f3n y Educaci\u00f3n de la&nbsp;<strong>Universidad Aut\u00f3noma de Barcelona (UAB),&nbsp;<\/strong>se centra en el estudio, el monitoreo y la investigaci\u00f3n de las \u00faltimas tendencias en el \u00e1mbito de los informativos televisivos con el objetivo de demostrar c\u00f3mo estas iniciativas se pueden desarrollar de forma sostenible y adaptadas a la econom\u00eda actual.<\/p>\n\n\n\n<figure class=\"wp-block-image size-large\"><img decoding=\"async\" width=\"1024\" height=\"582\" src=\"https:\/\/eldiariodelaeducacion.com\/extraeducacion\/wp-content\/uploads\/sites\/5\/2025\/10\/infografia-1024x582.jpg\" alt=\"\" class=\"wp-image-1304\" srcset=\"https:\/\/eldiariodelaeducacion.com\/extraeducacion\/wp-content\/uploads\/sites\/5\/2025\/10\/infografia-1024x582.jpg 1024w, https:\/\/eldiariodelaeducacion.com\/extraeducacion\/wp-content\/uploads\/sites\/5\/2025\/10\/infografia-300x170.jpg 300w, https:\/\/eldiariodelaeducacion.com\/extraeducacion\/wp-content\/uploads\/sites\/5\/2025\/10\/infografia-768x436.jpg 768w, https:\/\/eldiariodelaeducacion.com\/extraeducacion\/wp-content\/uploads\/sites\/5\/2025\/10\/infografia-18x10.jpg 18w, https:\/\/eldiariodelaeducacion.com\/extraeducacion\/wp-content\/uploads\/sites\/5\/2025\/10\/infografia-150x85.jpg 150w, https:\/\/eldiariodelaeducacion.com\/extraeducacion\/wp-content\/uploads\/sites\/5\/2025\/10\/infografia-450x256.jpg 450w, https:\/\/eldiariodelaeducacion.com\/extraeducacion\/wp-content\/uploads\/sites\/5\/2025\/10\/infografia-1200x681.jpg 1200w, https:\/\/eldiariodelaeducacion.com\/extraeducacion\/wp-content\/uploads\/sites\/5\/2025\/10\/infografia.jpg 1370w\" sizes=\"(max-width: 1024px) 100vw, 1024px\" \/><\/figure>\n\n\n\n<h2 class=\"wp-block-heading\"><strong>La IA como objeto de estudio insoslayable<\/strong><\/h2>\n\n\n\n<p>El&nbsp;<strong>Gabinete de Comunicaci\u00f3n y de Educaci\u00f3n<\/strong>&nbsp;es un&nbsp;<a href=\"http:\/\/gabinetecomunicacionyeducacion.com\/es\" target=\"_blank\" rel=\"noreferrer noopener\">grupo consolidado y especializado<\/a>&nbsp;en la investigaci\u00f3n y divulgaci\u00f3n cient\u00edfica, que pertenece al Departamento de Periodismo y Ciencias de la Comunicaci\u00f3n de la&nbsp;<strong>UAB.<\/strong>&nbsp;Reconocido por AGAUR (Ag\u00e8ncia de Gesti\u00f3 d\u2019Ajuts Universitaris i de Recerca) de la Generalitat de Catalunya como&nbsp;<strong>Grupo de Investigaci\u00f3n Consolidado<\/strong>&nbsp;en funci\u00f3n de su trayectoria, proyecci\u00f3n y desarrollo, desarrolla proyectos e investigaciones en el terreno de convergencia entre la comunicaci\u00f3n y la educaci\u00f3n. Desde su creaci\u00f3n, ha desarrollado iniciativas destinadas a integrar, con conciencia y libertad, las&nbsp;tecnolog\u00edas de la comunicaci\u00f3n&nbsp;en la denominada&nbsp;sociedad global o del conocimiento. Bajo la direcci\u00f3n de&nbsp;<strong>Santiago Tejedor,<\/strong>&nbsp;el Gabinete organiza diferentes m\u00e1steres propios, como el M\u00e1ster en&nbsp;<strong>Periodismo de Viajes<\/strong>&nbsp;(presencial y online), el M\u00e1ster de&nbsp;<strong>Comunicaci\u00f3n y Educaci\u00f3n,<\/strong>&nbsp;el M\u00e1ster de&nbsp;<strong>Comunicaci\u00f3n del Medioambiente<\/strong>&nbsp;y el M\u00e1ster en Gesti\u00f3n de la&nbsp;<strong>Comunicaci\u00f3n Pol\u00edtica y Electoral.&nbsp;<\/strong>El grupo posee una colecci\u00f3n de publicaciones, en forma de&nbsp;<a href=\"http:\/\/gabinetecomunicacionyeducacion.com\/es\/articulos-cientificos\" target=\"_blank\" rel=\"noreferrer noopener\">art\u00edculos cient\u00edficos,<\/a>&nbsp;<a href=\"http:\/\/gabinetecomunicacionyeducacion.com\/es\/libros-y-capitulos-de-libro\" target=\"_blank\" rel=\"noreferrer noopener\">libros y cap\u00edtulos de libro<\/a>, y&nbsp;<a href=\"http:\/\/gabinetecomunicacionyeducacion.com\/es\/publicaciones\" target=\"_blank\" rel=\"noreferrer noopener\">otros trabajos<\/a>, muy amplia y variada que se renueva constantemente. Adem\u00e1s, cuenta con un laboratorio de&nbsp;<a href=\"http:\/\/gabinetecomunicacionyeducacion.com\/es\/proyectos\" target=\"_blank\" rel=\"noreferrer noopener\">proyectos<\/a>&nbsp;de&nbsp;<strong>innovaci\u00f3n docente, transferencia y nuevos formatos<\/strong>&nbsp;que se conciben y desarrollan desde una perspectiva basada en la creatividad y el trabajo multidisciplinar. El Gabinete organiza cada a\u00f1o una expedici\u00f3n acad\u00e9mica que recorre el mundo con estudiantes de diferentes universidades y carreras. Se trata de la&nbsp;<a href=\"http:\/\/www.tahina-can.org\/\" target=\"_blank\" rel=\"noreferrer noopener\">Expedici\u00f3n Tahina-Can<\/a>&nbsp;que ha sido premiada como mejor proyecto educativo de Espa\u00f1a. Adem\u00e1s, cuenta con el portal&nbsp;<a href=\"http:\/\/www.tuaventura.com\/\" target=\"_blank\" rel=\"noreferrer noopener\">Tu Aventura,<\/a>&nbsp;la&nbsp;<a href=\"http:\/\/www.infoedu.es\/\" target=\"_blank\" rel=\"noreferrer noopener\">plataforma educativa InfoEDU<\/a>&nbsp;y el proyecto de newsgames y ciencia&nbsp;<a href=\"https:\/\/reporterosdelaciencia.com\/\" target=\"_blank\" rel=\"noreferrer noopener\">Reporteros de la Ciencia<\/a>.<\/p>\n\n\n\n<p><\/p>\n","protected":false},"excerpt":{"rendered":"<p>La Inteligencia Artificial (IA) se ha instalado en nuestro d\u00eda a d\u00eda profesional y cotidiano. Predictiva o generativa nos est\u00e1 ayudando a modificar, enriquecer y transformar rutinas y procesos. Estos cambios llegan unidos a desaf\u00edos y debates \u00e9ticos cada vez m\u00e1s complejos. Pero tambi\u00e9n traen soluciones y oportunidades que nunca antes hab\u00edamos imaginado. En todos<\/p>\n","protected":false},"author":163,"featured_media":1303,"comment_status":"open","ping_status":"open","sticky":false,"template":"","format":"standard","meta":{"footnotes":""},"categories":[2],"tags":[],"tipo":[31],"class_list":{"0":"post-1302","1":"post","2":"type-post","3":"status-publish","4":"format-standard","5":"has-post-thumbnail","7":"category-extra-educacion","8":"tipo-reportaje"},"yoast_head":"<!-- This site is optimized with the Yoast SEO plugin v27.5 - https:\/\/yoast.com\/product\/yoast-seo-wordpress\/ -->\n<title>La IA como desaf\u00edo pedag\u00f3gico - Extra Educaci\u00f3n<\/title>\n<meta name=\"robots\" content=\"index, follow, max-snippet:-1, max-image-preview:large, max-video-preview:-1\" \/>\n<link rel=\"canonical\" href=\"https:\/\/eldiariodelaeducacion.com\/extraeducacion\/2025\/11\/20\/la-ia-como-desafio-pedagogico\/\" \/>\n<meta property=\"og:locale\" content=\"es_ES\" \/>\n<meta property=\"og:type\" content=\"article\" \/>\n<meta property=\"og:title\" content=\"La IA como desaf\u00edo pedag\u00f3gico - Extra Educaci\u00f3n\" \/>\n<meta property=\"og:description\" content=\"La Inteligencia Artificial (IA) se ha instalado en nuestro d\u00eda a d\u00eda profesional y cotidiano. Predictiva o generativa nos est\u00e1 ayudando a modificar, enriquecer y transformar rutinas y procesos. Estos cambios llegan unidos a desaf\u00edos y debates \u00e9ticos cada vez m\u00e1s complejos. Pero tambi\u00e9n traen soluciones y oportunidades que nunca antes hab\u00edamos imaginado. En todos\" \/>\n<meta property=\"og:url\" content=\"https:\/\/eldiariodelaeducacion.com\/extraeducacion\/2025\/11\/20\/la-ia-como-desafio-pedagogico\/\" \/>\n<meta property=\"og:site_name\" content=\"Extra Educaci\u00f3n\" \/>\n<meta property=\"article:published_time\" content=\"2025-11-20T03:00:00+00:00\" \/>\n<meta property=\"article:modified_time\" content=\"2025-11-20T08:51:49+00:00\" \/>\n<meta property=\"og:image\" content=\"https:\/\/eldiariodelaeducacion.com\/extraeducacion\/wp-content\/uploads\/sites\/5\/2025\/10\/extra_santi.jpg\" \/>\n\t<meta property=\"og:image:width\" content=\"1380\" \/>\n\t<meta property=\"og:image:height\" content=\"791\" \/>\n\t<meta property=\"og:image:type\" content=\"image\/jpeg\" \/>\n<meta name=\"author\" content=\"Santiago Tejedor\" \/>\n<meta name=\"twitter:card\" content=\"summary_large_image\" \/>\n<meta name=\"twitter:label1\" content=\"Escrito por\" \/>\n\t<meta name=\"twitter:data1\" content=\"Santiago Tejedor\" \/>\n\t<meta name=\"twitter:label2\" content=\"Tiempo de lectura\" \/>\n\t<meta name=\"twitter:data2\" content=\"5 minutos\" \/>\n<script type=\"application\/ld+json\" class=\"yoast-schema-graph\">{\"@context\":\"https:\\\/\\\/schema.org\",\"@graph\":[{\"@type\":\"Article\",\"@id\":\"https:\\\/\\\/eldiariodelaeducacion.com\\\/extraeducacion\\\/2025\\\/11\\\/20\\\/la-ia-como-desafio-pedagogico\\\/#article\",\"isPartOf\":{\"@id\":\"https:\\\/\\\/eldiariodelaeducacion.com\\\/extraeducacion\\\/2025\\\/11\\\/20\\\/la-ia-como-desafio-pedagogico\\\/\"},\"author\":{\"name\":\"Santiago Tejedor\",\"@id\":\"https:\\\/\\\/eldiariodelaeducacion.com\\\/extraeducacion\\\/#\\\/schema\\\/person\\\/203ca7d4bd6243283b2e64e14c24129a\"},\"headline\":\"La IA como desaf\u00edo pedag\u00f3gico\",\"datePublished\":\"2025-11-20T03:00:00+00:00\",\"dateModified\":\"2025-11-20T08:51:49+00:00\",\"mainEntityOfPage\":{\"@id\":\"https:\\\/\\\/eldiariodelaeducacion.com\\\/extraeducacion\\\/2025\\\/11\\\/20\\\/la-ia-como-desafio-pedagogico\\\/\"},\"wordCount\":1124,\"commentCount\":0,\"image\":{\"@id\":\"https:\\\/\\\/eldiariodelaeducacion.com\\\/extraeducacion\\\/2025\\\/11\\\/20\\\/la-ia-como-desafio-pedagogico\\\/#primaryimage\"},\"thumbnailUrl\":\"https:\\\/\\\/eldiariodelaeducacion.com\\\/extraeducacion\\\/wp-content\\\/uploads\\\/sites\\\/5\\\/2025\\\/10\\\/extra_santi.jpg\",\"articleSection\":[\"Extra educaci\u00f3n\"],\"inLanguage\":\"es\",\"potentialAction\":[{\"@type\":\"CommentAction\",\"name\":\"Comment\",\"target\":[\"https:\\\/\\\/eldiariodelaeducacion.com\\\/extraeducacion\\\/2025\\\/11\\\/20\\\/la-ia-como-desafio-pedagogico\\\/#respond\"]}]},{\"@type\":\"WebPage\",\"@id\":\"https:\\\/\\\/eldiariodelaeducacion.com\\\/extraeducacion\\\/2025\\\/11\\\/20\\\/la-ia-como-desafio-pedagogico\\\/\",\"url\":\"https:\\\/\\\/eldiariodelaeducacion.com\\\/extraeducacion\\\/2025\\\/11\\\/20\\\/la-ia-como-desafio-pedagogico\\\/\",\"name\":\"La IA como desaf\u00edo pedag\u00f3gico - Extra Educaci\u00f3n\",\"isPartOf\":{\"@id\":\"https:\\\/\\\/eldiariodelaeducacion.com\\\/extraeducacion\\\/#website\"},\"primaryImageOfPage\":{\"@id\":\"https:\\\/\\\/eldiariodelaeducacion.com\\\/extraeducacion\\\/2025\\\/11\\\/20\\\/la-ia-como-desafio-pedagogico\\\/#primaryimage\"},\"image\":{\"@id\":\"https:\\\/\\\/eldiariodelaeducacion.com\\\/extraeducacion\\\/2025\\\/11\\\/20\\\/la-ia-como-desafio-pedagogico\\\/#primaryimage\"},\"thumbnailUrl\":\"https:\\\/\\\/eldiariodelaeducacion.com\\\/extraeducacion\\\/wp-content\\\/uploads\\\/sites\\\/5\\\/2025\\\/10\\\/extra_santi.jpg\",\"datePublished\":\"2025-11-20T03:00:00+00:00\",\"dateModified\":\"2025-11-20T08:51:49+00:00\",\"author\":{\"@id\":\"https:\\\/\\\/eldiariodelaeducacion.com\\\/extraeducacion\\\/#\\\/schema\\\/person\\\/203ca7d4bd6243283b2e64e14c24129a\"},\"breadcrumb\":{\"@id\":\"https:\\\/\\\/eldiariodelaeducacion.com\\\/extraeducacion\\\/2025\\\/11\\\/20\\\/la-ia-como-desafio-pedagogico\\\/#breadcrumb\"},\"inLanguage\":\"es\",\"potentialAction\":[{\"@type\":\"ReadAction\",\"target\":[\"https:\\\/\\\/eldiariodelaeducacion.com\\\/extraeducacion\\\/2025\\\/11\\\/20\\\/la-ia-como-desafio-pedagogico\\\/\"]}]},{\"@type\":\"ImageObject\",\"inLanguage\":\"es\",\"@id\":\"https:\\\/\\\/eldiariodelaeducacion.com\\\/extraeducacion\\\/2025\\\/11\\\/20\\\/la-ia-como-desafio-pedagogico\\\/#primaryimage\",\"url\":\"https:\\\/\\\/eldiariodelaeducacion.com\\\/extraeducacion\\\/wp-content\\\/uploads\\\/sites\\\/5\\\/2025\\\/10\\\/extra_santi.jpg\",\"contentUrl\":\"https:\\\/\\\/eldiariodelaeducacion.com\\\/extraeducacion\\\/wp-content\\\/uploads\\\/sites\\\/5\\\/2025\\\/10\\\/extra_santi.jpg\",\"width\":1380,\"height\":791},{\"@type\":\"BreadcrumbList\",\"@id\":\"https:\\\/\\\/eldiariodelaeducacion.com\\\/extraeducacion\\\/2025\\\/11\\\/20\\\/la-ia-como-desafio-pedagogico\\\/#breadcrumb\",\"itemListElement\":[{\"@type\":\"ListItem\",\"position\":1,\"name\":\"Portada\",\"item\":\"https:\\\/\\\/eldiariodelaeducacion.com\\\/extraeducacion\\\/\"},{\"@type\":\"ListItem\",\"position\":2,\"name\":\"La IA como desaf\u00edo pedag\u00f3gico\"}]},{\"@type\":\"WebSite\",\"@id\":\"https:\\\/\\\/eldiariodelaeducacion.com\\\/extraeducacion\\\/#website\",\"url\":\"https:\\\/\\\/eldiariodelaeducacion.com\\\/extraeducacion\\\/\",\"name\":\"Extra Educaci\u00f3n\",\"description\":\"Un blog de El Diario de la Educaci\u00f3n\",\"potentialAction\":[{\"@type\":\"SearchAction\",\"target\":{\"@type\":\"EntryPoint\",\"urlTemplate\":\"https:\\\/\\\/eldiariodelaeducacion.com\\\/extraeducacion\\\/?s={search_term_string}\"},\"query-input\":{\"@type\":\"PropertyValueSpecification\",\"valueRequired\":true,\"valueName\":\"search_term_string\"}}],\"inLanguage\":\"es\"},{\"@type\":\"Person\",\"@id\":\"https:\\\/\\\/eldiariodelaeducacion.com\\\/extraeducacion\\\/#\\\/schema\\\/person\\\/203ca7d4bd6243283b2e64e14c24129a\",\"name\":\"Santiago Tejedor\",\"image\":{\"@type\":\"ImageObject\",\"inLanguage\":\"es\",\"@id\":\"https:\\\/\\\/eldiariodelaeducacion.com\\\/extraeducacion\\\/wp-content\\\/uploads\\\/sites\\\/5\\\/2024\\\/12\\\/santiago-tejedor_avatar-96x96.png\",\"url\":\"https:\\\/\\\/eldiariodelaeducacion.com\\\/extraeducacion\\\/wp-content\\\/uploads\\\/sites\\\/5\\\/2024\\\/12\\\/santiago-tejedor_avatar-96x96.png\",\"contentUrl\":\"https:\\\/\\\/eldiariodelaeducacion.com\\\/extraeducacion\\\/wp-content\\\/uploads\\\/sites\\\/5\\\/2024\\\/12\\\/santiago-tejedor_avatar-96x96.png\",\"caption\":\"Santiago Tejedor\"},\"description\":\"Catedr\u00e1tico de Periodismo -especializado en viajes y ciberperiodismo-, investigador y periodista. Es el director del Gabinete de Comunicaci\u00f3n y Educaci\u00f3n de la Universitat Aut\u00f2noma de Barcelona\",\"url\":\"https:\\\/\\\/eldiariodelaeducacion.com\\\/extraeducacion\\\/author\\\/tejedor\\\/\"}]}<\/script>\n<!-- \/ Yoast SEO plugin. -->","yoast_head_json":{"title":"La IA como desaf\u00edo pedag\u00f3gico - Extra Educaci\u00f3n","robots":{"index":"index","follow":"follow","max-snippet":"max-snippet:-1","max-image-preview":"max-image-preview:large","max-video-preview":"max-video-preview:-1"},"canonical":"https:\/\/eldiariodelaeducacion.com\/extraeducacion\/2025\/11\/20\/la-ia-como-desafio-pedagogico\/","og_locale":"es_ES","og_type":"article","og_title":"La IA como desaf\u00edo pedag\u00f3gico - Extra Educaci\u00f3n","og_description":"La Inteligencia Artificial (IA) se ha instalado en nuestro d\u00eda a d\u00eda profesional y cotidiano. Predictiva o generativa nos est\u00e1 ayudando a modificar, enriquecer y transformar rutinas y procesos. Estos cambios llegan unidos a desaf\u00edos y debates \u00e9ticos cada vez m\u00e1s complejos. Pero tambi\u00e9n traen soluciones y oportunidades que nunca antes hab\u00edamos imaginado. En todos","og_url":"https:\/\/eldiariodelaeducacion.com\/extraeducacion\/2025\/11\/20\/la-ia-como-desafio-pedagogico\/","og_site_name":"Extra Educaci\u00f3n","article_published_time":"2025-11-20T03:00:00+00:00","article_modified_time":"2025-11-20T08:51:49+00:00","og_image":[{"width":1380,"height":791,"url":"https:\/\/eldiariodelaeducacion.com\/extraeducacion\/wp-content\/uploads\/sites\/5\/2025\/10\/extra_santi.jpg","type":"image\/jpeg"}],"author":"Santiago Tejedor","twitter_card":"summary_large_image","twitter_misc":{"Escrito por":"Santiago Tejedor","Tiempo de lectura":"5 minutos"},"schema":{"@context":"https:\/\/schema.org","@graph":[{"@type":"Article","@id":"https:\/\/eldiariodelaeducacion.com\/extraeducacion\/2025\/11\/20\/la-ia-como-desafio-pedagogico\/#article","isPartOf":{"@id":"https:\/\/eldiariodelaeducacion.com\/extraeducacion\/2025\/11\/20\/la-ia-como-desafio-pedagogico\/"},"author":{"name":"Santiago Tejedor","@id":"https:\/\/eldiariodelaeducacion.com\/extraeducacion\/#\/schema\/person\/203ca7d4bd6243283b2e64e14c24129a"},"headline":"La IA como desaf\u00edo pedag\u00f3gico","datePublished":"2025-11-20T03:00:00+00:00","dateModified":"2025-11-20T08:51:49+00:00","mainEntityOfPage":{"@id":"https:\/\/eldiariodelaeducacion.com\/extraeducacion\/2025\/11\/20\/la-ia-como-desafio-pedagogico\/"},"wordCount":1124,"commentCount":0,"image":{"@id":"https:\/\/eldiariodelaeducacion.com\/extraeducacion\/2025\/11\/20\/la-ia-como-desafio-pedagogico\/#primaryimage"},"thumbnailUrl":"https:\/\/eldiariodelaeducacion.com\/extraeducacion\/wp-content\/uploads\/sites\/5\/2025\/10\/extra_santi.jpg","articleSection":["Extra educaci\u00f3n"],"inLanguage":"es","potentialAction":[{"@type":"CommentAction","name":"Comment","target":["https:\/\/eldiariodelaeducacion.com\/extraeducacion\/2025\/11\/20\/la-ia-como-desafio-pedagogico\/#respond"]}]},{"@type":"WebPage","@id":"https:\/\/eldiariodelaeducacion.com\/extraeducacion\/2025\/11\/20\/la-ia-como-desafio-pedagogico\/","url":"https:\/\/eldiariodelaeducacion.com\/extraeducacion\/2025\/11\/20\/la-ia-como-desafio-pedagogico\/","name":"La IA como desaf\u00edo pedag\u00f3gico - Extra Educaci\u00f3n","isPartOf":{"@id":"https:\/\/eldiariodelaeducacion.com\/extraeducacion\/#website"},"primaryImageOfPage":{"@id":"https:\/\/eldiariodelaeducacion.com\/extraeducacion\/2025\/11\/20\/la-ia-como-desafio-pedagogico\/#primaryimage"},"image":{"@id":"https:\/\/eldiariodelaeducacion.com\/extraeducacion\/2025\/11\/20\/la-ia-como-desafio-pedagogico\/#primaryimage"},"thumbnailUrl":"https:\/\/eldiariodelaeducacion.com\/extraeducacion\/wp-content\/uploads\/sites\/5\/2025\/10\/extra_santi.jpg","datePublished":"2025-11-20T03:00:00+00:00","dateModified":"2025-11-20T08:51:49+00:00","author":{"@id":"https:\/\/eldiariodelaeducacion.com\/extraeducacion\/#\/schema\/person\/203ca7d4bd6243283b2e64e14c24129a"},"breadcrumb":{"@id":"https:\/\/eldiariodelaeducacion.com\/extraeducacion\/2025\/11\/20\/la-ia-como-desafio-pedagogico\/#breadcrumb"},"inLanguage":"es","potentialAction":[{"@type":"ReadAction","target":["https:\/\/eldiariodelaeducacion.com\/extraeducacion\/2025\/11\/20\/la-ia-como-desafio-pedagogico\/"]}]},{"@type":"ImageObject","inLanguage":"es","@id":"https:\/\/eldiariodelaeducacion.com\/extraeducacion\/2025\/11\/20\/la-ia-como-desafio-pedagogico\/#primaryimage","url":"https:\/\/eldiariodelaeducacion.com\/extraeducacion\/wp-content\/uploads\/sites\/5\/2025\/10\/extra_santi.jpg","contentUrl":"https:\/\/eldiariodelaeducacion.com\/extraeducacion\/wp-content\/uploads\/sites\/5\/2025\/10\/extra_santi.jpg","width":1380,"height":791},{"@type":"BreadcrumbList","@id":"https:\/\/eldiariodelaeducacion.com\/extraeducacion\/2025\/11\/20\/la-ia-como-desafio-pedagogico\/#breadcrumb","itemListElement":[{"@type":"ListItem","position":1,"name":"Portada","item":"https:\/\/eldiariodelaeducacion.com\/extraeducacion\/"},{"@type":"ListItem","position":2,"name":"La IA como desaf\u00edo pedag\u00f3gico"}]},{"@type":"WebSite","@id":"https:\/\/eldiariodelaeducacion.com\/extraeducacion\/#website","url":"https:\/\/eldiariodelaeducacion.com\/extraeducacion\/","name":"Extra Educaci\u00f3n","description":"Un blog de El Diario de la Educaci\u00f3n","potentialAction":[{"@type":"SearchAction","target":{"@type":"EntryPoint","urlTemplate":"https:\/\/eldiariodelaeducacion.com\/extraeducacion\/?s={search_term_string}"},"query-input":{"@type":"PropertyValueSpecification","valueRequired":true,"valueName":"search_term_string"}}],"inLanguage":"es"},{"@type":"Person","@id":"https:\/\/eldiariodelaeducacion.com\/extraeducacion\/#\/schema\/person\/203ca7d4bd6243283b2e64e14c24129a","name":"Santiago Tejedor","image":{"@type":"ImageObject","inLanguage":"es","@id":"https:\/\/eldiariodelaeducacion.com\/extraeducacion\/wp-content\/uploads\/sites\/5\/2024\/12\/santiago-tejedor_avatar-96x96.png","url":"https:\/\/eldiariodelaeducacion.com\/extraeducacion\/wp-content\/uploads\/sites\/5\/2024\/12\/santiago-tejedor_avatar-96x96.png","contentUrl":"https:\/\/eldiariodelaeducacion.com\/extraeducacion\/wp-content\/uploads\/sites\/5\/2024\/12\/santiago-tejedor_avatar-96x96.png","caption":"Santiago Tejedor"},"description":"Catedr\u00e1tico de Periodismo -especializado en viajes y ciberperiodismo-, investigador y periodista. Es el director del Gabinete de Comunicaci\u00f3n y Educaci\u00f3n de la Universitat Aut\u00f2noma de Barcelona","url":"https:\/\/eldiariodelaeducacion.com\/extraeducacion\/author\/tejedor\/"}]}},"_links":{"self":[{"href":"https:\/\/eldiariodelaeducacion.com\/extraeducacion\/wp-json\/wp\/v2\/posts\/1302","targetHints":{"allow":["GET"]}}],"collection":[{"href":"https:\/\/eldiariodelaeducacion.com\/extraeducacion\/wp-json\/wp\/v2\/posts"}],"about":[{"href":"https:\/\/eldiariodelaeducacion.com\/extraeducacion\/wp-json\/wp\/v2\/types\/post"}],"author":[{"embeddable":true,"href":"https:\/\/eldiariodelaeducacion.com\/extraeducacion\/wp-json\/wp\/v2\/users\/163"}],"replies":[{"embeddable":true,"href":"https:\/\/eldiariodelaeducacion.com\/extraeducacion\/wp-json\/wp\/v2\/comments?post=1302"}],"version-history":[{"count":1,"href":"https:\/\/eldiariodelaeducacion.com\/extraeducacion\/wp-json\/wp\/v2\/posts\/1302\/revisions"}],"predecessor-version":[{"id":1305,"href":"https:\/\/eldiariodelaeducacion.com\/extraeducacion\/wp-json\/wp\/v2\/posts\/1302\/revisions\/1305"}],"wp:featuredmedia":[{"embeddable":true,"href":"https:\/\/eldiariodelaeducacion.com\/extraeducacion\/wp-json\/wp\/v2\/media\/1303"}],"wp:attachment":[{"href":"https:\/\/eldiariodelaeducacion.com\/extraeducacion\/wp-json\/wp\/v2\/media?parent=1302"}],"wp:term":[{"taxonomy":"category","embeddable":true,"href":"https:\/\/eldiariodelaeducacion.com\/extraeducacion\/wp-json\/wp\/v2\/categories?post=1302"},{"taxonomy":"post_tag","embeddable":true,"href":"https:\/\/eldiariodelaeducacion.com\/extraeducacion\/wp-json\/wp\/v2\/tags?post=1302"},{"taxonomy":"tipo","embeddable":true,"href":"https:\/\/eldiariodelaeducacion.com\/extraeducacion\/wp-json\/wp\/v2\/tipo?post=1302"}],"curies":[{"name":"wp","href":"https:\/\/api.w.org\/{rel}","templated":true}]}}