{"id":1306,"date":"2025-11-27T04:00:00","date_gmt":"2025-11-27T03:00:00","guid":{"rendered":"https:\/\/eldiariodelaeducacion.com\/extraeducacion\/?p=1306"},"modified":"2025-10-07T16:55:20","modified_gmt":"2025-10-07T14:55:20","slug":"las-fronteras-que-no-cuentan","status":"publish","type":"post","link":"https:\/\/eldiariodelaeducacion.com\/extraeducacion\/2025\/11\/27\/las-fronteras-que-no-cuentan\/","title":{"rendered":"Las fronteras que no cuentan"},"content":{"rendered":"\n<p><strong>La frontera entre Rep\u00fablica Dominicana y Hait\u00ed se ha convertido en uno de los lugares m\u00e1s complejos de nuestro mundo. Dif\u00edcil de comprender y m\u00e1s dif\u00edcil de explicar. All\u00ed el visitante descubre que las fronteras no son l\u00edneas neutras trazadas sobre mapas. No son solo l\u00edmites geogr\u00e1ficos o legales. En sus puentes, en sus mercados, en sus hospitales y en sus comedores es posible <\/strong><em><strong>mirarlos <\/strong><\/em><strong>como espacios de contacto entre culturas, identidades, miedos, sue\u00f1os y esperanzas. Quiz\u00e1s el desaf\u00edo es voltear los significados. La apuesta vendr\u00eda por definir una frontera como un lugar de encuentro. Sin duda, los territorios fronterizos nos invitan a hablar de elementos que \u201cseparan\u201d. Pero no podemos olvidar que son territorios que \u201cconectan\u201d.<\/strong><\/p>\n\n\n\n<p><strong>Nos hemos imaginado las fronteras (esta y todas) como una p\u00e1gina en blanco para nuevas historias; un espejo de desigualdades estructurales; un espacio de di\u00e1logo y solidaridad; una oportunidad de potenciar el compromiso \u00e9tico que ha de acompa\u00f1ar siempre al periodismo. De alguna manera, las fronteras, en su dimensi\u00f3n simb\u00f3lica y material, nos desaf\u00edan a cuestionar lo que damos por sentado. El proyecto Frontera Caribe es una invitaci\u00f3n a desaprender y contar estos \u201cno lugares\u201d como espacios de vida y transformaci\u00f3n. Las fronteras son, sin duda, enclaves donde se margina y se divide. Pero \u00bfpor qu\u00e9 no concebirlos igualmente como territorios de reparaci\u00f3n, escucha y transformaci\u00f3n?<\/strong><\/p>\n\n\n\n<figure class=\"wp-block-image size-large\"><img fetchpriority=\"high\" decoding=\"async\" width=\"1024\" height=\"374\" src=\"https:\/\/eldiariodelaeducacion.com\/extraeducacion\/wp-content\/uploads\/sites\/5\/2025\/10\/12ffb461-e35a-418c-bac8-b824b065de79-1024x374.jpg\" alt=\"\" class=\"wp-image-1307\" srcset=\"https:\/\/eldiariodelaeducacion.com\/extraeducacion\/wp-content\/uploads\/sites\/5\/2025\/10\/12ffb461-e35a-418c-bac8-b824b065de79-1024x374.jpg 1024w, https:\/\/eldiariodelaeducacion.com\/extraeducacion\/wp-content\/uploads\/sites\/5\/2025\/10\/12ffb461-e35a-418c-bac8-b824b065de79-300x110.jpg 300w, https:\/\/eldiariodelaeducacion.com\/extraeducacion\/wp-content\/uploads\/sites\/5\/2025\/10\/12ffb461-e35a-418c-bac8-b824b065de79-768x281.jpg 768w, https:\/\/eldiariodelaeducacion.com\/extraeducacion\/wp-content\/uploads\/sites\/5\/2025\/10\/12ffb461-e35a-418c-bac8-b824b065de79-1536x562.jpg 1536w, https:\/\/eldiariodelaeducacion.com\/extraeducacion\/wp-content\/uploads\/sites\/5\/2025\/10\/12ffb461-e35a-418c-bac8-b824b065de79-18x7.jpg 18w, https:\/\/eldiariodelaeducacion.com\/extraeducacion\/wp-content\/uploads\/sites\/5\/2025\/10\/12ffb461-e35a-418c-bac8-b824b065de79-150x55.jpg 150w, https:\/\/eldiariodelaeducacion.com\/extraeducacion\/wp-content\/uploads\/sites\/5\/2025\/10\/12ffb461-e35a-418c-bac8-b824b065de79-450x165.jpg 450w, https:\/\/eldiariodelaeducacion.com\/extraeducacion\/wp-content\/uploads\/sites\/5\/2025\/10\/12ffb461-e35a-418c-bac8-b824b065de79-1200x439.jpg 1200w, https:\/\/eldiariodelaeducacion.com\/extraeducacion\/wp-content\/uploads\/sites\/5\/2025\/10\/12ffb461-e35a-418c-bac8-b824b065de79.jpg 1600w\" sizes=\"(max-width: 1024px) 100vw, 1024px\" \/><\/figure>\n\n\n\n<h2 class=\"wp-block-heading\"><strong>El lugar y el \u201cno lugar\u201d<\/strong><\/h2>\n\n\n\n<p><strong>\u00bfQu\u00e9 es una frontera? \u00bfD\u00f3nde empieza? \u00bfAd\u00f3nde acaba? \u00bfQui\u00e9n la cre\u00f3? \u00bfC\u00f3mo?<\/strong> <strong>\u00bfBajo qu\u00e9 pretexto?<\/strong> El mapamundi nos recuerda que somos una colecci\u00f3n artificial de territorios circuncidados por l\u00edneas artificiosas que dividen el terreno. En el norte de M\u00e9xico hace tiempo, conviv\u00ed con <strong>los kikap\u00fa.<\/strong> Ellos cruzan de <strong>M\u00e9xico a EEUU,<\/strong> y al rev\u00e9s, sin entender bien qu\u00e9 es una frontera. Es un asunto complejo. La frontera est\u00e1 unida a nuestra idea de qu\u00e9 es una comunidad. Hannah Arendt recordaba que el derecho a tener derechos depende de pertenecer a una comunidad pol\u00edtica. Las fronteras, visibles e invisibles, nos recuerdan que algunas personas quedan fuera de ciertos espacios, colectivos y oportunidades. Por su parte, <strong>Marc Aug\u00e9, <\/strong>nos explic\u00f3 que muchos de estos espacios de tr\u00e1nsito son una especie de \u201cno lugares\u201d. \u00bfPor qu\u00e9? Los hemos convertido en territorios sin identidad, sin historia y sin reconocimiento simb\u00f3lico. En el suelo que conecta <strong>Hait\u00ed <\/strong>con <strong>Rep\u00fablica Dominicana<\/strong> pudimos comprobar esta aseveraci\u00f3n. All\u00ed, muchas veces, el sujeto queda reducido a la condici\u00f3n de un \u201cpasajero an\u00f3nimo\u201d. Pocos hablan de quienes habitan esos lugares. Lugares, por cierto, rebosantes de intercambios, b\u00fasquedas y vida.<\/p>\n\n\n\n<p>Quiz\u00e1s el desaf\u00edo se sit\u00faa en c\u00f3mo explicamos aquello que sucede en estas franjas de tierra. <strong>\u00bfQu\u00e9 historias se cuentan? \u00bfCu\u00e1les se silencian? \u00bfQu\u00e9 personajes predominan? \u00bfCu\u00e1les desaparecen de los relatos? \u00bfY la mujer? \u00bfSiempre v\u00edctima o tambi\u00e9n l\u00edder y motor de procesos transformadores? \u00bfContamos a esas personas como sujetos de dignidad? \u00bfO los hemos convertido en cifras que alimentan la estad\u00edstica?<\/strong><\/p>\n\n\n\n<p>Partiendo de ello, el que llega all\u00ed para aprender, desaprender y tratar de contar lo visto y lo vivido piensa que quiz\u00e1s la pregunta no sea c\u00f3mo gestionar mejor las fronteras. Podr\u00edamos tambi\u00e9n repensar su sentido. Este elemento es crucial: mientras <strong>las fronteras<\/strong> sean grietas para <strong>vigilar y controlar<\/strong> caminaremos hacia un periodismo y unas sociedades de confrontaci\u00f3n. Tenemos la oportunidad de convertirlas en lugares para el encuentro y la responsabilidad. En nuestra agenda medi\u00e1tica tendr\u00edamos que aumentar el valor de estos <strong>territorios forajidos y mestizos<\/strong> como espacios donde lo noticiable no es solo el dolor que generan, sino especialmente las posibilidades de humanidad que inauguran o podr\u00edan abrir.<\/p>\n\n\n\n<h2 class=\"wp-block-heading\"><strong>El proyecto<\/strong><\/h2>\n\n\n\n<p>Las fronteras y todos los \u201cno lugares\u201d son una gran oportunidad para repensar c\u00f3mo nos contamos. <strong>\u201c<\/strong><a href=\"https:\/\/frontera-caribe.gabinetecomunicacionyeducacion.com\/proyecto\/\"><strong>Frontera Caribe: Taller periodismo y educaci\u00f3n medi\u00e1tica para la cobertura informativa del territorio fronterizo entre Rep\u00fablica Dominicana y Hait\u00ed desde la&nbsp;co-creaci\u00f3n y la&nbsp;construcci\u00f3n colaborativa de miradas alternativas sobre la violencia, la mujer y la inmigraci\u00f3n<\/strong><\/a><strong>\u201d<\/strong>&nbsp;es un proyecto de cooperaci\u00f3n interuniversitaria que busca mejorar la calidad docente, las capacidades de investigaci\u00f3n y el trabajo period\u00edstico alrededor de la frontera entre&nbsp;<strong>Rep\u00fablica Dominicana y Hait\u00ed.<\/strong>&nbsp;Financiado por la&nbsp;<em>XLI Convocat\u00f2ria del Fons de Solidaritat de la Fundaci\u00f3 Aut\u00f2noma Solid\u00e0ria de la Universitat Aut\u00f2noma de Barcelona (UAB)<\/em>, el proyecto abarca la producci\u00f3n de materiales y el desarrollo de acciones de formaci\u00f3n, sensibilizaci\u00f3n y debate sobre la narrativa de&nbsp;<strong>la violencia, las migraciones, la mujer y el medioambiente.<\/strong>&nbsp;<\/p>\n\n\n\n<p>La iniciativa \u2013que incluye dos talleres pr\u00e1cticos, dos jornadas de reflexi\u00f3n y un ciclo de debates\u2013 se concibe como un espacio colaborativo entre periodistas, docentes y personas investigadoras. El proyecto contar\u00e1 con el apoyo y la participaci\u00f3n de los cronistas y escritores Mart\u00edn Caparr\u00f3s y David Jim\u00e9nez, as\u00ed como un grupo de docentes, profesionales de la investigaci\u00f3n y periodistas de <strong>R. Dominicana, Hait\u00ed y la UAB.<\/strong> Colaboran la Universidad Pontificia Universidad Cat\u00f3lica Madre y Maestra, el Ministerio de Econom\u00eda, Planificaci\u00f3n y Desarrollo del gobierno dominicano, el Instituto Superior Pedro Francisco Bono (especializado en cuestiones binacionales) y los medios \u201cEl Pa\u00eds Dominicano\u201d y \u201cEl nuevo diario\u201d, entre otros.<\/p>\n\n\n\n<figure class=\"wp-block-image size-large\"><img decoding=\"async\" width=\"1024\" height=\"562\" src=\"https:\/\/eldiariodelaeducacion.com\/extraeducacion\/wp-content\/uploads\/sites\/5\/2025\/10\/aeebbcd0-9e5e-450a-97ee-db5aec2d5a05-1024x562.jpg\" alt=\"\" class=\"wp-image-1308\" srcset=\"https:\/\/eldiariodelaeducacion.com\/extraeducacion\/wp-content\/uploads\/sites\/5\/2025\/10\/aeebbcd0-9e5e-450a-97ee-db5aec2d5a05-1024x562.jpg 1024w, https:\/\/eldiariodelaeducacion.com\/extraeducacion\/wp-content\/uploads\/sites\/5\/2025\/10\/aeebbcd0-9e5e-450a-97ee-db5aec2d5a05-300x165.jpg 300w, https:\/\/eldiariodelaeducacion.com\/extraeducacion\/wp-content\/uploads\/sites\/5\/2025\/10\/aeebbcd0-9e5e-450a-97ee-db5aec2d5a05-768x421.jpg 768w, https:\/\/eldiariodelaeducacion.com\/extraeducacion\/wp-content\/uploads\/sites\/5\/2025\/10\/aeebbcd0-9e5e-450a-97ee-db5aec2d5a05-18x10.jpg 18w, https:\/\/eldiariodelaeducacion.com\/extraeducacion\/wp-content\/uploads\/sites\/5\/2025\/10\/aeebbcd0-9e5e-450a-97ee-db5aec2d5a05-150x82.jpg 150w, https:\/\/eldiariodelaeducacion.com\/extraeducacion\/wp-content\/uploads\/sites\/5\/2025\/10\/aeebbcd0-9e5e-450a-97ee-db5aec2d5a05-450x247.jpg 450w, https:\/\/eldiariodelaeducacion.com\/extraeducacion\/wp-content\/uploads\/sites\/5\/2025\/10\/aeebbcd0-9e5e-450a-97ee-db5aec2d5a05-1200x658.jpg 1200w, https:\/\/eldiariodelaeducacion.com\/extraeducacion\/wp-content\/uploads\/sites\/5\/2025\/10\/aeebbcd0-9e5e-450a-97ee-db5aec2d5a05.jpg 1518w\" sizes=\"(max-width: 1024px) 100vw, 1024px\" \/><\/figure>\n\n\n\n<h2 class=\"wp-block-heading\"><strong>La \u2018media literacy\u2019 como oportunidad de di\u00e1logo<\/strong><\/h2>\n\n\n\n<p>El&nbsp;<strong>Gabinete de Comunicaci\u00f3n y de Educaci\u00f3n<\/strong>&nbsp;es un&nbsp;<a href=\"http:\/\/gabinetecomunicacionyeducacion.com\/es\" target=\"_blank\" rel=\"noreferrer noopener\">grupo consolidado y especializado<\/a>&nbsp;en la investigaci\u00f3n y divulgaci\u00f3n cient\u00edfica, que pertenece al Departamento de Periodismo y Ciencias de la Comunicaci\u00f3n de la&nbsp;<strong>UAB.<\/strong>&nbsp;Reconocido por AGAUR (Ag\u00e8ncia de Gesti\u00f3 d\u2019Ajuts Universitaris i de Recerca) de la Generalitat de Catalunya como&nbsp;<strong>Grupo de Investigaci\u00f3n Consolidado<\/strong>&nbsp;en funci\u00f3n de su trayectoria, proyecci\u00f3n y desarrollo, desarrolla proyectos e investigaciones en el terreno de convergencia entre la comunicaci\u00f3n y la educaci\u00f3n. Desde su creaci\u00f3n, ha desarrollado iniciativas destinadas a integrar, con conciencia y libertad, las&nbsp;tecnolog\u00edas de la comunicaci\u00f3n&nbsp;en la denominada&nbsp;sociedad global o del conocimiento. Bajo la direcci\u00f3n de&nbsp;<strong>Santiago Tejedor,<\/strong>&nbsp;el Gabinete organiza diferentes m\u00e1steres propios, como el M\u00e1ster en&nbsp;<strong>Periodismo de Viajes<\/strong>&nbsp;(presencial y online), el M\u00e1ster de&nbsp;<strong>Comunicaci\u00f3n y Educaci\u00f3n,<\/strong>&nbsp;el M\u00e1ster de&nbsp;<strong>Comunicaci\u00f3n del Medioambiente<\/strong>&nbsp;y el M\u00e1ster en Gesti\u00f3n de la&nbsp;<strong>Comunicaci\u00f3n Pol\u00edtica y Electoral.&nbsp;<\/strong>El grupo posee una colecci\u00f3n de publicaciones, en forma de&nbsp;<a href=\"http:\/\/gabinetecomunicacionyeducacion.com\/es\/articulos-cientificos\" target=\"_blank\" rel=\"noreferrer noopener\">art\u00edculos cient\u00edficos,<\/a>&nbsp;<a href=\"http:\/\/gabinetecomunicacionyeducacion.com\/es\/libros-y-capitulos-de-libro\" target=\"_blank\" rel=\"noreferrer noopener\">libros y cap\u00edtulos de libro<\/a>, y&nbsp;<a href=\"http:\/\/gabinetecomunicacionyeducacion.com\/es\/publicaciones\" target=\"_blank\" rel=\"noreferrer noopener\">otros trabajos<\/a>, muy amplia y variada que se renueva constantemente. Adem\u00e1s, cuenta con un laboratorio de&nbsp;<a href=\"http:\/\/gabinetecomunicacionyeducacion.com\/es\/proyectos\" target=\"_blank\" rel=\"noreferrer noopener\">proyectos<\/a>&nbsp;de&nbsp;<strong>innovaci\u00f3n docente, transferencia y nuevos formatos<\/strong>&nbsp;que se conciben y desarrollan desde una perspectiva basada en la creatividad y el trabajo multidisciplinar. El Gabinete organiza cada a\u00f1o una expedici\u00f3n acad\u00e9mica que recorre el mundo con estudiantes de diferentes universidades y carreras. Se trata de la&nbsp;<a href=\"http:\/\/www.tahina-can.org\/\" target=\"_blank\" rel=\"noreferrer noopener\">Expedici\u00f3n Tahina-Can<\/a>&nbsp;que ha sido premiada como mejor proyecto educativo de Espa\u00f1a. Adem\u00e1s, cuenta con el portal&nbsp;<a href=\"http:\/\/www.tuaventura.com\/\" target=\"_blank\" rel=\"noreferrer noopener\">Tu Aventura,<\/a>&nbsp;la&nbsp;<a href=\"http:\/\/www.infoedu.es\/\" target=\"_blank\" rel=\"noreferrer noopener\">plataforma educativa InfoEDU<\/a>&nbsp;y el proyecto de newsgames y ciencia&nbsp;<a href=\"https:\/\/reporterosdelaciencia.com\/\" target=\"_blank\" rel=\"noreferrer noopener\">Reporteros de la Ciencia<\/a>.<\/p>\n","protected":false},"excerpt":{"rendered":"<p>La frontera entre Rep\u00fablica Dominicana y Hait\u00ed se ha convertido en uno de los lugares m\u00e1s complejos de nuestro mundo. Dif\u00edcil de comprender y m\u00e1s dif\u00edcil de explicar. All\u00ed el visitante descubre que las fronteras no son l\u00edneas neutras trazadas sobre mapas. No son solo l\u00edmites geogr\u00e1ficos o legales. En sus puentes, en sus mercados,<\/p>\n","protected":false},"author":163,"featured_media":1308,"comment_status":"open","ping_status":"open","sticky":false,"template":"","format":"standard","meta":{"footnotes":""},"categories":[2],"tags":[],"tipo":[31],"class_list":{"0":"post-1306","1":"post","2":"type-post","3":"status-publish","4":"format-standard","5":"has-post-thumbnail","7":"category-extra-educacion","8":"tipo-reportaje"},"yoast_head":"<!-- This site is optimized with the Yoast SEO plugin v27.5 - https:\/\/yoast.com\/product\/yoast-seo-wordpress\/ -->\n<title>Las fronteras que no cuentan - Extra Educaci\u00f3n<\/title>\n<meta name=\"robots\" content=\"index, follow, max-snippet:-1, max-image-preview:large, max-video-preview:-1\" \/>\n<link rel=\"canonical\" href=\"https:\/\/eldiariodelaeducacion.com\/extraeducacion\/2025\/11\/27\/las-fronteras-que-no-cuentan\/\" \/>\n<meta property=\"og:locale\" content=\"es_ES\" \/>\n<meta property=\"og:type\" content=\"article\" \/>\n<meta property=\"og:title\" content=\"Las fronteras que no cuentan - Extra Educaci\u00f3n\" \/>\n<meta property=\"og:description\" content=\"La frontera entre Rep\u00fablica Dominicana y Hait\u00ed se ha convertido en uno de los lugares m\u00e1s complejos de nuestro mundo. Dif\u00edcil de comprender y m\u00e1s dif\u00edcil de explicar. All\u00ed el visitante descubre que las fronteras no son l\u00edneas neutras trazadas sobre mapas. No son solo l\u00edmites geogr\u00e1ficos o legales. En sus puentes, en sus mercados,\" \/>\n<meta property=\"og:url\" content=\"https:\/\/eldiariodelaeducacion.com\/extraeducacion\/2025\/11\/27\/las-fronteras-que-no-cuentan\/\" \/>\n<meta property=\"og:site_name\" content=\"Extra Educaci\u00f3n\" \/>\n<meta property=\"article:published_time\" content=\"2025-11-27T03:00:00+00:00\" \/>\n<meta property=\"og:image\" content=\"https:\/\/eldiariodelaeducacion.com\/extraeducacion\/wp-content\/uploads\/sites\/5\/2025\/10\/aeebbcd0-9e5e-450a-97ee-db5aec2d5a05.jpg\" \/>\n\t<meta property=\"og:image:width\" content=\"1518\" \/>\n\t<meta property=\"og:image:height\" content=\"833\" \/>\n\t<meta property=\"og:image:type\" content=\"image\/jpeg\" \/>\n<meta name=\"author\" content=\"Santiago Tejedor\" \/>\n<meta name=\"twitter:card\" content=\"summary_large_image\" \/>\n<meta name=\"twitter:label1\" content=\"Escrito por\" \/>\n\t<meta name=\"twitter:data1\" content=\"Santiago Tejedor\" \/>\n\t<meta name=\"twitter:label2\" content=\"Tiempo de lectura\" \/>\n\t<meta name=\"twitter:data2\" content=\"6 minutos\" \/>\n<script type=\"application\/ld+json\" class=\"yoast-schema-graph\">{\"@context\":\"https:\\\/\\\/schema.org\",\"@graph\":[{\"@type\":\"Article\",\"@id\":\"https:\\\/\\\/eldiariodelaeducacion.com\\\/extraeducacion\\\/2025\\\/11\\\/27\\\/las-fronteras-que-no-cuentan\\\/#article\",\"isPartOf\":{\"@id\":\"https:\\\/\\\/eldiariodelaeducacion.com\\\/extraeducacion\\\/2025\\\/11\\\/27\\\/las-fronteras-que-no-cuentan\\\/\"},\"author\":{\"name\":\"Santiago Tejedor\",\"@id\":\"https:\\\/\\\/eldiariodelaeducacion.com\\\/extraeducacion\\\/#\\\/schema\\\/person\\\/203ca7d4bd6243283b2e64e14c24129a\"},\"headline\":\"Las fronteras que no cuentan\",\"datePublished\":\"2025-11-27T03:00:00+00:00\",\"mainEntityOfPage\":{\"@id\":\"https:\\\/\\\/eldiariodelaeducacion.com\\\/extraeducacion\\\/2025\\\/11\\\/27\\\/las-fronteras-que-no-cuentan\\\/\"},\"wordCount\":1276,\"commentCount\":0,\"image\":{\"@id\":\"https:\\\/\\\/eldiariodelaeducacion.com\\\/extraeducacion\\\/2025\\\/11\\\/27\\\/las-fronteras-que-no-cuentan\\\/#primaryimage\"},\"thumbnailUrl\":\"https:\\\/\\\/eldiariodelaeducacion.com\\\/extraeducacion\\\/wp-content\\\/uploads\\\/sites\\\/5\\\/2025\\\/10\\\/aeebbcd0-9e5e-450a-97ee-db5aec2d5a05.jpg\",\"articleSection\":[\"Extra educaci\u00f3n\"],\"inLanguage\":\"es\",\"potentialAction\":[{\"@type\":\"CommentAction\",\"name\":\"Comment\",\"target\":[\"https:\\\/\\\/eldiariodelaeducacion.com\\\/extraeducacion\\\/2025\\\/11\\\/27\\\/las-fronteras-que-no-cuentan\\\/#respond\"]}]},{\"@type\":\"WebPage\",\"@id\":\"https:\\\/\\\/eldiariodelaeducacion.com\\\/extraeducacion\\\/2025\\\/11\\\/27\\\/las-fronteras-que-no-cuentan\\\/\",\"url\":\"https:\\\/\\\/eldiariodelaeducacion.com\\\/extraeducacion\\\/2025\\\/11\\\/27\\\/las-fronteras-que-no-cuentan\\\/\",\"name\":\"Las fronteras que no cuentan - Extra Educaci\u00f3n\",\"isPartOf\":{\"@id\":\"https:\\\/\\\/eldiariodelaeducacion.com\\\/extraeducacion\\\/#website\"},\"primaryImageOfPage\":{\"@id\":\"https:\\\/\\\/eldiariodelaeducacion.com\\\/extraeducacion\\\/2025\\\/11\\\/27\\\/las-fronteras-que-no-cuentan\\\/#primaryimage\"},\"image\":{\"@id\":\"https:\\\/\\\/eldiariodelaeducacion.com\\\/extraeducacion\\\/2025\\\/11\\\/27\\\/las-fronteras-que-no-cuentan\\\/#primaryimage\"},\"thumbnailUrl\":\"https:\\\/\\\/eldiariodelaeducacion.com\\\/extraeducacion\\\/wp-content\\\/uploads\\\/sites\\\/5\\\/2025\\\/10\\\/aeebbcd0-9e5e-450a-97ee-db5aec2d5a05.jpg\",\"datePublished\":\"2025-11-27T03:00:00+00:00\",\"author\":{\"@id\":\"https:\\\/\\\/eldiariodelaeducacion.com\\\/extraeducacion\\\/#\\\/schema\\\/person\\\/203ca7d4bd6243283b2e64e14c24129a\"},\"breadcrumb\":{\"@id\":\"https:\\\/\\\/eldiariodelaeducacion.com\\\/extraeducacion\\\/2025\\\/11\\\/27\\\/las-fronteras-que-no-cuentan\\\/#breadcrumb\"},\"inLanguage\":\"es\",\"potentialAction\":[{\"@type\":\"ReadAction\",\"target\":[\"https:\\\/\\\/eldiariodelaeducacion.com\\\/extraeducacion\\\/2025\\\/11\\\/27\\\/las-fronteras-que-no-cuentan\\\/\"]}]},{\"@type\":\"ImageObject\",\"inLanguage\":\"es\",\"@id\":\"https:\\\/\\\/eldiariodelaeducacion.com\\\/extraeducacion\\\/2025\\\/11\\\/27\\\/las-fronteras-que-no-cuentan\\\/#primaryimage\",\"url\":\"https:\\\/\\\/eldiariodelaeducacion.com\\\/extraeducacion\\\/wp-content\\\/uploads\\\/sites\\\/5\\\/2025\\\/10\\\/aeebbcd0-9e5e-450a-97ee-db5aec2d5a05.jpg\",\"contentUrl\":\"https:\\\/\\\/eldiariodelaeducacion.com\\\/extraeducacion\\\/wp-content\\\/uploads\\\/sites\\\/5\\\/2025\\\/10\\\/aeebbcd0-9e5e-450a-97ee-db5aec2d5a05.jpg\",\"width\":1518,\"height\":833},{\"@type\":\"BreadcrumbList\",\"@id\":\"https:\\\/\\\/eldiariodelaeducacion.com\\\/extraeducacion\\\/2025\\\/11\\\/27\\\/las-fronteras-que-no-cuentan\\\/#breadcrumb\",\"itemListElement\":[{\"@type\":\"ListItem\",\"position\":1,\"name\":\"Portada\",\"item\":\"https:\\\/\\\/eldiariodelaeducacion.com\\\/extraeducacion\\\/\"},{\"@type\":\"ListItem\",\"position\":2,\"name\":\"Las fronteras que no cuentan\"}]},{\"@type\":\"WebSite\",\"@id\":\"https:\\\/\\\/eldiariodelaeducacion.com\\\/extraeducacion\\\/#website\",\"url\":\"https:\\\/\\\/eldiariodelaeducacion.com\\\/extraeducacion\\\/\",\"name\":\"Extra Educaci\u00f3n\",\"description\":\"Un blog de El Diario de la Educaci\u00f3n\",\"potentialAction\":[{\"@type\":\"SearchAction\",\"target\":{\"@type\":\"EntryPoint\",\"urlTemplate\":\"https:\\\/\\\/eldiariodelaeducacion.com\\\/extraeducacion\\\/?s={search_term_string}\"},\"query-input\":{\"@type\":\"PropertyValueSpecification\",\"valueRequired\":true,\"valueName\":\"search_term_string\"}}],\"inLanguage\":\"es\"},{\"@type\":\"Person\",\"@id\":\"https:\\\/\\\/eldiariodelaeducacion.com\\\/extraeducacion\\\/#\\\/schema\\\/person\\\/203ca7d4bd6243283b2e64e14c24129a\",\"name\":\"Santiago Tejedor\",\"image\":{\"@type\":\"ImageObject\",\"inLanguage\":\"es\",\"@id\":\"https:\\\/\\\/eldiariodelaeducacion.com\\\/extraeducacion\\\/wp-content\\\/uploads\\\/sites\\\/5\\\/2024\\\/12\\\/santiago-tejedor_avatar-96x96.png\",\"url\":\"https:\\\/\\\/eldiariodelaeducacion.com\\\/extraeducacion\\\/wp-content\\\/uploads\\\/sites\\\/5\\\/2024\\\/12\\\/santiago-tejedor_avatar-96x96.png\",\"contentUrl\":\"https:\\\/\\\/eldiariodelaeducacion.com\\\/extraeducacion\\\/wp-content\\\/uploads\\\/sites\\\/5\\\/2024\\\/12\\\/santiago-tejedor_avatar-96x96.png\",\"caption\":\"Santiago Tejedor\"},\"description\":\"Catedr\u00e1tico de Periodismo -especializado en viajes y ciberperiodismo-, investigador y periodista. Es el director del Gabinete de Comunicaci\u00f3n y Educaci\u00f3n de la Universitat Aut\u00f2noma de Barcelona\",\"url\":\"https:\\\/\\\/eldiariodelaeducacion.com\\\/extraeducacion\\\/author\\\/tejedor\\\/\"}]}<\/script>\n<!-- \/ Yoast SEO plugin. -->","yoast_head_json":{"title":"Las fronteras que no cuentan - Extra Educaci\u00f3n","robots":{"index":"index","follow":"follow","max-snippet":"max-snippet:-1","max-image-preview":"max-image-preview:large","max-video-preview":"max-video-preview:-1"},"canonical":"https:\/\/eldiariodelaeducacion.com\/extraeducacion\/2025\/11\/27\/las-fronteras-que-no-cuentan\/","og_locale":"es_ES","og_type":"article","og_title":"Las fronteras que no cuentan - Extra Educaci\u00f3n","og_description":"La frontera entre Rep\u00fablica Dominicana y Hait\u00ed se ha convertido en uno de los lugares m\u00e1s complejos de nuestro mundo. Dif\u00edcil de comprender y m\u00e1s dif\u00edcil de explicar. All\u00ed el visitante descubre que las fronteras no son l\u00edneas neutras trazadas sobre mapas. No son solo l\u00edmites geogr\u00e1ficos o legales. En sus puentes, en sus mercados,","og_url":"https:\/\/eldiariodelaeducacion.com\/extraeducacion\/2025\/11\/27\/las-fronteras-que-no-cuentan\/","og_site_name":"Extra Educaci\u00f3n","article_published_time":"2025-11-27T03:00:00+00:00","og_image":[{"width":1518,"height":833,"url":"https:\/\/eldiariodelaeducacion.com\/extraeducacion\/wp-content\/uploads\/sites\/5\/2025\/10\/aeebbcd0-9e5e-450a-97ee-db5aec2d5a05.jpg","type":"image\/jpeg"}],"author":"Santiago Tejedor","twitter_card":"summary_large_image","twitter_misc":{"Escrito por":"Santiago Tejedor","Tiempo de lectura":"6 minutos"},"schema":{"@context":"https:\/\/schema.org","@graph":[{"@type":"Article","@id":"https:\/\/eldiariodelaeducacion.com\/extraeducacion\/2025\/11\/27\/las-fronteras-que-no-cuentan\/#article","isPartOf":{"@id":"https:\/\/eldiariodelaeducacion.com\/extraeducacion\/2025\/11\/27\/las-fronteras-que-no-cuentan\/"},"author":{"name":"Santiago Tejedor","@id":"https:\/\/eldiariodelaeducacion.com\/extraeducacion\/#\/schema\/person\/203ca7d4bd6243283b2e64e14c24129a"},"headline":"Las fronteras que no cuentan","datePublished":"2025-11-27T03:00:00+00:00","mainEntityOfPage":{"@id":"https:\/\/eldiariodelaeducacion.com\/extraeducacion\/2025\/11\/27\/las-fronteras-que-no-cuentan\/"},"wordCount":1276,"commentCount":0,"image":{"@id":"https:\/\/eldiariodelaeducacion.com\/extraeducacion\/2025\/11\/27\/las-fronteras-que-no-cuentan\/#primaryimage"},"thumbnailUrl":"https:\/\/eldiariodelaeducacion.com\/extraeducacion\/wp-content\/uploads\/sites\/5\/2025\/10\/aeebbcd0-9e5e-450a-97ee-db5aec2d5a05.jpg","articleSection":["Extra educaci\u00f3n"],"inLanguage":"es","potentialAction":[{"@type":"CommentAction","name":"Comment","target":["https:\/\/eldiariodelaeducacion.com\/extraeducacion\/2025\/11\/27\/las-fronteras-que-no-cuentan\/#respond"]}]},{"@type":"WebPage","@id":"https:\/\/eldiariodelaeducacion.com\/extraeducacion\/2025\/11\/27\/las-fronteras-que-no-cuentan\/","url":"https:\/\/eldiariodelaeducacion.com\/extraeducacion\/2025\/11\/27\/las-fronteras-que-no-cuentan\/","name":"Las fronteras que no cuentan - Extra Educaci\u00f3n","isPartOf":{"@id":"https:\/\/eldiariodelaeducacion.com\/extraeducacion\/#website"},"primaryImageOfPage":{"@id":"https:\/\/eldiariodelaeducacion.com\/extraeducacion\/2025\/11\/27\/las-fronteras-que-no-cuentan\/#primaryimage"},"image":{"@id":"https:\/\/eldiariodelaeducacion.com\/extraeducacion\/2025\/11\/27\/las-fronteras-que-no-cuentan\/#primaryimage"},"thumbnailUrl":"https:\/\/eldiariodelaeducacion.com\/extraeducacion\/wp-content\/uploads\/sites\/5\/2025\/10\/aeebbcd0-9e5e-450a-97ee-db5aec2d5a05.jpg","datePublished":"2025-11-27T03:00:00+00:00","author":{"@id":"https:\/\/eldiariodelaeducacion.com\/extraeducacion\/#\/schema\/person\/203ca7d4bd6243283b2e64e14c24129a"},"breadcrumb":{"@id":"https:\/\/eldiariodelaeducacion.com\/extraeducacion\/2025\/11\/27\/las-fronteras-que-no-cuentan\/#breadcrumb"},"inLanguage":"es","potentialAction":[{"@type":"ReadAction","target":["https:\/\/eldiariodelaeducacion.com\/extraeducacion\/2025\/11\/27\/las-fronteras-que-no-cuentan\/"]}]},{"@type":"ImageObject","inLanguage":"es","@id":"https:\/\/eldiariodelaeducacion.com\/extraeducacion\/2025\/11\/27\/las-fronteras-que-no-cuentan\/#primaryimage","url":"https:\/\/eldiariodelaeducacion.com\/extraeducacion\/wp-content\/uploads\/sites\/5\/2025\/10\/aeebbcd0-9e5e-450a-97ee-db5aec2d5a05.jpg","contentUrl":"https:\/\/eldiariodelaeducacion.com\/extraeducacion\/wp-content\/uploads\/sites\/5\/2025\/10\/aeebbcd0-9e5e-450a-97ee-db5aec2d5a05.jpg","width":1518,"height":833},{"@type":"BreadcrumbList","@id":"https:\/\/eldiariodelaeducacion.com\/extraeducacion\/2025\/11\/27\/las-fronteras-que-no-cuentan\/#breadcrumb","itemListElement":[{"@type":"ListItem","position":1,"name":"Portada","item":"https:\/\/eldiariodelaeducacion.com\/extraeducacion\/"},{"@type":"ListItem","position":2,"name":"Las fronteras que no cuentan"}]},{"@type":"WebSite","@id":"https:\/\/eldiariodelaeducacion.com\/extraeducacion\/#website","url":"https:\/\/eldiariodelaeducacion.com\/extraeducacion\/","name":"Extra Educaci\u00f3n","description":"Un blog de El Diario de la Educaci\u00f3n","potentialAction":[{"@type":"SearchAction","target":{"@type":"EntryPoint","urlTemplate":"https:\/\/eldiariodelaeducacion.com\/extraeducacion\/?s={search_term_string}"},"query-input":{"@type":"PropertyValueSpecification","valueRequired":true,"valueName":"search_term_string"}}],"inLanguage":"es"},{"@type":"Person","@id":"https:\/\/eldiariodelaeducacion.com\/extraeducacion\/#\/schema\/person\/203ca7d4bd6243283b2e64e14c24129a","name":"Santiago Tejedor","image":{"@type":"ImageObject","inLanguage":"es","@id":"https:\/\/eldiariodelaeducacion.com\/extraeducacion\/wp-content\/uploads\/sites\/5\/2024\/12\/santiago-tejedor_avatar-96x96.png","url":"https:\/\/eldiariodelaeducacion.com\/extraeducacion\/wp-content\/uploads\/sites\/5\/2024\/12\/santiago-tejedor_avatar-96x96.png","contentUrl":"https:\/\/eldiariodelaeducacion.com\/extraeducacion\/wp-content\/uploads\/sites\/5\/2024\/12\/santiago-tejedor_avatar-96x96.png","caption":"Santiago Tejedor"},"description":"Catedr\u00e1tico de Periodismo -especializado en viajes y ciberperiodismo-, investigador y periodista. Es el director del Gabinete de Comunicaci\u00f3n y Educaci\u00f3n de la Universitat Aut\u00f2noma de Barcelona","url":"https:\/\/eldiariodelaeducacion.com\/extraeducacion\/author\/tejedor\/"}]}},"_links":{"self":[{"href":"https:\/\/eldiariodelaeducacion.com\/extraeducacion\/wp-json\/wp\/v2\/posts\/1306","targetHints":{"allow":["GET"]}}],"collection":[{"href":"https:\/\/eldiariodelaeducacion.com\/extraeducacion\/wp-json\/wp\/v2\/posts"}],"about":[{"href":"https:\/\/eldiariodelaeducacion.com\/extraeducacion\/wp-json\/wp\/v2\/types\/post"}],"author":[{"embeddable":true,"href":"https:\/\/eldiariodelaeducacion.com\/extraeducacion\/wp-json\/wp\/v2\/users\/163"}],"replies":[{"embeddable":true,"href":"https:\/\/eldiariodelaeducacion.com\/extraeducacion\/wp-json\/wp\/v2\/comments?post=1306"}],"version-history":[{"count":1,"href":"https:\/\/eldiariodelaeducacion.com\/extraeducacion\/wp-json\/wp\/v2\/posts\/1306\/revisions"}],"predecessor-version":[{"id":1309,"href":"https:\/\/eldiariodelaeducacion.com\/extraeducacion\/wp-json\/wp\/v2\/posts\/1306\/revisions\/1309"}],"wp:featuredmedia":[{"embeddable":true,"href":"https:\/\/eldiariodelaeducacion.com\/extraeducacion\/wp-json\/wp\/v2\/media\/1308"}],"wp:attachment":[{"href":"https:\/\/eldiariodelaeducacion.com\/extraeducacion\/wp-json\/wp\/v2\/media?parent=1306"}],"wp:term":[{"taxonomy":"category","embeddable":true,"href":"https:\/\/eldiariodelaeducacion.com\/extraeducacion\/wp-json\/wp\/v2\/categories?post=1306"},{"taxonomy":"post_tag","embeddable":true,"href":"https:\/\/eldiariodelaeducacion.com\/extraeducacion\/wp-json\/wp\/v2\/tags?post=1306"},{"taxonomy":"tipo","embeddable":true,"href":"https:\/\/eldiariodelaeducacion.com\/extraeducacion\/wp-json\/wp\/v2\/tipo?post=1306"}],"curies":[{"name":"wp","href":"https:\/\/api.w.org\/{rel}","templated":true}]}}