{"id":1312,"date":"2025-12-04T04:00:00","date_gmt":"2025-12-04T03:00:00","guid":{"rendered":"https:\/\/eldiariodelaeducacion.com\/extraeducacion\/?p=1312"},"modified":"2025-10-20T11:13:20","modified_gmt":"2025-10-20T09:13:20","slug":"inteligencia-artificial-y-periodismo","status":"publish","type":"post","link":"https:\/\/eldiariodelaeducacion.com\/extraeducacion\/2025\/12\/04\/inteligencia-artificial-y-periodismo\/","title":{"rendered":"Inteligencia Artificial y periodismo"},"content":{"rendered":"\n<p><strong>La IA es el gran tema. Da forma a una de las mayores revoluciones tecnol\u00f3gicas y sociales de las\u00a0\u00faltimas d\u00e9cadas. Este libro analiza y explica c\u00f3mo impacta en la formaci\u00f3n de los futuros periodistas\u00a0y, de alguna manera, en los profesionales de diferentes \u00e1mbitos de la comunicaci\u00f3n. Est\u00e1 dirigido\u00a0a estudiantes, investigadores, docentes, directivos de medios y emprendedores. El trabajo define el\u00a0nuevo escenario, clarifica conceptos y propone din\u00e1micas de acci\u00f3n. Adem\u00e1s, reflexiona sobre los\u00a0nuevos perfiles profesionales, las tareas que emergen y las posibilidades y las amenazas de la inclusi\u00f3n\u00a0de la IA en el ejercicio period\u00edstico. El libro <\/strong><a href=\"https:\/\/www.editorialuoc.com\/inteligencia-artificial-y-periodismo\"><em><strong>Inteligencia Artificial y periodismo: c\u00f3mo formar a los profesionales del futuro<\/strong><\/em><\/a><strong> (UOC, 2025)es un intento de reflexionar sobre los desaf\u00edos y las oportunidades de la IA, especialmente, en el campo de la comunicaci\u00f3n. La obra incluye reflexiones de expertos, propuestas de inserci\u00f3n curricular de la IA y directorios de recursos, entre otros. El autor finaliza con un mensaje que es tambi\u00e9n una preocupaci\u00f3n: \u201cla posibilidad de que llegue un d\u00eda en el que hagamos periodismo sin periodistas\u201d.<\/strong><\/p>\n\n\n<div class=\"wp-block-image\">\n<figure class=\"alignright size-large is-resized\"><img fetchpriority=\"high\" decoding=\"async\" width=\"675\" height=\"1024\" src=\"https:\/\/eldiariodelaeducacion.com\/extraeducacion\/wp-content\/uploads\/sites\/5\/2025\/10\/9788411661782-1-675x1024.jpg\" alt=\"\" class=\"wp-image-1315\" style=\"width:261px;height:auto\" srcset=\"https:\/\/eldiariodelaeducacion.com\/extraeducacion\/wp-content\/uploads\/sites\/5\/2025\/10\/9788411661782-1-675x1024.jpg 675w, https:\/\/eldiariodelaeducacion.com\/extraeducacion\/wp-content\/uploads\/sites\/5\/2025\/10\/9788411661782-1-198x300.jpg 198w, https:\/\/eldiariodelaeducacion.com\/extraeducacion\/wp-content\/uploads\/sites\/5\/2025\/10\/9788411661782-1-768x1165.jpg 768w, https:\/\/eldiariodelaeducacion.com\/extraeducacion\/wp-content\/uploads\/sites\/5\/2025\/10\/9788411661782-1-1013x1536.jpg 1013w, https:\/\/eldiariodelaeducacion.com\/extraeducacion\/wp-content\/uploads\/sites\/5\/2025\/10\/9788411661782-1-1351x2048.jpg 1351w, https:\/\/eldiariodelaeducacion.com\/extraeducacion\/wp-content\/uploads\/sites\/5\/2025\/10\/9788411661782-1-8x12.jpg 8w, https:\/\/eldiariodelaeducacion.com\/extraeducacion\/wp-content\/uploads\/sites\/5\/2025\/10\/9788411661782-1-150x227.jpg 150w, https:\/\/eldiariodelaeducacion.com\/extraeducacion\/wp-content\/uploads\/sites\/5\/2025\/10\/9788411661782-1-450x682.jpg 450w, https:\/\/eldiariodelaeducacion.com\/extraeducacion\/wp-content\/uploads\/sites\/5\/2025\/10\/9788411661782-1-1200x1820.jpg 1200w, https:\/\/eldiariodelaeducacion.com\/extraeducacion\/wp-content\/uploads\/sites\/5\/2025\/10\/9788411661782-1.jpg 1400w\" sizes=\"(max-width: 675px) 100vw, 675px\" \/><\/figure>\n<\/div>\n\n\n<h2 class=\"wp-block-heading\"><strong>Un desaf\u00edo multidisciplinar<\/strong><\/h2>\n\n\n\n<p> El libro se\u00f1ala que la Inteligencia Artificial (IA) se ha convertido en una tecnolog\u00eda omnipresente y \u2013literal o metaf\u00f3ricamente\u2013 omnisciente. Su impacto es hondo y progresivo en numerosos \u00e1mbitos de nuestra vida: la industria, los servicios, la educaci\u00f3n, la salud\u2026 En este contexto, <strong>el periodismo y la comunicaci\u00f3n<\/strong> son dos campos profesionales que, sin duda, se han visto revolucionados por este conjunto de desarrollos tecnol\u00f3gicos. Los datos son contundentes. M\u00e1s del <strong>40% de los consumidores<\/strong> creen que la IA mejora sus vidas. La industria de la IA tendr\u00e1 un valor de <strong>190 mil millones de d\u00f3lares<\/strong> en 2025. M\u00e1s del <strong>35% de las empresas<\/strong> utilizan IA. Casi el <strong>85% de las empresas<\/strong> consideran la inversi\u00f3n en IA como una prioridad estrat\u00e9gica. Para el pr\u00f3ximo a\u00f1o se espera que haya m\u00e1s de <strong>8.400 millones de dispositivos<\/strong> con asistentes de voz. Y la lista sigue\u2026 Asistimos a una transformaci\u00f3n de alcance hist\u00f3rico que es, a su vez, un desaf\u00edo como sociedad y, en nuestro terreno, un reto para quienes nos dedicamos a la investigaci\u00f3n, la docencia o la divulgaci\u00f3n desde el periodismo y la comunicaci\u00f3n. A nivel acad\u00e9mico, el tema de la IA se ha convertido ya en un objeto de estudio prioritario que ha tematizado informes, cursos, talleres, monogr\u00e1ficos de revistas, seminarios y congresos.<\/p>\n\n\n\n<h2 class=\"wp-block-heading\"><strong>Proyecto IACOM: C\u00f3mo contar (mejor) la IA<\/strong><\/h2>\n\n\n\n<p>El proyecto&nbsp;\u201c<a href=\"https:\/\/iacom.gabinetecomunicacionyeducacion.com\/\">La inteligencia artificial para el fomento del periodismo de calidad y la alfabetizaci\u00f3n medi\u00e1tica: Avances tecnol\u00f3gicos aplicados y desaf\u00edos en la era de la desinformaci\u00f3n<\/a>\u201d&nbsp;(Referencia PID2023-149759OB-I00) es una iniciativa derivada de la convocatoria 2023 de \u00abProyectos de generaci\u00f3n de conocimiento\u00bb y actuaciones para la formaci\u00f3n de personal investigador predoctoral asociadas a dichos proyectos, en el marco del Programa Estatal para Impulsar la Investigaci\u00f3n Cient\u00edfico-T\u00e9cnica y su Transferencia, del Plan Estatal de Investigaci\u00f3n Cient\u00edfica, T\u00e9cnica y de Innovaci\u00f3n 2021-2023. El&nbsp;Gabinete de Comunicaci\u00f3n y Educaci\u00f3n&nbsp;de la UAB,&nbsp;junto a varias universidades espa\u00f1olas y un ecosistema de entidades e iniciativas colaboradoras, impulsa este proyecto bajo el liderazgo, como Investigador Principal (IP), de Santiago Tejedor. La iniciativa cuenta con la participaci\u00f3n de investigadores de la Universidad San Jorge de Zaragoza, la Universidad Valladolid y la Universidad Abad Oliva CEU de Barcelona.<\/p>\n\n\n\n<p>El proyecto parte de la necesidad de que los medios en Espa\u00f1a y la regi\u00f3n iberoamericana en su conjunto implementen&nbsp;<strong>directrices, estrategias&nbsp;y&nbsp;hojas de ruta<\/strong>&nbsp;que fomenten el uso de la IA para mejorar la producci\u00f3n y promoci\u00f3n de contenidos informativos. Con relaci\u00f3n a ello, a pesar del gran volumen de t\u00edtulos publicados, sigue siendo crucial contar con un mayor acervo de materiales que generen pautas y recomendaciones orientadas a <strong>transformar y resolver problemas<\/strong> del sector period\u00edstico desde una perspectiva transversal y hol\u00edstica. El objetivo es&nbsp;redefinir,&nbsp;adaptar&nbsp;y&nbsp;mejorar&nbsp;el periodismo mediante la adopci\u00f3n de:&nbsp;recursos, <strong>herramientas, procesos&nbsp;y&nbsp;rutinas<\/strong>&nbsp;derivadas de las posibilidades de los nuevos avances tecnol\u00f3gicos de la IA. El proyecto pretende generar una&nbsp;cartograf\u00eda multimedia e interactiva&nbsp;con iniciativas a nivel mundial que han implementado la IA en algunas de las etapas del proceso de generaci\u00f3n de contenidos informativos. Adem\u00e1s, se prev\u00e9 la construcci\u00f3n de un cat\u00e1logo de estudios de casos y experiencias de \u00e9xito, as\u00ed como un acervo de infograf\u00edas, mapas conceptuales, c\u00e1psulas audiovisuales y otros entregables. La iniciativa, que desarrolla un amplio n\u00famero de <strong>entrevistas a expertos,<\/strong> generar\u00e1 un libro blanco dirigido al conjunto de la ciudadan\u00eda, especialmente, a <strong>periodistas y comunicadores.<\/strong><\/p>\n\n\n\n<figure class=\"wp-block-image size-large\"><img decoding=\"async\" width=\"1024\" height=\"442\" src=\"https:\/\/eldiariodelaeducacion.com\/extraeducacion\/wp-content\/uploads\/sites\/5\/2025\/10\/portada_01-1024x442.png\" alt=\"\" class=\"wp-image-1314\" srcset=\"https:\/\/eldiariodelaeducacion.com\/extraeducacion\/wp-content\/uploads\/sites\/5\/2025\/10\/portada_01-1024x442.png 1024w, https:\/\/eldiariodelaeducacion.com\/extraeducacion\/wp-content\/uploads\/sites\/5\/2025\/10\/portada_01-300x130.png 300w, https:\/\/eldiariodelaeducacion.com\/extraeducacion\/wp-content\/uploads\/sites\/5\/2025\/10\/portada_01-768x332.png 768w, https:\/\/eldiariodelaeducacion.com\/extraeducacion\/wp-content\/uploads\/sites\/5\/2025\/10\/portada_01-1536x663.png 1536w, https:\/\/eldiariodelaeducacion.com\/extraeducacion\/wp-content\/uploads\/sites\/5\/2025\/10\/portada_01-18x8.png 18w, https:\/\/eldiariodelaeducacion.com\/extraeducacion\/wp-content\/uploads\/sites\/5\/2025\/10\/portada_01-150x65.png 150w, https:\/\/eldiariodelaeducacion.com\/extraeducacion\/wp-content\/uploads\/sites\/5\/2025\/10\/portada_01-450x194.png 450w, https:\/\/eldiariodelaeducacion.com\/extraeducacion\/wp-content\/uploads\/sites\/5\/2025\/10\/portada_01-1200x518.png 1200w, https:\/\/eldiariodelaeducacion.com\/extraeducacion\/wp-content\/uploads\/sites\/5\/2025\/10\/portada_01.png 1799w\" sizes=\"(max-width: 1024px) 100vw, 1024px\" \/><\/figure>\n\n\n\n<h2 class=\"wp-block-heading\"><strong>Oi2: La IA como objeto de estudio<\/strong><\/h2>\n\n\n\n<p>La <strong>C\u00e1tedra RTVE-UAB para la Innovaci\u00f3n de los Informativos en la Sociedad Digital<\/strong> da forma al&nbsp;<a href=\"https:\/\/oi2media.es\/\"><u><strong>Observatorio para la Innovaci\u00f3n de los Informativos en la Sociedad Digital (OI2).<\/strong><\/u><u>&nbsp;<\/u><\/a>Este proyecto, impulsado por&nbsp;Radio Televisi\u00f3n Espa\u00f1ola&nbsp;y el Gabinete de Comunicaci\u00f3n y Educaci\u00f3n de la&nbsp;Universidad Aut\u00f3noma de Barcelona (UAB),&nbsp;se centra en <strong>el estudio, el monitoreo y la investigaci\u00f3n<\/strong> de las \u00faltimas tendencias en el \u00e1mbito de los informativos televisivos con el objetivo de demostrar c\u00f3mo estas iniciativas se pueden desarrollar de forma sostenible y adaptadas a la econom\u00eda actual.<\/p>\n\n\n\n<p>A trav\u00e9s de una variedad de actividades como casos de estudio, informes de tendencias, reuniones y entrevistas con expertos, as\u00ed como la presentaci\u00f3n de buenas pr\u00e1cticas, el Observatorio busca generar un espacio de reflexi\u00f3n y acci\u00f3n. Este proyecto, impulsado por&nbsp;<a href=\"https:\/\/www.rtve.es\/\">Radio Televisi\u00f3n Espa\u00f1ola,&nbsp;<\/a>cuenta con la colaboraci\u00f3n del&nbsp;<a href=\"https:\/\/www.gabinetecomunicacionyeducacion.com\/es\/contact\">Gabinete de Comunicaci\u00f3n y Educaci\u00f3n<\/a>&nbsp;de la&nbsp;<a href=\"http:\/\/www.uab.cat\/\">Universidad Aut\u00f3noma de Barcelona (UAB)<\/a>.&nbsp;Juntos, trabajan para impulsar la innovaci\u00f3n en el \u00e1mbito televisivo y contribuir al desarrollo de un sector audiovisual m\u00e1s din\u00e1mico y relevante en la sociedad digital.<\/p>\n\n\n\n<h2 class=\"wp-block-heading\"><strong>Un grupo que piensa el futuro desde valores fundacionales<\/strong><\/h2>\n\n\n\n<p>El&nbsp;Gabinete de Comunicaci\u00f3n y de Educaci\u00f3n&nbsp;es un&nbsp;<a href=\"http:\/\/gabinetecomunicacionyeducacion.com\/es\" target=\"_blank\" rel=\"noreferrer noopener\">grupo consolidado y especializado<\/a>&nbsp;en la investigaci\u00f3n y divulgaci\u00f3n cient\u00edfica, que pertenece al Departamento de Periodismo y Ciencias de la Comunicaci\u00f3n de la&nbsp;UAB.&nbsp;Reconocido por AGAUR (Ag\u00e8ncia de Gesti\u00f3 d\u2019Ajuts Universitaris i de Recerca) de la Generalitat de Catalunya como&nbsp;Grupo de Investigaci\u00f3n Consolidado&nbsp;en funci\u00f3n de su trayectoria, proyecci\u00f3n y desarrollo, desarrolla proyectos e investigaciones en el terreno de convergencia entre la comunicaci\u00f3n y la educaci\u00f3n. Desde su creaci\u00f3n, ha desarrollado iniciativas destinadas a integrar, con conciencia y libertad, las&nbsp;tecnolog\u00edas de la comunicaci\u00f3n&nbsp;en la denominada&nbsp;sociedad global o del conocimiento. Bajo la direcci\u00f3n de&nbsp;Santiago Tejedor,&nbsp;el Gabinete organiza diferentes m\u00e1steres propios, como el M\u00e1ster en&nbsp;Periodismo de Viajes&nbsp;(presencial y online), el M\u00e1ster de&nbsp;Comunicaci\u00f3n y Educaci\u00f3n,&nbsp;el M\u00e1ster de&nbsp;Comunicaci\u00f3n del Medioambiente&nbsp;y el M\u00e1ster en Gesti\u00f3n de la&nbsp;Comunicaci\u00f3n Pol\u00edtica y Electoral.&nbsp;El grupo posee una colecci\u00f3n de publicaciones, en forma de&nbsp;<a href=\"http:\/\/gabinetecomunicacionyeducacion.com\/es\/articulos-cientificos\" target=\"_blank\" rel=\"noreferrer noopener\">art\u00edculos cient\u00edficos,<\/a>&nbsp;<a href=\"http:\/\/gabinetecomunicacionyeducacion.com\/es\/libros-y-capitulos-de-libro\" target=\"_blank\" rel=\"noreferrer noopener\">libros y cap\u00edtulos de libro<\/a>, y&nbsp;<a href=\"http:\/\/gabinetecomunicacionyeducacion.com\/es\/publicaciones\" target=\"_blank\" rel=\"noreferrer noopener\">otros trabajos<\/a>, muy amplia y variada que se renueva constantemente. Adem\u00e1s, cuenta con un laboratorio de&nbsp;<a href=\"http:\/\/gabinetecomunicacionyeducacion.com\/es\/proyectos\" target=\"_blank\" rel=\"noreferrer noopener\">proyectos<\/a>&nbsp;de&nbsp;innovaci\u00f3n docente, transferencia y nuevos formatos&nbsp;que se conciben y desarrollan desde una perspectiva basada en la creatividad y el trabajo multidisciplinar. El Gabinete organiza cada a\u00f1o una expedici\u00f3n acad\u00e9mica que recorre el mundo con estudiantes de diferentes universidades y carreras. Se trata de la&nbsp;<a href=\"http:\/\/www.tahina-can.org\/\" target=\"_blank\" rel=\"noreferrer noopener\">Expedici\u00f3n Tahina-Can<\/a>&nbsp;que ha sido premiada como mejor proyecto educativo de Espa\u00f1a. Adem\u00e1s, cuenta con el portal&nbsp;<a href=\"http:\/\/www.tuaventura.com\/\" target=\"_blank\" rel=\"noreferrer noopener\">Tu Aventura,<\/a>&nbsp;la&nbsp;<a href=\"http:\/\/www.infoedu.es\/\" target=\"_blank\" rel=\"noreferrer noopener\">plataforma educativa InfoEDU<\/a>&nbsp;y el proyecto de newsgames y ciencia&nbsp;<a href=\"https:\/\/reporterosdelaciencia.com\/\" target=\"_blank\" rel=\"noreferrer noopener\">Reporteros de la Ciencia<\/a>.<\/p>\n","protected":false},"excerpt":{"rendered":"<p>La IA es el gran tema. Da forma a una de las mayores revoluciones tecnol\u00f3gicas y sociales de las\u00a0\u00faltimas d\u00e9cadas. Este libro analiza y explica c\u00f3mo impacta en la formaci\u00f3n de los futuros periodistas\u00a0y, de alguna manera, en los profesionales de diferentes \u00e1mbitos de la comunicaci\u00f3n. Est\u00e1 dirigido\u00a0a estudiantes, investigadores, docentes, directivos de medios y<\/p>\n","protected":false},"author":163,"featured_media":1315,"comment_status":"open","ping_status":"open","sticky":false,"template":"","format":"standard","meta":{"footnotes":""},"categories":[1],"tags":[],"tipo":[],"class_list":{"0":"post-1312","1":"post","2":"type-post","3":"status-publish","4":"format-standard","5":"has-post-thumbnail","7":"category-sin-categoria"},"yoast_head":"<!-- This site is optimized with the Yoast SEO plugin v27.4 - https:\/\/yoast.com\/product\/yoast-seo-wordpress\/ -->\n<title>Inteligencia Artificial y periodismo - Extra Educaci\u00f3n<\/title>\n<meta name=\"robots\" content=\"index, follow, max-snippet:-1, max-image-preview:large, max-video-preview:-1\" \/>\n<link rel=\"canonical\" href=\"https:\/\/eldiariodelaeducacion.com\/extraeducacion\/2025\/12\/04\/inteligencia-artificial-y-periodismo\/\" \/>\n<meta property=\"og:locale\" content=\"es_ES\" \/>\n<meta property=\"og:type\" content=\"article\" \/>\n<meta property=\"og:title\" content=\"Inteligencia Artificial y periodismo - Extra Educaci\u00f3n\" \/>\n<meta property=\"og:description\" content=\"La IA es el gran tema. Da forma a una de las mayores revoluciones tecnol\u00f3gicas y sociales de las\u00a0\u00faltimas d\u00e9cadas. Este libro analiza y explica c\u00f3mo impacta en la formaci\u00f3n de los futuros periodistas\u00a0y, de alguna manera, en los profesionales de diferentes \u00e1mbitos de la comunicaci\u00f3n. Est\u00e1 dirigido\u00a0a estudiantes, investigadores, docentes, directivos de medios y\" \/>\n<meta property=\"og:url\" content=\"https:\/\/eldiariodelaeducacion.com\/extraeducacion\/2025\/12\/04\/inteligencia-artificial-y-periodismo\/\" \/>\n<meta property=\"og:site_name\" content=\"Extra Educaci\u00f3n\" \/>\n<meta property=\"article:published_time\" content=\"2025-12-04T03:00:00+00:00\" \/>\n<meta property=\"og:image\" content=\"https:\/\/eldiariodelaeducacion.com\/extraeducacion\/wp-content\/uploads\/sites\/5\/2025\/10\/9788411661782-1.jpg\" \/>\n\t<meta property=\"og:image:width\" content=\"1400\" \/>\n\t<meta property=\"og:image:height\" content=\"2123\" \/>\n\t<meta property=\"og:image:type\" content=\"image\/jpeg\" \/>\n<meta name=\"author\" content=\"Santiago Tejedor\" \/>\n<meta name=\"twitter:card\" content=\"summary_large_image\" \/>\n<meta name=\"twitter:label1\" content=\"Escrito por\" \/>\n\t<meta name=\"twitter:data1\" content=\"Santiago Tejedor\" \/>\n\t<meta name=\"twitter:label2\" content=\"Tiempo de lectura\" \/>\n\t<meta name=\"twitter:data2\" content=\"7 minutos\" \/>\n<script type=\"application\/ld+json\" class=\"yoast-schema-graph\">{\"@context\":\"https:\\\/\\\/schema.org\",\"@graph\":[{\"@type\":\"Article\",\"@id\":\"https:\\\/\\\/eldiariodelaeducacion.com\\\/extraeducacion\\\/2025\\\/12\\\/04\\\/inteligencia-artificial-y-periodismo\\\/#article\",\"isPartOf\":{\"@id\":\"https:\\\/\\\/eldiariodelaeducacion.com\\\/extraeducacion\\\/2025\\\/12\\\/04\\\/inteligencia-artificial-y-periodismo\\\/\"},\"author\":{\"name\":\"Santiago Tejedor\",\"@id\":\"https:\\\/\\\/eldiariodelaeducacion.com\\\/extraeducacion\\\/#\\\/schema\\\/person\\\/203ca7d4bd6243283b2e64e14c24129a\"},\"headline\":\"Inteligencia Artificial y periodismo\",\"datePublished\":\"2025-12-04T03:00:00+00:00\",\"mainEntityOfPage\":{\"@id\":\"https:\\\/\\\/eldiariodelaeducacion.com\\\/extraeducacion\\\/2025\\\/12\\\/04\\\/inteligencia-artificial-y-periodismo\\\/\"},\"wordCount\":1407,\"commentCount\":0,\"image\":{\"@id\":\"https:\\\/\\\/eldiariodelaeducacion.com\\\/extraeducacion\\\/2025\\\/12\\\/04\\\/inteligencia-artificial-y-periodismo\\\/#primaryimage\"},\"thumbnailUrl\":\"https:\\\/\\\/eldiariodelaeducacion.com\\\/extraeducacion\\\/wp-content\\\/uploads\\\/sites\\\/5\\\/2025\\\/10\\\/9788411661782-1.jpg\",\"inLanguage\":\"es\",\"potentialAction\":[{\"@type\":\"CommentAction\",\"name\":\"Comment\",\"target\":[\"https:\\\/\\\/eldiariodelaeducacion.com\\\/extraeducacion\\\/2025\\\/12\\\/04\\\/inteligencia-artificial-y-periodismo\\\/#respond\"]}]},{\"@type\":\"WebPage\",\"@id\":\"https:\\\/\\\/eldiariodelaeducacion.com\\\/extraeducacion\\\/2025\\\/12\\\/04\\\/inteligencia-artificial-y-periodismo\\\/\",\"url\":\"https:\\\/\\\/eldiariodelaeducacion.com\\\/extraeducacion\\\/2025\\\/12\\\/04\\\/inteligencia-artificial-y-periodismo\\\/\",\"name\":\"Inteligencia Artificial y periodismo - Extra Educaci\u00f3n\",\"isPartOf\":{\"@id\":\"https:\\\/\\\/eldiariodelaeducacion.com\\\/extraeducacion\\\/#website\"},\"primaryImageOfPage\":{\"@id\":\"https:\\\/\\\/eldiariodelaeducacion.com\\\/extraeducacion\\\/2025\\\/12\\\/04\\\/inteligencia-artificial-y-periodismo\\\/#primaryimage\"},\"image\":{\"@id\":\"https:\\\/\\\/eldiariodelaeducacion.com\\\/extraeducacion\\\/2025\\\/12\\\/04\\\/inteligencia-artificial-y-periodismo\\\/#primaryimage\"},\"thumbnailUrl\":\"https:\\\/\\\/eldiariodelaeducacion.com\\\/extraeducacion\\\/wp-content\\\/uploads\\\/sites\\\/5\\\/2025\\\/10\\\/9788411661782-1.jpg\",\"datePublished\":\"2025-12-04T03:00:00+00:00\",\"author\":{\"@id\":\"https:\\\/\\\/eldiariodelaeducacion.com\\\/extraeducacion\\\/#\\\/schema\\\/person\\\/203ca7d4bd6243283b2e64e14c24129a\"},\"breadcrumb\":{\"@id\":\"https:\\\/\\\/eldiariodelaeducacion.com\\\/extraeducacion\\\/2025\\\/12\\\/04\\\/inteligencia-artificial-y-periodismo\\\/#breadcrumb\"},\"inLanguage\":\"es\",\"potentialAction\":[{\"@type\":\"ReadAction\",\"target\":[\"https:\\\/\\\/eldiariodelaeducacion.com\\\/extraeducacion\\\/2025\\\/12\\\/04\\\/inteligencia-artificial-y-periodismo\\\/\"]}]},{\"@type\":\"ImageObject\",\"inLanguage\":\"es\",\"@id\":\"https:\\\/\\\/eldiariodelaeducacion.com\\\/extraeducacion\\\/2025\\\/12\\\/04\\\/inteligencia-artificial-y-periodismo\\\/#primaryimage\",\"url\":\"https:\\\/\\\/eldiariodelaeducacion.com\\\/extraeducacion\\\/wp-content\\\/uploads\\\/sites\\\/5\\\/2025\\\/10\\\/9788411661782-1.jpg\",\"contentUrl\":\"https:\\\/\\\/eldiariodelaeducacion.com\\\/extraeducacion\\\/wp-content\\\/uploads\\\/sites\\\/5\\\/2025\\\/10\\\/9788411661782-1.jpg\",\"width\":1400,\"height\":2123},{\"@type\":\"BreadcrumbList\",\"@id\":\"https:\\\/\\\/eldiariodelaeducacion.com\\\/extraeducacion\\\/2025\\\/12\\\/04\\\/inteligencia-artificial-y-periodismo\\\/#breadcrumb\",\"itemListElement\":[{\"@type\":\"ListItem\",\"position\":1,\"name\":\"Portada\",\"item\":\"https:\\\/\\\/eldiariodelaeducacion.com\\\/extraeducacion\\\/\"},{\"@type\":\"ListItem\",\"position\":2,\"name\":\"Inteligencia Artificial y periodismo\"}]},{\"@type\":\"WebSite\",\"@id\":\"https:\\\/\\\/eldiariodelaeducacion.com\\\/extraeducacion\\\/#website\",\"url\":\"https:\\\/\\\/eldiariodelaeducacion.com\\\/extraeducacion\\\/\",\"name\":\"Extra Educaci\u00f3n\",\"description\":\"Un blog de El Diario de la Educaci\u00f3n\",\"potentialAction\":[{\"@type\":\"SearchAction\",\"target\":{\"@type\":\"EntryPoint\",\"urlTemplate\":\"https:\\\/\\\/eldiariodelaeducacion.com\\\/extraeducacion\\\/?s={search_term_string}\"},\"query-input\":{\"@type\":\"PropertyValueSpecification\",\"valueRequired\":true,\"valueName\":\"search_term_string\"}}],\"inLanguage\":\"es\"},{\"@type\":\"Person\",\"@id\":\"https:\\\/\\\/eldiariodelaeducacion.com\\\/extraeducacion\\\/#\\\/schema\\\/person\\\/203ca7d4bd6243283b2e64e14c24129a\",\"name\":\"Santiago Tejedor\",\"image\":{\"@type\":\"ImageObject\",\"inLanguage\":\"es\",\"@id\":\"https:\\\/\\\/eldiariodelaeducacion.com\\\/extraeducacion\\\/wp-content\\\/uploads\\\/sites\\\/5\\\/2024\\\/12\\\/santiago-tejedor_avatar-96x96.png\",\"url\":\"https:\\\/\\\/eldiariodelaeducacion.com\\\/extraeducacion\\\/wp-content\\\/uploads\\\/sites\\\/5\\\/2024\\\/12\\\/santiago-tejedor_avatar-96x96.png\",\"contentUrl\":\"https:\\\/\\\/eldiariodelaeducacion.com\\\/extraeducacion\\\/wp-content\\\/uploads\\\/sites\\\/5\\\/2024\\\/12\\\/santiago-tejedor_avatar-96x96.png\",\"caption\":\"Santiago Tejedor\"},\"description\":\"Catedr\u00e1tico de Periodismo -especializado en viajes y ciberperiodismo-, investigador y periodista. Es el director del Gabinete de Comunicaci\u00f3n y Educaci\u00f3n de la Universitat Aut\u00f2noma de Barcelona\",\"url\":\"https:\\\/\\\/eldiariodelaeducacion.com\\\/extraeducacion\\\/author\\\/tejedor\\\/\"}]}<\/script>\n<!-- \/ Yoast SEO plugin. -->","yoast_head_json":{"title":"Inteligencia Artificial y periodismo - Extra Educaci\u00f3n","robots":{"index":"index","follow":"follow","max-snippet":"max-snippet:-1","max-image-preview":"max-image-preview:large","max-video-preview":"max-video-preview:-1"},"canonical":"https:\/\/eldiariodelaeducacion.com\/extraeducacion\/2025\/12\/04\/inteligencia-artificial-y-periodismo\/","og_locale":"es_ES","og_type":"article","og_title":"Inteligencia Artificial y periodismo - Extra Educaci\u00f3n","og_description":"La IA es el gran tema. Da forma a una de las mayores revoluciones tecnol\u00f3gicas y sociales de las\u00a0\u00faltimas d\u00e9cadas. Este libro analiza y explica c\u00f3mo impacta en la formaci\u00f3n de los futuros periodistas\u00a0y, de alguna manera, en los profesionales de diferentes \u00e1mbitos de la comunicaci\u00f3n. Est\u00e1 dirigido\u00a0a estudiantes, investigadores, docentes, directivos de medios y","og_url":"https:\/\/eldiariodelaeducacion.com\/extraeducacion\/2025\/12\/04\/inteligencia-artificial-y-periodismo\/","og_site_name":"Extra Educaci\u00f3n","article_published_time":"2025-12-04T03:00:00+00:00","og_image":[{"width":1400,"height":2123,"url":"https:\/\/eldiariodelaeducacion.com\/extraeducacion\/wp-content\/uploads\/sites\/5\/2025\/10\/9788411661782-1.jpg","type":"image\/jpeg"}],"author":"Santiago Tejedor","twitter_card":"summary_large_image","twitter_misc":{"Escrito por":"Santiago Tejedor","Tiempo de lectura":"7 minutos"},"schema":{"@context":"https:\/\/schema.org","@graph":[{"@type":"Article","@id":"https:\/\/eldiariodelaeducacion.com\/extraeducacion\/2025\/12\/04\/inteligencia-artificial-y-periodismo\/#article","isPartOf":{"@id":"https:\/\/eldiariodelaeducacion.com\/extraeducacion\/2025\/12\/04\/inteligencia-artificial-y-periodismo\/"},"author":{"name":"Santiago Tejedor","@id":"https:\/\/eldiariodelaeducacion.com\/extraeducacion\/#\/schema\/person\/203ca7d4bd6243283b2e64e14c24129a"},"headline":"Inteligencia Artificial y periodismo","datePublished":"2025-12-04T03:00:00+00:00","mainEntityOfPage":{"@id":"https:\/\/eldiariodelaeducacion.com\/extraeducacion\/2025\/12\/04\/inteligencia-artificial-y-periodismo\/"},"wordCount":1407,"commentCount":0,"image":{"@id":"https:\/\/eldiariodelaeducacion.com\/extraeducacion\/2025\/12\/04\/inteligencia-artificial-y-periodismo\/#primaryimage"},"thumbnailUrl":"https:\/\/eldiariodelaeducacion.com\/extraeducacion\/wp-content\/uploads\/sites\/5\/2025\/10\/9788411661782-1.jpg","inLanguage":"es","potentialAction":[{"@type":"CommentAction","name":"Comment","target":["https:\/\/eldiariodelaeducacion.com\/extraeducacion\/2025\/12\/04\/inteligencia-artificial-y-periodismo\/#respond"]}]},{"@type":"WebPage","@id":"https:\/\/eldiariodelaeducacion.com\/extraeducacion\/2025\/12\/04\/inteligencia-artificial-y-periodismo\/","url":"https:\/\/eldiariodelaeducacion.com\/extraeducacion\/2025\/12\/04\/inteligencia-artificial-y-periodismo\/","name":"Inteligencia Artificial y periodismo - Extra Educaci\u00f3n","isPartOf":{"@id":"https:\/\/eldiariodelaeducacion.com\/extraeducacion\/#website"},"primaryImageOfPage":{"@id":"https:\/\/eldiariodelaeducacion.com\/extraeducacion\/2025\/12\/04\/inteligencia-artificial-y-periodismo\/#primaryimage"},"image":{"@id":"https:\/\/eldiariodelaeducacion.com\/extraeducacion\/2025\/12\/04\/inteligencia-artificial-y-periodismo\/#primaryimage"},"thumbnailUrl":"https:\/\/eldiariodelaeducacion.com\/extraeducacion\/wp-content\/uploads\/sites\/5\/2025\/10\/9788411661782-1.jpg","datePublished":"2025-12-04T03:00:00+00:00","author":{"@id":"https:\/\/eldiariodelaeducacion.com\/extraeducacion\/#\/schema\/person\/203ca7d4bd6243283b2e64e14c24129a"},"breadcrumb":{"@id":"https:\/\/eldiariodelaeducacion.com\/extraeducacion\/2025\/12\/04\/inteligencia-artificial-y-periodismo\/#breadcrumb"},"inLanguage":"es","potentialAction":[{"@type":"ReadAction","target":["https:\/\/eldiariodelaeducacion.com\/extraeducacion\/2025\/12\/04\/inteligencia-artificial-y-periodismo\/"]}]},{"@type":"ImageObject","inLanguage":"es","@id":"https:\/\/eldiariodelaeducacion.com\/extraeducacion\/2025\/12\/04\/inteligencia-artificial-y-periodismo\/#primaryimage","url":"https:\/\/eldiariodelaeducacion.com\/extraeducacion\/wp-content\/uploads\/sites\/5\/2025\/10\/9788411661782-1.jpg","contentUrl":"https:\/\/eldiariodelaeducacion.com\/extraeducacion\/wp-content\/uploads\/sites\/5\/2025\/10\/9788411661782-1.jpg","width":1400,"height":2123},{"@type":"BreadcrumbList","@id":"https:\/\/eldiariodelaeducacion.com\/extraeducacion\/2025\/12\/04\/inteligencia-artificial-y-periodismo\/#breadcrumb","itemListElement":[{"@type":"ListItem","position":1,"name":"Portada","item":"https:\/\/eldiariodelaeducacion.com\/extraeducacion\/"},{"@type":"ListItem","position":2,"name":"Inteligencia Artificial y periodismo"}]},{"@type":"WebSite","@id":"https:\/\/eldiariodelaeducacion.com\/extraeducacion\/#website","url":"https:\/\/eldiariodelaeducacion.com\/extraeducacion\/","name":"Extra Educaci\u00f3n","description":"Un blog de El Diario de la Educaci\u00f3n","potentialAction":[{"@type":"SearchAction","target":{"@type":"EntryPoint","urlTemplate":"https:\/\/eldiariodelaeducacion.com\/extraeducacion\/?s={search_term_string}"},"query-input":{"@type":"PropertyValueSpecification","valueRequired":true,"valueName":"search_term_string"}}],"inLanguage":"es"},{"@type":"Person","@id":"https:\/\/eldiariodelaeducacion.com\/extraeducacion\/#\/schema\/person\/203ca7d4bd6243283b2e64e14c24129a","name":"Santiago Tejedor","image":{"@type":"ImageObject","inLanguage":"es","@id":"https:\/\/eldiariodelaeducacion.com\/extraeducacion\/wp-content\/uploads\/sites\/5\/2024\/12\/santiago-tejedor_avatar-96x96.png","url":"https:\/\/eldiariodelaeducacion.com\/extraeducacion\/wp-content\/uploads\/sites\/5\/2024\/12\/santiago-tejedor_avatar-96x96.png","contentUrl":"https:\/\/eldiariodelaeducacion.com\/extraeducacion\/wp-content\/uploads\/sites\/5\/2024\/12\/santiago-tejedor_avatar-96x96.png","caption":"Santiago Tejedor"},"description":"Catedr\u00e1tico de Periodismo -especializado en viajes y ciberperiodismo-, investigador y periodista. Es el director del Gabinete de Comunicaci\u00f3n y Educaci\u00f3n de la Universitat Aut\u00f2noma de Barcelona","url":"https:\/\/eldiariodelaeducacion.com\/extraeducacion\/author\/tejedor\/"}]}},"_links":{"self":[{"href":"https:\/\/eldiariodelaeducacion.com\/extraeducacion\/wp-json\/wp\/v2\/posts\/1312","targetHints":{"allow":["GET"]}}],"collection":[{"href":"https:\/\/eldiariodelaeducacion.com\/extraeducacion\/wp-json\/wp\/v2\/posts"}],"about":[{"href":"https:\/\/eldiariodelaeducacion.com\/extraeducacion\/wp-json\/wp\/v2\/types\/post"}],"author":[{"embeddable":true,"href":"https:\/\/eldiariodelaeducacion.com\/extraeducacion\/wp-json\/wp\/v2\/users\/163"}],"replies":[{"embeddable":true,"href":"https:\/\/eldiariodelaeducacion.com\/extraeducacion\/wp-json\/wp\/v2\/comments?post=1312"}],"version-history":[{"count":1,"href":"https:\/\/eldiariodelaeducacion.com\/extraeducacion\/wp-json\/wp\/v2\/posts\/1312\/revisions"}],"predecessor-version":[{"id":1316,"href":"https:\/\/eldiariodelaeducacion.com\/extraeducacion\/wp-json\/wp\/v2\/posts\/1312\/revisions\/1316"}],"wp:featuredmedia":[{"embeddable":true,"href":"https:\/\/eldiariodelaeducacion.com\/extraeducacion\/wp-json\/wp\/v2\/media\/1315"}],"wp:attachment":[{"href":"https:\/\/eldiariodelaeducacion.com\/extraeducacion\/wp-json\/wp\/v2\/media?parent=1312"}],"wp:term":[{"taxonomy":"category","embeddable":true,"href":"https:\/\/eldiariodelaeducacion.com\/extraeducacion\/wp-json\/wp\/v2\/categories?post=1312"},{"taxonomy":"post_tag","embeddable":true,"href":"https:\/\/eldiariodelaeducacion.com\/extraeducacion\/wp-json\/wp\/v2\/tags?post=1312"},{"taxonomy":"tipo","embeddable":true,"href":"https:\/\/eldiariodelaeducacion.com\/extraeducacion\/wp-json\/wp\/v2\/tipo?post=1312"}],"curies":[{"name":"wp","href":"https:\/\/api.w.org\/{rel}","templated":true}]}}