{"id":1317,"date":"2025-10-21T09:48:45","date_gmt":"2025-10-21T07:48:45","guid":{"rendered":"https:\/\/eldiariodelaeducacion.com\/extraeducacion\/?p=1317"},"modified":"2025-10-21T13:04:03","modified_gmt":"2025-10-21T11:04:03","slug":"da-el-siguiente-paso-como-formador-y-cierra-la-brecha-digital-con-melise","status":"publish","type":"post","link":"https:\/\/eldiariodelaeducacion.com\/extraeducacion\/2025\/10\/21\/da-el-siguiente-paso-como-formador-y-cierra-la-brecha-digital-con-melise\/","title":{"rendered":"\u00a1Da el siguiente paso como formador y cierra la brecha digital con MELISE!"},"content":{"rendered":"\n<p>La alfabetizaci\u00f3n medi\u00e1tica es una parte esencial de nuestra sociedad moderna. La capacidad de acceder, analizar y evaluar los mensajes de los medios, as\u00ed como de crear y compartir contenidos medi\u00e1ticos de forma eficaz, es hoy m\u00e1s necesaria que nunca. El proyecto <a href=\"https:\/\/meliseproject.eu\/\"><u><strong>Media Literacy for Seniors, MELISE,<\/strong><\/u><\/a><a href=\"https:\/\/meliseproject.eu\/\"><\/a> nace con el objetivo de explorar y abordar la importancia de la alfabetizaci\u00f3n medi\u00e1tica en las personas mayores y su relevancia en la sociedad actual.<\/p>\n\n\n\n<p>Con este prop\u00f3sito, este mes de octubre se inicia el programa formativo <a href=\"https:\/\/meliseproject.eu\/course-for-trainers-and-professionals\/\"><u>\u201c<\/u><\/a><a href=\"https:\/\/meliseproject.eu\/course-for-trainers-and-professionals\/\"><u><strong>Pensamiento cr\u00edtico y alfabetizaci\u00f3n medi\u00e1tica para profesionales que trabajan con personas mayores<\/strong><\/u><\/a><a href=\"https:\/\/meliseproject.eu\/course-for-trainers-and-professionals\/\"><u>\u201d <\/u><\/a>dirigido a los futuros formadores que quieran acabar con la brecha digital.<\/p>\n\n\n\n<p>El programa, <strong>completamente gratuito<\/strong> e impartido en ingl\u00e9s, combina conocimientos te\u00f3ricos con aplicaciones pr\u00e1cticas, ofreciendo a los participantes una comprensi\u00f3n completa de los desaf\u00edos de la alfabetizaci\u00f3n medi\u00e1tica en toda Europa, mediante teor\u00eda y ejercicios aplicados a situaciones reales. Asimismo, el alumno tambi\u00e9n.<\/p>\n\n\n\n<p>Al finalizar el programa, los participantes <strong>obtendr\u00e1n cr\u00e9ditos ECTS reconocidos <\/strong>para su desarrollo acad\u00e9mico y profesional. Adem\u00e1s, tendr\u00e1n las herramientas necesarias para integrar las mejores pr\u00e1cticas y las lecciones aprendidas en las actividades de sus propias organizaciones, mejorando su capacidad para promover una sociedad m\u00e1s inclusiva, donde todas las personas, sin importar la edad, puedan participar como ciudadanos informados y empoderados.<\/p>\n\n\n\n<p>\u00bfQuieres unirte al cambio?<a href=\"https:\/\/meliseproject.eu\/course-for-trainers-and-professionals\/\"><u> Reg\u00edstrate aqu\u00ed y conoce todos los detalles del curso.<\/u><\/a><\/p>\n","protected":false},"excerpt":{"rendered":"<p>Empodera a las personas mayores para navegar el mundo digital con seguridad y confianza<\/p>\n","protected":false},"author":150,"featured_media":1318,"comment_status":"open","ping_status":"open","sticky":false,"template":"","format":"standard","meta":{"footnotes":""},"categories":[2],"tags":[],"tipo":[30],"class_list":{"0":"post-1317","1":"post","2":"type-post","3":"status-publish","4":"format-standard","5":"has-post-thumbnail","7":"category-extra-educacion","8":"tipo-actualidad"},"yoast_head":"<!-- This site is optimized with the Yoast SEO plugin v27.5 - https:\/\/yoast.com\/product\/yoast-seo-wordpress\/ -->\n<title>\u00a1Da el siguiente paso como formador y cierra la brecha digital con MELISE! - Extra Educaci\u00f3n<\/title>\n<meta name=\"robots\" content=\"index, follow, max-snippet:-1, max-image-preview:large, max-video-preview:-1\" \/>\n<link rel=\"canonical\" href=\"https:\/\/eldiariodelaeducacion.com\/extraeducacion\/2025\/10\/21\/da-el-siguiente-paso-como-formador-y-cierra-la-brecha-digital-con-melise\/\" \/>\n<meta property=\"og:locale\" content=\"es_ES\" \/>\n<meta property=\"og:type\" content=\"article\" \/>\n<meta property=\"og:title\" content=\"\u00a1Da el siguiente paso como formador y cierra la brecha digital con MELISE! - Extra Educaci\u00f3n\" \/>\n<meta property=\"og:description\" content=\"Empodera a las personas mayores para navegar el mundo digital con seguridad y confianza\" \/>\n<meta property=\"og:url\" content=\"https:\/\/eldiariodelaeducacion.com\/extraeducacion\/2025\/10\/21\/da-el-siguiente-paso-como-formador-y-cierra-la-brecha-digital-con-melise\/\" \/>\n<meta property=\"og:site_name\" content=\"Extra Educaci\u00f3n\" \/>\n<meta property=\"article:published_time\" content=\"2025-10-21T07:48:45+00:00\" \/>\n<meta property=\"article:modified_time\" content=\"2025-10-21T11:04:03+00:00\" \/>\n<meta property=\"og:image\" content=\"https:\/\/eldiariodelaeducacion.com\/extraeducacion\/wp-content\/uploads\/sites\/5\/2025\/10\/CAST1.jpg\" \/>\n\t<meta property=\"og:image:width\" content=\"1024\" \/>\n\t<meta property=\"og:image:height\" content=\"724\" \/>\n\t<meta property=\"og:image:type\" content=\"image\/jpeg\" \/>\n<meta name=\"author\" content=\"Redacci\u00f3n\" \/>\n<meta name=\"twitter:card\" content=\"summary_large_image\" \/>\n<meta name=\"twitter:label1\" content=\"Escrito por\" \/>\n\t<meta name=\"twitter:data1\" content=\"Redacci\u00f3n\" \/>\n\t<meta name=\"twitter:label2\" content=\"Tiempo de lectura\" \/>\n\t<meta name=\"twitter:data2\" content=\"1 minuto\" \/>\n<script type=\"application\/ld+json\" class=\"yoast-schema-graph\">{\"@context\":\"https:\\\/\\\/schema.org\",\"@graph\":[{\"@type\":\"Article\",\"@id\":\"https:\\\/\\\/eldiariodelaeducacion.com\\\/extraeducacion\\\/2025\\\/10\\\/21\\\/da-el-siguiente-paso-como-formador-y-cierra-la-brecha-digital-con-melise\\\/#article\",\"isPartOf\":{\"@id\":\"https:\\\/\\\/eldiariodelaeducacion.com\\\/extraeducacion\\\/2025\\\/10\\\/21\\\/da-el-siguiente-paso-como-formador-y-cierra-la-brecha-digital-con-melise\\\/\"},\"author\":{\"name\":\"Redacci\u00f3n\",\"@id\":\"https:\\\/\\\/eldiariodelaeducacion.com\\\/extraeducacion\\\/#\\\/schema\\\/person\\\/5228007cb64f7ca80adbd750a941d59c\"},\"headline\":\"\u00a1Da el siguiente paso como formador y cierra la brecha digital con MELISE!\",\"datePublished\":\"2025-10-21T07:48:45+00:00\",\"dateModified\":\"2025-10-21T11:04:03+00:00\",\"mainEntityOfPage\":{\"@id\":\"https:\\\/\\\/eldiariodelaeducacion.com\\\/extraeducacion\\\/2025\\\/10\\\/21\\\/da-el-siguiente-paso-como-formador-y-cierra-la-brecha-digital-con-melise\\\/\"},\"wordCount\":265,\"commentCount\":0,\"image\":{\"@id\":\"https:\\\/\\\/eldiariodelaeducacion.com\\\/extraeducacion\\\/2025\\\/10\\\/21\\\/da-el-siguiente-paso-como-formador-y-cierra-la-brecha-digital-con-melise\\\/#primaryimage\"},\"thumbnailUrl\":\"https:\\\/\\\/eldiariodelaeducacion.com\\\/extraeducacion\\\/wp-content\\\/uploads\\\/sites\\\/5\\\/2025\\\/10\\\/CAST1.jpg\",\"articleSection\":[\"Extra educaci\u00f3n\"],\"inLanguage\":\"es\",\"potentialAction\":[{\"@type\":\"CommentAction\",\"name\":\"Comment\",\"target\":[\"https:\\\/\\\/eldiariodelaeducacion.com\\\/extraeducacion\\\/2025\\\/10\\\/21\\\/da-el-siguiente-paso-como-formador-y-cierra-la-brecha-digital-con-melise\\\/#respond\"]}]},{\"@type\":\"WebPage\",\"@id\":\"https:\\\/\\\/eldiariodelaeducacion.com\\\/extraeducacion\\\/2025\\\/10\\\/21\\\/da-el-siguiente-paso-como-formador-y-cierra-la-brecha-digital-con-melise\\\/\",\"url\":\"https:\\\/\\\/eldiariodelaeducacion.com\\\/extraeducacion\\\/2025\\\/10\\\/21\\\/da-el-siguiente-paso-como-formador-y-cierra-la-brecha-digital-con-melise\\\/\",\"name\":\"\u00a1Da el siguiente paso como formador y cierra la brecha digital con MELISE! - Extra Educaci\u00f3n\",\"isPartOf\":{\"@id\":\"https:\\\/\\\/eldiariodelaeducacion.com\\\/extraeducacion\\\/#website\"},\"primaryImageOfPage\":{\"@id\":\"https:\\\/\\\/eldiariodelaeducacion.com\\\/extraeducacion\\\/2025\\\/10\\\/21\\\/da-el-siguiente-paso-como-formador-y-cierra-la-brecha-digital-con-melise\\\/#primaryimage\"},\"image\":{\"@id\":\"https:\\\/\\\/eldiariodelaeducacion.com\\\/extraeducacion\\\/2025\\\/10\\\/21\\\/da-el-siguiente-paso-como-formador-y-cierra-la-brecha-digital-con-melise\\\/#primaryimage\"},\"thumbnailUrl\":\"https:\\\/\\\/eldiariodelaeducacion.com\\\/extraeducacion\\\/wp-content\\\/uploads\\\/sites\\\/5\\\/2025\\\/10\\\/CAST1.jpg\",\"datePublished\":\"2025-10-21T07:48:45+00:00\",\"dateModified\":\"2025-10-21T11:04:03+00:00\",\"author\":{\"@id\":\"https:\\\/\\\/eldiariodelaeducacion.com\\\/extraeducacion\\\/#\\\/schema\\\/person\\\/5228007cb64f7ca80adbd750a941d59c\"},\"breadcrumb\":{\"@id\":\"https:\\\/\\\/eldiariodelaeducacion.com\\\/extraeducacion\\\/2025\\\/10\\\/21\\\/da-el-siguiente-paso-como-formador-y-cierra-la-brecha-digital-con-melise\\\/#breadcrumb\"},\"inLanguage\":\"es\",\"potentialAction\":[{\"@type\":\"ReadAction\",\"target\":[\"https:\\\/\\\/eldiariodelaeducacion.com\\\/extraeducacion\\\/2025\\\/10\\\/21\\\/da-el-siguiente-paso-como-formador-y-cierra-la-brecha-digital-con-melise\\\/\"]}]},{\"@type\":\"ImageObject\",\"inLanguage\":\"es\",\"@id\":\"https:\\\/\\\/eldiariodelaeducacion.com\\\/extraeducacion\\\/2025\\\/10\\\/21\\\/da-el-siguiente-paso-como-formador-y-cierra-la-brecha-digital-con-melise\\\/#primaryimage\",\"url\":\"https:\\\/\\\/eldiariodelaeducacion.com\\\/extraeducacion\\\/wp-content\\\/uploads\\\/sites\\\/5\\\/2025\\\/10\\\/CAST1.jpg\",\"contentUrl\":\"https:\\\/\\\/eldiariodelaeducacion.com\\\/extraeducacion\\\/wp-content\\\/uploads\\\/sites\\\/5\\\/2025\\\/10\\\/CAST1.jpg\",\"width\":1024,\"height\":724},{\"@type\":\"BreadcrumbList\",\"@id\":\"https:\\\/\\\/eldiariodelaeducacion.com\\\/extraeducacion\\\/2025\\\/10\\\/21\\\/da-el-siguiente-paso-como-formador-y-cierra-la-brecha-digital-con-melise\\\/#breadcrumb\",\"itemListElement\":[{\"@type\":\"ListItem\",\"position\":1,\"name\":\"Portada\",\"item\":\"https:\\\/\\\/eldiariodelaeducacion.com\\\/extraeducacion\\\/\"},{\"@type\":\"ListItem\",\"position\":2,\"name\":\"\u00a1Da el siguiente paso como formador y cierra la brecha digital con MELISE!\"}]},{\"@type\":\"WebSite\",\"@id\":\"https:\\\/\\\/eldiariodelaeducacion.com\\\/extraeducacion\\\/#website\",\"url\":\"https:\\\/\\\/eldiariodelaeducacion.com\\\/extraeducacion\\\/\",\"name\":\"Extra Educaci\u00f3n\",\"description\":\"Un blog de El Diario de la Educaci\u00f3n\",\"potentialAction\":[{\"@type\":\"SearchAction\",\"target\":{\"@type\":\"EntryPoint\",\"urlTemplate\":\"https:\\\/\\\/eldiariodelaeducacion.com\\\/extraeducacion\\\/?s={search_term_string}\"},\"query-input\":{\"@type\":\"PropertyValueSpecification\",\"valueRequired\":true,\"valueName\":\"search_term_string\"}}],\"inLanguage\":\"es\"},{\"@type\":\"Person\",\"@id\":\"https:\\\/\\\/eldiariodelaeducacion.com\\\/extraeducacion\\\/#\\\/schema\\\/person\\\/5228007cb64f7ca80adbd750a941d59c\",\"name\":\"Redacci\u00f3n\",\"image\":{\"@type\":\"ImageObject\",\"inLanguage\":\"es\",\"@id\":\"https:\\\/\\\/eldiariodelaeducacion.com\\\/wp-content\\\/uploads\\\/2024\\\/10\\\/redaccion_avatar-96x96.png\",\"url\":\"https:\\\/\\\/eldiariodelaeducacion.com\\\/wp-content\\\/uploads\\\/2024\\\/10\\\/redaccion_avatar-96x96.png\",\"contentUrl\":\"https:\\\/\\\/eldiariodelaeducacion.com\\\/wp-content\\\/uploads\\\/2024\\\/10\\\/redaccion_avatar-96x96.png\",\"caption\":\"Redacci\u00f3n\"},\"url\":\"https:\\\/\\\/eldiariodelaeducacion.com\\\/extraeducacion\\\/author\\\/redaccion\\\/\"}]}<\/script>\n<!-- \/ Yoast SEO plugin. -->","yoast_head_json":{"title":"\u00a1Da el siguiente paso como formador y cierra la brecha digital con MELISE! - Extra Educaci\u00f3n","robots":{"index":"index","follow":"follow","max-snippet":"max-snippet:-1","max-image-preview":"max-image-preview:large","max-video-preview":"max-video-preview:-1"},"canonical":"https:\/\/eldiariodelaeducacion.com\/extraeducacion\/2025\/10\/21\/da-el-siguiente-paso-como-formador-y-cierra-la-brecha-digital-con-melise\/","og_locale":"es_ES","og_type":"article","og_title":"\u00a1Da el siguiente paso como formador y cierra la brecha digital con MELISE! - Extra Educaci\u00f3n","og_description":"Empodera a las personas mayores para navegar el mundo digital con seguridad y confianza","og_url":"https:\/\/eldiariodelaeducacion.com\/extraeducacion\/2025\/10\/21\/da-el-siguiente-paso-como-formador-y-cierra-la-brecha-digital-con-melise\/","og_site_name":"Extra Educaci\u00f3n","article_published_time":"2025-10-21T07:48:45+00:00","article_modified_time":"2025-10-21T11:04:03+00:00","og_image":[{"width":1024,"height":724,"url":"https:\/\/eldiariodelaeducacion.com\/extraeducacion\/wp-content\/uploads\/sites\/5\/2025\/10\/CAST1.jpg","type":"image\/jpeg"}],"author":"Redacci\u00f3n","twitter_card":"summary_large_image","twitter_misc":{"Escrito por":"Redacci\u00f3n","Tiempo de lectura":"1 minuto"},"schema":{"@context":"https:\/\/schema.org","@graph":[{"@type":"Article","@id":"https:\/\/eldiariodelaeducacion.com\/extraeducacion\/2025\/10\/21\/da-el-siguiente-paso-como-formador-y-cierra-la-brecha-digital-con-melise\/#article","isPartOf":{"@id":"https:\/\/eldiariodelaeducacion.com\/extraeducacion\/2025\/10\/21\/da-el-siguiente-paso-como-formador-y-cierra-la-brecha-digital-con-melise\/"},"author":{"name":"Redacci\u00f3n","@id":"https:\/\/eldiariodelaeducacion.com\/extraeducacion\/#\/schema\/person\/5228007cb64f7ca80adbd750a941d59c"},"headline":"\u00a1Da el siguiente paso como formador y cierra la brecha digital con MELISE!","datePublished":"2025-10-21T07:48:45+00:00","dateModified":"2025-10-21T11:04:03+00:00","mainEntityOfPage":{"@id":"https:\/\/eldiariodelaeducacion.com\/extraeducacion\/2025\/10\/21\/da-el-siguiente-paso-como-formador-y-cierra-la-brecha-digital-con-melise\/"},"wordCount":265,"commentCount":0,"image":{"@id":"https:\/\/eldiariodelaeducacion.com\/extraeducacion\/2025\/10\/21\/da-el-siguiente-paso-como-formador-y-cierra-la-brecha-digital-con-melise\/#primaryimage"},"thumbnailUrl":"https:\/\/eldiariodelaeducacion.com\/extraeducacion\/wp-content\/uploads\/sites\/5\/2025\/10\/CAST1.jpg","articleSection":["Extra educaci\u00f3n"],"inLanguage":"es","potentialAction":[{"@type":"CommentAction","name":"Comment","target":["https:\/\/eldiariodelaeducacion.com\/extraeducacion\/2025\/10\/21\/da-el-siguiente-paso-como-formador-y-cierra-la-brecha-digital-con-melise\/#respond"]}]},{"@type":"WebPage","@id":"https:\/\/eldiariodelaeducacion.com\/extraeducacion\/2025\/10\/21\/da-el-siguiente-paso-como-formador-y-cierra-la-brecha-digital-con-melise\/","url":"https:\/\/eldiariodelaeducacion.com\/extraeducacion\/2025\/10\/21\/da-el-siguiente-paso-como-formador-y-cierra-la-brecha-digital-con-melise\/","name":"\u00a1Da el siguiente paso como formador y cierra la brecha digital con MELISE! - Extra Educaci\u00f3n","isPartOf":{"@id":"https:\/\/eldiariodelaeducacion.com\/extraeducacion\/#website"},"primaryImageOfPage":{"@id":"https:\/\/eldiariodelaeducacion.com\/extraeducacion\/2025\/10\/21\/da-el-siguiente-paso-como-formador-y-cierra-la-brecha-digital-con-melise\/#primaryimage"},"image":{"@id":"https:\/\/eldiariodelaeducacion.com\/extraeducacion\/2025\/10\/21\/da-el-siguiente-paso-como-formador-y-cierra-la-brecha-digital-con-melise\/#primaryimage"},"thumbnailUrl":"https:\/\/eldiariodelaeducacion.com\/extraeducacion\/wp-content\/uploads\/sites\/5\/2025\/10\/CAST1.jpg","datePublished":"2025-10-21T07:48:45+00:00","dateModified":"2025-10-21T11:04:03+00:00","author":{"@id":"https:\/\/eldiariodelaeducacion.com\/extraeducacion\/#\/schema\/person\/5228007cb64f7ca80adbd750a941d59c"},"breadcrumb":{"@id":"https:\/\/eldiariodelaeducacion.com\/extraeducacion\/2025\/10\/21\/da-el-siguiente-paso-como-formador-y-cierra-la-brecha-digital-con-melise\/#breadcrumb"},"inLanguage":"es","potentialAction":[{"@type":"ReadAction","target":["https:\/\/eldiariodelaeducacion.com\/extraeducacion\/2025\/10\/21\/da-el-siguiente-paso-como-formador-y-cierra-la-brecha-digital-con-melise\/"]}]},{"@type":"ImageObject","inLanguage":"es","@id":"https:\/\/eldiariodelaeducacion.com\/extraeducacion\/2025\/10\/21\/da-el-siguiente-paso-como-formador-y-cierra-la-brecha-digital-con-melise\/#primaryimage","url":"https:\/\/eldiariodelaeducacion.com\/extraeducacion\/wp-content\/uploads\/sites\/5\/2025\/10\/CAST1.jpg","contentUrl":"https:\/\/eldiariodelaeducacion.com\/extraeducacion\/wp-content\/uploads\/sites\/5\/2025\/10\/CAST1.jpg","width":1024,"height":724},{"@type":"BreadcrumbList","@id":"https:\/\/eldiariodelaeducacion.com\/extraeducacion\/2025\/10\/21\/da-el-siguiente-paso-como-formador-y-cierra-la-brecha-digital-con-melise\/#breadcrumb","itemListElement":[{"@type":"ListItem","position":1,"name":"Portada","item":"https:\/\/eldiariodelaeducacion.com\/extraeducacion\/"},{"@type":"ListItem","position":2,"name":"\u00a1Da el siguiente paso como formador y cierra la brecha digital con MELISE!"}]},{"@type":"WebSite","@id":"https:\/\/eldiariodelaeducacion.com\/extraeducacion\/#website","url":"https:\/\/eldiariodelaeducacion.com\/extraeducacion\/","name":"Extra Educaci\u00f3n","description":"Un blog de El Diario de la Educaci\u00f3n","potentialAction":[{"@type":"SearchAction","target":{"@type":"EntryPoint","urlTemplate":"https:\/\/eldiariodelaeducacion.com\/extraeducacion\/?s={search_term_string}"},"query-input":{"@type":"PropertyValueSpecification","valueRequired":true,"valueName":"search_term_string"}}],"inLanguage":"es"},{"@type":"Person","@id":"https:\/\/eldiariodelaeducacion.com\/extraeducacion\/#\/schema\/person\/5228007cb64f7ca80adbd750a941d59c","name":"Redacci\u00f3n","image":{"@type":"ImageObject","inLanguage":"es","@id":"https:\/\/eldiariodelaeducacion.com\/wp-content\/uploads\/2024\/10\/redaccion_avatar-96x96.png","url":"https:\/\/eldiariodelaeducacion.com\/wp-content\/uploads\/2024\/10\/redaccion_avatar-96x96.png","contentUrl":"https:\/\/eldiariodelaeducacion.com\/wp-content\/uploads\/2024\/10\/redaccion_avatar-96x96.png","caption":"Redacci\u00f3n"},"url":"https:\/\/eldiariodelaeducacion.com\/extraeducacion\/author\/redaccion\/"}]}},"_links":{"self":[{"href":"https:\/\/eldiariodelaeducacion.com\/extraeducacion\/wp-json\/wp\/v2\/posts\/1317","targetHints":{"allow":["GET"]}}],"collection":[{"href":"https:\/\/eldiariodelaeducacion.com\/extraeducacion\/wp-json\/wp\/v2\/posts"}],"about":[{"href":"https:\/\/eldiariodelaeducacion.com\/extraeducacion\/wp-json\/wp\/v2\/types\/post"}],"author":[{"embeddable":true,"href":"https:\/\/eldiariodelaeducacion.com\/extraeducacion\/wp-json\/wp\/v2\/users\/150"}],"replies":[{"embeddable":true,"href":"https:\/\/eldiariodelaeducacion.com\/extraeducacion\/wp-json\/wp\/v2\/comments?post=1317"}],"version-history":[{"count":3,"href":"https:\/\/eldiariodelaeducacion.com\/extraeducacion\/wp-json\/wp\/v2\/posts\/1317\/revisions"}],"predecessor-version":[{"id":1321,"href":"https:\/\/eldiariodelaeducacion.com\/extraeducacion\/wp-json\/wp\/v2\/posts\/1317\/revisions\/1321"}],"wp:featuredmedia":[{"embeddable":true,"href":"https:\/\/eldiariodelaeducacion.com\/extraeducacion\/wp-json\/wp\/v2\/media\/1318"}],"wp:attachment":[{"href":"https:\/\/eldiariodelaeducacion.com\/extraeducacion\/wp-json\/wp\/v2\/media?parent=1317"}],"wp:term":[{"taxonomy":"category","embeddable":true,"href":"https:\/\/eldiariodelaeducacion.com\/extraeducacion\/wp-json\/wp\/v2\/categories?post=1317"},{"taxonomy":"post_tag","embeddable":true,"href":"https:\/\/eldiariodelaeducacion.com\/extraeducacion\/wp-json\/wp\/v2\/tags?post=1317"},{"taxonomy":"tipo","embeddable":true,"href":"https:\/\/eldiariodelaeducacion.com\/extraeducacion\/wp-json\/wp\/v2\/tipo?post=1317"}],"curies":[{"name":"wp","href":"https:\/\/api.w.org\/{rel}","templated":true}]}}