{"id":1432,"date":"2026-03-12T04:30:00","date_gmt":"2026-03-12T03:30:00","guid":{"rendered":"https:\/\/eldiariodelaeducacion.com\/extraeducacion\/?p=1432"},"modified":"2026-03-12T10:43:47","modified_gmt":"2026-03-12T09:43:47","slug":"viajar-para-aprender-periodismo-viajes-educacion","status":"publish","type":"post","link":"https:\/\/eldiariodelaeducacion.com\/extraeducacion\/2026\/03\/12\/viajar-para-aprender-periodismo-viajes-educacion\/","title":{"rendered":"Viajar para aprender: aventura, conocimiento y formaci\u00f3n"},"content":{"rendered":"\n<p><br><strong>Viajar ha sido, desde siempre, una de las grandes escuelas de la vida. El viaje invita a salir de lo conocido, a observar otras culturas, a cuestionar nuestras certezas y a descubrir nuevas formas de comprender el mundo. En esa mezcla de aventura, curiosidad y aprendizaje, el viaje se convierte en un poderoso instrumento formativo, capaz de combinar experiencia, conocimiento y creatividad. En el \u00e1mbito de la comunicaci\u00f3n y la educaci\u00f3n, el viaje adquiere una dimensi\u00f3n a\u00fan m\u00e1s rica: permite aprender a mirar, a escuchar y a narrar lo vivido. Explorar territorios desconocidos no solo implica desplazarse geogr\u00e1ficamente, sino tambi\u00e9n interpretar realidades, comprender contextos y transformarlos en relatos. En este marco surgen proyectos que convierten el viaje en un laboratorio de aprendizaje, donde la aventura se une al pensamiento cr\u00edtico y a la producci\u00f3n de conocimiento. Entre estas iniciativas destacan TuAventura y Tahina-Can, dos proyectos vinculados al \u00e1mbito del periodismo de viajes y la educaci\u00f3n que comparten una misma filosof\u00eda: entender el viaje como un proceso de descubrimiento, narraci\u00f3n y formaci\u00f3n.<\/strong><\/p>\n\n\n\n<figure class=\"wp-block-image size-full\"><img fetchpriority=\"high\" decoding=\"async\" width=\"573\" height=\"330\" src=\"https:\/\/eldiariodelaeducacion.com\/extraeducacion\/wp-content\/uploads\/sites\/5\/2026\/03\/01_viajes_plural.jpg\" alt=\"Young Male Teacher Giving a Data Science Lecture to Diverse Multiethnic Group of Female and Male Students in Dark College Room. Projecting Slideshow with Artificial Intelligence Network Architecture\" class=\"wp-image-1433\" srcset=\"https:\/\/eldiariodelaeducacion.com\/extraeducacion\/wp-content\/uploads\/sites\/5\/2026\/03\/01_viajes_plural.jpg 573w, https:\/\/eldiariodelaeducacion.com\/extraeducacion\/wp-content\/uploads\/sites\/5\/2026\/03\/01_viajes_plural-300x173.jpg 300w, https:\/\/eldiariodelaeducacion.com\/extraeducacion\/wp-content\/uploads\/sites\/5\/2026\/03\/01_viajes_plural-18x10.jpg 18w, https:\/\/eldiariodelaeducacion.com\/extraeducacion\/wp-content\/uploads\/sites\/5\/2026\/03\/01_viajes_plural-150x86.jpg 150w, https:\/\/eldiariodelaeducacion.com\/extraeducacion\/wp-content\/uploads\/sites\/5\/2026\/03\/01_viajes_plural-450x259.jpg 450w\" sizes=\"(max-width: 573px) 100vw, 573px\" \/><\/figure>\n\n\n\n<h2 class=\"wp-block-heading\">TuAventura: un espacio para contar el mundo<\/h2>\n\n\n\n<p><a href=\"https:\/\/www.tuaventura.com\/\"><strong>TuAventura<\/strong><\/a> es un proyecto digital de periodismo de viajes concebido como un espacio para <strong>compartir experiencias, relatos y miradas sobre el mundo<\/strong>. La iniciativa re\u00fane textos, im\u00e1genes, v\u00eddeos y sonidos que narran viajes de todo tipo: desde expediciones lejanas hasta descubrimientos cotidianos en entornos cercanos.<\/p>\n\n\n\n<p>El proyecto se inspira en la filosof\u00eda colaborativa de la web social: cualquier viajero puede convertirse en corresponsal y contribuir con sus historias, reflexiones o cr\u00f3nicas. De este modo, se construye una <strong>red de narradores viajeros<\/strong> que comparten sus experiencias y generan un archivo colectivo de relatos sobre culturas, territorios y paisajes diversos.<\/p>\n\n\n\n<p>Impulsado desde el \u00e1mbito acad\u00e9mico del <a href=\"https:\/\/www.gabinetecomunicacionyeducacion.com\/es\/formacion\/master-en-periodismo-de-viajes\"><strong>M\u00e1ster en Periodismo de Viajes<\/strong><\/a><strong> y el <\/strong><a href=\"https:\/\/www.gabinetecomunicacionyeducacion.com\/es\/formacion\/master-en-periodismo-de-viajes\"><strong>Gabinete de Comunicaci\u00f3n y Educaci\u00f3n<\/strong><\/a><strong> de la Universitat Aut\u00f2noma de Barcelona<\/strong>, TuAventura propone una forma distinta de aproximarse al viaje: no solo como desplazamiento, sino como <strong>experiencia narrativa, intercultural y reflexiva<\/strong>. El portal se organiza en diferentes secciones \u2014historias, gu\u00edas, postales, voces o biblioteca\u2014 que permiten explorar m\u00faltiples perspectivas sobre el viaje. Cada relato se convierte as\u00ed en una invitaci\u00f3n a mirar el mundo con curiosidad y sensibilidad, reforzando la idea de que <strong>viajar tambi\u00e9n significa contar, interpretar y compartir<\/strong>.<\/p>\n\n\n\n<figure class=\"wp-block-image size-full\"><img decoding=\"async\" width=\"573\" height=\"319\" src=\"https:\/\/eldiariodelaeducacion.com\/extraeducacion\/wp-content\/uploads\/sites\/5\/2026\/03\/02_viajes_plural.jpg\" alt=\"Young Male Teacher Giving a Data Science Lecture to Diverse Multiethnic Group of Female and Male Students in Dark College Room. Projecting Slideshow with Artificial Intelligence Network Architecture\" class=\"wp-image-1434\" srcset=\"https:\/\/eldiariodelaeducacion.com\/extraeducacion\/wp-content\/uploads\/sites\/5\/2026\/03\/02_viajes_plural.jpg 573w, https:\/\/eldiariodelaeducacion.com\/extraeducacion\/wp-content\/uploads\/sites\/5\/2026\/03\/02_viajes_plural-300x167.jpg 300w, https:\/\/eldiariodelaeducacion.com\/extraeducacion\/wp-content\/uploads\/sites\/5\/2026\/03\/02_viajes_plural-18x10.jpg 18w, https:\/\/eldiariodelaeducacion.com\/extraeducacion\/wp-content\/uploads\/sites\/5\/2026\/03\/02_viajes_plural-150x84.jpg 150w, https:\/\/eldiariodelaeducacion.com\/extraeducacion\/wp-content\/uploads\/sites\/5\/2026\/03\/02_viajes_plural-450x251.jpg 450w\" sizes=\"(max-width: 573px) 100vw, 573px\" \/><\/figure>\n\n\n\n<h2 class=\"wp-block-heading\"><strong>Tahina-Can: la expedici\u00f3n como aula<\/strong><\/h2>\n\n\n\n<p>La <a href=\"https:\/\/www.tahina-can.org\/\"><strong>Expedici\u00f3n Tahina-Can<\/strong><\/a> es una iniciativa educativa impulsada por el Gabinete de Comunicaci\u00f3n y Educaci\u00f3n de la Universitat Aut\u00f2noma de Barcelona que propone una forma innovadora de aprender a trav\u00e9s del viaje. Su objetivo principal es <strong>fomentar el inter\u00e9s de la comunidad universitaria por la cultura y las costumbres del pa\u00eds visitado<\/strong>, estableciendo adem\u00e1s v\u00ednculos con estudiantes, instituciones y medios de comunicaci\u00f3n locales.<\/p>\n\n\n\n<p>Cada a\u00f1o, estudiantes universitarios de diferentes disciplinas participan en una expedici\u00f3n acad\u00e9mica que recorre un pa\u00eds del mundo. Durante el viaje, los participantes siguen un <strong>programa formativo que combina seminarios, encuentros con profesionales, visitas institucionales y trabajo period\u00edstico sobre el terreno<\/strong>.<\/p>\n\n\n\n<p>Uno de los rasgos m\u00e1s distintivos del proyecto es su enfoque pr\u00e1ctico. Los expedicionarios se organizan en equipos de <strong>prensa, radio, televisi\u00f3n y fotograf\u00eda<\/strong>, y producen reportajes, cr\u00f3nicas y piezas audiovisuales que documentan el recorrido y las realidades del pa\u00eds visitado. Desde su creaci\u00f3n en 2004, Tahina-Can ha llevado a cientos de estudiantes a destinos de Am\u00e9rica, Asia, \u00c1frica y Oriente Medio, convirtiendo cada expedici\u00f3n en una experiencia de <strong>aprendizaje intercultural, periodismo de campo y cooperaci\u00f3n acad\u00e9mica internacional<\/strong>. Adem\u00e1s del trabajo durante el viaje, el proyecto culmina con la publicaci\u00f3n de reportajes, exposiciones fotogr\u00e1ficas itinerantes y la elaboraci\u00f3n de un libro colectivo que recoge las experiencias y reflexiones de los expedicionarios.<\/p>\n\n\n\n<figure class=\"wp-block-image size-full\"><img decoding=\"async\" width=\"572\" height=\"325\" src=\"https:\/\/eldiariodelaeducacion.com\/extraeducacion\/wp-content\/uploads\/sites\/5\/2026\/03\/03_viajes_plural.jpg\" alt=\"\" class=\"wp-image-1435\" srcset=\"https:\/\/eldiariodelaeducacion.com\/extraeducacion\/wp-content\/uploads\/sites\/5\/2026\/03\/03_viajes_plural.jpg 572w, https:\/\/eldiariodelaeducacion.com\/extraeducacion\/wp-content\/uploads\/sites\/5\/2026\/03\/03_viajes_plural-300x170.jpg 300w, https:\/\/eldiariodelaeducacion.com\/extraeducacion\/wp-content\/uploads\/sites\/5\/2026\/03\/03_viajes_plural-18x10.jpg 18w, https:\/\/eldiariodelaeducacion.com\/extraeducacion\/wp-content\/uploads\/sites\/5\/2026\/03\/03_viajes_plural-150x85.jpg 150w, https:\/\/eldiariodelaeducacion.com\/extraeducacion\/wp-content\/uploads\/sites\/5\/2026\/03\/03_viajes_plural-450x256.jpg 450w\" sizes=\"(max-width: 572px) 100vw, 572px\" \/><\/figure>\n\n\n\n<h2 class=\"wp-block-heading\"><strong>El viaje como pedagog\u00eda del mundo<\/strong><\/h2>\n\n\n\n<p>Proyectos como <strong>TuAventura<\/strong> y <strong>Tahina-Can<\/strong> demuestran que el viaje puede convertirse en una poderosa herramienta educativa. M\u00e1s all\u00e1 del turismo convencional, estas iniciativas proponen una forma de viajar basada en tres pilares fundamentales: <strong>1) exploraci\u00f3n<\/strong>: descubrir territorios, culturas y realidades distintas; <strong>2) interpretaci\u00f3n<\/strong>: comprender los contextos sociales, culturales y medi\u00e1ticos del lugar visitado; y <strong>3)<\/strong> <strong>narraci\u00f3n<\/strong>: transformar la experiencia en conocimiento compartido.<\/p>\n\n\n\n<p>En ambos proyectos, el viaje se convierte en un <strong>espacio de aprendizaje activo<\/strong>, donde estudiantes y participantes desarrollan competencias como la observaci\u00f3n cr\u00edtica, la comunicaci\u00f3n intercultural, la producci\u00f3n period\u00edstica o la reflexi\u00f3n \u00e9tica sobre el mundo contempor\u00e1neo. En definitiva, estas iniciativas reivindican el viaje como algo m\u00e1s que un desplazamiento f\u00edsico. Viajar significa <strong>mirar, comprender y contar<\/strong>. Y cuando esa experiencia se integra en un proyecto educativo, el viaje se transforma en una aut\u00e9ntica escuela de vida, aventura y conocimiento.<\/p>\n\n\n\n<h2 class=\"wp-block-heading\"><strong>Comunicaci\u00f3n y educaci\u00f3n como objeto de estudio<\/strong><\/h2>\n\n\n\n<p>El&nbsp;<strong>Gabinete de Comunicaci\u00f3n y de Educaci\u00f3n<\/strong>&nbsp;es un&nbsp;<a href=\"http:\/\/gabinetecomunicacionyeducacion.com\/es\" target=\"_blank\" rel=\"noreferrer noopener\">grupo consolidado y especializado<\/a>&nbsp;en la investigaci\u00f3n y divulgaci\u00f3n cient\u00edfica, que pertenece al Departamento de Periodismo y Ciencias de la Comunicaci\u00f3n de la&nbsp;<strong>UAB.<\/strong>&nbsp;Reconocido por AGAUR (Ag\u00e8ncia de Gesti\u00f3 d\u2019Ajuts Universitaris i de Recerca) de la Generalitat de Catalunya como&nbsp;<strong>Grupo de Investigaci\u00f3n Consolidado<\/strong>&nbsp;en funci\u00f3n de su trayectoria, proyecci\u00f3n y desarrollo, desarrolla proyectos e investigaciones en el terreno de convergencia entre la comunicaci\u00f3n y la educaci\u00f3n. Desde su creaci\u00f3n, ha desarrollado iniciativas destinadas a integrar, con conciencia y libertad, las&nbsp;tecnolog\u00edas de la comunicaci\u00f3n&nbsp;en la denominada&nbsp;sociedad global o del conocimiento. Bajo la direcci\u00f3n de&nbsp;<strong>Santiago Tejedor,<\/strong>&nbsp;el Gabinete organiza diferentes m\u00e1steres propios, como el M\u00e1ster en&nbsp;<strong>Periodismo de Viajes<\/strong>&nbsp;(presencial y online), el M\u00e1ster de&nbsp;<strong>Comunicaci\u00f3n y Educaci\u00f3n,<\/strong>&nbsp;el M\u00e1ster de&nbsp;<strong>Comunicaci\u00f3n del Medioambiente<\/strong>&nbsp;y el M\u00e1ster en Gesti\u00f3n de la&nbsp;<strong>Comunicaci\u00f3n Pol\u00edtica y Electoral.&nbsp;<\/strong>El grupo posee una colecci\u00f3n de publicaciones, en forma de&nbsp;<a href=\"http:\/\/gabinetecomunicacionyeducacion.com\/es\/articulos-cientificos\" target=\"_blank\" rel=\"noreferrer noopener\">art\u00edculos cient\u00edficos,<\/a>&nbsp;<a href=\"http:\/\/gabinetecomunicacionyeducacion.com\/es\/libros-y-capitulos-de-libro\" target=\"_blank\" rel=\"noreferrer noopener\">libros y cap\u00edtulos de libro<\/a>, y&nbsp;<a href=\"http:\/\/gabinetecomunicacionyeducacion.com\/es\/publicaciones\" target=\"_blank\" rel=\"noreferrer noopener\">otros trabajos<\/a>, muy amplia y variada que se renueva constantemente. Adem\u00e1s, cuenta con un laboratorio de&nbsp;<a href=\"http:\/\/gabinetecomunicacionyeducacion.com\/es\/proyectos\" target=\"_blank\" rel=\"noreferrer noopener\">proyectos<\/a>&nbsp;de&nbsp;<strong>innovaci\u00f3n docente, transferencia y nuevos formatos<\/strong>&nbsp;que se conciben y desarrollan desde una perspectiva basada en la creatividad y el trabajo multidisciplinar. El Gabinete organiza cada a\u00f1o una expedici\u00f3n acad\u00e9mica que recorre el mundo con estudiantes de diferentes universidades y carreras. Se trata de la&nbsp;<a href=\"http:\/\/www.tahina-can.org\/\" target=\"_blank\" rel=\"noreferrer noopener\">Expedici\u00f3n Tahina-Can<\/a>&nbsp;que ha sido premiada como mejor proyecto educativo de Espa\u00f1a. Adem\u00e1s, cuenta con el portal&nbsp;<a href=\"http:\/\/www.tuaventura.com\/\" target=\"_blank\" rel=\"noreferrer noopener\">Tu Aventura,<\/a>&nbsp;la&nbsp;<a href=\"http:\/\/www.infoedu.es\/\" target=\"_blank\" rel=\"noreferrer noopener\">plataforma educativa InfoEDU<\/a>&nbsp;y el proyecto de newsgames y ciencia&nbsp;<a href=\"https:\/\/reporterosdelaciencia.com\/\" target=\"_blank\" rel=\"noreferrer noopener\">Reporteros de la Ciencia<\/a>.<\/p>\n","protected":false},"excerpt":{"rendered":"<p>Viajar ha sido, desde siempre, una de las grandes escuelas de la vida. El viaje invita a salir de lo conocido, a observar otras culturas, a cuestionar nuestras certezas y a descubrir nuevas formas de comprender el mundo. En esa mezcla de aventura, curiosidad y aprendizaje, el viaje se convierte en un poderoso instrumento formativo,<\/p>\n","protected":false},"author":163,"featured_media":1438,"comment_status":"open","ping_status":"open","sticky":false,"template":"","format":"standard","meta":{"footnotes":""},"categories":[2],"tags":[78,79],"tipo":[29],"class_list":{"0":"post-1432","1":"post","2":"type-post","3":"status-publish","4":"format-standard","5":"has-post-thumbnail","7":"category-extra-educacion","8":"tag-periodismo","9":"tag-viajes","10":"tipo-analisis"},"yoast_head":"<!-- This site is optimized with the Yoast SEO plugin v27.4 - https:\/\/yoast.com\/product\/yoast-seo-wordpress\/ -->\n<title>Viajar para aprender: aventura, conocimiento y formaci\u00f3n - Extra Educaci\u00f3n<\/title>\n<meta name=\"description\" content=\"El viaje como herramienta educativa: proyectos como TuAventura y Tahina-Can combinan periodismo, aventura y aprendizaje intercultural para formar estudiantes.\" \/>\n<meta name=\"robots\" content=\"index, follow, max-snippet:-1, max-image-preview:large, max-video-preview:-1\" \/>\n<link rel=\"canonical\" href=\"https:\/\/eldiariodelaeducacion.com\/extraeducacion\/2026\/03\/12\/viajar-para-aprender-periodismo-viajes-educacion\/\" \/>\n<meta property=\"og:locale\" content=\"es_ES\" \/>\n<meta property=\"og:type\" content=\"article\" \/>\n<meta property=\"og:title\" content=\"Viajar para aprender: aventura, conocimiento y formaci\u00f3n - Extra Educaci\u00f3n\" \/>\n<meta property=\"og:description\" content=\"El viaje como herramienta educativa: proyectos como TuAventura y Tahina-Can combinan periodismo, aventura y aprendizaje intercultural para formar estudiantes.\" \/>\n<meta property=\"og:url\" content=\"https:\/\/eldiariodelaeducacion.com\/extraeducacion\/2026\/03\/12\/viajar-para-aprender-periodismo-viajes-educacion\/\" \/>\n<meta property=\"og:site_name\" content=\"Extra Educaci\u00f3n\" \/>\n<meta property=\"article:published_time\" content=\"2026-03-12T03:30:00+00:00\" \/>\n<meta property=\"article:modified_time\" content=\"2026-03-12T09:43:47+00:00\" \/>\n<meta property=\"og:image\" content=\"https:\/\/eldiariodelaeducacion.com\/extraeducacion\/wp-content\/uploads\/sites\/5\/2026\/03\/468565229_10160336466401502_2207267912064845958_n.jpg\" \/>\n\t<meta property=\"og:image:width\" content=\"875\" \/>\n\t<meta property=\"og:image:height\" content=\"354\" \/>\n\t<meta property=\"og:image:type\" content=\"image\/jpeg\" \/>\n<meta name=\"author\" content=\"Santiago Tejedor\" \/>\n<meta name=\"twitter:card\" content=\"summary_large_image\" \/>\n<meta name=\"twitter:label1\" content=\"Escrito por\" \/>\n\t<meta name=\"twitter:data1\" content=\"Santiago Tejedor\" \/>\n\t<meta name=\"twitter:label2\" content=\"Tiempo de lectura\" \/>\n\t<meta name=\"twitter:data2\" content=\"6 minutos\" \/>\n<script type=\"application\/ld+json\" class=\"yoast-schema-graph\">{\"@context\":\"https:\\\/\\\/schema.org\",\"@graph\":[{\"@type\":\"Article\",\"@id\":\"https:\\\/\\\/eldiariodelaeducacion.com\\\/extraeducacion\\\/2026\\\/03\\\/12\\\/viajar-para-aprender-periodismo-viajes-educacion\\\/#article\",\"isPartOf\":{\"@id\":\"https:\\\/\\\/eldiariodelaeducacion.com\\\/extraeducacion\\\/2026\\\/03\\\/12\\\/viajar-para-aprender-periodismo-viajes-educacion\\\/\"},\"author\":{\"name\":\"Santiago Tejedor\",\"@id\":\"https:\\\/\\\/eldiariodelaeducacion.com\\\/extraeducacion\\\/#\\\/schema\\\/person\\\/203ca7d4bd6243283b2e64e14c24129a\"},\"headline\":\"Viajar para aprender: aventura, conocimiento y formaci\u00f3n\",\"datePublished\":\"2026-03-12T03:30:00+00:00\",\"dateModified\":\"2026-03-12T09:43:47+00:00\",\"mainEntityOfPage\":{\"@id\":\"https:\\\/\\\/eldiariodelaeducacion.com\\\/extraeducacion\\\/2026\\\/03\\\/12\\\/viajar-para-aprender-periodismo-viajes-educacion\\\/\"},\"wordCount\":1162,\"commentCount\":0,\"image\":{\"@id\":\"https:\\\/\\\/eldiariodelaeducacion.com\\\/extraeducacion\\\/2026\\\/03\\\/12\\\/viajar-para-aprender-periodismo-viajes-educacion\\\/#primaryimage\"},\"thumbnailUrl\":\"https:\\\/\\\/eldiariodelaeducacion.com\\\/extraeducacion\\\/wp-content\\\/uploads\\\/sites\\\/5\\\/2026\\\/03\\\/468565229_10160336466401502_2207267912064845958_n.jpg\",\"keywords\":[\"periodismo\",\"viajes\"],\"articleSection\":[\"Extra educaci\u00f3n\"],\"inLanguage\":\"es\",\"potentialAction\":[{\"@type\":\"CommentAction\",\"name\":\"Comment\",\"target\":[\"https:\\\/\\\/eldiariodelaeducacion.com\\\/extraeducacion\\\/2026\\\/03\\\/12\\\/viajar-para-aprender-periodismo-viajes-educacion\\\/#respond\"]}]},{\"@type\":\"WebPage\",\"@id\":\"https:\\\/\\\/eldiariodelaeducacion.com\\\/extraeducacion\\\/2026\\\/03\\\/12\\\/viajar-para-aprender-periodismo-viajes-educacion\\\/\",\"url\":\"https:\\\/\\\/eldiariodelaeducacion.com\\\/extraeducacion\\\/2026\\\/03\\\/12\\\/viajar-para-aprender-periodismo-viajes-educacion\\\/\",\"name\":\"Viajar para aprender: aventura, conocimiento y formaci\u00f3n - Extra Educaci\u00f3n\",\"isPartOf\":{\"@id\":\"https:\\\/\\\/eldiariodelaeducacion.com\\\/extraeducacion\\\/#website\"},\"primaryImageOfPage\":{\"@id\":\"https:\\\/\\\/eldiariodelaeducacion.com\\\/extraeducacion\\\/2026\\\/03\\\/12\\\/viajar-para-aprender-periodismo-viajes-educacion\\\/#primaryimage\"},\"image\":{\"@id\":\"https:\\\/\\\/eldiariodelaeducacion.com\\\/extraeducacion\\\/2026\\\/03\\\/12\\\/viajar-para-aprender-periodismo-viajes-educacion\\\/#primaryimage\"},\"thumbnailUrl\":\"https:\\\/\\\/eldiariodelaeducacion.com\\\/extraeducacion\\\/wp-content\\\/uploads\\\/sites\\\/5\\\/2026\\\/03\\\/468565229_10160336466401502_2207267912064845958_n.jpg\",\"datePublished\":\"2026-03-12T03:30:00+00:00\",\"dateModified\":\"2026-03-12T09:43:47+00:00\",\"author\":{\"@id\":\"https:\\\/\\\/eldiariodelaeducacion.com\\\/extraeducacion\\\/#\\\/schema\\\/person\\\/203ca7d4bd6243283b2e64e14c24129a\"},\"description\":\"El viaje como herramienta educativa: proyectos como TuAventura y Tahina-Can combinan periodismo, aventura y aprendizaje intercultural para formar estudiantes.\",\"breadcrumb\":{\"@id\":\"https:\\\/\\\/eldiariodelaeducacion.com\\\/extraeducacion\\\/2026\\\/03\\\/12\\\/viajar-para-aprender-periodismo-viajes-educacion\\\/#breadcrumb\"},\"inLanguage\":\"es\",\"potentialAction\":[{\"@type\":\"ReadAction\",\"target\":[\"https:\\\/\\\/eldiariodelaeducacion.com\\\/extraeducacion\\\/2026\\\/03\\\/12\\\/viajar-para-aprender-periodismo-viajes-educacion\\\/\"]}]},{\"@type\":\"ImageObject\",\"inLanguage\":\"es\",\"@id\":\"https:\\\/\\\/eldiariodelaeducacion.com\\\/extraeducacion\\\/2026\\\/03\\\/12\\\/viajar-para-aprender-periodismo-viajes-educacion\\\/#primaryimage\",\"url\":\"https:\\\/\\\/eldiariodelaeducacion.com\\\/extraeducacion\\\/wp-content\\\/uploads\\\/sites\\\/5\\\/2026\\\/03\\\/468565229_10160336466401502_2207267912064845958_n.jpg\",\"contentUrl\":\"https:\\\/\\\/eldiariodelaeducacion.com\\\/extraeducacion\\\/wp-content\\\/uploads\\\/sites\\\/5\\\/2026\\\/03\\\/468565229_10160336466401502_2207267912064845958_n.jpg\",\"width\":875,\"height\":354},{\"@type\":\"BreadcrumbList\",\"@id\":\"https:\\\/\\\/eldiariodelaeducacion.com\\\/extraeducacion\\\/2026\\\/03\\\/12\\\/viajar-para-aprender-periodismo-viajes-educacion\\\/#breadcrumb\",\"itemListElement\":[{\"@type\":\"ListItem\",\"position\":1,\"name\":\"Portada\",\"item\":\"https:\\\/\\\/eldiariodelaeducacion.com\\\/extraeducacion\\\/\"},{\"@type\":\"ListItem\",\"position\":2,\"name\":\"Viajar para aprender: aventura, conocimiento y formaci\u00f3n\"}]},{\"@type\":\"WebSite\",\"@id\":\"https:\\\/\\\/eldiariodelaeducacion.com\\\/extraeducacion\\\/#website\",\"url\":\"https:\\\/\\\/eldiariodelaeducacion.com\\\/extraeducacion\\\/\",\"name\":\"Extra Educaci\u00f3n\",\"description\":\"Un blog de El Diario de la Educaci\u00f3n\",\"potentialAction\":[{\"@type\":\"SearchAction\",\"target\":{\"@type\":\"EntryPoint\",\"urlTemplate\":\"https:\\\/\\\/eldiariodelaeducacion.com\\\/extraeducacion\\\/?s={search_term_string}\"},\"query-input\":{\"@type\":\"PropertyValueSpecification\",\"valueRequired\":true,\"valueName\":\"search_term_string\"}}],\"inLanguage\":\"es\"},{\"@type\":\"Person\",\"@id\":\"https:\\\/\\\/eldiariodelaeducacion.com\\\/extraeducacion\\\/#\\\/schema\\\/person\\\/203ca7d4bd6243283b2e64e14c24129a\",\"name\":\"Santiago Tejedor\",\"image\":{\"@type\":\"ImageObject\",\"inLanguage\":\"es\",\"@id\":\"https:\\\/\\\/eldiariodelaeducacion.com\\\/extraeducacion\\\/wp-content\\\/uploads\\\/sites\\\/5\\\/2024\\\/12\\\/santiago-tejedor_avatar-96x96.png\",\"url\":\"https:\\\/\\\/eldiariodelaeducacion.com\\\/extraeducacion\\\/wp-content\\\/uploads\\\/sites\\\/5\\\/2024\\\/12\\\/santiago-tejedor_avatar-96x96.png\",\"contentUrl\":\"https:\\\/\\\/eldiariodelaeducacion.com\\\/extraeducacion\\\/wp-content\\\/uploads\\\/sites\\\/5\\\/2024\\\/12\\\/santiago-tejedor_avatar-96x96.png\",\"caption\":\"Santiago Tejedor\"},\"description\":\"Catedr\u00e1tico de Periodismo -especializado en viajes y ciberperiodismo-, investigador y periodista. Es el director del Gabinete de Comunicaci\u00f3n y Educaci\u00f3n de la Universitat Aut\u00f2noma de Barcelona\",\"url\":\"https:\\\/\\\/eldiariodelaeducacion.com\\\/extraeducacion\\\/author\\\/tejedor\\\/\"}]}<\/script>\n<!-- \/ Yoast SEO plugin. -->","yoast_head_json":{"title":"Viajar para aprender: aventura, conocimiento y formaci\u00f3n - Extra Educaci\u00f3n","description":"El viaje como herramienta educativa: proyectos como TuAventura y Tahina-Can combinan periodismo, aventura y aprendizaje intercultural para formar estudiantes.","robots":{"index":"index","follow":"follow","max-snippet":"max-snippet:-1","max-image-preview":"max-image-preview:large","max-video-preview":"max-video-preview:-1"},"canonical":"https:\/\/eldiariodelaeducacion.com\/extraeducacion\/2026\/03\/12\/viajar-para-aprender-periodismo-viajes-educacion\/","og_locale":"es_ES","og_type":"article","og_title":"Viajar para aprender: aventura, conocimiento y formaci\u00f3n - Extra Educaci\u00f3n","og_description":"El viaje como herramienta educativa: proyectos como TuAventura y Tahina-Can combinan periodismo, aventura y aprendizaje intercultural para formar estudiantes.","og_url":"https:\/\/eldiariodelaeducacion.com\/extraeducacion\/2026\/03\/12\/viajar-para-aprender-periodismo-viajes-educacion\/","og_site_name":"Extra Educaci\u00f3n","article_published_time":"2026-03-12T03:30:00+00:00","article_modified_time":"2026-03-12T09:43:47+00:00","og_image":[{"width":875,"height":354,"url":"https:\/\/eldiariodelaeducacion.com\/extraeducacion\/wp-content\/uploads\/sites\/5\/2026\/03\/468565229_10160336466401502_2207267912064845958_n.jpg","type":"image\/jpeg"}],"author":"Santiago Tejedor","twitter_card":"summary_large_image","twitter_misc":{"Escrito por":"Santiago Tejedor","Tiempo de lectura":"6 minutos"},"schema":{"@context":"https:\/\/schema.org","@graph":[{"@type":"Article","@id":"https:\/\/eldiariodelaeducacion.com\/extraeducacion\/2026\/03\/12\/viajar-para-aprender-periodismo-viajes-educacion\/#article","isPartOf":{"@id":"https:\/\/eldiariodelaeducacion.com\/extraeducacion\/2026\/03\/12\/viajar-para-aprender-periodismo-viajes-educacion\/"},"author":{"name":"Santiago Tejedor","@id":"https:\/\/eldiariodelaeducacion.com\/extraeducacion\/#\/schema\/person\/203ca7d4bd6243283b2e64e14c24129a"},"headline":"Viajar para aprender: aventura, conocimiento y formaci\u00f3n","datePublished":"2026-03-12T03:30:00+00:00","dateModified":"2026-03-12T09:43:47+00:00","mainEntityOfPage":{"@id":"https:\/\/eldiariodelaeducacion.com\/extraeducacion\/2026\/03\/12\/viajar-para-aprender-periodismo-viajes-educacion\/"},"wordCount":1162,"commentCount":0,"image":{"@id":"https:\/\/eldiariodelaeducacion.com\/extraeducacion\/2026\/03\/12\/viajar-para-aprender-periodismo-viajes-educacion\/#primaryimage"},"thumbnailUrl":"https:\/\/eldiariodelaeducacion.com\/extraeducacion\/wp-content\/uploads\/sites\/5\/2026\/03\/468565229_10160336466401502_2207267912064845958_n.jpg","keywords":["periodismo","viajes"],"articleSection":["Extra educaci\u00f3n"],"inLanguage":"es","potentialAction":[{"@type":"CommentAction","name":"Comment","target":["https:\/\/eldiariodelaeducacion.com\/extraeducacion\/2026\/03\/12\/viajar-para-aprender-periodismo-viajes-educacion\/#respond"]}]},{"@type":"WebPage","@id":"https:\/\/eldiariodelaeducacion.com\/extraeducacion\/2026\/03\/12\/viajar-para-aprender-periodismo-viajes-educacion\/","url":"https:\/\/eldiariodelaeducacion.com\/extraeducacion\/2026\/03\/12\/viajar-para-aprender-periodismo-viajes-educacion\/","name":"Viajar para aprender: aventura, conocimiento y formaci\u00f3n - Extra Educaci\u00f3n","isPartOf":{"@id":"https:\/\/eldiariodelaeducacion.com\/extraeducacion\/#website"},"primaryImageOfPage":{"@id":"https:\/\/eldiariodelaeducacion.com\/extraeducacion\/2026\/03\/12\/viajar-para-aprender-periodismo-viajes-educacion\/#primaryimage"},"image":{"@id":"https:\/\/eldiariodelaeducacion.com\/extraeducacion\/2026\/03\/12\/viajar-para-aprender-periodismo-viajes-educacion\/#primaryimage"},"thumbnailUrl":"https:\/\/eldiariodelaeducacion.com\/extraeducacion\/wp-content\/uploads\/sites\/5\/2026\/03\/468565229_10160336466401502_2207267912064845958_n.jpg","datePublished":"2026-03-12T03:30:00+00:00","dateModified":"2026-03-12T09:43:47+00:00","author":{"@id":"https:\/\/eldiariodelaeducacion.com\/extraeducacion\/#\/schema\/person\/203ca7d4bd6243283b2e64e14c24129a"},"description":"El viaje como herramienta educativa: proyectos como TuAventura y Tahina-Can combinan periodismo, aventura y aprendizaje intercultural para formar estudiantes.","breadcrumb":{"@id":"https:\/\/eldiariodelaeducacion.com\/extraeducacion\/2026\/03\/12\/viajar-para-aprender-periodismo-viajes-educacion\/#breadcrumb"},"inLanguage":"es","potentialAction":[{"@type":"ReadAction","target":["https:\/\/eldiariodelaeducacion.com\/extraeducacion\/2026\/03\/12\/viajar-para-aprender-periodismo-viajes-educacion\/"]}]},{"@type":"ImageObject","inLanguage":"es","@id":"https:\/\/eldiariodelaeducacion.com\/extraeducacion\/2026\/03\/12\/viajar-para-aprender-periodismo-viajes-educacion\/#primaryimage","url":"https:\/\/eldiariodelaeducacion.com\/extraeducacion\/wp-content\/uploads\/sites\/5\/2026\/03\/468565229_10160336466401502_2207267912064845958_n.jpg","contentUrl":"https:\/\/eldiariodelaeducacion.com\/extraeducacion\/wp-content\/uploads\/sites\/5\/2026\/03\/468565229_10160336466401502_2207267912064845958_n.jpg","width":875,"height":354},{"@type":"BreadcrumbList","@id":"https:\/\/eldiariodelaeducacion.com\/extraeducacion\/2026\/03\/12\/viajar-para-aprender-periodismo-viajes-educacion\/#breadcrumb","itemListElement":[{"@type":"ListItem","position":1,"name":"Portada","item":"https:\/\/eldiariodelaeducacion.com\/extraeducacion\/"},{"@type":"ListItem","position":2,"name":"Viajar para aprender: aventura, conocimiento y formaci\u00f3n"}]},{"@type":"WebSite","@id":"https:\/\/eldiariodelaeducacion.com\/extraeducacion\/#website","url":"https:\/\/eldiariodelaeducacion.com\/extraeducacion\/","name":"Extra Educaci\u00f3n","description":"Un blog de El Diario de la Educaci\u00f3n","potentialAction":[{"@type":"SearchAction","target":{"@type":"EntryPoint","urlTemplate":"https:\/\/eldiariodelaeducacion.com\/extraeducacion\/?s={search_term_string}"},"query-input":{"@type":"PropertyValueSpecification","valueRequired":true,"valueName":"search_term_string"}}],"inLanguage":"es"},{"@type":"Person","@id":"https:\/\/eldiariodelaeducacion.com\/extraeducacion\/#\/schema\/person\/203ca7d4bd6243283b2e64e14c24129a","name":"Santiago Tejedor","image":{"@type":"ImageObject","inLanguage":"es","@id":"https:\/\/eldiariodelaeducacion.com\/extraeducacion\/wp-content\/uploads\/sites\/5\/2024\/12\/santiago-tejedor_avatar-96x96.png","url":"https:\/\/eldiariodelaeducacion.com\/extraeducacion\/wp-content\/uploads\/sites\/5\/2024\/12\/santiago-tejedor_avatar-96x96.png","contentUrl":"https:\/\/eldiariodelaeducacion.com\/extraeducacion\/wp-content\/uploads\/sites\/5\/2024\/12\/santiago-tejedor_avatar-96x96.png","caption":"Santiago Tejedor"},"description":"Catedr\u00e1tico de Periodismo -especializado en viajes y ciberperiodismo-, investigador y periodista. Es el director del Gabinete de Comunicaci\u00f3n y Educaci\u00f3n de la Universitat Aut\u00f2noma de Barcelona","url":"https:\/\/eldiariodelaeducacion.com\/extraeducacion\/author\/tejedor\/"}]}},"_links":{"self":[{"href":"https:\/\/eldiariodelaeducacion.com\/extraeducacion\/wp-json\/wp\/v2\/posts\/1432","targetHints":{"allow":["GET"]}}],"collection":[{"href":"https:\/\/eldiariodelaeducacion.com\/extraeducacion\/wp-json\/wp\/v2\/posts"}],"about":[{"href":"https:\/\/eldiariodelaeducacion.com\/extraeducacion\/wp-json\/wp\/v2\/types\/post"}],"author":[{"embeddable":true,"href":"https:\/\/eldiariodelaeducacion.com\/extraeducacion\/wp-json\/wp\/v2\/users\/163"}],"replies":[{"embeddable":true,"href":"https:\/\/eldiariodelaeducacion.com\/extraeducacion\/wp-json\/wp\/v2\/comments?post=1432"}],"version-history":[{"count":2,"href":"https:\/\/eldiariodelaeducacion.com\/extraeducacion\/wp-json\/wp\/v2\/posts\/1432\/revisions"}],"predecessor-version":[{"id":1437,"href":"https:\/\/eldiariodelaeducacion.com\/extraeducacion\/wp-json\/wp\/v2\/posts\/1432\/revisions\/1437"}],"wp:featuredmedia":[{"embeddable":true,"href":"https:\/\/eldiariodelaeducacion.com\/extraeducacion\/wp-json\/wp\/v2\/media\/1438"}],"wp:attachment":[{"href":"https:\/\/eldiariodelaeducacion.com\/extraeducacion\/wp-json\/wp\/v2\/media?parent=1432"}],"wp:term":[{"taxonomy":"category","embeddable":true,"href":"https:\/\/eldiariodelaeducacion.com\/extraeducacion\/wp-json\/wp\/v2\/categories?post=1432"},{"taxonomy":"post_tag","embeddable":true,"href":"https:\/\/eldiariodelaeducacion.com\/extraeducacion\/wp-json\/wp\/v2\/tags?post=1432"},{"taxonomy":"tipo","embeddable":true,"href":"https:\/\/eldiariodelaeducacion.com\/extraeducacion\/wp-json\/wp\/v2\/tipo?post=1432"}],"curies":[{"name":"wp","href":"https:\/\/api.w.org\/{rel}","templated":true}]}}