{"id":261,"date":"2021-04-06T07:00:14","date_gmt":"2021-04-06T06:00:14","guid":{"rendered":"https:\/\/eldiariodelaeducacion.com\/extraeducacion\/?p=261"},"modified":"2024-07-29T10:14:51","modified_gmt":"2024-07-29T08:14:51","slug":"los-ods-a-traves-del-aps-santillana-presenta-un-nuevo-recurso-para-que-el-alumnado-mejore-el-mundo","status":"publish","type":"post","link":"https:\/\/eldiariodelaeducacion.com\/extraeducacion\/2021\/04\/06\/los-ods-a-traves-del-aps-santillana-presenta-un-nuevo-recurso-para-que-el-alumnado-mejore-el-mundo\/","title":{"rendered":"Los ODS a trav\u00e9s del ApS: Santillana presenta un nuevo recurso para que el alumnado mejore el mundo"},"content":{"rendered":"<p>Desde todas las esferas de la sociedad cada d\u00eda est\u00e1 m\u00e1s presente la <strong>Agenda 2030<\/strong>, as\u00ed como el esfuerzo que todo el conjunto de la ciudadan\u00eda debe hacer para alcanzar los Objetivos de Desarrollo Sostenible (ODS) marcados en dicha agenda. Sin lugar a dudas, la educaci\u00f3n es un espacio esencial donde abordar esta cuesti\u00f3n, ya que los estudiantes de hoy ser\u00e1n los hombres y mujeres del ma\u00f1ana de cuya responsabilidad depender\u00e1 que nuestro planeta siga siendo sostenible.<\/p>\n<p>La editorial Santillana da un paso al frente para <strong>llevar la Agenda 2030 a las aulas<\/strong> y lanza <strong>ECOS<\/strong>, un conjunto de proyectos de aprendizaje-servicio (ApS) dirigidos a los estudiantes de secundaria encaminados a la consecuci\u00f3n de los ODS. ECOS propone un plan de acci\u00f3n con el prop\u00f3sito de construir un mundo mejor desde el \u00e1mbito escolar.<\/p>\n<p>El <strong>aprendizaje-servicio (ApS)<\/strong> es una metodolog\u00eda activa y participativa con la que se puede abordar los ODS de un modo funcional, sencillo y cercano a la realidad docente. Permite unir el compromiso social con el aprendizaje eficaz de conocimientos, habilidades, actitudes y valores: aprender a ser competentes siendo \u00fatiles a los dem\u00e1s. Adem\u00e1s, el ApS favorece que nuestras alumnas y alumnos se conviertan en verdaderos agentes del cambio y les hace conscientes de su responsabilidad como parte de una ciudadan\u00eda global. Mientras, el profesorado asume nuevos roles dentro del aula liderando el proceso de cambio.<\/p>\n<p>ECOS llega al mercado con cuatro t\u00edtulos que trabajan cada uno un ODS distinto: <strong>Acci\u00f3n por el clima (ODS 13), Vida submarina (ODS 14), Salud y bienestar (ODS 3) e Igualdad de g\u00e9nero (ODS 5)<\/strong>. ECOS no ofrece respuestas, sino que lanza retos para movilizar al estudiante a encontrar las soluciones. Este proceso implica el desarrollo de un pensamiento cr\u00edtico, flexible y creativo y permite aprendizajes curriculares interdisciplinares, involucrando, si as\u00ed lo desea el docente, a multitud de departamentos en el desarrollo de cada proyecto.<\/p>\n<p>El desarrollo de estos proyectos de ApS favorece, adem\u00e1s, el buen ambiente del centro a partir de la realizaci\u00f3n de experiencias escolares reales, que promueven la cooperaci\u00f3n entre estudiantes, profesorado, familias y comunidad, en aras de un proyecto com\u00fan.<\/p>\n<p><img fetchpriority=\"high\" decoding=\"async\" class=\"alignnone wp-image-262\" src=\"https:\/\/eldiariodelaeducacion.com\/extraeducacion\/wp-content\/uploads\/sites\/24\/2021\/04\/cabecera-300x125.jpg\" alt=\"\" width=\"821\" height=\"342\" srcset=\"https:\/\/eldiariodelaeducacion.com\/extraeducacion\/wp-content\/uploads\/sites\/5\/2021\/04\/cabecera-300x125.jpg 300w, https:\/\/eldiariodelaeducacion.com\/extraeducacion\/wp-content\/uploads\/sites\/5\/2021\/04\/cabecera-1024x427.jpg 1024w, https:\/\/eldiariodelaeducacion.com\/extraeducacion\/wp-content\/uploads\/sites\/5\/2021\/04\/cabecera-768x320.jpg 768w, https:\/\/eldiariodelaeducacion.com\/extraeducacion\/wp-content\/uploads\/sites\/5\/2021\/04\/cabecera.jpg 1200w\" sizes=\"(max-width: 821px) 100vw, 821px\" \/><\/p>\n<p>Para hacer realidad cada uno de estos proyectos de ECOS Santillana ofrece tres herramientas de trabajo fundamentales: un cuaderno de acci\u00f3n para el alumnado, un porfolio docente y un portal web colaborativo para ambos.<\/p>\n<p>En el <strong>cuaderno de acci\u00f3n<\/strong> (de car\u00e1cter fungible) el alumnado plasmar\u00e1 su plan de acci\u00f3n: recoger\u00e1 sus evidencias de aprendizaje, los resultados de sus investigaciones, debates, etc., y podr\u00e1 evaluar cada tarea y actividad.<\/p>\n<p>En el <strong>porfolio docente<\/strong> el profesorado encontrar\u00e1:<\/p>\n<ul>\n<li>Un manual de aprendizaje-servicio y su relaci\u00f3n con los ODS y las habilidades para la vida (HpV).<\/li>\n<li>Sugerencias did\u00e1cticas de las tareas (secuencias did\u00e1cticas, temporizaci\u00f3n, objetivos de etapa curriculares, relaci\u00f3n con las asignaturas, etc.).<\/li>\n<li>Herramientas de evaluaci\u00f3n.<\/li>\n<\/ul>\n<p>El <strong>portal web<\/strong> se convierte en un lugar de encuentro entre el profesorado y los estudiantes. En \u00e9l podr\u00e1n localizar recursos multimedia y contar con un espacio para la creaci\u00f3n y publicaci\u00f3n de contenidos y el intercambio de trabajos y experiencias.<\/p>\n<p>Alcanzar los objetivos marcados en la agenda 2030 no solo es posible: es de obligado cumplimiento, de ah\u00ed que el trabajo en las aulas se haga fundamental para generar el cambio que convierta nuestro planeta en el mundo que queremos.<\/p>\n<p>Se puede acceder a las muestras de los materiales de este proyecto en la web de la editorial <a href=\"http:\/\/www.santillana.es\/ecos\">www.santillana.es\/ecos<\/a><\/p>\n","protected":false},"excerpt":{"rendered":"<p>Desde todas las esferas de la sociedad cada d\u00eda est\u00e1 m\u00e1s presente la Agenda 2030, as\u00ed como el esfuerzo que todo el conjunto de la ciudadan\u00eda debe hacer para alcanzar los Objetivos de Desarrollo Sostenible (ODS) marcados en dicha agenda. Sin lugar a dudas, la educaci\u00f3n es un espacio esencial donde abordar esta cuesti\u00f3n, ya<\/p>\n","protected":false},"author":150,"featured_media":263,"comment_status":"open","ping_status":"open","sticky":false,"template":"","format":"standard","meta":{"footnotes":""},"categories":[2],"tags":[],"tipo":[30],"class_list":{"0":"post-261","1":"post","2":"type-post","3":"status-publish","4":"format-standard","5":"has-post-thumbnail","7":"category-extra-educacion","8":"tipo-actualidad"},"yoast_head":"<!-- This site is optimized with the Yoast SEO plugin v27.5 - https:\/\/yoast.com\/product\/yoast-seo-wordpress\/ -->\n<title>Los ODS a trav\u00e9s del ApS: Santillana presenta un nuevo recurso para que el alumnado mejore el mundo - Extra Educaci\u00f3n<\/title>\n<meta name=\"robots\" content=\"index, follow, max-snippet:-1, max-image-preview:large, max-video-preview:-1\" \/>\n<link rel=\"canonical\" href=\"https:\/\/eldiariodelaeducacion.com\/extraeducacion\/2021\/04\/06\/los-ods-a-traves-del-aps-santillana-presenta-un-nuevo-recurso-para-que-el-alumnado-mejore-el-mundo\/\" \/>\n<meta property=\"og:locale\" content=\"es_ES\" \/>\n<meta property=\"og:type\" content=\"article\" \/>\n<meta property=\"og:title\" content=\"Los ODS a trav\u00e9s del ApS: Santillana presenta un nuevo recurso para que el alumnado mejore el mundo - Extra Educaci\u00f3n\" \/>\n<meta property=\"og:description\" content=\"Desde todas las esferas de la sociedad cada d\u00eda est\u00e1 m\u00e1s presente la Agenda 2030, as\u00ed como el esfuerzo que todo el conjunto de la ciudadan\u00eda debe hacer para alcanzar los Objetivos de Desarrollo Sostenible (ODS) marcados en dicha agenda. Sin lugar a dudas, la educaci\u00f3n es un espacio esencial donde abordar esta cuesti\u00f3n, ya\" \/>\n<meta property=\"og:url\" content=\"https:\/\/eldiariodelaeducacion.com\/extraeducacion\/2021\/04\/06\/los-ods-a-traves-del-aps-santillana-presenta-un-nuevo-recurso-para-que-el-alumnado-mejore-el-mundo\/\" \/>\n<meta property=\"og:site_name\" content=\"Extra Educaci\u00f3n\" \/>\n<meta property=\"article:published_time\" content=\"2021-04-06T06:00:14+00:00\" \/>\n<meta property=\"article:modified_time\" content=\"2024-07-29T08:14:51+00:00\" \/>\n<meta property=\"og:image\" content=\"https:\/\/eldiariodelaeducacion.com\/extraeducacion\/wp-content\/uploads\/sites\/5\/2021\/04\/cubiertas_ecos_cast.jpg\" \/>\n\t<meta property=\"og:image:width\" content=\"1200\" \/>\n\t<meta property=\"og:image:height\" content=\"500\" \/>\n\t<meta property=\"og:image:type\" content=\"image\/jpeg\" \/>\n<meta name=\"author\" content=\"Redacci\u00f3n\" \/>\n<meta name=\"twitter:card\" content=\"summary_large_image\" \/>\n<meta name=\"twitter:label1\" content=\"Escrito por\" \/>\n\t<meta name=\"twitter:data1\" content=\"Redacci\u00f3n\" \/>\n\t<meta name=\"twitter:label2\" content=\"Tiempo de lectura\" \/>\n\t<meta name=\"twitter:data2\" content=\"3 minutos\" \/>\n<script type=\"application\/ld+json\" class=\"yoast-schema-graph\">{\"@context\":\"https:\\\/\\\/schema.org\",\"@graph\":[{\"@type\":\"Article\",\"@id\":\"https:\\\/\\\/eldiariodelaeducacion.com\\\/extraeducacion\\\/2021\\\/04\\\/06\\\/los-ods-a-traves-del-aps-santillana-presenta-un-nuevo-recurso-para-que-el-alumnado-mejore-el-mundo\\\/#article\",\"isPartOf\":{\"@id\":\"https:\\\/\\\/eldiariodelaeducacion.com\\\/extraeducacion\\\/2021\\\/04\\\/06\\\/los-ods-a-traves-del-aps-santillana-presenta-un-nuevo-recurso-para-que-el-alumnado-mejore-el-mundo\\\/\"},\"author\":{\"name\":\"Redacci\u00f3n\",\"@id\":\"https:\\\/\\\/eldiariodelaeducacion.com\\\/extraeducacion\\\/#\\\/schema\\\/person\\\/5228007cb64f7ca80adbd750a941d59c\"},\"headline\":\"Los ODS a trav\u00e9s del ApS: Santillana presenta un nuevo recurso para que el alumnado mejore el mundo\",\"datePublished\":\"2021-04-06T06:00:14+00:00\",\"dateModified\":\"2024-07-29T08:14:51+00:00\",\"mainEntityOfPage\":{\"@id\":\"https:\\\/\\\/eldiariodelaeducacion.com\\\/extraeducacion\\\/2021\\\/04\\\/06\\\/los-ods-a-traves-del-aps-santillana-presenta-un-nuevo-recurso-para-que-el-alumnado-mejore-el-mundo\\\/\"},\"wordCount\":615,\"commentCount\":3,\"image\":{\"@id\":\"https:\\\/\\\/eldiariodelaeducacion.com\\\/extraeducacion\\\/2021\\\/04\\\/06\\\/los-ods-a-traves-del-aps-santillana-presenta-un-nuevo-recurso-para-que-el-alumnado-mejore-el-mundo\\\/#primaryimage\"},\"thumbnailUrl\":\"https:\\\/\\\/eldiariodelaeducacion.com\\\/extraeducacion\\\/wp-content\\\/uploads\\\/sites\\\/5\\\/2021\\\/04\\\/cubiertas_ecos_cast.jpg\",\"articleSection\":[\"Extra educaci\u00f3n\"],\"inLanguage\":\"es\",\"potentialAction\":[{\"@type\":\"CommentAction\",\"name\":\"Comment\",\"target\":[\"https:\\\/\\\/eldiariodelaeducacion.com\\\/extraeducacion\\\/2021\\\/04\\\/06\\\/los-ods-a-traves-del-aps-santillana-presenta-un-nuevo-recurso-para-que-el-alumnado-mejore-el-mundo\\\/#respond\"]}]},{\"@type\":\"WebPage\",\"@id\":\"https:\\\/\\\/eldiariodelaeducacion.com\\\/extraeducacion\\\/2021\\\/04\\\/06\\\/los-ods-a-traves-del-aps-santillana-presenta-un-nuevo-recurso-para-que-el-alumnado-mejore-el-mundo\\\/\",\"url\":\"https:\\\/\\\/eldiariodelaeducacion.com\\\/extraeducacion\\\/2021\\\/04\\\/06\\\/los-ods-a-traves-del-aps-santillana-presenta-un-nuevo-recurso-para-que-el-alumnado-mejore-el-mundo\\\/\",\"name\":\"Los ODS a trav\u00e9s del ApS: Santillana presenta un nuevo recurso para que el alumnado mejore el mundo - Extra Educaci\u00f3n\",\"isPartOf\":{\"@id\":\"https:\\\/\\\/eldiariodelaeducacion.com\\\/extraeducacion\\\/#website\"},\"primaryImageOfPage\":{\"@id\":\"https:\\\/\\\/eldiariodelaeducacion.com\\\/extraeducacion\\\/2021\\\/04\\\/06\\\/los-ods-a-traves-del-aps-santillana-presenta-un-nuevo-recurso-para-que-el-alumnado-mejore-el-mundo\\\/#primaryimage\"},\"image\":{\"@id\":\"https:\\\/\\\/eldiariodelaeducacion.com\\\/extraeducacion\\\/2021\\\/04\\\/06\\\/los-ods-a-traves-del-aps-santillana-presenta-un-nuevo-recurso-para-que-el-alumnado-mejore-el-mundo\\\/#primaryimage\"},\"thumbnailUrl\":\"https:\\\/\\\/eldiariodelaeducacion.com\\\/extraeducacion\\\/wp-content\\\/uploads\\\/sites\\\/5\\\/2021\\\/04\\\/cubiertas_ecos_cast.jpg\",\"datePublished\":\"2021-04-06T06:00:14+00:00\",\"dateModified\":\"2024-07-29T08:14:51+00:00\",\"author\":{\"@id\":\"https:\\\/\\\/eldiariodelaeducacion.com\\\/extraeducacion\\\/#\\\/schema\\\/person\\\/5228007cb64f7ca80adbd750a941d59c\"},\"breadcrumb\":{\"@id\":\"https:\\\/\\\/eldiariodelaeducacion.com\\\/extraeducacion\\\/2021\\\/04\\\/06\\\/los-ods-a-traves-del-aps-santillana-presenta-un-nuevo-recurso-para-que-el-alumnado-mejore-el-mundo\\\/#breadcrumb\"},\"inLanguage\":\"es\",\"potentialAction\":[{\"@type\":\"ReadAction\",\"target\":[\"https:\\\/\\\/eldiariodelaeducacion.com\\\/extraeducacion\\\/2021\\\/04\\\/06\\\/los-ods-a-traves-del-aps-santillana-presenta-un-nuevo-recurso-para-que-el-alumnado-mejore-el-mundo\\\/\"]}]},{\"@type\":\"ImageObject\",\"inLanguage\":\"es\",\"@id\":\"https:\\\/\\\/eldiariodelaeducacion.com\\\/extraeducacion\\\/2021\\\/04\\\/06\\\/los-ods-a-traves-del-aps-santillana-presenta-un-nuevo-recurso-para-que-el-alumnado-mejore-el-mundo\\\/#primaryimage\",\"url\":\"https:\\\/\\\/eldiariodelaeducacion.com\\\/extraeducacion\\\/wp-content\\\/uploads\\\/sites\\\/5\\\/2021\\\/04\\\/cubiertas_ecos_cast.jpg\",\"contentUrl\":\"https:\\\/\\\/eldiariodelaeducacion.com\\\/extraeducacion\\\/wp-content\\\/uploads\\\/sites\\\/5\\\/2021\\\/04\\\/cubiertas_ecos_cast.jpg\",\"width\":1200,\"height\":500},{\"@type\":\"BreadcrumbList\",\"@id\":\"https:\\\/\\\/eldiariodelaeducacion.com\\\/extraeducacion\\\/2021\\\/04\\\/06\\\/los-ods-a-traves-del-aps-santillana-presenta-un-nuevo-recurso-para-que-el-alumnado-mejore-el-mundo\\\/#breadcrumb\",\"itemListElement\":[{\"@type\":\"ListItem\",\"position\":1,\"name\":\"Portada\",\"item\":\"https:\\\/\\\/eldiariodelaeducacion.com\\\/extraeducacion\\\/\"},{\"@type\":\"ListItem\",\"position\":2,\"name\":\"Los ODS a trav\u00e9s del ApS: Santillana presenta un nuevo recurso para que el alumnado mejore el mundo\"}]},{\"@type\":\"WebSite\",\"@id\":\"https:\\\/\\\/eldiariodelaeducacion.com\\\/extraeducacion\\\/#website\",\"url\":\"https:\\\/\\\/eldiariodelaeducacion.com\\\/extraeducacion\\\/\",\"name\":\"Extra Educaci\u00f3n\",\"description\":\"Un blog de El Diario de la Educaci\u00f3n\",\"potentialAction\":[{\"@type\":\"SearchAction\",\"target\":{\"@type\":\"EntryPoint\",\"urlTemplate\":\"https:\\\/\\\/eldiariodelaeducacion.com\\\/extraeducacion\\\/?s={search_term_string}\"},\"query-input\":{\"@type\":\"PropertyValueSpecification\",\"valueRequired\":true,\"valueName\":\"search_term_string\"}}],\"inLanguage\":\"es\"},{\"@type\":\"Person\",\"@id\":\"https:\\\/\\\/eldiariodelaeducacion.com\\\/extraeducacion\\\/#\\\/schema\\\/person\\\/5228007cb64f7ca80adbd750a941d59c\",\"name\":\"Redacci\u00f3n\",\"image\":{\"@type\":\"ImageObject\",\"inLanguage\":\"es\",\"@id\":\"https:\\\/\\\/eldiariodelaeducacion.com\\\/wp-content\\\/uploads\\\/2024\\\/10\\\/redaccion_avatar-96x96.png\",\"url\":\"https:\\\/\\\/eldiariodelaeducacion.com\\\/wp-content\\\/uploads\\\/2024\\\/10\\\/redaccion_avatar-96x96.png\",\"contentUrl\":\"https:\\\/\\\/eldiariodelaeducacion.com\\\/wp-content\\\/uploads\\\/2024\\\/10\\\/redaccion_avatar-96x96.png\",\"caption\":\"Redacci\u00f3n\"},\"url\":\"https:\\\/\\\/eldiariodelaeducacion.com\\\/extraeducacion\\\/author\\\/redaccion\\\/\"}]}<\/script>\n<!-- \/ Yoast SEO plugin. -->","yoast_head_json":{"title":"Los ODS a trav\u00e9s del ApS: Santillana presenta un nuevo recurso para que el alumnado mejore el mundo - Extra Educaci\u00f3n","robots":{"index":"index","follow":"follow","max-snippet":"max-snippet:-1","max-image-preview":"max-image-preview:large","max-video-preview":"max-video-preview:-1"},"canonical":"https:\/\/eldiariodelaeducacion.com\/extraeducacion\/2021\/04\/06\/los-ods-a-traves-del-aps-santillana-presenta-un-nuevo-recurso-para-que-el-alumnado-mejore-el-mundo\/","og_locale":"es_ES","og_type":"article","og_title":"Los ODS a trav\u00e9s del ApS: Santillana presenta un nuevo recurso para que el alumnado mejore el mundo - Extra Educaci\u00f3n","og_description":"Desde todas las esferas de la sociedad cada d\u00eda est\u00e1 m\u00e1s presente la Agenda 2030, as\u00ed como el esfuerzo que todo el conjunto de la ciudadan\u00eda debe hacer para alcanzar los Objetivos de Desarrollo Sostenible (ODS) marcados en dicha agenda. Sin lugar a dudas, la educaci\u00f3n es un espacio esencial donde abordar esta cuesti\u00f3n, ya","og_url":"https:\/\/eldiariodelaeducacion.com\/extraeducacion\/2021\/04\/06\/los-ods-a-traves-del-aps-santillana-presenta-un-nuevo-recurso-para-que-el-alumnado-mejore-el-mundo\/","og_site_name":"Extra Educaci\u00f3n","article_published_time":"2021-04-06T06:00:14+00:00","article_modified_time":"2024-07-29T08:14:51+00:00","og_image":[{"width":1200,"height":500,"url":"https:\/\/eldiariodelaeducacion.com\/extraeducacion\/wp-content\/uploads\/sites\/5\/2021\/04\/cubiertas_ecos_cast.jpg","type":"image\/jpeg"}],"author":"Redacci\u00f3n","twitter_card":"summary_large_image","twitter_misc":{"Escrito por":"Redacci\u00f3n","Tiempo de lectura":"3 minutos"},"schema":{"@context":"https:\/\/schema.org","@graph":[{"@type":"Article","@id":"https:\/\/eldiariodelaeducacion.com\/extraeducacion\/2021\/04\/06\/los-ods-a-traves-del-aps-santillana-presenta-un-nuevo-recurso-para-que-el-alumnado-mejore-el-mundo\/#article","isPartOf":{"@id":"https:\/\/eldiariodelaeducacion.com\/extraeducacion\/2021\/04\/06\/los-ods-a-traves-del-aps-santillana-presenta-un-nuevo-recurso-para-que-el-alumnado-mejore-el-mundo\/"},"author":{"name":"Redacci\u00f3n","@id":"https:\/\/eldiariodelaeducacion.com\/extraeducacion\/#\/schema\/person\/5228007cb64f7ca80adbd750a941d59c"},"headline":"Los ODS a trav\u00e9s del ApS: Santillana presenta un nuevo recurso para que el alumnado mejore el mundo","datePublished":"2021-04-06T06:00:14+00:00","dateModified":"2024-07-29T08:14:51+00:00","mainEntityOfPage":{"@id":"https:\/\/eldiariodelaeducacion.com\/extraeducacion\/2021\/04\/06\/los-ods-a-traves-del-aps-santillana-presenta-un-nuevo-recurso-para-que-el-alumnado-mejore-el-mundo\/"},"wordCount":615,"commentCount":3,"image":{"@id":"https:\/\/eldiariodelaeducacion.com\/extraeducacion\/2021\/04\/06\/los-ods-a-traves-del-aps-santillana-presenta-un-nuevo-recurso-para-que-el-alumnado-mejore-el-mundo\/#primaryimage"},"thumbnailUrl":"https:\/\/eldiariodelaeducacion.com\/extraeducacion\/wp-content\/uploads\/sites\/5\/2021\/04\/cubiertas_ecos_cast.jpg","articleSection":["Extra educaci\u00f3n"],"inLanguage":"es","potentialAction":[{"@type":"CommentAction","name":"Comment","target":["https:\/\/eldiariodelaeducacion.com\/extraeducacion\/2021\/04\/06\/los-ods-a-traves-del-aps-santillana-presenta-un-nuevo-recurso-para-que-el-alumnado-mejore-el-mundo\/#respond"]}]},{"@type":"WebPage","@id":"https:\/\/eldiariodelaeducacion.com\/extraeducacion\/2021\/04\/06\/los-ods-a-traves-del-aps-santillana-presenta-un-nuevo-recurso-para-que-el-alumnado-mejore-el-mundo\/","url":"https:\/\/eldiariodelaeducacion.com\/extraeducacion\/2021\/04\/06\/los-ods-a-traves-del-aps-santillana-presenta-un-nuevo-recurso-para-que-el-alumnado-mejore-el-mundo\/","name":"Los ODS a trav\u00e9s del ApS: Santillana presenta un nuevo recurso para que el alumnado mejore el mundo - Extra Educaci\u00f3n","isPartOf":{"@id":"https:\/\/eldiariodelaeducacion.com\/extraeducacion\/#website"},"primaryImageOfPage":{"@id":"https:\/\/eldiariodelaeducacion.com\/extraeducacion\/2021\/04\/06\/los-ods-a-traves-del-aps-santillana-presenta-un-nuevo-recurso-para-que-el-alumnado-mejore-el-mundo\/#primaryimage"},"image":{"@id":"https:\/\/eldiariodelaeducacion.com\/extraeducacion\/2021\/04\/06\/los-ods-a-traves-del-aps-santillana-presenta-un-nuevo-recurso-para-que-el-alumnado-mejore-el-mundo\/#primaryimage"},"thumbnailUrl":"https:\/\/eldiariodelaeducacion.com\/extraeducacion\/wp-content\/uploads\/sites\/5\/2021\/04\/cubiertas_ecos_cast.jpg","datePublished":"2021-04-06T06:00:14+00:00","dateModified":"2024-07-29T08:14:51+00:00","author":{"@id":"https:\/\/eldiariodelaeducacion.com\/extraeducacion\/#\/schema\/person\/5228007cb64f7ca80adbd750a941d59c"},"breadcrumb":{"@id":"https:\/\/eldiariodelaeducacion.com\/extraeducacion\/2021\/04\/06\/los-ods-a-traves-del-aps-santillana-presenta-un-nuevo-recurso-para-que-el-alumnado-mejore-el-mundo\/#breadcrumb"},"inLanguage":"es","potentialAction":[{"@type":"ReadAction","target":["https:\/\/eldiariodelaeducacion.com\/extraeducacion\/2021\/04\/06\/los-ods-a-traves-del-aps-santillana-presenta-un-nuevo-recurso-para-que-el-alumnado-mejore-el-mundo\/"]}]},{"@type":"ImageObject","inLanguage":"es","@id":"https:\/\/eldiariodelaeducacion.com\/extraeducacion\/2021\/04\/06\/los-ods-a-traves-del-aps-santillana-presenta-un-nuevo-recurso-para-que-el-alumnado-mejore-el-mundo\/#primaryimage","url":"https:\/\/eldiariodelaeducacion.com\/extraeducacion\/wp-content\/uploads\/sites\/5\/2021\/04\/cubiertas_ecos_cast.jpg","contentUrl":"https:\/\/eldiariodelaeducacion.com\/extraeducacion\/wp-content\/uploads\/sites\/5\/2021\/04\/cubiertas_ecos_cast.jpg","width":1200,"height":500},{"@type":"BreadcrumbList","@id":"https:\/\/eldiariodelaeducacion.com\/extraeducacion\/2021\/04\/06\/los-ods-a-traves-del-aps-santillana-presenta-un-nuevo-recurso-para-que-el-alumnado-mejore-el-mundo\/#breadcrumb","itemListElement":[{"@type":"ListItem","position":1,"name":"Portada","item":"https:\/\/eldiariodelaeducacion.com\/extraeducacion\/"},{"@type":"ListItem","position":2,"name":"Los ODS a trav\u00e9s del ApS: Santillana presenta un nuevo recurso para que el alumnado mejore el mundo"}]},{"@type":"WebSite","@id":"https:\/\/eldiariodelaeducacion.com\/extraeducacion\/#website","url":"https:\/\/eldiariodelaeducacion.com\/extraeducacion\/","name":"Extra Educaci\u00f3n","description":"Un blog de El Diario de la Educaci\u00f3n","potentialAction":[{"@type":"SearchAction","target":{"@type":"EntryPoint","urlTemplate":"https:\/\/eldiariodelaeducacion.com\/extraeducacion\/?s={search_term_string}"},"query-input":{"@type":"PropertyValueSpecification","valueRequired":true,"valueName":"search_term_string"}}],"inLanguage":"es"},{"@type":"Person","@id":"https:\/\/eldiariodelaeducacion.com\/extraeducacion\/#\/schema\/person\/5228007cb64f7ca80adbd750a941d59c","name":"Redacci\u00f3n","image":{"@type":"ImageObject","inLanguage":"es","@id":"https:\/\/eldiariodelaeducacion.com\/wp-content\/uploads\/2024\/10\/redaccion_avatar-96x96.png","url":"https:\/\/eldiariodelaeducacion.com\/wp-content\/uploads\/2024\/10\/redaccion_avatar-96x96.png","contentUrl":"https:\/\/eldiariodelaeducacion.com\/wp-content\/uploads\/2024\/10\/redaccion_avatar-96x96.png","caption":"Redacci\u00f3n"},"url":"https:\/\/eldiariodelaeducacion.com\/extraeducacion\/author\/redaccion\/"}]}},"_links":{"self":[{"href":"https:\/\/eldiariodelaeducacion.com\/extraeducacion\/wp-json\/wp\/v2\/posts\/261","targetHints":{"allow":["GET"]}}],"collection":[{"href":"https:\/\/eldiariodelaeducacion.com\/extraeducacion\/wp-json\/wp\/v2\/posts"}],"about":[{"href":"https:\/\/eldiariodelaeducacion.com\/extraeducacion\/wp-json\/wp\/v2\/types\/post"}],"author":[{"embeddable":true,"href":"https:\/\/eldiariodelaeducacion.com\/extraeducacion\/wp-json\/wp\/v2\/users\/150"}],"replies":[{"embeddable":true,"href":"https:\/\/eldiariodelaeducacion.com\/extraeducacion\/wp-json\/wp\/v2\/comments?post=261"}],"version-history":[{"count":1,"href":"https:\/\/eldiariodelaeducacion.com\/extraeducacion\/wp-json\/wp\/v2\/posts\/261\/revisions"}],"predecessor-version":[{"id":791,"href":"https:\/\/eldiariodelaeducacion.com\/extraeducacion\/wp-json\/wp\/v2\/posts\/261\/revisions\/791"}],"wp:featuredmedia":[{"embeddable":true,"href":"https:\/\/eldiariodelaeducacion.com\/extraeducacion\/wp-json\/wp\/v2\/media\/263"}],"wp:attachment":[{"href":"https:\/\/eldiariodelaeducacion.com\/extraeducacion\/wp-json\/wp\/v2\/media?parent=261"}],"wp:term":[{"taxonomy":"category","embeddable":true,"href":"https:\/\/eldiariodelaeducacion.com\/extraeducacion\/wp-json\/wp\/v2\/categories?post=261"},{"taxonomy":"post_tag","embeddable":true,"href":"https:\/\/eldiariodelaeducacion.com\/extraeducacion\/wp-json\/wp\/v2\/tags?post=261"},{"taxonomy":"tipo","embeddable":true,"href":"https:\/\/eldiariodelaeducacion.com\/extraeducacion\/wp-json\/wp\/v2\/tipo?post=261"}],"curies":[{"name":"wp","href":"https:\/\/api.w.org\/{rel}","templated":true}]}}