{"id":285,"date":"2021-06-18T11:33:03","date_gmt":"2021-06-18T10:33:03","guid":{"rendered":"https:\/\/eldiariodelaeducacion.com\/extraeducacion\/?p=285"},"modified":"2024-07-29T10:14:52","modified_gmt":"2024-07-29T08:14:52","slug":"seguir-aprendiendo-en-verano-cuadernos-para-todo-el-mundo","status":"publish","type":"post","link":"https:\/\/eldiariodelaeducacion.com\/extraeducacion\/2021\/06\/18\/seguir-aprendiendo-en-verano-cuadernos-para-todo-el-mundo\/","title":{"rendered":"Seguir aprendiendo en verano: cuadernos para todo el mundo"},"content":{"rendered":"<p>Y para seguir aprendiendo de manera l\u00fadica y repasar los conocimientos adquiridos durante el curso, la editorial Santillana publica su colecci\u00f3n Vacaciones Santillana, dirigida a ni\u00f1as y ni\u00f1os de entre 3 y 16 a\u00f1os.<\/p>\n<p>Este a\u00f1o 2021, Santillana presenta nuevos cuadernos de verano para el tramo de edad de 3 a 6 a\u00f1os. Estos cuadernos se convertir\u00e1n en un veh\u00edculo para compartir juegos, fantas\u00edas y lecturas entre mayores y peque\u00f1os. Cada cuaderno parte de un cuento protagonizado por un personaje fant\u00e1stico y, adem\u00e1s de ofrecer interesantes actividades, permite trabajar emociones como el miedo, el enfado o la sorpresa partiendo de las historias propuestas. En total, la colecci\u00f3n tiene seis cuadernos nuevos, estructurados por tramos de edad:<\/p>\n<h4>En 3-4 a\u00f1os:<\/h4>\n<ul>\n<li><em>Oto, un dinosaurio en la piscina<\/em>.<\/li>\n<li><em>Lili, una ogra en el ba\u00f1o.<\/em><\/li>\n<\/ul>\n<h4>En 4-5 a\u00f1os:<\/h4>\n<ul>\n<li><em>Ubaldo, un fantasma en el colegio. <\/em><\/li>\n<li><em>Amanda, una pirata en la estaci\u00f3n<\/em>.<\/li>\n<\/ul>\n<h4>En 5-6 a\u00f1os:<\/h4>\n<ul>\n<li><em>Darac, un drag\u00f3n en la biblioteca. <\/em><\/li>\n<li><em>Ofelia, una momia en el dormitorio<\/em>.<\/li>\n<\/ul>\n<p>Para los escolares de 1.\u00ba a 6.\u00ba de Primaria, Vacaciones Santillana cuenta con una colecci\u00f3n de cuadernos de Repaso que incluyen una amplia variedad de ejercicios de todas las materias con lecturas, escritura, problemas y c\u00e1lculo. Existen tambi\u00e9n otros cuadernos para Primaria que pueden seleccionarse seg\u00fan el contenido que se desee trabajar:<\/p>\n<ul>\n<li>Ejercicios para repasar ortograf\u00eda y gram\u00e1tica: con actividades para escribir mejor y conocer las letras, las s\u00edlabas, las palabras y las oraciones.<\/li>\n<li>Problemas para repasar matem\u00e1ticas: con ejercicios sobre numeraci\u00f3n, operaciones, geometr\u00eda y problemas.<\/li>\n<li>Ejercicios para mejorar la comprensi\u00f3n lectora: con lecturas y actividades para comprender mejor y desarrollar la atenci\u00f3n.<\/li>\n<\/ul>\n<p>Los estudiantes de 1.\u00ba y 2.\u00ba de ESO tambi\u00e9n disponen de los cuadernos Pensar en Lengua y Pensar en Matem\u00e1ticas, con los que podr\u00e1n repasar los contenidos de cada curso desarrollando su creatividad e ingenio a trav\u00e9s de la lectura y los juegos de razonamiento.<br \/>\nY para reforzar el aprendizaje de los idiomas, Santillana ofrece cuadernos de ingl\u00e9s desde Educaci\u00f3n Infantil en el tramo de edad de 5 a\u00f1os hasta 1.\u00ba de ESO y dos niveles de franc\u00e9s para Secundaria.<\/p>\n<p>Adem\u00e1s, este a\u00f1o, con la compra de cada cuaderno de Vacaciones Santillana, la editorial regala un escape room online, una actividad divertida y educativa con la que aprender en familia. Se trata de un escape room con tres niveles de dificultad especialmente dise\u00f1ado para ni\u00f1os y ni\u00f1as de entre 6 y 12 a\u00f1os. En esta aventura, los participantes tendr\u00e1n que resolver los distintos enigmas poniendo en pr\u00e1ctica todos sus conocimientos, a la vez que aprenden sobre sostenibilidad y sobre el cuidado del planeta.<\/p>\n<p>En la web de la editorial Santillana (<a href=\"http:\/\/www.vacacionessantillana.es\">www.vacacionessantillana.es<\/a>) se encuentra toda la oferta de cuadernos de la colecci\u00f3n Vacaciones Santillana para Educaci\u00f3n Infantil, Primaria y Secundaria.<\/p>\n","protected":false},"excerpt":{"rendered":"<p>Y para seguir aprendiendo de manera l\u00fadica y repasar los conocimientos adquiridos durante el curso, la editorial Santillana publica su colecci\u00f3n Vacaciones Santillana, dirigida a ni\u00f1as y ni\u00f1os de entre 3 y 16 a\u00f1os. Este a\u00f1o 2021, Santillana presenta nuevos cuadernos de verano para el tramo de edad de 3 a 6 a\u00f1os. Estos cuadernos<\/p>\n","protected":false},"author":150,"featured_media":286,"comment_status":"open","ping_status":"open","sticky":false,"template":"","format":"standard","meta":{"footnotes":""},"categories":[2],"tags":[],"tipo":[30],"class_list":{"0":"post-285","1":"post","2":"type-post","3":"status-publish","4":"format-standard","5":"has-post-thumbnail","7":"category-extra-educacion","8":"tipo-actualidad"},"yoast_head":"<!-- This site is optimized with the Yoast SEO plugin v27.5 - https:\/\/yoast.com\/product\/yoast-seo-wordpress\/ -->\n<title>Seguir aprendiendo en verano: cuadernos para todo el mundo - Extra Educaci\u00f3n<\/title>\n<meta name=\"robots\" content=\"index, follow, max-snippet:-1, max-image-preview:large, max-video-preview:-1\" \/>\n<link rel=\"canonical\" href=\"https:\/\/eldiariodelaeducacion.com\/extraeducacion\/2021\/06\/18\/seguir-aprendiendo-en-verano-cuadernos-para-todo-el-mundo\/\" \/>\n<meta property=\"og:locale\" content=\"es_ES\" \/>\n<meta property=\"og:type\" content=\"article\" \/>\n<meta property=\"og:title\" content=\"Seguir aprendiendo en verano: cuadernos para todo el mundo - Extra Educaci\u00f3n\" \/>\n<meta property=\"og:description\" content=\"Y para seguir aprendiendo de manera l\u00fadica y repasar los conocimientos adquiridos durante el curso, la editorial Santillana publica su colecci\u00f3n Vacaciones Santillana, dirigida a ni\u00f1as y ni\u00f1os de entre 3 y 16 a\u00f1os. Este a\u00f1o 2021, Santillana presenta nuevos cuadernos de verano para el tramo de edad de 3 a 6 a\u00f1os. Estos cuadernos\" \/>\n<meta property=\"og:url\" content=\"https:\/\/eldiariodelaeducacion.com\/extraeducacion\/2021\/06\/18\/seguir-aprendiendo-en-verano-cuadernos-para-todo-el-mundo\/\" \/>\n<meta property=\"og:site_name\" content=\"Extra Educaci\u00f3n\" \/>\n<meta property=\"article:published_time\" content=\"2021-06-18T10:33:03+00:00\" \/>\n<meta property=\"article:modified_time\" content=\"2024-07-29T08:14:52+00:00\" \/>\n<meta property=\"og:image\" content=\"https:\/\/eldiariodelaeducacion.com\/extraeducacion\/wp-content\/uploads\/sites\/5\/2021\/06\/cabecera_noticia_cast.png\" \/>\n\t<meta property=\"og:image:width\" content=\"1200\" \/>\n\t<meta property=\"og:image:height\" content=\"500\" \/>\n\t<meta property=\"og:image:type\" content=\"image\/png\" \/>\n<meta name=\"author\" content=\"Redacci\u00f3n\" \/>\n<meta name=\"twitter:card\" content=\"summary_large_image\" \/>\n<meta name=\"twitter:label1\" content=\"Escrito por\" \/>\n\t<meta name=\"twitter:data1\" content=\"Redacci\u00f3n\" \/>\n\t<meta name=\"twitter:label2\" content=\"Tiempo de lectura\" \/>\n\t<meta name=\"twitter:data2\" content=\"2 minutos\" \/>\n<script type=\"application\/ld+json\" class=\"yoast-schema-graph\">{\"@context\":\"https:\\\/\\\/schema.org\",\"@graph\":[{\"@type\":\"Article\",\"@id\":\"https:\\\/\\\/eldiariodelaeducacion.com\\\/extraeducacion\\\/2021\\\/06\\\/18\\\/seguir-aprendiendo-en-verano-cuadernos-para-todo-el-mundo\\\/#article\",\"isPartOf\":{\"@id\":\"https:\\\/\\\/eldiariodelaeducacion.com\\\/extraeducacion\\\/2021\\\/06\\\/18\\\/seguir-aprendiendo-en-verano-cuadernos-para-todo-el-mundo\\\/\"},\"author\":{\"name\":\"Redacci\u00f3n\",\"@id\":\"https:\\\/\\\/eldiariodelaeducacion.com\\\/extraeducacion\\\/#\\\/schema\\\/person\\\/5228007cb64f7ca80adbd750a941d59c\"},\"headline\":\"Seguir aprendiendo en verano: cuadernos para todo el mundo\",\"datePublished\":\"2021-06-18T10:33:03+00:00\",\"dateModified\":\"2024-07-29T08:14:52+00:00\",\"mainEntityOfPage\":{\"@id\":\"https:\\\/\\\/eldiariodelaeducacion.com\\\/extraeducacion\\\/2021\\\/06\\\/18\\\/seguir-aprendiendo-en-verano-cuadernos-para-todo-el-mundo\\\/\"},\"wordCount\":501,\"commentCount\":0,\"image\":{\"@id\":\"https:\\\/\\\/eldiariodelaeducacion.com\\\/extraeducacion\\\/2021\\\/06\\\/18\\\/seguir-aprendiendo-en-verano-cuadernos-para-todo-el-mundo\\\/#primaryimage\"},\"thumbnailUrl\":\"https:\\\/\\\/eldiariodelaeducacion.com\\\/extraeducacion\\\/wp-content\\\/uploads\\\/sites\\\/5\\\/2021\\\/06\\\/cabecera_noticia_cast.png\",\"articleSection\":[\"Extra educaci\u00f3n\"],\"inLanguage\":\"es\",\"potentialAction\":[{\"@type\":\"CommentAction\",\"name\":\"Comment\",\"target\":[\"https:\\\/\\\/eldiariodelaeducacion.com\\\/extraeducacion\\\/2021\\\/06\\\/18\\\/seguir-aprendiendo-en-verano-cuadernos-para-todo-el-mundo\\\/#respond\"]}]},{\"@type\":\"WebPage\",\"@id\":\"https:\\\/\\\/eldiariodelaeducacion.com\\\/extraeducacion\\\/2021\\\/06\\\/18\\\/seguir-aprendiendo-en-verano-cuadernos-para-todo-el-mundo\\\/\",\"url\":\"https:\\\/\\\/eldiariodelaeducacion.com\\\/extraeducacion\\\/2021\\\/06\\\/18\\\/seguir-aprendiendo-en-verano-cuadernos-para-todo-el-mundo\\\/\",\"name\":\"Seguir aprendiendo en verano: cuadernos para todo el mundo - Extra Educaci\u00f3n\",\"isPartOf\":{\"@id\":\"https:\\\/\\\/eldiariodelaeducacion.com\\\/extraeducacion\\\/#website\"},\"primaryImageOfPage\":{\"@id\":\"https:\\\/\\\/eldiariodelaeducacion.com\\\/extraeducacion\\\/2021\\\/06\\\/18\\\/seguir-aprendiendo-en-verano-cuadernos-para-todo-el-mundo\\\/#primaryimage\"},\"image\":{\"@id\":\"https:\\\/\\\/eldiariodelaeducacion.com\\\/extraeducacion\\\/2021\\\/06\\\/18\\\/seguir-aprendiendo-en-verano-cuadernos-para-todo-el-mundo\\\/#primaryimage\"},\"thumbnailUrl\":\"https:\\\/\\\/eldiariodelaeducacion.com\\\/extraeducacion\\\/wp-content\\\/uploads\\\/sites\\\/5\\\/2021\\\/06\\\/cabecera_noticia_cast.png\",\"datePublished\":\"2021-06-18T10:33:03+00:00\",\"dateModified\":\"2024-07-29T08:14:52+00:00\",\"author\":{\"@id\":\"https:\\\/\\\/eldiariodelaeducacion.com\\\/extraeducacion\\\/#\\\/schema\\\/person\\\/5228007cb64f7ca80adbd750a941d59c\"},\"breadcrumb\":{\"@id\":\"https:\\\/\\\/eldiariodelaeducacion.com\\\/extraeducacion\\\/2021\\\/06\\\/18\\\/seguir-aprendiendo-en-verano-cuadernos-para-todo-el-mundo\\\/#breadcrumb\"},\"inLanguage\":\"es\",\"potentialAction\":[{\"@type\":\"ReadAction\",\"target\":[\"https:\\\/\\\/eldiariodelaeducacion.com\\\/extraeducacion\\\/2021\\\/06\\\/18\\\/seguir-aprendiendo-en-verano-cuadernos-para-todo-el-mundo\\\/\"]}]},{\"@type\":\"ImageObject\",\"inLanguage\":\"es\",\"@id\":\"https:\\\/\\\/eldiariodelaeducacion.com\\\/extraeducacion\\\/2021\\\/06\\\/18\\\/seguir-aprendiendo-en-verano-cuadernos-para-todo-el-mundo\\\/#primaryimage\",\"url\":\"https:\\\/\\\/eldiariodelaeducacion.com\\\/extraeducacion\\\/wp-content\\\/uploads\\\/sites\\\/5\\\/2021\\\/06\\\/cabecera_noticia_cast.png\",\"contentUrl\":\"https:\\\/\\\/eldiariodelaeducacion.com\\\/extraeducacion\\\/wp-content\\\/uploads\\\/sites\\\/5\\\/2021\\\/06\\\/cabecera_noticia_cast.png\",\"width\":1200,\"height\":500},{\"@type\":\"BreadcrumbList\",\"@id\":\"https:\\\/\\\/eldiariodelaeducacion.com\\\/extraeducacion\\\/2021\\\/06\\\/18\\\/seguir-aprendiendo-en-verano-cuadernos-para-todo-el-mundo\\\/#breadcrumb\",\"itemListElement\":[{\"@type\":\"ListItem\",\"position\":1,\"name\":\"Portada\",\"item\":\"https:\\\/\\\/eldiariodelaeducacion.com\\\/extraeducacion\\\/\"},{\"@type\":\"ListItem\",\"position\":2,\"name\":\"Seguir aprendiendo en verano: cuadernos para todo el mundo\"}]},{\"@type\":\"WebSite\",\"@id\":\"https:\\\/\\\/eldiariodelaeducacion.com\\\/extraeducacion\\\/#website\",\"url\":\"https:\\\/\\\/eldiariodelaeducacion.com\\\/extraeducacion\\\/\",\"name\":\"Extra Educaci\u00f3n\",\"description\":\"Un blog de El Diario de la Educaci\u00f3n\",\"potentialAction\":[{\"@type\":\"SearchAction\",\"target\":{\"@type\":\"EntryPoint\",\"urlTemplate\":\"https:\\\/\\\/eldiariodelaeducacion.com\\\/extraeducacion\\\/?s={search_term_string}\"},\"query-input\":{\"@type\":\"PropertyValueSpecification\",\"valueRequired\":true,\"valueName\":\"search_term_string\"}}],\"inLanguage\":\"es\"},{\"@type\":\"Person\",\"@id\":\"https:\\\/\\\/eldiariodelaeducacion.com\\\/extraeducacion\\\/#\\\/schema\\\/person\\\/5228007cb64f7ca80adbd750a941d59c\",\"name\":\"Redacci\u00f3n\",\"image\":{\"@type\":\"ImageObject\",\"inLanguage\":\"es\",\"@id\":\"https:\\\/\\\/eldiariodelaeducacion.com\\\/wp-content\\\/uploads\\\/2024\\\/10\\\/redaccion_avatar-96x96.png\",\"url\":\"https:\\\/\\\/eldiariodelaeducacion.com\\\/wp-content\\\/uploads\\\/2024\\\/10\\\/redaccion_avatar-96x96.png\",\"contentUrl\":\"https:\\\/\\\/eldiariodelaeducacion.com\\\/wp-content\\\/uploads\\\/2024\\\/10\\\/redaccion_avatar-96x96.png\",\"caption\":\"Redacci\u00f3n\"},\"url\":\"https:\\\/\\\/eldiariodelaeducacion.com\\\/extraeducacion\\\/author\\\/redaccion\\\/\"}]}<\/script>\n<!-- \/ Yoast SEO plugin. -->","yoast_head_json":{"title":"Seguir aprendiendo en verano: cuadernos para todo el mundo - Extra Educaci\u00f3n","robots":{"index":"index","follow":"follow","max-snippet":"max-snippet:-1","max-image-preview":"max-image-preview:large","max-video-preview":"max-video-preview:-1"},"canonical":"https:\/\/eldiariodelaeducacion.com\/extraeducacion\/2021\/06\/18\/seguir-aprendiendo-en-verano-cuadernos-para-todo-el-mundo\/","og_locale":"es_ES","og_type":"article","og_title":"Seguir aprendiendo en verano: cuadernos para todo el mundo - Extra Educaci\u00f3n","og_description":"Y para seguir aprendiendo de manera l\u00fadica y repasar los conocimientos adquiridos durante el curso, la editorial Santillana publica su colecci\u00f3n Vacaciones Santillana, dirigida a ni\u00f1as y ni\u00f1os de entre 3 y 16 a\u00f1os. Este a\u00f1o 2021, Santillana presenta nuevos cuadernos de verano para el tramo de edad de 3 a 6 a\u00f1os. Estos cuadernos","og_url":"https:\/\/eldiariodelaeducacion.com\/extraeducacion\/2021\/06\/18\/seguir-aprendiendo-en-verano-cuadernos-para-todo-el-mundo\/","og_site_name":"Extra Educaci\u00f3n","article_published_time":"2021-06-18T10:33:03+00:00","article_modified_time":"2024-07-29T08:14:52+00:00","og_image":[{"width":1200,"height":500,"url":"https:\/\/eldiariodelaeducacion.com\/extraeducacion\/wp-content\/uploads\/sites\/5\/2021\/06\/cabecera_noticia_cast.png","type":"image\/png"}],"author":"Redacci\u00f3n","twitter_card":"summary_large_image","twitter_misc":{"Escrito por":"Redacci\u00f3n","Tiempo de lectura":"2 minutos"},"schema":{"@context":"https:\/\/schema.org","@graph":[{"@type":"Article","@id":"https:\/\/eldiariodelaeducacion.com\/extraeducacion\/2021\/06\/18\/seguir-aprendiendo-en-verano-cuadernos-para-todo-el-mundo\/#article","isPartOf":{"@id":"https:\/\/eldiariodelaeducacion.com\/extraeducacion\/2021\/06\/18\/seguir-aprendiendo-en-verano-cuadernos-para-todo-el-mundo\/"},"author":{"name":"Redacci\u00f3n","@id":"https:\/\/eldiariodelaeducacion.com\/extraeducacion\/#\/schema\/person\/5228007cb64f7ca80adbd750a941d59c"},"headline":"Seguir aprendiendo en verano: cuadernos para todo el mundo","datePublished":"2021-06-18T10:33:03+00:00","dateModified":"2024-07-29T08:14:52+00:00","mainEntityOfPage":{"@id":"https:\/\/eldiariodelaeducacion.com\/extraeducacion\/2021\/06\/18\/seguir-aprendiendo-en-verano-cuadernos-para-todo-el-mundo\/"},"wordCount":501,"commentCount":0,"image":{"@id":"https:\/\/eldiariodelaeducacion.com\/extraeducacion\/2021\/06\/18\/seguir-aprendiendo-en-verano-cuadernos-para-todo-el-mundo\/#primaryimage"},"thumbnailUrl":"https:\/\/eldiariodelaeducacion.com\/extraeducacion\/wp-content\/uploads\/sites\/5\/2021\/06\/cabecera_noticia_cast.png","articleSection":["Extra educaci\u00f3n"],"inLanguage":"es","potentialAction":[{"@type":"CommentAction","name":"Comment","target":["https:\/\/eldiariodelaeducacion.com\/extraeducacion\/2021\/06\/18\/seguir-aprendiendo-en-verano-cuadernos-para-todo-el-mundo\/#respond"]}]},{"@type":"WebPage","@id":"https:\/\/eldiariodelaeducacion.com\/extraeducacion\/2021\/06\/18\/seguir-aprendiendo-en-verano-cuadernos-para-todo-el-mundo\/","url":"https:\/\/eldiariodelaeducacion.com\/extraeducacion\/2021\/06\/18\/seguir-aprendiendo-en-verano-cuadernos-para-todo-el-mundo\/","name":"Seguir aprendiendo en verano: cuadernos para todo el mundo - Extra Educaci\u00f3n","isPartOf":{"@id":"https:\/\/eldiariodelaeducacion.com\/extraeducacion\/#website"},"primaryImageOfPage":{"@id":"https:\/\/eldiariodelaeducacion.com\/extraeducacion\/2021\/06\/18\/seguir-aprendiendo-en-verano-cuadernos-para-todo-el-mundo\/#primaryimage"},"image":{"@id":"https:\/\/eldiariodelaeducacion.com\/extraeducacion\/2021\/06\/18\/seguir-aprendiendo-en-verano-cuadernos-para-todo-el-mundo\/#primaryimage"},"thumbnailUrl":"https:\/\/eldiariodelaeducacion.com\/extraeducacion\/wp-content\/uploads\/sites\/5\/2021\/06\/cabecera_noticia_cast.png","datePublished":"2021-06-18T10:33:03+00:00","dateModified":"2024-07-29T08:14:52+00:00","author":{"@id":"https:\/\/eldiariodelaeducacion.com\/extraeducacion\/#\/schema\/person\/5228007cb64f7ca80adbd750a941d59c"},"breadcrumb":{"@id":"https:\/\/eldiariodelaeducacion.com\/extraeducacion\/2021\/06\/18\/seguir-aprendiendo-en-verano-cuadernos-para-todo-el-mundo\/#breadcrumb"},"inLanguage":"es","potentialAction":[{"@type":"ReadAction","target":["https:\/\/eldiariodelaeducacion.com\/extraeducacion\/2021\/06\/18\/seguir-aprendiendo-en-verano-cuadernos-para-todo-el-mundo\/"]}]},{"@type":"ImageObject","inLanguage":"es","@id":"https:\/\/eldiariodelaeducacion.com\/extraeducacion\/2021\/06\/18\/seguir-aprendiendo-en-verano-cuadernos-para-todo-el-mundo\/#primaryimage","url":"https:\/\/eldiariodelaeducacion.com\/extraeducacion\/wp-content\/uploads\/sites\/5\/2021\/06\/cabecera_noticia_cast.png","contentUrl":"https:\/\/eldiariodelaeducacion.com\/extraeducacion\/wp-content\/uploads\/sites\/5\/2021\/06\/cabecera_noticia_cast.png","width":1200,"height":500},{"@type":"BreadcrumbList","@id":"https:\/\/eldiariodelaeducacion.com\/extraeducacion\/2021\/06\/18\/seguir-aprendiendo-en-verano-cuadernos-para-todo-el-mundo\/#breadcrumb","itemListElement":[{"@type":"ListItem","position":1,"name":"Portada","item":"https:\/\/eldiariodelaeducacion.com\/extraeducacion\/"},{"@type":"ListItem","position":2,"name":"Seguir aprendiendo en verano: cuadernos para todo el mundo"}]},{"@type":"WebSite","@id":"https:\/\/eldiariodelaeducacion.com\/extraeducacion\/#website","url":"https:\/\/eldiariodelaeducacion.com\/extraeducacion\/","name":"Extra Educaci\u00f3n","description":"Un blog de El Diario de la Educaci\u00f3n","potentialAction":[{"@type":"SearchAction","target":{"@type":"EntryPoint","urlTemplate":"https:\/\/eldiariodelaeducacion.com\/extraeducacion\/?s={search_term_string}"},"query-input":{"@type":"PropertyValueSpecification","valueRequired":true,"valueName":"search_term_string"}}],"inLanguage":"es"},{"@type":"Person","@id":"https:\/\/eldiariodelaeducacion.com\/extraeducacion\/#\/schema\/person\/5228007cb64f7ca80adbd750a941d59c","name":"Redacci\u00f3n","image":{"@type":"ImageObject","inLanguage":"es","@id":"https:\/\/eldiariodelaeducacion.com\/wp-content\/uploads\/2024\/10\/redaccion_avatar-96x96.png","url":"https:\/\/eldiariodelaeducacion.com\/wp-content\/uploads\/2024\/10\/redaccion_avatar-96x96.png","contentUrl":"https:\/\/eldiariodelaeducacion.com\/wp-content\/uploads\/2024\/10\/redaccion_avatar-96x96.png","caption":"Redacci\u00f3n"},"url":"https:\/\/eldiariodelaeducacion.com\/extraeducacion\/author\/redaccion\/"}]}},"_links":{"self":[{"href":"https:\/\/eldiariodelaeducacion.com\/extraeducacion\/wp-json\/wp\/v2\/posts\/285","targetHints":{"allow":["GET"]}}],"collection":[{"href":"https:\/\/eldiariodelaeducacion.com\/extraeducacion\/wp-json\/wp\/v2\/posts"}],"about":[{"href":"https:\/\/eldiariodelaeducacion.com\/extraeducacion\/wp-json\/wp\/v2\/types\/post"}],"author":[{"embeddable":true,"href":"https:\/\/eldiariodelaeducacion.com\/extraeducacion\/wp-json\/wp\/v2\/users\/150"}],"replies":[{"embeddable":true,"href":"https:\/\/eldiariodelaeducacion.com\/extraeducacion\/wp-json\/wp\/v2\/comments?post=285"}],"version-history":[{"count":1,"href":"https:\/\/eldiariodelaeducacion.com\/extraeducacion\/wp-json\/wp\/v2\/posts\/285\/revisions"}],"predecessor-version":[{"id":796,"href":"https:\/\/eldiariodelaeducacion.com\/extraeducacion\/wp-json\/wp\/v2\/posts\/285\/revisions\/796"}],"wp:featuredmedia":[{"embeddable":true,"href":"https:\/\/eldiariodelaeducacion.com\/extraeducacion\/wp-json\/wp\/v2\/media\/286"}],"wp:attachment":[{"href":"https:\/\/eldiariodelaeducacion.com\/extraeducacion\/wp-json\/wp\/v2\/media?parent=285"}],"wp:term":[{"taxonomy":"category","embeddable":true,"href":"https:\/\/eldiariodelaeducacion.com\/extraeducacion\/wp-json\/wp\/v2\/categories?post=285"},{"taxonomy":"post_tag","embeddable":true,"href":"https:\/\/eldiariodelaeducacion.com\/extraeducacion\/wp-json\/wp\/v2\/tags?post=285"},{"taxonomy":"tipo","embeddable":true,"href":"https:\/\/eldiariodelaeducacion.com\/extraeducacion\/wp-json\/wp\/v2\/tipo?post=285"}],"curies":[{"name":"wp","href":"https:\/\/api.w.org\/{rel}","templated":true}]}}