{"id":317,"date":"2021-08-18T15:32:51","date_gmt":"2021-08-18T14:32:51","guid":{"rendered":"https:\/\/eldiariodelaeducacion.com\/extraeducacion\/?p=317"},"modified":"2024-07-29T10:14:53","modified_gmt":"2024-07-29T08:14:53","slug":"vuelta-al-cole-por-que-los-ninos-deben-tener-su-propio-espacio-para-estudiar","status":"publish","type":"post","link":"https:\/\/eldiariodelaeducacion.com\/extraeducacion\/2021\/08\/18\/vuelta-al-cole-por-que-los-ninos-deben-tener-su-propio-espacio-para-estudiar\/","title":{"rendered":"Vuelta al cole: \u00bfPor qu\u00e9 los ni\u00f1os deben tener su propio espacio para estudiar?"},"content":{"rendered":"<p>Los ni\u00f1os vuelven del colegio con tareas y deberes que deben realizar en casa. Muchos de ellos utilizan la mesa de la cocina o la sala de estar para terminarlos y estudiar. Sin embargo, esto es perjudicial para ellos. En primer lugar, <a href=\"https:\/\/www.pccomponentes.com\/mesas-escritorio\">una mesa de escritorio adecuada<\/a> garantiza que el ni\u00f1o tenga una postura correcta para leer y escribir. La espalda debe esta recta para que no se produzcan lesiones que afecten su crecimiento y el ni\u00f1o est\u00e9 c\u00f3modo haciendo sus deberes. Las sillas infantiles proporcionan el soporte que su espalda necesita para mayor comodidad.<\/p>\n<p>Por otro lado, tener un espacio dedicado al estudio hace que el ni\u00f1o pueda concentrarse mejor. Lo ideal es que el escritorio se encuentre en su propia habitaci\u00f3n o en una que no sea muy concurrida. Esto garantiza un ambiente tranquilo para que el ni\u00f1o se concentre en sus actividades y las termine sin ninguna interrupci\u00f3n. Adem\u00e1s, puede tener todas las cosas que necesita en un solo lugar e, incluso, mantener cerca un calendario que lo ayude a ser m\u00e1s organizado.<\/p>\n<h3>Algunos consejos para armar un espacio de estudio<\/h3>\n<p>Adem\u00e1s del mobiliario y de elegir un sitio adecuado que sea tranquilo, los siguientes consejos te ayudar\u00e1n a armar el mejor espacio de estudio:<\/p>\n<ul>\n<li><strong>Ilumina bien el escritorio.<\/strong> La luz natural es la mejor para estudiar, pero, si no tienes una ventana cerca, tambi\u00e9n existen muchas l\u00e1mparas que permiten regular la intensidad para crear un entorno bien iluminado. Adem\u00e1s de proteger los ojos, en especial frente al uso de las pantallas, una buena iluminaci\u00f3n promueve la concentraci\u00f3n.<\/li>\n<li><strong>Coloca repisas o cajones<\/strong> para que el ni\u00f1o pueda guardar all\u00ed todos sus cuadernos y libros de estudio. Equipa el escritorio con todo lo que necesite para estudiar y hacer sus deberes.<\/li>\n<li><strong>Pon alguna pizarra<\/strong> para que el ni\u00f1o pueda escribir sus tareas pendientes. Un corcho tambi\u00e9n es \u00fatil para organizarse mejor. Adem\u00e1s, puedes poner frases motivacionales que lo incentiven a estudiar. Si tu hijo necesita motivaci\u00f3n adicional, incluso puedes colocar una foto de alguna recompensa que el ni\u00f1o recibir\u00e1 si tiene un buen rendimiento en la escuela.<\/li>\n<li><strong>Ayuda a tu hijo a que mantenga su escritorio ordenado.<\/strong> El orden evita las distracciones y promueve un trabajo eficaz. Aseg\u00farate de que no haya objetos que pertenezcan a otra actividad, como juguetes, para evitar distracciones. Coloca, adem\u00e1s, lapiceros y cualquier otro accesorio que contribuya a mantener el orden de este espacio. Ens\u00e9\u00f1ale a tu hijo que se trata de un espacio dedicado exclusivamente al estudio y conversa con \u00e9l respecto de los beneficios que tendr\u00e1 para alentarlo a ser m\u00e1s ordenado.<\/li>\n<\/ul>\n<p>No tienes que <a href=\"https:\/\/www.pccomponentes.com\/black-friday\">esperar a las ofertas de Black Friday<\/a> para armarle a tu hijo su propio espacio de estudio. Aprovecha todos los descuentos para equiparlo mejor antes de la vuelta al cole con su propio escritorio y todos los accesorios que necesita para hacer los deberes. Su rendimiento ser\u00e1 mejor teniendo un espacio como este para estudiar concentrado y sin interrupciones.<\/p>\n","protected":false},"excerpt":{"rendered":"<p>Los ni\u00f1os vuelven del colegio con tareas y deberes que deben realizar en casa. Muchos de ellos utilizan la mesa de la cocina o la sala de estar para terminarlos y estudiar. Sin embargo, esto es perjudicial para ellos. En primer lugar, una mesa de escritorio adecuada garantiza que el ni\u00f1o tenga una postura correcta<\/p>\n","protected":false},"author":150,"featured_media":318,"comment_status":"open","ping_status":"open","sticky":false,"template":"","format":"standard","meta":{"footnotes":""},"categories":[1],"tags":[],"tipo":[31],"class_list":{"0":"post-317","1":"post","2":"type-post","3":"status-publish","4":"format-standard","5":"has-post-thumbnail","7":"category-sin-categoria","8":"tipo-reportaje"},"yoast_head":"<!-- This site is optimized with the Yoast SEO plugin v27.4 - https:\/\/yoast.com\/product\/yoast-seo-wordpress\/ -->\n<title>Vuelta al cole: \u00bfPor qu\u00e9 los ni\u00f1os deben tener su propio espacio para estudiar? - Extra Educaci\u00f3n<\/title>\n<meta name=\"robots\" content=\"index, follow, max-snippet:-1, max-image-preview:large, max-video-preview:-1\" \/>\n<link rel=\"canonical\" href=\"https:\/\/eldiariodelaeducacion.com\/extraeducacion\/2021\/08\/18\/vuelta-al-cole-por-que-los-ninos-deben-tener-su-propio-espacio-para-estudiar\/\" \/>\n<meta property=\"og:locale\" content=\"es_ES\" \/>\n<meta property=\"og:type\" content=\"article\" \/>\n<meta property=\"og:title\" content=\"Vuelta al cole: \u00bfPor qu\u00e9 los ni\u00f1os deben tener su propio espacio para estudiar? - Extra Educaci\u00f3n\" \/>\n<meta property=\"og:description\" content=\"Los ni\u00f1os vuelven del colegio con tareas y deberes que deben realizar en casa. Muchos de ellos utilizan la mesa de la cocina o la sala de estar para terminarlos y estudiar. Sin embargo, esto es perjudicial para ellos. En primer lugar, una mesa de escritorio adecuada garantiza que el ni\u00f1o tenga una postura correcta\" \/>\n<meta property=\"og:url\" content=\"https:\/\/eldiariodelaeducacion.com\/extraeducacion\/2021\/08\/18\/vuelta-al-cole-por-que-los-ninos-deben-tener-su-propio-espacio-para-estudiar\/\" \/>\n<meta property=\"og:site_name\" content=\"Extra Educaci\u00f3n\" \/>\n<meta property=\"article:published_time\" content=\"2021-08-18T14:32:51+00:00\" \/>\n<meta property=\"article:modified_time\" content=\"2024-07-29T08:14:53+00:00\" \/>\n<meta property=\"og:image\" content=\"https:\/\/eldiariodelaeducacion.com\/extraeducacion\/wp-content\/uploads\/sites\/5\/2021\/08\/iStock-1215950588.jpg\" \/>\n\t<meta property=\"og:image:width\" content=\"1254\" \/>\n\t<meta property=\"og:image:height\" content=\"836\" \/>\n\t<meta property=\"og:image:type\" content=\"image\/jpeg\" \/>\n<meta name=\"author\" content=\"Redacci\u00f3n\" \/>\n<meta name=\"twitter:card\" content=\"summary_large_image\" \/>\n<meta name=\"twitter:label1\" content=\"Escrito por\" \/>\n\t<meta name=\"twitter:data1\" content=\"Redacci\u00f3n\" \/>\n\t<meta name=\"twitter:label2\" content=\"Tiempo de lectura\" \/>\n\t<meta name=\"twitter:data2\" content=\"3 minutos\" \/>\n<script type=\"application\/ld+json\" class=\"yoast-schema-graph\">{\"@context\":\"https:\\\/\\\/schema.org\",\"@graph\":[{\"@type\":\"Article\",\"@id\":\"https:\\\/\\\/eldiariodelaeducacion.com\\\/extraeducacion\\\/2021\\\/08\\\/18\\\/vuelta-al-cole-por-que-los-ninos-deben-tener-su-propio-espacio-para-estudiar\\\/#article\",\"isPartOf\":{\"@id\":\"https:\\\/\\\/eldiariodelaeducacion.com\\\/extraeducacion\\\/2021\\\/08\\\/18\\\/vuelta-al-cole-por-que-los-ninos-deben-tener-su-propio-espacio-para-estudiar\\\/\"},\"author\":{\"name\":\"Redacci\u00f3n\",\"@id\":\"https:\\\/\\\/eldiariodelaeducacion.com\\\/extraeducacion\\\/#\\\/schema\\\/person\\\/5228007cb64f7ca80adbd750a941d59c\"},\"headline\":\"Vuelta al cole: \u00bfPor qu\u00e9 los ni\u00f1os deben tener su propio espacio para estudiar?\",\"datePublished\":\"2021-08-18T14:32:51+00:00\",\"dateModified\":\"2024-07-29T08:14:53+00:00\",\"mainEntityOfPage\":{\"@id\":\"https:\\\/\\\/eldiariodelaeducacion.com\\\/extraeducacion\\\/2021\\\/08\\\/18\\\/vuelta-al-cole-por-que-los-ninos-deben-tener-su-propio-espacio-para-estudiar\\\/\"},\"wordCount\":535,\"commentCount\":0,\"image\":{\"@id\":\"https:\\\/\\\/eldiariodelaeducacion.com\\\/extraeducacion\\\/2021\\\/08\\\/18\\\/vuelta-al-cole-por-que-los-ninos-deben-tener-su-propio-espacio-para-estudiar\\\/#primaryimage\"},\"thumbnailUrl\":\"https:\\\/\\\/eldiariodelaeducacion.com\\\/extraeducacion\\\/wp-content\\\/uploads\\\/sites\\\/5\\\/2021\\\/08\\\/iStock-1215950588.jpg\",\"inLanguage\":\"es\",\"potentialAction\":[{\"@type\":\"CommentAction\",\"name\":\"Comment\",\"target\":[\"https:\\\/\\\/eldiariodelaeducacion.com\\\/extraeducacion\\\/2021\\\/08\\\/18\\\/vuelta-al-cole-por-que-los-ninos-deben-tener-su-propio-espacio-para-estudiar\\\/#respond\"]}]},{\"@type\":\"WebPage\",\"@id\":\"https:\\\/\\\/eldiariodelaeducacion.com\\\/extraeducacion\\\/2021\\\/08\\\/18\\\/vuelta-al-cole-por-que-los-ninos-deben-tener-su-propio-espacio-para-estudiar\\\/\",\"url\":\"https:\\\/\\\/eldiariodelaeducacion.com\\\/extraeducacion\\\/2021\\\/08\\\/18\\\/vuelta-al-cole-por-que-los-ninos-deben-tener-su-propio-espacio-para-estudiar\\\/\",\"name\":\"Vuelta al cole: \u00bfPor qu\u00e9 los ni\u00f1os deben tener su propio espacio para estudiar? - Extra Educaci\u00f3n\",\"isPartOf\":{\"@id\":\"https:\\\/\\\/eldiariodelaeducacion.com\\\/extraeducacion\\\/#website\"},\"primaryImageOfPage\":{\"@id\":\"https:\\\/\\\/eldiariodelaeducacion.com\\\/extraeducacion\\\/2021\\\/08\\\/18\\\/vuelta-al-cole-por-que-los-ninos-deben-tener-su-propio-espacio-para-estudiar\\\/#primaryimage\"},\"image\":{\"@id\":\"https:\\\/\\\/eldiariodelaeducacion.com\\\/extraeducacion\\\/2021\\\/08\\\/18\\\/vuelta-al-cole-por-que-los-ninos-deben-tener-su-propio-espacio-para-estudiar\\\/#primaryimage\"},\"thumbnailUrl\":\"https:\\\/\\\/eldiariodelaeducacion.com\\\/extraeducacion\\\/wp-content\\\/uploads\\\/sites\\\/5\\\/2021\\\/08\\\/iStock-1215950588.jpg\",\"datePublished\":\"2021-08-18T14:32:51+00:00\",\"dateModified\":\"2024-07-29T08:14:53+00:00\",\"author\":{\"@id\":\"https:\\\/\\\/eldiariodelaeducacion.com\\\/extraeducacion\\\/#\\\/schema\\\/person\\\/5228007cb64f7ca80adbd750a941d59c\"},\"breadcrumb\":{\"@id\":\"https:\\\/\\\/eldiariodelaeducacion.com\\\/extraeducacion\\\/2021\\\/08\\\/18\\\/vuelta-al-cole-por-que-los-ninos-deben-tener-su-propio-espacio-para-estudiar\\\/#breadcrumb\"},\"inLanguage\":\"es\",\"potentialAction\":[{\"@type\":\"ReadAction\",\"target\":[\"https:\\\/\\\/eldiariodelaeducacion.com\\\/extraeducacion\\\/2021\\\/08\\\/18\\\/vuelta-al-cole-por-que-los-ninos-deben-tener-su-propio-espacio-para-estudiar\\\/\"]}]},{\"@type\":\"ImageObject\",\"inLanguage\":\"es\",\"@id\":\"https:\\\/\\\/eldiariodelaeducacion.com\\\/extraeducacion\\\/2021\\\/08\\\/18\\\/vuelta-al-cole-por-que-los-ninos-deben-tener-su-propio-espacio-para-estudiar\\\/#primaryimage\",\"url\":\"https:\\\/\\\/eldiariodelaeducacion.com\\\/extraeducacion\\\/wp-content\\\/uploads\\\/sites\\\/5\\\/2021\\\/08\\\/iStock-1215950588.jpg\",\"contentUrl\":\"https:\\\/\\\/eldiariodelaeducacion.com\\\/extraeducacion\\\/wp-content\\\/uploads\\\/sites\\\/5\\\/2021\\\/08\\\/iStock-1215950588.jpg\",\"width\":1254,\"height\":836,\"caption\":\"Tener un espacio dedicado al estudio hace que el ni\u00f1o pueda concentrarse mejor | Foto: iStock\"},{\"@type\":\"BreadcrumbList\",\"@id\":\"https:\\\/\\\/eldiariodelaeducacion.com\\\/extraeducacion\\\/2021\\\/08\\\/18\\\/vuelta-al-cole-por-que-los-ninos-deben-tener-su-propio-espacio-para-estudiar\\\/#breadcrumb\",\"itemListElement\":[{\"@type\":\"ListItem\",\"position\":1,\"name\":\"Portada\",\"item\":\"https:\\\/\\\/eldiariodelaeducacion.com\\\/extraeducacion\\\/\"},{\"@type\":\"ListItem\",\"position\":2,\"name\":\"Vuelta al cole: \u00bfPor qu\u00e9 los ni\u00f1os deben tener su propio espacio para estudiar?\"}]},{\"@type\":\"WebSite\",\"@id\":\"https:\\\/\\\/eldiariodelaeducacion.com\\\/extraeducacion\\\/#website\",\"url\":\"https:\\\/\\\/eldiariodelaeducacion.com\\\/extraeducacion\\\/\",\"name\":\"Extra Educaci\u00f3n\",\"description\":\"Un blog de El Diario de la Educaci\u00f3n\",\"potentialAction\":[{\"@type\":\"SearchAction\",\"target\":{\"@type\":\"EntryPoint\",\"urlTemplate\":\"https:\\\/\\\/eldiariodelaeducacion.com\\\/extraeducacion\\\/?s={search_term_string}\"},\"query-input\":{\"@type\":\"PropertyValueSpecification\",\"valueRequired\":true,\"valueName\":\"search_term_string\"}}],\"inLanguage\":\"es\"},{\"@type\":\"Person\",\"@id\":\"https:\\\/\\\/eldiariodelaeducacion.com\\\/extraeducacion\\\/#\\\/schema\\\/person\\\/5228007cb64f7ca80adbd750a941d59c\",\"name\":\"Redacci\u00f3n\",\"image\":{\"@type\":\"ImageObject\",\"inLanguage\":\"es\",\"@id\":\"https:\\\/\\\/eldiariodelaeducacion.com\\\/wp-content\\\/uploads\\\/2024\\\/10\\\/redaccion_avatar-96x96.png\",\"url\":\"https:\\\/\\\/eldiariodelaeducacion.com\\\/wp-content\\\/uploads\\\/2024\\\/10\\\/redaccion_avatar-96x96.png\",\"contentUrl\":\"https:\\\/\\\/eldiariodelaeducacion.com\\\/wp-content\\\/uploads\\\/2024\\\/10\\\/redaccion_avatar-96x96.png\",\"caption\":\"Redacci\u00f3n\"},\"url\":\"https:\\\/\\\/eldiariodelaeducacion.com\\\/extraeducacion\\\/author\\\/redaccion\\\/\"}]}<\/script>\n<!-- \/ Yoast SEO plugin. -->","yoast_head_json":{"title":"Vuelta al cole: \u00bfPor qu\u00e9 los ni\u00f1os deben tener su propio espacio para estudiar? - Extra Educaci\u00f3n","robots":{"index":"index","follow":"follow","max-snippet":"max-snippet:-1","max-image-preview":"max-image-preview:large","max-video-preview":"max-video-preview:-1"},"canonical":"https:\/\/eldiariodelaeducacion.com\/extraeducacion\/2021\/08\/18\/vuelta-al-cole-por-que-los-ninos-deben-tener-su-propio-espacio-para-estudiar\/","og_locale":"es_ES","og_type":"article","og_title":"Vuelta al cole: \u00bfPor qu\u00e9 los ni\u00f1os deben tener su propio espacio para estudiar? - Extra Educaci\u00f3n","og_description":"Los ni\u00f1os vuelven del colegio con tareas y deberes que deben realizar en casa. Muchos de ellos utilizan la mesa de la cocina o la sala de estar para terminarlos y estudiar. Sin embargo, esto es perjudicial para ellos. En primer lugar, una mesa de escritorio adecuada garantiza que el ni\u00f1o tenga una postura correcta","og_url":"https:\/\/eldiariodelaeducacion.com\/extraeducacion\/2021\/08\/18\/vuelta-al-cole-por-que-los-ninos-deben-tener-su-propio-espacio-para-estudiar\/","og_site_name":"Extra Educaci\u00f3n","article_published_time":"2021-08-18T14:32:51+00:00","article_modified_time":"2024-07-29T08:14:53+00:00","og_image":[{"width":1254,"height":836,"url":"https:\/\/eldiariodelaeducacion.com\/extraeducacion\/wp-content\/uploads\/sites\/5\/2021\/08\/iStock-1215950588.jpg","type":"image\/jpeg"}],"author":"Redacci\u00f3n","twitter_card":"summary_large_image","twitter_misc":{"Escrito por":"Redacci\u00f3n","Tiempo de lectura":"3 minutos"},"schema":{"@context":"https:\/\/schema.org","@graph":[{"@type":"Article","@id":"https:\/\/eldiariodelaeducacion.com\/extraeducacion\/2021\/08\/18\/vuelta-al-cole-por-que-los-ninos-deben-tener-su-propio-espacio-para-estudiar\/#article","isPartOf":{"@id":"https:\/\/eldiariodelaeducacion.com\/extraeducacion\/2021\/08\/18\/vuelta-al-cole-por-que-los-ninos-deben-tener-su-propio-espacio-para-estudiar\/"},"author":{"name":"Redacci\u00f3n","@id":"https:\/\/eldiariodelaeducacion.com\/extraeducacion\/#\/schema\/person\/5228007cb64f7ca80adbd750a941d59c"},"headline":"Vuelta al cole: \u00bfPor qu\u00e9 los ni\u00f1os deben tener su propio espacio para estudiar?","datePublished":"2021-08-18T14:32:51+00:00","dateModified":"2024-07-29T08:14:53+00:00","mainEntityOfPage":{"@id":"https:\/\/eldiariodelaeducacion.com\/extraeducacion\/2021\/08\/18\/vuelta-al-cole-por-que-los-ninos-deben-tener-su-propio-espacio-para-estudiar\/"},"wordCount":535,"commentCount":0,"image":{"@id":"https:\/\/eldiariodelaeducacion.com\/extraeducacion\/2021\/08\/18\/vuelta-al-cole-por-que-los-ninos-deben-tener-su-propio-espacio-para-estudiar\/#primaryimage"},"thumbnailUrl":"https:\/\/eldiariodelaeducacion.com\/extraeducacion\/wp-content\/uploads\/sites\/5\/2021\/08\/iStock-1215950588.jpg","inLanguage":"es","potentialAction":[{"@type":"CommentAction","name":"Comment","target":["https:\/\/eldiariodelaeducacion.com\/extraeducacion\/2021\/08\/18\/vuelta-al-cole-por-que-los-ninos-deben-tener-su-propio-espacio-para-estudiar\/#respond"]}]},{"@type":"WebPage","@id":"https:\/\/eldiariodelaeducacion.com\/extraeducacion\/2021\/08\/18\/vuelta-al-cole-por-que-los-ninos-deben-tener-su-propio-espacio-para-estudiar\/","url":"https:\/\/eldiariodelaeducacion.com\/extraeducacion\/2021\/08\/18\/vuelta-al-cole-por-que-los-ninos-deben-tener-su-propio-espacio-para-estudiar\/","name":"Vuelta al cole: \u00bfPor qu\u00e9 los ni\u00f1os deben tener su propio espacio para estudiar? - Extra Educaci\u00f3n","isPartOf":{"@id":"https:\/\/eldiariodelaeducacion.com\/extraeducacion\/#website"},"primaryImageOfPage":{"@id":"https:\/\/eldiariodelaeducacion.com\/extraeducacion\/2021\/08\/18\/vuelta-al-cole-por-que-los-ninos-deben-tener-su-propio-espacio-para-estudiar\/#primaryimage"},"image":{"@id":"https:\/\/eldiariodelaeducacion.com\/extraeducacion\/2021\/08\/18\/vuelta-al-cole-por-que-los-ninos-deben-tener-su-propio-espacio-para-estudiar\/#primaryimage"},"thumbnailUrl":"https:\/\/eldiariodelaeducacion.com\/extraeducacion\/wp-content\/uploads\/sites\/5\/2021\/08\/iStock-1215950588.jpg","datePublished":"2021-08-18T14:32:51+00:00","dateModified":"2024-07-29T08:14:53+00:00","author":{"@id":"https:\/\/eldiariodelaeducacion.com\/extraeducacion\/#\/schema\/person\/5228007cb64f7ca80adbd750a941d59c"},"breadcrumb":{"@id":"https:\/\/eldiariodelaeducacion.com\/extraeducacion\/2021\/08\/18\/vuelta-al-cole-por-que-los-ninos-deben-tener-su-propio-espacio-para-estudiar\/#breadcrumb"},"inLanguage":"es","potentialAction":[{"@type":"ReadAction","target":["https:\/\/eldiariodelaeducacion.com\/extraeducacion\/2021\/08\/18\/vuelta-al-cole-por-que-los-ninos-deben-tener-su-propio-espacio-para-estudiar\/"]}]},{"@type":"ImageObject","inLanguage":"es","@id":"https:\/\/eldiariodelaeducacion.com\/extraeducacion\/2021\/08\/18\/vuelta-al-cole-por-que-los-ninos-deben-tener-su-propio-espacio-para-estudiar\/#primaryimage","url":"https:\/\/eldiariodelaeducacion.com\/extraeducacion\/wp-content\/uploads\/sites\/5\/2021\/08\/iStock-1215950588.jpg","contentUrl":"https:\/\/eldiariodelaeducacion.com\/extraeducacion\/wp-content\/uploads\/sites\/5\/2021\/08\/iStock-1215950588.jpg","width":1254,"height":836,"caption":"Tener un espacio dedicado al estudio hace que el ni\u00f1o pueda concentrarse mejor | Foto: iStock"},{"@type":"BreadcrumbList","@id":"https:\/\/eldiariodelaeducacion.com\/extraeducacion\/2021\/08\/18\/vuelta-al-cole-por-que-los-ninos-deben-tener-su-propio-espacio-para-estudiar\/#breadcrumb","itemListElement":[{"@type":"ListItem","position":1,"name":"Portada","item":"https:\/\/eldiariodelaeducacion.com\/extraeducacion\/"},{"@type":"ListItem","position":2,"name":"Vuelta al cole: \u00bfPor qu\u00e9 los ni\u00f1os deben tener su propio espacio para estudiar?"}]},{"@type":"WebSite","@id":"https:\/\/eldiariodelaeducacion.com\/extraeducacion\/#website","url":"https:\/\/eldiariodelaeducacion.com\/extraeducacion\/","name":"Extra Educaci\u00f3n","description":"Un blog de El Diario de la Educaci\u00f3n","potentialAction":[{"@type":"SearchAction","target":{"@type":"EntryPoint","urlTemplate":"https:\/\/eldiariodelaeducacion.com\/extraeducacion\/?s={search_term_string}"},"query-input":{"@type":"PropertyValueSpecification","valueRequired":true,"valueName":"search_term_string"}}],"inLanguage":"es"},{"@type":"Person","@id":"https:\/\/eldiariodelaeducacion.com\/extraeducacion\/#\/schema\/person\/5228007cb64f7ca80adbd750a941d59c","name":"Redacci\u00f3n","image":{"@type":"ImageObject","inLanguage":"es","@id":"https:\/\/eldiariodelaeducacion.com\/wp-content\/uploads\/2024\/10\/redaccion_avatar-96x96.png","url":"https:\/\/eldiariodelaeducacion.com\/wp-content\/uploads\/2024\/10\/redaccion_avatar-96x96.png","contentUrl":"https:\/\/eldiariodelaeducacion.com\/wp-content\/uploads\/2024\/10\/redaccion_avatar-96x96.png","caption":"Redacci\u00f3n"},"url":"https:\/\/eldiariodelaeducacion.com\/extraeducacion\/author\/redaccion\/"}]}},"_links":{"self":[{"href":"https:\/\/eldiariodelaeducacion.com\/extraeducacion\/wp-json\/wp\/v2\/posts\/317","targetHints":{"allow":["GET"]}}],"collection":[{"href":"https:\/\/eldiariodelaeducacion.com\/extraeducacion\/wp-json\/wp\/v2\/posts"}],"about":[{"href":"https:\/\/eldiariodelaeducacion.com\/extraeducacion\/wp-json\/wp\/v2\/types\/post"}],"author":[{"embeddable":true,"href":"https:\/\/eldiariodelaeducacion.com\/extraeducacion\/wp-json\/wp\/v2\/users\/150"}],"replies":[{"embeddable":true,"href":"https:\/\/eldiariodelaeducacion.com\/extraeducacion\/wp-json\/wp\/v2\/comments?post=317"}],"version-history":[{"count":1,"href":"https:\/\/eldiariodelaeducacion.com\/extraeducacion\/wp-json\/wp\/v2\/posts\/317\/revisions"}],"predecessor-version":[{"id":800,"href":"https:\/\/eldiariodelaeducacion.com\/extraeducacion\/wp-json\/wp\/v2\/posts\/317\/revisions\/800"}],"wp:featuredmedia":[{"embeddable":true,"href":"https:\/\/eldiariodelaeducacion.com\/extraeducacion\/wp-json\/wp\/v2\/media\/318"}],"wp:attachment":[{"href":"https:\/\/eldiariodelaeducacion.com\/extraeducacion\/wp-json\/wp\/v2\/media?parent=317"}],"wp:term":[{"taxonomy":"category","embeddable":true,"href":"https:\/\/eldiariodelaeducacion.com\/extraeducacion\/wp-json\/wp\/v2\/categories?post=317"},{"taxonomy":"post_tag","embeddable":true,"href":"https:\/\/eldiariodelaeducacion.com\/extraeducacion\/wp-json\/wp\/v2\/tags?post=317"},{"taxonomy":"tipo","embeddable":true,"href":"https:\/\/eldiariodelaeducacion.com\/extraeducacion\/wp-json\/wp\/v2\/tipo?post=317"}],"curies":[{"name":"wp","href":"https:\/\/api.w.org\/{rel}","templated":true}]}}