{"id":323,"date":"2021-08-30T09:10:44","date_gmt":"2021-08-30T08:10:44","guid":{"rendered":"https:\/\/eldiariodelaeducacion.com\/extraeducacion\/?p=323"},"modified":"2024-07-29T10:14:53","modified_gmt":"2024-07-29T08:14:53","slug":"por-que-estudiar-educacion-infantil-salidas-profesionales","status":"publish","type":"post","link":"https:\/\/eldiariodelaeducacion.com\/extraeducacion\/2021\/08\/30\/por-que-estudiar-educacion-infantil-salidas-profesionales\/","title":{"rendered":"\u00bfPor qu\u00e9 estudiar educaci\u00f3n infantil? Salidas profesionales"},"content":{"rendered":"<p><strong>La Educaci\u00f3n Infantil es la primera etapa del sistema educativo<\/strong>, la base que prepara a los ni\u00f1os para comenzar la Educaci\u00f3n Primaria. Siendo esta la que asentar\u00e1 unos conocimientos b\u00e1sicos y esenciales, \u00fatiles para toda la vida.<\/p>\n<p>La influencia de los <strong>educadores infantiles<\/strong> deja una profunda huella en sus alumnos, tanto que les afectar\u00e1 de manera fundamental en las siguientes fases de su aprendizaje. Es esencial, por tanto, que estos primeros educadores, que participan de forma tan activa en la vida de los ni\u00f1os, cuenten con una <strong>buena formaci\u00f3n y amen decididamente su profesi\u00f3n<\/strong>. Y es que, sin lugar a dudas, se trata de una etapa en la que la implicaci\u00f3n de los maestros es fundamental para el correcto desarrollo acad\u00e9mico posterior de los alumnos.<\/p>\n<h3>\u00bfQu\u00e9 es la Educaci\u00f3n Infantil?<\/h3>\n<p>La <strong>Educaci\u00f3n Infantil<\/strong>, como se ha comentado con anterioridad, es el primer nivel del sistema educativo, precediendo a la Educaci\u00f3n Primaria. En esta etapa se ofrece el cuidado y la formaci\u00f3n adecuada a los ni\u00f1os menores de 6 a\u00f1os. Las tres \u00e1reas fundamentales que se trabajan son <strong>el autoconocimiento y la autonom\u00eda, el conocimiento del entorno y el desarrollo del lenguaje y la comunicaci\u00f3n<\/strong>.<\/p>\n<p><strong>La Educaci\u00f3n Infantil comprende losseis primeros a\u00f1os de vida<\/strong> de los ni\u00f1os y se divide en dos ciclos. El primer ciclo est\u00e1 destinado a los ni\u00f1os de <strong>0 a 3 a\u00f1os<\/strong> que se imparte en las escuelas infantiles. El segundo ciclo comprende a los ni\u00f1os de <strong>3 a 6 a\u00f1os<\/strong> y se concede en centros de educaci\u00f3n infantil o de primaria.<\/p>\n<p>Este profesional tiene responsabilidades con sus alumnos que van mucho m\u00e1s all\u00e1 de <strong>atender sus necesidades b\u00e1sicas<\/strong>, como ofrecerle compa\u00f1\u00eda, llevar a cabo el cambio de pa\u00f1al en las primeras etapas, ayudarle en la alimentaci\u00f3n\u2026 Este profesional debe <strong>organizar un ambiente apropiado y crear el clima adecuado<\/strong> para el correcto desarrollo de los menores a su cargo.<\/p>\n<p>Su trabajo est\u00e1 encaminado a <strong>potenciar la autonom\u00eda de los peque\u00f1os<\/strong> para que vayan alcanzando diferentes hitos en dependencia de su edad y a su grado de madurez. Los objetivos fundamentales son <strong>que los ni\u00f1os aprendan a comer solos y educarlos para que lleven a cabo una correcta higiene<\/strong> (cepillado de dientes, lavado de manos\u2026) e impulsar otros aprendizajes b\u00e1sicos, como la <strong>psicomotricidad y el lenguaje<\/strong>.<\/p>\n<p>Este profesional <strong>graduado en Educaci\u00f3n Infantil<\/strong> ha debido recibir la formaci\u00f3n necesaria para saber qu\u00e9 aprendizajes se pueden empezar a introducir en funci\u00f3n del desarrollo madurativo del menor. As\u00edmismo, tiene la responsabilidad de dise\u00f1ar una programaci\u00f3n anual que los recoja y planifique.<\/p>\n<h3>\u00bfPor qu\u00e9 estudiar Educaci\u00f3n Infantil?<\/h3>\n<p><strong>El principal motivo para estudiar el <a href=\"https:\/\/universidadeuropea.com\/grado-educacion-infantil-online\/\">Grado en Educaci\u00f3n Infantil<\/a> es poder convertir una vocaci\u00f3n en una profesi\u00f3n<\/strong>. Es la mejor carrera profesional para aquellos a los que le apasionan los ni\u00f1os, encontrando una salida laboral a su medida en la que poder compartir experiencias gratificantes involucr\u00e1ndose en el proceso de educaci\u00f3n de los m\u00e1s peque\u00f1os.<\/p>\n<p>Aunque trabajar con ni\u00f1os peque\u00f1os a veces puede ser dif\u00edcil y demandar altas dosis de paciencia, su educaci\u00f3n ofrece grandes satisfacciones a medida que se ve c\u00f3mo van evolucionando gracias al propio esfuerzo realizado. Ser observador en primera persona de su proceso de desarrollo durante sus primeros a\u00f1os de vida es una <strong>experiencia motivadora y estimulante<\/strong>.<\/p>\n<p>Adem\u00e1s, el <strong>perfil del educador ofrece una buena inserci\u00f3n laboral<\/strong> por contar con diferentes salidas profesionales.<\/p>\n<h3>Salidas profesionales del Grado de Educaci\u00f3n Infantil<\/h3>\n<p><strong>Las salidas laborales de la Educaci\u00f3n Infantil<\/strong> son muy variadas, empezando por convertirte en maestro de Educaci\u00f3n Infantil en centros o instituciones educativas, ya sean de car\u00e1cter p\u00fablico o privado. Otras posibilidades son la <strong>redacci\u00f3n de contenidos editoriales<\/strong> y otros elementos auxiliares que favorezcan el desarrollo de la profesi\u00f3n docente, <strong>la investigaci\u00f3n educativa<\/strong> o la colaboraci\u00f3n con entidades privadas sin \u00e1nimo de lucro, como las ONG.<\/p>\n<p>Otros centros educativos en los que se puede trabajar al estudiar Educaci\u00f3n Infantil son las <strong>academias privadas<\/strong>, brindando apoyo escolar, o liderar <strong>actividades extraescolares<\/strong> con equipos deportivos. Una opci\u00f3n de inserci\u00f3n laboral m\u00e1s es convertirse en <strong>animadores socioculturales<\/strong>, ya sea para teatros, museos, zool\u00f3gicos, parques, resorts o bibliotecas infantiles. Las posibilidades son muy extensas en este sector, pues son muchos los centros de diferentes actividades econ\u00f3micas que ofrecen el cuidado de los m\u00e1s peque\u00f1os para que los padres tengan tiempo para ellos mismos. Se destacan, entre otros, los hoteles, centros comerciales e, incluso, gimnasios.<\/p>\n<p>Los educadores infantiles tambi\u00e9n pueden desarrollarse profesionalmente en otras muchas instituciones, como son los hospitales, los centros penitenciarios o las casas de menores, en <strong>proyectos de atenci\u00f3n a la infancia y atenci\u00f3n familiar<\/strong>.<\/p>\n<p>Aquellos interesados en conocer m\u00e1s acerca del <strong>Grado de Educaci\u00f3n Infantil pueden entrar en universidadeuropea.com<\/strong> y recibir informaci\u00f3n sobre su programa educativo. Adem\u00e1s de ser un centro con prestigio internacional, cabe destacar las facilidades que ofrecen, al poder cursar este grado de forma presencial y tambi\u00e9n online.<\/p>\n","protected":false},"excerpt":{"rendered":"<p>La Educaci\u00f3n Infantil es la primera etapa del sistema educativo, la base que prepara a los ni\u00f1os para comenzar la Educaci\u00f3n Primaria. Siendo esta la que asentar\u00e1 unos conocimientos b\u00e1sicos y esenciales, \u00fatiles para toda la vida. La influencia de los educadores infantiles deja una profunda huella en sus alumnos, tanto que les afectar\u00e1 de<\/p>\n","protected":false},"author":150,"featured_media":324,"comment_status":"open","ping_status":"open","sticky":false,"template":"","format":"standard","meta":{"footnotes":""},"categories":[2],"tags":[11],"tipo":[30],"class_list":{"0":"post-323","1":"post","2":"type-post","3":"status-publish","4":"format-standard","5":"has-post-thumbnail","7":"category-extra-educacion","8":"tag-educacion-infantil","9":"tipo-actualidad"},"yoast_head":"<!-- This site is optimized with the Yoast SEO plugin v27.5 - https:\/\/yoast.com\/product\/yoast-seo-wordpress\/ -->\n<title>\u00bfPor qu\u00e9 estudiar educaci\u00f3n infantil? Salidas profesionales - Extra Educaci\u00f3n<\/title>\n<meta name=\"robots\" content=\"index, follow, max-snippet:-1, max-image-preview:large, max-video-preview:-1\" \/>\n<link rel=\"canonical\" href=\"https:\/\/eldiariodelaeducacion.com\/extraeducacion\/2021\/08\/30\/por-que-estudiar-educacion-infantil-salidas-profesionales\/\" \/>\n<meta property=\"og:locale\" content=\"es_ES\" \/>\n<meta property=\"og:type\" content=\"article\" \/>\n<meta property=\"og:title\" content=\"\u00bfPor qu\u00e9 estudiar educaci\u00f3n infantil? Salidas profesionales - Extra Educaci\u00f3n\" \/>\n<meta property=\"og:description\" content=\"La Educaci\u00f3n Infantil es la primera etapa del sistema educativo, la base que prepara a los ni\u00f1os para comenzar la Educaci\u00f3n Primaria. Siendo esta la que asentar\u00e1 unos conocimientos b\u00e1sicos y esenciales, \u00fatiles para toda la vida. La influencia de los educadores infantiles deja una profunda huella en sus alumnos, tanto que les afectar\u00e1 de\" \/>\n<meta property=\"og:url\" content=\"https:\/\/eldiariodelaeducacion.com\/extraeducacion\/2021\/08\/30\/por-que-estudiar-educacion-infantil-salidas-profesionales\/\" \/>\n<meta property=\"og:site_name\" content=\"Extra Educaci\u00f3n\" \/>\n<meta property=\"article:published_time\" content=\"2021-08-30T08:10:44+00:00\" \/>\n<meta property=\"article:modified_time\" content=\"2024-07-29T08:14:53+00:00\" \/>\n<meta property=\"og:image\" content=\"https:\/\/eldiariodelaeducacion.com\/extraeducacion\/wp-content\/uploads\/sites\/5\/2021\/08\/iStock-1173451698.jpg\" \/>\n\t<meta property=\"og:image:width\" content=\"1254\" \/>\n\t<meta property=\"og:image:height\" content=\"836\" \/>\n\t<meta property=\"og:image:type\" content=\"image\/jpeg\" \/>\n<meta name=\"author\" content=\"Redacci\u00f3n\" \/>\n<meta name=\"twitter:card\" content=\"summary_large_image\" \/>\n<meta name=\"twitter:label1\" content=\"Escrito por\" \/>\n\t<meta name=\"twitter:data1\" content=\"Redacci\u00f3n\" \/>\n\t<meta name=\"twitter:label2\" content=\"Tiempo de lectura\" \/>\n\t<meta name=\"twitter:data2\" content=\"4 minutos\" \/>\n<script type=\"application\/ld+json\" class=\"yoast-schema-graph\">{\"@context\":\"https:\\\/\\\/schema.org\",\"@graph\":[{\"@type\":\"Article\",\"@id\":\"https:\\\/\\\/eldiariodelaeducacion.com\\\/extraeducacion\\\/2021\\\/08\\\/30\\\/por-que-estudiar-educacion-infantil-salidas-profesionales\\\/#article\",\"isPartOf\":{\"@id\":\"https:\\\/\\\/eldiariodelaeducacion.com\\\/extraeducacion\\\/2021\\\/08\\\/30\\\/por-que-estudiar-educacion-infantil-salidas-profesionales\\\/\"},\"author\":{\"name\":\"Redacci\u00f3n\",\"@id\":\"https:\\\/\\\/eldiariodelaeducacion.com\\\/extraeducacion\\\/#\\\/schema\\\/person\\\/5228007cb64f7ca80adbd750a941d59c\"},\"headline\":\"\u00bfPor qu\u00e9 estudiar educaci\u00f3n infantil? Salidas profesionales\",\"datePublished\":\"2021-08-30T08:10:44+00:00\",\"dateModified\":\"2024-07-29T08:14:53+00:00\",\"mainEntityOfPage\":{\"@id\":\"https:\\\/\\\/eldiariodelaeducacion.com\\\/extraeducacion\\\/2021\\\/08\\\/30\\\/por-que-estudiar-educacion-infantil-salidas-profesionales\\\/\"},\"wordCount\":886,\"commentCount\":0,\"image\":{\"@id\":\"https:\\\/\\\/eldiariodelaeducacion.com\\\/extraeducacion\\\/2021\\\/08\\\/30\\\/por-que-estudiar-educacion-infantil-salidas-profesionales\\\/#primaryimage\"},\"thumbnailUrl\":\"https:\\\/\\\/eldiariodelaeducacion.com\\\/extraeducacion\\\/wp-content\\\/uploads\\\/sites\\\/5\\\/2021\\\/08\\\/iStock-1173451698.jpg\",\"keywords\":[\"Educaci\u00f3n infantil\"],\"articleSection\":[\"Extra educaci\u00f3n\"],\"inLanguage\":\"es\",\"potentialAction\":[{\"@type\":\"CommentAction\",\"name\":\"Comment\",\"target\":[\"https:\\\/\\\/eldiariodelaeducacion.com\\\/extraeducacion\\\/2021\\\/08\\\/30\\\/por-que-estudiar-educacion-infantil-salidas-profesionales\\\/#respond\"]}]},{\"@type\":\"WebPage\",\"@id\":\"https:\\\/\\\/eldiariodelaeducacion.com\\\/extraeducacion\\\/2021\\\/08\\\/30\\\/por-que-estudiar-educacion-infantil-salidas-profesionales\\\/\",\"url\":\"https:\\\/\\\/eldiariodelaeducacion.com\\\/extraeducacion\\\/2021\\\/08\\\/30\\\/por-que-estudiar-educacion-infantil-salidas-profesionales\\\/\",\"name\":\"\u00bfPor qu\u00e9 estudiar educaci\u00f3n infantil? Salidas profesionales - Extra Educaci\u00f3n\",\"isPartOf\":{\"@id\":\"https:\\\/\\\/eldiariodelaeducacion.com\\\/extraeducacion\\\/#website\"},\"primaryImageOfPage\":{\"@id\":\"https:\\\/\\\/eldiariodelaeducacion.com\\\/extraeducacion\\\/2021\\\/08\\\/30\\\/por-que-estudiar-educacion-infantil-salidas-profesionales\\\/#primaryimage\"},\"image\":{\"@id\":\"https:\\\/\\\/eldiariodelaeducacion.com\\\/extraeducacion\\\/2021\\\/08\\\/30\\\/por-que-estudiar-educacion-infantil-salidas-profesionales\\\/#primaryimage\"},\"thumbnailUrl\":\"https:\\\/\\\/eldiariodelaeducacion.com\\\/extraeducacion\\\/wp-content\\\/uploads\\\/sites\\\/5\\\/2021\\\/08\\\/iStock-1173451698.jpg\",\"datePublished\":\"2021-08-30T08:10:44+00:00\",\"dateModified\":\"2024-07-29T08:14:53+00:00\",\"author\":{\"@id\":\"https:\\\/\\\/eldiariodelaeducacion.com\\\/extraeducacion\\\/#\\\/schema\\\/person\\\/5228007cb64f7ca80adbd750a941d59c\"},\"breadcrumb\":{\"@id\":\"https:\\\/\\\/eldiariodelaeducacion.com\\\/extraeducacion\\\/2021\\\/08\\\/30\\\/por-que-estudiar-educacion-infantil-salidas-profesionales\\\/#breadcrumb\"},\"inLanguage\":\"es\",\"potentialAction\":[{\"@type\":\"ReadAction\",\"target\":[\"https:\\\/\\\/eldiariodelaeducacion.com\\\/extraeducacion\\\/2021\\\/08\\\/30\\\/por-que-estudiar-educacion-infantil-salidas-profesionales\\\/\"]}]},{\"@type\":\"ImageObject\",\"inLanguage\":\"es\",\"@id\":\"https:\\\/\\\/eldiariodelaeducacion.com\\\/extraeducacion\\\/2021\\\/08\\\/30\\\/por-que-estudiar-educacion-infantil-salidas-profesionales\\\/#primaryimage\",\"url\":\"https:\\\/\\\/eldiariodelaeducacion.com\\\/extraeducacion\\\/wp-content\\\/uploads\\\/sites\\\/5\\\/2021\\\/08\\\/iStock-1173451698.jpg\",\"contentUrl\":\"https:\\\/\\\/eldiariodelaeducacion.com\\\/extraeducacion\\\/wp-content\\\/uploads\\\/sites\\\/5\\\/2021\\\/08\\\/iStock-1173451698.jpg\",\"width\":1254,\"height\":836,\"caption\":\"iStock\"},{\"@type\":\"BreadcrumbList\",\"@id\":\"https:\\\/\\\/eldiariodelaeducacion.com\\\/extraeducacion\\\/2021\\\/08\\\/30\\\/por-que-estudiar-educacion-infantil-salidas-profesionales\\\/#breadcrumb\",\"itemListElement\":[{\"@type\":\"ListItem\",\"position\":1,\"name\":\"Portada\",\"item\":\"https:\\\/\\\/eldiariodelaeducacion.com\\\/extraeducacion\\\/\"},{\"@type\":\"ListItem\",\"position\":2,\"name\":\"\u00bfPor qu\u00e9 estudiar educaci\u00f3n infantil? Salidas profesionales\"}]},{\"@type\":\"WebSite\",\"@id\":\"https:\\\/\\\/eldiariodelaeducacion.com\\\/extraeducacion\\\/#website\",\"url\":\"https:\\\/\\\/eldiariodelaeducacion.com\\\/extraeducacion\\\/\",\"name\":\"Extra Educaci\u00f3n\",\"description\":\"Un blog de El Diario de la Educaci\u00f3n\",\"potentialAction\":[{\"@type\":\"SearchAction\",\"target\":{\"@type\":\"EntryPoint\",\"urlTemplate\":\"https:\\\/\\\/eldiariodelaeducacion.com\\\/extraeducacion\\\/?s={search_term_string}\"},\"query-input\":{\"@type\":\"PropertyValueSpecification\",\"valueRequired\":true,\"valueName\":\"search_term_string\"}}],\"inLanguage\":\"es\"},{\"@type\":\"Person\",\"@id\":\"https:\\\/\\\/eldiariodelaeducacion.com\\\/extraeducacion\\\/#\\\/schema\\\/person\\\/5228007cb64f7ca80adbd750a941d59c\",\"name\":\"Redacci\u00f3n\",\"image\":{\"@type\":\"ImageObject\",\"inLanguage\":\"es\",\"@id\":\"https:\\\/\\\/eldiariodelaeducacion.com\\\/wp-content\\\/uploads\\\/2024\\\/10\\\/redaccion_avatar-96x96.png\",\"url\":\"https:\\\/\\\/eldiariodelaeducacion.com\\\/wp-content\\\/uploads\\\/2024\\\/10\\\/redaccion_avatar-96x96.png\",\"contentUrl\":\"https:\\\/\\\/eldiariodelaeducacion.com\\\/wp-content\\\/uploads\\\/2024\\\/10\\\/redaccion_avatar-96x96.png\",\"caption\":\"Redacci\u00f3n\"},\"url\":\"https:\\\/\\\/eldiariodelaeducacion.com\\\/extraeducacion\\\/author\\\/redaccion\\\/\"}]}<\/script>\n<!-- \/ Yoast SEO plugin. -->","yoast_head_json":{"title":"\u00bfPor qu\u00e9 estudiar educaci\u00f3n infantil? Salidas profesionales - Extra Educaci\u00f3n","robots":{"index":"index","follow":"follow","max-snippet":"max-snippet:-1","max-image-preview":"max-image-preview:large","max-video-preview":"max-video-preview:-1"},"canonical":"https:\/\/eldiariodelaeducacion.com\/extraeducacion\/2021\/08\/30\/por-que-estudiar-educacion-infantil-salidas-profesionales\/","og_locale":"es_ES","og_type":"article","og_title":"\u00bfPor qu\u00e9 estudiar educaci\u00f3n infantil? Salidas profesionales - Extra Educaci\u00f3n","og_description":"La Educaci\u00f3n Infantil es la primera etapa del sistema educativo, la base que prepara a los ni\u00f1os para comenzar la Educaci\u00f3n Primaria. Siendo esta la que asentar\u00e1 unos conocimientos b\u00e1sicos y esenciales, \u00fatiles para toda la vida. La influencia de los educadores infantiles deja una profunda huella en sus alumnos, tanto que les afectar\u00e1 de","og_url":"https:\/\/eldiariodelaeducacion.com\/extraeducacion\/2021\/08\/30\/por-que-estudiar-educacion-infantil-salidas-profesionales\/","og_site_name":"Extra Educaci\u00f3n","article_published_time":"2021-08-30T08:10:44+00:00","article_modified_time":"2024-07-29T08:14:53+00:00","og_image":[{"width":1254,"height":836,"url":"https:\/\/eldiariodelaeducacion.com\/extraeducacion\/wp-content\/uploads\/sites\/5\/2021\/08\/iStock-1173451698.jpg","type":"image\/jpeg"}],"author":"Redacci\u00f3n","twitter_card":"summary_large_image","twitter_misc":{"Escrito por":"Redacci\u00f3n","Tiempo de lectura":"4 minutos"},"schema":{"@context":"https:\/\/schema.org","@graph":[{"@type":"Article","@id":"https:\/\/eldiariodelaeducacion.com\/extraeducacion\/2021\/08\/30\/por-que-estudiar-educacion-infantil-salidas-profesionales\/#article","isPartOf":{"@id":"https:\/\/eldiariodelaeducacion.com\/extraeducacion\/2021\/08\/30\/por-que-estudiar-educacion-infantil-salidas-profesionales\/"},"author":{"name":"Redacci\u00f3n","@id":"https:\/\/eldiariodelaeducacion.com\/extraeducacion\/#\/schema\/person\/5228007cb64f7ca80adbd750a941d59c"},"headline":"\u00bfPor qu\u00e9 estudiar educaci\u00f3n infantil? Salidas profesionales","datePublished":"2021-08-30T08:10:44+00:00","dateModified":"2024-07-29T08:14:53+00:00","mainEntityOfPage":{"@id":"https:\/\/eldiariodelaeducacion.com\/extraeducacion\/2021\/08\/30\/por-que-estudiar-educacion-infantil-salidas-profesionales\/"},"wordCount":886,"commentCount":0,"image":{"@id":"https:\/\/eldiariodelaeducacion.com\/extraeducacion\/2021\/08\/30\/por-que-estudiar-educacion-infantil-salidas-profesionales\/#primaryimage"},"thumbnailUrl":"https:\/\/eldiariodelaeducacion.com\/extraeducacion\/wp-content\/uploads\/sites\/5\/2021\/08\/iStock-1173451698.jpg","keywords":["Educaci\u00f3n infantil"],"articleSection":["Extra educaci\u00f3n"],"inLanguage":"es","potentialAction":[{"@type":"CommentAction","name":"Comment","target":["https:\/\/eldiariodelaeducacion.com\/extraeducacion\/2021\/08\/30\/por-que-estudiar-educacion-infantil-salidas-profesionales\/#respond"]}]},{"@type":"WebPage","@id":"https:\/\/eldiariodelaeducacion.com\/extraeducacion\/2021\/08\/30\/por-que-estudiar-educacion-infantil-salidas-profesionales\/","url":"https:\/\/eldiariodelaeducacion.com\/extraeducacion\/2021\/08\/30\/por-que-estudiar-educacion-infantil-salidas-profesionales\/","name":"\u00bfPor qu\u00e9 estudiar educaci\u00f3n infantil? Salidas profesionales - Extra Educaci\u00f3n","isPartOf":{"@id":"https:\/\/eldiariodelaeducacion.com\/extraeducacion\/#website"},"primaryImageOfPage":{"@id":"https:\/\/eldiariodelaeducacion.com\/extraeducacion\/2021\/08\/30\/por-que-estudiar-educacion-infantil-salidas-profesionales\/#primaryimage"},"image":{"@id":"https:\/\/eldiariodelaeducacion.com\/extraeducacion\/2021\/08\/30\/por-que-estudiar-educacion-infantil-salidas-profesionales\/#primaryimage"},"thumbnailUrl":"https:\/\/eldiariodelaeducacion.com\/extraeducacion\/wp-content\/uploads\/sites\/5\/2021\/08\/iStock-1173451698.jpg","datePublished":"2021-08-30T08:10:44+00:00","dateModified":"2024-07-29T08:14:53+00:00","author":{"@id":"https:\/\/eldiariodelaeducacion.com\/extraeducacion\/#\/schema\/person\/5228007cb64f7ca80adbd750a941d59c"},"breadcrumb":{"@id":"https:\/\/eldiariodelaeducacion.com\/extraeducacion\/2021\/08\/30\/por-que-estudiar-educacion-infantil-salidas-profesionales\/#breadcrumb"},"inLanguage":"es","potentialAction":[{"@type":"ReadAction","target":["https:\/\/eldiariodelaeducacion.com\/extraeducacion\/2021\/08\/30\/por-que-estudiar-educacion-infantil-salidas-profesionales\/"]}]},{"@type":"ImageObject","inLanguage":"es","@id":"https:\/\/eldiariodelaeducacion.com\/extraeducacion\/2021\/08\/30\/por-que-estudiar-educacion-infantil-salidas-profesionales\/#primaryimage","url":"https:\/\/eldiariodelaeducacion.com\/extraeducacion\/wp-content\/uploads\/sites\/5\/2021\/08\/iStock-1173451698.jpg","contentUrl":"https:\/\/eldiariodelaeducacion.com\/extraeducacion\/wp-content\/uploads\/sites\/5\/2021\/08\/iStock-1173451698.jpg","width":1254,"height":836,"caption":"iStock"},{"@type":"BreadcrumbList","@id":"https:\/\/eldiariodelaeducacion.com\/extraeducacion\/2021\/08\/30\/por-que-estudiar-educacion-infantil-salidas-profesionales\/#breadcrumb","itemListElement":[{"@type":"ListItem","position":1,"name":"Portada","item":"https:\/\/eldiariodelaeducacion.com\/extraeducacion\/"},{"@type":"ListItem","position":2,"name":"\u00bfPor qu\u00e9 estudiar educaci\u00f3n infantil? Salidas profesionales"}]},{"@type":"WebSite","@id":"https:\/\/eldiariodelaeducacion.com\/extraeducacion\/#website","url":"https:\/\/eldiariodelaeducacion.com\/extraeducacion\/","name":"Extra Educaci\u00f3n","description":"Un blog de El Diario de la Educaci\u00f3n","potentialAction":[{"@type":"SearchAction","target":{"@type":"EntryPoint","urlTemplate":"https:\/\/eldiariodelaeducacion.com\/extraeducacion\/?s={search_term_string}"},"query-input":{"@type":"PropertyValueSpecification","valueRequired":true,"valueName":"search_term_string"}}],"inLanguage":"es"},{"@type":"Person","@id":"https:\/\/eldiariodelaeducacion.com\/extraeducacion\/#\/schema\/person\/5228007cb64f7ca80adbd750a941d59c","name":"Redacci\u00f3n","image":{"@type":"ImageObject","inLanguage":"es","@id":"https:\/\/eldiariodelaeducacion.com\/wp-content\/uploads\/2024\/10\/redaccion_avatar-96x96.png","url":"https:\/\/eldiariodelaeducacion.com\/wp-content\/uploads\/2024\/10\/redaccion_avatar-96x96.png","contentUrl":"https:\/\/eldiariodelaeducacion.com\/wp-content\/uploads\/2024\/10\/redaccion_avatar-96x96.png","caption":"Redacci\u00f3n"},"url":"https:\/\/eldiariodelaeducacion.com\/extraeducacion\/author\/redaccion\/"}]}},"_links":{"self":[{"href":"https:\/\/eldiariodelaeducacion.com\/extraeducacion\/wp-json\/wp\/v2\/posts\/323","targetHints":{"allow":["GET"]}}],"collection":[{"href":"https:\/\/eldiariodelaeducacion.com\/extraeducacion\/wp-json\/wp\/v2\/posts"}],"about":[{"href":"https:\/\/eldiariodelaeducacion.com\/extraeducacion\/wp-json\/wp\/v2\/types\/post"}],"author":[{"embeddable":true,"href":"https:\/\/eldiariodelaeducacion.com\/extraeducacion\/wp-json\/wp\/v2\/users\/150"}],"replies":[{"embeddable":true,"href":"https:\/\/eldiariodelaeducacion.com\/extraeducacion\/wp-json\/wp\/v2\/comments?post=323"}],"version-history":[{"count":1,"href":"https:\/\/eldiariodelaeducacion.com\/extraeducacion\/wp-json\/wp\/v2\/posts\/323\/revisions"}],"predecessor-version":[{"id":801,"href":"https:\/\/eldiariodelaeducacion.com\/extraeducacion\/wp-json\/wp\/v2\/posts\/323\/revisions\/801"}],"wp:featuredmedia":[{"embeddable":true,"href":"https:\/\/eldiariodelaeducacion.com\/extraeducacion\/wp-json\/wp\/v2\/media\/324"}],"wp:attachment":[{"href":"https:\/\/eldiariodelaeducacion.com\/extraeducacion\/wp-json\/wp\/v2\/media?parent=323"}],"wp:term":[{"taxonomy":"category","embeddable":true,"href":"https:\/\/eldiariodelaeducacion.com\/extraeducacion\/wp-json\/wp\/v2\/categories?post=323"},{"taxonomy":"post_tag","embeddable":true,"href":"https:\/\/eldiariodelaeducacion.com\/extraeducacion\/wp-json\/wp\/v2\/tags?post=323"},{"taxonomy":"tipo","embeddable":true,"href":"https:\/\/eldiariodelaeducacion.com\/extraeducacion\/wp-json\/wp\/v2\/tipo?post=323"}],"curies":[{"name":"wp","href":"https:\/\/api.w.org\/{rel}","templated":true}]}}