{"id":462,"date":"2022-10-21T06:00:21","date_gmt":"2022-10-21T05:00:21","guid":{"rendered":"https:\/\/eldiariodelaeducacion.com\/extraeducacion\/?p=462"},"modified":"2024-07-29T10:14:54","modified_gmt":"2024-07-29T08:14:54","slug":"mas-de-2-500-profesores-mejoran-su-competencia-digital-docente-con-hp-y-amd","status":"publish","type":"post","link":"https:\/\/eldiariodelaeducacion.com\/extraeducacion\/2022\/10\/21\/mas-de-2-500-profesores-mejoran-su-competencia-digital-docente-con-hp-y-amd\/","title":{"rendered":"M\u00e1s de 2.500 profesores mejoran su Competencia Digital Docente con HP y AMD"},"content":{"rendered":"<p>En estos momentos, hay tres palabras en el \u00e1mbito educativo que todo el mundo conoce: Competencia- Digital-Docente. Estos tres vocablos se han convertido en trending topic en educaci\u00f3n, pues los docentes deben contar con una certificaci\u00f3n de sus destrezas digitales antes de 2024.<\/p>\n<p>Por este motivo, HP Educaci\u00f3n junto con AMD, ha llevado a cabo en Espa\u00f1a una campa\u00f1a de impacto real en la docencia. Dentro de una estrategia global con el objetivo de conseguir para 2030 la equidad digital en 150 millones de personas, ambas instituciones han puesto en marcha un conjunto de acciones para la mejor de la Competencia Digital que han alcanzado a m\u00e1s de 2.500 profesores.<\/p>\n<p>Esta campa\u00f1a se ha traducido en acciones formativas en Competencia Digital Docente dirigidas a los profesores, as\u00ed como en el desarrollo de un estudio sobre las destrezas digitales realizado a esos docentes de manera previa a su formaci\u00f3n. Estos resultados, aparte de ser parte indispensable a la hora de iniciar la formaci\u00f3n, revelan una imagen actualizada del grado de competencia digital del sector educativo.<\/p>\n<h3>Pero \u00bfqu\u00e9 es la Competencia Digital?<\/h3>\n<p>Por si todav\u00eda no est\u00e1 claro, definamos brevemente el concepto. Seg\u00fan el Marco del Intef, las tecnolog\u00edas son un objeto en s\u00ed de aprendizaje que, junto a la lectoescritura o el c\u00e1lculo, son parte de la alfabetizaci\u00f3n b\u00e1sica de toda ciudadan\u00eda. Por ello trabajar y abordar las competencias digitales de los docentes es algo clave.<\/p>\n<p>Podr\u00edamos indicar que la competencia digital es aquella destreza que implica el uso creativo, cr\u00edtico y seguro de las tecnolog\u00edas de la informaci\u00f3n y la comunicaci\u00f3n.<\/p>\n<p>Buscando su definici\u00f3n en su versi\u00f3n docente, siguiendo el Marco de Referencia de la Competencia Digital Docente (MRCDD), podr\u00edamos describirla como \u201cla integraci\u00f3n de conocimientos, destrezas, habilidades y actitudes que han de ponerse simult\u00e1neamente en juego para desempe\u00f1ar sus funciones implementando las tecnolog\u00edas digitales y para resolver los problemas e imprevistos que pudieran presentarse en una situaci\u00f3n singular concreta como profesionales de la educaci\u00f3n\u201d.<\/p>\n<h3>Desarrollo de la Competencia Digital Docente<\/h3>\n<p>M\u00e1s all\u00e1 de los muchos motivos que podr\u00edamos argumentar sobre el por qu\u00e9 se ha de mejorar la CDD, como son la mejora de capacidades, destrezas y habilidades del siglo XXI, podr\u00edamos afirmar que este desarrollo ayuda a los profesionales de la formaci\u00f3n reglada y no reglada a mejorar en su \u00e1mbito ya no solo laboral, sino tambi\u00e9n personal.<\/p>\n<p>Tambi\u00e9n hay que tener en cuenta que no solo existe este MRCDD, sino que convive con otros marcos de referencia: el de organizaciones educativas digitalmente competentes (DigCompOrg) y el de las competencias digitales de la ciudadan\u00eda (DigComp), que nos invitan a formar un ecosistema coherente y cohesionado.<\/p>\n<p>Adem\u00e1s, el marco de referencia CDD va un paso m\u00e1s all\u00e1, pues no solo consiste en que el docente mejore competencialmente, sino que todo ese conocimiento y mejora, de alguna manera debe llegar tambi\u00e9n a los alumnos.<\/p>\n<p>De esta manera, HP y AMD detectan que, potenciando la Competencia Digital Docente, se impacta tambi\u00e9n en el \u00e1mbito social y personal, favoreciendo la reducci\u00f3n de la brecha digital. El compromiso con la sostenibilidad que mantienen estas instituciones se ve reflejado en esta apuesta por empoderar a profesores que hagan lo propio con sus alumnos.<\/p>\n<h3>\u00bfC\u00f3mo se estructura seg\u00fan el Marco?<\/h3>\n<p>El MRCDD del Intef, bebe del marco europeo DigCompEdu y habla de seis \u00e1reas centradas en los diferentes aspectos de las actividades profesionales de los docentes:<\/p>\n<p style=\"padding-left: 40px\">\u00c1rea 1: Compromiso profesional.<\/p>\n<p style=\"padding-left: 40px\">\u00c1rea 2: Contenidos digitales.<\/p>\n<p style=\"padding-left: 40px\">\u00c1rea 3: Ense\u00f1anza y aprendizaje.<\/p>\n<p style=\"padding-left: 40px\">\u00c1rea 4: Evaluaci\u00f3n y retroalimentaci\u00f3n.<\/p>\n<p style=\"padding-left: 40px\">\u00c1rea 5: Empoderamiento del alumnado.<\/p>\n<p style=\"padding-left: 40px\">\u00c1rea 6: Desarrollo de la competencia digital del alumnado.<\/p>\n<p>En cuanto a los distintos niveles y la mejora dentro de las \u00e1reas y competencias digitales, debemos conocer que el modelo de progresi\u00f3n del marco se estructura en tres etapas, cada una de las cuales recoge dos niveles. Esta nomenclatura se ha tomado del Marco de Referencia de las Lenguas. La estructura es muy sencilla, basado en letras, siendo cada una de ellas una etapa (A, B y C) y dentro de cada etapa, dos niveles num\u00e9ricos (1 y 2), lo que permite a los docentes poder ir mejorando en una escala desde el nivel m\u00e1s bajo A1, hasta el m\u00e1s alto C2.<\/p>\n<h3>Diagn\u00f3stico sobre la CDD en Espa\u00f1a<\/h3>\n<p>El estudio desarrollado por HP, AMD y la consultora educativa Grupo AE, surge con la idea de ayudar a los docentes en la mejora y progresi\u00f3n de sus capacidades digitales. El diagn\u00f3stico permite ver c\u00f3mo est\u00e1 actualmente el sector educativo en cuanto a competencia digital y c\u00f3mo a trav\u00e9s de la formaci\u00f3n se puede obtener una mejora significativa.<br \/>\nPara ello, se ha contado en este estudio con m\u00e1s de 2500 docentes de todo el territorio nacional, a los cuales se les ha realizado en un primer momento y antes de comenzar formaci\u00f3n alguna, un an\u00e1lisis previo. Estos son los datos que arroja:<\/p>\n<p><img fetchpriority=\"high\" decoding=\"async\" class=\"alignnone wp-image-463\" src=\"https:\/\/eldiariodelaeducacion.com\/extraeducacion\/wp-content\/uploads\/sites\/24\/2022\/10\/Diseno-sin-titulo-2-300x284.jpg\" alt=\"\" width=\"820\" height=\"777\" srcset=\"https:\/\/eldiariodelaeducacion.com\/extraeducacion\/wp-content\/uploads\/sites\/5\/2022\/10\/Diseno-sin-titulo-2-300x284.jpg 300w, https:\/\/eldiariodelaeducacion.com\/extraeducacion\/wp-content\/uploads\/sites\/5\/2022\/10\/Diseno-sin-titulo-2-1024x971.jpg 1024w, https:\/\/eldiariodelaeducacion.com\/extraeducacion\/wp-content\/uploads\/sites\/5\/2022\/10\/Diseno-sin-titulo-2-768x728.jpg 768w, https:\/\/eldiariodelaeducacion.com\/extraeducacion\/wp-content\/uploads\/sites\/5\/2022\/10\/Diseno-sin-titulo-2.jpg 1478w\" sizes=\"(max-width: 820px) 100vw, 820px\" \/><\/p>\n<p>Como podemos observar, el arco m\u00e1s amplio lo encontramos desde el nivel A1 hasta el nivel B1, siendo el nivel A1 el mayoritario en las \u00e1reas 2, 4, 5 y 6. Por otro lado en las \u00e1reas 1 y 3 el nivel mayoritario es un A2.<\/p>\n<p>Son pocos los docentes que podemos encontrar en los niveles m\u00e1s altos (desde el B2 al C2), en gran medida por la propia dificultad que presenta el salto a estos niveles m\u00e1s enfocados en la colaboraci\u00f3n y creaci\u00f3n, y que en gran medida necesitan de una formaci\u00f3n o acompa\u00f1amiento por tutores para lograr alcanzar esta etapa.<\/p>\n<p>M\u00e1s all\u00e1 de los niveles de las competencias que acabamos de ver, destacamos algunos datos muy interesantes:<\/p>\n<p>De los m\u00e1s de 2500 docentes, es interesante recalcar que casi el 66% son mujeres, mientras que hombres son el 32%, por lo que vemos que hay m\u00e1s del doble de mujeres que hombres en nuestro estudio, con una edad media de 42,5 a\u00f1os.<\/p>\n<p>Para poder personalizar la formaci\u00f3n al detalle, la encuesta preguntaba a las docentes en qu\u00e9 etapa educativa trabajan, arrojando este sondeo los siguientes datos: 36,6% son profesores y profesoras de la etapa de Primaria, el 30% de Educaci\u00f3n Secundaria Obligatoria, un 11,6% de la etapa de Infantil, y por debajo del 6% docentes de Bachillerato y Formaci\u00f3n Profesional.<\/p>\n<p>A estos datos de etapa educativa, sumamos los datos de la tecnolog\u00eda y dispositivos que utilizan los docentes, ganando con una amplia mayor\u00eda la tecnolog\u00eda Google, con casi un 63% por el 14% y 11% respectivos de Microsoft y Apple. Este dato nos hace entender que la gran mayor\u00eda de los usuarios usan ordenador port\u00e1til para trabajar, un 62%, de los cuales casi un 10% trabaja ya con ordenadores de tipo Chromebook. Tambi\u00e9n es interesante el dato de uso m\u00f3vil para la formaci\u00f3n, alcanzando un 21%.<\/p>\n<p>Si nos fijamos en otro tipo de datos, podemos ver que casi un 88% cuentan con una formaci\u00f3n de Grado o Licenciatura. Dentro de este punto destacamos a un 21% con un M\u00e1ster y casi un 2% de doctorados. Y si nos fijamos en las especialidades, nos encontramos con una amplia mayor\u00eda de las ramas de Humanidades y Ciencias Sociales sobre el resto, con un casi 30% frente al 17,4% de Ciencia y Tecnolog\u00eda o del 14% de idiomas.<\/p>\n<p><img decoding=\"async\" class=\"alignnone wp-image-467\" src=\"https:\/\/eldiariodelaeducacion.com\/extraeducacion\/wp-content\/uploads\/sites\/24\/2022\/10\/PXL_20220602_155202153-1-300x191.jpg\" alt=\"\" width=\"820\" height=\"522\" srcset=\"https:\/\/eldiariodelaeducacion.com\/extraeducacion\/wp-content\/uploads\/sites\/5\/2022\/10\/PXL_20220602_155202153-1-300x191.jpg 300w, https:\/\/eldiariodelaeducacion.com\/extraeducacion\/wp-content\/uploads\/sites\/5\/2022\/10\/PXL_20220602_155202153-1-1024x652.jpg 1024w, https:\/\/eldiariodelaeducacion.com\/extraeducacion\/wp-content\/uploads\/sites\/5\/2022\/10\/PXL_20220602_155202153-1-768x489.jpg 768w, https:\/\/eldiariodelaeducacion.com\/extraeducacion\/wp-content\/uploads\/sites\/5\/2022\/10\/PXL_20220602_155202153-1.jpg 1214w\" sizes=\"(max-width: 820px) 100vw, 820px\" \/><\/p>\n<h3>Una formaci\u00f3n en Competencia Digital Docente organizada y con sentido<\/h3>\n<p>El otro pilar de esta campa\u00f1a son las formaciones. Los cursos desarrollados por HP y AMD junto a Grupo AE giran, como hemos visto, en torno al Marco de Referencia de la Competencia Digital Docente (CompDigEdu).<\/p>\n<p>Tras realizar la encuesta inicial individual a cada docente, se obtiene un estudio pormenorizado del nivel de cada docente en cada una de las \u00e1reas del CompDigEdu. Esto sirve de punto de partida para conocer a cada usuario y ver qu\u00e9 necesidades tiene.<\/p>\n<p>Una vez realizado el an\u00e1lisis, el siguiente paso es recomendar al docente el nivel que debe cursar dentro de los niveles que encontramos en el CompDigEdu. En este caso, los cursos se han dividido en tres niveles de progreso, Explora (A1-A2), Act\u00faa (B1-B2) e Innova (C1-C2).<\/p>\n<p>Con estas premisas, la formaci\u00f3n ha estado adaptada en todo momento a cada usuario, pero no solo por nivel de conocimientos y competencia, sino por la tecnolog\u00eda educativa que utilizan, en su amplia mayor\u00eda Google o Microsoft. Para cerrar el c\u00edrculo y personalizar al m\u00e1ximo la formaci\u00f3n, cada docente trabaja resolviendo retos seg\u00fan la etapa educativa en la que es especialista, ya que nada tiene que ver c\u00f3mo trabaja un docente de infantil y una docente de secundaria o cualquier otra etapa. De esta manera, cada docente se ha enfrentado a un desaf\u00edo real, basado en las casu\u00edsticas que pudiese encontrarse en su d\u00eda a d\u00eda en el aula.<\/p>\n<p>A trav\u00e9s de esta metodolog\u00eda, se ha logrado formar a m\u00e1s de 2500 docentes, ayud\u00e1ndoles a iniciarse en el mundo digital o a mejorar sus competencias digitales, siempre orientado a su aplicaci\u00f3n y uso en el aula, con el fin de que los alumnos tambi\u00e9n puedan acceder a estas mejoras y al desarrollo de su propia competencia digital.<\/p>\n<p>Gracias a esta formaci\u00f3n, este n\u00famero de docentes han podido incrementar su nivel de competencia digital. No obstante, esta mejora debe de ir acompa\u00f1ada de una consistencia en el trabajo y aplicaci\u00f3n de los conocimientos adquiridos para mantener y poder seguir mejorando su nivel. La tecnolog\u00eda avanza a pasos agigantados y en la medida de lo posible hay que seguir su ritmo.<\/p>\n<p>Estos cursos han sido dise\u00f1ados para que el docente que los curse tenga la oportunidad de alcanzar el nivel m\u00e1ximo dentro de cada etapa (A1-C2). Esto le permite aumentar sus conocimientos o afianzarlos de cara a dar el salto para la siguiente etapa, en el momento que el docente considere oportuno. La adquisici\u00f3n de competencias, destrezas y habilidades requiere de unos tiempos de asimilaci\u00f3n e interiorizaci\u00f3n independientes en cada persona.<\/p>\n<p>Como resultado de estas acciones, m\u00e1s de 2500 profesores de distintos centros e instituciones educativas han podido mejorar sus capacidades digitales gracias a esta oferta formativa promovida por HP Educaci\u00f3n junto a AMD.<\/p>\n","protected":false},"excerpt":{"rendered":"<p>En estos momentos, hay tres palabras en el \u00e1mbito educativo que todo el mundo conoce: Competencia- Digital-Docente. Estos tres vocablos se han convertido en trending topic en educaci\u00f3n, pues los docentes deben contar con una certificaci\u00f3n de sus destrezas digitales antes de 2024. Por este motivo, HP Educaci\u00f3n junto con AMD, ha llevado a cabo<\/p>\n","protected":false},"author":150,"featured_media":466,"comment_status":"open","ping_status":"open","sticky":false,"template":"","format":"standard","meta":{"footnotes":""},"categories":[2],"tags":[14],"tipo":[30],"class_list":{"0":"post-462","1":"post","2":"type-post","3":"status-publish","4":"format-standard","5":"has-post-thumbnail","7":"category-extra-educacion","8":"tag-competencia-digital-docente","9":"tipo-actualidad"},"yoast_head":"<!-- This site is optimized with the Yoast SEO plugin v27.5 - https:\/\/yoast.com\/product\/yoast-seo-wordpress\/ -->\n<title>M\u00e1s de 2.500 profesores mejoran su Competencia Digital Docente con HP y AMD - Extra Educaci\u00f3n<\/title>\n<meta name=\"robots\" content=\"index, follow, max-snippet:-1, max-image-preview:large, max-video-preview:-1\" \/>\n<link rel=\"canonical\" href=\"https:\/\/eldiariodelaeducacion.com\/extraeducacion\/2022\/10\/21\/mas-de-2-500-profesores-mejoran-su-competencia-digital-docente-con-hp-y-amd\/\" \/>\n<meta property=\"og:locale\" content=\"es_ES\" \/>\n<meta property=\"og:type\" content=\"article\" \/>\n<meta property=\"og:title\" content=\"M\u00e1s de 2.500 profesores mejoran su Competencia Digital Docente con HP y AMD - Extra Educaci\u00f3n\" \/>\n<meta property=\"og:description\" content=\"En estos momentos, hay tres palabras en el \u00e1mbito educativo que todo el mundo conoce: Competencia- Digital-Docente. Estos tres vocablos se han convertido en trending topic en educaci\u00f3n, pues los docentes deben contar con una certificaci\u00f3n de sus destrezas digitales antes de 2024. Por este motivo, HP Educaci\u00f3n junto con AMD, ha llevado a cabo\" \/>\n<meta property=\"og:url\" content=\"https:\/\/eldiariodelaeducacion.com\/extraeducacion\/2022\/10\/21\/mas-de-2-500-profesores-mejoran-su-competencia-digital-docente-con-hp-y-amd\/\" \/>\n<meta property=\"og:site_name\" content=\"Extra Educaci\u00f3n\" \/>\n<meta property=\"article:published_time\" content=\"2022-10-21T05:00:21+00:00\" \/>\n<meta property=\"article:modified_time\" content=\"2024-07-29T08:14:54+00:00\" \/>\n<meta property=\"og:image\" content=\"https:\/\/eldiariodelaeducacion.com\/extraeducacion\/wp-content\/uploads\/sites\/5\/2022\/10\/CDD-AMD-HP1.jpg\" \/>\n\t<meta property=\"og:image:width\" content=\"1024\" \/>\n\t<meta property=\"og:image:height\" content=\"718\" \/>\n\t<meta property=\"og:image:type\" content=\"image\/jpeg\" \/>\n<meta name=\"author\" content=\"Redacci\u00f3n\" \/>\n<meta name=\"twitter:card\" content=\"summary_large_image\" \/>\n<meta name=\"twitter:label1\" content=\"Escrito por\" \/>\n\t<meta name=\"twitter:data1\" content=\"Redacci\u00f3n\" \/>\n\t<meta name=\"twitter:label2\" content=\"Tiempo de lectura\" \/>\n\t<meta name=\"twitter:data2\" content=\"9 minutos\" \/>\n<script type=\"application\/ld+json\" class=\"yoast-schema-graph\">{\"@context\":\"https:\\\/\\\/schema.org\",\"@graph\":[{\"@type\":\"Article\",\"@id\":\"https:\\\/\\\/eldiariodelaeducacion.com\\\/extraeducacion\\\/2022\\\/10\\\/21\\\/mas-de-2-500-profesores-mejoran-su-competencia-digital-docente-con-hp-y-amd\\\/#article\",\"isPartOf\":{\"@id\":\"https:\\\/\\\/eldiariodelaeducacion.com\\\/extraeducacion\\\/2022\\\/10\\\/21\\\/mas-de-2-500-profesores-mejoran-su-competencia-digital-docente-con-hp-y-amd\\\/\"},\"author\":{\"name\":\"Redacci\u00f3n\",\"@id\":\"https:\\\/\\\/eldiariodelaeducacion.com\\\/extraeducacion\\\/#\\\/schema\\\/person\\\/5228007cb64f7ca80adbd750a941d59c\"},\"headline\":\"M\u00e1s de 2.500 profesores mejoran su Competencia Digital Docente con HP y AMD\",\"datePublished\":\"2022-10-21T05:00:21+00:00\",\"dateModified\":\"2024-07-29T08:14:54+00:00\",\"mainEntityOfPage\":{\"@id\":\"https:\\\/\\\/eldiariodelaeducacion.com\\\/extraeducacion\\\/2022\\\/10\\\/21\\\/mas-de-2-500-profesores-mejoran-su-competencia-digital-docente-con-hp-y-amd\\\/\"},\"wordCount\":1755,\"commentCount\":0,\"image\":{\"@id\":\"https:\\\/\\\/eldiariodelaeducacion.com\\\/extraeducacion\\\/2022\\\/10\\\/21\\\/mas-de-2-500-profesores-mejoran-su-competencia-digital-docente-con-hp-y-amd\\\/#primaryimage\"},\"thumbnailUrl\":\"https:\\\/\\\/eldiariodelaeducacion.com\\\/extraeducacion\\\/wp-content\\\/uploads\\\/sites\\\/5\\\/2022\\\/10\\\/CDD-AMD-HP1.jpg\",\"keywords\":[\"Competencia digital docente\"],\"articleSection\":[\"Extra educaci\u00f3n\"],\"inLanguage\":\"es\",\"potentialAction\":[{\"@type\":\"CommentAction\",\"name\":\"Comment\",\"target\":[\"https:\\\/\\\/eldiariodelaeducacion.com\\\/extraeducacion\\\/2022\\\/10\\\/21\\\/mas-de-2-500-profesores-mejoran-su-competencia-digital-docente-con-hp-y-amd\\\/#respond\"]}]},{\"@type\":\"WebPage\",\"@id\":\"https:\\\/\\\/eldiariodelaeducacion.com\\\/extraeducacion\\\/2022\\\/10\\\/21\\\/mas-de-2-500-profesores-mejoran-su-competencia-digital-docente-con-hp-y-amd\\\/\",\"url\":\"https:\\\/\\\/eldiariodelaeducacion.com\\\/extraeducacion\\\/2022\\\/10\\\/21\\\/mas-de-2-500-profesores-mejoran-su-competencia-digital-docente-con-hp-y-amd\\\/\",\"name\":\"M\u00e1s de 2.500 profesores mejoran su Competencia Digital Docente con HP y AMD - Extra Educaci\u00f3n\",\"isPartOf\":{\"@id\":\"https:\\\/\\\/eldiariodelaeducacion.com\\\/extraeducacion\\\/#website\"},\"primaryImageOfPage\":{\"@id\":\"https:\\\/\\\/eldiariodelaeducacion.com\\\/extraeducacion\\\/2022\\\/10\\\/21\\\/mas-de-2-500-profesores-mejoran-su-competencia-digital-docente-con-hp-y-amd\\\/#primaryimage\"},\"image\":{\"@id\":\"https:\\\/\\\/eldiariodelaeducacion.com\\\/extraeducacion\\\/2022\\\/10\\\/21\\\/mas-de-2-500-profesores-mejoran-su-competencia-digital-docente-con-hp-y-amd\\\/#primaryimage\"},\"thumbnailUrl\":\"https:\\\/\\\/eldiariodelaeducacion.com\\\/extraeducacion\\\/wp-content\\\/uploads\\\/sites\\\/5\\\/2022\\\/10\\\/CDD-AMD-HP1.jpg\",\"datePublished\":\"2022-10-21T05:00:21+00:00\",\"dateModified\":\"2024-07-29T08:14:54+00:00\",\"author\":{\"@id\":\"https:\\\/\\\/eldiariodelaeducacion.com\\\/extraeducacion\\\/#\\\/schema\\\/person\\\/5228007cb64f7ca80adbd750a941d59c\"},\"breadcrumb\":{\"@id\":\"https:\\\/\\\/eldiariodelaeducacion.com\\\/extraeducacion\\\/2022\\\/10\\\/21\\\/mas-de-2-500-profesores-mejoran-su-competencia-digital-docente-con-hp-y-amd\\\/#breadcrumb\"},\"inLanguage\":\"es\",\"potentialAction\":[{\"@type\":\"ReadAction\",\"target\":[\"https:\\\/\\\/eldiariodelaeducacion.com\\\/extraeducacion\\\/2022\\\/10\\\/21\\\/mas-de-2-500-profesores-mejoran-su-competencia-digital-docente-con-hp-y-amd\\\/\"]}]},{\"@type\":\"ImageObject\",\"inLanguage\":\"es\",\"@id\":\"https:\\\/\\\/eldiariodelaeducacion.com\\\/extraeducacion\\\/2022\\\/10\\\/21\\\/mas-de-2-500-profesores-mejoran-su-competencia-digital-docente-con-hp-y-amd\\\/#primaryimage\",\"url\":\"https:\\\/\\\/eldiariodelaeducacion.com\\\/extraeducacion\\\/wp-content\\\/uploads\\\/sites\\\/5\\\/2022\\\/10\\\/CDD-AMD-HP1.jpg\",\"contentUrl\":\"https:\\\/\\\/eldiariodelaeducacion.com\\\/extraeducacion\\\/wp-content\\\/uploads\\\/sites\\\/5\\\/2022\\\/10\\\/CDD-AMD-HP1.jpg\",\"width\":1024,\"height\":718},{\"@type\":\"BreadcrumbList\",\"@id\":\"https:\\\/\\\/eldiariodelaeducacion.com\\\/extraeducacion\\\/2022\\\/10\\\/21\\\/mas-de-2-500-profesores-mejoran-su-competencia-digital-docente-con-hp-y-amd\\\/#breadcrumb\",\"itemListElement\":[{\"@type\":\"ListItem\",\"position\":1,\"name\":\"Portada\",\"item\":\"https:\\\/\\\/eldiariodelaeducacion.com\\\/extraeducacion\\\/\"},{\"@type\":\"ListItem\",\"position\":2,\"name\":\"M\u00e1s de 2.500 profesores mejoran su Competencia Digital Docente con HP y AMD\"}]},{\"@type\":\"WebSite\",\"@id\":\"https:\\\/\\\/eldiariodelaeducacion.com\\\/extraeducacion\\\/#website\",\"url\":\"https:\\\/\\\/eldiariodelaeducacion.com\\\/extraeducacion\\\/\",\"name\":\"Extra Educaci\u00f3n\",\"description\":\"Un blog de El Diario de la Educaci\u00f3n\",\"potentialAction\":[{\"@type\":\"SearchAction\",\"target\":{\"@type\":\"EntryPoint\",\"urlTemplate\":\"https:\\\/\\\/eldiariodelaeducacion.com\\\/extraeducacion\\\/?s={search_term_string}\"},\"query-input\":{\"@type\":\"PropertyValueSpecification\",\"valueRequired\":true,\"valueName\":\"search_term_string\"}}],\"inLanguage\":\"es\"},{\"@type\":\"Person\",\"@id\":\"https:\\\/\\\/eldiariodelaeducacion.com\\\/extraeducacion\\\/#\\\/schema\\\/person\\\/5228007cb64f7ca80adbd750a941d59c\",\"name\":\"Redacci\u00f3n\",\"image\":{\"@type\":\"ImageObject\",\"inLanguage\":\"es\",\"@id\":\"https:\\\/\\\/eldiariodelaeducacion.com\\\/wp-content\\\/uploads\\\/2024\\\/10\\\/redaccion_avatar-96x96.png\",\"url\":\"https:\\\/\\\/eldiariodelaeducacion.com\\\/wp-content\\\/uploads\\\/2024\\\/10\\\/redaccion_avatar-96x96.png\",\"contentUrl\":\"https:\\\/\\\/eldiariodelaeducacion.com\\\/wp-content\\\/uploads\\\/2024\\\/10\\\/redaccion_avatar-96x96.png\",\"caption\":\"Redacci\u00f3n\"},\"url\":\"https:\\\/\\\/eldiariodelaeducacion.com\\\/extraeducacion\\\/author\\\/redaccion\\\/\"}]}<\/script>\n<!-- \/ Yoast SEO plugin. -->","yoast_head_json":{"title":"M\u00e1s de 2.500 profesores mejoran su Competencia Digital Docente con HP y AMD - Extra Educaci\u00f3n","robots":{"index":"index","follow":"follow","max-snippet":"max-snippet:-1","max-image-preview":"max-image-preview:large","max-video-preview":"max-video-preview:-1"},"canonical":"https:\/\/eldiariodelaeducacion.com\/extraeducacion\/2022\/10\/21\/mas-de-2-500-profesores-mejoran-su-competencia-digital-docente-con-hp-y-amd\/","og_locale":"es_ES","og_type":"article","og_title":"M\u00e1s de 2.500 profesores mejoran su Competencia Digital Docente con HP y AMD - Extra Educaci\u00f3n","og_description":"En estos momentos, hay tres palabras en el \u00e1mbito educativo que todo el mundo conoce: Competencia- Digital-Docente. Estos tres vocablos se han convertido en trending topic en educaci\u00f3n, pues los docentes deben contar con una certificaci\u00f3n de sus destrezas digitales antes de 2024. Por este motivo, HP Educaci\u00f3n junto con AMD, ha llevado a cabo","og_url":"https:\/\/eldiariodelaeducacion.com\/extraeducacion\/2022\/10\/21\/mas-de-2-500-profesores-mejoran-su-competencia-digital-docente-con-hp-y-amd\/","og_site_name":"Extra Educaci\u00f3n","article_published_time":"2022-10-21T05:00:21+00:00","article_modified_time":"2024-07-29T08:14:54+00:00","og_image":[{"width":1024,"height":718,"url":"https:\/\/eldiariodelaeducacion.com\/extraeducacion\/wp-content\/uploads\/sites\/5\/2022\/10\/CDD-AMD-HP1.jpg","type":"image\/jpeg"}],"author":"Redacci\u00f3n","twitter_card":"summary_large_image","twitter_misc":{"Escrito por":"Redacci\u00f3n","Tiempo de lectura":"9 minutos"},"schema":{"@context":"https:\/\/schema.org","@graph":[{"@type":"Article","@id":"https:\/\/eldiariodelaeducacion.com\/extraeducacion\/2022\/10\/21\/mas-de-2-500-profesores-mejoran-su-competencia-digital-docente-con-hp-y-amd\/#article","isPartOf":{"@id":"https:\/\/eldiariodelaeducacion.com\/extraeducacion\/2022\/10\/21\/mas-de-2-500-profesores-mejoran-su-competencia-digital-docente-con-hp-y-amd\/"},"author":{"name":"Redacci\u00f3n","@id":"https:\/\/eldiariodelaeducacion.com\/extraeducacion\/#\/schema\/person\/5228007cb64f7ca80adbd750a941d59c"},"headline":"M\u00e1s de 2.500 profesores mejoran su Competencia Digital Docente con HP y AMD","datePublished":"2022-10-21T05:00:21+00:00","dateModified":"2024-07-29T08:14:54+00:00","mainEntityOfPage":{"@id":"https:\/\/eldiariodelaeducacion.com\/extraeducacion\/2022\/10\/21\/mas-de-2-500-profesores-mejoran-su-competencia-digital-docente-con-hp-y-amd\/"},"wordCount":1755,"commentCount":0,"image":{"@id":"https:\/\/eldiariodelaeducacion.com\/extraeducacion\/2022\/10\/21\/mas-de-2-500-profesores-mejoran-su-competencia-digital-docente-con-hp-y-amd\/#primaryimage"},"thumbnailUrl":"https:\/\/eldiariodelaeducacion.com\/extraeducacion\/wp-content\/uploads\/sites\/5\/2022\/10\/CDD-AMD-HP1.jpg","keywords":["Competencia digital docente"],"articleSection":["Extra educaci\u00f3n"],"inLanguage":"es","potentialAction":[{"@type":"CommentAction","name":"Comment","target":["https:\/\/eldiariodelaeducacion.com\/extraeducacion\/2022\/10\/21\/mas-de-2-500-profesores-mejoran-su-competencia-digital-docente-con-hp-y-amd\/#respond"]}]},{"@type":"WebPage","@id":"https:\/\/eldiariodelaeducacion.com\/extraeducacion\/2022\/10\/21\/mas-de-2-500-profesores-mejoran-su-competencia-digital-docente-con-hp-y-amd\/","url":"https:\/\/eldiariodelaeducacion.com\/extraeducacion\/2022\/10\/21\/mas-de-2-500-profesores-mejoran-su-competencia-digital-docente-con-hp-y-amd\/","name":"M\u00e1s de 2.500 profesores mejoran su Competencia Digital Docente con HP y AMD - Extra Educaci\u00f3n","isPartOf":{"@id":"https:\/\/eldiariodelaeducacion.com\/extraeducacion\/#website"},"primaryImageOfPage":{"@id":"https:\/\/eldiariodelaeducacion.com\/extraeducacion\/2022\/10\/21\/mas-de-2-500-profesores-mejoran-su-competencia-digital-docente-con-hp-y-amd\/#primaryimage"},"image":{"@id":"https:\/\/eldiariodelaeducacion.com\/extraeducacion\/2022\/10\/21\/mas-de-2-500-profesores-mejoran-su-competencia-digital-docente-con-hp-y-amd\/#primaryimage"},"thumbnailUrl":"https:\/\/eldiariodelaeducacion.com\/extraeducacion\/wp-content\/uploads\/sites\/5\/2022\/10\/CDD-AMD-HP1.jpg","datePublished":"2022-10-21T05:00:21+00:00","dateModified":"2024-07-29T08:14:54+00:00","author":{"@id":"https:\/\/eldiariodelaeducacion.com\/extraeducacion\/#\/schema\/person\/5228007cb64f7ca80adbd750a941d59c"},"breadcrumb":{"@id":"https:\/\/eldiariodelaeducacion.com\/extraeducacion\/2022\/10\/21\/mas-de-2-500-profesores-mejoran-su-competencia-digital-docente-con-hp-y-amd\/#breadcrumb"},"inLanguage":"es","potentialAction":[{"@type":"ReadAction","target":["https:\/\/eldiariodelaeducacion.com\/extraeducacion\/2022\/10\/21\/mas-de-2-500-profesores-mejoran-su-competencia-digital-docente-con-hp-y-amd\/"]}]},{"@type":"ImageObject","inLanguage":"es","@id":"https:\/\/eldiariodelaeducacion.com\/extraeducacion\/2022\/10\/21\/mas-de-2-500-profesores-mejoran-su-competencia-digital-docente-con-hp-y-amd\/#primaryimage","url":"https:\/\/eldiariodelaeducacion.com\/extraeducacion\/wp-content\/uploads\/sites\/5\/2022\/10\/CDD-AMD-HP1.jpg","contentUrl":"https:\/\/eldiariodelaeducacion.com\/extraeducacion\/wp-content\/uploads\/sites\/5\/2022\/10\/CDD-AMD-HP1.jpg","width":1024,"height":718},{"@type":"BreadcrumbList","@id":"https:\/\/eldiariodelaeducacion.com\/extraeducacion\/2022\/10\/21\/mas-de-2-500-profesores-mejoran-su-competencia-digital-docente-con-hp-y-amd\/#breadcrumb","itemListElement":[{"@type":"ListItem","position":1,"name":"Portada","item":"https:\/\/eldiariodelaeducacion.com\/extraeducacion\/"},{"@type":"ListItem","position":2,"name":"M\u00e1s de 2.500 profesores mejoran su Competencia Digital Docente con HP y AMD"}]},{"@type":"WebSite","@id":"https:\/\/eldiariodelaeducacion.com\/extraeducacion\/#website","url":"https:\/\/eldiariodelaeducacion.com\/extraeducacion\/","name":"Extra Educaci\u00f3n","description":"Un blog de El Diario de la Educaci\u00f3n","potentialAction":[{"@type":"SearchAction","target":{"@type":"EntryPoint","urlTemplate":"https:\/\/eldiariodelaeducacion.com\/extraeducacion\/?s={search_term_string}"},"query-input":{"@type":"PropertyValueSpecification","valueRequired":true,"valueName":"search_term_string"}}],"inLanguage":"es"},{"@type":"Person","@id":"https:\/\/eldiariodelaeducacion.com\/extraeducacion\/#\/schema\/person\/5228007cb64f7ca80adbd750a941d59c","name":"Redacci\u00f3n","image":{"@type":"ImageObject","inLanguage":"es","@id":"https:\/\/eldiariodelaeducacion.com\/wp-content\/uploads\/2024\/10\/redaccion_avatar-96x96.png","url":"https:\/\/eldiariodelaeducacion.com\/wp-content\/uploads\/2024\/10\/redaccion_avatar-96x96.png","contentUrl":"https:\/\/eldiariodelaeducacion.com\/wp-content\/uploads\/2024\/10\/redaccion_avatar-96x96.png","caption":"Redacci\u00f3n"},"url":"https:\/\/eldiariodelaeducacion.com\/extraeducacion\/author\/redaccion\/"}]}},"_links":{"self":[{"href":"https:\/\/eldiariodelaeducacion.com\/extraeducacion\/wp-json\/wp\/v2\/posts\/462","targetHints":{"allow":["GET"]}}],"collection":[{"href":"https:\/\/eldiariodelaeducacion.com\/extraeducacion\/wp-json\/wp\/v2\/posts"}],"about":[{"href":"https:\/\/eldiariodelaeducacion.com\/extraeducacion\/wp-json\/wp\/v2\/types\/post"}],"author":[{"embeddable":true,"href":"https:\/\/eldiariodelaeducacion.com\/extraeducacion\/wp-json\/wp\/v2\/users\/150"}],"replies":[{"embeddable":true,"href":"https:\/\/eldiariodelaeducacion.com\/extraeducacion\/wp-json\/wp\/v2\/comments?post=462"}],"version-history":[{"count":1,"href":"https:\/\/eldiariodelaeducacion.com\/extraeducacion\/wp-json\/wp\/v2\/posts\/462\/revisions"}],"predecessor-version":[{"id":821,"href":"https:\/\/eldiariodelaeducacion.com\/extraeducacion\/wp-json\/wp\/v2\/posts\/462\/revisions\/821"}],"wp:featuredmedia":[{"embeddable":true,"href":"https:\/\/eldiariodelaeducacion.com\/extraeducacion\/wp-json\/wp\/v2\/media\/466"}],"wp:attachment":[{"href":"https:\/\/eldiariodelaeducacion.com\/extraeducacion\/wp-json\/wp\/v2\/media?parent=462"}],"wp:term":[{"taxonomy":"category","embeddable":true,"href":"https:\/\/eldiariodelaeducacion.com\/extraeducacion\/wp-json\/wp\/v2\/categories?post=462"},{"taxonomy":"post_tag","embeddable":true,"href":"https:\/\/eldiariodelaeducacion.com\/extraeducacion\/wp-json\/wp\/v2\/tags?post=462"},{"taxonomy":"tipo","embeddable":true,"href":"https:\/\/eldiariodelaeducacion.com\/extraeducacion\/wp-json\/wp\/v2\/tipo?post=462"}],"curies":[{"name":"wp","href":"https:\/\/api.w.org\/{rel}","templated":true}]}}