{"id":489,"date":"2022-11-28T12:53:47","date_gmt":"2022-11-28T11:53:47","guid":{"rendered":"https:\/\/eldiariodelaeducacion.com\/extraeducacion\/?p=489"},"modified":"2024-07-29T10:14:54","modified_gmt":"2024-07-29T08:14:54","slug":"los-mejores-ciclos-medios-y-superiores-de-sanidad-que-puedes-cursar-en-2023","status":"publish","type":"post","link":"https:\/\/eldiariodelaeducacion.com\/extraeducacion\/2022\/11\/28\/los-mejores-ciclos-medios-y-superiores-de-sanidad-que-puedes-cursar-en-2023\/","title":{"rendered":"Los mejores ciclos medios y superiores de sanidad que puedes cursar en 2023"},"content":{"rendered":"<p>La <strong>formaci\u00f3n profesional<\/strong> es un campo de estudio al que cada vez acceden m\u00e1s personas, de todas las edades y con todo tipo de curriculums. Este tipo de <strong>formaci\u00f3n agrupa lo mejor de la teor\u00eda y la pr\u00e1ctica<\/strong> en una serie de <strong>cursos presenciales y online<\/strong> que pueden suponer un aut\u00e9ntico cambio para la vida de cualquiera.<\/p>\n<p>As\u00ed, gracias a que en los \u00faltimos a\u00f1os se ha hecho un esfuerzo por mejorar el acceso y los contenidos a la <strong>formaci\u00f3n profesional<\/strong> es porque muchas personas ven como una buena alternativa hoy en d\u00eda <strong>estudiar un<\/strong> <a href=\"https:\/\/www.ilerna.es\/es\/fp-a-distancia\">ciclo medio sanidad<\/a>, un sector con una amplia<strong> proyecci\u00f3n de futuro<\/strong> en el que, sin duda, muchos estudiantes encontrar\u00e1n su <strong>hueco en el mercado laboral<\/strong>.<\/p>\n<p>Por todo esto, en el d\u00eda de hoy hemos querido analizar cu\u00e1les son <strong>los ciclos medios y superiores del sector de la sanidad<\/strong> que estar\u00e1n triunfando entre los estudiantes durante el pr\u00f3ximo a\u00f1o 2023.<\/p>\n<h3>Los mejores ciclos medios de sanidad<\/h3>\n<p>Para todas aquellas personas que est\u00e9n buscando una <strong>formaci\u00f3n profesional con la que iniciarse en el sector de la sanidad<\/strong>, estos ciclos medios ser\u00e1n la forma definitiva para encontrar una educaci\u00f3n a medida, con contenidos te\u00f3ricos y pr\u00e1cticos y con la que poder empezar a trabajar.<\/p>\n<h4>Auxiliar de enfermer\u00eda<\/h4>\n<p>El <strong>ciclo medio de Auxiliar de Enfermer\u00eda<\/strong> se presenta como una de las alternativas con mayor aceptaci\u00f3n dentro de los futuros profesionales sanitarios. Gracias a este ciclo, los estudiantes podr\u00e1n<strong> iniciarse en el mundo de la Sanidad<\/strong> conociendo, de primera mano, los materiales que se utilizan, la preparaci\u00f3n que conllevan, el cuidado al paciente o la forma de acompa\u00f1amiento a un m\u00e9dico o enfermero. As\u00ed, este ciclo incluye toda la <strong>informaci\u00f3n te\u00f3rica y pr\u00e1ctica<\/strong> que cualquier estudiante puede necesitar para <strong>formar parte de un equipo sanitario<\/strong>, as\u00ed sea en un <strong>hospital<\/strong>, en una <strong>cl\u00ednica dental<\/strong> o en un centro geri\u00e1trico, entre muchas otras opciones.<\/p>\n<h4>Emergencias sanitarias<\/h4>\n<p>Una de las profesiones m\u00e1s imprescindibles dentro del sistema sanitario de nuestro pa\u00eds son las <strong>emergencias sanitarias<\/strong>. Gracias a este grado medio, cualquier estudiante puede acceder al contenido m\u00e1s importante acerca de todo tipo de emergencias sanitarias, pudiendo jugar un papel fundamental a la hora de <strong>prestar primeros auxilios, atenci\u00f3n sanitaria b\u00e1sica<\/strong> a los pacientes o sobre c\u00f3mo intervenir en caso de una <strong>emergencia colectiva<\/strong>. As\u00ed, tambi\u00e9n se trabajan los traslados seguros de pacientes, evacuaciones, as\u00ed como t\u00e9cnicas de movilizaci\u00f3n e inmovilizaci\u00f3n para garantizar siempre <strong>los mejores resultados ante emergencias<\/strong>.<\/p>\n<h3>Los ciclos superiores de sanidad m\u00e1s interesantes<\/h3>\n<p>En caso de que se busque una mejora profesional, se quieran ampliar conocimientos o se quiera <strong>acceder a alg\u00fan puesto t\u00e9cnico dentro del sector de la sanidad<\/strong>, los ciclos superiores son una alternativa m\u00e1s que interesante. En este caso, los <strong>ciclos superiores en sanidad<\/strong> ofrecen<strong> formaci\u00f3n altamente especializada<\/strong> con la que cualquier alumno podr\u00e1 especializarse en el campo que m\u00e1s le motive y encontrar un trabajo a su medida.<\/p>\n<h4>Imagen para el Diagn\u00f3stico y Medicina Nuclear<\/h4>\n<p>Hoy en d\u00eda, son muchos los alumnos interesados por el \u00e1rea de la sanidad que se deciden a especializarse para trabajar como <strong>T\u00e9cnicos Superiores en Imagen para el Diagn\u00f3stico y Medicina Nuclear<\/strong>. Gracias a este tipo de ciclos superiores, muchos perfiles de estudiantes pueden acceder a una formaci\u00f3n t\u00e9cnica con la que trabajan con <strong>equipos de rayos X<\/strong>, <strong>resonancias magn\u00e9ticas o medicina nuclear<\/strong>, entre otros. Adem\u00e1s, esta formaci\u00f3n tambi\u00e9n incluye <strong>toda la teor\u00eda necesaria para comprender el mundo del diagn\u00f3stico<\/strong>, con todo tipo de informaci\u00f3n acerca de c\u00f3mo interpretar resultados y c\u00f3mo gestionar a los pacientes en esta situaci\u00f3n.<\/p>\n<h4>Documentaci\u00f3n y Administraci\u00f3n Sanitarias<\/h4>\n<p>Uno de los ciclos superiores menos conocidos del sector sanitario, pero tambi\u00e9n con mayor proyecci\u00f3n laboral, es el ciclo de <strong>Documentaci\u00f3n y Administraci\u00f3n Sanitarias<\/strong>. Si lo que buscas es consolidar tu perfil profesional desarrollando <strong>funciones administrativas<\/strong> dentro del sistema sanitario, este ser\u00e1 el ciclo superior perfecto para ti. En \u00e9l, se trabajan contenidos enfocados a <strong>recoger datos, elaborar documentos<\/strong> esenciales para los servicios sanitarios o <strong>gestionar historiales cl\u00ednicos<\/strong>. Adem\u00e1s, tambi\u00e9n se trabaja de forma te\u00f3rica y pr\u00e1ctica para que los estudiantes puedan <strong>extraer, volcar y codificar todo tipo de datos<\/strong> cl\u00ednicos de manera eficiente.<\/p>\n<h4>Laboratorio Cl\u00ednico y Biom\u00e9dico<\/h4>\n<p>Finalmente, la \u00faltima opci\u00f3n de ciclo superior que os recomendamos para cursar el pr\u00f3ximo a\u00f1o 2023 es la titulaci\u00f3n en<strong> T\u00e9cnico Superior de Laboratorio Cl\u00ednico y Biom\u00e9dico<\/strong>. Para todos aquellos perfiles de estudiantes a los que les apasiona la <strong>investigaci\u00f3n<\/strong>, este ciclo superior se consolida a\u00f1o tras a\u00f1o tambi\u00e9n como uno de los m\u00e1s solicitados. En \u00e9l, se realizan trabajos sobre an\u00e1lisis de muestras biol\u00f3gicas, todo tipo de <strong>estudios bioqu\u00edmicos o gen\u00e9ticos<\/strong>, as\u00ed como tambi\u00e9n a <strong>analizar y extraer resultados<\/strong> de estas muestras. Una excelente alternativa para todos aquellos estudiantes que quieran trabajar en un futuro en laboratorios cl\u00ednicos de diagn\u00f3stico, en centros de <strong>investigaci\u00f3n biom\u00e9dica<\/strong> o realizando proyectos de experimentaci\u00f3n.<\/p>\n","protected":false},"excerpt":{"rendered":"<p>La formaci\u00f3n profesional es un campo de estudio al que cada vez acceden m\u00e1s personas, de todas las edades y con todo tipo de curriculums. Este tipo de formaci\u00f3n agrupa lo mejor de la teor\u00eda y la pr\u00e1ctica en una serie de cursos presenciales y online que pueden suponer un aut\u00e9ntico cambio para la vida<\/p>\n","protected":false},"author":150,"featured_media":490,"comment_status":"open","ping_status":"open","sticky":false,"template":"","format":"standard","meta":{"footnotes":""},"categories":[2],"tags":[],"tipo":[30],"class_list":{"0":"post-489","1":"post","2":"type-post","3":"status-publish","4":"format-standard","5":"has-post-thumbnail","7":"category-extra-educacion","8":"tipo-actualidad"},"yoast_head":"<!-- This site is optimized with the Yoast SEO plugin v27.5 - https:\/\/yoast.com\/product\/yoast-seo-wordpress\/ -->\n<title>Los mejores ciclos medios y superiores de sanidad que puedes cursar en 2023 - Extra Educaci\u00f3n<\/title>\n<meta name=\"robots\" content=\"index, follow, max-snippet:-1, max-image-preview:large, max-video-preview:-1\" \/>\n<link rel=\"canonical\" href=\"https:\/\/eldiariodelaeducacion.com\/extraeducacion\/2022\/11\/28\/los-mejores-ciclos-medios-y-superiores-de-sanidad-que-puedes-cursar-en-2023\/\" \/>\n<meta property=\"og:locale\" content=\"es_ES\" \/>\n<meta property=\"og:type\" content=\"article\" \/>\n<meta property=\"og:title\" content=\"Los mejores ciclos medios y superiores de sanidad que puedes cursar en 2023 - Extra Educaci\u00f3n\" \/>\n<meta property=\"og:description\" content=\"La formaci\u00f3n profesional es un campo de estudio al que cada vez acceden m\u00e1s personas, de todas las edades y con todo tipo de curriculums. Este tipo de formaci\u00f3n agrupa lo mejor de la teor\u00eda y la pr\u00e1ctica en una serie de cursos presenciales y online que pueden suponer un aut\u00e9ntico cambio para la vida\" \/>\n<meta property=\"og:url\" content=\"https:\/\/eldiariodelaeducacion.com\/extraeducacion\/2022\/11\/28\/los-mejores-ciclos-medios-y-superiores-de-sanidad-que-puedes-cursar-en-2023\/\" \/>\n<meta property=\"og:site_name\" content=\"Extra Educaci\u00f3n\" \/>\n<meta property=\"article:published_time\" content=\"2022-11-28T11:53:47+00:00\" \/>\n<meta property=\"article:modified_time\" content=\"2024-07-29T08:14:54+00:00\" \/>\n<meta property=\"og:image\" content=\"https:\/\/eldiariodelaeducacion.com\/extraeducacion\/wp-content\/uploads\/sites\/5\/2022\/11\/GettyImages-1337470128.jpg\" \/>\n\t<meta property=\"og:image:width\" content=\"2121\" \/>\n\t<meta property=\"og:image:height\" content=\"1414\" \/>\n\t<meta property=\"og:image:type\" content=\"image\/jpeg\" \/>\n<meta name=\"author\" content=\"Redacci\u00f3n\" \/>\n<meta name=\"twitter:card\" content=\"summary_large_image\" \/>\n<meta name=\"twitter:label1\" content=\"Escrito por\" \/>\n\t<meta name=\"twitter:data1\" content=\"Redacci\u00f3n\" \/>\n\t<meta name=\"twitter:label2\" content=\"Tiempo de lectura\" \/>\n\t<meta name=\"twitter:data2\" content=\"5 minutos\" \/>\n<script type=\"application\/ld+json\" class=\"yoast-schema-graph\">{\"@context\":\"https:\\\/\\\/schema.org\",\"@graph\":[{\"@type\":\"Article\",\"@id\":\"https:\\\/\\\/eldiariodelaeducacion.com\\\/extraeducacion\\\/2022\\\/11\\\/28\\\/los-mejores-ciclos-medios-y-superiores-de-sanidad-que-puedes-cursar-en-2023\\\/#article\",\"isPartOf\":{\"@id\":\"https:\\\/\\\/eldiariodelaeducacion.com\\\/extraeducacion\\\/2022\\\/11\\\/28\\\/los-mejores-ciclos-medios-y-superiores-de-sanidad-que-puedes-cursar-en-2023\\\/\"},\"author\":{\"name\":\"Redacci\u00f3n\",\"@id\":\"https:\\\/\\\/eldiariodelaeducacion.com\\\/extraeducacion\\\/#\\\/schema\\\/person\\\/5228007cb64f7ca80adbd750a941d59c\"},\"headline\":\"Los mejores ciclos medios y superiores de sanidad que puedes cursar en 2023\",\"datePublished\":\"2022-11-28T11:53:47+00:00\",\"dateModified\":\"2024-07-29T08:14:54+00:00\",\"mainEntityOfPage\":{\"@id\":\"https:\\\/\\\/eldiariodelaeducacion.com\\\/extraeducacion\\\/2022\\\/11\\\/28\\\/los-mejores-ciclos-medios-y-superiores-de-sanidad-que-puedes-cursar-en-2023\\\/\"},\"wordCount\":912,\"commentCount\":0,\"image\":{\"@id\":\"https:\\\/\\\/eldiariodelaeducacion.com\\\/extraeducacion\\\/2022\\\/11\\\/28\\\/los-mejores-ciclos-medios-y-superiores-de-sanidad-que-puedes-cursar-en-2023\\\/#primaryimage\"},\"thumbnailUrl\":\"https:\\\/\\\/eldiariodelaeducacion.com\\\/extraeducacion\\\/wp-content\\\/uploads\\\/sites\\\/5\\\/2022\\\/11\\\/GettyImages-1337470128.jpg\",\"articleSection\":[\"Extra educaci\u00f3n\"],\"inLanguage\":\"es\",\"potentialAction\":[{\"@type\":\"CommentAction\",\"name\":\"Comment\",\"target\":[\"https:\\\/\\\/eldiariodelaeducacion.com\\\/extraeducacion\\\/2022\\\/11\\\/28\\\/los-mejores-ciclos-medios-y-superiores-de-sanidad-que-puedes-cursar-en-2023\\\/#respond\"]}]},{\"@type\":\"WebPage\",\"@id\":\"https:\\\/\\\/eldiariodelaeducacion.com\\\/extraeducacion\\\/2022\\\/11\\\/28\\\/los-mejores-ciclos-medios-y-superiores-de-sanidad-que-puedes-cursar-en-2023\\\/\",\"url\":\"https:\\\/\\\/eldiariodelaeducacion.com\\\/extraeducacion\\\/2022\\\/11\\\/28\\\/los-mejores-ciclos-medios-y-superiores-de-sanidad-que-puedes-cursar-en-2023\\\/\",\"name\":\"Los mejores ciclos medios y superiores de sanidad que puedes cursar en 2023 - Extra Educaci\u00f3n\",\"isPartOf\":{\"@id\":\"https:\\\/\\\/eldiariodelaeducacion.com\\\/extraeducacion\\\/#website\"},\"primaryImageOfPage\":{\"@id\":\"https:\\\/\\\/eldiariodelaeducacion.com\\\/extraeducacion\\\/2022\\\/11\\\/28\\\/los-mejores-ciclos-medios-y-superiores-de-sanidad-que-puedes-cursar-en-2023\\\/#primaryimage\"},\"image\":{\"@id\":\"https:\\\/\\\/eldiariodelaeducacion.com\\\/extraeducacion\\\/2022\\\/11\\\/28\\\/los-mejores-ciclos-medios-y-superiores-de-sanidad-que-puedes-cursar-en-2023\\\/#primaryimage\"},\"thumbnailUrl\":\"https:\\\/\\\/eldiariodelaeducacion.com\\\/extraeducacion\\\/wp-content\\\/uploads\\\/sites\\\/5\\\/2022\\\/11\\\/GettyImages-1337470128.jpg\",\"datePublished\":\"2022-11-28T11:53:47+00:00\",\"dateModified\":\"2024-07-29T08:14:54+00:00\",\"author\":{\"@id\":\"https:\\\/\\\/eldiariodelaeducacion.com\\\/extraeducacion\\\/#\\\/schema\\\/person\\\/5228007cb64f7ca80adbd750a941d59c\"},\"breadcrumb\":{\"@id\":\"https:\\\/\\\/eldiariodelaeducacion.com\\\/extraeducacion\\\/2022\\\/11\\\/28\\\/los-mejores-ciclos-medios-y-superiores-de-sanidad-que-puedes-cursar-en-2023\\\/#breadcrumb\"},\"inLanguage\":\"es\",\"potentialAction\":[{\"@type\":\"ReadAction\",\"target\":[\"https:\\\/\\\/eldiariodelaeducacion.com\\\/extraeducacion\\\/2022\\\/11\\\/28\\\/los-mejores-ciclos-medios-y-superiores-de-sanidad-que-puedes-cursar-en-2023\\\/\"]}]},{\"@type\":\"ImageObject\",\"inLanguage\":\"es\",\"@id\":\"https:\\\/\\\/eldiariodelaeducacion.com\\\/extraeducacion\\\/2022\\\/11\\\/28\\\/los-mejores-ciclos-medios-y-superiores-de-sanidad-que-puedes-cursar-en-2023\\\/#primaryimage\",\"url\":\"https:\\\/\\\/eldiariodelaeducacion.com\\\/extraeducacion\\\/wp-content\\\/uploads\\\/sites\\\/5\\\/2022\\\/11\\\/GettyImages-1337470128.jpg\",\"contentUrl\":\"https:\\\/\\\/eldiariodelaeducacion.com\\\/extraeducacion\\\/wp-content\\\/uploads\\\/sites\\\/5\\\/2022\\\/11\\\/GettyImages-1337470128.jpg\",\"width\":2121,\"height\":1414,\"caption\":\"Gettyimages\"},{\"@type\":\"BreadcrumbList\",\"@id\":\"https:\\\/\\\/eldiariodelaeducacion.com\\\/extraeducacion\\\/2022\\\/11\\\/28\\\/los-mejores-ciclos-medios-y-superiores-de-sanidad-que-puedes-cursar-en-2023\\\/#breadcrumb\",\"itemListElement\":[{\"@type\":\"ListItem\",\"position\":1,\"name\":\"Portada\",\"item\":\"https:\\\/\\\/eldiariodelaeducacion.com\\\/extraeducacion\\\/\"},{\"@type\":\"ListItem\",\"position\":2,\"name\":\"Los mejores ciclos medios y superiores de sanidad que puedes cursar en 2023\"}]},{\"@type\":\"WebSite\",\"@id\":\"https:\\\/\\\/eldiariodelaeducacion.com\\\/extraeducacion\\\/#website\",\"url\":\"https:\\\/\\\/eldiariodelaeducacion.com\\\/extraeducacion\\\/\",\"name\":\"Extra Educaci\u00f3n\",\"description\":\"Un blog de El Diario de la Educaci\u00f3n\",\"potentialAction\":[{\"@type\":\"SearchAction\",\"target\":{\"@type\":\"EntryPoint\",\"urlTemplate\":\"https:\\\/\\\/eldiariodelaeducacion.com\\\/extraeducacion\\\/?s={search_term_string}\"},\"query-input\":{\"@type\":\"PropertyValueSpecification\",\"valueRequired\":true,\"valueName\":\"search_term_string\"}}],\"inLanguage\":\"es\"},{\"@type\":\"Person\",\"@id\":\"https:\\\/\\\/eldiariodelaeducacion.com\\\/extraeducacion\\\/#\\\/schema\\\/person\\\/5228007cb64f7ca80adbd750a941d59c\",\"name\":\"Redacci\u00f3n\",\"image\":{\"@type\":\"ImageObject\",\"inLanguage\":\"es\",\"@id\":\"https:\\\/\\\/eldiariodelaeducacion.com\\\/wp-content\\\/uploads\\\/2024\\\/10\\\/redaccion_avatar-96x96.png\",\"url\":\"https:\\\/\\\/eldiariodelaeducacion.com\\\/wp-content\\\/uploads\\\/2024\\\/10\\\/redaccion_avatar-96x96.png\",\"contentUrl\":\"https:\\\/\\\/eldiariodelaeducacion.com\\\/wp-content\\\/uploads\\\/2024\\\/10\\\/redaccion_avatar-96x96.png\",\"caption\":\"Redacci\u00f3n\"},\"url\":\"https:\\\/\\\/eldiariodelaeducacion.com\\\/extraeducacion\\\/author\\\/redaccion\\\/\"}]}<\/script>\n<!-- \/ Yoast SEO plugin. -->","yoast_head_json":{"title":"Los mejores ciclos medios y superiores de sanidad que puedes cursar en 2023 - Extra Educaci\u00f3n","robots":{"index":"index","follow":"follow","max-snippet":"max-snippet:-1","max-image-preview":"max-image-preview:large","max-video-preview":"max-video-preview:-1"},"canonical":"https:\/\/eldiariodelaeducacion.com\/extraeducacion\/2022\/11\/28\/los-mejores-ciclos-medios-y-superiores-de-sanidad-que-puedes-cursar-en-2023\/","og_locale":"es_ES","og_type":"article","og_title":"Los mejores ciclos medios y superiores de sanidad que puedes cursar en 2023 - Extra Educaci\u00f3n","og_description":"La formaci\u00f3n profesional es un campo de estudio al que cada vez acceden m\u00e1s personas, de todas las edades y con todo tipo de curriculums. Este tipo de formaci\u00f3n agrupa lo mejor de la teor\u00eda y la pr\u00e1ctica en una serie de cursos presenciales y online que pueden suponer un aut\u00e9ntico cambio para la vida","og_url":"https:\/\/eldiariodelaeducacion.com\/extraeducacion\/2022\/11\/28\/los-mejores-ciclos-medios-y-superiores-de-sanidad-que-puedes-cursar-en-2023\/","og_site_name":"Extra Educaci\u00f3n","article_published_time":"2022-11-28T11:53:47+00:00","article_modified_time":"2024-07-29T08:14:54+00:00","og_image":[{"width":2121,"height":1414,"url":"https:\/\/eldiariodelaeducacion.com\/extraeducacion\/wp-content\/uploads\/sites\/5\/2022\/11\/GettyImages-1337470128.jpg","type":"image\/jpeg"}],"author":"Redacci\u00f3n","twitter_card":"summary_large_image","twitter_misc":{"Escrito por":"Redacci\u00f3n","Tiempo de lectura":"5 minutos"},"schema":{"@context":"https:\/\/schema.org","@graph":[{"@type":"Article","@id":"https:\/\/eldiariodelaeducacion.com\/extraeducacion\/2022\/11\/28\/los-mejores-ciclos-medios-y-superiores-de-sanidad-que-puedes-cursar-en-2023\/#article","isPartOf":{"@id":"https:\/\/eldiariodelaeducacion.com\/extraeducacion\/2022\/11\/28\/los-mejores-ciclos-medios-y-superiores-de-sanidad-que-puedes-cursar-en-2023\/"},"author":{"name":"Redacci\u00f3n","@id":"https:\/\/eldiariodelaeducacion.com\/extraeducacion\/#\/schema\/person\/5228007cb64f7ca80adbd750a941d59c"},"headline":"Los mejores ciclos medios y superiores de sanidad que puedes cursar en 2023","datePublished":"2022-11-28T11:53:47+00:00","dateModified":"2024-07-29T08:14:54+00:00","mainEntityOfPage":{"@id":"https:\/\/eldiariodelaeducacion.com\/extraeducacion\/2022\/11\/28\/los-mejores-ciclos-medios-y-superiores-de-sanidad-que-puedes-cursar-en-2023\/"},"wordCount":912,"commentCount":0,"image":{"@id":"https:\/\/eldiariodelaeducacion.com\/extraeducacion\/2022\/11\/28\/los-mejores-ciclos-medios-y-superiores-de-sanidad-que-puedes-cursar-en-2023\/#primaryimage"},"thumbnailUrl":"https:\/\/eldiariodelaeducacion.com\/extraeducacion\/wp-content\/uploads\/sites\/5\/2022\/11\/GettyImages-1337470128.jpg","articleSection":["Extra educaci\u00f3n"],"inLanguage":"es","potentialAction":[{"@type":"CommentAction","name":"Comment","target":["https:\/\/eldiariodelaeducacion.com\/extraeducacion\/2022\/11\/28\/los-mejores-ciclos-medios-y-superiores-de-sanidad-que-puedes-cursar-en-2023\/#respond"]}]},{"@type":"WebPage","@id":"https:\/\/eldiariodelaeducacion.com\/extraeducacion\/2022\/11\/28\/los-mejores-ciclos-medios-y-superiores-de-sanidad-que-puedes-cursar-en-2023\/","url":"https:\/\/eldiariodelaeducacion.com\/extraeducacion\/2022\/11\/28\/los-mejores-ciclos-medios-y-superiores-de-sanidad-que-puedes-cursar-en-2023\/","name":"Los mejores ciclos medios y superiores de sanidad que puedes cursar en 2023 - Extra Educaci\u00f3n","isPartOf":{"@id":"https:\/\/eldiariodelaeducacion.com\/extraeducacion\/#website"},"primaryImageOfPage":{"@id":"https:\/\/eldiariodelaeducacion.com\/extraeducacion\/2022\/11\/28\/los-mejores-ciclos-medios-y-superiores-de-sanidad-que-puedes-cursar-en-2023\/#primaryimage"},"image":{"@id":"https:\/\/eldiariodelaeducacion.com\/extraeducacion\/2022\/11\/28\/los-mejores-ciclos-medios-y-superiores-de-sanidad-que-puedes-cursar-en-2023\/#primaryimage"},"thumbnailUrl":"https:\/\/eldiariodelaeducacion.com\/extraeducacion\/wp-content\/uploads\/sites\/5\/2022\/11\/GettyImages-1337470128.jpg","datePublished":"2022-11-28T11:53:47+00:00","dateModified":"2024-07-29T08:14:54+00:00","author":{"@id":"https:\/\/eldiariodelaeducacion.com\/extraeducacion\/#\/schema\/person\/5228007cb64f7ca80adbd750a941d59c"},"breadcrumb":{"@id":"https:\/\/eldiariodelaeducacion.com\/extraeducacion\/2022\/11\/28\/los-mejores-ciclos-medios-y-superiores-de-sanidad-que-puedes-cursar-en-2023\/#breadcrumb"},"inLanguage":"es","potentialAction":[{"@type":"ReadAction","target":["https:\/\/eldiariodelaeducacion.com\/extraeducacion\/2022\/11\/28\/los-mejores-ciclos-medios-y-superiores-de-sanidad-que-puedes-cursar-en-2023\/"]}]},{"@type":"ImageObject","inLanguage":"es","@id":"https:\/\/eldiariodelaeducacion.com\/extraeducacion\/2022\/11\/28\/los-mejores-ciclos-medios-y-superiores-de-sanidad-que-puedes-cursar-en-2023\/#primaryimage","url":"https:\/\/eldiariodelaeducacion.com\/extraeducacion\/wp-content\/uploads\/sites\/5\/2022\/11\/GettyImages-1337470128.jpg","contentUrl":"https:\/\/eldiariodelaeducacion.com\/extraeducacion\/wp-content\/uploads\/sites\/5\/2022\/11\/GettyImages-1337470128.jpg","width":2121,"height":1414,"caption":"Gettyimages"},{"@type":"BreadcrumbList","@id":"https:\/\/eldiariodelaeducacion.com\/extraeducacion\/2022\/11\/28\/los-mejores-ciclos-medios-y-superiores-de-sanidad-que-puedes-cursar-en-2023\/#breadcrumb","itemListElement":[{"@type":"ListItem","position":1,"name":"Portada","item":"https:\/\/eldiariodelaeducacion.com\/extraeducacion\/"},{"@type":"ListItem","position":2,"name":"Los mejores ciclos medios y superiores de sanidad que puedes cursar en 2023"}]},{"@type":"WebSite","@id":"https:\/\/eldiariodelaeducacion.com\/extraeducacion\/#website","url":"https:\/\/eldiariodelaeducacion.com\/extraeducacion\/","name":"Extra Educaci\u00f3n","description":"Un blog de El Diario de la Educaci\u00f3n","potentialAction":[{"@type":"SearchAction","target":{"@type":"EntryPoint","urlTemplate":"https:\/\/eldiariodelaeducacion.com\/extraeducacion\/?s={search_term_string}"},"query-input":{"@type":"PropertyValueSpecification","valueRequired":true,"valueName":"search_term_string"}}],"inLanguage":"es"},{"@type":"Person","@id":"https:\/\/eldiariodelaeducacion.com\/extraeducacion\/#\/schema\/person\/5228007cb64f7ca80adbd750a941d59c","name":"Redacci\u00f3n","image":{"@type":"ImageObject","inLanguage":"es","@id":"https:\/\/eldiariodelaeducacion.com\/wp-content\/uploads\/2024\/10\/redaccion_avatar-96x96.png","url":"https:\/\/eldiariodelaeducacion.com\/wp-content\/uploads\/2024\/10\/redaccion_avatar-96x96.png","contentUrl":"https:\/\/eldiariodelaeducacion.com\/wp-content\/uploads\/2024\/10\/redaccion_avatar-96x96.png","caption":"Redacci\u00f3n"},"url":"https:\/\/eldiariodelaeducacion.com\/extraeducacion\/author\/redaccion\/"}]}},"_links":{"self":[{"href":"https:\/\/eldiariodelaeducacion.com\/extraeducacion\/wp-json\/wp\/v2\/posts\/489","targetHints":{"allow":["GET"]}}],"collection":[{"href":"https:\/\/eldiariodelaeducacion.com\/extraeducacion\/wp-json\/wp\/v2\/posts"}],"about":[{"href":"https:\/\/eldiariodelaeducacion.com\/extraeducacion\/wp-json\/wp\/v2\/types\/post"}],"author":[{"embeddable":true,"href":"https:\/\/eldiariodelaeducacion.com\/extraeducacion\/wp-json\/wp\/v2\/users\/150"}],"replies":[{"embeddable":true,"href":"https:\/\/eldiariodelaeducacion.com\/extraeducacion\/wp-json\/wp\/v2\/comments?post=489"}],"version-history":[{"count":1,"href":"https:\/\/eldiariodelaeducacion.com\/extraeducacion\/wp-json\/wp\/v2\/posts\/489\/revisions"}],"predecessor-version":[{"id":825,"href":"https:\/\/eldiariodelaeducacion.com\/extraeducacion\/wp-json\/wp\/v2\/posts\/489\/revisions\/825"}],"wp:featuredmedia":[{"embeddable":true,"href":"https:\/\/eldiariodelaeducacion.com\/extraeducacion\/wp-json\/wp\/v2\/media\/490"}],"wp:attachment":[{"href":"https:\/\/eldiariodelaeducacion.com\/extraeducacion\/wp-json\/wp\/v2\/media?parent=489"}],"wp:term":[{"taxonomy":"category","embeddable":true,"href":"https:\/\/eldiariodelaeducacion.com\/extraeducacion\/wp-json\/wp\/v2\/categories?post=489"},{"taxonomy":"post_tag","embeddable":true,"href":"https:\/\/eldiariodelaeducacion.com\/extraeducacion\/wp-json\/wp\/v2\/tags?post=489"},{"taxonomy":"tipo","embeddable":true,"href":"https:\/\/eldiariodelaeducacion.com\/extraeducacion\/wp-json\/wp\/v2\/tipo?post=489"}],"curies":[{"name":"wp","href":"https:\/\/api.w.org\/{rel}","templated":true}]}}