{"id":504,"date":"2023-01-20T06:31:17","date_gmt":"2023-01-20T05:31:17","guid":{"rendered":"https:\/\/eldiariodelaeducacion.com\/extraeducacion\/?p=504"},"modified":"2024-07-29T10:14:54","modified_gmt":"2024-07-29T08:14:54","slug":"pensar-las-preguntas-periodismo-media-literacy-y-pensamiento-critico","status":"publish","type":"post","link":"https:\/\/eldiariodelaeducacion.com\/extraeducacion\/2023\/01\/20\/pensar-las-preguntas-periodismo-media-literacy-y-pensamiento-critico\/","title":{"rendered":"Pensar las preguntas: periodismo, media literacy y pensamiento cr\u00edtico"},"content":{"rendered":"<p><em>El arte de formular preguntas esenciales<\/em>, as\u00ed se titula el libro de Linda Elder y Richard Paul. Seg\u00fan sus autores, \u201cla calidad de nuestro pensamiento est\u00e1 en la calidad de nuestras preguntas\u201d. Pero \u00bfsabemos preguntar? \u00bfNos gusta preguntar? \u00bfIncide nuestro sistema educativo en la importancia de articular interrogantes inc\u00f3modos e incisivos? Me contaba el colega y amigo Omar Rinc\u00f3n que, al iniciar una de sus clases, coment\u00f3 a su estudiantado: \u201cHoy vamos a pensar\u201d. La respuesta lleg\u00f3 al un\u00edsono: \u201cNo profe, pensar otra vez, no\u201d. Pensar es demandante y exigente. \u00bfEs aburrido? \u00bfDeber\u00eda de serlo? Es -o parece- m\u00e1s c\u00f3modo no hacerlo. Crear buenos interrogantes exige pensar. O mejor: saber pensar. Y quiz\u00e1s por eso caminamos hacia una educaci\u00f3n y un periodismo sustentados m\u00e1s en respuestas que en preguntas. Otro colega y amigo, Mart\u00edn Caparr\u00f3s, escritor y cronista, titulaba hace un tiempo una de sus columnas \u201cContra el p\u00fablico\u201d. Y argumentaba que los medios deber\u00edan abordar los temas importantes que no siempre son los que demandan los usuarios (lectores, lecto-autores, usuarios, destinatarios, audiencia, \u00bfclientes?).<\/p>\n<h3>El periodismo en M\u00e9xico<\/h3>\n<p>M\u00e9xico se ha convertido en el pa\u00eds m\u00e1s peligroso del mundo para el ejercicio del periodismo. A lo largo de 2022, m\u00e1s de cinco reporteros fueron asesinados. Seg\u00fan los estudios, este a\u00f1o puede convertirse en el m\u00e1s grave en mucho tiempo. Desde el inicio de este siglo, seg\u00fan informa <em>El Pa\u00eds<\/em>, 147 periodistas (son las cifras registradas) han sido ejecutados a manos de sicarios vinculados con el crimen organizado. La situaci\u00f3n del periodismo en M\u00e9xico demanda de acciones urgentes. Lanza preguntas y exige que nos formulemos m\u00e1s y m\u00e1s interrogantes.<\/p>\n<p>Seg\u00fan el <a href=\"https:\/\/cpj.org\/es\/\"><strong>Comit\u00e9 para la Protecci\u00f3n de los Periodistas<\/strong><\/a><strong> (CPJ)<\/strong>, un total de <strong>142 profesionales de la informaci\u00f3n fueron asesinados en M\u00e9xico desde el a\u00f1o 1992 hasta 2022<\/strong>, convirti\u00e9ndose as\u00ed en el pa\u00eds m\u00e1s mort\u00edfero del mundo para esta profesi\u00f3n. La CPJ etiqueta a M\u00e9xico como el pa\u00eds con el <strong>mayor n\u00famero casos de asesinatos en total impunidad desde que empez\u00f3 el registro<\/strong>. En 2021 fue el sexto pa\u00eds con m\u00e1s cr\u00edmenes sin resolver. Desde que tom\u00f3 posesi\u00f3n Andr\u00e9s Manuel L\u00f3pez Obrador han fallecido 51 periodistas. En esta misma l\u00ednea, la <strong>Clasificaci\u00f3n Mundial de la Libertad de Prensa<\/strong> (2021) elaborada por <strong><a href=\"https:\/\/www.rsf-es.org\/noticias\/america\/mexico\/\">Reporteros Sin Fronteras<\/a> (RSF)<\/strong>, situ\u00f3 a M\u00e9xico en el puesto 143, sobre un total de 180 pa\u00edses.<\/p>\n<p>Ser <strong>periodista en M\u00e9xico<\/strong> entra\u00f1a riesgos elevados. Esta problem\u00e1tica alcanza datos m\u00e1s graves en los estados fronterizos del pa\u00eds. A ello se une la consideraci\u00f3n social y la valoraci\u00f3n por parte de los y las j\u00f3venes de esta profesi\u00f3n. En el estado de <strong>Baja California<\/strong>, donde se sit\u00faa la ciudad de Tijuana, las carreras m\u00e1s demandadas en los \u00faltimos dos a\u00f1os han sido las de Derecho (6.630), la de Administraci\u00f3n de empresas (3.710) y la de Psicolog\u00eda (3.330). La de <strong>Periodismo no aparec\u00eda<\/strong> en la lista. Un informe de 2021, contabiliza siete periodistas mexicanos asesinados en 2021 y un total de 47 muertos en cinco a\u00f1os. El informe es terminante y lapidario: M\u00e9xico es, por tercer a\u00f1o consecutivo, <strong>el pa\u00eds m\u00e1s peligroso del mundo para la prensa<\/strong>. A lo anterior se suman las dram\u00e1ticas cifras, seg\u00fan cuenta Carmen Mor\u00e1n en El Pa\u00eds (18 febrero de 2022): \u201c10 mujeres asesinadas al d\u00eda de media, un polic\u00eda diario y decenas de j\u00f3venes, sobre todo, relacionados o no con el crimen organizado\u201d. En este contexto, los periodistas de M\u00e9xico y, en concreto, los que trabajan en la <strong>ciudad de Tijuana<\/strong>, en el estado de Baja California, que posee uno de los pasos fronterizos (San Ysidro) m\u00e1s transitados de todo el mundo, han insistido en la importancia de recibir formaci\u00f3n y de generar espacios de reflexi\u00f3n en aras de poder desempe\u00f1ar su trabajo de forma m\u00e1s adecuada.<\/p>\n<p><img fetchpriority=\"high\" decoding=\"async\" class=\"alignnone wp-image-512\" src=\"https:\/\/eldiariodelaeducacion.com\/extraeducacion\/wp-content\/uploads\/sites\/24\/2023\/01\/IMG_31081-2-277x300.jpg\" alt=\"\" width=\"820\" height=\"889\" srcset=\"https:\/\/eldiariodelaeducacion.com\/extraeducacion\/wp-content\/uploads\/sites\/5\/2023\/01\/IMG_31081-2-277x300.jpg 277w, https:\/\/eldiariodelaeducacion.com\/extraeducacion\/wp-content\/uploads\/sites\/5\/2023\/01\/IMG_31081-2-945x1024.jpg 945w, https:\/\/eldiariodelaeducacion.com\/extraeducacion\/wp-content\/uploads\/sites\/5\/2023\/01\/IMG_31081-2-768x833.jpg 768w, https:\/\/eldiariodelaeducacion.com\/extraeducacion\/wp-content\/uploads\/sites\/5\/2023\/01\/IMG_31081-2.jpg 1024w\" sizes=\"(max-width: 820px) 100vw, 820px\" \/><\/p>\n<h3>Parar, reflexionar y preguntar(se)<\/h3>\n<p>Desde la Universidad Aut\u00f3noma de Barcelona, hemos impulsado el proyecto <strong>Frontera Cr\u00f3nica: Taller de periodismo transfronterizo y co-creaci\u00f3n para el fomento de la mirada cr\u00edtica y la construcci\u00f3n de otras narrativas sobre violencia, mujer y migraciones<\/strong>, desarrollado por el <a href=\"http:\/\/www.gabinetecomunicacionyeducacion.com\/es\/proyectos\/frontera-cronica-tijuana\">Gabinete de Comunicaci\u00f3n de la UAB<\/a> con el apoyo del Fondo de Solidariada de la <strong>Convocat\u00f2ria d\u2019ajuts de Cooperaci\u00f3 per a la Just\u00edcia Global XXXIX Convocat\u00f2ria de la <a href=\"https:\/\/www.uab.cat\/fas\/\">Fundaci\u00f3n Aut\u00f3noma Solidaria<\/a><\/strong>. Este proyecto, que busca reflexionar sobre la narrativa de la violencia, las migraciones y la mujer en el territorio fronterizo, se ha ideado desde la necesidad imperiosa de aprender a <strong>hacer y hacerse preguntas<\/strong>. Es un desaf\u00edo para los que se mueven <strong>buscando historias<\/strong> y jug\u00e1ndose la vida. Y, especialmente, para la ciudadan\u00eda que ve (m\u00e1s que <strong>mirar<\/strong>), escucha o lee. Pero: \u00bfc\u00f3mo hacerlo? La media literacy nos deber\u00eda invitar a <strong>la duda<\/strong>, a <strong>la desconfianza<\/strong> y <strong>la b\u00fasqueda<\/strong> permanente de m\u00e1s y m\u00e1s respuestas. Necesitamos periodistas y usuarios que cuestionen, y que lo hagan desde<strong> la \u00e9tica, el contexto<\/strong> y, en la medida de lo posible, <strong>las soluciones<\/strong>. Para ello, el trabajo articulado y sist\u00e9mico entre universidades, medios, asociaciones y entidades gubernamentales y civiles ser\u00e1 clave. Tambi\u00e9n, las redes supranacionales. En un contexto agitado por la violencia, el hito es <strong>tan dif\u00edcil como urgente<\/strong>.<\/p>\n<figure id=\"attachment_513\" aria-describedby=\"caption-attachment-513\" style=\"width: 820px\" class=\"wp-caption alignnone\"><img decoding=\"async\" class=\"wp-image-513\" src=\"https:\/\/eldiariodelaeducacion.com\/extraeducacion\/wp-content\/uploads\/sites\/24\/2023\/01\/IMG_31071-300x228.jpg\" alt=\"\" width=\"820\" height=\"623\" srcset=\"https:\/\/eldiariodelaeducacion.com\/extraeducacion\/wp-content\/uploads\/sites\/5\/2023\/01\/IMG_31071-300x228.jpg 300w, https:\/\/eldiariodelaeducacion.com\/extraeducacion\/wp-content\/uploads\/sites\/5\/2023\/01\/IMG_31071-768x584.jpg 768w, https:\/\/eldiariodelaeducacion.com\/extraeducacion\/wp-content\/uploads\/sites\/5\/2023\/01\/IMG_31071.jpg 1024w\" sizes=\"(max-width: 820px) 100vw, 820px\" \/><figcaption id=\"caption-attachment-513\" class=\"wp-caption-text\">S.T.<\/figcaption><\/figure>\n<h3>Las m\u00e1quinas responden<\/h3>\n<p>La meta de aprender a hacer y hacerse preguntas colisiona con una coyuntura donde <strong>las m\u00e1quinas<\/strong> se tornan cada vez m\u00e1s protag\u00f3nicas. El <strong>ChatGPT <\/strong>nos sorprende con la capacidad de los robots para aprender, replicar y generar estructura ling\u00fc\u00edsticas de enfoques, g\u00e9neros y estilos diversos. Y lo que viene ser\u00e1 m\u00e1s contundente en todos los \u00e1mbitos de nuestro d\u00eda a d\u00eda, personal y profesional. Por eso, es vital fomentar -aunque cueste y exija esfuerzo- el <strong>pensamiento cr\u00edtico<\/strong>. Esto es: la capacidad de <strong>pensar<\/strong>. Todo ello demanda sosiego, tiempo y una tranquilidad que las pantallas y las redes nos han arrebatado. Ya hay quien asegura que \u201c<a href=\"https:\/\/elpais.com\/tecnologia\/2022-10-16\/cuanto-mas-teclean-peor-escriben-este-es-el-efecto-wasap-en-el-lenguaje-de-los-adolescentes.html\"><strong>la inmediatez de las redes sociales genera problemas de ortograf\u00eda, gram\u00e1tica y coherencia textual<\/strong><\/a>\u201d.<\/p>\n<p>El proyecto \u201c<strong>Identificaci\u00f3n, Verificaci\u00f3n y Respuesta. El Estado democr\u00e1tico frente al reto de la desinformaci\u00f3n interesada<\/strong> (Ref. SPLEC2100C008176XV0)\u201d, desarrollado conjuntamente por RTVE y el Gabinete de Comunicaci\u00f3n y Educaci\u00f3n de la UAB, trabaja por fomentar procesos de verificaci\u00f3n que conviertan a la ciudadan\u00eda y, especialmente, a los profesionales del periodismo en actores dotados de <a href=\"https:\/\/oi2media.es\/2022\/10\/05\/la-catedra-rtve-uab-trabaja-en-la-elaboracion-de-un-directorio-de-iniciativas-de-desinformacion-nacionales-e-internacionales-para-el-proyecto-iveres\/\"><strong>herramientas y recursos para validar la informaci\u00f3n<\/strong><\/a> que circula por el ciberespacio. La <strong>melod\u00eda informativa<\/strong> se ha tornado <strong>ruido digital<\/strong>. Y en ese escenario marcado por acelerados procesos de infoxicaci\u00f3n, otra vez, se necesita la capacidad de <strong>inquirir, indagar, cuestionar<\/strong>. Esto es: de hacer y hacerse -otra vez- <strong>buenas, renovadas y filosas preguntas<\/strong>.<\/p>\n<h3>El pensamiento cr\u00edtico<\/h3>\n<p>Las <strong>preguntas y el pensamiento cr\u00edtico<\/strong> se necesitan. La media literacy los conecta. Un equipo integrado por el Gabinete de Comunicaci\u00f3n de la UAB, la Universidad Nova de Lisboa, la Universidad de Viena y la Universidad de \u00c1msterdam, impulsa el proyecto<strong> OMEDIALITERACY: Overview of the challenges and opportunities of media literacy policies in Europe<\/strong> (Ref. FCT-20-15624), respaldado por la European Media and Information Fund. El objetivo es identificar el conocimiento existente sobre los efectos de la desinformaci\u00f3n en Europa. Y, de alguna manera, <strong>ordenar y sistematizar<\/strong> los estudios que, desde hace varias d\u00e9cadas, inciden en la importancia de fomentar un pensamiento cr\u00edtico, esto es, la importancia de <strong>hacer y hacerse preguntas (aunque nos cueste)<\/strong>. Lo explic\u00f3 <strong><a href=\"https:\/\/es.wikipedia.org\/wiki\/Rabindranath_Tagore\">Tagore<\/a><\/strong>: \u201cHacer preguntas es prueba de que se piensa\u201d. <a href=\"https:\/\/es.wikipedia.org\/wiki\/Albert_Einstein\">Insisti\u00f3 en ello <strong>Einstein<\/strong><\/a>: \u201cLo importante es no dejar de hacerse preguntas\u201d.<\/p>\n","protected":false},"excerpt":{"rendered":"<p>El arte de formular preguntas esenciales, as\u00ed se titula el libro de Linda Elder y Richard Paul. Seg\u00fan sus autores, \u201cla calidad de nuestro pensamiento est\u00e1 en la calidad de nuestras preguntas\u201d. Pero \u00bfsabemos preguntar? \u00bfNos gusta preguntar? \u00bfIncide nuestro sistema educativo en la importancia de articular interrogantes inc\u00f3modos e incisivos? Me contaba el colega<\/p>\n","protected":false},"author":163,"featured_media":510,"comment_status":"open","ping_status":"open","sticky":false,"template":"","format":"standard","meta":{"footnotes":""},"categories":[2],"tags":[],"tipo":[30],"class_list":{"0":"post-504","1":"post","2":"type-post","3":"status-publish","4":"format-standard","5":"has-post-thumbnail","7":"category-extra-educacion","8":"tipo-actualidad"},"yoast_head":"<!-- This site is optimized with the Yoast SEO plugin v27.5 - https:\/\/yoast.com\/product\/yoast-seo-wordpress\/ -->\n<title>Pensar las preguntas: periodismo, media literacy y pensamiento cr\u00edtico - Extra Educaci\u00f3n<\/title>\n<meta name=\"robots\" content=\"index, follow, max-snippet:-1, max-image-preview:large, max-video-preview:-1\" \/>\n<link rel=\"canonical\" href=\"https:\/\/eldiariodelaeducacion.com\/extraeducacion\/2023\/01\/20\/pensar-las-preguntas-periodismo-media-literacy-y-pensamiento-critico\/\" \/>\n<meta property=\"og:locale\" content=\"es_ES\" \/>\n<meta property=\"og:type\" content=\"article\" \/>\n<meta property=\"og:title\" content=\"Pensar las preguntas: periodismo, media literacy y pensamiento cr\u00edtico - Extra Educaci\u00f3n\" \/>\n<meta property=\"og:description\" content=\"El arte de formular preguntas esenciales, as\u00ed se titula el libro de Linda Elder y Richard Paul. Seg\u00fan sus autores, \u201cla calidad de nuestro pensamiento est\u00e1 en la calidad de nuestras preguntas\u201d. Pero \u00bfsabemos preguntar? \u00bfNos gusta preguntar? \u00bfIncide nuestro sistema educativo en la importancia de articular interrogantes inc\u00f3modos e incisivos? Me contaba el colega\" \/>\n<meta property=\"og:url\" content=\"https:\/\/eldiariodelaeducacion.com\/extraeducacion\/2023\/01\/20\/pensar-las-preguntas-periodismo-media-literacy-y-pensamiento-critico\/\" \/>\n<meta property=\"og:site_name\" content=\"Extra Educaci\u00f3n\" \/>\n<meta property=\"article:published_time\" content=\"2023-01-20T05:31:17+00:00\" \/>\n<meta property=\"article:modified_time\" content=\"2024-07-29T08:14:54+00:00\" \/>\n<meta property=\"og:image\" content=\"https:\/\/eldiariodelaeducacion.com\/extraeducacion\/wp-content\/uploads\/sites\/5\/2023\/01\/IMG_31181-1.jpg\" \/>\n\t<meta property=\"og:image:width\" content=\"1024\" \/>\n\t<meta property=\"og:image:height\" content=\"1060\" \/>\n\t<meta property=\"og:image:type\" content=\"image\/jpeg\" \/>\n<meta name=\"author\" content=\"Santiago Tejedor\" \/>\n<meta name=\"twitter:card\" content=\"summary_large_image\" \/>\n<meta name=\"twitter:label1\" content=\"Escrito por\" \/>\n\t<meta name=\"twitter:data1\" content=\"Santiago Tejedor\" \/>\n\t<meta name=\"twitter:label2\" content=\"Tiempo de lectura\" \/>\n\t<meta name=\"twitter:data2\" content=\"7 minutos\" \/>\n<script type=\"application\/ld+json\" class=\"yoast-schema-graph\">{\"@context\":\"https:\\\/\\\/schema.org\",\"@graph\":[{\"@type\":\"Article\",\"@id\":\"https:\\\/\\\/eldiariodelaeducacion.com\\\/extraeducacion\\\/2023\\\/01\\\/20\\\/pensar-las-preguntas-periodismo-media-literacy-y-pensamiento-critico\\\/#article\",\"isPartOf\":{\"@id\":\"https:\\\/\\\/eldiariodelaeducacion.com\\\/extraeducacion\\\/2023\\\/01\\\/20\\\/pensar-las-preguntas-periodismo-media-literacy-y-pensamiento-critico\\\/\"},\"author\":{\"name\":\"Santiago Tejedor\",\"@id\":\"https:\\\/\\\/eldiariodelaeducacion.com\\\/extraeducacion\\\/#\\\/schema\\\/person\\\/203ca7d4bd6243283b2e64e14c24129a\"},\"headline\":\"Pensar las preguntas: periodismo, media literacy y pensamiento cr\u00edtico\",\"datePublished\":\"2023-01-20T05:31:17+00:00\",\"dateModified\":\"2024-07-29T08:14:54+00:00\",\"mainEntityOfPage\":{\"@id\":\"https:\\\/\\\/eldiariodelaeducacion.com\\\/extraeducacion\\\/2023\\\/01\\\/20\\\/pensar-las-preguntas-periodismo-media-literacy-y-pensamiento-critico\\\/\"},\"wordCount\":1348,\"commentCount\":0,\"image\":{\"@id\":\"https:\\\/\\\/eldiariodelaeducacion.com\\\/extraeducacion\\\/2023\\\/01\\\/20\\\/pensar-las-preguntas-periodismo-media-literacy-y-pensamiento-critico\\\/#primaryimage\"},\"thumbnailUrl\":\"https:\\\/\\\/eldiariodelaeducacion.com\\\/extraeducacion\\\/wp-content\\\/uploads\\\/sites\\\/5\\\/2023\\\/01\\\/IMG_31181-1.jpg\",\"articleSection\":[\"Extra educaci\u00f3n\"],\"inLanguage\":\"es\",\"potentialAction\":[{\"@type\":\"CommentAction\",\"name\":\"Comment\",\"target\":[\"https:\\\/\\\/eldiariodelaeducacion.com\\\/extraeducacion\\\/2023\\\/01\\\/20\\\/pensar-las-preguntas-periodismo-media-literacy-y-pensamiento-critico\\\/#respond\"]}]},{\"@type\":\"WebPage\",\"@id\":\"https:\\\/\\\/eldiariodelaeducacion.com\\\/extraeducacion\\\/2023\\\/01\\\/20\\\/pensar-las-preguntas-periodismo-media-literacy-y-pensamiento-critico\\\/\",\"url\":\"https:\\\/\\\/eldiariodelaeducacion.com\\\/extraeducacion\\\/2023\\\/01\\\/20\\\/pensar-las-preguntas-periodismo-media-literacy-y-pensamiento-critico\\\/\",\"name\":\"Pensar las preguntas: periodismo, media literacy y pensamiento cr\u00edtico - Extra Educaci\u00f3n\",\"isPartOf\":{\"@id\":\"https:\\\/\\\/eldiariodelaeducacion.com\\\/extraeducacion\\\/#website\"},\"primaryImageOfPage\":{\"@id\":\"https:\\\/\\\/eldiariodelaeducacion.com\\\/extraeducacion\\\/2023\\\/01\\\/20\\\/pensar-las-preguntas-periodismo-media-literacy-y-pensamiento-critico\\\/#primaryimage\"},\"image\":{\"@id\":\"https:\\\/\\\/eldiariodelaeducacion.com\\\/extraeducacion\\\/2023\\\/01\\\/20\\\/pensar-las-preguntas-periodismo-media-literacy-y-pensamiento-critico\\\/#primaryimage\"},\"thumbnailUrl\":\"https:\\\/\\\/eldiariodelaeducacion.com\\\/extraeducacion\\\/wp-content\\\/uploads\\\/sites\\\/5\\\/2023\\\/01\\\/IMG_31181-1.jpg\",\"datePublished\":\"2023-01-20T05:31:17+00:00\",\"dateModified\":\"2024-07-29T08:14:54+00:00\",\"author\":{\"@id\":\"https:\\\/\\\/eldiariodelaeducacion.com\\\/extraeducacion\\\/#\\\/schema\\\/person\\\/203ca7d4bd6243283b2e64e14c24129a\"},\"breadcrumb\":{\"@id\":\"https:\\\/\\\/eldiariodelaeducacion.com\\\/extraeducacion\\\/2023\\\/01\\\/20\\\/pensar-las-preguntas-periodismo-media-literacy-y-pensamiento-critico\\\/#breadcrumb\"},\"inLanguage\":\"es\",\"potentialAction\":[{\"@type\":\"ReadAction\",\"target\":[\"https:\\\/\\\/eldiariodelaeducacion.com\\\/extraeducacion\\\/2023\\\/01\\\/20\\\/pensar-las-preguntas-periodismo-media-literacy-y-pensamiento-critico\\\/\"]}]},{\"@type\":\"ImageObject\",\"inLanguage\":\"es\",\"@id\":\"https:\\\/\\\/eldiariodelaeducacion.com\\\/extraeducacion\\\/2023\\\/01\\\/20\\\/pensar-las-preguntas-periodismo-media-literacy-y-pensamiento-critico\\\/#primaryimage\",\"url\":\"https:\\\/\\\/eldiariodelaeducacion.com\\\/extraeducacion\\\/wp-content\\\/uploads\\\/sites\\\/5\\\/2023\\\/01\\\/IMG_31181-1.jpg\",\"contentUrl\":\"https:\\\/\\\/eldiariodelaeducacion.com\\\/extraeducacion\\\/wp-content\\\/uploads\\\/sites\\\/5\\\/2023\\\/01\\\/IMG_31181-1.jpg\",\"width\":1024,\"height\":1060,\"caption\":\"Santiago Tejedor\"},{\"@type\":\"BreadcrumbList\",\"@id\":\"https:\\\/\\\/eldiariodelaeducacion.com\\\/extraeducacion\\\/2023\\\/01\\\/20\\\/pensar-las-preguntas-periodismo-media-literacy-y-pensamiento-critico\\\/#breadcrumb\",\"itemListElement\":[{\"@type\":\"ListItem\",\"position\":1,\"name\":\"Portada\",\"item\":\"https:\\\/\\\/eldiariodelaeducacion.com\\\/extraeducacion\\\/\"},{\"@type\":\"ListItem\",\"position\":2,\"name\":\"Pensar las preguntas: periodismo, media literacy y pensamiento cr\u00edtico\"}]},{\"@type\":\"WebSite\",\"@id\":\"https:\\\/\\\/eldiariodelaeducacion.com\\\/extraeducacion\\\/#website\",\"url\":\"https:\\\/\\\/eldiariodelaeducacion.com\\\/extraeducacion\\\/\",\"name\":\"Extra Educaci\u00f3n\",\"description\":\"Un blog de El Diario de la Educaci\u00f3n\",\"potentialAction\":[{\"@type\":\"SearchAction\",\"target\":{\"@type\":\"EntryPoint\",\"urlTemplate\":\"https:\\\/\\\/eldiariodelaeducacion.com\\\/extraeducacion\\\/?s={search_term_string}\"},\"query-input\":{\"@type\":\"PropertyValueSpecification\",\"valueRequired\":true,\"valueName\":\"search_term_string\"}}],\"inLanguage\":\"es\"},{\"@type\":\"Person\",\"@id\":\"https:\\\/\\\/eldiariodelaeducacion.com\\\/extraeducacion\\\/#\\\/schema\\\/person\\\/203ca7d4bd6243283b2e64e14c24129a\",\"name\":\"Santiago Tejedor\",\"image\":{\"@type\":\"ImageObject\",\"inLanguage\":\"es\",\"@id\":\"https:\\\/\\\/eldiariodelaeducacion.com\\\/extraeducacion\\\/wp-content\\\/uploads\\\/sites\\\/5\\\/2024\\\/12\\\/santiago-tejedor_avatar-96x96.png\",\"url\":\"https:\\\/\\\/eldiariodelaeducacion.com\\\/extraeducacion\\\/wp-content\\\/uploads\\\/sites\\\/5\\\/2024\\\/12\\\/santiago-tejedor_avatar-96x96.png\",\"contentUrl\":\"https:\\\/\\\/eldiariodelaeducacion.com\\\/extraeducacion\\\/wp-content\\\/uploads\\\/sites\\\/5\\\/2024\\\/12\\\/santiago-tejedor_avatar-96x96.png\",\"caption\":\"Santiago Tejedor\"},\"description\":\"Catedr\u00e1tico de Periodismo -especializado en viajes y ciberperiodismo-, investigador y periodista. Es el director del Gabinete de Comunicaci\u00f3n y Educaci\u00f3n de la Universitat Aut\u00f2noma de Barcelona\",\"url\":\"https:\\\/\\\/eldiariodelaeducacion.com\\\/extraeducacion\\\/author\\\/tejedor\\\/\"}]}<\/script>\n<!-- \/ Yoast SEO plugin. -->","yoast_head_json":{"title":"Pensar las preguntas: periodismo, media literacy y pensamiento cr\u00edtico - Extra Educaci\u00f3n","robots":{"index":"index","follow":"follow","max-snippet":"max-snippet:-1","max-image-preview":"max-image-preview:large","max-video-preview":"max-video-preview:-1"},"canonical":"https:\/\/eldiariodelaeducacion.com\/extraeducacion\/2023\/01\/20\/pensar-las-preguntas-periodismo-media-literacy-y-pensamiento-critico\/","og_locale":"es_ES","og_type":"article","og_title":"Pensar las preguntas: periodismo, media literacy y pensamiento cr\u00edtico - Extra Educaci\u00f3n","og_description":"El arte de formular preguntas esenciales, as\u00ed se titula el libro de Linda Elder y Richard Paul. Seg\u00fan sus autores, \u201cla calidad de nuestro pensamiento est\u00e1 en la calidad de nuestras preguntas\u201d. Pero \u00bfsabemos preguntar? \u00bfNos gusta preguntar? \u00bfIncide nuestro sistema educativo en la importancia de articular interrogantes inc\u00f3modos e incisivos? Me contaba el colega","og_url":"https:\/\/eldiariodelaeducacion.com\/extraeducacion\/2023\/01\/20\/pensar-las-preguntas-periodismo-media-literacy-y-pensamiento-critico\/","og_site_name":"Extra Educaci\u00f3n","article_published_time":"2023-01-20T05:31:17+00:00","article_modified_time":"2024-07-29T08:14:54+00:00","og_image":[{"width":1024,"height":1060,"url":"https:\/\/eldiariodelaeducacion.com\/extraeducacion\/wp-content\/uploads\/sites\/5\/2023\/01\/IMG_31181-1.jpg","type":"image\/jpeg"}],"author":"Santiago Tejedor","twitter_card":"summary_large_image","twitter_misc":{"Escrito por":"Santiago Tejedor","Tiempo de lectura":"7 minutos"},"schema":{"@context":"https:\/\/schema.org","@graph":[{"@type":"Article","@id":"https:\/\/eldiariodelaeducacion.com\/extraeducacion\/2023\/01\/20\/pensar-las-preguntas-periodismo-media-literacy-y-pensamiento-critico\/#article","isPartOf":{"@id":"https:\/\/eldiariodelaeducacion.com\/extraeducacion\/2023\/01\/20\/pensar-las-preguntas-periodismo-media-literacy-y-pensamiento-critico\/"},"author":{"name":"Santiago Tejedor","@id":"https:\/\/eldiariodelaeducacion.com\/extraeducacion\/#\/schema\/person\/203ca7d4bd6243283b2e64e14c24129a"},"headline":"Pensar las preguntas: periodismo, media literacy y pensamiento cr\u00edtico","datePublished":"2023-01-20T05:31:17+00:00","dateModified":"2024-07-29T08:14:54+00:00","mainEntityOfPage":{"@id":"https:\/\/eldiariodelaeducacion.com\/extraeducacion\/2023\/01\/20\/pensar-las-preguntas-periodismo-media-literacy-y-pensamiento-critico\/"},"wordCount":1348,"commentCount":0,"image":{"@id":"https:\/\/eldiariodelaeducacion.com\/extraeducacion\/2023\/01\/20\/pensar-las-preguntas-periodismo-media-literacy-y-pensamiento-critico\/#primaryimage"},"thumbnailUrl":"https:\/\/eldiariodelaeducacion.com\/extraeducacion\/wp-content\/uploads\/sites\/5\/2023\/01\/IMG_31181-1.jpg","articleSection":["Extra educaci\u00f3n"],"inLanguage":"es","potentialAction":[{"@type":"CommentAction","name":"Comment","target":["https:\/\/eldiariodelaeducacion.com\/extraeducacion\/2023\/01\/20\/pensar-las-preguntas-periodismo-media-literacy-y-pensamiento-critico\/#respond"]}]},{"@type":"WebPage","@id":"https:\/\/eldiariodelaeducacion.com\/extraeducacion\/2023\/01\/20\/pensar-las-preguntas-periodismo-media-literacy-y-pensamiento-critico\/","url":"https:\/\/eldiariodelaeducacion.com\/extraeducacion\/2023\/01\/20\/pensar-las-preguntas-periodismo-media-literacy-y-pensamiento-critico\/","name":"Pensar las preguntas: periodismo, media literacy y pensamiento cr\u00edtico - Extra Educaci\u00f3n","isPartOf":{"@id":"https:\/\/eldiariodelaeducacion.com\/extraeducacion\/#website"},"primaryImageOfPage":{"@id":"https:\/\/eldiariodelaeducacion.com\/extraeducacion\/2023\/01\/20\/pensar-las-preguntas-periodismo-media-literacy-y-pensamiento-critico\/#primaryimage"},"image":{"@id":"https:\/\/eldiariodelaeducacion.com\/extraeducacion\/2023\/01\/20\/pensar-las-preguntas-periodismo-media-literacy-y-pensamiento-critico\/#primaryimage"},"thumbnailUrl":"https:\/\/eldiariodelaeducacion.com\/extraeducacion\/wp-content\/uploads\/sites\/5\/2023\/01\/IMG_31181-1.jpg","datePublished":"2023-01-20T05:31:17+00:00","dateModified":"2024-07-29T08:14:54+00:00","author":{"@id":"https:\/\/eldiariodelaeducacion.com\/extraeducacion\/#\/schema\/person\/203ca7d4bd6243283b2e64e14c24129a"},"breadcrumb":{"@id":"https:\/\/eldiariodelaeducacion.com\/extraeducacion\/2023\/01\/20\/pensar-las-preguntas-periodismo-media-literacy-y-pensamiento-critico\/#breadcrumb"},"inLanguage":"es","potentialAction":[{"@type":"ReadAction","target":["https:\/\/eldiariodelaeducacion.com\/extraeducacion\/2023\/01\/20\/pensar-las-preguntas-periodismo-media-literacy-y-pensamiento-critico\/"]}]},{"@type":"ImageObject","inLanguage":"es","@id":"https:\/\/eldiariodelaeducacion.com\/extraeducacion\/2023\/01\/20\/pensar-las-preguntas-periodismo-media-literacy-y-pensamiento-critico\/#primaryimage","url":"https:\/\/eldiariodelaeducacion.com\/extraeducacion\/wp-content\/uploads\/sites\/5\/2023\/01\/IMG_31181-1.jpg","contentUrl":"https:\/\/eldiariodelaeducacion.com\/extraeducacion\/wp-content\/uploads\/sites\/5\/2023\/01\/IMG_31181-1.jpg","width":1024,"height":1060,"caption":"Santiago Tejedor"},{"@type":"BreadcrumbList","@id":"https:\/\/eldiariodelaeducacion.com\/extraeducacion\/2023\/01\/20\/pensar-las-preguntas-periodismo-media-literacy-y-pensamiento-critico\/#breadcrumb","itemListElement":[{"@type":"ListItem","position":1,"name":"Portada","item":"https:\/\/eldiariodelaeducacion.com\/extraeducacion\/"},{"@type":"ListItem","position":2,"name":"Pensar las preguntas: periodismo, media literacy y pensamiento cr\u00edtico"}]},{"@type":"WebSite","@id":"https:\/\/eldiariodelaeducacion.com\/extraeducacion\/#website","url":"https:\/\/eldiariodelaeducacion.com\/extraeducacion\/","name":"Extra Educaci\u00f3n","description":"Un blog de El Diario de la Educaci\u00f3n","potentialAction":[{"@type":"SearchAction","target":{"@type":"EntryPoint","urlTemplate":"https:\/\/eldiariodelaeducacion.com\/extraeducacion\/?s={search_term_string}"},"query-input":{"@type":"PropertyValueSpecification","valueRequired":true,"valueName":"search_term_string"}}],"inLanguage":"es"},{"@type":"Person","@id":"https:\/\/eldiariodelaeducacion.com\/extraeducacion\/#\/schema\/person\/203ca7d4bd6243283b2e64e14c24129a","name":"Santiago Tejedor","image":{"@type":"ImageObject","inLanguage":"es","@id":"https:\/\/eldiariodelaeducacion.com\/extraeducacion\/wp-content\/uploads\/sites\/5\/2024\/12\/santiago-tejedor_avatar-96x96.png","url":"https:\/\/eldiariodelaeducacion.com\/extraeducacion\/wp-content\/uploads\/sites\/5\/2024\/12\/santiago-tejedor_avatar-96x96.png","contentUrl":"https:\/\/eldiariodelaeducacion.com\/extraeducacion\/wp-content\/uploads\/sites\/5\/2024\/12\/santiago-tejedor_avatar-96x96.png","caption":"Santiago Tejedor"},"description":"Catedr\u00e1tico de Periodismo -especializado en viajes y ciberperiodismo-, investigador y periodista. Es el director del Gabinete de Comunicaci\u00f3n y Educaci\u00f3n de la Universitat Aut\u00f2noma de Barcelona","url":"https:\/\/eldiariodelaeducacion.com\/extraeducacion\/author\/tejedor\/"}]}},"_links":{"self":[{"href":"https:\/\/eldiariodelaeducacion.com\/extraeducacion\/wp-json\/wp\/v2\/posts\/504","targetHints":{"allow":["GET"]}}],"collection":[{"href":"https:\/\/eldiariodelaeducacion.com\/extraeducacion\/wp-json\/wp\/v2\/posts"}],"about":[{"href":"https:\/\/eldiariodelaeducacion.com\/extraeducacion\/wp-json\/wp\/v2\/types\/post"}],"author":[{"embeddable":true,"href":"https:\/\/eldiariodelaeducacion.com\/extraeducacion\/wp-json\/wp\/v2\/users\/163"}],"replies":[{"embeddable":true,"href":"https:\/\/eldiariodelaeducacion.com\/extraeducacion\/wp-json\/wp\/v2\/comments?post=504"}],"version-history":[{"count":1,"href":"https:\/\/eldiariodelaeducacion.com\/extraeducacion\/wp-json\/wp\/v2\/posts\/504\/revisions"}],"predecessor-version":[{"id":827,"href":"https:\/\/eldiariodelaeducacion.com\/extraeducacion\/wp-json\/wp\/v2\/posts\/504\/revisions\/827"}],"wp:featuredmedia":[{"embeddable":true,"href":"https:\/\/eldiariodelaeducacion.com\/extraeducacion\/wp-json\/wp\/v2\/media\/510"}],"wp:attachment":[{"href":"https:\/\/eldiariodelaeducacion.com\/extraeducacion\/wp-json\/wp\/v2\/media?parent=504"}],"wp:term":[{"taxonomy":"category","embeddable":true,"href":"https:\/\/eldiariodelaeducacion.com\/extraeducacion\/wp-json\/wp\/v2\/categories?post=504"},{"taxonomy":"post_tag","embeddable":true,"href":"https:\/\/eldiariodelaeducacion.com\/extraeducacion\/wp-json\/wp\/v2\/tags?post=504"},{"taxonomy":"tipo","embeddable":true,"href":"https:\/\/eldiariodelaeducacion.com\/extraeducacion\/wp-json\/wp\/v2\/tipo?post=504"}],"curies":[{"name":"wp","href":"https:\/\/api.w.org\/{rel}","templated":true}]}}