{"id":523,"date":"2023-03-10T06:00:53","date_gmt":"2023-03-10T05:00:53","guid":{"rendered":"https:\/\/eldiariodelaeducacion.com\/extraeducacion\/?p=523"},"modified":"2024-07-29T10:14:55","modified_gmt":"2024-07-29T08:14:55","slug":"viaje-a-las-profundidades-de-la-lomloe","status":"publish","type":"post","link":"https:\/\/eldiariodelaeducacion.com\/extraeducacion\/2023\/03\/10\/viaje-a-las-profundidades-de-la-lomloe\/","title":{"rendered":"Viaje a las profundidades de la Lomloe"},"content":{"rendered":"<p><a href=\"https:\/\/www.educaria.com\/motores-del-cambio\/#single\/0\"><img fetchpriority=\"high\" decoding=\"async\" class=\"alignnone wp-image-524\" src=\"https:\/\/eldiariodelaeducacion.com\/extraeducacion\/wp-content\/uploads\/sites\/24\/2023\/03\/DiarioEducacionLOMLOE23-300x188.png\" alt=\"\" width=\"820\" height=\"513\" srcset=\"https:\/\/eldiariodelaeducacion.com\/extraeducacion\/wp-content\/uploads\/sites\/5\/2023\/03\/DiarioEducacionLOMLOE23-300x188.png 300w, https:\/\/eldiariodelaeducacion.com\/extraeducacion\/wp-content\/uploads\/sites\/5\/2023\/03\/DiarioEducacionLOMLOE23-1024x640.png 1024w, https:\/\/eldiariodelaeducacion.com\/extraeducacion\/wp-content\/uploads\/sites\/5\/2023\/03\/DiarioEducacionLOMLOE23-768x480.png 768w, https:\/\/eldiariodelaeducacion.com\/extraeducacion\/wp-content\/uploads\/sites\/5\/2023\/03\/DiarioEducacionLOMLOE23.png 1280w\" sizes=\"(max-width: 820px) 100vw, 820px\" \/><\/a><\/p>\n<p>La Lomloe supone seguramente el mayor avance hacia una educaci\u00f3n por competencias. Introduce elementos importantes para una transici\u00f3n hacia un aprendizaje significativo y con sentido como son el perfil de salida, la flexibilizaci\u00f3n del tratamiento de los contenidos, o la personalizaci\u00f3n del aprendizaje.<\/p>\n<p>Afrontar los retos del siglo XXI nos obliga a crear espacios de discusi\u00f3n y acuerdos como comunidad educativa, disponer de una estrategia de gesti\u00f3n del cambio, y contar con la implicaci\u00f3n y participaci\u00f3n de estudiantes, docentes y familias.<\/p>\n<p>Gustavo Pita, de Gredos San Diego; Jos\u00e9 Antonio Ortega, de Fundaci\u00f3n Vedruna Educaci\u00f3n, y Jaime Garc\u00eda Crespo, de Grupo Base Educaci\u00f3n, comparten su visi\u00f3n y experiencia sobre la aplicaci\u00f3n de la nueva ley educativa.<\/p>\n<p>Te invitamos a ver el debate <a href=\"https:\/\/www.educaria.com\/motores-del-cambio\/#single\/0\">aqu\u00ed<\/a>.<\/p>\n<h3>\u00bfQu\u00e9 es Motores del Cambio?<\/h3>\n<p>Motores del Cambio es una iniciativa de Educaria. Un espacio de debate e intercambio de experiencias educativas innovadoras.<\/p>\n<p>Un \u00e1gora educativa donde se converse hacia d\u00f3nde va la educaci\u00f3n bajo el prisma de la innovaci\u00f3n, que sirva de inspiraci\u00f3n a la comunidad educativa en general, y genere conocimiento compartido.<\/p>\n<p>Los centros educativos son los protagonistas del debate, porque la innovaci\u00f3n necesita de contexto para ser explicada.<\/p>\n","protected":false},"excerpt":{"rendered":"<p>La Lomloe supone seguramente el mayor avance hacia una educaci\u00f3n por competencias. Introduce elementos importantes para una transici\u00f3n hacia un aprendizaje significativo y con sentido como son el perfil de salida, la flexibilizaci\u00f3n del tratamiento de los contenidos, o la personalizaci\u00f3n del aprendizaje. Afrontar los retos del siglo XXI nos obliga a crear espacios de<\/p>\n","protected":false},"author":150,"featured_media":524,"comment_status":"open","ping_status":"open","sticky":false,"template":"","format":"standard","meta":{"footnotes":""},"categories":[2],"tags":[],"tipo":[30],"class_list":{"0":"post-523","1":"post","2":"type-post","3":"status-publish","4":"format-standard","5":"has-post-thumbnail","7":"category-extra-educacion","8":"tipo-actualidad"},"yoast_head":"<!-- This site is optimized with the Yoast SEO plugin v27.5 - https:\/\/yoast.com\/product\/yoast-seo-wordpress\/ -->\n<title>Viaje a las profundidades de la Lomloe - Extra Educaci\u00f3n<\/title>\n<meta name=\"robots\" content=\"index, follow, max-snippet:-1, max-image-preview:large, max-video-preview:-1\" \/>\n<link rel=\"canonical\" href=\"https:\/\/eldiariodelaeducacion.com\/extraeducacion\/2023\/03\/10\/viaje-a-las-profundidades-de-la-lomloe\/\" \/>\n<meta property=\"og:locale\" content=\"es_ES\" \/>\n<meta property=\"og:type\" content=\"article\" \/>\n<meta property=\"og:title\" content=\"Viaje a las profundidades de la Lomloe - Extra Educaci\u00f3n\" \/>\n<meta property=\"og:description\" content=\"La Lomloe supone seguramente el mayor avance hacia una educaci\u00f3n por competencias. Introduce elementos importantes para una transici\u00f3n hacia un aprendizaje significativo y con sentido como son el perfil de salida, la flexibilizaci\u00f3n del tratamiento de los contenidos, o la personalizaci\u00f3n del aprendizaje. Afrontar los retos del siglo XXI nos obliga a crear espacios de\" \/>\n<meta property=\"og:url\" content=\"https:\/\/eldiariodelaeducacion.com\/extraeducacion\/2023\/03\/10\/viaje-a-las-profundidades-de-la-lomloe\/\" \/>\n<meta property=\"og:site_name\" content=\"Extra Educaci\u00f3n\" \/>\n<meta property=\"article:published_time\" content=\"2023-03-10T05:00:53+00:00\" \/>\n<meta property=\"article:modified_time\" content=\"2024-07-29T08:14:55+00:00\" \/>\n<meta property=\"og:image\" content=\"https:\/\/eldiariodelaeducacion.com\/extraeducacion\/wp-content\/uploads\/sites\/5\/2023\/03\/DiarioEducacionLOMLOE23.png\" \/>\n\t<meta property=\"og:image:width\" content=\"1280\" \/>\n\t<meta property=\"og:image:height\" content=\"800\" \/>\n\t<meta property=\"og:image:type\" content=\"image\/png\" \/>\n<meta name=\"author\" content=\"Redacci\u00f3n\" \/>\n<meta name=\"twitter:card\" content=\"summary_large_image\" \/>\n<meta name=\"twitter:label1\" content=\"Escrito por\" \/>\n\t<meta name=\"twitter:data1\" content=\"Redacci\u00f3n\" \/>\n\t<meta name=\"twitter:label2\" content=\"Tiempo de lectura\" \/>\n\t<meta name=\"twitter:data2\" content=\"1 minuto\" \/>\n<script type=\"application\/ld+json\" class=\"yoast-schema-graph\">{\"@context\":\"https:\\\/\\\/schema.org\",\"@graph\":[{\"@type\":\"Article\",\"@id\":\"https:\\\/\\\/eldiariodelaeducacion.com\\\/extraeducacion\\\/2023\\\/03\\\/10\\\/viaje-a-las-profundidades-de-la-lomloe\\\/#article\",\"isPartOf\":{\"@id\":\"https:\\\/\\\/eldiariodelaeducacion.com\\\/extraeducacion\\\/2023\\\/03\\\/10\\\/viaje-a-las-profundidades-de-la-lomloe\\\/\"},\"author\":{\"name\":\"Redacci\u00f3n\",\"@id\":\"https:\\\/\\\/eldiariodelaeducacion.com\\\/extraeducacion\\\/#\\\/schema\\\/person\\\/5228007cb64f7ca80adbd750a941d59c\"},\"headline\":\"Viaje a las profundidades de la Lomloe\",\"datePublished\":\"2023-03-10T05:00:53+00:00\",\"dateModified\":\"2024-07-29T08:14:55+00:00\",\"mainEntityOfPage\":{\"@id\":\"https:\\\/\\\/eldiariodelaeducacion.com\\\/extraeducacion\\\/2023\\\/03\\\/10\\\/viaje-a-las-profundidades-de-la-lomloe\\\/\"},\"wordCount\":219,\"commentCount\":0,\"image\":{\"@id\":\"https:\\\/\\\/eldiariodelaeducacion.com\\\/extraeducacion\\\/2023\\\/03\\\/10\\\/viaje-a-las-profundidades-de-la-lomloe\\\/#primaryimage\"},\"thumbnailUrl\":\"https:\\\/\\\/eldiariodelaeducacion.com\\\/extraeducacion\\\/wp-content\\\/uploads\\\/sites\\\/5\\\/2023\\\/03\\\/DiarioEducacionLOMLOE23.png\",\"articleSection\":[\"Extra educaci\u00f3n\"],\"inLanguage\":\"es\",\"potentialAction\":[{\"@type\":\"CommentAction\",\"name\":\"Comment\",\"target\":[\"https:\\\/\\\/eldiariodelaeducacion.com\\\/extraeducacion\\\/2023\\\/03\\\/10\\\/viaje-a-las-profundidades-de-la-lomloe\\\/#respond\"]}]},{\"@type\":\"WebPage\",\"@id\":\"https:\\\/\\\/eldiariodelaeducacion.com\\\/extraeducacion\\\/2023\\\/03\\\/10\\\/viaje-a-las-profundidades-de-la-lomloe\\\/\",\"url\":\"https:\\\/\\\/eldiariodelaeducacion.com\\\/extraeducacion\\\/2023\\\/03\\\/10\\\/viaje-a-las-profundidades-de-la-lomloe\\\/\",\"name\":\"Viaje a las profundidades de la Lomloe - Extra Educaci\u00f3n\",\"isPartOf\":{\"@id\":\"https:\\\/\\\/eldiariodelaeducacion.com\\\/extraeducacion\\\/#website\"},\"primaryImageOfPage\":{\"@id\":\"https:\\\/\\\/eldiariodelaeducacion.com\\\/extraeducacion\\\/2023\\\/03\\\/10\\\/viaje-a-las-profundidades-de-la-lomloe\\\/#primaryimage\"},\"image\":{\"@id\":\"https:\\\/\\\/eldiariodelaeducacion.com\\\/extraeducacion\\\/2023\\\/03\\\/10\\\/viaje-a-las-profundidades-de-la-lomloe\\\/#primaryimage\"},\"thumbnailUrl\":\"https:\\\/\\\/eldiariodelaeducacion.com\\\/extraeducacion\\\/wp-content\\\/uploads\\\/sites\\\/5\\\/2023\\\/03\\\/DiarioEducacionLOMLOE23.png\",\"datePublished\":\"2023-03-10T05:00:53+00:00\",\"dateModified\":\"2024-07-29T08:14:55+00:00\",\"author\":{\"@id\":\"https:\\\/\\\/eldiariodelaeducacion.com\\\/extraeducacion\\\/#\\\/schema\\\/person\\\/5228007cb64f7ca80adbd750a941d59c\"},\"breadcrumb\":{\"@id\":\"https:\\\/\\\/eldiariodelaeducacion.com\\\/extraeducacion\\\/2023\\\/03\\\/10\\\/viaje-a-las-profundidades-de-la-lomloe\\\/#breadcrumb\"},\"inLanguage\":\"es\",\"potentialAction\":[{\"@type\":\"ReadAction\",\"target\":[\"https:\\\/\\\/eldiariodelaeducacion.com\\\/extraeducacion\\\/2023\\\/03\\\/10\\\/viaje-a-las-profundidades-de-la-lomloe\\\/\"]}]},{\"@type\":\"ImageObject\",\"inLanguage\":\"es\",\"@id\":\"https:\\\/\\\/eldiariodelaeducacion.com\\\/extraeducacion\\\/2023\\\/03\\\/10\\\/viaje-a-las-profundidades-de-la-lomloe\\\/#primaryimage\",\"url\":\"https:\\\/\\\/eldiariodelaeducacion.com\\\/extraeducacion\\\/wp-content\\\/uploads\\\/sites\\\/5\\\/2023\\\/03\\\/DiarioEducacionLOMLOE23.png\",\"contentUrl\":\"https:\\\/\\\/eldiariodelaeducacion.com\\\/extraeducacion\\\/wp-content\\\/uploads\\\/sites\\\/5\\\/2023\\\/03\\\/DiarioEducacionLOMLOE23.png\",\"width\":1280,\"height\":800},{\"@type\":\"BreadcrumbList\",\"@id\":\"https:\\\/\\\/eldiariodelaeducacion.com\\\/extraeducacion\\\/2023\\\/03\\\/10\\\/viaje-a-las-profundidades-de-la-lomloe\\\/#breadcrumb\",\"itemListElement\":[{\"@type\":\"ListItem\",\"position\":1,\"name\":\"Portada\",\"item\":\"https:\\\/\\\/eldiariodelaeducacion.com\\\/extraeducacion\\\/\"},{\"@type\":\"ListItem\",\"position\":2,\"name\":\"Viaje a las profundidades de la Lomloe\"}]},{\"@type\":\"WebSite\",\"@id\":\"https:\\\/\\\/eldiariodelaeducacion.com\\\/extraeducacion\\\/#website\",\"url\":\"https:\\\/\\\/eldiariodelaeducacion.com\\\/extraeducacion\\\/\",\"name\":\"Extra Educaci\u00f3n\",\"description\":\"Un blog de El Diario de la Educaci\u00f3n\",\"potentialAction\":[{\"@type\":\"SearchAction\",\"target\":{\"@type\":\"EntryPoint\",\"urlTemplate\":\"https:\\\/\\\/eldiariodelaeducacion.com\\\/extraeducacion\\\/?s={search_term_string}\"},\"query-input\":{\"@type\":\"PropertyValueSpecification\",\"valueRequired\":true,\"valueName\":\"search_term_string\"}}],\"inLanguage\":\"es\"},{\"@type\":\"Person\",\"@id\":\"https:\\\/\\\/eldiariodelaeducacion.com\\\/extraeducacion\\\/#\\\/schema\\\/person\\\/5228007cb64f7ca80adbd750a941d59c\",\"name\":\"Redacci\u00f3n\",\"image\":{\"@type\":\"ImageObject\",\"inLanguage\":\"es\",\"@id\":\"https:\\\/\\\/eldiariodelaeducacion.com\\\/wp-content\\\/uploads\\\/2024\\\/10\\\/redaccion_avatar-96x96.png\",\"url\":\"https:\\\/\\\/eldiariodelaeducacion.com\\\/wp-content\\\/uploads\\\/2024\\\/10\\\/redaccion_avatar-96x96.png\",\"contentUrl\":\"https:\\\/\\\/eldiariodelaeducacion.com\\\/wp-content\\\/uploads\\\/2024\\\/10\\\/redaccion_avatar-96x96.png\",\"caption\":\"Redacci\u00f3n\"},\"url\":\"https:\\\/\\\/eldiariodelaeducacion.com\\\/extraeducacion\\\/author\\\/redaccion\\\/\"}]}<\/script>\n<!-- \/ Yoast SEO plugin. -->","yoast_head_json":{"title":"Viaje a las profundidades de la Lomloe - Extra Educaci\u00f3n","robots":{"index":"index","follow":"follow","max-snippet":"max-snippet:-1","max-image-preview":"max-image-preview:large","max-video-preview":"max-video-preview:-1"},"canonical":"https:\/\/eldiariodelaeducacion.com\/extraeducacion\/2023\/03\/10\/viaje-a-las-profundidades-de-la-lomloe\/","og_locale":"es_ES","og_type":"article","og_title":"Viaje a las profundidades de la Lomloe - Extra Educaci\u00f3n","og_description":"La Lomloe supone seguramente el mayor avance hacia una educaci\u00f3n por competencias. Introduce elementos importantes para una transici\u00f3n hacia un aprendizaje significativo y con sentido como son el perfil de salida, la flexibilizaci\u00f3n del tratamiento de los contenidos, o la personalizaci\u00f3n del aprendizaje. Afrontar los retos del siglo XXI nos obliga a crear espacios de","og_url":"https:\/\/eldiariodelaeducacion.com\/extraeducacion\/2023\/03\/10\/viaje-a-las-profundidades-de-la-lomloe\/","og_site_name":"Extra Educaci\u00f3n","article_published_time":"2023-03-10T05:00:53+00:00","article_modified_time":"2024-07-29T08:14:55+00:00","og_image":[{"width":1280,"height":800,"url":"https:\/\/eldiariodelaeducacion.com\/extraeducacion\/wp-content\/uploads\/sites\/5\/2023\/03\/DiarioEducacionLOMLOE23.png","type":"image\/png"}],"author":"Redacci\u00f3n","twitter_card":"summary_large_image","twitter_misc":{"Escrito por":"Redacci\u00f3n","Tiempo de lectura":"1 minuto"},"schema":{"@context":"https:\/\/schema.org","@graph":[{"@type":"Article","@id":"https:\/\/eldiariodelaeducacion.com\/extraeducacion\/2023\/03\/10\/viaje-a-las-profundidades-de-la-lomloe\/#article","isPartOf":{"@id":"https:\/\/eldiariodelaeducacion.com\/extraeducacion\/2023\/03\/10\/viaje-a-las-profundidades-de-la-lomloe\/"},"author":{"name":"Redacci\u00f3n","@id":"https:\/\/eldiariodelaeducacion.com\/extraeducacion\/#\/schema\/person\/5228007cb64f7ca80adbd750a941d59c"},"headline":"Viaje a las profundidades de la Lomloe","datePublished":"2023-03-10T05:00:53+00:00","dateModified":"2024-07-29T08:14:55+00:00","mainEntityOfPage":{"@id":"https:\/\/eldiariodelaeducacion.com\/extraeducacion\/2023\/03\/10\/viaje-a-las-profundidades-de-la-lomloe\/"},"wordCount":219,"commentCount":0,"image":{"@id":"https:\/\/eldiariodelaeducacion.com\/extraeducacion\/2023\/03\/10\/viaje-a-las-profundidades-de-la-lomloe\/#primaryimage"},"thumbnailUrl":"https:\/\/eldiariodelaeducacion.com\/extraeducacion\/wp-content\/uploads\/sites\/5\/2023\/03\/DiarioEducacionLOMLOE23.png","articleSection":["Extra educaci\u00f3n"],"inLanguage":"es","potentialAction":[{"@type":"CommentAction","name":"Comment","target":["https:\/\/eldiariodelaeducacion.com\/extraeducacion\/2023\/03\/10\/viaje-a-las-profundidades-de-la-lomloe\/#respond"]}]},{"@type":"WebPage","@id":"https:\/\/eldiariodelaeducacion.com\/extraeducacion\/2023\/03\/10\/viaje-a-las-profundidades-de-la-lomloe\/","url":"https:\/\/eldiariodelaeducacion.com\/extraeducacion\/2023\/03\/10\/viaje-a-las-profundidades-de-la-lomloe\/","name":"Viaje a las profundidades de la Lomloe - Extra Educaci\u00f3n","isPartOf":{"@id":"https:\/\/eldiariodelaeducacion.com\/extraeducacion\/#website"},"primaryImageOfPage":{"@id":"https:\/\/eldiariodelaeducacion.com\/extraeducacion\/2023\/03\/10\/viaje-a-las-profundidades-de-la-lomloe\/#primaryimage"},"image":{"@id":"https:\/\/eldiariodelaeducacion.com\/extraeducacion\/2023\/03\/10\/viaje-a-las-profundidades-de-la-lomloe\/#primaryimage"},"thumbnailUrl":"https:\/\/eldiariodelaeducacion.com\/extraeducacion\/wp-content\/uploads\/sites\/5\/2023\/03\/DiarioEducacionLOMLOE23.png","datePublished":"2023-03-10T05:00:53+00:00","dateModified":"2024-07-29T08:14:55+00:00","author":{"@id":"https:\/\/eldiariodelaeducacion.com\/extraeducacion\/#\/schema\/person\/5228007cb64f7ca80adbd750a941d59c"},"breadcrumb":{"@id":"https:\/\/eldiariodelaeducacion.com\/extraeducacion\/2023\/03\/10\/viaje-a-las-profundidades-de-la-lomloe\/#breadcrumb"},"inLanguage":"es","potentialAction":[{"@type":"ReadAction","target":["https:\/\/eldiariodelaeducacion.com\/extraeducacion\/2023\/03\/10\/viaje-a-las-profundidades-de-la-lomloe\/"]}]},{"@type":"ImageObject","inLanguage":"es","@id":"https:\/\/eldiariodelaeducacion.com\/extraeducacion\/2023\/03\/10\/viaje-a-las-profundidades-de-la-lomloe\/#primaryimage","url":"https:\/\/eldiariodelaeducacion.com\/extraeducacion\/wp-content\/uploads\/sites\/5\/2023\/03\/DiarioEducacionLOMLOE23.png","contentUrl":"https:\/\/eldiariodelaeducacion.com\/extraeducacion\/wp-content\/uploads\/sites\/5\/2023\/03\/DiarioEducacionLOMLOE23.png","width":1280,"height":800},{"@type":"BreadcrumbList","@id":"https:\/\/eldiariodelaeducacion.com\/extraeducacion\/2023\/03\/10\/viaje-a-las-profundidades-de-la-lomloe\/#breadcrumb","itemListElement":[{"@type":"ListItem","position":1,"name":"Portada","item":"https:\/\/eldiariodelaeducacion.com\/extraeducacion\/"},{"@type":"ListItem","position":2,"name":"Viaje a las profundidades de la Lomloe"}]},{"@type":"WebSite","@id":"https:\/\/eldiariodelaeducacion.com\/extraeducacion\/#website","url":"https:\/\/eldiariodelaeducacion.com\/extraeducacion\/","name":"Extra Educaci\u00f3n","description":"Un blog de El Diario de la Educaci\u00f3n","potentialAction":[{"@type":"SearchAction","target":{"@type":"EntryPoint","urlTemplate":"https:\/\/eldiariodelaeducacion.com\/extraeducacion\/?s={search_term_string}"},"query-input":{"@type":"PropertyValueSpecification","valueRequired":true,"valueName":"search_term_string"}}],"inLanguage":"es"},{"@type":"Person","@id":"https:\/\/eldiariodelaeducacion.com\/extraeducacion\/#\/schema\/person\/5228007cb64f7ca80adbd750a941d59c","name":"Redacci\u00f3n","image":{"@type":"ImageObject","inLanguage":"es","@id":"https:\/\/eldiariodelaeducacion.com\/wp-content\/uploads\/2024\/10\/redaccion_avatar-96x96.png","url":"https:\/\/eldiariodelaeducacion.com\/wp-content\/uploads\/2024\/10\/redaccion_avatar-96x96.png","contentUrl":"https:\/\/eldiariodelaeducacion.com\/wp-content\/uploads\/2024\/10\/redaccion_avatar-96x96.png","caption":"Redacci\u00f3n"},"url":"https:\/\/eldiariodelaeducacion.com\/extraeducacion\/author\/redaccion\/"}]}},"_links":{"self":[{"href":"https:\/\/eldiariodelaeducacion.com\/extraeducacion\/wp-json\/wp\/v2\/posts\/523","targetHints":{"allow":["GET"]}}],"collection":[{"href":"https:\/\/eldiariodelaeducacion.com\/extraeducacion\/wp-json\/wp\/v2\/posts"}],"about":[{"href":"https:\/\/eldiariodelaeducacion.com\/extraeducacion\/wp-json\/wp\/v2\/types\/post"}],"author":[{"embeddable":true,"href":"https:\/\/eldiariodelaeducacion.com\/extraeducacion\/wp-json\/wp\/v2\/users\/150"}],"replies":[{"embeddable":true,"href":"https:\/\/eldiariodelaeducacion.com\/extraeducacion\/wp-json\/wp\/v2\/comments?post=523"}],"version-history":[{"count":1,"href":"https:\/\/eldiariodelaeducacion.com\/extraeducacion\/wp-json\/wp\/v2\/posts\/523\/revisions"}],"predecessor-version":[{"id":829,"href":"https:\/\/eldiariodelaeducacion.com\/extraeducacion\/wp-json\/wp\/v2\/posts\/523\/revisions\/829"}],"wp:featuredmedia":[{"embeddable":true,"href":"https:\/\/eldiariodelaeducacion.com\/extraeducacion\/wp-json\/wp\/v2\/media\/524"}],"wp:attachment":[{"href":"https:\/\/eldiariodelaeducacion.com\/extraeducacion\/wp-json\/wp\/v2\/media?parent=523"}],"wp:term":[{"taxonomy":"category","embeddable":true,"href":"https:\/\/eldiariodelaeducacion.com\/extraeducacion\/wp-json\/wp\/v2\/categories?post=523"},{"taxonomy":"post_tag","embeddable":true,"href":"https:\/\/eldiariodelaeducacion.com\/extraeducacion\/wp-json\/wp\/v2\/tags?post=523"},{"taxonomy":"tipo","embeddable":true,"href":"https:\/\/eldiariodelaeducacion.com\/extraeducacion\/wp-json\/wp\/v2\/tipo?post=523"}],"curies":[{"name":"wp","href":"https:\/\/api.w.org\/{rel}","templated":true}]}}