{"id":529,"date":"2023-03-13T06:00:47","date_gmt":"2023-03-13T05:00:47","guid":{"rendered":"https:\/\/eldiariodelaeducacion.com\/extraeducacion\/?p=529"},"modified":"2024-07-29T10:14:56","modified_gmt":"2024-07-29T08:14:56","slug":"cuales-seran-los-idiomas-mas-importantes-en-el-futuro","status":"publish","type":"post","link":"https:\/\/eldiariodelaeducacion.com\/extraeducacion\/2023\/03\/13\/cuales-seran-los-idiomas-mas-importantes-en-el-futuro\/","title":{"rendered":"\u00bfCu\u00e1les ser\u00e1n los idiomas m\u00e1s importantes en el futuro?"},"content":{"rendered":"<p>La respuesta sobre qu\u00e9 idiomas es m\u00e1s conveniente centrar la atenci\u00f3n ser\u00e1 diferente para cada empresa, ya que cada una elegir\u00e1 los <strong>idiomas en funci\u00f3n de los mercados en los que opera y del tipo de cliente al que se dirige<\/strong>.<\/p>\n<p>Pero m\u00e1s all\u00e1 de estos dos factores, el p\u00fablico objetivo y los pa\u00edses a los que nos dirigimos, es importante no olvidar algunas tendencias que est\u00e1n haciendo evolucionar la oferta de aprendizaje de idiomas y que est\u00e1n empezando a tener consecuencias en la actualidad.<\/p>\n<p>En este art\u00edculo, intentaremos dar respuesta a la pregunta de qu\u00e9 <strong>idiomas ser\u00e1n importantes para el futuro<\/strong> y por qu\u00e9.<\/p>\n<h3>Los idiomas m\u00e1s importantes en el futuro<\/h3>\n<h5>Ingl\u00e9s<\/h5>\n<p>En primer lugar, el ingl\u00e9s seguir\u00e1 siendo la lengua con mayor impacto por ser el idioma de<strong> los negocios, la tecnolog\u00eda, los medios de comunicaci\u00f3n, la ciencia y las instituciones internacionales<\/strong>. No hay que olvidar, adem\u00e1s, que es el idioma oficial en 94 pa\u00edses y el m\u00e1s utilizado en Internet.<\/p>\n<p>Todo esto se ve apoyado por el hecho de que en la mayor parte de los pa\u00edses a nivel global, los sistemas educativos dedican un importante esfuerzo a la ense\u00f1anza-aprendizaje del ingl\u00e9s.<\/p>\n<p>Por todo esto, quien quiera tener \u00e9xito en los negocios o la tecnolog\u00eda tendr\u00e1 que apostar por el ingl\u00e9s como una de las habilidades imprescindible que habr\u00e1 de adquirir.<\/p>\n<h5>Chino mandar\u00edn<\/h5>\n<p>El mandar\u00edn, poco a poco, se est\u00e1 convirtiendo en un idioma con cada vez m\u00e1s importancia.<\/p>\n<p>China es la <strong>segunda econom\u00eda m\u00e1s grande del mundo<\/strong> y su influencia mundial no para de crecer creciendo.<\/p>\n<p>De esta manera, la capacidad de hablar mandar\u00edn gana importancia para quienes quieren trabajar con el gigante asi\u00e1tico. Adem\u00e1s, el n\u00famero de hablantes de mandar\u00edn en todo el mundo es enorme y est\u00e1 muy cerca de ls 1.000 millones de personas que lo tienen como su lengua materna. Pero hay otros 120 millones de personas que lo utilizan como lengua extranjera, lo que lo convierte en la segunda lengua m\u00e1s hablada del mundo.<\/p>\n<p>Aprenderlo <em>online<\/em> con <a href=\"https:\/\/www.italki.com\/es\/profesores\/chino-online\"><strong>profesores de chino<\/strong><\/a> es una buena idea para un acercamiento a este idioma. La <strong>plataforma de idiomas de italki<\/strong> cuenta con profesores nativos cualificados que te ayudar\u00e1n a perfeccionar la gram\u00e1tica y la pronunciaci\u00f3n de este idioma tan complejo.<\/p>\n<p>Adem\u00e1s, podr\u00e1s aprender a tu ritmo, decidir cu\u00e1nto tiempo dedicar al aprendizaje y prestar m\u00e1s atenci\u00f3n a aquellas cuestiones del idioma que m\u00e1s necesites. Sin olvidar que <strong>acercarte al chino te permitir\u00e1 aprender sobre las costumbres y cultura de un maravilloso pa\u00eds<\/strong>.<\/p>\n<h5>Espa\u00f1ol<\/h5>\n<p>En tercer lugar, tenemos al espa\u00f1ol. Con m\u00e1s de 500 millones de hablantes en todo el mundo, es el segundo idioma m\u00e1s hablado despu\u00e9s del chino mandar\u00edn.<\/p>\n<p>Es la lengua oficial en 21 pa\u00edses y se habla en muchos otros como un segundo idioma.<\/p>\n<p>Debido a la creciente importancia econ\u00f3mica de los pa\u00edses de habla hispana, especialmente en Am\u00e9rica Latina, el espa\u00f1ol es un idioma muy valioso para aquellos que buscan hacer negocios en la regi\u00f3n.<\/p>\n<h5>\u00c1rabe<\/h5>\n<p>En cuarto lugar, el \u00e1rabe es un idioma cada vez m\u00e1s importante. Es el idioma oficial en 26 pa\u00edses y es hablado por m\u00e1s de 400 millones de personas en todo el mundo.<\/p>\n<p>Adem\u00e1s, muchos de estos pa\u00edses tienen econom\u00edas emergentes que ofrecen <strong>nuevas oportunidades de negocios<\/strong>. El conocimiento del \u00e1rabe es muy valioso para aquellos que desean trabajar en la regi\u00f3n del Medio Oriente y \u00c1frica del Norte.<\/p>\n<h5>Franc\u00e9s<\/h5>\n<p>En quinto lugar, el franc\u00e9s. A pesar de que no es tan hablado como el ingl\u00e9s o el espa\u00f1ol, mantiene su importancia como lengua de <strong>negocios y cultura<\/strong>.<\/p>\n<p>Francia es una de las econom\u00edas m\u00e1s grandes de Europa y es un l\u00edder en la moda, la gastronom\u00eda y la cultura. Adem\u00e1s, el franc\u00e9s es uno de los idiomas oficiales de las Naciones Unidas y se habla en muchos pa\u00edses africanos.<\/p>\n<h5>Alem\u00e1n<\/h5>\n<p>En sexto lugar, el alem\u00e1n es otro de los idiomas m\u00e1s importantes en Europa. Alemania es la econom\u00eda m\u00e1s grande de Europa y l<strong>\u00edder en tecnolog\u00eda e ingenier\u00eda<\/strong>.<\/p>\n<p>Adem\u00e1s, el alem\u00e1n es el idioma m\u00e1s hablado en la Uni\u00f3n Europea y en varios pa\u00edses europeos. El conocimiento del alem\u00e1n es muy valioso para aquellos que buscan trabajar en la industria manufacturera o tecnol\u00f3gica en Europa.<\/p>\n<h5>Portugu\u00e9s<\/h5>\n<p>En s\u00e9ptimo lugar, el portugu\u00e9s est\u00e1 ganando importancia debido a la creciente influencia de Brasil en la econom\u00eda mundial.<\/p>\n<p>Brasil es la octava econom\u00eda m\u00e1s grande del mundo y est\u00e1 experimentando un crecimiento econ\u00f3mico significativo. Adem\u00e1s, el portugu\u00e9s es el idioma oficial en varios pa\u00edses africanos y se habla en otros pa\u00edses como un segundo idioma.<\/p>\n<h5>Japon\u00e9s<\/h5>\n<p>En octavo lugar, el japon\u00e9s sigue siendo un idioma importante debido a la influencia del pa\u00eds en la <strong>tecnolog\u00eda y la ingenier\u00eda<\/strong>.<\/p>\n<p>Jap\u00f3n es l\u00edder en tecnolog\u00eda y electr\u00f3nica y tiene una econom\u00eda muy avanzada. Adem\u00e1s, el japon\u00e9s es el idioma oficial en Jap\u00f3n y se habla en varios pa\u00edses asi\u00e1ticos.<\/p>\n<h5>Ruso<\/h5>\n<p>En noveno lugar, el ruso es un idioma importante debido a su influencia en la pol\u00edtica y la econom\u00eda.<\/p>\n<p>Rusia es una de las econom\u00edas m\u00e1s grandes del mundo y es l\u00edder en<strong> energ\u00eda y miner\u00eda<\/strong>. Adem\u00e1s, el ruso es hablado en varios pa\u00edses de Europa del Este y Asia Central.<\/p>\n<h5>Coreano<\/h5>\n<p>En d\u00e9cimo lugar, el coreano est\u00e1 ganando importancia debido a la influencia de Corea del Sur en <strong>la tecnolog\u00eda y la cultura popular<\/strong>.<\/p>\n<p>Corea del Sur es un l\u00edder en tecnolog\u00eda y entretenimiento y su influencia en la cultura popular est\u00e1 creciendo en todo el mundo.<\/p>\n<p>Adem\u00e1s, el coreano es el idioma oficial en Corea del Sur y se habla en algunos otros pa\u00edses asi\u00e1ticos.<\/p>\n<p>En conclusi\u00f3n, <strong>el ingl\u00e9s seguir\u00e1 siendo el idioma m\u00e1s importante en el mundo<\/strong> debido a su papel en los negocios y la tecnolog\u00eda.<\/p>\n<p>Sin embargo, el mandar\u00edn, el espa\u00f1ol, el \u00e1rabe, el franc\u00e9s, el alem\u00e1n, el portugu\u00e9s, el japon\u00e9s, el ruso y el coreano son todos idiomas importantes en el mundo debido a su<strong> influencia en la pol\u00edtica, la econom\u00eda, la tecnolog\u00eda y la cultura<\/strong>.<\/p>\n<p>A medida que la econom\u00eda global sigue creciendo, <strong>el conocimiento de estos idiomas ser\u00e1 cada vez m\u00e1s importante para aquellos que buscan tener \u00e9xito en los negocios<\/strong> y la cultura global.<\/p>\n","protected":false},"excerpt":{"rendered":"<p>La respuesta sobre qu\u00e9 idiomas es m\u00e1s conveniente centrar la atenci\u00f3n ser\u00e1 diferente para cada empresa, ya que cada una elegir\u00e1 los idiomas en funci\u00f3n de los mercados en los que opera y del tipo de cliente al que se dirige. Pero m\u00e1s all\u00e1 de estos dos factores, el p\u00fablico objetivo y los pa\u00edses a<\/p>\n","protected":false},"author":150,"featured_media":530,"comment_status":"open","ping_status":"open","sticky":false,"template":"","format":"standard","meta":{"footnotes":""},"categories":[2],"tags":[],"tipo":[30],"class_list":{"0":"post-529","1":"post","2":"type-post","3":"status-publish","4":"format-standard","5":"has-post-thumbnail","7":"category-extra-educacion","8":"tipo-actualidad"},"yoast_head":"<!-- This site is optimized with the Yoast SEO plugin v27.5 - https:\/\/yoast.com\/product\/yoast-seo-wordpress\/ -->\n<title>\u00bfCu\u00e1les ser\u00e1n los idiomas m\u00e1s importantes en el futuro? - Extra Educaci\u00f3n<\/title>\n<meta name=\"robots\" content=\"index, follow, max-snippet:-1, max-image-preview:large, max-video-preview:-1\" \/>\n<link rel=\"canonical\" href=\"https:\/\/eldiariodelaeducacion.com\/extraeducacion\/2023\/03\/13\/cuales-seran-los-idiomas-mas-importantes-en-el-futuro\/\" \/>\n<meta property=\"og:locale\" content=\"es_ES\" \/>\n<meta property=\"og:type\" content=\"article\" \/>\n<meta property=\"og:title\" content=\"\u00bfCu\u00e1les ser\u00e1n los idiomas m\u00e1s importantes en el futuro? - Extra Educaci\u00f3n\" \/>\n<meta property=\"og:description\" content=\"La respuesta sobre qu\u00e9 idiomas es m\u00e1s conveniente centrar la atenci\u00f3n ser\u00e1 diferente para cada empresa, ya que cada una elegir\u00e1 los idiomas en funci\u00f3n de los mercados en los que opera y del tipo de cliente al que se dirige. Pero m\u00e1s all\u00e1 de estos dos factores, el p\u00fablico objetivo y los pa\u00edses a\" \/>\n<meta property=\"og:url\" content=\"https:\/\/eldiariodelaeducacion.com\/extraeducacion\/2023\/03\/13\/cuales-seran-los-idiomas-mas-importantes-en-el-futuro\/\" \/>\n<meta property=\"og:site_name\" content=\"Extra Educaci\u00f3n\" \/>\n<meta property=\"article:published_time\" content=\"2023-03-13T05:00:47+00:00\" \/>\n<meta property=\"article:modified_time\" content=\"2024-07-29T08:14:56+00:00\" \/>\n<meta property=\"og:image\" content=\"https:\/\/eldiariodelaeducacion.com\/extraeducacion\/wp-content\/uploads\/sites\/5\/2023\/03\/flags-g8b81398d2_1280.jpg\" \/>\n\t<meta property=\"og:image:width\" content=\"1280\" \/>\n\t<meta property=\"og:image:height\" content=\"905\" \/>\n\t<meta property=\"og:image:type\" content=\"image\/jpeg\" \/>\n<meta name=\"author\" content=\"Redacci\u00f3n\" \/>\n<meta name=\"twitter:card\" content=\"summary_large_image\" \/>\n<meta name=\"twitter:label1\" content=\"Escrito por\" \/>\n\t<meta name=\"twitter:data1\" content=\"Redacci\u00f3n\" \/>\n\t<meta name=\"twitter:label2\" content=\"Tiempo de lectura\" \/>\n\t<meta name=\"twitter:data2\" content=\"6 minutos\" \/>\n<script type=\"application\/ld+json\" class=\"yoast-schema-graph\">{\"@context\":\"https:\\\/\\\/schema.org\",\"@graph\":[{\"@type\":\"Article\",\"@id\":\"https:\\\/\\\/eldiariodelaeducacion.com\\\/extraeducacion\\\/2023\\\/03\\\/13\\\/cuales-seran-los-idiomas-mas-importantes-en-el-futuro\\\/#article\",\"isPartOf\":{\"@id\":\"https:\\\/\\\/eldiariodelaeducacion.com\\\/extraeducacion\\\/2023\\\/03\\\/13\\\/cuales-seran-los-idiomas-mas-importantes-en-el-futuro\\\/\"},\"author\":{\"name\":\"Redacci\u00f3n\",\"@id\":\"https:\\\/\\\/eldiariodelaeducacion.com\\\/extraeducacion\\\/#\\\/schema\\\/person\\\/5228007cb64f7ca80adbd750a941d59c\"},\"headline\":\"\u00bfCu\u00e1les ser\u00e1n los idiomas m\u00e1s importantes en el futuro?\",\"datePublished\":\"2023-03-13T05:00:47+00:00\",\"dateModified\":\"2024-07-29T08:14:56+00:00\",\"mainEntityOfPage\":{\"@id\":\"https:\\\/\\\/eldiariodelaeducacion.com\\\/extraeducacion\\\/2023\\\/03\\\/13\\\/cuales-seran-los-idiomas-mas-importantes-en-el-futuro\\\/\"},\"wordCount\":1175,\"commentCount\":0,\"image\":{\"@id\":\"https:\\\/\\\/eldiariodelaeducacion.com\\\/extraeducacion\\\/2023\\\/03\\\/13\\\/cuales-seran-los-idiomas-mas-importantes-en-el-futuro\\\/#primaryimage\"},\"thumbnailUrl\":\"https:\\\/\\\/eldiariodelaeducacion.com\\\/extraeducacion\\\/wp-content\\\/uploads\\\/sites\\\/5\\\/2023\\\/03\\\/flags-g8b81398d2_1280.jpg\",\"articleSection\":[\"Extra educaci\u00f3n\"],\"inLanguage\":\"es\",\"potentialAction\":[{\"@type\":\"CommentAction\",\"name\":\"Comment\",\"target\":[\"https:\\\/\\\/eldiariodelaeducacion.com\\\/extraeducacion\\\/2023\\\/03\\\/13\\\/cuales-seran-los-idiomas-mas-importantes-en-el-futuro\\\/#respond\"]}]},{\"@type\":\"WebPage\",\"@id\":\"https:\\\/\\\/eldiariodelaeducacion.com\\\/extraeducacion\\\/2023\\\/03\\\/13\\\/cuales-seran-los-idiomas-mas-importantes-en-el-futuro\\\/\",\"url\":\"https:\\\/\\\/eldiariodelaeducacion.com\\\/extraeducacion\\\/2023\\\/03\\\/13\\\/cuales-seran-los-idiomas-mas-importantes-en-el-futuro\\\/\",\"name\":\"\u00bfCu\u00e1les ser\u00e1n los idiomas m\u00e1s importantes en el futuro? - Extra Educaci\u00f3n\",\"isPartOf\":{\"@id\":\"https:\\\/\\\/eldiariodelaeducacion.com\\\/extraeducacion\\\/#website\"},\"primaryImageOfPage\":{\"@id\":\"https:\\\/\\\/eldiariodelaeducacion.com\\\/extraeducacion\\\/2023\\\/03\\\/13\\\/cuales-seran-los-idiomas-mas-importantes-en-el-futuro\\\/#primaryimage\"},\"image\":{\"@id\":\"https:\\\/\\\/eldiariodelaeducacion.com\\\/extraeducacion\\\/2023\\\/03\\\/13\\\/cuales-seran-los-idiomas-mas-importantes-en-el-futuro\\\/#primaryimage\"},\"thumbnailUrl\":\"https:\\\/\\\/eldiariodelaeducacion.com\\\/extraeducacion\\\/wp-content\\\/uploads\\\/sites\\\/5\\\/2023\\\/03\\\/flags-g8b81398d2_1280.jpg\",\"datePublished\":\"2023-03-13T05:00:47+00:00\",\"dateModified\":\"2024-07-29T08:14:56+00:00\",\"author\":{\"@id\":\"https:\\\/\\\/eldiariodelaeducacion.com\\\/extraeducacion\\\/#\\\/schema\\\/person\\\/5228007cb64f7ca80adbd750a941d59c\"},\"breadcrumb\":{\"@id\":\"https:\\\/\\\/eldiariodelaeducacion.com\\\/extraeducacion\\\/2023\\\/03\\\/13\\\/cuales-seran-los-idiomas-mas-importantes-en-el-futuro\\\/#breadcrumb\"},\"inLanguage\":\"es\",\"potentialAction\":[{\"@type\":\"ReadAction\",\"target\":[\"https:\\\/\\\/eldiariodelaeducacion.com\\\/extraeducacion\\\/2023\\\/03\\\/13\\\/cuales-seran-los-idiomas-mas-importantes-en-el-futuro\\\/\"]}]},{\"@type\":\"ImageObject\",\"inLanguage\":\"es\",\"@id\":\"https:\\\/\\\/eldiariodelaeducacion.com\\\/extraeducacion\\\/2023\\\/03\\\/13\\\/cuales-seran-los-idiomas-mas-importantes-en-el-futuro\\\/#primaryimage\",\"url\":\"https:\\\/\\\/eldiariodelaeducacion.com\\\/extraeducacion\\\/wp-content\\\/uploads\\\/sites\\\/5\\\/2023\\\/03\\\/flags-g8b81398d2_1280.jpg\",\"contentUrl\":\"https:\\\/\\\/eldiariodelaeducacion.com\\\/extraeducacion\\\/wp-content\\\/uploads\\\/sites\\\/5\\\/2023\\\/03\\\/flags-g8b81398d2_1280.jpg\",\"width\":1280,\"height\":905,\"caption\":\"Pixabay\"},{\"@type\":\"BreadcrumbList\",\"@id\":\"https:\\\/\\\/eldiariodelaeducacion.com\\\/extraeducacion\\\/2023\\\/03\\\/13\\\/cuales-seran-los-idiomas-mas-importantes-en-el-futuro\\\/#breadcrumb\",\"itemListElement\":[{\"@type\":\"ListItem\",\"position\":1,\"name\":\"Portada\",\"item\":\"https:\\\/\\\/eldiariodelaeducacion.com\\\/extraeducacion\\\/\"},{\"@type\":\"ListItem\",\"position\":2,\"name\":\"\u00bfCu\u00e1les ser\u00e1n los idiomas m\u00e1s importantes en el futuro?\"}]},{\"@type\":\"WebSite\",\"@id\":\"https:\\\/\\\/eldiariodelaeducacion.com\\\/extraeducacion\\\/#website\",\"url\":\"https:\\\/\\\/eldiariodelaeducacion.com\\\/extraeducacion\\\/\",\"name\":\"Extra Educaci\u00f3n\",\"description\":\"Un blog de El Diario de la Educaci\u00f3n\",\"potentialAction\":[{\"@type\":\"SearchAction\",\"target\":{\"@type\":\"EntryPoint\",\"urlTemplate\":\"https:\\\/\\\/eldiariodelaeducacion.com\\\/extraeducacion\\\/?s={search_term_string}\"},\"query-input\":{\"@type\":\"PropertyValueSpecification\",\"valueRequired\":true,\"valueName\":\"search_term_string\"}}],\"inLanguage\":\"es\"},{\"@type\":\"Person\",\"@id\":\"https:\\\/\\\/eldiariodelaeducacion.com\\\/extraeducacion\\\/#\\\/schema\\\/person\\\/5228007cb64f7ca80adbd750a941d59c\",\"name\":\"Redacci\u00f3n\",\"image\":{\"@type\":\"ImageObject\",\"inLanguage\":\"es\",\"@id\":\"https:\\\/\\\/eldiariodelaeducacion.com\\\/wp-content\\\/uploads\\\/2024\\\/10\\\/redaccion_avatar-96x96.png\",\"url\":\"https:\\\/\\\/eldiariodelaeducacion.com\\\/wp-content\\\/uploads\\\/2024\\\/10\\\/redaccion_avatar-96x96.png\",\"contentUrl\":\"https:\\\/\\\/eldiariodelaeducacion.com\\\/wp-content\\\/uploads\\\/2024\\\/10\\\/redaccion_avatar-96x96.png\",\"caption\":\"Redacci\u00f3n\"},\"url\":\"https:\\\/\\\/eldiariodelaeducacion.com\\\/extraeducacion\\\/author\\\/redaccion\\\/\"}]}<\/script>\n<!-- \/ Yoast SEO plugin. -->","yoast_head_json":{"title":"\u00bfCu\u00e1les ser\u00e1n los idiomas m\u00e1s importantes en el futuro? - Extra Educaci\u00f3n","robots":{"index":"index","follow":"follow","max-snippet":"max-snippet:-1","max-image-preview":"max-image-preview:large","max-video-preview":"max-video-preview:-1"},"canonical":"https:\/\/eldiariodelaeducacion.com\/extraeducacion\/2023\/03\/13\/cuales-seran-los-idiomas-mas-importantes-en-el-futuro\/","og_locale":"es_ES","og_type":"article","og_title":"\u00bfCu\u00e1les ser\u00e1n los idiomas m\u00e1s importantes en el futuro? - Extra Educaci\u00f3n","og_description":"La respuesta sobre qu\u00e9 idiomas es m\u00e1s conveniente centrar la atenci\u00f3n ser\u00e1 diferente para cada empresa, ya que cada una elegir\u00e1 los idiomas en funci\u00f3n de los mercados en los que opera y del tipo de cliente al que se dirige. Pero m\u00e1s all\u00e1 de estos dos factores, el p\u00fablico objetivo y los pa\u00edses a","og_url":"https:\/\/eldiariodelaeducacion.com\/extraeducacion\/2023\/03\/13\/cuales-seran-los-idiomas-mas-importantes-en-el-futuro\/","og_site_name":"Extra Educaci\u00f3n","article_published_time":"2023-03-13T05:00:47+00:00","article_modified_time":"2024-07-29T08:14:56+00:00","og_image":[{"width":1280,"height":905,"url":"https:\/\/eldiariodelaeducacion.com\/extraeducacion\/wp-content\/uploads\/sites\/5\/2023\/03\/flags-g8b81398d2_1280.jpg","type":"image\/jpeg"}],"author":"Redacci\u00f3n","twitter_card":"summary_large_image","twitter_misc":{"Escrito por":"Redacci\u00f3n","Tiempo de lectura":"6 minutos"},"schema":{"@context":"https:\/\/schema.org","@graph":[{"@type":"Article","@id":"https:\/\/eldiariodelaeducacion.com\/extraeducacion\/2023\/03\/13\/cuales-seran-los-idiomas-mas-importantes-en-el-futuro\/#article","isPartOf":{"@id":"https:\/\/eldiariodelaeducacion.com\/extraeducacion\/2023\/03\/13\/cuales-seran-los-idiomas-mas-importantes-en-el-futuro\/"},"author":{"name":"Redacci\u00f3n","@id":"https:\/\/eldiariodelaeducacion.com\/extraeducacion\/#\/schema\/person\/5228007cb64f7ca80adbd750a941d59c"},"headline":"\u00bfCu\u00e1les ser\u00e1n los idiomas m\u00e1s importantes en el futuro?","datePublished":"2023-03-13T05:00:47+00:00","dateModified":"2024-07-29T08:14:56+00:00","mainEntityOfPage":{"@id":"https:\/\/eldiariodelaeducacion.com\/extraeducacion\/2023\/03\/13\/cuales-seran-los-idiomas-mas-importantes-en-el-futuro\/"},"wordCount":1175,"commentCount":0,"image":{"@id":"https:\/\/eldiariodelaeducacion.com\/extraeducacion\/2023\/03\/13\/cuales-seran-los-idiomas-mas-importantes-en-el-futuro\/#primaryimage"},"thumbnailUrl":"https:\/\/eldiariodelaeducacion.com\/extraeducacion\/wp-content\/uploads\/sites\/5\/2023\/03\/flags-g8b81398d2_1280.jpg","articleSection":["Extra educaci\u00f3n"],"inLanguage":"es","potentialAction":[{"@type":"CommentAction","name":"Comment","target":["https:\/\/eldiariodelaeducacion.com\/extraeducacion\/2023\/03\/13\/cuales-seran-los-idiomas-mas-importantes-en-el-futuro\/#respond"]}]},{"@type":"WebPage","@id":"https:\/\/eldiariodelaeducacion.com\/extraeducacion\/2023\/03\/13\/cuales-seran-los-idiomas-mas-importantes-en-el-futuro\/","url":"https:\/\/eldiariodelaeducacion.com\/extraeducacion\/2023\/03\/13\/cuales-seran-los-idiomas-mas-importantes-en-el-futuro\/","name":"\u00bfCu\u00e1les ser\u00e1n los idiomas m\u00e1s importantes en el futuro? - Extra Educaci\u00f3n","isPartOf":{"@id":"https:\/\/eldiariodelaeducacion.com\/extraeducacion\/#website"},"primaryImageOfPage":{"@id":"https:\/\/eldiariodelaeducacion.com\/extraeducacion\/2023\/03\/13\/cuales-seran-los-idiomas-mas-importantes-en-el-futuro\/#primaryimage"},"image":{"@id":"https:\/\/eldiariodelaeducacion.com\/extraeducacion\/2023\/03\/13\/cuales-seran-los-idiomas-mas-importantes-en-el-futuro\/#primaryimage"},"thumbnailUrl":"https:\/\/eldiariodelaeducacion.com\/extraeducacion\/wp-content\/uploads\/sites\/5\/2023\/03\/flags-g8b81398d2_1280.jpg","datePublished":"2023-03-13T05:00:47+00:00","dateModified":"2024-07-29T08:14:56+00:00","author":{"@id":"https:\/\/eldiariodelaeducacion.com\/extraeducacion\/#\/schema\/person\/5228007cb64f7ca80adbd750a941d59c"},"breadcrumb":{"@id":"https:\/\/eldiariodelaeducacion.com\/extraeducacion\/2023\/03\/13\/cuales-seran-los-idiomas-mas-importantes-en-el-futuro\/#breadcrumb"},"inLanguage":"es","potentialAction":[{"@type":"ReadAction","target":["https:\/\/eldiariodelaeducacion.com\/extraeducacion\/2023\/03\/13\/cuales-seran-los-idiomas-mas-importantes-en-el-futuro\/"]}]},{"@type":"ImageObject","inLanguage":"es","@id":"https:\/\/eldiariodelaeducacion.com\/extraeducacion\/2023\/03\/13\/cuales-seran-los-idiomas-mas-importantes-en-el-futuro\/#primaryimage","url":"https:\/\/eldiariodelaeducacion.com\/extraeducacion\/wp-content\/uploads\/sites\/5\/2023\/03\/flags-g8b81398d2_1280.jpg","contentUrl":"https:\/\/eldiariodelaeducacion.com\/extraeducacion\/wp-content\/uploads\/sites\/5\/2023\/03\/flags-g8b81398d2_1280.jpg","width":1280,"height":905,"caption":"Pixabay"},{"@type":"BreadcrumbList","@id":"https:\/\/eldiariodelaeducacion.com\/extraeducacion\/2023\/03\/13\/cuales-seran-los-idiomas-mas-importantes-en-el-futuro\/#breadcrumb","itemListElement":[{"@type":"ListItem","position":1,"name":"Portada","item":"https:\/\/eldiariodelaeducacion.com\/extraeducacion\/"},{"@type":"ListItem","position":2,"name":"\u00bfCu\u00e1les ser\u00e1n los idiomas m\u00e1s importantes en el futuro?"}]},{"@type":"WebSite","@id":"https:\/\/eldiariodelaeducacion.com\/extraeducacion\/#website","url":"https:\/\/eldiariodelaeducacion.com\/extraeducacion\/","name":"Extra Educaci\u00f3n","description":"Un blog de El Diario de la Educaci\u00f3n","potentialAction":[{"@type":"SearchAction","target":{"@type":"EntryPoint","urlTemplate":"https:\/\/eldiariodelaeducacion.com\/extraeducacion\/?s={search_term_string}"},"query-input":{"@type":"PropertyValueSpecification","valueRequired":true,"valueName":"search_term_string"}}],"inLanguage":"es"},{"@type":"Person","@id":"https:\/\/eldiariodelaeducacion.com\/extraeducacion\/#\/schema\/person\/5228007cb64f7ca80adbd750a941d59c","name":"Redacci\u00f3n","image":{"@type":"ImageObject","inLanguage":"es","@id":"https:\/\/eldiariodelaeducacion.com\/wp-content\/uploads\/2024\/10\/redaccion_avatar-96x96.png","url":"https:\/\/eldiariodelaeducacion.com\/wp-content\/uploads\/2024\/10\/redaccion_avatar-96x96.png","contentUrl":"https:\/\/eldiariodelaeducacion.com\/wp-content\/uploads\/2024\/10\/redaccion_avatar-96x96.png","caption":"Redacci\u00f3n"},"url":"https:\/\/eldiariodelaeducacion.com\/extraeducacion\/author\/redaccion\/"}]}},"_links":{"self":[{"href":"https:\/\/eldiariodelaeducacion.com\/extraeducacion\/wp-json\/wp\/v2\/posts\/529","targetHints":{"allow":["GET"]}}],"collection":[{"href":"https:\/\/eldiariodelaeducacion.com\/extraeducacion\/wp-json\/wp\/v2\/posts"}],"about":[{"href":"https:\/\/eldiariodelaeducacion.com\/extraeducacion\/wp-json\/wp\/v2\/types\/post"}],"author":[{"embeddable":true,"href":"https:\/\/eldiariodelaeducacion.com\/extraeducacion\/wp-json\/wp\/v2\/users\/150"}],"replies":[{"embeddable":true,"href":"https:\/\/eldiariodelaeducacion.com\/extraeducacion\/wp-json\/wp\/v2\/comments?post=529"}],"version-history":[{"count":1,"href":"https:\/\/eldiariodelaeducacion.com\/extraeducacion\/wp-json\/wp\/v2\/posts\/529\/revisions"}],"predecessor-version":[{"id":830,"href":"https:\/\/eldiariodelaeducacion.com\/extraeducacion\/wp-json\/wp\/v2\/posts\/529\/revisions\/830"}],"wp:featuredmedia":[{"embeddable":true,"href":"https:\/\/eldiariodelaeducacion.com\/extraeducacion\/wp-json\/wp\/v2\/media\/530"}],"wp:attachment":[{"href":"https:\/\/eldiariodelaeducacion.com\/extraeducacion\/wp-json\/wp\/v2\/media?parent=529"}],"wp:term":[{"taxonomy":"category","embeddable":true,"href":"https:\/\/eldiariodelaeducacion.com\/extraeducacion\/wp-json\/wp\/v2\/categories?post=529"},{"taxonomy":"post_tag","embeddable":true,"href":"https:\/\/eldiariodelaeducacion.com\/extraeducacion\/wp-json\/wp\/v2\/tags?post=529"},{"taxonomy":"tipo","embeddable":true,"href":"https:\/\/eldiariodelaeducacion.com\/extraeducacion\/wp-json\/wp\/v2\/tipo?post=529"}],"curies":[{"name":"wp","href":"https:\/\/api.w.org\/{rel}","templated":true}]}}