{"id":571,"date":"2023-06-14T06:00:21","date_gmt":"2023-06-14T05:00:21","guid":{"rendered":"https:\/\/eldiariodelaeducacion.com\/extraeducacion\/?p=571"},"modified":"2024-07-29T10:14:56","modified_gmt":"2024-07-29T08:14:56","slug":"asus-transforma-la-experiencia-de-aprendizaje-impulsando-soluciones-punteras-para-educacion","status":"publish","type":"post","link":"https:\/\/eldiariodelaeducacion.com\/extraeducacion\/2023\/06\/14\/asus-transforma-la-experiencia-de-aprendizaje-impulsando-soluciones-punteras-para-educacion\/","title":{"rendered":"ASUS transforma la experiencia de aprendizaje impulsando soluciones punteras para educaci\u00f3n"},"content":{"rendered":"<p>La transformaci\u00f3n digital ha cambiado radicalmente todos los aspectos de nuestras vidas. No solo vivimos y trabajamos conectados, tambi\u00e9n los m\u00e9todos de aprendizaje est\u00e1n evolucionando y su presente y futuro pasan por los dispositivos electr\u00f3nicos. Vemos que, poco a poco, en las escuelas se est\u00e1 estableciendo un sistema educativo adaptado a las nuevas necesidades y la nueva realidad de acceso a la informaci\u00f3n. A medida que las instituciones van adoptando estas nuevas iniciativas de aprendizaje digital, los educadores buscan crear modelos de campus y operaciones h\u00edbridas m\u00e1s adaptables como las aulas online, la integraci\u00f3n de nuevos dispositivos y la gesti\u00f3n de la Tecnolog\u00eda de la Informaci\u00f3n.<\/p>\n<p>Un cambio estructural que necesita del impulso de todos los actores, de poner la innovaci\u00f3n al servicio de todos y de ser solidarios para evitar al m\u00e1ximo la brecha tecnol\u00f3gica en las nuevas generaciones. Por ese motivo, hace ya diez a\u00f1os que ASUS, l\u00edder tecnol\u00f3gico global en el suministro de dispositivos y soluciones innovadoras, implement\u00f3 una gama de productos especializados por y para la Educaci\u00f3n. Hoy en d\u00eda, la empresa tecnol\u00f3gica sigue apostando por ese terreno y lo hace sum\u00e1ndose a la transformaci\u00f3n con nuevas soluciones innovadoras que acompa\u00f1an al estudiante en su aprendizaje, creando las mejores experiencias en las aulas.<\/p>\n<p>Una apuesta firme que se enmarca en el ADN de la compa\u00f1\u00eda, integrando tambi\u00e9n en la estrategia de sostenibilidad de ASUS una clara l\u00ednea de trabajo destinada a la educaci\u00f3n. Porque el futuro de nuestro planeta tambi\u00e9n pasa por cultivar una nueva generaci\u00f3n de talentos, motivo por el cual la empresa tambi\u00e9n ha creado proyectos que benefician a las escuelas y a comunidades proporcion\u00e1ndoles dispositivos y soluciones tecnol\u00f3gicas.<\/p>\n<p>Tambi\u00e9n a nivel de producto, pues las \u00faltimas soluciones educativas de ASUS est\u00e1n dise\u00f1adas para satisfacer el ecosistema educativo digital actual, mejorar el aprendizaje inmersivo y que el aula sea interactiva y f\u00e1cil para todo el mundo. Por ejemplo, la serie BR1402 de ASUS es ideal para el aprendizaje h\u00edbrido, ya que cuentan con dise\u00f1os duraderos para el ritmo fren\u00e9tico de los estudiantes actuales y est\u00e1n fabricados con un material f\u00e1cil de mantener, lo cual permite a las escuelas ser m\u00e1s rentables y respetuosas con el medio ambiente. Incluso su pantalla t\u00e1ctil de 14 pulgadas y su c\u00e1mara de 13 megap\u00edxeles permite a los alumnos hacer fotos y v\u00eddeos de calidad profesional.<\/p>\n<p>\u201cEn ASUS creemos firmemente que, para poder forjar a los profesionales del futuro y para que los alumnos adquieran los conocimientos adecuados, es fundamental contar con herramientas pensadas para las necesidades reales\u201d, explica <strong>Siquem Gonz\u00e1lez, Product Manager Lead de ASUS SYS<\/strong>. \u201cSe trata de aplicar la tecnolog\u00eda adecuada para que la ense\u00f1anza sea divertida, din\u00e1mica y adaptada a los nuevos tiempos\u201d.<\/p>\n<p>Tanto los estudiantes como los profesores exigen cada vez m\u00e1s clases adecuadas para la era digital en la que nos encontramos, con un aprendizaje m\u00e1s r\u00e1pido y divertido. Seg\u00fan <a href=\"https:\/\/www.asus.com\/es\/business\/solutions\/education\/\">el estudio realizado por ASUS,<\/a> el 95% de los estudiantes afirma que la educaci\u00f3n en l\u00ednea es m\u00e1s divertida y les ayuda a retener la informaci\u00f3n m\u00e1s r\u00e1pidamente. Por su lado, m\u00e1s de la mitad de los educadores (54%) dicen esforzarse constantemente por innovar mediante el uso de las tecnolog\u00edas con herramientas para la educaci\u00f3n y adaptarse a las necesidades del alumnado.<\/p>\n<p>El aprendizaje moderno presenta desaf\u00edos, como mantener a los educadores y estudiantes conectados, o permanecer enfocados en entornos que distraen. Sin embargo, los dispositivos ASUS est\u00e1n pensados para afrontar todos estos inputs y gracias a su tecnolog\u00eda de cancelaci\u00f3n de ruido AI, adem\u00e1s de una impresionante duraci\u00f3n de la bater\u00eda, conectividad WiFi 6G y compatibilidad extrema con la nube, facilitan el aprendizaje digital.<\/p>\n","protected":false},"excerpt":{"rendered":"<p>La transformaci\u00f3n digital ha cambiado radicalmente todos los aspectos de nuestras vidas. No solo vivimos y trabajamos conectados, tambi\u00e9n los m\u00e9todos de aprendizaje est\u00e1n evolucionando y su presente y futuro pasan por los dispositivos electr\u00f3nicos. Vemos que, poco a poco, en las escuelas se est\u00e1 estableciendo un sistema educativo adaptado a las nuevas necesidades y<\/p>\n","protected":false},"author":150,"featured_media":572,"comment_status":"open","ping_status":"open","sticky":false,"template":"","format":"standard","meta":{"footnotes":""},"categories":[2],"tags":[],"tipo":[30],"class_list":{"0":"post-571","1":"post","2":"type-post","3":"status-publish","4":"format-standard","5":"has-post-thumbnail","7":"category-extra-educacion","8":"tipo-actualidad"},"yoast_head":"<!-- This site is optimized with the Yoast SEO plugin v27.5 - https:\/\/yoast.com\/product\/yoast-seo-wordpress\/ -->\n<title>ASUS transforma la experiencia de aprendizaje impulsando soluciones punteras para educaci\u00f3n - Extra Educaci\u00f3n<\/title>\n<meta name=\"robots\" content=\"index, follow, max-snippet:-1, max-image-preview:large, max-video-preview:-1\" \/>\n<link rel=\"canonical\" href=\"https:\/\/eldiariodelaeducacion.com\/extraeducacion\/2023\/06\/14\/asus-transforma-la-experiencia-de-aprendizaje-impulsando-soluciones-punteras-para-educacion\/\" \/>\n<meta property=\"og:locale\" content=\"es_ES\" \/>\n<meta property=\"og:type\" content=\"article\" \/>\n<meta property=\"og:title\" content=\"ASUS transforma la experiencia de aprendizaje impulsando soluciones punteras para educaci\u00f3n - Extra Educaci\u00f3n\" \/>\n<meta property=\"og:description\" content=\"La transformaci\u00f3n digital ha cambiado radicalmente todos los aspectos de nuestras vidas. No solo vivimos y trabajamos conectados, tambi\u00e9n los m\u00e9todos de aprendizaje est\u00e1n evolucionando y su presente y futuro pasan por los dispositivos electr\u00f3nicos. Vemos que, poco a poco, en las escuelas se est\u00e1 estableciendo un sistema educativo adaptado a las nuevas necesidades y\" \/>\n<meta property=\"og:url\" content=\"https:\/\/eldiariodelaeducacion.com\/extraeducacion\/2023\/06\/14\/asus-transforma-la-experiencia-de-aprendizaje-impulsando-soluciones-punteras-para-educacion\/\" \/>\n<meta property=\"og:site_name\" content=\"Extra Educaci\u00f3n\" \/>\n<meta property=\"article:published_time\" content=\"2023-06-14T05:00:21+00:00\" \/>\n<meta property=\"article:modified_time\" content=\"2024-07-29T08:14:56+00:00\" \/>\n<meta property=\"og:image\" content=\"https:\/\/eldiariodelaeducacion.com\/extraeducacion\/wp-content\/uploads\/sites\/5\/2023\/06\/BR1402_C-Scenario_04-1.jpg\" \/>\n\t<meta property=\"og:image:width\" content=\"1024\" \/>\n\t<meta property=\"og:image:height\" content=\"683\" \/>\n\t<meta property=\"og:image:type\" content=\"image\/jpeg\" \/>\n<meta name=\"author\" content=\"Redacci\u00f3n\" \/>\n<meta name=\"twitter:card\" content=\"summary_large_image\" \/>\n<meta name=\"twitter:label1\" content=\"Escrito por\" \/>\n\t<meta name=\"twitter:data1\" content=\"Redacci\u00f3n\" \/>\n\t<meta name=\"twitter:label2\" content=\"Tiempo de lectura\" \/>\n\t<meta name=\"twitter:data2\" content=\"3 minutos\" \/>\n<script type=\"application\/ld+json\" class=\"yoast-schema-graph\">{\"@context\":\"https:\\\/\\\/schema.org\",\"@graph\":[{\"@type\":\"Article\",\"@id\":\"https:\\\/\\\/eldiariodelaeducacion.com\\\/extraeducacion\\\/2023\\\/06\\\/14\\\/asus-transforma-la-experiencia-de-aprendizaje-impulsando-soluciones-punteras-para-educacion\\\/#article\",\"isPartOf\":{\"@id\":\"https:\\\/\\\/eldiariodelaeducacion.com\\\/extraeducacion\\\/2023\\\/06\\\/14\\\/asus-transforma-la-experiencia-de-aprendizaje-impulsando-soluciones-punteras-para-educacion\\\/\"},\"author\":{\"name\":\"Redacci\u00f3n\",\"@id\":\"https:\\\/\\\/eldiariodelaeducacion.com\\\/extraeducacion\\\/#\\\/schema\\\/person\\\/5228007cb64f7ca80adbd750a941d59c\"},\"headline\":\"ASUS transforma la experiencia de aprendizaje impulsando soluciones punteras para educaci\u00f3n\",\"datePublished\":\"2023-06-14T05:00:21+00:00\",\"dateModified\":\"2024-07-29T08:14:56+00:00\",\"mainEntityOfPage\":{\"@id\":\"https:\\\/\\\/eldiariodelaeducacion.com\\\/extraeducacion\\\/2023\\\/06\\\/14\\\/asus-transforma-la-experiencia-de-aprendizaje-impulsando-soluciones-punteras-para-educacion\\\/\"},\"wordCount\":681,\"commentCount\":0,\"image\":{\"@id\":\"https:\\\/\\\/eldiariodelaeducacion.com\\\/extraeducacion\\\/2023\\\/06\\\/14\\\/asus-transforma-la-experiencia-de-aprendizaje-impulsando-soluciones-punteras-para-educacion\\\/#primaryimage\"},\"thumbnailUrl\":\"https:\\\/\\\/eldiariodelaeducacion.com\\\/extraeducacion\\\/wp-content\\\/uploads\\\/sites\\\/5\\\/2023\\\/06\\\/BR1402_C-Scenario_04-1.jpg\",\"articleSection\":[\"Extra educaci\u00f3n\"],\"inLanguage\":\"es\",\"potentialAction\":[{\"@type\":\"CommentAction\",\"name\":\"Comment\",\"target\":[\"https:\\\/\\\/eldiariodelaeducacion.com\\\/extraeducacion\\\/2023\\\/06\\\/14\\\/asus-transforma-la-experiencia-de-aprendizaje-impulsando-soluciones-punteras-para-educacion\\\/#respond\"]}]},{\"@type\":\"WebPage\",\"@id\":\"https:\\\/\\\/eldiariodelaeducacion.com\\\/extraeducacion\\\/2023\\\/06\\\/14\\\/asus-transforma-la-experiencia-de-aprendizaje-impulsando-soluciones-punteras-para-educacion\\\/\",\"url\":\"https:\\\/\\\/eldiariodelaeducacion.com\\\/extraeducacion\\\/2023\\\/06\\\/14\\\/asus-transforma-la-experiencia-de-aprendizaje-impulsando-soluciones-punteras-para-educacion\\\/\",\"name\":\"ASUS transforma la experiencia de aprendizaje impulsando soluciones punteras para educaci\u00f3n - Extra Educaci\u00f3n\",\"isPartOf\":{\"@id\":\"https:\\\/\\\/eldiariodelaeducacion.com\\\/extraeducacion\\\/#website\"},\"primaryImageOfPage\":{\"@id\":\"https:\\\/\\\/eldiariodelaeducacion.com\\\/extraeducacion\\\/2023\\\/06\\\/14\\\/asus-transforma-la-experiencia-de-aprendizaje-impulsando-soluciones-punteras-para-educacion\\\/#primaryimage\"},\"image\":{\"@id\":\"https:\\\/\\\/eldiariodelaeducacion.com\\\/extraeducacion\\\/2023\\\/06\\\/14\\\/asus-transforma-la-experiencia-de-aprendizaje-impulsando-soluciones-punteras-para-educacion\\\/#primaryimage\"},\"thumbnailUrl\":\"https:\\\/\\\/eldiariodelaeducacion.com\\\/extraeducacion\\\/wp-content\\\/uploads\\\/sites\\\/5\\\/2023\\\/06\\\/BR1402_C-Scenario_04-1.jpg\",\"datePublished\":\"2023-06-14T05:00:21+00:00\",\"dateModified\":\"2024-07-29T08:14:56+00:00\",\"author\":{\"@id\":\"https:\\\/\\\/eldiariodelaeducacion.com\\\/extraeducacion\\\/#\\\/schema\\\/person\\\/5228007cb64f7ca80adbd750a941d59c\"},\"breadcrumb\":{\"@id\":\"https:\\\/\\\/eldiariodelaeducacion.com\\\/extraeducacion\\\/2023\\\/06\\\/14\\\/asus-transforma-la-experiencia-de-aprendizaje-impulsando-soluciones-punteras-para-educacion\\\/#breadcrumb\"},\"inLanguage\":\"es\",\"potentialAction\":[{\"@type\":\"ReadAction\",\"target\":[\"https:\\\/\\\/eldiariodelaeducacion.com\\\/extraeducacion\\\/2023\\\/06\\\/14\\\/asus-transforma-la-experiencia-de-aprendizaje-impulsando-soluciones-punteras-para-educacion\\\/\"]}]},{\"@type\":\"ImageObject\",\"inLanguage\":\"es\",\"@id\":\"https:\\\/\\\/eldiariodelaeducacion.com\\\/extraeducacion\\\/2023\\\/06\\\/14\\\/asus-transforma-la-experiencia-de-aprendizaje-impulsando-soluciones-punteras-para-educacion\\\/#primaryimage\",\"url\":\"https:\\\/\\\/eldiariodelaeducacion.com\\\/extraeducacion\\\/wp-content\\\/uploads\\\/sites\\\/5\\\/2023\\\/06\\\/BR1402_C-Scenario_04-1.jpg\",\"contentUrl\":\"https:\\\/\\\/eldiariodelaeducacion.com\\\/extraeducacion\\\/wp-content\\\/uploads\\\/sites\\\/5\\\/2023\\\/06\\\/BR1402_C-Scenario_04-1.jpg\",\"width\":1024,\"height\":683},{\"@type\":\"BreadcrumbList\",\"@id\":\"https:\\\/\\\/eldiariodelaeducacion.com\\\/extraeducacion\\\/2023\\\/06\\\/14\\\/asus-transforma-la-experiencia-de-aprendizaje-impulsando-soluciones-punteras-para-educacion\\\/#breadcrumb\",\"itemListElement\":[{\"@type\":\"ListItem\",\"position\":1,\"name\":\"Portada\",\"item\":\"https:\\\/\\\/eldiariodelaeducacion.com\\\/extraeducacion\\\/\"},{\"@type\":\"ListItem\",\"position\":2,\"name\":\"ASUS transforma la experiencia de aprendizaje impulsando soluciones punteras para educaci\u00f3n\"}]},{\"@type\":\"WebSite\",\"@id\":\"https:\\\/\\\/eldiariodelaeducacion.com\\\/extraeducacion\\\/#website\",\"url\":\"https:\\\/\\\/eldiariodelaeducacion.com\\\/extraeducacion\\\/\",\"name\":\"Extra Educaci\u00f3n\",\"description\":\"Un blog de El Diario de la Educaci\u00f3n\",\"potentialAction\":[{\"@type\":\"SearchAction\",\"target\":{\"@type\":\"EntryPoint\",\"urlTemplate\":\"https:\\\/\\\/eldiariodelaeducacion.com\\\/extraeducacion\\\/?s={search_term_string}\"},\"query-input\":{\"@type\":\"PropertyValueSpecification\",\"valueRequired\":true,\"valueName\":\"search_term_string\"}}],\"inLanguage\":\"es\"},{\"@type\":\"Person\",\"@id\":\"https:\\\/\\\/eldiariodelaeducacion.com\\\/extraeducacion\\\/#\\\/schema\\\/person\\\/5228007cb64f7ca80adbd750a941d59c\",\"name\":\"Redacci\u00f3n\",\"image\":{\"@type\":\"ImageObject\",\"inLanguage\":\"es\",\"@id\":\"https:\\\/\\\/eldiariodelaeducacion.com\\\/wp-content\\\/uploads\\\/2024\\\/10\\\/redaccion_avatar-96x96.png\",\"url\":\"https:\\\/\\\/eldiariodelaeducacion.com\\\/wp-content\\\/uploads\\\/2024\\\/10\\\/redaccion_avatar-96x96.png\",\"contentUrl\":\"https:\\\/\\\/eldiariodelaeducacion.com\\\/wp-content\\\/uploads\\\/2024\\\/10\\\/redaccion_avatar-96x96.png\",\"caption\":\"Redacci\u00f3n\"},\"url\":\"https:\\\/\\\/eldiariodelaeducacion.com\\\/extraeducacion\\\/author\\\/redaccion\\\/\"}]}<\/script>\n<!-- \/ Yoast SEO plugin. -->","yoast_head_json":{"title":"ASUS transforma la experiencia de aprendizaje impulsando soluciones punteras para educaci\u00f3n - Extra Educaci\u00f3n","robots":{"index":"index","follow":"follow","max-snippet":"max-snippet:-1","max-image-preview":"max-image-preview:large","max-video-preview":"max-video-preview:-1"},"canonical":"https:\/\/eldiariodelaeducacion.com\/extraeducacion\/2023\/06\/14\/asus-transforma-la-experiencia-de-aprendizaje-impulsando-soluciones-punteras-para-educacion\/","og_locale":"es_ES","og_type":"article","og_title":"ASUS transforma la experiencia de aprendizaje impulsando soluciones punteras para educaci\u00f3n - Extra Educaci\u00f3n","og_description":"La transformaci\u00f3n digital ha cambiado radicalmente todos los aspectos de nuestras vidas. No solo vivimos y trabajamos conectados, tambi\u00e9n los m\u00e9todos de aprendizaje est\u00e1n evolucionando y su presente y futuro pasan por los dispositivos electr\u00f3nicos. Vemos que, poco a poco, en las escuelas se est\u00e1 estableciendo un sistema educativo adaptado a las nuevas necesidades y","og_url":"https:\/\/eldiariodelaeducacion.com\/extraeducacion\/2023\/06\/14\/asus-transforma-la-experiencia-de-aprendizaje-impulsando-soluciones-punteras-para-educacion\/","og_site_name":"Extra Educaci\u00f3n","article_published_time":"2023-06-14T05:00:21+00:00","article_modified_time":"2024-07-29T08:14:56+00:00","og_image":[{"width":1024,"height":683,"url":"https:\/\/eldiariodelaeducacion.com\/extraeducacion\/wp-content\/uploads\/sites\/5\/2023\/06\/BR1402_C-Scenario_04-1.jpg","type":"image\/jpeg"}],"author":"Redacci\u00f3n","twitter_card":"summary_large_image","twitter_misc":{"Escrito por":"Redacci\u00f3n","Tiempo de lectura":"3 minutos"},"schema":{"@context":"https:\/\/schema.org","@graph":[{"@type":"Article","@id":"https:\/\/eldiariodelaeducacion.com\/extraeducacion\/2023\/06\/14\/asus-transforma-la-experiencia-de-aprendizaje-impulsando-soluciones-punteras-para-educacion\/#article","isPartOf":{"@id":"https:\/\/eldiariodelaeducacion.com\/extraeducacion\/2023\/06\/14\/asus-transforma-la-experiencia-de-aprendizaje-impulsando-soluciones-punteras-para-educacion\/"},"author":{"name":"Redacci\u00f3n","@id":"https:\/\/eldiariodelaeducacion.com\/extraeducacion\/#\/schema\/person\/5228007cb64f7ca80adbd750a941d59c"},"headline":"ASUS transforma la experiencia de aprendizaje impulsando soluciones punteras para educaci\u00f3n","datePublished":"2023-06-14T05:00:21+00:00","dateModified":"2024-07-29T08:14:56+00:00","mainEntityOfPage":{"@id":"https:\/\/eldiariodelaeducacion.com\/extraeducacion\/2023\/06\/14\/asus-transforma-la-experiencia-de-aprendizaje-impulsando-soluciones-punteras-para-educacion\/"},"wordCount":681,"commentCount":0,"image":{"@id":"https:\/\/eldiariodelaeducacion.com\/extraeducacion\/2023\/06\/14\/asus-transforma-la-experiencia-de-aprendizaje-impulsando-soluciones-punteras-para-educacion\/#primaryimage"},"thumbnailUrl":"https:\/\/eldiariodelaeducacion.com\/extraeducacion\/wp-content\/uploads\/sites\/5\/2023\/06\/BR1402_C-Scenario_04-1.jpg","articleSection":["Extra educaci\u00f3n"],"inLanguage":"es","potentialAction":[{"@type":"CommentAction","name":"Comment","target":["https:\/\/eldiariodelaeducacion.com\/extraeducacion\/2023\/06\/14\/asus-transforma-la-experiencia-de-aprendizaje-impulsando-soluciones-punteras-para-educacion\/#respond"]}]},{"@type":"WebPage","@id":"https:\/\/eldiariodelaeducacion.com\/extraeducacion\/2023\/06\/14\/asus-transforma-la-experiencia-de-aprendizaje-impulsando-soluciones-punteras-para-educacion\/","url":"https:\/\/eldiariodelaeducacion.com\/extraeducacion\/2023\/06\/14\/asus-transforma-la-experiencia-de-aprendizaje-impulsando-soluciones-punteras-para-educacion\/","name":"ASUS transforma la experiencia de aprendizaje impulsando soluciones punteras para educaci\u00f3n - Extra Educaci\u00f3n","isPartOf":{"@id":"https:\/\/eldiariodelaeducacion.com\/extraeducacion\/#website"},"primaryImageOfPage":{"@id":"https:\/\/eldiariodelaeducacion.com\/extraeducacion\/2023\/06\/14\/asus-transforma-la-experiencia-de-aprendizaje-impulsando-soluciones-punteras-para-educacion\/#primaryimage"},"image":{"@id":"https:\/\/eldiariodelaeducacion.com\/extraeducacion\/2023\/06\/14\/asus-transforma-la-experiencia-de-aprendizaje-impulsando-soluciones-punteras-para-educacion\/#primaryimage"},"thumbnailUrl":"https:\/\/eldiariodelaeducacion.com\/extraeducacion\/wp-content\/uploads\/sites\/5\/2023\/06\/BR1402_C-Scenario_04-1.jpg","datePublished":"2023-06-14T05:00:21+00:00","dateModified":"2024-07-29T08:14:56+00:00","author":{"@id":"https:\/\/eldiariodelaeducacion.com\/extraeducacion\/#\/schema\/person\/5228007cb64f7ca80adbd750a941d59c"},"breadcrumb":{"@id":"https:\/\/eldiariodelaeducacion.com\/extraeducacion\/2023\/06\/14\/asus-transforma-la-experiencia-de-aprendizaje-impulsando-soluciones-punteras-para-educacion\/#breadcrumb"},"inLanguage":"es","potentialAction":[{"@type":"ReadAction","target":["https:\/\/eldiariodelaeducacion.com\/extraeducacion\/2023\/06\/14\/asus-transforma-la-experiencia-de-aprendizaje-impulsando-soluciones-punteras-para-educacion\/"]}]},{"@type":"ImageObject","inLanguage":"es","@id":"https:\/\/eldiariodelaeducacion.com\/extraeducacion\/2023\/06\/14\/asus-transforma-la-experiencia-de-aprendizaje-impulsando-soluciones-punteras-para-educacion\/#primaryimage","url":"https:\/\/eldiariodelaeducacion.com\/extraeducacion\/wp-content\/uploads\/sites\/5\/2023\/06\/BR1402_C-Scenario_04-1.jpg","contentUrl":"https:\/\/eldiariodelaeducacion.com\/extraeducacion\/wp-content\/uploads\/sites\/5\/2023\/06\/BR1402_C-Scenario_04-1.jpg","width":1024,"height":683},{"@type":"BreadcrumbList","@id":"https:\/\/eldiariodelaeducacion.com\/extraeducacion\/2023\/06\/14\/asus-transforma-la-experiencia-de-aprendizaje-impulsando-soluciones-punteras-para-educacion\/#breadcrumb","itemListElement":[{"@type":"ListItem","position":1,"name":"Portada","item":"https:\/\/eldiariodelaeducacion.com\/extraeducacion\/"},{"@type":"ListItem","position":2,"name":"ASUS transforma la experiencia de aprendizaje impulsando soluciones punteras para educaci\u00f3n"}]},{"@type":"WebSite","@id":"https:\/\/eldiariodelaeducacion.com\/extraeducacion\/#website","url":"https:\/\/eldiariodelaeducacion.com\/extraeducacion\/","name":"Extra Educaci\u00f3n","description":"Un blog de El Diario de la Educaci\u00f3n","potentialAction":[{"@type":"SearchAction","target":{"@type":"EntryPoint","urlTemplate":"https:\/\/eldiariodelaeducacion.com\/extraeducacion\/?s={search_term_string}"},"query-input":{"@type":"PropertyValueSpecification","valueRequired":true,"valueName":"search_term_string"}}],"inLanguage":"es"},{"@type":"Person","@id":"https:\/\/eldiariodelaeducacion.com\/extraeducacion\/#\/schema\/person\/5228007cb64f7ca80adbd750a941d59c","name":"Redacci\u00f3n","image":{"@type":"ImageObject","inLanguage":"es","@id":"https:\/\/eldiariodelaeducacion.com\/wp-content\/uploads\/2024\/10\/redaccion_avatar-96x96.png","url":"https:\/\/eldiariodelaeducacion.com\/wp-content\/uploads\/2024\/10\/redaccion_avatar-96x96.png","contentUrl":"https:\/\/eldiariodelaeducacion.com\/wp-content\/uploads\/2024\/10\/redaccion_avatar-96x96.png","caption":"Redacci\u00f3n"},"url":"https:\/\/eldiariodelaeducacion.com\/extraeducacion\/author\/redaccion\/"}]}},"_links":{"self":[{"href":"https:\/\/eldiariodelaeducacion.com\/extraeducacion\/wp-json\/wp\/v2\/posts\/571","targetHints":{"allow":["GET"]}}],"collection":[{"href":"https:\/\/eldiariodelaeducacion.com\/extraeducacion\/wp-json\/wp\/v2\/posts"}],"about":[{"href":"https:\/\/eldiariodelaeducacion.com\/extraeducacion\/wp-json\/wp\/v2\/types\/post"}],"author":[{"embeddable":true,"href":"https:\/\/eldiariodelaeducacion.com\/extraeducacion\/wp-json\/wp\/v2\/users\/150"}],"replies":[{"embeddable":true,"href":"https:\/\/eldiariodelaeducacion.com\/extraeducacion\/wp-json\/wp\/v2\/comments?post=571"}],"version-history":[{"count":1,"href":"https:\/\/eldiariodelaeducacion.com\/extraeducacion\/wp-json\/wp\/v2\/posts\/571\/revisions"}],"predecessor-version":[{"id":836,"href":"https:\/\/eldiariodelaeducacion.com\/extraeducacion\/wp-json\/wp\/v2\/posts\/571\/revisions\/836"}],"wp:featuredmedia":[{"embeddable":true,"href":"https:\/\/eldiariodelaeducacion.com\/extraeducacion\/wp-json\/wp\/v2\/media\/572"}],"wp:attachment":[{"href":"https:\/\/eldiariodelaeducacion.com\/extraeducacion\/wp-json\/wp\/v2\/media?parent=571"}],"wp:term":[{"taxonomy":"category","embeddable":true,"href":"https:\/\/eldiariodelaeducacion.com\/extraeducacion\/wp-json\/wp\/v2\/categories?post=571"},{"taxonomy":"post_tag","embeddable":true,"href":"https:\/\/eldiariodelaeducacion.com\/extraeducacion\/wp-json\/wp\/v2\/tags?post=571"},{"taxonomy":"tipo","embeddable":true,"href":"https:\/\/eldiariodelaeducacion.com\/extraeducacion\/wp-json\/wp\/v2\/tipo?post=571"}],"curies":[{"name":"wp","href":"https:\/\/api.w.org\/{rel}","templated":true}]}}