{"id":614,"date":"2023-08-31T08:08:09","date_gmt":"2023-08-31T07:08:09","guid":{"rendered":"https:\/\/eldiariodelaeducacion.com\/extraeducacion\/?p=614"},"modified":"2024-07-29T10:14:56","modified_gmt":"2024-07-29T08:14:56","slug":"las-preguntas-como-abrazos-proyectos-e-ideas-para-fomentar-el-pensamiento-critico","status":"publish","type":"post","link":"https:\/\/eldiariodelaeducacion.com\/extraeducacion\/2023\/08\/31\/las-preguntas-como-abrazos-proyectos-e-ideas-para-fomentar-el-pensamiento-critico\/","title":{"rendered":"Las preguntas como abrazos: proyectos e ideas para fomentar el pensamiento cr\u00edtico"},"content":{"rendered":"<p>Ante este hito, la capacidad de desarrollar un pensamiento cr\u00edtico, es vital. Y, especialmente, se torna decisiva la habilidad para preguntar y preguntarse. Esto es: formular y formularnos preguntas sobre todo aquello que nos rodea, que nos dicen o que circula \u2013cual virus\u2013 por la Red. Partiendo de ello, este texto presenta una selecci\u00f3n de proyectos del <a href=\"https:\/\/www.gabinetecomunicacionyeducacion.com\/es\">Gabinete de Comunicaci\u00f3n y Educaci\u00f3n<\/a>, grupo de investigaci\u00f3n y consolidado de la Universidad Aut\u00f3noma de Barcelona. Son proyectos e iniciativas concebidos para potenciar la <em>media literacy<\/em> desde diferentes propuestas y desde distintas metodolog\u00edas. El \u201cc\u00f3mo\u201d var\u00eda y el \u201cd\u00f3nde\u201d, tambi\u00e9n. Sin embargo, el \u201cqu\u00e9\u201d es el mismo: trabajar para.<\/p>\n<ol>\n<li><a href=\"http:\/\/www.tahina-can.org\"><strong>Expedici\u00f3n Tahina-Can<\/strong><\/a>. Es un proyecto de periodismo de viajes que promueve una manera diferente y genuina de entender y llevar a cabo los viajes. El proyecto, premiado por la Fundaci\u00f3n Telef\u00f3nica, en la categor\u00eda de \u201cAprendizaje en la Red\u201d, pretende que j\u00f3venes universitarios \u2014de diferentes carreras y universidades\u2014 emprendan un viaje inici\u00e1tico que les enfrente a realidades socio-culturales diferentes a las suyas y que \u201ceduque\u201d su manera de ver y explicar lo visto y lo vivido. Y tambi\u00e9n que lo cuenten. Para ello, los participantes se organizan en equipos de prensa, radio, televisi\u00f3n, fotograf\u00eda y redes sociales.<\/li>\n<li><a href=\"https:\/\/oi2media.es\"><strong>C\u00e1tedra para la innovaci\u00f3n de los Informativos en la Sociedad Digital<\/strong><\/a>. Este proyecto busca monitorear las narrativas informativas y reflexionar sobre los soportes, los formatos y la evoluci\u00f3n de las tecnolog\u00edas. La c\u00e1tedra posee la misi\u00f3n de promover actividades que permitan generar contenidos y formatos innovadores para identificar las oportunidades que las nuevas tecnolog\u00edas a nivel socia.<\/li>\n<li>El proyecto \u201c<a href=\"https:\/\/iveres.es\/\"><strong>Identificaci\u00f3n, Verificaci\u00f3n y Respuesta. El Estado democr\u00e1tico frente al reto de la desinformaci\u00f3n interesada<\/strong><\/a>\u201d. Esta investigaci\u00f3n aplicada, desarrollado conjuntamente por RTVE y el Gabinete de Comunicaci\u00f3n y Educaci\u00f3n de la UAB, se centra en la necesidad de fomentar procesos de verificaci\u00f3n que conviertan a la ciudadan\u00eda y, especialmente, a los profesionales del periodismo en actores dotados de herramientas y recursos para validar la informaci\u00f3n que circula por el ciberespacio. Este proyecto, que pretende crear una plataforma de acceso libre, se apoya en las posibilidades y los aportes de la Inteligencia Artificial en este tipo de procesos.<\/li>\n<li>El proyecto \u201c<a href=\"http:\/\/frontera-cronica.gabinetecomunicacionyeducacion.com\/\"><strong>Frontera Cr\u00f3nica. Taller de periodismo transfronterizo y co-creaci\u00f3n para el fomento de la mirada cr\u00edtica y la construcci\u00f3n de otras narrativas sobre violencia, mujer y migraciones<\/strong><\/a>\u201d, tiene el apoyo de la XXXIX convocatoria del Fondo de Solidaridad UAB para proyectos de cooperaci\u00f3n interuniversitaria liderados por PAS, PDI y estudiantes de la UAB, que promueve financia y acompa\u00f1a proyectos con mirada de justicia global. La iniciativa reflexiona sobre la narrativa de la violencia, las migraciones y la mujer en el territorio fronterizo entre M\u00e9xico y EEUU, especialmente, en la ciudad de Tijuana. Entre otros aspectos, la iniciativa busca impulsar la alfabetizaci\u00f3n medi\u00e1tica en los escenarios period\u00edsticos y no period\u00edsticos.<\/li>\n<li>El proyecto \u201c<a href=\"https:\/\/www.cral-lab.eu\"><strong>CRAL \u2013 Creative Audiovisual Lab for the promotion of critical thinking and media literacy<\/strong><\/a>\u201d es una iniciativa de la Universidad Aut\u00f3noma de Barcelona (UAB), junto a seis instituciones europeas, que busca dotar a la comunidad educativa de las herramientas necesarias para combatir la insuficiente alfabetizaci\u00f3n medi\u00e1tica que existe, cultivar el pensamiento cr\u00edtico de los estudiantes y ayudarlos a comprender la responsabilidad y el poder de su voz. Se dirige a j\u00f3venes de entre 14 y 19 a\u00f1os para que reinterpreten y lideren la producci\u00f3n de contenidos audiovisuales. El proyecto, financiado por \u201cErasmus+ EACEA\/34\/2019: Social inclusion and common v\u00e0lues\u201d, cuenta con la participaci\u00f3n de ALL DIGITAL, (B\u00e9lgica), EGInA (Italia), Istituto Centrale per I Beni Sonori e Audiovisivi (Italia), Hellenic Open University (Grecia), Centre of Technical Culture Rijeka (Croacia) y Association Langas \u012f Ateit\u012f (Lituania).<\/li>\n<li>El proyecto \u201c<strong>OMEDIALITERACY. Overview of the challenges and opportunities of media literacy policies in Europe<\/strong>\u201d, liderado por la UAB, junto a la Universidad Nova de Lisboa, la Universidad de Viena y la Universidad de \u00c1msterdam, tiene como objetivo identificar el conocimiento existente sobre los efectos de la desinformaci\u00f3n en Europa, comparar las pol\u00edticas actuales sobre alfabetizaci\u00f3n medi\u00e1tica y desinformaci\u00f3n en los pa\u00edses miembros e identificar buenas pr\u00e1cticas para superar la desinformaci\u00f3n.<\/li>\n<li>El proyecto \u201c<strong><a href=\"http:\/\/caminos.gabinetecomunicacionyeducacion.com\/proyecto\/\">Los caminos del encuentro. Cartograf\u00eda de rutas tem\u00e1ticas para la recuperaci\u00f3n del patrimonio hist\u00f3rico de las confesiones religiosas de Espa\u00f1a &#8211; Un viaje del ayer al ho<\/a>y<\/strong>\u201d, financiado por la <a href=\"https:\/\/www.pluralismoyconvivencia.es\/\">Fundaci\u00f3n Pluralismo y Convivencia<\/a>, tiene como objetivo principal producir una <strong>cartograf\u00eda de rutas tem\u00e1ticas<\/strong> destinadas a la recreaci\u00f3n de itinerarios culturales a partir del <strong>patrimonio hist\u00f3rico de las confesiones religiosas y comunidades del territorio peninsular<\/strong>. La iniciativa concibe el <strong>viaje<\/strong> como una <strong>herramienta<\/strong> y una <strong>plataforma divulgativa<\/strong>, <strong>sensibilizadora<\/strong> e <strong>informativa vital<\/strong> para promover el conocimiento y el acomodo de la diversidad religiosa en un <strong>marco de di\u00e1logo, fomento de la convivencia y lucha contra la intolerancia y el discurso de odio<\/strong>. Las rutas propuestas conectar\u00e1n con lugares, edificios, personajes hist\u00f3ricas y episodios de gran valor formativo. Adem\u00e1s, la herramienta tendr\u00e1 un doble retorno: por un lado, servir\u00e1 para fomentar un turismo cultura a partir de la religi\u00f3n a trav\u00e9s de rutas reales y, por otro, fomentar\u00e1 el conocimiento y la divulgaci\u00f3n de la riqueza hist\u00f3rica e interreligiosa del territorio peninsular. El proyecto apuesta por explotar las potencialidades de la tecnolog\u00eda multimedia, interactiva y la virtualidad con un enfoque de gran valor innovador y comprometido con los ODS.<\/li>\n<li>El proyecto \u201c<strong>COMIMPACT: Impacto social del tratamiento informativo para la igualdad de g\u00e9nero desde las evidencias cient\u00edficas Instituto de las Mujeres<\/strong>\u201d trabaja con el audio como hilo conductor y argumento para visibilizar la importancia de la mujer en la investigaci\u00f3n y la divulgaci\u00f3n de evidencias cient\u00edficas.<\/li>\n<\/ol>\n<p>La <strong>OMS<\/strong>, en plena crisis del coronavirus, nos advirti\u00f3 del peligro de una infodemia. En tiempos de aceleraci\u00f3n, de una clara dictadura del <em>click<\/em>, del peso del <em>like<\/em>\u2026 es crucial volver a un pensamiento reflexivo, sosegado y calmado. Dif\u00edcil de decir, muy complejo de aplicar. <strong>Francis Bacon<\/strong> (1561-1626) apuntaba de forma magistral que \u201cel <strong>pensamiento cr\u00edtico<\/strong> es tener el deseo de buscar, <strong>la paciencia<\/strong> para dudar, la afici\u00f3n de meditar, <strong>la lentitud<\/strong> para afirmar,<strong> la disposici\u00f3n<\/strong> para considerar, el cuidado para poner en orden y el odio por todo tipo de impostura\u00bb. Bacon alud\u00eda a acciones y tareas que hemos de volver a poner de moda: <strong>analizar, evaluar, cuestionar, dudar, curiosear, meditar<\/strong>\u2026 Y tambi\u00e9n: <strong>escuchar<\/strong>.<\/p>\n<p>Dec\u00eda<strong> Italo Calvino<\/strong> que <strong>la lectura y el abrazo<\/strong> se asemejan porque \u201cen su interior se abren tiempos y espacios distintos del tiempo y del espacio mensurables\u201d. Entendemos el <strong>pensamiento cr\u00edtico<\/strong> como un abrazo desde la alteridad, la empat\u00eda, la b\u00fasqueda y la curiosidad de saber. Nos <strong>pregunta<\/strong>, nos <strong>dice<\/strong> y nos <strong>da<\/strong>.<\/p>\n","protected":false},"excerpt":{"rendered":"<p>Ante este hito, la capacidad de desarrollar un pensamiento cr\u00edtico, es vital. Y, especialmente, se torna decisiva la habilidad para preguntar y preguntarse. Esto es: formular y formularnos preguntas sobre todo aquello que nos rodea, que nos dicen o que circula \u2013cual virus\u2013 por la Red. Partiendo de ello, este texto presenta una selecci\u00f3n de<\/p>\n","protected":false},"author":163,"featured_media":615,"comment_status":"open","ping_status":"open","sticky":false,"template":"","format":"standard","meta":{"footnotes":""},"categories":[2],"tags":[],"tipo":[29],"class_list":{"0":"post-614","1":"post","2":"type-post","3":"status-publish","4":"format-standard","5":"has-post-thumbnail","7":"category-extra-educacion","8":"tipo-analisis"},"yoast_head":"<!-- This site is optimized with the Yoast SEO plugin v27.4 - https:\/\/yoast.com\/product\/yoast-seo-wordpress\/ -->\n<title>Las preguntas como abrazos: proyectos e ideas para fomentar el pensamiento cr\u00edtico - Extra Educaci\u00f3n<\/title>\n<meta name=\"robots\" content=\"index, follow, max-snippet:-1, max-image-preview:large, max-video-preview:-1\" \/>\n<link rel=\"canonical\" href=\"https:\/\/eldiariodelaeducacion.com\/extraeducacion\/2023\/08\/31\/las-preguntas-como-abrazos-proyectos-e-ideas-para-fomentar-el-pensamiento-critico\/\" \/>\n<meta property=\"og:locale\" content=\"es_ES\" \/>\n<meta property=\"og:type\" content=\"article\" \/>\n<meta property=\"og:title\" content=\"Las preguntas como abrazos: proyectos e ideas para fomentar el pensamiento cr\u00edtico - Extra Educaci\u00f3n\" \/>\n<meta property=\"og:description\" content=\"Ante este hito, la capacidad de desarrollar un pensamiento cr\u00edtico, es vital. Y, especialmente, se torna decisiva la habilidad para preguntar y preguntarse. Esto es: formular y formularnos preguntas sobre todo aquello que nos rodea, que nos dicen o que circula \u2013cual virus\u2013 por la Red. Partiendo de ello, este texto presenta una selecci\u00f3n de\" \/>\n<meta property=\"og:url\" content=\"https:\/\/eldiariodelaeducacion.com\/extraeducacion\/2023\/08\/31\/las-preguntas-como-abrazos-proyectos-e-ideas-para-fomentar-el-pensamiento-critico\/\" \/>\n<meta property=\"og:site_name\" content=\"Extra Educaci\u00f3n\" \/>\n<meta property=\"article:published_time\" content=\"2023-08-31T07:08:09+00:00\" \/>\n<meta property=\"article:modified_time\" content=\"2024-07-29T08:14:56+00:00\" \/>\n<meta property=\"og:image\" content=\"https:\/\/eldiariodelaeducacion.com\/extraeducacion\/wp-content\/uploads\/sites\/5\/2023\/08\/abrazo_01.jpg\" \/>\n\t<meta property=\"og:image:width\" content=\"1600\" \/>\n\t<meta property=\"og:image:height\" content=\"1053\" \/>\n\t<meta property=\"og:image:type\" content=\"image\/jpeg\" \/>\n<meta name=\"author\" content=\"Santiago Tejedor\" \/>\n<meta name=\"twitter:card\" content=\"summary_large_image\" \/>\n<meta name=\"twitter:label1\" content=\"Escrito por\" \/>\n\t<meta name=\"twitter:data1\" content=\"Santiago Tejedor\" \/>\n\t<meta name=\"twitter:label2\" content=\"Tiempo de lectura\" \/>\n\t<meta name=\"twitter:data2\" content=\"6 minutos\" \/>\n<script type=\"application\/ld+json\" class=\"yoast-schema-graph\">{\"@context\":\"https:\\\/\\\/schema.org\",\"@graph\":[{\"@type\":\"Article\",\"@id\":\"https:\\\/\\\/eldiariodelaeducacion.com\\\/extraeducacion\\\/2023\\\/08\\\/31\\\/las-preguntas-como-abrazos-proyectos-e-ideas-para-fomentar-el-pensamiento-critico\\\/#article\",\"isPartOf\":{\"@id\":\"https:\\\/\\\/eldiariodelaeducacion.com\\\/extraeducacion\\\/2023\\\/08\\\/31\\\/las-preguntas-como-abrazos-proyectos-e-ideas-para-fomentar-el-pensamiento-critico\\\/\"},\"author\":{\"name\":\"Santiago Tejedor\",\"@id\":\"https:\\\/\\\/eldiariodelaeducacion.com\\\/extraeducacion\\\/#\\\/schema\\\/person\\\/203ca7d4bd6243283b2e64e14c24129a\"},\"headline\":\"Las preguntas como abrazos: proyectos e ideas para fomentar el pensamiento cr\u00edtico\",\"datePublished\":\"2023-08-31T07:08:09+00:00\",\"dateModified\":\"2024-07-29T08:14:56+00:00\",\"mainEntityOfPage\":{\"@id\":\"https:\\\/\\\/eldiariodelaeducacion.com\\\/extraeducacion\\\/2023\\\/08\\\/31\\\/las-preguntas-como-abrazos-proyectos-e-ideas-para-fomentar-el-pensamiento-critico\\\/\"},\"wordCount\":1197,\"commentCount\":0,\"image\":{\"@id\":\"https:\\\/\\\/eldiariodelaeducacion.com\\\/extraeducacion\\\/2023\\\/08\\\/31\\\/las-preguntas-como-abrazos-proyectos-e-ideas-para-fomentar-el-pensamiento-critico\\\/#primaryimage\"},\"thumbnailUrl\":\"https:\\\/\\\/eldiariodelaeducacion.com\\\/extraeducacion\\\/wp-content\\\/uploads\\\/sites\\\/5\\\/2023\\\/08\\\/abrazo_01.jpg\",\"articleSection\":[\"Extra educaci\u00f3n\"],\"inLanguage\":\"es\",\"potentialAction\":[{\"@type\":\"CommentAction\",\"name\":\"Comment\",\"target\":[\"https:\\\/\\\/eldiariodelaeducacion.com\\\/extraeducacion\\\/2023\\\/08\\\/31\\\/las-preguntas-como-abrazos-proyectos-e-ideas-para-fomentar-el-pensamiento-critico\\\/#respond\"]}]},{\"@type\":\"WebPage\",\"@id\":\"https:\\\/\\\/eldiariodelaeducacion.com\\\/extraeducacion\\\/2023\\\/08\\\/31\\\/las-preguntas-como-abrazos-proyectos-e-ideas-para-fomentar-el-pensamiento-critico\\\/\",\"url\":\"https:\\\/\\\/eldiariodelaeducacion.com\\\/extraeducacion\\\/2023\\\/08\\\/31\\\/las-preguntas-como-abrazos-proyectos-e-ideas-para-fomentar-el-pensamiento-critico\\\/\",\"name\":\"Las preguntas como abrazos: proyectos e ideas para fomentar el pensamiento cr\u00edtico - Extra Educaci\u00f3n\",\"isPartOf\":{\"@id\":\"https:\\\/\\\/eldiariodelaeducacion.com\\\/extraeducacion\\\/#website\"},\"primaryImageOfPage\":{\"@id\":\"https:\\\/\\\/eldiariodelaeducacion.com\\\/extraeducacion\\\/2023\\\/08\\\/31\\\/las-preguntas-como-abrazos-proyectos-e-ideas-para-fomentar-el-pensamiento-critico\\\/#primaryimage\"},\"image\":{\"@id\":\"https:\\\/\\\/eldiariodelaeducacion.com\\\/extraeducacion\\\/2023\\\/08\\\/31\\\/las-preguntas-como-abrazos-proyectos-e-ideas-para-fomentar-el-pensamiento-critico\\\/#primaryimage\"},\"thumbnailUrl\":\"https:\\\/\\\/eldiariodelaeducacion.com\\\/extraeducacion\\\/wp-content\\\/uploads\\\/sites\\\/5\\\/2023\\\/08\\\/abrazo_01.jpg\",\"datePublished\":\"2023-08-31T07:08:09+00:00\",\"dateModified\":\"2024-07-29T08:14:56+00:00\",\"author\":{\"@id\":\"https:\\\/\\\/eldiariodelaeducacion.com\\\/extraeducacion\\\/#\\\/schema\\\/person\\\/203ca7d4bd6243283b2e64e14c24129a\"},\"breadcrumb\":{\"@id\":\"https:\\\/\\\/eldiariodelaeducacion.com\\\/extraeducacion\\\/2023\\\/08\\\/31\\\/las-preguntas-como-abrazos-proyectos-e-ideas-para-fomentar-el-pensamiento-critico\\\/#breadcrumb\"},\"inLanguage\":\"es\",\"potentialAction\":[{\"@type\":\"ReadAction\",\"target\":[\"https:\\\/\\\/eldiariodelaeducacion.com\\\/extraeducacion\\\/2023\\\/08\\\/31\\\/las-preguntas-como-abrazos-proyectos-e-ideas-para-fomentar-el-pensamiento-critico\\\/\"]}]},{\"@type\":\"ImageObject\",\"inLanguage\":\"es\",\"@id\":\"https:\\\/\\\/eldiariodelaeducacion.com\\\/extraeducacion\\\/2023\\\/08\\\/31\\\/las-preguntas-como-abrazos-proyectos-e-ideas-para-fomentar-el-pensamiento-critico\\\/#primaryimage\",\"url\":\"https:\\\/\\\/eldiariodelaeducacion.com\\\/extraeducacion\\\/wp-content\\\/uploads\\\/sites\\\/5\\\/2023\\\/08\\\/abrazo_01.jpg\",\"contentUrl\":\"https:\\\/\\\/eldiariodelaeducacion.com\\\/extraeducacion\\\/wp-content\\\/uploads\\\/sites\\\/5\\\/2023\\\/08\\\/abrazo_01.jpg\",\"width\":1600,\"height\":1053,\"caption\":\"Imagen cedida\"},{\"@type\":\"BreadcrumbList\",\"@id\":\"https:\\\/\\\/eldiariodelaeducacion.com\\\/extraeducacion\\\/2023\\\/08\\\/31\\\/las-preguntas-como-abrazos-proyectos-e-ideas-para-fomentar-el-pensamiento-critico\\\/#breadcrumb\",\"itemListElement\":[{\"@type\":\"ListItem\",\"position\":1,\"name\":\"Portada\",\"item\":\"https:\\\/\\\/eldiariodelaeducacion.com\\\/extraeducacion\\\/\"},{\"@type\":\"ListItem\",\"position\":2,\"name\":\"Las preguntas como abrazos: proyectos e ideas para fomentar el pensamiento cr\u00edtico\"}]},{\"@type\":\"WebSite\",\"@id\":\"https:\\\/\\\/eldiariodelaeducacion.com\\\/extraeducacion\\\/#website\",\"url\":\"https:\\\/\\\/eldiariodelaeducacion.com\\\/extraeducacion\\\/\",\"name\":\"Extra Educaci\u00f3n\",\"description\":\"Un blog de El Diario de la Educaci\u00f3n\",\"potentialAction\":[{\"@type\":\"SearchAction\",\"target\":{\"@type\":\"EntryPoint\",\"urlTemplate\":\"https:\\\/\\\/eldiariodelaeducacion.com\\\/extraeducacion\\\/?s={search_term_string}\"},\"query-input\":{\"@type\":\"PropertyValueSpecification\",\"valueRequired\":true,\"valueName\":\"search_term_string\"}}],\"inLanguage\":\"es\"},{\"@type\":\"Person\",\"@id\":\"https:\\\/\\\/eldiariodelaeducacion.com\\\/extraeducacion\\\/#\\\/schema\\\/person\\\/203ca7d4bd6243283b2e64e14c24129a\",\"name\":\"Santiago Tejedor\",\"image\":{\"@type\":\"ImageObject\",\"inLanguage\":\"es\",\"@id\":\"https:\\\/\\\/eldiariodelaeducacion.com\\\/extraeducacion\\\/wp-content\\\/uploads\\\/sites\\\/5\\\/2024\\\/12\\\/santiago-tejedor_avatar-96x96.png\",\"url\":\"https:\\\/\\\/eldiariodelaeducacion.com\\\/extraeducacion\\\/wp-content\\\/uploads\\\/sites\\\/5\\\/2024\\\/12\\\/santiago-tejedor_avatar-96x96.png\",\"contentUrl\":\"https:\\\/\\\/eldiariodelaeducacion.com\\\/extraeducacion\\\/wp-content\\\/uploads\\\/sites\\\/5\\\/2024\\\/12\\\/santiago-tejedor_avatar-96x96.png\",\"caption\":\"Santiago Tejedor\"},\"description\":\"Catedr\u00e1tico de Periodismo -especializado en viajes y ciberperiodismo-, investigador y periodista. Es el director del Gabinete de Comunicaci\u00f3n y Educaci\u00f3n de la Universitat Aut\u00f2noma de Barcelona\",\"url\":\"https:\\\/\\\/eldiariodelaeducacion.com\\\/extraeducacion\\\/author\\\/tejedor\\\/\"}]}<\/script>\n<!-- \/ Yoast SEO plugin. -->","yoast_head_json":{"title":"Las preguntas como abrazos: proyectos e ideas para fomentar el pensamiento cr\u00edtico - Extra Educaci\u00f3n","robots":{"index":"index","follow":"follow","max-snippet":"max-snippet:-1","max-image-preview":"max-image-preview:large","max-video-preview":"max-video-preview:-1"},"canonical":"https:\/\/eldiariodelaeducacion.com\/extraeducacion\/2023\/08\/31\/las-preguntas-como-abrazos-proyectos-e-ideas-para-fomentar-el-pensamiento-critico\/","og_locale":"es_ES","og_type":"article","og_title":"Las preguntas como abrazos: proyectos e ideas para fomentar el pensamiento cr\u00edtico - Extra Educaci\u00f3n","og_description":"Ante este hito, la capacidad de desarrollar un pensamiento cr\u00edtico, es vital. Y, especialmente, se torna decisiva la habilidad para preguntar y preguntarse. Esto es: formular y formularnos preguntas sobre todo aquello que nos rodea, que nos dicen o que circula \u2013cual virus\u2013 por la Red. Partiendo de ello, este texto presenta una selecci\u00f3n de","og_url":"https:\/\/eldiariodelaeducacion.com\/extraeducacion\/2023\/08\/31\/las-preguntas-como-abrazos-proyectos-e-ideas-para-fomentar-el-pensamiento-critico\/","og_site_name":"Extra Educaci\u00f3n","article_published_time":"2023-08-31T07:08:09+00:00","article_modified_time":"2024-07-29T08:14:56+00:00","og_image":[{"width":1600,"height":1053,"url":"https:\/\/eldiariodelaeducacion.com\/extraeducacion\/wp-content\/uploads\/sites\/5\/2023\/08\/abrazo_01.jpg","type":"image\/jpeg"}],"author":"Santiago Tejedor","twitter_card":"summary_large_image","twitter_misc":{"Escrito por":"Santiago Tejedor","Tiempo de lectura":"6 minutos"},"schema":{"@context":"https:\/\/schema.org","@graph":[{"@type":"Article","@id":"https:\/\/eldiariodelaeducacion.com\/extraeducacion\/2023\/08\/31\/las-preguntas-como-abrazos-proyectos-e-ideas-para-fomentar-el-pensamiento-critico\/#article","isPartOf":{"@id":"https:\/\/eldiariodelaeducacion.com\/extraeducacion\/2023\/08\/31\/las-preguntas-como-abrazos-proyectos-e-ideas-para-fomentar-el-pensamiento-critico\/"},"author":{"name":"Santiago Tejedor","@id":"https:\/\/eldiariodelaeducacion.com\/extraeducacion\/#\/schema\/person\/203ca7d4bd6243283b2e64e14c24129a"},"headline":"Las preguntas como abrazos: proyectos e ideas para fomentar el pensamiento cr\u00edtico","datePublished":"2023-08-31T07:08:09+00:00","dateModified":"2024-07-29T08:14:56+00:00","mainEntityOfPage":{"@id":"https:\/\/eldiariodelaeducacion.com\/extraeducacion\/2023\/08\/31\/las-preguntas-como-abrazos-proyectos-e-ideas-para-fomentar-el-pensamiento-critico\/"},"wordCount":1197,"commentCount":0,"image":{"@id":"https:\/\/eldiariodelaeducacion.com\/extraeducacion\/2023\/08\/31\/las-preguntas-como-abrazos-proyectos-e-ideas-para-fomentar-el-pensamiento-critico\/#primaryimage"},"thumbnailUrl":"https:\/\/eldiariodelaeducacion.com\/extraeducacion\/wp-content\/uploads\/sites\/5\/2023\/08\/abrazo_01.jpg","articleSection":["Extra educaci\u00f3n"],"inLanguage":"es","potentialAction":[{"@type":"CommentAction","name":"Comment","target":["https:\/\/eldiariodelaeducacion.com\/extraeducacion\/2023\/08\/31\/las-preguntas-como-abrazos-proyectos-e-ideas-para-fomentar-el-pensamiento-critico\/#respond"]}]},{"@type":"WebPage","@id":"https:\/\/eldiariodelaeducacion.com\/extraeducacion\/2023\/08\/31\/las-preguntas-como-abrazos-proyectos-e-ideas-para-fomentar-el-pensamiento-critico\/","url":"https:\/\/eldiariodelaeducacion.com\/extraeducacion\/2023\/08\/31\/las-preguntas-como-abrazos-proyectos-e-ideas-para-fomentar-el-pensamiento-critico\/","name":"Las preguntas como abrazos: proyectos e ideas para fomentar el pensamiento cr\u00edtico - Extra Educaci\u00f3n","isPartOf":{"@id":"https:\/\/eldiariodelaeducacion.com\/extraeducacion\/#website"},"primaryImageOfPage":{"@id":"https:\/\/eldiariodelaeducacion.com\/extraeducacion\/2023\/08\/31\/las-preguntas-como-abrazos-proyectos-e-ideas-para-fomentar-el-pensamiento-critico\/#primaryimage"},"image":{"@id":"https:\/\/eldiariodelaeducacion.com\/extraeducacion\/2023\/08\/31\/las-preguntas-como-abrazos-proyectos-e-ideas-para-fomentar-el-pensamiento-critico\/#primaryimage"},"thumbnailUrl":"https:\/\/eldiariodelaeducacion.com\/extraeducacion\/wp-content\/uploads\/sites\/5\/2023\/08\/abrazo_01.jpg","datePublished":"2023-08-31T07:08:09+00:00","dateModified":"2024-07-29T08:14:56+00:00","author":{"@id":"https:\/\/eldiariodelaeducacion.com\/extraeducacion\/#\/schema\/person\/203ca7d4bd6243283b2e64e14c24129a"},"breadcrumb":{"@id":"https:\/\/eldiariodelaeducacion.com\/extraeducacion\/2023\/08\/31\/las-preguntas-como-abrazos-proyectos-e-ideas-para-fomentar-el-pensamiento-critico\/#breadcrumb"},"inLanguage":"es","potentialAction":[{"@type":"ReadAction","target":["https:\/\/eldiariodelaeducacion.com\/extraeducacion\/2023\/08\/31\/las-preguntas-como-abrazos-proyectos-e-ideas-para-fomentar-el-pensamiento-critico\/"]}]},{"@type":"ImageObject","inLanguage":"es","@id":"https:\/\/eldiariodelaeducacion.com\/extraeducacion\/2023\/08\/31\/las-preguntas-como-abrazos-proyectos-e-ideas-para-fomentar-el-pensamiento-critico\/#primaryimage","url":"https:\/\/eldiariodelaeducacion.com\/extraeducacion\/wp-content\/uploads\/sites\/5\/2023\/08\/abrazo_01.jpg","contentUrl":"https:\/\/eldiariodelaeducacion.com\/extraeducacion\/wp-content\/uploads\/sites\/5\/2023\/08\/abrazo_01.jpg","width":1600,"height":1053,"caption":"Imagen cedida"},{"@type":"BreadcrumbList","@id":"https:\/\/eldiariodelaeducacion.com\/extraeducacion\/2023\/08\/31\/las-preguntas-como-abrazos-proyectos-e-ideas-para-fomentar-el-pensamiento-critico\/#breadcrumb","itemListElement":[{"@type":"ListItem","position":1,"name":"Portada","item":"https:\/\/eldiariodelaeducacion.com\/extraeducacion\/"},{"@type":"ListItem","position":2,"name":"Las preguntas como abrazos: proyectos e ideas para fomentar el pensamiento cr\u00edtico"}]},{"@type":"WebSite","@id":"https:\/\/eldiariodelaeducacion.com\/extraeducacion\/#website","url":"https:\/\/eldiariodelaeducacion.com\/extraeducacion\/","name":"Extra Educaci\u00f3n","description":"Un blog de El Diario de la Educaci\u00f3n","potentialAction":[{"@type":"SearchAction","target":{"@type":"EntryPoint","urlTemplate":"https:\/\/eldiariodelaeducacion.com\/extraeducacion\/?s={search_term_string}"},"query-input":{"@type":"PropertyValueSpecification","valueRequired":true,"valueName":"search_term_string"}}],"inLanguage":"es"},{"@type":"Person","@id":"https:\/\/eldiariodelaeducacion.com\/extraeducacion\/#\/schema\/person\/203ca7d4bd6243283b2e64e14c24129a","name":"Santiago Tejedor","image":{"@type":"ImageObject","inLanguage":"es","@id":"https:\/\/eldiariodelaeducacion.com\/extraeducacion\/wp-content\/uploads\/sites\/5\/2024\/12\/santiago-tejedor_avatar-96x96.png","url":"https:\/\/eldiariodelaeducacion.com\/extraeducacion\/wp-content\/uploads\/sites\/5\/2024\/12\/santiago-tejedor_avatar-96x96.png","contentUrl":"https:\/\/eldiariodelaeducacion.com\/extraeducacion\/wp-content\/uploads\/sites\/5\/2024\/12\/santiago-tejedor_avatar-96x96.png","caption":"Santiago Tejedor"},"description":"Catedr\u00e1tico de Periodismo -especializado en viajes y ciberperiodismo-, investigador y periodista. Es el director del Gabinete de Comunicaci\u00f3n y Educaci\u00f3n de la Universitat Aut\u00f2noma de Barcelona","url":"https:\/\/eldiariodelaeducacion.com\/extraeducacion\/author\/tejedor\/"}]}},"_links":{"self":[{"href":"https:\/\/eldiariodelaeducacion.com\/extraeducacion\/wp-json\/wp\/v2\/posts\/614","targetHints":{"allow":["GET"]}}],"collection":[{"href":"https:\/\/eldiariodelaeducacion.com\/extraeducacion\/wp-json\/wp\/v2\/posts"}],"about":[{"href":"https:\/\/eldiariodelaeducacion.com\/extraeducacion\/wp-json\/wp\/v2\/types\/post"}],"author":[{"embeddable":true,"href":"https:\/\/eldiariodelaeducacion.com\/extraeducacion\/wp-json\/wp\/v2\/users\/163"}],"replies":[{"embeddable":true,"href":"https:\/\/eldiariodelaeducacion.com\/extraeducacion\/wp-json\/wp\/v2\/comments?post=614"}],"version-history":[{"count":1,"href":"https:\/\/eldiariodelaeducacion.com\/extraeducacion\/wp-json\/wp\/v2\/posts\/614\/revisions"}],"predecessor-version":[{"id":843,"href":"https:\/\/eldiariodelaeducacion.com\/extraeducacion\/wp-json\/wp\/v2\/posts\/614\/revisions\/843"}],"wp:featuredmedia":[{"embeddable":true,"href":"https:\/\/eldiariodelaeducacion.com\/extraeducacion\/wp-json\/wp\/v2\/media\/615"}],"wp:attachment":[{"href":"https:\/\/eldiariodelaeducacion.com\/extraeducacion\/wp-json\/wp\/v2\/media?parent=614"}],"wp:term":[{"taxonomy":"category","embeddable":true,"href":"https:\/\/eldiariodelaeducacion.com\/extraeducacion\/wp-json\/wp\/v2\/categories?post=614"},{"taxonomy":"post_tag","embeddable":true,"href":"https:\/\/eldiariodelaeducacion.com\/extraeducacion\/wp-json\/wp\/v2\/tags?post=614"},{"taxonomy":"tipo","embeddable":true,"href":"https:\/\/eldiariodelaeducacion.com\/extraeducacion\/wp-json\/wp\/v2\/tipo?post=614"}],"curies":[{"name":"wp","href":"https:\/\/api.w.org\/{rel}","templated":true}]}}