{"id":621,"date":"2023-09-14T06:00:38","date_gmt":"2023-09-14T05:00:38","guid":{"rendered":"https:\/\/eldiariodelaeducacion.com\/extraeducacion\/?p=621"},"modified":"2024-07-29T10:14:56","modified_gmt":"2024-07-29T08:14:56","slug":"volver-a-la-escuela-y-al-comedor-escolar","status":"publish","type":"post","link":"https:\/\/eldiariodelaeducacion.com\/extraeducacion\/2023\/09\/14\/volver-a-la-escuela-y-al-comedor-escolar\/","title":{"rendered":"Volver a la escuela y al comedor escolar"},"content":{"rendered":"<p>Este mes de septiembre ha arrancado la vuelta al cole y, con ella, han aparecido gastos como el material para las clases, la ropa nueva, los libros o la cuota mensual del comedor escolar. Se trata de un desembolso importante para todas las familias, pero especialmente para aquellas cuya situaci\u00f3n econ\u00f3mica es complicada y no pueden asumir todos los pagos. El del comedor escolar puede ser un gran problema para estos hogares, ya que ronda, de media, los mil euros por curso.<\/p>\n<p>En Espa\u00f1a, casi 1 de cada 3 menores de 18 a\u00f1os \u2013el 27,8%\u2013 vive en riesgo de pobreza. Sin embargo, solo el 11% recibe alg\u00fan tipo de ayuda econ\u00f3mica o beca para poder ir al comedor escolar. Esto implica que alrededor de <strong>1 mill\u00f3n de ni\u00f1os y ni\u00f1as en situaci\u00f3n de vulnerabilidad se quedan sin este apoyo, aunque deber\u00edan recibirlo dada la situaci\u00f3n de sus familias<\/strong>.<\/p>\n<p>Esta cifra indica que los sistemas de becas y ayudas que tienen las Comunidades Aut\u00f3nomas no llegan a toda infancia que lo necesita. En nuestro informe <a href=\"https:\/\/educowebmedia.blob.core.windows.net\/educowebmedia\/educospain\/media\/docs\/quienes-somos\/transparencia\/informes\/informe_becas-y-ayudas_educo.pdf\"><em>Recetas que educan<\/em><\/a> analizamos los factores que hay en juego para acceder a ellas como, por ejemplo, si hay suficiente presupuesto para dar todas las que se solicitan. Otro elemento importante es que muchas veces las becas no cubren todo el precio del comedor, esos mil euros de los que habl\u00e1bamos antes, y solo se da un porcentaje. Los padres y madres, al no poder pagar la diferencia, deciden que sus hijos e hijas coman en casa. Adem\u00e1s, mientras que en unas partes del territorio se considera que una familia de 4 miembros que ingresa 1.668 euros al mes puede optar a beca, en otras, con otros baremos econ\u00f3micos, creen que no la necesitan. De esta forma, muchas familias que viven por debajo del umbral de pobreza no reciben ning\u00fan tipo de ayuda para el comedor.<\/p>\n<p><strong>Desde Educo llevamos 10 a\u00f1os trabajando para que toda la infancia en situaci\u00f3n de pobreza pueda acceder al comedor escolar y al espacio del mediod\u00eda<\/strong>. Nuestro programa <a href=\"https:\/\/www.educo.org\/colabora\/becas-comedor\">Beca Comedor<\/a> asegura una comida completa y nutritiva a los ni\u00f1os y ni\u00f1as que, a pesar de necesitarlo, no han recibido las ayudas p\u00fablicas o bien solo han recibido una parte y sus familias no pueden costear el resto. De esta manera no solo aseguramos su alimentaci\u00f3n, si no tambi\u00e9n su derecho a la educaci\u00f3n. Por qu\u00e9 ir al comedor escolar y al espacio del mediod\u00eda significa que siguen form\u00e1ndose h\u00e1bitos nutricionales y sociales, que se relacionan con sus compa\u00f1eros y compa\u00f1eras de clase, que aprenden a gestionar conflictos o que disfrutan de su tiempo libre jugando. <strong>Desde Educo hemos repartido 59.000 becas y hemos facilitado m\u00e1s de 5 millones de comidas<\/strong>. Y seguiremos dado apoyo a los m\u00e1s vulnerables gracias a la colaboraci\u00f3n de toda la sociedad para conseguir que ese mill\u00f3n de ni\u00f1os y ni\u00f1as que no tienen beca y la necesitan puedan ir de manera gratuita al comedor escolar.<\/p>\n","protected":false},"excerpt":{"rendered":"<p>Este mes de septiembre ha arrancado la vuelta al cole y, con ella, han aparecido gastos como el material para las clases, la ropa nueva, los libros o la cuota mensual del comedor escolar. Se trata de un desembolso importante para todas las familias, pero especialmente para aquellas cuya situaci\u00f3n econ\u00f3mica es complicada y no<\/p>\n","protected":false},"author":164,"featured_media":622,"comment_status":"open","ping_status":"open","sticky":false,"template":"","format":"standard","meta":{"footnotes":""},"categories":[2],"tags":[],"tipo":[32],"class_list":{"0":"post-621","1":"post","2":"type-post","3":"status-publish","4":"format-standard","5":"has-post-thumbnail","7":"category-extra-educacion","8":"tipo-opinion"},"yoast_head":"<!-- This site is optimized with the Yoast SEO plugin v27.5 - https:\/\/yoast.com\/product\/yoast-seo-wordpress\/ -->\n<title>Volver a la escuela y al comedor escolar - Extra Educaci\u00f3n<\/title>\n<meta name=\"robots\" content=\"index, follow, max-snippet:-1, max-image-preview:large, max-video-preview:-1\" \/>\n<link rel=\"canonical\" href=\"https:\/\/eldiariodelaeducacion.com\/extraeducacion\/2023\/09\/14\/volver-a-la-escuela-y-al-comedor-escolar\/\" \/>\n<meta property=\"og:locale\" content=\"es_ES\" \/>\n<meta property=\"og:type\" content=\"article\" \/>\n<meta property=\"og:title\" content=\"Volver a la escuela y al comedor escolar - Extra Educaci\u00f3n\" \/>\n<meta property=\"og:description\" content=\"Este mes de septiembre ha arrancado la vuelta al cole y, con ella, han aparecido gastos como el material para las clases, la ropa nueva, los libros o la cuota mensual del comedor escolar. Se trata de un desembolso importante para todas las familias, pero especialmente para aquellas cuya situaci\u00f3n econ\u00f3mica es complicada y no\" \/>\n<meta property=\"og:url\" content=\"https:\/\/eldiariodelaeducacion.com\/extraeducacion\/2023\/09\/14\/volver-a-la-escuela-y-al-comedor-escolar\/\" \/>\n<meta property=\"og:site_name\" content=\"Extra Educaci\u00f3n\" \/>\n<meta property=\"article:published_time\" content=\"2023-09-14T05:00:38+00:00\" \/>\n<meta property=\"article:modified_time\" content=\"2024-07-29T08:14:56+00:00\" \/>\n<meta property=\"og:image\" content=\"https:\/\/eldiariodelaeducacion.com\/extraeducacion\/wp-content\/uploads\/sites\/5\/2023\/09\/ES-2023-ES2236-0N8A7468-Baja-resolucion.jpg\" \/>\n\t<meta property=\"og:image:width\" content=\"700\" \/>\n\t<meta property=\"og:image:height\" content=\"467\" \/>\n\t<meta property=\"og:image:type\" content=\"image\/jpeg\" \/>\n<meta name=\"author\" content=\"Pilar Orenes\" \/>\n<meta name=\"twitter:card\" content=\"summary_large_image\" \/>\n<meta name=\"twitter:label1\" content=\"Escrito por\" \/>\n\t<meta name=\"twitter:data1\" content=\"Pilar Orenes\" \/>\n\t<meta name=\"twitter:label2\" content=\"Tiempo de lectura\" \/>\n\t<meta name=\"twitter:data2\" content=\"3 minutos\" \/>\n<script type=\"application\/ld+json\" class=\"yoast-schema-graph\">{\"@context\":\"https:\\\/\\\/schema.org\",\"@graph\":[{\"@type\":\"Article\",\"@id\":\"https:\\\/\\\/eldiariodelaeducacion.com\\\/extraeducacion\\\/2023\\\/09\\\/14\\\/volver-a-la-escuela-y-al-comedor-escolar\\\/#article\",\"isPartOf\":{\"@id\":\"https:\\\/\\\/eldiariodelaeducacion.com\\\/extraeducacion\\\/2023\\\/09\\\/14\\\/volver-a-la-escuela-y-al-comedor-escolar\\\/\"},\"author\":{\"name\":\"Pilar Orenes\",\"@id\":\"https:\\\/\\\/eldiariodelaeducacion.com\\\/extraeducacion\\\/#\\\/schema\\\/person\\\/df83ceca9962a51df45ce64c251da031\"},\"headline\":\"Volver a la escuela y al comedor escolar\",\"datePublished\":\"2023-09-14T05:00:38+00:00\",\"dateModified\":\"2024-07-29T08:14:56+00:00\",\"mainEntityOfPage\":{\"@id\":\"https:\\\/\\\/eldiariodelaeducacion.com\\\/extraeducacion\\\/2023\\\/09\\\/14\\\/volver-a-la-escuela-y-al-comedor-escolar\\\/\"},\"wordCount\":523,\"commentCount\":0,\"image\":{\"@id\":\"https:\\\/\\\/eldiariodelaeducacion.com\\\/extraeducacion\\\/2023\\\/09\\\/14\\\/volver-a-la-escuela-y-al-comedor-escolar\\\/#primaryimage\"},\"thumbnailUrl\":\"https:\\\/\\\/eldiariodelaeducacion.com\\\/extraeducacion\\\/wp-content\\\/uploads\\\/sites\\\/5\\\/2023\\\/09\\\/ES-2023-ES2236-0N8A7468-Baja-resolucion.jpg\",\"articleSection\":[\"Extra educaci\u00f3n\"],\"inLanguage\":\"es\",\"potentialAction\":[{\"@type\":\"CommentAction\",\"name\":\"Comment\",\"target\":[\"https:\\\/\\\/eldiariodelaeducacion.com\\\/extraeducacion\\\/2023\\\/09\\\/14\\\/volver-a-la-escuela-y-al-comedor-escolar\\\/#respond\"]}]},{\"@type\":\"WebPage\",\"@id\":\"https:\\\/\\\/eldiariodelaeducacion.com\\\/extraeducacion\\\/2023\\\/09\\\/14\\\/volver-a-la-escuela-y-al-comedor-escolar\\\/\",\"url\":\"https:\\\/\\\/eldiariodelaeducacion.com\\\/extraeducacion\\\/2023\\\/09\\\/14\\\/volver-a-la-escuela-y-al-comedor-escolar\\\/\",\"name\":\"Volver a la escuela y al comedor escolar - Extra Educaci\u00f3n\",\"isPartOf\":{\"@id\":\"https:\\\/\\\/eldiariodelaeducacion.com\\\/extraeducacion\\\/#website\"},\"primaryImageOfPage\":{\"@id\":\"https:\\\/\\\/eldiariodelaeducacion.com\\\/extraeducacion\\\/2023\\\/09\\\/14\\\/volver-a-la-escuela-y-al-comedor-escolar\\\/#primaryimage\"},\"image\":{\"@id\":\"https:\\\/\\\/eldiariodelaeducacion.com\\\/extraeducacion\\\/2023\\\/09\\\/14\\\/volver-a-la-escuela-y-al-comedor-escolar\\\/#primaryimage\"},\"thumbnailUrl\":\"https:\\\/\\\/eldiariodelaeducacion.com\\\/extraeducacion\\\/wp-content\\\/uploads\\\/sites\\\/5\\\/2023\\\/09\\\/ES-2023-ES2236-0N8A7468-Baja-resolucion.jpg\",\"datePublished\":\"2023-09-14T05:00:38+00:00\",\"dateModified\":\"2024-07-29T08:14:56+00:00\",\"author\":{\"@id\":\"https:\\\/\\\/eldiariodelaeducacion.com\\\/extraeducacion\\\/#\\\/schema\\\/person\\\/df83ceca9962a51df45ce64c251da031\"},\"breadcrumb\":{\"@id\":\"https:\\\/\\\/eldiariodelaeducacion.com\\\/extraeducacion\\\/2023\\\/09\\\/14\\\/volver-a-la-escuela-y-al-comedor-escolar\\\/#breadcrumb\"},\"inLanguage\":\"es\",\"potentialAction\":[{\"@type\":\"ReadAction\",\"target\":[\"https:\\\/\\\/eldiariodelaeducacion.com\\\/extraeducacion\\\/2023\\\/09\\\/14\\\/volver-a-la-escuela-y-al-comedor-escolar\\\/\"]}]},{\"@type\":\"ImageObject\",\"inLanguage\":\"es\",\"@id\":\"https:\\\/\\\/eldiariodelaeducacion.com\\\/extraeducacion\\\/2023\\\/09\\\/14\\\/volver-a-la-escuela-y-al-comedor-escolar\\\/#primaryimage\",\"url\":\"https:\\\/\\\/eldiariodelaeducacion.com\\\/extraeducacion\\\/wp-content\\\/uploads\\\/sites\\\/5\\\/2023\\\/09\\\/ES-2023-ES2236-0N8A7468-Baja-resolucion.jpg\",\"contentUrl\":\"https:\\\/\\\/eldiariodelaeducacion.com\\\/extraeducacion\\\/wp-content\\\/uploads\\\/sites\\\/5\\\/2023\\\/09\\\/ES-2023-ES2236-0N8A7468-Baja-resolucion.jpg\",\"width\":700,\"height\":467,\"caption\":\"Foto: Educo\"},{\"@type\":\"BreadcrumbList\",\"@id\":\"https:\\\/\\\/eldiariodelaeducacion.com\\\/extraeducacion\\\/2023\\\/09\\\/14\\\/volver-a-la-escuela-y-al-comedor-escolar\\\/#breadcrumb\",\"itemListElement\":[{\"@type\":\"ListItem\",\"position\":1,\"name\":\"Portada\",\"item\":\"https:\\\/\\\/eldiariodelaeducacion.com\\\/extraeducacion\\\/\"},{\"@type\":\"ListItem\",\"position\":2,\"name\":\"Volver a la escuela y al comedor escolar\"}]},{\"@type\":\"WebSite\",\"@id\":\"https:\\\/\\\/eldiariodelaeducacion.com\\\/extraeducacion\\\/#website\",\"url\":\"https:\\\/\\\/eldiariodelaeducacion.com\\\/extraeducacion\\\/\",\"name\":\"Extra Educaci\u00f3n\",\"description\":\"Un blog de El Diario de la Educaci\u00f3n\",\"potentialAction\":[{\"@type\":\"SearchAction\",\"target\":{\"@type\":\"EntryPoint\",\"urlTemplate\":\"https:\\\/\\\/eldiariodelaeducacion.com\\\/extraeducacion\\\/?s={search_term_string}\"},\"query-input\":{\"@type\":\"PropertyValueSpecification\",\"valueRequired\":true,\"valueName\":\"search_term_string\"}}],\"inLanguage\":\"es\"},{\"@type\":\"Person\",\"@id\":\"https:\\\/\\\/eldiariodelaeducacion.com\\\/extraeducacion\\\/#\\\/schema\\\/person\\\/df83ceca9962a51df45ce64c251da031\",\"name\":\"Pilar Orenes\",\"image\":{\"@type\":\"ImageObject\",\"inLanguage\":\"es\",\"@id\":\"https:\\\/\\\/secure.gravatar.com\\\/avatar\\\/fffdb638bd35a89d936182a58ae4810577943083fd0e838c02cfd1e47b5b023a?s=96&d=mm&r=g\",\"url\":\"https:\\\/\\\/secure.gravatar.com\\\/avatar\\\/fffdb638bd35a89d936182a58ae4810577943083fd0e838c02cfd1e47b5b023a?s=96&d=mm&r=g\",\"contentUrl\":\"https:\\\/\\\/secure.gravatar.com\\\/avatar\\\/fffdb638bd35a89d936182a58ae4810577943083fd0e838c02cfd1e47b5b023a?s=96&d=mm&r=g\",\"caption\":\"Pilar Orenes\"},\"url\":\"https:\\\/\\\/eldiariodelaeducacion.com\\\/extraeducacion\\\/author\\\/pilarorenes\\\/\"}]}<\/script>\n<!-- \/ Yoast SEO plugin. -->","yoast_head_json":{"title":"Volver a la escuela y al comedor escolar - Extra Educaci\u00f3n","robots":{"index":"index","follow":"follow","max-snippet":"max-snippet:-1","max-image-preview":"max-image-preview:large","max-video-preview":"max-video-preview:-1"},"canonical":"https:\/\/eldiariodelaeducacion.com\/extraeducacion\/2023\/09\/14\/volver-a-la-escuela-y-al-comedor-escolar\/","og_locale":"es_ES","og_type":"article","og_title":"Volver a la escuela y al comedor escolar - Extra Educaci\u00f3n","og_description":"Este mes de septiembre ha arrancado la vuelta al cole y, con ella, han aparecido gastos como el material para las clases, la ropa nueva, los libros o la cuota mensual del comedor escolar. Se trata de un desembolso importante para todas las familias, pero especialmente para aquellas cuya situaci\u00f3n econ\u00f3mica es complicada y no","og_url":"https:\/\/eldiariodelaeducacion.com\/extraeducacion\/2023\/09\/14\/volver-a-la-escuela-y-al-comedor-escolar\/","og_site_name":"Extra Educaci\u00f3n","article_published_time":"2023-09-14T05:00:38+00:00","article_modified_time":"2024-07-29T08:14:56+00:00","og_image":[{"width":700,"height":467,"url":"https:\/\/eldiariodelaeducacion.com\/extraeducacion\/wp-content\/uploads\/sites\/5\/2023\/09\/ES-2023-ES2236-0N8A7468-Baja-resolucion.jpg","type":"image\/jpeg"}],"author":"Pilar Orenes","twitter_card":"summary_large_image","twitter_misc":{"Escrito por":"Pilar Orenes","Tiempo de lectura":"3 minutos"},"schema":{"@context":"https:\/\/schema.org","@graph":[{"@type":"Article","@id":"https:\/\/eldiariodelaeducacion.com\/extraeducacion\/2023\/09\/14\/volver-a-la-escuela-y-al-comedor-escolar\/#article","isPartOf":{"@id":"https:\/\/eldiariodelaeducacion.com\/extraeducacion\/2023\/09\/14\/volver-a-la-escuela-y-al-comedor-escolar\/"},"author":{"name":"Pilar Orenes","@id":"https:\/\/eldiariodelaeducacion.com\/extraeducacion\/#\/schema\/person\/df83ceca9962a51df45ce64c251da031"},"headline":"Volver a la escuela y al comedor escolar","datePublished":"2023-09-14T05:00:38+00:00","dateModified":"2024-07-29T08:14:56+00:00","mainEntityOfPage":{"@id":"https:\/\/eldiariodelaeducacion.com\/extraeducacion\/2023\/09\/14\/volver-a-la-escuela-y-al-comedor-escolar\/"},"wordCount":523,"commentCount":0,"image":{"@id":"https:\/\/eldiariodelaeducacion.com\/extraeducacion\/2023\/09\/14\/volver-a-la-escuela-y-al-comedor-escolar\/#primaryimage"},"thumbnailUrl":"https:\/\/eldiariodelaeducacion.com\/extraeducacion\/wp-content\/uploads\/sites\/5\/2023\/09\/ES-2023-ES2236-0N8A7468-Baja-resolucion.jpg","articleSection":["Extra educaci\u00f3n"],"inLanguage":"es","potentialAction":[{"@type":"CommentAction","name":"Comment","target":["https:\/\/eldiariodelaeducacion.com\/extraeducacion\/2023\/09\/14\/volver-a-la-escuela-y-al-comedor-escolar\/#respond"]}]},{"@type":"WebPage","@id":"https:\/\/eldiariodelaeducacion.com\/extraeducacion\/2023\/09\/14\/volver-a-la-escuela-y-al-comedor-escolar\/","url":"https:\/\/eldiariodelaeducacion.com\/extraeducacion\/2023\/09\/14\/volver-a-la-escuela-y-al-comedor-escolar\/","name":"Volver a la escuela y al comedor escolar - Extra Educaci\u00f3n","isPartOf":{"@id":"https:\/\/eldiariodelaeducacion.com\/extraeducacion\/#website"},"primaryImageOfPage":{"@id":"https:\/\/eldiariodelaeducacion.com\/extraeducacion\/2023\/09\/14\/volver-a-la-escuela-y-al-comedor-escolar\/#primaryimage"},"image":{"@id":"https:\/\/eldiariodelaeducacion.com\/extraeducacion\/2023\/09\/14\/volver-a-la-escuela-y-al-comedor-escolar\/#primaryimage"},"thumbnailUrl":"https:\/\/eldiariodelaeducacion.com\/extraeducacion\/wp-content\/uploads\/sites\/5\/2023\/09\/ES-2023-ES2236-0N8A7468-Baja-resolucion.jpg","datePublished":"2023-09-14T05:00:38+00:00","dateModified":"2024-07-29T08:14:56+00:00","author":{"@id":"https:\/\/eldiariodelaeducacion.com\/extraeducacion\/#\/schema\/person\/df83ceca9962a51df45ce64c251da031"},"breadcrumb":{"@id":"https:\/\/eldiariodelaeducacion.com\/extraeducacion\/2023\/09\/14\/volver-a-la-escuela-y-al-comedor-escolar\/#breadcrumb"},"inLanguage":"es","potentialAction":[{"@type":"ReadAction","target":["https:\/\/eldiariodelaeducacion.com\/extraeducacion\/2023\/09\/14\/volver-a-la-escuela-y-al-comedor-escolar\/"]}]},{"@type":"ImageObject","inLanguage":"es","@id":"https:\/\/eldiariodelaeducacion.com\/extraeducacion\/2023\/09\/14\/volver-a-la-escuela-y-al-comedor-escolar\/#primaryimage","url":"https:\/\/eldiariodelaeducacion.com\/extraeducacion\/wp-content\/uploads\/sites\/5\/2023\/09\/ES-2023-ES2236-0N8A7468-Baja-resolucion.jpg","contentUrl":"https:\/\/eldiariodelaeducacion.com\/extraeducacion\/wp-content\/uploads\/sites\/5\/2023\/09\/ES-2023-ES2236-0N8A7468-Baja-resolucion.jpg","width":700,"height":467,"caption":"Foto: Educo"},{"@type":"BreadcrumbList","@id":"https:\/\/eldiariodelaeducacion.com\/extraeducacion\/2023\/09\/14\/volver-a-la-escuela-y-al-comedor-escolar\/#breadcrumb","itemListElement":[{"@type":"ListItem","position":1,"name":"Portada","item":"https:\/\/eldiariodelaeducacion.com\/extraeducacion\/"},{"@type":"ListItem","position":2,"name":"Volver a la escuela y al comedor escolar"}]},{"@type":"WebSite","@id":"https:\/\/eldiariodelaeducacion.com\/extraeducacion\/#website","url":"https:\/\/eldiariodelaeducacion.com\/extraeducacion\/","name":"Extra Educaci\u00f3n","description":"Un blog de El Diario de la Educaci\u00f3n","potentialAction":[{"@type":"SearchAction","target":{"@type":"EntryPoint","urlTemplate":"https:\/\/eldiariodelaeducacion.com\/extraeducacion\/?s={search_term_string}"},"query-input":{"@type":"PropertyValueSpecification","valueRequired":true,"valueName":"search_term_string"}}],"inLanguage":"es"},{"@type":"Person","@id":"https:\/\/eldiariodelaeducacion.com\/extraeducacion\/#\/schema\/person\/df83ceca9962a51df45ce64c251da031","name":"Pilar Orenes","image":{"@type":"ImageObject","inLanguage":"es","@id":"https:\/\/secure.gravatar.com\/avatar\/fffdb638bd35a89d936182a58ae4810577943083fd0e838c02cfd1e47b5b023a?s=96&d=mm&r=g","url":"https:\/\/secure.gravatar.com\/avatar\/fffdb638bd35a89d936182a58ae4810577943083fd0e838c02cfd1e47b5b023a?s=96&d=mm&r=g","contentUrl":"https:\/\/secure.gravatar.com\/avatar\/fffdb638bd35a89d936182a58ae4810577943083fd0e838c02cfd1e47b5b023a?s=96&d=mm&r=g","caption":"Pilar Orenes"},"url":"https:\/\/eldiariodelaeducacion.com\/extraeducacion\/author\/pilarorenes\/"}]}},"_links":{"self":[{"href":"https:\/\/eldiariodelaeducacion.com\/extraeducacion\/wp-json\/wp\/v2\/posts\/621","targetHints":{"allow":["GET"]}}],"collection":[{"href":"https:\/\/eldiariodelaeducacion.com\/extraeducacion\/wp-json\/wp\/v2\/posts"}],"about":[{"href":"https:\/\/eldiariodelaeducacion.com\/extraeducacion\/wp-json\/wp\/v2\/types\/post"}],"author":[{"embeddable":true,"href":"https:\/\/eldiariodelaeducacion.com\/extraeducacion\/wp-json\/wp\/v2\/users\/164"}],"replies":[{"embeddable":true,"href":"https:\/\/eldiariodelaeducacion.com\/extraeducacion\/wp-json\/wp\/v2\/comments?post=621"}],"version-history":[{"count":1,"href":"https:\/\/eldiariodelaeducacion.com\/extraeducacion\/wp-json\/wp\/v2\/posts\/621\/revisions"}],"predecessor-version":[{"id":844,"href":"https:\/\/eldiariodelaeducacion.com\/extraeducacion\/wp-json\/wp\/v2\/posts\/621\/revisions\/844"}],"wp:featuredmedia":[{"embeddable":true,"href":"https:\/\/eldiariodelaeducacion.com\/extraeducacion\/wp-json\/wp\/v2\/media\/622"}],"wp:attachment":[{"href":"https:\/\/eldiariodelaeducacion.com\/extraeducacion\/wp-json\/wp\/v2\/media?parent=621"}],"wp:term":[{"taxonomy":"category","embeddable":true,"href":"https:\/\/eldiariodelaeducacion.com\/extraeducacion\/wp-json\/wp\/v2\/categories?post=621"},{"taxonomy":"post_tag","embeddable":true,"href":"https:\/\/eldiariodelaeducacion.com\/extraeducacion\/wp-json\/wp\/v2\/tags?post=621"},{"taxonomy":"tipo","embeddable":true,"href":"https:\/\/eldiariodelaeducacion.com\/extraeducacion\/wp-json\/wp\/v2\/tipo?post=621"}],"curies":[{"name":"wp","href":"https:\/\/api.w.org\/{rel}","templated":true}]}}