{"id":625,"date":"2023-09-25T06:00:19","date_gmt":"2023-09-25T05:00:19","guid":{"rendered":"https:\/\/eldiariodelaeducacion.com\/extraeducacion\/?p=625"},"modified":"2024-07-29T10:14:56","modified_gmt":"2024-07-29T08:14:56","slug":"adaptacion-a-la-lomloe-tres-centros-educativos-comparten-sus-experiencias-con-el-cuaderno-del-profesorado-de-alexia","status":"publish","type":"post","link":"https:\/\/eldiariodelaeducacion.com\/extraeducacion\/2023\/09\/25\/adaptacion-a-la-lomloe-tres-centros-educativos-comparten-sus-experiencias-con-el-cuaderno-del-profesorado-de-alexia\/","title":{"rendered":"Adaptaci\u00f3n a la Lomloe: tres centros educativos comparten sus experiencias con el Cuaderno del Profesorado de Alexia"},"content":{"rendered":"<p>La implementaci\u00f3n de la nueva ley Lomloe ha generado cambios significativos en el sistema educativo. En este contexto, los centros educativos Padre Manyanet Alcobendas, Colegio San Jos\u00e9 y Col\u00b7legi Mare de D\u00e9u del Carme han compartido sus experiencias en la adaptaci\u00f3n a esta ley utilizando la suite educativa Alexia.<\/p>\n<p>El cuaderno del profesorado ha desempe\u00f1ado un papel fundamental en la adaptaci\u00f3n de estos centros a los cambios propuestos por la ley en el primer curso de implantaci\u00f3n. Esta herramienta ha proporcionado a los docentes una base com\u00fan para llevar a cabo evaluaciones coherentes y personalizadas, en l\u00ednea con los nuevos criterios y competencias establecidos por la Lomloe. As\u00ed, los centros han logrado un enfoque unificado en la evaluaci\u00f3n competencial de los estudiantes. Sus posibilidades para la colaboraci\u00f3n y el trabajo en equipo han sido elementos fundamentales en este proceso, permitiendo a los centros superar los desaf\u00edos de la Lomloe.<\/p>\n<h4>Padre Manyanet Alcobendas (Madrid)<\/h4>\n<p>Perteneciente a la Congregaci\u00f3n de los Hijos de la Sagrada Familia, este centro persigue el desarrollo integral de cada alumno y aplica enfoques pedag\u00f3gicos centrados en el aprendizaje del estudiante. Han utilizado el Cuaderno del Profesorado para dar sentido a las nuevas metodolog\u00edas y revisar sus programaciones. Su enfoque, centrado en la evaluaci\u00f3n del aprendizaje en lugar de una evaluaci\u00f3n basada en instrumentos, busca que cada alumno desarrolle al m\u00e1ximo sus capacidades y competencias personales, seg\u00fan su ritmo de aprendizaje.<\/p>\n<p><a href=\"https:\/\/www.alexiaeducaria.com\/portfolio-items\/padre-manyanet-alcobendas\/\">Ver experiencia: \u201cEl camino hacia una nueva evaluaci\u00f3n\u201d<\/a><\/p>\n<h4>Colegio San Jos\u00e9 (Marbella y Estepona. M\u00e1laga)<\/h4>\n<p>Este colegio tiene casi dos siglos de historia. Se orienta a la excelencia acad\u00e9mica, el trabajo en equipo y el pensamiento cr\u00edtico, promoviendo el respeto por la diversidad y la singularidad de cada estudiante. Mediante el trabajo en equipo y el uso del Cuaderno del Profesorado ha logrado una evaluaci\u00f3n unificada y coherente. Trabajando en conjunto, han implementado nuevos instrumentos de evaluaci\u00f3n, aprovechando la herramienta como una gu\u00eda para comprender y construir los nuevos enfoques competenciales propuestos por la Lomloe.<\/p>\n<p><a href=\"https:\/\/www.alexiaeducaria.com\/portfolio-items\/colegio-san-jose\/\">Ver experiencia \u201dLa evaluaci\u00f3n, \u00a1un trabajo en equipo!\u201d<\/a><\/p>\n<h4>Col\u00b7legi Mare de D\u00e9u del Carme<\/h4>\n<p>Este centro, perteneciente a las Escuelas Carmelitas, promueve la educaci\u00f3n integral de los miembros de la comunidad educativa, fomentando el contacto con el entorno natural y social, y la ayuda a los m\u00e1s necesitados. Ha encontrado en el Cuaderno del Profesorado una herramienta clave para aproximar y hacer m\u00e1s comprensible el marco evaluativo de la nueva ley Lomloe. Trabajando en equipo, el centro ha buscado entender c\u00f3mo funcionaba la evaluaci\u00f3n a partir de criterios y competencias e integrarla en el proceso de programaci\u00f3n con unas directrices claras y unificadas en el uso del Cuaderno para evaluar el aprendizaje de los estudiantes.<\/p>\n<p><a href=\"https:\/\/www.alexiaeducaria.com\/portfolio-items\/col-legi-mare-deu-del-carme\/\">Ver experiencia: \u201cDesentra\u00f1ando la Lomloe: Un viaje desde la confusi\u00f3n hasta la comprensi\u00f3n\u201d<\/a><\/p>\n","protected":false},"excerpt":{"rendered":"<p>La implementaci\u00f3n de la nueva ley Lomloe ha generado cambios significativos en el sistema educativo. En este contexto, los centros educativos Padre Manyanet Alcobendas, Colegio San Jos\u00e9 y Col\u00b7legi Mare de D\u00e9u del Carme han compartido sus experiencias en la adaptaci\u00f3n a esta ley utilizando la suite educativa Alexia. El cuaderno del profesorado ha desempe\u00f1ado<\/p>\n","protected":false},"author":150,"featured_media":626,"comment_status":"open","ping_status":"open","sticky":false,"template":"","format":"standard","meta":{"footnotes":""},"categories":[2],"tags":[],"tipo":[30],"class_list":{"0":"post-625","1":"post","2":"type-post","3":"status-publish","4":"format-standard","5":"has-post-thumbnail","7":"category-extra-educacion","8":"tipo-actualidad"},"yoast_head":"<!-- This site is optimized with the Yoast SEO plugin v27.5 - https:\/\/yoast.com\/product\/yoast-seo-wordpress\/ -->\n<title>Adaptaci\u00f3n a la Lomloe: tres centros educativos comparten sus experiencias con el Cuaderno del Profesorado de Alexia - Extra Educaci\u00f3n<\/title>\n<meta name=\"robots\" content=\"index, follow, max-snippet:-1, max-image-preview:large, max-video-preview:-1\" \/>\n<link rel=\"canonical\" href=\"https:\/\/eldiariodelaeducacion.com\/extraeducacion\/2023\/09\/25\/adaptacion-a-la-lomloe-tres-centros-educativos-comparten-sus-experiencias-con-el-cuaderno-del-profesorado-de-alexia\/\" \/>\n<meta property=\"og:locale\" content=\"es_ES\" \/>\n<meta property=\"og:type\" content=\"article\" \/>\n<meta property=\"og:title\" content=\"Adaptaci\u00f3n a la Lomloe: tres centros educativos comparten sus experiencias con el Cuaderno del Profesorado de Alexia - Extra Educaci\u00f3n\" \/>\n<meta property=\"og:description\" content=\"La implementaci\u00f3n de la nueva ley Lomloe ha generado cambios significativos en el sistema educativo. En este contexto, los centros educativos Padre Manyanet Alcobendas, Colegio San Jos\u00e9 y Col\u00b7legi Mare de D\u00e9u del Carme han compartido sus experiencias en la adaptaci\u00f3n a esta ley utilizando la suite educativa Alexia. El cuaderno del profesorado ha desempe\u00f1ado\" \/>\n<meta property=\"og:url\" content=\"https:\/\/eldiariodelaeducacion.com\/extraeducacion\/2023\/09\/25\/adaptacion-a-la-lomloe-tres-centros-educativos-comparten-sus-experiencias-con-el-cuaderno-del-profesorado-de-alexia\/\" \/>\n<meta property=\"og:site_name\" content=\"Extra Educaci\u00f3n\" \/>\n<meta property=\"article:published_time\" content=\"2023-09-25T05:00:19+00:00\" \/>\n<meta property=\"article:modified_time\" content=\"2024-07-29T08:14:56+00:00\" \/>\n<meta property=\"og:image\" content=\"https:\/\/eldiariodelaeducacion.com\/extraeducacion\/wp-content\/uploads\/sites\/5\/2023\/09\/IMGDiariLOMLOE.png\" \/>\n\t<meta property=\"og:image:width\" content=\"1280\" \/>\n\t<meta property=\"og:image:height\" content=\"800\" \/>\n\t<meta property=\"og:image:type\" content=\"image\/png\" \/>\n<meta name=\"author\" content=\"Redacci\u00f3n\" \/>\n<meta name=\"twitter:card\" content=\"summary_large_image\" \/>\n<meta name=\"twitter:label1\" content=\"Escrito por\" \/>\n\t<meta name=\"twitter:data1\" content=\"Redacci\u00f3n\" \/>\n\t<meta name=\"twitter:label2\" content=\"Tiempo de lectura\" \/>\n\t<meta name=\"twitter:data2\" content=\"2 minutos\" \/>\n<script type=\"application\/ld+json\" class=\"yoast-schema-graph\">{\"@context\":\"https:\\\/\\\/schema.org\",\"@graph\":[{\"@type\":\"Article\",\"@id\":\"https:\\\/\\\/eldiariodelaeducacion.com\\\/extraeducacion\\\/2023\\\/09\\\/25\\\/adaptacion-a-la-lomloe-tres-centros-educativos-comparten-sus-experiencias-con-el-cuaderno-del-profesorado-de-alexia\\\/#article\",\"isPartOf\":{\"@id\":\"https:\\\/\\\/eldiariodelaeducacion.com\\\/extraeducacion\\\/2023\\\/09\\\/25\\\/adaptacion-a-la-lomloe-tres-centros-educativos-comparten-sus-experiencias-con-el-cuaderno-del-profesorado-de-alexia\\\/\"},\"author\":{\"name\":\"Redacci\u00f3n\",\"@id\":\"https:\\\/\\\/eldiariodelaeducacion.com\\\/extraeducacion\\\/#\\\/schema\\\/person\\\/5228007cb64f7ca80adbd750a941d59c\"},\"headline\":\"Adaptaci\u00f3n a la Lomloe: tres centros educativos comparten sus experiencias con el Cuaderno del Profesorado de Alexia\",\"datePublished\":\"2023-09-25T05:00:19+00:00\",\"dateModified\":\"2024-07-29T08:14:56+00:00\",\"mainEntityOfPage\":{\"@id\":\"https:\\\/\\\/eldiariodelaeducacion.com\\\/extraeducacion\\\/2023\\\/09\\\/25\\\/adaptacion-a-la-lomloe-tres-centros-educativos-comparten-sus-experiencias-con-el-cuaderno-del-profesorado-de-alexia\\\/\"},\"wordCount\":512,\"commentCount\":0,\"image\":{\"@id\":\"https:\\\/\\\/eldiariodelaeducacion.com\\\/extraeducacion\\\/2023\\\/09\\\/25\\\/adaptacion-a-la-lomloe-tres-centros-educativos-comparten-sus-experiencias-con-el-cuaderno-del-profesorado-de-alexia\\\/#primaryimage\"},\"thumbnailUrl\":\"https:\\\/\\\/eldiariodelaeducacion.com\\\/extraeducacion\\\/wp-content\\\/uploads\\\/sites\\\/5\\\/2023\\\/09\\\/IMGDiariLOMLOE.png\",\"articleSection\":[\"Extra educaci\u00f3n\"],\"inLanguage\":\"es\",\"potentialAction\":[{\"@type\":\"CommentAction\",\"name\":\"Comment\",\"target\":[\"https:\\\/\\\/eldiariodelaeducacion.com\\\/extraeducacion\\\/2023\\\/09\\\/25\\\/adaptacion-a-la-lomloe-tres-centros-educativos-comparten-sus-experiencias-con-el-cuaderno-del-profesorado-de-alexia\\\/#respond\"]}]},{\"@type\":\"WebPage\",\"@id\":\"https:\\\/\\\/eldiariodelaeducacion.com\\\/extraeducacion\\\/2023\\\/09\\\/25\\\/adaptacion-a-la-lomloe-tres-centros-educativos-comparten-sus-experiencias-con-el-cuaderno-del-profesorado-de-alexia\\\/\",\"url\":\"https:\\\/\\\/eldiariodelaeducacion.com\\\/extraeducacion\\\/2023\\\/09\\\/25\\\/adaptacion-a-la-lomloe-tres-centros-educativos-comparten-sus-experiencias-con-el-cuaderno-del-profesorado-de-alexia\\\/\",\"name\":\"Adaptaci\u00f3n a la Lomloe: tres centros educativos comparten sus experiencias con el Cuaderno del Profesorado de Alexia - Extra Educaci\u00f3n\",\"isPartOf\":{\"@id\":\"https:\\\/\\\/eldiariodelaeducacion.com\\\/extraeducacion\\\/#website\"},\"primaryImageOfPage\":{\"@id\":\"https:\\\/\\\/eldiariodelaeducacion.com\\\/extraeducacion\\\/2023\\\/09\\\/25\\\/adaptacion-a-la-lomloe-tres-centros-educativos-comparten-sus-experiencias-con-el-cuaderno-del-profesorado-de-alexia\\\/#primaryimage\"},\"image\":{\"@id\":\"https:\\\/\\\/eldiariodelaeducacion.com\\\/extraeducacion\\\/2023\\\/09\\\/25\\\/adaptacion-a-la-lomloe-tres-centros-educativos-comparten-sus-experiencias-con-el-cuaderno-del-profesorado-de-alexia\\\/#primaryimage\"},\"thumbnailUrl\":\"https:\\\/\\\/eldiariodelaeducacion.com\\\/extraeducacion\\\/wp-content\\\/uploads\\\/sites\\\/5\\\/2023\\\/09\\\/IMGDiariLOMLOE.png\",\"datePublished\":\"2023-09-25T05:00:19+00:00\",\"dateModified\":\"2024-07-29T08:14:56+00:00\",\"author\":{\"@id\":\"https:\\\/\\\/eldiariodelaeducacion.com\\\/extraeducacion\\\/#\\\/schema\\\/person\\\/5228007cb64f7ca80adbd750a941d59c\"},\"breadcrumb\":{\"@id\":\"https:\\\/\\\/eldiariodelaeducacion.com\\\/extraeducacion\\\/2023\\\/09\\\/25\\\/adaptacion-a-la-lomloe-tres-centros-educativos-comparten-sus-experiencias-con-el-cuaderno-del-profesorado-de-alexia\\\/#breadcrumb\"},\"inLanguage\":\"es\",\"potentialAction\":[{\"@type\":\"ReadAction\",\"target\":[\"https:\\\/\\\/eldiariodelaeducacion.com\\\/extraeducacion\\\/2023\\\/09\\\/25\\\/adaptacion-a-la-lomloe-tres-centros-educativos-comparten-sus-experiencias-con-el-cuaderno-del-profesorado-de-alexia\\\/\"]}]},{\"@type\":\"ImageObject\",\"inLanguage\":\"es\",\"@id\":\"https:\\\/\\\/eldiariodelaeducacion.com\\\/extraeducacion\\\/2023\\\/09\\\/25\\\/adaptacion-a-la-lomloe-tres-centros-educativos-comparten-sus-experiencias-con-el-cuaderno-del-profesorado-de-alexia\\\/#primaryimage\",\"url\":\"https:\\\/\\\/eldiariodelaeducacion.com\\\/extraeducacion\\\/wp-content\\\/uploads\\\/sites\\\/5\\\/2023\\\/09\\\/IMGDiariLOMLOE.png\",\"contentUrl\":\"https:\\\/\\\/eldiariodelaeducacion.com\\\/extraeducacion\\\/wp-content\\\/uploads\\\/sites\\\/5\\\/2023\\\/09\\\/IMGDiariLOMLOE.png\",\"width\":1280,\"height\":800},{\"@type\":\"BreadcrumbList\",\"@id\":\"https:\\\/\\\/eldiariodelaeducacion.com\\\/extraeducacion\\\/2023\\\/09\\\/25\\\/adaptacion-a-la-lomloe-tres-centros-educativos-comparten-sus-experiencias-con-el-cuaderno-del-profesorado-de-alexia\\\/#breadcrumb\",\"itemListElement\":[{\"@type\":\"ListItem\",\"position\":1,\"name\":\"Portada\",\"item\":\"https:\\\/\\\/eldiariodelaeducacion.com\\\/extraeducacion\\\/\"},{\"@type\":\"ListItem\",\"position\":2,\"name\":\"Adaptaci\u00f3n a la Lomloe: tres centros educativos comparten sus experiencias con el Cuaderno del Profesorado de Alexia\"}]},{\"@type\":\"WebSite\",\"@id\":\"https:\\\/\\\/eldiariodelaeducacion.com\\\/extraeducacion\\\/#website\",\"url\":\"https:\\\/\\\/eldiariodelaeducacion.com\\\/extraeducacion\\\/\",\"name\":\"Extra Educaci\u00f3n\",\"description\":\"Un blog de El Diario de la Educaci\u00f3n\",\"potentialAction\":[{\"@type\":\"SearchAction\",\"target\":{\"@type\":\"EntryPoint\",\"urlTemplate\":\"https:\\\/\\\/eldiariodelaeducacion.com\\\/extraeducacion\\\/?s={search_term_string}\"},\"query-input\":{\"@type\":\"PropertyValueSpecification\",\"valueRequired\":true,\"valueName\":\"search_term_string\"}}],\"inLanguage\":\"es\"},{\"@type\":\"Person\",\"@id\":\"https:\\\/\\\/eldiariodelaeducacion.com\\\/extraeducacion\\\/#\\\/schema\\\/person\\\/5228007cb64f7ca80adbd750a941d59c\",\"name\":\"Redacci\u00f3n\",\"image\":{\"@type\":\"ImageObject\",\"inLanguage\":\"es\",\"@id\":\"https:\\\/\\\/eldiariodelaeducacion.com\\\/wp-content\\\/uploads\\\/2024\\\/10\\\/redaccion_avatar-96x96.png\",\"url\":\"https:\\\/\\\/eldiariodelaeducacion.com\\\/wp-content\\\/uploads\\\/2024\\\/10\\\/redaccion_avatar-96x96.png\",\"contentUrl\":\"https:\\\/\\\/eldiariodelaeducacion.com\\\/wp-content\\\/uploads\\\/2024\\\/10\\\/redaccion_avatar-96x96.png\",\"caption\":\"Redacci\u00f3n\"},\"url\":\"https:\\\/\\\/eldiariodelaeducacion.com\\\/extraeducacion\\\/author\\\/redaccion\\\/\"}]}<\/script>\n<!-- \/ Yoast SEO plugin. -->","yoast_head_json":{"title":"Adaptaci\u00f3n a la Lomloe: tres centros educativos comparten sus experiencias con el Cuaderno del Profesorado de Alexia - Extra Educaci\u00f3n","robots":{"index":"index","follow":"follow","max-snippet":"max-snippet:-1","max-image-preview":"max-image-preview:large","max-video-preview":"max-video-preview:-1"},"canonical":"https:\/\/eldiariodelaeducacion.com\/extraeducacion\/2023\/09\/25\/adaptacion-a-la-lomloe-tres-centros-educativos-comparten-sus-experiencias-con-el-cuaderno-del-profesorado-de-alexia\/","og_locale":"es_ES","og_type":"article","og_title":"Adaptaci\u00f3n a la Lomloe: tres centros educativos comparten sus experiencias con el Cuaderno del Profesorado de Alexia - Extra Educaci\u00f3n","og_description":"La implementaci\u00f3n de la nueva ley Lomloe ha generado cambios significativos en el sistema educativo. En este contexto, los centros educativos Padre Manyanet Alcobendas, Colegio San Jos\u00e9 y Col\u00b7legi Mare de D\u00e9u del Carme han compartido sus experiencias en la adaptaci\u00f3n a esta ley utilizando la suite educativa Alexia. El cuaderno del profesorado ha desempe\u00f1ado","og_url":"https:\/\/eldiariodelaeducacion.com\/extraeducacion\/2023\/09\/25\/adaptacion-a-la-lomloe-tres-centros-educativos-comparten-sus-experiencias-con-el-cuaderno-del-profesorado-de-alexia\/","og_site_name":"Extra Educaci\u00f3n","article_published_time":"2023-09-25T05:00:19+00:00","article_modified_time":"2024-07-29T08:14:56+00:00","og_image":[{"width":1280,"height":800,"url":"https:\/\/eldiariodelaeducacion.com\/extraeducacion\/wp-content\/uploads\/sites\/5\/2023\/09\/IMGDiariLOMLOE.png","type":"image\/png"}],"author":"Redacci\u00f3n","twitter_card":"summary_large_image","twitter_misc":{"Escrito por":"Redacci\u00f3n","Tiempo de lectura":"2 minutos"},"schema":{"@context":"https:\/\/schema.org","@graph":[{"@type":"Article","@id":"https:\/\/eldiariodelaeducacion.com\/extraeducacion\/2023\/09\/25\/adaptacion-a-la-lomloe-tres-centros-educativos-comparten-sus-experiencias-con-el-cuaderno-del-profesorado-de-alexia\/#article","isPartOf":{"@id":"https:\/\/eldiariodelaeducacion.com\/extraeducacion\/2023\/09\/25\/adaptacion-a-la-lomloe-tres-centros-educativos-comparten-sus-experiencias-con-el-cuaderno-del-profesorado-de-alexia\/"},"author":{"name":"Redacci\u00f3n","@id":"https:\/\/eldiariodelaeducacion.com\/extraeducacion\/#\/schema\/person\/5228007cb64f7ca80adbd750a941d59c"},"headline":"Adaptaci\u00f3n a la Lomloe: tres centros educativos comparten sus experiencias con el Cuaderno del Profesorado de Alexia","datePublished":"2023-09-25T05:00:19+00:00","dateModified":"2024-07-29T08:14:56+00:00","mainEntityOfPage":{"@id":"https:\/\/eldiariodelaeducacion.com\/extraeducacion\/2023\/09\/25\/adaptacion-a-la-lomloe-tres-centros-educativos-comparten-sus-experiencias-con-el-cuaderno-del-profesorado-de-alexia\/"},"wordCount":512,"commentCount":0,"image":{"@id":"https:\/\/eldiariodelaeducacion.com\/extraeducacion\/2023\/09\/25\/adaptacion-a-la-lomloe-tres-centros-educativos-comparten-sus-experiencias-con-el-cuaderno-del-profesorado-de-alexia\/#primaryimage"},"thumbnailUrl":"https:\/\/eldiariodelaeducacion.com\/extraeducacion\/wp-content\/uploads\/sites\/5\/2023\/09\/IMGDiariLOMLOE.png","articleSection":["Extra educaci\u00f3n"],"inLanguage":"es","potentialAction":[{"@type":"CommentAction","name":"Comment","target":["https:\/\/eldiariodelaeducacion.com\/extraeducacion\/2023\/09\/25\/adaptacion-a-la-lomloe-tres-centros-educativos-comparten-sus-experiencias-con-el-cuaderno-del-profesorado-de-alexia\/#respond"]}]},{"@type":"WebPage","@id":"https:\/\/eldiariodelaeducacion.com\/extraeducacion\/2023\/09\/25\/adaptacion-a-la-lomloe-tres-centros-educativos-comparten-sus-experiencias-con-el-cuaderno-del-profesorado-de-alexia\/","url":"https:\/\/eldiariodelaeducacion.com\/extraeducacion\/2023\/09\/25\/adaptacion-a-la-lomloe-tres-centros-educativos-comparten-sus-experiencias-con-el-cuaderno-del-profesorado-de-alexia\/","name":"Adaptaci\u00f3n a la Lomloe: tres centros educativos comparten sus experiencias con el Cuaderno del Profesorado de Alexia - Extra Educaci\u00f3n","isPartOf":{"@id":"https:\/\/eldiariodelaeducacion.com\/extraeducacion\/#website"},"primaryImageOfPage":{"@id":"https:\/\/eldiariodelaeducacion.com\/extraeducacion\/2023\/09\/25\/adaptacion-a-la-lomloe-tres-centros-educativos-comparten-sus-experiencias-con-el-cuaderno-del-profesorado-de-alexia\/#primaryimage"},"image":{"@id":"https:\/\/eldiariodelaeducacion.com\/extraeducacion\/2023\/09\/25\/adaptacion-a-la-lomloe-tres-centros-educativos-comparten-sus-experiencias-con-el-cuaderno-del-profesorado-de-alexia\/#primaryimage"},"thumbnailUrl":"https:\/\/eldiariodelaeducacion.com\/extraeducacion\/wp-content\/uploads\/sites\/5\/2023\/09\/IMGDiariLOMLOE.png","datePublished":"2023-09-25T05:00:19+00:00","dateModified":"2024-07-29T08:14:56+00:00","author":{"@id":"https:\/\/eldiariodelaeducacion.com\/extraeducacion\/#\/schema\/person\/5228007cb64f7ca80adbd750a941d59c"},"breadcrumb":{"@id":"https:\/\/eldiariodelaeducacion.com\/extraeducacion\/2023\/09\/25\/adaptacion-a-la-lomloe-tres-centros-educativos-comparten-sus-experiencias-con-el-cuaderno-del-profesorado-de-alexia\/#breadcrumb"},"inLanguage":"es","potentialAction":[{"@type":"ReadAction","target":["https:\/\/eldiariodelaeducacion.com\/extraeducacion\/2023\/09\/25\/adaptacion-a-la-lomloe-tres-centros-educativos-comparten-sus-experiencias-con-el-cuaderno-del-profesorado-de-alexia\/"]}]},{"@type":"ImageObject","inLanguage":"es","@id":"https:\/\/eldiariodelaeducacion.com\/extraeducacion\/2023\/09\/25\/adaptacion-a-la-lomloe-tres-centros-educativos-comparten-sus-experiencias-con-el-cuaderno-del-profesorado-de-alexia\/#primaryimage","url":"https:\/\/eldiariodelaeducacion.com\/extraeducacion\/wp-content\/uploads\/sites\/5\/2023\/09\/IMGDiariLOMLOE.png","contentUrl":"https:\/\/eldiariodelaeducacion.com\/extraeducacion\/wp-content\/uploads\/sites\/5\/2023\/09\/IMGDiariLOMLOE.png","width":1280,"height":800},{"@type":"BreadcrumbList","@id":"https:\/\/eldiariodelaeducacion.com\/extraeducacion\/2023\/09\/25\/adaptacion-a-la-lomloe-tres-centros-educativos-comparten-sus-experiencias-con-el-cuaderno-del-profesorado-de-alexia\/#breadcrumb","itemListElement":[{"@type":"ListItem","position":1,"name":"Portada","item":"https:\/\/eldiariodelaeducacion.com\/extraeducacion\/"},{"@type":"ListItem","position":2,"name":"Adaptaci\u00f3n a la Lomloe: tres centros educativos comparten sus experiencias con el Cuaderno del Profesorado de Alexia"}]},{"@type":"WebSite","@id":"https:\/\/eldiariodelaeducacion.com\/extraeducacion\/#website","url":"https:\/\/eldiariodelaeducacion.com\/extraeducacion\/","name":"Extra Educaci\u00f3n","description":"Un blog de El Diario de la Educaci\u00f3n","potentialAction":[{"@type":"SearchAction","target":{"@type":"EntryPoint","urlTemplate":"https:\/\/eldiariodelaeducacion.com\/extraeducacion\/?s={search_term_string}"},"query-input":{"@type":"PropertyValueSpecification","valueRequired":true,"valueName":"search_term_string"}}],"inLanguage":"es"},{"@type":"Person","@id":"https:\/\/eldiariodelaeducacion.com\/extraeducacion\/#\/schema\/person\/5228007cb64f7ca80adbd750a941d59c","name":"Redacci\u00f3n","image":{"@type":"ImageObject","inLanguage":"es","@id":"https:\/\/eldiariodelaeducacion.com\/wp-content\/uploads\/2024\/10\/redaccion_avatar-96x96.png","url":"https:\/\/eldiariodelaeducacion.com\/wp-content\/uploads\/2024\/10\/redaccion_avatar-96x96.png","contentUrl":"https:\/\/eldiariodelaeducacion.com\/wp-content\/uploads\/2024\/10\/redaccion_avatar-96x96.png","caption":"Redacci\u00f3n"},"url":"https:\/\/eldiariodelaeducacion.com\/extraeducacion\/author\/redaccion\/"}]}},"_links":{"self":[{"href":"https:\/\/eldiariodelaeducacion.com\/extraeducacion\/wp-json\/wp\/v2\/posts\/625","targetHints":{"allow":["GET"]}}],"collection":[{"href":"https:\/\/eldiariodelaeducacion.com\/extraeducacion\/wp-json\/wp\/v2\/posts"}],"about":[{"href":"https:\/\/eldiariodelaeducacion.com\/extraeducacion\/wp-json\/wp\/v2\/types\/post"}],"author":[{"embeddable":true,"href":"https:\/\/eldiariodelaeducacion.com\/extraeducacion\/wp-json\/wp\/v2\/users\/150"}],"replies":[{"embeddable":true,"href":"https:\/\/eldiariodelaeducacion.com\/extraeducacion\/wp-json\/wp\/v2\/comments?post=625"}],"version-history":[{"count":1,"href":"https:\/\/eldiariodelaeducacion.com\/extraeducacion\/wp-json\/wp\/v2\/posts\/625\/revisions"}],"predecessor-version":[{"id":845,"href":"https:\/\/eldiariodelaeducacion.com\/extraeducacion\/wp-json\/wp\/v2\/posts\/625\/revisions\/845"}],"wp:featuredmedia":[{"embeddable":true,"href":"https:\/\/eldiariodelaeducacion.com\/extraeducacion\/wp-json\/wp\/v2\/media\/626"}],"wp:attachment":[{"href":"https:\/\/eldiariodelaeducacion.com\/extraeducacion\/wp-json\/wp\/v2\/media?parent=625"}],"wp:term":[{"taxonomy":"category","embeddable":true,"href":"https:\/\/eldiariodelaeducacion.com\/extraeducacion\/wp-json\/wp\/v2\/categories?post=625"},{"taxonomy":"post_tag","embeddable":true,"href":"https:\/\/eldiariodelaeducacion.com\/extraeducacion\/wp-json\/wp\/v2\/tags?post=625"},{"taxonomy":"tipo","embeddable":true,"href":"https:\/\/eldiariodelaeducacion.com\/extraeducacion\/wp-json\/wp\/v2\/tipo?post=625"}],"curies":[{"name":"wp","href":"https:\/\/api.w.org\/{rel}","templated":true}]}}