{"id":632,"date":"2023-10-03T06:00:05","date_gmt":"2023-10-03T05:00:05","guid":{"rendered":"https:\/\/eldiariodelaeducacion.com\/extraeducacion\/?p=632"},"modified":"2024-07-29T10:14:56","modified_gmt":"2024-07-29T08:14:56","slug":"si-eres-docente-o-quieres-serlo-ugt-ensenanza-te-informa-de-las-ultimas-novedades-educativas-de-las-ccaa","status":"publish","type":"post","link":"https:\/\/eldiariodelaeducacion.com\/extraeducacion\/2023\/10\/03\/si-eres-docente-o-quieres-serlo-ugt-ensenanza-te-informa-de-las-ultimas-novedades-educativas-de-las-ccaa\/","title":{"rendered":"Si eres docente o quieres serlo, UGT Ense\u00f1anza te informa de las \u00faltimas novedades educativas de las CCAA"},"content":{"rendered":"<p>Para nuestro Sindicato de Ense\u00f1anza P\u00fablica de UGT Servicios P\u00fablicos, es fundamental acompa\u00f1ar a todo el profesorado y a los futuros docentes con la informaci\u00f3n actualizada que pueda ser de inter\u00e9s para su desarrollo profesional.<\/p>\n<p>Por ello, en nuestro <a href=\"https:\/\/ugt-sp.es\/novedades-educativas\/\">Bolet\u00edn de Novedades Educativas<\/a> encontrar\u00e1s cada semana toda la normativa y las convocatorias publicadas tanto por las comunidades aut\u00f3nomas como por el Ministerio de Educaci\u00f3n y Formaci\u00f3n Profesional: procesos selectivos, ayudas a proyectos, convocatoria de cursos y becas, listas de interinos\u2026<\/p>\n<p>Tambi\u00e9n desde nuestra p\u00e1gina <a href=\"https:\/\/ugt-sp.es\">web <\/a>podr\u00e1s estar al tanto de todas las novedades, acceder a nuestros boletines especializados y conocer de primera mano nuestros puntos de vista sobre la realidad del sistema educativo, por cuya mejora y por la de las condiciones laborales y salariales de los trabajadores de la ense\u00f1anza trabaja UGT.<\/p>\n<p>Por eso, cada d\u00eda hacemos una apuesta decidida por una educaci\u00f3n de calidad para todas y todos, entendida como un servicio p\u00fablico basado en los principios de igualdad, solidaridad, libertad y laicidad. Una pol\u00edtica educativa que defiende y potencia la escuela p\u00fablica como eje vertebrador del sistema educativo para garantizar el acceso universal a la Educaci\u00f3n.<\/p>\n<p>Las exigencias hacia el colectivo docente han ido en aumento en los \u00faltimos a\u00f1os y UGT ha estado siempre a su lado, exigiendo tanto en la calle como en las mesas de negociaci\u00f3n mejores condiciones de salud y seguridad para toda la comunidad educativa, una mayor consideraci\u00f3n social para el profesorado, una inversi\u00f3n decidida que permitiera la recuperaci\u00f3n tras los recortes sufridos a\u00f1os atr\u00e1s y un adecuado desarrollo de la Lomloe.<\/p>\n<p>En este curso 2023-24, desde el sindicato UGT Ense\u00f1anza seguiremos trabajando para conseguir:<\/p>\n<ol>\n<li>Un mayor reconocimiento social de la profesi\u00f3n docente.<\/li>\n<li>Reducir las ratios y el horario lectivo<\/li>\n<li>Aumentar la inversi\u00f3n en educaci\u00f3n<\/li>\n<li>Priorizar el bienestar emocional en la escuela<\/li>\n<li>Un pacto educativo entre todos y todas<\/li>\n<li>Una digitalizaci\u00f3n responsable en los centros educativos<\/li>\n<li>Potenciar el talento del profesorado<\/li>\n<li>Invertir en la formaci\u00f3n del profesorado<\/li>\n<li>Educar en igualdad y fomentar la inclusi\u00f3n social<\/li>\n<li>Educar en sostenibilidad y cuidado del medio ambiente<\/li>\n<\/ol>\n<p>Si no te quieres perder nada y deseas recibir esta y otras informaciones semanalmente en tu correo electr\u00f3nico, <a href=\"https:\/\/ugt-sp.es\/afiliate\/\">no dudes en afiliarte a nuestro Sindicato<\/a> y beneficiarte de todas las ventajas para el afiliado\/a.<\/p>\n<p>Vis\u00edtanos en <a href=\"https:\/\/ugt-sp.es\/categoria\/sectores\/ensenanza\/\">UGT SP Ense\u00f1anza<\/a><\/p>\n<p>\u00a1Te estamos esperando!<\/p>\n","protected":false},"excerpt":{"rendered":"<p>Para nuestro Sindicato de Ense\u00f1anza P\u00fablica de UGT Servicios P\u00fablicos, es fundamental acompa\u00f1ar a todo el profesorado y a los futuros docentes con la informaci\u00f3n actualizada que pueda ser de inter\u00e9s para su desarrollo profesional. Por ello, en nuestro Bolet\u00edn de Novedades Educativas encontrar\u00e1s cada semana toda la normativa y las convocatorias publicadas tanto por<\/p>\n","protected":false},"author":150,"featured_media":633,"comment_status":"open","ping_status":"open","sticky":false,"template":"","format":"standard","meta":{"footnotes":""},"categories":[2],"tags":[],"tipo":[30],"class_list":{"0":"post-632","1":"post","2":"type-post","3":"status-publish","4":"format-standard","5":"has-post-thumbnail","7":"category-extra-educacion","8":"tipo-actualidad"},"yoast_head":"<!-- This site is optimized with the Yoast SEO plugin v27.5 - https:\/\/yoast.com\/product\/yoast-seo-wordpress\/ -->\n<title>Si eres docente o quieres serlo, UGT Ense\u00f1anza te informa de las \u00faltimas novedades educativas de las CCAA - Extra Educaci\u00f3n<\/title>\n<meta name=\"robots\" content=\"index, follow, max-snippet:-1, max-image-preview:large, max-video-preview:-1\" \/>\n<link rel=\"canonical\" href=\"https:\/\/eldiariodelaeducacion.com\/extraeducacion\/2023\/10\/03\/si-eres-docente-o-quieres-serlo-ugt-ensenanza-te-informa-de-las-ultimas-novedades-educativas-de-las-ccaa\/\" \/>\n<meta property=\"og:locale\" content=\"es_ES\" \/>\n<meta property=\"og:type\" content=\"article\" \/>\n<meta property=\"og:title\" content=\"Si eres docente o quieres serlo, UGT Ense\u00f1anza te informa de las \u00faltimas novedades educativas de las CCAA - Extra Educaci\u00f3n\" \/>\n<meta property=\"og:description\" content=\"Para nuestro Sindicato de Ense\u00f1anza P\u00fablica de UGT Servicios P\u00fablicos, es fundamental acompa\u00f1ar a todo el profesorado y a los futuros docentes con la informaci\u00f3n actualizada que pueda ser de inter\u00e9s para su desarrollo profesional. Por ello, en nuestro Bolet\u00edn de Novedades Educativas encontrar\u00e1s cada semana toda la normativa y las convocatorias publicadas tanto por\" \/>\n<meta property=\"og:url\" content=\"https:\/\/eldiariodelaeducacion.com\/extraeducacion\/2023\/10\/03\/si-eres-docente-o-quieres-serlo-ugt-ensenanza-te-informa-de-las-ultimas-novedades-educativas-de-las-ccaa\/\" \/>\n<meta property=\"og:site_name\" content=\"Extra Educaci\u00f3n\" \/>\n<meta property=\"article:published_time\" content=\"2023-10-03T05:00:05+00:00\" \/>\n<meta property=\"article:modified_time\" content=\"2024-07-29T08:14:56+00:00\" \/>\n<meta property=\"og:image\" content=\"https:\/\/eldiariodelaeducacion.com\/extraeducacion\/wp-content\/uploads\/sites\/5\/2023\/09\/pantallazo-ugt.png\" \/>\n\t<meta property=\"og:image:width\" content=\"1622\" \/>\n\t<meta property=\"og:image:height\" content=\"882\" \/>\n\t<meta property=\"og:image:type\" content=\"image\/png\" \/>\n<meta name=\"author\" content=\"Redacci\u00f3n\" \/>\n<meta name=\"twitter:card\" content=\"summary_large_image\" \/>\n<meta name=\"twitter:label1\" content=\"Escrito por\" \/>\n\t<meta name=\"twitter:data1\" content=\"Redacci\u00f3n\" \/>\n\t<meta name=\"twitter:label2\" content=\"Tiempo de lectura\" \/>\n\t<meta name=\"twitter:data2\" content=\"2 minutos\" \/>\n<script type=\"application\/ld+json\" class=\"yoast-schema-graph\">{\"@context\":\"https:\\\/\\\/schema.org\",\"@graph\":[{\"@type\":\"Article\",\"@id\":\"https:\\\/\\\/eldiariodelaeducacion.com\\\/extraeducacion\\\/2023\\\/10\\\/03\\\/si-eres-docente-o-quieres-serlo-ugt-ensenanza-te-informa-de-las-ultimas-novedades-educativas-de-las-ccaa\\\/#article\",\"isPartOf\":{\"@id\":\"https:\\\/\\\/eldiariodelaeducacion.com\\\/extraeducacion\\\/2023\\\/10\\\/03\\\/si-eres-docente-o-quieres-serlo-ugt-ensenanza-te-informa-de-las-ultimas-novedades-educativas-de-las-ccaa\\\/\"},\"author\":{\"name\":\"Redacci\u00f3n\",\"@id\":\"https:\\\/\\\/eldiariodelaeducacion.com\\\/extraeducacion\\\/#\\\/schema\\\/person\\\/5228007cb64f7ca80adbd750a941d59c\"},\"headline\":\"Si eres docente o quieres serlo, UGT Ense\u00f1anza te informa de las \u00faltimas novedades educativas de las CCAA\",\"datePublished\":\"2023-10-03T05:00:05+00:00\",\"dateModified\":\"2024-07-29T08:14:56+00:00\",\"mainEntityOfPage\":{\"@id\":\"https:\\\/\\\/eldiariodelaeducacion.com\\\/extraeducacion\\\/2023\\\/10\\\/03\\\/si-eres-docente-o-quieres-serlo-ugt-ensenanza-te-informa-de-las-ultimas-novedades-educativas-de-las-ccaa\\\/\"},\"wordCount\":441,\"commentCount\":0,\"image\":{\"@id\":\"https:\\\/\\\/eldiariodelaeducacion.com\\\/extraeducacion\\\/2023\\\/10\\\/03\\\/si-eres-docente-o-quieres-serlo-ugt-ensenanza-te-informa-de-las-ultimas-novedades-educativas-de-las-ccaa\\\/#primaryimage\"},\"thumbnailUrl\":\"https:\\\/\\\/eldiariodelaeducacion.com\\\/extraeducacion\\\/wp-content\\\/uploads\\\/sites\\\/5\\\/2023\\\/09\\\/pantallazo-ugt.png\",\"articleSection\":[\"Extra educaci\u00f3n\"],\"inLanguage\":\"es\",\"potentialAction\":[{\"@type\":\"CommentAction\",\"name\":\"Comment\",\"target\":[\"https:\\\/\\\/eldiariodelaeducacion.com\\\/extraeducacion\\\/2023\\\/10\\\/03\\\/si-eres-docente-o-quieres-serlo-ugt-ensenanza-te-informa-de-las-ultimas-novedades-educativas-de-las-ccaa\\\/#respond\"]}]},{\"@type\":\"WebPage\",\"@id\":\"https:\\\/\\\/eldiariodelaeducacion.com\\\/extraeducacion\\\/2023\\\/10\\\/03\\\/si-eres-docente-o-quieres-serlo-ugt-ensenanza-te-informa-de-las-ultimas-novedades-educativas-de-las-ccaa\\\/\",\"url\":\"https:\\\/\\\/eldiariodelaeducacion.com\\\/extraeducacion\\\/2023\\\/10\\\/03\\\/si-eres-docente-o-quieres-serlo-ugt-ensenanza-te-informa-de-las-ultimas-novedades-educativas-de-las-ccaa\\\/\",\"name\":\"Si eres docente o quieres serlo, UGT Ense\u00f1anza te informa de las \u00faltimas novedades educativas de las CCAA - Extra Educaci\u00f3n\",\"isPartOf\":{\"@id\":\"https:\\\/\\\/eldiariodelaeducacion.com\\\/extraeducacion\\\/#website\"},\"primaryImageOfPage\":{\"@id\":\"https:\\\/\\\/eldiariodelaeducacion.com\\\/extraeducacion\\\/2023\\\/10\\\/03\\\/si-eres-docente-o-quieres-serlo-ugt-ensenanza-te-informa-de-las-ultimas-novedades-educativas-de-las-ccaa\\\/#primaryimage\"},\"image\":{\"@id\":\"https:\\\/\\\/eldiariodelaeducacion.com\\\/extraeducacion\\\/2023\\\/10\\\/03\\\/si-eres-docente-o-quieres-serlo-ugt-ensenanza-te-informa-de-las-ultimas-novedades-educativas-de-las-ccaa\\\/#primaryimage\"},\"thumbnailUrl\":\"https:\\\/\\\/eldiariodelaeducacion.com\\\/extraeducacion\\\/wp-content\\\/uploads\\\/sites\\\/5\\\/2023\\\/09\\\/pantallazo-ugt.png\",\"datePublished\":\"2023-10-03T05:00:05+00:00\",\"dateModified\":\"2024-07-29T08:14:56+00:00\",\"author\":{\"@id\":\"https:\\\/\\\/eldiariodelaeducacion.com\\\/extraeducacion\\\/#\\\/schema\\\/person\\\/5228007cb64f7ca80adbd750a941d59c\"},\"breadcrumb\":{\"@id\":\"https:\\\/\\\/eldiariodelaeducacion.com\\\/extraeducacion\\\/2023\\\/10\\\/03\\\/si-eres-docente-o-quieres-serlo-ugt-ensenanza-te-informa-de-las-ultimas-novedades-educativas-de-las-ccaa\\\/#breadcrumb\"},\"inLanguage\":\"es\",\"potentialAction\":[{\"@type\":\"ReadAction\",\"target\":[\"https:\\\/\\\/eldiariodelaeducacion.com\\\/extraeducacion\\\/2023\\\/10\\\/03\\\/si-eres-docente-o-quieres-serlo-ugt-ensenanza-te-informa-de-las-ultimas-novedades-educativas-de-las-ccaa\\\/\"]}]},{\"@type\":\"ImageObject\",\"inLanguage\":\"es\",\"@id\":\"https:\\\/\\\/eldiariodelaeducacion.com\\\/extraeducacion\\\/2023\\\/10\\\/03\\\/si-eres-docente-o-quieres-serlo-ugt-ensenanza-te-informa-de-las-ultimas-novedades-educativas-de-las-ccaa\\\/#primaryimage\",\"url\":\"https:\\\/\\\/eldiariodelaeducacion.com\\\/extraeducacion\\\/wp-content\\\/uploads\\\/sites\\\/5\\\/2023\\\/09\\\/pantallazo-ugt.png\",\"contentUrl\":\"https:\\\/\\\/eldiariodelaeducacion.com\\\/extraeducacion\\\/wp-content\\\/uploads\\\/sites\\\/5\\\/2023\\\/09\\\/pantallazo-ugt.png\",\"width\":1622,\"height\":882},{\"@type\":\"BreadcrumbList\",\"@id\":\"https:\\\/\\\/eldiariodelaeducacion.com\\\/extraeducacion\\\/2023\\\/10\\\/03\\\/si-eres-docente-o-quieres-serlo-ugt-ensenanza-te-informa-de-las-ultimas-novedades-educativas-de-las-ccaa\\\/#breadcrumb\",\"itemListElement\":[{\"@type\":\"ListItem\",\"position\":1,\"name\":\"Portada\",\"item\":\"https:\\\/\\\/eldiariodelaeducacion.com\\\/extraeducacion\\\/\"},{\"@type\":\"ListItem\",\"position\":2,\"name\":\"Si eres docente o quieres serlo, UGT Ense\u00f1anza te informa de las \u00faltimas novedades educativas de las CCAA\"}]},{\"@type\":\"WebSite\",\"@id\":\"https:\\\/\\\/eldiariodelaeducacion.com\\\/extraeducacion\\\/#website\",\"url\":\"https:\\\/\\\/eldiariodelaeducacion.com\\\/extraeducacion\\\/\",\"name\":\"Extra Educaci\u00f3n\",\"description\":\"Un blog de El Diario de la Educaci\u00f3n\",\"potentialAction\":[{\"@type\":\"SearchAction\",\"target\":{\"@type\":\"EntryPoint\",\"urlTemplate\":\"https:\\\/\\\/eldiariodelaeducacion.com\\\/extraeducacion\\\/?s={search_term_string}\"},\"query-input\":{\"@type\":\"PropertyValueSpecification\",\"valueRequired\":true,\"valueName\":\"search_term_string\"}}],\"inLanguage\":\"es\"},{\"@type\":\"Person\",\"@id\":\"https:\\\/\\\/eldiariodelaeducacion.com\\\/extraeducacion\\\/#\\\/schema\\\/person\\\/5228007cb64f7ca80adbd750a941d59c\",\"name\":\"Redacci\u00f3n\",\"image\":{\"@type\":\"ImageObject\",\"inLanguage\":\"es\",\"@id\":\"https:\\\/\\\/eldiariodelaeducacion.com\\\/wp-content\\\/uploads\\\/2024\\\/10\\\/redaccion_avatar-96x96.png\",\"url\":\"https:\\\/\\\/eldiariodelaeducacion.com\\\/wp-content\\\/uploads\\\/2024\\\/10\\\/redaccion_avatar-96x96.png\",\"contentUrl\":\"https:\\\/\\\/eldiariodelaeducacion.com\\\/wp-content\\\/uploads\\\/2024\\\/10\\\/redaccion_avatar-96x96.png\",\"caption\":\"Redacci\u00f3n\"},\"url\":\"https:\\\/\\\/eldiariodelaeducacion.com\\\/extraeducacion\\\/author\\\/redaccion\\\/\"}]}<\/script>\n<!-- \/ Yoast SEO plugin. -->","yoast_head_json":{"title":"Si eres docente o quieres serlo, UGT Ense\u00f1anza te informa de las \u00faltimas novedades educativas de las CCAA - Extra Educaci\u00f3n","robots":{"index":"index","follow":"follow","max-snippet":"max-snippet:-1","max-image-preview":"max-image-preview:large","max-video-preview":"max-video-preview:-1"},"canonical":"https:\/\/eldiariodelaeducacion.com\/extraeducacion\/2023\/10\/03\/si-eres-docente-o-quieres-serlo-ugt-ensenanza-te-informa-de-las-ultimas-novedades-educativas-de-las-ccaa\/","og_locale":"es_ES","og_type":"article","og_title":"Si eres docente o quieres serlo, UGT Ense\u00f1anza te informa de las \u00faltimas novedades educativas de las CCAA - Extra Educaci\u00f3n","og_description":"Para nuestro Sindicato de Ense\u00f1anza P\u00fablica de UGT Servicios P\u00fablicos, es fundamental acompa\u00f1ar a todo el profesorado y a los futuros docentes con la informaci\u00f3n actualizada que pueda ser de inter\u00e9s para su desarrollo profesional. Por ello, en nuestro Bolet\u00edn de Novedades Educativas encontrar\u00e1s cada semana toda la normativa y las convocatorias publicadas tanto por","og_url":"https:\/\/eldiariodelaeducacion.com\/extraeducacion\/2023\/10\/03\/si-eres-docente-o-quieres-serlo-ugt-ensenanza-te-informa-de-las-ultimas-novedades-educativas-de-las-ccaa\/","og_site_name":"Extra Educaci\u00f3n","article_published_time":"2023-10-03T05:00:05+00:00","article_modified_time":"2024-07-29T08:14:56+00:00","og_image":[{"width":1622,"height":882,"url":"https:\/\/eldiariodelaeducacion.com\/extraeducacion\/wp-content\/uploads\/sites\/5\/2023\/09\/pantallazo-ugt.png","type":"image\/png"}],"author":"Redacci\u00f3n","twitter_card":"summary_large_image","twitter_misc":{"Escrito por":"Redacci\u00f3n","Tiempo de lectura":"2 minutos"},"schema":{"@context":"https:\/\/schema.org","@graph":[{"@type":"Article","@id":"https:\/\/eldiariodelaeducacion.com\/extraeducacion\/2023\/10\/03\/si-eres-docente-o-quieres-serlo-ugt-ensenanza-te-informa-de-las-ultimas-novedades-educativas-de-las-ccaa\/#article","isPartOf":{"@id":"https:\/\/eldiariodelaeducacion.com\/extraeducacion\/2023\/10\/03\/si-eres-docente-o-quieres-serlo-ugt-ensenanza-te-informa-de-las-ultimas-novedades-educativas-de-las-ccaa\/"},"author":{"name":"Redacci\u00f3n","@id":"https:\/\/eldiariodelaeducacion.com\/extraeducacion\/#\/schema\/person\/5228007cb64f7ca80adbd750a941d59c"},"headline":"Si eres docente o quieres serlo, UGT Ense\u00f1anza te informa de las \u00faltimas novedades educativas de las CCAA","datePublished":"2023-10-03T05:00:05+00:00","dateModified":"2024-07-29T08:14:56+00:00","mainEntityOfPage":{"@id":"https:\/\/eldiariodelaeducacion.com\/extraeducacion\/2023\/10\/03\/si-eres-docente-o-quieres-serlo-ugt-ensenanza-te-informa-de-las-ultimas-novedades-educativas-de-las-ccaa\/"},"wordCount":441,"commentCount":0,"image":{"@id":"https:\/\/eldiariodelaeducacion.com\/extraeducacion\/2023\/10\/03\/si-eres-docente-o-quieres-serlo-ugt-ensenanza-te-informa-de-las-ultimas-novedades-educativas-de-las-ccaa\/#primaryimage"},"thumbnailUrl":"https:\/\/eldiariodelaeducacion.com\/extraeducacion\/wp-content\/uploads\/sites\/5\/2023\/09\/pantallazo-ugt.png","articleSection":["Extra educaci\u00f3n"],"inLanguage":"es","potentialAction":[{"@type":"CommentAction","name":"Comment","target":["https:\/\/eldiariodelaeducacion.com\/extraeducacion\/2023\/10\/03\/si-eres-docente-o-quieres-serlo-ugt-ensenanza-te-informa-de-las-ultimas-novedades-educativas-de-las-ccaa\/#respond"]}]},{"@type":"WebPage","@id":"https:\/\/eldiariodelaeducacion.com\/extraeducacion\/2023\/10\/03\/si-eres-docente-o-quieres-serlo-ugt-ensenanza-te-informa-de-las-ultimas-novedades-educativas-de-las-ccaa\/","url":"https:\/\/eldiariodelaeducacion.com\/extraeducacion\/2023\/10\/03\/si-eres-docente-o-quieres-serlo-ugt-ensenanza-te-informa-de-las-ultimas-novedades-educativas-de-las-ccaa\/","name":"Si eres docente o quieres serlo, UGT Ense\u00f1anza te informa de las \u00faltimas novedades educativas de las CCAA - Extra Educaci\u00f3n","isPartOf":{"@id":"https:\/\/eldiariodelaeducacion.com\/extraeducacion\/#website"},"primaryImageOfPage":{"@id":"https:\/\/eldiariodelaeducacion.com\/extraeducacion\/2023\/10\/03\/si-eres-docente-o-quieres-serlo-ugt-ensenanza-te-informa-de-las-ultimas-novedades-educativas-de-las-ccaa\/#primaryimage"},"image":{"@id":"https:\/\/eldiariodelaeducacion.com\/extraeducacion\/2023\/10\/03\/si-eres-docente-o-quieres-serlo-ugt-ensenanza-te-informa-de-las-ultimas-novedades-educativas-de-las-ccaa\/#primaryimage"},"thumbnailUrl":"https:\/\/eldiariodelaeducacion.com\/extraeducacion\/wp-content\/uploads\/sites\/5\/2023\/09\/pantallazo-ugt.png","datePublished":"2023-10-03T05:00:05+00:00","dateModified":"2024-07-29T08:14:56+00:00","author":{"@id":"https:\/\/eldiariodelaeducacion.com\/extraeducacion\/#\/schema\/person\/5228007cb64f7ca80adbd750a941d59c"},"breadcrumb":{"@id":"https:\/\/eldiariodelaeducacion.com\/extraeducacion\/2023\/10\/03\/si-eres-docente-o-quieres-serlo-ugt-ensenanza-te-informa-de-las-ultimas-novedades-educativas-de-las-ccaa\/#breadcrumb"},"inLanguage":"es","potentialAction":[{"@type":"ReadAction","target":["https:\/\/eldiariodelaeducacion.com\/extraeducacion\/2023\/10\/03\/si-eres-docente-o-quieres-serlo-ugt-ensenanza-te-informa-de-las-ultimas-novedades-educativas-de-las-ccaa\/"]}]},{"@type":"ImageObject","inLanguage":"es","@id":"https:\/\/eldiariodelaeducacion.com\/extraeducacion\/2023\/10\/03\/si-eres-docente-o-quieres-serlo-ugt-ensenanza-te-informa-de-las-ultimas-novedades-educativas-de-las-ccaa\/#primaryimage","url":"https:\/\/eldiariodelaeducacion.com\/extraeducacion\/wp-content\/uploads\/sites\/5\/2023\/09\/pantallazo-ugt.png","contentUrl":"https:\/\/eldiariodelaeducacion.com\/extraeducacion\/wp-content\/uploads\/sites\/5\/2023\/09\/pantallazo-ugt.png","width":1622,"height":882},{"@type":"BreadcrumbList","@id":"https:\/\/eldiariodelaeducacion.com\/extraeducacion\/2023\/10\/03\/si-eres-docente-o-quieres-serlo-ugt-ensenanza-te-informa-de-las-ultimas-novedades-educativas-de-las-ccaa\/#breadcrumb","itemListElement":[{"@type":"ListItem","position":1,"name":"Portada","item":"https:\/\/eldiariodelaeducacion.com\/extraeducacion\/"},{"@type":"ListItem","position":2,"name":"Si eres docente o quieres serlo, UGT Ense\u00f1anza te informa de las \u00faltimas novedades educativas de las CCAA"}]},{"@type":"WebSite","@id":"https:\/\/eldiariodelaeducacion.com\/extraeducacion\/#website","url":"https:\/\/eldiariodelaeducacion.com\/extraeducacion\/","name":"Extra Educaci\u00f3n","description":"Un blog de El Diario de la Educaci\u00f3n","potentialAction":[{"@type":"SearchAction","target":{"@type":"EntryPoint","urlTemplate":"https:\/\/eldiariodelaeducacion.com\/extraeducacion\/?s={search_term_string}"},"query-input":{"@type":"PropertyValueSpecification","valueRequired":true,"valueName":"search_term_string"}}],"inLanguage":"es"},{"@type":"Person","@id":"https:\/\/eldiariodelaeducacion.com\/extraeducacion\/#\/schema\/person\/5228007cb64f7ca80adbd750a941d59c","name":"Redacci\u00f3n","image":{"@type":"ImageObject","inLanguage":"es","@id":"https:\/\/eldiariodelaeducacion.com\/wp-content\/uploads\/2024\/10\/redaccion_avatar-96x96.png","url":"https:\/\/eldiariodelaeducacion.com\/wp-content\/uploads\/2024\/10\/redaccion_avatar-96x96.png","contentUrl":"https:\/\/eldiariodelaeducacion.com\/wp-content\/uploads\/2024\/10\/redaccion_avatar-96x96.png","caption":"Redacci\u00f3n"},"url":"https:\/\/eldiariodelaeducacion.com\/extraeducacion\/author\/redaccion\/"}]}},"_links":{"self":[{"href":"https:\/\/eldiariodelaeducacion.com\/extraeducacion\/wp-json\/wp\/v2\/posts\/632","targetHints":{"allow":["GET"]}}],"collection":[{"href":"https:\/\/eldiariodelaeducacion.com\/extraeducacion\/wp-json\/wp\/v2\/posts"}],"about":[{"href":"https:\/\/eldiariodelaeducacion.com\/extraeducacion\/wp-json\/wp\/v2\/types\/post"}],"author":[{"embeddable":true,"href":"https:\/\/eldiariodelaeducacion.com\/extraeducacion\/wp-json\/wp\/v2\/users\/150"}],"replies":[{"embeddable":true,"href":"https:\/\/eldiariodelaeducacion.com\/extraeducacion\/wp-json\/wp\/v2\/comments?post=632"}],"version-history":[{"count":1,"href":"https:\/\/eldiariodelaeducacion.com\/extraeducacion\/wp-json\/wp\/v2\/posts\/632\/revisions"}],"predecessor-version":[{"id":847,"href":"https:\/\/eldiariodelaeducacion.com\/extraeducacion\/wp-json\/wp\/v2\/posts\/632\/revisions\/847"}],"wp:featuredmedia":[{"embeddable":true,"href":"https:\/\/eldiariodelaeducacion.com\/extraeducacion\/wp-json\/wp\/v2\/media\/633"}],"wp:attachment":[{"href":"https:\/\/eldiariodelaeducacion.com\/extraeducacion\/wp-json\/wp\/v2\/media?parent=632"}],"wp:term":[{"taxonomy":"category","embeddable":true,"href":"https:\/\/eldiariodelaeducacion.com\/extraeducacion\/wp-json\/wp\/v2\/categories?post=632"},{"taxonomy":"post_tag","embeddable":true,"href":"https:\/\/eldiariodelaeducacion.com\/extraeducacion\/wp-json\/wp\/v2\/tags?post=632"},{"taxonomy":"tipo","embeddable":true,"href":"https:\/\/eldiariodelaeducacion.com\/extraeducacion\/wp-json\/wp\/v2\/tipo?post=632"}],"curies":[{"name":"wp","href":"https:\/\/api.w.org\/{rel}","templated":true}]}}