{"id":648,"date":"2023-10-10T06:00:24","date_gmt":"2023-10-10T05:00:24","guid":{"rendered":"https:\/\/eldiariodelaeducacion.com\/extraeducacion\/?p=648"},"modified":"2024-07-29T10:14:56","modified_gmt":"2024-07-29T08:14:56","slug":"defendamos-la-educacion-publica-para-beneficiar-a-todas-y-todos","status":"publish","type":"post","link":"https:\/\/eldiariodelaeducacion.com\/extraeducacion\/2023\/10\/10\/defendamos-la-educacion-publica-para-beneficiar-a-todas-y-todos\/","title":{"rendered":"Defendamos la educaci\u00f3n p\u00fablica para beneficiar a todas y todos"},"content":{"rendered":"<p>Que la educaci\u00f3n p\u00fablica est\u00e1 sufriendo ataques constantes es una evidencia social y estad\u00edstica. En los recientes informes presentados por CCOO se puede constatar que en diferentes etapas educativas se est\u00e1n favoreciendo y protegiendo los intereses privados en detrimento de la defensa y fomento de la educaci\u00f3n p\u00fablica de gesti\u00f3n directa, que es la \u00fanica a la que se puede llamar p\u00fablica de verdad por mucho que algunos quieran manipular el lenguaje. La Lomloe deja claro lo que es un centro p\u00fablico en su art\u00edculo 108 y lo define como aquellos de titularidad de una Administraci\u00f3n p\u00fablica.<\/p>\n<p>En la educaci\u00f3n infantil y primaria asistimos a supresiones de unidades en los colegios p\u00fablicos que no se producen en la privada-concertada, que incluso crece en algunos casos, todo esto cuando la reducci\u00f3n de alumnado es similar e incluso algo superior en la privada-concertada. Esta situaci\u00f3n en breve llegar\u00e1 tambi\u00e9n a secundaria.<\/p>\n<p>En la formaci\u00f3n profesional asistimos a un crecimiento exponencial de la privada, especialmente de la modalidad a distancia, y solo un peque\u00f1o crecimiento de la p\u00fablica.<\/p>\n<p>En bachillerato vemos que se buscan f\u00f3rmulas para financiar, en la pr\u00e1ctica, con fondos p\u00fablicos a la privada y podemos comprobar que el bachillerato privado est\u00e1 creciendo y el p\u00fablico no.<\/p>\n<p>La intensidad, las f\u00f3rmulas y las situaciones resultantes son distintas dependiendo de la comunidad aut\u00f3noma, pero el problema es estructural. El sistema permite a las administraciones privatizar a voluntad aprovechando cualquier oportunidad para ello y, por tanto, la situaci\u00f3n requiere de medidas globales para resolverse.<\/p>\n<p>Lo primero ser\u00eda asumir que debe ser solucionado. Esto requiere de una clara voluntad pol\u00edtica y un convencimiento real, y no solo te\u00f3rico difuso, de potenciar la educaci\u00f3n p\u00fablica. En la Lomloe se explicitan elementos en esta l\u00ednea, espec\u00edficamente en su art\u00edculo 109: \u201cLas Administraciones educativas programar\u00e1n la oferta educativa de modo que garanticen la existencia de plazas p\u00fablicas suficientes, especialmente en las zonas de nueva poblaci\u00f3n\u201d. Y tambi\u00e9n: \u201cLas Administraciones educativas promover\u00e1n un incremento progresivo de puestos escolares en la red de centros de titularidad p\u00fablica\u201d.<\/p>\n<p>No basta con declaraciones de intenciones gen\u00e9ricas. Es imprescindible desarrollos, normativas y medidas reflexionadas y efectivas que produzcan el efecto deseado: que no se recorte en ninguna parte, que el sistema educativo crezca y mejore en calidad y desarrollo para todas y todos.<\/p>\n<p>Si se tiene responsabilidad social y pol\u00edtica no se debe aprovechar el descenso de la natalidad sostenido para suprimir unidades en infantil y primaria. Es imprescindible, dadas las necesidades sociales y del sistema educativo, que se aproveche para bajar las ratios y no solo a nivel generalizado, sino especialmente donde m\u00e1s se necesita. Para esto la propuesta de CCOO es clara: que adem\u00e1s de las bajadas generales, se establezca que todo el alumnado con necesidades espec\u00edficas de apoyo educativo (todo es todo, necesidades educativas especiales asociadas a discapacidad, dificultades espec\u00edficas de aprendizaje, situaci\u00f3n de desventaja social, etc., pues todas est\u00e1n contempladas en la Ley) cuenten doble a efectos de ratio en todas las etapas y ense\u00f1anzas. Esta medida facilita, junto con otras, la mejor atenci\u00f3n al alumnado m\u00e1s vulnerable, que est\u00e1 comprobado es en el que m\u00e1s beneficio produce la ratio m\u00e1s baja y una atenci\u00f3n m\u00e1s personalizada. Generar\u00eda m\u00e1s grupos de los que se han perdido. Adem\u00e1s tendr\u00eda en cuenta la situaci\u00f3n de que entre el 75 % y el 80 % del alumnado con necesidades espec\u00edficas est\u00e1 escolarizado en centros p\u00fablicos.<\/p>\n<p>El impulso y crecimiento de la formaci\u00f3n profesional no se puede aprovechar para favorecer a <em>lobbies<\/em>, corporaciones y fondos privados, y no se puede permitir que la calidad educativa dependa del c\u00e1lculo de coste-beneficio que hagan para ganar lo m\u00e1ximo posible en este sector, que ven como un enorme nicho de negocio. Es inadmisible y un contrasentido social y legal que la p\u00fablica crezca menos que la privada cuando la demanda est\u00e1 creciendo. Esto producir\u00e1, y ya est\u00e1 sucediendo, que no se cumpla el principio de asegurar la oferta p\u00fablica. La soluci\u00f3n a esto no puede ser otra que una mayor inversi\u00f3n de las administraciones educativas en la FP p\u00fablica para incrementar la oferta, con los recursos para asegurar su m\u00e1xima calidad.<\/p>\n<p>No se puede permitir tampoco que el resto de las ense\u00f1anzas, de r\u00e9gimen general y de r\u00e9gimen especial, contin\u00faen en un proceso de privatizaci\u00f3n y de adelgazamiento de la oferta p\u00fablica. Debe blindarse e incrementarse la oferta de plazas p\u00fablicas.<\/p>\n<p>Las medidas y desarrollos normativos para asegurar ese objetivo, explicitado en la Ley educativa, deben partir de una premisa clara para ser efectivas: no recortar el sistema en ning\u00fan aspecto e incrementar la oferta p\u00fablica aprovechando dos tipos de demandas: por un lado, la demanda de mejora de calidad del sistema que requiere reducci\u00f3n de ratios; y, por otro lado, el aumento de demanda de plazas en las ense\u00f1anzas en las que esto est\u00e1 sucediendo.<\/p>\n<p>CCOO tiene propuestas cuantificadas, rigurosas, reflexionadas y razonables, pero a la vez ambiciosas, para que el sistema mejore y crezca en su conjunto, sin perjudicar a nadie y beneficiando a trabajadores, trabajadoras y a toda la ciudadan\u00eda.<\/p>\n<p>El sindicato ha demostrado sobradamente su solvencia anal\u00edtica y propositiva, y si la Administraci\u00f3n tiene voluntad pol\u00edtica y de di\u00e1logo se podr\u00e1n afrontar conjuntamente los retos del sistema educativo y generar progresos hist\u00f3ricos. Si no tiene voluntad, habr\u00e1 que gener\u00e1rsela desde la denuncia, la movilizaci\u00f3n y la reivindicaci\u00f3n de la comunidad educativa y de nosotras como sus representantes.<\/p>\n","protected":false},"excerpt":{"rendered":"<p>Que la educaci\u00f3n p\u00fablica est\u00e1 sufriendo ataques constantes es una evidencia social y estad\u00edstica. En los recientes informes presentados por CCOO se puede constatar que en diferentes etapas educativas se est\u00e1n favoreciendo y protegiendo los intereses privados en detrimento de la defensa y fomento de la educaci\u00f3n p\u00fablica de gesti\u00f3n directa, que es la \u00fanica<\/p>\n","protected":false},"author":166,"featured_media":652,"comment_status":"open","ping_status":"open","sticky":false,"template":"","format":"standard","meta":{"footnotes":""},"categories":[2],"tags":[],"tipo":[32],"class_list":{"0":"post-648","1":"post","2":"type-post","3":"status-publish","4":"format-standard","5":"has-post-thumbnail","7":"category-extra-educacion","8":"tipo-opinion"},"yoast_head":"<!-- This site is optimized with the Yoast SEO plugin v27.5 - https:\/\/yoast.com\/product\/yoast-seo-wordpress\/ -->\n<title>Defendamos la educaci\u00f3n p\u00fablica para beneficiar a todas y todos - Extra Educaci\u00f3n<\/title>\n<meta name=\"robots\" content=\"index, follow, max-snippet:-1, max-image-preview:large, max-video-preview:-1\" \/>\n<link rel=\"canonical\" href=\"https:\/\/eldiariodelaeducacion.com\/extraeducacion\/2023\/10\/10\/defendamos-la-educacion-publica-para-beneficiar-a-todas-y-todos\/\" \/>\n<meta property=\"og:locale\" content=\"es_ES\" \/>\n<meta property=\"og:type\" content=\"article\" \/>\n<meta property=\"og:title\" content=\"Defendamos la educaci\u00f3n p\u00fablica para beneficiar a todas y todos - Extra Educaci\u00f3n\" \/>\n<meta property=\"og:description\" content=\"Que la educaci\u00f3n p\u00fablica est\u00e1 sufriendo ataques constantes es una evidencia social y estad\u00edstica. En los recientes informes presentados por CCOO se puede constatar que en diferentes etapas educativas se est\u00e1n favoreciendo y protegiendo los intereses privados en detrimento de la defensa y fomento de la educaci\u00f3n p\u00fablica de gesti\u00f3n directa, que es la \u00fanica\" \/>\n<meta property=\"og:url\" content=\"https:\/\/eldiariodelaeducacion.com\/extraeducacion\/2023\/10\/10\/defendamos-la-educacion-publica-para-beneficiar-a-todas-y-todos\/\" \/>\n<meta property=\"og:site_name\" content=\"Extra Educaci\u00f3n\" \/>\n<meta property=\"article:published_time\" content=\"2023-10-10T05:00:24+00:00\" \/>\n<meta property=\"article:modified_time\" content=\"2024-07-29T08:14:56+00:00\" \/>\n<meta property=\"og:image\" content=\"https:\/\/eldiariodelaeducacion.com\/extraeducacion\/wp-content\/uploads\/sites\/5\/2023\/10\/GettyImages-13268917811.jpg\" \/>\n\t<meta property=\"og:image:width\" content=\"1024\" \/>\n\t<meta property=\"og:image:height\" content=\"684\" \/>\n\t<meta property=\"og:image:type\" content=\"image\/jpeg\" \/>\n<meta name=\"author\" content=\"H\u00e9ctor Adsuar\" \/>\n<meta name=\"twitter:card\" content=\"summary_large_image\" \/>\n<meta name=\"twitter:label1\" content=\"Escrito por\" \/>\n\t<meta name=\"twitter:data1\" content=\"H\u00e9ctor Adsuar\" \/>\n\t<meta name=\"twitter:label2\" content=\"Tiempo de lectura\" \/>\n\t<meta name=\"twitter:data2\" content=\"5 minutos\" \/>\n<script type=\"application\/ld+json\" class=\"yoast-schema-graph\">{\"@context\":\"https:\\\/\\\/schema.org\",\"@graph\":[{\"@type\":\"Article\",\"@id\":\"https:\\\/\\\/eldiariodelaeducacion.com\\\/extraeducacion\\\/2023\\\/10\\\/10\\\/defendamos-la-educacion-publica-para-beneficiar-a-todas-y-todos\\\/#article\",\"isPartOf\":{\"@id\":\"https:\\\/\\\/eldiariodelaeducacion.com\\\/extraeducacion\\\/2023\\\/10\\\/10\\\/defendamos-la-educacion-publica-para-beneficiar-a-todas-y-todos\\\/\"},\"author\":{\"name\":\"H\u00e9ctor Adsuar\",\"@id\":\"https:\\\/\\\/eldiariodelaeducacion.com\\\/extraeducacion\\\/#\\\/schema\\\/person\\\/04ab4285c7eb0281ab927c0ef3df2773\"},\"headline\":\"Defendamos la educaci\u00f3n p\u00fablica para beneficiar a todas y todos\",\"datePublished\":\"2023-10-10T05:00:24+00:00\",\"dateModified\":\"2024-07-29T08:14:56+00:00\",\"mainEntityOfPage\":{\"@id\":\"https:\\\/\\\/eldiariodelaeducacion.com\\\/extraeducacion\\\/2023\\\/10\\\/10\\\/defendamos-la-educacion-publica-para-beneficiar-a-todas-y-todos\\\/\"},\"wordCount\":995,\"commentCount\":0,\"image\":{\"@id\":\"https:\\\/\\\/eldiariodelaeducacion.com\\\/extraeducacion\\\/2023\\\/10\\\/10\\\/defendamos-la-educacion-publica-para-beneficiar-a-todas-y-todos\\\/#primaryimage\"},\"thumbnailUrl\":\"https:\\\/\\\/eldiariodelaeducacion.com\\\/extraeducacion\\\/wp-content\\\/uploads\\\/sites\\\/5\\\/2023\\\/10\\\/GettyImages-13268917811.jpg\",\"articleSection\":[\"Extra educaci\u00f3n\"],\"inLanguage\":\"es\",\"potentialAction\":[{\"@type\":\"CommentAction\",\"name\":\"Comment\",\"target\":[\"https:\\\/\\\/eldiariodelaeducacion.com\\\/extraeducacion\\\/2023\\\/10\\\/10\\\/defendamos-la-educacion-publica-para-beneficiar-a-todas-y-todos\\\/#respond\"]}]},{\"@type\":\"WebPage\",\"@id\":\"https:\\\/\\\/eldiariodelaeducacion.com\\\/extraeducacion\\\/2023\\\/10\\\/10\\\/defendamos-la-educacion-publica-para-beneficiar-a-todas-y-todos\\\/\",\"url\":\"https:\\\/\\\/eldiariodelaeducacion.com\\\/extraeducacion\\\/2023\\\/10\\\/10\\\/defendamos-la-educacion-publica-para-beneficiar-a-todas-y-todos\\\/\",\"name\":\"Defendamos la educaci\u00f3n p\u00fablica para beneficiar a todas y todos - Extra Educaci\u00f3n\",\"isPartOf\":{\"@id\":\"https:\\\/\\\/eldiariodelaeducacion.com\\\/extraeducacion\\\/#website\"},\"primaryImageOfPage\":{\"@id\":\"https:\\\/\\\/eldiariodelaeducacion.com\\\/extraeducacion\\\/2023\\\/10\\\/10\\\/defendamos-la-educacion-publica-para-beneficiar-a-todas-y-todos\\\/#primaryimage\"},\"image\":{\"@id\":\"https:\\\/\\\/eldiariodelaeducacion.com\\\/extraeducacion\\\/2023\\\/10\\\/10\\\/defendamos-la-educacion-publica-para-beneficiar-a-todas-y-todos\\\/#primaryimage\"},\"thumbnailUrl\":\"https:\\\/\\\/eldiariodelaeducacion.com\\\/extraeducacion\\\/wp-content\\\/uploads\\\/sites\\\/5\\\/2023\\\/10\\\/GettyImages-13268917811.jpg\",\"datePublished\":\"2023-10-10T05:00:24+00:00\",\"dateModified\":\"2024-07-29T08:14:56+00:00\",\"author\":{\"@id\":\"https:\\\/\\\/eldiariodelaeducacion.com\\\/extraeducacion\\\/#\\\/schema\\\/person\\\/04ab4285c7eb0281ab927c0ef3df2773\"},\"breadcrumb\":{\"@id\":\"https:\\\/\\\/eldiariodelaeducacion.com\\\/extraeducacion\\\/2023\\\/10\\\/10\\\/defendamos-la-educacion-publica-para-beneficiar-a-todas-y-todos\\\/#breadcrumb\"},\"inLanguage\":\"es\",\"potentialAction\":[{\"@type\":\"ReadAction\",\"target\":[\"https:\\\/\\\/eldiariodelaeducacion.com\\\/extraeducacion\\\/2023\\\/10\\\/10\\\/defendamos-la-educacion-publica-para-beneficiar-a-todas-y-todos\\\/\"]}]},{\"@type\":\"ImageObject\",\"inLanguage\":\"es\",\"@id\":\"https:\\\/\\\/eldiariodelaeducacion.com\\\/extraeducacion\\\/2023\\\/10\\\/10\\\/defendamos-la-educacion-publica-para-beneficiar-a-todas-y-todos\\\/#primaryimage\",\"url\":\"https:\\\/\\\/eldiariodelaeducacion.com\\\/extraeducacion\\\/wp-content\\\/uploads\\\/sites\\\/5\\\/2023\\\/10\\\/GettyImages-13268917811.jpg\",\"contentUrl\":\"https:\\\/\\\/eldiariodelaeducacion.com\\\/extraeducacion\\\/wp-content\\\/uploads\\\/sites\\\/5\\\/2023\\\/10\\\/GettyImages-13268917811.jpg\",\"width\":1024,\"height\":684,\"caption\":\"Gettyimages\"},{\"@type\":\"BreadcrumbList\",\"@id\":\"https:\\\/\\\/eldiariodelaeducacion.com\\\/extraeducacion\\\/2023\\\/10\\\/10\\\/defendamos-la-educacion-publica-para-beneficiar-a-todas-y-todos\\\/#breadcrumb\",\"itemListElement\":[{\"@type\":\"ListItem\",\"position\":1,\"name\":\"Portada\",\"item\":\"https:\\\/\\\/eldiariodelaeducacion.com\\\/extraeducacion\\\/\"},{\"@type\":\"ListItem\",\"position\":2,\"name\":\"Defendamos la educaci\u00f3n p\u00fablica para beneficiar a todas y todos\"}]},{\"@type\":\"WebSite\",\"@id\":\"https:\\\/\\\/eldiariodelaeducacion.com\\\/extraeducacion\\\/#website\",\"url\":\"https:\\\/\\\/eldiariodelaeducacion.com\\\/extraeducacion\\\/\",\"name\":\"Extra Educaci\u00f3n\",\"description\":\"Un blog de El Diario de la Educaci\u00f3n\",\"potentialAction\":[{\"@type\":\"SearchAction\",\"target\":{\"@type\":\"EntryPoint\",\"urlTemplate\":\"https:\\\/\\\/eldiariodelaeducacion.com\\\/extraeducacion\\\/?s={search_term_string}\"},\"query-input\":{\"@type\":\"PropertyValueSpecification\",\"valueRequired\":true,\"valueName\":\"search_term_string\"}}],\"inLanguage\":\"es\"},{\"@type\":\"Person\",\"@id\":\"https:\\\/\\\/eldiariodelaeducacion.com\\\/extraeducacion\\\/#\\\/schema\\\/person\\\/04ab4285c7eb0281ab927c0ef3df2773\",\"name\":\"H\u00e9ctor Adsuar\",\"image\":{\"@type\":\"ImageObject\",\"inLanguage\":\"es\",\"@id\":\"https:\\\/\\\/secure.gravatar.com\\\/avatar\\\/55b64189b27b371e23ab0ef30c7cdd39ce51b73fa47af6b4aca4cd61ba0debeb?s=96&d=mm&r=g\",\"url\":\"https:\\\/\\\/secure.gravatar.com\\\/avatar\\\/55b64189b27b371e23ab0ef30c7cdd39ce51b73fa47af6b4aca4cd61ba0debeb?s=96&d=mm&r=g\",\"contentUrl\":\"https:\\\/\\\/secure.gravatar.com\\\/avatar\\\/55b64189b27b371e23ab0ef30c7cdd39ce51b73fa47af6b4aca4cd61ba0debeb?s=96&d=mm&r=g\",\"caption\":\"H\u00e9ctor Adsuar\"},\"url\":\"https:\\\/\\\/eldiariodelaeducacion.com\\\/extraeducacion\\\/author\\\/adsuar\\\/\"}]}<\/script>\n<!-- \/ Yoast SEO plugin. -->","yoast_head_json":{"title":"Defendamos la educaci\u00f3n p\u00fablica para beneficiar a todas y todos - Extra Educaci\u00f3n","robots":{"index":"index","follow":"follow","max-snippet":"max-snippet:-1","max-image-preview":"max-image-preview:large","max-video-preview":"max-video-preview:-1"},"canonical":"https:\/\/eldiariodelaeducacion.com\/extraeducacion\/2023\/10\/10\/defendamos-la-educacion-publica-para-beneficiar-a-todas-y-todos\/","og_locale":"es_ES","og_type":"article","og_title":"Defendamos la educaci\u00f3n p\u00fablica para beneficiar a todas y todos - Extra Educaci\u00f3n","og_description":"Que la educaci\u00f3n p\u00fablica est\u00e1 sufriendo ataques constantes es una evidencia social y estad\u00edstica. En los recientes informes presentados por CCOO se puede constatar que en diferentes etapas educativas se est\u00e1n favoreciendo y protegiendo los intereses privados en detrimento de la defensa y fomento de la educaci\u00f3n p\u00fablica de gesti\u00f3n directa, que es la \u00fanica","og_url":"https:\/\/eldiariodelaeducacion.com\/extraeducacion\/2023\/10\/10\/defendamos-la-educacion-publica-para-beneficiar-a-todas-y-todos\/","og_site_name":"Extra Educaci\u00f3n","article_published_time":"2023-10-10T05:00:24+00:00","article_modified_time":"2024-07-29T08:14:56+00:00","og_image":[{"width":1024,"height":684,"url":"https:\/\/eldiariodelaeducacion.com\/extraeducacion\/wp-content\/uploads\/sites\/5\/2023\/10\/GettyImages-13268917811.jpg","type":"image\/jpeg"}],"author":"H\u00e9ctor Adsuar","twitter_card":"summary_large_image","twitter_misc":{"Escrito por":"H\u00e9ctor Adsuar","Tiempo de lectura":"5 minutos"},"schema":{"@context":"https:\/\/schema.org","@graph":[{"@type":"Article","@id":"https:\/\/eldiariodelaeducacion.com\/extraeducacion\/2023\/10\/10\/defendamos-la-educacion-publica-para-beneficiar-a-todas-y-todos\/#article","isPartOf":{"@id":"https:\/\/eldiariodelaeducacion.com\/extraeducacion\/2023\/10\/10\/defendamos-la-educacion-publica-para-beneficiar-a-todas-y-todos\/"},"author":{"name":"H\u00e9ctor Adsuar","@id":"https:\/\/eldiariodelaeducacion.com\/extraeducacion\/#\/schema\/person\/04ab4285c7eb0281ab927c0ef3df2773"},"headline":"Defendamos la educaci\u00f3n p\u00fablica para beneficiar a todas y todos","datePublished":"2023-10-10T05:00:24+00:00","dateModified":"2024-07-29T08:14:56+00:00","mainEntityOfPage":{"@id":"https:\/\/eldiariodelaeducacion.com\/extraeducacion\/2023\/10\/10\/defendamos-la-educacion-publica-para-beneficiar-a-todas-y-todos\/"},"wordCount":995,"commentCount":0,"image":{"@id":"https:\/\/eldiariodelaeducacion.com\/extraeducacion\/2023\/10\/10\/defendamos-la-educacion-publica-para-beneficiar-a-todas-y-todos\/#primaryimage"},"thumbnailUrl":"https:\/\/eldiariodelaeducacion.com\/extraeducacion\/wp-content\/uploads\/sites\/5\/2023\/10\/GettyImages-13268917811.jpg","articleSection":["Extra educaci\u00f3n"],"inLanguage":"es","potentialAction":[{"@type":"CommentAction","name":"Comment","target":["https:\/\/eldiariodelaeducacion.com\/extraeducacion\/2023\/10\/10\/defendamos-la-educacion-publica-para-beneficiar-a-todas-y-todos\/#respond"]}]},{"@type":"WebPage","@id":"https:\/\/eldiariodelaeducacion.com\/extraeducacion\/2023\/10\/10\/defendamos-la-educacion-publica-para-beneficiar-a-todas-y-todos\/","url":"https:\/\/eldiariodelaeducacion.com\/extraeducacion\/2023\/10\/10\/defendamos-la-educacion-publica-para-beneficiar-a-todas-y-todos\/","name":"Defendamos la educaci\u00f3n p\u00fablica para beneficiar a todas y todos - Extra Educaci\u00f3n","isPartOf":{"@id":"https:\/\/eldiariodelaeducacion.com\/extraeducacion\/#website"},"primaryImageOfPage":{"@id":"https:\/\/eldiariodelaeducacion.com\/extraeducacion\/2023\/10\/10\/defendamos-la-educacion-publica-para-beneficiar-a-todas-y-todos\/#primaryimage"},"image":{"@id":"https:\/\/eldiariodelaeducacion.com\/extraeducacion\/2023\/10\/10\/defendamos-la-educacion-publica-para-beneficiar-a-todas-y-todos\/#primaryimage"},"thumbnailUrl":"https:\/\/eldiariodelaeducacion.com\/extraeducacion\/wp-content\/uploads\/sites\/5\/2023\/10\/GettyImages-13268917811.jpg","datePublished":"2023-10-10T05:00:24+00:00","dateModified":"2024-07-29T08:14:56+00:00","author":{"@id":"https:\/\/eldiariodelaeducacion.com\/extraeducacion\/#\/schema\/person\/04ab4285c7eb0281ab927c0ef3df2773"},"breadcrumb":{"@id":"https:\/\/eldiariodelaeducacion.com\/extraeducacion\/2023\/10\/10\/defendamos-la-educacion-publica-para-beneficiar-a-todas-y-todos\/#breadcrumb"},"inLanguage":"es","potentialAction":[{"@type":"ReadAction","target":["https:\/\/eldiariodelaeducacion.com\/extraeducacion\/2023\/10\/10\/defendamos-la-educacion-publica-para-beneficiar-a-todas-y-todos\/"]}]},{"@type":"ImageObject","inLanguage":"es","@id":"https:\/\/eldiariodelaeducacion.com\/extraeducacion\/2023\/10\/10\/defendamos-la-educacion-publica-para-beneficiar-a-todas-y-todos\/#primaryimage","url":"https:\/\/eldiariodelaeducacion.com\/extraeducacion\/wp-content\/uploads\/sites\/5\/2023\/10\/GettyImages-13268917811.jpg","contentUrl":"https:\/\/eldiariodelaeducacion.com\/extraeducacion\/wp-content\/uploads\/sites\/5\/2023\/10\/GettyImages-13268917811.jpg","width":1024,"height":684,"caption":"Gettyimages"},{"@type":"BreadcrumbList","@id":"https:\/\/eldiariodelaeducacion.com\/extraeducacion\/2023\/10\/10\/defendamos-la-educacion-publica-para-beneficiar-a-todas-y-todos\/#breadcrumb","itemListElement":[{"@type":"ListItem","position":1,"name":"Portada","item":"https:\/\/eldiariodelaeducacion.com\/extraeducacion\/"},{"@type":"ListItem","position":2,"name":"Defendamos la educaci\u00f3n p\u00fablica para beneficiar a todas y todos"}]},{"@type":"WebSite","@id":"https:\/\/eldiariodelaeducacion.com\/extraeducacion\/#website","url":"https:\/\/eldiariodelaeducacion.com\/extraeducacion\/","name":"Extra Educaci\u00f3n","description":"Un blog de El Diario de la Educaci\u00f3n","potentialAction":[{"@type":"SearchAction","target":{"@type":"EntryPoint","urlTemplate":"https:\/\/eldiariodelaeducacion.com\/extraeducacion\/?s={search_term_string}"},"query-input":{"@type":"PropertyValueSpecification","valueRequired":true,"valueName":"search_term_string"}}],"inLanguage":"es"},{"@type":"Person","@id":"https:\/\/eldiariodelaeducacion.com\/extraeducacion\/#\/schema\/person\/04ab4285c7eb0281ab927c0ef3df2773","name":"H\u00e9ctor Adsuar","image":{"@type":"ImageObject","inLanguage":"es","@id":"https:\/\/secure.gravatar.com\/avatar\/55b64189b27b371e23ab0ef30c7cdd39ce51b73fa47af6b4aca4cd61ba0debeb?s=96&d=mm&r=g","url":"https:\/\/secure.gravatar.com\/avatar\/55b64189b27b371e23ab0ef30c7cdd39ce51b73fa47af6b4aca4cd61ba0debeb?s=96&d=mm&r=g","contentUrl":"https:\/\/secure.gravatar.com\/avatar\/55b64189b27b371e23ab0ef30c7cdd39ce51b73fa47af6b4aca4cd61ba0debeb?s=96&d=mm&r=g","caption":"H\u00e9ctor Adsuar"},"url":"https:\/\/eldiariodelaeducacion.com\/extraeducacion\/author\/adsuar\/"}]}},"_links":{"self":[{"href":"https:\/\/eldiariodelaeducacion.com\/extraeducacion\/wp-json\/wp\/v2\/posts\/648","targetHints":{"allow":["GET"]}}],"collection":[{"href":"https:\/\/eldiariodelaeducacion.com\/extraeducacion\/wp-json\/wp\/v2\/posts"}],"about":[{"href":"https:\/\/eldiariodelaeducacion.com\/extraeducacion\/wp-json\/wp\/v2\/types\/post"}],"author":[{"embeddable":true,"href":"https:\/\/eldiariodelaeducacion.com\/extraeducacion\/wp-json\/wp\/v2\/users\/166"}],"replies":[{"embeddable":true,"href":"https:\/\/eldiariodelaeducacion.com\/extraeducacion\/wp-json\/wp\/v2\/comments?post=648"}],"version-history":[{"count":1,"href":"https:\/\/eldiariodelaeducacion.com\/extraeducacion\/wp-json\/wp\/v2\/posts\/648\/revisions"}],"predecessor-version":[{"id":849,"href":"https:\/\/eldiariodelaeducacion.com\/extraeducacion\/wp-json\/wp\/v2\/posts\/648\/revisions\/849"}],"wp:featuredmedia":[{"embeddable":true,"href":"https:\/\/eldiariodelaeducacion.com\/extraeducacion\/wp-json\/wp\/v2\/media\/652"}],"wp:attachment":[{"href":"https:\/\/eldiariodelaeducacion.com\/extraeducacion\/wp-json\/wp\/v2\/media?parent=648"}],"wp:term":[{"taxonomy":"category","embeddable":true,"href":"https:\/\/eldiariodelaeducacion.com\/extraeducacion\/wp-json\/wp\/v2\/categories?post=648"},{"taxonomy":"post_tag","embeddable":true,"href":"https:\/\/eldiariodelaeducacion.com\/extraeducacion\/wp-json\/wp\/v2\/tags?post=648"},{"taxonomy":"tipo","embeddable":true,"href":"https:\/\/eldiariodelaeducacion.com\/extraeducacion\/wp-json\/wp\/v2\/tipo?post=648"}],"curies":[{"name":"wp","href":"https:\/\/api.w.org\/{rel}","templated":true}]}}