{"id":667,"date":"2023-10-31T06:00:22","date_gmt":"2023-10-31T05:00:22","guid":{"rendered":"https:\/\/eldiariodelaeducacion.com\/extraeducacion\/?p=667"},"modified":"2024-07-29T10:14:57","modified_gmt":"2024-07-29T08:14:57","slug":"primeros-premios-a-la-excelencia-en-la-orientacion","status":"publish","type":"post","link":"https:\/\/eldiariodelaeducacion.com\/extraeducacion\/2023\/10\/31\/primeros-premios-a-la-excelencia-en-la-orientacion\/","title":{"rendered":"Primeros premios a la excelencia en la Orientaci\u00f3n"},"content":{"rendered":"<p>En un mundo cada vez m\u00e1s complejo y diversificado, la orientaci\u00f3n educativa emerge como un pilar fundamental en el sistema educativo actual. La importancia de la orientaci\u00f3n radica en su capacidad para guiar a los estudiantes en la toma de decisiones cruciales sobre su itinerario formativo, permiti\u00e9ndoles trazar un camino educativo que se alinee perfectamente con sus habilidades, intereses y metas.<\/p>\n<p>En este contexto la Fundaci\u00f3n Bertelsmann y Grupo Anaya han anunciado el lanzamiento de los primeros Premios a la Excelencia en Orientaci\u00f3n, una iniciativa destinada a reconocer y premiar los proyectos y actividades de orientaci\u00f3n acad\u00e9mica y profesional m\u00e1s destacados de los centros educativos espa\u00f1oles.<\/p>\n<p>La orientaci\u00f3n efectiva proporciona informaci\u00f3n valiosa sobre las distintas carreras y oportunidades profesionales disponibles en el mercado laboral actual. Las y los orientadores desempe\u00f1an un papel esencial en este proceso, proporcionando orientaci\u00f3n personalizada y apoyo a los estudiantes durante su viaje educativo.<\/p>\n<p>La convocatoria de los Premios a la Excelencia en Orientaci\u00f3n est\u00e1 abierta a todos los centros educativos en Espa\u00f1a, independientemente de su titularidad, que impartan las etapas educativas de Primaria, Secundaria y Bachillerato. Las candidaturas podr\u00e1n presentarse desde el 18 de septiembre hasta el 19 de noviembre de 2023.<\/p>\n<p>Los centros educativos tienen la oportunidad de participar presentando proyectos en cuatro categor\u00edas basadas en el modelo Xcelence de la Fundaci\u00f3n Bertelsmann. Estas categor\u00edas se centran en aspectos esenciales para garantizar una orientaci\u00f3n integral y de calidad para los estudiantes, que incluyen <strong>orientaci\u00f3n personalizada y familiar, integraci\u00f3n de orientaci\u00f3n en asignaturas, conexi\u00f3n con el mundo profesional e informaci\u00f3n detallada sobre itinerarios formativos postobligatorios<\/strong>.<\/p>\n<p>La colaboraci\u00f3n entre la Fundaci\u00f3n Bertelsmann y Grupo Anaya se basa en la creencia compartida de que una orientaci\u00f3n de calidad desde edades tempranas tiene un impacto positivo en los estudiantes, equip\u00e1ndolos con las herramientas necesarias para tomar decisiones informadas sobre su futuro acad\u00e9mico y profesional.<\/p>\n<p><iframe title=\"Premios a la excelencia en orientaci\u00f3n | #PremiosOrientaci\u00f3n\" width=\"788\" height=\"443\" src=\"https:\/\/www.youtube.com\/embed\/X70DOKL_Dk8?feature=oembed\" frameborder=\"0\" allow=\"accelerometer; autoplay; clipboard-write; encrypted-media; gyroscope; picture-in-picture; web-share\" allowfullscreen><\/iframe><\/p>\n<p>Pero, adem\u00e1s de este beneficio individual para el alumnado, una buena orientaci\u00f3n tiene un impacto significativo en el sistema educativo en su conjunto. Al garantizar que los estudiantes elijan itinerarios formativos que se alineen con sus pasiones y capacidades, se reduce la deserci\u00f3n escolar y se fomenta un ambiente educativo m\u00e1s positivo y motivador. Adem\u00e1s, al tomar decisiones educativas m\u00e1s informadas, los estudiantes est\u00e1n mejor preparados para enfrentar los desaf\u00edos del mundo laboral, lo que a su vez contribuye a una sociedad m\u00e1s educada y productiva en el futuro.<\/p>\n<p>Aunque los premios no incluyen una dotaci\u00f3n econ\u00f3mica, los proyectos galardonados recibir\u00e1n apoyo institucional por parte de la Fundaci\u00f3n Bertelsmann y Grupo Anaya, que se comprometen a visibilizar y comunicar estos proyectos premiados.<\/p>\n<p>Para obtener m\u00e1s detalles sobre las bases y caracter\u00edsticas de los premios, se puede acceder a la informaci\u00f3n en el <a href=\"https:\/\/xcelence.es\/premio-orientacion-23?utm_source=diari_de_educacio&amp;utm_medium=newsletter&amp;utm_campaign=premio_orientacion&amp;utm_content=\">sitio web oficial del evento<\/a>.<\/p>\n","protected":false},"excerpt":{"rendered":"<p>En un mundo cada vez m\u00e1s complejo y diversificado, la orientaci\u00f3n educativa emerge como un pilar fundamental en el sistema educativo actual. La importancia de la orientaci\u00f3n radica en su capacidad para guiar a los estudiantes en la toma de decisiones cruciales sobre su itinerario formativo, permiti\u00e9ndoles trazar un camino educativo que se alinee perfectamente<\/p>\n","protected":false},"author":150,"featured_media":668,"comment_status":"open","ping_status":"open","sticky":false,"template":"","format":"standard","meta":{"footnotes":""},"categories":[2],"tags":[17],"tipo":[30],"class_list":{"0":"post-667","1":"post","2":"type-post","3":"status-publish","4":"format-standard","5":"has-post-thumbnail","7":"category-extra-educacion","8":"tag-orientacion-educativa-y-profesional","9":"tipo-actualidad"},"yoast_head":"<!-- This site is optimized with the Yoast SEO plugin v27.5 - https:\/\/yoast.com\/product\/yoast-seo-wordpress\/ -->\n<title>Primeros premios a la excelencia en la Orientaci\u00f3n - Extra Educaci\u00f3n<\/title>\n<meta name=\"robots\" content=\"index, follow, max-snippet:-1, max-image-preview:large, max-video-preview:-1\" \/>\n<link rel=\"canonical\" href=\"https:\/\/eldiariodelaeducacion.com\/extraeducacion\/2023\/10\/31\/primeros-premios-a-la-excelencia-en-la-orientacion\/\" \/>\n<meta property=\"og:locale\" content=\"es_ES\" \/>\n<meta property=\"og:type\" content=\"article\" \/>\n<meta property=\"og:title\" content=\"Primeros premios a la excelencia en la Orientaci\u00f3n - Extra Educaci\u00f3n\" \/>\n<meta property=\"og:description\" content=\"En un mundo cada vez m\u00e1s complejo y diversificado, la orientaci\u00f3n educativa emerge como un pilar fundamental en el sistema educativo actual. La importancia de la orientaci\u00f3n radica en su capacidad para guiar a los estudiantes en la toma de decisiones cruciales sobre su itinerario formativo, permiti\u00e9ndoles trazar un camino educativo que se alinee perfectamente\" \/>\n<meta property=\"og:url\" content=\"https:\/\/eldiariodelaeducacion.com\/extraeducacion\/2023\/10\/31\/primeros-premios-a-la-excelencia-en-la-orientacion\/\" \/>\n<meta property=\"og:site_name\" content=\"Extra Educaci\u00f3n\" \/>\n<meta property=\"article:published_time\" content=\"2023-10-31T05:00:22+00:00\" \/>\n<meta property=\"article:modified_time\" content=\"2024-07-29T08:14:57+00:00\" \/>\n<meta property=\"og:image\" content=\"https:\/\/eldiariodelaeducacion.com\/extraeducacion\/wp-content\/uploads\/sites\/5\/2023\/10\/7U5A9907.jpg\" \/>\n\t<meta property=\"og:image:width\" content=\"1520\" \/>\n\t<meta property=\"og:image:height\" content=\"1013\" \/>\n\t<meta property=\"og:image:type\" content=\"image\/jpeg\" \/>\n<meta name=\"author\" content=\"Redacci\u00f3n\" \/>\n<meta name=\"twitter:card\" content=\"summary_large_image\" \/>\n<meta name=\"twitter:label1\" content=\"Escrito por\" \/>\n\t<meta name=\"twitter:data1\" content=\"Redacci\u00f3n\" \/>\n\t<meta name=\"twitter:label2\" content=\"Tiempo de lectura\" \/>\n\t<meta name=\"twitter:data2\" content=\"3 minutos\" \/>\n<script type=\"application\/ld+json\" class=\"yoast-schema-graph\">{\"@context\":\"https:\\\/\\\/schema.org\",\"@graph\":[{\"@type\":\"Article\",\"@id\":\"https:\\\/\\\/eldiariodelaeducacion.com\\\/extraeducacion\\\/2023\\\/10\\\/31\\\/primeros-premios-a-la-excelencia-en-la-orientacion\\\/#article\",\"isPartOf\":{\"@id\":\"https:\\\/\\\/eldiariodelaeducacion.com\\\/extraeducacion\\\/2023\\\/10\\\/31\\\/primeros-premios-a-la-excelencia-en-la-orientacion\\\/\"},\"author\":{\"name\":\"Redacci\u00f3n\",\"@id\":\"https:\\\/\\\/eldiariodelaeducacion.com\\\/extraeducacion\\\/#\\\/schema\\\/person\\\/5228007cb64f7ca80adbd750a941d59c\"},\"headline\":\"Primeros premios a la excelencia en la Orientaci\u00f3n\",\"datePublished\":\"2023-10-31T05:00:22+00:00\",\"dateModified\":\"2024-07-29T08:14:57+00:00\",\"mainEntityOfPage\":{\"@id\":\"https:\\\/\\\/eldiariodelaeducacion.com\\\/extraeducacion\\\/2023\\\/10\\\/31\\\/primeros-premios-a-la-excelencia-en-la-orientacion\\\/\"},\"wordCount\":519,\"commentCount\":0,\"image\":{\"@id\":\"https:\\\/\\\/eldiariodelaeducacion.com\\\/extraeducacion\\\/2023\\\/10\\\/31\\\/primeros-premios-a-la-excelencia-en-la-orientacion\\\/#primaryimage\"},\"thumbnailUrl\":\"https:\\\/\\\/eldiariodelaeducacion.com\\\/extraeducacion\\\/wp-content\\\/uploads\\\/sites\\\/5\\\/2023\\\/10\\\/7U5A9907.jpg\",\"keywords\":[\"Orientaci\u00f3n educativa y profesional\"],\"articleSection\":[\"Extra educaci\u00f3n\"],\"inLanguage\":\"es\",\"potentialAction\":[{\"@type\":\"CommentAction\",\"name\":\"Comment\",\"target\":[\"https:\\\/\\\/eldiariodelaeducacion.com\\\/extraeducacion\\\/2023\\\/10\\\/31\\\/primeros-premios-a-la-excelencia-en-la-orientacion\\\/#respond\"]}]},{\"@type\":\"WebPage\",\"@id\":\"https:\\\/\\\/eldiariodelaeducacion.com\\\/extraeducacion\\\/2023\\\/10\\\/31\\\/primeros-premios-a-la-excelencia-en-la-orientacion\\\/\",\"url\":\"https:\\\/\\\/eldiariodelaeducacion.com\\\/extraeducacion\\\/2023\\\/10\\\/31\\\/primeros-premios-a-la-excelencia-en-la-orientacion\\\/\",\"name\":\"Primeros premios a la excelencia en la Orientaci\u00f3n - Extra Educaci\u00f3n\",\"isPartOf\":{\"@id\":\"https:\\\/\\\/eldiariodelaeducacion.com\\\/extraeducacion\\\/#website\"},\"primaryImageOfPage\":{\"@id\":\"https:\\\/\\\/eldiariodelaeducacion.com\\\/extraeducacion\\\/2023\\\/10\\\/31\\\/primeros-premios-a-la-excelencia-en-la-orientacion\\\/#primaryimage\"},\"image\":{\"@id\":\"https:\\\/\\\/eldiariodelaeducacion.com\\\/extraeducacion\\\/2023\\\/10\\\/31\\\/primeros-premios-a-la-excelencia-en-la-orientacion\\\/#primaryimage\"},\"thumbnailUrl\":\"https:\\\/\\\/eldiariodelaeducacion.com\\\/extraeducacion\\\/wp-content\\\/uploads\\\/sites\\\/5\\\/2023\\\/10\\\/7U5A9907.jpg\",\"datePublished\":\"2023-10-31T05:00:22+00:00\",\"dateModified\":\"2024-07-29T08:14:57+00:00\",\"author\":{\"@id\":\"https:\\\/\\\/eldiariodelaeducacion.com\\\/extraeducacion\\\/#\\\/schema\\\/person\\\/5228007cb64f7ca80adbd750a941d59c\"},\"breadcrumb\":{\"@id\":\"https:\\\/\\\/eldiariodelaeducacion.com\\\/extraeducacion\\\/2023\\\/10\\\/31\\\/primeros-premios-a-la-excelencia-en-la-orientacion\\\/#breadcrumb\"},\"inLanguage\":\"es\",\"potentialAction\":[{\"@type\":\"ReadAction\",\"target\":[\"https:\\\/\\\/eldiariodelaeducacion.com\\\/extraeducacion\\\/2023\\\/10\\\/31\\\/primeros-premios-a-la-excelencia-en-la-orientacion\\\/\"]}]},{\"@type\":\"ImageObject\",\"inLanguage\":\"es\",\"@id\":\"https:\\\/\\\/eldiariodelaeducacion.com\\\/extraeducacion\\\/2023\\\/10\\\/31\\\/primeros-premios-a-la-excelencia-en-la-orientacion\\\/#primaryimage\",\"url\":\"https:\\\/\\\/eldiariodelaeducacion.com\\\/extraeducacion\\\/wp-content\\\/uploads\\\/sites\\\/5\\\/2023\\\/10\\\/7U5A9907.jpg\",\"contentUrl\":\"https:\\\/\\\/eldiariodelaeducacion.com\\\/extraeducacion\\\/wp-content\\\/uploads\\\/sites\\\/5\\\/2023\\\/10\\\/7U5A9907.jpg\",\"width\":1520,\"height\":1013},{\"@type\":\"BreadcrumbList\",\"@id\":\"https:\\\/\\\/eldiariodelaeducacion.com\\\/extraeducacion\\\/2023\\\/10\\\/31\\\/primeros-premios-a-la-excelencia-en-la-orientacion\\\/#breadcrumb\",\"itemListElement\":[{\"@type\":\"ListItem\",\"position\":1,\"name\":\"Portada\",\"item\":\"https:\\\/\\\/eldiariodelaeducacion.com\\\/extraeducacion\\\/\"},{\"@type\":\"ListItem\",\"position\":2,\"name\":\"Primeros premios a la excelencia en la Orientaci\u00f3n\"}]},{\"@type\":\"WebSite\",\"@id\":\"https:\\\/\\\/eldiariodelaeducacion.com\\\/extraeducacion\\\/#website\",\"url\":\"https:\\\/\\\/eldiariodelaeducacion.com\\\/extraeducacion\\\/\",\"name\":\"Extra Educaci\u00f3n\",\"description\":\"Un blog de El Diario de la Educaci\u00f3n\",\"potentialAction\":[{\"@type\":\"SearchAction\",\"target\":{\"@type\":\"EntryPoint\",\"urlTemplate\":\"https:\\\/\\\/eldiariodelaeducacion.com\\\/extraeducacion\\\/?s={search_term_string}\"},\"query-input\":{\"@type\":\"PropertyValueSpecification\",\"valueRequired\":true,\"valueName\":\"search_term_string\"}}],\"inLanguage\":\"es\"},{\"@type\":\"Person\",\"@id\":\"https:\\\/\\\/eldiariodelaeducacion.com\\\/extraeducacion\\\/#\\\/schema\\\/person\\\/5228007cb64f7ca80adbd750a941d59c\",\"name\":\"Redacci\u00f3n\",\"image\":{\"@type\":\"ImageObject\",\"inLanguage\":\"es\",\"@id\":\"https:\\\/\\\/eldiariodelaeducacion.com\\\/wp-content\\\/uploads\\\/2024\\\/10\\\/redaccion_avatar-96x96.png\",\"url\":\"https:\\\/\\\/eldiariodelaeducacion.com\\\/wp-content\\\/uploads\\\/2024\\\/10\\\/redaccion_avatar-96x96.png\",\"contentUrl\":\"https:\\\/\\\/eldiariodelaeducacion.com\\\/wp-content\\\/uploads\\\/2024\\\/10\\\/redaccion_avatar-96x96.png\",\"caption\":\"Redacci\u00f3n\"},\"url\":\"https:\\\/\\\/eldiariodelaeducacion.com\\\/extraeducacion\\\/author\\\/redaccion\\\/\"}]}<\/script>\n<!-- \/ Yoast SEO plugin. -->","yoast_head_json":{"title":"Primeros premios a la excelencia en la Orientaci\u00f3n - Extra Educaci\u00f3n","robots":{"index":"index","follow":"follow","max-snippet":"max-snippet:-1","max-image-preview":"max-image-preview:large","max-video-preview":"max-video-preview:-1"},"canonical":"https:\/\/eldiariodelaeducacion.com\/extraeducacion\/2023\/10\/31\/primeros-premios-a-la-excelencia-en-la-orientacion\/","og_locale":"es_ES","og_type":"article","og_title":"Primeros premios a la excelencia en la Orientaci\u00f3n - Extra Educaci\u00f3n","og_description":"En un mundo cada vez m\u00e1s complejo y diversificado, la orientaci\u00f3n educativa emerge como un pilar fundamental en el sistema educativo actual. La importancia de la orientaci\u00f3n radica en su capacidad para guiar a los estudiantes en la toma de decisiones cruciales sobre su itinerario formativo, permiti\u00e9ndoles trazar un camino educativo que se alinee perfectamente","og_url":"https:\/\/eldiariodelaeducacion.com\/extraeducacion\/2023\/10\/31\/primeros-premios-a-la-excelencia-en-la-orientacion\/","og_site_name":"Extra Educaci\u00f3n","article_published_time":"2023-10-31T05:00:22+00:00","article_modified_time":"2024-07-29T08:14:57+00:00","og_image":[{"width":1520,"height":1013,"url":"https:\/\/eldiariodelaeducacion.com\/extraeducacion\/wp-content\/uploads\/sites\/5\/2023\/10\/7U5A9907.jpg","type":"image\/jpeg"}],"author":"Redacci\u00f3n","twitter_card":"summary_large_image","twitter_misc":{"Escrito por":"Redacci\u00f3n","Tiempo de lectura":"3 minutos"},"schema":{"@context":"https:\/\/schema.org","@graph":[{"@type":"Article","@id":"https:\/\/eldiariodelaeducacion.com\/extraeducacion\/2023\/10\/31\/primeros-premios-a-la-excelencia-en-la-orientacion\/#article","isPartOf":{"@id":"https:\/\/eldiariodelaeducacion.com\/extraeducacion\/2023\/10\/31\/primeros-premios-a-la-excelencia-en-la-orientacion\/"},"author":{"name":"Redacci\u00f3n","@id":"https:\/\/eldiariodelaeducacion.com\/extraeducacion\/#\/schema\/person\/5228007cb64f7ca80adbd750a941d59c"},"headline":"Primeros premios a la excelencia en la Orientaci\u00f3n","datePublished":"2023-10-31T05:00:22+00:00","dateModified":"2024-07-29T08:14:57+00:00","mainEntityOfPage":{"@id":"https:\/\/eldiariodelaeducacion.com\/extraeducacion\/2023\/10\/31\/primeros-premios-a-la-excelencia-en-la-orientacion\/"},"wordCount":519,"commentCount":0,"image":{"@id":"https:\/\/eldiariodelaeducacion.com\/extraeducacion\/2023\/10\/31\/primeros-premios-a-la-excelencia-en-la-orientacion\/#primaryimage"},"thumbnailUrl":"https:\/\/eldiariodelaeducacion.com\/extraeducacion\/wp-content\/uploads\/sites\/5\/2023\/10\/7U5A9907.jpg","keywords":["Orientaci\u00f3n educativa y profesional"],"articleSection":["Extra educaci\u00f3n"],"inLanguage":"es","potentialAction":[{"@type":"CommentAction","name":"Comment","target":["https:\/\/eldiariodelaeducacion.com\/extraeducacion\/2023\/10\/31\/primeros-premios-a-la-excelencia-en-la-orientacion\/#respond"]}]},{"@type":"WebPage","@id":"https:\/\/eldiariodelaeducacion.com\/extraeducacion\/2023\/10\/31\/primeros-premios-a-la-excelencia-en-la-orientacion\/","url":"https:\/\/eldiariodelaeducacion.com\/extraeducacion\/2023\/10\/31\/primeros-premios-a-la-excelencia-en-la-orientacion\/","name":"Primeros premios a la excelencia en la Orientaci\u00f3n - Extra Educaci\u00f3n","isPartOf":{"@id":"https:\/\/eldiariodelaeducacion.com\/extraeducacion\/#website"},"primaryImageOfPage":{"@id":"https:\/\/eldiariodelaeducacion.com\/extraeducacion\/2023\/10\/31\/primeros-premios-a-la-excelencia-en-la-orientacion\/#primaryimage"},"image":{"@id":"https:\/\/eldiariodelaeducacion.com\/extraeducacion\/2023\/10\/31\/primeros-premios-a-la-excelencia-en-la-orientacion\/#primaryimage"},"thumbnailUrl":"https:\/\/eldiariodelaeducacion.com\/extraeducacion\/wp-content\/uploads\/sites\/5\/2023\/10\/7U5A9907.jpg","datePublished":"2023-10-31T05:00:22+00:00","dateModified":"2024-07-29T08:14:57+00:00","author":{"@id":"https:\/\/eldiariodelaeducacion.com\/extraeducacion\/#\/schema\/person\/5228007cb64f7ca80adbd750a941d59c"},"breadcrumb":{"@id":"https:\/\/eldiariodelaeducacion.com\/extraeducacion\/2023\/10\/31\/primeros-premios-a-la-excelencia-en-la-orientacion\/#breadcrumb"},"inLanguage":"es","potentialAction":[{"@type":"ReadAction","target":["https:\/\/eldiariodelaeducacion.com\/extraeducacion\/2023\/10\/31\/primeros-premios-a-la-excelencia-en-la-orientacion\/"]}]},{"@type":"ImageObject","inLanguage":"es","@id":"https:\/\/eldiariodelaeducacion.com\/extraeducacion\/2023\/10\/31\/primeros-premios-a-la-excelencia-en-la-orientacion\/#primaryimage","url":"https:\/\/eldiariodelaeducacion.com\/extraeducacion\/wp-content\/uploads\/sites\/5\/2023\/10\/7U5A9907.jpg","contentUrl":"https:\/\/eldiariodelaeducacion.com\/extraeducacion\/wp-content\/uploads\/sites\/5\/2023\/10\/7U5A9907.jpg","width":1520,"height":1013},{"@type":"BreadcrumbList","@id":"https:\/\/eldiariodelaeducacion.com\/extraeducacion\/2023\/10\/31\/primeros-premios-a-la-excelencia-en-la-orientacion\/#breadcrumb","itemListElement":[{"@type":"ListItem","position":1,"name":"Portada","item":"https:\/\/eldiariodelaeducacion.com\/extraeducacion\/"},{"@type":"ListItem","position":2,"name":"Primeros premios a la excelencia en la Orientaci\u00f3n"}]},{"@type":"WebSite","@id":"https:\/\/eldiariodelaeducacion.com\/extraeducacion\/#website","url":"https:\/\/eldiariodelaeducacion.com\/extraeducacion\/","name":"Extra Educaci\u00f3n","description":"Un blog de El Diario de la Educaci\u00f3n","potentialAction":[{"@type":"SearchAction","target":{"@type":"EntryPoint","urlTemplate":"https:\/\/eldiariodelaeducacion.com\/extraeducacion\/?s={search_term_string}"},"query-input":{"@type":"PropertyValueSpecification","valueRequired":true,"valueName":"search_term_string"}}],"inLanguage":"es"},{"@type":"Person","@id":"https:\/\/eldiariodelaeducacion.com\/extraeducacion\/#\/schema\/person\/5228007cb64f7ca80adbd750a941d59c","name":"Redacci\u00f3n","image":{"@type":"ImageObject","inLanguage":"es","@id":"https:\/\/eldiariodelaeducacion.com\/wp-content\/uploads\/2024\/10\/redaccion_avatar-96x96.png","url":"https:\/\/eldiariodelaeducacion.com\/wp-content\/uploads\/2024\/10\/redaccion_avatar-96x96.png","contentUrl":"https:\/\/eldiariodelaeducacion.com\/wp-content\/uploads\/2024\/10\/redaccion_avatar-96x96.png","caption":"Redacci\u00f3n"},"url":"https:\/\/eldiariodelaeducacion.com\/extraeducacion\/author\/redaccion\/"}]}},"_links":{"self":[{"href":"https:\/\/eldiariodelaeducacion.com\/extraeducacion\/wp-json\/wp\/v2\/posts\/667","targetHints":{"allow":["GET"]}}],"collection":[{"href":"https:\/\/eldiariodelaeducacion.com\/extraeducacion\/wp-json\/wp\/v2\/posts"}],"about":[{"href":"https:\/\/eldiariodelaeducacion.com\/extraeducacion\/wp-json\/wp\/v2\/types\/post"}],"author":[{"embeddable":true,"href":"https:\/\/eldiariodelaeducacion.com\/extraeducacion\/wp-json\/wp\/v2\/users\/150"}],"replies":[{"embeddable":true,"href":"https:\/\/eldiariodelaeducacion.com\/extraeducacion\/wp-json\/wp\/v2\/comments?post=667"}],"version-history":[{"count":1,"href":"https:\/\/eldiariodelaeducacion.com\/extraeducacion\/wp-json\/wp\/v2\/posts\/667\/revisions"}],"predecessor-version":[{"id":852,"href":"https:\/\/eldiariodelaeducacion.com\/extraeducacion\/wp-json\/wp\/v2\/posts\/667\/revisions\/852"}],"wp:featuredmedia":[{"embeddable":true,"href":"https:\/\/eldiariodelaeducacion.com\/extraeducacion\/wp-json\/wp\/v2\/media\/668"}],"wp:attachment":[{"href":"https:\/\/eldiariodelaeducacion.com\/extraeducacion\/wp-json\/wp\/v2\/media?parent=667"}],"wp:term":[{"taxonomy":"category","embeddable":true,"href":"https:\/\/eldiariodelaeducacion.com\/extraeducacion\/wp-json\/wp\/v2\/categories?post=667"},{"taxonomy":"post_tag","embeddable":true,"href":"https:\/\/eldiariodelaeducacion.com\/extraeducacion\/wp-json\/wp\/v2\/tags?post=667"},{"taxonomy":"tipo","embeddable":true,"href":"https:\/\/eldiariodelaeducacion.com\/extraeducacion\/wp-json\/wp\/v2\/tipo?post=667"}],"curies":[{"name":"wp","href":"https:\/\/api.w.org\/{rel}","templated":true}]}}