{"id":67,"date":"2018-06-26T07:45:51","date_gmt":"2018-06-26T06:45:51","guid":{"rendered":"http:\/\/eldiariodelaeducacion.test\/extraeducacion\/\/?p=67"},"modified":"2024-07-29T10:14:50","modified_gmt":"2024-07-29T08:14:50","slug":"la-formacion-clave-de-los-buenos-emprendedores","status":"publish","type":"post","link":"https:\/\/eldiariodelaeducacion.com\/extraeducacion\/2018\/06\/26\/la-formacion-clave-de-los-buenos-emprendedores\/","title":{"rendered":"La formaci\u00f3n, clave de los buenos emprendedores"},"content":{"rendered":"<p>Pasi\u00f3n, una idea original y muchas ganas\u2026 Todo ello es fundamental a la hora de lanzarse a la aventura de crear un nuevo negocio, pero no hay que olvidar lo m\u00e1s importante antes de emprender: <strong>una buena formaci\u00f3n<\/strong>.<\/p>\n<p>El avance de las tecnolog\u00edas digitales est\u00e1 acelerando la transformaci\u00f3n del mercado laboral a pasos agigantados: muchos puestos de trabajo est\u00e1n desapareciendo para dar paso a nuevos perfiles profesionales capaces de afrontar los retos del futuro. Por este motivo, <strong>la formaci\u00f3n continuada es una de las claves del \u00e9xito<\/strong> a la hora de emprender, ya que solo con rigor y competencia es posible abrir la mente a todo un abanico de nuevas habilidades que permitan al emprendedor dar con ese \u201cclic\u201d de ideas innovadoras y originales que le diferencien del resto.<\/p>\n<p>No hay duda de que la sociedad est\u00e1 cambiando y el mundo de los negocios no puede quedarse atr\u00e1s, sino que debe adaptarse y transformar la mentalidad de todos los que, de una manera u otra, forman parte del tejido empresarial.<\/p>\n<p>En este sentido, el <a href=\"https:\/\/ieavanzado.com\/\"><strong>Instituto de Emprendimiento Avanzado<\/strong><\/a> prepara a sus alumnos para liderar sus propios proyectos empresariales desde una base s\u00f3lida, fundamentada en la visi\u00f3n, la experiencia, el conocimiento y la \u00e9tica. <strong>Juan Claudio Abell\u00f3<\/strong>, Licenciado en Direcci\u00f3n de Empresa en el ESERP Bussiness School y miembro del equipo directivo del Instituto de Emprendimiento Avanzado, destaca\u00a0 \u201cla vocaci\u00f3n de formar en el emprendimiento, desde el conocimiento, la experiencia y la excelencia, para que cada alumno pueda poner en marcha su propio proyecto empresarial\u201d.<\/p>\n<p>Uno de los objetivos primordiales del Instituto de Emprendimiento Avanzado es el de preparar a los alumnos para la vida real, por eso ofrece una base te\u00f3rica combinada con casos pr\u00e1cticos y simuladores empresariales. Para desarrollar su metodolog\u00eda, la escuela cuenta con <strong>empresarios y directivos comprometidos con la sociedad y dispuestos a transmitir su experiencia emprendedora <\/strong>y conocimiento a las generaciones futuras para que puedan liderar sus propios proyectos de emprendimiento.<\/p>\n<h3><strong>Ense\u00f1anza personalizada y experiencial<\/strong><\/h3>\n<p>Emprender es como un oficio y, como tal, se puede aprender. Por eso, los programas que ofrecen en el Instituto se desarrollan en grupos reducidos para garantizar la eficacia y dedicaci\u00f3n que los alumnos necesitan, sin olvidar la parte pr\u00e1ctica que les permita integrar los conceptos adquiridos. Para ello, la escuela mantiene <strong>acuerdos con empresas relevantes<\/strong> para que los alumnos puedan aplicar a la realidad laboral los conocimientos aprendidos.<\/p>\n<p>La escuela considera fundamental la tecnolog\u00eda como factor fundamental de la nueva forma de hacer empresa y dirigirla. Por ello, los programas del Instituto de Emprendimiento Avanzado incorporan las competencias necesarias para desarrollar no solamente las mejores estrategias de negocio, sino tambi\u00e9n las <strong>habilidades digitales indispensables para triunfar como emprendedor<\/strong>.<\/p>\n<p>Adem\u00e1s, a la hora de formarse resulta importante tener claro el papel que, como emprendedor, se va a desempe\u00f1ar en la empresa. Por ello, la oferta formativa de la escuela se adapta al perfil de cada alumno y le dota de las herramientas necesarias para que pueda promover con \u00e9xito su propio proyecto empresarial.<\/p>\n<h3>Activar el gen emprendedor<\/h3>\n<p>Entre sus diferentes programas de ense\u00f1anza, el <a href=\"https:\/\/ieavanzado.com\/oferta-formativa\/mba-para-el-emprendimiento\/\"><strong>MBA para el Emprendimiento<\/strong><\/a> est\u00e1 dirigido a los emprendedores que deseen liderar su propio proyecto empresarial. Para ello, el plan de estudios se basa en la comprensi\u00f3n del emprendimiento y de sus diferentes enfoques con el objetivo de preparar a los alumnos para ocupar puestos de alta direcci\u00f3n. Este programa busca, sobre todo, reforzar la experiencia, mejorar la carrera profesional y promover la excelencia de los futuros directivos. Adem\u00e1s de los m\u00f3dulos te\u00f3ricos, una parte importante del programa se centra en la econom\u00eda digital y en la creaci\u00f3n de una <em>start-up<\/em>. Adem\u00e1s, los alumnos interesados podr\u00e1n pasar tres semanas en un campus universitario de EEUU para especializar su formaci\u00f3n y hacer pr\u00e1cticas en empresas.<\/p>\n<p>No solo hay que tener ideas, tambi\u00e9n es importante saber c\u00f3mo venderlas. Por eso, el Instituto de Emprendimiento Avanzado ofrece a sus alumnos el <a href=\"https:\/\/ieavanzado.com\/oferta-formativa\/mba-para-el-emprendimiento\/\"><strong>M\u00e1ster de Marketing para emprendedores<\/strong><\/a>, con el objetivo de proporcionarles las habilidades necesarias para crear una estrategia de expansi\u00f3n de su idea o proyecto empresarial, adem\u00e1s de capacitarle para identificar las necesidades del usuario, a crear un plan de negocio correcto y a capacitarle sobre las t\u00e9cnicas de venta. Tambi\u00e9n esta modalidad incide sobre el marketing digital para que el alumno pueda desenvolverse con soltura en este campo en auge.<\/p>\n<p>La oferta formativa incluye tambi\u00e9n el <a href=\"https:\/\/ieavanzado.com\/oferta-formativa\/master-de-finanzas-para-emprendedores\/\"><strong>M\u00e1ster de Finanzas para emprendedores<\/strong><\/a>, con el objetivo de dotar al alumnado de los instrumentos te\u00f3ricos de conocimiento y la experiencia pr\u00e1ctica para la buena direcci\u00f3n financiera de la compa\u00f1\u00eda. Entre los m\u00f3dulos de esta formaci\u00f3n destaca el de \u2018Fuentes de financiaci\u00f3n para emprendedores\u2019, que dota al alumnos de las herramientas necesarias para que pueda desarrollar un proyecto en el \u00e1mbito digital.<\/p>\n<p>Todos los cursos disponen de horarios de ma\u00f1ana, tarde, fin de semana y tambi\u00e9n contemplan la posibilidad de cursarlos en la modalidad online. Adem\u00e1s, el Instituto cuenta con <strong>acuerdos con destacadas empresas de todo el pa\u00eds<\/strong> donde los alumnos podr\u00e1n poner en pr\u00e1ctica los conocimientos adquiridos en el programa y crear, de esta manera, una red de contactos b\u00e1sica para el desarrollo de sus ideas. Estas pr\u00e1cticas se realizan simult\u00e1neamente al final del MBA, o una vez finalizadas las clases presenciales, en funci\u00f3n de la disponibilidad de cada alumno.<\/p>\n","protected":false},"excerpt":{"rendered":"<p>Pasi\u00f3n, una idea original y muchas ganas\u2026 Todo ello es fundamental a la hora de lanzarse a la aventura de crear un nuevo negocio, pero no hay que olvidar lo m\u00e1s importante antes de emprender: una buena formaci\u00f3n. El avance de las tecnolog\u00edas digitales est\u00e1 acelerando la transformaci\u00f3n del mercado laboral a pasos agigantados: muchos<\/p>\n","protected":false},"author":150,"featured_media":68,"comment_status":"open","ping_status":"open","sticky":false,"template":"","format":"standard","meta":{"footnotes":""},"categories":[1],"tags":[],"tipo":[],"class_list":{"0":"post-67","1":"post","2":"type-post","3":"status-publish","4":"format-standard","5":"has-post-thumbnail","7":"category-sin-categoria"},"yoast_head":"<!-- This site is optimized with the Yoast SEO plugin v27.5 - https:\/\/yoast.com\/product\/yoast-seo-wordpress\/ -->\n<title>La formaci\u00f3n, clave de los buenos emprendedores - Extra Educaci\u00f3n<\/title>\n<meta name=\"robots\" content=\"index, follow, max-snippet:-1, max-image-preview:large, max-video-preview:-1\" \/>\n<link rel=\"canonical\" href=\"https:\/\/eldiariodelaeducacion.com\/extraeducacion\/2018\/06\/26\/la-formacion-clave-de-los-buenos-emprendedores\/\" \/>\n<meta property=\"og:locale\" content=\"es_ES\" \/>\n<meta property=\"og:type\" content=\"article\" \/>\n<meta property=\"og:title\" content=\"La formaci\u00f3n, clave de los buenos emprendedores - Extra Educaci\u00f3n\" \/>\n<meta property=\"og:description\" content=\"Pasi\u00f3n, una idea original y muchas ganas\u2026 Todo ello es fundamental a la hora de lanzarse a la aventura de crear un nuevo negocio, pero no hay que olvidar lo m\u00e1s importante antes de emprender: una buena formaci\u00f3n. El avance de las tecnolog\u00edas digitales est\u00e1 acelerando la transformaci\u00f3n del mercado laboral a pasos agigantados: muchos\" \/>\n<meta property=\"og:url\" content=\"https:\/\/eldiariodelaeducacion.com\/extraeducacion\/2018\/06\/26\/la-formacion-clave-de-los-buenos-emprendedores\/\" \/>\n<meta property=\"og:site_name\" content=\"Extra Educaci\u00f3n\" \/>\n<meta property=\"article:published_time\" content=\"2018-06-26T06:45:51+00:00\" \/>\n<meta property=\"article:modified_time\" content=\"2024-07-29T08:14:50+00:00\" \/>\n<meta property=\"og:image\" content=\"https:\/\/eldiariodelaeducacion.com\/extraeducacion\/wp-content\/uploads\/sites\/5\/2018\/06\/Ieavanzado-copiar.jpg\" \/>\n\t<meta property=\"og:image:width\" content=\"1024\" \/>\n\t<meta property=\"og:image:height\" content=\"683\" \/>\n\t<meta property=\"og:image:type\" content=\"image\/jpeg\" \/>\n<meta name=\"author\" content=\"Redacci\u00f3n\" \/>\n<meta name=\"twitter:card\" content=\"summary_large_image\" \/>\n<meta name=\"twitter:label1\" content=\"Escrito por\" \/>\n\t<meta name=\"twitter:data1\" content=\"Redacci\u00f3n\" \/>\n\t<meta name=\"twitter:label2\" content=\"Tiempo de lectura\" \/>\n\t<meta name=\"twitter:data2\" content=\"5 minutos\" \/>\n<script type=\"application\/ld+json\" class=\"yoast-schema-graph\">{\"@context\":\"https:\\\/\\\/schema.org\",\"@graph\":[{\"@type\":\"Article\",\"@id\":\"https:\\\/\\\/eldiariodelaeducacion.com\\\/extraeducacion\\\/2018\\\/06\\\/26\\\/la-formacion-clave-de-los-buenos-emprendedores\\\/#article\",\"isPartOf\":{\"@id\":\"https:\\\/\\\/eldiariodelaeducacion.com\\\/extraeducacion\\\/2018\\\/06\\\/26\\\/la-formacion-clave-de-los-buenos-emprendedores\\\/\"},\"author\":{\"name\":\"Redacci\u00f3n\",\"@id\":\"https:\\\/\\\/eldiariodelaeducacion.com\\\/extraeducacion\\\/#\\\/schema\\\/person\\\/5228007cb64f7ca80adbd750a941d59c\"},\"headline\":\"La formaci\u00f3n, clave de los buenos emprendedores\",\"datePublished\":\"2018-06-26T06:45:51+00:00\",\"dateModified\":\"2024-07-29T08:14:50+00:00\",\"mainEntityOfPage\":{\"@id\":\"https:\\\/\\\/eldiariodelaeducacion.com\\\/extraeducacion\\\/2018\\\/06\\\/26\\\/la-formacion-clave-de-los-buenos-emprendedores\\\/\"},\"wordCount\":946,\"commentCount\":0,\"image\":{\"@id\":\"https:\\\/\\\/eldiariodelaeducacion.com\\\/extraeducacion\\\/2018\\\/06\\\/26\\\/la-formacion-clave-de-los-buenos-emprendedores\\\/#primaryimage\"},\"thumbnailUrl\":\"https:\\\/\\\/eldiariodelaeducacion.com\\\/extraeducacion\\\/wp-content\\\/uploads\\\/sites\\\/5\\\/2018\\\/06\\\/Ieavanzado-copiar.jpg\",\"inLanguage\":\"es\",\"potentialAction\":[{\"@type\":\"CommentAction\",\"name\":\"Comment\",\"target\":[\"https:\\\/\\\/eldiariodelaeducacion.com\\\/extraeducacion\\\/2018\\\/06\\\/26\\\/la-formacion-clave-de-los-buenos-emprendedores\\\/#respond\"]}]},{\"@type\":\"WebPage\",\"@id\":\"https:\\\/\\\/eldiariodelaeducacion.com\\\/extraeducacion\\\/2018\\\/06\\\/26\\\/la-formacion-clave-de-los-buenos-emprendedores\\\/\",\"url\":\"https:\\\/\\\/eldiariodelaeducacion.com\\\/extraeducacion\\\/2018\\\/06\\\/26\\\/la-formacion-clave-de-los-buenos-emprendedores\\\/\",\"name\":\"La formaci\u00f3n, clave de los buenos emprendedores - Extra Educaci\u00f3n\",\"isPartOf\":{\"@id\":\"https:\\\/\\\/eldiariodelaeducacion.com\\\/extraeducacion\\\/#website\"},\"primaryImageOfPage\":{\"@id\":\"https:\\\/\\\/eldiariodelaeducacion.com\\\/extraeducacion\\\/2018\\\/06\\\/26\\\/la-formacion-clave-de-los-buenos-emprendedores\\\/#primaryimage\"},\"image\":{\"@id\":\"https:\\\/\\\/eldiariodelaeducacion.com\\\/extraeducacion\\\/2018\\\/06\\\/26\\\/la-formacion-clave-de-los-buenos-emprendedores\\\/#primaryimage\"},\"thumbnailUrl\":\"https:\\\/\\\/eldiariodelaeducacion.com\\\/extraeducacion\\\/wp-content\\\/uploads\\\/sites\\\/5\\\/2018\\\/06\\\/Ieavanzado-copiar.jpg\",\"datePublished\":\"2018-06-26T06:45:51+00:00\",\"dateModified\":\"2024-07-29T08:14:50+00:00\",\"author\":{\"@id\":\"https:\\\/\\\/eldiariodelaeducacion.com\\\/extraeducacion\\\/#\\\/schema\\\/person\\\/5228007cb64f7ca80adbd750a941d59c\"},\"breadcrumb\":{\"@id\":\"https:\\\/\\\/eldiariodelaeducacion.com\\\/extraeducacion\\\/2018\\\/06\\\/26\\\/la-formacion-clave-de-los-buenos-emprendedores\\\/#breadcrumb\"},\"inLanguage\":\"es\",\"potentialAction\":[{\"@type\":\"ReadAction\",\"target\":[\"https:\\\/\\\/eldiariodelaeducacion.com\\\/extraeducacion\\\/2018\\\/06\\\/26\\\/la-formacion-clave-de-los-buenos-emprendedores\\\/\"]}]},{\"@type\":\"ImageObject\",\"inLanguage\":\"es\",\"@id\":\"https:\\\/\\\/eldiariodelaeducacion.com\\\/extraeducacion\\\/2018\\\/06\\\/26\\\/la-formacion-clave-de-los-buenos-emprendedores\\\/#primaryimage\",\"url\":\"https:\\\/\\\/eldiariodelaeducacion.com\\\/extraeducacion\\\/wp-content\\\/uploads\\\/sites\\\/5\\\/2018\\\/06\\\/Ieavanzado-copiar.jpg\",\"contentUrl\":\"https:\\\/\\\/eldiariodelaeducacion.com\\\/extraeducacion\\\/wp-content\\\/uploads\\\/sites\\\/5\\\/2018\\\/06\\\/Ieavanzado-copiar.jpg\",\"width\":1024,\"height\":683,\"caption\":\"Foto: Instituto de Emprendimiento Avanzado\"},{\"@type\":\"BreadcrumbList\",\"@id\":\"https:\\\/\\\/eldiariodelaeducacion.com\\\/extraeducacion\\\/2018\\\/06\\\/26\\\/la-formacion-clave-de-los-buenos-emprendedores\\\/#breadcrumb\",\"itemListElement\":[{\"@type\":\"ListItem\",\"position\":1,\"name\":\"Portada\",\"item\":\"https:\\\/\\\/eldiariodelaeducacion.com\\\/extraeducacion\\\/\"},{\"@type\":\"ListItem\",\"position\":2,\"name\":\"La formaci\u00f3n, clave de los buenos emprendedores\"}]},{\"@type\":\"WebSite\",\"@id\":\"https:\\\/\\\/eldiariodelaeducacion.com\\\/extraeducacion\\\/#website\",\"url\":\"https:\\\/\\\/eldiariodelaeducacion.com\\\/extraeducacion\\\/\",\"name\":\"Extra Educaci\u00f3n\",\"description\":\"Un blog de El Diario de la Educaci\u00f3n\",\"potentialAction\":[{\"@type\":\"SearchAction\",\"target\":{\"@type\":\"EntryPoint\",\"urlTemplate\":\"https:\\\/\\\/eldiariodelaeducacion.com\\\/extraeducacion\\\/?s={search_term_string}\"},\"query-input\":{\"@type\":\"PropertyValueSpecification\",\"valueRequired\":true,\"valueName\":\"search_term_string\"}}],\"inLanguage\":\"es\"},{\"@type\":\"Person\",\"@id\":\"https:\\\/\\\/eldiariodelaeducacion.com\\\/extraeducacion\\\/#\\\/schema\\\/person\\\/5228007cb64f7ca80adbd750a941d59c\",\"name\":\"Redacci\u00f3n\",\"image\":{\"@type\":\"ImageObject\",\"inLanguage\":\"es\",\"@id\":\"https:\\\/\\\/eldiariodelaeducacion.com\\\/wp-content\\\/uploads\\\/2024\\\/10\\\/redaccion_avatar-96x96.png\",\"url\":\"https:\\\/\\\/eldiariodelaeducacion.com\\\/wp-content\\\/uploads\\\/2024\\\/10\\\/redaccion_avatar-96x96.png\",\"contentUrl\":\"https:\\\/\\\/eldiariodelaeducacion.com\\\/wp-content\\\/uploads\\\/2024\\\/10\\\/redaccion_avatar-96x96.png\",\"caption\":\"Redacci\u00f3n\"},\"url\":\"https:\\\/\\\/eldiariodelaeducacion.com\\\/extraeducacion\\\/author\\\/redaccion\\\/\"}]}<\/script>\n<!-- \/ Yoast SEO plugin. -->","yoast_head_json":{"title":"La formaci\u00f3n, clave de los buenos emprendedores - Extra Educaci\u00f3n","robots":{"index":"index","follow":"follow","max-snippet":"max-snippet:-1","max-image-preview":"max-image-preview:large","max-video-preview":"max-video-preview:-1"},"canonical":"https:\/\/eldiariodelaeducacion.com\/extraeducacion\/2018\/06\/26\/la-formacion-clave-de-los-buenos-emprendedores\/","og_locale":"es_ES","og_type":"article","og_title":"La formaci\u00f3n, clave de los buenos emprendedores - Extra Educaci\u00f3n","og_description":"Pasi\u00f3n, una idea original y muchas ganas\u2026 Todo ello es fundamental a la hora de lanzarse a la aventura de crear un nuevo negocio, pero no hay que olvidar lo m\u00e1s importante antes de emprender: una buena formaci\u00f3n. El avance de las tecnolog\u00edas digitales est\u00e1 acelerando la transformaci\u00f3n del mercado laboral a pasos agigantados: muchos","og_url":"https:\/\/eldiariodelaeducacion.com\/extraeducacion\/2018\/06\/26\/la-formacion-clave-de-los-buenos-emprendedores\/","og_site_name":"Extra Educaci\u00f3n","article_published_time":"2018-06-26T06:45:51+00:00","article_modified_time":"2024-07-29T08:14:50+00:00","og_image":[{"width":1024,"height":683,"url":"https:\/\/eldiariodelaeducacion.com\/extraeducacion\/wp-content\/uploads\/sites\/5\/2018\/06\/Ieavanzado-copiar.jpg","type":"image\/jpeg"}],"author":"Redacci\u00f3n","twitter_card":"summary_large_image","twitter_misc":{"Escrito por":"Redacci\u00f3n","Tiempo de lectura":"5 minutos"},"schema":{"@context":"https:\/\/schema.org","@graph":[{"@type":"Article","@id":"https:\/\/eldiariodelaeducacion.com\/extraeducacion\/2018\/06\/26\/la-formacion-clave-de-los-buenos-emprendedores\/#article","isPartOf":{"@id":"https:\/\/eldiariodelaeducacion.com\/extraeducacion\/2018\/06\/26\/la-formacion-clave-de-los-buenos-emprendedores\/"},"author":{"name":"Redacci\u00f3n","@id":"https:\/\/eldiariodelaeducacion.com\/extraeducacion\/#\/schema\/person\/5228007cb64f7ca80adbd750a941d59c"},"headline":"La formaci\u00f3n, clave de los buenos emprendedores","datePublished":"2018-06-26T06:45:51+00:00","dateModified":"2024-07-29T08:14:50+00:00","mainEntityOfPage":{"@id":"https:\/\/eldiariodelaeducacion.com\/extraeducacion\/2018\/06\/26\/la-formacion-clave-de-los-buenos-emprendedores\/"},"wordCount":946,"commentCount":0,"image":{"@id":"https:\/\/eldiariodelaeducacion.com\/extraeducacion\/2018\/06\/26\/la-formacion-clave-de-los-buenos-emprendedores\/#primaryimage"},"thumbnailUrl":"https:\/\/eldiariodelaeducacion.com\/extraeducacion\/wp-content\/uploads\/sites\/5\/2018\/06\/Ieavanzado-copiar.jpg","inLanguage":"es","potentialAction":[{"@type":"CommentAction","name":"Comment","target":["https:\/\/eldiariodelaeducacion.com\/extraeducacion\/2018\/06\/26\/la-formacion-clave-de-los-buenos-emprendedores\/#respond"]}]},{"@type":"WebPage","@id":"https:\/\/eldiariodelaeducacion.com\/extraeducacion\/2018\/06\/26\/la-formacion-clave-de-los-buenos-emprendedores\/","url":"https:\/\/eldiariodelaeducacion.com\/extraeducacion\/2018\/06\/26\/la-formacion-clave-de-los-buenos-emprendedores\/","name":"La formaci\u00f3n, clave de los buenos emprendedores - Extra Educaci\u00f3n","isPartOf":{"@id":"https:\/\/eldiariodelaeducacion.com\/extraeducacion\/#website"},"primaryImageOfPage":{"@id":"https:\/\/eldiariodelaeducacion.com\/extraeducacion\/2018\/06\/26\/la-formacion-clave-de-los-buenos-emprendedores\/#primaryimage"},"image":{"@id":"https:\/\/eldiariodelaeducacion.com\/extraeducacion\/2018\/06\/26\/la-formacion-clave-de-los-buenos-emprendedores\/#primaryimage"},"thumbnailUrl":"https:\/\/eldiariodelaeducacion.com\/extraeducacion\/wp-content\/uploads\/sites\/5\/2018\/06\/Ieavanzado-copiar.jpg","datePublished":"2018-06-26T06:45:51+00:00","dateModified":"2024-07-29T08:14:50+00:00","author":{"@id":"https:\/\/eldiariodelaeducacion.com\/extraeducacion\/#\/schema\/person\/5228007cb64f7ca80adbd750a941d59c"},"breadcrumb":{"@id":"https:\/\/eldiariodelaeducacion.com\/extraeducacion\/2018\/06\/26\/la-formacion-clave-de-los-buenos-emprendedores\/#breadcrumb"},"inLanguage":"es","potentialAction":[{"@type":"ReadAction","target":["https:\/\/eldiariodelaeducacion.com\/extraeducacion\/2018\/06\/26\/la-formacion-clave-de-los-buenos-emprendedores\/"]}]},{"@type":"ImageObject","inLanguage":"es","@id":"https:\/\/eldiariodelaeducacion.com\/extraeducacion\/2018\/06\/26\/la-formacion-clave-de-los-buenos-emprendedores\/#primaryimage","url":"https:\/\/eldiariodelaeducacion.com\/extraeducacion\/wp-content\/uploads\/sites\/5\/2018\/06\/Ieavanzado-copiar.jpg","contentUrl":"https:\/\/eldiariodelaeducacion.com\/extraeducacion\/wp-content\/uploads\/sites\/5\/2018\/06\/Ieavanzado-copiar.jpg","width":1024,"height":683,"caption":"Foto: Instituto de Emprendimiento Avanzado"},{"@type":"BreadcrumbList","@id":"https:\/\/eldiariodelaeducacion.com\/extraeducacion\/2018\/06\/26\/la-formacion-clave-de-los-buenos-emprendedores\/#breadcrumb","itemListElement":[{"@type":"ListItem","position":1,"name":"Portada","item":"https:\/\/eldiariodelaeducacion.com\/extraeducacion\/"},{"@type":"ListItem","position":2,"name":"La formaci\u00f3n, clave de los buenos emprendedores"}]},{"@type":"WebSite","@id":"https:\/\/eldiariodelaeducacion.com\/extraeducacion\/#website","url":"https:\/\/eldiariodelaeducacion.com\/extraeducacion\/","name":"Extra Educaci\u00f3n","description":"Un blog de El Diario de la Educaci\u00f3n","potentialAction":[{"@type":"SearchAction","target":{"@type":"EntryPoint","urlTemplate":"https:\/\/eldiariodelaeducacion.com\/extraeducacion\/?s={search_term_string}"},"query-input":{"@type":"PropertyValueSpecification","valueRequired":true,"valueName":"search_term_string"}}],"inLanguage":"es"},{"@type":"Person","@id":"https:\/\/eldiariodelaeducacion.com\/extraeducacion\/#\/schema\/person\/5228007cb64f7ca80adbd750a941d59c","name":"Redacci\u00f3n","image":{"@type":"ImageObject","inLanguage":"es","@id":"https:\/\/eldiariodelaeducacion.com\/wp-content\/uploads\/2024\/10\/redaccion_avatar-96x96.png","url":"https:\/\/eldiariodelaeducacion.com\/wp-content\/uploads\/2024\/10\/redaccion_avatar-96x96.png","contentUrl":"https:\/\/eldiariodelaeducacion.com\/wp-content\/uploads\/2024\/10\/redaccion_avatar-96x96.png","caption":"Redacci\u00f3n"},"url":"https:\/\/eldiariodelaeducacion.com\/extraeducacion\/author\/redaccion\/"}]}},"_links":{"self":[{"href":"https:\/\/eldiariodelaeducacion.com\/extraeducacion\/wp-json\/wp\/v2\/posts\/67","targetHints":{"allow":["GET"]}}],"collection":[{"href":"https:\/\/eldiariodelaeducacion.com\/extraeducacion\/wp-json\/wp\/v2\/posts"}],"about":[{"href":"https:\/\/eldiariodelaeducacion.com\/extraeducacion\/wp-json\/wp\/v2\/types\/post"}],"author":[{"embeddable":true,"href":"https:\/\/eldiariodelaeducacion.com\/extraeducacion\/wp-json\/wp\/v2\/users\/150"}],"replies":[{"embeddable":true,"href":"https:\/\/eldiariodelaeducacion.com\/extraeducacion\/wp-json\/wp\/v2\/comments?post=67"}],"version-history":[{"count":1,"href":"https:\/\/eldiariodelaeducacion.com\/extraeducacion\/wp-json\/wp\/v2\/posts\/67\/revisions"}],"predecessor-version":[{"id":773,"href":"https:\/\/eldiariodelaeducacion.com\/extraeducacion\/wp-json\/wp\/v2\/posts\/67\/revisions\/773"}],"wp:featuredmedia":[{"embeddable":true,"href":"https:\/\/eldiariodelaeducacion.com\/extraeducacion\/wp-json\/wp\/v2\/media\/68"}],"wp:attachment":[{"href":"https:\/\/eldiariodelaeducacion.com\/extraeducacion\/wp-json\/wp\/v2\/media?parent=67"}],"wp:term":[{"taxonomy":"category","embeddable":true,"href":"https:\/\/eldiariodelaeducacion.com\/extraeducacion\/wp-json\/wp\/v2\/categories?post=67"},{"taxonomy":"post_tag","embeddable":true,"href":"https:\/\/eldiariodelaeducacion.com\/extraeducacion\/wp-json\/wp\/v2\/tags?post=67"},{"taxonomy":"tipo","embeddable":true,"href":"https:\/\/eldiariodelaeducacion.com\/extraeducacion\/wp-json\/wp\/v2\/tipo?post=67"}],"curies":[{"name":"wp","href":"https:\/\/api.w.org\/{rel}","templated":true}]}}