{"id":703,"date":"2023-11-30T06:00:06","date_gmt":"2023-11-30T05:00:06","guid":{"rendered":"https:\/\/eldiariodelaeducacion.com\/extraeducacion\/?p=703"},"modified":"2024-07-29T10:14:58","modified_gmt":"2024-07-29T08:14:58","slug":"aprendemos-juntos-2030-apuesta-por-la-sostenibilidad-con-reinicia-tu-mundo","status":"publish","type":"post","link":"https:\/\/eldiariodelaeducacion.com\/extraeducacion\/2023\/11\/30\/aprendemos-juntos-2030-apuesta-por-la-sostenibilidad-con-reinicia-tu-mundo\/","title":{"rendered":"Aprendemos juntos 2030 apuesta por la sostenibilidad con `Reinicia tu mundo\u00b4"},"content":{"rendered":"<p>La sostenibilidad es el gran reto del siglo XXI y la escuela es esencial para transmitir a la infancia su impacto sobre el planeta, y el papel decisivo que sus acciones tienen en su conservaci\u00f3n.<\/p>\n<p>\u201cReinicia tu mundo\u201d nace con el objetivo de servir de inspiraci\u00f3n al profesorado, para que lleve a cabo con su alumnado un conjunto de metodolog\u00edas de ense\u00f1anza y aprendizaje con la sostenibilidad como eje vertebrador.<\/p>\n<p>Poner en pr\u00e1ctica h\u00e1bitos sostenibles nos permite mejorar nuestra calidad de vida y la de nuestro entorno m\u00e1s cercano, y al mismo tiempo, nos convierte en agentes de cambio activo para un mundo mejor, m\u00e1s verde e inclusivo.<\/p>\n<p>La propuesta ofrece, de manera totalmente gratuita, todo el material necesario para llevar a cabo la propuesta. M\u00e1s de 8 horas de contenido audiovisual que nos muestra la puesta en marcha de las diferentes metodolog\u00edas, y todo el material gr\u00e1fico necesario para llevar a cabo las propuestas pr\u00e1cticas, con infograf\u00edas, gu\u00edas para docentes y el material did\u00e1ctico necesario para su aplicaci\u00f3n en el aula.<\/p>\n<p>La propuesta se desarrolla con un mismo grupo de 23 alumnos y alumnas y una docente, Viviana Figueroa. El v\u00ednculo entre ellos y el d\u00eda a d\u00eda del aula, ejemplifican buenas pr\u00e1cticas que pueden resultar inspiradoras para ser adaptadas en diferentes contextos educativos.<\/p>\n<h4>\u201cReinicia tu mundo\u201d ofrece tres m\u00f3dulos complementarios pero independientes<\/h4>\n<p><strong>Consumo responsable<\/strong>. Su objetivo es que los ni\u00f1os y las ni\u00f1as tomen conciencia de su impacto en el entorno y se comprometan activamente. En este m\u00f3dulo, los pl\u00e1sticos son un ejemplo pr\u00e1ctico sobre el impacto de nuestra forma de actuar.<\/p>\n<p><strong>H\u00e1bitos de vida saludable<\/strong>. El objetivo de este m\u00f3dulo es ayudar a plantar en la infancia la semilla del autocuidado, desde una perspectiva amplia que incluye la alimentaci\u00f3n, el descanso, la higiene, y la necesidad de estar activos. Porque solo con unos h\u00e1bitos saludables es posible tener una vida sana y feliz.<\/p>\n<p><strong>Diversidad y convivencia<\/strong>. Con el foco puesto en la diversidad como una fuente de enriquecimiento, este contenido se centra en las estrategias que nos ayudan a convivir. La biodiversidad tambi\u00e9n tiene su espacio en este m\u00f3dulo: es fundamental conocer y respetar los diferentes ecosistemas, entender que todos los seres vivos son imprescindibles y valiosos.<\/p>\n<figure id=\"attachment_704\" aria-describedby=\"caption-attachment-704\" style=\"width: 820px\" class=\"wp-caption alignnone\"><img fetchpriority=\"high\" decoding=\"async\" class=\"wp-image-704\" src=\"https:\/\/gracious-carson.82-223-1-47.plesk.page\/extraeducacion\/wp-content\/uploads\/sites\/5\/2023\/11\/Odile-y-lobo21-300x169.jpg\" alt=\"\" width=\"820\" height=\"461\" srcset=\"https:\/\/eldiariodelaeducacion.com\/extraeducacion\/wp-content\/uploads\/sites\/5\/2023\/11\/Odile-y-lobo21-300x169.jpg 300w, https:\/\/eldiariodelaeducacion.com\/extraeducacion\/wp-content\/uploads\/sites\/5\/2023\/11\/Odile-y-lobo21-768x432.jpg 768w, https:\/\/eldiariodelaeducacion.com\/extraeducacion\/wp-content\/uploads\/sites\/5\/2023\/11\/Odile-y-lobo21.jpg 1024w\" sizes=\"(max-width: 820px) 100vw, 820px\" \/><figcaption id=\"caption-attachment-704\" class=\"wp-caption-text\">Aprendemos juntos<\/figcaption><\/figure>\n<h4>Cada uno de los m\u00f3dulos tiene tres fases: Sentir, Pensar y Actuar<\/h4>\n<p>La propuesta busca que el alumnado se aproxime a cada tem\u00e1tica desde una triple perspectiva (sentir, pensar y actuar), con el objetivo de promover su desarrollo integral y un aprendizaje con sentido y valor personal.<\/p>\n<p>Tres fases que permiten acompa\u00f1ar al alumnado en contextos distintos, ofreci\u00e9ndoles diferentes recursos para aprender y observando c\u00f3mo se desenvuelven en cada uno de ellos.<\/p>\n<p><strong>Sentir<\/strong>. Se desarrolla fuera del aula, mediante experiencias en las que los ni\u00f1os y ni\u00f1as, de la mano de reconocidos expertos, se acercan a los contenidos que est\u00e1n aprendiendo en el aula.<\/p>\n<p>Visitan el Celler de Can Roca junto al chef Joan Roca y la pediatra Luc\u00eda Gal\u00e1n. Dentro del m\u00f3dulo de h\u00e1bitos de vida saludable, los ni\u00f1os y ni\u00f1as mientras elaboran su propio men\u00fa, mantienen una conversaci\u00f3n en torno a la higiene, el uso de las pantallas, la importancia del descanso y los secretos de una alimentaci\u00f3n sana, equilibrada y respetuosa.<\/p>\n<p>Odile Rodriguez de la Fuente es la experta que acompa\u00f1a al grupo y a su profesora en el m\u00f3dulo de Diversidad y convivencia. Juntos reflexionan sobre los misterios de la biodiversidad, y dialogan sobre la naturaleza. Una experiencia que se desarrolla en Pelegrina (Guadalajara), lugar en el que se grabaron muchos de los episodios del m\u00edtico programa de televisi\u00f3n \u201cEl hombre y la tierra\u201d<\/p>\n<p>Para el m\u00f3dulo de Consumo responsable, viajan al puerto de San Sebasti\u00e1n, sinti\u00e9ndose aventureros dentro del barco de la expedici\u00f3n \u00abLa Espa\u00f1a Azul\u00bb. Nacho Dean, aventurero y divulgador es su anfitri\u00f3n. Los ni\u00f1os y las ni\u00f1as, acompa\u00f1ados por su maestra, Viviana, conversan sobre el da\u00f1o que los pl\u00e1sticos y los micropl\u00e1sticos causan en el mar, junto con la joven Olivia Mandle, una activista medioambiental de 15 a\u00f1os que demuestra que nunca es demasiado pronto para querer cambiar el mundo.<\/p>\n<p><strong>Pensar<\/strong>. La filosof\u00eda l\u00fadica es un movimiento que existe dentro del proyecto internacional \u201cFilosof\u00eda para ni\u00f1os\u201d y que est\u00e1 presente en todos los continentes. Es imprescindible que los ni\u00f1os y las ni\u00f1as aprendan a tener un pensamiento creativo, cr\u00edtico y \u00e9tico para poder afrontar los retos del S XXI.<\/p>\n<p>Ang\u00e9lica S\u00e1tiro, pedagoga experta en Filosof\u00eda L\u00fadica, ha asesorado en el desarrollo de la propuesta, y participa en los v\u00eddeos destacando los puntos principales de cada din\u00e1mica, y se\u00f1alando con Viviana (la docente que acompa\u00f1a al alumnado a lo largo de toda la propuesta) los retos a los que se enfrenta un docente a la hora de dinamizar este tipo de comunidades.<\/p>\n<p>Los contenidos audiovisuales que ofrece la plataforma nos permite ver c\u00f3mo Viviana Figueroa dinamiza diferentes comunidades de di\u00e1logo, invitando a los ni\u00f1os y ni\u00f1as a reflexionar sobre los diferentes temas que propone \u201cReinicia tu mundo\u201d<\/p>\n<p><strong>Actuar<\/strong>. Cada m\u00f3dulo tiene tambi\u00e9n una fase con una metodolog\u00eda activa de ense\u00f1anza y aprendizaje, fundamentadas te\u00f3rica y emp\u00edricamente. Sit\u00faan al alumnado en el centro de su propio proceso de aprendizaje, facilitando al docente estrategias para adaptarse a la diversidad del aula y mejorar la participaci\u00f3n de sus estudiantes.<\/p>\n<figure id=\"attachment_684\" aria-describedby=\"caption-attachment-684\" style=\"width: 820px\" class=\"wp-caption alignnone\"><img decoding=\"async\" class=\"wp-image-684\" src=\"https:\/\/gracious-carson.82-223-1-47.plesk.page\/extraeducacion\/wp-content\/uploads\/sites\/5\/2023\/11\/11-300x169.jpg\" alt=\"\" width=\"820\" height=\"461\" srcset=\"https:\/\/eldiariodelaeducacion.com\/extraeducacion\/wp-content\/uploads\/sites\/5\/2023\/11\/11-300x169.jpg 300w, https:\/\/eldiariodelaeducacion.com\/extraeducacion\/wp-content\/uploads\/sites\/5\/2023\/11\/11-768x432.jpg 768w, https:\/\/eldiariodelaeducacion.com\/extraeducacion\/wp-content\/uploads\/sites\/5\/2023\/11\/11.jpg 1024w\" sizes=\"(max-width: 820px) 100vw, 820px\" \/><figcaption id=\"caption-attachment-684\" class=\"wp-caption-text\">Aprendemos juntos<\/figcaption><\/figure>\n<p><strong>Aprendizaje Servicio (APS) para Consumo responsable.<\/strong> Una invitaci\u00f3n a salir del aula y conectar lo que aprendido con una necesidad concreta de su entorno. En este caso, vemos c\u00f3mo los ni\u00f1os y ni\u00f1as junto con el Centro de Mayores y las tiendas de su barrio ponen en marcha un proyecto que tiene un objetivo claro: reducir los pl\u00e1sticos de las calles.<\/p>\n<p><strong>Aprendizaje cooperativo en H\u00e1bitos para vida saludable.<\/strong> Los ni\u00f1os y ni\u00f1as, guiados por su maestra, reflexionan y comparten sus propios h\u00e1bitos de vida saludable. En este sentido, el Aprendizaje cooperativo resulta especialmente potente para atender a la diversidad y para favorecer la inclusi\u00f3n educativa del alumnado.<\/p>\n<p><strong>Trabajo por zonas en Diversidad y Convivencia.<\/strong> En esta fase, el grupo de ni\u00f1os y ni\u00f1as desarrolla una propuesta en tres espacios diferenciados y simult\u00e1neos, donde resuelven retos que les acercan a reconocer la diversidad. Esta metodolog\u00eda potencia la autonom\u00eda individual en los procesos de aprendizaje.<\/p>\n<p>\u201cReinicia tu mundo\u201d ha sido dise\u00f1ado por expertos en educaci\u00f3n que han creado y adaptado las experiencias de aprendizaje m\u00e1s innovadoras y exitosas para ponerlas al alcance de todos.<\/p>\n<p>La propuesta est\u00e1 dirigida por Blanca Madrid, responsable de metodolog\u00edas de \u2018Aprendemos juntos 2030\u2019, y dise\u00f1ado por el Equipo INIDE (Equipo Interdisciplinar de Investigaci\u00f3n y Dinamizaci\u00f3n Educativa). Un grupo con una dilatada experiencia tanto en el \u00e1mbito de la formaci\u00f3n como del asesoramiento educativo, que est\u00e1 integrado por Amanda L\u00f3pez de la Iglesia, Irina Rasskin Gutman, Mariana Solari Maccabelli, Paula Mart\u00edn- Lunas Villoria y Viviana Figueroa.<\/p>\n<p>Tambi\u00e9n han participado Juan de Vicente Abad, Premio al Docente m\u00e1s Innovador de Espa\u00f1a en el Certamen D+I y uno de los grandes referentes en Espa\u00f1a y latinoam\u00e9rica en la aplicaci\u00f3n del Aprendizaje y Servicio Solidario (APS) y Ang\u00e9lica S\u00e1tiro, doctora Cum Laude en Pedagog\u00eda por la Universidad de Barcelona, con estudios doctorales (DEA) en la facultad de filosof\u00eda y m\u00e1s de 400 publicaciones entre libros y art\u00edculos.<\/p>\n<p>Las pr\u00e1cticas sostenibles ayudan a mejorar la calidad de la vida de las personas, a fortalecer los lazos de la sociedad, y nos brindan la esperanza de conseguir un futuro mejor. Un compromiso, que como demuestra \u00abReinicia tu mundo\u201d, se puede alcanzar en la escuela con peque\u00f1as acciones de nuestro d\u00eda a d\u00eda.<\/p>\n<p>Adem\u00e1s de esta propuesta metodol\u00f3gica, en \u2018Aprendemos juntos 2030\u2019 de BBVA se pueden encontrar otras 3 propuestas de ense\u00f1anza y aprendizaje:<\/p>\n<p style=\"padding-left: 40px\"><strong>Mucho m\u00e1s que hablar<\/strong>: Una metodolog\u00eda eficaz, sencilla y universal para ayudar a los ni\u00f1os y ni\u00f1as a hablar en p\u00fablico.<\/p>\n<p style=\"padding-left: 40px\">Dirigida por Aurora Michavila, experta en comunicaci\u00f3n, formadora y consultora. La propuesta arranca con el reconocimiento del miedo a hablar en p\u00fablico y recorre el camino para hacerlo de manera eficaz. A trav\u00e9s del juego, los ni\u00f1os y ni\u00f1as aprenden a desarrollar un mensaje y a comunicarlo a su audiencia.<\/p>\n<p style=\"padding-left: 40px\"><strong>Hechos de emociones<\/strong>: La Inteligencia emocional es la capacidad para percibir las emociones tanto en uno mismo como en los dem\u00e1s, de comprender por qu\u00e9 se han producido y ser capaz de regularlas. Las personas emocionalmente inteligentes extraen lo mejor de s\u00ed mismas: alcanzan su m\u00e1ximo potencial, disfrutan de mayor bienestar f\u00edsico y psicol\u00f3gico, y multiplican sus posibilidades de alcanzar sus objetivos.<\/p>\n<p style=\"padding-left: 40px\">Dirigido por Silvia \u00c1lava y Ruth Castillo, doctoras en psicolog\u00eda, especialistas en gesti\u00f3n emocional en infancia y adolescencia, este curso ofrece las herramientas necesarias para entrenar, paso a paso, la inteligencia emocional con ni\u00f1os y adolescentes.<\/p>\n<p style=\"padding-left: 40px\"><strong>Resoluci\u00f3n de conflictos<\/strong>: Los conflictos forman parte de la vida, aceptarlo es el primer paso para afrontarlos de manera correcta. Las t\u00e9cnicas de resoluci\u00f3n de conflictos ofrecen herramientas que nos ayudan a gestionar, prevenir y transformar los conflictos que aparecen en el d\u00eda a d\u00eda.<\/p>\n<p style=\"padding-left: 40px\">Esta propuesta est\u00e1 dirigida por Juan de Vicente Abad, orientador y experto en resoluci\u00f3n de conflictos y convivencia escolar, en ella, los docentes podr\u00e1n conocer t\u00e9cnicas y herramientas \u00fatiles para gestionar, prevenir y transformar los conflictos del d\u00eda a d\u00eda en una oportunidad.<\/p>\n<p>Puedes disfrutar gratuitamente todos estos contenidos en <a href=\"https:\/\/www.bbvaaprendemosjuntos.com\/es\/aprendea\">https:\/\/www.bbvaaprendemosjuntos.com\/es\/aprendea<\/a><\/p>\n","protected":false},"excerpt":{"rendered":"<p>La sostenibilidad es el gran reto del siglo XXI y la escuela es esencial para transmitir a la infancia su impacto sobre el planeta, y el papel decisivo que sus acciones tienen en su conservaci\u00f3n. \u201cReinicia tu mundo\u201d nace con el objetivo de servir de inspiraci\u00f3n al profesorado, para que lleve a cabo con su<\/p>\n","protected":false},"author":150,"featured_media":706,"comment_status":"open","ping_status":"open","sticky":false,"template":"","format":"standard","meta":{"footnotes":""},"categories":[2],"tags":[],"tipo":[30],"class_list":{"0":"post-703","1":"post","2":"type-post","3":"status-publish","4":"format-standard","5":"has-post-thumbnail","7":"category-extra-educacion","8":"tipo-actualidad"},"yoast_head":"<!-- This site is optimized with the Yoast SEO plugin v27.5 - https:\/\/yoast.com\/product\/yoast-seo-wordpress\/ -->\n<title>Aprendemos juntos 2030 apuesta por la sostenibilidad con `Reinicia tu mundo\u00b4 - Extra Educaci\u00f3n<\/title>\n<meta name=\"robots\" content=\"index, follow, max-snippet:-1, max-image-preview:large, max-video-preview:-1\" \/>\n<link rel=\"canonical\" href=\"https:\/\/eldiariodelaeducacion.com\/extraeducacion\/2023\/11\/30\/aprendemos-juntos-2030-apuesta-por-la-sostenibilidad-con-reinicia-tu-mundo\/\" \/>\n<meta property=\"og:locale\" content=\"es_ES\" \/>\n<meta property=\"og:type\" content=\"article\" \/>\n<meta property=\"og:title\" content=\"Aprendemos juntos 2030 apuesta por la sostenibilidad con `Reinicia tu mundo\u00b4 - Extra Educaci\u00f3n\" \/>\n<meta property=\"og:description\" content=\"La sostenibilidad es el gran reto del siglo XXI y la escuela es esencial para transmitir a la infancia su impacto sobre el planeta, y el papel decisivo que sus acciones tienen en su conservaci\u00f3n. \u201cReinicia tu mundo\u201d nace con el objetivo de servir de inspiraci\u00f3n al profesorado, para que lleve a cabo con su\" \/>\n<meta property=\"og:url\" content=\"https:\/\/eldiariodelaeducacion.com\/extraeducacion\/2023\/11\/30\/aprendemos-juntos-2030-apuesta-por-la-sostenibilidad-con-reinicia-tu-mundo\/\" \/>\n<meta property=\"og:site_name\" content=\"Extra Educaci\u00f3n\" \/>\n<meta property=\"article:published_time\" content=\"2023-11-30T05:00:06+00:00\" \/>\n<meta property=\"article:modified_time\" content=\"2024-07-29T08:14:58+00:00\" \/>\n<meta property=\"og:image\" content=\"https:\/\/eldiariodelaeducacion.com\/extraeducacion\/wp-content\/uploads\/sites\/5\/2023\/11\/Vivi-en-el-aula21.jpg\" \/>\n\t<meta property=\"og:image:width\" content=\"1024\" \/>\n\t<meta property=\"og:image:height\" content=\"576\" \/>\n\t<meta property=\"og:image:type\" content=\"image\/jpeg\" \/>\n<meta name=\"author\" content=\"Redacci\u00f3n\" \/>\n<meta name=\"twitter:card\" content=\"summary_large_image\" \/>\n<meta name=\"twitter:label1\" content=\"Escrito por\" \/>\n\t<meta name=\"twitter:data1\" content=\"Redacci\u00f3n\" \/>\n\t<meta name=\"twitter:label2\" content=\"Tiempo de lectura\" \/>\n\t<meta name=\"twitter:data2\" content=\"9 minutos\" \/>\n<script type=\"application\/ld+json\" class=\"yoast-schema-graph\">{\"@context\":\"https:\\\/\\\/schema.org\",\"@graph\":[{\"@type\":\"Article\",\"@id\":\"https:\\\/\\\/eldiariodelaeducacion.com\\\/extraeducacion\\\/2023\\\/11\\\/30\\\/aprendemos-juntos-2030-apuesta-por-la-sostenibilidad-con-reinicia-tu-mundo\\\/#article\",\"isPartOf\":{\"@id\":\"https:\\\/\\\/eldiariodelaeducacion.com\\\/extraeducacion\\\/2023\\\/11\\\/30\\\/aprendemos-juntos-2030-apuesta-por-la-sostenibilidad-con-reinicia-tu-mundo\\\/\"},\"author\":{\"name\":\"Redacci\u00f3n\",\"@id\":\"https:\\\/\\\/eldiariodelaeducacion.com\\\/extraeducacion\\\/#\\\/schema\\\/person\\\/5228007cb64f7ca80adbd750a941d59c\"},\"headline\":\"Aprendemos juntos 2030 apuesta por la sostenibilidad con `Reinicia tu mundo\u00b4\",\"datePublished\":\"2023-11-30T05:00:06+00:00\",\"dateModified\":\"2024-07-29T08:14:58+00:00\",\"mainEntityOfPage\":{\"@id\":\"https:\\\/\\\/eldiariodelaeducacion.com\\\/extraeducacion\\\/2023\\\/11\\\/30\\\/aprendemos-juntos-2030-apuesta-por-la-sostenibilidad-con-reinicia-tu-mundo\\\/\"},\"wordCount\":1717,\"commentCount\":0,\"image\":{\"@id\":\"https:\\\/\\\/eldiariodelaeducacion.com\\\/extraeducacion\\\/2023\\\/11\\\/30\\\/aprendemos-juntos-2030-apuesta-por-la-sostenibilidad-con-reinicia-tu-mundo\\\/#primaryimage\"},\"thumbnailUrl\":\"https:\\\/\\\/eldiariodelaeducacion.com\\\/extraeducacion\\\/wp-content\\\/uploads\\\/sites\\\/5\\\/2023\\\/11\\\/Vivi-en-el-aula21.jpg\",\"articleSection\":[\"Extra educaci\u00f3n\"],\"inLanguage\":\"es\",\"potentialAction\":[{\"@type\":\"CommentAction\",\"name\":\"Comment\",\"target\":[\"https:\\\/\\\/eldiariodelaeducacion.com\\\/extraeducacion\\\/2023\\\/11\\\/30\\\/aprendemos-juntos-2030-apuesta-por-la-sostenibilidad-con-reinicia-tu-mundo\\\/#respond\"]}]},{\"@type\":\"WebPage\",\"@id\":\"https:\\\/\\\/eldiariodelaeducacion.com\\\/extraeducacion\\\/2023\\\/11\\\/30\\\/aprendemos-juntos-2030-apuesta-por-la-sostenibilidad-con-reinicia-tu-mundo\\\/\",\"url\":\"https:\\\/\\\/eldiariodelaeducacion.com\\\/extraeducacion\\\/2023\\\/11\\\/30\\\/aprendemos-juntos-2030-apuesta-por-la-sostenibilidad-con-reinicia-tu-mundo\\\/\",\"name\":\"Aprendemos juntos 2030 apuesta por la sostenibilidad con `Reinicia tu mundo\u00b4 - Extra Educaci\u00f3n\",\"isPartOf\":{\"@id\":\"https:\\\/\\\/eldiariodelaeducacion.com\\\/extraeducacion\\\/#website\"},\"primaryImageOfPage\":{\"@id\":\"https:\\\/\\\/eldiariodelaeducacion.com\\\/extraeducacion\\\/2023\\\/11\\\/30\\\/aprendemos-juntos-2030-apuesta-por-la-sostenibilidad-con-reinicia-tu-mundo\\\/#primaryimage\"},\"image\":{\"@id\":\"https:\\\/\\\/eldiariodelaeducacion.com\\\/extraeducacion\\\/2023\\\/11\\\/30\\\/aprendemos-juntos-2030-apuesta-por-la-sostenibilidad-con-reinicia-tu-mundo\\\/#primaryimage\"},\"thumbnailUrl\":\"https:\\\/\\\/eldiariodelaeducacion.com\\\/extraeducacion\\\/wp-content\\\/uploads\\\/sites\\\/5\\\/2023\\\/11\\\/Vivi-en-el-aula21.jpg\",\"datePublished\":\"2023-11-30T05:00:06+00:00\",\"dateModified\":\"2024-07-29T08:14:58+00:00\",\"author\":{\"@id\":\"https:\\\/\\\/eldiariodelaeducacion.com\\\/extraeducacion\\\/#\\\/schema\\\/person\\\/5228007cb64f7ca80adbd750a941d59c\"},\"breadcrumb\":{\"@id\":\"https:\\\/\\\/eldiariodelaeducacion.com\\\/extraeducacion\\\/2023\\\/11\\\/30\\\/aprendemos-juntos-2030-apuesta-por-la-sostenibilidad-con-reinicia-tu-mundo\\\/#breadcrumb\"},\"inLanguage\":\"es\",\"potentialAction\":[{\"@type\":\"ReadAction\",\"target\":[\"https:\\\/\\\/eldiariodelaeducacion.com\\\/extraeducacion\\\/2023\\\/11\\\/30\\\/aprendemos-juntos-2030-apuesta-por-la-sostenibilidad-con-reinicia-tu-mundo\\\/\"]}]},{\"@type\":\"ImageObject\",\"inLanguage\":\"es\",\"@id\":\"https:\\\/\\\/eldiariodelaeducacion.com\\\/extraeducacion\\\/2023\\\/11\\\/30\\\/aprendemos-juntos-2030-apuesta-por-la-sostenibilidad-con-reinicia-tu-mundo\\\/#primaryimage\",\"url\":\"https:\\\/\\\/eldiariodelaeducacion.com\\\/extraeducacion\\\/wp-content\\\/uploads\\\/sites\\\/5\\\/2023\\\/11\\\/Vivi-en-el-aula21.jpg\",\"contentUrl\":\"https:\\\/\\\/eldiariodelaeducacion.com\\\/extraeducacion\\\/wp-content\\\/uploads\\\/sites\\\/5\\\/2023\\\/11\\\/Vivi-en-el-aula21.jpg\",\"width\":1024,\"height\":576,\"caption\":\"Aprendemos juntos\"},{\"@type\":\"BreadcrumbList\",\"@id\":\"https:\\\/\\\/eldiariodelaeducacion.com\\\/extraeducacion\\\/2023\\\/11\\\/30\\\/aprendemos-juntos-2030-apuesta-por-la-sostenibilidad-con-reinicia-tu-mundo\\\/#breadcrumb\",\"itemListElement\":[{\"@type\":\"ListItem\",\"position\":1,\"name\":\"Portada\",\"item\":\"https:\\\/\\\/eldiariodelaeducacion.com\\\/extraeducacion\\\/\"},{\"@type\":\"ListItem\",\"position\":2,\"name\":\"Aprendemos juntos 2030 apuesta por la sostenibilidad con `Reinicia tu mundo\u00b4\"}]},{\"@type\":\"WebSite\",\"@id\":\"https:\\\/\\\/eldiariodelaeducacion.com\\\/extraeducacion\\\/#website\",\"url\":\"https:\\\/\\\/eldiariodelaeducacion.com\\\/extraeducacion\\\/\",\"name\":\"Extra Educaci\u00f3n\",\"description\":\"Un blog de El Diario de la Educaci\u00f3n\",\"potentialAction\":[{\"@type\":\"SearchAction\",\"target\":{\"@type\":\"EntryPoint\",\"urlTemplate\":\"https:\\\/\\\/eldiariodelaeducacion.com\\\/extraeducacion\\\/?s={search_term_string}\"},\"query-input\":{\"@type\":\"PropertyValueSpecification\",\"valueRequired\":true,\"valueName\":\"search_term_string\"}}],\"inLanguage\":\"es\"},{\"@type\":\"Person\",\"@id\":\"https:\\\/\\\/eldiariodelaeducacion.com\\\/extraeducacion\\\/#\\\/schema\\\/person\\\/5228007cb64f7ca80adbd750a941d59c\",\"name\":\"Redacci\u00f3n\",\"image\":{\"@type\":\"ImageObject\",\"inLanguage\":\"es\",\"@id\":\"https:\\\/\\\/eldiariodelaeducacion.com\\\/wp-content\\\/uploads\\\/2024\\\/10\\\/redaccion_avatar-96x96.png\",\"url\":\"https:\\\/\\\/eldiariodelaeducacion.com\\\/wp-content\\\/uploads\\\/2024\\\/10\\\/redaccion_avatar-96x96.png\",\"contentUrl\":\"https:\\\/\\\/eldiariodelaeducacion.com\\\/wp-content\\\/uploads\\\/2024\\\/10\\\/redaccion_avatar-96x96.png\",\"caption\":\"Redacci\u00f3n\"},\"url\":\"https:\\\/\\\/eldiariodelaeducacion.com\\\/extraeducacion\\\/author\\\/redaccion\\\/\"}]}<\/script>\n<!-- \/ Yoast SEO plugin. -->","yoast_head_json":{"title":"Aprendemos juntos 2030 apuesta por la sostenibilidad con `Reinicia tu mundo\u00b4 - Extra Educaci\u00f3n","robots":{"index":"index","follow":"follow","max-snippet":"max-snippet:-1","max-image-preview":"max-image-preview:large","max-video-preview":"max-video-preview:-1"},"canonical":"https:\/\/eldiariodelaeducacion.com\/extraeducacion\/2023\/11\/30\/aprendemos-juntos-2030-apuesta-por-la-sostenibilidad-con-reinicia-tu-mundo\/","og_locale":"es_ES","og_type":"article","og_title":"Aprendemos juntos 2030 apuesta por la sostenibilidad con `Reinicia tu mundo\u00b4 - Extra Educaci\u00f3n","og_description":"La sostenibilidad es el gran reto del siglo XXI y la escuela es esencial para transmitir a la infancia su impacto sobre el planeta, y el papel decisivo que sus acciones tienen en su conservaci\u00f3n. \u201cReinicia tu mundo\u201d nace con el objetivo de servir de inspiraci\u00f3n al profesorado, para que lleve a cabo con su","og_url":"https:\/\/eldiariodelaeducacion.com\/extraeducacion\/2023\/11\/30\/aprendemos-juntos-2030-apuesta-por-la-sostenibilidad-con-reinicia-tu-mundo\/","og_site_name":"Extra Educaci\u00f3n","article_published_time":"2023-11-30T05:00:06+00:00","article_modified_time":"2024-07-29T08:14:58+00:00","og_image":[{"width":1024,"height":576,"url":"https:\/\/eldiariodelaeducacion.com\/extraeducacion\/wp-content\/uploads\/sites\/5\/2023\/11\/Vivi-en-el-aula21.jpg","type":"image\/jpeg"}],"author":"Redacci\u00f3n","twitter_card":"summary_large_image","twitter_misc":{"Escrito por":"Redacci\u00f3n","Tiempo de lectura":"9 minutos"},"schema":{"@context":"https:\/\/schema.org","@graph":[{"@type":"Article","@id":"https:\/\/eldiariodelaeducacion.com\/extraeducacion\/2023\/11\/30\/aprendemos-juntos-2030-apuesta-por-la-sostenibilidad-con-reinicia-tu-mundo\/#article","isPartOf":{"@id":"https:\/\/eldiariodelaeducacion.com\/extraeducacion\/2023\/11\/30\/aprendemos-juntos-2030-apuesta-por-la-sostenibilidad-con-reinicia-tu-mundo\/"},"author":{"name":"Redacci\u00f3n","@id":"https:\/\/eldiariodelaeducacion.com\/extraeducacion\/#\/schema\/person\/5228007cb64f7ca80adbd750a941d59c"},"headline":"Aprendemos juntos 2030 apuesta por la sostenibilidad con `Reinicia tu mundo\u00b4","datePublished":"2023-11-30T05:00:06+00:00","dateModified":"2024-07-29T08:14:58+00:00","mainEntityOfPage":{"@id":"https:\/\/eldiariodelaeducacion.com\/extraeducacion\/2023\/11\/30\/aprendemos-juntos-2030-apuesta-por-la-sostenibilidad-con-reinicia-tu-mundo\/"},"wordCount":1717,"commentCount":0,"image":{"@id":"https:\/\/eldiariodelaeducacion.com\/extraeducacion\/2023\/11\/30\/aprendemos-juntos-2030-apuesta-por-la-sostenibilidad-con-reinicia-tu-mundo\/#primaryimage"},"thumbnailUrl":"https:\/\/eldiariodelaeducacion.com\/extraeducacion\/wp-content\/uploads\/sites\/5\/2023\/11\/Vivi-en-el-aula21.jpg","articleSection":["Extra educaci\u00f3n"],"inLanguage":"es","potentialAction":[{"@type":"CommentAction","name":"Comment","target":["https:\/\/eldiariodelaeducacion.com\/extraeducacion\/2023\/11\/30\/aprendemos-juntos-2030-apuesta-por-la-sostenibilidad-con-reinicia-tu-mundo\/#respond"]}]},{"@type":"WebPage","@id":"https:\/\/eldiariodelaeducacion.com\/extraeducacion\/2023\/11\/30\/aprendemos-juntos-2030-apuesta-por-la-sostenibilidad-con-reinicia-tu-mundo\/","url":"https:\/\/eldiariodelaeducacion.com\/extraeducacion\/2023\/11\/30\/aprendemos-juntos-2030-apuesta-por-la-sostenibilidad-con-reinicia-tu-mundo\/","name":"Aprendemos juntos 2030 apuesta por la sostenibilidad con `Reinicia tu mundo\u00b4 - Extra Educaci\u00f3n","isPartOf":{"@id":"https:\/\/eldiariodelaeducacion.com\/extraeducacion\/#website"},"primaryImageOfPage":{"@id":"https:\/\/eldiariodelaeducacion.com\/extraeducacion\/2023\/11\/30\/aprendemos-juntos-2030-apuesta-por-la-sostenibilidad-con-reinicia-tu-mundo\/#primaryimage"},"image":{"@id":"https:\/\/eldiariodelaeducacion.com\/extraeducacion\/2023\/11\/30\/aprendemos-juntos-2030-apuesta-por-la-sostenibilidad-con-reinicia-tu-mundo\/#primaryimage"},"thumbnailUrl":"https:\/\/eldiariodelaeducacion.com\/extraeducacion\/wp-content\/uploads\/sites\/5\/2023\/11\/Vivi-en-el-aula21.jpg","datePublished":"2023-11-30T05:00:06+00:00","dateModified":"2024-07-29T08:14:58+00:00","author":{"@id":"https:\/\/eldiariodelaeducacion.com\/extraeducacion\/#\/schema\/person\/5228007cb64f7ca80adbd750a941d59c"},"breadcrumb":{"@id":"https:\/\/eldiariodelaeducacion.com\/extraeducacion\/2023\/11\/30\/aprendemos-juntos-2030-apuesta-por-la-sostenibilidad-con-reinicia-tu-mundo\/#breadcrumb"},"inLanguage":"es","potentialAction":[{"@type":"ReadAction","target":["https:\/\/eldiariodelaeducacion.com\/extraeducacion\/2023\/11\/30\/aprendemos-juntos-2030-apuesta-por-la-sostenibilidad-con-reinicia-tu-mundo\/"]}]},{"@type":"ImageObject","inLanguage":"es","@id":"https:\/\/eldiariodelaeducacion.com\/extraeducacion\/2023\/11\/30\/aprendemos-juntos-2030-apuesta-por-la-sostenibilidad-con-reinicia-tu-mundo\/#primaryimage","url":"https:\/\/eldiariodelaeducacion.com\/extraeducacion\/wp-content\/uploads\/sites\/5\/2023\/11\/Vivi-en-el-aula21.jpg","contentUrl":"https:\/\/eldiariodelaeducacion.com\/extraeducacion\/wp-content\/uploads\/sites\/5\/2023\/11\/Vivi-en-el-aula21.jpg","width":1024,"height":576,"caption":"Aprendemos juntos"},{"@type":"BreadcrumbList","@id":"https:\/\/eldiariodelaeducacion.com\/extraeducacion\/2023\/11\/30\/aprendemos-juntos-2030-apuesta-por-la-sostenibilidad-con-reinicia-tu-mundo\/#breadcrumb","itemListElement":[{"@type":"ListItem","position":1,"name":"Portada","item":"https:\/\/eldiariodelaeducacion.com\/extraeducacion\/"},{"@type":"ListItem","position":2,"name":"Aprendemos juntos 2030 apuesta por la sostenibilidad con `Reinicia tu mundo\u00b4"}]},{"@type":"WebSite","@id":"https:\/\/eldiariodelaeducacion.com\/extraeducacion\/#website","url":"https:\/\/eldiariodelaeducacion.com\/extraeducacion\/","name":"Extra Educaci\u00f3n","description":"Un blog de El Diario de la Educaci\u00f3n","potentialAction":[{"@type":"SearchAction","target":{"@type":"EntryPoint","urlTemplate":"https:\/\/eldiariodelaeducacion.com\/extraeducacion\/?s={search_term_string}"},"query-input":{"@type":"PropertyValueSpecification","valueRequired":true,"valueName":"search_term_string"}}],"inLanguage":"es"},{"@type":"Person","@id":"https:\/\/eldiariodelaeducacion.com\/extraeducacion\/#\/schema\/person\/5228007cb64f7ca80adbd750a941d59c","name":"Redacci\u00f3n","image":{"@type":"ImageObject","inLanguage":"es","@id":"https:\/\/eldiariodelaeducacion.com\/wp-content\/uploads\/2024\/10\/redaccion_avatar-96x96.png","url":"https:\/\/eldiariodelaeducacion.com\/wp-content\/uploads\/2024\/10\/redaccion_avatar-96x96.png","contentUrl":"https:\/\/eldiariodelaeducacion.com\/wp-content\/uploads\/2024\/10\/redaccion_avatar-96x96.png","caption":"Redacci\u00f3n"},"url":"https:\/\/eldiariodelaeducacion.com\/extraeducacion\/author\/redaccion\/"}]}},"_links":{"self":[{"href":"https:\/\/eldiariodelaeducacion.com\/extraeducacion\/wp-json\/wp\/v2\/posts\/703","targetHints":{"allow":["GET"]}}],"collection":[{"href":"https:\/\/eldiariodelaeducacion.com\/extraeducacion\/wp-json\/wp\/v2\/posts"}],"about":[{"href":"https:\/\/eldiariodelaeducacion.com\/extraeducacion\/wp-json\/wp\/v2\/types\/post"}],"author":[{"embeddable":true,"href":"https:\/\/eldiariodelaeducacion.com\/extraeducacion\/wp-json\/wp\/v2\/users\/150"}],"replies":[{"embeddable":true,"href":"https:\/\/eldiariodelaeducacion.com\/extraeducacion\/wp-json\/wp\/v2\/comments?post=703"}],"version-history":[{"count":1,"href":"https:\/\/eldiariodelaeducacion.com\/extraeducacion\/wp-json\/wp\/v2\/posts\/703\/revisions"}],"predecessor-version":[{"id":856,"href":"https:\/\/eldiariodelaeducacion.com\/extraeducacion\/wp-json\/wp\/v2\/posts\/703\/revisions\/856"}],"wp:featuredmedia":[{"embeddable":true,"href":"https:\/\/eldiariodelaeducacion.com\/extraeducacion\/wp-json\/wp\/v2\/media\/706"}],"wp:attachment":[{"href":"https:\/\/eldiariodelaeducacion.com\/extraeducacion\/wp-json\/wp\/v2\/media?parent=703"}],"wp:term":[{"taxonomy":"category","embeddable":true,"href":"https:\/\/eldiariodelaeducacion.com\/extraeducacion\/wp-json\/wp\/v2\/categories?post=703"},{"taxonomy":"post_tag","embeddable":true,"href":"https:\/\/eldiariodelaeducacion.com\/extraeducacion\/wp-json\/wp\/v2\/tags?post=703"},{"taxonomy":"tipo","embeddable":true,"href":"https:\/\/eldiariodelaeducacion.com\/extraeducacion\/wp-json\/wp\/v2\/tipo?post=703"}],"curies":[{"name":"wp","href":"https:\/\/api.w.org\/{rel}","templated":true}]}}