{"id":767,"date":"2024-05-08T06:00:32","date_gmt":"2024-05-08T05:00:32","guid":{"rendered":"https:\/\/eldiariodelaeducacion.com\/extraeducacion\/?p=767"},"modified":"2024-07-29T10:14:58","modified_gmt":"2024-07-29T08:14:58","slug":"ugt-sp-apuesta-por-la-transformacion-y-dignificacion-de-la-profesion-docente","status":"publish","type":"post","link":"https:\/\/eldiariodelaeducacion.com\/extraeducacion\/2024\/05\/08\/ugt-sp-apuesta-por-la-transformacion-y-dignificacion-de-la-profesion-docente\/","title":{"rendered":"UGT SP apuesta por la transformaci\u00f3n y dignificaci\u00f3n de la profesi\u00f3n docente"},"content":{"rendered":"<p>Uno de los retos m\u00e1s importantes que se presentan a las administraciones educativas en la actualidad es la escasez mundial de docentes y la necesidad de fortalecer la profesi\u00f3n.<\/p>\n<p>El profesorado, como motor del cambio educativo, necesita la implementaci\u00f3n de medidas que contribuyan a su motivaci\u00f3n y al reconocimiento social de su labor. Dichas medidas deben encaminarse a la recuperaci\u00f3n de sus condiciones sociolaborales que permitan una dignificaci\u00f3n del trabajo docente, que cuenten con buenas condiciones de trabajo, entornos seguros, sanos y con recursos adecuados, confianza, autonom\u00eda profesional, libertad acad\u00e9mica, una formaci\u00f3n inicial de calidad y un desarrollo profesional continuo, entre otros.<\/p>\n<p>Para lograr que la profesi\u00f3n docente sea verdaderamente atractiva, UGT considera imprescindible abordar de forma real y efectiva la mejora de las condiciones laborales del profesorado reconociendo el derecho a la promoci\u00f3n profesional con las retribuciones adecuadas que le correspondiesen.<\/p>\n<p>La mejora de la atenci\u00f3n al alumnado necesita de un enfoque global y ambicioso del sistema. Son necesarios incentivos encaminados a lograr la estabilidad en las plantillas y favorecer el atractivo en su desempe\u00f1o para mejorar la atenci\u00f3n del alumnado y la viabilidad de los proyectos educativos, especialmente en los centros en los que, por las caracter\u00edsticas del entorno y\/o del alumnado, sea m\u00e1s dif\u00edcil realizar su desempe\u00f1o educativo.<\/p>\n<p>UGT considera fundamental la clarificaci\u00f3n y potenciaci\u00f3n de las posibilidades de promoci\u00f3n profesional y econ\u00f3mica a lo largo de la vida docente. Muchos profesionales, que quieren y disfrutan de su profesi\u00f3n, se ven limitados por los escasos incentivos que ofrece. El establecimiento de un sistema de incentivos laborales y econ\u00f3micos ser\u00e1 un gran est\u00edmulo para todos aquellos que, sin dejar su profesi\u00f3n, quieren ver reconocido su esfuerzo y su trabajo; adem\u00e1s, se tratar\u00eda de un sistema realmente discriminatorio y objetivo del trabajo bien hecho y de la dedicaci\u00f3n a la docencia y la investigaci\u00f3n en el campo educativo.<\/p>\n<p>A principios del siglo XX, Espa\u00f1a iniciaba t\u00edmidamente el camino hacia la modernizaci\u00f3n y la ense\u00f1anza obligatoria; a\u00fan no se hab\u00eda instituido, ni mucho menos, una red p\u00fablica de centros, y el profesorado adolec\u00eda de una m\u00ednima formaci\u00f3n homog\u00e9nea.<\/p>\n<p>Los retos a los que se enfrenta la instituci\u00f3n educativa del siglo XXI requieren un replanteamiento del perfil docente, aunque la formaci\u00f3n universitaria del profesorado, afortunadamente, est\u00e1 consolidada.<\/p>\n<p>La realidad vivida durante la pandemia, las exigencias y retos que supone la implantaci\u00f3n del nuevo modelo educativo por competencias y m\u00e1s individualizado que propone la Lomloe y la experiencia del profesorado exigen replantear de forma seria la organizaci\u00f3n de los centros educativos, la jornada laboral y los perfiles del profesorado para poder llevar a cabo de forma efectiva y eficiente su labor: preparar sus clases, adaptar las programaciones did\u00e1cticas al contexto, atender a la diversidad y al proceso de aprendizaje individualizado del alumnado, hacer una evaluaci\u00f3n continua real, tiempo para crear y desarrollar nuevos proyectos o la incorporaci\u00f3n de nuevas figuras, como la del coordinador o coordinadora de bienestar y protecci\u00f3n (Ley Org\u00e1nica 8\/2021), entre otras. Estas nuevas responsabilidades tambi\u00e9n aconsejan la incorporaci\u00f3n de nuevos perfiles profesionales en los centros que complementen y refuercen la labor del profesorado.<\/p>\n<p>En este contexto es en el que cobra un nuevo sentido la reivindicaci\u00f3n hist\u00f3rica del modelo de Cuerpo \u00danico que defend\u00eda UGT, que debe partir de una premisa inicial: la incorporaci\u00f3n de todos los cuerpos docentes al subgrupo A1 con revisi\u00f3n de los complementos de destino y retribuciones.<\/p>\n","protected":false},"excerpt":{"rendered":"<p>Uno de los retos m\u00e1s importantes que se presentan a las administraciones educativas en la actualidad es la escasez mundial de docentes y la necesidad de fortalecer la profesi\u00f3n. El profesorado, como motor del cambio educativo, necesita la implementaci\u00f3n de medidas que contribuyan a su motivaci\u00f3n y al reconocimiento social de su labor. Dichas medidas<\/p>\n","protected":false},"author":150,"featured_media":768,"comment_status":"open","ping_status":"open","sticky":false,"template":"","format":"standard","meta":{"footnotes":""},"categories":[2],"tags":[35],"tipo":[30],"class_list":{"0":"post-767","1":"post","2":"type-post","3":"status-publish","4":"format-standard","5":"has-post-thumbnail","7":"category-extra-educacion","8":"tag-profesorado","9":"tipo-actualidad"},"yoast_head":"<!-- This site is optimized with the Yoast SEO plugin v27.5 - https:\/\/yoast.com\/product\/yoast-seo-wordpress\/ -->\n<title>UGT SP apuesta por la transformaci\u00f3n y dignificaci\u00f3n de la profesi\u00f3n docente - Extra Educaci\u00f3n<\/title>\n<meta name=\"robots\" content=\"index, follow, max-snippet:-1, max-image-preview:large, max-video-preview:-1\" \/>\n<link rel=\"canonical\" href=\"https:\/\/eldiariodelaeducacion.com\/extraeducacion\/2024\/05\/08\/ugt-sp-apuesta-por-la-transformacion-y-dignificacion-de-la-profesion-docente\/\" \/>\n<meta property=\"og:locale\" content=\"es_ES\" \/>\n<meta property=\"og:type\" content=\"article\" \/>\n<meta property=\"og:title\" content=\"UGT SP apuesta por la transformaci\u00f3n y dignificaci\u00f3n de la profesi\u00f3n docente - Extra Educaci\u00f3n\" \/>\n<meta property=\"og:description\" content=\"Uno de los retos m\u00e1s importantes que se presentan a las administraciones educativas en la actualidad es la escasez mundial de docentes y la necesidad de fortalecer la profesi\u00f3n. El profesorado, como motor del cambio educativo, necesita la implementaci\u00f3n de medidas que contribuyan a su motivaci\u00f3n y al reconocimiento social de su labor. Dichas medidas\" \/>\n<meta property=\"og:url\" content=\"https:\/\/eldiariodelaeducacion.com\/extraeducacion\/2024\/05\/08\/ugt-sp-apuesta-por-la-transformacion-y-dignificacion-de-la-profesion-docente\/\" \/>\n<meta property=\"og:site_name\" content=\"Extra Educaci\u00f3n\" \/>\n<meta property=\"article:published_time\" content=\"2024-05-08T05:00:32+00:00\" \/>\n<meta property=\"article:modified_time\" content=\"2024-07-29T08:14:58+00:00\" \/>\n<meta property=\"og:image\" content=\"https:\/\/eldiariodelaeducacion.com\/extraeducacion\/wp-content\/uploads\/sites\/5\/2024\/05\/GettyImages-1499379480.jpg\" \/>\n\t<meta property=\"og:image:width\" content=\"788\" \/>\n\t<meta property=\"og:image:height\" content=\"443\" \/>\n\t<meta property=\"og:image:type\" content=\"image\/jpeg\" \/>\n<meta name=\"author\" content=\"Redacci\u00f3n\" \/>\n<meta name=\"twitter:card\" content=\"summary_large_image\" \/>\n<meta name=\"twitter:label1\" content=\"Escrito por\" \/>\n\t<meta name=\"twitter:data1\" content=\"Redacci\u00f3n\" \/>\n\t<meta name=\"twitter:label2\" content=\"Tiempo de lectura\" \/>\n\t<meta name=\"twitter:data2\" content=\"3 minutos\" \/>\n<script type=\"application\/ld+json\" class=\"yoast-schema-graph\">{\"@context\":\"https:\\\/\\\/schema.org\",\"@graph\":[{\"@type\":\"Article\",\"@id\":\"https:\\\/\\\/eldiariodelaeducacion.com\\\/extraeducacion\\\/2024\\\/05\\\/08\\\/ugt-sp-apuesta-por-la-transformacion-y-dignificacion-de-la-profesion-docente\\\/#article\",\"isPartOf\":{\"@id\":\"https:\\\/\\\/eldiariodelaeducacion.com\\\/extraeducacion\\\/2024\\\/05\\\/08\\\/ugt-sp-apuesta-por-la-transformacion-y-dignificacion-de-la-profesion-docente\\\/\"},\"author\":{\"name\":\"Redacci\u00f3n\",\"@id\":\"https:\\\/\\\/eldiariodelaeducacion.com\\\/extraeducacion\\\/#\\\/schema\\\/person\\\/5228007cb64f7ca80adbd750a941d59c\"},\"headline\":\"UGT SP apuesta por la transformaci\u00f3n y dignificaci\u00f3n de la profesi\u00f3n docente\",\"datePublished\":\"2024-05-08T05:00:32+00:00\",\"dateModified\":\"2024-07-29T08:14:58+00:00\",\"mainEntityOfPage\":{\"@id\":\"https:\\\/\\\/eldiariodelaeducacion.com\\\/extraeducacion\\\/2024\\\/05\\\/08\\\/ugt-sp-apuesta-por-la-transformacion-y-dignificacion-de-la-profesion-docente\\\/\"},\"wordCount\":636,\"commentCount\":2,\"image\":{\"@id\":\"https:\\\/\\\/eldiariodelaeducacion.com\\\/extraeducacion\\\/2024\\\/05\\\/08\\\/ugt-sp-apuesta-por-la-transformacion-y-dignificacion-de-la-profesion-docente\\\/#primaryimage\"},\"thumbnailUrl\":\"https:\\\/\\\/eldiariodelaeducacion.com\\\/extraeducacion\\\/wp-content\\\/uploads\\\/sites\\\/5\\\/2024\\\/05\\\/GettyImages-1499379480.jpg\",\"keywords\":[\"profesorado\"],\"articleSection\":[\"Extra educaci\u00f3n\"],\"inLanguage\":\"es\",\"potentialAction\":[{\"@type\":\"CommentAction\",\"name\":\"Comment\",\"target\":[\"https:\\\/\\\/eldiariodelaeducacion.com\\\/extraeducacion\\\/2024\\\/05\\\/08\\\/ugt-sp-apuesta-por-la-transformacion-y-dignificacion-de-la-profesion-docente\\\/#respond\"]}]},{\"@type\":\"WebPage\",\"@id\":\"https:\\\/\\\/eldiariodelaeducacion.com\\\/extraeducacion\\\/2024\\\/05\\\/08\\\/ugt-sp-apuesta-por-la-transformacion-y-dignificacion-de-la-profesion-docente\\\/\",\"url\":\"https:\\\/\\\/eldiariodelaeducacion.com\\\/extraeducacion\\\/2024\\\/05\\\/08\\\/ugt-sp-apuesta-por-la-transformacion-y-dignificacion-de-la-profesion-docente\\\/\",\"name\":\"UGT SP apuesta por la transformaci\u00f3n y dignificaci\u00f3n de la profesi\u00f3n docente - Extra Educaci\u00f3n\",\"isPartOf\":{\"@id\":\"https:\\\/\\\/eldiariodelaeducacion.com\\\/extraeducacion\\\/#website\"},\"primaryImageOfPage\":{\"@id\":\"https:\\\/\\\/eldiariodelaeducacion.com\\\/extraeducacion\\\/2024\\\/05\\\/08\\\/ugt-sp-apuesta-por-la-transformacion-y-dignificacion-de-la-profesion-docente\\\/#primaryimage\"},\"image\":{\"@id\":\"https:\\\/\\\/eldiariodelaeducacion.com\\\/extraeducacion\\\/2024\\\/05\\\/08\\\/ugt-sp-apuesta-por-la-transformacion-y-dignificacion-de-la-profesion-docente\\\/#primaryimage\"},\"thumbnailUrl\":\"https:\\\/\\\/eldiariodelaeducacion.com\\\/extraeducacion\\\/wp-content\\\/uploads\\\/sites\\\/5\\\/2024\\\/05\\\/GettyImages-1499379480.jpg\",\"datePublished\":\"2024-05-08T05:00:32+00:00\",\"dateModified\":\"2024-07-29T08:14:58+00:00\",\"author\":{\"@id\":\"https:\\\/\\\/eldiariodelaeducacion.com\\\/extraeducacion\\\/#\\\/schema\\\/person\\\/5228007cb64f7ca80adbd750a941d59c\"},\"breadcrumb\":{\"@id\":\"https:\\\/\\\/eldiariodelaeducacion.com\\\/extraeducacion\\\/2024\\\/05\\\/08\\\/ugt-sp-apuesta-por-la-transformacion-y-dignificacion-de-la-profesion-docente\\\/#breadcrumb\"},\"inLanguage\":\"es\",\"potentialAction\":[{\"@type\":\"ReadAction\",\"target\":[\"https:\\\/\\\/eldiariodelaeducacion.com\\\/extraeducacion\\\/2024\\\/05\\\/08\\\/ugt-sp-apuesta-por-la-transformacion-y-dignificacion-de-la-profesion-docente\\\/\"]}]},{\"@type\":\"ImageObject\",\"inLanguage\":\"es\",\"@id\":\"https:\\\/\\\/eldiariodelaeducacion.com\\\/extraeducacion\\\/2024\\\/05\\\/08\\\/ugt-sp-apuesta-por-la-transformacion-y-dignificacion-de-la-profesion-docente\\\/#primaryimage\",\"url\":\"https:\\\/\\\/eldiariodelaeducacion.com\\\/extraeducacion\\\/wp-content\\\/uploads\\\/sites\\\/5\\\/2024\\\/05\\\/GettyImages-1499379480.jpg\",\"contentUrl\":\"https:\\\/\\\/eldiariodelaeducacion.com\\\/extraeducacion\\\/wp-content\\\/uploads\\\/sites\\\/5\\\/2024\\\/05\\\/GettyImages-1499379480.jpg\",\"width\":788,\"height\":443,\"caption\":\"Gettyimages\"},{\"@type\":\"BreadcrumbList\",\"@id\":\"https:\\\/\\\/eldiariodelaeducacion.com\\\/extraeducacion\\\/2024\\\/05\\\/08\\\/ugt-sp-apuesta-por-la-transformacion-y-dignificacion-de-la-profesion-docente\\\/#breadcrumb\",\"itemListElement\":[{\"@type\":\"ListItem\",\"position\":1,\"name\":\"Portada\",\"item\":\"https:\\\/\\\/eldiariodelaeducacion.com\\\/extraeducacion\\\/\"},{\"@type\":\"ListItem\",\"position\":2,\"name\":\"UGT SP apuesta por la transformaci\u00f3n y dignificaci\u00f3n de la profesi\u00f3n docente\"}]},{\"@type\":\"WebSite\",\"@id\":\"https:\\\/\\\/eldiariodelaeducacion.com\\\/extraeducacion\\\/#website\",\"url\":\"https:\\\/\\\/eldiariodelaeducacion.com\\\/extraeducacion\\\/\",\"name\":\"Extra Educaci\u00f3n\",\"description\":\"Un blog de El Diario de la Educaci\u00f3n\",\"potentialAction\":[{\"@type\":\"SearchAction\",\"target\":{\"@type\":\"EntryPoint\",\"urlTemplate\":\"https:\\\/\\\/eldiariodelaeducacion.com\\\/extraeducacion\\\/?s={search_term_string}\"},\"query-input\":{\"@type\":\"PropertyValueSpecification\",\"valueRequired\":true,\"valueName\":\"search_term_string\"}}],\"inLanguage\":\"es\"},{\"@type\":\"Person\",\"@id\":\"https:\\\/\\\/eldiariodelaeducacion.com\\\/extraeducacion\\\/#\\\/schema\\\/person\\\/5228007cb64f7ca80adbd750a941d59c\",\"name\":\"Redacci\u00f3n\",\"image\":{\"@type\":\"ImageObject\",\"inLanguage\":\"es\",\"@id\":\"https:\\\/\\\/eldiariodelaeducacion.com\\\/wp-content\\\/uploads\\\/2024\\\/10\\\/redaccion_avatar-96x96.png\",\"url\":\"https:\\\/\\\/eldiariodelaeducacion.com\\\/wp-content\\\/uploads\\\/2024\\\/10\\\/redaccion_avatar-96x96.png\",\"contentUrl\":\"https:\\\/\\\/eldiariodelaeducacion.com\\\/wp-content\\\/uploads\\\/2024\\\/10\\\/redaccion_avatar-96x96.png\",\"caption\":\"Redacci\u00f3n\"},\"url\":\"https:\\\/\\\/eldiariodelaeducacion.com\\\/extraeducacion\\\/author\\\/redaccion\\\/\"}]}<\/script>\n<!-- \/ Yoast SEO plugin. -->","yoast_head_json":{"title":"UGT SP apuesta por la transformaci\u00f3n y dignificaci\u00f3n de la profesi\u00f3n docente - Extra Educaci\u00f3n","robots":{"index":"index","follow":"follow","max-snippet":"max-snippet:-1","max-image-preview":"max-image-preview:large","max-video-preview":"max-video-preview:-1"},"canonical":"https:\/\/eldiariodelaeducacion.com\/extraeducacion\/2024\/05\/08\/ugt-sp-apuesta-por-la-transformacion-y-dignificacion-de-la-profesion-docente\/","og_locale":"es_ES","og_type":"article","og_title":"UGT SP apuesta por la transformaci\u00f3n y dignificaci\u00f3n de la profesi\u00f3n docente - Extra Educaci\u00f3n","og_description":"Uno de los retos m\u00e1s importantes que se presentan a las administraciones educativas en la actualidad es la escasez mundial de docentes y la necesidad de fortalecer la profesi\u00f3n. El profesorado, como motor del cambio educativo, necesita la implementaci\u00f3n de medidas que contribuyan a su motivaci\u00f3n y al reconocimiento social de su labor. Dichas medidas","og_url":"https:\/\/eldiariodelaeducacion.com\/extraeducacion\/2024\/05\/08\/ugt-sp-apuesta-por-la-transformacion-y-dignificacion-de-la-profesion-docente\/","og_site_name":"Extra Educaci\u00f3n","article_published_time":"2024-05-08T05:00:32+00:00","article_modified_time":"2024-07-29T08:14:58+00:00","og_image":[{"width":788,"height":443,"url":"https:\/\/eldiariodelaeducacion.com\/extraeducacion\/wp-content\/uploads\/sites\/5\/2024\/05\/GettyImages-1499379480.jpg","type":"image\/jpeg"}],"author":"Redacci\u00f3n","twitter_card":"summary_large_image","twitter_misc":{"Escrito por":"Redacci\u00f3n","Tiempo de lectura":"3 minutos"},"schema":{"@context":"https:\/\/schema.org","@graph":[{"@type":"Article","@id":"https:\/\/eldiariodelaeducacion.com\/extraeducacion\/2024\/05\/08\/ugt-sp-apuesta-por-la-transformacion-y-dignificacion-de-la-profesion-docente\/#article","isPartOf":{"@id":"https:\/\/eldiariodelaeducacion.com\/extraeducacion\/2024\/05\/08\/ugt-sp-apuesta-por-la-transformacion-y-dignificacion-de-la-profesion-docente\/"},"author":{"name":"Redacci\u00f3n","@id":"https:\/\/eldiariodelaeducacion.com\/extraeducacion\/#\/schema\/person\/5228007cb64f7ca80adbd750a941d59c"},"headline":"UGT SP apuesta por la transformaci\u00f3n y dignificaci\u00f3n de la profesi\u00f3n docente","datePublished":"2024-05-08T05:00:32+00:00","dateModified":"2024-07-29T08:14:58+00:00","mainEntityOfPage":{"@id":"https:\/\/eldiariodelaeducacion.com\/extraeducacion\/2024\/05\/08\/ugt-sp-apuesta-por-la-transformacion-y-dignificacion-de-la-profesion-docente\/"},"wordCount":636,"commentCount":2,"image":{"@id":"https:\/\/eldiariodelaeducacion.com\/extraeducacion\/2024\/05\/08\/ugt-sp-apuesta-por-la-transformacion-y-dignificacion-de-la-profesion-docente\/#primaryimage"},"thumbnailUrl":"https:\/\/eldiariodelaeducacion.com\/extraeducacion\/wp-content\/uploads\/sites\/5\/2024\/05\/GettyImages-1499379480.jpg","keywords":["profesorado"],"articleSection":["Extra educaci\u00f3n"],"inLanguage":"es","potentialAction":[{"@type":"CommentAction","name":"Comment","target":["https:\/\/eldiariodelaeducacion.com\/extraeducacion\/2024\/05\/08\/ugt-sp-apuesta-por-la-transformacion-y-dignificacion-de-la-profesion-docente\/#respond"]}]},{"@type":"WebPage","@id":"https:\/\/eldiariodelaeducacion.com\/extraeducacion\/2024\/05\/08\/ugt-sp-apuesta-por-la-transformacion-y-dignificacion-de-la-profesion-docente\/","url":"https:\/\/eldiariodelaeducacion.com\/extraeducacion\/2024\/05\/08\/ugt-sp-apuesta-por-la-transformacion-y-dignificacion-de-la-profesion-docente\/","name":"UGT SP apuesta por la transformaci\u00f3n y dignificaci\u00f3n de la profesi\u00f3n docente - Extra Educaci\u00f3n","isPartOf":{"@id":"https:\/\/eldiariodelaeducacion.com\/extraeducacion\/#website"},"primaryImageOfPage":{"@id":"https:\/\/eldiariodelaeducacion.com\/extraeducacion\/2024\/05\/08\/ugt-sp-apuesta-por-la-transformacion-y-dignificacion-de-la-profesion-docente\/#primaryimage"},"image":{"@id":"https:\/\/eldiariodelaeducacion.com\/extraeducacion\/2024\/05\/08\/ugt-sp-apuesta-por-la-transformacion-y-dignificacion-de-la-profesion-docente\/#primaryimage"},"thumbnailUrl":"https:\/\/eldiariodelaeducacion.com\/extraeducacion\/wp-content\/uploads\/sites\/5\/2024\/05\/GettyImages-1499379480.jpg","datePublished":"2024-05-08T05:00:32+00:00","dateModified":"2024-07-29T08:14:58+00:00","author":{"@id":"https:\/\/eldiariodelaeducacion.com\/extraeducacion\/#\/schema\/person\/5228007cb64f7ca80adbd750a941d59c"},"breadcrumb":{"@id":"https:\/\/eldiariodelaeducacion.com\/extraeducacion\/2024\/05\/08\/ugt-sp-apuesta-por-la-transformacion-y-dignificacion-de-la-profesion-docente\/#breadcrumb"},"inLanguage":"es","potentialAction":[{"@type":"ReadAction","target":["https:\/\/eldiariodelaeducacion.com\/extraeducacion\/2024\/05\/08\/ugt-sp-apuesta-por-la-transformacion-y-dignificacion-de-la-profesion-docente\/"]}]},{"@type":"ImageObject","inLanguage":"es","@id":"https:\/\/eldiariodelaeducacion.com\/extraeducacion\/2024\/05\/08\/ugt-sp-apuesta-por-la-transformacion-y-dignificacion-de-la-profesion-docente\/#primaryimage","url":"https:\/\/eldiariodelaeducacion.com\/extraeducacion\/wp-content\/uploads\/sites\/5\/2024\/05\/GettyImages-1499379480.jpg","contentUrl":"https:\/\/eldiariodelaeducacion.com\/extraeducacion\/wp-content\/uploads\/sites\/5\/2024\/05\/GettyImages-1499379480.jpg","width":788,"height":443,"caption":"Gettyimages"},{"@type":"BreadcrumbList","@id":"https:\/\/eldiariodelaeducacion.com\/extraeducacion\/2024\/05\/08\/ugt-sp-apuesta-por-la-transformacion-y-dignificacion-de-la-profesion-docente\/#breadcrumb","itemListElement":[{"@type":"ListItem","position":1,"name":"Portada","item":"https:\/\/eldiariodelaeducacion.com\/extraeducacion\/"},{"@type":"ListItem","position":2,"name":"UGT SP apuesta por la transformaci\u00f3n y dignificaci\u00f3n de la profesi\u00f3n docente"}]},{"@type":"WebSite","@id":"https:\/\/eldiariodelaeducacion.com\/extraeducacion\/#website","url":"https:\/\/eldiariodelaeducacion.com\/extraeducacion\/","name":"Extra Educaci\u00f3n","description":"Un blog de El Diario de la Educaci\u00f3n","potentialAction":[{"@type":"SearchAction","target":{"@type":"EntryPoint","urlTemplate":"https:\/\/eldiariodelaeducacion.com\/extraeducacion\/?s={search_term_string}"},"query-input":{"@type":"PropertyValueSpecification","valueRequired":true,"valueName":"search_term_string"}}],"inLanguage":"es"},{"@type":"Person","@id":"https:\/\/eldiariodelaeducacion.com\/extraeducacion\/#\/schema\/person\/5228007cb64f7ca80adbd750a941d59c","name":"Redacci\u00f3n","image":{"@type":"ImageObject","inLanguage":"es","@id":"https:\/\/eldiariodelaeducacion.com\/wp-content\/uploads\/2024\/10\/redaccion_avatar-96x96.png","url":"https:\/\/eldiariodelaeducacion.com\/wp-content\/uploads\/2024\/10\/redaccion_avatar-96x96.png","contentUrl":"https:\/\/eldiariodelaeducacion.com\/wp-content\/uploads\/2024\/10\/redaccion_avatar-96x96.png","caption":"Redacci\u00f3n"},"url":"https:\/\/eldiariodelaeducacion.com\/extraeducacion\/author\/redaccion\/"}]}},"_links":{"self":[{"href":"https:\/\/eldiariodelaeducacion.com\/extraeducacion\/wp-json\/wp\/v2\/posts\/767","targetHints":{"allow":["GET"]}}],"collection":[{"href":"https:\/\/eldiariodelaeducacion.com\/extraeducacion\/wp-json\/wp\/v2\/posts"}],"about":[{"href":"https:\/\/eldiariodelaeducacion.com\/extraeducacion\/wp-json\/wp\/v2\/types\/post"}],"author":[{"embeddable":true,"href":"https:\/\/eldiariodelaeducacion.com\/extraeducacion\/wp-json\/wp\/v2\/users\/150"}],"replies":[{"embeddable":true,"href":"https:\/\/eldiariodelaeducacion.com\/extraeducacion\/wp-json\/wp\/v2\/comments?post=767"}],"version-history":[{"count":1,"href":"https:\/\/eldiariodelaeducacion.com\/extraeducacion\/wp-json\/wp\/v2\/posts\/767\/revisions"}],"predecessor-version":[{"id":975,"href":"https:\/\/eldiariodelaeducacion.com\/extraeducacion\/wp-json\/wp\/v2\/posts\/767\/revisions\/975"}],"wp:featuredmedia":[{"embeddable":true,"href":"https:\/\/eldiariodelaeducacion.com\/extraeducacion\/wp-json\/wp\/v2\/media\/768"}],"wp:attachment":[{"href":"https:\/\/eldiariodelaeducacion.com\/extraeducacion\/wp-json\/wp\/v2\/media?parent=767"}],"wp:term":[{"taxonomy":"category","embeddable":true,"href":"https:\/\/eldiariodelaeducacion.com\/extraeducacion\/wp-json\/wp\/v2\/categories?post=767"},{"taxonomy":"post_tag","embeddable":true,"href":"https:\/\/eldiariodelaeducacion.com\/extraeducacion\/wp-json\/wp\/v2\/tags?post=767"},{"taxonomy":"tipo","embeddable":true,"href":"https:\/\/eldiariodelaeducacion.com\/extraeducacion\/wp-json\/wp\/v2\/tipo?post=767"}],"curies":[{"name":"wp","href":"https:\/\/api.w.org\/{rel}","templated":true}]}}