{"id":963,"date":"2024-07-08T12:19:18","date_gmt":"2024-07-08T11:19:18","guid":{"rendered":"https:\/\/eldiariodelaeducacion.com\/extraeducacion\/?p=813"},"modified":"2024-08-19T18:39:42","modified_gmt":"2024-08-19T16:39:42","slug":"la-inteligencia-artificial-como-objeto-de-estudio-10-recursos-para-aprender-ensenar-e-investigar","status":"publish","type":"post","link":"https:\/\/eldiariodelaeducacion.com\/extraeducacion\/2024\/07\/08\/la-inteligencia-artificial-como-objeto-de-estudio-10-recursos-para-aprender-ensenar-e-investigar\/","title":{"rendered":"La Inteligencia Artificial como objeto de estudio:  10 recursos para aprender, ense\u00f1ar e investigar"},"content":{"rendered":"<p>A nivel de proyectos de investigaci\u00f3n, el Gabinete de Comunicaci\u00f3n y Educaci\u00f3n participa en el proyecto\u00a0<strong>Identificaci\u00f3n, Verificaci\u00f3n y Respuesta. El Estado democr\u00e1tico frente al reto de la desinformaci\u00f3n interesada (Ref. SPLEC2100C008176XV0)<\/strong>, desarrollado conjuntamente con RTVE y su red de c\u00e1tedras tecnol\u00f3gicas. Esta iniciativa trabaja por\u00a0fomentar procesos de verificaci\u00f3n\u00a0que conviertan a la ciudadan\u00eda y, especialmente, a los profesionales del periodismo en actores dotados de herramientas y recursos para validar la informaci\u00f3n que circula por el ciberespacio.<\/p>\n<p>Por otro lado, desde hace a\u00f1os, el Gabinete participa en el <strong>Observatorio Oi2<\/strong> que, en el marco de la <strong>C\u00e1tedra RTVE-UAB<\/strong> para la <strong>Innovaci\u00f3n de los Informativos en la Sociedad Digital da forma al\u00a0Observatorio para la Innovaci\u00f3n de los Informativos en la Sociedad Digital<\/strong>,\u00a0se centra en el estudio, el monitoreo y la investigaci\u00f3n de las \u00faltimas tendencias en el \u00e1mbito de los informativos televisivos con el objetivo de demostrar c\u00f3mo estas iniciativas se pueden desarrollar de forma sostenible y adaptadas a la econom\u00eda actual. Este trabajo de investigaci\u00f3n, transferencia y divulgaci\u00f3n ha generado una colecci\u00f3n de materiales sobre la IA de inter\u00e9s te\u00f3rico y pr\u00e1ctico. Destacan los <strong>siguientes 10 \u201crecursos\u201d<\/strong>:<\/p>\n<h4>RECURSO 01: \u201cDetecci\u00f3n de noticias a trav\u00e9s de aplicaciones de inteligencia artificial\u201d.<\/h4>\n<p>\u201c<a href=\"https:\/\/oi2media.es\/wp-content\/uploads\/2024\/06\/informe_01_Deteccion-de-noticias.pdf\">Detecci\u00f3n de noticias a trav\u00e9s de aplicaciones de inteligencia artificial<\/a>\u201d es un informe elaborado en el marco del Observatorio para la Innovaci\u00f3n de los Informativos en la Sociedad Digital (Oi2), que es una C\u00e1tedra RTVE-UAB y de la que forma parte el Gabinete de Comunicaci\u00f3n y Educaci\u00f3n. Y, en concreto, el recurso forma parte de un <a href=\"https:\/\/oi2media.es\/noticias\/la-catedra-rtve-uab-lidera-un-plan-bianual-sobre-ia-y-periodismo\/\">proyecto de investigaci\u00f3n bianual<\/a>. Este documento responde a la pregunta: \u201c<strong>\u00bfPuede ser \u00fatil la inteligencia artificial a la hora de proporcionar a los periodistas indicios e informaciones sobre hechos singulares que no est\u00e1n previstos de antemano<\/strong>?\u201d. Es decir, se refiere a todo el proceso de creaci\u00f3n de una noticia: desde que se produce un hecho hasta que el periodista lo conoce y lo cubre.<\/p>\n<h4>RECURSO 02: \u201cGeneraci\u00f3n autom\u00e1tica de textos period\u00edsticos\u201d<\/h4>\n<p>\u201c<a href=\"https:\/\/oi2media.es\/wp-content\/uploads\/2024\/06\/informe_02_Generacion-automatica.pdf\">Generaci\u00f3n autom\u00e1tica de textos period\u00edsticos<\/a>\u201d es un informe tambi\u00e9n elaborado en el marco del Observatorio para la Innovaci\u00f3n de los Informativos en la Sociedad Digital (Oi2), que es una C\u00e1tedra RTVE-UAB y de la que forma parte el Gabinete de Comunicaci\u00f3n y Educaci\u00f3n. Y, en concreto, el recurso forma parte de un<a href=\"https:\/\/oi2media.es\/noticias\/la-catedra-rtve-uab-lidera-un-plan-bianual-sobre-ia-y-periodismo\/\"> proyecto de investigaci\u00f3n bianual<\/a>. A partir de una base bibliogr\u00e1fica se expone un marco contextual que informa de <strong>c\u00f3mo generar piezas period\u00edsticas de manera autom\u00e1tica, con herramientas y casos<\/strong> como ejemplo.<\/p>\n<h4>RECURSO 03: \u201cPersonalizaci\u00f3n de contenidos en medios visuales\u201d<\/h4>\n<p>\u201c<a href=\"https:\/\/oi2media.es\/wp-content\/uploads\/2024\/06\/informe_03-Personalizacion-de-contenidos.pdf\">Personalizaci\u00f3n de contenidos en medios visuales<\/a>\u201d es el tercer informe realizado en el Observatorio para la Innovaci\u00f3n de los Informativos en la Sociedad Digital (Oi2), que es una C\u00e1tedra RTVE-UAB y de la que forma parte el Gabinete de Comunicaci\u00f3n y Educaci\u00f3n. El recurso forma parte de un <a href=\"https:\/\/oi2media.es\/noticias\/la-catedra-rtve-uab-lidera-un-plan-bianual-sobre-ia-y-periodismo\/\">proyecto de investigaci\u00f3n bianual<\/a>. Informa sobre las posibilidades de personalizaci\u00f3n de la informaci\u00f3n period\u00edstica mediante la inteligencia artificial. Se define desde el <strong>concepto de personalizaci\u00f3n y se estudia en la perspectiva del <em>marketing<\/em> con el fin de crear un modelo para recoger las aplicaciones que permitan trabajar en el \u00e1mbito del periodismo<\/strong>. Adem\u00e1s, se realizan cuatro casos de inter\u00e9s: Agencia EFE, El Confidencial, InfoLibre y YLE.<\/p>\n<h4>RECURSO 04: \u201cContra la desinformaci\u00f3n: Estrategias y herramientas\u201d<\/h4>\n<p>\u201c<a href=\"https:\/\/oi2media.es\/wp-content\/uploads\/2024\/06\/Informe_04-Contra-la-desinformacion.pdf\">Contra la desinformaci\u00f3n: Estrategias y herramientas<\/a>\u201d es el cuarto informe realizado en el Observatorio para la Innovaci\u00f3n de los Informativos en la Sociedad Digital (Oi2), que es una C\u00e1tedra RTVE-UAB y de la que forma parte el Gabinete de Comunicaci\u00f3n y Educaci\u00f3n. El recurso forma parte de un <a href=\"https:\/\/oi2media.es\/noticias\/la-catedra-rtve-uab-lidera-un-plan-bianual-sobre-ia-y-periodismo\/\">proyecto de investigaci\u00f3n bianual<\/a>. Se relata el papel de la inteligencia artificial en la gesti\u00f3n de la informaci\u00f3n. Por este motivo, se exponen <strong>iniciativas internacionales y las herramientas que se usan para esta finalidad<\/strong>. As\u00ed pues, se materializa en apartados de conceptualizaci\u00f3n, una lista de fact-checkers y estudios de caso de la BBC, Le Monde y VerificaRTVE.<\/p>\n<h4>RECURSO 05: \u201cAsistentes y presentadores virtuales en periodismo\u201d<\/h4>\n<p>\u201c<a href=\"https:\/\/oi2media.es\/wp-content\/uploads\/2024\/06\/informe_05_Asistentes-y-Presentadores.pdf\">Asistentes y presentadores virtuales en periodismo<\/a>\u201d es el quinto y \u00faltimo informe realizado en el Observatorio para la Innovaci\u00f3n de los Informativos en la Sociedad Digital (Oi2), que es una C\u00e1tedra RTVE-UAB y de la que forma parte el Gabinete de Comunicaci\u00f3n y Educaci\u00f3n. El recurso forma parte de un <a href=\"https:\/\/oi2media.es\/noticias\/la-catedra-rtve-uab-lidera-un-plan-bianual-sobre-ia-y-periodismo\/\">proyecto de investigaci\u00f3n bianual<\/a>. Se analiza c\u00f3mo ha <strong>desarrollado la IA el aprendizaje profundo y el lenguaje natural, as\u00ed como la realidad virtual y la producci\u00f3n de medios sint\u00e9ticos que interact\u00faan con humanos<\/strong>. Por ejemplo, Alexa o Siri. As\u00ed pues, se traslada este aprendizaje al periodismo y se analizan las tendencias e innovaciones en el \u00e1mbito y el factor \u00e9tico que se le vincula. Los estudios de caso de estos hacen referencia a Radio Televisi\u00f3n Espa\u00f1ola, Beeb, Xinhua y Maeil Broadcasting Network.<\/p>\n<h4>RECURSO 06: \u201cLa intel\u00b7lig\u00e8ncia artificial al periodismo: Mirades d\u2019experts sobre els riscos, les oportunitats i els desafiaments de la comunicaci\u00f3 robotitzada a les comarques gironines\u201d<\/h4>\n<p>\u201c<a href=\"https:\/\/oi2media.es\/publicacion\/la-intel%c2%b7ligencia-artificial-al-periodisme-mirades-dexperts-sobre-els-riscos-les-oportunitats-i-els-desafiaments-de-la-comunicacio-robotitzada-a-les-comarques-gironines\/\">La intel\u00b7lig\u00e8ncia artificial al periodismo: Mirades d\u2019experts sobre els riscos, les oportunitats i els desafiaments de la comunicaci\u00f3 robotitzada a les comarques gironines<\/a>\u201d es un libro de Santiago Tejedor y realizado tras el galard\u00f3n de los \u201cPremis Carles Rahola de Comunicaci\u00f3 Local\u201d y con la colaboraci\u00f3n de la Diputaci\u00f3n de Girona y del Col\u00b7legi de Periodistes de Catalunya. En este, <strong>se analizan las oportunidades de la inteligencia artificial en la prensa local y comarcal<\/strong>. Se realiza con la voz de 31 expertos y el an\u00e1lisis de una gran cantidad de art\u00edculos.<\/p>\n<h4>RECURSO 07: \u201cLa inteligencia artificial en el periodismo. Mapping de conceptos, casos y recomendaciones\u201d<\/h4>\n<p>\u201c<a href=\"https:\/\/www.editorialuoc.cat\/la-inteligencia-artificial-en-el-periodismo\">La inteligencia artificial en el periodismo. Mapping de conceptos, casos y recomendaciones<\/a>\u201d es un libro dirigido por Santiago Tejedor y realizado con Cristina Pulido, Elena Hita y Kelly Robledo, investigadoras del Gabinete de Comunicaci\u00f3n y Educaci\u00f3n de la UAB. Analiza la <strong>inteligencia artificial en el periodismo con sus oportunidades y desaf\u00edos<\/strong>. La informaci\u00f3n se ejemplifica en listas, gr\u00e1ficos, experiencias y noticias y se complementa con una cartograf\u00eda mundial de trabajos period\u00edsticos realizados con la colaboraci\u00f3n de la inteligencia artificial. Cuenta con la voz de 29 expertos.<\/p>\n<h4>RECURSO 08: \u201cQu\u00e9 opinan los periodistas de las herramientas de verificaci\u00f3n potenciadas por la Inteligencia Artificial\u201d<\/h4>\n<p>\u201c<a href=\"https:\/\/infonomy.scimagoepi.com\/index.php\/infonomy\/article\/view\/45\/74\">Qu\u00e9 opinan los periodistas de las herramientas de verificaci\u00f3n potenciadas por la Inteligencia Artificial<\/a>\u201d es un art\u00edculo acad\u00e9mico publicado en la revista acad\u00e9mica Infonomy. A partir de dos grupos de discusi\u00f3n formados por periodistas, se debate el uso de la Inteligencia Artificial para verificar la informaci\u00f3n que se difunde por los medios de comunicaci\u00f3n. Las conclusiones apuntan a que <strong>son tecnolog\u00edas viables para esta cuesti\u00f3n siempre que el resultado de las verificaciones se acerque al m\u00e1ximo al 100%<\/strong>.<\/p>\n<h4>RECURSO 09: \u201cExo Journalism: A Conceptual Approach to a Hybrid Formula between Journalism and Artificial Intelligence\u201d<\/h4>\n<p>\u201c<a href=\"https:\/\/www.mdpi.com\/2673-5172\/2\/4\/48\">Exo Journalism: A Conceptual Approach to a Hybrid Formula between Journalism and Artificial Intelligence<\/a>\u201d es un art\u00edculo acad\u00e9mico de la revista Journalism and media. Define el concepto \u201cExo Journalism\u201d como aquel que conecta la Inteligencia Artificial con las rutinas period\u00edsticas. Y, a partir de este, <strong>analiza c\u00f3mo esta nueva disciplina se puede combinar con la generaci\u00f3n de informaci\u00f3n de manera autom\u00e1tica y la verificaci\u00f3n de los contenidos<\/strong>. El art\u00edculo se ha realizado a partir de entrevistas y del an\u00e1lisis de documentos.<\/p>\n<h4>RECURSO 10: \u201cLa aplicaci\u00f3n de la Inteligencia Artificial (IA) a los sistemas de edici\u00f3n\u201d<\/h4>\n<p>Este informe de investigaci\u00f3n titulado \u201c<a href=\"https:\/\/www.gabinetecomunicacionyeducacion.com\/es\/noticias\/el-gabinete-de-comunicacion-y-educacion-de-la-uab-presenta-el-sexto-informe-sobre\">La\u00a0aplicaci\u00f3n de la Inteligencia artificial (IA) a los sistemas de edici\u00f3n<\/a>\u201d\u00a0examina los avances de la IA en la <strong>creaci\u00f3n de v\u00eddeos a partir de texto, explorando c\u00f3mo esta tecnolog\u00eda est\u00e1 transformando la producci\u00f3n de contenidos audiovisuales, abarcando imagen, avatares, v\u00eddeo y texto<\/strong>. Se destacan las innovaciones potenciales en los m\u00e9todos tradicionales de creaci\u00f3n y distribuci\u00f3n de contenidos, as\u00ed como su impacto en los sistemas de producci\u00f3n de mensajes.<\/p>\n<p>Esta colecci\u00f3n de materiales y recursos conecta con las reflexiones del texto titulado \u201c<a href=\"https:\/\/eldiariodelaeducacion.com\/extraeducacion\/2023\/02\/20\/periodismo-e-inteligencia-artificial-10-reflexiones-10-desafios\/\">Periodismo e Inteligencia Artificial: 10 reflexiones, 10 desaf\u00edos<\/a>\u201d que alud\u00eda a diez reflexiones o hitos a tener presentes al estudiar e investigar sobre la IA. Eran los siguientes:<\/p>\n<ol>\n<li><strong>Entender los algoritmos<\/strong>: Necesitamos conocer la estructura y el engranaje de los algoritmos que, en el terreno period\u00edstico, deci\u00adden, filtran, eluden, seleccionan, excluyen, etc.<\/li>\n<li><strong>Reforzar la \u00e9tica<\/strong>: La \u00e9tica es una decisi\u00f3n que nos hace mejores personas. La deontolog\u00eda nos har\u00e1 mejores periodistas. La IA no ha inaugurado este desaf\u00edo.<\/li>\n<li><strong>Potenciar la alfabetizaci\u00f3n medi\u00e1tica e informacional (AMI)<\/strong>: Se requiere una capacidad de acceso, uso y evaluaci\u00f3n cr\u00edtica de los medios y las tecnolog\u00edas que los acompa\u00f1an.<\/li>\n<li><strong>Hacer pedagog\u00eda<\/strong>: Es crucial ofrecer las herramientas y los conceptos que posibiliten a la ciudadan\u00eda aplicar un pensamiento cr\u00edtico, una mirada exigente que no caiga de forma gratuita ni en el halago infundado ni en la cr\u00edtica inconsistente.<\/li>\n<li><strong>Luchar por la transparencia<\/strong>: La ciudadan\u00eda necesita saber cu\u00e1les son las mec\u00e1nicas que hay detr\u00e1s de esas interfaces que nos dicen cosas.<\/li>\n<li><strong>Explorar perfiles profesionales<\/strong>: El nuevo escenario define y demanda de nuevos perfiles.<\/li>\n<li><strong>Renovar los planes de estudio<\/strong>: La IA exige una reflexi\u00f3n perenne sobre el qu\u00e9 y el c\u00f3mo aprender y ense\u00f1ar periodismo.<\/li>\n<li><strong>Seguir investigando<\/strong>: Se trata de un objeto de estudio tan amplio y complejo que ha de ser abordado desde todos los saberes, con una presencia destacada de las humanidades digitales.<\/li>\n<li><strong>Apostar por la innovaci\u00f3n<\/strong>: La apuesta por la innovaci\u00f3n de los procesos, los formatos, los mensajes y los canales es otro gran desaf\u00edo para la industria y para la academia.<\/li>\n<li><strong>Defender el periodismo<\/strong>: Con la ayuda de la IA, hemos de ser capaces de reivindicar la esencia y el porqu\u00e9 del periodismo.<\/li>\n<\/ol>\n<p>En conclusi\u00f3n, la IA se consolida como un objeto de estudio que, a diferencia de otras \u201cmodas\u201d tecnol\u00f3gicas y mundos virtuales, ha llegado para quedarse. Es m\u00e1s, hace tiempo que nos envuelve en aspectos cotidianos y en desarrollos profesionales. La clave ahora es seguir estudi\u00e1ndola, monitorearla y, especialmente, saber c\u00f3mo explicarla.<\/p>\n<p>El\u00a0<strong>Gabinete de Comunicaci\u00f3n y de Educaci\u00f3n<\/strong>\u00a0es un\u00a0<span style=\"text-decoration: underline\">grupo consolidado y especializado<\/span>\u00a0en la investigaci\u00f3n y divulgaci\u00f3n cient\u00edfica, que pertenece al Departamento de Periodismo y Ciencias de la Comunicaci\u00f3n de la\u00a0<strong>UAB<\/strong>.\u00a0Reconocido por AGAUR (Ag\u00e8ncia de Gesti\u00f3 d\u2019Ajuts Universitaris i de Recerca) de la Generalitat de Catalunya como\u00a0<strong>Grupo de Investigaci\u00f3n Consolidado<\/strong>\u00a0en funci\u00f3n de su trayectoria, proyecci\u00f3n y desarrollo, desarrolla proyectos e investigaciones en el terreno de convergencia entre la comunicaci\u00f3n y la educaci\u00f3n. Desde su creaci\u00f3n, ha desarrollado iniciativas destinadas a integrar, con conciencia y libertad, las\u00a0tecnolog\u00edas de la comunicaci\u00f3n\u00a0en la denominada\u00a0sociedad global o del conocimiento. Bajo la direcci\u00f3n de\u00a0<strong>Santiago Tejedor<\/strong>,\u00a0el Gabinete organiza diferentes m\u00e1steres propios, como el M\u00e1ster en\u00a0<strong>Periodismo de Viajes<\/strong>\u00a0(presencial y online), el M\u00e1ster de\u00a0<strong>Comunicaci\u00f3n y Educaci\u00f3n<\/strong>,\u00a0el M\u00e1ster de\u00a0<strong>Comunicaci\u00f3n del Medioambiente<\/strong>\u00a0y el M\u00e1ster en<strong> Gesti\u00f3n de la\u00a0Comunicaci\u00f3n Pol\u00edtica y Electoral<\/strong>.\u00a0El grupo posee una colecci\u00f3n de publicaciones, en forma de\u00a0art\u00edculos cient\u00edficos,\u00a0libros y cap\u00edtulos de libro, y\u00a0otros trabajos, muy amplia y variada que se renueva constantemente. Adem\u00e1s, cuenta con un laboratorio de\u00a0proyectos\u00a0de\u00a0innovaci\u00f3n docente, transferencia y nuevos formatos\u00a0que se conciben y desarrollan desde una perspectiva basada en la creatividad y el trabajo multidisciplinar. El Gabinete organiza cada a\u00f1o una expedici\u00f3n acad\u00e9mica que recorre el mundo con estudiantes de diferentes universidades y carreras. Se trata de la\u00a0<span style=\"text-decoration: underline\">Expedici\u00f3n Tahina-Can<\/span>\u00a0que ha sido premiada como mejor proyecto educativo de Espa\u00f1a. Adem\u00e1s, cuenta con el portal\u00a0<span style=\"text-decoration: underline\">Tu Aventura<\/span>,\u00a0la\u00a0<span style=\"text-decoration: underline\">plataforma educativa InfoEDU<\/span>\u00a0y el proyecto de <em>newsgames<\/em> y ciencia\u00a0<span style=\"text-decoration: underline\">Reporteros de la Ciencia<\/span>.<\/p>\n","protected":false},"excerpt":{"rendered":"<p>A nivel de proyectos de investigaci\u00f3n, el Gabinete de Comunicaci\u00f3n y Educaci\u00f3n participa en el proyecto\u00a0Identificaci\u00f3n, Verificaci\u00f3n y Respuesta. El Estado democr\u00e1tico frente al reto de la desinformaci\u00f3n interesada (Ref. SPLEC2100C008176XV0), desarrollado conjuntamente con RTVE y su red de c\u00e1tedras tecnol\u00f3gicas. Esta iniciativa trabaja por\u00a0fomentar procesos de verificaci\u00f3n\u00a0que conviertan a la ciudadan\u00eda y, especialmente, a<\/p>\n","protected":false},"author":1256,"featured_media":950,"comment_status":"open","ping_status":"open","sticky":false,"template":"","format":"standard","meta":{"footnotes":""},"categories":[2],"tags":[],"tipo":[29],"class_list":{"0":"post-963","1":"post","2":"type-post","3":"status-publish","4":"format-standard","5":"has-post-thumbnail","7":"category-extra-educacion","8":"tipo-analisis"},"yoast_head":"<!-- This site is optimized with the Yoast SEO plugin v27.5 - https:\/\/yoast.com\/product\/yoast-seo-wordpress\/ -->\n<title>La Inteligencia Artificial como objeto de estudio: 10 recursos para aprender, ense\u00f1ar e investigar - Extra Educaci\u00f3n<\/title>\n<meta name=\"robots\" content=\"index, follow, max-snippet:-1, max-image-preview:large, max-video-preview:-1\" \/>\n<link rel=\"canonical\" href=\"https:\/\/eldiariodelaeducacion.com\/extraeducacion\/2024\/07\/08\/la-inteligencia-artificial-como-objeto-de-estudio-10-recursos-para-aprender-ensenar-e-investigar\/\" \/>\n<meta property=\"og:locale\" content=\"es_ES\" \/>\n<meta property=\"og:type\" content=\"article\" \/>\n<meta property=\"og:title\" content=\"La Inteligencia Artificial como objeto de estudio: 10 recursos para aprender, ense\u00f1ar e investigar - Extra Educaci\u00f3n\" \/>\n<meta property=\"og:description\" content=\"A nivel de proyectos de investigaci\u00f3n, el Gabinete de Comunicaci\u00f3n y Educaci\u00f3n participa en el proyecto\u00a0Identificaci\u00f3n, Verificaci\u00f3n y Respuesta. El Estado democr\u00e1tico frente al reto de la desinformaci\u00f3n interesada (Ref. SPLEC2100C008176XV0), desarrollado conjuntamente con RTVE y su red de c\u00e1tedras tecnol\u00f3gicas. Esta iniciativa trabaja por\u00a0fomentar procesos de verificaci\u00f3n\u00a0que conviertan a la ciudadan\u00eda y, especialmente, a\" \/>\n<meta property=\"og:url\" content=\"https:\/\/eldiariodelaeducacion.com\/extraeducacion\/2024\/07\/08\/la-inteligencia-artificial-como-objeto-de-estudio-10-recursos-para-aprender-ensenar-e-investigar\/\" \/>\n<meta property=\"og:site_name\" content=\"Extra Educaci\u00f3n\" \/>\n<meta property=\"article:published_time\" content=\"2024-07-08T11:19:18+00:00\" \/>\n<meta property=\"article:modified_time\" content=\"2024-08-19T16:39:42+00:00\" \/>\n<meta property=\"og:image\" content=\"https:\/\/eldiariodelaeducacion.com\/extraeducacion\/wp-content\/uploads\/sites\/5\/2024\/07\/PORTADAS_OI21.jpg\" \/>\n\t<meta property=\"og:image:width\" content=\"1024\" \/>\n\t<meta property=\"og:image:height\" content=\"608\" \/>\n\t<meta property=\"og:image:type\" content=\"image\/jpeg\" \/>\n<meta name=\"author\" content=\"Santiago Tejedor, Nastia Guerrero\" \/>\n<meta name=\"twitter:card\" content=\"summary_large_image\" \/>\n<meta name=\"twitter:label1\" content=\"Escrito por\" \/>\n\t<meta name=\"twitter:data1\" content=\"Santiago Tejedor, Nastia Guerrero\" \/>\n\t<meta name=\"twitter:label2\" content=\"Tiempo de lectura\" \/>\n\t<meta name=\"twitter:data2\" content=\"10 minutos\" \/>\n<script type=\"application\/ld+json\" class=\"yoast-schema-graph\">{\"@context\":\"https:\\\/\\\/schema.org\",\"@graph\":[{\"@type\":\"Article\",\"@id\":\"https:\\\/\\\/eldiariodelaeducacion.com\\\/extraeducacion\\\/2024\\\/07\\\/08\\\/la-inteligencia-artificial-como-objeto-de-estudio-10-recursos-para-aprender-ensenar-e-investigar\\\/#article\",\"isPartOf\":{\"@id\":\"https:\\\/\\\/eldiariodelaeducacion.com\\\/extraeducacion\\\/2024\\\/07\\\/08\\\/la-inteligencia-artificial-como-objeto-de-estudio-10-recursos-para-aprender-ensenar-e-investigar\\\/\"},\"author\":{\"name\":\"Santiago Tejedor, Nastia Guerrero\",\"@id\":\"https:\\\/\\\/eldiariodelaeducacion.com\\\/extraeducacion\\\/#\\\/schema\\\/person\\\/2507440dc135368acd922c339c62afde\"},\"headline\":\"La Inteligencia Artificial como objeto de estudio: 10 recursos para aprender, ense\u00f1ar e investigar\",\"datePublished\":\"2024-07-08T11:19:18+00:00\",\"dateModified\":\"2024-08-19T16:39:42+00:00\",\"mainEntityOfPage\":{\"@id\":\"https:\\\/\\\/eldiariodelaeducacion.com\\\/extraeducacion\\\/2024\\\/07\\\/08\\\/la-inteligencia-artificial-como-objeto-de-estudio-10-recursos-para-aprender-ensenar-e-investigar\\\/\"},\"wordCount\":2104,\"commentCount\":0,\"image\":{\"@id\":\"https:\\\/\\\/eldiariodelaeducacion.com\\\/extraeducacion\\\/2024\\\/07\\\/08\\\/la-inteligencia-artificial-como-objeto-de-estudio-10-recursos-para-aprender-ensenar-e-investigar\\\/#primaryimage\"},\"thumbnailUrl\":\"https:\\\/\\\/eldiariodelaeducacion.com\\\/extraeducacion\\\/wp-content\\\/uploads\\\/sites\\\/5\\\/2024\\\/07\\\/PORTADAS_OI21.jpg\",\"articleSection\":[\"Extra educaci\u00f3n\"],\"inLanguage\":\"es\",\"potentialAction\":[{\"@type\":\"CommentAction\",\"name\":\"Comment\",\"target\":[\"https:\\\/\\\/eldiariodelaeducacion.com\\\/extraeducacion\\\/2024\\\/07\\\/08\\\/la-inteligencia-artificial-como-objeto-de-estudio-10-recursos-para-aprender-ensenar-e-investigar\\\/#respond\"]}]},{\"@type\":\"WebPage\",\"@id\":\"https:\\\/\\\/eldiariodelaeducacion.com\\\/extraeducacion\\\/2024\\\/07\\\/08\\\/la-inteligencia-artificial-como-objeto-de-estudio-10-recursos-para-aprender-ensenar-e-investigar\\\/\",\"url\":\"https:\\\/\\\/eldiariodelaeducacion.com\\\/extraeducacion\\\/2024\\\/07\\\/08\\\/la-inteligencia-artificial-como-objeto-de-estudio-10-recursos-para-aprender-ensenar-e-investigar\\\/\",\"name\":\"La Inteligencia Artificial como objeto de estudio: 10 recursos para aprender, ense\u00f1ar e investigar - Extra Educaci\u00f3n\",\"isPartOf\":{\"@id\":\"https:\\\/\\\/eldiariodelaeducacion.com\\\/extraeducacion\\\/#website\"},\"primaryImageOfPage\":{\"@id\":\"https:\\\/\\\/eldiariodelaeducacion.com\\\/extraeducacion\\\/2024\\\/07\\\/08\\\/la-inteligencia-artificial-como-objeto-de-estudio-10-recursos-para-aprender-ensenar-e-investigar\\\/#primaryimage\"},\"image\":{\"@id\":\"https:\\\/\\\/eldiariodelaeducacion.com\\\/extraeducacion\\\/2024\\\/07\\\/08\\\/la-inteligencia-artificial-como-objeto-de-estudio-10-recursos-para-aprender-ensenar-e-investigar\\\/#primaryimage\"},\"thumbnailUrl\":\"https:\\\/\\\/eldiariodelaeducacion.com\\\/extraeducacion\\\/wp-content\\\/uploads\\\/sites\\\/5\\\/2024\\\/07\\\/PORTADAS_OI21.jpg\",\"datePublished\":\"2024-07-08T11:19:18+00:00\",\"dateModified\":\"2024-08-19T16:39:42+00:00\",\"author\":{\"@id\":\"https:\\\/\\\/eldiariodelaeducacion.com\\\/extraeducacion\\\/#\\\/schema\\\/person\\\/2507440dc135368acd922c339c62afde\"},\"breadcrumb\":{\"@id\":\"https:\\\/\\\/eldiariodelaeducacion.com\\\/extraeducacion\\\/2024\\\/07\\\/08\\\/la-inteligencia-artificial-como-objeto-de-estudio-10-recursos-para-aprender-ensenar-e-investigar\\\/#breadcrumb\"},\"inLanguage\":\"es\",\"potentialAction\":[{\"@type\":\"ReadAction\",\"target\":[\"https:\\\/\\\/eldiariodelaeducacion.com\\\/extraeducacion\\\/2024\\\/07\\\/08\\\/la-inteligencia-artificial-como-objeto-de-estudio-10-recursos-para-aprender-ensenar-e-investigar\\\/\"]}]},{\"@type\":\"ImageObject\",\"inLanguage\":\"es\",\"@id\":\"https:\\\/\\\/eldiariodelaeducacion.com\\\/extraeducacion\\\/2024\\\/07\\\/08\\\/la-inteligencia-artificial-como-objeto-de-estudio-10-recursos-para-aprender-ensenar-e-investigar\\\/#primaryimage\",\"url\":\"https:\\\/\\\/eldiariodelaeducacion.com\\\/extraeducacion\\\/wp-content\\\/uploads\\\/sites\\\/5\\\/2024\\\/07\\\/PORTADAS_OI21.jpg\",\"contentUrl\":\"https:\\\/\\\/eldiariodelaeducacion.com\\\/extraeducacion\\\/wp-content\\\/uploads\\\/sites\\\/5\\\/2024\\\/07\\\/PORTADAS_OI21.jpg\",\"width\":1024,\"height\":608},{\"@type\":\"BreadcrumbList\",\"@id\":\"https:\\\/\\\/eldiariodelaeducacion.com\\\/extraeducacion\\\/2024\\\/07\\\/08\\\/la-inteligencia-artificial-como-objeto-de-estudio-10-recursos-para-aprender-ensenar-e-investigar\\\/#breadcrumb\",\"itemListElement\":[{\"@type\":\"ListItem\",\"position\":1,\"name\":\"Portada\",\"item\":\"https:\\\/\\\/eldiariodelaeducacion.com\\\/extraeducacion\\\/\"},{\"@type\":\"ListItem\",\"position\":2,\"name\":\"La Inteligencia Artificial como objeto de estudio: 10 recursos para aprender, ense\u00f1ar e investigar\"}]},{\"@type\":\"WebSite\",\"@id\":\"https:\\\/\\\/eldiariodelaeducacion.com\\\/extraeducacion\\\/#website\",\"url\":\"https:\\\/\\\/eldiariodelaeducacion.com\\\/extraeducacion\\\/\",\"name\":\"Extra Educaci\u00f3n\",\"description\":\"Un blog de El Diario de la Educaci\u00f3n\",\"potentialAction\":[{\"@type\":\"SearchAction\",\"target\":{\"@type\":\"EntryPoint\",\"urlTemplate\":\"https:\\\/\\\/eldiariodelaeducacion.com\\\/extraeducacion\\\/?s={search_term_string}\"},\"query-input\":{\"@type\":\"PropertyValueSpecification\",\"valueRequired\":true,\"valueName\":\"search_term_string\"}}],\"inLanguage\":\"es\"},{\"@type\":\"Person\",\"@id\":\"https:\\\/\\\/eldiariodelaeducacion.com\\\/extraeducacion\\\/#\\\/schema\\\/person\\\/2507440dc135368acd922c339c62afde\",\"name\":\"Santiago Tejedor, Nastia Guerrero\",\"image\":{\"@type\":\"ImageObject\",\"inLanguage\":\"es\",\"@id\":\"https:\\\/\\\/secure.gravatar.com\\\/avatar\\\/bf961043032611063d2505a6ebac72dc1106008365cadb3bd6a4765b94a9b963?s=96&d=mm&r=g\",\"url\":\"https:\\\/\\\/secure.gravatar.com\\\/avatar\\\/bf961043032611063d2505a6ebac72dc1106008365cadb3bd6a4765b94a9b963?s=96&d=mm&r=g\",\"contentUrl\":\"https:\\\/\\\/secure.gravatar.com\\\/avatar\\\/bf961043032611063d2505a6ebac72dc1106008365cadb3bd6a4765b94a9b963?s=96&d=mm&r=g\",\"caption\":\"Santiago Tejedor, Nastia Guerrero\"},\"url\":\"https:\\\/\\\/eldiariodelaeducacion.com\\\/extraeducacion\\\/author\\\/stng\\\/\"}]}<\/script>\n<!-- \/ Yoast SEO plugin. -->","yoast_head_json":{"title":"La Inteligencia Artificial como objeto de estudio: 10 recursos para aprender, ense\u00f1ar e investigar - Extra Educaci\u00f3n","robots":{"index":"index","follow":"follow","max-snippet":"max-snippet:-1","max-image-preview":"max-image-preview:large","max-video-preview":"max-video-preview:-1"},"canonical":"https:\/\/eldiariodelaeducacion.com\/extraeducacion\/2024\/07\/08\/la-inteligencia-artificial-como-objeto-de-estudio-10-recursos-para-aprender-ensenar-e-investigar\/","og_locale":"es_ES","og_type":"article","og_title":"La Inteligencia Artificial como objeto de estudio: 10 recursos para aprender, ense\u00f1ar e investigar - Extra Educaci\u00f3n","og_description":"A nivel de proyectos de investigaci\u00f3n, el Gabinete de Comunicaci\u00f3n y Educaci\u00f3n participa en el proyecto\u00a0Identificaci\u00f3n, Verificaci\u00f3n y Respuesta. El Estado democr\u00e1tico frente al reto de la desinformaci\u00f3n interesada (Ref. SPLEC2100C008176XV0), desarrollado conjuntamente con RTVE y su red de c\u00e1tedras tecnol\u00f3gicas. Esta iniciativa trabaja por\u00a0fomentar procesos de verificaci\u00f3n\u00a0que conviertan a la ciudadan\u00eda y, especialmente, a","og_url":"https:\/\/eldiariodelaeducacion.com\/extraeducacion\/2024\/07\/08\/la-inteligencia-artificial-como-objeto-de-estudio-10-recursos-para-aprender-ensenar-e-investigar\/","og_site_name":"Extra Educaci\u00f3n","article_published_time":"2024-07-08T11:19:18+00:00","article_modified_time":"2024-08-19T16:39:42+00:00","og_image":[{"width":1024,"height":608,"url":"https:\/\/eldiariodelaeducacion.com\/extraeducacion\/wp-content\/uploads\/sites\/5\/2024\/07\/PORTADAS_OI21.jpg","type":"image\/jpeg"}],"author":"Santiago Tejedor, Nastia Guerrero","twitter_card":"summary_large_image","twitter_misc":{"Escrito por":"Santiago Tejedor, Nastia Guerrero","Tiempo de lectura":"10 minutos"},"schema":{"@context":"https:\/\/schema.org","@graph":[{"@type":"Article","@id":"https:\/\/eldiariodelaeducacion.com\/extraeducacion\/2024\/07\/08\/la-inteligencia-artificial-como-objeto-de-estudio-10-recursos-para-aprender-ensenar-e-investigar\/#article","isPartOf":{"@id":"https:\/\/eldiariodelaeducacion.com\/extraeducacion\/2024\/07\/08\/la-inteligencia-artificial-como-objeto-de-estudio-10-recursos-para-aprender-ensenar-e-investigar\/"},"author":{"name":"Santiago Tejedor, Nastia Guerrero","@id":"https:\/\/eldiariodelaeducacion.com\/extraeducacion\/#\/schema\/person\/2507440dc135368acd922c339c62afde"},"headline":"La Inteligencia Artificial como objeto de estudio: 10 recursos para aprender, ense\u00f1ar e investigar","datePublished":"2024-07-08T11:19:18+00:00","dateModified":"2024-08-19T16:39:42+00:00","mainEntityOfPage":{"@id":"https:\/\/eldiariodelaeducacion.com\/extraeducacion\/2024\/07\/08\/la-inteligencia-artificial-como-objeto-de-estudio-10-recursos-para-aprender-ensenar-e-investigar\/"},"wordCount":2104,"commentCount":0,"image":{"@id":"https:\/\/eldiariodelaeducacion.com\/extraeducacion\/2024\/07\/08\/la-inteligencia-artificial-como-objeto-de-estudio-10-recursos-para-aprender-ensenar-e-investigar\/#primaryimage"},"thumbnailUrl":"https:\/\/eldiariodelaeducacion.com\/extraeducacion\/wp-content\/uploads\/sites\/5\/2024\/07\/PORTADAS_OI21.jpg","articleSection":["Extra educaci\u00f3n"],"inLanguage":"es","potentialAction":[{"@type":"CommentAction","name":"Comment","target":["https:\/\/eldiariodelaeducacion.com\/extraeducacion\/2024\/07\/08\/la-inteligencia-artificial-como-objeto-de-estudio-10-recursos-para-aprender-ensenar-e-investigar\/#respond"]}]},{"@type":"WebPage","@id":"https:\/\/eldiariodelaeducacion.com\/extraeducacion\/2024\/07\/08\/la-inteligencia-artificial-como-objeto-de-estudio-10-recursos-para-aprender-ensenar-e-investigar\/","url":"https:\/\/eldiariodelaeducacion.com\/extraeducacion\/2024\/07\/08\/la-inteligencia-artificial-como-objeto-de-estudio-10-recursos-para-aprender-ensenar-e-investigar\/","name":"La Inteligencia Artificial como objeto de estudio: 10 recursos para aprender, ense\u00f1ar e investigar - Extra Educaci\u00f3n","isPartOf":{"@id":"https:\/\/eldiariodelaeducacion.com\/extraeducacion\/#website"},"primaryImageOfPage":{"@id":"https:\/\/eldiariodelaeducacion.com\/extraeducacion\/2024\/07\/08\/la-inteligencia-artificial-como-objeto-de-estudio-10-recursos-para-aprender-ensenar-e-investigar\/#primaryimage"},"image":{"@id":"https:\/\/eldiariodelaeducacion.com\/extraeducacion\/2024\/07\/08\/la-inteligencia-artificial-como-objeto-de-estudio-10-recursos-para-aprender-ensenar-e-investigar\/#primaryimage"},"thumbnailUrl":"https:\/\/eldiariodelaeducacion.com\/extraeducacion\/wp-content\/uploads\/sites\/5\/2024\/07\/PORTADAS_OI21.jpg","datePublished":"2024-07-08T11:19:18+00:00","dateModified":"2024-08-19T16:39:42+00:00","author":{"@id":"https:\/\/eldiariodelaeducacion.com\/extraeducacion\/#\/schema\/person\/2507440dc135368acd922c339c62afde"},"breadcrumb":{"@id":"https:\/\/eldiariodelaeducacion.com\/extraeducacion\/2024\/07\/08\/la-inteligencia-artificial-como-objeto-de-estudio-10-recursos-para-aprender-ensenar-e-investigar\/#breadcrumb"},"inLanguage":"es","potentialAction":[{"@type":"ReadAction","target":["https:\/\/eldiariodelaeducacion.com\/extraeducacion\/2024\/07\/08\/la-inteligencia-artificial-como-objeto-de-estudio-10-recursos-para-aprender-ensenar-e-investigar\/"]}]},{"@type":"ImageObject","inLanguage":"es","@id":"https:\/\/eldiariodelaeducacion.com\/extraeducacion\/2024\/07\/08\/la-inteligencia-artificial-como-objeto-de-estudio-10-recursos-para-aprender-ensenar-e-investigar\/#primaryimage","url":"https:\/\/eldiariodelaeducacion.com\/extraeducacion\/wp-content\/uploads\/sites\/5\/2024\/07\/PORTADAS_OI21.jpg","contentUrl":"https:\/\/eldiariodelaeducacion.com\/extraeducacion\/wp-content\/uploads\/sites\/5\/2024\/07\/PORTADAS_OI21.jpg","width":1024,"height":608},{"@type":"BreadcrumbList","@id":"https:\/\/eldiariodelaeducacion.com\/extraeducacion\/2024\/07\/08\/la-inteligencia-artificial-como-objeto-de-estudio-10-recursos-para-aprender-ensenar-e-investigar\/#breadcrumb","itemListElement":[{"@type":"ListItem","position":1,"name":"Portada","item":"https:\/\/eldiariodelaeducacion.com\/extraeducacion\/"},{"@type":"ListItem","position":2,"name":"La Inteligencia Artificial como objeto de estudio: 10 recursos para aprender, ense\u00f1ar e investigar"}]},{"@type":"WebSite","@id":"https:\/\/eldiariodelaeducacion.com\/extraeducacion\/#website","url":"https:\/\/eldiariodelaeducacion.com\/extraeducacion\/","name":"Extra Educaci\u00f3n","description":"Un blog de El Diario de la Educaci\u00f3n","potentialAction":[{"@type":"SearchAction","target":{"@type":"EntryPoint","urlTemplate":"https:\/\/eldiariodelaeducacion.com\/extraeducacion\/?s={search_term_string}"},"query-input":{"@type":"PropertyValueSpecification","valueRequired":true,"valueName":"search_term_string"}}],"inLanguage":"es"},{"@type":"Person","@id":"https:\/\/eldiariodelaeducacion.com\/extraeducacion\/#\/schema\/person\/2507440dc135368acd922c339c62afde","name":"Santiago Tejedor, Nastia Guerrero","image":{"@type":"ImageObject","inLanguage":"es","@id":"https:\/\/secure.gravatar.com\/avatar\/bf961043032611063d2505a6ebac72dc1106008365cadb3bd6a4765b94a9b963?s=96&d=mm&r=g","url":"https:\/\/secure.gravatar.com\/avatar\/bf961043032611063d2505a6ebac72dc1106008365cadb3bd6a4765b94a9b963?s=96&d=mm&r=g","contentUrl":"https:\/\/secure.gravatar.com\/avatar\/bf961043032611063d2505a6ebac72dc1106008365cadb3bd6a4765b94a9b963?s=96&d=mm&r=g","caption":"Santiago Tejedor, Nastia Guerrero"},"url":"https:\/\/eldiariodelaeducacion.com\/extraeducacion\/author\/stng\/"}]}},"_links":{"self":[{"href":"https:\/\/eldiariodelaeducacion.com\/extraeducacion\/wp-json\/wp\/v2\/posts\/963","targetHints":{"allow":["GET"]}}],"collection":[{"href":"https:\/\/eldiariodelaeducacion.com\/extraeducacion\/wp-json\/wp\/v2\/posts"}],"about":[{"href":"https:\/\/eldiariodelaeducacion.com\/extraeducacion\/wp-json\/wp\/v2\/types\/post"}],"author":[{"embeddable":true,"href":"https:\/\/eldiariodelaeducacion.com\/extraeducacion\/wp-json\/wp\/v2\/users\/1256"}],"replies":[{"embeddable":true,"href":"https:\/\/eldiariodelaeducacion.com\/extraeducacion\/wp-json\/wp\/v2\/comments?post=963"}],"version-history":[{"count":1,"href":"https:\/\/eldiariodelaeducacion.com\/extraeducacion\/wp-json\/wp\/v2\/posts\/963\/revisions"}],"predecessor-version":[{"id":982,"href":"https:\/\/eldiariodelaeducacion.com\/extraeducacion\/wp-json\/wp\/v2\/posts\/963\/revisions\/982"}],"wp:featuredmedia":[{"embeddable":true,"href":"https:\/\/eldiariodelaeducacion.com\/extraeducacion\/wp-json\/wp\/v2\/media\/950"}],"wp:attachment":[{"href":"https:\/\/eldiariodelaeducacion.com\/extraeducacion\/wp-json\/wp\/v2\/media?parent=963"}],"wp:term":[{"taxonomy":"category","embeddable":true,"href":"https:\/\/eldiariodelaeducacion.com\/extraeducacion\/wp-json\/wp\/v2\/categories?post=963"},{"taxonomy":"post_tag","embeddable":true,"href":"https:\/\/eldiariodelaeducacion.com\/extraeducacion\/wp-json\/wp\/v2\/tags?post=963"},{"taxonomy":"tipo","embeddable":true,"href":"https:\/\/eldiariodelaeducacion.com\/extraeducacion\/wp-json\/wp\/v2\/tipo?post=963"}],"curies":[{"name":"wp","href":"https:\/\/api.w.org\/{rel}","templated":true}]}}