{"id":1038,"date":"2021-05-10T07:00:13","date_gmt":"2021-05-10T05:00:13","guid":{"rendered":"https:\/\/eldiariodelaeducacion.com\/porotrapoliticaeducativa\/?p=1038"},"modified":"2024-08-21T16:50:56","modified_gmt":"2024-08-21T14:50:56","slug":"hablemos-del-profesorado-y-su-trabajo","status":"publish","type":"post","link":"https:\/\/eldiariodelaeducacion.com\/porotrapoliticaeducativa\/2021\/05\/10\/hablemos-del-profesorado-y-su-trabajo\/","title":{"rendered":"Hablemos del profesorado y su trabajo"},"content":{"rendered":"<p>Como todas las profesiones que se dedican a la expansi\u00f3n de la cultura y al desarrollo de la inteligencia, y, por lo tanto, de la libertad, el profesorado no es un colectivo uniforme, donde todos hacen y piensan lo mismo, pero s\u00ed que como colectivo, muchos y muchas, han pasado por etapas muy dif\u00edciles en su trayectoria com\u00fan. El hecho de educar genera una forma determinada de ver la realidad social, de reflexionar y hacer reflexionar sobre lo que pasa, y por este motivo, muchos y muchas han sido perseguidos durante mucho tiempo, han sido sancionados, han sufrido humillaciones, y tambi\u00e9n el exilio y la muerte por defender sus ideas o por ense\u00f1ar las ideas a otros que pensaban diferente.<\/p>\n<p>Es cierto que muchos sistemas pol\u00edticos han perseguido controlar ideol\u00f3gicamente la educaci\u00f3n de las personas y, por lo tanto, han visto al profesorado como un colectivo fundamental para difundir una determinada ideolog\u00eda, con una funci\u00f3n de sometimiento y dependencia a los poderes establecidos. Recordemos las largas noches negras de las dictaduras en muchos pa\u00edses. Introdujeron en las aulas un concepto de profesor anodino, autoritario, conservador, con un integrismo religioso e ideol\u00f3gico y donde la resignaci\u00f3n y el castigo eran el pan de cada d\u00eda de la educaci\u00f3n. Porque el totalitarismo busca no solo la dominaci\u00f3n desp\u00f3tica sobre las futuras generaciones, sino un sistema en el que las personas se vuelvan superfluas y practiquen un individualismo gregario en el que cada uno est\u00e9 aislado de los dem\u00e1s.<\/p>\n<p>Pero tambi\u00e9n muchos profesores y profesoras ofrecieron una resistencia ya sea en el campo educativo como en el social y pol\u00edtico. Forma parte de la profesi\u00f3n de muchos profesores y profesoras ese compromiso pol\u00edtico y social. La esencia propia de la profesi\u00f3n docente es la capacidad de crear a personas libres. No es la elecci\u00f3n o justificaci\u00f3n sobre lo que ha sido, sino trascender el legado cultural para empezar algo nuevo, con voluntad de entendimiento, de comunicaci\u00f3n y con la capacidad de actuar en com\u00fan.<\/p>\n<p>Ser profesor o profesora de cualquier etapa siempre ha sido una tarea laboriosa y dif\u00edcil. Aunque en el imaginario colectivo existe la idea de que se trata de un trabajo sencillo porque se trabaja con ni\u00f1os o adolescentes, con muchas fiestas y vacaciones y de f\u00e1cil quehacer, lo cierto es que la educaci\u00f3n siempre ha sido una tarea compleja. Y tambi\u00e9n de un trabajo paciente, si se hace bien. Paciencia que, en definitiva, se requiere para aceptar y atender la diversidad existente en un aula, diversidad en cuanto a experiencias previas y expectativas, anhelos y proyecciones, sentimientos y capacidades.<\/p>\n<p>El profesorado se abre camino en muchos vericuetos, algunos de ellos quebrados, en otras ocasiones hostiles. Todos ellos aceptan varias alternativas. Tomar un atajo para ayudar a alguien a aprender a leer, desviarse, por segundos, para acometer un conflicto con una familia, seguir adelante para llevar a buen puerto un proyecto compartido con los colegas. En todo esto reside la dificultad, tambi\u00e9n la riqueza de ser y hacer de profesor o profesora. Una actividad, en suma, intelectual, relacional, imprevisible y viva.<\/p>\n<p>Pero en estos tiempos hay que a\u00f1adir otras cuestiones que refuerzan esa complejidad y perplejidad. Nos referimos a cambios vinculados al contexto macro y a la evoluci\u00f3n de los valores y las concepciones sociales. Tendr\u00edamos que hablar tambi\u00e9n de cambios en el contexto de la escuela y del aula, con todas las derivaciones curriculares y metodol\u00f3gicas que comportan. Y, por \u00faltimo, cambios importantes en el contexto pol\u00edtico y administrativo. Como consecuencia, las exigencias que se reclaman al profesorado van en aumento, quiz\u00e1s tambi\u00e9n en parte por la p\u00e9rdida paulatina de responsabilidad ante una sociedad poco cohesionada, desigual e injusta. Estas exigencias adem\u00e1s de muchas son tambi\u00e9n a veces contradictorias. El profesorado debe asegurar la adquisici\u00f3n de conocimientos sin olvidar los valores y actitudes. Ahora de repente, y sin mucha explicaci\u00f3n, aparecen las competencias como eje estructurador del curriculum, de la planificaci\u00f3n e intervenci\u00f3n del profesorado. Y, en realidad, no sabemos a\u00fan si los nuevos curr\u00edculos que aparecer\u00e1n representan un cambio profundo u otra manera de nombrar lo que ya se ven\u00eda haciendo. Es importante tambi\u00e9n para el profesorado aprender a manejar m\u00e9todos y estrategias acordes con los nuevos enfoques de ense\u00f1anza, disponer de habilidades interpersonales para convivir con el alumnado, familias, colegas; y tener el deseo y las habilidades suficientes para dominar las m\u00e1s avanzadas tecnolog\u00edas de la informaci\u00f3n y la comunicaci\u00f3n, y el arte de saberlas integrar en el curr\u00edculum y en la educaci\u00f3n, sin rupturas y sin convertirlas en un ap\u00e9ndice ocasional, anecd\u00f3tico. Y las leyes educativas se van sucediendo, dejando bastante al margen al profesorado, sin apenas considerar el modo de hacer en las aulas, y sin abordar, con rigurosidad, la cuesti\u00f3n de la profesionalizaci\u00f3n, el desarrollo y la carrera docente.<\/p>\n<p>La profesi\u00f3n educativa trae a una cotidianidad invisible puesto que se tiene que establecer una dif\u00edcil convivencia entre vivir la realidad de lo que nos rodea para introducirla en las tareas de cada d\u00eda, recordar el pasado para que se reconstruya la inteligencia a partir de lo que fue creado, y proyectarse al futuro con la intencionalidad de que las nuevas generaciones puedan crear un mundo mejor. La quietud contemplativa del conocimiento frente a la inquietud de la vida activa introduce un equilibrio entre la validez del conocimiento creado con la capacidad de producir acciones, palabras y actos como cualidad propia de la condici\u00f3n humana. Y esta complejidad vale para todo el profesorado desde los que tienen ni\u00f1os y ni\u00f1as peque\u00f1os con funciones m\u00e1s cercanas a la asistencia vital, hasta los que tienen alumnos y alumnas m\u00e1s mayores con funciones de preparaci\u00f3n para la vida cotidiana y profesional. Todos sufren la tensi\u00f3n de pasar de las viejas funciones de hacer de profesor o profesora a las nuevas funciones requeridas por la sociedad.<\/p>\n<p>Pero no queremos ser ingenuos ni corporativistas. Como cualquier colectivo, no todo el profesorado de todas las \u00e9pocas se ha comportado adecuadamente. La propia tarea docente de pensar y de ense\u00f1ar a pensar lleva a aceptar la diversidad de ideas, pero a lo largo de la historia, muchos maestros no lo han hecho.<\/p>\n<p>Las funciones del profesorado han ido cambiando, como el mundo que nos rodea. El profesorado ya no son aquellas personas que ense\u00f1aban las cuestiones b\u00e1sicas para poder acceder a la cultura con un libro \u00fanico para todas las materias, sino que adem\u00e1s se han convertido, en profesionales de la educaci\u00f3n y del conocimiento donde las cuestiones sociales son muy importantes. La realidad social existente dentro de las instituciones escolares refleja los conflictos que se viven hoy en d\u00eda en la familia, en las relaciones, en el mundo profesional, en los grandes medios de comunicaci\u00f3n, en los sistemas pol\u00edticos, etc., y el profesorado asume nuevos papeles educativos y el reto de estar al d\u00eda sobre lo que sucede en el campo cient\u00edfico y social. Y ser un dinamizador importante de la cultura y de la comunidad. Pero esto tambi\u00e9n comporta sus peligros puesto que el aumento de exigencias puede comportar una intensificaci\u00f3n del trabajo educativo (trabajar mucho y hacer muchas cosas mal) y una cierta desprofesionalizaci\u00f3n originada por una falta de delimitaci\u00f3n clara de las funciones del profesorado. \u00a0En todo caso el contexto pol\u00edtico y administrativo no deber\u00eda acostumbrar al profesorado a ejecutar \u00f3rdenes, no tiene que actuar, sino saber y actuar a partir de su propia autonom\u00eda. Saber qu\u00e9 hacer y hacerlo, diferencia la profesionalidad del docente de actividades superfluas. La acci\u00f3n docente es construcci\u00f3n, libertad, revoluci\u00f3n y esperanza para la consecuci\u00f3n de una vida justa y buena. Es una acci\u00f3n pol\u00edtica porque la historia la har\u00e1n las futuras mujeres y hombres, y la esfera p\u00fablica y plural de la escuela es el \u00fanico espacio donde pueden mostrar qui\u00e9nes son.<\/p>\n<p>Y, por todo ello, contin\u00faa la lucha por una mejora de la profesi\u00f3n.<\/p>\n<pre style=\"text-align: right\"><sub><i>(<\/i><strong><a name=\"final\"><\/a>*<\/strong><i>) La imagen inicial es del artista japon\u00e9s <\/i><i>Tetsuya<\/i> <i>Ishida<\/i><i> (1973-2005),\nperteneciente a la exposici\u00f3n \"Ishida. Autorretrato de otro\", organizada por el Museo Reina Sof\u00eda.<\/i> <i>Puedes descargarse\u00a0<\/i><u><b><i><a href=\"https:\/\/www.museoreinasofia.es\/sites\/default\/files\/publicaciones\/catalogosPDF\/tetsuya_ishida_espanol._imprenta_1.pdf\" target=\"_blank\" rel=\"noopener\">el cat\u00e1logo<\/a><\/i><\/b><\/u><i>\u00a0de la exposici\u00f3n.<\/i><\/sub><\/pre>\n","protected":false},"excerpt":{"rendered":"<p>Como todas las profesiones que se dedican a la expansi\u00f3n de la cultura y al desarrollo de la inteligencia, y, por lo tanto, de la libertad, el profesorado no es un colectivo uniforme, donde todos hacen y piensan lo mismo, pero s\u00ed que como colectivo, muchos y muchas, han pasado por etapas muy dif\u00edciles en<\/p>\n","protected":false},"author":90,"featured_media":1042,"comment_status":"open","ping_status":"closed","sticky":false,"template":"","format":"standard","meta":{"footnotes":""},"categories":[18],"tags":[54,53,17,34,26],"tipo":[96],"class_list":{"0":"post-1038","1":"post","2":"type-post","3":"status-publish","4":"format-standard","5":"has-post-thumbnail","7":"category-por-otra-politica-educativa","8":"tag-comunidades-profesionales-de-aprendizaje","9":"tag-formacion-del-profesorado","10":"tag-politicas-educativas","11":"tag-profesorado","12":"tag-reformas-educativas","13":"tipo-analisis"},"yoast_head":"<!-- This site is optimized with the Yoast SEO plugin v27.5 - https:\/\/yoast.com\/product\/yoast-seo-wordpress\/ -->\n<title>Hablemos del profesorado y su trabajo - Por otra pol\u00edtica educativa. Foro de Sevilla.<\/title>\n<meta name=\"robots\" content=\"index, follow, max-snippet:-1, max-image-preview:large, max-video-preview:-1\" \/>\n<link rel=\"canonical\" href=\"https:\/\/eldiariodelaeducacion.com\/porotrapoliticaeducativa\/2021\/05\/10\/hablemos-del-profesorado-y-su-trabajo\/\" \/>\n<meta property=\"og:locale\" content=\"es_ES\" \/>\n<meta property=\"og:type\" content=\"article\" \/>\n<meta property=\"og:title\" content=\"Hablemos del profesorado y su trabajo - Por otra pol\u00edtica educativa. Foro de Sevilla\" \/>\n<meta property=\"og:description\" content=\"Las funciones del profesorado han ido cambiando, como el mundo que nos rodea. El profesorado ya no son aquellas personas que ense\u00f1aban las cuestiones b\u00e1sicas para poder acceder a la cultura con un libro \u00fanico para todas las materias, sino que adem\u00e1s se han convertido, en profesionales de la educaci\u00f3n y del conocimiento donde las cuestiones sociales son muy importantes\" \/>\n<meta property=\"og:url\" content=\"https:\/\/eldiariodelaeducacion.com\/porotrapoliticaeducativa\/2021\/05\/10\/hablemos-del-profesorado-y-su-trabajo\/\" \/>\n<meta property=\"og:site_name\" content=\"Por otra pol\u00edtica educativa. Foro de Sevilla.\" \/>\n<meta property=\"article:published_time\" content=\"2021-05-10T05:00:13+00:00\" \/>\n<meta property=\"article:modified_time\" content=\"2024-08-21T14:50:56+00:00\" \/>\n<meta property=\"og:image\" content=\"https:\/\/eldiariodelaeducacion.com\/porotrapoliticaeducativa\/wp-content\/uploads\/sites\/21\/2021\/05\/21.05-Carrera-2.jpg\" \/>\n\t<meta property=\"og:image:width\" content=\"858\" \/>\n\t<meta property=\"og:image:height\" content=\"608\" \/>\n\t<meta property=\"og:image:type\" content=\"image\/jpeg\" \/>\n<meta name=\"author\" content=\"Francisco Imbern\u00f3n\" \/>\n<meta name=\"twitter:card\" content=\"summary_large_image\" \/>\n<meta name=\"twitter:label1\" content=\"Escrito por\" \/>\n\t<meta name=\"twitter:data1\" content=\"Francisco Imbern\u00f3n\" \/>\n\t<meta name=\"twitter:label2\" content=\"Tiempo de lectura\" \/>\n\t<meta name=\"twitter:data2\" content=\"7 minutos\" \/>\n<script type=\"application\/ld+json\" class=\"yoast-schema-graph\">{\"@context\":\"https:\\\/\\\/schema.org\",\"@graph\":[{\"@type\":\"Article\",\"@id\":\"https:\\\/\\\/eldiariodelaeducacion.com\\\/porotrapoliticaeducativa\\\/2021\\\/05\\\/10\\\/hablemos-del-profesorado-y-su-trabajo\\\/#article\",\"isPartOf\":{\"@id\":\"https:\\\/\\\/eldiariodelaeducacion.com\\\/porotrapoliticaeducativa\\\/2021\\\/05\\\/10\\\/hablemos-del-profesorado-y-su-trabajo\\\/\"},\"author\":{\"name\":\"Francisco Imbern\u00f3n\",\"@id\":\"https:\\\/\\\/eldiariodelaeducacion.com\\\/porotrapoliticaeducativa\\\/#\\\/schema\\\/person\\\/870915bfc11e0cd119c6aa6ecb11199d\"},\"headline\":\"Hablemos del profesorado y su trabajo\",\"datePublished\":\"2021-05-10T05:00:13+00:00\",\"dateModified\":\"2024-08-21T14:50:56+00:00\",\"mainEntityOfPage\":{\"@id\":\"https:\\\/\\\/eldiariodelaeducacion.com\\\/porotrapoliticaeducativa\\\/2021\\\/05\\\/10\\\/hablemos-del-profesorado-y-su-trabajo\\\/\"},\"wordCount\":1413,\"commentCount\":0,\"image\":{\"@id\":\"https:\\\/\\\/eldiariodelaeducacion.com\\\/porotrapoliticaeducativa\\\/2021\\\/05\\\/10\\\/hablemos-del-profesorado-y-su-trabajo\\\/#primaryimage\"},\"thumbnailUrl\":\"https:\\\/\\\/eldiariodelaeducacion.com\\\/porotrapoliticaeducativa\\\/wp-content\\\/uploads\\\/sites\\\/21\\\/2021\\\/05\\\/21.05-Carrera-2.jpg\",\"keywords\":[\"Comunidades profesionales de aprendizaje\",\"Formaci\u00f3n del profesorado\",\"Pol\u00edticas educativas\",\"Profesorado\",\"Reformas educativas\"],\"articleSection\":[\"Por otra pol\u00edtica educativa. Foro de Sevilla\"],\"inLanguage\":\"es\",\"potentialAction\":[{\"@type\":\"CommentAction\",\"name\":\"Comment\",\"target\":[\"https:\\\/\\\/eldiariodelaeducacion.com\\\/porotrapoliticaeducativa\\\/2021\\\/05\\\/10\\\/hablemos-del-profesorado-y-su-trabajo\\\/#respond\"]}]},{\"@type\":\"WebPage\",\"@id\":\"https:\\\/\\\/eldiariodelaeducacion.com\\\/porotrapoliticaeducativa\\\/2021\\\/05\\\/10\\\/hablemos-del-profesorado-y-su-trabajo\\\/\",\"url\":\"https:\\\/\\\/eldiariodelaeducacion.com\\\/porotrapoliticaeducativa\\\/2021\\\/05\\\/10\\\/hablemos-del-profesorado-y-su-trabajo\\\/\",\"name\":\"Hablemos del profesorado y su trabajo - Por otra pol\u00edtica educativa. Foro de Sevilla.\",\"isPartOf\":{\"@id\":\"https:\\\/\\\/eldiariodelaeducacion.com\\\/porotrapoliticaeducativa\\\/#website\"},\"primaryImageOfPage\":{\"@id\":\"https:\\\/\\\/eldiariodelaeducacion.com\\\/porotrapoliticaeducativa\\\/2021\\\/05\\\/10\\\/hablemos-del-profesorado-y-su-trabajo\\\/#primaryimage\"},\"image\":{\"@id\":\"https:\\\/\\\/eldiariodelaeducacion.com\\\/porotrapoliticaeducativa\\\/2021\\\/05\\\/10\\\/hablemos-del-profesorado-y-su-trabajo\\\/#primaryimage\"},\"thumbnailUrl\":\"https:\\\/\\\/eldiariodelaeducacion.com\\\/porotrapoliticaeducativa\\\/wp-content\\\/uploads\\\/sites\\\/21\\\/2021\\\/05\\\/21.05-Carrera-2.jpg\",\"datePublished\":\"2021-05-10T05:00:13+00:00\",\"dateModified\":\"2024-08-21T14:50:56+00:00\",\"author\":{\"@id\":\"https:\\\/\\\/eldiariodelaeducacion.com\\\/porotrapoliticaeducativa\\\/#\\\/schema\\\/person\\\/870915bfc11e0cd119c6aa6ecb11199d\"},\"breadcrumb\":{\"@id\":\"https:\\\/\\\/eldiariodelaeducacion.com\\\/porotrapoliticaeducativa\\\/2021\\\/05\\\/10\\\/hablemos-del-profesorado-y-su-trabajo\\\/#breadcrumb\"},\"inLanguage\":\"es\",\"potentialAction\":[{\"@type\":\"ReadAction\",\"target\":[\"https:\\\/\\\/eldiariodelaeducacion.com\\\/porotrapoliticaeducativa\\\/2021\\\/05\\\/10\\\/hablemos-del-profesorado-y-su-trabajo\\\/\"]}]},{\"@type\":\"ImageObject\",\"inLanguage\":\"es\",\"@id\":\"https:\\\/\\\/eldiariodelaeducacion.com\\\/porotrapoliticaeducativa\\\/2021\\\/05\\\/10\\\/hablemos-del-profesorado-y-su-trabajo\\\/#primaryimage\",\"url\":\"https:\\\/\\\/eldiariodelaeducacion.com\\\/porotrapoliticaeducativa\\\/wp-content\\\/uploads\\\/sites\\\/21\\\/2021\\\/05\\\/21.05-Carrera-2.jpg\",\"contentUrl\":\"https:\\\/\\\/eldiariodelaeducacion.com\\\/porotrapoliticaeducativa\\\/wp-content\\\/uploads\\\/sites\\\/21\\\/2021\\\/05\\\/21.05-Carrera-2.jpg\",\"width\":858,\"height\":608,\"caption\":\"Tetsuya Ishida. Kenko kigu [M\u00e1quina de ejercicios] 1997. Exposici\u00f3n \\\"Ishida. Autorretrato de otro\\\", organizada por el Museo Reina Sof\u00eda. Cat\u00e1logo (*)\"},{\"@type\":\"BreadcrumbList\",\"@id\":\"https:\\\/\\\/eldiariodelaeducacion.com\\\/porotrapoliticaeducativa\\\/2021\\\/05\\\/10\\\/hablemos-del-profesorado-y-su-trabajo\\\/#breadcrumb\",\"itemListElement\":[{\"@type\":\"ListItem\",\"position\":1,\"name\":\"Portada\",\"item\":\"https:\\\/\\\/eldiariodelaeducacion.com\\\/porotrapoliticaeducativa\\\/\"},{\"@type\":\"ListItem\",\"position\":2,\"name\":\"Hablemos del profesorado y su trabajo\"}]},{\"@type\":\"WebSite\",\"@id\":\"https:\\\/\\\/eldiariodelaeducacion.com\\\/porotrapoliticaeducativa\\\/#website\",\"url\":\"https:\\\/\\\/eldiariodelaeducacion.com\\\/porotrapoliticaeducativa\\\/\",\"name\":\"Por otra pol\u00edtica educativa. Foro de Sevilla.\",\"description\":\"Un blog de El Diario de la Educaci\u00f3n\",\"potentialAction\":[{\"@type\":\"SearchAction\",\"target\":{\"@type\":\"EntryPoint\",\"urlTemplate\":\"https:\\\/\\\/eldiariodelaeducacion.com\\\/porotrapoliticaeducativa\\\/?s={search_term_string}\"},\"query-input\":{\"@type\":\"PropertyValueSpecification\",\"valueRequired\":true,\"valueName\":\"search_term_string\"}}],\"inLanguage\":\"es\"},{\"@type\":\"Person\",\"@id\":\"https:\\\/\\\/eldiariodelaeducacion.com\\\/porotrapoliticaeducativa\\\/#\\\/schema\\\/person\\\/870915bfc11e0cd119c6aa6ecb11199d\",\"name\":\"Francisco Imbern\u00f3n\",\"image\":{\"@type\":\"ImageObject\",\"inLanguage\":\"es\",\"@id\":\"https:\\\/\\\/eldiariodelaeducacion.com\\\/wp-content\\\/uploads\\\/2024\\\/10\\\/francisco-imbernon_avatar-96x96.jpg\",\"url\":\"https:\\\/\\\/eldiariodelaeducacion.com\\\/wp-content\\\/uploads\\\/2024\\\/10\\\/francisco-imbernon_avatar-96x96.jpg\",\"contentUrl\":\"https:\\\/\\\/eldiariodelaeducacion.com\\\/wp-content\\\/uploads\\\/2024\\\/10\\\/francisco-imbernon_avatar-96x96.jpg\",\"caption\":\"Francisco Imbern\u00f3n\"},\"description\":\"Catedr\u00e1tico de Pedagogia de la Universidad de Barcelona. Miembro de la Permanente del Foro de Sevilla. Por otra pol\u00edtica educativa\",\"url\":\"https:\\\/\\\/eldiariodelaeducacion.com\\\/porotrapoliticaeducativa\\\/author\\\/fimbernon\\\/\"}]}<\/script>\n<!-- \/ Yoast SEO plugin. -->","yoast_head_json":{"title":"Hablemos del profesorado y su trabajo - Por otra pol\u00edtica educativa. Foro de Sevilla.","robots":{"index":"index","follow":"follow","max-snippet":"max-snippet:-1","max-image-preview":"max-image-preview:large","max-video-preview":"max-video-preview:-1"},"canonical":"https:\/\/eldiariodelaeducacion.com\/porotrapoliticaeducativa\/2021\/05\/10\/hablemos-del-profesorado-y-su-trabajo\/","og_locale":"es_ES","og_type":"article","og_title":"Hablemos del profesorado y su trabajo - Por otra pol\u00edtica educativa. Foro de Sevilla","og_description":"Las funciones del profesorado han ido cambiando, como el mundo que nos rodea. El profesorado ya no son aquellas personas que ense\u00f1aban las cuestiones b\u00e1sicas para poder acceder a la cultura con un libro \u00fanico para todas las materias, sino que adem\u00e1s se han convertido, en profesionales de la educaci\u00f3n y del conocimiento donde las cuestiones sociales son muy importantes","og_url":"https:\/\/eldiariodelaeducacion.com\/porotrapoliticaeducativa\/2021\/05\/10\/hablemos-del-profesorado-y-su-trabajo\/","og_site_name":"Por otra pol\u00edtica educativa. Foro de Sevilla.","article_published_time":"2021-05-10T05:00:13+00:00","article_modified_time":"2024-08-21T14:50:56+00:00","og_image":[{"width":858,"height":608,"url":"https:\/\/eldiariodelaeducacion.com\/porotrapoliticaeducativa\/wp-content\/uploads\/sites\/21\/2021\/05\/21.05-Carrera-2.jpg","type":"image\/jpeg"}],"author":"Francisco Imbern\u00f3n","twitter_card":"summary_large_image","twitter_misc":{"Escrito por":"Francisco Imbern\u00f3n","Tiempo de lectura":"7 minutos"},"schema":{"@context":"https:\/\/schema.org","@graph":[{"@type":"Article","@id":"https:\/\/eldiariodelaeducacion.com\/porotrapoliticaeducativa\/2021\/05\/10\/hablemos-del-profesorado-y-su-trabajo\/#article","isPartOf":{"@id":"https:\/\/eldiariodelaeducacion.com\/porotrapoliticaeducativa\/2021\/05\/10\/hablemos-del-profesorado-y-su-trabajo\/"},"author":{"name":"Francisco Imbern\u00f3n","@id":"https:\/\/eldiariodelaeducacion.com\/porotrapoliticaeducativa\/#\/schema\/person\/870915bfc11e0cd119c6aa6ecb11199d"},"headline":"Hablemos del profesorado y su trabajo","datePublished":"2021-05-10T05:00:13+00:00","dateModified":"2024-08-21T14:50:56+00:00","mainEntityOfPage":{"@id":"https:\/\/eldiariodelaeducacion.com\/porotrapoliticaeducativa\/2021\/05\/10\/hablemos-del-profesorado-y-su-trabajo\/"},"wordCount":1413,"commentCount":0,"image":{"@id":"https:\/\/eldiariodelaeducacion.com\/porotrapoliticaeducativa\/2021\/05\/10\/hablemos-del-profesorado-y-su-trabajo\/#primaryimage"},"thumbnailUrl":"https:\/\/eldiariodelaeducacion.com\/porotrapoliticaeducativa\/wp-content\/uploads\/sites\/21\/2021\/05\/21.05-Carrera-2.jpg","keywords":["Comunidades profesionales de aprendizaje","Formaci\u00f3n del profesorado","Pol\u00edticas educativas","Profesorado","Reformas educativas"],"articleSection":["Por otra pol\u00edtica educativa. Foro de Sevilla"],"inLanguage":"es","potentialAction":[{"@type":"CommentAction","name":"Comment","target":["https:\/\/eldiariodelaeducacion.com\/porotrapoliticaeducativa\/2021\/05\/10\/hablemos-del-profesorado-y-su-trabajo\/#respond"]}]},{"@type":"WebPage","@id":"https:\/\/eldiariodelaeducacion.com\/porotrapoliticaeducativa\/2021\/05\/10\/hablemos-del-profesorado-y-su-trabajo\/","url":"https:\/\/eldiariodelaeducacion.com\/porotrapoliticaeducativa\/2021\/05\/10\/hablemos-del-profesorado-y-su-trabajo\/","name":"Hablemos del profesorado y su trabajo - Por otra pol\u00edtica educativa. Foro de Sevilla.","isPartOf":{"@id":"https:\/\/eldiariodelaeducacion.com\/porotrapoliticaeducativa\/#website"},"primaryImageOfPage":{"@id":"https:\/\/eldiariodelaeducacion.com\/porotrapoliticaeducativa\/2021\/05\/10\/hablemos-del-profesorado-y-su-trabajo\/#primaryimage"},"image":{"@id":"https:\/\/eldiariodelaeducacion.com\/porotrapoliticaeducativa\/2021\/05\/10\/hablemos-del-profesorado-y-su-trabajo\/#primaryimage"},"thumbnailUrl":"https:\/\/eldiariodelaeducacion.com\/porotrapoliticaeducativa\/wp-content\/uploads\/sites\/21\/2021\/05\/21.05-Carrera-2.jpg","datePublished":"2021-05-10T05:00:13+00:00","dateModified":"2024-08-21T14:50:56+00:00","author":{"@id":"https:\/\/eldiariodelaeducacion.com\/porotrapoliticaeducativa\/#\/schema\/person\/870915bfc11e0cd119c6aa6ecb11199d"},"breadcrumb":{"@id":"https:\/\/eldiariodelaeducacion.com\/porotrapoliticaeducativa\/2021\/05\/10\/hablemos-del-profesorado-y-su-trabajo\/#breadcrumb"},"inLanguage":"es","potentialAction":[{"@type":"ReadAction","target":["https:\/\/eldiariodelaeducacion.com\/porotrapoliticaeducativa\/2021\/05\/10\/hablemos-del-profesorado-y-su-trabajo\/"]}]},{"@type":"ImageObject","inLanguage":"es","@id":"https:\/\/eldiariodelaeducacion.com\/porotrapoliticaeducativa\/2021\/05\/10\/hablemos-del-profesorado-y-su-trabajo\/#primaryimage","url":"https:\/\/eldiariodelaeducacion.com\/porotrapoliticaeducativa\/wp-content\/uploads\/sites\/21\/2021\/05\/21.05-Carrera-2.jpg","contentUrl":"https:\/\/eldiariodelaeducacion.com\/porotrapoliticaeducativa\/wp-content\/uploads\/sites\/21\/2021\/05\/21.05-Carrera-2.jpg","width":858,"height":608,"caption":"Tetsuya Ishida. Kenko kigu [M\u00e1quina de ejercicios] 1997. Exposici\u00f3n \"Ishida. Autorretrato de otro\", organizada por el Museo Reina Sof\u00eda. Cat\u00e1logo (*)"},{"@type":"BreadcrumbList","@id":"https:\/\/eldiariodelaeducacion.com\/porotrapoliticaeducativa\/2021\/05\/10\/hablemos-del-profesorado-y-su-trabajo\/#breadcrumb","itemListElement":[{"@type":"ListItem","position":1,"name":"Portada","item":"https:\/\/eldiariodelaeducacion.com\/porotrapoliticaeducativa\/"},{"@type":"ListItem","position":2,"name":"Hablemos del profesorado y su trabajo"}]},{"@type":"WebSite","@id":"https:\/\/eldiariodelaeducacion.com\/porotrapoliticaeducativa\/#website","url":"https:\/\/eldiariodelaeducacion.com\/porotrapoliticaeducativa\/","name":"Por otra pol\u00edtica educativa. Foro de Sevilla.","description":"Un blog de El Diario de la Educaci\u00f3n","potentialAction":[{"@type":"SearchAction","target":{"@type":"EntryPoint","urlTemplate":"https:\/\/eldiariodelaeducacion.com\/porotrapoliticaeducativa\/?s={search_term_string}"},"query-input":{"@type":"PropertyValueSpecification","valueRequired":true,"valueName":"search_term_string"}}],"inLanguage":"es"},{"@type":"Person","@id":"https:\/\/eldiariodelaeducacion.com\/porotrapoliticaeducativa\/#\/schema\/person\/870915bfc11e0cd119c6aa6ecb11199d","name":"Francisco Imbern\u00f3n","image":{"@type":"ImageObject","inLanguage":"es","@id":"https:\/\/eldiariodelaeducacion.com\/wp-content\/uploads\/2024\/10\/francisco-imbernon_avatar-96x96.jpg","url":"https:\/\/eldiariodelaeducacion.com\/wp-content\/uploads\/2024\/10\/francisco-imbernon_avatar-96x96.jpg","contentUrl":"https:\/\/eldiariodelaeducacion.com\/wp-content\/uploads\/2024\/10\/francisco-imbernon_avatar-96x96.jpg","caption":"Francisco Imbern\u00f3n"},"description":"Catedr\u00e1tico de Pedagogia de la Universidad de Barcelona. Miembro de la Permanente del Foro de Sevilla. Por otra pol\u00edtica educativa","url":"https:\/\/eldiariodelaeducacion.com\/porotrapoliticaeducativa\/author\/fimbernon\/"}]}},"_links":{"self":[{"href":"https:\/\/eldiariodelaeducacion.com\/porotrapoliticaeducativa\/wp-json\/wp\/v2\/posts\/1038","targetHints":{"allow":["GET"]}}],"collection":[{"href":"https:\/\/eldiariodelaeducacion.com\/porotrapoliticaeducativa\/wp-json\/wp\/v2\/posts"}],"about":[{"href":"https:\/\/eldiariodelaeducacion.com\/porotrapoliticaeducativa\/wp-json\/wp\/v2\/types\/post"}],"author":[{"embeddable":true,"href":"https:\/\/eldiariodelaeducacion.com\/porotrapoliticaeducativa\/wp-json\/wp\/v2\/users\/90"}],"replies":[{"embeddable":true,"href":"https:\/\/eldiariodelaeducacion.com\/porotrapoliticaeducativa\/wp-json\/wp\/v2\/comments?post=1038"}],"version-history":[{"count":1,"href":"https:\/\/eldiariodelaeducacion.com\/porotrapoliticaeducativa\/wp-json\/wp\/v2\/posts\/1038\/revisions"}],"predecessor-version":[{"id":2461,"href":"https:\/\/eldiariodelaeducacion.com\/porotrapoliticaeducativa\/wp-json\/wp\/v2\/posts\/1038\/revisions\/2461"}],"wp:featuredmedia":[{"embeddable":true,"href":"https:\/\/eldiariodelaeducacion.com\/porotrapoliticaeducativa\/wp-json\/wp\/v2\/media\/1042"}],"wp:attachment":[{"href":"https:\/\/eldiariodelaeducacion.com\/porotrapoliticaeducativa\/wp-json\/wp\/v2\/media?parent=1038"}],"wp:term":[{"taxonomy":"category","embeddable":true,"href":"https:\/\/eldiariodelaeducacion.com\/porotrapoliticaeducativa\/wp-json\/wp\/v2\/categories?post=1038"},{"taxonomy":"post_tag","embeddable":true,"href":"https:\/\/eldiariodelaeducacion.com\/porotrapoliticaeducativa\/wp-json\/wp\/v2\/tags?post=1038"},{"taxonomy":"tipo","embeddable":true,"href":"https:\/\/eldiariodelaeducacion.com\/porotrapoliticaeducativa\/wp-json\/wp\/v2\/tipo?post=1038"}],"curies":[{"name":"wp","href":"https:\/\/api.w.org\/{rel}","templated":true}]}}