{"id":1356,"date":"2022-02-21T07:06:24","date_gmt":"2022-02-21T06:06:24","guid":{"rendered":"https:\/\/eldiariodelaeducacion.com\/porotrapoliticaeducativa\/?p=1356"},"modified":"2024-08-21T16:50:57","modified_gmt":"2024-08-21T14:50:57","slug":"aprender-de-los-companeros-como-herramienta-imprescindible-para-avanzar","status":"publish","type":"post","link":"https:\/\/eldiariodelaeducacion.com\/porotrapoliticaeducativa\/2022\/02\/21\/aprender-de-los-companeros-como-herramienta-imprescindible-para-avanzar\/","title":{"rendered":"Aprender de los compa\u00f1eros como herramienta imprescindible para avanzar"},"content":{"rendered":"<p>Desde el m\u00e1s remoto pasado, el proceso de la ense\u00f1anza y, de los que se han dedicado y se dedican a ella, ha sido objeto de discusi\u00f3n, comentarios, cr\u00edticas, alabanzas, desprecio, e incluso, por desgracia, a menudo ha sido pasado por las normas, las formas y las armas.<\/p>\n<p>Al ser la ense\u00f1anza una pr\u00e1ctica social, de influencia ideol\u00f3gica y de car\u00e1cter axiol\u00f3gico, ha estado y est\u00e1 en el punto de mira de todos los poderes. Pero su intervenci\u00f3n se ha limitado al control, a dar al profesorado instrucciones, circulares, normas, diligencias, prescripciones\u2026, despreciando su identidad profesional, su autonom\u00eda, su conocimiento y su capacidad para tomar decisiones. Como se est\u00e1 comprobando y agravando, \u00faltimamente, en la pandemia.<\/p>\n<p>Muchas voces que pod\u00edan comunicar-narrar-relatar tantas experiencias y conocimientos interesantes sobre la ense\u00f1anza, sobre la vida interna de las aulas y las escuelas, las vivencias propias y de sus compa\u00f1eros, los a\u00f1os transcurridos junto a generaciones de alumnos, acumulando experiencias, compartiendo el conocimiento del oficio\u2026, se pierden en el tiempo. Fueron, y lo son todav\u00eda, voces silenciadas o amortiguadas de los verdaderos protagonistas de la ense\u00f1anza. A menudo los relatos de las experiencias de otros nos ayudan a entender lo que nos sucede a nosotros mismos. Historias, relatos y experiencias de vidas educativas truncadas que pudieron aportar sus reflexiones y sus acciones, y a las cuales no hemos tenido la oportunidad de sumar a nuestra propia experiencia.<\/p>\n<p>Demasiado a menudo, la voz, la experiencia y el conocimiento del profesorado ha sido silenciada. Se ha dado por sentado que para esgrimir cierta autoridad y poder hablar sobre la ense\u00f1anza y sobre la profesi\u00f3n que ellos ejercen, hac\u00eda falta impersonalizar la identidad profesional pr\u00e1ctica y salir del aula y asumir otros papeles (inspecci\u00f3n, asesoramiento, universidad, administraci\u00f3n, etc., es decir, hablar de la escuela desde fuera de la escuela). Y se argumentaba que, el d\u00eda a d\u00eda, los absorb\u00eda tanto que no los dejaba tiempos para pensar, para reflexionar, para escribir, para investigar, para aportar elementos de cambio a una pr\u00e1ctica que son ellos quienes mejor conocen. Una profesi\u00f3n que algunos han tildado, por eso, de subsidiaria y dependiente de otros, desprecio que ha calado profundamente en la cultura profesional del magisterio. Otros administraban, pensaban y decid\u00edan por ellos (el uso del \u201cpasado\u201d es m\u00e1s producto de mi deseo que de la realidad). Esto ha significado propiciar la subordinaci\u00f3n a la producci\u00f3n del conocimiento educativo, la separaci\u00f3n entre teor\u00eda y pr\u00e1ctica educativa, el aislamiento y el silencio profesional, la marginaci\u00f3n de los problemas morales, \u00e9ticos y pol\u00edticos vividos en la pr\u00e1ctica, el gremialismo de algunos, la insolidaridad profesional de otros y la descontextualizaci\u00f3n de la pr\u00e1ctica educativa.<\/p>\n<p>Estoy convencido que uno de los motivos del porqu\u00e9 la ense\u00f1anza ha avanzado tan poco, o avanza tan despacio, es por el hecho que no se ha escuchado la voz propia de aquellos que la viven intensamente, por supuesto con excepciones y matices, sino que eran y son voces situadas en un segundo o tercer nivel las que opinaban sobre esto, voces que analizan la ense\u00f1anza desde puntos de vista alejados de la realidad de las escuelas y, a veces, voces con relatos poco humanizados y te\u00f3ricos, llenos de una gran cantidad de racionalidad t\u00e9cnica y de normatividad absurda, imbuidos de una supuesta objetividad.<\/p>\n<p>A veces, en el sector educativo, no damos importancia a quien desde la proximidad nos narra una vivencia profesional y personal, un conocimiento docente. En cambio, prestamos o\u00eddo a voces que narran historias prestadas o expropiadas que a menudo solo sirven para alimentarse a s\u00ed mismas, que resultan contemplativas, que solo se miran en el espejo de sus palabras \u201ceruditas\u201d, a las cuales no parece interesarles la mejora real y pr\u00e1ctica de la ense\u00f1anza y del profesorado. Y finalmente el que nos ha quedado es esta dicotom\u00eda entre te\u00f3ricos y pr\u00e1cticos que tanto mal hace a la profesi\u00f3n educativa. Diferencia entre los que se dedican a administrar, a pensar, a decidir y los que trabajan en la pr\u00e1ctica educativa. A este hiato entre el pensamiento educativo y la acci\u00f3n, con la falsa creencia que lo primero dirige al segundo. Una brecha que se puede romper dando voz propia (o recuper\u00e1ndola) a las pr\u00e1cticas y experiencias del profesorado, a sus experiencias e historias de vida educativa y conocimiento profesional, o favoreciendo el escuchar y el compartir unas vivencias personales que pueden ayudar a otros a avanzar y, a la vez, a expresarse con voz propia. A perder el miedo de escribir, a explicar, a compartir\u2026 No tiene que ser una voz refugiada en el \u201cyo\u201d sino que salga de la abstracci\u00f3n para convertirse en el \u201cnosotros\u201d, para incidir en un conocimiento m\u00e1s profundo de s\u00ed mismo (valores, creencias, supuestos&#8230;), del entorno del trabajo (social, pol\u00edtico, cultural&#8230;), del conocimiento y las destrezas que tiene que trabajar, de los constructos te\u00f3ricos de la ense\u00f1anza, del aprendizaje y del curr\u00edculum (planificaci\u00f3n, metodolog\u00eda, evaluaci\u00f3n, organizaci\u00f3n, materiales&#8230;).<\/p>\n<p>Habr\u00eda que pensar que los mejores docentes son los m\u00e1s capaces en la hora de compartir lo que saben, pero tenemos que hacer prevalecer m\u00e1s la autenticidad de la vivencia que la habilidad t\u00e9cnica para saberla compartir, ya que esa habilidad muchas veces entorpece su publicaci\u00f3n o intercambio. La dimensi\u00f3n personal, tantas veces marginada cuando se recomendaba indirectamente que el profesorado ocultara sus propias emociones, tendr\u00eda que asumir una enorme importancia en la interacci\u00f3n de lo que se comparte.<\/p>\n<p>Aprendemos cuando somos capaces de efectuar el an\u00e1lisis de nuestra propia experiencia. Cuando de ella podemos extraer una soluci\u00f3n que, puesta a la pr\u00e1ctica, nos ayuda a hacer mejor las cosas y nos permite vivir una nueva experiencia. Y cuando esto se realiza durante mucho de tiempo, en el pozo de la experiencia pr\u00e1ctica queda una infinidad de cuestiones resueltas que puedo compartir con mis compa\u00f1eros. Es cuesti\u00f3n de dar valor al que sabe y dar valor tambi\u00e9n al que el compa\u00f1ero o la compa\u00f1era sabe. Romper el silencio de esta voz que calla porque no se atreve a expresarse, porque piensa que no aporta nada o porque otros lo saben mejor que un mismo. Es necesario romper con la ignorancia de tantos que dan consejos a otros o quieren solucionar problemas desde fuera, para compartir la pr\u00e1ctica profesional y las angustias con los compa\u00f1eros de al lado, los que est\u00e1n en las aulas vecinas y a la sala de profesorado, y con los cuales ejercen en instituciones pr\u00f3ximas una funci\u00f3n similar, aunque est\u00e9n lejanas en el espacio.<\/p>\n<p>El compartir la experiencia y el conocimiento a la ense\u00f1anza es muy importante. Y es un revulsivo cr\u00edtico contra tantas pol\u00edticas conservadoras o err\u00e1ticas. \u00a0Por este motivo, todav\u00eda es m\u00e1s importante la comunicaci\u00f3n entre el profesorado, el compartir los problemas, las angustias, hablar de todo, la de agruparse en un proyecto com\u00fan para ayudar a superar la desmoralizaci\u00f3n y recuperar las herramientas que permiten trabajar mucho mejor en el oficio de educar. <em>No hay peor lucha que la que no se hace<\/em>.<\/p>\n<p>Es necesario reubicar y dar importancia a la experiencia del trabajo docente para aumentar el conocimiento educativo, la consideraci\u00f3n y el estatus social. Y a todo esto ayudar\u00e1 una verdadera colegialidad entre iguales, con la participaci\u00f3n de todos los que intervienen en la educaci\u00f3n. Solo la autenticidad de la experiencia docente, relatada por las voces del profesorado que han vivido las diversas situaciones contextuales, puede acabar impregnando las ideas y las vidas de otras personas que participan tambi\u00e9n de una misma actividad o profesi\u00f3n educativa.<\/p>\n","protected":false},"excerpt":{"rendered":"<p>Desde el m\u00e1s remoto pasado, el proceso de la ense\u00f1anza y, de los que se han dedicado y se dedican a ella, ha sido objeto de discusi\u00f3n, comentarios, cr\u00edticas, alabanzas, desprecio, e incluso, por desgracia, a menudo ha sido pasado por las normas, las formas y las armas. Al ser la ense\u00f1anza una pr\u00e1ctica social,<\/p>\n","protected":false},"author":90,"featured_media":1359,"comment_status":"open","ping_status":"closed","sticky":false,"template":"","format":"standard","meta":{"footnotes":""},"categories":[18],"tags":[54,52,53,17,34],"tipo":[96],"class_list":{"0":"post-1356","1":"post","2":"type-post","3":"status-publish","4":"format-standard","5":"has-post-thumbnail","7":"category-por-otra-politica-educativa","8":"tag-comunidades-profesionales-de-aprendizaje","9":"tag-cultura-docente","10":"tag-formacion-del-profesorado","11":"tag-politicas-educativas","12":"tag-profesorado","13":"tipo-analisis"},"yoast_head":"<!-- This site is optimized with the Yoast SEO plugin v27.5 - https:\/\/yoast.com\/product\/yoast-seo-wordpress\/ -->\n<title>Aprender de los compa\u00f1eros como herramienta imprescindible para avanzar - Por otra pol\u00edtica educativa. Foro de Sevilla.<\/title>\n<meta name=\"robots\" content=\"index, follow, max-snippet:-1, max-image-preview:large, max-video-preview:-1\" \/>\n<link rel=\"canonical\" href=\"https:\/\/eldiariodelaeducacion.com\/porotrapoliticaeducativa\/2022\/02\/21\/aprender-de-los-companeros-como-herramienta-imprescindible-para-avanzar\/\" \/>\n<meta property=\"og:locale\" content=\"es_ES\" \/>\n<meta property=\"og:type\" content=\"article\" \/>\n<meta property=\"og:title\" content=\"Aprender de los compa\u00f1eros como herramienta imprescindible para avanzar - Por otra pol\u00edtica educativa. Foro de Sevilla\" \/>\n<meta property=\"og:description\" content=\"Aprendemos cuando somos capaces de efectuar el an\u00e1lisis de nuestra propia experiencia. Cuando de ella podemos extraer una soluci\u00f3n que, puesta a la pr\u00e1ctica, nos ayuda a hacer mejor las cosas y nos permite vivir una nueva experiencia. Y cuando esto se realiza durante mucho de tiempo, en el pozo de la experiencia pr\u00e1ctica queda una infinidad de cuestiones resueltas que puedo compartir con mis compa\u00f1eros.\" \/>\n<meta property=\"og:url\" content=\"https:\/\/eldiariodelaeducacion.com\/porotrapoliticaeducativa\/2022\/02\/21\/aprender-de-los-companeros-como-herramienta-imprescindible-para-avanzar\/\" \/>\n<meta property=\"og:site_name\" content=\"Por otra pol\u00edtica educativa. Foro de Sevilla.\" \/>\n<meta property=\"article:published_time\" content=\"2022-02-21T06:06:24+00:00\" \/>\n<meta property=\"article:modified_time\" content=\"2024-08-21T14:50:57+00:00\" \/>\n<meta property=\"og:image\" content=\"https:\/\/eldiariodelaeducacion.com\/porotrapoliticaeducativa\/wp-content\/uploads\/sites\/21\/2022\/02\/179245286_1202360276908065_6294872272934791742_n.jpg\" \/>\n\t<meta property=\"og:image:width\" content=\"1440\" \/>\n\t<meta property=\"og:image:height\" content=\"1440\" \/>\n\t<meta property=\"og:image:type\" content=\"image\/jpeg\" \/>\n<meta name=\"author\" content=\"Francisco Imbern\u00f3n\" \/>\n<meta name=\"twitter:card\" content=\"summary_large_image\" \/>\n<meta name=\"twitter:label1\" content=\"Escrito por\" \/>\n\t<meta name=\"twitter:data1\" content=\"Francisco Imbern\u00f3n\" \/>\n\t<meta name=\"twitter:label2\" content=\"Tiempo de lectura\" \/>\n\t<meta name=\"twitter:data2\" content=\"7 minutos\" \/>\n<script type=\"application\/ld+json\" class=\"yoast-schema-graph\">{\"@context\":\"https:\\\/\\\/schema.org\",\"@graph\":[{\"@type\":\"Article\",\"@id\":\"https:\\\/\\\/eldiariodelaeducacion.com\\\/porotrapoliticaeducativa\\\/2022\\\/02\\\/21\\\/aprender-de-los-companeros-como-herramienta-imprescindible-para-avanzar\\\/#article\",\"isPartOf\":{\"@id\":\"https:\\\/\\\/eldiariodelaeducacion.com\\\/porotrapoliticaeducativa\\\/2022\\\/02\\\/21\\\/aprender-de-los-companeros-como-herramienta-imprescindible-para-avanzar\\\/\"},\"author\":{\"name\":\"Francisco Imbern\u00f3n\",\"@id\":\"https:\\\/\\\/eldiariodelaeducacion.com\\\/porotrapoliticaeducativa\\\/#\\\/schema\\\/person\\\/870915bfc11e0cd119c6aa6ecb11199d\"},\"headline\":\"Aprender de los compa\u00f1eros como herramienta imprescindible para avanzar\",\"datePublished\":\"2022-02-21T06:06:24+00:00\",\"dateModified\":\"2024-08-21T14:50:57+00:00\",\"mainEntityOfPage\":{\"@id\":\"https:\\\/\\\/eldiariodelaeducacion.com\\\/porotrapoliticaeducativa\\\/2022\\\/02\\\/21\\\/aprender-de-los-companeros-como-herramienta-imprescindible-para-avanzar\\\/\"},\"wordCount\":1351,\"commentCount\":3,\"image\":{\"@id\":\"https:\\\/\\\/eldiariodelaeducacion.com\\\/porotrapoliticaeducativa\\\/2022\\\/02\\\/21\\\/aprender-de-los-companeros-como-herramienta-imprescindible-para-avanzar\\\/#primaryimage\"},\"thumbnailUrl\":\"https:\\\/\\\/eldiariodelaeducacion.com\\\/porotrapoliticaeducativa\\\/wp-content\\\/uploads\\\/sites\\\/21\\\/2022\\\/02\\\/179245286_1202360276908065_6294872272934791742_n.jpg\",\"keywords\":[\"Comunidades profesionales de aprendizaje\",\"Cultura Docente\",\"Formaci\u00f3n del profesorado\",\"Pol\u00edticas educativas\",\"Profesorado\"],\"articleSection\":[\"Por otra pol\u00edtica educativa. Foro de Sevilla\"],\"inLanguage\":\"es\",\"potentialAction\":[{\"@type\":\"CommentAction\",\"name\":\"Comment\",\"target\":[\"https:\\\/\\\/eldiariodelaeducacion.com\\\/porotrapoliticaeducativa\\\/2022\\\/02\\\/21\\\/aprender-de-los-companeros-como-herramienta-imprescindible-para-avanzar\\\/#respond\"]}]},{\"@type\":\"WebPage\",\"@id\":\"https:\\\/\\\/eldiariodelaeducacion.com\\\/porotrapoliticaeducativa\\\/2022\\\/02\\\/21\\\/aprender-de-los-companeros-como-herramienta-imprescindible-para-avanzar\\\/\",\"url\":\"https:\\\/\\\/eldiariodelaeducacion.com\\\/porotrapoliticaeducativa\\\/2022\\\/02\\\/21\\\/aprender-de-los-companeros-como-herramienta-imprescindible-para-avanzar\\\/\",\"name\":\"Aprender de los compa\u00f1eros como herramienta imprescindible para avanzar - Por otra pol\u00edtica educativa. Foro de Sevilla.\",\"isPartOf\":{\"@id\":\"https:\\\/\\\/eldiariodelaeducacion.com\\\/porotrapoliticaeducativa\\\/#website\"},\"primaryImageOfPage\":{\"@id\":\"https:\\\/\\\/eldiariodelaeducacion.com\\\/porotrapoliticaeducativa\\\/2022\\\/02\\\/21\\\/aprender-de-los-companeros-como-herramienta-imprescindible-para-avanzar\\\/#primaryimage\"},\"image\":{\"@id\":\"https:\\\/\\\/eldiariodelaeducacion.com\\\/porotrapoliticaeducativa\\\/2022\\\/02\\\/21\\\/aprender-de-los-companeros-como-herramienta-imprescindible-para-avanzar\\\/#primaryimage\"},\"thumbnailUrl\":\"https:\\\/\\\/eldiariodelaeducacion.com\\\/porotrapoliticaeducativa\\\/wp-content\\\/uploads\\\/sites\\\/21\\\/2022\\\/02\\\/179245286_1202360276908065_6294872272934791742_n.jpg\",\"datePublished\":\"2022-02-21T06:06:24+00:00\",\"dateModified\":\"2024-08-21T14:50:57+00:00\",\"author\":{\"@id\":\"https:\\\/\\\/eldiariodelaeducacion.com\\\/porotrapoliticaeducativa\\\/#\\\/schema\\\/person\\\/870915bfc11e0cd119c6aa6ecb11199d\"},\"breadcrumb\":{\"@id\":\"https:\\\/\\\/eldiariodelaeducacion.com\\\/porotrapoliticaeducativa\\\/2022\\\/02\\\/21\\\/aprender-de-los-companeros-como-herramienta-imprescindible-para-avanzar\\\/#breadcrumb\"},\"inLanguage\":\"es\",\"potentialAction\":[{\"@type\":\"ReadAction\",\"target\":[\"https:\\\/\\\/eldiariodelaeducacion.com\\\/porotrapoliticaeducativa\\\/2022\\\/02\\\/21\\\/aprender-de-los-companeros-como-herramienta-imprescindible-para-avanzar\\\/\"]}]},{\"@type\":\"ImageObject\",\"inLanguage\":\"es\",\"@id\":\"https:\\\/\\\/eldiariodelaeducacion.com\\\/porotrapoliticaeducativa\\\/2022\\\/02\\\/21\\\/aprender-de-los-companeros-como-herramienta-imprescindible-para-avanzar\\\/#primaryimage\",\"url\":\"https:\\\/\\\/eldiariodelaeducacion.com\\\/porotrapoliticaeducativa\\\/wp-content\\\/uploads\\\/sites\\\/21\\\/2022\\\/02\\\/179245286_1202360276908065_6294872272934791742_n.jpg\",\"contentUrl\":\"https:\\\/\\\/eldiariodelaeducacion.com\\\/porotrapoliticaeducativa\\\/wp-content\\\/uploads\\\/sites\\\/21\\\/2022\\\/02\\\/179245286_1202360276908065_6294872272934791742_n.jpg\",\"width\":1440,\"height\":1440,\"caption\":\"\\\"Me uno al reto #sketchGoya\\\". Ilustraci\u00f3n cedida por Ram\u00f3n Beson\u00edas\"},{\"@type\":\"BreadcrumbList\",\"@id\":\"https:\\\/\\\/eldiariodelaeducacion.com\\\/porotrapoliticaeducativa\\\/2022\\\/02\\\/21\\\/aprender-de-los-companeros-como-herramienta-imprescindible-para-avanzar\\\/#breadcrumb\",\"itemListElement\":[{\"@type\":\"ListItem\",\"position\":1,\"name\":\"Portada\",\"item\":\"https:\\\/\\\/eldiariodelaeducacion.com\\\/porotrapoliticaeducativa\\\/\"},{\"@type\":\"ListItem\",\"position\":2,\"name\":\"Aprender de los compa\u00f1eros como herramienta imprescindible para avanzar\"}]},{\"@type\":\"WebSite\",\"@id\":\"https:\\\/\\\/eldiariodelaeducacion.com\\\/porotrapoliticaeducativa\\\/#website\",\"url\":\"https:\\\/\\\/eldiariodelaeducacion.com\\\/porotrapoliticaeducativa\\\/\",\"name\":\"Por otra pol\u00edtica educativa. Foro de Sevilla.\",\"description\":\"Un blog de El Diario de la Educaci\u00f3n\",\"potentialAction\":[{\"@type\":\"SearchAction\",\"target\":{\"@type\":\"EntryPoint\",\"urlTemplate\":\"https:\\\/\\\/eldiariodelaeducacion.com\\\/porotrapoliticaeducativa\\\/?s={search_term_string}\"},\"query-input\":{\"@type\":\"PropertyValueSpecification\",\"valueRequired\":true,\"valueName\":\"search_term_string\"}}],\"inLanguage\":\"es\"},{\"@type\":\"Person\",\"@id\":\"https:\\\/\\\/eldiariodelaeducacion.com\\\/porotrapoliticaeducativa\\\/#\\\/schema\\\/person\\\/870915bfc11e0cd119c6aa6ecb11199d\",\"name\":\"Francisco Imbern\u00f3n\",\"image\":{\"@type\":\"ImageObject\",\"inLanguage\":\"es\",\"@id\":\"https:\\\/\\\/eldiariodelaeducacion.com\\\/wp-content\\\/uploads\\\/2024\\\/10\\\/francisco-imbernon_avatar-96x96.jpg\",\"url\":\"https:\\\/\\\/eldiariodelaeducacion.com\\\/wp-content\\\/uploads\\\/2024\\\/10\\\/francisco-imbernon_avatar-96x96.jpg\",\"contentUrl\":\"https:\\\/\\\/eldiariodelaeducacion.com\\\/wp-content\\\/uploads\\\/2024\\\/10\\\/francisco-imbernon_avatar-96x96.jpg\",\"caption\":\"Francisco Imbern\u00f3n\"},\"description\":\"Catedr\u00e1tico de Pedagogia de la Universidad de Barcelona. Miembro de la Permanente del Foro de Sevilla. Por otra pol\u00edtica educativa\",\"url\":\"https:\\\/\\\/eldiariodelaeducacion.com\\\/porotrapoliticaeducativa\\\/author\\\/fimbernon\\\/\"}]}<\/script>\n<!-- \/ Yoast SEO plugin. -->","yoast_head_json":{"title":"Aprender de los compa\u00f1eros como herramienta imprescindible para avanzar - Por otra pol\u00edtica educativa. Foro de Sevilla.","robots":{"index":"index","follow":"follow","max-snippet":"max-snippet:-1","max-image-preview":"max-image-preview:large","max-video-preview":"max-video-preview:-1"},"canonical":"https:\/\/eldiariodelaeducacion.com\/porotrapoliticaeducativa\/2022\/02\/21\/aprender-de-los-companeros-como-herramienta-imprescindible-para-avanzar\/","og_locale":"es_ES","og_type":"article","og_title":"Aprender de los compa\u00f1eros como herramienta imprescindible para avanzar - Por otra pol\u00edtica educativa. Foro de Sevilla","og_description":"Aprendemos cuando somos capaces de efectuar el an\u00e1lisis de nuestra propia experiencia. Cuando de ella podemos extraer una soluci\u00f3n que, puesta a la pr\u00e1ctica, nos ayuda a hacer mejor las cosas y nos permite vivir una nueva experiencia. Y cuando esto se realiza durante mucho de tiempo, en el pozo de la experiencia pr\u00e1ctica queda una infinidad de cuestiones resueltas que puedo compartir con mis compa\u00f1eros.","og_url":"https:\/\/eldiariodelaeducacion.com\/porotrapoliticaeducativa\/2022\/02\/21\/aprender-de-los-companeros-como-herramienta-imprescindible-para-avanzar\/","og_site_name":"Por otra pol\u00edtica educativa. Foro de Sevilla.","article_published_time":"2022-02-21T06:06:24+00:00","article_modified_time":"2024-08-21T14:50:57+00:00","og_image":[{"width":1440,"height":1440,"url":"https:\/\/eldiariodelaeducacion.com\/porotrapoliticaeducativa\/wp-content\/uploads\/sites\/21\/2022\/02\/179245286_1202360276908065_6294872272934791742_n.jpg","type":"image\/jpeg"}],"author":"Francisco Imbern\u00f3n","twitter_card":"summary_large_image","twitter_misc":{"Escrito por":"Francisco Imbern\u00f3n","Tiempo de lectura":"7 minutos"},"schema":{"@context":"https:\/\/schema.org","@graph":[{"@type":"Article","@id":"https:\/\/eldiariodelaeducacion.com\/porotrapoliticaeducativa\/2022\/02\/21\/aprender-de-los-companeros-como-herramienta-imprescindible-para-avanzar\/#article","isPartOf":{"@id":"https:\/\/eldiariodelaeducacion.com\/porotrapoliticaeducativa\/2022\/02\/21\/aprender-de-los-companeros-como-herramienta-imprescindible-para-avanzar\/"},"author":{"name":"Francisco Imbern\u00f3n","@id":"https:\/\/eldiariodelaeducacion.com\/porotrapoliticaeducativa\/#\/schema\/person\/870915bfc11e0cd119c6aa6ecb11199d"},"headline":"Aprender de los compa\u00f1eros como herramienta imprescindible para avanzar","datePublished":"2022-02-21T06:06:24+00:00","dateModified":"2024-08-21T14:50:57+00:00","mainEntityOfPage":{"@id":"https:\/\/eldiariodelaeducacion.com\/porotrapoliticaeducativa\/2022\/02\/21\/aprender-de-los-companeros-como-herramienta-imprescindible-para-avanzar\/"},"wordCount":1351,"commentCount":3,"image":{"@id":"https:\/\/eldiariodelaeducacion.com\/porotrapoliticaeducativa\/2022\/02\/21\/aprender-de-los-companeros-como-herramienta-imprescindible-para-avanzar\/#primaryimage"},"thumbnailUrl":"https:\/\/eldiariodelaeducacion.com\/porotrapoliticaeducativa\/wp-content\/uploads\/sites\/21\/2022\/02\/179245286_1202360276908065_6294872272934791742_n.jpg","keywords":["Comunidades profesionales de aprendizaje","Cultura Docente","Formaci\u00f3n del profesorado","Pol\u00edticas educativas","Profesorado"],"articleSection":["Por otra pol\u00edtica educativa. Foro de Sevilla"],"inLanguage":"es","potentialAction":[{"@type":"CommentAction","name":"Comment","target":["https:\/\/eldiariodelaeducacion.com\/porotrapoliticaeducativa\/2022\/02\/21\/aprender-de-los-companeros-como-herramienta-imprescindible-para-avanzar\/#respond"]}]},{"@type":"WebPage","@id":"https:\/\/eldiariodelaeducacion.com\/porotrapoliticaeducativa\/2022\/02\/21\/aprender-de-los-companeros-como-herramienta-imprescindible-para-avanzar\/","url":"https:\/\/eldiariodelaeducacion.com\/porotrapoliticaeducativa\/2022\/02\/21\/aprender-de-los-companeros-como-herramienta-imprescindible-para-avanzar\/","name":"Aprender de los compa\u00f1eros como herramienta imprescindible para avanzar - Por otra pol\u00edtica educativa. Foro de Sevilla.","isPartOf":{"@id":"https:\/\/eldiariodelaeducacion.com\/porotrapoliticaeducativa\/#website"},"primaryImageOfPage":{"@id":"https:\/\/eldiariodelaeducacion.com\/porotrapoliticaeducativa\/2022\/02\/21\/aprender-de-los-companeros-como-herramienta-imprescindible-para-avanzar\/#primaryimage"},"image":{"@id":"https:\/\/eldiariodelaeducacion.com\/porotrapoliticaeducativa\/2022\/02\/21\/aprender-de-los-companeros-como-herramienta-imprescindible-para-avanzar\/#primaryimage"},"thumbnailUrl":"https:\/\/eldiariodelaeducacion.com\/porotrapoliticaeducativa\/wp-content\/uploads\/sites\/21\/2022\/02\/179245286_1202360276908065_6294872272934791742_n.jpg","datePublished":"2022-02-21T06:06:24+00:00","dateModified":"2024-08-21T14:50:57+00:00","author":{"@id":"https:\/\/eldiariodelaeducacion.com\/porotrapoliticaeducativa\/#\/schema\/person\/870915bfc11e0cd119c6aa6ecb11199d"},"breadcrumb":{"@id":"https:\/\/eldiariodelaeducacion.com\/porotrapoliticaeducativa\/2022\/02\/21\/aprender-de-los-companeros-como-herramienta-imprescindible-para-avanzar\/#breadcrumb"},"inLanguage":"es","potentialAction":[{"@type":"ReadAction","target":["https:\/\/eldiariodelaeducacion.com\/porotrapoliticaeducativa\/2022\/02\/21\/aprender-de-los-companeros-como-herramienta-imprescindible-para-avanzar\/"]}]},{"@type":"ImageObject","inLanguage":"es","@id":"https:\/\/eldiariodelaeducacion.com\/porotrapoliticaeducativa\/2022\/02\/21\/aprender-de-los-companeros-como-herramienta-imprescindible-para-avanzar\/#primaryimage","url":"https:\/\/eldiariodelaeducacion.com\/porotrapoliticaeducativa\/wp-content\/uploads\/sites\/21\/2022\/02\/179245286_1202360276908065_6294872272934791742_n.jpg","contentUrl":"https:\/\/eldiariodelaeducacion.com\/porotrapoliticaeducativa\/wp-content\/uploads\/sites\/21\/2022\/02\/179245286_1202360276908065_6294872272934791742_n.jpg","width":1440,"height":1440,"caption":"\"Me uno al reto #sketchGoya\". Ilustraci\u00f3n cedida por Ram\u00f3n Beson\u00edas"},{"@type":"BreadcrumbList","@id":"https:\/\/eldiariodelaeducacion.com\/porotrapoliticaeducativa\/2022\/02\/21\/aprender-de-los-companeros-como-herramienta-imprescindible-para-avanzar\/#breadcrumb","itemListElement":[{"@type":"ListItem","position":1,"name":"Portada","item":"https:\/\/eldiariodelaeducacion.com\/porotrapoliticaeducativa\/"},{"@type":"ListItem","position":2,"name":"Aprender de los compa\u00f1eros como herramienta imprescindible para avanzar"}]},{"@type":"WebSite","@id":"https:\/\/eldiariodelaeducacion.com\/porotrapoliticaeducativa\/#website","url":"https:\/\/eldiariodelaeducacion.com\/porotrapoliticaeducativa\/","name":"Por otra pol\u00edtica educativa. Foro de Sevilla.","description":"Un blog de El Diario de la Educaci\u00f3n","potentialAction":[{"@type":"SearchAction","target":{"@type":"EntryPoint","urlTemplate":"https:\/\/eldiariodelaeducacion.com\/porotrapoliticaeducativa\/?s={search_term_string}"},"query-input":{"@type":"PropertyValueSpecification","valueRequired":true,"valueName":"search_term_string"}}],"inLanguage":"es"},{"@type":"Person","@id":"https:\/\/eldiariodelaeducacion.com\/porotrapoliticaeducativa\/#\/schema\/person\/870915bfc11e0cd119c6aa6ecb11199d","name":"Francisco Imbern\u00f3n","image":{"@type":"ImageObject","inLanguage":"es","@id":"https:\/\/eldiariodelaeducacion.com\/wp-content\/uploads\/2024\/10\/francisco-imbernon_avatar-96x96.jpg","url":"https:\/\/eldiariodelaeducacion.com\/wp-content\/uploads\/2024\/10\/francisco-imbernon_avatar-96x96.jpg","contentUrl":"https:\/\/eldiariodelaeducacion.com\/wp-content\/uploads\/2024\/10\/francisco-imbernon_avatar-96x96.jpg","caption":"Francisco Imbern\u00f3n"},"description":"Catedr\u00e1tico de Pedagogia de la Universidad de Barcelona. Miembro de la Permanente del Foro de Sevilla. Por otra pol\u00edtica educativa","url":"https:\/\/eldiariodelaeducacion.com\/porotrapoliticaeducativa\/author\/fimbernon\/"}]}},"_links":{"self":[{"href":"https:\/\/eldiariodelaeducacion.com\/porotrapoliticaeducativa\/wp-json\/wp\/v2\/posts\/1356","targetHints":{"allow":["GET"]}}],"collection":[{"href":"https:\/\/eldiariodelaeducacion.com\/porotrapoliticaeducativa\/wp-json\/wp\/v2\/posts"}],"about":[{"href":"https:\/\/eldiariodelaeducacion.com\/porotrapoliticaeducativa\/wp-json\/wp\/v2\/types\/post"}],"author":[{"embeddable":true,"href":"https:\/\/eldiariodelaeducacion.com\/porotrapoliticaeducativa\/wp-json\/wp\/v2\/users\/90"}],"replies":[{"embeddable":true,"href":"https:\/\/eldiariodelaeducacion.com\/porotrapoliticaeducativa\/wp-json\/wp\/v2\/comments?post=1356"}],"version-history":[{"count":1,"href":"https:\/\/eldiariodelaeducacion.com\/porotrapoliticaeducativa\/wp-json\/wp\/v2\/posts\/1356\/revisions"}],"predecessor-version":[{"id":2477,"href":"https:\/\/eldiariodelaeducacion.com\/porotrapoliticaeducativa\/wp-json\/wp\/v2\/posts\/1356\/revisions\/2477"}],"wp:featuredmedia":[{"embeddable":true,"href":"https:\/\/eldiariodelaeducacion.com\/porotrapoliticaeducativa\/wp-json\/wp\/v2\/media\/1359"}],"wp:attachment":[{"href":"https:\/\/eldiariodelaeducacion.com\/porotrapoliticaeducativa\/wp-json\/wp\/v2\/media?parent=1356"}],"wp:term":[{"taxonomy":"category","embeddable":true,"href":"https:\/\/eldiariodelaeducacion.com\/porotrapoliticaeducativa\/wp-json\/wp\/v2\/categories?post=1356"},{"taxonomy":"post_tag","embeddable":true,"href":"https:\/\/eldiariodelaeducacion.com\/porotrapoliticaeducativa\/wp-json\/wp\/v2\/tags?post=1356"},{"taxonomy":"tipo","embeddable":true,"href":"https:\/\/eldiariodelaeducacion.com\/porotrapoliticaeducativa\/wp-json\/wp\/v2\/tipo?post=1356"}],"curies":[{"name":"wp","href":"https:\/\/api.w.org\/{rel}","templated":true}]}}