{"id":1452,"date":"2022-05-02T05:00:52","date_gmt":"2022-05-02T03:00:52","guid":{"rendered":"https:\/\/eldiariodelaeducacion.com\/porotrapoliticaeducativa\/?p=1452"},"modified":"2024-08-21T16:50:57","modified_gmt":"2024-08-21T14:50:57","slug":"cuando-la-comunidad-educativa-se-moviliza-por-sus-derechos","status":"publish","type":"post","link":"https:\/\/eldiariodelaeducacion.com\/porotrapoliticaeducativa\/2022\/05\/02\/cuando-la-comunidad-educativa-se-moviliza-por-sus-derechos\/","title":{"rendered":"Cuando la comunidad educativa se moviliza por sus derechos"},"content":{"rendered":"<p>En el CEIP Miguel Hern\u00e1ndez de Getafe, al sur de Madrid, la AFA (asociaci\u00f3n de familias) propuso y realiz\u00f3 un encierro en el centro educativo durante el pasado uno y dos de abril. El objetivo fue hacer visible ante la sociedad las carencias de recursos de 39 ni\u00f1os y ni\u00f1as con grandes necesidades educativas. En algunos casos, con m\u00e1s de dos a\u00f1os de espera para que el equipo de orientaci\u00f3n educativa de la zona valore su situaci\u00f3n, que se les dote de los apoyos necesarios y puedan tener la respuesta adecuada a sus necesidades.<\/p>\n<p>Esta situaci\u00f3n es el resultado de las pol\u00edticas privatizadoras y segregadoras de la Comunidad de Madrid y la lucha en defensa de una escuela p\u00fablica inclusiva por parte de esa comunidad educativa. \u201cEstamos hablando de miles de alumnos y alumnas afectados por una pol\u00edtica educativa lesiva para sus derechos fundamentales. Una pol\u00edtica que deja atr\u00e1s a los m\u00e1s vulnerables, en una regi\u00f3n con recursos m\u00e1s que de sobra para atender estas necesidades. No en vano, Madrid es la regi\u00f3n que menos dinero invierte por estudiante, y en la que m\u00e1s ha crecido la inversi\u00f3n en educaci\u00f3n privada.\u201d (Manifiesto le\u00eddo en el encierro)<\/p>\n<p>La respuesta de la comunidad educativa ha sido un\u00e1nime y ha desbordado todas las expectativas de los convocantes, tanto en la preparaci\u00f3n como en el desarrollo del encierro que se produjo en el centro educativo. Los que pudimos acompa\u00f1arlos observamos el acontecimiento desde una perspectiva educativa, \u00e9tica, pol\u00edtica y convivencial.<\/p>\n<p>La perspectiva \u00e9tica va acompa\u00f1ada de la respuesta al acontecimiento producido por la voluntad y la urgencia de dar una soluci\u00f3n justa a una situaci\u00f3n l\u00edmite en que no se puede esperar m\u00e1s. Est\u00e1 en juego la vida digna de los m\u00e1s d\u00e9biles y, por tanto, la de todo el alumnado. Y la conciencia de ello es muy clara en toda la comunidad educativa de este colegio. M\u00e1s de 350 personas pasaron la tarde juntas conviviendo y m\u00e1s de 150 pernoctaron en el colegio denunciando de forma festiva y reflexionando, a la vez que compartieron la acci\u00f3n comprometida por una causa justa.<\/p>\n<p>La perspectiva pol\u00edtica de urgir a la administraci\u00f3n al necesario cuidado de la escuela p\u00fablica, como el tiempo y el espacio en el que volcar todo lo adecuado para dar una respuesta al derecho a la educaci\u00f3n de la mayor calidad a todo el alumnado. \u00a1Qu\u00e9 exagerados! Fue la respuesta de algunos miembros de la administraci\u00f3n, cuando, despu\u00e9s de un encuentro donde las demandas del colegio fueron ninguneadas, los miembros de la AFA manifestaron su voluntad de encerrarse en el colegio para hacer p\u00fablica su situaci\u00f3n de abandono por parte de los responsables de las pol\u00edticas educativas de la Comunidad de Madrid. \u201cQuienes est\u00e1bamos all\u00ed nos quedamos at\u00f3nitos. Es una exageraci\u00f3n defender la educaci\u00f3n del alumnado con m\u00e1s necesidades. Tambi\u00e9n lo es levantar la voz cuando los derechos de la infancia se ven vulnerados\u201d.<\/p>\n<blockquote><p>Sentimos que nos un\u00eda una acci\u00f3n necesaria, justa, solidaria, comprometida con nuestros hijos e hijas<\/p><\/blockquote>\n<p>En este acontecimiento vivimos-sentimos la conexi\u00f3n y la interrelaci\u00f3n entre todos lo que participamos en ella. Sentimos que nos un\u00eda una acci\u00f3n necesaria, justa, solidaria, comprometida con nuestros hijos e hijas y los de los dem\u00e1s, que all\u00ed nos est\u00e1bamos cuidando todos\/as en un caos desbordado de bondad, de cuidado mutuo, de emoci\u00f3n compartida, de atenci\u00f3n a los dem\u00e1s, de la alegr\u00eda que genera compartir momentos de vida plena de sentido. Esta es la experiencia emocional y emocionante que surge de una comunidad que comparte todos esos valores que nos humanizan. Es la experiencia compartida que caracteriza e identifica a la escuela p\u00fablica que queremos cuando, como comunidad de cuidado mutuo, nos lleva a comprometernos \u00e9tica y pol\u00edticamente en la apuesta decidida por una comunidad educativa entregada al trabajo de una educaci\u00f3n inclusiva de la m\u00e1xima calidad para todo el alumnado.<\/p>\n<p>En estos momentos puntuales, plenos de sentido, es cuando vislumbramos la direcci\u00f3n en la que hemos de caminar para hacer posible lo in\u00e9dito y avanzar en la b\u00fasqueda y consolidaci\u00f3n de una escuela p\u00fablica inclusiva y atenta a toda la diversidad por la que nos preocupamos en el colegio. En este encierro se dio el acontecimiento de la denuncia de una situaci\u00f3n de injusticia y el anuncio de que estamos construyendo la escuela que queremos.<\/p>\n<p>La repercusi\u00f3n social en la comunidad local y en la Comunidad de Madrid se ha visto plasmada, previo al encierro, en la difusi\u00f3n de la informaci\u00f3n bien organizada y, en el propio encierro, en la presencia de muchas personas que se acercaron a dar el apoyo a tan digna y necesaria lucha por la calidad de la educaci\u00f3n p\u00fablica. En la Comunidad de Madrid, seg\u00fan la lista de espera de demanda de tratamiento de atenci\u00f3n temprana (0-6 a\u00f1os) tenemos m\u00e1s de 2000 ni\u00f1os sin diagnosticar y sin los apoyos necesarios. \u00bfCu\u00e1ntos hay en las dem\u00e1s edades? Las cifras son escandalosas y el silencio ante tanta injusticia es atronador.<\/p>\n<p>En estos tiempos en que los derechos son ignorados y aniquilados por las pol\u00edticas neoliberales, la respuesta del CEIP Miguel Hern\u00e1ndez nos abre una ventana a la esperanza. Es una manifestaci\u00f3n colectiva de amor al alumnado m\u00e1s vulnerable y un acto profundamente solidario de toda la comunidad. Es una lecci\u00f3n de empat\u00eda y compromiso fraterno con los que m\u00e1s lo necesitan. Es, a la vez, un acontecimiento que se convierte en referencia tras los a\u00f1os de recortes, de pandemia y limitaci\u00f3n de las actuaciones colectivas a favor de lo com\u00fan, lo colectivo y lo p\u00fablico. Mientras, las pol\u00edticas neoliberales siguen actuando a favor de la privatizaci\u00f3n y mercantilizaci\u00f3n de los derechos de los ciudadanos. Un ejemplo actual: Se sustrae el dinero que corresponde a la escuela de titularidad p\u00fablica y se <a href=\"https:\/\/www.eldiario.es\/madrid\/ayuso-financiara-bachillerato-fp-privados-familias-ingresan-100-000-euros_1_8924902.html\">financia con ello el Bachillerato y la FP privados en Madrid<\/a>. As\u00ed se sigue desarrollando un sistema educativo como mercanc\u00eda que se compra y se vende en el mercado. Los que no lo pueden pagar son excluidos y segregados como inferiores y descartados por el pr\u00f3spero negocio de los mercaderes.<\/p>\n<p>Por eso es necesario que las comunidades educativas de los centros p\u00fablicos se rebelen y reivindiquen todos los medios necesarios para hacer posible una educaci\u00f3n de la m\u00e1xima calidad para todo el alumnado. Y esta se hace realidad cuando, como en este caso, la comunidad educativa se muestra como una comunidad que cuida a todos y en especial a las criaturas m\u00e1s necesitadas para que puedan avanzar junto a los dem\u00e1s en su desarrollo integral de la forma m\u00e1s plena.<\/p>\n<p>Tienen muy claro que van a seguir luchando, reivindicando y haciendo propuestas con nuevas acciones mientras sus demandas no sean atendidas. Les queda la esperanza de que sus acciones sean la mecha que enciende la llama de la protesta y la propuesta en todos los centros p\u00fablicos en los que se siguen vulnerando los derechos fundamentales del alumnado. El d\u00eda 6 de mayo, formando una cadena humana, abrazar\u00e1n amorosamente su colegio. Siguen su lucha y se afianza nuestra esperanza.<\/p>\n","protected":false},"excerpt":{"rendered":"<p>En el CEIP Miguel Hern\u00e1ndez de Getafe, al sur de Madrid, la AFA (asociaci\u00f3n de familias) propuso y realiz\u00f3 un encierro en el centro educativo durante el pasado uno y dos de abril. El objetivo fue hacer visible ante la sociedad las carencias de recursos de 39 ni\u00f1os y ni\u00f1as con grandes necesidades educativas. En<\/p>\n","protected":false},"author":202,"featured_media":1456,"comment_status":"open","ping_status":"closed","sticky":false,"template":"","format":"standard","meta":{"footnotes":""},"categories":[18],"tags":[59,48,52,28,24,17],"tipo":[96],"class_list":{"0":"post-1452","1":"post","2":"type-post","3":"status-publish","4":"format-standard","5":"has-post-thumbnail","7":"category-por-otra-politica-educativa","8":"tag-ciudadania","9":"tag-convencion-sobre-los-derechos-del-nino","10":"tag-cultura-docente","11":"tag-educacion-publica","12":"tag-justicia-escolar","13":"tag-politicas-educativas","14":"tipo-analisis"},"yoast_head":"<!-- This site is optimized with the Yoast SEO plugin v27.5 - https:\/\/yoast.com\/product\/yoast-seo-wordpress\/ -->\n<title>Cuando la comunidad educativa se moviliza por sus derechos - Por otra pol\u00edtica educativa. Foro de Sevilla.<\/title>\n<meta name=\"description\" content=\"Las lecciones de una comunidad educativa movilizada. Una experiencia emocional y emocionante compartida que identifica a la escuela p\u00fablica que queremos cuando, como comunidad de cuidado mutuo, nos lleva a comprometernos \u00e9tica y pol\u00edticamente en la apuesta decidida por una educaci\u00f3n inclusiva de la m\u00e1xima calidad para todo el alumnado.\" \/>\n<meta name=\"robots\" content=\"index, follow, max-snippet:-1, max-image-preview:large, max-video-preview:-1\" \/>\n<link rel=\"canonical\" href=\"https:\/\/eldiariodelaeducacion.com\/porotrapoliticaeducativa\/2022\/05\/02\/cuando-la-comunidad-educativa-se-moviliza-por-sus-derechos\/\" \/>\n<meta property=\"og:locale\" content=\"es_ES\" \/>\n<meta property=\"og:type\" content=\"article\" \/>\n<meta property=\"og:title\" content=\"Cuando la comunidad educativa se moviliza por sus derechos - Por otra pol\u00edtica educativa. Foro de Sevilla\" \/>\n<meta property=\"og:description\" content=\"Las lecciones de una comunidad educativa movilizada. Una experiencia emocional y emocionante compartida que identifica a la escuela p\u00fablica que queremos cuando, como comunidad de cuidado mutuo, nos lleva a comprometernos \u00e9tica y pol\u00edticamente en la apuesta decidida por una educaci\u00f3n inclusiva de la m\u00e1xima calidad para todo el alumnado.\" \/>\n<meta property=\"og:url\" content=\"https:\/\/eldiariodelaeducacion.com\/porotrapoliticaeducativa\/2022\/05\/02\/cuando-la-comunidad-educativa-se-moviliza-por-sus-derechos\/\" \/>\n<meta property=\"og:site_name\" content=\"Por otra pol\u00edtica educativa. Foro de Sevilla.\" \/>\n<meta property=\"article:published_time\" content=\"2022-05-02T03:00:52+00:00\" \/>\n<meta property=\"article:modified_time\" content=\"2024-08-21T14:50:57+00:00\" \/>\n<meta property=\"og:image\" content=\"https:\/\/eldiariodelaeducacion.com\/porotrapoliticaeducativa\/wp-content\/uploads\/sites\/21\/2022\/04\/72484739_1802148379920124_7433715296336177617_n.jpg\" \/>\n\t<meta property=\"og:image:width\" content=\"1080\" \/>\n\t<meta property=\"og:image:height\" content=\"1080\" \/>\n\t<meta property=\"og:image:type\" content=\"image\/jpeg\" \/>\n<meta name=\"author\" content=\"Julio Rogero\" \/>\n<meta name=\"twitter:card\" content=\"summary_large_image\" \/>\n<meta name=\"twitter:label1\" content=\"Escrito por\" \/>\n\t<meta name=\"twitter:data1\" content=\"Julio Rogero\" \/>\n\t<meta name=\"twitter:label2\" content=\"Tiempo de lectura\" \/>\n\t<meta name=\"twitter:data2\" content=\"6 minutos\" \/>\n<script type=\"application\/ld+json\" class=\"yoast-schema-graph\">{\"@context\":\"https:\\\/\\\/schema.org\",\"@graph\":[{\"@type\":\"Article\",\"@id\":\"https:\\\/\\\/eldiariodelaeducacion.com\\\/porotrapoliticaeducativa\\\/2022\\\/05\\\/02\\\/cuando-la-comunidad-educativa-se-moviliza-por-sus-derechos\\\/#article\",\"isPartOf\":{\"@id\":\"https:\\\/\\\/eldiariodelaeducacion.com\\\/porotrapoliticaeducativa\\\/2022\\\/05\\\/02\\\/cuando-la-comunidad-educativa-se-moviliza-por-sus-derechos\\\/\"},\"author\":{\"name\":\"Julio Rogero\",\"@id\":\"https:\\\/\\\/eldiariodelaeducacion.com\\\/porotrapoliticaeducativa\\\/#\\\/schema\\\/person\\\/ae28b88a587e653986c55d2a3a613680\"},\"headline\":\"Cuando la comunidad educativa se moviliza por sus derechos\",\"datePublished\":\"2022-05-02T03:00:52+00:00\",\"dateModified\":\"2024-08-21T14:50:57+00:00\",\"mainEntityOfPage\":{\"@id\":\"https:\\\/\\\/eldiariodelaeducacion.com\\\/porotrapoliticaeducativa\\\/2022\\\/05\\\/02\\\/cuando-la-comunidad-educativa-se-moviliza-por-sus-derechos\\\/\"},\"wordCount\":1277,\"commentCount\":0,\"image\":{\"@id\":\"https:\\\/\\\/eldiariodelaeducacion.com\\\/porotrapoliticaeducativa\\\/2022\\\/05\\\/02\\\/cuando-la-comunidad-educativa-se-moviliza-por-sus-derechos\\\/#primaryimage\"},\"thumbnailUrl\":\"https:\\\/\\\/eldiariodelaeducacion.com\\\/porotrapoliticaeducativa\\\/wp-content\\\/uploads\\\/sites\\\/21\\\/2022\\\/04\\\/72484739_1802148379920124_7433715296336177617_n-2.jpg\",\"keywords\":[\"Ciudadan\u00eda\",\"Convenci\u00f3n sobre los Derechos del Ni\u00f1o\",\"Cultura Docente\",\"Educaci\u00f3n p\u00fablica\",\"Justicia escolar\",\"Pol\u00edticas educativas\"],\"articleSection\":[\"Por otra pol\u00edtica educativa. Foro de Sevilla\"],\"inLanguage\":\"es\",\"potentialAction\":[{\"@type\":\"CommentAction\",\"name\":\"Comment\",\"target\":[\"https:\\\/\\\/eldiariodelaeducacion.com\\\/porotrapoliticaeducativa\\\/2022\\\/05\\\/02\\\/cuando-la-comunidad-educativa-se-moviliza-por-sus-derechos\\\/#respond\"]}]},{\"@type\":\"WebPage\",\"@id\":\"https:\\\/\\\/eldiariodelaeducacion.com\\\/porotrapoliticaeducativa\\\/2022\\\/05\\\/02\\\/cuando-la-comunidad-educativa-se-moviliza-por-sus-derechos\\\/\",\"url\":\"https:\\\/\\\/eldiariodelaeducacion.com\\\/porotrapoliticaeducativa\\\/2022\\\/05\\\/02\\\/cuando-la-comunidad-educativa-se-moviliza-por-sus-derechos\\\/\",\"name\":\"Cuando la comunidad educativa se moviliza por sus derechos - Por otra pol\u00edtica educativa. Foro de Sevilla.\",\"isPartOf\":{\"@id\":\"https:\\\/\\\/eldiariodelaeducacion.com\\\/porotrapoliticaeducativa\\\/#website\"},\"primaryImageOfPage\":{\"@id\":\"https:\\\/\\\/eldiariodelaeducacion.com\\\/porotrapoliticaeducativa\\\/2022\\\/05\\\/02\\\/cuando-la-comunidad-educativa-se-moviliza-por-sus-derechos\\\/#primaryimage\"},\"image\":{\"@id\":\"https:\\\/\\\/eldiariodelaeducacion.com\\\/porotrapoliticaeducativa\\\/2022\\\/05\\\/02\\\/cuando-la-comunidad-educativa-se-moviliza-por-sus-derechos\\\/#primaryimage\"},\"thumbnailUrl\":\"https:\\\/\\\/eldiariodelaeducacion.com\\\/porotrapoliticaeducativa\\\/wp-content\\\/uploads\\\/sites\\\/21\\\/2022\\\/04\\\/72484739_1802148379920124_7433715296336177617_n-2.jpg\",\"datePublished\":\"2022-05-02T03:00:52+00:00\",\"dateModified\":\"2024-08-21T14:50:57+00:00\",\"author\":{\"@id\":\"https:\\\/\\\/eldiariodelaeducacion.com\\\/porotrapoliticaeducativa\\\/#\\\/schema\\\/person\\\/ae28b88a587e653986c55d2a3a613680\"},\"description\":\"Las lecciones de una comunidad educativa movilizada. Una experiencia emocional y emocionante compartida que identifica a la escuela p\u00fablica que queremos cuando, como comunidad de cuidado mutuo, nos lleva a comprometernos \u00e9tica y pol\u00edticamente en la apuesta decidida por una educaci\u00f3n inclusiva de la m\u00e1xima calidad para todo el alumnado.\",\"breadcrumb\":{\"@id\":\"https:\\\/\\\/eldiariodelaeducacion.com\\\/porotrapoliticaeducativa\\\/2022\\\/05\\\/02\\\/cuando-la-comunidad-educativa-se-moviliza-por-sus-derechos\\\/#breadcrumb\"},\"inLanguage\":\"es\",\"potentialAction\":[{\"@type\":\"ReadAction\",\"target\":[\"https:\\\/\\\/eldiariodelaeducacion.com\\\/porotrapoliticaeducativa\\\/2022\\\/05\\\/02\\\/cuando-la-comunidad-educativa-se-moviliza-por-sus-derechos\\\/\"]}]},{\"@type\":\"ImageObject\",\"inLanguage\":\"es\",\"@id\":\"https:\\\/\\\/eldiariodelaeducacion.com\\\/porotrapoliticaeducativa\\\/2022\\\/05\\\/02\\\/cuando-la-comunidad-educativa-se-moviliza-por-sus-derechos\\\/#primaryimage\",\"url\":\"https:\\\/\\\/eldiariodelaeducacion.com\\\/porotrapoliticaeducativa\\\/wp-content\\\/uploads\\\/sites\\\/21\\\/2022\\\/04\\\/72484739_1802148379920124_7433715296336177617_n-2.jpg\",\"contentUrl\":\"https:\\\/\\\/eldiariodelaeducacion.com\\\/porotrapoliticaeducativa\\\/wp-content\\\/uploads\\\/sites\\\/21\\\/2022\\\/04\\\/72484739_1802148379920124_7433715296336177617_n-2.jpg\",\"width\":1080,\"height\":968,\"caption\":\"Detalle de la ilustraci\u00f3n de la campa\u00f1a sobre \u201cXoguetes sen Estereotipos de X\u00e9nero\u201d de la Diputaci\u00f3n de Pontevedra | @LUZBELOSO\"},{\"@type\":\"BreadcrumbList\",\"@id\":\"https:\\\/\\\/eldiariodelaeducacion.com\\\/porotrapoliticaeducativa\\\/2022\\\/05\\\/02\\\/cuando-la-comunidad-educativa-se-moviliza-por-sus-derechos\\\/#breadcrumb\",\"itemListElement\":[{\"@type\":\"ListItem\",\"position\":1,\"name\":\"Portada\",\"item\":\"https:\\\/\\\/eldiariodelaeducacion.com\\\/porotrapoliticaeducativa\\\/\"},{\"@type\":\"ListItem\",\"position\":2,\"name\":\"Cuando la comunidad educativa se moviliza por sus derechos\"}]},{\"@type\":\"WebSite\",\"@id\":\"https:\\\/\\\/eldiariodelaeducacion.com\\\/porotrapoliticaeducativa\\\/#website\",\"url\":\"https:\\\/\\\/eldiariodelaeducacion.com\\\/porotrapoliticaeducativa\\\/\",\"name\":\"Por otra pol\u00edtica educativa. Foro de Sevilla.\",\"description\":\"Un blog de El Diario de la Educaci\u00f3n\",\"potentialAction\":[{\"@type\":\"SearchAction\",\"target\":{\"@type\":\"EntryPoint\",\"urlTemplate\":\"https:\\\/\\\/eldiariodelaeducacion.com\\\/porotrapoliticaeducativa\\\/?s={search_term_string}\"},\"query-input\":{\"@type\":\"PropertyValueSpecification\",\"valueRequired\":true,\"valueName\":\"search_term_string\"}}],\"inLanguage\":\"es\"},{\"@type\":\"Person\",\"@id\":\"https:\\\/\\\/eldiariodelaeducacion.com\\\/porotrapoliticaeducativa\\\/#\\\/schema\\\/person\\\/ae28b88a587e653986c55d2a3a613680\",\"name\":\"Julio Rogero\",\"image\":{\"@type\":\"ImageObject\",\"inLanguage\":\"es\",\"@id\":\"https:\\\/\\\/eldiariodelaeducacion.com\\\/wp-content\\\/uploads\\\/2024\\\/10\\\/julio-rogero_avatar_1-96x96.png\",\"url\":\"https:\\\/\\\/eldiariodelaeducacion.com\\\/wp-content\\\/uploads\\\/2024\\\/10\\\/julio-rogero_avatar_1-96x96.png\",\"contentUrl\":\"https:\\\/\\\/eldiariodelaeducacion.com\\\/wp-content\\\/uploads\\\/2024\\\/10\\\/julio-rogero_avatar_1-96x96.png\",\"caption\":\"Julio Rogero\"},\"description\":\"Miembro del MRP Escuela Abierta y del Foro de Sevilla\",\"url\":\"https:\\\/\\\/eldiariodelaeducacion.com\\\/porotrapoliticaeducativa\\\/author\\\/julio-rogero\\\/\"}]}<\/script>\n<!-- \/ Yoast SEO plugin. -->","yoast_head_json":{"title":"Cuando la comunidad educativa se moviliza por sus derechos - Por otra pol\u00edtica educativa. Foro de Sevilla.","description":"Las lecciones de una comunidad educativa movilizada. Una experiencia emocional y emocionante compartida que identifica a la escuela p\u00fablica que queremos cuando, como comunidad de cuidado mutuo, nos lleva a comprometernos \u00e9tica y pol\u00edticamente en la apuesta decidida por una educaci\u00f3n inclusiva de la m\u00e1xima calidad para todo el alumnado.","robots":{"index":"index","follow":"follow","max-snippet":"max-snippet:-1","max-image-preview":"max-image-preview:large","max-video-preview":"max-video-preview:-1"},"canonical":"https:\/\/eldiariodelaeducacion.com\/porotrapoliticaeducativa\/2022\/05\/02\/cuando-la-comunidad-educativa-se-moviliza-por-sus-derechos\/","og_locale":"es_ES","og_type":"article","og_title":"Cuando la comunidad educativa se moviliza por sus derechos - Por otra pol\u00edtica educativa. Foro de Sevilla","og_description":"Las lecciones de una comunidad educativa movilizada. Una experiencia emocional y emocionante compartida que identifica a la escuela p\u00fablica que queremos cuando, como comunidad de cuidado mutuo, nos lleva a comprometernos \u00e9tica y pol\u00edticamente en la apuesta decidida por una educaci\u00f3n inclusiva de la m\u00e1xima calidad para todo el alumnado.","og_url":"https:\/\/eldiariodelaeducacion.com\/porotrapoliticaeducativa\/2022\/05\/02\/cuando-la-comunidad-educativa-se-moviliza-por-sus-derechos\/","og_site_name":"Por otra pol\u00edtica educativa. Foro de Sevilla.","article_published_time":"2022-05-02T03:00:52+00:00","article_modified_time":"2024-08-21T14:50:57+00:00","og_image":[{"width":1080,"height":1080,"url":"https:\/\/eldiariodelaeducacion.com\/porotrapoliticaeducativa\/wp-content\/uploads\/sites\/21\/2022\/04\/72484739_1802148379920124_7433715296336177617_n.jpg","type":"image\/jpeg"}],"author":"Julio Rogero","twitter_card":"summary_large_image","twitter_misc":{"Escrito por":"Julio Rogero","Tiempo de lectura":"6 minutos"},"schema":{"@context":"https:\/\/schema.org","@graph":[{"@type":"Article","@id":"https:\/\/eldiariodelaeducacion.com\/porotrapoliticaeducativa\/2022\/05\/02\/cuando-la-comunidad-educativa-se-moviliza-por-sus-derechos\/#article","isPartOf":{"@id":"https:\/\/eldiariodelaeducacion.com\/porotrapoliticaeducativa\/2022\/05\/02\/cuando-la-comunidad-educativa-se-moviliza-por-sus-derechos\/"},"author":{"name":"Julio Rogero","@id":"https:\/\/eldiariodelaeducacion.com\/porotrapoliticaeducativa\/#\/schema\/person\/ae28b88a587e653986c55d2a3a613680"},"headline":"Cuando la comunidad educativa se moviliza por sus derechos","datePublished":"2022-05-02T03:00:52+00:00","dateModified":"2024-08-21T14:50:57+00:00","mainEntityOfPage":{"@id":"https:\/\/eldiariodelaeducacion.com\/porotrapoliticaeducativa\/2022\/05\/02\/cuando-la-comunidad-educativa-se-moviliza-por-sus-derechos\/"},"wordCount":1277,"commentCount":0,"image":{"@id":"https:\/\/eldiariodelaeducacion.com\/porotrapoliticaeducativa\/2022\/05\/02\/cuando-la-comunidad-educativa-se-moviliza-por-sus-derechos\/#primaryimage"},"thumbnailUrl":"https:\/\/eldiariodelaeducacion.com\/porotrapoliticaeducativa\/wp-content\/uploads\/sites\/21\/2022\/04\/72484739_1802148379920124_7433715296336177617_n-2.jpg","keywords":["Ciudadan\u00eda","Convenci\u00f3n sobre los Derechos del Ni\u00f1o","Cultura Docente","Educaci\u00f3n p\u00fablica","Justicia escolar","Pol\u00edticas educativas"],"articleSection":["Por otra pol\u00edtica educativa. Foro de Sevilla"],"inLanguage":"es","potentialAction":[{"@type":"CommentAction","name":"Comment","target":["https:\/\/eldiariodelaeducacion.com\/porotrapoliticaeducativa\/2022\/05\/02\/cuando-la-comunidad-educativa-se-moviliza-por-sus-derechos\/#respond"]}]},{"@type":"WebPage","@id":"https:\/\/eldiariodelaeducacion.com\/porotrapoliticaeducativa\/2022\/05\/02\/cuando-la-comunidad-educativa-se-moviliza-por-sus-derechos\/","url":"https:\/\/eldiariodelaeducacion.com\/porotrapoliticaeducativa\/2022\/05\/02\/cuando-la-comunidad-educativa-se-moviliza-por-sus-derechos\/","name":"Cuando la comunidad educativa se moviliza por sus derechos - Por otra pol\u00edtica educativa. Foro de Sevilla.","isPartOf":{"@id":"https:\/\/eldiariodelaeducacion.com\/porotrapoliticaeducativa\/#website"},"primaryImageOfPage":{"@id":"https:\/\/eldiariodelaeducacion.com\/porotrapoliticaeducativa\/2022\/05\/02\/cuando-la-comunidad-educativa-se-moviliza-por-sus-derechos\/#primaryimage"},"image":{"@id":"https:\/\/eldiariodelaeducacion.com\/porotrapoliticaeducativa\/2022\/05\/02\/cuando-la-comunidad-educativa-se-moviliza-por-sus-derechos\/#primaryimage"},"thumbnailUrl":"https:\/\/eldiariodelaeducacion.com\/porotrapoliticaeducativa\/wp-content\/uploads\/sites\/21\/2022\/04\/72484739_1802148379920124_7433715296336177617_n-2.jpg","datePublished":"2022-05-02T03:00:52+00:00","dateModified":"2024-08-21T14:50:57+00:00","author":{"@id":"https:\/\/eldiariodelaeducacion.com\/porotrapoliticaeducativa\/#\/schema\/person\/ae28b88a587e653986c55d2a3a613680"},"description":"Las lecciones de una comunidad educativa movilizada. Una experiencia emocional y emocionante compartida que identifica a la escuela p\u00fablica que queremos cuando, como comunidad de cuidado mutuo, nos lleva a comprometernos \u00e9tica y pol\u00edticamente en la apuesta decidida por una educaci\u00f3n inclusiva de la m\u00e1xima calidad para todo el alumnado.","breadcrumb":{"@id":"https:\/\/eldiariodelaeducacion.com\/porotrapoliticaeducativa\/2022\/05\/02\/cuando-la-comunidad-educativa-se-moviliza-por-sus-derechos\/#breadcrumb"},"inLanguage":"es","potentialAction":[{"@type":"ReadAction","target":["https:\/\/eldiariodelaeducacion.com\/porotrapoliticaeducativa\/2022\/05\/02\/cuando-la-comunidad-educativa-se-moviliza-por-sus-derechos\/"]}]},{"@type":"ImageObject","inLanguage":"es","@id":"https:\/\/eldiariodelaeducacion.com\/porotrapoliticaeducativa\/2022\/05\/02\/cuando-la-comunidad-educativa-se-moviliza-por-sus-derechos\/#primaryimage","url":"https:\/\/eldiariodelaeducacion.com\/porotrapoliticaeducativa\/wp-content\/uploads\/sites\/21\/2022\/04\/72484739_1802148379920124_7433715296336177617_n-2.jpg","contentUrl":"https:\/\/eldiariodelaeducacion.com\/porotrapoliticaeducativa\/wp-content\/uploads\/sites\/21\/2022\/04\/72484739_1802148379920124_7433715296336177617_n-2.jpg","width":1080,"height":968,"caption":"Detalle de la ilustraci\u00f3n de la campa\u00f1a sobre \u201cXoguetes sen Estereotipos de X\u00e9nero\u201d de la Diputaci\u00f3n de Pontevedra | @LUZBELOSO"},{"@type":"BreadcrumbList","@id":"https:\/\/eldiariodelaeducacion.com\/porotrapoliticaeducativa\/2022\/05\/02\/cuando-la-comunidad-educativa-se-moviliza-por-sus-derechos\/#breadcrumb","itemListElement":[{"@type":"ListItem","position":1,"name":"Portada","item":"https:\/\/eldiariodelaeducacion.com\/porotrapoliticaeducativa\/"},{"@type":"ListItem","position":2,"name":"Cuando la comunidad educativa se moviliza por sus derechos"}]},{"@type":"WebSite","@id":"https:\/\/eldiariodelaeducacion.com\/porotrapoliticaeducativa\/#website","url":"https:\/\/eldiariodelaeducacion.com\/porotrapoliticaeducativa\/","name":"Por otra pol\u00edtica educativa. Foro de Sevilla.","description":"Un blog de El Diario de la Educaci\u00f3n","potentialAction":[{"@type":"SearchAction","target":{"@type":"EntryPoint","urlTemplate":"https:\/\/eldiariodelaeducacion.com\/porotrapoliticaeducativa\/?s={search_term_string}"},"query-input":{"@type":"PropertyValueSpecification","valueRequired":true,"valueName":"search_term_string"}}],"inLanguage":"es"},{"@type":"Person","@id":"https:\/\/eldiariodelaeducacion.com\/porotrapoliticaeducativa\/#\/schema\/person\/ae28b88a587e653986c55d2a3a613680","name":"Julio Rogero","image":{"@type":"ImageObject","inLanguage":"es","@id":"https:\/\/eldiariodelaeducacion.com\/wp-content\/uploads\/2024\/10\/julio-rogero_avatar_1-96x96.png","url":"https:\/\/eldiariodelaeducacion.com\/wp-content\/uploads\/2024\/10\/julio-rogero_avatar_1-96x96.png","contentUrl":"https:\/\/eldiariodelaeducacion.com\/wp-content\/uploads\/2024\/10\/julio-rogero_avatar_1-96x96.png","caption":"Julio Rogero"},"description":"Miembro del MRP Escuela Abierta y del Foro de Sevilla","url":"https:\/\/eldiariodelaeducacion.com\/porotrapoliticaeducativa\/author\/julio-rogero\/"}]}},"_links":{"self":[{"href":"https:\/\/eldiariodelaeducacion.com\/porotrapoliticaeducativa\/wp-json\/wp\/v2\/posts\/1452","targetHints":{"allow":["GET"]}}],"collection":[{"href":"https:\/\/eldiariodelaeducacion.com\/porotrapoliticaeducativa\/wp-json\/wp\/v2\/posts"}],"about":[{"href":"https:\/\/eldiariodelaeducacion.com\/porotrapoliticaeducativa\/wp-json\/wp\/v2\/types\/post"}],"author":[{"embeddable":true,"href":"https:\/\/eldiariodelaeducacion.com\/porotrapoliticaeducativa\/wp-json\/wp\/v2\/users\/202"}],"replies":[{"embeddable":true,"href":"https:\/\/eldiariodelaeducacion.com\/porotrapoliticaeducativa\/wp-json\/wp\/v2\/comments?post=1452"}],"version-history":[{"count":1,"href":"https:\/\/eldiariodelaeducacion.com\/porotrapoliticaeducativa\/wp-json\/wp\/v2\/posts\/1452\/revisions"}],"predecessor-version":[{"id":2482,"href":"https:\/\/eldiariodelaeducacion.com\/porotrapoliticaeducativa\/wp-json\/wp\/v2\/posts\/1452\/revisions\/2482"}],"wp:featuredmedia":[{"embeddable":true,"href":"https:\/\/eldiariodelaeducacion.com\/porotrapoliticaeducativa\/wp-json\/wp\/v2\/media\/1456"}],"wp:attachment":[{"href":"https:\/\/eldiariodelaeducacion.com\/porotrapoliticaeducativa\/wp-json\/wp\/v2\/media?parent=1452"}],"wp:term":[{"taxonomy":"category","embeddable":true,"href":"https:\/\/eldiariodelaeducacion.com\/porotrapoliticaeducativa\/wp-json\/wp\/v2\/categories?post=1452"},{"taxonomy":"post_tag","embeddable":true,"href":"https:\/\/eldiariodelaeducacion.com\/porotrapoliticaeducativa\/wp-json\/wp\/v2\/tags?post=1452"},{"taxonomy":"tipo","embeddable":true,"href":"https:\/\/eldiariodelaeducacion.com\/porotrapoliticaeducativa\/wp-json\/wp\/v2\/tipo?post=1452"}],"curies":[{"name":"wp","href":"https:\/\/api.w.org\/{rel}","templated":true}]}}