{"id":1756,"date":"2023-01-16T06:00:18","date_gmt":"2023-01-16T05:00:18","guid":{"rendered":"https:\/\/eldiariodelaeducacion.com\/porotrapoliticaeducativa\/?p=1756"},"modified":"2024-08-21T16:50:58","modified_gmt":"2024-08-21T14:50:58","slug":"la-innovacion-educativa-de-las-musas-al-teatro-por-otra-politica-educativa-foro-de-sevilla","status":"publish","type":"post","link":"https:\/\/eldiariodelaeducacion.com\/porotrapoliticaeducativa\/2023\/01\/16\/la-innovacion-educativa-de-las-musas-al-teatro-por-otra-politica-educativa-foro-de-sevilla\/","title":{"rendered":"La innovaci\u00f3n educativa: \u201cDe las musas al teatro\u201d"},"content":{"rendered":"<p>Cualquier innovaci\u00f3n educativa resulta de un conglomerado de aspiraciones, demandas y actuaciones, atravesadas por un intricado cruce de ideolog\u00edas, <a href=\"https:\/\/www.researchgate.net\/publication\/270104914_Innovacion_cultura_y_poder_en_las_instituciones_educativas\" target=\"_blank\" rel=\"noopener\">poderes, intereses y pol\u00edticas<\/a> enfrentadas, que <a href=\"https:\/\/revista.uclm.es\/index.php\/rdi\/article\/view\/971\" target=\"_blank\" rel=\"noopener\">hace compleja su teorizaci\u00f3n<\/a> y, a\u00fan m\u00e1s, su aterrizaje en los centros educativos. Baste con observar <a href=\"https:\/\/elpais.com\/educacion\/2022-12-06\/los-cambios-en-la-forma-de-dar-clase-que-pocos-profesores-entienden-a-la-mayoria-nos-suena-a-chino.html?fbclid=IwAR3JDEJRsXVltzj_yIvj2qSPT41vZcZtMbBVKHfJAr0BTLzhxUatmSY2-Oc\" target=\"_blank\" rel=\"noopener\">la pol\u00e9mica y el malestar actual<\/a> generados en el profesorado ante el aterrizaje de la LOMLOE y la <a href=\"https:\/\/www.youtube.com\/watch?v=eY9xatX2qCc\" target=\"_blank\" rel=\"noopener\">burocratizaci\u00f3n ocasionada<\/a>. Los cambios en el sistema escolar no se consiguen \u2018por decreto\u2019. Son muchas las reformas oficiales que no han conseguido las innovaciones pretendidas.<\/p>\n<p>El dise\u00f1o de cualquier innovaci\u00f3n no asegura su desarrollo; el cambio en educaci\u00f3n no es un problema de racionalidad t\u00e9cnica-instrumental. Cuando se reduce al profesorado a mero ejecutor de un determinado mandato, lo que cabe esperar es que fracase ante la complejidad de las situaciones educativas cotidianas. El cambio es una acci\u00f3n comunicativa que necesita condiciones de cobertura, escenarios propicios que hagan posible su reconfiguraci\u00f3n, apropiaci\u00f3n y aterrizaje a la realidad de cada centro: <em>pasar de las musas al teatro<\/em>.<\/p>\n<p>Algunas conclusiones de la <a href=\"https:\/\/octaedro.com\/libro\/la-cuarta-via\/\" target=\"_blank\" rel=\"noopener\">investigaci\u00f3n sobre cambio y mejora escolar<\/a>, junto a la <a href=\"https:\/\/elpais.com\/planeta-futuro\/escuelas-en-red\/\" target=\"_blank\" rel=\"noopener\">observaci\u00f3n y relato de experiencias innovadoras<\/a>, informan de las texturas de ese escenario posibilitador y aunque no las consideremos reglas univocas de acci\u00f3n, s\u00ed aportan <a href=\"https:\/\/onlinelibrary.wiley.com\/doi\/10.1111\/j.1741-5446.2006.00241.x#:~:text=Dewey%20showed%20that%20%E2%80%9Cevidence%E2%80%9D%E2%80%94%20if%20such%20a%20thing%20exists%20%E2%80%94%20does%20not%20provide%20us%20with%20rules%20for%20action%20but%20only%20with%20hypotheses%20for%20intelligent%20problem%20solving\" target=\"_blank\" rel=\"noopener\">hip\u00f3tesis desde las que abordar una construcci\u00f3n inteligente<\/a>.<\/p>\n<p><strong>Cualquier reforma, propuesta de cambio e innovaci\u00f3n estar\u00e1 m\u00e1s cerca de su desarrollo si resulta del di\u00e1logo<\/strong>. Innovar es cambiar actitudes, una evoluci\u00f3n que se construye en un escenario colectivo, de reconocimiento de la otredad (como base de la diversidad y la inclusi\u00f3n), de despliegue de una tarea acordada, participada, distribuida \u2014de poder y liderazgo\u2014. Es un proceso formativo, de construcci\u00f3n \u00e9tica y \u2018enredada\u2019 entre los distintos agentes educativos de los subsistemas macro, meso y micro. Una labor exigente, en momentos de crisis de confianza y legitimidad social, que aprovecha la ventaja de la solidaridad, lo colectivo, la acci\u00f3n participativa, el compa\u00f1erismo y el bienestar comunitario.<\/p>\n<p>La posici\u00f3n tradicional que han asumido las administraciones en la promoci\u00f3n de las innovaciones no ha sido esa. En t\u00e9rminos generales, han puesto el \u00e9nfasis en imaginarlas, dise\u00f1arlas, validarlas con expertos, dictar su cumplimiento, controlar formalmente su desarrollo y elaborar informes internos sobre sus logros. Con este planteamiento lo que se ha conseguido, en muchas ocasiones, es debilitar las intenciones innovadoras de centros y profesionales, ahog\u00e1ndolas en formatos, estructuras y requisitos interminables de tipo burocr\u00e1tico, disociando las voluntades y obstaculizando el desarrollo profesional y personal.<\/p>\n<p>Esta l\u00f3gica pretende asegurar el control sobre el proceso y el contenido de los cambios. <a href=\"https:\/\/revistas.uam.es\/reice\/article\/view\/5545\" target=\"_blank\" rel=\"noopener\">La ficci\u00f3n burocr\u00e1tica de ordenaci\u00f3n racional de la realidad encuentra su raz\u00f3n de ser en ese deseo de control por parte del poder pol\u00edtico-administrativo<\/a>; no presta atenci\u00f3n al fundamento te\u00f3rico y pr\u00e1ctico del proceso que se quiere desplegar, ni a la necesidad de que, quienes van a desarrollarlo se sientan part\u00edcipes e implicados. Desde esta l\u00f3gica, se explica la ausencia de otros referentes de innovaci\u00f3n, mucho m\u00e1s espec\u00edficos y fundamentados, como el ritmo de aprendizaje organizativo, las preocupaciones de los docentes y de las comunidades educativas, <a href=\"https:\/\/recyt.fecyt.es\/index.php\/Redu\/article\/view\/90795\" target=\"_blank\" rel=\"noopener\">la forma de la ense\u00f1anza<\/a>, la coherencia de las pol\u00edticas y las actuaciones, la creaci\u00f3n y sustento de zonas o distritos educativos con identidad propia y de referencia para el estudio y la experimentaci\u00f3n de pr\u00e1cticas por parte de los profesionales, etc.<\/p>\n<blockquote><p><span data-ccp-parastyle=\"Body Text\">La educaci\u00f3n es una pr\u00e1ctica moral, m\u00e1s que t\u00e9cnica o tecnol\u00f3gica.<\/span><\/p><\/blockquote>\n<p>El cambio en educaci\u00f3n debe contemplar una <strong>concepci\u00f3n moral ambiciosa<\/strong>. La innovaci\u00f3n educativa no es esencialmente una tarea individual reconocida con \u201cpremios\u201d y promovida por \u201csuperdocentes\u201d. Tampoco es una cuesti\u00f3n de promoci\u00f3n mediante <em>reality shows<\/em> y TEDx medi\u00e1ticos, como si la profesi\u00f3n docente fuera un espect\u00e1culo, a cargo de \u201cvendedores emocionales\u201d (<a href=\"https:\/\/eldiariodelaeducacion.com\/2023\/01\/12\/el-sindrome-de-nick-carter\/\" target=\"_blank\" rel=\"noopener\">S\u00edndrome de Nick Carter<\/a>). Desde ese enfoque, los <em>fines<\/em> de la acci\u00f3n profesional, se suelen considerar algo dado, no construido, sobre los que no se debate. Las preguntas relevantes se reducen a las formas o \u2018los <em>medios\u2019<\/em>. De considerarlo as\u00ed caemos en un modelo tecnol\u00f3gico de actuaci\u00f3n profesional de separaci\u00f3n entre medios y fines. En educaci\u00f3n <a href=\"https:\/\/onlinelibrary.wiley.com\/doi\/10.1111\/j.1741-5446.2006.00241.x#:~:text=in%20education%20means%20and%20ends%20are%20not%20linked%20in%20a%20technological%20or%20external%20way%20but%20that%20they%20are%20related%20internally%20or%20constitutively\" target=\"_blank\" rel=\"noopener\">los medios y los fines est\u00e1n relacionados constitutivamente<\/a>. La educaci\u00f3n es una pr\u00e1ctica moral, m\u00e1s que t\u00e9cnica o tecnol\u00f3gica.<\/p>\n<p><strong>Las innovaciones educativas se juegan en el desarrollo y no en un argumentario plasmado \u2018en papel\u2019<\/strong>. Los cambios no responden a lo previsto en las grandes directrices normativas; su l\u00f3gica pertenece al dominio de la incertidumbre y lo revisable, la horizontalidad y la presencia de m\u00faltiples poderes e influencias, la existencia de relaciones rec\u00edprocas e interactivas entre los m\u00faltiples actores y la influencia decisiva de tradiciones, historia, culturas y poderes en juego. La apropiaci\u00f3n de una reforma no es una cuesti\u00f3n de sentido com\u00fan, de pretendida racionalidad instrumental, de argumentaci\u00f3n experta. Es una tarea compleja, poli\u00e9drica, situada en cada realidad escolar, social, dialogada, conflictiva, contrastada, evaluada, cr\u00edtica y portadora de un profundo sentido de justicia. El desarrollo de una innovaci\u00f3n resulta de un proceso de recreaci\u00f3n y apropiaci\u00f3n en cada contexto escolar, no se prescribe se acompa\u00f1a, apoya, asesora y eval\u00faa.<\/p>\n<blockquote><p>Las innovaciones son procesos relacionales y afectivos que deben contribuir a la mejora de la ense\u00f1anza, de los aprendizajes y a que los profesionales se adue\u00f1en de su quehacer.<\/p><\/blockquote>\n<p><strong>Los procesos de innovaci\u00f3n precisan empat\u00eda, contagio y <\/strong><a href=\"https:\/\/revistas.uam.es\/riejs\/article\/download\/riejs2022_11_2_007\/15522\/52296\" target=\"_blank\" rel=\"noopener\"><strong>confluencia de expectativas<\/strong><\/a>. Dif\u00edciles de despertar desde pol\u00edticas sustentadas en directrices \u2018expertas\u2019, jerarquizadas; que demandan un \u00e9xito inmediato; basadas en \u2018est\u00e1ndares\u2019 y, habitualmente, en la desprofesionalizaci\u00f3n docente. Las innovaciones son procesos relacionales y afectivos que deben contribuir a la mejora de la ense\u00f1anza, de los aprendizajes y a que los profesionales se adue\u00f1en de su quehacer. Una de las fuentes en esta cualificaci\u00f3n profesional es el conocimiento contrastado; otra la \u00e9tica, de ah\u00ed la importancia de la formaci\u00f3n en el centro educativo, la reflexi\u00f3n sobre la pr\u00e1ctica a la luz de la investigaci\u00f3n, y la indagaci\u00f3n sobre su finalidad, \u2018el para qu\u00e9\u2019.<\/p>\n<p>Cualquier actuaci\u00f3n que se dirija a la innovaci\u00f3n de las pr\u00e1cticas de ense\u00f1anza sit\u00faa en una posici\u00f3n inc\u00f3moda, o incluso pone en cuesti\u00f3n, determinadas rutinas, determinadas \u201c<a href=\"https:\/\/eric.ed.gov\/?id=EJ470603\" target=\"_blank\" rel=\"noopener\">l\u00f3gicas de acci\u00f3n<\/a>\u201d y, sobre todo, a determinados grupos que hasta ese momento gozaban de una capacidad \u201cconsagrada\u201d para influir en las decisiones de la pol\u00edtica interior de los centros. Si tomamos este hecho en consideraci\u00f3n, no resultar\u00e1 extra\u00f1o constatar que, <a href=\"https:\/\/www.raco.cat\/index.php\/Educar\/article\/download\/20806\/20647\" target=\"_blank\" rel=\"noopener\">ante cualquier propuesta de cambio, se ponen en funcionamiento toda una serie de estrategias internas de poder<\/a> (alianzas, coaliciones, rumores&#8230;). Los grupos que hasta ese momento detentaban cierta hegemon\u00eda usar\u00e1n diversas maniobras con la finalidad de no perder su prestigio y capacidad de influencia; quienes se sent\u00edan poco considerados, desplazados o ignorados tambi\u00e9n tratar\u00e1n de aprovechar este movimiento para mejorar su situaci\u00f3n. La innovaci\u00f3n de las pr\u00e1cticas de ense\u00f1anza se logra a trav\u00e9s de un trabajo de reculturalizaci\u00f3n, esto es, de an\u00e1lisis colectivo de rutinas e impl\u00edcitos culturales, en cada contexto escolar, encaminado al logro de una pr\u00e1ctica colegiada real.<\/p>\n<p><strong>Las pol\u00edticas, la gesti\u00f3n administrativa y las tareas expertas aciertan cuando conjugan prop\u00f3sitos generales y tradiciones del \u2018mundo de la vida\u2019 de los centros<\/strong>. Cada escuela es un territorio en el que se disputan sentidos y significados. Las iniciativas de planificaci\u00f3n son \u00fatiles cuando facilitan espacios de di\u00e1logo y difusi\u00f3n, incentivan la rigurosidad ejecutiva e investigadora, procuran una mejora aut\u00e9ntica de los aprendizajes y cuidan su inexcusable sentido \u00e9tico. Para esto, necesitan escuchar, respetar y apoyar las iniciativas que surgen de los centros conjug\u00e1ndolas con las l\u00edneas comunes de desarrollo del sistema educativo, pactadas profesional, social y pol\u00edticamente.<\/p>\n<p>Conseguir el consenso sobre la necesidad de determinadas innovaciones y promover las condiciones para que puedan ser construidas entre todos y en cada centro, se convierten en tarea ineludible para las administraciones.<\/p>\n<p>Este giro de concepci\u00f3n de la innovaci\u00f3n m\u00e1s centrada en posibilitar su desarrollo situado, en cada contexto escolar, que en su \u2018prescripci\u00f3n\u2019 exige de las administraciones modificar sus modos de proceder. Someterse, como el resto de las pol\u00edticas p\u00fablicas, a la evaluaci\u00f3n. Aprender a crear estructuras de mediaci\u00f3n, asesoramiento y apoyo, y redes de docentes.<\/p>\n<p><strong>La innovaci\u00f3n necesita paciencia, sostenibilidad, mantenimiento de las acciones, asesoramiento \u2018in situ\u2019 y retroalimentaci\u00f3n<\/strong>. No es cierto que la responsabilidad del desarrollo de las reformas sea \u00fanicamente del profesorado; aun siendo su contribuci\u00f3n decisiva, el <a href=\"https:\/\/www.researchgate.net\/publication\/270104914_Innovacion_cultura_y_poder_en_las_instituciones_educativas\" target=\"_blank\" rel=\"noopener\">\u00e9xito de una reforma es competencia de un amplio sector social, y la administraci\u00f3n no puede limitarse a un papel de comparsa<\/a>. La innovaci\u00f3n es una responsabilidad compartida entre docentes en di\u00e1logo con sus comunidades educativas, legisladores y administradores de la ordenaci\u00f3n y promoci\u00f3n de pol\u00edticas p\u00fablicas de justicia social. Lo fundamental de este di\u00e1logo ser\u00eda configurar un movimiento social formado por amplios sectores de profesionales y ciudadanos, vinculados afectiva y \u00e9ticamente con las innovaciones valoradas como necesarias.<\/p>\n<p><a href=\"https:\/\/books.google.es\/books\/about\/Pol%C3%ADtica_educativa_en_perspectiva_2015.html?id=SvSpCgAAQBAJ&amp;printsec=frontcover&amp;source=kp_read_button&amp;hl=es&amp;redir_esc=y#v=onepage&amp;q&amp;f=false\" target=\"_blank\" rel=\"noopener\">La investigaci\u00f3n educativa<\/a> muestra la relevancia de un conjunto de condiciones, escenarios previos y de acompa\u00f1amiento, que hacen posible <a href=\"https:\/\/eldiariodelaeducacion.com\/2021\/06\/07\/curriculo-humanizador-e-integral-frente-al-curriculo-competencial\/#:~:text=dando%20m%C3%A1s%20autonom%C3%ADa%20a%20las%20comunidades%20educativas%20y%20confiando%20m%C3%A1s%20en%20el%20profesorado%2C%20y%20plantearnos%20el%20para%20qu%C3%A9.%20Los%20contenidos%20escolares%20deben%20estar%20al%20servicio%20de%20las%20finalidades%20educativas\" target=\"_blank\" rel=\"noopener\">la apropiaci\u00f3n dialogada y situada de una determinada innovaci\u00f3n<\/a>. Sin estas condiciones cualquier reforma tiene el riesgo de quedarse en mera apariencia, a no ser que la intenci\u00f3n sea precisamente esa. Una breve reflexi\u00f3n sobre c\u00f3mo est\u00e1n contempladas por las actuales pol\u00edticas de reforma puede explicar algunas de sus debilidades, ciertas quejas de <a href=\"https:\/\/rbesonias.wordpress.com\/2022\/11\/25\/tomate-tu-tiempo-pero-calladito\/\" target=\"_blank\" rel=\"noopener\">la administraci\u00f3n educativa<\/a> y notorias <a href=\"https:\/\/elpais.com\/educacion\/2022-12-24\/radiografia-imperfecta-de-la-crispacion-educativa.html?mid=DM165255&amp;bid=1460753452#:~:text=existe%20un%20malestar%20latente%20que%20ha%20emergido%20con%20fuerza%2C%20por%20varios%20motivos\" target=\"_blank\" rel=\"noopener\">manifestaciones de desconfianza del profesorado<\/a>.<\/p>\n","protected":false},"excerpt":{"rendered":"<p>Cualquier innovaci\u00f3n educativa resulta de un conglomerado de aspiraciones, demandas y actuaciones, atravesadas por un intricado cruce de ideolog\u00edas, poderes, intereses y pol\u00edticas enfrentadas, que hace compleja su teorizaci\u00f3n y, a\u00fan m\u00e1s, su aterrizaje en los centros educativos. Baste con observar la pol\u00e9mica y el malestar actual generados en el profesorado ante el aterrizaje de<\/p>\n","protected":false},"author":200,"featured_media":1759,"comment_status":"open","ping_status":"closed","sticky":false,"template":"","format":"standard","meta":{"footnotes":""},"categories":[18],"tags":[69,52,53,19,30,17,26],"tipo":[96],"class_list":{"0":"post-1756","1":"post","2":"type-post","3":"status-publish","4":"format-standard","5":"has-post-thumbnail","7":"category-por-otra-politica-educativa","8":"tag-administracion-educativa","9":"tag-cultura-docente","10":"tag-formacion-del-profesorado","11":"tag-innovacion-educativa","12":"tag-lomloe","13":"tag-politicas-educativas","14":"tag-reformas-educativas","15":"tipo-analisis"},"yoast_head":"<!-- This site is optimized with the Yoast SEO plugin v27.5 - https:\/\/yoast.com\/product\/yoast-seo-wordpress\/ -->\n<title>La innovaci\u00f3n educativa: \u201cDe las musas al teatro\u201d - Por otra pol\u00edtica educativa. Foro de Sevilla.<\/title>\n<meta name=\"description\" content=\"La investigaci\u00f3n y la experiencia profesional muestran que la innovaci\u00f3n educativa es ante todo una tarea en interacci\u00f3n colaborativa. Es un proceso, mucho m\u00e1s complejo que la aplicaci\u00f3n mec\u00e1nica de un conjunto de normas, directrices est\u00e1ndar, difundidas desde determinados imaginarios, consignas, formatos y \u2018franquicias\u2019. Las innovaciones no ocurren en el vac\u00edo, son procesos eminentemente situados y relacionales. De hecho, el desarrollo real de una innovaci\u00f3n depende m\u00e1s de las actitudes, experiencias y vivencias de los sujetos participantes que de las directrices y mandatos externos y \u2018expertos\u2019 que puedan dictarla.\" \/>\n<meta name=\"robots\" content=\"index, follow, max-snippet:-1, max-image-preview:large, max-video-preview:-1\" \/>\n<link rel=\"canonical\" href=\"https:\/\/eldiariodelaeducacion.com\/porotrapoliticaeducativa\/2023\/01\/16\/la-innovacion-educativa-de-las-musas-al-teatro-por-otra-politica-educativa-foro-de-sevilla\/\" \/>\n<meta property=\"og:locale\" content=\"es_ES\" \/>\n<meta property=\"og:type\" content=\"article\" \/>\n<meta property=\"og:title\" content=\"La Innovaci\u00f3n Educativa. \u201cDe las musas al teatro\u201d - Por otra pol\u00edtica educativa. Foro de Sevilla.\" \/>\n<meta property=\"og:description\" content=\"La investigaci\u00f3n y la experiencia profesional muestran que la innovaci\u00f3n educativa es ante todo una tarea en interacci\u00f3n colaborativa. Es un proceso, mucho m\u00e1s complejo que la aplicaci\u00f3n mec\u00e1nica de un conjunto de normas, directrices est\u00e1ndar, difundidas desde determinados imaginarios, consignas, formatos y \u2018franquicias\u2019. Las innovaciones no ocurren en el vac\u00edo, son procesos eminentemente situados y relacionales. De hecho, el desarrollo real de una innovaci\u00f3n depende m\u00e1s de las actitudes, experiencias y vivencias de los sujetos participantes que de las directrices y mandatos externos y \u2018expertos\u2019 que puedan dictarla.\" \/>\n<meta property=\"og:url\" content=\"https:\/\/eldiariodelaeducacion.com\/porotrapoliticaeducativa\/2023\/01\/16\/la-innovacion-educativa-de-las-musas-al-teatro-por-otra-politica-educativa-foro-de-sevilla\/\" \/>\n<meta property=\"og:site_name\" content=\"Por otra pol\u00edtica educativa. Foro de Sevilla.\" \/>\n<meta property=\"article:published_time\" content=\"2023-01-16T05:00:18+00:00\" \/>\n<meta property=\"article:modified_time\" content=\"2024-08-21T14:50:58+00:00\" \/>\n<meta property=\"og:image\" content=\"https:\/\/eldiariodelaeducacion.com\/porotrapoliticaeducativa\/wp-content\/uploads\/sites\/21\/2023\/01\/322978834_903601114138628_2283557057625212247_n.jpg\" \/>\n\t<meta property=\"og:image:width\" content=\"1440\" \/>\n\t<meta property=\"og:image:height\" content=\"907\" \/>\n\t<meta property=\"og:image:type\" content=\"image\/jpeg\" \/>\n<meta name=\"author\" content=\"Rodrigo J. Garc\u00eda G\u00f3mez\" \/>\n<meta name=\"twitter:card\" content=\"summary_large_image\" \/>\n<meta name=\"twitter:title\" content=\"La Innovaci\u00f3n Educativa. \u201cDe las musas al teatro\u201d - Por otra pol\u00edtica educativa. Foro de Sevilla.\" \/>\n<meta name=\"twitter:label1\" content=\"Escrito por\" \/>\n\t<meta name=\"twitter:data1\" content=\"Rodrigo J. Garc\u00eda G\u00f3mez\" \/>\n\t<meta name=\"twitter:label2\" content=\"Tiempo de lectura\" \/>\n\t<meta name=\"twitter:data2\" content=\"8 minutos\" \/>\n<script type=\"application\/ld+json\" class=\"yoast-schema-graph\">{\"@context\":\"https:\\\/\\\/schema.org\",\"@graph\":[{\"@type\":\"Article\",\"@id\":\"https:\\\/\\\/eldiariodelaeducacion.com\\\/porotrapoliticaeducativa\\\/2023\\\/01\\\/16\\\/la-innovacion-educativa-de-las-musas-al-teatro-por-otra-politica-educativa-foro-de-sevilla\\\/#article\",\"isPartOf\":{\"@id\":\"https:\\\/\\\/eldiariodelaeducacion.com\\\/porotrapoliticaeducativa\\\/2023\\\/01\\\/16\\\/la-innovacion-educativa-de-las-musas-al-teatro-por-otra-politica-educativa-foro-de-sevilla\\\/\"},\"author\":{\"name\":\"Rodrigo J. Garc\u00eda G\u00f3mez\",\"@id\":\"https:\\\/\\\/eldiariodelaeducacion.com\\\/porotrapoliticaeducativa\\\/#\\\/schema\\\/person\\\/e9145e659f67572fa0d4046792446fa4\"},\"headline\":\"La innovaci\u00f3n educativa: \u201cDe las musas al teatro\u201d\",\"datePublished\":\"2023-01-16T05:00:18+00:00\",\"dateModified\":\"2024-08-21T14:50:58+00:00\",\"mainEntityOfPage\":{\"@id\":\"https:\\\/\\\/eldiariodelaeducacion.com\\\/porotrapoliticaeducativa\\\/2023\\\/01\\\/16\\\/la-innovacion-educativa-de-las-musas-al-teatro-por-otra-politica-educativa-foro-de-sevilla\\\/\"},\"wordCount\":1693,\"commentCount\":0,\"image\":{\"@id\":\"https:\\\/\\\/eldiariodelaeducacion.com\\\/porotrapoliticaeducativa\\\/2023\\\/01\\\/16\\\/la-innovacion-educativa-de-las-musas-al-teatro-por-otra-politica-educativa-foro-de-sevilla\\\/#primaryimage\"},\"thumbnailUrl\":\"https:\\\/\\\/eldiariodelaeducacion.com\\\/porotrapoliticaeducativa\\\/wp-content\\\/uploads\\\/sites\\\/21\\\/2023\\\/01\\\/322978834_903601114138628_2283557057625212247_n.jpg\",\"keywords\":[\"Administraci\u00f3n educativa\",\"Cultura Docente\",\"Formaci\u00f3n del profesorado\",\"Innovaci\u00f3n educativa\",\"LOMLOE\",\"Pol\u00edticas educativas\",\"Reformas educativas\"],\"articleSection\":[\"Por otra pol\u00edtica educativa. Foro de Sevilla\"],\"inLanguage\":\"es\",\"potentialAction\":[{\"@type\":\"CommentAction\",\"name\":\"Comment\",\"target\":[\"https:\\\/\\\/eldiariodelaeducacion.com\\\/porotrapoliticaeducativa\\\/2023\\\/01\\\/16\\\/la-innovacion-educativa-de-las-musas-al-teatro-por-otra-politica-educativa-foro-de-sevilla\\\/#respond\"]}]},{\"@type\":\"WebPage\",\"@id\":\"https:\\\/\\\/eldiariodelaeducacion.com\\\/porotrapoliticaeducativa\\\/2023\\\/01\\\/16\\\/la-innovacion-educativa-de-las-musas-al-teatro-por-otra-politica-educativa-foro-de-sevilla\\\/\",\"url\":\"https:\\\/\\\/eldiariodelaeducacion.com\\\/porotrapoliticaeducativa\\\/2023\\\/01\\\/16\\\/la-innovacion-educativa-de-las-musas-al-teatro-por-otra-politica-educativa-foro-de-sevilla\\\/\",\"name\":\"La innovaci\u00f3n educativa: \u201cDe las musas al teatro\u201d - Por otra pol\u00edtica educativa. Foro de Sevilla.\",\"isPartOf\":{\"@id\":\"https:\\\/\\\/eldiariodelaeducacion.com\\\/porotrapoliticaeducativa\\\/#website\"},\"primaryImageOfPage\":{\"@id\":\"https:\\\/\\\/eldiariodelaeducacion.com\\\/porotrapoliticaeducativa\\\/2023\\\/01\\\/16\\\/la-innovacion-educativa-de-las-musas-al-teatro-por-otra-politica-educativa-foro-de-sevilla\\\/#primaryimage\"},\"image\":{\"@id\":\"https:\\\/\\\/eldiariodelaeducacion.com\\\/porotrapoliticaeducativa\\\/2023\\\/01\\\/16\\\/la-innovacion-educativa-de-las-musas-al-teatro-por-otra-politica-educativa-foro-de-sevilla\\\/#primaryimage\"},\"thumbnailUrl\":\"https:\\\/\\\/eldiariodelaeducacion.com\\\/porotrapoliticaeducativa\\\/wp-content\\\/uploads\\\/sites\\\/21\\\/2023\\\/01\\\/322978834_903601114138628_2283557057625212247_n.jpg\",\"datePublished\":\"2023-01-16T05:00:18+00:00\",\"dateModified\":\"2024-08-21T14:50:58+00:00\",\"author\":{\"@id\":\"https:\\\/\\\/eldiariodelaeducacion.com\\\/porotrapoliticaeducativa\\\/#\\\/schema\\\/person\\\/e9145e659f67572fa0d4046792446fa4\"},\"description\":\"La investigaci\u00f3n y la experiencia profesional muestran que la innovaci\u00f3n educativa es ante todo una tarea en interacci\u00f3n colaborativa. Es un proceso, mucho m\u00e1s complejo que la aplicaci\u00f3n mec\u00e1nica de un conjunto de normas, directrices est\u00e1ndar, difundidas desde determinados imaginarios, consignas, formatos y \u2018franquicias\u2019. Las innovaciones no ocurren en el vac\u00edo, son procesos eminentemente situados y relacionales. De hecho, el desarrollo real de una innovaci\u00f3n depende m\u00e1s de las actitudes, experiencias y vivencias de los sujetos participantes que de las directrices y mandatos externos y \u2018expertos\u2019 que puedan dictarla.\",\"breadcrumb\":{\"@id\":\"https:\\\/\\\/eldiariodelaeducacion.com\\\/porotrapoliticaeducativa\\\/2023\\\/01\\\/16\\\/la-innovacion-educativa-de-las-musas-al-teatro-por-otra-politica-educativa-foro-de-sevilla\\\/#breadcrumb\"},\"inLanguage\":\"es\",\"potentialAction\":[{\"@type\":\"ReadAction\",\"target\":[\"https:\\\/\\\/eldiariodelaeducacion.com\\\/porotrapoliticaeducativa\\\/2023\\\/01\\\/16\\\/la-innovacion-educativa-de-las-musas-al-teatro-por-otra-politica-educativa-foro-de-sevilla\\\/\"]}]},{\"@type\":\"ImageObject\",\"inLanguage\":\"es\",\"@id\":\"https:\\\/\\\/eldiariodelaeducacion.com\\\/porotrapoliticaeducativa\\\/2023\\\/01\\\/16\\\/la-innovacion-educativa-de-las-musas-al-teatro-por-otra-politica-educativa-foro-de-sevilla\\\/#primaryimage\",\"url\":\"https:\\\/\\\/eldiariodelaeducacion.com\\\/porotrapoliticaeducativa\\\/wp-content\\\/uploads\\\/sites\\\/21\\\/2023\\\/01\\\/322978834_903601114138628_2283557057625212247_n.jpg\",\"contentUrl\":\"https:\\\/\\\/eldiariodelaeducacion.com\\\/porotrapoliticaeducativa\\\/wp-content\\\/uploads\\\/sites\\\/21\\\/2023\\\/01\\\/322978834_903601114138628_2283557057625212247_n.jpg\",\"width\":1440,\"height\":907,\"caption\":\"Ilustraci\u00f3n cedida por Joseba G. Plazuelo\"},{\"@type\":\"BreadcrumbList\",\"@id\":\"https:\\\/\\\/eldiariodelaeducacion.com\\\/porotrapoliticaeducativa\\\/2023\\\/01\\\/16\\\/la-innovacion-educativa-de-las-musas-al-teatro-por-otra-politica-educativa-foro-de-sevilla\\\/#breadcrumb\",\"itemListElement\":[{\"@type\":\"ListItem\",\"position\":1,\"name\":\"Portada\",\"item\":\"https:\\\/\\\/eldiariodelaeducacion.com\\\/porotrapoliticaeducativa\\\/\"},{\"@type\":\"ListItem\",\"position\":2,\"name\":\"La innovaci\u00f3n educativa: \u201cDe las musas al teatro\u201d\"}]},{\"@type\":\"WebSite\",\"@id\":\"https:\\\/\\\/eldiariodelaeducacion.com\\\/porotrapoliticaeducativa\\\/#website\",\"url\":\"https:\\\/\\\/eldiariodelaeducacion.com\\\/porotrapoliticaeducativa\\\/\",\"name\":\"Por otra pol\u00edtica educativa. Foro de Sevilla.\",\"description\":\"Un blog de El Diario de la Educaci\u00f3n\",\"potentialAction\":[{\"@type\":\"SearchAction\",\"target\":{\"@type\":\"EntryPoint\",\"urlTemplate\":\"https:\\\/\\\/eldiariodelaeducacion.com\\\/porotrapoliticaeducativa\\\/?s={search_term_string}\"},\"query-input\":{\"@type\":\"PropertyValueSpecification\",\"valueRequired\":true,\"valueName\":\"search_term_string\"}}],\"inLanguage\":\"es\"},{\"@type\":\"Person\",\"@id\":\"https:\\\/\\\/eldiariodelaeducacion.com\\\/porotrapoliticaeducativa\\\/#\\\/schema\\\/person\\\/e9145e659f67572fa0d4046792446fa4\",\"name\":\"Rodrigo J. Garc\u00eda G\u00f3mez\",\"image\":{\"@type\":\"ImageObject\",\"inLanguage\":\"es\",\"@id\":\"https:\\\/\\\/secure.gravatar.com\\\/avatar\\\/9e75a38611a1ca740c6e9b69b3920428a47f9727aa768303ff77cd87a7e09e04?s=96&d=mm&r=g\",\"url\":\"https:\\\/\\\/secure.gravatar.com\\\/avatar\\\/9e75a38611a1ca740c6e9b69b3920428a47f9727aa768303ff77cd87a7e09e04?s=96&d=mm&r=g\",\"contentUrl\":\"https:\\\/\\\/secure.gravatar.com\\\/avatar\\\/9e75a38611a1ca740c6e9b69b3920428a47f9727aa768303ff77cd87a7e09e04?s=96&d=mm&r=g\",\"caption\":\"Rodrigo J. Garc\u00eda G\u00f3mez\"},\"description\":\"Doctor en Ciencias de la Educaci\u00f3n. Autor Blog 'Escuelas en red' en 'El Pa\u00eds'. Miembro de la Permanente del 'Foro de Sevilla. Por Otra Pol\u00edtica Educativa'.\",\"sameAs\":[\"https:\\\/\\\/elpais.com\\\/autor\\\/rodrigo-j-garcia\\\/#?rel=author_top\"],\"url\":\"https:\\\/\\\/eldiariodelaeducacion.com\\\/porotrapoliticaeducativa\\\/author\\\/rgarci6\\\/\"}]}<\/script>\n<!-- \/ Yoast SEO plugin. -->","yoast_head_json":{"title":"La innovaci\u00f3n educativa: \u201cDe las musas al teatro\u201d - Por otra pol\u00edtica educativa. Foro de Sevilla.","description":"La investigaci\u00f3n y la experiencia profesional muestran que la innovaci\u00f3n educativa es ante todo una tarea en interacci\u00f3n colaborativa. Es un proceso, mucho m\u00e1s complejo que la aplicaci\u00f3n mec\u00e1nica de un conjunto de normas, directrices est\u00e1ndar, difundidas desde determinados imaginarios, consignas, formatos y \u2018franquicias\u2019. Las innovaciones no ocurren en el vac\u00edo, son procesos eminentemente situados y relacionales. De hecho, el desarrollo real de una innovaci\u00f3n depende m\u00e1s de las actitudes, experiencias y vivencias de los sujetos participantes que de las directrices y mandatos externos y \u2018expertos\u2019 que puedan dictarla.","robots":{"index":"index","follow":"follow","max-snippet":"max-snippet:-1","max-image-preview":"max-image-preview:large","max-video-preview":"max-video-preview:-1"},"canonical":"https:\/\/eldiariodelaeducacion.com\/porotrapoliticaeducativa\/2023\/01\/16\/la-innovacion-educativa-de-las-musas-al-teatro-por-otra-politica-educativa-foro-de-sevilla\/","og_locale":"es_ES","og_type":"article","og_title":"La Innovaci\u00f3n Educativa. \u201cDe las musas al teatro\u201d - Por otra pol\u00edtica educativa. Foro de Sevilla.","og_description":"La investigaci\u00f3n y la experiencia profesional muestran que la innovaci\u00f3n educativa es ante todo una tarea en interacci\u00f3n colaborativa. Es un proceso, mucho m\u00e1s complejo que la aplicaci\u00f3n mec\u00e1nica de un conjunto de normas, directrices est\u00e1ndar, difundidas desde determinados imaginarios, consignas, formatos y \u2018franquicias\u2019. Las innovaciones no ocurren en el vac\u00edo, son procesos eminentemente situados y relacionales. De hecho, el desarrollo real de una innovaci\u00f3n depende m\u00e1s de las actitudes, experiencias y vivencias de los sujetos participantes que de las directrices y mandatos externos y \u2018expertos\u2019 que puedan dictarla.","og_url":"https:\/\/eldiariodelaeducacion.com\/porotrapoliticaeducativa\/2023\/01\/16\/la-innovacion-educativa-de-las-musas-al-teatro-por-otra-politica-educativa-foro-de-sevilla\/","og_site_name":"Por otra pol\u00edtica educativa. Foro de Sevilla.","article_published_time":"2023-01-16T05:00:18+00:00","article_modified_time":"2024-08-21T14:50:58+00:00","og_image":[{"width":1440,"height":907,"url":"https:\/\/eldiariodelaeducacion.com\/porotrapoliticaeducativa\/wp-content\/uploads\/sites\/21\/2023\/01\/322978834_903601114138628_2283557057625212247_n.jpg","type":"image\/jpeg"}],"author":"Rodrigo J. Garc\u00eda G\u00f3mez","twitter_card":"summary_large_image","twitter_title":"La Innovaci\u00f3n Educativa. \u201cDe las musas al teatro\u201d - Por otra pol\u00edtica educativa. Foro de Sevilla.","twitter_misc":{"Escrito por":"Rodrigo J. Garc\u00eda G\u00f3mez","Tiempo de lectura":"8 minutos"},"schema":{"@context":"https:\/\/schema.org","@graph":[{"@type":"Article","@id":"https:\/\/eldiariodelaeducacion.com\/porotrapoliticaeducativa\/2023\/01\/16\/la-innovacion-educativa-de-las-musas-al-teatro-por-otra-politica-educativa-foro-de-sevilla\/#article","isPartOf":{"@id":"https:\/\/eldiariodelaeducacion.com\/porotrapoliticaeducativa\/2023\/01\/16\/la-innovacion-educativa-de-las-musas-al-teatro-por-otra-politica-educativa-foro-de-sevilla\/"},"author":{"name":"Rodrigo J. Garc\u00eda G\u00f3mez","@id":"https:\/\/eldiariodelaeducacion.com\/porotrapoliticaeducativa\/#\/schema\/person\/e9145e659f67572fa0d4046792446fa4"},"headline":"La innovaci\u00f3n educativa: \u201cDe las musas al teatro\u201d","datePublished":"2023-01-16T05:00:18+00:00","dateModified":"2024-08-21T14:50:58+00:00","mainEntityOfPage":{"@id":"https:\/\/eldiariodelaeducacion.com\/porotrapoliticaeducativa\/2023\/01\/16\/la-innovacion-educativa-de-las-musas-al-teatro-por-otra-politica-educativa-foro-de-sevilla\/"},"wordCount":1693,"commentCount":0,"image":{"@id":"https:\/\/eldiariodelaeducacion.com\/porotrapoliticaeducativa\/2023\/01\/16\/la-innovacion-educativa-de-las-musas-al-teatro-por-otra-politica-educativa-foro-de-sevilla\/#primaryimage"},"thumbnailUrl":"https:\/\/eldiariodelaeducacion.com\/porotrapoliticaeducativa\/wp-content\/uploads\/sites\/21\/2023\/01\/322978834_903601114138628_2283557057625212247_n.jpg","keywords":["Administraci\u00f3n educativa","Cultura Docente","Formaci\u00f3n del profesorado","Innovaci\u00f3n educativa","LOMLOE","Pol\u00edticas educativas","Reformas educativas"],"articleSection":["Por otra pol\u00edtica educativa. Foro de Sevilla"],"inLanguage":"es","potentialAction":[{"@type":"CommentAction","name":"Comment","target":["https:\/\/eldiariodelaeducacion.com\/porotrapoliticaeducativa\/2023\/01\/16\/la-innovacion-educativa-de-las-musas-al-teatro-por-otra-politica-educativa-foro-de-sevilla\/#respond"]}]},{"@type":"WebPage","@id":"https:\/\/eldiariodelaeducacion.com\/porotrapoliticaeducativa\/2023\/01\/16\/la-innovacion-educativa-de-las-musas-al-teatro-por-otra-politica-educativa-foro-de-sevilla\/","url":"https:\/\/eldiariodelaeducacion.com\/porotrapoliticaeducativa\/2023\/01\/16\/la-innovacion-educativa-de-las-musas-al-teatro-por-otra-politica-educativa-foro-de-sevilla\/","name":"La innovaci\u00f3n educativa: \u201cDe las musas al teatro\u201d - Por otra pol\u00edtica educativa. Foro de Sevilla.","isPartOf":{"@id":"https:\/\/eldiariodelaeducacion.com\/porotrapoliticaeducativa\/#website"},"primaryImageOfPage":{"@id":"https:\/\/eldiariodelaeducacion.com\/porotrapoliticaeducativa\/2023\/01\/16\/la-innovacion-educativa-de-las-musas-al-teatro-por-otra-politica-educativa-foro-de-sevilla\/#primaryimage"},"image":{"@id":"https:\/\/eldiariodelaeducacion.com\/porotrapoliticaeducativa\/2023\/01\/16\/la-innovacion-educativa-de-las-musas-al-teatro-por-otra-politica-educativa-foro-de-sevilla\/#primaryimage"},"thumbnailUrl":"https:\/\/eldiariodelaeducacion.com\/porotrapoliticaeducativa\/wp-content\/uploads\/sites\/21\/2023\/01\/322978834_903601114138628_2283557057625212247_n.jpg","datePublished":"2023-01-16T05:00:18+00:00","dateModified":"2024-08-21T14:50:58+00:00","author":{"@id":"https:\/\/eldiariodelaeducacion.com\/porotrapoliticaeducativa\/#\/schema\/person\/e9145e659f67572fa0d4046792446fa4"},"description":"La investigaci\u00f3n y la experiencia profesional muestran que la innovaci\u00f3n educativa es ante todo una tarea en interacci\u00f3n colaborativa. Es un proceso, mucho m\u00e1s complejo que la aplicaci\u00f3n mec\u00e1nica de un conjunto de normas, directrices est\u00e1ndar, difundidas desde determinados imaginarios, consignas, formatos y \u2018franquicias\u2019. Las innovaciones no ocurren en el vac\u00edo, son procesos eminentemente situados y relacionales. De hecho, el desarrollo real de una innovaci\u00f3n depende m\u00e1s de las actitudes, experiencias y vivencias de los sujetos participantes que de las directrices y mandatos externos y \u2018expertos\u2019 que puedan dictarla.","breadcrumb":{"@id":"https:\/\/eldiariodelaeducacion.com\/porotrapoliticaeducativa\/2023\/01\/16\/la-innovacion-educativa-de-las-musas-al-teatro-por-otra-politica-educativa-foro-de-sevilla\/#breadcrumb"},"inLanguage":"es","potentialAction":[{"@type":"ReadAction","target":["https:\/\/eldiariodelaeducacion.com\/porotrapoliticaeducativa\/2023\/01\/16\/la-innovacion-educativa-de-las-musas-al-teatro-por-otra-politica-educativa-foro-de-sevilla\/"]}]},{"@type":"ImageObject","inLanguage":"es","@id":"https:\/\/eldiariodelaeducacion.com\/porotrapoliticaeducativa\/2023\/01\/16\/la-innovacion-educativa-de-las-musas-al-teatro-por-otra-politica-educativa-foro-de-sevilla\/#primaryimage","url":"https:\/\/eldiariodelaeducacion.com\/porotrapoliticaeducativa\/wp-content\/uploads\/sites\/21\/2023\/01\/322978834_903601114138628_2283557057625212247_n.jpg","contentUrl":"https:\/\/eldiariodelaeducacion.com\/porotrapoliticaeducativa\/wp-content\/uploads\/sites\/21\/2023\/01\/322978834_903601114138628_2283557057625212247_n.jpg","width":1440,"height":907,"caption":"Ilustraci\u00f3n cedida por Joseba G. Plazuelo"},{"@type":"BreadcrumbList","@id":"https:\/\/eldiariodelaeducacion.com\/porotrapoliticaeducativa\/2023\/01\/16\/la-innovacion-educativa-de-las-musas-al-teatro-por-otra-politica-educativa-foro-de-sevilla\/#breadcrumb","itemListElement":[{"@type":"ListItem","position":1,"name":"Portada","item":"https:\/\/eldiariodelaeducacion.com\/porotrapoliticaeducativa\/"},{"@type":"ListItem","position":2,"name":"La innovaci\u00f3n educativa: \u201cDe las musas al teatro\u201d"}]},{"@type":"WebSite","@id":"https:\/\/eldiariodelaeducacion.com\/porotrapoliticaeducativa\/#website","url":"https:\/\/eldiariodelaeducacion.com\/porotrapoliticaeducativa\/","name":"Por otra pol\u00edtica educativa. Foro de Sevilla.","description":"Un blog de El Diario de la Educaci\u00f3n","potentialAction":[{"@type":"SearchAction","target":{"@type":"EntryPoint","urlTemplate":"https:\/\/eldiariodelaeducacion.com\/porotrapoliticaeducativa\/?s={search_term_string}"},"query-input":{"@type":"PropertyValueSpecification","valueRequired":true,"valueName":"search_term_string"}}],"inLanguage":"es"},{"@type":"Person","@id":"https:\/\/eldiariodelaeducacion.com\/porotrapoliticaeducativa\/#\/schema\/person\/e9145e659f67572fa0d4046792446fa4","name":"Rodrigo J. Garc\u00eda G\u00f3mez","image":{"@type":"ImageObject","inLanguage":"es","@id":"https:\/\/secure.gravatar.com\/avatar\/9e75a38611a1ca740c6e9b69b3920428a47f9727aa768303ff77cd87a7e09e04?s=96&d=mm&r=g","url":"https:\/\/secure.gravatar.com\/avatar\/9e75a38611a1ca740c6e9b69b3920428a47f9727aa768303ff77cd87a7e09e04?s=96&d=mm&r=g","contentUrl":"https:\/\/secure.gravatar.com\/avatar\/9e75a38611a1ca740c6e9b69b3920428a47f9727aa768303ff77cd87a7e09e04?s=96&d=mm&r=g","caption":"Rodrigo J. Garc\u00eda G\u00f3mez"},"description":"Doctor en Ciencias de la Educaci\u00f3n. Autor Blog 'Escuelas en red' en 'El Pa\u00eds'. Miembro de la Permanente del 'Foro de Sevilla. Por Otra Pol\u00edtica Educativa'.","sameAs":["https:\/\/elpais.com\/autor\/rodrigo-j-garcia\/#?rel=author_top"],"url":"https:\/\/eldiariodelaeducacion.com\/porotrapoliticaeducativa\/author\/rgarci6\/"}]}},"_links":{"self":[{"href":"https:\/\/eldiariodelaeducacion.com\/porotrapoliticaeducativa\/wp-json\/wp\/v2\/posts\/1756","targetHints":{"allow":["GET"]}}],"collection":[{"href":"https:\/\/eldiariodelaeducacion.com\/porotrapoliticaeducativa\/wp-json\/wp\/v2\/posts"}],"about":[{"href":"https:\/\/eldiariodelaeducacion.com\/porotrapoliticaeducativa\/wp-json\/wp\/v2\/types\/post"}],"author":[{"embeddable":true,"href":"https:\/\/eldiariodelaeducacion.com\/porotrapoliticaeducativa\/wp-json\/wp\/v2\/users\/200"}],"replies":[{"embeddable":true,"href":"https:\/\/eldiariodelaeducacion.com\/porotrapoliticaeducativa\/wp-json\/wp\/v2\/comments?post=1756"}],"version-history":[{"count":1,"href":"https:\/\/eldiariodelaeducacion.com\/porotrapoliticaeducativa\/wp-json\/wp\/v2\/posts\/1756\/revisions"}],"predecessor-version":[{"id":2493,"href":"https:\/\/eldiariodelaeducacion.com\/porotrapoliticaeducativa\/wp-json\/wp\/v2\/posts\/1756\/revisions\/2493"}],"wp:featuredmedia":[{"embeddable":true,"href":"https:\/\/eldiariodelaeducacion.com\/porotrapoliticaeducativa\/wp-json\/wp\/v2\/media\/1759"}],"wp:attachment":[{"href":"https:\/\/eldiariodelaeducacion.com\/porotrapoliticaeducativa\/wp-json\/wp\/v2\/media?parent=1756"}],"wp:term":[{"taxonomy":"category","embeddable":true,"href":"https:\/\/eldiariodelaeducacion.com\/porotrapoliticaeducativa\/wp-json\/wp\/v2\/categories?post=1756"},{"taxonomy":"post_tag","embeddable":true,"href":"https:\/\/eldiariodelaeducacion.com\/porotrapoliticaeducativa\/wp-json\/wp\/v2\/tags?post=1756"},{"taxonomy":"tipo","embeddable":true,"href":"https:\/\/eldiariodelaeducacion.com\/porotrapoliticaeducativa\/wp-json\/wp\/v2\/tipo?post=1756"}],"curies":[{"name":"wp","href":"https:\/\/api.w.org\/{rel}","templated":true}]}}