{"id":1828,"date":"2023-03-27T10:00:44","date_gmt":"2023-03-27T08:00:44","guid":{"rendered":"https:\/\/eldiariodelaeducacion.com\/porotrapoliticaeducativa\/?p=1828"},"modified":"2024-08-21T16:50:59","modified_gmt":"2024-08-21T14:50:59","slug":"sobre-la-reforma-de-la-formacion-inicial-del-magisterio-que-hay-de-lo-mio-o-que-profesorado-para-el-siglo-xxi","status":"publish","type":"post","link":"https:\/\/eldiariodelaeducacion.com\/porotrapoliticaeducativa\/2023\/03\/27\/sobre-la-reforma-de-la-formacion-inicial-del-magisterio-que-hay-de-lo-mio-o-que-profesorado-para-el-siglo-xxi\/","title":{"rendered":"Sobre la reforma de la formaci\u00f3n inicial del Magisterio \u00bfQu\u00e9 hay de lo m\u00edo? o \u00bfQu\u00e9 profesorado para el siglo XXI?"},"content":{"rendered":"<p>El Ministerio de Universidades ha sometido a audiencia e informaci\u00f3n p\u00fablica los borradores de \u00f3rdenes para establecer los requisitos para la verificaci\u00f3n de los Planes de los Grados de Infantil y Primaria. Una vez analizados los documentos, vemos, que m\u00e1s o menos, \u201ctodo sigue igual\u201d. Y el debate se est\u00e1 centrando en unos con una mirada corporativista, otros relami\u00e9ndose viendo que su \u00e1rea gana poder y otros que les importa poco la reforma ya que continuar\u00e1n haciendo lo de siempre. \u00bfEs esa la realidad que deseamos para el cambio del curr\u00edculum de magisterio? O \u00bftenemos que verlo como una oportunidad de reformar los estudios considerando que los tiempos han cambiado mucho?<\/p>\n<p>El profesorado del siglo XXI y, por tanto, su formaci\u00f3n, requiere saberes y maneras de hacer que, entre otras cosas, le faciliten el poder transmitir entusiasmo por el conocimiento, le permitan lograr que el alumnado aprenda y se desarrolle en los valores de la dignidad humana y la democracia. Por tanto, ha de tomar decisiones que tendr\u00e1n consecuencias sociales, \u00e9ticas y morales.<\/p>\n<p>En este contexto, la formaci\u00f3n inicial del profesorado no puede limitarse \u00fanicamente a una preparaci\u00f3n para una actividad t\u00e9cnico-pr\u00e1ctica de la docencia basada en asignaturas y cr\u00e9ditos de siempre con algunos maquillajes interesados, no sabemos de d\u00f3nde. Lo importante, en primer lugar, no son las asignaturas y los cr\u00e9ditos, sino la orientaci\u00f3n de los t\u00edtulos, la filosof\u00eda educativa y el enfoque pedag\u00f3gicos que tiene que haber en ellos. Y, posteriormente situar todo ello en un plan de estudios coherente con esas orientaciones. No al rev\u00e9s.<\/p>\n<p>Si nos detenemos en esa orientaci\u00f3n podemos encontrar, seg\u00fan nuestro punto de vista:<\/p>\n<ul>\n<li>una comprensi\u00f3n fundamentada de los aspectos te\u00f3ricos y pr\u00e1cticos de la educaci\u00f3n y de la en las perspectivas pedag\u00f3gica, sociol\u00f3gica, psicosocial y sociocomunitaria para saber contextualizarla;<\/li>\n<li>saber integrar y aplicar sus conocimientos y sus capacidades de tratamiento de problemas en entornos nuevos y multiculturales;<\/li>\n<li>desarrollar su competencia y capacidad docente adecu\u00e1ndose a la diversidad e inclusi\u00f3n del alumnado, entornos y necesidades desde una \u00e9tica de compromiso p\u00fablico, solidario y comunitario (no individualista e impersonal);<\/li>\n<li>predecir y controlar la evoluci\u00f3n de situaciones complejas mediante el desarrollo de metodolog\u00edas de trabajo tanto consolidadas y s\u00f3lidas, como nuevas e innovadoras;<\/li>\n<li>y desarrollar la autonom\u00eda suficiente para participar en proyectos de innovaci\u00f3n e investigaci\u00f3n de forma colaborativa en las instituciones educativas.<\/li>\n<\/ul>\n<p>Para desarrollar todo ello se necesitan dominar conocimientos de diferente tipolog\u00eda y usarlos para resolver situaciones concretas, que en el caso del profesorado son complejas y variadas.<\/p>\n<p>Es elemental que el nuevo desarrollo curricular de la formaci\u00f3n inicial es formar profesionales docentes con profundos conocimientos de las caracter\u00edsticas de los y las estudiantes de la etapa educativa y sus problem\u00e1ticas, capaces de desenvolverse en diferentes contextos (rural, urbano, multicultural), capaces de responder a los cambios sociales, culturales, cient\u00edficos y tecnol\u00f3gicos, que dominen las diversas materias y su relaci\u00f3n interdisciplinar y promocionen el desarrollo de habilidades, capaces de reflexionar sobre su pr\u00e1ctica y comprometidos con su profesi\u00f3n y con la sociedad.<\/p>\n<blockquote><p>La investigaci\u00f3n sobre la pr\u00e1ctica docente deber\u00eda convertirse en el eje de la formaci\u00f3n de docentes y en una competencia fundamental de su pr\u00e1ctica profesional.<\/p><\/blockquote>\n<p>Los estudios de formaci\u00f3n inicial del profesorado (magisterio) deben apostar de manera decidida y clara por una interdependencia real y fruct\u00edfera de la teor\u00eda y la pr\u00e1ctica, de la experiencia y la reflexi\u00f3n, la acci\u00f3n y la investigaci\u00f3n. Con propuestas de una extensa cooperaci\u00f3n y cogobernanza pedag\u00f3gica, acad\u00e9mica e institucional entre las potencialidades de las universidades innovadoras y las de los centros escolares de experimentaci\u00f3n e innovaci\u00f3n curricular. La investigaci\u00f3n sobre la pr\u00e1ctica docente deber\u00eda convertirse en el eje de la formaci\u00f3n de docentes y en una competencia fundamental de su pr\u00e1ctica profesional. Una pr\u00e1ctica educativa informada por la investigaci\u00f3n que incluye cuatro ejes fundamentales:<\/p>\n<ul>\n<li>la creaci\u00f3n de una compleja y cualificada red de escuelas y de docentes,<\/li>\n<li>la pr\u00e1ctica reflexiva y tutorizada,<\/li>\n<li>la investigaci\u00f3n-acci\u00f3n como estrategia prioritaria,<\/li>\n<li>y un enfoque curricular constructivista orientado al desarrollo de las capacidades o cualidades humanas clave.<\/li>\n<\/ul>\n<p>Es decir, una especial atenci\u00f3n a la necesaria traducci\u00f3n pr\u00e1ctica, cr\u00edtica y creativa de las comprensiones te\u00f3ricas complejas e interdisciplinares, en un contexto de trabajo colaborativo y de respeto a la diversidad, as\u00ed como a la discrepancia, para participar, liderar y construir proyectos comunes.<\/p>\n<blockquote><p>La propuesta que hace el Ministerio est\u00e1 inundada de racionalidad t\u00e9cnica de la formaci\u00f3n docente.<\/p><\/blockquote>\n<p>Hemos reivindicado durante mucho tiempo un enfoque reflexivo sobre la pr\u00e1ctica docente que concibe la ense\u00f1anza como un proceso de investigaci\u00f3n que analiza un problema de la experiencia inmediata, desarrolla una reflexi\u00f3n activa y cr\u00edtica, efectuada con el fin de resolver problemas. En la medida que se act\u00faa y se practica, se aprende o se va formando un conjunto de disposiciones adquiridas en y por la pr\u00e1ctica real que permiten hacer frente a los imponderables de la profesi\u00f3n de ense\u00f1ar. Se promueve as\u00ed una actitud cient\u00edfica, abierta y comprensiva frente a la realidad validada por el trabajo cotidiano.<\/p>\n<p>La propuesta que hace el Ministerio est\u00e1 inundada de racionalidad t\u00e9cnica de la formaci\u00f3n docente, que indica que las competencias se adquieren formando a los futuros profesores en los cl\u00e1sicos grandes bloques que se distribuyen a lo largo de la formaci\u00f3n inicial: las materias psicosociopedag\u00f3gicas, las did\u00e1cticas espec\u00edficas o aplicadas con mucho peso (aunque sabemos que en la pr\u00e1ctica de la formaci\u00f3n inicial no se hace mucha \u201cdid\u00e1ctica\u201d), y las habilidades pr\u00e1cticas (el pr\u00e1cticum) que se relacionan con las pr\u00e1cticas en las escuelas, que se supone que comportar\u00e1 el conocimiento pr\u00e1ctico y la aplicaci\u00f3n de las disciplinas b\u00e1sicas y aplicadas. Una gran falacia.<\/p>\n<p>Eso no es lo que queremos y hemos defendido durante muchos a\u00f1os. El curr\u00edculum se tendr\u00eda que establecer como una espiral que tiene como ejes clave los temas formativos (m\u00e1s all\u00e1 de las asignaturas) y una mayor flexibilidad curricular, y que los futuros docentes puedan recibir una visi\u00f3n hol\u00edstica y reflexiva de las materias, ya sean de contenido cient\u00edfico o psicopedag\u00f3gico, a partir del conocimiento y la reflexi\u00f3n sobre la teor\u00eda y la pr\u00e1ctica docente.<\/p>\n<blockquote><p>Una metodolog\u00eda que posibilite desarrollar a un pr\u00e1ctico reflexivo, m\u00e1s investigador y menos un profesorado normativo.<\/p><\/blockquote>\n<p>Los ejes clave (como alternativa al sumatorio de disciplinas que indican los documentos) alrededor de los que podr\u00edan girar los procesos formativos podr\u00edan ser:<\/p>\n<ul>\n<li>Recibir una formaci\u00f3n socio-human\u00edstica integral que fomente las destrezas de pensamiento, el desarrollo de los valores humanos, el compromiso \u00e9tico, la cultura c\u00edvica, la visi\u00f3n hist\u00f3rica, la honestidad profesional, la educaci\u00f3n moral, el aprecio de la diversidad, la solidaridad, la justicia y la capacidad cr\u00edtica.<\/li>\n<li>Una s\u00f3lida preparaci\u00f3n en la estructura sustantiva de las \u00e1reas de conocimiento que se van a ense\u00f1ar en la pr\u00e1ctica y que proporcione una apertura en la investigaci\u00f3n en estos campos del saber cu\u00e1ndo se desarrolle en la pr\u00e1ctica educativa.<\/li>\n<li>Conocimiento del funcionamiento del sistema educativo, historia, legislaci\u00f3n y movimientos de renovaci\u00f3n pedag\u00f3gica. Inspecci\u00f3n, servicios de apoyo, equipos multidisciplinares, evaluaci\u00f3n de resultados y estad\u00edsticas comparadas.<\/li>\n<li>Conocimientos psicosociopedag\u00f3gicos basados en los desarrollos actuales de los campos de conocimiento de las materias educativas. Aprender, analizar experiencias, conocimiento de la equidad social, los derechos de la infancia, de la inclusi\u00f3n, de la igualdad, de g\u00e9nero, del curr\u00edculum, del alumnado, de los procesos de aprendizaje y analizar innovaciones. Asumir una actitud positiva hacia el cambio, la innovaci\u00f3n y la apertura al entorno.<\/li>\n<li>Las competencias relacionadas con el ejercicio de la ense\u00f1anza a trav\u00e9s de un pr\u00e1cticum bajo la reflexi\u00f3n tutorizada con competencias en la formaci\u00f3n pr\u00e1ctica.<\/li>\n<li>Aprender con una metodolog\u00eda que desarrolle la colaboraci\u00f3n (hoy en d\u00eda las redes son imprescindibles), la cr\u00edtica, el trabajo con la comunidad, el aprender entre iguales, la comunicaci\u00f3n de los problemas, la inclusi\u00f3n social, el aprendizaje por proyectos, por problemas, el trabajar en peque\u00f1os grupos, el uso de las tecnolog\u00edas, etc. Y sobre todo la investigaci\u00f3n. Una metodolog\u00eda que posibilite desarrollar a un pr\u00e1ctico reflexivo, m\u00e1s investigador y menos un profesorado normativo.<\/li>\n<li>Y fomentar la investigaci\u00f3n de la pr\u00e1ctica para que aprendan a tomar decisiones, la reflexi\u00f3n y la cr\u00edtica, desarrollar los saberes m\u00ednimos requeridos para el inicio de la ense\u00f1anza, para evitar la angustia de la entrada a la profesi\u00f3n, este choque con la realidad, aprender como desenvolverse en la atenci\u00f3n a la diversidad y todo lo que esto implica, acercar la relaci\u00f3n teor\u00eda-pr\u00e1ctica, a sabiendas del que se hace, y situar la pr\u00e1ctica docente como eje nuclear de la formaci\u00f3n, entre otras cosas.<\/li>\n<\/ul>\n<p>Y para lo cual ser\u00eda necesario introducir ciertos componentes como establecer una formaci\u00f3n donde la escuela sea el lugar privilegiado para aprender a ense\u00f1ar, fomentar y repensar la relaci\u00f3n teor\u00eda-pr\u00e1ctica, as\u00ed como el trabajar en red e intercambiar buenas pr\u00e1cticas y experiencias educativas. La formaci\u00f3n del profesorado no puede abandonar o alejarse de la escuela.<\/p>\n<p>Y, entonces, podr\u00edamos distribuir las asignaturas en 5 bloques interrelacionados entre s\u00ed:<\/p>\n<p>a) <strong>Aprendizajes fundamentales<\/strong> relacionados con la psicolog\u00eda evolutiva de la infancia, historia de la educaci\u00f3n y de las corrientes pedag\u00f3gicas, sociolog\u00eda de la educaci\u00f3n, pol\u00edtica educativa como parte de las pol\u00edticas sociales y del bienestar, el pluralismo de actores y grupos de inter\u00e9s, el aprendizaje fuera de la escuela (aprendizaje servicio) y el papel educador de las familias y la comunidad.<\/p>\n<p>b) <strong>Aprendizajes curriculares<\/strong> relacionados con los conocimientos recogidos en los curr\u00edculos de las etapas educativas. Teor\u00edas de la ense\u00f1anza, del aprendizaje, desarrollo curricular, educaci\u00f3n comparada con otros sistemas, curr\u00edculo y programas europeos y de otros pa\u00edses. Garantizar un amplio conocimiento del curr\u00edculo de las diferentes etapas del sistema educativo.<\/p>\n<p>c) <strong>Aprendizajes pedag\u00f3gicos y did\u00e1cticos<\/strong> relacionados con los procesos de ense\u00f1anza-aprendizaje y los entornos educativos, adaptando las metodolog\u00edas en funci\u00f3n de su complejidad socioeducativa.<\/p>\n<ul>\n<li>Referidas a las did\u00e1cticas, al dise\u00f1o, planificaci\u00f3n, implementaci\u00f3n y evaluaci\u00f3n de procesos de ense\u00f1anza aprendizaje, a las funciones de tutor\u00eda y orientaci\u00f3n del aprendizaje de los alumnos, a la digitalizaci\u00f3n y recursos, a la dinamizaci\u00f3n y creaci\u00f3n del clima de aula para promover una convivencia respetuosa y pac\u00edfica; a la atenci\u00f3n a la diversidad del alumnado, desde la perspectiva de inclusi\u00f3n y compensaci\u00f3n; en general todas aquellas funciones que garantizan el progreso individual, grupal y el desarrollo social de todo el alumnado, atendiendo a la diversidad de entornos y de complejidad socio-educativa de los centros.<\/li>\n<li>Desarrollar metodolog\u00edas alineadas para un buen desempe\u00f1o docente en la escuela actual, integrando la pr\u00e1ctica reflexiva y la cultura de la evaluaci\u00f3n en su tarea y concibiendo la escuela como una organizaci\u00f3n que aprende. Garantizar que el futuro docente disponga de conocimientos y competencias suficientes para implicarse en experiencias de innovaci\u00f3n e investigaci\u00f3n en el aula; y fomentar la lectura cient\u00edfica sobre los avances de las disciplinas afines a su actividad.<\/li>\n<\/ul>\n<p>d) <strong>Conocimiento profesional de la instituci\u00f3n educativa. <\/strong>Organizaci\u00f3n, territorio y gesti\u00f3n escolar. Procesos de admisi\u00f3n y segregaci\u00f3n escolar. Ciudades educadoras, redes de centros y otros agentes educadores. Incluimos aqu\u00ed las funciones que suponen una participaci\u00f3n en la vida del centro, como miembros del claustro, como miembros de los equipos docentes correspondientes, como miembros del Consejo Escolar del centro; funciones para la elaboraci\u00f3n y desarrollo de los proyectos de centro y trabajo con la comunidad, y en general la coordinaci\u00f3n y colaboraci\u00f3n activa con todos los colegas. Se incluyen en este apartado todas funciones del equipo directivo del centro. Ser\u00e1 importante aprender a interpretar los comportamientos y deseos del alumnado, del funcionamiento y las culturas espec\u00edficas de una organizaci\u00f3n de padres y madres, de la complejidad cultural y las relaciones en un claustro de profesores y profesoras o el tiempo de trabajo requerido en muchas actividades del centro. As\u00ed como el conocimiento del ecosistema de renovaci\u00f3n pedag\u00f3gica, revistas profesionales y redes de profesorado.<\/p>\n<p>e) <strong>El pr\u00e1cticum<\/strong><\/p>\n<p>Creemos que puede haber una gran confusi\u00f3n en los planteamientos epistemol\u00f3gicos de que se entiende por teor\u00eda y que se entiende por pr\u00e1ctica educativa. El conocimiento que los estudiantes adquieren durante las pr\u00e1cticas profesionales externas no se puede entender sin tener en cuenta el contexto donde tiene lugar, un contexto que va m\u00e1s all\u00e1 de las caracter\u00edsticas f\u00edsicas y laborales de la educaci\u00f3n que pueden aprender muy r\u00e1pido cuando se inserten en el sistema educativo.<\/p>\n<p>Planificar su realizaci\u00f3n durante todo el Grado, no a su finalizaci\u00f3n (ya existen experiencias en Espa\u00f1a y en diversos pa\u00edses). De esta forma la experiencia del periodo de pr\u00e1cticas se interacciona con las actividades acad\u00e9micas enriqueci\u00e9ndose mutuamente (los estudiantes entender\u00e1n mejor lo que se les explica en clases y seminarios y estos los servir\u00e1n para entender mejor lo que est\u00e1n viviendo y haciendo en las pr\u00e1cticas).<\/p>\n<blockquote><p>El pr\u00e1cticum podr\u00eda convertirse en un eje de organizaci\u00f3n de todo el proceso formativo.<\/p><\/blockquote>\n<p>Relacionarlo con las otras asignaturas del curso. El pr\u00e1cticum no tiene que funcionar como un episodio aislado. Cuando se planifican las otras materias (anteriores, simult\u00e1neas y posteriores) tendr\u00eda que hacerse menci\u00f3n expl\u00edcita a su relaci\u00f3n con el pr\u00e1cticum. El pr\u00e1cticum podr\u00eda convertirse en un eje de organizaci\u00f3n de todo el proceso formativo.<\/p>\n<p>Vinculaci\u00f3n m\u00e1s sustantiva con algunas asignaturas. La relaci\u00f3n con las otras materias a las cuales se alud\u00eda antes no tiene por qu\u00e9 ser igual en todos los casos. Algunas de ellas permiten una conexi\u00f3n mucho m\u00e1s profunda pudiendo establecerse espacios curriculares comunes entre estas materias y el pr\u00e1cticum (trabajos conjuntos, debates, etc.).<\/p>\n<p>Promover situaciones de aprendizaje y docencia que predisponga al futuro docente para el trabajo colaborativo en equipos docentes, en redes y comunidades de profesionales, colaborando con el resto de las profesionales de un centro y estableciendo v\u00ednculos con la comunidad educativa como un factor relevante del proceso educativo.<\/p>\n<p>Y no volver a las menciones. No se aprende una especialidad en unas cuantas asignaturas fragmentadas. Formar generalistas y dejar la especializaci\u00f3n para master voluntarios posteriores al Grado.<\/p>\n<p>Con la propuesta que se hace no se modifican los estudios de magisterio. Y ser\u00eda una l\u00e1stima perder esa oportunidad.<\/p>\n","protected":false},"excerpt":{"rendered":"<p>El Ministerio de Universidades ha sometido a audiencia e informaci\u00f3n p\u00fablica los borradores de \u00f3rdenes para establecer los requisitos para la verificaci\u00f3n de los Planes de los Grados de Infantil y Primaria. Una vez analizados los documentos, vemos, que m\u00e1s o menos, \u201ctodo sigue igual\u201d. Y el debate se est\u00e1 centrando en unos con una<\/p>\n","protected":false},"author":208,"featured_media":1848,"comment_status":"open","ping_status":"closed","sticky":false,"template":"","format":"standard","meta":{"footnotes":""},"categories":[18],"tags":[53,30,34,26],"tipo":[96],"class_list":{"0":"post-1828","1":"post","2":"type-post","3":"status-publish","4":"format-standard","5":"has-post-thumbnail","7":"category-por-otra-politica-educativa","8":"tag-formacion-del-profesorado","9":"tag-lomloe","10":"tag-profesorado","11":"tag-reformas-educativas","12":"tipo-analisis"},"yoast_head":"<!-- This site is optimized with the Yoast SEO plugin v27.5 - https:\/\/yoast.com\/product\/yoast-seo-wordpress\/ -->\n<title>Sobre la reforma de la formaci\u00f3n inicial del Magisterio \u00bfQu\u00e9 hay de lo m\u00edo? o \u00bfQu\u00e9 profesorado para el siglo XXI? - Por otra pol\u00edtica educativa. Foro de Sevilla.<\/title>\n<meta name=\"description\" content=\"Alegaciones dirigidas al Ministerio de Universidades sobre los proyectos de \u00f3rdenes que establecen los requisitos de los planes de estudios para el ejercicio de la profesi\u00f3n de maestra\/o en educaci\u00f3n infantil y de maestra\/o en educaci\u00f3n primaria.\" \/>\n<meta name=\"robots\" content=\"index, follow, max-snippet:-1, max-image-preview:large, max-video-preview:-1\" \/>\n<link rel=\"canonical\" href=\"https:\/\/eldiariodelaeducacion.com\/porotrapoliticaeducativa\/2023\/03\/27\/sobre-la-reforma-de-la-formacion-inicial-del-magisterio-que-hay-de-lo-mio-o-que-profesorado-para-el-siglo-xxi\/\" \/>\n<meta property=\"og:locale\" content=\"es_ES\" \/>\n<meta property=\"og:type\" content=\"article\" \/>\n<meta property=\"og:title\" content=\"Sobre la reforma de la formaci\u00f3n inicial del magisterio \u00bfQu\u00e9 hay de lo m\u00edo? o \u00bfQu\u00e9 profesorado para el siglo XXI? - Por otra pol\u00edtica educativa. Foro de Sevilla\" \/>\n<meta property=\"og:description\" content=\"Alegaciones dirigidas al Ministerio de Universidades sobre los proyectos de \u00f3rdenes que establecen los requisitos de los planes de estudios para el ejercicio de la profesi\u00f3n de maestra\/o en educaci\u00f3n infantil y de maestra\/o en educaci\u00f3n primaria.\" \/>\n<meta property=\"og:url\" content=\"https:\/\/eldiariodelaeducacion.com\/porotrapoliticaeducativa\/2023\/03\/27\/sobre-la-reforma-de-la-formacion-inicial-del-magisterio-que-hay-de-lo-mio-o-que-profesorado-para-el-siglo-xxi\/\" \/>\n<meta property=\"og:site_name\" content=\"Por otra pol\u00edtica educativa. Foro de Sevilla.\" \/>\n<meta property=\"article:published_time\" content=\"2023-03-27T08:00:44+00:00\" \/>\n<meta property=\"article:modified_time\" content=\"2024-08-21T14:50:59+00:00\" \/>\n<meta property=\"og:image\" content=\"https:\/\/eldiariodelaeducacion.com\/porotrapoliticaeducativa\/wp-content\/uploads\/sites\/21\/2023\/03\/portada2.jpg\" \/>\n\t<meta property=\"og:image:width\" content=\"1440\" \/>\n\t<meta property=\"og:image:height\" content=\"1314\" \/>\n\t<meta property=\"og:image:type\" content=\"image\/jpeg\" \/>\n<meta name=\"author\" content=\"Com. Permanente. \u201cPor otra pol\u00edtica educativa. Foro de Sevilla\u201d\" \/>\n<meta name=\"twitter:card\" content=\"summary_large_image\" \/>\n<meta name=\"twitter:description\" content=\"Alegaciones dirigidas al Ministerio de Universidades sobre los proyectos de \u00f3rdenes que establecen los requisitos de los planes de estudios para el ejercicio de la profesi\u00f3n de maestra\/o en educaci\u00f3n infantil y de maestra\/o en educaci\u00f3n primaria.\" \/>\n<meta name=\"twitter:label1\" content=\"Escrito por\" \/>\n\t<meta name=\"twitter:data1\" content=\"Com. Permanente. \u201cPor otra pol\u00edtica educativa. Foro de Sevilla\u201d\" \/>\n\t<meta name=\"twitter:label2\" content=\"Tiempo de lectura\" \/>\n\t<meta name=\"twitter:data2\" content=\"13 minutos\" \/>\n<script type=\"application\/ld+json\" class=\"yoast-schema-graph\">{\"@context\":\"https:\\\/\\\/schema.org\",\"@graph\":[{\"@type\":\"Article\",\"@id\":\"https:\\\/\\\/eldiariodelaeducacion.com\\\/porotrapoliticaeducativa\\\/2023\\\/03\\\/27\\\/sobre-la-reforma-de-la-formacion-inicial-del-magisterio-que-hay-de-lo-mio-o-que-profesorado-para-el-siglo-xxi\\\/#article\",\"isPartOf\":{\"@id\":\"https:\\\/\\\/eldiariodelaeducacion.com\\\/porotrapoliticaeducativa\\\/2023\\\/03\\\/27\\\/sobre-la-reforma-de-la-formacion-inicial-del-magisterio-que-hay-de-lo-mio-o-que-profesorado-para-el-siglo-xxi\\\/\"},\"author\":{\"name\":\"Com. Permanente. \u201cPor otra pol\u00edtica educativa. Foro de Sevilla\u201d\",\"@id\":\"https:\\\/\\\/eldiariodelaeducacion.com\\\/porotrapoliticaeducativa\\\/#\\\/schema\\\/person\\\/f764e366788e25aa691ea918682bd80d\"},\"headline\":\"Sobre la reforma de la formaci\u00f3n inicial del Magisterio \u00bfQu\u00e9 hay de lo m\u00edo? o \u00bfQu\u00e9 profesorado para el siglo XXI?\",\"datePublished\":\"2023-03-27T08:00:44+00:00\",\"dateModified\":\"2024-08-21T14:50:59+00:00\",\"mainEntityOfPage\":{\"@id\":\"https:\\\/\\\/eldiariodelaeducacion.com\\\/porotrapoliticaeducativa\\\/2023\\\/03\\\/27\\\/sobre-la-reforma-de-la-formacion-inicial-del-magisterio-que-hay-de-lo-mio-o-que-profesorado-para-el-siglo-xxi\\\/\"},\"wordCount\":2593,\"commentCount\":0,\"image\":{\"@id\":\"https:\\\/\\\/eldiariodelaeducacion.com\\\/porotrapoliticaeducativa\\\/2023\\\/03\\\/27\\\/sobre-la-reforma-de-la-formacion-inicial-del-magisterio-que-hay-de-lo-mio-o-que-profesorado-para-el-siglo-xxi\\\/#primaryimage\"},\"thumbnailUrl\":\"https:\\\/\\\/eldiariodelaeducacion.com\\\/porotrapoliticaeducativa\\\/wp-content\\\/uploads\\\/sites\\\/21\\\/2023\\\/03\\\/portada2.jpg\",\"keywords\":[\"Formaci\u00f3n del profesorado\",\"LOMLOE\",\"Profesorado\",\"Reformas educativas\"],\"articleSection\":[\"Por otra pol\u00edtica educativa. Foro de Sevilla\"],\"inLanguage\":\"es\",\"potentialAction\":[{\"@type\":\"CommentAction\",\"name\":\"Comment\",\"target\":[\"https:\\\/\\\/eldiariodelaeducacion.com\\\/porotrapoliticaeducativa\\\/2023\\\/03\\\/27\\\/sobre-la-reforma-de-la-formacion-inicial-del-magisterio-que-hay-de-lo-mio-o-que-profesorado-para-el-siglo-xxi\\\/#respond\"]}]},{\"@type\":\"WebPage\",\"@id\":\"https:\\\/\\\/eldiariodelaeducacion.com\\\/porotrapoliticaeducativa\\\/2023\\\/03\\\/27\\\/sobre-la-reforma-de-la-formacion-inicial-del-magisterio-que-hay-de-lo-mio-o-que-profesorado-para-el-siglo-xxi\\\/\",\"url\":\"https:\\\/\\\/eldiariodelaeducacion.com\\\/porotrapoliticaeducativa\\\/2023\\\/03\\\/27\\\/sobre-la-reforma-de-la-formacion-inicial-del-magisterio-que-hay-de-lo-mio-o-que-profesorado-para-el-siglo-xxi\\\/\",\"name\":\"Sobre la reforma de la formaci\u00f3n inicial del Magisterio \u00bfQu\u00e9 hay de lo m\u00edo? o \u00bfQu\u00e9 profesorado para el siglo XXI? - Por otra pol\u00edtica educativa. Foro de Sevilla.\",\"isPartOf\":{\"@id\":\"https:\\\/\\\/eldiariodelaeducacion.com\\\/porotrapoliticaeducativa\\\/#website\"},\"primaryImageOfPage\":{\"@id\":\"https:\\\/\\\/eldiariodelaeducacion.com\\\/porotrapoliticaeducativa\\\/2023\\\/03\\\/27\\\/sobre-la-reforma-de-la-formacion-inicial-del-magisterio-que-hay-de-lo-mio-o-que-profesorado-para-el-siglo-xxi\\\/#primaryimage\"},\"image\":{\"@id\":\"https:\\\/\\\/eldiariodelaeducacion.com\\\/porotrapoliticaeducativa\\\/2023\\\/03\\\/27\\\/sobre-la-reforma-de-la-formacion-inicial-del-magisterio-que-hay-de-lo-mio-o-que-profesorado-para-el-siglo-xxi\\\/#primaryimage\"},\"thumbnailUrl\":\"https:\\\/\\\/eldiariodelaeducacion.com\\\/porotrapoliticaeducativa\\\/wp-content\\\/uploads\\\/sites\\\/21\\\/2023\\\/03\\\/portada2.jpg\",\"datePublished\":\"2023-03-27T08:00:44+00:00\",\"dateModified\":\"2024-08-21T14:50:59+00:00\",\"author\":{\"@id\":\"https:\\\/\\\/eldiariodelaeducacion.com\\\/porotrapoliticaeducativa\\\/#\\\/schema\\\/person\\\/f764e366788e25aa691ea918682bd80d\"},\"description\":\"Alegaciones dirigidas al Ministerio de Universidades sobre los proyectos de \u00f3rdenes que establecen los requisitos de los planes de estudios para el ejercicio de la profesi\u00f3n de maestra\\\/o en educaci\u00f3n infantil y de maestra\\\/o en educaci\u00f3n primaria.\",\"breadcrumb\":{\"@id\":\"https:\\\/\\\/eldiariodelaeducacion.com\\\/porotrapoliticaeducativa\\\/2023\\\/03\\\/27\\\/sobre-la-reforma-de-la-formacion-inicial-del-magisterio-que-hay-de-lo-mio-o-que-profesorado-para-el-siglo-xxi\\\/#breadcrumb\"},\"inLanguage\":\"es\",\"potentialAction\":[{\"@type\":\"ReadAction\",\"target\":[\"https:\\\/\\\/eldiariodelaeducacion.com\\\/porotrapoliticaeducativa\\\/2023\\\/03\\\/27\\\/sobre-la-reforma-de-la-formacion-inicial-del-magisterio-que-hay-de-lo-mio-o-que-profesorado-para-el-siglo-xxi\\\/\"]}]},{\"@type\":\"ImageObject\",\"inLanguage\":\"es\",\"@id\":\"https:\\\/\\\/eldiariodelaeducacion.com\\\/porotrapoliticaeducativa\\\/2023\\\/03\\\/27\\\/sobre-la-reforma-de-la-formacion-inicial-del-magisterio-que-hay-de-lo-mio-o-que-profesorado-para-el-siglo-xxi\\\/#primaryimage\",\"url\":\"https:\\\/\\\/eldiariodelaeducacion.com\\\/porotrapoliticaeducativa\\\/wp-content\\\/uploads\\\/sites\\\/21\\\/2023\\\/03\\\/portada2.jpg\",\"contentUrl\":\"https:\\\/\\\/eldiariodelaeducacion.com\\\/porotrapoliticaeducativa\\\/wp-content\\\/uploads\\\/sites\\\/21\\\/2023\\\/03\\\/portada2.jpg\",\"width\":1440,\"height\":1314,\"caption\":\"Ilustraci\u00f3n cedida por Joseba G. Plazuelo\"},{\"@type\":\"BreadcrumbList\",\"@id\":\"https:\\\/\\\/eldiariodelaeducacion.com\\\/porotrapoliticaeducativa\\\/2023\\\/03\\\/27\\\/sobre-la-reforma-de-la-formacion-inicial-del-magisterio-que-hay-de-lo-mio-o-que-profesorado-para-el-siglo-xxi\\\/#breadcrumb\",\"itemListElement\":[{\"@type\":\"ListItem\",\"position\":1,\"name\":\"Portada\",\"item\":\"https:\\\/\\\/eldiariodelaeducacion.com\\\/porotrapoliticaeducativa\\\/\"},{\"@type\":\"ListItem\",\"position\":2,\"name\":\"Sobre la reforma de la formaci\u00f3n inicial del Magisterio \u00bfQu\u00e9 hay de lo m\u00edo? o \u00bfQu\u00e9 profesorado para el siglo XXI?\"}]},{\"@type\":\"WebSite\",\"@id\":\"https:\\\/\\\/eldiariodelaeducacion.com\\\/porotrapoliticaeducativa\\\/#website\",\"url\":\"https:\\\/\\\/eldiariodelaeducacion.com\\\/porotrapoliticaeducativa\\\/\",\"name\":\"Por otra pol\u00edtica educativa. Foro de Sevilla.\",\"description\":\"Un blog de El Diario de la Educaci\u00f3n\",\"potentialAction\":[{\"@type\":\"SearchAction\",\"target\":{\"@type\":\"EntryPoint\",\"urlTemplate\":\"https:\\\/\\\/eldiariodelaeducacion.com\\\/porotrapoliticaeducativa\\\/?s={search_term_string}\"},\"query-input\":{\"@type\":\"PropertyValueSpecification\",\"valueRequired\":true,\"valueName\":\"search_term_string\"}}],\"inLanguage\":\"es\"},{\"@type\":\"Person\",\"@id\":\"https:\\\/\\\/eldiariodelaeducacion.com\\\/porotrapoliticaeducativa\\\/#\\\/schema\\\/person\\\/f764e366788e25aa691ea918682bd80d\",\"name\":\"Com. Permanente. \u201cPor otra pol\u00edtica educativa. Foro de Sevilla\u201d\",\"image\":{\"@type\":\"ImageObject\",\"inLanguage\":\"es\",\"@id\":\"https:\\\/\\\/eldiariodelaeducacion.com\\\/porotrapoliticaeducativa\\\/wp-content\\\/uploads\\\/sites\\\/21\\\/2024\\\/11\\\/com.-permanente.-por-otra-politica-educativa.-foro-de-sevilla_avatar-96x96.jpeg\",\"url\":\"https:\\\/\\\/eldiariodelaeducacion.com\\\/porotrapoliticaeducativa\\\/wp-content\\\/uploads\\\/sites\\\/21\\\/2024\\\/11\\\/com.-permanente.-por-otra-politica-educativa.-foro-de-sevilla_avatar-96x96.jpeg\",\"contentUrl\":\"https:\\\/\\\/eldiariodelaeducacion.com\\\/porotrapoliticaeducativa\\\/wp-content\\\/uploads\\\/sites\\\/21\\\/2024\\\/11\\\/com.-permanente.-por-otra-politica-educativa.-foro-de-sevilla_avatar-96x96.jpeg\",\"caption\":\"Com. Permanente. \u201cPor otra pol\u00edtica educativa. Foro de Sevilla\u201d\"},\"description\":\"Colectivo de profesionales, ligados a la docencia, la reflexi\u00f3n y la investigaci\u00f3n en el campo de las ciencias de la educaci\u00f3n, preocupados por el deterioro de nuestro sistema escolar y el desarrollo de pol\u00edticas err\u00e1ticas y privatizadoras del derecho a la educaci\u00f3n.\",\"url\":\"https:\\\/\\\/eldiariodelaeducacion.com\\\/porotrapoliticaeducativa\\\/author\\\/comisionpermanente\\\/\"}]}<\/script>\n<!-- \/ Yoast SEO plugin. -->","yoast_head_json":{"title":"Sobre la reforma de la formaci\u00f3n inicial del Magisterio \u00bfQu\u00e9 hay de lo m\u00edo? o \u00bfQu\u00e9 profesorado para el siglo XXI? - Por otra pol\u00edtica educativa. Foro de Sevilla.","description":"Alegaciones dirigidas al Ministerio de Universidades sobre los proyectos de \u00f3rdenes que establecen los requisitos de los planes de estudios para el ejercicio de la profesi\u00f3n de maestra\/o en educaci\u00f3n infantil y de maestra\/o en educaci\u00f3n primaria.","robots":{"index":"index","follow":"follow","max-snippet":"max-snippet:-1","max-image-preview":"max-image-preview:large","max-video-preview":"max-video-preview:-1"},"canonical":"https:\/\/eldiariodelaeducacion.com\/porotrapoliticaeducativa\/2023\/03\/27\/sobre-la-reforma-de-la-formacion-inicial-del-magisterio-que-hay-de-lo-mio-o-que-profesorado-para-el-siglo-xxi\/","og_locale":"es_ES","og_type":"article","og_title":"Sobre la reforma de la formaci\u00f3n inicial del magisterio \u00bfQu\u00e9 hay de lo m\u00edo? o \u00bfQu\u00e9 profesorado para el siglo XXI? - Por otra pol\u00edtica educativa. Foro de Sevilla","og_description":"Alegaciones dirigidas al Ministerio de Universidades sobre los proyectos de \u00f3rdenes que establecen los requisitos de los planes de estudios para el ejercicio de la profesi\u00f3n de maestra\/o en educaci\u00f3n infantil y de maestra\/o en educaci\u00f3n primaria.","og_url":"https:\/\/eldiariodelaeducacion.com\/porotrapoliticaeducativa\/2023\/03\/27\/sobre-la-reforma-de-la-formacion-inicial-del-magisterio-que-hay-de-lo-mio-o-que-profesorado-para-el-siglo-xxi\/","og_site_name":"Por otra pol\u00edtica educativa. Foro de Sevilla.","article_published_time":"2023-03-27T08:00:44+00:00","article_modified_time":"2024-08-21T14:50:59+00:00","og_image":[{"width":1440,"height":1314,"url":"https:\/\/eldiariodelaeducacion.com\/porotrapoliticaeducativa\/wp-content\/uploads\/sites\/21\/2023\/03\/portada2.jpg","type":"image\/jpeg"}],"author":"Com. Permanente. \u201cPor otra pol\u00edtica educativa. Foro de Sevilla\u201d","twitter_card":"summary_large_image","twitter_description":"Alegaciones dirigidas al Ministerio de Universidades sobre los proyectos de \u00f3rdenes que establecen los requisitos de los planes de estudios para el ejercicio de la profesi\u00f3n de maestra\/o en educaci\u00f3n infantil y de maestra\/o en educaci\u00f3n primaria.","twitter_misc":{"Escrito por":"Com. Permanente. \u201cPor otra pol\u00edtica educativa. Foro de Sevilla\u201d","Tiempo de lectura":"13 minutos"},"schema":{"@context":"https:\/\/schema.org","@graph":[{"@type":"Article","@id":"https:\/\/eldiariodelaeducacion.com\/porotrapoliticaeducativa\/2023\/03\/27\/sobre-la-reforma-de-la-formacion-inicial-del-magisterio-que-hay-de-lo-mio-o-que-profesorado-para-el-siglo-xxi\/#article","isPartOf":{"@id":"https:\/\/eldiariodelaeducacion.com\/porotrapoliticaeducativa\/2023\/03\/27\/sobre-la-reforma-de-la-formacion-inicial-del-magisterio-que-hay-de-lo-mio-o-que-profesorado-para-el-siglo-xxi\/"},"author":{"name":"Com. Permanente. \u201cPor otra pol\u00edtica educativa. Foro de Sevilla\u201d","@id":"https:\/\/eldiariodelaeducacion.com\/porotrapoliticaeducativa\/#\/schema\/person\/f764e366788e25aa691ea918682bd80d"},"headline":"Sobre la reforma de la formaci\u00f3n inicial del Magisterio \u00bfQu\u00e9 hay de lo m\u00edo? o \u00bfQu\u00e9 profesorado para el siglo XXI?","datePublished":"2023-03-27T08:00:44+00:00","dateModified":"2024-08-21T14:50:59+00:00","mainEntityOfPage":{"@id":"https:\/\/eldiariodelaeducacion.com\/porotrapoliticaeducativa\/2023\/03\/27\/sobre-la-reforma-de-la-formacion-inicial-del-magisterio-que-hay-de-lo-mio-o-que-profesorado-para-el-siglo-xxi\/"},"wordCount":2593,"commentCount":0,"image":{"@id":"https:\/\/eldiariodelaeducacion.com\/porotrapoliticaeducativa\/2023\/03\/27\/sobre-la-reforma-de-la-formacion-inicial-del-magisterio-que-hay-de-lo-mio-o-que-profesorado-para-el-siglo-xxi\/#primaryimage"},"thumbnailUrl":"https:\/\/eldiariodelaeducacion.com\/porotrapoliticaeducativa\/wp-content\/uploads\/sites\/21\/2023\/03\/portada2.jpg","keywords":["Formaci\u00f3n del profesorado","LOMLOE","Profesorado","Reformas educativas"],"articleSection":["Por otra pol\u00edtica educativa. Foro de Sevilla"],"inLanguage":"es","potentialAction":[{"@type":"CommentAction","name":"Comment","target":["https:\/\/eldiariodelaeducacion.com\/porotrapoliticaeducativa\/2023\/03\/27\/sobre-la-reforma-de-la-formacion-inicial-del-magisterio-que-hay-de-lo-mio-o-que-profesorado-para-el-siglo-xxi\/#respond"]}]},{"@type":"WebPage","@id":"https:\/\/eldiariodelaeducacion.com\/porotrapoliticaeducativa\/2023\/03\/27\/sobre-la-reforma-de-la-formacion-inicial-del-magisterio-que-hay-de-lo-mio-o-que-profesorado-para-el-siglo-xxi\/","url":"https:\/\/eldiariodelaeducacion.com\/porotrapoliticaeducativa\/2023\/03\/27\/sobre-la-reforma-de-la-formacion-inicial-del-magisterio-que-hay-de-lo-mio-o-que-profesorado-para-el-siglo-xxi\/","name":"Sobre la reforma de la formaci\u00f3n inicial del Magisterio \u00bfQu\u00e9 hay de lo m\u00edo? o \u00bfQu\u00e9 profesorado para el siglo XXI? - Por otra pol\u00edtica educativa. Foro de Sevilla.","isPartOf":{"@id":"https:\/\/eldiariodelaeducacion.com\/porotrapoliticaeducativa\/#website"},"primaryImageOfPage":{"@id":"https:\/\/eldiariodelaeducacion.com\/porotrapoliticaeducativa\/2023\/03\/27\/sobre-la-reforma-de-la-formacion-inicial-del-magisterio-que-hay-de-lo-mio-o-que-profesorado-para-el-siglo-xxi\/#primaryimage"},"image":{"@id":"https:\/\/eldiariodelaeducacion.com\/porotrapoliticaeducativa\/2023\/03\/27\/sobre-la-reforma-de-la-formacion-inicial-del-magisterio-que-hay-de-lo-mio-o-que-profesorado-para-el-siglo-xxi\/#primaryimage"},"thumbnailUrl":"https:\/\/eldiariodelaeducacion.com\/porotrapoliticaeducativa\/wp-content\/uploads\/sites\/21\/2023\/03\/portada2.jpg","datePublished":"2023-03-27T08:00:44+00:00","dateModified":"2024-08-21T14:50:59+00:00","author":{"@id":"https:\/\/eldiariodelaeducacion.com\/porotrapoliticaeducativa\/#\/schema\/person\/f764e366788e25aa691ea918682bd80d"},"description":"Alegaciones dirigidas al Ministerio de Universidades sobre los proyectos de \u00f3rdenes que establecen los requisitos de los planes de estudios para el ejercicio de la profesi\u00f3n de maestra\/o en educaci\u00f3n infantil y de maestra\/o en educaci\u00f3n primaria.","breadcrumb":{"@id":"https:\/\/eldiariodelaeducacion.com\/porotrapoliticaeducativa\/2023\/03\/27\/sobre-la-reforma-de-la-formacion-inicial-del-magisterio-que-hay-de-lo-mio-o-que-profesorado-para-el-siglo-xxi\/#breadcrumb"},"inLanguage":"es","potentialAction":[{"@type":"ReadAction","target":["https:\/\/eldiariodelaeducacion.com\/porotrapoliticaeducativa\/2023\/03\/27\/sobre-la-reforma-de-la-formacion-inicial-del-magisterio-que-hay-de-lo-mio-o-que-profesorado-para-el-siglo-xxi\/"]}]},{"@type":"ImageObject","inLanguage":"es","@id":"https:\/\/eldiariodelaeducacion.com\/porotrapoliticaeducativa\/2023\/03\/27\/sobre-la-reforma-de-la-formacion-inicial-del-magisterio-que-hay-de-lo-mio-o-que-profesorado-para-el-siglo-xxi\/#primaryimage","url":"https:\/\/eldiariodelaeducacion.com\/porotrapoliticaeducativa\/wp-content\/uploads\/sites\/21\/2023\/03\/portada2.jpg","contentUrl":"https:\/\/eldiariodelaeducacion.com\/porotrapoliticaeducativa\/wp-content\/uploads\/sites\/21\/2023\/03\/portada2.jpg","width":1440,"height":1314,"caption":"Ilustraci\u00f3n cedida por Joseba G. Plazuelo"},{"@type":"BreadcrumbList","@id":"https:\/\/eldiariodelaeducacion.com\/porotrapoliticaeducativa\/2023\/03\/27\/sobre-la-reforma-de-la-formacion-inicial-del-magisterio-que-hay-de-lo-mio-o-que-profesorado-para-el-siglo-xxi\/#breadcrumb","itemListElement":[{"@type":"ListItem","position":1,"name":"Portada","item":"https:\/\/eldiariodelaeducacion.com\/porotrapoliticaeducativa\/"},{"@type":"ListItem","position":2,"name":"Sobre la reforma de la formaci\u00f3n inicial del Magisterio \u00bfQu\u00e9 hay de lo m\u00edo? o \u00bfQu\u00e9 profesorado para el siglo XXI?"}]},{"@type":"WebSite","@id":"https:\/\/eldiariodelaeducacion.com\/porotrapoliticaeducativa\/#website","url":"https:\/\/eldiariodelaeducacion.com\/porotrapoliticaeducativa\/","name":"Por otra pol\u00edtica educativa. Foro de Sevilla.","description":"Un blog de El Diario de la Educaci\u00f3n","potentialAction":[{"@type":"SearchAction","target":{"@type":"EntryPoint","urlTemplate":"https:\/\/eldiariodelaeducacion.com\/porotrapoliticaeducativa\/?s={search_term_string}"},"query-input":{"@type":"PropertyValueSpecification","valueRequired":true,"valueName":"search_term_string"}}],"inLanguage":"es"},{"@type":"Person","@id":"https:\/\/eldiariodelaeducacion.com\/porotrapoliticaeducativa\/#\/schema\/person\/f764e366788e25aa691ea918682bd80d","name":"Com. Permanente. \u201cPor otra pol\u00edtica educativa. Foro de Sevilla\u201d","image":{"@type":"ImageObject","inLanguage":"es","@id":"https:\/\/eldiariodelaeducacion.com\/porotrapoliticaeducativa\/wp-content\/uploads\/sites\/21\/2024\/11\/com.-permanente.-por-otra-politica-educativa.-foro-de-sevilla_avatar-96x96.jpeg","url":"https:\/\/eldiariodelaeducacion.com\/porotrapoliticaeducativa\/wp-content\/uploads\/sites\/21\/2024\/11\/com.-permanente.-por-otra-politica-educativa.-foro-de-sevilla_avatar-96x96.jpeg","contentUrl":"https:\/\/eldiariodelaeducacion.com\/porotrapoliticaeducativa\/wp-content\/uploads\/sites\/21\/2024\/11\/com.-permanente.-por-otra-politica-educativa.-foro-de-sevilla_avatar-96x96.jpeg","caption":"Com. Permanente. \u201cPor otra pol\u00edtica educativa. Foro de Sevilla\u201d"},"description":"Colectivo de profesionales, ligados a la docencia, la reflexi\u00f3n y la investigaci\u00f3n en el campo de las ciencias de la educaci\u00f3n, preocupados por el deterioro de nuestro sistema escolar y el desarrollo de pol\u00edticas err\u00e1ticas y privatizadoras del derecho a la educaci\u00f3n.","url":"https:\/\/eldiariodelaeducacion.com\/porotrapoliticaeducativa\/author\/comisionpermanente\/"}]}},"_links":{"self":[{"href":"https:\/\/eldiariodelaeducacion.com\/porotrapoliticaeducativa\/wp-json\/wp\/v2\/posts\/1828","targetHints":{"allow":["GET"]}}],"collection":[{"href":"https:\/\/eldiariodelaeducacion.com\/porotrapoliticaeducativa\/wp-json\/wp\/v2\/posts"}],"about":[{"href":"https:\/\/eldiariodelaeducacion.com\/porotrapoliticaeducativa\/wp-json\/wp\/v2\/types\/post"}],"author":[{"embeddable":true,"href":"https:\/\/eldiariodelaeducacion.com\/porotrapoliticaeducativa\/wp-json\/wp\/v2\/users\/208"}],"replies":[{"embeddable":true,"href":"https:\/\/eldiariodelaeducacion.com\/porotrapoliticaeducativa\/wp-json\/wp\/v2\/comments?post=1828"}],"version-history":[{"count":1,"href":"https:\/\/eldiariodelaeducacion.com\/porotrapoliticaeducativa\/wp-json\/wp\/v2\/posts\/1828\/revisions"}],"predecessor-version":[{"id":2497,"href":"https:\/\/eldiariodelaeducacion.com\/porotrapoliticaeducativa\/wp-json\/wp\/v2\/posts\/1828\/revisions\/2497"}],"wp:featuredmedia":[{"embeddable":true,"href":"https:\/\/eldiariodelaeducacion.com\/porotrapoliticaeducativa\/wp-json\/wp\/v2\/media\/1848"}],"wp:attachment":[{"href":"https:\/\/eldiariodelaeducacion.com\/porotrapoliticaeducativa\/wp-json\/wp\/v2\/media?parent=1828"}],"wp:term":[{"taxonomy":"category","embeddable":true,"href":"https:\/\/eldiariodelaeducacion.com\/porotrapoliticaeducativa\/wp-json\/wp\/v2\/categories?post=1828"},{"taxonomy":"post_tag","embeddable":true,"href":"https:\/\/eldiariodelaeducacion.com\/porotrapoliticaeducativa\/wp-json\/wp\/v2\/tags?post=1828"},{"taxonomy":"tipo","embeddable":true,"href":"https:\/\/eldiariodelaeducacion.com\/porotrapoliticaeducativa\/wp-json\/wp\/v2\/tipo?post=1828"}],"curies":[{"name":"wp","href":"https:\/\/api.w.org\/{rel}","templated":true}]}}