{"id":1948,"date":"2023-06-12T09:12:34","date_gmt":"2023-06-12T07:12:34","guid":{"rendered":"https:\/\/eldiariodelaeducacion.com\/porotrapoliticaeducativa\/?p=1948"},"modified":"2024-08-21T16:50:59","modified_gmt":"2024-08-21T14:50:59","slug":"que-pasa-con-la-carrera-y-el-estatuto-docente","status":"publish","type":"post","link":"https:\/\/eldiariodelaeducacion.com\/porotrapoliticaeducativa\/2023\/06\/12\/que-pasa-con-la-carrera-y-el-estatuto-docente\/","title":{"rendered":"\u00bfQu\u00e9 pasa con la carrera y el estatuto docente?"},"content":{"rendered":"<p>Hace 11 a\u00f1os en el <a href=\"https:\/\/porotrapoliticaeducativa.files.wordpress.com\/2013\/01\/por-otra-politicaeducativa.pdf\" target=\"_blank\" rel=\"noopener\"><em>Manifiesto: Por otra pol\u00edtica educativa<\/em><\/a> dec\u00edamos: \u201c<em>La carrera docente es un tema recurrente desde hace varias legislaturas y no se ha llevado nunca a cabo.\u201d<\/em><em>\u00a0<\/em><\/p>\n<p>Y durante este tiempo lo hemos ido analizando y reivindicando en diversos <a href=\"https:\/\/porotrapoliticaeducativa.org\/category\/profesorado\/\" target=\"_blank\" rel=\"noopener\">textos<\/a> donde dec\u00edamos que los marcos regulatorios sobre la carrera docente suelen estar vinculados a la formaci\u00f3n y son mucho m\u00e1s detallados y prescriptivos cuando se trata de regular el ascenso en la carrera docente.<\/p>\n<p>Las condiciones de trabajo y salariales tienen que estar muy reguladas para no dar lugar a conflictos de intereses. Esto hace que la formaci\u00f3n permanente se termine regulando de forma credencialista, sin mayor atenci\u00f3n a sus contenidos o a los efectos de dicha formaci\u00f3n, como ha ocurrido con los sexenios regulados en nuestra legislaci\u00f3n, en los que solo se tiene en cuenta el n\u00famero de horas cursadas. Por ello, nuestra propuesta es no vincular toda la formaci\u00f3n permanente a la carrera docente y desarrollar esta sin estimular el credencialismo, solo dirigida a actualizar y mejorar la calidad del trabajo docente.<\/p>\n<p>Y en las <a href=\"https:\/\/drive.google.com\/file\/d\/1Kmipe1R4bJpj-nNBUz-yqdjx8YdF-jlv\/view\" target=\"_blank\" rel=\"noopener\">24 propuestas de reforma para la mejora de la profesi\u00f3n docente<\/a> del Ministerio de Educaci\u00f3n y Formaci\u00f3n Profesional de enero del 2022, el concepto de carrera docente aparece en muchas de las propuestas.<\/p>\n<p>Pero seguimos igual<em>.<\/em> Parece que son de aquellos temas educativos que se han dejado de lado porque se piensa que nunca llegar\u00e1n, no interesan o que est\u00e1n desfasados. Es uno de los temas del que Fromm dir\u00eda que forman parte de la locura de la esperanza, o sea, aquellos temas que son deseables siempre, que todo el mundo busca y anhela con deseo, pero que nunca llegan. \u00a1Hay tantos en la educaci\u00f3n!<\/p>\n<blockquote><p>La carrera docente actual no desarrolla a la persona como profesional, ni como miembro de un centro educativo<\/p><\/blockquote>\n<p>La actual carrera del docente es plana, o sea con poca promoci\u00f3n y est\u00edmulo. Si cualquier docente quiere promocionar o mejorar, lo tiene que hacer fuera de la escuela o el instituto, accediendo a profesiones educativas diferentes a la de dar clases (inspector, profesor de Universidad, asesor psicopedag\u00f3gico, orientador, asesor en la administraci\u00f3n educativa, etc.). <a href=\"https:\/\/eldiariodelaeducacion.com\/2018\/10\/18\/cual-es-la-meta-de-la-carrera-docente\/\" target=\"_blank\" rel=\"noopener\">La carrera actual no desarrolla a la persona como profesional<\/a>, ni a la persona como miembro de un centro educativo, puesto que no mejora su situaci\u00f3n laboral, el conocimiento profesional, ni las habilidades y actitudes de las y los trabajadores de la escuela.<\/p>\n<p>Sin embargo, existen alternativas y desde hace tiempo. Dec\u00edamos que la carrera del profesorado, su desarrollo profesional deber\u00eda tener dos ejes: vertical y horizontal.<\/p>\n<p>Vertical (lo m\u00e1s usual en las carreras profesionales) es la posibilidad de promocionar hacia puestos de nivel diferente: inspecci\u00f3n, asesoramiento externo, administraci\u00f3n, Universidad etc. Son cargos que potencian un desarrollo profesional fuera de la escuela. La persona tiene que dejar la pr\u00e1ctica para asumir el nuevo cargo, normalmente m\u00e1s retribuido, sin alumnado de primaria o secundaria y con un mayor prestigio social, dentro del prestigio que suelen asignarse a las profesiones educativas.<\/p>\n<p>La promoci\u00f3n horizontal es aquella que permite al profesorado desarrollarse dentro del Sistema Educativo m\u00e1s pr\u00e1ctico, o sea dentro de las escuelas e institutos. \u00danicamente encontramos aqu\u00ed el cargo de pertenecer al equipo directivo (pasajero y que muchas veces m\u00e1s que un desarrollo se considera un castigo) o pasar de primaria a secundaria.<\/p>\n<p>El desarrollo profesional de una profesora, ponemos, por ejemplo, que, a lo largo de su trayectoria profesional mediante formaci\u00f3n, asistencia a congresos, innovaciones, publicaciones, etc., tiene una promoci\u00f3n sin dejar la escuela o instituto. O sea, su estatus deber\u00eda ser el mismo que aquel o aquella que un d\u00eda opt\u00f3 por marchar, por salir de la escuela. La promoci\u00f3n horizontal permitir\u00eda que se quedaran muchas personas valiosas en las escuelas y ganar\u00eda el Sistema Educativo con personas de m\u00e1s calidad.<\/p>\n<p>Tambi\u00e9n, dentro de este sistema promocional horizontal, se encontrar\u00eda el profesorado de larga trayectoria educativa y solvencia probada, que acompa\u00f1a a los j\u00f3venes en las primeras pr\u00e1cticas (mentores o mentoras), asumiendo tareas de asesoramiento a centros u otras tareas no directamente relacionadas con la docencia, pero dentro de la escuela.<\/p>\n<p>Una carrera profesional horizontal potencia un mejor desarrollo docente, sobre todo, en aquellos que quieren quedarse en las escuelas y continuar trabajando por la innovaci\u00f3n. No puede ser que el desarrollo profesional del profesorado se realice solo verticalmente, sac\u00e1ndolo de su ambiente de trabajo. Convirtiendo adem\u00e1s la carrera profesional en una simple aspiraci\u00f3n de promoci\u00f3n individual en vez de un desarrollo colectivo y con la finalidad de mejora social y bien com\u00fan. No obstante, tanto la promoci\u00f3n horizontal como la vertical son compatibles y, por lo tanto, se completan. La carrera docente es, de facto, una interacci\u00f3n entre ambas.<\/p>\n<blockquote><p>Hay que partir de nuevas pol\u00edticas educativas que no conviertan el desarrollo profesional en tareas burocr\u00e1ticas y poco ilusionantes<\/p><\/blockquote>\n<p>Y repetimos nuestras propuestas que, desde hace a\u00f1os, venimos defendiendo: Un estatuto docente, que deber\u00eda desarrollar un conjunto de est\u00edmulos y desaf\u00edos que construyan un entorno personal y profesional que sea atractivo para quien se interese por la educaci\u00f3n y se plantee como reto su desarrollo profesional.<\/p>\n<p>Para ello hay que partir de nuevas pol\u00edticas educativas, con acuerdos flexibles (no demasiado tasados), de tal forma que no conviertan el desarrollo profesional en tareas burocr\u00e1ticas y poco ilusionantes. Ha de propiciar la confianza en los y las docentes y en su trabajo, y dotarles de una mayor autonom\u00eda, una mejor formaci\u00f3n y un mayor apoyo institucional y de recursos y medios para el desarrollo de su trabajo.<\/p>\n<p>Algunos de los componentes que se deber\u00edan fomentar y se deber\u00edan tener en cuenta en esta carrera profesional ser\u00edan:<\/p>\n<ul>\n<li>Desarrollo de su experiencia profesional.<\/li>\n<li>Elaboraci\u00f3n y\/o participaci\u00f3n en proyectos de investigaci\u00f3n e innovaci\u00f3n, en su desarrollo y puesta en marcha.<\/li>\n<li>Identificaci\u00f3n de campos problem\u00e1ticos en la instituci\u00f3n escolar y la construcci\u00f3n de dispositivos que favorezcan soluciones.<\/li>\n<li>Participaci\u00f3n en el dise\u00f1o y desarrollo curricular estatal y auton\u00f3mico, en el de los centros educativos, as\u00ed como en la construcci\u00f3n de materiales escolares.<\/li>\n<li>Compromiso y participaci\u00f3n en proyectos de desarrollo comunitario.<\/li>\n<li>Planes de mejora profesional y experimentaci\u00f3n de propuestas de innovaci\u00f3n.<\/li>\n<li>Sistemas de mentor\u00eda en el acompa\u00f1amiento del profesorado novel y en formaci\u00f3n.<\/li>\n<li>Participaci\u00f3n e intercambio con otros centros nacionales e internaciones de experiencias docentes y pedag\u00f3gicas.<\/li>\n<li>Formaci\u00f3n permanente dentro de su horario lectivo.<\/li>\n<\/ul>\n<p>Una mejora de la docencia requiere la regulaci\u00f3n de las condiciones de trabajo del profesorado que permita el establecimiento de ratios, grupos, horas de clase, reducciones horarias y condiciones generales de trabajo y la formaci\u00f3n del profesorado, los derechos que le asisten en la formaci\u00f3n permanente y los incentivos profesionales (como por ejemplo a\u00f1os sab\u00e1ticos de formaci\u00f3n).<\/p>\n<p>Se deben establecer con claridad las obligaciones y derechos del profesorado clarificando su papel como educadores y educadoras. No se puede seguir intentando considerar exclusivamente como trabajo docente las horas directas con el alumnado en la clase, sino incluir las tareas externas, la colaboraci\u00f3n entre el profesorado, la tutela del alumnado en formaci\u00f3n o novel, la preparaci\u00f3n de clases, la formaci\u00f3n y todas las tareas que formen parte de la docencia.<\/p>\n<p>El reconocimiento del trabajo del profesorado es independiente de las pol\u00edticas de ascenso de un cuerpo a otro, pues este mecanismo de promoci\u00f3n tiene otros alicientes y otras motivaciones.<\/p>\n<blockquote><p>Los puestos de trabajo docente han de mantener el contacto con el aula en cualquiera de sus formatos y variedades<\/p><\/blockquote>\n<p>Con la creaci\u00f3n de un cuerpo \u00fanico de profesorado se evitar\u00eda en parte este ascenso vertical en el sistema educativo. Un nuevo sistema de <a href=\"https:\/\/eldiariodelaeducacion.com\/porotrapoliticaeducativa\/2023\/03\/27\/sobre-la-reforma-de-la-formacion-inicial-del-magisterio-que-hay-de-lo-mio-o-que-profesorado-para-el-siglo-xxi\/\" target=\"_blank\" rel=\"noopener\">formaci\u00f3n inicial<\/a> que garantizase una formaci\u00f3n equivalente y en parte com\u00fan para todo el profesorado ser\u00eda la antesala de este cuerpo \u00fanico.<\/p>\n<p>Los puestos de trabajo docente han de mantener el contacto con el aula en cualquiera de sus formatos y variedades. Se suelen remunerar los puestos de trabajo que ocupan (direcciones, mentorizaci\u00f3n, etc.) y no a las personas y las actividades que \u00e9stas desarrollan.<\/p>\n<p>La carrera y el Estatuto profesional docente visto como parte importante del desarrollo profesional del profesorado es necesario, aunque parezca un tema olvidado en cada legislatura. Tenemos que volver a plantearlo en los debates y en las reivindicaciones pol\u00edticas y educativas.<\/p>\n","protected":false},"excerpt":{"rendered":"<p>Hace 11 a\u00f1os en el Manifiesto: Por otra pol\u00edtica educativa dec\u00edamos: \u201cLa carrera docente es un tema recurrente desde hace varias legislaturas y no se ha llevado nunca a cabo.\u201d\u00a0 Y durante este tiempo lo hemos ido analizando y reivindicando en diversos textos donde dec\u00edamos que los marcos regulatorios sobre la carrera docente suelen estar<\/p>\n","protected":false},"author":208,"featured_media":1949,"comment_status":"open","ping_status":"closed","sticky":false,"template":"","format":"standard","meta":{"footnotes":""},"categories":[18],"tags":[52,53,17,34],"tipo":[96],"class_list":{"0":"post-1948","1":"post","2":"type-post","3":"status-publish","4":"format-standard","5":"has-post-thumbnail","7":"category-por-otra-politica-educativa","8":"tag-cultura-docente","9":"tag-formacion-del-profesorado","10":"tag-politicas-educativas","11":"tag-profesorado","12":"tipo-analisis"},"yoast_head":"<!-- This site is optimized with the Yoast SEO plugin v27.5 - https:\/\/yoast.com\/product\/yoast-seo-wordpress\/ -->\n<title>\u00bfQu\u00e9 pasa con la carrera y el estatuto docente? - Por otra pol\u00edtica educativa. Foro de Sevilla.<\/title>\n<meta name=\"robots\" content=\"index, follow, max-snippet:-1, max-image-preview:large, max-video-preview:-1\" \/>\n<link rel=\"canonical\" href=\"https:\/\/eldiariodelaeducacion.com\/porotrapoliticaeducativa\/2023\/06\/12\/que-pasa-con-la-carrera-y-el-estatuto-docente\/\" \/>\n<meta property=\"og:locale\" content=\"es_ES\" \/>\n<meta property=\"og:type\" content=\"article\" \/>\n<meta property=\"og:title\" content=\"\u00bfQu\u00e9 pasa con la carrera y el estatuto docente? - Por otra pol\u00edtica educativa. Foro de Sevilla\" \/>\n<meta property=\"og:description\" content=\"No puede ser que el desarrollo profesional del profesorado se realice solo verticalmente, sac\u00e1ndolo de su ambiente de trabajo. Convirtiendo adem\u00e1s la carrera profesional en una simple aspiraci\u00f3n de promoci\u00f3n individual en vez de un desarrollo colectivo y con la finalidad de mejora social y bien com\u00fan.\" \/>\n<meta property=\"og:url\" content=\"https:\/\/eldiariodelaeducacion.com\/porotrapoliticaeducativa\/2023\/06\/12\/que-pasa-con-la-carrera-y-el-estatuto-docente\/\" \/>\n<meta property=\"og:site_name\" content=\"Por otra pol\u00edtica educativa. Foro de Sevilla.\" \/>\n<meta property=\"article:published_time\" content=\"2023-06-12T07:12:34+00:00\" \/>\n<meta property=\"article:modified_time\" content=\"2024-08-21T14:50:59+00:00\" \/>\n<meta property=\"og:image\" content=\"https:\/\/eldiariodelaeducacion.com\/porotrapoliticaeducativa\/wp-content\/uploads\/sites\/21\/2023\/06\/23.05-Joseba.jpg\" \/>\n\t<meta property=\"og:image:width\" content=\"1440\" \/>\n\t<meta property=\"og:image:height\" content=\"1130\" \/>\n\t<meta property=\"og:image:type\" content=\"image\/jpeg\" \/>\n<meta name=\"author\" content=\"Com. Permanente. \u201cPor otra pol\u00edtica educativa. Foro de Sevilla\u201d\" \/>\n<meta name=\"twitter:card\" content=\"summary_large_image\" \/>\n<meta name=\"twitter:label1\" content=\"Escrito por\" \/>\n\t<meta name=\"twitter:data1\" content=\"Com. Permanente. \u201cPor otra pol\u00edtica educativa. Foro de Sevilla\u201d\" \/>\n\t<meta name=\"twitter:label2\" content=\"Tiempo de lectura\" \/>\n\t<meta name=\"twitter:data2\" content=\"7 minutos\" \/>\n<script type=\"application\/ld+json\" class=\"yoast-schema-graph\">{\"@context\":\"https:\\\/\\\/schema.org\",\"@graph\":[{\"@type\":\"Article\",\"@id\":\"https:\\\/\\\/eldiariodelaeducacion.com\\\/porotrapoliticaeducativa\\\/2023\\\/06\\\/12\\\/que-pasa-con-la-carrera-y-el-estatuto-docente\\\/#article\",\"isPartOf\":{\"@id\":\"https:\\\/\\\/eldiariodelaeducacion.com\\\/porotrapoliticaeducativa\\\/2023\\\/06\\\/12\\\/que-pasa-con-la-carrera-y-el-estatuto-docente\\\/\"},\"author\":{\"name\":\"Com. Permanente. \u201cPor otra pol\u00edtica educativa. Foro de Sevilla\u201d\",\"@id\":\"https:\\\/\\\/eldiariodelaeducacion.com\\\/porotrapoliticaeducativa\\\/#\\\/schema\\\/person\\\/f764e366788e25aa691ea918682bd80d\"},\"headline\":\"\u00bfQu\u00e9 pasa con la carrera y el estatuto docente?\",\"datePublished\":\"2023-06-12T07:12:34+00:00\",\"dateModified\":\"2024-08-21T14:50:59+00:00\",\"mainEntityOfPage\":{\"@id\":\"https:\\\/\\\/eldiariodelaeducacion.com\\\/porotrapoliticaeducativa\\\/2023\\\/06\\\/12\\\/que-pasa-con-la-carrera-y-el-estatuto-docente\\\/\"},\"wordCount\":1470,\"commentCount\":0,\"image\":{\"@id\":\"https:\\\/\\\/eldiariodelaeducacion.com\\\/porotrapoliticaeducativa\\\/2023\\\/06\\\/12\\\/que-pasa-con-la-carrera-y-el-estatuto-docente\\\/#primaryimage\"},\"thumbnailUrl\":\"https:\\\/\\\/eldiariodelaeducacion.com\\\/porotrapoliticaeducativa\\\/wp-content\\\/uploads\\\/sites\\\/21\\\/2023\\\/06\\\/23.05-Joseba.jpg\",\"keywords\":[\"Cultura Docente\",\"Formaci\u00f3n del profesorado\",\"Pol\u00edticas educativas\",\"Profesorado\"],\"articleSection\":[\"Por otra pol\u00edtica educativa. Foro de Sevilla\"],\"inLanguage\":\"es\",\"potentialAction\":[{\"@type\":\"CommentAction\",\"name\":\"Comment\",\"target\":[\"https:\\\/\\\/eldiariodelaeducacion.com\\\/porotrapoliticaeducativa\\\/2023\\\/06\\\/12\\\/que-pasa-con-la-carrera-y-el-estatuto-docente\\\/#respond\"]}]},{\"@type\":\"WebPage\",\"@id\":\"https:\\\/\\\/eldiariodelaeducacion.com\\\/porotrapoliticaeducativa\\\/2023\\\/06\\\/12\\\/que-pasa-con-la-carrera-y-el-estatuto-docente\\\/\",\"url\":\"https:\\\/\\\/eldiariodelaeducacion.com\\\/porotrapoliticaeducativa\\\/2023\\\/06\\\/12\\\/que-pasa-con-la-carrera-y-el-estatuto-docente\\\/\",\"name\":\"\u00bfQu\u00e9 pasa con la carrera y el estatuto docente? - Por otra pol\u00edtica educativa. Foro de Sevilla.\",\"isPartOf\":{\"@id\":\"https:\\\/\\\/eldiariodelaeducacion.com\\\/porotrapoliticaeducativa\\\/#website\"},\"primaryImageOfPage\":{\"@id\":\"https:\\\/\\\/eldiariodelaeducacion.com\\\/porotrapoliticaeducativa\\\/2023\\\/06\\\/12\\\/que-pasa-con-la-carrera-y-el-estatuto-docente\\\/#primaryimage\"},\"image\":{\"@id\":\"https:\\\/\\\/eldiariodelaeducacion.com\\\/porotrapoliticaeducativa\\\/2023\\\/06\\\/12\\\/que-pasa-con-la-carrera-y-el-estatuto-docente\\\/#primaryimage\"},\"thumbnailUrl\":\"https:\\\/\\\/eldiariodelaeducacion.com\\\/porotrapoliticaeducativa\\\/wp-content\\\/uploads\\\/sites\\\/21\\\/2023\\\/06\\\/23.05-Joseba.jpg\",\"datePublished\":\"2023-06-12T07:12:34+00:00\",\"dateModified\":\"2024-08-21T14:50:59+00:00\",\"author\":{\"@id\":\"https:\\\/\\\/eldiariodelaeducacion.com\\\/porotrapoliticaeducativa\\\/#\\\/schema\\\/person\\\/f764e366788e25aa691ea918682bd80d\"},\"breadcrumb\":{\"@id\":\"https:\\\/\\\/eldiariodelaeducacion.com\\\/porotrapoliticaeducativa\\\/2023\\\/06\\\/12\\\/que-pasa-con-la-carrera-y-el-estatuto-docente\\\/#breadcrumb\"},\"inLanguage\":\"es\",\"potentialAction\":[{\"@type\":\"ReadAction\",\"target\":[\"https:\\\/\\\/eldiariodelaeducacion.com\\\/porotrapoliticaeducativa\\\/2023\\\/06\\\/12\\\/que-pasa-con-la-carrera-y-el-estatuto-docente\\\/\"]}]},{\"@type\":\"ImageObject\",\"inLanguage\":\"es\",\"@id\":\"https:\\\/\\\/eldiariodelaeducacion.com\\\/porotrapoliticaeducativa\\\/2023\\\/06\\\/12\\\/que-pasa-con-la-carrera-y-el-estatuto-docente\\\/#primaryimage\",\"url\":\"https:\\\/\\\/eldiariodelaeducacion.com\\\/porotrapoliticaeducativa\\\/wp-content\\\/uploads\\\/sites\\\/21\\\/2023\\\/06\\\/23.05-Joseba.jpg\",\"contentUrl\":\"https:\\\/\\\/eldiariodelaeducacion.com\\\/porotrapoliticaeducativa\\\/wp-content\\\/uploads\\\/sites\\\/21\\\/2023\\\/06\\\/23.05-Joseba.jpg\",\"width\":1440,\"height\":1130,\"caption\":\"Ilustraci\u00f3n cedida por Joseba G. Plazuelo\"},{\"@type\":\"BreadcrumbList\",\"@id\":\"https:\\\/\\\/eldiariodelaeducacion.com\\\/porotrapoliticaeducativa\\\/2023\\\/06\\\/12\\\/que-pasa-con-la-carrera-y-el-estatuto-docente\\\/#breadcrumb\",\"itemListElement\":[{\"@type\":\"ListItem\",\"position\":1,\"name\":\"Portada\",\"item\":\"https:\\\/\\\/eldiariodelaeducacion.com\\\/porotrapoliticaeducativa\\\/\"},{\"@type\":\"ListItem\",\"position\":2,\"name\":\"\u00bfQu\u00e9 pasa con la carrera y el estatuto docente?\"}]},{\"@type\":\"WebSite\",\"@id\":\"https:\\\/\\\/eldiariodelaeducacion.com\\\/porotrapoliticaeducativa\\\/#website\",\"url\":\"https:\\\/\\\/eldiariodelaeducacion.com\\\/porotrapoliticaeducativa\\\/\",\"name\":\"Por otra pol\u00edtica educativa. Foro de Sevilla.\",\"description\":\"Un blog de El Diario de la Educaci\u00f3n\",\"potentialAction\":[{\"@type\":\"SearchAction\",\"target\":{\"@type\":\"EntryPoint\",\"urlTemplate\":\"https:\\\/\\\/eldiariodelaeducacion.com\\\/porotrapoliticaeducativa\\\/?s={search_term_string}\"},\"query-input\":{\"@type\":\"PropertyValueSpecification\",\"valueRequired\":true,\"valueName\":\"search_term_string\"}}],\"inLanguage\":\"es\"},{\"@type\":\"Person\",\"@id\":\"https:\\\/\\\/eldiariodelaeducacion.com\\\/porotrapoliticaeducativa\\\/#\\\/schema\\\/person\\\/f764e366788e25aa691ea918682bd80d\",\"name\":\"Com. Permanente. \u201cPor otra pol\u00edtica educativa. Foro de Sevilla\u201d\",\"image\":{\"@type\":\"ImageObject\",\"inLanguage\":\"es\",\"@id\":\"https:\\\/\\\/eldiariodelaeducacion.com\\\/porotrapoliticaeducativa\\\/wp-content\\\/uploads\\\/sites\\\/21\\\/2024\\\/11\\\/com.-permanente.-por-otra-politica-educativa.-foro-de-sevilla_avatar-96x96.jpeg\",\"url\":\"https:\\\/\\\/eldiariodelaeducacion.com\\\/porotrapoliticaeducativa\\\/wp-content\\\/uploads\\\/sites\\\/21\\\/2024\\\/11\\\/com.-permanente.-por-otra-politica-educativa.-foro-de-sevilla_avatar-96x96.jpeg\",\"contentUrl\":\"https:\\\/\\\/eldiariodelaeducacion.com\\\/porotrapoliticaeducativa\\\/wp-content\\\/uploads\\\/sites\\\/21\\\/2024\\\/11\\\/com.-permanente.-por-otra-politica-educativa.-foro-de-sevilla_avatar-96x96.jpeg\",\"caption\":\"Com. Permanente. \u201cPor otra pol\u00edtica educativa. Foro de Sevilla\u201d\"},\"description\":\"Colectivo de profesionales, ligados a la docencia, la reflexi\u00f3n y la investigaci\u00f3n en el campo de las ciencias de la educaci\u00f3n, preocupados por el deterioro de nuestro sistema escolar y el desarrollo de pol\u00edticas err\u00e1ticas y privatizadoras del derecho a la educaci\u00f3n.\",\"url\":\"https:\\\/\\\/eldiariodelaeducacion.com\\\/porotrapoliticaeducativa\\\/author\\\/comisionpermanente\\\/\"}]}<\/script>\n<!-- \/ Yoast SEO plugin. -->","yoast_head_json":{"title":"\u00bfQu\u00e9 pasa con la carrera y el estatuto docente? - Por otra pol\u00edtica educativa. Foro de Sevilla.","robots":{"index":"index","follow":"follow","max-snippet":"max-snippet:-1","max-image-preview":"max-image-preview:large","max-video-preview":"max-video-preview:-1"},"canonical":"https:\/\/eldiariodelaeducacion.com\/porotrapoliticaeducativa\/2023\/06\/12\/que-pasa-con-la-carrera-y-el-estatuto-docente\/","og_locale":"es_ES","og_type":"article","og_title":"\u00bfQu\u00e9 pasa con la carrera y el estatuto docente? - Por otra pol\u00edtica educativa. Foro de Sevilla","og_description":"No puede ser que el desarrollo profesional del profesorado se realice solo verticalmente, sac\u00e1ndolo de su ambiente de trabajo. Convirtiendo adem\u00e1s la carrera profesional en una simple aspiraci\u00f3n de promoci\u00f3n individual en vez de un desarrollo colectivo y con la finalidad de mejora social y bien com\u00fan.","og_url":"https:\/\/eldiariodelaeducacion.com\/porotrapoliticaeducativa\/2023\/06\/12\/que-pasa-con-la-carrera-y-el-estatuto-docente\/","og_site_name":"Por otra pol\u00edtica educativa. Foro de Sevilla.","article_published_time":"2023-06-12T07:12:34+00:00","article_modified_time":"2024-08-21T14:50:59+00:00","og_image":[{"width":1440,"height":1130,"url":"https:\/\/eldiariodelaeducacion.com\/porotrapoliticaeducativa\/wp-content\/uploads\/sites\/21\/2023\/06\/23.05-Joseba.jpg","type":"image\/jpeg"}],"author":"Com. Permanente. \u201cPor otra pol\u00edtica educativa. Foro de Sevilla\u201d","twitter_card":"summary_large_image","twitter_misc":{"Escrito por":"Com. Permanente. \u201cPor otra pol\u00edtica educativa. Foro de Sevilla\u201d","Tiempo de lectura":"7 minutos"},"schema":{"@context":"https:\/\/schema.org","@graph":[{"@type":"Article","@id":"https:\/\/eldiariodelaeducacion.com\/porotrapoliticaeducativa\/2023\/06\/12\/que-pasa-con-la-carrera-y-el-estatuto-docente\/#article","isPartOf":{"@id":"https:\/\/eldiariodelaeducacion.com\/porotrapoliticaeducativa\/2023\/06\/12\/que-pasa-con-la-carrera-y-el-estatuto-docente\/"},"author":{"name":"Com. Permanente. \u201cPor otra pol\u00edtica educativa. Foro de Sevilla\u201d","@id":"https:\/\/eldiariodelaeducacion.com\/porotrapoliticaeducativa\/#\/schema\/person\/f764e366788e25aa691ea918682bd80d"},"headline":"\u00bfQu\u00e9 pasa con la carrera y el estatuto docente?","datePublished":"2023-06-12T07:12:34+00:00","dateModified":"2024-08-21T14:50:59+00:00","mainEntityOfPage":{"@id":"https:\/\/eldiariodelaeducacion.com\/porotrapoliticaeducativa\/2023\/06\/12\/que-pasa-con-la-carrera-y-el-estatuto-docente\/"},"wordCount":1470,"commentCount":0,"image":{"@id":"https:\/\/eldiariodelaeducacion.com\/porotrapoliticaeducativa\/2023\/06\/12\/que-pasa-con-la-carrera-y-el-estatuto-docente\/#primaryimage"},"thumbnailUrl":"https:\/\/eldiariodelaeducacion.com\/porotrapoliticaeducativa\/wp-content\/uploads\/sites\/21\/2023\/06\/23.05-Joseba.jpg","keywords":["Cultura Docente","Formaci\u00f3n del profesorado","Pol\u00edticas educativas","Profesorado"],"articleSection":["Por otra pol\u00edtica educativa. Foro de Sevilla"],"inLanguage":"es","potentialAction":[{"@type":"CommentAction","name":"Comment","target":["https:\/\/eldiariodelaeducacion.com\/porotrapoliticaeducativa\/2023\/06\/12\/que-pasa-con-la-carrera-y-el-estatuto-docente\/#respond"]}]},{"@type":"WebPage","@id":"https:\/\/eldiariodelaeducacion.com\/porotrapoliticaeducativa\/2023\/06\/12\/que-pasa-con-la-carrera-y-el-estatuto-docente\/","url":"https:\/\/eldiariodelaeducacion.com\/porotrapoliticaeducativa\/2023\/06\/12\/que-pasa-con-la-carrera-y-el-estatuto-docente\/","name":"\u00bfQu\u00e9 pasa con la carrera y el estatuto docente? - Por otra pol\u00edtica educativa. Foro de Sevilla.","isPartOf":{"@id":"https:\/\/eldiariodelaeducacion.com\/porotrapoliticaeducativa\/#website"},"primaryImageOfPage":{"@id":"https:\/\/eldiariodelaeducacion.com\/porotrapoliticaeducativa\/2023\/06\/12\/que-pasa-con-la-carrera-y-el-estatuto-docente\/#primaryimage"},"image":{"@id":"https:\/\/eldiariodelaeducacion.com\/porotrapoliticaeducativa\/2023\/06\/12\/que-pasa-con-la-carrera-y-el-estatuto-docente\/#primaryimage"},"thumbnailUrl":"https:\/\/eldiariodelaeducacion.com\/porotrapoliticaeducativa\/wp-content\/uploads\/sites\/21\/2023\/06\/23.05-Joseba.jpg","datePublished":"2023-06-12T07:12:34+00:00","dateModified":"2024-08-21T14:50:59+00:00","author":{"@id":"https:\/\/eldiariodelaeducacion.com\/porotrapoliticaeducativa\/#\/schema\/person\/f764e366788e25aa691ea918682bd80d"},"breadcrumb":{"@id":"https:\/\/eldiariodelaeducacion.com\/porotrapoliticaeducativa\/2023\/06\/12\/que-pasa-con-la-carrera-y-el-estatuto-docente\/#breadcrumb"},"inLanguage":"es","potentialAction":[{"@type":"ReadAction","target":["https:\/\/eldiariodelaeducacion.com\/porotrapoliticaeducativa\/2023\/06\/12\/que-pasa-con-la-carrera-y-el-estatuto-docente\/"]}]},{"@type":"ImageObject","inLanguage":"es","@id":"https:\/\/eldiariodelaeducacion.com\/porotrapoliticaeducativa\/2023\/06\/12\/que-pasa-con-la-carrera-y-el-estatuto-docente\/#primaryimage","url":"https:\/\/eldiariodelaeducacion.com\/porotrapoliticaeducativa\/wp-content\/uploads\/sites\/21\/2023\/06\/23.05-Joseba.jpg","contentUrl":"https:\/\/eldiariodelaeducacion.com\/porotrapoliticaeducativa\/wp-content\/uploads\/sites\/21\/2023\/06\/23.05-Joseba.jpg","width":1440,"height":1130,"caption":"Ilustraci\u00f3n cedida por Joseba G. Plazuelo"},{"@type":"BreadcrumbList","@id":"https:\/\/eldiariodelaeducacion.com\/porotrapoliticaeducativa\/2023\/06\/12\/que-pasa-con-la-carrera-y-el-estatuto-docente\/#breadcrumb","itemListElement":[{"@type":"ListItem","position":1,"name":"Portada","item":"https:\/\/eldiariodelaeducacion.com\/porotrapoliticaeducativa\/"},{"@type":"ListItem","position":2,"name":"\u00bfQu\u00e9 pasa con la carrera y el estatuto docente?"}]},{"@type":"WebSite","@id":"https:\/\/eldiariodelaeducacion.com\/porotrapoliticaeducativa\/#website","url":"https:\/\/eldiariodelaeducacion.com\/porotrapoliticaeducativa\/","name":"Por otra pol\u00edtica educativa. Foro de Sevilla.","description":"Un blog de El Diario de la Educaci\u00f3n","potentialAction":[{"@type":"SearchAction","target":{"@type":"EntryPoint","urlTemplate":"https:\/\/eldiariodelaeducacion.com\/porotrapoliticaeducativa\/?s={search_term_string}"},"query-input":{"@type":"PropertyValueSpecification","valueRequired":true,"valueName":"search_term_string"}}],"inLanguage":"es"},{"@type":"Person","@id":"https:\/\/eldiariodelaeducacion.com\/porotrapoliticaeducativa\/#\/schema\/person\/f764e366788e25aa691ea918682bd80d","name":"Com. Permanente. \u201cPor otra pol\u00edtica educativa. Foro de Sevilla\u201d","image":{"@type":"ImageObject","inLanguage":"es","@id":"https:\/\/eldiariodelaeducacion.com\/porotrapoliticaeducativa\/wp-content\/uploads\/sites\/21\/2024\/11\/com.-permanente.-por-otra-politica-educativa.-foro-de-sevilla_avatar-96x96.jpeg","url":"https:\/\/eldiariodelaeducacion.com\/porotrapoliticaeducativa\/wp-content\/uploads\/sites\/21\/2024\/11\/com.-permanente.-por-otra-politica-educativa.-foro-de-sevilla_avatar-96x96.jpeg","contentUrl":"https:\/\/eldiariodelaeducacion.com\/porotrapoliticaeducativa\/wp-content\/uploads\/sites\/21\/2024\/11\/com.-permanente.-por-otra-politica-educativa.-foro-de-sevilla_avatar-96x96.jpeg","caption":"Com. Permanente. \u201cPor otra pol\u00edtica educativa. Foro de Sevilla\u201d"},"description":"Colectivo de profesionales, ligados a la docencia, la reflexi\u00f3n y la investigaci\u00f3n en el campo de las ciencias de la educaci\u00f3n, preocupados por el deterioro de nuestro sistema escolar y el desarrollo de pol\u00edticas err\u00e1ticas y privatizadoras del derecho a la educaci\u00f3n.","url":"https:\/\/eldiariodelaeducacion.com\/porotrapoliticaeducativa\/author\/comisionpermanente\/"}]}},"_links":{"self":[{"href":"https:\/\/eldiariodelaeducacion.com\/porotrapoliticaeducativa\/wp-json\/wp\/v2\/posts\/1948","targetHints":{"allow":["GET"]}}],"collection":[{"href":"https:\/\/eldiariodelaeducacion.com\/porotrapoliticaeducativa\/wp-json\/wp\/v2\/posts"}],"about":[{"href":"https:\/\/eldiariodelaeducacion.com\/porotrapoliticaeducativa\/wp-json\/wp\/v2\/types\/post"}],"author":[{"embeddable":true,"href":"https:\/\/eldiariodelaeducacion.com\/porotrapoliticaeducativa\/wp-json\/wp\/v2\/users\/208"}],"replies":[{"embeddable":true,"href":"https:\/\/eldiariodelaeducacion.com\/porotrapoliticaeducativa\/wp-json\/wp\/v2\/comments?post=1948"}],"version-history":[{"count":1,"href":"https:\/\/eldiariodelaeducacion.com\/porotrapoliticaeducativa\/wp-json\/wp\/v2\/posts\/1948\/revisions"}],"predecessor-version":[{"id":2501,"href":"https:\/\/eldiariodelaeducacion.com\/porotrapoliticaeducativa\/wp-json\/wp\/v2\/posts\/1948\/revisions\/2501"}],"wp:featuredmedia":[{"embeddable":true,"href":"https:\/\/eldiariodelaeducacion.com\/porotrapoliticaeducativa\/wp-json\/wp\/v2\/media\/1949"}],"wp:attachment":[{"href":"https:\/\/eldiariodelaeducacion.com\/porotrapoliticaeducativa\/wp-json\/wp\/v2\/media?parent=1948"}],"wp:term":[{"taxonomy":"category","embeddable":true,"href":"https:\/\/eldiariodelaeducacion.com\/porotrapoliticaeducativa\/wp-json\/wp\/v2\/categories?post=1948"},{"taxonomy":"post_tag","embeddable":true,"href":"https:\/\/eldiariodelaeducacion.com\/porotrapoliticaeducativa\/wp-json\/wp\/v2\/tags?post=1948"},{"taxonomy":"tipo","embeddable":true,"href":"https:\/\/eldiariodelaeducacion.com\/porotrapoliticaeducativa\/wp-json\/wp\/v2\/tipo?post=1948"}],"curies":[{"name":"wp","href":"https:\/\/api.w.org\/{rel}","templated":true}]}}