{"id":1964,"date":"2023-06-26T06:00:24","date_gmt":"2023-06-26T04:00:24","guid":{"rendered":"https:\/\/eldiariodelaeducacion.com\/porotrapoliticaeducativa\/?p=1964"},"modified":"2024-08-21T16:50:59","modified_gmt":"2024-08-21T14:50:59","slug":"la-perpetuacion-de-los-roles-de-genero-en-la-mercantilizacion-de-la-educacion","status":"publish","type":"post","link":"https:\/\/eldiariodelaeducacion.com\/porotrapoliticaeducativa\/2023\/06\/26\/la-perpetuacion-de-los-roles-de-genero-en-la-mercantilizacion-de-la-educacion\/","title":{"rendered":"La perpetuaci\u00f3n de los roles de g\u00e9nero en la mercantilizaci\u00f3n de la educaci\u00f3n"},"content":{"rendered":"<p>Las pol\u00edticas neoliberales y populistas est\u00e1n frenando el avance del feminismo, cambiando los procesos de transformaci\u00f3n de la educaci\u00f3n, por una cultura eficiente, medible y rentable, cuyo principio es la libertad de elecci\u00f3n del centro escolar, sin reconocer las diferencias de clase social, etnia o g\u00e9nero.<\/p>\n<p>Cuando la defensa de las libertades individuales se une a la defensa de un capitalismo financiero, ocurren dos situaciones: se pierden los derechos sociales por los que se ha luchado durante mucho tiempo y hay una desnaturalizaci\u00f3n de la vida humana que convierte a las personas m\u00e1s vulnerables y, sobre todo a las mujeres, en mercanc\u00eda con fines de lucro, como est\u00e1 ocurriendo con la defensa de la prostituci\u00f3n \u2014segundo negocio a nivel mundial despu\u00e9s de la droga\u2014, que se justifica como una elecci\u00f3n laboral.<\/p>\n<blockquote><p>Actualmente el naturalismo como teor\u00eda de fondo de las diferencias entre sexos refuerza la perpetuaci\u00f3n de los roles de g\u00e9nero<\/p><\/blockquote>\n<p>La nueva cultura del capitalismo convierte la educaci\u00f3n en un motor de riqueza dirigido al mundo laboral, con una falsa igualdad de oportunidades y una formaci\u00f3n caracterizada por el cortoplacismo, la ruptura con el pasado y la ausencia de sentido en las instituciones escolares. Esto se traduce en sistemas educativos estandarizados, estereotipados y competitivos que no crean marcos de referencia para que alumnos y alumnas piensen por s\u00ed mismos contribuyendo a la desafecci\u00f3n por la escuela, sobre todo para los niveles sociales y econ\u00f3micos m\u00e1s bajos, y al mantenimiento del sexismo.<br \/>\nActualmente el naturalismo como teor\u00eda de fondo de las diferencias entre sexos refuerza la perpetuaci\u00f3n de los roles de g\u00e9nero. Por un lado, la lucha contra la \u201cideolog\u00eda de g\u00e9nero\u201d en la escuela, como la llama la nueva derecha cristiana, promueve campa\u00f1as, como el \u201cPin parental\u201d, en contra del aborto, de la protecci\u00f3n de la violencia sexual, del matrimonio homosexual, en las cuales participa el Papa, supuestamente progresista, Bergoglio, el partido ultraderechista de Vox y la asociaci\u00f3n \u201cHazte O\u00edr\u201d en Espa\u00f1a, y en muchos pa\u00edses las campa\u00f1as de la iglesias cristianas, cat\u00f3licas y pentecostales, adem\u00e1s de sectores conservadores. Este determinismo ideol\u00f3gico, se est\u00e1 introduciendo en muchos centros privados-concertados de ideolog\u00eda cat\u00f3lica.<\/p>\n<p>Por otro, los estereotipos sexuales act\u00faan hoy d\u00eda de forma m\u00e1s potente que nunca, porque se promociona el determinismo biol\u00f3gico como la l\u00ednea de pensamiento m\u00e1s moderna y rompedora, sin tener en cuenta su larga historia anterior m\u00faltiples veces desmentida. Por ello cuando se trata de explicar las diferencias entre los sexos recurriendo a la biolog\u00eda, la divulgaci\u00f3n cient\u00edfica colabora sin ning\u00fan cuestionamiento.<\/p>\n<blockquote><p>Detr\u00e1s de la defensa del determinismo, a la que se adscriben a menudo los centros escolares m\u00e1s conservadores, hay planteamientos ideol\u00f3gicos y un sexismo disfrazado de ciencia<\/p><\/blockquote>\n<p>Por ejemplo, hay diferencias morfol\u00f3gicas entre el cerebro masculino y el cerebro femenino; el cerebro masculino es m\u00e1s grande y el cerebro femenino muestra una mayor actividad en las \u00e1reas relacionadas con el lenguaje. Pero ning\u00fan estudio hasta la fecha ha podido mostrar que los procesos espec\u00edficos de g\u00e9nero intervengan en la construcci\u00f3n de redes en el cerebro durante el aprendizaje (OECD, 2009). No han considerado que, hagamos lo que hagamos la experiencia crea la actividad neuronal que altera el cerebro o, en otras palabras, el cerebro no est\u00e1 determinado. No debemos olvidar que detr\u00e1s de toda la defensa del determinismo, a las que se adscriben a menudo los centros escolares m\u00e1s conservadores, hay planteamientos ideol\u00f3gicos y un sexismo disfrazado de ciencia.<\/p>\n<p>Junto con estos planteamientos, en educaci\u00f3n hemos pasado a una escuela mercantilista que solo busca el \u00e9xito profesional y fortalece la competitividad, con el aumento del control externo (burocratizaci\u00f3n y evaluaciones), mientras se aleja de un modelo educativo personal que considere las necesidades del alumnado, y desarrolle las emociones, el pensamiento, la creatividad y la educaci\u00f3n de g\u00e9nero y derechos sexuales reproductivos. La fuerte especializaci\u00f3n, los aprendizajes \u201cneutrales\u201d y los ex\u00e1menes externos nos convierten en una profesi\u00f3n que se concibe al servicio del capital y de la demanda de los mercados laborales y que es fundamentalmente femenina.<\/p>\n","protected":false},"excerpt":{"rendered":"<p>Las pol\u00edticas neoliberales y populistas est\u00e1n frenando el avance del feminismo, cambiando los procesos de transformaci\u00f3n de la educaci\u00f3n, por una cultura eficiente, medible y rentable, cuyo principio es la libertad de elecci\u00f3n del centro escolar, sin reconocer las diferencias de clase social, etnia o g\u00e9nero. Cuando la defensa de las libertades individuales se une<\/p>\n","protected":false},"author":201,"featured_media":1965,"comment_status":"open","ping_status":"closed","sticky":false,"template":"","format":"standard","meta":{"footnotes":""},"categories":[18],"tags":[64,20,72,36,63,58],"tipo":[96],"class_list":{"0":"post-1964","1":"post","2":"type-post","3":"status-publish","4":"format-standard","5":"has-post-thumbnail","7":"category-por-otra-politica-educativa","8":"tag-educacion-de-los-afectos","9":"tag-escuela-publica","10":"tag-feminismo","11":"tag-justicia-social","12":"tag-neoliberalismo","13":"tag-valores","14":"tipo-analisis"},"yoast_head":"<!-- This site is optimized with the Yoast SEO plugin v27.5 - https:\/\/yoast.com\/product\/yoast-seo-wordpress\/ -->\n<title>La perpetuaci\u00f3n de los roles de g\u00e9nero en la mercantilizaci\u00f3n de la educaci\u00f3n - Por otra pol\u00edtica educativa. Foro de Sevilla.<\/title>\n<meta name=\"robots\" content=\"index, follow, max-snippet:-1, max-image-preview:large, max-video-preview:-1\" \/>\n<link rel=\"canonical\" href=\"https:\/\/eldiariodelaeducacion.com\/porotrapoliticaeducativa\/2023\/06\/26\/la-perpetuacion-de-los-roles-de-genero-en-la-mercantilizacion-de-la-educacion\/\" \/>\n<meta property=\"og:locale\" content=\"es_ES\" \/>\n<meta property=\"og:type\" content=\"article\" \/>\n<meta property=\"og:title\" content=\"La perpetuaci\u00f3n de los roles de g\u00e9nero en la mercantilizaci\u00f3n de la educaci\u00f3n - Por otra pol\u00edtica educativa.Foro de Sevilla\" \/>\n<meta property=\"og:description\" content=\"En educaci\u00f3n hemos pasado a una escuela mercantilista que solo busca el \u00e9xito profesional y fortalece la competitividad, mientras se aleja de un modelo educativo personal que considere las necesidades del alumnado, y desarrolle las emociones, el pensamiento, la creatividad y la educaci\u00f3n de g\u00e9nero y derechos sexuales reproductivos.\" \/>\n<meta property=\"og:url\" content=\"https:\/\/eldiariodelaeducacion.com\/porotrapoliticaeducativa\/2023\/06\/26\/la-perpetuacion-de-los-roles-de-genero-en-la-mercantilizacion-de-la-educacion\/\" \/>\n<meta property=\"og:site_name\" content=\"Por otra pol\u00edtica educativa. Foro de Sevilla.\" \/>\n<meta property=\"article:published_time\" content=\"2023-06-26T04:00:24+00:00\" \/>\n<meta property=\"article:modified_time\" content=\"2024-08-21T14:50:59+00:00\" \/>\n<meta property=\"og:image\" content=\"https:\/\/eldiariodelaeducacion.com\/porotrapoliticaeducativa\/wp-content\/uploads\/sites\/21\/2023\/06\/292678994_386772966855537_6995124582596132506_n.jpg\" \/>\n\t<meta property=\"og:image:width\" content=\"1440\" \/>\n\t<meta property=\"og:image:height\" content=\"1440\" \/>\n\t<meta property=\"og:image:type\" content=\"image\/jpeg\" \/>\n<meta name=\"author\" content=\"Carmen Rodr\u00edguez Mart\u00ednez\" \/>\n<meta name=\"twitter:card\" content=\"summary_large_image\" \/>\n<meta name=\"twitter:title\" content=\"La perpetuaci\u00f3n de los roles de g\u00e9nero en la mercantilizaci\u00f3n de la educaci\u00f3n - Por otra pol\u00edtica educativa.Foro de Sevilla\" \/>\n<meta name=\"twitter:description\" content=\"En educaci\u00f3n hemos pasado a una escuela mercantilista que solo busca el \u00e9xito profesional y fortalece la competitividad, mientras se aleja de un modelo educativo personal que considere las necesidades del alumnado, y desarrolle las emociones, el pensamiento, la creatividad y la educaci\u00f3n de g\u00e9nero y derechos sexuales reproductivos.\" \/>\n<meta name=\"twitter:label1\" content=\"Escrito por\" \/>\n\t<meta name=\"twitter:data1\" content=\"Carmen Rodr\u00edguez Mart\u00ednez\" \/>\n\t<meta name=\"twitter:label2\" content=\"Tiempo de lectura\" \/>\n\t<meta name=\"twitter:data2\" content=\"4 minutos\" \/>\n<script type=\"application\/ld+json\" class=\"yoast-schema-graph\">{\"@context\":\"https:\\\/\\\/schema.org\",\"@graph\":[{\"@type\":\"Article\",\"@id\":\"https:\\\/\\\/eldiariodelaeducacion.com\\\/porotrapoliticaeducativa\\\/2023\\\/06\\\/26\\\/la-perpetuacion-de-los-roles-de-genero-en-la-mercantilizacion-de-la-educacion\\\/#article\",\"isPartOf\":{\"@id\":\"https:\\\/\\\/eldiariodelaeducacion.com\\\/porotrapoliticaeducativa\\\/2023\\\/06\\\/26\\\/la-perpetuacion-de-los-roles-de-genero-en-la-mercantilizacion-de-la-educacion\\\/\"},\"author\":{\"name\":\"Carmen Rodr\u00edguez Mart\u00ednez\",\"@id\":\"https:\\\/\\\/eldiariodelaeducacion.com\\\/porotrapoliticaeducativa\\\/#\\\/schema\\\/person\\\/eeb0b66fbcf65fa8770bf5ce2c2eb88e\"},\"headline\":\"La perpetuaci\u00f3n de los roles de g\u00e9nero en la mercantilizaci\u00f3n de la educaci\u00f3n\",\"datePublished\":\"2023-06-26T04:00:24+00:00\",\"dateModified\":\"2024-08-21T14:50:59+00:00\",\"mainEntityOfPage\":{\"@id\":\"https:\\\/\\\/eldiariodelaeducacion.com\\\/porotrapoliticaeducativa\\\/2023\\\/06\\\/26\\\/la-perpetuacion-de-los-roles-de-genero-en-la-mercantilizacion-de-la-educacion\\\/\"},\"wordCount\":745,\"commentCount\":0,\"image\":{\"@id\":\"https:\\\/\\\/eldiariodelaeducacion.com\\\/porotrapoliticaeducativa\\\/2023\\\/06\\\/26\\\/la-perpetuacion-de-los-roles-de-genero-en-la-mercantilizacion-de-la-educacion\\\/#primaryimage\"},\"thumbnailUrl\":\"https:\\\/\\\/eldiariodelaeducacion.com\\\/porotrapoliticaeducativa\\\/wp-content\\\/uploads\\\/sites\\\/21\\\/2023\\\/06\\\/292678994_386772966855537_6995124582596132506_n.jpg\",\"keywords\":[\"Educaci\u00f3n de los afectos\",\"escuela p\u00fablica\",\"feminismo\",\"Justicia social\",\"Neoliberalismo\",\"Valores\"],\"articleSection\":[\"Por otra pol\u00edtica educativa. Foro de Sevilla\"],\"inLanguage\":\"es\",\"potentialAction\":[{\"@type\":\"CommentAction\",\"name\":\"Comment\",\"target\":[\"https:\\\/\\\/eldiariodelaeducacion.com\\\/porotrapoliticaeducativa\\\/2023\\\/06\\\/26\\\/la-perpetuacion-de-los-roles-de-genero-en-la-mercantilizacion-de-la-educacion\\\/#respond\"]}]},{\"@type\":\"WebPage\",\"@id\":\"https:\\\/\\\/eldiariodelaeducacion.com\\\/porotrapoliticaeducativa\\\/2023\\\/06\\\/26\\\/la-perpetuacion-de-los-roles-de-genero-en-la-mercantilizacion-de-la-educacion\\\/\",\"url\":\"https:\\\/\\\/eldiariodelaeducacion.com\\\/porotrapoliticaeducativa\\\/2023\\\/06\\\/26\\\/la-perpetuacion-de-los-roles-de-genero-en-la-mercantilizacion-de-la-educacion\\\/\",\"name\":\"La perpetuaci\u00f3n de los roles de g\u00e9nero en la mercantilizaci\u00f3n de la educaci\u00f3n - Por otra pol\u00edtica educativa. Foro de Sevilla.\",\"isPartOf\":{\"@id\":\"https:\\\/\\\/eldiariodelaeducacion.com\\\/porotrapoliticaeducativa\\\/#website\"},\"primaryImageOfPage\":{\"@id\":\"https:\\\/\\\/eldiariodelaeducacion.com\\\/porotrapoliticaeducativa\\\/2023\\\/06\\\/26\\\/la-perpetuacion-de-los-roles-de-genero-en-la-mercantilizacion-de-la-educacion\\\/#primaryimage\"},\"image\":{\"@id\":\"https:\\\/\\\/eldiariodelaeducacion.com\\\/porotrapoliticaeducativa\\\/2023\\\/06\\\/26\\\/la-perpetuacion-de-los-roles-de-genero-en-la-mercantilizacion-de-la-educacion\\\/#primaryimage\"},\"thumbnailUrl\":\"https:\\\/\\\/eldiariodelaeducacion.com\\\/porotrapoliticaeducativa\\\/wp-content\\\/uploads\\\/sites\\\/21\\\/2023\\\/06\\\/292678994_386772966855537_6995124582596132506_n.jpg\",\"datePublished\":\"2023-06-26T04:00:24+00:00\",\"dateModified\":\"2024-08-21T14:50:59+00:00\",\"author\":{\"@id\":\"https:\\\/\\\/eldiariodelaeducacion.com\\\/porotrapoliticaeducativa\\\/#\\\/schema\\\/person\\\/eeb0b66fbcf65fa8770bf5ce2c2eb88e\"},\"breadcrumb\":{\"@id\":\"https:\\\/\\\/eldiariodelaeducacion.com\\\/porotrapoliticaeducativa\\\/2023\\\/06\\\/26\\\/la-perpetuacion-de-los-roles-de-genero-en-la-mercantilizacion-de-la-educacion\\\/#breadcrumb\"},\"inLanguage\":\"es\",\"potentialAction\":[{\"@type\":\"ReadAction\",\"target\":[\"https:\\\/\\\/eldiariodelaeducacion.com\\\/porotrapoliticaeducativa\\\/2023\\\/06\\\/26\\\/la-perpetuacion-de-los-roles-de-genero-en-la-mercantilizacion-de-la-educacion\\\/\"]}]},{\"@type\":\"ImageObject\",\"inLanguage\":\"es\",\"@id\":\"https:\\\/\\\/eldiariodelaeducacion.com\\\/porotrapoliticaeducativa\\\/2023\\\/06\\\/26\\\/la-perpetuacion-de-los-roles-de-genero-en-la-mercantilizacion-de-la-educacion\\\/#primaryimage\",\"url\":\"https:\\\/\\\/eldiariodelaeducacion.com\\\/porotrapoliticaeducativa\\\/wp-content\\\/uploads\\\/sites\\\/21\\\/2023\\\/06\\\/292678994_386772966855537_6995124582596132506_n.jpg\",\"contentUrl\":\"https:\\\/\\\/eldiariodelaeducacion.com\\\/porotrapoliticaeducativa\\\/wp-content\\\/uploads\\\/sites\\\/21\\\/2023\\\/06\\\/292678994_386772966855537_6995124582596132506_n.jpg\",\"width\":1440,\"height\":1440,\"caption\":\"Ilustraci\u00f3n cedida por Joseba G. Plazuelo\"},{\"@type\":\"BreadcrumbList\",\"@id\":\"https:\\\/\\\/eldiariodelaeducacion.com\\\/porotrapoliticaeducativa\\\/2023\\\/06\\\/26\\\/la-perpetuacion-de-los-roles-de-genero-en-la-mercantilizacion-de-la-educacion\\\/#breadcrumb\",\"itemListElement\":[{\"@type\":\"ListItem\",\"position\":1,\"name\":\"Portada\",\"item\":\"https:\\\/\\\/eldiariodelaeducacion.com\\\/porotrapoliticaeducativa\\\/\"},{\"@type\":\"ListItem\",\"position\":2,\"name\":\"La perpetuaci\u00f3n de los roles de g\u00e9nero en la mercantilizaci\u00f3n de la educaci\u00f3n\"}]},{\"@type\":\"WebSite\",\"@id\":\"https:\\\/\\\/eldiariodelaeducacion.com\\\/porotrapoliticaeducativa\\\/#website\",\"url\":\"https:\\\/\\\/eldiariodelaeducacion.com\\\/porotrapoliticaeducativa\\\/\",\"name\":\"Por otra pol\u00edtica educativa. Foro de Sevilla.\",\"description\":\"Un blog de El Diario de la Educaci\u00f3n\",\"potentialAction\":[{\"@type\":\"SearchAction\",\"target\":{\"@type\":\"EntryPoint\",\"urlTemplate\":\"https:\\\/\\\/eldiariodelaeducacion.com\\\/porotrapoliticaeducativa\\\/?s={search_term_string}\"},\"query-input\":{\"@type\":\"PropertyValueSpecification\",\"valueRequired\":true,\"valueName\":\"search_term_string\"}}],\"inLanguage\":\"es\"},{\"@type\":\"Person\",\"@id\":\"https:\\\/\\\/eldiariodelaeducacion.com\\\/porotrapoliticaeducativa\\\/#\\\/schema\\\/person\\\/eeb0b66fbcf65fa8770bf5ce2c2eb88e\",\"name\":\"Carmen Rodr\u00edguez Mart\u00ednez\",\"image\":{\"@type\":\"ImageObject\",\"inLanguage\":\"es\",\"@id\":\"https:\\\/\\\/eldiariodelaeducacion.com\\\/wp-content\\\/uploads\\\/2024\\\/10\\\/carmen-rodriguez-martinez_avatar-96x96.jpg\",\"url\":\"https:\\\/\\\/eldiariodelaeducacion.com\\\/wp-content\\\/uploads\\\/2024\\\/10\\\/carmen-rodriguez-martinez_avatar-96x96.jpg\",\"contentUrl\":\"https:\\\/\\\/eldiariodelaeducacion.com\\\/wp-content\\\/uploads\\\/2024\\\/10\\\/carmen-rodriguez-martinez_avatar-96x96.jpg\",\"caption\":\"Carmen Rodr\u00edguez Mart\u00ednez\"},\"description\":\"Doctora en Filosof\u00eda y Ciencias de la Educaci\u00f3n. Profesora Titular del Departamento de Did\u00e1ctica y Organizaci\u00f3n Escolar de la Universidad de M\u00e1laga. Miembro de la Permanente del Foro de Sevilla. Por otra pol\u00edtica educativa.\",\"url\":\"https:\\\/\\\/eldiariodelaeducacion.com\\\/porotrapoliticaeducativa\\\/author\\\/crodriguez\\\/\"}]}<\/script>\n<!-- \/ Yoast SEO plugin. -->","yoast_head_json":{"title":"La perpetuaci\u00f3n de los roles de g\u00e9nero en la mercantilizaci\u00f3n de la educaci\u00f3n - Por otra pol\u00edtica educativa. Foro de Sevilla.","robots":{"index":"index","follow":"follow","max-snippet":"max-snippet:-1","max-image-preview":"max-image-preview:large","max-video-preview":"max-video-preview:-1"},"canonical":"https:\/\/eldiariodelaeducacion.com\/porotrapoliticaeducativa\/2023\/06\/26\/la-perpetuacion-de-los-roles-de-genero-en-la-mercantilizacion-de-la-educacion\/","og_locale":"es_ES","og_type":"article","og_title":"La perpetuaci\u00f3n de los roles de g\u00e9nero en la mercantilizaci\u00f3n de la educaci\u00f3n - Por otra pol\u00edtica educativa.Foro de Sevilla","og_description":"En educaci\u00f3n hemos pasado a una escuela mercantilista que solo busca el \u00e9xito profesional y fortalece la competitividad, mientras se aleja de un modelo educativo personal que considere las necesidades del alumnado, y desarrolle las emociones, el pensamiento, la creatividad y la educaci\u00f3n de g\u00e9nero y derechos sexuales reproductivos.","og_url":"https:\/\/eldiariodelaeducacion.com\/porotrapoliticaeducativa\/2023\/06\/26\/la-perpetuacion-de-los-roles-de-genero-en-la-mercantilizacion-de-la-educacion\/","og_site_name":"Por otra pol\u00edtica educativa. Foro de Sevilla.","article_published_time":"2023-06-26T04:00:24+00:00","article_modified_time":"2024-08-21T14:50:59+00:00","og_image":[{"width":1440,"height":1440,"url":"https:\/\/eldiariodelaeducacion.com\/porotrapoliticaeducativa\/wp-content\/uploads\/sites\/21\/2023\/06\/292678994_386772966855537_6995124582596132506_n.jpg","type":"image\/jpeg"}],"author":"Carmen Rodr\u00edguez Mart\u00ednez","twitter_card":"summary_large_image","twitter_title":"La perpetuaci\u00f3n de los roles de g\u00e9nero en la mercantilizaci\u00f3n de la educaci\u00f3n - Por otra pol\u00edtica educativa.Foro de Sevilla","twitter_description":"En educaci\u00f3n hemos pasado a una escuela mercantilista que solo busca el \u00e9xito profesional y fortalece la competitividad, mientras se aleja de un modelo educativo personal que considere las necesidades del alumnado, y desarrolle las emociones, el pensamiento, la creatividad y la educaci\u00f3n de g\u00e9nero y derechos sexuales reproductivos.","twitter_misc":{"Escrito por":"Carmen Rodr\u00edguez Mart\u00ednez","Tiempo de lectura":"4 minutos"},"schema":{"@context":"https:\/\/schema.org","@graph":[{"@type":"Article","@id":"https:\/\/eldiariodelaeducacion.com\/porotrapoliticaeducativa\/2023\/06\/26\/la-perpetuacion-de-los-roles-de-genero-en-la-mercantilizacion-de-la-educacion\/#article","isPartOf":{"@id":"https:\/\/eldiariodelaeducacion.com\/porotrapoliticaeducativa\/2023\/06\/26\/la-perpetuacion-de-los-roles-de-genero-en-la-mercantilizacion-de-la-educacion\/"},"author":{"name":"Carmen Rodr\u00edguez Mart\u00ednez","@id":"https:\/\/eldiariodelaeducacion.com\/porotrapoliticaeducativa\/#\/schema\/person\/eeb0b66fbcf65fa8770bf5ce2c2eb88e"},"headline":"La perpetuaci\u00f3n de los roles de g\u00e9nero en la mercantilizaci\u00f3n de la educaci\u00f3n","datePublished":"2023-06-26T04:00:24+00:00","dateModified":"2024-08-21T14:50:59+00:00","mainEntityOfPage":{"@id":"https:\/\/eldiariodelaeducacion.com\/porotrapoliticaeducativa\/2023\/06\/26\/la-perpetuacion-de-los-roles-de-genero-en-la-mercantilizacion-de-la-educacion\/"},"wordCount":745,"commentCount":0,"image":{"@id":"https:\/\/eldiariodelaeducacion.com\/porotrapoliticaeducativa\/2023\/06\/26\/la-perpetuacion-de-los-roles-de-genero-en-la-mercantilizacion-de-la-educacion\/#primaryimage"},"thumbnailUrl":"https:\/\/eldiariodelaeducacion.com\/porotrapoliticaeducativa\/wp-content\/uploads\/sites\/21\/2023\/06\/292678994_386772966855537_6995124582596132506_n.jpg","keywords":["Educaci\u00f3n de los afectos","escuela p\u00fablica","feminismo","Justicia social","Neoliberalismo","Valores"],"articleSection":["Por otra pol\u00edtica educativa. Foro de Sevilla"],"inLanguage":"es","potentialAction":[{"@type":"CommentAction","name":"Comment","target":["https:\/\/eldiariodelaeducacion.com\/porotrapoliticaeducativa\/2023\/06\/26\/la-perpetuacion-de-los-roles-de-genero-en-la-mercantilizacion-de-la-educacion\/#respond"]}]},{"@type":"WebPage","@id":"https:\/\/eldiariodelaeducacion.com\/porotrapoliticaeducativa\/2023\/06\/26\/la-perpetuacion-de-los-roles-de-genero-en-la-mercantilizacion-de-la-educacion\/","url":"https:\/\/eldiariodelaeducacion.com\/porotrapoliticaeducativa\/2023\/06\/26\/la-perpetuacion-de-los-roles-de-genero-en-la-mercantilizacion-de-la-educacion\/","name":"La perpetuaci\u00f3n de los roles de g\u00e9nero en la mercantilizaci\u00f3n de la educaci\u00f3n - Por otra pol\u00edtica educativa. Foro de Sevilla.","isPartOf":{"@id":"https:\/\/eldiariodelaeducacion.com\/porotrapoliticaeducativa\/#website"},"primaryImageOfPage":{"@id":"https:\/\/eldiariodelaeducacion.com\/porotrapoliticaeducativa\/2023\/06\/26\/la-perpetuacion-de-los-roles-de-genero-en-la-mercantilizacion-de-la-educacion\/#primaryimage"},"image":{"@id":"https:\/\/eldiariodelaeducacion.com\/porotrapoliticaeducativa\/2023\/06\/26\/la-perpetuacion-de-los-roles-de-genero-en-la-mercantilizacion-de-la-educacion\/#primaryimage"},"thumbnailUrl":"https:\/\/eldiariodelaeducacion.com\/porotrapoliticaeducativa\/wp-content\/uploads\/sites\/21\/2023\/06\/292678994_386772966855537_6995124582596132506_n.jpg","datePublished":"2023-06-26T04:00:24+00:00","dateModified":"2024-08-21T14:50:59+00:00","author":{"@id":"https:\/\/eldiariodelaeducacion.com\/porotrapoliticaeducativa\/#\/schema\/person\/eeb0b66fbcf65fa8770bf5ce2c2eb88e"},"breadcrumb":{"@id":"https:\/\/eldiariodelaeducacion.com\/porotrapoliticaeducativa\/2023\/06\/26\/la-perpetuacion-de-los-roles-de-genero-en-la-mercantilizacion-de-la-educacion\/#breadcrumb"},"inLanguage":"es","potentialAction":[{"@type":"ReadAction","target":["https:\/\/eldiariodelaeducacion.com\/porotrapoliticaeducativa\/2023\/06\/26\/la-perpetuacion-de-los-roles-de-genero-en-la-mercantilizacion-de-la-educacion\/"]}]},{"@type":"ImageObject","inLanguage":"es","@id":"https:\/\/eldiariodelaeducacion.com\/porotrapoliticaeducativa\/2023\/06\/26\/la-perpetuacion-de-los-roles-de-genero-en-la-mercantilizacion-de-la-educacion\/#primaryimage","url":"https:\/\/eldiariodelaeducacion.com\/porotrapoliticaeducativa\/wp-content\/uploads\/sites\/21\/2023\/06\/292678994_386772966855537_6995124582596132506_n.jpg","contentUrl":"https:\/\/eldiariodelaeducacion.com\/porotrapoliticaeducativa\/wp-content\/uploads\/sites\/21\/2023\/06\/292678994_386772966855537_6995124582596132506_n.jpg","width":1440,"height":1440,"caption":"Ilustraci\u00f3n cedida por Joseba G. Plazuelo"},{"@type":"BreadcrumbList","@id":"https:\/\/eldiariodelaeducacion.com\/porotrapoliticaeducativa\/2023\/06\/26\/la-perpetuacion-de-los-roles-de-genero-en-la-mercantilizacion-de-la-educacion\/#breadcrumb","itemListElement":[{"@type":"ListItem","position":1,"name":"Portada","item":"https:\/\/eldiariodelaeducacion.com\/porotrapoliticaeducativa\/"},{"@type":"ListItem","position":2,"name":"La perpetuaci\u00f3n de los roles de g\u00e9nero en la mercantilizaci\u00f3n de la educaci\u00f3n"}]},{"@type":"WebSite","@id":"https:\/\/eldiariodelaeducacion.com\/porotrapoliticaeducativa\/#website","url":"https:\/\/eldiariodelaeducacion.com\/porotrapoliticaeducativa\/","name":"Por otra pol\u00edtica educativa. Foro de Sevilla.","description":"Un blog de El Diario de la Educaci\u00f3n","potentialAction":[{"@type":"SearchAction","target":{"@type":"EntryPoint","urlTemplate":"https:\/\/eldiariodelaeducacion.com\/porotrapoliticaeducativa\/?s={search_term_string}"},"query-input":{"@type":"PropertyValueSpecification","valueRequired":true,"valueName":"search_term_string"}}],"inLanguage":"es"},{"@type":"Person","@id":"https:\/\/eldiariodelaeducacion.com\/porotrapoliticaeducativa\/#\/schema\/person\/eeb0b66fbcf65fa8770bf5ce2c2eb88e","name":"Carmen Rodr\u00edguez Mart\u00ednez","image":{"@type":"ImageObject","inLanguage":"es","@id":"https:\/\/eldiariodelaeducacion.com\/wp-content\/uploads\/2024\/10\/carmen-rodriguez-martinez_avatar-96x96.jpg","url":"https:\/\/eldiariodelaeducacion.com\/wp-content\/uploads\/2024\/10\/carmen-rodriguez-martinez_avatar-96x96.jpg","contentUrl":"https:\/\/eldiariodelaeducacion.com\/wp-content\/uploads\/2024\/10\/carmen-rodriguez-martinez_avatar-96x96.jpg","caption":"Carmen Rodr\u00edguez Mart\u00ednez"},"description":"Doctora en Filosof\u00eda y Ciencias de la Educaci\u00f3n. Profesora Titular del Departamento de Did\u00e1ctica y Organizaci\u00f3n Escolar de la Universidad de M\u00e1laga. Miembro de la Permanente del Foro de Sevilla. Por otra pol\u00edtica educativa.","url":"https:\/\/eldiariodelaeducacion.com\/porotrapoliticaeducativa\/author\/crodriguez\/"}]}},"_links":{"self":[{"href":"https:\/\/eldiariodelaeducacion.com\/porotrapoliticaeducativa\/wp-json\/wp\/v2\/posts\/1964","targetHints":{"allow":["GET"]}}],"collection":[{"href":"https:\/\/eldiariodelaeducacion.com\/porotrapoliticaeducativa\/wp-json\/wp\/v2\/posts"}],"about":[{"href":"https:\/\/eldiariodelaeducacion.com\/porotrapoliticaeducativa\/wp-json\/wp\/v2\/types\/post"}],"author":[{"embeddable":true,"href":"https:\/\/eldiariodelaeducacion.com\/porotrapoliticaeducativa\/wp-json\/wp\/v2\/users\/201"}],"replies":[{"embeddable":true,"href":"https:\/\/eldiariodelaeducacion.com\/porotrapoliticaeducativa\/wp-json\/wp\/v2\/comments?post=1964"}],"version-history":[{"count":1,"href":"https:\/\/eldiariodelaeducacion.com\/porotrapoliticaeducativa\/wp-json\/wp\/v2\/posts\/1964\/revisions"}],"predecessor-version":[{"id":2502,"href":"https:\/\/eldiariodelaeducacion.com\/porotrapoliticaeducativa\/wp-json\/wp\/v2\/posts\/1964\/revisions\/2502"}],"wp:featuredmedia":[{"embeddable":true,"href":"https:\/\/eldiariodelaeducacion.com\/porotrapoliticaeducativa\/wp-json\/wp\/v2\/media\/1965"}],"wp:attachment":[{"href":"https:\/\/eldiariodelaeducacion.com\/porotrapoliticaeducativa\/wp-json\/wp\/v2\/media?parent=1964"}],"wp:term":[{"taxonomy":"category","embeddable":true,"href":"https:\/\/eldiariodelaeducacion.com\/porotrapoliticaeducativa\/wp-json\/wp\/v2\/categories?post=1964"},{"taxonomy":"post_tag","embeddable":true,"href":"https:\/\/eldiariodelaeducacion.com\/porotrapoliticaeducativa\/wp-json\/wp\/v2\/tags?post=1964"},{"taxonomy":"tipo","embeddable":true,"href":"https:\/\/eldiariodelaeducacion.com\/porotrapoliticaeducativa\/wp-json\/wp\/v2\/tipo?post=1964"}],"curies":[{"name":"wp","href":"https:\/\/api.w.org\/{rel}","templated":true}]}}