{"id":1973,"date":"2023-07-10T06:00:10","date_gmt":"2023-07-10T04:00:10","guid":{"rendered":"https:\/\/eldiariodelaeducacion.com\/porotrapoliticaeducativa\/?p=1973"},"modified":"2024-08-21T16:50:59","modified_gmt":"2024-08-21T14:50:59","slug":"hacia-donde-va-la-fp-la-dual-y-el-sueno-del-tio-sam","status":"publish","type":"post","link":"https:\/\/eldiariodelaeducacion.com\/porotrapoliticaeducativa\/2023\/07\/10\/hacia-donde-va-la-fp-la-dual-y-el-sueno-del-tio-sam\/","title":{"rendered":"\u00bfHacia d\u00f3nde va la FP? La dual y el sue\u00f1o del T\u00edo Sam"},"content":{"rendered":"<h3>\u00bfDe d\u00f3nde venimos? \u00bfQu\u00e9 FP se est\u00e1 configurando?<\/h3>\n<p>En este mundo que se est\u00e1 reorganizando, parece que Europa y el estado espa\u00f1ol se est\u00e1n reconfigurando para reindustrializarse tras varios decenios de deslocalizaciones, fundamentalmente a Asia, China como actor clave.<\/p>\n<p>Esto qued\u00f3 meridianamente claro cuando en lo peor de la pandemia se subastaban mascarillas a precio de oro al mismo tiempo que los aviones con el cargamento iban volando, incluso a pie de escalera en los propios aeropuertos. Ser\u00eda de Berlanga, si no fuera tan tremendo. Para el caso que nos ocupa, el aprendizaje es claro y tenemos que estar de acuerdo: Europa y Espa\u00f1a no pueden tener esa tan alta dependencia exterior para sus suministros. La Formaci\u00f3n Profesional, como base de la calidad productiva de la fuerza de trabajo tiene que afrontar esa problem\u00e1tica. No es el \u00fanico factor. Tambi\u00e9n la reorganizaci\u00f3n mundial de los bloques geoestrat\u00e9gicos y el c\u00f3mo el capitalismo global se est\u00e1 posicionando en esta multicrisis ecosocial, b\u00e9lica, clim\u00e1tica y de biodiversidad, est\u00e1n empujando en la misma direcci\u00f3n.<\/p>\n<p>Esto se reflejaba desde antes de la pandemia por Covid-19. Ahora bien, el eslogan de hace tres a\u00f1os de \u201cde esta salimos entre todas\u201d o \u201csin dejar a nadie atr\u00e1s\u201d habr\u00e1 que hacerlo efectivo y las fuerzas hegem\u00f3nicas no parece que est\u00e9n ahora en esa l\u00ednea. Los proyectos de vida de nuestras j\u00f3venes estudiantes siguen encontrando la inflaci\u00f3n, el acceso a la vivienda y las condiciones de contrataci\u00f3n como grandes barreras para su emancipaci\u00f3n.<span data-contrast=\"none\">\u00a0<\/span><\/p>\n<blockquote><p><span data-contrast=\"none\">Se necesitan t\u00e9cnicos, no universitarios, en esta fase del capitalismo espa\u00f1ol y no hay un clamor social que exija las m\u00e1s altas capacidades formativas para la clase trabajadora<strong><br \/>\n<\/strong>\u202f<\/span><span data-ccp-props=\"{&quot;201341983&quot;:0,&quot;335559685&quot;:709,&quot;335559737&quot;:-1701,&quot;335559740&quot;:276,&quot;335559991&quot;:709}\">\u00a0<\/span><\/p><\/blockquote>\n<p>El eje producci\u00f3n-formaci\u00f3n-empleo se est\u00e1 tensionando much\u00edsimo tal como se ve en los objetivos del <a href=\"https:\/\/www.lamoncloa.gob.es\/temas\/fondos-recuperacion\/Documents\/16062021-Componente20.pdf\">plan estrat\u00e9gico de FP<\/a> aprobado por el gobierno en 2020, sobre un documento que ya estaba formulado en 2019. El incremento exponencial de plazas, presupuestos y nuevas titulaciones de FP as\u00ed lo corroboran (muy aprovechado para la privatizaci\u00f3n de la FP). Se est\u00e1 realizando un vuelco en el cuerpo de la formaci\u00f3n de nuestra sociedad, evitando el acceso a la universidad y ampliando la FP. Se necesitan t\u00e9cnicos, no universitarios, en esta fase del capitalismo espa\u00f1ol y no hay un clamor social que exija las m\u00e1s altas capacidades formativas para la clase trabajadora.\u00e7Hace treinta a\u00f1os con las deslocalizaciones se justificaba la sociedad del conocimiento, m\u00e1s o menos as\u00ed: tener tantas personas universitarias en nuestro pa\u00eds era un gran valor que impulsaba la idea del capitalismo globalizado, en una f\u00f3rmula que ven\u00eda a decir que el nuevo orden mundial, tras la ca\u00edda del bloque sovi\u00e9tico, pod\u00eda extender la globalizaci\u00f3n gracias a esa ausencia de fronteras al mercado. Para ello, necesitaba la extensi\u00f3n de las autopistas de la informaci\u00f3n en una sociedad del conocimiento en la que, desde los centros neur\u00e1lgicos del capital, remitir los \u201cdise\u00f1os inteligentes\u201d, de nuestra sociedad \u201cm\u00e1s avanzada\u201d, a las plantas de producci\u00f3n asi\u00e1ticas. Posteriormente, y gracias a los combustibles f\u00f3siles baratos, redistribuir en el planeta toda la producci\u00f3n (las sucesivas guerras de Irak como puntales clave para alimentar aquella globalizaci\u00f3n capitalista).<\/p>\n<blockquote><p><span data-contrast=\"none\">Es una carrera donde la digitalizaci\u00f3n y el emprendimiento opacan la precariedad de la vida para nuestras j\u00f3venes<strong><br \/>\n<\/strong>\u202f<\/span><span data-ccp-props=\"{&quot;201341983&quot;:0,&quot;335559685&quot;:709,&quot;335559737&quot;:-1701,&quot;335559740&quot;:276,&quot;335559991&quot;:709}\">\u00a0<\/span><\/p><\/blockquote>\n<p>Este esquema de cadenas de valor, desde la inteligencia europea-espa\u00f1ola gracias a la masa de titulados universitarios, ten\u00eda una cara oculta. Las deslocalizaciones supon\u00edan tambi\u00e9n la desorganizaci\u00f3n de la clase trabajadora, sin tener espacios de producci\u00f3n y centros de trabajo donde estar organizados en sindicatos. Por tanto, no tendr\u00edan, a futuro, capacidad organizativa ni de defensa de sus intereses. Se podr\u00eda resumir en \u201cSi no hay nada que producir no tienes huelgas con las que pelear\u201d. Al mismo tiempo, el eje econ\u00f3mico se vir\u00f3 en bloque, de nuevo, al sector inmobiliario y al turismo como pudimos comprobar duramente con la crisis financiera de 2008. Y entretanto, reformas laborales que supusieron huelgas generales en 2010 y 2012. Dichas reformas laborales, en especial la de 2012, incorporaban, no por casualidad, el contrato de formaci\u00f3n que se empez\u00f3 a utilizar en los proyectos de formaci\u00f3n profesional en alternancia\/DUAL.<\/p>\n<p>Volviendo pues, al plan estrat\u00e9gico de FP, podemos afirmar que es una carrera donde la digitalizaci\u00f3n y el emprendimiento opacan la precariedad de la vida para nuestras j\u00f3venes.\u00a0 Se destinan fondos extraordinarios para abrir 1.350 aulas de emprendimiento (18,5 M \u20ac) y <a href=\"https:\/\/www.boe.es\/buscar\/doc.php?id=BOE-A-2021-16952\">953 aulas de tecnolog\u00eda aplicada<\/a> (35,1 M \u20ac), se incluye en el borrador de RD una materia para la sostenibilidad y desaparece expl\u00edcitamente la tem\u00e1tica FOL para orientarse a la empleabilidad. Nada de hablar del derecho al trabajo ni de los derechos laborales como tal. Muy significativo el que expl\u00edcitamente no aparezca en el propio t\u00edtulo de ninguno de los m\u00f3dulos que deben cursarse nada relacionado con derechos laborales y s\u00ed de la empleabilidad, t\u00e9rmino que se\u00f1ala a las personas como responsables de su propio desempleo.<\/p>\n<p>El planeta finito parece no importar (as\u00ed lo est\u00e1 demandando la uni\u00f3n europea actual \u2026 pidiendo relajar las condiciones de los informes de viabilidad ambiental) y la salud global de los ecosistemas, de las personas, incluyendo la mental, afecta cada vez m\u00e1s a m\u00e1s compa\u00f1eras en una sociedad en la que ya se sabe que las estudiantes de hoy vivir\u00e1n peor que sus antecesores.<strong>\u00a0<\/strong><\/p>\n<h3>Algunas caracter\u00edsticas de la ley de ordenaci\u00f3n e integraci\u00f3n de la FP<\/h3>\n<ul>\n<li><span style=\"font-family: var(--data-base-font-family);font-size: 1rem\">Todo t\u00edtulo de FP pasa a ser dual, m\u00ednimo del 25% de sus contenidos impartidos por tutor\u00edas de empresa.<\/span><\/li>\n<li>Habr\u00e1 t\u00edtulos duales de entre el 35% y hasta el 50%. Son los denominados de r\u00e9gimen intensivo por su alta empleabilidad teniendo que incluir un contrato de formaci\u00f3n.<\/li>\n<\/ul>\n<p>Focalizando esto en algunos aspectos que consideramos de mayor nivel:<\/p>\n<p>\u00bfPor qu\u00e9 la CEOE y las empresas en general est\u00e1n a favor de esta ley? \u00bfpor qu\u00e9 no est\u00e1n en contra de una injerencia del estado en su organizaci\u00f3n y funcionamiento?<\/p>\n<p>La LIOFP viene a decir, una vez que est\u00e9 completamente implantada: si no hay dualizaci\u00f3n no hay formaci\u00f3n profesional. Por lo tanto, las empresas e instituciones privadas que quieran contar con personal t\u00e9cnico formado tendr\u00e1n que llegar a acuerdos de dual y poner a parte de su plantilla a ejercer labores de tutor\u00edas de empresa, con rol docente (cada vez m\u00e1s en duda en buena parte de las empresas y convirti\u00e9ndose en fases largas de Formaci\u00f3n en Centros de Trabajo -FCT-). Es toda una injerencia del estado, que aprueba una ley que hace este planteamiento: si quer\u00e9is que las nuevas fuerzas productivas est\u00e9n formadas, habr\u00e9is de disponer de tutor\u00edas de empresa y dualizar.<\/p>\n<p>Si como m\u00ednimo el 25% de las horas de cada t\u00edtulo tienen que estar dualizadas, podemos hacer algunos c\u00e1lculos sencillos para un horario semanal t\u00edpico de FP: de las 30 horas semanales la empresa tiene que dedicar, al menos, 7,5 horas de alguien de su plantilla para que asuma tareas docentes. \u00bfNo es una injerencia de lo p\u00fablico en lo privado? (Lo llaman colaboraci\u00f3n p\u00fablico-privada). Pero si no est\u00e1n en contra, no lo denuncian como injerencia, \u2026 \u00bfpor qu\u00e9 lo aceptan? \u00bfc\u00f3mo afecta a sus cuentas de resultados?<\/p>\n<p>Un primer dato puede ayudar a comprender por qu\u00e9 ocurre esto. Las empresas en Espa\u00f1a han reducido pr\u00e1cticamente a la mitad la inversi\u00f3n en formaci\u00f3n de sus propias plantillas durante los \u00faltimos 10 a\u00f1os. Son datos oficiales del propio instituto nacional de estad\u00edstica. Los datos oficiales de la estructura de costes salariales del INE ofrecen datos contundentes: si en 2008 la media de inversi\u00f3n en formaci\u00f3n por persona contratada en Espa\u00f1a era de 104,28 \u20ac, ahora estamos en 60,51 \u20ac. Si consideramos la inflaci\u00f3n acumulada entre 2008 y 2021 (del 24,5%), los datos son muy elocuentes:<\/p>\n<table width=\"576\">\n<thead>\n<tr>\n<td width=\"167\"><\/td>\n<td style=\"text-align: center\" width=\"68\">2008<\/td>\n<td style=\"text-align: center\" width=\"86\">2021<\/td>\n<td style=\"text-align: center\" width=\"138\">Variaci\u00f3n bruta<\/td>\n<td width=\"117\">\n<p style=\"text-align: center\">Variaci\u00f3n porcentual<\/p>\n<\/td>\n<\/tr>\n<\/thead>\n<tbody>\n<tr>\n<td width=\"167\">Inversi\u00f3n en formaci\u00f3n, seg\u00fan datos del INE<\/td>\n<td style=\"text-align: center\" width=\"68\">104,28<\/td>\n<td style=\"text-align: center\" width=\"86\">60,51<\/td>\n<td style=\"text-align: center\" width=\"138\"><strong>&#8211; 43,77 \u20ac<\/strong><\/td>\n<td style=\"text-align: center\" width=\"117\"><strong>&#8211; 42 %<\/strong><\/td>\n<\/tr>\n<tr>\n<td style=\"text-align: left\" width=\"167\">Inversi\u00f3n en formaci\u00f3n considerando el IPC acumulado 2008-2021: 24,5%<\/td>\n<td style=\"text-align: center\" width=\"68\"><strong>129,83<\/strong><\/td>\n<td style=\"text-align: center\" width=\"86\"><strong>60,51<\/strong><\/td>\n<td style=\"text-align: center\" width=\"138\"><strong>&#8211; 69,32 \u20ac<\/strong><\/td>\n<td style=\"text-align: center\" width=\"117\"><strong>-53,4 %<\/strong><\/td>\n<\/tr>\n<\/tbody>\n<\/table>\n<p>Fuente: <a href=\"https:\/\/www.publico.es\/economia\/empresas-recortan-mitad-decada-dinero.html\" target=\"_blank\" rel=\"noopener\">https:\/\/www.publico.es\/economia\/empresas-recortan-mitad-decada-dinero.html<\/a>;<br \/>\n<a href=\"https:\/\/ine.es\/prensa\/eacl_2021.pdf\" target=\"_blank\" rel=\"noopener\">https:\/\/ine.es\/prensa\/eacl_2021.pdf<\/a><\/p>\n<h3>Rotaci\u00f3n de aprendices<\/h3>\n<p>La integraci\u00f3n y ordenaci\u00f3n de la FP, con lo que significa de FP reglada, la ocupacional y para el empleo, ofrece a las empresas, todo un ej\u00e9rcito de estudiantes a sus puertas, a\u00f1o tras a\u00f1o, promoci\u00f3n tras promoci\u00f3n con un curr\u00edculum elaborado por sus propios intereses y recogido en los acuerdos de dual. \u00bfPara qu\u00e9 van a dedicar presupuesto para formaci\u00f3n aparte? No es que no lo vayan a necesitar, pero s\u00ed podr\u00e1n \u201cahorrarse\u201d un buen porcentaje. Y eso es lo que evidencian los datos de la tabla anterior. M\u00e1s bajadas de impuestos para socializar las necesidades de funcionamiento de las empresas de formaci\u00f3n y reclutamiento. El sistema de FP a su servicio.<\/p>\n<p><span style=\"font-family: var(--data-base-font-family);font-size: 1rem\">Para seguir respondiendo a la pregunta de por qu\u00e9 las organizaciones empresariales est\u00e1n a favor, conviene hacer algunos an\u00e1lisis con otros factores que conlleva la nueva ley:<\/span><\/p>\n<ul>\n<li><span style=\"font-family: var(--data-base-font-family);font-size: 1rem\">Todo el alumnado va a pasar por las manos de una tutor\u00eda de empresa. Por lo tanto, podr\u00e1n estar haciendo selecci\u00f3n de personal cada curso y pujar por quedarse con los mejores. Siempre despu\u00e9s de haber pasado el primer filtro del propio centro de formaci\u00f3n. Puesto que&#8230;<\/span><\/li>\n<li>Los centros\/departamentos de FP se convierten en los departamentos de recursos humanos y formaci\u00f3n externalizados de las empresas. Los primeros trimestres de cada primer curso sirven para las <em>soft-skills<\/em> donde las materias de empleabilidad har\u00e1n de filtrado y selecci\u00f3n del alumnado para la fase dual contando con la participaci\u00f3n de las tutor\u00edas de empresa (art. 61.3.b). As\u00ed que pueden ahorrarse personal de sus propias plantillas y ahorrarse tiempo y dedicaci\u00f3n. De una escuela que debe preocuparse por atender al 100% de su alumnado a una selectiva y competitiva. \u00bfHar\u00e1n las empresas rankings de centros de FP?<\/li>\n<\/ul>\n<blockquote><p><span data-contrast=\"none\">Es un sistema p\u00fablico a su servicio, <em>el sue\u00f1o del t\u00edo Sam<\/em><strong><br \/>\n<\/strong>\u202f<\/span><span data-ccp-props=\"{&quot;201341983&quot;:0,&quot;335559685&quot;:709,&quot;335559737&quot;:-1701,&quot;335559740&quot;:276,&quot;335559991&quot;:709}\">\u00a0<\/span><\/p><\/blockquote>\n<ul>\n<li><span style=\"font-family: var(--data-base-font-family);font-size: 1rem\">Al tener que todo t\u00edtulo ser\u00e1 dual, la oferta de plazas depender\u00e1 de la demanda empresarial. Es decir, se est\u00e1 haciendo una planificaci\u00f3n de plazas de todo el sistema de FP en funci\u00f3n de los intereses privados. Socialismo de propietarios (sic) ejecutado por todo un sistema p\u00fablico a su servicio, <\/span><em style=\"font-family: var(--data-base-font-family);font-size: 1rem\">el sue\u00f1o del t\u00edo Sam<\/em><span style=\"font-family: var(--data-base-font-family);font-size: 1rem\">. Cuando se ha dicho en los \u00faltimos a\u00f1os que las pol\u00edticas m\u00e1s neoliberales s\u00f3lo querr\u00edan tener en el estado fuerzas del orden, sistema judicial y sistemas asistencialistas no contaban con esta maquinaria puesta a sus pies.<\/span><\/li>\n<li>El punto anterior, podr\u00e1 tener la excepci\u00f3n en aquellos casos en los que las empresas o sus asociaciones, organicen aulas de dual en sus propias instalaciones pudiendo albergar m\u00e1s plazas de estudiantes. As\u00ed tendr\u00e1n \u201cm\u00e1s donde elegir\u201d. (art. 84. b y c) e incluso convertirse en centros de formaci\u00f3n homologados, en la l\u00ednea de la privatizaci\u00f3n que ya est\u00e1 operando.<\/li>\n<li>Las tutor\u00edas de empresas, personal formador no perteneciente a los cuerpos docentes del sistema educativo, podr\u00e1n recibir programas espec\u00edficos de formaci\u00f3n por parte de las administraciones del estado competentes en formaci\u00f3n. Art. 87.3. Para ello se podr\u00e1n establecer los acuerdos pertinentes. Con lo cual, podemos ver a los Centros de Profesorado formando a personal privado para realizar funciones docentes en FP. El sistema de FP a su servicio.<\/li>\n<\/ul>\n<blockquote><p><span data-contrast=\"none\">Las empresas dispondr\u00e1n de una mayor posibilidad de establecer el c\u00f3mo se va a desarrollar el marco de pensamiento del alumnado<strong><br \/>\n<\/strong>\u202f<\/span><span data-ccp-props=\"{&quot;201341983&quot;:0,&quot;335559685&quot;:709,&quot;335559737&quot;:-1701,&quot;335559740&quot;:276,&quot;335559991&quot;:709}\">\u00a0<\/span><\/p><\/blockquote>\n<ul>\n<li>Tomando los dos puntos anteriores conjuntamente: se va a producir un trasvase de conocimiento docente de los centros educativos a las empresas. A la vuelta de unos a\u00f1os, cuando hayan \u201caprendido\u201d a formar a sus propios aprendices, \u00bfpara qu\u00e9 ser\u00e1 necesario el sistema p\u00fablico de FP? Hace 10 a\u00f1os, los proyectos de FP en Alternancia, hoy duales, se trataban como \u201cexperimentales\u201d, al menos en Andaluc\u00eda. \u00bfDentro de 10 a\u00f1os c\u00f3mo estaremos?<\/li>\n<li>\u00a0Las empresas dispondr\u00e1n de una mayor posibilidad de establecer el c\u00f3mo se va a desarrollar el marco de pensamiento del alumnado: c\u00f3mo comportarse entre s\u00ed, con las tutor\u00edas de empresa y los mandos de contrataci\u00f3n en base a la promesa de futuro de un contrato (que ya se ha dado previamente en la fase del centro educativo en la que se hacen las primeras preselecciones de qu\u00e9 alumnado va a tal empresa o a otra y en qu\u00e9 orden; o simplemente \u201csuspenden\u201d y no podr\u00e1n acceder. De hecho, el art\u00edculo 63.3 permite la participaci\u00f3n de las tutor\u00edas de empresa en las sesiones de evaluaci\u00f3n. \u00bfA qu\u00e9 se le llamar\u00e1 fracaso escolar? En estudios no duales, hasta ahora, al alumnado m\u00e1s complicado, se le ha podido dar alguna medida de acompa\u00f1amiento en su fase de maduraci\u00f3n en el sistema educativo.<\/li>\n<\/ul>\n<p><span data-ccp-props=\"{&quot;201341983&quot;:0,&quot;335559740&quot;:276}\">Toda la transformaci\u00f3n que est\u00e1 operando en el sistema de FP en Espa\u00f1a tiene una fuerte implicaci\u00f3n y afecta a m\u00faltiples elementos. Hay muchas m\u00e1s preocupaciones al respecto que no se han podido tratar en este art\u00edculo. Tambi\u00e9n queremos decir que la estructuraci\u00f3n en niveles o grados, la acreditaci\u00f3n de competencias profesionales, los itinerarios flexibles, \u2026 desde un punto de vista t\u00e9cnico, los consideramos positivos. Nuestra preocupaci\u00f3n pasa por entender que, seg\u00fan los an\u00e1lisis realizados, conlleva una privatizaci\u00f3n del sistema, funcional y organizativamente. Adem\u00e1s de significar que la juventud de clase trabajadora tendr\u00e1 que aprender en un sistema jerarquizado bajo el mando de \u201cquien paga manda\u201d. Mientras tanto, Escuela p\u00fablica, de <a href=\"mailto:tod@s\">tod@s<\/a> y para <a href=\"mailto:tod@s\">tod@s<\/a>.<\/span><\/p>\n","protected":false},"excerpt":{"rendered":"<p>\u00bfDe d\u00f3nde venimos? \u00bfQu\u00e9 FP se est\u00e1 configurando? En este mundo que se est\u00e1 reorganizando, parece que Europa y el estado espa\u00f1ol se est\u00e1n reconfigurando para reindustrializarse tras varios decenios de deslocalizaciones, fundamentalmente a Asia, China como actor clave. Esto qued\u00f3 meridianamente claro cuando en lo peor de la pandemia se subastaban mascarillas a precio<\/p>\n","protected":false},"author":227,"featured_media":1995,"comment_status":"open","ping_status":"closed","sticky":false,"template":"","format":"standard","meta":{"footnotes":""},"categories":[18],"tags":[59,20,40,24,36,63,73],"tipo":[96],"class_list":{"0":"post-1973","1":"post","2":"type-post","3":"status-publish","4":"format-standard","5":"has-post-thumbnail","7":"category-por-otra-politica-educativa","8":"tag-ciudadania","9":"tag-escuela-publica","10":"tag-formacion-profesional","11":"tag-justicia-escolar","12":"tag-justicia-social","13":"tag-neoliberalismo","14":"tag-privatizacion-de-servicios-publicos","15":"tipo-analisis"},"yoast_head":"<!-- This site is optimized with the Yoast SEO plugin v27.5 - https:\/\/yoast.com\/product\/yoast-seo-wordpress\/ -->\n<title>\u00bfHacia d\u00f3nde va la FP? La dual y el sue\u00f1o del T\u00edo Sam - Por otra pol\u00edtica educativa. Foro de Sevilla.<\/title>\n<meta name=\"description\" content=\"Foramci\u00f3n Profesional\" \/>\n<meta name=\"robots\" content=\"index, follow, max-snippet:-1, max-image-preview:large, max-video-preview:-1\" \/>\n<link rel=\"canonical\" href=\"https:\/\/eldiariodelaeducacion.com\/porotrapoliticaeducativa\/2023\/07\/10\/hacia-donde-va-la-fp-la-dual-y-el-sueno-del-tio-sam\/\" \/>\n<meta property=\"og:locale\" content=\"es_ES\" \/>\n<meta property=\"og:type\" content=\"article\" \/>\n<meta property=\"og:title\" content=\"\u00bfHacia d\u00f3nde va la FP? La dual y el sue\u00f1o del T\u00edo Sam - Por otra pol\u00edtica educativa, Foro de Sevilla\" \/>\n<meta property=\"og:description\" content=\"La formaci\u00f3n profesional en Espa\u00f1a dentro del marco estrat\u00e9gico de 2020 y su plasmaci\u00f3n en leyes y reales decretos. Nuestra preocupaci\u00f3n pasa por entender que, seg\u00fan los an\u00e1lisis realizados, conlleva una privatizaci\u00f3n del sistema, funcional y organizativamente. Adem\u00e1s de significar que la juventud de clase trabajadora tendr\u00e1 que aprender en un sistema jerarquizado bajo el mando de \u201cquien paga manda\u201d.\" \/>\n<meta property=\"og:url\" content=\"https:\/\/eldiariodelaeducacion.com\/porotrapoliticaeducativa\/2023\/07\/10\/hacia-donde-va-la-fp-la-dual-y-el-sueno-del-tio-sam\/\" \/>\n<meta property=\"og:site_name\" content=\"Por otra pol\u00edtica educativa. Foro de Sevilla.\" \/>\n<meta property=\"article:published_time\" content=\"2023-07-10T04:00:10+00:00\" \/>\n<meta property=\"article:modified_time\" content=\"2024-08-21T14:50:59+00:00\" \/>\n<meta property=\"og:image\" content=\"https:\/\/eldiariodelaeducacion.com\/porotrapoliticaeducativa\/wp-content\/uploads\/sites\/21\/2023\/07\/cortada3.jpg\" \/>\n\t<meta property=\"og:image:width\" content=\"1866\" \/>\n\t<meta property=\"og:image:height\" content=\"1125\" \/>\n\t<meta property=\"og:image:type\" content=\"image\/jpeg\" \/>\n<meta name=\"author\" content=\"Fernando Cobos Becerra\" \/>\n<meta name=\"twitter:card\" content=\"summary_large_image\" \/>\n<meta name=\"twitter:description\" content=\"La formaci\u00f3n profesional en Espa\u00f1a dentro del marco estrat\u00e9gico de 2020 y su plasmaci\u00f3n en leyes y reales decretos. Nuestra preocupaci\u00f3n pasa por\" \/>\n<meta name=\"twitter:label1\" content=\"Escrito por\" \/>\n\t<meta name=\"twitter:data1\" content=\"Fernando Cobos Becerra\" \/>\n\t<meta name=\"twitter:label2\" content=\"Tiempo de lectura\" \/>\n\t<meta name=\"twitter:data2\" content=\"12 minutos\" \/>\n<script type=\"application\/ld+json\" class=\"yoast-schema-graph\">{\"@context\":\"https:\\\/\\\/schema.org\",\"@graph\":[{\"@type\":\"Article\",\"@id\":\"https:\\\/\\\/eldiariodelaeducacion.com\\\/porotrapoliticaeducativa\\\/2023\\\/07\\\/10\\\/hacia-donde-va-la-fp-la-dual-y-el-sueno-del-tio-sam\\\/#article\",\"isPartOf\":{\"@id\":\"https:\\\/\\\/eldiariodelaeducacion.com\\\/porotrapoliticaeducativa\\\/2023\\\/07\\\/10\\\/hacia-donde-va-la-fp-la-dual-y-el-sueno-del-tio-sam\\\/\"},\"author\":{\"name\":\"Fernando Cobos Becerra\",\"@id\":\"https:\\\/\\\/eldiariodelaeducacion.com\\\/porotrapoliticaeducativa\\\/#\\\/schema\\\/person\\\/52e6e5029c723ff0b3ad4fa95ffccf4a\"},\"headline\":\"\u00bfHacia d\u00f3nde va la FP? La dual y el sue\u00f1o del T\u00edo Sam\",\"datePublished\":\"2023-07-10T04:00:10+00:00\",\"dateModified\":\"2024-08-21T14:50:59+00:00\",\"mainEntityOfPage\":{\"@id\":\"https:\\\/\\\/eldiariodelaeducacion.com\\\/porotrapoliticaeducativa\\\/2023\\\/07\\\/10\\\/hacia-donde-va-la-fp-la-dual-y-el-sueno-del-tio-sam\\\/\"},\"wordCount\":2374,\"commentCount\":0,\"image\":{\"@id\":\"https:\\\/\\\/eldiariodelaeducacion.com\\\/porotrapoliticaeducativa\\\/2023\\\/07\\\/10\\\/hacia-donde-va-la-fp-la-dual-y-el-sueno-del-tio-sam\\\/#primaryimage\"},\"thumbnailUrl\":\"https:\\\/\\\/eldiariodelaeducacion.com\\\/porotrapoliticaeducativa\\\/wp-content\\\/uploads\\\/sites\\\/21\\\/2023\\\/07\\\/cortada3.jpg\",\"keywords\":[\"Ciudadan\u00eda\",\"escuela p\u00fablica\",\"Formaci\u00f3n Profesional\",\"Justicia escolar\",\"Justicia social\",\"Neoliberalismo\",\"Privatizaci\u00f3n de servicios p\u00fablicos\"],\"articleSection\":[\"Por otra pol\u00edtica educativa. Foro de Sevilla\"],\"inLanguage\":\"es\",\"potentialAction\":[{\"@type\":\"CommentAction\",\"name\":\"Comment\",\"target\":[\"https:\\\/\\\/eldiariodelaeducacion.com\\\/porotrapoliticaeducativa\\\/2023\\\/07\\\/10\\\/hacia-donde-va-la-fp-la-dual-y-el-sueno-del-tio-sam\\\/#respond\"]}]},{\"@type\":\"WebPage\",\"@id\":\"https:\\\/\\\/eldiariodelaeducacion.com\\\/porotrapoliticaeducativa\\\/2023\\\/07\\\/10\\\/hacia-donde-va-la-fp-la-dual-y-el-sueno-del-tio-sam\\\/\",\"url\":\"https:\\\/\\\/eldiariodelaeducacion.com\\\/porotrapoliticaeducativa\\\/2023\\\/07\\\/10\\\/hacia-donde-va-la-fp-la-dual-y-el-sueno-del-tio-sam\\\/\",\"name\":\"\u00bfHacia d\u00f3nde va la FP? La dual y el sue\u00f1o del T\u00edo Sam - Por otra pol\u00edtica educativa. Foro de Sevilla.\",\"isPartOf\":{\"@id\":\"https:\\\/\\\/eldiariodelaeducacion.com\\\/porotrapoliticaeducativa\\\/#website\"},\"primaryImageOfPage\":{\"@id\":\"https:\\\/\\\/eldiariodelaeducacion.com\\\/porotrapoliticaeducativa\\\/2023\\\/07\\\/10\\\/hacia-donde-va-la-fp-la-dual-y-el-sueno-del-tio-sam\\\/#primaryimage\"},\"image\":{\"@id\":\"https:\\\/\\\/eldiariodelaeducacion.com\\\/porotrapoliticaeducativa\\\/2023\\\/07\\\/10\\\/hacia-donde-va-la-fp-la-dual-y-el-sueno-del-tio-sam\\\/#primaryimage\"},\"thumbnailUrl\":\"https:\\\/\\\/eldiariodelaeducacion.com\\\/porotrapoliticaeducativa\\\/wp-content\\\/uploads\\\/sites\\\/21\\\/2023\\\/07\\\/cortada3.jpg\",\"datePublished\":\"2023-07-10T04:00:10+00:00\",\"dateModified\":\"2024-08-21T14:50:59+00:00\",\"author\":{\"@id\":\"https:\\\/\\\/eldiariodelaeducacion.com\\\/porotrapoliticaeducativa\\\/#\\\/schema\\\/person\\\/52e6e5029c723ff0b3ad4fa95ffccf4a\"},\"description\":\"Foramci\u00f3n Profesional\",\"breadcrumb\":{\"@id\":\"https:\\\/\\\/eldiariodelaeducacion.com\\\/porotrapoliticaeducativa\\\/2023\\\/07\\\/10\\\/hacia-donde-va-la-fp-la-dual-y-el-sueno-del-tio-sam\\\/#breadcrumb\"},\"inLanguage\":\"es\",\"potentialAction\":[{\"@type\":\"ReadAction\",\"target\":[\"https:\\\/\\\/eldiariodelaeducacion.com\\\/porotrapoliticaeducativa\\\/2023\\\/07\\\/10\\\/hacia-donde-va-la-fp-la-dual-y-el-sueno-del-tio-sam\\\/\"]}]},{\"@type\":\"ImageObject\",\"inLanguage\":\"es\",\"@id\":\"https:\\\/\\\/eldiariodelaeducacion.com\\\/porotrapoliticaeducativa\\\/2023\\\/07\\\/10\\\/hacia-donde-va-la-fp-la-dual-y-el-sueno-del-tio-sam\\\/#primaryimage\",\"url\":\"https:\\\/\\\/eldiariodelaeducacion.com\\\/porotrapoliticaeducativa\\\/wp-content\\\/uploads\\\/sites\\\/21\\\/2023\\\/07\\\/cortada3.jpg\",\"contentUrl\":\"https:\\\/\\\/eldiariodelaeducacion.com\\\/porotrapoliticaeducativa\\\/wp-content\\\/uploads\\\/sites\\\/21\\\/2023\\\/07\\\/cortada3.jpg\",\"width\":1866,\"height\":1125,\"caption\":\"Ilustraci\u00f3n cedida por Joseba G. Plazuelo\"},{\"@type\":\"BreadcrumbList\",\"@id\":\"https:\\\/\\\/eldiariodelaeducacion.com\\\/porotrapoliticaeducativa\\\/2023\\\/07\\\/10\\\/hacia-donde-va-la-fp-la-dual-y-el-sueno-del-tio-sam\\\/#breadcrumb\",\"itemListElement\":[{\"@type\":\"ListItem\",\"position\":1,\"name\":\"Portada\",\"item\":\"https:\\\/\\\/eldiariodelaeducacion.com\\\/porotrapoliticaeducativa\\\/\"},{\"@type\":\"ListItem\",\"position\":2,\"name\":\"\u00bfHacia d\u00f3nde va la FP? La dual y el sue\u00f1o del T\u00edo Sam\"}]},{\"@type\":\"WebSite\",\"@id\":\"https:\\\/\\\/eldiariodelaeducacion.com\\\/porotrapoliticaeducativa\\\/#website\",\"url\":\"https:\\\/\\\/eldiariodelaeducacion.com\\\/porotrapoliticaeducativa\\\/\",\"name\":\"Por otra pol\u00edtica educativa. Foro de Sevilla.\",\"description\":\"Un blog de El Diario de la Educaci\u00f3n\",\"potentialAction\":[{\"@type\":\"SearchAction\",\"target\":{\"@type\":\"EntryPoint\",\"urlTemplate\":\"https:\\\/\\\/eldiariodelaeducacion.com\\\/porotrapoliticaeducativa\\\/?s={search_term_string}\"},\"query-input\":{\"@type\":\"PropertyValueSpecification\",\"valueRequired\":true,\"valueName\":\"search_term_string\"}}],\"inLanguage\":\"es\"},{\"@type\":\"Person\",\"@id\":\"https:\\\/\\\/eldiariodelaeducacion.com\\\/porotrapoliticaeducativa\\\/#\\\/schema\\\/person\\\/52e6e5029c723ff0b3ad4fa95ffccf4a\",\"name\":\"Fernando Cobos Becerra\",\"image\":{\"@type\":\"ImageObject\",\"inLanguage\":\"es\",\"@id\":\"https:\\\/\\\/secure.gravatar.com\\\/avatar\\\/ab400e92f38d103464dff7346d99682f398cb4577337c45fe7589222f23ae4b9?s=96&d=mm&r=g\",\"url\":\"https:\\\/\\\/secure.gravatar.com\\\/avatar\\\/ab400e92f38d103464dff7346d99682f398cb4577337c45fe7589222f23ae4b9?s=96&d=mm&r=g\",\"contentUrl\":\"https:\\\/\\\/secure.gravatar.com\\\/avatar\\\/ab400e92f38d103464dff7346d99682f398cb4577337c45fe7589222f23ae4b9?s=96&d=mm&r=g\",\"caption\":\"Fernando Cobos Becerra\"},\"url\":\"https:\\\/\\\/eldiariodelaeducacion.com\\\/porotrapoliticaeducativa\\\/author\\\/fernandocobos\\\/\"}]}<\/script>\n<!-- \/ Yoast SEO plugin. -->","yoast_head_json":{"title":"\u00bfHacia d\u00f3nde va la FP? La dual y el sue\u00f1o del T\u00edo Sam - Por otra pol\u00edtica educativa. Foro de Sevilla.","description":"Foramci\u00f3n Profesional","robots":{"index":"index","follow":"follow","max-snippet":"max-snippet:-1","max-image-preview":"max-image-preview:large","max-video-preview":"max-video-preview:-1"},"canonical":"https:\/\/eldiariodelaeducacion.com\/porotrapoliticaeducativa\/2023\/07\/10\/hacia-donde-va-la-fp-la-dual-y-el-sueno-del-tio-sam\/","og_locale":"es_ES","og_type":"article","og_title":"\u00bfHacia d\u00f3nde va la FP? La dual y el sue\u00f1o del T\u00edo Sam - Por otra pol\u00edtica educativa, Foro de Sevilla","og_description":"La formaci\u00f3n profesional en Espa\u00f1a dentro del marco estrat\u00e9gico de 2020 y su plasmaci\u00f3n en leyes y reales decretos. Nuestra preocupaci\u00f3n pasa por entender que, seg\u00fan los an\u00e1lisis realizados, conlleva una privatizaci\u00f3n del sistema, funcional y organizativamente. Adem\u00e1s de significar que la juventud de clase trabajadora tendr\u00e1 que aprender en un sistema jerarquizado bajo el mando de \u201cquien paga manda\u201d.","og_url":"https:\/\/eldiariodelaeducacion.com\/porotrapoliticaeducativa\/2023\/07\/10\/hacia-donde-va-la-fp-la-dual-y-el-sueno-del-tio-sam\/","og_site_name":"Por otra pol\u00edtica educativa. Foro de Sevilla.","article_published_time":"2023-07-10T04:00:10+00:00","article_modified_time":"2024-08-21T14:50:59+00:00","og_image":[{"width":1866,"height":1125,"url":"https:\/\/eldiariodelaeducacion.com\/porotrapoliticaeducativa\/wp-content\/uploads\/sites\/21\/2023\/07\/cortada3.jpg","type":"image\/jpeg"}],"author":"Fernando Cobos Becerra","twitter_card":"summary_large_image","twitter_description":"La formaci\u00f3n profesional en Espa\u00f1a dentro del marco estrat\u00e9gico de 2020 y su plasmaci\u00f3n en leyes y reales decretos. Nuestra preocupaci\u00f3n pasa por","twitter_misc":{"Escrito por":"Fernando Cobos Becerra","Tiempo de lectura":"12 minutos"},"schema":{"@context":"https:\/\/schema.org","@graph":[{"@type":"Article","@id":"https:\/\/eldiariodelaeducacion.com\/porotrapoliticaeducativa\/2023\/07\/10\/hacia-donde-va-la-fp-la-dual-y-el-sueno-del-tio-sam\/#article","isPartOf":{"@id":"https:\/\/eldiariodelaeducacion.com\/porotrapoliticaeducativa\/2023\/07\/10\/hacia-donde-va-la-fp-la-dual-y-el-sueno-del-tio-sam\/"},"author":{"name":"Fernando Cobos Becerra","@id":"https:\/\/eldiariodelaeducacion.com\/porotrapoliticaeducativa\/#\/schema\/person\/52e6e5029c723ff0b3ad4fa95ffccf4a"},"headline":"\u00bfHacia d\u00f3nde va la FP? La dual y el sue\u00f1o del T\u00edo Sam","datePublished":"2023-07-10T04:00:10+00:00","dateModified":"2024-08-21T14:50:59+00:00","mainEntityOfPage":{"@id":"https:\/\/eldiariodelaeducacion.com\/porotrapoliticaeducativa\/2023\/07\/10\/hacia-donde-va-la-fp-la-dual-y-el-sueno-del-tio-sam\/"},"wordCount":2374,"commentCount":0,"image":{"@id":"https:\/\/eldiariodelaeducacion.com\/porotrapoliticaeducativa\/2023\/07\/10\/hacia-donde-va-la-fp-la-dual-y-el-sueno-del-tio-sam\/#primaryimage"},"thumbnailUrl":"https:\/\/eldiariodelaeducacion.com\/porotrapoliticaeducativa\/wp-content\/uploads\/sites\/21\/2023\/07\/cortada3.jpg","keywords":["Ciudadan\u00eda","escuela p\u00fablica","Formaci\u00f3n Profesional","Justicia escolar","Justicia social","Neoliberalismo","Privatizaci\u00f3n de servicios p\u00fablicos"],"articleSection":["Por otra pol\u00edtica educativa. Foro de Sevilla"],"inLanguage":"es","potentialAction":[{"@type":"CommentAction","name":"Comment","target":["https:\/\/eldiariodelaeducacion.com\/porotrapoliticaeducativa\/2023\/07\/10\/hacia-donde-va-la-fp-la-dual-y-el-sueno-del-tio-sam\/#respond"]}]},{"@type":"WebPage","@id":"https:\/\/eldiariodelaeducacion.com\/porotrapoliticaeducativa\/2023\/07\/10\/hacia-donde-va-la-fp-la-dual-y-el-sueno-del-tio-sam\/","url":"https:\/\/eldiariodelaeducacion.com\/porotrapoliticaeducativa\/2023\/07\/10\/hacia-donde-va-la-fp-la-dual-y-el-sueno-del-tio-sam\/","name":"\u00bfHacia d\u00f3nde va la FP? La dual y el sue\u00f1o del T\u00edo Sam - Por otra pol\u00edtica educativa. Foro de Sevilla.","isPartOf":{"@id":"https:\/\/eldiariodelaeducacion.com\/porotrapoliticaeducativa\/#website"},"primaryImageOfPage":{"@id":"https:\/\/eldiariodelaeducacion.com\/porotrapoliticaeducativa\/2023\/07\/10\/hacia-donde-va-la-fp-la-dual-y-el-sueno-del-tio-sam\/#primaryimage"},"image":{"@id":"https:\/\/eldiariodelaeducacion.com\/porotrapoliticaeducativa\/2023\/07\/10\/hacia-donde-va-la-fp-la-dual-y-el-sueno-del-tio-sam\/#primaryimage"},"thumbnailUrl":"https:\/\/eldiariodelaeducacion.com\/porotrapoliticaeducativa\/wp-content\/uploads\/sites\/21\/2023\/07\/cortada3.jpg","datePublished":"2023-07-10T04:00:10+00:00","dateModified":"2024-08-21T14:50:59+00:00","author":{"@id":"https:\/\/eldiariodelaeducacion.com\/porotrapoliticaeducativa\/#\/schema\/person\/52e6e5029c723ff0b3ad4fa95ffccf4a"},"description":"Foramci\u00f3n Profesional","breadcrumb":{"@id":"https:\/\/eldiariodelaeducacion.com\/porotrapoliticaeducativa\/2023\/07\/10\/hacia-donde-va-la-fp-la-dual-y-el-sueno-del-tio-sam\/#breadcrumb"},"inLanguage":"es","potentialAction":[{"@type":"ReadAction","target":["https:\/\/eldiariodelaeducacion.com\/porotrapoliticaeducativa\/2023\/07\/10\/hacia-donde-va-la-fp-la-dual-y-el-sueno-del-tio-sam\/"]}]},{"@type":"ImageObject","inLanguage":"es","@id":"https:\/\/eldiariodelaeducacion.com\/porotrapoliticaeducativa\/2023\/07\/10\/hacia-donde-va-la-fp-la-dual-y-el-sueno-del-tio-sam\/#primaryimage","url":"https:\/\/eldiariodelaeducacion.com\/porotrapoliticaeducativa\/wp-content\/uploads\/sites\/21\/2023\/07\/cortada3.jpg","contentUrl":"https:\/\/eldiariodelaeducacion.com\/porotrapoliticaeducativa\/wp-content\/uploads\/sites\/21\/2023\/07\/cortada3.jpg","width":1866,"height":1125,"caption":"Ilustraci\u00f3n cedida por Joseba G. Plazuelo"},{"@type":"BreadcrumbList","@id":"https:\/\/eldiariodelaeducacion.com\/porotrapoliticaeducativa\/2023\/07\/10\/hacia-donde-va-la-fp-la-dual-y-el-sueno-del-tio-sam\/#breadcrumb","itemListElement":[{"@type":"ListItem","position":1,"name":"Portada","item":"https:\/\/eldiariodelaeducacion.com\/porotrapoliticaeducativa\/"},{"@type":"ListItem","position":2,"name":"\u00bfHacia d\u00f3nde va la FP? La dual y el sue\u00f1o del T\u00edo Sam"}]},{"@type":"WebSite","@id":"https:\/\/eldiariodelaeducacion.com\/porotrapoliticaeducativa\/#website","url":"https:\/\/eldiariodelaeducacion.com\/porotrapoliticaeducativa\/","name":"Por otra pol\u00edtica educativa. Foro de Sevilla.","description":"Un blog de El Diario de la Educaci\u00f3n","potentialAction":[{"@type":"SearchAction","target":{"@type":"EntryPoint","urlTemplate":"https:\/\/eldiariodelaeducacion.com\/porotrapoliticaeducativa\/?s={search_term_string}"},"query-input":{"@type":"PropertyValueSpecification","valueRequired":true,"valueName":"search_term_string"}}],"inLanguage":"es"},{"@type":"Person","@id":"https:\/\/eldiariodelaeducacion.com\/porotrapoliticaeducativa\/#\/schema\/person\/52e6e5029c723ff0b3ad4fa95ffccf4a","name":"Fernando Cobos Becerra","image":{"@type":"ImageObject","inLanguage":"es","@id":"https:\/\/secure.gravatar.com\/avatar\/ab400e92f38d103464dff7346d99682f398cb4577337c45fe7589222f23ae4b9?s=96&d=mm&r=g","url":"https:\/\/secure.gravatar.com\/avatar\/ab400e92f38d103464dff7346d99682f398cb4577337c45fe7589222f23ae4b9?s=96&d=mm&r=g","contentUrl":"https:\/\/secure.gravatar.com\/avatar\/ab400e92f38d103464dff7346d99682f398cb4577337c45fe7589222f23ae4b9?s=96&d=mm&r=g","caption":"Fernando Cobos Becerra"},"url":"https:\/\/eldiariodelaeducacion.com\/porotrapoliticaeducativa\/author\/fernandocobos\/"}]}},"_links":{"self":[{"href":"https:\/\/eldiariodelaeducacion.com\/porotrapoliticaeducativa\/wp-json\/wp\/v2\/posts\/1973","targetHints":{"allow":["GET"]}}],"collection":[{"href":"https:\/\/eldiariodelaeducacion.com\/porotrapoliticaeducativa\/wp-json\/wp\/v2\/posts"}],"about":[{"href":"https:\/\/eldiariodelaeducacion.com\/porotrapoliticaeducativa\/wp-json\/wp\/v2\/types\/post"}],"author":[{"embeddable":true,"href":"https:\/\/eldiariodelaeducacion.com\/porotrapoliticaeducativa\/wp-json\/wp\/v2\/users\/227"}],"replies":[{"embeddable":true,"href":"https:\/\/eldiariodelaeducacion.com\/porotrapoliticaeducativa\/wp-json\/wp\/v2\/comments?post=1973"}],"version-history":[{"count":1,"href":"https:\/\/eldiariodelaeducacion.com\/porotrapoliticaeducativa\/wp-json\/wp\/v2\/posts\/1973\/revisions"}],"predecessor-version":[{"id":2503,"href":"https:\/\/eldiariodelaeducacion.com\/porotrapoliticaeducativa\/wp-json\/wp\/v2\/posts\/1973\/revisions\/2503"}],"wp:featuredmedia":[{"embeddable":true,"href":"https:\/\/eldiariodelaeducacion.com\/porotrapoliticaeducativa\/wp-json\/wp\/v2\/media\/1995"}],"wp:attachment":[{"href":"https:\/\/eldiariodelaeducacion.com\/porotrapoliticaeducativa\/wp-json\/wp\/v2\/media?parent=1973"}],"wp:term":[{"taxonomy":"category","embeddable":true,"href":"https:\/\/eldiariodelaeducacion.com\/porotrapoliticaeducativa\/wp-json\/wp\/v2\/categories?post=1973"},{"taxonomy":"post_tag","embeddable":true,"href":"https:\/\/eldiariodelaeducacion.com\/porotrapoliticaeducativa\/wp-json\/wp\/v2\/tags?post=1973"},{"taxonomy":"tipo","embeddable":true,"href":"https:\/\/eldiariodelaeducacion.com\/porotrapoliticaeducativa\/wp-json\/wp\/v2\/tipo?post=1973"}],"curies":[{"name":"wp","href":"https:\/\/api.w.org\/{rel}","templated":true}]}}