{"id":2213,"date":"2024-01-01T06:00:16","date_gmt":"2024-01-01T05:00:16","guid":{"rendered":"https:\/\/eldiariodelaeducacion.com\/porotrapoliticaeducativa\/?p=2213"},"modified":"2024-08-21T16:51:00","modified_gmt":"2024-08-21T14:51:00","slug":"no-en-nuestro-nombre-exigimos-que-se-pare-el-genocidio-en-palestina-por-otra-politica-educativa-foro-de-sevilla","status":"publish","type":"post","link":"https:\/\/eldiariodelaeducacion.com\/porotrapoliticaeducativa\/2024\/01\/01\/no-en-nuestro-nombre-exigimos-que-se-pare-el-genocidio-en-palestina-por-otra-politica-educativa-foro-de-sevilla\/","title":{"rendered":"No en nuestro nombre: exigimos que se pare el genocidio en Palestina"},"content":{"rendered":"<p>Como afirmaba recientemente un <a href=\"https:\/\/blogs.publico.es\/juan-carlos-monedero\/2023\/12\/17\/tuviste-alguna-vez-un-profesor-valiente\/\" target=\"_blank\" rel=\"noopener\">profesor universitario<\/a>: \u201cEs un enorme contraste c\u00f3mo se movilizaron en los 60 y 70 las universidades contra la guerra de Vietnam, como apuntaron algunas maneras contra la guerra de Irak y c\u00f3mo, finalmente, se han plegado hoy a las presiones para defender \u2014o callar, que es incluso m\u00e1s penoso\u2014 el genocidio israel\u00ed en Palestina en este invierno de 2023. (\u2026) Para que la universidad est\u00e9 a la altura del ideal cient\u00edfico que se presupone a los docentes, investigadores y estudiantes [y al que acompa\u00f1a el personal de adminitraci\u00f3n y servicios (PAS) para hacerlo posible] necesitamos un mayor compromiso con los problemas reales de nuestras sociedades\u201d.<\/p>\n<p>No podemos asistir indiferentes ante este nuevo holocausto y genocidio, sin precedentes en el siglo XXI. El silencio nos hace c\u00f3mplices, ante la barbarie desatada por el gobierno ultraderechista de Israel tras los ataques de Ham\u00e1s. Por orden del presidente Benjam\u00edn Netanyahu y su gobierno ultra, y con el apoyo militar de Estados Unidos y la Uni\u00f3n Europea que le suministran armamento y apoyo, cuando est\u00e1n a punto de cumplirse dos meses de la invasi\u00f3n terrestre de Gaza, el ej\u00e9rcito israel\u00ed ha asesinado a m\u00e1s de 21.000 palestinos y palestinas, de los que dos tercios son mujeres, ni\u00f1os y ni\u00f1as. Ha destruido el 70% de edificios en el norte de la Franja de Gaza, un porcentaje superior al que caus\u00f3 el bombardeo de Dresde en la Segunda Guerra Mundial, hoy considerado un paradigma de los cr\u00edmenes de guerra. Ha destruido las tres universidades de Gaza. Tambi\u00e9n ha bombardeado de manera deliberada hospitales, mezquitas y escuelas.<\/p>\n<p>Ante esta campa\u00f1a de castigo colectivo, 1,7 millones de gazat\u00edes \u2013m\u00e1s del 80% de la poblaci\u00f3n\u2013 han sido desplazados forzosamente a la frontera con Egipto, donde las condiciones empeoran cada minuto y no hay infraestructura para acogerlos ni garant\u00eda alguna de que est\u00e9n a salvo, en campamentos improvisados en pleno invierno (han asesinado tambi\u00e9n personal de la ONU: 101 muertos, el mayor n\u00famero en la historia de la organizaci\u00f3n). Se suceden las im\u00e1genes insoportables d\u00eda tras d\u00eda. Ver miles de ni\u00f1os y ni\u00f1as entre los escombros, c\u00f3mo tropas israel\u00edes entierran en grandes hoyos a quienes asesinan y concentran a heridos de un hospital en el patio mientras sueltan a los perros para mutilarlos. Sin embargo, el silencio de la Universidad y otras instituciones y movimientos educativos ante la continua violaci\u00f3n del derecho internacional y los derechos humanos por parte de Israel y la connivencia y colaboraci\u00f3n de los gobiernos occidentales, est\u00e1 siendo ensordecedor.<\/p>\n<blockquote><p>Ante la situaci\u00f3n de emergencia humanitaria que vive Palestina no podemos permanecer imparciales.<\/p><\/blockquote>\n<p>No obstante, hay esperanza. Cientos de profesores y profesoras de la Universidad de Granada han exigido una respuesta institucional contra el genocidio en Gaza, firmando y leyendo un manifiesto durante el claustro de la Universidad, reclamando a la Universidad que rompa \u201crelaciones con las instituciones israel\u00edes y pedir p\u00fablicamente el alto el fuego para frenar esta masacre\u201d. El texto expone que \u201cante la situaci\u00f3n de emergencia humanitaria que vive Palestina no podemos permanecer imparciales\u201d y exige a la Universidad que realice \u201cun pronunciamiento expl\u00edcito de solidaridad con el pueblo palestino, solicitando p\u00fablicamente el alto el fuego para frenar esta masacre y romper de forma inmediata las relaciones institucionales y los convenios firmados con instituciones israel\u00edes\u201d.<\/p>\n<p>Las reivindicaciones del profesorado, personal y acad\u00e9micos de la Universidad de Granada se engloban en la campa\u00f1a <a href=\"https:\/\/notmyuniversity.org\/\" target=\"_blank\" rel=\"noopener\">#NotinmyUniversity<\/a>, de la red interuniversitaria espa\u00f1ola de solidaridad con Palestina, a la que se han adherido ya m\u00e1s de 2.200 profesores y profesoras de instituciones educativas superiores de todo el estado espa\u00f1ol. Una campa\u00f1a que llama, a toda la comunidad universitaria estatal a \u201cque reflexione sobre el hecho de que la violaci\u00f3n de los derechos nacionales y humanos del pueblo palestino en su conjunto, la violencia y la insoportable cotidianidad y falta de futuro que padecen los palestinos y las palestinas de Gaza, Cisjordania, Jerusal\u00e9n Oriental y los campamentos de refugiados del L\u00edbano, Jordania y Siria, solo alimentan la violencia y el extremismo. Cada nueva generaci\u00f3n de ni\u00f1os y ni\u00f1as crece sometida a carencias b\u00e1sicas esenciales, tambi\u00e9n la del derecho a la educaci\u00f3n y un futuro digno, con las consiguientes secuelas f\u00edsicas y psicol\u00f3gicas que sufrir\u00e1n de por vida. Tenemos que impedir que esta situaci\u00f3n se siga perpetuando hasta la exterminaci\u00f3n, y por ello, animamos a todo el colectivo universitario a tomar cuantas medidas est\u00e9 en su mano para presionar a instituciones y gobiernos\u201d.<\/p>\n<blockquote><p>En consonancia con los principios que defendemos de la paz, la justicia y la dignidad de todos los pueblos, que son asimismo la base de nuestra vida educativa.<\/p><\/blockquote>\n<p>No podemos ignorar, silenciar y olvidar que el pueblo palestino es v\u00edctima de d\u00e9cadas de sufrimiento, de una pol\u00edtica sistem\u00e1tica de expulsi\u00f3n, desposesi\u00f3n, apartheid y aniquilaci\u00f3n por parte de Israel, cuya causa original se sit\u00faa en la negaci\u00f3n de su existencia desde hace 75 a\u00f1os. Debemos <a href=\"https:\/\/www.elsaltodiario.com\/ocupacion-israeli\/palestina-cierre-esfera-publica-universidades-estadounidenses\" target=\"_blank\" rel=\"noopener\">luchar contra el miedo a significarse<\/a> a favor de la causa palestina o a levantar la voz contra los cr\u00edmenes de guerra que se est\u00e1n cometiendo en Gaza, que permea la vida intelectual en casi todos los sectores educativos a nivel mundial, ante la presi\u00f3n cada vez m\u00e1s potente del lobby sionista que denuncia y abre expedientes por antisemitismo y por discurso de odio a quienes apoyen la causa palestina, tratando de convertir a las v\u00edctimas en victimarios, con el objetivo de prohibir cualquier discusi\u00f3n p\u00fablica sobre el genocidio que el Estado de Israel est\u00e1 perpetrando en la franja de Gaza.<\/p>\n<p>Por eso, como miembros de la comunidad universitaria y la comunidad educativa, nos unimos a esta campa\u00f1a de <a href=\"https:\/\/notmyuniversity.org\/\" target=\"_blank\" rel=\"noopener\">#NotinmyUniversity<\/a> exigiendo a las autoridades de nuestras universidades e instituciones educativas espa\u00f1olas una declaraci\u00f3n p\u00fablica y expl\u00edcita de apoyo al pueblo palestino, en consonancia con <a href=\"https:\/\/eldiariodelaeducacion.com\/2018\/01\/26\/30-enero-dia-escolar-la-no-violencia-la-paz-desmilitarizar-la-educacion\/\" target=\"_blank\" rel=\"noopener\">los principios que defendemos de la paz<\/a>, la justicia y la dignidad de todos los pueblos, que son asimismo la base de nuestra vida educativa. Exigiendo al Gobierno espa\u00f1ol que rompa relaciones con el Estado Israel\u00ed, se enfrente a la pol\u00edtica norteamericana de apoyo expl\u00edcito a Israel y suministro de armas, y desde la presidencia de la UE obligue al alto el fuego inmediato del gobierno de Israel y le aplique las medidas que se impusieron a Sud\u00e1frica por su apartheid hasta que no cese en su campa\u00f1a de exterminio del pueblo palestino y aplique las resoluciones de las Naciones Unidas de forma inmediata.<\/p>\n<p>Como dice <a href=\"https:\/\/sinpermiso.info\/textos\/nuestra-responsabilidad-en-gaza\" target=\"_blank\" rel=\"noopener\">otro profesor universitario<\/a> \u201cnadie que mire la realidad de lo que est\u00e1 sucediendo con objetividad y decencia puede negar que en Gaza se est\u00e1 produciendo una limpieza \u00e9tnica. Como han expresado reconocidos expertos en el Holocausto y el estudio hist\u00f3rico de los genocidios, el momento de actuar para frenar esta masacre es ahora. No podemos refugiarnos en f\u00f3rmulas alambicadas ni permanecer en silencio, como hacen tantos dirigentes europeos cargados de razones ante otros conflictos, pero enmudecidos ante la comisi\u00f3n de flagrantes cr\u00edmenes de guerra contra el pueblo palestino. Ser\u00e1 imposible justificar ante la historia el haber mirado hacia otro lado\u201d.<\/p>\n<p>Por eso, como <a href=\"https:\/\/docs.google.com\/forms\/d\/1Q_HSoqaeOSC8QZCckY6aCzhkiWFURbjC2OcuEK39Us0\/viewform?edit_requested=true&amp;fbzx=6759130246110462681\" target=\"_blank\" rel=\"noopener\">acad\u00e9micos y acad\u00e9micas<\/a>, profesorado de diversos niveles, movimientos de Renovaci\u00f3n pedag\u00f3gica, comprometidos con el bien com\u00fan y que forman parte del <a href=\"https:\/\/porotrapoliticaeducativa.org\/\" target=\"_blank\" rel=\"noopener\">Foro de Sevilla<\/a>, pedimos el alto el fuego inmediato y permanente en Gaza y Cisjordania, que se investiguen (derecho a la verdad) y sancionen los cr\u00edmenes de guerra cometidos (derecho a la justicia), la reconstrucci\u00f3n de todo lo destruido y la reparaci\u00f3n por las v\u00edctimas causadas (derecho a la reparaci\u00f3n del da\u00f1o), el reconocimiento del Estado Palestino, el fin del apartheid de facto al pueblo palestino y una soluci\u00f3n duradera de acuerdo a las numerosas resoluciones de la ONU, incumplidas sistem\u00e1ticamente por Israel.<\/p>\n<p>Mientras, seguiremos participando en las manifestaciones en apoyo al pueblo palestino, en la campa\u00f1a de boicot, desinversi\u00f3n y sanciones (<a href=\"https:\/\/bdsmovement.net\/es\" target=\"_blank\" rel=\"noopener\">BDS<\/a>) a empresas como <em>McDonalds<\/em> y <em>Zara<\/em> que apoyan a Israel (apoyando a todas aquellas que, como Puma, retiran el patrocinio a este gobierno de Israel y sus representantes) y en la exigencia a nuestras universidades que se involucren activamente para que se consiga definitivamente una paz justa en la zona, dejando de ser c\u00f3mplices silenciosos y pasivos de este nuevo genocidio.<\/p>\n","protected":false},"excerpt":{"rendered":"<p>Como afirmaba recientemente un profesor universitario: \u201cEs un enorme contraste c\u00f3mo se movilizaron en los 60 y 70 las universidades contra la guerra de Vietnam, como apuntaron algunas maneras contra la guerra de Irak y c\u00f3mo, finalmente, se han plegado hoy a las presiones para defender \u2014o callar, que es incluso m\u00e1s penoso\u2014 el genocidio<\/p>\n","protected":false},"author":208,"featured_media":2214,"comment_status":"open","ping_status":"closed","sticky":false,"template":"","format":"standard","meta":{"footnotes":""},"categories":[18],"tags":[59,48,50,94,20,95,47,46,58],"tipo":[96],"class_list":{"0":"post-2213","1":"post","2":"type-post","3":"status-publish","4":"format-standard","5":"has-post-thumbnail","7":"category-por-otra-politica-educativa","8":"tag-ciudadania","9":"tag-convencion-sobre-los-derechos-del-nino","10":"tag-derechos-humanos","11":"tag-educacion-para-la-paz","12":"tag-escuela-publica","13":"tag-palestina","14":"tag-sistemas-educativos","15":"tag-solidaridad","16":"tag-valores","17":"tipo-analisis"},"yoast_head":"<!-- This site is optimized with the Yoast SEO plugin v27.5 - https:\/\/yoast.com\/product\/yoast-seo-wordpress\/ -->\n<title>No en nuestro nombre: exigimos que se pare el genocidio en Palestina - Por otra pol\u00edtica educativa. Foro de Sevilla.<\/title>\n<meta name=\"description\" content=\"El silencio de la Universidad y otras instituciones y movimientos educativos ante la continua violaci\u00f3n del derecho internacional y los derechos humanos por parte de Israel y la connivencia y colaboraci\u00f3n de los gobiernos occidentales, est\u00e1 siendo ensordecedor.\" \/>\n<meta name=\"robots\" content=\"index, follow, max-snippet:-1, max-image-preview:large, max-video-preview:-1\" \/>\n<link rel=\"canonical\" href=\"https:\/\/eldiariodelaeducacion.com\/porotrapoliticaeducativa\/2024\/01\/01\/no-en-nuestro-nombre-exigimos-que-se-pare-el-genocidio-en-palestina-por-otra-politica-educativa-foro-de-sevilla\/\" \/>\n<meta property=\"og:locale\" content=\"es_ES\" \/>\n<meta property=\"og:type\" content=\"article\" \/>\n<meta property=\"og:title\" content=\"No en nuestro nombre. Exigimos que se pare el genocidio en Palestina - Por otra pol\u00edtica educativa. Foro de Sevilla\" \/>\n<meta property=\"og:description\" content=\"El silencio de la Universidad y otras instituciones y movimientos educativos ante la continua violaci\u00f3n del derecho internacional y los derechos humanos por parte de Israel y la connivencia y colaboraci\u00f3n de los gobiernos occidentales, est\u00e1 siendo ensordecedor.\" \/>\n<meta property=\"og:url\" content=\"https:\/\/eldiariodelaeducacion.com\/porotrapoliticaeducativa\/2024\/01\/01\/no-en-nuestro-nombre-exigimos-que-se-pare-el-genocidio-en-palestina-por-otra-politica-educativa-foro-de-sevilla\/\" \/>\n<meta property=\"og:site_name\" content=\"Por otra pol\u00edtica educativa. Foro de Sevilla.\" \/>\n<meta property=\"article:published_time\" content=\"2024-01-01T05:00:16+00:00\" \/>\n<meta property=\"article:modified_time\" content=\"2024-08-21T14:51:00+00:00\" \/>\n<meta property=\"og:image\" content=\"https:\/\/eldiariodelaeducacion.com\/porotrapoliticaeducativa\/wp-content\/uploads\/sites\/21\/2023\/12\/@artofdido.-PEACE-PLEASE.jpg\" \/>\n\t<meta property=\"og:image:width\" content=\"1440\" \/>\n\t<meta property=\"og:image:height\" content=\"1290\" \/>\n\t<meta property=\"og:image:type\" content=\"image\/jpeg\" \/>\n<meta name=\"author\" content=\"Com. Permanente. \u201cPor otra pol\u00edtica educativa. Foro de Sevilla\u201d\" \/>\n<meta name=\"twitter:card\" content=\"summary_large_image\" \/>\n<meta name=\"twitter:label1\" content=\"Escrito por\" \/>\n\t<meta name=\"twitter:data1\" content=\"Com. Permanente. \u201cPor otra pol\u00edtica educativa. Foro de Sevilla\u201d\" \/>\n\t<meta name=\"twitter:label2\" content=\"Tiempo de lectura\" \/>\n\t<meta name=\"twitter:data2\" content=\"7 minutos\" \/>\n<script type=\"application\/ld+json\" class=\"yoast-schema-graph\">{\"@context\":\"https:\\\/\\\/schema.org\",\"@graph\":[{\"@type\":\"Article\",\"@id\":\"https:\\\/\\\/eldiariodelaeducacion.com\\\/porotrapoliticaeducativa\\\/2024\\\/01\\\/01\\\/no-en-nuestro-nombre-exigimos-que-se-pare-el-genocidio-en-palestina-por-otra-politica-educativa-foro-de-sevilla\\\/#article\",\"isPartOf\":{\"@id\":\"https:\\\/\\\/eldiariodelaeducacion.com\\\/porotrapoliticaeducativa\\\/2024\\\/01\\\/01\\\/no-en-nuestro-nombre-exigimos-que-se-pare-el-genocidio-en-palestina-por-otra-politica-educativa-foro-de-sevilla\\\/\"},\"author\":{\"name\":\"Com. Permanente. \u201cPor otra pol\u00edtica educativa. Foro de Sevilla\u201d\",\"@id\":\"https:\\\/\\\/eldiariodelaeducacion.com\\\/porotrapoliticaeducativa\\\/#\\\/schema\\\/person\\\/f764e366788e25aa691ea918682bd80d\"},\"headline\":\"No en nuestro nombre: exigimos que se pare el genocidio en Palestina\",\"datePublished\":\"2024-01-01T05:00:16+00:00\",\"dateModified\":\"2024-08-21T14:51:00+00:00\",\"mainEntityOfPage\":{\"@id\":\"https:\\\/\\\/eldiariodelaeducacion.com\\\/porotrapoliticaeducativa\\\/2024\\\/01\\\/01\\\/no-en-nuestro-nombre-exigimos-que-se-pare-el-genocidio-en-palestina-por-otra-politica-educativa-foro-de-sevilla\\\/\"},\"wordCount\":1459,\"commentCount\":0,\"image\":{\"@id\":\"https:\\\/\\\/eldiariodelaeducacion.com\\\/porotrapoliticaeducativa\\\/2024\\\/01\\\/01\\\/no-en-nuestro-nombre-exigimos-que-se-pare-el-genocidio-en-palestina-por-otra-politica-educativa-foro-de-sevilla\\\/#primaryimage\"},\"thumbnailUrl\":\"https:\\\/\\\/eldiariodelaeducacion.com\\\/porotrapoliticaeducativa\\\/wp-content\\\/uploads\\\/sites\\\/21\\\/2023\\\/12\\\/@artofdido.-PEACE-PLEASE.jpg\",\"keywords\":[\"Ciudadan\u00eda\",\"Convenci\u00f3n sobre los Derechos del Ni\u00f1o\",\"Derechos Humanos\",\"Educaci\u00f3n para la paz\",\"escuela p\u00fablica\",\"Palestina\",\"Sistemas educativos\",\"Solidaridad\",\"Valores\"],\"articleSection\":[\"Por otra pol\u00edtica educativa. Foro de Sevilla\"],\"inLanguage\":\"es\",\"potentialAction\":[{\"@type\":\"CommentAction\",\"name\":\"Comment\",\"target\":[\"https:\\\/\\\/eldiariodelaeducacion.com\\\/porotrapoliticaeducativa\\\/2024\\\/01\\\/01\\\/no-en-nuestro-nombre-exigimos-que-se-pare-el-genocidio-en-palestina-por-otra-politica-educativa-foro-de-sevilla\\\/#respond\"]}]},{\"@type\":\"WebPage\",\"@id\":\"https:\\\/\\\/eldiariodelaeducacion.com\\\/porotrapoliticaeducativa\\\/2024\\\/01\\\/01\\\/no-en-nuestro-nombre-exigimos-que-se-pare-el-genocidio-en-palestina-por-otra-politica-educativa-foro-de-sevilla\\\/\",\"url\":\"https:\\\/\\\/eldiariodelaeducacion.com\\\/porotrapoliticaeducativa\\\/2024\\\/01\\\/01\\\/no-en-nuestro-nombre-exigimos-que-se-pare-el-genocidio-en-palestina-por-otra-politica-educativa-foro-de-sevilla\\\/\",\"name\":\"No en nuestro nombre: exigimos que se pare el genocidio en Palestina - Por otra pol\u00edtica educativa. Foro de Sevilla.\",\"isPartOf\":{\"@id\":\"https:\\\/\\\/eldiariodelaeducacion.com\\\/porotrapoliticaeducativa\\\/#website\"},\"primaryImageOfPage\":{\"@id\":\"https:\\\/\\\/eldiariodelaeducacion.com\\\/porotrapoliticaeducativa\\\/2024\\\/01\\\/01\\\/no-en-nuestro-nombre-exigimos-que-se-pare-el-genocidio-en-palestina-por-otra-politica-educativa-foro-de-sevilla\\\/#primaryimage\"},\"image\":{\"@id\":\"https:\\\/\\\/eldiariodelaeducacion.com\\\/porotrapoliticaeducativa\\\/2024\\\/01\\\/01\\\/no-en-nuestro-nombre-exigimos-que-se-pare-el-genocidio-en-palestina-por-otra-politica-educativa-foro-de-sevilla\\\/#primaryimage\"},\"thumbnailUrl\":\"https:\\\/\\\/eldiariodelaeducacion.com\\\/porotrapoliticaeducativa\\\/wp-content\\\/uploads\\\/sites\\\/21\\\/2023\\\/12\\\/@artofdido.-PEACE-PLEASE.jpg\",\"datePublished\":\"2024-01-01T05:00:16+00:00\",\"dateModified\":\"2024-08-21T14:51:00+00:00\",\"author\":{\"@id\":\"https:\\\/\\\/eldiariodelaeducacion.com\\\/porotrapoliticaeducativa\\\/#\\\/schema\\\/person\\\/f764e366788e25aa691ea918682bd80d\"},\"description\":\"El silencio de la Universidad y otras instituciones y movimientos educativos ante la continua violaci\u00f3n del derecho internacional y los derechos humanos por parte de Israel y la connivencia y colaboraci\u00f3n de los gobiernos occidentales, est\u00e1 siendo ensordecedor.\",\"breadcrumb\":{\"@id\":\"https:\\\/\\\/eldiariodelaeducacion.com\\\/porotrapoliticaeducativa\\\/2024\\\/01\\\/01\\\/no-en-nuestro-nombre-exigimos-que-se-pare-el-genocidio-en-palestina-por-otra-politica-educativa-foro-de-sevilla\\\/#breadcrumb\"},\"inLanguage\":\"es\",\"potentialAction\":[{\"@type\":\"ReadAction\",\"target\":[\"https:\\\/\\\/eldiariodelaeducacion.com\\\/porotrapoliticaeducativa\\\/2024\\\/01\\\/01\\\/no-en-nuestro-nombre-exigimos-que-se-pare-el-genocidio-en-palestina-por-otra-politica-educativa-foro-de-sevilla\\\/\"]}]},{\"@type\":\"ImageObject\",\"inLanguage\":\"es\",\"@id\":\"https:\\\/\\\/eldiariodelaeducacion.com\\\/porotrapoliticaeducativa\\\/2024\\\/01\\\/01\\\/no-en-nuestro-nombre-exigimos-que-se-pare-el-genocidio-en-palestina-por-otra-politica-educativa-foro-de-sevilla\\\/#primaryimage\",\"url\":\"https:\\\/\\\/eldiariodelaeducacion.com\\\/porotrapoliticaeducativa\\\/wp-content\\\/uploads\\\/sites\\\/21\\\/2023\\\/12\\\/@artofdido.-PEACE-PLEASE.jpg\",\"contentUrl\":\"https:\\\/\\\/eldiariodelaeducacion.com\\\/porotrapoliticaeducativa\\\/wp-content\\\/uploads\\\/sites\\\/21\\\/2023\\\/12\\\/@artofdido.-PEACE-PLEASE.jpg\",\"width\":1440,\"height\":1290,\"caption\":\"Ilustraci\u00f3n PEACE, PLEASE en Instagram, de @artofdido\"},{\"@type\":\"BreadcrumbList\",\"@id\":\"https:\\\/\\\/eldiariodelaeducacion.com\\\/porotrapoliticaeducativa\\\/2024\\\/01\\\/01\\\/no-en-nuestro-nombre-exigimos-que-se-pare-el-genocidio-en-palestina-por-otra-politica-educativa-foro-de-sevilla\\\/#breadcrumb\",\"itemListElement\":[{\"@type\":\"ListItem\",\"position\":1,\"name\":\"Portada\",\"item\":\"https:\\\/\\\/eldiariodelaeducacion.com\\\/porotrapoliticaeducativa\\\/\"},{\"@type\":\"ListItem\",\"position\":2,\"name\":\"No en nuestro nombre: exigimos que se pare el genocidio en Palestina\"}]},{\"@type\":\"WebSite\",\"@id\":\"https:\\\/\\\/eldiariodelaeducacion.com\\\/porotrapoliticaeducativa\\\/#website\",\"url\":\"https:\\\/\\\/eldiariodelaeducacion.com\\\/porotrapoliticaeducativa\\\/\",\"name\":\"Por otra pol\u00edtica educativa. Foro de Sevilla.\",\"description\":\"Un blog de El Diario de la Educaci\u00f3n\",\"potentialAction\":[{\"@type\":\"SearchAction\",\"target\":{\"@type\":\"EntryPoint\",\"urlTemplate\":\"https:\\\/\\\/eldiariodelaeducacion.com\\\/porotrapoliticaeducativa\\\/?s={search_term_string}\"},\"query-input\":{\"@type\":\"PropertyValueSpecification\",\"valueRequired\":true,\"valueName\":\"search_term_string\"}}],\"inLanguage\":\"es\"},{\"@type\":\"Person\",\"@id\":\"https:\\\/\\\/eldiariodelaeducacion.com\\\/porotrapoliticaeducativa\\\/#\\\/schema\\\/person\\\/f764e366788e25aa691ea918682bd80d\",\"name\":\"Com. Permanente. \u201cPor otra pol\u00edtica educativa. Foro de Sevilla\u201d\",\"image\":{\"@type\":\"ImageObject\",\"inLanguage\":\"es\",\"@id\":\"https:\\\/\\\/eldiariodelaeducacion.com\\\/porotrapoliticaeducativa\\\/wp-content\\\/uploads\\\/sites\\\/21\\\/2024\\\/11\\\/com.-permanente.-por-otra-politica-educativa.-foro-de-sevilla_avatar-96x96.jpeg\",\"url\":\"https:\\\/\\\/eldiariodelaeducacion.com\\\/porotrapoliticaeducativa\\\/wp-content\\\/uploads\\\/sites\\\/21\\\/2024\\\/11\\\/com.-permanente.-por-otra-politica-educativa.-foro-de-sevilla_avatar-96x96.jpeg\",\"contentUrl\":\"https:\\\/\\\/eldiariodelaeducacion.com\\\/porotrapoliticaeducativa\\\/wp-content\\\/uploads\\\/sites\\\/21\\\/2024\\\/11\\\/com.-permanente.-por-otra-politica-educativa.-foro-de-sevilla_avatar-96x96.jpeg\",\"caption\":\"Com. Permanente. \u201cPor otra pol\u00edtica educativa. Foro de Sevilla\u201d\"},\"description\":\"Colectivo de profesionales, ligados a la docencia, la reflexi\u00f3n y la investigaci\u00f3n en el campo de las ciencias de la educaci\u00f3n, preocupados por el deterioro de nuestro sistema escolar y el desarrollo de pol\u00edticas err\u00e1ticas y privatizadoras del derecho a la educaci\u00f3n.\",\"url\":\"https:\\\/\\\/eldiariodelaeducacion.com\\\/porotrapoliticaeducativa\\\/author\\\/comisionpermanente\\\/\"}]}<\/script>\n<!-- \/ Yoast SEO plugin. -->","yoast_head_json":{"title":"No en nuestro nombre: exigimos que se pare el genocidio en Palestina - Por otra pol\u00edtica educativa. Foro de Sevilla.","description":"El silencio de la Universidad y otras instituciones y movimientos educativos ante la continua violaci\u00f3n del derecho internacional y los derechos humanos por parte de Israel y la connivencia y colaboraci\u00f3n de los gobiernos occidentales, est\u00e1 siendo ensordecedor.","robots":{"index":"index","follow":"follow","max-snippet":"max-snippet:-1","max-image-preview":"max-image-preview:large","max-video-preview":"max-video-preview:-1"},"canonical":"https:\/\/eldiariodelaeducacion.com\/porotrapoliticaeducativa\/2024\/01\/01\/no-en-nuestro-nombre-exigimos-que-se-pare-el-genocidio-en-palestina-por-otra-politica-educativa-foro-de-sevilla\/","og_locale":"es_ES","og_type":"article","og_title":"No en nuestro nombre. Exigimos que se pare el genocidio en Palestina - Por otra pol\u00edtica educativa. Foro de Sevilla","og_description":"El silencio de la Universidad y otras instituciones y movimientos educativos ante la continua violaci\u00f3n del derecho internacional y los derechos humanos por parte de Israel y la connivencia y colaboraci\u00f3n de los gobiernos occidentales, est\u00e1 siendo ensordecedor.","og_url":"https:\/\/eldiariodelaeducacion.com\/porotrapoliticaeducativa\/2024\/01\/01\/no-en-nuestro-nombre-exigimos-que-se-pare-el-genocidio-en-palestina-por-otra-politica-educativa-foro-de-sevilla\/","og_site_name":"Por otra pol\u00edtica educativa. Foro de Sevilla.","article_published_time":"2024-01-01T05:00:16+00:00","article_modified_time":"2024-08-21T14:51:00+00:00","og_image":[{"width":1440,"height":1290,"url":"https:\/\/eldiariodelaeducacion.com\/porotrapoliticaeducativa\/wp-content\/uploads\/sites\/21\/2023\/12\/@artofdido.-PEACE-PLEASE.jpg","type":"image\/jpeg"}],"author":"Com. Permanente. \u201cPor otra pol\u00edtica educativa. Foro de Sevilla\u201d","twitter_card":"summary_large_image","twitter_misc":{"Escrito por":"Com. Permanente. \u201cPor otra pol\u00edtica educativa. Foro de Sevilla\u201d","Tiempo de lectura":"7 minutos"},"schema":{"@context":"https:\/\/schema.org","@graph":[{"@type":"Article","@id":"https:\/\/eldiariodelaeducacion.com\/porotrapoliticaeducativa\/2024\/01\/01\/no-en-nuestro-nombre-exigimos-que-se-pare-el-genocidio-en-palestina-por-otra-politica-educativa-foro-de-sevilla\/#article","isPartOf":{"@id":"https:\/\/eldiariodelaeducacion.com\/porotrapoliticaeducativa\/2024\/01\/01\/no-en-nuestro-nombre-exigimos-que-se-pare-el-genocidio-en-palestina-por-otra-politica-educativa-foro-de-sevilla\/"},"author":{"name":"Com. Permanente. \u201cPor otra pol\u00edtica educativa. Foro de Sevilla\u201d","@id":"https:\/\/eldiariodelaeducacion.com\/porotrapoliticaeducativa\/#\/schema\/person\/f764e366788e25aa691ea918682bd80d"},"headline":"No en nuestro nombre: exigimos que se pare el genocidio en Palestina","datePublished":"2024-01-01T05:00:16+00:00","dateModified":"2024-08-21T14:51:00+00:00","mainEntityOfPage":{"@id":"https:\/\/eldiariodelaeducacion.com\/porotrapoliticaeducativa\/2024\/01\/01\/no-en-nuestro-nombre-exigimos-que-se-pare-el-genocidio-en-palestina-por-otra-politica-educativa-foro-de-sevilla\/"},"wordCount":1459,"commentCount":0,"image":{"@id":"https:\/\/eldiariodelaeducacion.com\/porotrapoliticaeducativa\/2024\/01\/01\/no-en-nuestro-nombre-exigimos-que-se-pare-el-genocidio-en-palestina-por-otra-politica-educativa-foro-de-sevilla\/#primaryimage"},"thumbnailUrl":"https:\/\/eldiariodelaeducacion.com\/porotrapoliticaeducativa\/wp-content\/uploads\/sites\/21\/2023\/12\/@artofdido.-PEACE-PLEASE.jpg","keywords":["Ciudadan\u00eda","Convenci\u00f3n sobre los Derechos del Ni\u00f1o","Derechos Humanos","Educaci\u00f3n para la paz","escuela p\u00fablica","Palestina","Sistemas educativos","Solidaridad","Valores"],"articleSection":["Por otra pol\u00edtica educativa. Foro de Sevilla"],"inLanguage":"es","potentialAction":[{"@type":"CommentAction","name":"Comment","target":["https:\/\/eldiariodelaeducacion.com\/porotrapoliticaeducativa\/2024\/01\/01\/no-en-nuestro-nombre-exigimos-que-se-pare-el-genocidio-en-palestina-por-otra-politica-educativa-foro-de-sevilla\/#respond"]}]},{"@type":"WebPage","@id":"https:\/\/eldiariodelaeducacion.com\/porotrapoliticaeducativa\/2024\/01\/01\/no-en-nuestro-nombre-exigimos-que-se-pare-el-genocidio-en-palestina-por-otra-politica-educativa-foro-de-sevilla\/","url":"https:\/\/eldiariodelaeducacion.com\/porotrapoliticaeducativa\/2024\/01\/01\/no-en-nuestro-nombre-exigimos-que-se-pare-el-genocidio-en-palestina-por-otra-politica-educativa-foro-de-sevilla\/","name":"No en nuestro nombre: exigimos que se pare el genocidio en Palestina - Por otra pol\u00edtica educativa. Foro de Sevilla.","isPartOf":{"@id":"https:\/\/eldiariodelaeducacion.com\/porotrapoliticaeducativa\/#website"},"primaryImageOfPage":{"@id":"https:\/\/eldiariodelaeducacion.com\/porotrapoliticaeducativa\/2024\/01\/01\/no-en-nuestro-nombre-exigimos-que-se-pare-el-genocidio-en-palestina-por-otra-politica-educativa-foro-de-sevilla\/#primaryimage"},"image":{"@id":"https:\/\/eldiariodelaeducacion.com\/porotrapoliticaeducativa\/2024\/01\/01\/no-en-nuestro-nombre-exigimos-que-se-pare-el-genocidio-en-palestina-por-otra-politica-educativa-foro-de-sevilla\/#primaryimage"},"thumbnailUrl":"https:\/\/eldiariodelaeducacion.com\/porotrapoliticaeducativa\/wp-content\/uploads\/sites\/21\/2023\/12\/@artofdido.-PEACE-PLEASE.jpg","datePublished":"2024-01-01T05:00:16+00:00","dateModified":"2024-08-21T14:51:00+00:00","author":{"@id":"https:\/\/eldiariodelaeducacion.com\/porotrapoliticaeducativa\/#\/schema\/person\/f764e366788e25aa691ea918682bd80d"},"description":"El silencio de la Universidad y otras instituciones y movimientos educativos ante la continua violaci\u00f3n del derecho internacional y los derechos humanos por parte de Israel y la connivencia y colaboraci\u00f3n de los gobiernos occidentales, est\u00e1 siendo ensordecedor.","breadcrumb":{"@id":"https:\/\/eldiariodelaeducacion.com\/porotrapoliticaeducativa\/2024\/01\/01\/no-en-nuestro-nombre-exigimos-que-se-pare-el-genocidio-en-palestina-por-otra-politica-educativa-foro-de-sevilla\/#breadcrumb"},"inLanguage":"es","potentialAction":[{"@type":"ReadAction","target":["https:\/\/eldiariodelaeducacion.com\/porotrapoliticaeducativa\/2024\/01\/01\/no-en-nuestro-nombre-exigimos-que-se-pare-el-genocidio-en-palestina-por-otra-politica-educativa-foro-de-sevilla\/"]}]},{"@type":"ImageObject","inLanguage":"es","@id":"https:\/\/eldiariodelaeducacion.com\/porotrapoliticaeducativa\/2024\/01\/01\/no-en-nuestro-nombre-exigimos-que-se-pare-el-genocidio-en-palestina-por-otra-politica-educativa-foro-de-sevilla\/#primaryimage","url":"https:\/\/eldiariodelaeducacion.com\/porotrapoliticaeducativa\/wp-content\/uploads\/sites\/21\/2023\/12\/@artofdido.-PEACE-PLEASE.jpg","contentUrl":"https:\/\/eldiariodelaeducacion.com\/porotrapoliticaeducativa\/wp-content\/uploads\/sites\/21\/2023\/12\/@artofdido.-PEACE-PLEASE.jpg","width":1440,"height":1290,"caption":"Ilustraci\u00f3n PEACE, PLEASE en Instagram, de @artofdido"},{"@type":"BreadcrumbList","@id":"https:\/\/eldiariodelaeducacion.com\/porotrapoliticaeducativa\/2024\/01\/01\/no-en-nuestro-nombre-exigimos-que-se-pare-el-genocidio-en-palestina-por-otra-politica-educativa-foro-de-sevilla\/#breadcrumb","itemListElement":[{"@type":"ListItem","position":1,"name":"Portada","item":"https:\/\/eldiariodelaeducacion.com\/porotrapoliticaeducativa\/"},{"@type":"ListItem","position":2,"name":"No en nuestro nombre: exigimos que se pare el genocidio en Palestina"}]},{"@type":"WebSite","@id":"https:\/\/eldiariodelaeducacion.com\/porotrapoliticaeducativa\/#website","url":"https:\/\/eldiariodelaeducacion.com\/porotrapoliticaeducativa\/","name":"Por otra pol\u00edtica educativa. Foro de Sevilla.","description":"Un blog de El Diario de la Educaci\u00f3n","potentialAction":[{"@type":"SearchAction","target":{"@type":"EntryPoint","urlTemplate":"https:\/\/eldiariodelaeducacion.com\/porotrapoliticaeducativa\/?s={search_term_string}"},"query-input":{"@type":"PropertyValueSpecification","valueRequired":true,"valueName":"search_term_string"}}],"inLanguage":"es"},{"@type":"Person","@id":"https:\/\/eldiariodelaeducacion.com\/porotrapoliticaeducativa\/#\/schema\/person\/f764e366788e25aa691ea918682bd80d","name":"Com. Permanente. \u201cPor otra pol\u00edtica educativa. Foro de Sevilla\u201d","image":{"@type":"ImageObject","inLanguage":"es","@id":"https:\/\/eldiariodelaeducacion.com\/porotrapoliticaeducativa\/wp-content\/uploads\/sites\/21\/2024\/11\/com.-permanente.-por-otra-politica-educativa.-foro-de-sevilla_avatar-96x96.jpeg","url":"https:\/\/eldiariodelaeducacion.com\/porotrapoliticaeducativa\/wp-content\/uploads\/sites\/21\/2024\/11\/com.-permanente.-por-otra-politica-educativa.-foro-de-sevilla_avatar-96x96.jpeg","contentUrl":"https:\/\/eldiariodelaeducacion.com\/porotrapoliticaeducativa\/wp-content\/uploads\/sites\/21\/2024\/11\/com.-permanente.-por-otra-politica-educativa.-foro-de-sevilla_avatar-96x96.jpeg","caption":"Com. Permanente. \u201cPor otra pol\u00edtica educativa. Foro de Sevilla\u201d"},"description":"Colectivo de profesionales, ligados a la docencia, la reflexi\u00f3n y la investigaci\u00f3n en el campo de las ciencias de la educaci\u00f3n, preocupados por el deterioro de nuestro sistema escolar y el desarrollo de pol\u00edticas err\u00e1ticas y privatizadoras del derecho a la educaci\u00f3n.","url":"https:\/\/eldiariodelaeducacion.com\/porotrapoliticaeducativa\/author\/comisionpermanente\/"}]}},"_links":{"self":[{"href":"https:\/\/eldiariodelaeducacion.com\/porotrapoliticaeducativa\/wp-json\/wp\/v2\/posts\/2213","targetHints":{"allow":["GET"]}}],"collection":[{"href":"https:\/\/eldiariodelaeducacion.com\/porotrapoliticaeducativa\/wp-json\/wp\/v2\/posts"}],"about":[{"href":"https:\/\/eldiariodelaeducacion.com\/porotrapoliticaeducativa\/wp-json\/wp\/v2\/types\/post"}],"author":[{"embeddable":true,"href":"https:\/\/eldiariodelaeducacion.com\/porotrapoliticaeducativa\/wp-json\/wp\/v2\/users\/208"}],"replies":[{"embeddable":true,"href":"https:\/\/eldiariodelaeducacion.com\/porotrapoliticaeducativa\/wp-json\/wp\/v2\/comments?post=2213"}],"version-history":[{"count":1,"href":"https:\/\/eldiariodelaeducacion.com\/porotrapoliticaeducativa\/wp-json\/wp\/v2\/posts\/2213\/revisions"}],"predecessor-version":[{"id":2511,"href":"https:\/\/eldiariodelaeducacion.com\/porotrapoliticaeducativa\/wp-json\/wp\/v2\/posts\/2213\/revisions\/2511"}],"wp:featuredmedia":[{"embeddable":true,"href":"https:\/\/eldiariodelaeducacion.com\/porotrapoliticaeducativa\/wp-json\/wp\/v2\/media\/2214"}],"wp:attachment":[{"href":"https:\/\/eldiariodelaeducacion.com\/porotrapoliticaeducativa\/wp-json\/wp\/v2\/media?parent=2213"}],"wp:term":[{"taxonomy":"category","embeddable":true,"href":"https:\/\/eldiariodelaeducacion.com\/porotrapoliticaeducativa\/wp-json\/wp\/v2\/categories?post=2213"},{"taxonomy":"post_tag","embeddable":true,"href":"https:\/\/eldiariodelaeducacion.com\/porotrapoliticaeducativa\/wp-json\/wp\/v2\/tags?post=2213"},{"taxonomy":"tipo","embeddable":true,"href":"https:\/\/eldiariodelaeducacion.com\/porotrapoliticaeducativa\/wp-json\/wp\/v2\/tipo?post=2213"}],"curies":[{"name":"wp","href":"https:\/\/api.w.org\/{rel}","templated":true}]}}