{"id":2329,"date":"2024-05-13T06:00:37","date_gmt":"2024-05-13T04:00:37","guid":{"rendered":"https:\/\/eldiariodelaeducacion.com\/porotrapoliticaeducativa\/?p=2329"},"modified":"2024-08-21T16:51:01","modified_gmt":"2024-08-21T14:51:01","slug":"libros-blancos-los-nuevos-planes-de-estudio-de-magisterio","status":"publish","type":"post","link":"https:\/\/eldiariodelaeducacion.com\/porotrapoliticaeducativa\/2024\/05\/13\/libros-blancos-los-nuevos-planes-de-estudio-de-magisterio\/","title":{"rendered":"\u00bfLibros blancos? Los nuevos planes de estudio de Magisterio"},"content":{"rendered":"<p>La aprobaci\u00f3n el 28 de septiembre de 2021, del <a href=\"https:\/\/www.boe.es\/buscar\/act.php?id=BOE-A-2021-15781\" target=\"_blank\" rel=\"noopener\">Real Decreto 822\/2021<\/a>, por el que se establec\u00eda la \u201corganizaci\u00f3n de las ense\u00f1anzas universitarias y del procedimiento de aseguramiento de su calidad\u201d, supuso el pistoletazo de salida para iniciar los procesos de reforma de los planes de estudio universitarios. La formaci\u00f3n inicial del profesorado de Educaci\u00f3n Infantil y Primaria, por tanto, se ve afectado por este decreto, si bien, al ser una profesi\u00f3n regulada requiere de un decreto posterior del gobierno en el que se establezcan las directrices propias que se deber\u00e1n cumplir, en cualquier caso.<\/p>\n<p>Posteriormente, en febrero de 2023, el ministerio de Universidades publica el proyecto de Orden por la que se establecen los requisitos para la verificaci\u00f3n de los planes de estudios conducentes a la obtenci\u00f3n de los t\u00edtulos universitarios oficiales que habiliten para el ejercicio de la profesi\u00f3n de Maestra\/o en Educaci\u00f3n Primaria y en educaci\u00f3n infantil. Proyecto que nunca lleg\u00f3 a ver la luz ya que gener\u00f3 una fuerte controversia y el rechazo de muchos colectivos y facultades de educaci\u00f3n, el <a href=\"https:\/\/eldiariodelaeducacion.com\/porotrapoliticaeducativa\/2023\/03\/27\/sobre-la-reforma-de-la-formacion-inicial-del-magisterio-que-hay-de-lo-mio-o-que-profesorado-para-el-siglo-xxi\/\" target=\"_blank\" rel=\"noopener\">Foro de Sevilla<\/a> entre ellos.<\/p>\n<p>En este contexto, con cambio de gobierno entre medias, bastantes facultades de educaci\u00f3n inician un periodo de reflexi\u00f3n sobre la formaci\u00f3n inicial, que converge en que la conferencia de Decanos y Decanas de Educaci\u00f3n, reunida los d\u00edas 16 y 17 de noviembre de 2023 en Zamora, acordar\u00e1 la \u201choja de ruta\u201d para la elaboraci\u00f3n de los nuevos Libros Blancos de los Grados de Maestro de Educaci\u00f3n Infantil, de Educaci\u00f3n Primaria, de Pedagog\u00eda y de Educaci\u00f3n Social, as\u00ed como para el M\u00e1ster de Formaci\u00f3n de profesorado de Educaci\u00f3n Secundaria.<\/p>\n<p>El Foro de Sevilla, en consecuencia, elabora un documento en el que analiza este proceso y aporta su valoraci\u00f3n sobre el sentido de los libros blancos y hacia donde deber\u00edan orientarse de cara a una educaci\u00f3n comprometida con valores democr\u00e1ticos, inclusivos y cr\u00edticos. Nuestras aportaciones se organizan en seis \u00e1mbitos concretos: <em>La orientaci\u00f3n educativa de la formaci\u00f3n inicial<\/em>, <em>el acceso a los estudios<\/em>, <em>el modelo profesionalizador<\/em>, <em>el dise\u00f1o curricular<\/em>, <em>la entrada en la pr\u00e1ctica real<\/em> y <em>los aspectos institucionales<\/em>. En definitiva, este documento plantea la urgencia de dise\u00f1ar una formaci\u00f3n inicial del profesorado que responda a los desaf\u00edos y las demandas de la sociedad actual, promoviendo una visi\u00f3n de la educaci\u00f3n centrada en valores \u00e9ticos, inclusivos y cr\u00edticos, rompiendo con la inercia tradicional del reparto de la tarta, que tanto da\u00f1o hace a la profesionalizaci\u00f3n de nuestro alumnado.<\/p>\n<p>Entendemos que un libro blanco debe servir para dise\u00f1ar el modelo formativo que debe caracterizar la formaci\u00f3n de las y los futuros docentes, de todos los niveles educativos, con una finalidad muy clara: el compromiso con una educaci\u00f3n p\u00fablica, laica, cr\u00edtica, inclusiva, democr\u00e1tica, intercultural, feminista, \u00e9tica, con conciencia ecol\u00f3gica, basada en los derechos humanos y en el bien com\u00fan, comprometida con la transformaci\u00f3n, la emancipaci\u00f3n, la equidad y la justicia social. En definitiva, pensamos que una formaci\u00f3n del profesorado debe implicar los valores antropol\u00f3gicos b\u00e1sicos que nos caracterizan como humanidad y sobre los que debe construirse una sociedad mejor, as\u00ed como atender los problemas esenciales por los que atraviesa la especie humana y la sociedad actual. No es posible una formaci\u00f3n de un o una profesional de la educaci\u00f3n que no est\u00e9 pensada desde las finalidades esenciales para la mejora de la sociedad. Educar, en definitiva, es ofrecer una visi\u00f3n del mundo y de nuestra acci\u00f3n en el mismo, y no s\u00f3lo adquirir informaci\u00f3n desde criterios ajenos a la vida de los sujetos.<\/p>\n<p>Por ello es importante que un proyecto de libro blanco asuma nuevos retos, que rompan con lo peor de la cultura acad\u00e9mica al uso. Esto es, sedentarismo universitario, docencia excesivamente alejada de la realidad, luchas internas por el poder y la jerarqu\u00eda y la hegemon\u00eda acad\u00e9mica, etc. Todo ello traducido en t\u00e9rminos de \u201c\u00bfqu\u00e9 hay de lo m\u00edo?\u201d que ha sido el lugar com\u00fan de la configuraci\u00f3n de los planes de estudio anteriores.<\/p>\n<p>Como dec\u00edamos, son seis los apartados que orientan nuestra propuesta. <em>En esta primera entrega abordamos el primero de ellos, la orientaci\u00f3n educativa del modelo<\/em>. Dejamos para la siguiente entrega el desarrollo del dise\u00f1o curricular y el modelo profesionalizador de los estudios. Es necesario dar el salto de la queja sobre lo inadecuada que es la formaci\u00f3n inicial, pero desde las pol\u00edticas gubernamentales se hace muy poco para su mejora, asumiendo posiciones cuando menos caducas, en relaci\u00f3n con los avances del conocimiento educativo, con suficientes evidencias contrastadas de por donde se deber\u00eda caminar. Normalmente la pol\u00edtica educativa ignora, margina, o simplemente instrumentaliza, estos avances, a favor de mantener el control sobre el futuro de la educaci\u00f3n y su dependencia de los sistemas econ\u00f3micos y productivos. La educaci\u00f3n no deber\u00eda ser una empresa de colocaci\u00f3n en el sistema laboral sino una posibilidad de crecimiento colectivo para la mejora de la sociedad, de la humanidad y en general, del mundo en que vivimos.<\/p>\n<h3>La orientaci\u00f3n educativa de la formaci\u00f3n inicial<\/h3>\n<p>En el marco de la sociedad actual hay un acuerdo de que el profesorado se enfrenta a situaciones caracterizadas por una complejidad cada vez m\u00e1s alta y unos niveles de incertidumbre elevados. La profesi\u00f3n docente se desarrolla, hoy en d\u00eda, en un contexto que ha variado sustancialmente respecto a un pasado no tan lejano, lo cual necesariamente influir\u00e1 en la profesi\u00f3n de ense\u00f1ar. El modelo social l\u00f3gicamente ordenado y estable que se nos ofrece en la idealizaci\u00f3n del curr\u00edculum escolar, est\u00e1 dando paso a tiempos de incertidumbre, complejidad, conocimientos parad\u00f3jicos, conflictos diversos, etc. Sin duda, son tiempos diferentes para la educaci\u00f3n y para las los profesionales que trabajan en ella. El profesorado del siglo XXI y, por tanto, su formaci\u00f3n, requiere saberes y maneras de hacer que den sentido a la infancia y juventud que pasa por sus aulas, que viven realidades muy diferentes a las que le ofrece el sistema educativo. Entre otras cosas, es necesario poder transmitir entusiasmo y ganas de aprender de forma que permitan lograr que el alumnado se desarrolle en los valores de la dignidad humana y la democracia. Por tanto, hay que tomar decisiones que tendr\u00e1n consecuencias sociales, \u00e9ticas y morales. Todo ello, se ha de considerar necesariamente, en el dise\u00f1o de los planes de estudio.<\/p>\n<p>De acuerdo con esto, deber\u00edamos desarrollar una formaci\u00f3n inicial del profesorado orientada a comprender y fortalecer una ense\u00f1anza y aprendizaje relevante y con sentido. Esto significa generar la capacidad en el alumnado de comprender su mundo y su realidad, desde todas las dimensiones, y poder intervenir en \u00e9l para su mejora en todos los sentidos. Esto significa introducir cambios profundos en el contexto escolar, en el uso de las nuevas tecnolog\u00edas de la informaci\u00f3n, en la forma de organizarse en las instituciones educativas y, de forma especial, en la inclusi\u00f3n escolar, en el respeto a la otra persona y al fen\u00f3meno intercultural. Esto se traduce en una formaci\u00f3n m\u00e1s colaborativa, en la que se comparte el conocimiento, la experiencia y el contexto, para encontrar nuevas alternativas al aprendizaje.<\/p>\n<p>Hemos reivindicado durante mucho tiempo un enfoque reflexivo sobre la pr\u00e1ctica docente, que concibe la ense\u00f1anza como un proceso de investigaci\u00f3n, que analiza un problema de la experiencia inmediata, desarrolla una reflexi\u00f3n activa y cr\u00edtica, efectuada con el fin de resolver problemas. El aprendizaje de la profesi\u00f3n tiene lugar en la medida que se act\u00faa y se practica, de tal manera que se va formando un conjunto de disposiciones adquiridas en y por la pr\u00e1ctica real que permiten hacer frente a los imponderables de la profesi\u00f3n de ense\u00f1ar. Se promueve as\u00ed una actitud cient\u00edfica, abierta y comprensiva frente a la realidad validada por el trabajo educativo cotidiano.<\/p>\n<p><em>Continuar\u00e1&#8230;<\/em><\/p>\n","protected":false},"excerpt":{"rendered":"<p>La aprobaci\u00f3n el 28 de septiembre de 2021, del Real Decreto 822\/2021, por el que se establec\u00eda la \u201corganizaci\u00f3n de las ense\u00f1anzas universitarias y del procedimiento de aseguramiento de su calidad\u201d, supuso el pistoletazo de salida para iniciar los procesos de reforma de los planes de estudio universitarios. La formaci\u00f3n inicial del profesorado de Educaci\u00f3n<\/p>\n","protected":false},"author":208,"featured_media":2428,"comment_status":"open","ping_status":"closed","sticky":false,"template":"","format":"standard","meta":{"footnotes":""},"categories":[18],"tags":[69,54,52,53,17,34,58],"tipo":[96],"class_list":{"0":"post-2329","1":"post","2":"type-post","3":"status-publish","4":"format-standard","5":"has-post-thumbnail","7":"category-por-otra-politica-educativa","8":"tag-administracion-educativa","9":"tag-comunidades-profesionales-de-aprendizaje","10":"tag-cultura-docente","11":"tag-formacion-del-profesorado","12":"tag-politicas-educativas","13":"tag-profesorado","14":"tag-valores","15":"tipo-analisis"},"yoast_head":"<!-- This site is optimized with the Yoast SEO plugin v27.5 - https:\/\/yoast.com\/product\/yoast-seo-wordpress\/ -->\n<title>\u00bfLibros blancos? Los nuevos planes de estudio de Magisterio - Por otra pol\u00edtica educativa. Foro de Sevilla.<\/title>\n<meta name=\"robots\" content=\"index, follow, max-snippet:-1, max-image-preview:large, max-video-preview:-1\" \/>\n<link rel=\"canonical\" href=\"https:\/\/eldiariodelaeducacion.com\/porotrapoliticaeducativa\/2024\/05\/13\/libros-blancos-los-nuevos-planes-de-estudio-de-magisterio\/\" \/>\n<meta property=\"og:locale\" content=\"es_ES\" \/>\n<meta property=\"og:type\" content=\"article\" \/>\n<meta property=\"og:title\" content=\"\u00bfLibros blancos? Los nuevos planes de estudio de Magisterio - Por otra pol\u00edtica educativa. Foro de Sevilla\" \/>\n<meta property=\"og:description\" content=\"El profesorado del siglo XXI y, por tanto, su formaci\u00f3n, requiere saberes y maneras de hacer que den sentido a la infancia y juventud que pasa por sus aulas, que viven realidades muy diferentes a las que le ofrece el sistema educativo. Debemos plantear una formaci\u00f3n inicial orientada a comprender y fortalecer una ense\u00f1anza y aprendizaje relevante y con sentido. Generar la capacidad en el alumnado para comprender su mundo y su realidad, desde todas las dimensiones, y poder intervenir en su mejora.\" \/>\n<meta property=\"og:url\" content=\"https:\/\/eldiariodelaeducacion.com\/porotrapoliticaeducativa\/2024\/05\/13\/libros-blancos-los-nuevos-planes-de-estudio-de-magisterio\/\" \/>\n<meta property=\"og:site_name\" content=\"Por otra pol\u00edtica educativa. Foro de Sevilla.\" \/>\n<meta property=\"article:published_time\" content=\"2024-05-13T04:00:37+00:00\" \/>\n<meta property=\"article:modified_time\" content=\"2024-08-21T14:51:01+00:00\" \/>\n<meta name=\"author\" content=\"Com. Permanente. \u201cPor otra pol\u00edtica educativa. Foro de Sevilla\u201d\" \/>\n<meta name=\"twitter:card\" content=\"summary_large_image\" \/>\n<meta name=\"twitter:title\" content=\"\u00bfLibros blancos? Los nuevos planes de estudio de Magisterio - Por otra pol\u00edtica educativa. Foro de Sevilla\" \/>\n<meta name=\"twitter:description\" content=\"El profesorado del siglo XXI y, por tanto, su formaci\u00f3n, requiere saberes y maneras de hacer que den sentido a la infancia y juventud que pasa por sus aulas, que viven realidades muy diferentes a las que le ofrece el sistema educativo. Debemos plantear una formaci\u00f3n inicial orientada a comprender y fortalecer una ense\u00f1anza y aprendizaje relevante y con sentido. Generar la capacidad en el alumnado para comprender su mundo y su realidad, desde todas las dimensiones, y poder intervenir en su mejora.\" \/>\n<meta name=\"twitter:image\" content=\"https:\/\/eldiariodelaeducacion.com\/porotrapoliticaeducativa\/wp-content\/uploads\/sites\/21\/2024\/05\/356639281_227936960057755_3040592848540695770_n-2.jpg\" \/>\n<meta name=\"twitter:label1\" content=\"Escrito por\" \/>\n\t<meta name=\"twitter:data1\" content=\"Com. Permanente. \u201cPor otra pol\u00edtica educativa. Foro de Sevilla\u201d\" \/>\n\t<meta name=\"twitter:label2\" content=\"Tiempo de lectura\" \/>\n\t<meta name=\"twitter:data2\" content=\"7 minutos\" \/>\n<script type=\"application\/ld+json\" class=\"yoast-schema-graph\">{\"@context\":\"https:\\\/\\\/schema.org\",\"@graph\":[{\"@type\":\"Article\",\"@id\":\"https:\\\/\\\/eldiariodelaeducacion.com\\\/porotrapoliticaeducativa\\\/2024\\\/05\\\/13\\\/libros-blancos-los-nuevos-planes-de-estudio-de-magisterio\\\/#article\",\"isPartOf\":{\"@id\":\"https:\\\/\\\/eldiariodelaeducacion.com\\\/porotrapoliticaeducativa\\\/2024\\\/05\\\/13\\\/libros-blancos-los-nuevos-planes-de-estudio-de-magisterio\\\/\"},\"author\":{\"name\":\"Com. Permanente. \u201cPor otra pol\u00edtica educativa. Foro de Sevilla\u201d\",\"@id\":\"https:\\\/\\\/eldiariodelaeducacion.com\\\/porotrapoliticaeducativa\\\/#\\\/schema\\\/person\\\/f764e366788e25aa691ea918682bd80d\"},\"headline\":\"\u00bfLibros blancos? Los nuevos planes de estudio de Magisterio\",\"datePublished\":\"2024-05-13T04:00:37+00:00\",\"dateModified\":\"2024-08-21T14:51:01+00:00\",\"mainEntityOfPage\":{\"@id\":\"https:\\\/\\\/eldiariodelaeducacion.com\\\/porotrapoliticaeducativa\\\/2024\\\/05\\\/13\\\/libros-blancos-los-nuevos-planes-de-estudio-de-magisterio\\\/\"},\"wordCount\":1390,\"commentCount\":0,\"image\":{\"@id\":\"https:\\\/\\\/eldiariodelaeducacion.com\\\/porotrapoliticaeducativa\\\/2024\\\/05\\\/13\\\/libros-blancos-los-nuevos-planes-de-estudio-de-magisterio\\\/#primaryimage\"},\"thumbnailUrl\":\"https:\\\/\\\/eldiariodelaeducacion.com\\\/porotrapoliticaeducativa\\\/wp-content\\\/uploads\\\/sites\\\/21\\\/2024\\\/05\\\/356639281_227936960057755_3040592848540695770_n-2.jpg\",\"keywords\":[\"Administraci\u00f3n educativa\",\"Comunidades profesionales de aprendizaje\",\"Cultura Docente\",\"Formaci\u00f3n del profesorado\",\"Pol\u00edticas educativas\",\"Profesorado\",\"Valores\"],\"articleSection\":[\"Por otra pol\u00edtica educativa. Foro de Sevilla\"],\"inLanguage\":\"es\",\"potentialAction\":[{\"@type\":\"CommentAction\",\"name\":\"Comment\",\"target\":[\"https:\\\/\\\/eldiariodelaeducacion.com\\\/porotrapoliticaeducativa\\\/2024\\\/05\\\/13\\\/libros-blancos-los-nuevos-planes-de-estudio-de-magisterio\\\/#respond\"]}]},{\"@type\":\"WebPage\",\"@id\":\"https:\\\/\\\/eldiariodelaeducacion.com\\\/porotrapoliticaeducativa\\\/2024\\\/05\\\/13\\\/libros-blancos-los-nuevos-planes-de-estudio-de-magisterio\\\/\",\"url\":\"https:\\\/\\\/eldiariodelaeducacion.com\\\/porotrapoliticaeducativa\\\/2024\\\/05\\\/13\\\/libros-blancos-los-nuevos-planes-de-estudio-de-magisterio\\\/\",\"name\":\"\u00bfLibros blancos? Los nuevos planes de estudio de Magisterio - Por otra pol\u00edtica educativa. Foro de Sevilla.\",\"isPartOf\":{\"@id\":\"https:\\\/\\\/eldiariodelaeducacion.com\\\/porotrapoliticaeducativa\\\/#website\"},\"primaryImageOfPage\":{\"@id\":\"https:\\\/\\\/eldiariodelaeducacion.com\\\/porotrapoliticaeducativa\\\/2024\\\/05\\\/13\\\/libros-blancos-los-nuevos-planes-de-estudio-de-magisterio\\\/#primaryimage\"},\"image\":{\"@id\":\"https:\\\/\\\/eldiariodelaeducacion.com\\\/porotrapoliticaeducativa\\\/2024\\\/05\\\/13\\\/libros-blancos-los-nuevos-planes-de-estudio-de-magisterio\\\/#primaryimage\"},\"thumbnailUrl\":\"https:\\\/\\\/eldiariodelaeducacion.com\\\/porotrapoliticaeducativa\\\/wp-content\\\/uploads\\\/sites\\\/21\\\/2024\\\/05\\\/356639281_227936960057755_3040592848540695770_n-2.jpg\",\"datePublished\":\"2024-05-13T04:00:37+00:00\",\"dateModified\":\"2024-08-21T14:51:01+00:00\",\"author\":{\"@id\":\"https:\\\/\\\/eldiariodelaeducacion.com\\\/porotrapoliticaeducativa\\\/#\\\/schema\\\/person\\\/f764e366788e25aa691ea918682bd80d\"},\"breadcrumb\":{\"@id\":\"https:\\\/\\\/eldiariodelaeducacion.com\\\/porotrapoliticaeducativa\\\/2024\\\/05\\\/13\\\/libros-blancos-los-nuevos-planes-de-estudio-de-magisterio\\\/#breadcrumb\"},\"inLanguage\":\"es\",\"potentialAction\":[{\"@type\":\"ReadAction\",\"target\":[\"https:\\\/\\\/eldiariodelaeducacion.com\\\/porotrapoliticaeducativa\\\/2024\\\/05\\\/13\\\/libros-blancos-los-nuevos-planes-de-estudio-de-magisterio\\\/\"]}]},{\"@type\":\"ImageObject\",\"inLanguage\":\"es\",\"@id\":\"https:\\\/\\\/eldiariodelaeducacion.com\\\/porotrapoliticaeducativa\\\/2024\\\/05\\\/13\\\/libros-blancos-los-nuevos-planes-de-estudio-de-magisterio\\\/#primaryimage\",\"url\":\"https:\\\/\\\/eldiariodelaeducacion.com\\\/porotrapoliticaeducativa\\\/wp-content\\\/uploads\\\/sites\\\/21\\\/2024\\\/05\\\/356639281_227936960057755_3040592848540695770_n-2.jpg\",\"contentUrl\":\"https:\\\/\\\/eldiariodelaeducacion.com\\\/porotrapoliticaeducativa\\\/wp-content\\\/uploads\\\/sites\\\/21\\\/2024\\\/05\\\/356639281_227936960057755_3040592848540695770_n-2.jpg\",\"width\":1270,\"height\":1075,\"caption\":\"Ilustraci\u00f3n cedida por Joseba G. Plazuelo\"},{\"@type\":\"BreadcrumbList\",\"@id\":\"https:\\\/\\\/eldiariodelaeducacion.com\\\/porotrapoliticaeducativa\\\/2024\\\/05\\\/13\\\/libros-blancos-los-nuevos-planes-de-estudio-de-magisterio\\\/#breadcrumb\",\"itemListElement\":[{\"@type\":\"ListItem\",\"position\":1,\"name\":\"Portada\",\"item\":\"https:\\\/\\\/eldiariodelaeducacion.com\\\/porotrapoliticaeducativa\\\/\"},{\"@type\":\"ListItem\",\"position\":2,\"name\":\"\u00bfLibros blancos? Los nuevos planes de estudio de Magisterio\"}]},{\"@type\":\"WebSite\",\"@id\":\"https:\\\/\\\/eldiariodelaeducacion.com\\\/porotrapoliticaeducativa\\\/#website\",\"url\":\"https:\\\/\\\/eldiariodelaeducacion.com\\\/porotrapoliticaeducativa\\\/\",\"name\":\"Por otra pol\u00edtica educativa. Foro de Sevilla.\",\"description\":\"Un blog de El Diario de la Educaci\u00f3n\",\"potentialAction\":[{\"@type\":\"SearchAction\",\"target\":{\"@type\":\"EntryPoint\",\"urlTemplate\":\"https:\\\/\\\/eldiariodelaeducacion.com\\\/porotrapoliticaeducativa\\\/?s={search_term_string}\"},\"query-input\":{\"@type\":\"PropertyValueSpecification\",\"valueRequired\":true,\"valueName\":\"search_term_string\"}}],\"inLanguage\":\"es\"},{\"@type\":\"Person\",\"@id\":\"https:\\\/\\\/eldiariodelaeducacion.com\\\/porotrapoliticaeducativa\\\/#\\\/schema\\\/person\\\/f764e366788e25aa691ea918682bd80d\",\"name\":\"Com. Permanente. \u201cPor otra pol\u00edtica educativa. Foro de Sevilla\u201d\",\"image\":{\"@type\":\"ImageObject\",\"inLanguage\":\"es\",\"@id\":\"https:\\\/\\\/eldiariodelaeducacion.com\\\/porotrapoliticaeducativa\\\/wp-content\\\/uploads\\\/sites\\\/21\\\/2024\\\/11\\\/com.-permanente.-por-otra-politica-educativa.-foro-de-sevilla_avatar-96x96.jpeg\",\"url\":\"https:\\\/\\\/eldiariodelaeducacion.com\\\/porotrapoliticaeducativa\\\/wp-content\\\/uploads\\\/sites\\\/21\\\/2024\\\/11\\\/com.-permanente.-por-otra-politica-educativa.-foro-de-sevilla_avatar-96x96.jpeg\",\"contentUrl\":\"https:\\\/\\\/eldiariodelaeducacion.com\\\/porotrapoliticaeducativa\\\/wp-content\\\/uploads\\\/sites\\\/21\\\/2024\\\/11\\\/com.-permanente.-por-otra-politica-educativa.-foro-de-sevilla_avatar-96x96.jpeg\",\"caption\":\"Com. Permanente. \u201cPor otra pol\u00edtica educativa. Foro de Sevilla\u201d\"},\"description\":\"Colectivo de profesionales, ligados a la docencia, la reflexi\u00f3n y la investigaci\u00f3n en el campo de las ciencias de la educaci\u00f3n, preocupados por el deterioro de nuestro sistema escolar y el desarrollo de pol\u00edticas err\u00e1ticas y privatizadoras del derecho a la educaci\u00f3n.\",\"url\":\"https:\\\/\\\/eldiariodelaeducacion.com\\\/porotrapoliticaeducativa\\\/author\\\/comisionpermanente\\\/\"}]}<\/script>\n<!-- \/ Yoast SEO plugin. -->","yoast_head_json":{"title":"\u00bfLibros blancos? Los nuevos planes de estudio de Magisterio - Por otra pol\u00edtica educativa. Foro de Sevilla.","robots":{"index":"index","follow":"follow","max-snippet":"max-snippet:-1","max-image-preview":"max-image-preview:large","max-video-preview":"max-video-preview:-1"},"canonical":"https:\/\/eldiariodelaeducacion.com\/porotrapoliticaeducativa\/2024\/05\/13\/libros-blancos-los-nuevos-planes-de-estudio-de-magisterio\/","og_locale":"es_ES","og_type":"article","og_title":"\u00bfLibros blancos? Los nuevos planes de estudio de Magisterio - Por otra pol\u00edtica educativa. Foro de Sevilla","og_description":"El profesorado del siglo XXI y, por tanto, su formaci\u00f3n, requiere saberes y maneras de hacer que den sentido a la infancia y juventud que pasa por sus aulas, que viven realidades muy diferentes a las que le ofrece el sistema educativo. Debemos plantear una formaci\u00f3n inicial orientada a comprender y fortalecer una ense\u00f1anza y aprendizaje relevante y con sentido. Generar la capacidad en el alumnado para comprender su mundo y su realidad, desde todas las dimensiones, y poder intervenir en su mejora.","og_url":"https:\/\/eldiariodelaeducacion.com\/porotrapoliticaeducativa\/2024\/05\/13\/libros-blancos-los-nuevos-planes-de-estudio-de-magisterio\/","og_site_name":"Por otra pol\u00edtica educativa. Foro de Sevilla.","article_published_time":"2024-05-13T04:00:37+00:00","article_modified_time":"2024-08-21T14:51:01+00:00","author":"Com. Permanente. \u201cPor otra pol\u00edtica educativa. Foro de Sevilla\u201d","twitter_card":"summary_large_image","twitter_title":"\u00bfLibros blancos? Los nuevos planes de estudio de Magisterio - Por otra pol\u00edtica educativa. Foro de Sevilla","twitter_description":"El profesorado del siglo XXI y, por tanto, su formaci\u00f3n, requiere saberes y maneras de hacer que den sentido a la infancia y juventud que pasa por sus aulas, que viven realidades muy diferentes a las que le ofrece el sistema educativo. Debemos plantear una formaci\u00f3n inicial orientada a comprender y fortalecer una ense\u00f1anza y aprendizaje relevante y con sentido. Generar la capacidad en el alumnado para comprender su mundo y su realidad, desde todas las dimensiones, y poder intervenir en su mejora.","twitter_image":"https:\/\/eldiariodelaeducacion.com\/porotrapoliticaeducativa\/wp-content\/uploads\/sites\/21\/2024\/05\/356639281_227936960057755_3040592848540695770_n-2.jpg","twitter_misc":{"Escrito por":"Com. Permanente. \u201cPor otra pol\u00edtica educativa. Foro de Sevilla\u201d","Tiempo de lectura":"7 minutos"},"schema":{"@context":"https:\/\/schema.org","@graph":[{"@type":"Article","@id":"https:\/\/eldiariodelaeducacion.com\/porotrapoliticaeducativa\/2024\/05\/13\/libros-blancos-los-nuevos-planes-de-estudio-de-magisterio\/#article","isPartOf":{"@id":"https:\/\/eldiariodelaeducacion.com\/porotrapoliticaeducativa\/2024\/05\/13\/libros-blancos-los-nuevos-planes-de-estudio-de-magisterio\/"},"author":{"name":"Com. Permanente. \u201cPor otra pol\u00edtica educativa. Foro de Sevilla\u201d","@id":"https:\/\/eldiariodelaeducacion.com\/porotrapoliticaeducativa\/#\/schema\/person\/f764e366788e25aa691ea918682bd80d"},"headline":"\u00bfLibros blancos? Los nuevos planes de estudio de Magisterio","datePublished":"2024-05-13T04:00:37+00:00","dateModified":"2024-08-21T14:51:01+00:00","mainEntityOfPage":{"@id":"https:\/\/eldiariodelaeducacion.com\/porotrapoliticaeducativa\/2024\/05\/13\/libros-blancos-los-nuevos-planes-de-estudio-de-magisterio\/"},"wordCount":1390,"commentCount":0,"image":{"@id":"https:\/\/eldiariodelaeducacion.com\/porotrapoliticaeducativa\/2024\/05\/13\/libros-blancos-los-nuevos-planes-de-estudio-de-magisterio\/#primaryimage"},"thumbnailUrl":"https:\/\/eldiariodelaeducacion.com\/porotrapoliticaeducativa\/wp-content\/uploads\/sites\/21\/2024\/05\/356639281_227936960057755_3040592848540695770_n-2.jpg","keywords":["Administraci\u00f3n educativa","Comunidades profesionales de aprendizaje","Cultura Docente","Formaci\u00f3n del profesorado","Pol\u00edticas educativas","Profesorado","Valores"],"articleSection":["Por otra pol\u00edtica educativa. Foro de Sevilla"],"inLanguage":"es","potentialAction":[{"@type":"CommentAction","name":"Comment","target":["https:\/\/eldiariodelaeducacion.com\/porotrapoliticaeducativa\/2024\/05\/13\/libros-blancos-los-nuevos-planes-de-estudio-de-magisterio\/#respond"]}]},{"@type":"WebPage","@id":"https:\/\/eldiariodelaeducacion.com\/porotrapoliticaeducativa\/2024\/05\/13\/libros-blancos-los-nuevos-planes-de-estudio-de-magisterio\/","url":"https:\/\/eldiariodelaeducacion.com\/porotrapoliticaeducativa\/2024\/05\/13\/libros-blancos-los-nuevos-planes-de-estudio-de-magisterio\/","name":"\u00bfLibros blancos? Los nuevos planes de estudio de Magisterio - Por otra pol\u00edtica educativa. Foro de Sevilla.","isPartOf":{"@id":"https:\/\/eldiariodelaeducacion.com\/porotrapoliticaeducativa\/#website"},"primaryImageOfPage":{"@id":"https:\/\/eldiariodelaeducacion.com\/porotrapoliticaeducativa\/2024\/05\/13\/libros-blancos-los-nuevos-planes-de-estudio-de-magisterio\/#primaryimage"},"image":{"@id":"https:\/\/eldiariodelaeducacion.com\/porotrapoliticaeducativa\/2024\/05\/13\/libros-blancos-los-nuevos-planes-de-estudio-de-magisterio\/#primaryimage"},"thumbnailUrl":"https:\/\/eldiariodelaeducacion.com\/porotrapoliticaeducativa\/wp-content\/uploads\/sites\/21\/2024\/05\/356639281_227936960057755_3040592848540695770_n-2.jpg","datePublished":"2024-05-13T04:00:37+00:00","dateModified":"2024-08-21T14:51:01+00:00","author":{"@id":"https:\/\/eldiariodelaeducacion.com\/porotrapoliticaeducativa\/#\/schema\/person\/f764e366788e25aa691ea918682bd80d"},"breadcrumb":{"@id":"https:\/\/eldiariodelaeducacion.com\/porotrapoliticaeducativa\/2024\/05\/13\/libros-blancos-los-nuevos-planes-de-estudio-de-magisterio\/#breadcrumb"},"inLanguage":"es","potentialAction":[{"@type":"ReadAction","target":["https:\/\/eldiariodelaeducacion.com\/porotrapoliticaeducativa\/2024\/05\/13\/libros-blancos-los-nuevos-planes-de-estudio-de-magisterio\/"]}]},{"@type":"ImageObject","inLanguage":"es","@id":"https:\/\/eldiariodelaeducacion.com\/porotrapoliticaeducativa\/2024\/05\/13\/libros-blancos-los-nuevos-planes-de-estudio-de-magisterio\/#primaryimage","url":"https:\/\/eldiariodelaeducacion.com\/porotrapoliticaeducativa\/wp-content\/uploads\/sites\/21\/2024\/05\/356639281_227936960057755_3040592848540695770_n-2.jpg","contentUrl":"https:\/\/eldiariodelaeducacion.com\/porotrapoliticaeducativa\/wp-content\/uploads\/sites\/21\/2024\/05\/356639281_227936960057755_3040592848540695770_n-2.jpg","width":1270,"height":1075,"caption":"Ilustraci\u00f3n cedida por Joseba G. Plazuelo"},{"@type":"BreadcrumbList","@id":"https:\/\/eldiariodelaeducacion.com\/porotrapoliticaeducativa\/2024\/05\/13\/libros-blancos-los-nuevos-planes-de-estudio-de-magisterio\/#breadcrumb","itemListElement":[{"@type":"ListItem","position":1,"name":"Portada","item":"https:\/\/eldiariodelaeducacion.com\/porotrapoliticaeducativa\/"},{"@type":"ListItem","position":2,"name":"\u00bfLibros blancos? Los nuevos planes de estudio de Magisterio"}]},{"@type":"WebSite","@id":"https:\/\/eldiariodelaeducacion.com\/porotrapoliticaeducativa\/#website","url":"https:\/\/eldiariodelaeducacion.com\/porotrapoliticaeducativa\/","name":"Por otra pol\u00edtica educativa. Foro de Sevilla.","description":"Un blog de El Diario de la Educaci\u00f3n","potentialAction":[{"@type":"SearchAction","target":{"@type":"EntryPoint","urlTemplate":"https:\/\/eldiariodelaeducacion.com\/porotrapoliticaeducativa\/?s={search_term_string}"},"query-input":{"@type":"PropertyValueSpecification","valueRequired":true,"valueName":"search_term_string"}}],"inLanguage":"es"},{"@type":"Person","@id":"https:\/\/eldiariodelaeducacion.com\/porotrapoliticaeducativa\/#\/schema\/person\/f764e366788e25aa691ea918682bd80d","name":"Com. Permanente. \u201cPor otra pol\u00edtica educativa. Foro de Sevilla\u201d","image":{"@type":"ImageObject","inLanguage":"es","@id":"https:\/\/eldiariodelaeducacion.com\/porotrapoliticaeducativa\/wp-content\/uploads\/sites\/21\/2024\/11\/com.-permanente.-por-otra-politica-educativa.-foro-de-sevilla_avatar-96x96.jpeg","url":"https:\/\/eldiariodelaeducacion.com\/porotrapoliticaeducativa\/wp-content\/uploads\/sites\/21\/2024\/11\/com.-permanente.-por-otra-politica-educativa.-foro-de-sevilla_avatar-96x96.jpeg","contentUrl":"https:\/\/eldiariodelaeducacion.com\/porotrapoliticaeducativa\/wp-content\/uploads\/sites\/21\/2024\/11\/com.-permanente.-por-otra-politica-educativa.-foro-de-sevilla_avatar-96x96.jpeg","caption":"Com. Permanente. \u201cPor otra pol\u00edtica educativa. Foro de Sevilla\u201d"},"description":"Colectivo de profesionales, ligados a la docencia, la reflexi\u00f3n y la investigaci\u00f3n en el campo de las ciencias de la educaci\u00f3n, preocupados por el deterioro de nuestro sistema escolar y el desarrollo de pol\u00edticas err\u00e1ticas y privatizadoras del derecho a la educaci\u00f3n.","url":"https:\/\/eldiariodelaeducacion.com\/porotrapoliticaeducativa\/author\/comisionpermanente\/"}]}},"_links":{"self":[{"href":"https:\/\/eldiariodelaeducacion.com\/porotrapoliticaeducativa\/wp-json\/wp\/v2\/posts\/2329","targetHints":{"allow":["GET"]}}],"collection":[{"href":"https:\/\/eldiariodelaeducacion.com\/porotrapoliticaeducativa\/wp-json\/wp\/v2\/posts"}],"about":[{"href":"https:\/\/eldiariodelaeducacion.com\/porotrapoliticaeducativa\/wp-json\/wp\/v2\/types\/post"}],"author":[{"embeddable":true,"href":"https:\/\/eldiariodelaeducacion.com\/porotrapoliticaeducativa\/wp-json\/wp\/v2\/users\/208"}],"replies":[{"embeddable":true,"href":"https:\/\/eldiariodelaeducacion.com\/porotrapoliticaeducativa\/wp-json\/wp\/v2\/comments?post=2329"}],"version-history":[{"count":1,"href":"https:\/\/eldiariodelaeducacion.com\/porotrapoliticaeducativa\/wp-json\/wp\/v2\/posts\/2329\/revisions"}],"predecessor-version":[{"id":2518,"href":"https:\/\/eldiariodelaeducacion.com\/porotrapoliticaeducativa\/wp-json\/wp\/v2\/posts\/2329\/revisions\/2518"}],"wp:featuredmedia":[{"embeddable":true,"href":"https:\/\/eldiariodelaeducacion.com\/porotrapoliticaeducativa\/wp-json\/wp\/v2\/media\/2428"}],"wp:attachment":[{"href":"https:\/\/eldiariodelaeducacion.com\/porotrapoliticaeducativa\/wp-json\/wp\/v2\/media?parent=2329"}],"wp:term":[{"taxonomy":"category","embeddable":true,"href":"https:\/\/eldiariodelaeducacion.com\/porotrapoliticaeducativa\/wp-json\/wp\/v2\/categories?post=2329"},{"taxonomy":"post_tag","embeddable":true,"href":"https:\/\/eldiariodelaeducacion.com\/porotrapoliticaeducativa\/wp-json\/wp\/v2\/tags?post=2329"},{"taxonomy":"tipo","embeddable":true,"href":"https:\/\/eldiariodelaeducacion.com\/porotrapoliticaeducativa\/wp-json\/wp\/v2\/tipo?post=2329"}],"curies":[{"name":"wp","href":"https:\/\/api.w.org\/{rel}","templated":true}]}}