{"id":2719,"date":"2024-12-30T06:00:00","date_gmt":"2024-12-30T05:00:00","guid":{"rendered":"https:\/\/eldiariodelaeducacion.com\/porotrapoliticaeducativa\/?p=2719"},"modified":"2025-11-12T10:29:40","modified_gmt":"2025-11-12T09:29:40","slug":"una-reflexion-critica-sobre-el-informe-final-con-la-propuesta-de-marco-de-competencias-profesionales-docentes","status":"publish","type":"post","link":"https:\/\/eldiariodelaeducacion.com\/porotrapoliticaeducativa\/2024\/12\/30\/una-reflexion-critica-sobre-el-informe-final-con-la-propuesta-de-marco-de-competencias-profesionales-docentes\/","title":{"rendered":"Una reflexi\u00f3n cr\u00edtica sobre el Informe final con la Propuesta de Marco de Competencias Profesionales Docentes"},"content":{"rendered":"\n<p>La LOMLOE en su disposici\u00f3n adicional s\u00e9ptima obliga al Gobierno, una vez consultadas las comunidades aut\u00f3nomas y los representantes del profesorado, a <strong>presentar en el plazo de un a\u00f1o una propuesta normativa que regule la formaci\u00f3n inicial y permanente<\/strong>, el acceso y el desarrollo profesional docente. A lo largo de su articulado, la ley establece la necesidad de que esta formaci\u00f3n permita afrontar los nuevos retos de una sociedad compleja y promover la investigaci\u00f3n educativa y la innovaci\u00f3n pedag\u00f3gica.<\/p>\n\n\n\n<p>Desde la aprobaci\u00f3n de la ley, en diciembre de 2020, se han venido publicando en Espa\u00f1a diversos documentos y normativas orientados a mejorar la formaci\u00f3n inicial del profesorado<a href=\"#_ftn1\" id=\"_ftnref1\"><sup><strong>1<\/strong><\/sup><\/a>. Si bien, el reciente \u201c<a href=\"https:\/\/drive.google.com\/file\/d\/1BXGi-gl6MFjNqmU2Yjfxc27o_CrLinaK\/view?usp=drive_link\" target=\"_blank\" rel=\"noreferrer noopener\"><strong>Informe final con la Propuesta de Marco de Competencias Profesionales docentes<\/strong><\/a>\u201d, elaborado por el Grupo de Trabajo de Formaci\u00f3n del Profesorado del MEFPD, no parece haberlos incorporado o, al menos, no hace menci\u00f3n expl\u00edcita.<\/p>\n\n\n\n<p>De la lectura de esta \u00faltima propuesta se deduce, efectivamente, el prop\u00f3sito de actualizar y mejorar la formaci\u00f3n del profesorado y de adaptarla a las necesidades cambiantes del sistema educativo y de la sociedad, como han hecho diversos pa\u00edses. Su publicaci\u00f3n abre, al tiempo, un plazo de consulta, hasta el pr\u00f3ximo 15 de enero, para <a href=\"https:\/\/drive.google.com\/file\/d\/19DvB_xzGAPCsJavAiV0hK77yk7lqKnbA\/view?usp=drive_link\" target=\"_blank\" rel=\"noreferrer noopener\"><strong>recoger la opini\u00f3n de diversos actores involucrados<\/strong><\/a> (profesores, sindicatos, asociaciones de estudiantes, universidades, expertos en educaci\u00f3n, etc.). El objetivo es asegurar que el marco final sea lo m\u00e1s adecuado y funcional posible. \u00bfLo conseguir\u00e1?<\/p>\n\n\n\n<p>Aunque sabemos que disponer de marcos competenciales pueden fortalecer la profesi\u00f3n docente y orientar pol\u00edticas educativas, su dise\u00f1o e implementaci\u00f3n no est\u00e1n exentos de discusiones y  dificultades.\u00a0<strong>No son herramientas \u00abneutras\u00bb<\/strong>; acostumbran a ser enunciados estandarizados y su eficacia depende de c\u00f3mo se conciban y apliquen. De hecho, existe un debate m\u00e1s amplio sobre las ventajas y los desaf\u00edos de establecer marcos de competencias profesionales docentes como estrategia de mejora de la profesi\u00f3n, que va desde el cuestionamiento de la trasposici\u00f3n del modelo empresarial en educaci\u00f3n que se asume y normaliza con el t\u00e9rmino competencias, hasta el \u00e9nfasis en un dise\u00f1o cuidadoso y una implementaci\u00f3n participativa para lograr los objetivos propuestos, evitando que se conviertan en herramientas de fiscalizaci\u00f3n m\u00e1s que de apoyo profesional.<\/p>\n\n\n\n<p>La asociaci\u00f3n \u201c<a href=\"https:\/\/porotrapoliticaeducativa.org\/\" target=\"_blank\" rel=\"noreferrer noopener\"><strong>Por Otra Pol\u00edtica Educativa. Foro de Sevilla<\/strong><\/a>\u201d, despu\u00e9s de analizar la referida propuesta, considera desconcertante que un gobierno, que se define como progresista, haya presentado un documento de estas caracter\u00edsticas, <strong>muy alejado de las contribuciones de quienes nos dedicamos a la educaci\u00f3n y formaci\u00f3n del profesorado<\/strong>. No es un texto que pueda mejorarse mediante modificaciones de enunciado por enunciado, como plantea el procedimiento de consulta asociado. Requiere, m\u00e1s bien, una enmienda general que replantee su estructura y objetivos, desde sus cimientos, as\u00ed como los principios sobre los que se sustenta.<\/p>\n\n\n\n<p>La lectura del informe deja una <strong>sensaci\u00f3n de frialdad y mecanicismo,<\/strong> comparable a hojear un vadem\u00e9cum sanitario o un antiguo manual de reparaci\u00f3n de ordenadores. El texto carece de alma, de una visi\u00f3n inspiradora que oriente una formaci\u00f3n docente significativa. Resulta dif\u00edcil imaginar c\u00f3mo traducir su contenido en situaciones de aprendizaje que sean relevantes y toquen las fibras esenciales de quienes aspiran a ser profesores y profesoras en los diversos contextos. Es m\u00e1s, incluso parece que la propuesta competencial ha dedicado poca atenci\u00f3n a marcos similares de otros pa\u00edses<a href=\"#_ftn2\" id=\"_ftnref2\"><sup><strong>2<\/strong><\/sup><\/a>.<\/p>\n\n\n\n<p>El formato de la propuesta, compuesto por enunciados autom\u00e1ticos y replicables, se<strong> asemeja m\u00e1s a un sistema algor\u00edtmico<\/strong> que a una l\u00ednea de acci\u00f3n pedag\u00f3gica significativa. Uno podr\u00eda visualizarlo como una hoja de c\u00e1lculo donde cada celda est\u00e1 conectada por f\u00f3rmulas de tipo sumatorio:<\/p>\n\n\n\n<p><em><strong>Formaci\u00f3n docente excelente <\/strong>= Nivel 3 ILD1.1 + Nivel 2 ILD1.3 + Nivel 3 LD3.2 + Nivel 3 ID6.1 + Nivel 2 ID6.2 + \u2026<\/em><\/p>\n\n\n\n<p>Este enfoque no solo carece de profundidad, sino que tambi\u00e9n resulta contraproducente. Muchas de las competencias propuestas no reflejan adecuadamente las realidades y necesidades del ejercicio docente. <strong>Refuerza la percepci\u00f3n de que la planificaci\u00f3n pedag\u00f3gica es una actividad t\u00e9cnica, fr\u00eda y distante, desvinculada de la realidad cotidiana<\/strong> de los centros educativos y de las relaciones humanas que all\u00ed se tejen. Esta visi\u00f3n contribuye a que la profesi\u00f3n pedag\u00f3gica sea percibida como \u00abodiosa\u00bb, objeto de cr\u00edticas y alejada de las necesidades reales del profesorado.<\/p>\n\n\n\n<p>Desde esta perspectiva la formaci\u00f3n docente se convierte en una suma de aprendizajes\/competencias desconexas, en las que se<strong> pierde el sujeto docente<\/strong>, para convertirse en una relaci\u00f3n ingente de pautas que fragmentan de forma inapropiada, al docente y a la ense\u00f1anza como pr\u00e1ctica. Se centra demasiado en aspectos t\u00e9cnicos y medibles, con una visi\u00f3n reduccionista de la labor de la ense\u00f1anza, que va m\u00e1s all\u00e1 de aprendizajes, pr\u00e1cticas y saberes espec\u00edficos; exige compromiso \u00e9tico, critico, pol\u00edtico y cultural.<strong> Descuida habilidades no cuantificables pero esenciales<\/strong>, como la empat\u00eda, la atenci\u00f3n educativa a la inclusi\u00f3n y la diversidad, el antirracismo y una educaci\u00f3n democr\u00e1tica radicalmente antifascista. No se trata tanto de normativa sino m\u00e1s de promover sistemas que ayuden en el proceso educativo, utilizando la autoevaluaci\u00f3n, la retroalimentaci\u00f3n entre pares y el acompa\u00f1amiento pedag\u00f3gico y la capacidad de reflexionar cr\u00edticamente sobre la pr\u00e1ctica docente.<\/p>\n\n\n\n<p>Se deber\u00eda evitar la racionalidad t\u00e9cnica de la formaci\u00f3n inicial docente, que indica que las \u00abcompetencias\u00bb se adquieren formando al futuro profesorado en los cl\u00e1sicos grandes bloques que se supone que comportar\u00e1n el conocimiento pr\u00e1ctico y la aplicaci\u00f3n de las disciplinas b\u00e1sicas y aplicadas. Es una gran falacia formativa, sobre la que la literatura pedag\u00f3gica ya ha hecho suficientes estudios, que no han sido tenidos en cuenta. Esta persistencia en el error no solo obstaculiza el progreso pedag\u00f3gico, sino que tambi\u00e9n perjudica a los estudiantes<\/p>\n\n\n\n<p>Es justo reconocer que el documento <strong>incluye dimensiones formativas poco habituales y potencialmente valiosas<\/strong>, como el \u00c1rea de Acci\u00f3n Socioeducativa Integral, el Compromiso Profesional, el Compromiso con la Mejora y la Calidad Educativa, y el Desarrollo Profesional Continuo. Estas propuestas, si se desarrollan con un enfoque adecuado, podr\u00edan enriquecer la formaci\u00f3n docente de manera significativa. Planteamos la necesidad de profundizar m\u00e1s  educaci\u00f3n cr\u00edtica y sociopol\u00edtica, en la formaci\u00f3n en democracia, derechos humanos y compromiso socioecol\u00f3g\u00edco, as\u00ed como en habilidades socioemocionales<a href=\"#_ftn3\" id=\"_ftnref3\"><sup><strong>3<\/strong><\/sup><\/a>, el desarrollo de la empat\u00eda y la toma de decisiones responsable, integr\u00e1ndose en las actividades formativas para que el alumnado no s\u00f3lo adquiera conocimientos t\u00e9cnicos, sino tambi\u00e9n habilidades que le permitan interactuar de manera efectiva, cr\u00edtica y \u00e9tica en la sociedad.<\/p>\n\n\n\n<p>M\u00e1s all\u00e1 de estas consideraciones, el <strong>enfoque estructural del documento est\u00e1 desconectado de las verdaderas necesidades de la formaci\u00f3n docente actual<\/strong>. Necesitamos propuestas que nazcan desde y para la realidad de los centros educativos y no tanto de expertos, poniendo en el centro las relaciones humanas, los desaf\u00edos de la sociedad actual (desigualdad social, crisis ecosist\u00e9mica, etc.) y de la propia ense\u00f1anza. Solo as\u00ed ser\u00e1 posible formar docentes capaces de transformar la educaci\u00f3n y dotar a su alumnado de herramientas para transformar y mejorar la sociedad y responder a los retos del presente.<\/p>\n\n\n\n<p>Por otro lado, su implementaci\u00f3n podr\u00eda ser desigual si no se acompa\u00f1a de una formaci\u00f3n docente continua, recursos adecuados y estrategias de evaluaci\u00f3n que no sean punitivas. En otros pa\u00edses, donde se han introducido marcos similares, se han reportado problemas como falta de claridad en los criterios de evaluaci\u00f3n e imposibilidad de llevar a cabo tantas competencias e indicadores.<\/p>\n\n\n\n<p>Se trata de un enfoque que <strong>sirve m\u00e1s a prop\u00f3sitos administrativos, gerenciales y de cumplimiento con f\u00f3rmulas de la OCDE<\/strong> que, a la mejora real de la formaci\u00f3n del profesorado, la profesionalidad y la profesi\u00f3n docente. Son otros los retos ahora y los vac\u00edos que necesitan ser llenados, como atraer a los m\u00e1s j\u00f3venes a la ense\u00f1anza y formarlos en un conocimiento profundo de su significado, o vincular la ense\u00f1anza con los graves problemas que nos aquejan como humanidad a los que la educaci\u00f3n debe prestar atenci\u00f3n.<\/p>\n\n\n\n<p>En lugar de limitarse a un vadem\u00e9cum que enumere \u00abcompetencias\u00bb de manera descontextualizada, es urgente apostar por un documento que profundice en los siguientes aspectos esenciales:<\/p>\n\n\n\n<ul class=\"wp-block-list\">\n<li><strong>Comprensi\u00f3n fundamentada de la educaci\u00f3n en su complejidad<\/strong>: El futuro profesorado debe adquirir una s\u00f3lida base te\u00f3rica y pr\u00e1ctica que integre perspectivas pedag\u00f3gicas, sociol\u00f3gicas, psicosociales y sociocomunitarias. Esto le permitir\u00e1 contextualizar la educaci\u00f3n en diferentes realidades, comprendiendo las din\u00e1micas sociales y culturales que afectan al aprendizaje.<\/li>\n\n\n\n<li><strong>Integraci\u00f3n y aplicaci\u00f3n de conocimientos en entornos diversos:<\/strong> Es crucial que el profesorado desarrolle, mediante la pr\u00e1ctica, la capacidad de abordar problemas complejos en entornos nuevos y multiculturales, aplicando de manera creativa y reflexiva sus conocimientos para adaptarse a los desaf\u00edos de una educaci\u00f3n globalizada, pero tambien localizada.<\/li>\n\n\n\n<li><strong>Competencia docente basada en la diversidad y la inclusi\u00f3n<\/strong>: La formaci\u00f3n debe preparar a los educadores para responder a la diversidad del alumnado y a sus diferentes necesidades, siempre desde una \u00e9tica comprometida con el bien p\u00fablico, la solidaridad y el trabajo comunitario. Esto implica rechazar enfoques individualistas e impersonales en favor de una educaci\u00f3n con un fuerte sentido de justicia social.<\/li>\n\n\n\n<li><strong>Capacidad para abordar situaciones complejas con metodolog\u00edas consolidadas e innovadoras<\/strong>: El profesorado necesita herramientas para predecir, gestionar y transformar situaciones complejas en los entornos educativos. Esto requiere el dominio tanto de metodolog\u00edas bien establecidas como de estrategias innovadoras que les permitan evolucionar junto con los retos de la sociedad.<\/li>\n\n\n\n<li><strong>Desarrollo de la autonom\u00eda y colaboraci\u00f3n profesional<\/strong>: Es fundamental fomentar la capacidad del profesorado para participar de manera activa y aut\u00f3noma en proyectos de innovaci\u00f3n e investigaci\u00f3n. Estas iniciativas deben llevarse a cabo en equipos colaborativos, dentro de las propias instituciones educativas, para promover una mejora continua del sistema.<\/li>\n\n\n\n<li><strong>Compromiso \u00e9tico y pol\u00edtico con los derechos humanos, la democracia y el bien com\u00fan<\/strong>: Se debe formar al profesorado en un an\u00e1lisis cr\u00edtico de la realidad, sensible a los problemas sociales, atento a las injusticias sociales y estructurales y que se involucre activamente por las causas de justicia social, de solidaridad y de bien com\u00fan, siendo ejemplo para su futuro alumnado del tipo de sociedad que quiere construir.<\/li>\n<\/ul>\n\n\n\n<p>Para alcanzar estos prop\u00f3sitos, la formaci\u00f3n docente debe centrarse en el dominio de conocimientos de naturaleza diversa y en su aplicaci\u00f3n a situaciones cotidianas. El trabajo docente no puede reducirse a soluciones simples y t\u00e9cnicas; su complejidad exige una reflexi\u00f3n profunda y una capacidad de adaptaci\u00f3n constante. <strong>Cada aula, cada estudiante y cada contexto plantea desaf\u00edos \u00fanicos <\/strong>que solo pueden ser resueltos desde un enfoque integral y comprometido.<\/p>\n\n\n\n<p>Nos preocupa profundamente&nbsp;que<strong> la formaci\u00f3n del profesorado se trate desde un paradigma mecanicista y sumatorio<\/strong> en lugar de centrarse en el desarrollo de conciencias profesionales cr\u00edticas, creativas y colaborativas, capaces de liderar una educaci\u00f3n transformadora y con sentido. Es necesario realizar un planteamiento menos&nbsp;artificial, de \u00abingenier\u00eda planificadora\u00bb, y m\u00e1s centrado en fomentar el aprendizaje de estudiantes provenientes de diversos or\u00edgenes ling\u00fc\u00edsticos, culturales, religiosos y socioecon\u00f3micos, entre otros aspectos de relevancia en el contexto actual. <\/p>\n\n\n\n<p>Es fundamental que las futuras propuestas sobre la formaci\u00f3n docente aborden estos vac\u00edos y prioricen las necesidades reales de la comunidad educativa. Solo as\u00ed lograremos avanzar hacia una <strong>formaci\u00f3n docente que sea verdaderamente transformadora, con pasi\u00f3n, realidad, contexto y sentido<\/strong>, en lugar de una mera lista de competencias descontextualizadas, muchas carentes de significado.<\/p>\n\n\n\n<hr class=\"wp-block-separator has-alpha-channel-opacity\" \/>\n\n\n\n<p><strong><a href=\"#_ftnref1\" id=\"_ftn1\"><sup>1<\/sup><\/a>&nbsp;<\/strong>El Ministerio de Educaci\u00f3n, Formaci\u00f3n Profesional y Deportes present\u00f3 en enero de 2022 un documento titulado \u00ab<a href=\"https:\/\/drive.google.com\/file\/d\/1Kmipe1R4bJpj-nNBUz-yqdjx8YdF-jlv\/view\" target=\"_blank\" rel=\"noreferrer noopener\">Propuesta de reforma para la mejora de la profesi\u00f3n docente<\/a>\u00ab, que incluye 24 propuestas de mejora; <a href=\"https:\/\/www.boe.es\/buscar\/doc.php?id=BOE-A-2023-7411\" target=\"_blank\" rel=\"noreferrer noopener\">Real Decreto 187\/2023<\/a>, en el 2024 el informe sobre el <a href=\"https:\/\/eurydice.eacea.ec.europa.eu\/es\/national-education-systems\/spain\/formacion-permanente-del-profesorado-de-educacion-infantil\" target=\"_blank\" rel=\"noreferrer noopener\">Profesorado de Educaci\u00f3n Infantil, Primaria y Secundaria<\/a> en en la red de informaci\u00f3n educativa Eurydice. La asociaci\u00f3n \u201cPor Otra Pol\u00edtica Educativa. Foro de Sevilla tambi\u00e9n ha venido publicando textos de reflexi\u00f3n al respecto como: \u201c<a href=\"https:\/\/eldiariodelaeducacion.com\/porotrapoliticaeducativa\/2022\/02\/07\/algunas-consideraciones-sobre-el-documento-de-24-propuestas-de-reforma-para-la-mejora-de-la-profesion-docente\/\" target=\"_blank\" rel=\"noreferrer noopener\">Consideraciones sobre el Documento de 24 Propuestas de Reforma para la Mejora de la Profesi\u00f3n Docente<\/a>\u201d de enero de 2022, \u201c<a href=\"https:\/\/porotrapoliticaeducativa.org\/2022\/04\/06\/ser-docente-en-la-complejidad-cualidades-humanas-y-competencias-profesionales-ideas-para-el-debate-sobre-un-marco-de-competencias-profesionales-docentes-mcpd\/\" target=\"_blank\" rel=\"noreferrer noopener\">Ser docente en la complejidad. Cualidades humanas y competencias profesionales. Ideas para el debate sobre un marco de competencias profesionales docentes (MCPD)\u201d<\/a>, en abril del 2022, <a href=\"https:\/\/eldiariodelaeducacion.com\/porotrapoliticaeducativa\/2023\/03\/27\/sobre-la-reforma-de-la-formacion-inicial-del-magisterio-que-hay-de-lo-mio-o-que-profesorado-para-el-siglo-xxi\/\">\u201cSobre la Reforma de la Formaci\u00f3n Inicial del Magisterio: \u00bfQu\u00e9 Profesorado para el Siglo XXI? <\/a>en 2023\u201d, \u201c<a href=\"https:\/\/porotrapoliticaeducativa.org\/2024\/08\/31\/libros-blancos-los-nuevos-planes-de-estudio-de-magisterio-aprovechemos-el-momento-y-la-oportunidad\/\" target=\"_blank\" rel=\"noreferrer noopener\">\u00bfLibros blancos? Los nuevos planes de estudio de Magisterio. Aprovechemos el momento y la oportunidad\u201d en agosto de 2024, <\/a>etc.<\/p>\n\n\n\n<p><strong><a href=\"#_ftnref2\" id=\"_ftn2\"><sup>2<\/sup><\/a> <\/strong>Por ejemplo, en Finlandia, los marcos de competencias se desarrollan a trav\u00e9s de consultas amplias, asegurando que respondan a contextos locales. En Canad\u00e1, las provincias dise\u00f1an marcos propios que consideran las particularidades culturales y ling\u00fc\u00edsticas de cada regi\u00f3n, y en Australia hacen un planteamiento menos engorroso y m\u00e1s centrado en promover el aprendizaje de los estudiantes de diferentes or\u00edgenes ling\u00fc\u00edsticos, culturales, religiosos y socioecon\u00f3micos.<\/p>\n\n\n\n<p><strong><a href=\"#_ftnref3\" id=\"_ftn3\"><sup>3<\/sup><\/a> <\/strong>La UNESCO ha desarrollado un marco que no solo enfatiza las habilidades t\u00e9cnicas, incluso en el caso de dominio de las tecnolog\u00edas de la informaci\u00f3n y la comunicaci\u00f3n, sino que tambi\u00e9n incorpora competencias pedag\u00f3gicas y socioemocionales.<\/p>\n\n\n\n<p><\/p>\n","protected":false},"excerpt":{"rendered":"<p>Nos preocupa profundamente\u00a0que la formaci\u00f3n del profesorado se trate desde un paradigma mecanicista y sumatorio en lugar de centrarse en el desarrollo de conciencias profesionales cr\u00edticas, creativas y colaborativas, capaces de liderar una educaci\u00f3n transformadora y con sentido.<\/p>\n","protected":false},"author":208,"featured_media":2741,"comment_status":"open","ping_status":"open","sticky":false,"template":"","format":"standard","meta":{"footnotes":""},"categories":[18],"tags":[53,111,31],"tipo":[103],"class_list":{"0":"post-2719","1":"post","2":"type-post","3":"status-publish","4":"format-standard","5":"has-post-thumbnail","7":"category-por-otra-politica-educativa","8":"tag-formacion-del-profesorado","9":"tag-marco-de-competencias","10":"tag-politica-educativa","11":"tipo-actualidadanalisis"},"yoast_head":"<!-- This site is optimized with the Yoast SEO plugin v27.5 - https:\/\/yoast.com\/product\/yoast-seo-wordpress\/ -->\n<title>Una reflexi\u00f3n cr\u00edtica sobre el Informe final con la Propuesta de Marco de Competencias Profesionales Docentes - Por otra pol\u00edtica educativa. Foro de Sevilla.<\/title>\n<meta name=\"robots\" content=\"index, follow, max-snippet:-1, max-image-preview:large, max-video-preview:-1\" \/>\n<link rel=\"canonical\" href=\"https:\/\/eldiariodelaeducacion.com\/porotrapoliticaeducativa\/2024\/12\/30\/una-reflexion-critica-sobre-el-informe-final-con-la-propuesta-de-marco-de-competencias-profesionales-docentes\/\" \/>\n<meta property=\"og:locale\" content=\"es_ES\" \/>\n<meta property=\"og:type\" content=\"article\" \/>\n<meta property=\"og:title\" content=\"Una reflexi\u00f3n cr\u00edtica sobre el Informe final con la Propuesta de Marco de Competencias Profesionales Docentes - Por otra pol\u00edtica educativa. Foro de Sevilla.\" \/>\n<meta property=\"og:description\" content=\"Nos preocupa profundamente\u00a0que la formaci\u00f3n del profesorado se trate desde un paradigma mecanicista y sumatorio en lugar de centrarse en el desarrollo de conciencias profesionales cr\u00edticas, creativas y colaborativas, capaces de liderar una educaci\u00f3n transformadora y con sentido.\" \/>\n<meta property=\"og:url\" content=\"https:\/\/eldiariodelaeducacion.com\/porotrapoliticaeducativa\/2024\/12\/30\/una-reflexion-critica-sobre-el-informe-final-con-la-propuesta-de-marco-de-competencias-profesionales-docentes\/\" \/>\n<meta property=\"og:site_name\" content=\"Por otra pol\u00edtica educativa. Foro de Sevilla.\" \/>\n<meta property=\"article:published_time\" content=\"2024-12-30T05:00:00+00:00\" \/>\n<meta property=\"article:modified_time\" content=\"2025-11-12T09:29:40+00:00\" \/>\n<meta property=\"og:image\" content=\"https:\/\/eldiariodelaeducacion.com\/porotrapoliticaeducativa\/wp-content\/uploads\/sites\/21\/2024\/12\/464320469_18464387551031647_8017614936412483484_n.jpg\" \/>\n\t<meta property=\"og:image:width\" content=\"1440\" \/>\n\t<meta property=\"og:image:height\" content=\"1047\" \/>\n\t<meta property=\"og:image:type\" content=\"image\/jpeg\" \/>\n<meta name=\"author\" content=\"Com. Permanente. \u201cPor otra pol\u00edtica educativa. Foro de Sevilla\u201d\" \/>\n<meta name=\"twitter:card\" content=\"summary_large_image\" \/>\n<meta name=\"twitter:label1\" content=\"Escrito por\" \/>\n\t<meta name=\"twitter:data1\" content=\"Com. Permanente. \u201cPor otra pol\u00edtica educativa. Foro de Sevilla\u201d\" \/>\n\t<meta name=\"twitter:label2\" content=\"Tiempo de lectura\" \/>\n\t<meta name=\"twitter:data2\" content=\"10 minutos\" \/>\n<script type=\"application\/ld+json\" class=\"yoast-schema-graph\">{\"@context\":\"https:\\\/\\\/schema.org\",\"@graph\":[{\"@type\":\"Article\",\"@id\":\"https:\\\/\\\/eldiariodelaeducacion.com\\\/porotrapoliticaeducativa\\\/2024\\\/12\\\/30\\\/una-reflexion-critica-sobre-el-informe-final-con-la-propuesta-de-marco-de-competencias-profesionales-docentes\\\/#article\",\"isPartOf\":{\"@id\":\"https:\\\/\\\/eldiariodelaeducacion.com\\\/porotrapoliticaeducativa\\\/2024\\\/12\\\/30\\\/una-reflexion-critica-sobre-el-informe-final-con-la-propuesta-de-marco-de-competencias-profesionales-docentes\\\/\"},\"author\":{\"name\":\"Com. Permanente. \u201cPor otra pol\u00edtica educativa. Foro de Sevilla\u201d\",\"@id\":\"https:\\\/\\\/eldiariodelaeducacion.com\\\/porotrapoliticaeducativa\\\/#\\\/schema\\\/person\\\/f764e366788e25aa691ea918682bd80d\"},\"headline\":\"Una reflexi\u00f3n cr\u00edtica sobre el Informe final con la Propuesta de Marco de Competencias Profesionales Docentes\",\"datePublished\":\"2024-12-30T05:00:00+00:00\",\"dateModified\":\"2025-11-12T09:29:40+00:00\",\"mainEntityOfPage\":{\"@id\":\"https:\\\/\\\/eldiariodelaeducacion.com\\\/porotrapoliticaeducativa\\\/2024\\\/12\\\/30\\\/una-reflexion-critica-sobre-el-informe-final-con-la-propuesta-de-marco-de-competencias-profesionales-docentes\\\/\"},\"wordCount\":2307,\"commentCount\":0,\"image\":{\"@id\":\"https:\\\/\\\/eldiariodelaeducacion.com\\\/porotrapoliticaeducativa\\\/2024\\\/12\\\/30\\\/una-reflexion-critica-sobre-el-informe-final-con-la-propuesta-de-marco-de-competencias-profesionales-docentes\\\/#primaryimage\"},\"thumbnailUrl\":\"https:\\\/\\\/eldiariodelaeducacion.com\\\/porotrapoliticaeducativa\\\/wp-content\\\/uploads\\\/sites\\\/21\\\/2024\\\/12\\\/464320469_18464387551031647_8017614936412483484_n.jpg\",\"keywords\":[\"Formaci\u00f3n del profesorado\",\"Marco de Competencias\",\"Pol\u00edtica educativa\"],\"articleSection\":[\"Por otra pol\u00edtica educativa. Foro de Sevilla\"],\"inLanguage\":\"es\",\"potentialAction\":[{\"@type\":\"CommentAction\",\"name\":\"Comment\",\"target\":[\"https:\\\/\\\/eldiariodelaeducacion.com\\\/porotrapoliticaeducativa\\\/2024\\\/12\\\/30\\\/una-reflexion-critica-sobre-el-informe-final-con-la-propuesta-de-marco-de-competencias-profesionales-docentes\\\/#respond\"]}]},{\"@type\":\"WebPage\",\"@id\":\"https:\\\/\\\/eldiariodelaeducacion.com\\\/porotrapoliticaeducativa\\\/2024\\\/12\\\/30\\\/una-reflexion-critica-sobre-el-informe-final-con-la-propuesta-de-marco-de-competencias-profesionales-docentes\\\/\",\"url\":\"https:\\\/\\\/eldiariodelaeducacion.com\\\/porotrapoliticaeducativa\\\/2024\\\/12\\\/30\\\/una-reflexion-critica-sobre-el-informe-final-con-la-propuesta-de-marco-de-competencias-profesionales-docentes\\\/\",\"name\":\"Una reflexi\u00f3n cr\u00edtica sobre el Informe final con la Propuesta de Marco de Competencias Profesionales Docentes - Por otra pol\u00edtica educativa. Foro de Sevilla.\",\"isPartOf\":{\"@id\":\"https:\\\/\\\/eldiariodelaeducacion.com\\\/porotrapoliticaeducativa\\\/#website\"},\"primaryImageOfPage\":{\"@id\":\"https:\\\/\\\/eldiariodelaeducacion.com\\\/porotrapoliticaeducativa\\\/2024\\\/12\\\/30\\\/una-reflexion-critica-sobre-el-informe-final-con-la-propuesta-de-marco-de-competencias-profesionales-docentes\\\/#primaryimage\"},\"image\":{\"@id\":\"https:\\\/\\\/eldiariodelaeducacion.com\\\/porotrapoliticaeducativa\\\/2024\\\/12\\\/30\\\/una-reflexion-critica-sobre-el-informe-final-con-la-propuesta-de-marco-de-competencias-profesionales-docentes\\\/#primaryimage\"},\"thumbnailUrl\":\"https:\\\/\\\/eldiariodelaeducacion.com\\\/porotrapoliticaeducativa\\\/wp-content\\\/uploads\\\/sites\\\/21\\\/2024\\\/12\\\/464320469_18464387551031647_8017614936412483484_n.jpg\",\"datePublished\":\"2024-12-30T05:00:00+00:00\",\"dateModified\":\"2025-11-12T09:29:40+00:00\",\"author\":{\"@id\":\"https:\\\/\\\/eldiariodelaeducacion.com\\\/porotrapoliticaeducativa\\\/#\\\/schema\\\/person\\\/f764e366788e25aa691ea918682bd80d\"},\"breadcrumb\":{\"@id\":\"https:\\\/\\\/eldiariodelaeducacion.com\\\/porotrapoliticaeducativa\\\/2024\\\/12\\\/30\\\/una-reflexion-critica-sobre-el-informe-final-con-la-propuesta-de-marco-de-competencias-profesionales-docentes\\\/#breadcrumb\"},\"inLanguage\":\"es\",\"potentialAction\":[{\"@type\":\"ReadAction\",\"target\":[\"https:\\\/\\\/eldiariodelaeducacion.com\\\/porotrapoliticaeducativa\\\/2024\\\/12\\\/30\\\/una-reflexion-critica-sobre-el-informe-final-con-la-propuesta-de-marco-de-competencias-profesionales-docentes\\\/\"]}]},{\"@type\":\"ImageObject\",\"inLanguage\":\"es\",\"@id\":\"https:\\\/\\\/eldiariodelaeducacion.com\\\/porotrapoliticaeducativa\\\/2024\\\/12\\\/30\\\/una-reflexion-critica-sobre-el-informe-final-con-la-propuesta-de-marco-de-competencias-profesionales-docentes\\\/#primaryimage\",\"url\":\"https:\\\/\\\/eldiariodelaeducacion.com\\\/porotrapoliticaeducativa\\\/wp-content\\\/uploads\\\/sites\\\/21\\\/2024\\\/12\\\/464320469_18464387551031647_8017614936412483484_n.jpg\",\"contentUrl\":\"https:\\\/\\\/eldiariodelaeducacion.com\\\/porotrapoliticaeducativa\\\/wp-content\\\/uploads\\\/sites\\\/21\\\/2024\\\/12\\\/464320469_18464387551031647_8017614936412483484_n.jpg\",\"width\":1440,\"height\":1047,\"caption\":\"Ilustraci\u00f3n cedida por Joseba G. Plazuelo\"},{\"@type\":\"BreadcrumbList\",\"@id\":\"https:\\\/\\\/eldiariodelaeducacion.com\\\/porotrapoliticaeducativa\\\/2024\\\/12\\\/30\\\/una-reflexion-critica-sobre-el-informe-final-con-la-propuesta-de-marco-de-competencias-profesionales-docentes\\\/#breadcrumb\",\"itemListElement\":[{\"@type\":\"ListItem\",\"position\":1,\"name\":\"Portada\",\"item\":\"https:\\\/\\\/eldiariodelaeducacion.com\\\/porotrapoliticaeducativa\\\/\"},{\"@type\":\"ListItem\",\"position\":2,\"name\":\"Una reflexi\u00f3n cr\u00edtica sobre el Informe final con la Propuesta de Marco de Competencias Profesionales Docentes\"}]},{\"@type\":\"WebSite\",\"@id\":\"https:\\\/\\\/eldiariodelaeducacion.com\\\/porotrapoliticaeducativa\\\/#website\",\"url\":\"https:\\\/\\\/eldiariodelaeducacion.com\\\/porotrapoliticaeducativa\\\/\",\"name\":\"Por otra pol\u00edtica educativa. Foro de Sevilla.\",\"description\":\"Un blog de El Diario de la Educaci\u00f3n\",\"potentialAction\":[{\"@type\":\"SearchAction\",\"target\":{\"@type\":\"EntryPoint\",\"urlTemplate\":\"https:\\\/\\\/eldiariodelaeducacion.com\\\/porotrapoliticaeducativa\\\/?s={search_term_string}\"},\"query-input\":{\"@type\":\"PropertyValueSpecification\",\"valueRequired\":true,\"valueName\":\"search_term_string\"}}],\"inLanguage\":\"es\"},{\"@type\":\"Person\",\"@id\":\"https:\\\/\\\/eldiariodelaeducacion.com\\\/porotrapoliticaeducativa\\\/#\\\/schema\\\/person\\\/f764e366788e25aa691ea918682bd80d\",\"name\":\"Com. Permanente. \u201cPor otra pol\u00edtica educativa. Foro de Sevilla\u201d\",\"image\":{\"@type\":\"ImageObject\",\"inLanguage\":\"es\",\"@id\":\"https:\\\/\\\/eldiariodelaeducacion.com\\\/porotrapoliticaeducativa\\\/wp-content\\\/uploads\\\/sites\\\/21\\\/2024\\\/11\\\/com.-permanente.-por-otra-politica-educativa.-foro-de-sevilla_avatar-96x96.jpeg\",\"url\":\"https:\\\/\\\/eldiariodelaeducacion.com\\\/porotrapoliticaeducativa\\\/wp-content\\\/uploads\\\/sites\\\/21\\\/2024\\\/11\\\/com.-permanente.-por-otra-politica-educativa.-foro-de-sevilla_avatar-96x96.jpeg\",\"contentUrl\":\"https:\\\/\\\/eldiariodelaeducacion.com\\\/porotrapoliticaeducativa\\\/wp-content\\\/uploads\\\/sites\\\/21\\\/2024\\\/11\\\/com.-permanente.-por-otra-politica-educativa.-foro-de-sevilla_avatar-96x96.jpeg\",\"caption\":\"Com. Permanente. \u201cPor otra pol\u00edtica educativa. Foro de Sevilla\u201d\"},\"description\":\"Colectivo de profesionales, ligados a la docencia, la reflexi\u00f3n y la investigaci\u00f3n en el campo de las ciencias de la educaci\u00f3n, preocupados por el deterioro de nuestro sistema escolar y el desarrollo de pol\u00edticas err\u00e1ticas y privatizadoras del derecho a la educaci\u00f3n.\",\"url\":\"https:\\\/\\\/eldiariodelaeducacion.com\\\/porotrapoliticaeducativa\\\/author\\\/comisionpermanente\\\/\"}]}<\/script>\n<!-- \/ Yoast SEO plugin. -->","yoast_head_json":{"title":"Una reflexi\u00f3n cr\u00edtica sobre el Informe final con la Propuesta de Marco de Competencias Profesionales Docentes - Por otra pol\u00edtica educativa. Foro de Sevilla.","robots":{"index":"index","follow":"follow","max-snippet":"max-snippet:-1","max-image-preview":"max-image-preview:large","max-video-preview":"max-video-preview:-1"},"canonical":"https:\/\/eldiariodelaeducacion.com\/porotrapoliticaeducativa\/2024\/12\/30\/una-reflexion-critica-sobre-el-informe-final-con-la-propuesta-de-marco-de-competencias-profesionales-docentes\/","og_locale":"es_ES","og_type":"article","og_title":"Una reflexi\u00f3n cr\u00edtica sobre el Informe final con la Propuesta de Marco de Competencias Profesionales Docentes - Por otra pol\u00edtica educativa. Foro de Sevilla.","og_description":"Nos preocupa profundamente\u00a0que la formaci\u00f3n del profesorado se trate desde un paradigma mecanicista y sumatorio en lugar de centrarse en el desarrollo de conciencias profesionales cr\u00edticas, creativas y colaborativas, capaces de liderar una educaci\u00f3n transformadora y con sentido.","og_url":"https:\/\/eldiariodelaeducacion.com\/porotrapoliticaeducativa\/2024\/12\/30\/una-reflexion-critica-sobre-el-informe-final-con-la-propuesta-de-marco-de-competencias-profesionales-docentes\/","og_site_name":"Por otra pol\u00edtica educativa. Foro de Sevilla.","article_published_time":"2024-12-30T05:00:00+00:00","article_modified_time":"2025-11-12T09:29:40+00:00","og_image":[{"width":1440,"height":1047,"url":"https:\/\/eldiariodelaeducacion.com\/porotrapoliticaeducativa\/wp-content\/uploads\/sites\/21\/2024\/12\/464320469_18464387551031647_8017614936412483484_n.jpg","type":"image\/jpeg"}],"author":"Com. Permanente. \u201cPor otra pol\u00edtica educativa. Foro de Sevilla\u201d","twitter_card":"summary_large_image","twitter_misc":{"Escrito por":"Com. Permanente. \u201cPor otra pol\u00edtica educativa. Foro de Sevilla\u201d","Tiempo de lectura":"10 minutos"},"schema":{"@context":"https:\/\/schema.org","@graph":[{"@type":"Article","@id":"https:\/\/eldiariodelaeducacion.com\/porotrapoliticaeducativa\/2024\/12\/30\/una-reflexion-critica-sobre-el-informe-final-con-la-propuesta-de-marco-de-competencias-profesionales-docentes\/#article","isPartOf":{"@id":"https:\/\/eldiariodelaeducacion.com\/porotrapoliticaeducativa\/2024\/12\/30\/una-reflexion-critica-sobre-el-informe-final-con-la-propuesta-de-marco-de-competencias-profesionales-docentes\/"},"author":{"name":"Com. Permanente. \u201cPor otra pol\u00edtica educativa. Foro de Sevilla\u201d","@id":"https:\/\/eldiariodelaeducacion.com\/porotrapoliticaeducativa\/#\/schema\/person\/f764e366788e25aa691ea918682bd80d"},"headline":"Una reflexi\u00f3n cr\u00edtica sobre el Informe final con la Propuesta de Marco de Competencias Profesionales Docentes","datePublished":"2024-12-30T05:00:00+00:00","dateModified":"2025-11-12T09:29:40+00:00","mainEntityOfPage":{"@id":"https:\/\/eldiariodelaeducacion.com\/porotrapoliticaeducativa\/2024\/12\/30\/una-reflexion-critica-sobre-el-informe-final-con-la-propuesta-de-marco-de-competencias-profesionales-docentes\/"},"wordCount":2307,"commentCount":0,"image":{"@id":"https:\/\/eldiariodelaeducacion.com\/porotrapoliticaeducativa\/2024\/12\/30\/una-reflexion-critica-sobre-el-informe-final-con-la-propuesta-de-marco-de-competencias-profesionales-docentes\/#primaryimage"},"thumbnailUrl":"https:\/\/eldiariodelaeducacion.com\/porotrapoliticaeducativa\/wp-content\/uploads\/sites\/21\/2024\/12\/464320469_18464387551031647_8017614936412483484_n.jpg","keywords":["Formaci\u00f3n del profesorado","Marco de Competencias","Pol\u00edtica educativa"],"articleSection":["Por otra pol\u00edtica educativa. Foro de Sevilla"],"inLanguage":"es","potentialAction":[{"@type":"CommentAction","name":"Comment","target":["https:\/\/eldiariodelaeducacion.com\/porotrapoliticaeducativa\/2024\/12\/30\/una-reflexion-critica-sobre-el-informe-final-con-la-propuesta-de-marco-de-competencias-profesionales-docentes\/#respond"]}]},{"@type":"WebPage","@id":"https:\/\/eldiariodelaeducacion.com\/porotrapoliticaeducativa\/2024\/12\/30\/una-reflexion-critica-sobre-el-informe-final-con-la-propuesta-de-marco-de-competencias-profesionales-docentes\/","url":"https:\/\/eldiariodelaeducacion.com\/porotrapoliticaeducativa\/2024\/12\/30\/una-reflexion-critica-sobre-el-informe-final-con-la-propuesta-de-marco-de-competencias-profesionales-docentes\/","name":"Una reflexi\u00f3n cr\u00edtica sobre el Informe final con la Propuesta de Marco de Competencias Profesionales Docentes - Por otra pol\u00edtica educativa. Foro de Sevilla.","isPartOf":{"@id":"https:\/\/eldiariodelaeducacion.com\/porotrapoliticaeducativa\/#website"},"primaryImageOfPage":{"@id":"https:\/\/eldiariodelaeducacion.com\/porotrapoliticaeducativa\/2024\/12\/30\/una-reflexion-critica-sobre-el-informe-final-con-la-propuesta-de-marco-de-competencias-profesionales-docentes\/#primaryimage"},"image":{"@id":"https:\/\/eldiariodelaeducacion.com\/porotrapoliticaeducativa\/2024\/12\/30\/una-reflexion-critica-sobre-el-informe-final-con-la-propuesta-de-marco-de-competencias-profesionales-docentes\/#primaryimage"},"thumbnailUrl":"https:\/\/eldiariodelaeducacion.com\/porotrapoliticaeducativa\/wp-content\/uploads\/sites\/21\/2024\/12\/464320469_18464387551031647_8017614936412483484_n.jpg","datePublished":"2024-12-30T05:00:00+00:00","dateModified":"2025-11-12T09:29:40+00:00","author":{"@id":"https:\/\/eldiariodelaeducacion.com\/porotrapoliticaeducativa\/#\/schema\/person\/f764e366788e25aa691ea918682bd80d"},"breadcrumb":{"@id":"https:\/\/eldiariodelaeducacion.com\/porotrapoliticaeducativa\/2024\/12\/30\/una-reflexion-critica-sobre-el-informe-final-con-la-propuesta-de-marco-de-competencias-profesionales-docentes\/#breadcrumb"},"inLanguage":"es","potentialAction":[{"@type":"ReadAction","target":["https:\/\/eldiariodelaeducacion.com\/porotrapoliticaeducativa\/2024\/12\/30\/una-reflexion-critica-sobre-el-informe-final-con-la-propuesta-de-marco-de-competencias-profesionales-docentes\/"]}]},{"@type":"ImageObject","inLanguage":"es","@id":"https:\/\/eldiariodelaeducacion.com\/porotrapoliticaeducativa\/2024\/12\/30\/una-reflexion-critica-sobre-el-informe-final-con-la-propuesta-de-marco-de-competencias-profesionales-docentes\/#primaryimage","url":"https:\/\/eldiariodelaeducacion.com\/porotrapoliticaeducativa\/wp-content\/uploads\/sites\/21\/2024\/12\/464320469_18464387551031647_8017614936412483484_n.jpg","contentUrl":"https:\/\/eldiariodelaeducacion.com\/porotrapoliticaeducativa\/wp-content\/uploads\/sites\/21\/2024\/12\/464320469_18464387551031647_8017614936412483484_n.jpg","width":1440,"height":1047,"caption":"Ilustraci\u00f3n cedida por Joseba G. Plazuelo"},{"@type":"BreadcrumbList","@id":"https:\/\/eldiariodelaeducacion.com\/porotrapoliticaeducativa\/2024\/12\/30\/una-reflexion-critica-sobre-el-informe-final-con-la-propuesta-de-marco-de-competencias-profesionales-docentes\/#breadcrumb","itemListElement":[{"@type":"ListItem","position":1,"name":"Portada","item":"https:\/\/eldiariodelaeducacion.com\/porotrapoliticaeducativa\/"},{"@type":"ListItem","position":2,"name":"Una reflexi\u00f3n cr\u00edtica sobre el Informe final con la Propuesta de Marco de Competencias Profesionales Docentes"}]},{"@type":"WebSite","@id":"https:\/\/eldiariodelaeducacion.com\/porotrapoliticaeducativa\/#website","url":"https:\/\/eldiariodelaeducacion.com\/porotrapoliticaeducativa\/","name":"Por otra pol\u00edtica educativa. Foro de Sevilla.","description":"Un blog de El Diario de la Educaci\u00f3n","potentialAction":[{"@type":"SearchAction","target":{"@type":"EntryPoint","urlTemplate":"https:\/\/eldiariodelaeducacion.com\/porotrapoliticaeducativa\/?s={search_term_string}"},"query-input":{"@type":"PropertyValueSpecification","valueRequired":true,"valueName":"search_term_string"}}],"inLanguage":"es"},{"@type":"Person","@id":"https:\/\/eldiariodelaeducacion.com\/porotrapoliticaeducativa\/#\/schema\/person\/f764e366788e25aa691ea918682bd80d","name":"Com. Permanente. \u201cPor otra pol\u00edtica educativa. Foro de Sevilla\u201d","image":{"@type":"ImageObject","inLanguage":"es","@id":"https:\/\/eldiariodelaeducacion.com\/porotrapoliticaeducativa\/wp-content\/uploads\/sites\/21\/2024\/11\/com.-permanente.-por-otra-politica-educativa.-foro-de-sevilla_avatar-96x96.jpeg","url":"https:\/\/eldiariodelaeducacion.com\/porotrapoliticaeducativa\/wp-content\/uploads\/sites\/21\/2024\/11\/com.-permanente.-por-otra-politica-educativa.-foro-de-sevilla_avatar-96x96.jpeg","contentUrl":"https:\/\/eldiariodelaeducacion.com\/porotrapoliticaeducativa\/wp-content\/uploads\/sites\/21\/2024\/11\/com.-permanente.-por-otra-politica-educativa.-foro-de-sevilla_avatar-96x96.jpeg","caption":"Com. Permanente. \u201cPor otra pol\u00edtica educativa. Foro de Sevilla\u201d"},"description":"Colectivo de profesionales, ligados a la docencia, la reflexi\u00f3n y la investigaci\u00f3n en el campo de las ciencias de la educaci\u00f3n, preocupados por el deterioro de nuestro sistema escolar y el desarrollo de pol\u00edticas err\u00e1ticas y privatizadoras del derecho a la educaci\u00f3n.","url":"https:\/\/eldiariodelaeducacion.com\/porotrapoliticaeducativa\/author\/comisionpermanente\/"}]}},"_links":{"self":[{"href":"https:\/\/eldiariodelaeducacion.com\/porotrapoliticaeducativa\/wp-json\/wp\/v2\/posts\/2719","targetHints":{"allow":["GET"]}}],"collection":[{"href":"https:\/\/eldiariodelaeducacion.com\/porotrapoliticaeducativa\/wp-json\/wp\/v2\/posts"}],"about":[{"href":"https:\/\/eldiariodelaeducacion.com\/porotrapoliticaeducativa\/wp-json\/wp\/v2\/types\/post"}],"author":[{"embeddable":true,"href":"https:\/\/eldiariodelaeducacion.com\/porotrapoliticaeducativa\/wp-json\/wp\/v2\/users\/208"}],"replies":[{"embeddable":true,"href":"https:\/\/eldiariodelaeducacion.com\/porotrapoliticaeducativa\/wp-json\/wp\/v2\/comments?post=2719"}],"version-history":[{"count":43,"href":"https:\/\/eldiariodelaeducacion.com\/porotrapoliticaeducativa\/wp-json\/wp\/v2\/posts\/2719\/revisions"}],"predecessor-version":[{"id":2791,"href":"https:\/\/eldiariodelaeducacion.com\/porotrapoliticaeducativa\/wp-json\/wp\/v2\/posts\/2719\/revisions\/2791"}],"wp:featuredmedia":[{"embeddable":true,"href":"https:\/\/eldiariodelaeducacion.com\/porotrapoliticaeducativa\/wp-json\/wp\/v2\/media\/2741"}],"wp:attachment":[{"href":"https:\/\/eldiariodelaeducacion.com\/porotrapoliticaeducativa\/wp-json\/wp\/v2\/media?parent=2719"}],"wp:term":[{"taxonomy":"category","embeddable":true,"href":"https:\/\/eldiariodelaeducacion.com\/porotrapoliticaeducativa\/wp-json\/wp\/v2\/categories?post=2719"},{"taxonomy":"post_tag","embeddable":true,"href":"https:\/\/eldiariodelaeducacion.com\/porotrapoliticaeducativa\/wp-json\/wp\/v2\/tags?post=2719"},{"taxonomy":"tipo","embeddable":true,"href":"https:\/\/eldiariodelaeducacion.com\/porotrapoliticaeducativa\/wp-json\/wp\/v2\/tipo?post=2719"}],"curies":[{"name":"wp","href":"https:\/\/api.w.org\/{rel}","templated":true}]}}