{"id":3166,"date":"2025-10-20T11:32:29","date_gmt":"2025-10-20T09:32:29","guid":{"rendered":"https:\/\/eldiariodelaeducacion.com\/porotrapoliticaeducativa\/?p=3166"},"modified":"2025-11-12T10:20:54","modified_gmt":"2025-11-12T09:20:54","slug":"escuelas-rurales-y-justicia-social-educacion-que-transforma-territorios","status":"publish","type":"post","link":"https:\/\/eldiariodelaeducacion.com\/porotrapoliticaeducativa\/2025\/10\/20\/escuelas-rurales-y-justicia-social-educacion-que-transforma-territorios\/","title":{"rendered":"Escuelas rurales y justicia social: educaci\u00f3n que transforma territorios"},"content":{"rendered":"\n<p>En Espa\u00f1a, las escuelas rurales siguen siendo territorios de desaf\u00edos invisibles, donde la desigualdad se mide en distancia, recursos y oportunidades. No hablamos solo de carencias materiales, sino de la urgencia de repensar la educaci\u00f3n como un acto de justicia social.&nbsp;<\/p>\n\n\n\n<p>Educar no es transmitir contenidos, sino conectar la ense\u00f1anza con la vida, con el contexto y con la capacidad de transformar. Las escuelas rurales, en este sentido, pueden ser laboratorios de pedagog\u00eda cr\u00edtica, capaces de formar no solo estudiantes competentes, sino una ciudadan\u00eda consciente, comprometida y capaz de transformar sus comunidades, reconociendo y valorando los saberes y los conocimientos comunitarios.<\/p>\n\n\n\n<p>Las brechas territoriales no son inevitables. La escasez de infraestructuras, la limitaci\u00f3n tecnol\u00f3gica o la reducci\u00f3n de la oferta educativa son problemas que, si se abordan con creatividad y visi\u00f3n, pueden convertirse en oportunidades de innovaci\u00f3n y aut\u00e9ntica renovaci\u00f3n pedag\u00f3gica. Cuando el profesorado vincula el aprendizaje con la realidad del territorio, cuando construye un curr\u00edculum territorial, cuando se fomenta la participaci\u00f3n de las familias y de la comunidad, la escuela deja de ser un lugar aislado y se convierte en un espacio de construcci\u00f3n de sentido y de ciudadan\u00eda.<\/p>\n\n\n\n<figure class=\"wp-block-embed alignright is-type-rich is-provider-twitter wp-block-embed-twitter\"><div class=\"wp-block-embed__wrapper\">\n<blockquote class=\"twitter-tweet\" data-width=\"550\" data-dnt=\"true\"><p lang=\"es\" dir=\"ltr\"><a href=\"https:\/\/t.co\/135uzIiarl\">https:\/\/t.co\/135uzIiarl<\/a><br>La fuerza de lo peque\u00f1o: transformaci\u00f3n desde una escuela rural<\/p>&mdash; PorOtraPol\u00edticaEduc. (@OtraPolEduc) <a href=\"https:\/\/twitter.com\/OtraPolEduc\/status\/1975135173999284679?ref_src=twsrc%5Etfw\">October 6, 2025<\/a><\/blockquote><script async src=\"https:\/\/platform.twitter.com\/widgets.js\" charset=\"utf-8\"><\/script>\n<\/div><\/figure>\n\n\n\n<p>Existen experiencias que demuestran que la educaci\u00f3n situada en el territorio puede ser profundamente transformadora. Iniciativas de aprendizaje por proyectos, metodolog\u00edas activas, trabajo cooperativo, estrategias de ayuda mutua y educaci\u00f3n ecosocial no solo motivan al alumnado, sino que le permiten comprender y actuar sobre los problemas reales de su contexto. En estas escuelas, la pedagog\u00eda no es \u00fanicamente un conjunto de t\u00e9cnicas o estrategias, sino un acto \u00e9tico, pol\u00edtico y social: cada actividad, cada proyecto, cada propuesta de aprendizaje contribuye a la cohesi\u00f3n de la comunidad social y territorial en la que se vive, a fortalecer la trama de la vida y el entorno que no se abandona, el cuidado, la equidad y la vinculaci\u00f3n comunitaria.<\/p>\n\n\n\n<p>Pero la justicia social en la educaci\u00f3n rural exige compromiso m\u00e1s all\u00e1 del aula y de los centros educativos. Se necesitan pol\u00edticas coherentes, inversi\u00f3n sostenida y formaci\u00f3n del profesorado adaptada a la singularidad de cada contexto, incluido el rural. Adem\u00e1s, requiere que toda la comunidad educativa adopte una mirada cr\u00edtica: no se trata de replicar modelos urbanos ni de aspirar a <em>ser como la urbana<\/em>, sino de potenciar las oportunidades que surgen del territorio mismo. La ruralidad no es una limitaci\u00f3n, es una riqueza pedag\u00f3gica que, bien aprovechada, genera aprendizajes significativos y experiencias de vida transformadoras.<\/p>\n\n\n\n<p>\u00a0La limitaci\u00f3n deviene cuando se compara con lo urbano, porque el discurso siempre parte de este para llegar a aquella. Entonces, la compensaci\u00f3n eclipsa la equidad y la justicia. Sin embargo, la escuela nace urbana, se instituye urbana y se legisla urbana, lo que genera un espacio educativo marginal que necesita pensarse desde s\u00ed misma y desde sus contextos. Precisamente en el espacio rural se han generado y se siguen produciendo <a href=\"https:\/\/eldiariodelaeducacion.com\/2022\/12\/15\/la-escuela-rural-que-revitaliza-su-entorno\/\" target=\"_blank\" rel=\"noreferrer noopener\">algunas de las transformaciones m\u00e1s relevantes<\/a> de los sistemas educativos.<\/p>\n\n\n\n<p>Las escuelas rurales, cuando reciben el apoyo adecuado y sostenido, poseen un poder transformador que va m\u00e1s all\u00e1 del aula: pueden romper ciclos de desigualdad hist\u00f3rica y abrir caminos concretos hacia la justicia social. En estos espacios,<strong> la educaci\u00f3n deja de ser un derecho formal o un ideal abstracto para convertirse en un motor real de desarrollo humano, inclusi\u00f3n social y participaci\u00f3n ciudadana<\/strong>. La verdadera transformaci\u00f3n educativa se produce cuando la ense\u00f1anza se conecta \u00edntimamente con la vida de la infancia, con sus intereses, necesidades y contexto cultural; cuando se empodera al profesorado para asumir un rol activo de agente de cambio, capaz de dise\u00f1ar experiencias significativas que trascienden los contenidos curriculares, y cuando la escuela se reconoce como un actor central en la vida del territorio, capaz de tejer v\u00ednculos entre comunidad, cultura y aprendizaje, e impulsar la construcci\u00f3n de entornos sociales m\u00e1s cohesionados y solidarios.<\/p>\n\n\n\n<p>En estos territorios, cada proyecto pedag\u00f3gico, cada iniciativa contextualizada y cada experiencia de aprendizaje adquiere un valor que supera la mera adquisici\u00f3n de conocimientos: son oportunidades para que el alumnado comprenda su entorno, desarrolle pensamiento cr\u00edtico, asuma responsabilidades y se implique de manera activa en la mejora de su comunidad.\u00a0<\/p>\n\n\n\n<blockquote class=\"wp-block-quote is-layout-flow wp-block-quote-is-layout-flow\">\n<p>\u00abEste contexto favorece una educaci\u00f3n personalizada, donde el bajo n\u00famero de estudiantes por aula permite adaptar el ritmo de aprendizaje, generar v\u00ednculos s\u00f3lidos y fomentar la confianza. Se consolidan relaciones horizontales entre docentes, alumnado y familias, promoviendo valores como la cooperaci\u00f3n y la corresponsabilidad educativa\u00bb.<\/p>\n\n\n\n<p>\u2014<strong>Bel\u00e9n Gonz\u00e1lez Trivi\u00f1o.<\/strong> <a href=\"https:\/\/ojs.eumed.net\/rev\/index.php\/educacion_analisis_social\/article\/view\/10_G\" target=\"_blank\" rel=\"noreferrer noopener\">Directora del CPR San Hilario de Poitiers, en M\u00e1laga<\/a>.<\/p>\n<\/blockquote>\n\n\n\n<p>La educaci\u00f3n rural, lejos de ser un simple espacio acad\u00e9mico, se convierte en una acci\u00f3n social mucho m\u00e1s ambiciosa, en un laboratorio de ciudadan\u00eda, creatividad, resiliencia y participaci\u00f3n colectiva. La educaci\u00f3n rural educa desde y en coherencia con lo rural. Cuando se fomenta la colaboraci\u00f3n entre familias, profesorado, agentes locales e instituciones, la escuela deja de ser un edificio aislado y se transforma en<strong> un nodo estrat\u00e9gico de desarrollo social, cultural y comunitario, capaz de articular recursos, experiencias y saberes que fortalecen el territorio y que asientan el tejido social, comunitario y un proyecto de futuro que revierte la llamada \u201cEspa\u00f1a vaciada\u201d<\/strong>. La escuela rural es un factor de cohesi\u00f3n territorial y de supervivencia para las comunidades. Su ausencia es un paso decisivo hacia el vaciamiento del mundo rural.<br><\/p>\n\n\n\n<blockquote class=\"wp-block-quote is-layout-flow wp-block-quote-is-layout-flow\">\n<p>\u00abEs fundamental que las administraciones reconozcan su valor y garanticen los recursos necesarios para que la escuela rural no solo sobreviva, sino que se fortalezca y evolucione. La educaci\u00f3n en el \u00e1mbito rural no es solo una cuesti\u00f3n de acceso al aprendizaje, sino de equidad, desarrollo comunitario y sostenibilidad social\u00bb.<\/p>\n\n\n\n<p>\u2014<strong>Bel\u00e9n Gonz\u00e1lez Trivi\u00f1o<\/strong>.<\/p>\n<\/blockquote>\n\n\n\n<p>Por ello, la educaci\u00f3n rural, en su expresi\u00f3n m\u00e1s aut\u00e9ntica, representa un acto de esperanza, equidad y ciudadan\u00eda activa. Es un compromiso de toda la sociedad con la formaci\u00f3n integral de la infancia en su contexto, con la valoraci\u00f3n de sus territorios y con la construcci\u00f3n de un futuro m\u00e1s justo y sostenible. Apoyar y fortalecer estas escuelas es invertir en una educaci\u00f3n que transforma vidas y capacidades individuales y colectivas, y que garantiza que ning\u00fan ni\u00f1o o ninguna ni\u00f1a quede al margen de las oportunidades para aprender, crecer y participar plenamente en la sociedad. En definitiva, la escuela rural bien situada y acompa\u00f1ada demuestra que la educaci\u00f3n no solo transmite conocimiento, sino que genera sentido, fortalece comunidades y siembra las bases de una sociedad m\u00e1s equitativa y solidaria.<\/p>\n","protected":false},"excerpt":{"rendered":"<p>En el contexto rural, la educaci\u00f3n adquiere una dimensi\u00f3n social y pol\u00edtica que trasciende la mera transmisi\u00f3n de conocimientos. Las escuelas rurales se configuran como espacios de cohesi\u00f3n, participaci\u00f3n y transformaci\u00f3n colectiva, donde ense\u00f1ar implica vincular el aprendizaje con el territorio y con la construcci\u00f3n de una ciudadan\u00eda cr\u00edtica, consciente y comprometida con su entorno.<\/p>\n","protected":false},"author":208,"featured_media":3181,"comment_status":"open","ping_status":"open","sticky":false,"template":"","format":"standard","meta":{"footnotes":""},"categories":[18],"tags":[20,120,36,121,17],"tipo":[103],"class_list":{"0":"post-3166","1":"post","2":"type-post","3":"status-publish","4":"format-standard","5":"has-post-thumbnail","7":"category-por-otra-politica-educativa","8":"tag-escuela-publica","9":"tag-escuela-rural","10":"tag-justicia-social","11":"tag-pedagogia-critica","12":"tag-politicas-educativas","13":"tipo-actualidadanalisis"},"yoast_head":"<!-- This site is optimized with the Yoast SEO plugin v27.5 - https:\/\/yoast.com\/product\/yoast-seo-wordpress\/ -->\n<title>Escuelas rurales y justicia social: educaci\u00f3n que transforma territorios - Por otra pol\u00edtica educativa. Foro de Sevilla.<\/title>\n<meta name=\"robots\" content=\"index, follow, max-snippet:-1, max-image-preview:large, max-video-preview:-1\" \/>\n<link rel=\"canonical\" href=\"https:\/\/eldiariodelaeducacion.com\/porotrapoliticaeducativa\/2025\/10\/20\/escuelas-rurales-y-justicia-social-educacion-que-transforma-territorios\/\" \/>\n<meta property=\"og:locale\" content=\"es_ES\" \/>\n<meta property=\"og:type\" content=\"article\" \/>\n<meta property=\"og:title\" content=\"Escuelas rurales y justicia social: educaci\u00f3n que transforma territorios - Por otra pol\u00edtica educativa. Foro de Sevilla.\" \/>\n<meta property=\"og:description\" content=\"En el contexto rural, la educaci\u00f3n adquiere una dimensi\u00f3n social y pol\u00edtica que trasciende la mera transmisi\u00f3n de conocimientos. Las escuelas rurales se configuran como espacios de cohesi\u00f3n, participaci\u00f3n y transformaci\u00f3n colectiva, donde ense\u00f1ar implica vincular el aprendizaje con el territorio y con la construcci\u00f3n de una ciudadan\u00eda cr\u00edtica, consciente y comprometida con su entorno.\" \/>\n<meta property=\"og:url\" content=\"https:\/\/eldiariodelaeducacion.com\/porotrapoliticaeducativa\/2025\/10\/20\/escuelas-rurales-y-justicia-social-educacion-que-transforma-territorios\/\" \/>\n<meta property=\"og:site_name\" content=\"Por otra pol\u00edtica educativa. Foro de Sevilla.\" \/>\n<meta property=\"article:published_time\" content=\"2025-10-20T09:32:29+00:00\" \/>\n<meta property=\"article:modified_time\" content=\"2025-11-12T09:20:54+00:00\" \/>\n<meta property=\"og:image\" content=\"https:\/\/eldiariodelaeducacion.com\/porotrapoliticaeducativa\/wp-content\/uploads\/sites\/21\/2025\/10\/imgi_44_321817986_571421457821640_6701425248154096191_n.jpg\" \/>\n\t<meta property=\"og:image:width\" content=\"1326\" \/>\n\t<meta property=\"og:image:height\" content=\"1128\" \/>\n\t<meta property=\"og:image:type\" content=\"image\/jpeg\" \/>\n<meta name=\"author\" content=\"Com. Permanente. \u201cPor otra pol\u00edtica educativa. Foro de Sevilla\u201d\" \/>\n<meta name=\"twitter:card\" content=\"summary_large_image\" \/>\n<meta name=\"twitter:label1\" content=\"Escrito por\" \/>\n\t<meta name=\"twitter:data1\" content=\"Com. Permanente. \u201cPor otra pol\u00edtica educativa. Foro de Sevilla\u201d\" \/>\n\t<meta name=\"twitter:label2\" content=\"Tiempo de lectura\" \/>\n\t<meta name=\"twitter:data2\" content=\"5 minutos\" \/>\n<script type=\"application\/ld+json\" class=\"yoast-schema-graph\">{\"@context\":\"https:\\\/\\\/schema.org\",\"@graph\":[{\"@type\":\"Article\",\"@id\":\"https:\\\/\\\/eldiariodelaeducacion.com\\\/porotrapoliticaeducativa\\\/2025\\\/10\\\/20\\\/escuelas-rurales-y-justicia-social-educacion-que-transforma-territorios\\\/#article\",\"isPartOf\":{\"@id\":\"https:\\\/\\\/eldiariodelaeducacion.com\\\/porotrapoliticaeducativa\\\/2025\\\/10\\\/20\\\/escuelas-rurales-y-justicia-social-educacion-que-transforma-territorios\\\/\"},\"author\":{\"name\":\"Com. Permanente. \u201cPor otra pol\u00edtica educativa. Foro de Sevilla\u201d\",\"@id\":\"https:\\\/\\\/eldiariodelaeducacion.com\\\/porotrapoliticaeducativa\\\/#\\\/schema\\\/person\\\/f764e366788e25aa691ea918682bd80d\"},\"headline\":\"Escuelas rurales y justicia social: educaci\u00f3n que transforma territorios\",\"datePublished\":\"2025-10-20T09:32:29+00:00\",\"dateModified\":\"2025-11-12T09:20:54+00:00\",\"mainEntityOfPage\":{\"@id\":\"https:\\\/\\\/eldiariodelaeducacion.com\\\/porotrapoliticaeducativa\\\/2025\\\/10\\\/20\\\/escuelas-rurales-y-justicia-social-educacion-que-transforma-territorios\\\/\"},\"wordCount\":1158,\"commentCount\":0,\"image\":{\"@id\":\"https:\\\/\\\/eldiariodelaeducacion.com\\\/porotrapoliticaeducativa\\\/2025\\\/10\\\/20\\\/escuelas-rurales-y-justicia-social-educacion-que-transforma-territorios\\\/#primaryimage\"},\"thumbnailUrl\":\"https:\\\/\\\/eldiariodelaeducacion.com\\\/porotrapoliticaeducativa\\\/wp-content\\\/uploads\\\/sites\\\/21\\\/2025\\\/10\\\/imgi_44_321817986_571421457821640_6701425248154096191_n.jpg\",\"keywords\":[\"escuela p\u00fablica\",\"Escuela rural\",\"Justicia social\",\"Pedagog\u00eda Cr\u00edtica\",\"Pol\u00edticas educativas\"],\"articleSection\":[\"Por otra pol\u00edtica educativa. Foro de Sevilla\"],\"inLanguage\":\"es\",\"potentialAction\":[{\"@type\":\"CommentAction\",\"name\":\"Comment\",\"target\":[\"https:\\\/\\\/eldiariodelaeducacion.com\\\/porotrapoliticaeducativa\\\/2025\\\/10\\\/20\\\/escuelas-rurales-y-justicia-social-educacion-que-transforma-territorios\\\/#respond\"]}]},{\"@type\":\"WebPage\",\"@id\":\"https:\\\/\\\/eldiariodelaeducacion.com\\\/porotrapoliticaeducativa\\\/2025\\\/10\\\/20\\\/escuelas-rurales-y-justicia-social-educacion-que-transforma-territorios\\\/\",\"url\":\"https:\\\/\\\/eldiariodelaeducacion.com\\\/porotrapoliticaeducativa\\\/2025\\\/10\\\/20\\\/escuelas-rurales-y-justicia-social-educacion-que-transforma-territorios\\\/\",\"name\":\"Escuelas rurales y justicia social: educaci\u00f3n que transforma territorios - Por otra pol\u00edtica educativa. Foro de Sevilla.\",\"isPartOf\":{\"@id\":\"https:\\\/\\\/eldiariodelaeducacion.com\\\/porotrapoliticaeducativa\\\/#website\"},\"primaryImageOfPage\":{\"@id\":\"https:\\\/\\\/eldiariodelaeducacion.com\\\/porotrapoliticaeducativa\\\/2025\\\/10\\\/20\\\/escuelas-rurales-y-justicia-social-educacion-que-transforma-territorios\\\/#primaryimage\"},\"image\":{\"@id\":\"https:\\\/\\\/eldiariodelaeducacion.com\\\/porotrapoliticaeducativa\\\/2025\\\/10\\\/20\\\/escuelas-rurales-y-justicia-social-educacion-que-transforma-territorios\\\/#primaryimage\"},\"thumbnailUrl\":\"https:\\\/\\\/eldiariodelaeducacion.com\\\/porotrapoliticaeducativa\\\/wp-content\\\/uploads\\\/sites\\\/21\\\/2025\\\/10\\\/imgi_44_321817986_571421457821640_6701425248154096191_n.jpg\",\"datePublished\":\"2025-10-20T09:32:29+00:00\",\"dateModified\":\"2025-11-12T09:20:54+00:00\",\"author\":{\"@id\":\"https:\\\/\\\/eldiariodelaeducacion.com\\\/porotrapoliticaeducativa\\\/#\\\/schema\\\/person\\\/f764e366788e25aa691ea918682bd80d\"},\"breadcrumb\":{\"@id\":\"https:\\\/\\\/eldiariodelaeducacion.com\\\/porotrapoliticaeducativa\\\/2025\\\/10\\\/20\\\/escuelas-rurales-y-justicia-social-educacion-que-transforma-territorios\\\/#breadcrumb\"},\"inLanguage\":\"es\",\"potentialAction\":[{\"@type\":\"ReadAction\",\"target\":[\"https:\\\/\\\/eldiariodelaeducacion.com\\\/porotrapoliticaeducativa\\\/2025\\\/10\\\/20\\\/escuelas-rurales-y-justicia-social-educacion-que-transforma-territorios\\\/\"]}]},{\"@type\":\"ImageObject\",\"inLanguage\":\"es\",\"@id\":\"https:\\\/\\\/eldiariodelaeducacion.com\\\/porotrapoliticaeducativa\\\/2025\\\/10\\\/20\\\/escuelas-rurales-y-justicia-social-educacion-que-transforma-territorios\\\/#primaryimage\",\"url\":\"https:\\\/\\\/eldiariodelaeducacion.com\\\/porotrapoliticaeducativa\\\/wp-content\\\/uploads\\\/sites\\\/21\\\/2025\\\/10\\\/imgi_44_321817986_571421457821640_6701425248154096191_n.jpg\",\"contentUrl\":\"https:\\\/\\\/eldiariodelaeducacion.com\\\/porotrapoliticaeducativa\\\/wp-content\\\/uploads\\\/sites\\\/21\\\/2025\\\/10\\\/imgi_44_321817986_571421457821640_6701425248154096191_n.jpg\",\"width\":1326,\"height\":1128,\"caption\":\"Ilustraci\u00f3n cedida por Joseba G. Plazuelo\"},{\"@type\":\"BreadcrumbList\",\"@id\":\"https:\\\/\\\/eldiariodelaeducacion.com\\\/porotrapoliticaeducativa\\\/2025\\\/10\\\/20\\\/escuelas-rurales-y-justicia-social-educacion-que-transforma-territorios\\\/#breadcrumb\",\"itemListElement\":[{\"@type\":\"ListItem\",\"position\":1,\"name\":\"Portada\",\"item\":\"https:\\\/\\\/eldiariodelaeducacion.com\\\/porotrapoliticaeducativa\\\/\"},{\"@type\":\"ListItem\",\"position\":2,\"name\":\"Escuelas rurales y justicia social: educaci\u00f3n que transforma territorios\"}]},{\"@type\":\"WebSite\",\"@id\":\"https:\\\/\\\/eldiariodelaeducacion.com\\\/porotrapoliticaeducativa\\\/#website\",\"url\":\"https:\\\/\\\/eldiariodelaeducacion.com\\\/porotrapoliticaeducativa\\\/\",\"name\":\"Por otra pol\u00edtica educativa. Foro de Sevilla.\",\"description\":\"Un blog de El Diario de la Educaci\u00f3n\",\"potentialAction\":[{\"@type\":\"SearchAction\",\"target\":{\"@type\":\"EntryPoint\",\"urlTemplate\":\"https:\\\/\\\/eldiariodelaeducacion.com\\\/porotrapoliticaeducativa\\\/?s={search_term_string}\"},\"query-input\":{\"@type\":\"PropertyValueSpecification\",\"valueRequired\":true,\"valueName\":\"search_term_string\"}}],\"inLanguage\":\"es\"},{\"@type\":\"Person\",\"@id\":\"https:\\\/\\\/eldiariodelaeducacion.com\\\/porotrapoliticaeducativa\\\/#\\\/schema\\\/person\\\/f764e366788e25aa691ea918682bd80d\",\"name\":\"Com. Permanente. \u201cPor otra pol\u00edtica educativa. Foro de Sevilla\u201d\",\"image\":{\"@type\":\"ImageObject\",\"inLanguage\":\"es\",\"@id\":\"https:\\\/\\\/eldiariodelaeducacion.com\\\/porotrapoliticaeducativa\\\/wp-content\\\/uploads\\\/sites\\\/21\\\/2024\\\/11\\\/com.-permanente.-por-otra-politica-educativa.-foro-de-sevilla_avatar-96x96.jpeg\",\"url\":\"https:\\\/\\\/eldiariodelaeducacion.com\\\/porotrapoliticaeducativa\\\/wp-content\\\/uploads\\\/sites\\\/21\\\/2024\\\/11\\\/com.-permanente.-por-otra-politica-educativa.-foro-de-sevilla_avatar-96x96.jpeg\",\"contentUrl\":\"https:\\\/\\\/eldiariodelaeducacion.com\\\/porotrapoliticaeducativa\\\/wp-content\\\/uploads\\\/sites\\\/21\\\/2024\\\/11\\\/com.-permanente.-por-otra-politica-educativa.-foro-de-sevilla_avatar-96x96.jpeg\",\"caption\":\"Com. Permanente. \u201cPor otra pol\u00edtica educativa. Foro de Sevilla\u201d\"},\"description\":\"Colectivo de profesionales, ligados a la docencia, la reflexi\u00f3n y la investigaci\u00f3n en el campo de las ciencias de la educaci\u00f3n, preocupados por el deterioro de nuestro sistema escolar y el desarrollo de pol\u00edticas err\u00e1ticas y privatizadoras del derecho a la educaci\u00f3n.\",\"url\":\"https:\\\/\\\/eldiariodelaeducacion.com\\\/porotrapoliticaeducativa\\\/author\\\/comisionpermanente\\\/\"}]}<\/script>\n<!-- \/ Yoast SEO plugin. -->","yoast_head_json":{"title":"Escuelas rurales y justicia social: educaci\u00f3n que transforma territorios - Por otra pol\u00edtica educativa. Foro de Sevilla.","robots":{"index":"index","follow":"follow","max-snippet":"max-snippet:-1","max-image-preview":"max-image-preview:large","max-video-preview":"max-video-preview:-1"},"canonical":"https:\/\/eldiariodelaeducacion.com\/porotrapoliticaeducativa\/2025\/10\/20\/escuelas-rurales-y-justicia-social-educacion-que-transforma-territorios\/","og_locale":"es_ES","og_type":"article","og_title":"Escuelas rurales y justicia social: educaci\u00f3n que transforma territorios - Por otra pol\u00edtica educativa. Foro de Sevilla.","og_description":"En el contexto rural, la educaci\u00f3n adquiere una dimensi\u00f3n social y pol\u00edtica que trasciende la mera transmisi\u00f3n de conocimientos. Las escuelas rurales se configuran como espacios de cohesi\u00f3n, participaci\u00f3n y transformaci\u00f3n colectiva, donde ense\u00f1ar implica vincular el aprendizaje con el territorio y con la construcci\u00f3n de una ciudadan\u00eda cr\u00edtica, consciente y comprometida con su entorno.","og_url":"https:\/\/eldiariodelaeducacion.com\/porotrapoliticaeducativa\/2025\/10\/20\/escuelas-rurales-y-justicia-social-educacion-que-transforma-territorios\/","og_site_name":"Por otra pol\u00edtica educativa. Foro de Sevilla.","article_published_time":"2025-10-20T09:32:29+00:00","article_modified_time":"2025-11-12T09:20:54+00:00","og_image":[{"width":1326,"height":1128,"url":"https:\/\/eldiariodelaeducacion.com\/porotrapoliticaeducativa\/wp-content\/uploads\/sites\/21\/2025\/10\/imgi_44_321817986_571421457821640_6701425248154096191_n.jpg","type":"image\/jpeg"}],"author":"Com. Permanente. \u201cPor otra pol\u00edtica educativa. Foro de Sevilla\u201d","twitter_card":"summary_large_image","twitter_misc":{"Escrito por":"Com. Permanente. \u201cPor otra pol\u00edtica educativa. Foro de Sevilla\u201d","Tiempo de lectura":"5 minutos"},"schema":{"@context":"https:\/\/schema.org","@graph":[{"@type":"Article","@id":"https:\/\/eldiariodelaeducacion.com\/porotrapoliticaeducativa\/2025\/10\/20\/escuelas-rurales-y-justicia-social-educacion-que-transforma-territorios\/#article","isPartOf":{"@id":"https:\/\/eldiariodelaeducacion.com\/porotrapoliticaeducativa\/2025\/10\/20\/escuelas-rurales-y-justicia-social-educacion-que-transforma-territorios\/"},"author":{"name":"Com. Permanente. \u201cPor otra pol\u00edtica educativa. Foro de Sevilla\u201d","@id":"https:\/\/eldiariodelaeducacion.com\/porotrapoliticaeducativa\/#\/schema\/person\/f764e366788e25aa691ea918682bd80d"},"headline":"Escuelas rurales y justicia social: educaci\u00f3n que transforma territorios","datePublished":"2025-10-20T09:32:29+00:00","dateModified":"2025-11-12T09:20:54+00:00","mainEntityOfPage":{"@id":"https:\/\/eldiariodelaeducacion.com\/porotrapoliticaeducativa\/2025\/10\/20\/escuelas-rurales-y-justicia-social-educacion-que-transforma-territorios\/"},"wordCount":1158,"commentCount":0,"image":{"@id":"https:\/\/eldiariodelaeducacion.com\/porotrapoliticaeducativa\/2025\/10\/20\/escuelas-rurales-y-justicia-social-educacion-que-transforma-territorios\/#primaryimage"},"thumbnailUrl":"https:\/\/eldiariodelaeducacion.com\/porotrapoliticaeducativa\/wp-content\/uploads\/sites\/21\/2025\/10\/imgi_44_321817986_571421457821640_6701425248154096191_n.jpg","keywords":["escuela p\u00fablica","Escuela rural","Justicia social","Pedagog\u00eda Cr\u00edtica","Pol\u00edticas educativas"],"articleSection":["Por otra pol\u00edtica educativa. Foro de Sevilla"],"inLanguage":"es","potentialAction":[{"@type":"CommentAction","name":"Comment","target":["https:\/\/eldiariodelaeducacion.com\/porotrapoliticaeducativa\/2025\/10\/20\/escuelas-rurales-y-justicia-social-educacion-que-transforma-territorios\/#respond"]}]},{"@type":"WebPage","@id":"https:\/\/eldiariodelaeducacion.com\/porotrapoliticaeducativa\/2025\/10\/20\/escuelas-rurales-y-justicia-social-educacion-que-transforma-territorios\/","url":"https:\/\/eldiariodelaeducacion.com\/porotrapoliticaeducativa\/2025\/10\/20\/escuelas-rurales-y-justicia-social-educacion-que-transforma-territorios\/","name":"Escuelas rurales y justicia social: educaci\u00f3n que transforma territorios - Por otra pol\u00edtica educativa. Foro de Sevilla.","isPartOf":{"@id":"https:\/\/eldiariodelaeducacion.com\/porotrapoliticaeducativa\/#website"},"primaryImageOfPage":{"@id":"https:\/\/eldiariodelaeducacion.com\/porotrapoliticaeducativa\/2025\/10\/20\/escuelas-rurales-y-justicia-social-educacion-que-transforma-territorios\/#primaryimage"},"image":{"@id":"https:\/\/eldiariodelaeducacion.com\/porotrapoliticaeducativa\/2025\/10\/20\/escuelas-rurales-y-justicia-social-educacion-que-transforma-territorios\/#primaryimage"},"thumbnailUrl":"https:\/\/eldiariodelaeducacion.com\/porotrapoliticaeducativa\/wp-content\/uploads\/sites\/21\/2025\/10\/imgi_44_321817986_571421457821640_6701425248154096191_n.jpg","datePublished":"2025-10-20T09:32:29+00:00","dateModified":"2025-11-12T09:20:54+00:00","author":{"@id":"https:\/\/eldiariodelaeducacion.com\/porotrapoliticaeducativa\/#\/schema\/person\/f764e366788e25aa691ea918682bd80d"},"breadcrumb":{"@id":"https:\/\/eldiariodelaeducacion.com\/porotrapoliticaeducativa\/2025\/10\/20\/escuelas-rurales-y-justicia-social-educacion-que-transforma-territorios\/#breadcrumb"},"inLanguage":"es","potentialAction":[{"@type":"ReadAction","target":["https:\/\/eldiariodelaeducacion.com\/porotrapoliticaeducativa\/2025\/10\/20\/escuelas-rurales-y-justicia-social-educacion-que-transforma-territorios\/"]}]},{"@type":"ImageObject","inLanguage":"es","@id":"https:\/\/eldiariodelaeducacion.com\/porotrapoliticaeducativa\/2025\/10\/20\/escuelas-rurales-y-justicia-social-educacion-que-transforma-territorios\/#primaryimage","url":"https:\/\/eldiariodelaeducacion.com\/porotrapoliticaeducativa\/wp-content\/uploads\/sites\/21\/2025\/10\/imgi_44_321817986_571421457821640_6701425248154096191_n.jpg","contentUrl":"https:\/\/eldiariodelaeducacion.com\/porotrapoliticaeducativa\/wp-content\/uploads\/sites\/21\/2025\/10\/imgi_44_321817986_571421457821640_6701425248154096191_n.jpg","width":1326,"height":1128,"caption":"Ilustraci\u00f3n cedida por Joseba G. Plazuelo"},{"@type":"BreadcrumbList","@id":"https:\/\/eldiariodelaeducacion.com\/porotrapoliticaeducativa\/2025\/10\/20\/escuelas-rurales-y-justicia-social-educacion-que-transforma-territorios\/#breadcrumb","itemListElement":[{"@type":"ListItem","position":1,"name":"Portada","item":"https:\/\/eldiariodelaeducacion.com\/porotrapoliticaeducativa\/"},{"@type":"ListItem","position":2,"name":"Escuelas rurales y justicia social: educaci\u00f3n que transforma territorios"}]},{"@type":"WebSite","@id":"https:\/\/eldiariodelaeducacion.com\/porotrapoliticaeducativa\/#website","url":"https:\/\/eldiariodelaeducacion.com\/porotrapoliticaeducativa\/","name":"Por otra pol\u00edtica educativa. Foro de Sevilla.","description":"Un blog de El Diario de la Educaci\u00f3n","potentialAction":[{"@type":"SearchAction","target":{"@type":"EntryPoint","urlTemplate":"https:\/\/eldiariodelaeducacion.com\/porotrapoliticaeducativa\/?s={search_term_string}"},"query-input":{"@type":"PropertyValueSpecification","valueRequired":true,"valueName":"search_term_string"}}],"inLanguage":"es"},{"@type":"Person","@id":"https:\/\/eldiariodelaeducacion.com\/porotrapoliticaeducativa\/#\/schema\/person\/f764e366788e25aa691ea918682bd80d","name":"Com. Permanente. \u201cPor otra pol\u00edtica educativa. Foro de Sevilla\u201d","image":{"@type":"ImageObject","inLanguage":"es","@id":"https:\/\/eldiariodelaeducacion.com\/porotrapoliticaeducativa\/wp-content\/uploads\/sites\/21\/2024\/11\/com.-permanente.-por-otra-politica-educativa.-foro-de-sevilla_avatar-96x96.jpeg","url":"https:\/\/eldiariodelaeducacion.com\/porotrapoliticaeducativa\/wp-content\/uploads\/sites\/21\/2024\/11\/com.-permanente.-por-otra-politica-educativa.-foro-de-sevilla_avatar-96x96.jpeg","contentUrl":"https:\/\/eldiariodelaeducacion.com\/porotrapoliticaeducativa\/wp-content\/uploads\/sites\/21\/2024\/11\/com.-permanente.-por-otra-politica-educativa.-foro-de-sevilla_avatar-96x96.jpeg","caption":"Com. Permanente. \u201cPor otra pol\u00edtica educativa. Foro de Sevilla\u201d"},"description":"Colectivo de profesionales, ligados a la docencia, la reflexi\u00f3n y la investigaci\u00f3n en el campo de las ciencias de la educaci\u00f3n, preocupados por el deterioro de nuestro sistema escolar y el desarrollo de pol\u00edticas err\u00e1ticas y privatizadoras del derecho a la educaci\u00f3n.","url":"https:\/\/eldiariodelaeducacion.com\/porotrapoliticaeducativa\/author\/comisionpermanente\/"}]}},"_links":{"self":[{"href":"https:\/\/eldiariodelaeducacion.com\/porotrapoliticaeducativa\/wp-json\/wp\/v2\/posts\/3166","targetHints":{"allow":["GET"]}}],"collection":[{"href":"https:\/\/eldiariodelaeducacion.com\/porotrapoliticaeducativa\/wp-json\/wp\/v2\/posts"}],"about":[{"href":"https:\/\/eldiariodelaeducacion.com\/porotrapoliticaeducativa\/wp-json\/wp\/v2\/types\/post"}],"author":[{"embeddable":true,"href":"https:\/\/eldiariodelaeducacion.com\/porotrapoliticaeducativa\/wp-json\/wp\/v2\/users\/208"}],"replies":[{"embeddable":true,"href":"https:\/\/eldiariodelaeducacion.com\/porotrapoliticaeducativa\/wp-json\/wp\/v2\/comments?post=3166"}],"version-history":[{"count":11,"href":"https:\/\/eldiariodelaeducacion.com\/porotrapoliticaeducativa\/wp-json\/wp\/v2\/posts\/3166\/revisions"}],"predecessor-version":[{"id":3184,"href":"https:\/\/eldiariodelaeducacion.com\/porotrapoliticaeducativa\/wp-json\/wp\/v2\/posts\/3166\/revisions\/3184"}],"wp:featuredmedia":[{"embeddable":true,"href":"https:\/\/eldiariodelaeducacion.com\/porotrapoliticaeducativa\/wp-json\/wp\/v2\/media\/3181"}],"wp:attachment":[{"href":"https:\/\/eldiariodelaeducacion.com\/porotrapoliticaeducativa\/wp-json\/wp\/v2\/media?parent=3166"}],"wp:term":[{"taxonomy":"category","embeddable":true,"href":"https:\/\/eldiariodelaeducacion.com\/porotrapoliticaeducativa\/wp-json\/wp\/v2\/categories?post=3166"},{"taxonomy":"post_tag","embeddable":true,"href":"https:\/\/eldiariodelaeducacion.com\/porotrapoliticaeducativa\/wp-json\/wp\/v2\/tags?post=3166"},{"taxonomy":"tipo","embeddable":true,"href":"https:\/\/eldiariodelaeducacion.com\/porotrapoliticaeducativa\/wp-json\/wp\/v2\/tipo?post=3166"}],"curies":[{"name":"wp","href":"https:\/\/api.w.org\/{rel}","templated":true}]}}