{"id":3477,"date":"2026-04-27T06:00:00","date_gmt":"2026-04-27T04:00:00","guid":{"rendered":"https:\/\/eldiariodelaeducacion.com\/porotrapoliticaeducativa\/?p=3477"},"modified":"2026-04-24T12:39:44","modified_gmt":"2026-04-24T10:39:44","slug":"inclusion-educativa-diversidad-justicia-social-escuela-democratica","status":"publish","type":"post","link":"https:\/\/eldiariodelaeducacion.com\/porotrapoliticaeducativa\/2026\/04\/27\/inclusion-educativa-diversidad-justicia-social-escuela-democratica\/","title":{"rendered":"De la ret\u00f3rica a la realidad: por una escuela que respire diversidad"},"content":{"rendered":"\n<p>Hoy, la ret\u00f3rica inclusiva ha avanzado con mayor rapidez que las transformaciones efectivas, como pone de manifiesto nuestra legislaci\u00f3n educativa, que a\u00fan sigue categorizando la diferencia. La escuela, en lugar de cuestionar las bases que producen esa distinci\u00f3n jer\u00e1rquica, persiste en un modelo que se limita a \u201chacer sitio\u201d a quien considera distinto. As\u00ed, las estructuras escolares contin\u00faan sosteni\u00e9ndose sobre l\u00f3gicas de normalizaci\u00f3n que, lejos de superarse, perpet\u00faan las desigualdades.<\/p>\n\n\n\n<p>Es necesario afirmarlo con claridad: <strong>no basta con proclamar la inclusi\u00f3n, hay que transformar las estructuras que impiden que se materialice<\/strong>. La escuela necesita un giro radical; no podemos seguir en el enfoque de la diversidad centrado en el c\u00f3mo gestionar la diversidad, sino entender que <strong>la diversidad es condici\u00f3n constitutiva de lo humano y el punto de partida ineludible de cualquier escuela democr\u00e1tica<\/strong>. La igualdad, entendida como derecho, debe dejar de ser un horizonte abstracto para convertirse en el fundamento mismo de la cultura escolar.<\/p>\n\n\n\n<h2 class=\"wp-block-heading\"><strong>Hacer de la diversidad un lugar com\u00fan<\/strong><\/h2>\n\n\n\n<p>No es casual que, en este contexto, se est\u00e9n reforzando discursos que desacreditan el modelo comprensivo y presenten la inclusi\u00f3n como una forma de &#8216;nivelar hacia abajo&#8217;. Bajo una ret\u00f3rica de especializaci\u00f3n y eficiencia, se legitiman f\u00f3rmulas segregadoras que desplazan a parte del alumnado fuera del espacio com\u00fan en lugar de transformar las condiciones de la escuela ordinaria.<\/p>\n\n\n\n<p>El reto no es solo pedag\u00f3gico, es ante todo \u00e9tico y pol\u00edtico. Reconocer al otro como sujeto pleno, y no como destinatario pasivo de ajustes, exige una transformaci\u00f3n profunda de la cultura escolar, de sus valores, de sus pr\u00e1cticas y de las relaciones que la sostienen. <strong>En demasiadas ocasiones seguimos mirando a determinado alumnado desde la idea de <em>otredad<\/em>, como cuerpos que hay que ajustar, compensar o normalizar<\/strong>.&nbsp;<\/p>\n\n\n\n<p>Sin embargo, una escuela democr\u00e1tica solo puede construirse desde la alteridad, es decir, desde el reconocimiento del otro como sujeto pleno, con dignidad y voz propia. Este cambio no es una cuesti\u00f3n meramente sem\u00e1ntica, sino una condici\u00f3n indispensable para hacer posible la justicia social en educaci\u00f3n. Cuando reconocemos al otro en su soberan\u00eda, la diversidad deja de percibirse como un problema y pasa a constituir la base del bien com\u00fan. <strong>Es la escuela la que debe reconstruirse para acoger la pluralidad como un elemento estructural<\/strong>.<\/p>\n\n\n\n<figure class=\"wp-block-embed alignright is-type-rich is-provider-twitter wp-block-embed-twitter\"><div class=\"wp-block-embed__wrapper\">\n<blockquote class=\"twitter-tweet\" data-width=\"550\" data-dnt=\"true\"><p lang=\"es\" dir=\"ltr\">M\u00e1s tests.<br>M\u00e1s selecci\u00f3n.<br>M\u00e1s disciplina.<br>M\u00e1s control curricular.<br>Seg\u00fan Gillborn, estas pol\u00edticas no son neutras: forman parte de una red ideol\u00f3gica que intensifica la desigualdad racial y de clase mientras se vende como \u201cexcelencia\u201d educativa.<a href=\"https:\/\/t.co\/rzdkf6df71\">https:\/\/t.co\/rzdkf6df71<\/a> <a href=\"https:\/\/t.co\/r9BbLkoFPC\">pic.twitter.com\/r9BbLkoFPC<\/a><\/p>&mdash; PorOtraPol\u00edticaEduc. (@OtraPolEduc) <a href=\"https:\/\/twitter.com\/OtraPolEduc\/status\/2047024573145567323?ref_src=twsrc%5Etfw\">April 22, 2026<\/a><\/blockquote><script async src=\"https:\/\/platform.twitter.com\/widgets.js\" charset=\"utf-8\"><\/script>\n<\/div><\/figure>\n\n\n\n<p>Este cambio no es opcional. Cuando la vida escolar se organiza en torno a criterios de normalidad, quienes se alejan de ellos quedan autom\u00e1ticamente situados en m\u00e1rgenes que dificultan su participaci\u00f3n. Tales m\u00e1rgenes se crean no solo a trav\u00e9s de pr\u00e1cticas visibles de segregaci\u00f3n, sino tambi\u00e9n mediante mecanismos m\u00e1s sutiles, como la estandarizaci\u00f3n del aprendizaje, las evaluaciones externas de alto impacto, la presi\u00f3n de los <em>rankings <\/em>o las expulsiones encubiertas que empujan a ciertas familias a abandonar determinadas escuelas. Desde esta perspectiva, sostenemos que la <strong>escuela no puede seguir \u201chaciendo sitio\u201d; debe ser, en s\u00ed misma, \u201cese sitio\u201d <\/strong>en el que la diversidad se configure como un elemento estructural y constitutivo.<\/p>\n\n\n\n<p>Hoy se invoca con frecuencia la personalizaci\u00f3n de la educaci\u00f3n, pero no pocas veces se la confunde con individualizaci\u00f3n. <strong>Personalizar no significa convertir a cada alumno y alumna en un proyecto aislado ni en un consumidor de aprendizajes, desvinculado de lo com\u00fan<\/strong>. Es, ante todo, un acto de justicia, una forma de reconocer la singularidad , una forma de reconocer la singularidad sin traducirla en desigualdad, de atender a cada persona sin fragmentar la experiencia educativa ni debilitar el sentido de lo colectivo. Esta personalizaci\u00f3n \u00e9tica exige romper con la l\u00f3gica dominante del rendimiento, que clasifica y expulsa. Cuando el m\u00e9rito, el esfuerzo y el rendimiento se convierten en los \u00fanicos criterios de legitimidad, el fracaso deja de atribuirse a las condiciones estructurales del sistema educativo y pasa a interpretarse desde una l\u00f3gica individualizante que lo presenta como d\u00e9ficit personal.<\/p>\n\n\n\n<p>Quien mide el valor del alumnado solo por sus resultados niega su dignidad y convierte la educaci\u00f3n en una carrera selectiva en lugar de un proceso de emancipaci\u00f3n. Una escuela verdaderamente inclusiva no puede aspirar solo a que todos aprendan lo mismo, al mismo tiempo y de la misma manera; pero tampoco puede reproducir itinerarios que, bajo la apariencia de flexibilidad, perpet\u00faan jerarqu\u00edas y separaciones. Personalizar significa acompa\u00f1ar trayectorias diversas en un espacio com\u00fan.&nbsp;<\/p>\n\n\n\n<p>Entre las desigualdades que estructuran el sistema educativo, el capacitismo destaca por su persistencia y, parad\u00f3jicamente, por su limitada visibilizaci\u00f3n en el discurso pedag\u00f3gico dominante. <\/p>\n\n\n\n<p>Desde esta l\u00f3gica, el sistema sigue produciendo y legitimando una distinci\u00f3n entre vidas \u201cnormales\u201d y vidas \u201cdeficientes\u201d, a trav\u00e9s de un capacitismo estructural que se presenta como una de las formas m\u00e1s profundas y naturalizadas de exclusi\u00f3n. <\/p>\n\n\n\n<p>No se limita a la segregaci\u00f3n escolar \u2014todav\u00eda vigente\u2014, sino que se filtra tambi\u00e9n en pr\u00e1cticas cotidianas que asignan distinto valor a las personas en funci\u00f3n de la funcionalidad de sus cuerpos o de sus modos de pensar y aprender, configurando as\u00ed jerarqu\u00edas que naturalizan la desigualdad.\u00a0<\/p>\n\n\n\n<p><strong>Combatir el capacitismo no es un a\u00f1adido, es la condici\u00f3n para garantizar la igualdad de derechos<\/strong>. Mientras existan centros, aulas o itinerarios destinados a \u201clo especial\u201d, a los diferentes, la escuela seguir\u00e1 reproduciendo desigualdad estructural.<\/p>\n\n\n\n<h2 class=\"wp-block-heading\"><strong>La posibilidad de una escuela com\u00fan<\/strong><\/h2>\n\n\n\n<p><strong>La justicia social en educaci\u00f3n no ser\u00e1 posible si seguimos entendiendo la inclusi\u00f3n como un esfuerzo adicional del sistema<\/strong>. La verdadera transformaci\u00f3n requiere reconocer \u00e9ticamente al otro, no como objeto de intervenci\u00f3n, sino como sujeto con derechos, y eliminar toda forma de capacitismo, expl\u00edcito o velado. De igual manera, requiere personalizar la educaci\u00f3n como praxis emancipadora para garantizar una democracia escolar real, donde toda voz sea escuchada. Solo as\u00ed la educaci\u00f3n podr\u00e1 convertirse en un espacio de emancipaci\u00f3n, tanto individual, colectiva y social. Mientras la inclusi\u00f3n dependa del compromiso aislado de unos pocos, seguir\u00e1 siendo un privilegio para unos y una trampa para otros, y, en consecuencia, continuaremos&nbsp; fallando en nuestra responsabilidad educativa y democr\u00e1tica.&nbsp;<\/p>\n\n\n\n<p><strong>Es tiempo de trascender el discurso e impulsar transformaciones reales para construir escuelas que no se limiten a \u201cincluir\u201d, sino que se constituyan, desde su propia base, como espacios de diversidad, igualdad y justicia social<\/strong>.<\/p>\n\n\n\n<p>No puede haber una escuela verdaderamente democr\u00e1tica mientras persistan estructuras paralelas que separan al alumnado en funci\u00f3n de la funcionalidad de sus cuerpos o de sus modos de aprender. <strong>La educaci\u00f3n solo ser\u00e1 plenamente p\u00fablica cuando se construya desde lo com\u00fan<\/strong>: de todos y todas, con todos y todas y para todos y todas, sin excepciones ni itinerarios segregadores.<\/p>\n\n\n\n<p>Una escuela que no integre la diversidad como principio constitutivo seguir\u00e1 reproduciendo desigualdades, aunque adopte el lenguaje de la inclusi\u00f3n. All\u00ed donde la diferencia se separa, se categoriza y se desplaza a circuitos secundarios, la inclusi\u00f3n deja de ser un derecho y se convierte en una ficci\u00f3n ret\u00f3rica. En cambio, una escuela que se reconozca a s\u00ed misma como diversa, en sus pr\u00e1cticas, en su cultura, en sus tiempos, en sus formas de ense\u00f1ar y de aprender, estar\u00e1 en condiciones de garantizar no solo la igualdad de oportunidades, sino la igualdad real de derechos.<\/p>\n\n\n\n<p>No se trata de a\u00f1adir a quienes quedan fuera, ni de adaptar superficialmente un modelo que permanece intacto. Se trata de transformarlo en su ra\u00edz, o sea, revisar sus l\u00f3gicas, sus estructuras y sus formas de relaci\u00f3n. Porque la <strong>inclusi\u00f3n no es un destino al que se llega, sino una manera de construir lo educativo desde el principio<\/strong>. Y ese cambio, inaplazable, nos interpela aqu\u00ed y ahora.<\/p>\n\n\n\n<p>Este cambio no es \u00fanicamente una tarea de la pol\u00edtica educativa, aunque la interpela de forma directa. Es tambi\u00e9n una responsabilidad profesional, \u00e9tica y social de quienes habitamos la escuela. Profesorado, equipos directivos, administraciones y comunidad educativa en su conjunto estamos llamados a decidir si aceptamos una escuela que clasifica y excluye, jerarquiza, o si apostamos por una escuela que se reconozca, de una vez por todas, como espacio com\u00fan de derechos. <strong>No hay neutralidad posible ante esta disyuntiva.<\/strong><\/p>\n\n\n\n<p><strong>Solo cuando la diversidad deje de ser un problema a gestionar y pase a ser la condici\u00f3n de posibilidad de lo educativo, podremos decir que la escuela ha dejado de reproducir desigualdades para convertirse, finalmente, en un espacio de justicia social.<\/strong><\/p>\n","protected":false},"excerpt":{"rendered":"<p>La educaci\u00f3n atraviesa un momento decisivo. Frente a una ret\u00f3rica inclusiva cada vez m\u00e1s presente, persisten pr\u00e1cticas y estructuras que clasifican, segregan y expulsan. Este texto defiende la necesidad de una transformaci\u00f3n profunda de la escuela para que la diversidad deje de ser un problema a gestionar y pase a convertirse en la base sobre la que construir una educaci\u00f3n verdaderamente p\u00fablica, democr\u00e1tica y justa.<\/p>\n","protected":false},"author":208,"featured_media":3480,"comment_status":"open","ping_status":"open","sticky":false,"template":"","format":"standard","meta":{"footnotes":""},"categories":[18],"tags":[52,49,20,116,24,36,17],"tipo":[],"class_list":{"0":"post-3477","1":"post","2":"type-post","3":"status-publish","4":"format-standard","5":"has-post-thumbnail","7":"category-por-otra-politica-educativa","8":"tag-cultura-docente","9":"tag-educacion-inclusiva","10":"tag-escuela-publica","11":"tag-escuelas-democraticas","12":"tag-justicia-escolar","13":"tag-justicia-social","14":"tag-politicas-educativas"},"yoast_head":"<!-- This site is optimized with the Yoast SEO plugin v27.4 - https:\/\/yoast.com\/product\/yoast-seo-wordpress\/ -->\n<title>De la ret\u00f3rica a la realidad: por una escuela que respire diversidad - Por otra pol\u00edtica educativa. Foro de Sevilla.<\/title>\n<meta name=\"description\" content=\"La ret\u00f3rica inclusiva avanza m\u00e1s r\u00e1pido que los cambios reales. Un an\u00e1lisis cr\u00edtico sobre capacitismo, segregaci\u00f3n y la necesidad de transformar las estructuras escolares para construir una escuela verdaderamente democr\u00e1tica e igualitaria.\" \/>\n<meta name=\"robots\" content=\"index, follow, max-snippet:-1, max-image-preview:large, max-video-preview:-1\" \/>\n<link rel=\"canonical\" href=\"https:\/\/eldiariodelaeducacion.com\/porotrapoliticaeducativa\/2026\/04\/27\/inclusion-educativa-diversidad-justicia-social-escuela-democratica\/\" \/>\n<meta property=\"og:locale\" content=\"es_ES\" \/>\n<meta property=\"og:type\" content=\"article\" \/>\n<meta property=\"og:title\" content=\"De la ret\u00f3rica a la realidad: por una escuela que respire diversidad - Por otra pol\u00edtica educativa. Foro de Sevilla.\" \/>\n<meta property=\"og:description\" content=\"La ret\u00f3rica inclusiva avanza m\u00e1s r\u00e1pido que los cambios reales. Un an\u00e1lisis cr\u00edtico sobre capacitismo, segregaci\u00f3n y la necesidad de transformar las estructuras escolares para construir una escuela verdaderamente democr\u00e1tica e igualitaria.\" \/>\n<meta property=\"og:url\" content=\"https:\/\/eldiariodelaeducacion.com\/porotrapoliticaeducativa\/2026\/04\/27\/inclusion-educativa-diversidad-justicia-social-escuela-democratica\/\" \/>\n<meta property=\"og:site_name\" content=\"Por otra pol\u00edtica educativa. Foro de Sevilla.\" \/>\n<meta property=\"article:published_time\" content=\"2026-04-27T04:00:00+00:00\" \/>\n<meta property=\"og:image\" content=\"https:\/\/eldiariodelaeducacion.com\/porotrapoliticaeducativa\/wp-content\/uploads\/sites\/21\/2026\/04\/imgi_2_557416703_18529187839031647_6586560122024469426_n.jpg\" \/>\n\t<meta property=\"og:image:width\" content=\"1440\" \/>\n\t<meta property=\"og:image:height\" content=\"957\" \/>\n\t<meta property=\"og:image:type\" content=\"image\/jpeg\" \/>\n<meta name=\"author\" content=\"Com. Permanente. \u201cPor otra pol\u00edtica educativa. Foro de Sevilla\u201d\" \/>\n<meta name=\"twitter:card\" content=\"summary_large_image\" \/>\n<meta name=\"twitter:label1\" content=\"Escrito por\" \/>\n\t<meta name=\"twitter:data1\" content=\"Com. Permanente. \u201cPor otra pol\u00edtica educativa. Foro de Sevilla\u201d\" \/>\n\t<meta name=\"twitter:label2\" content=\"Tiempo de lectura\" \/>\n\t<meta name=\"twitter:data2\" content=\"7 minutos\" \/>\n<script type=\"application\/ld+json\" class=\"yoast-schema-graph\">{\"@context\":\"https:\\\/\\\/schema.org\",\"@graph\":[{\"@type\":\"Article\",\"@id\":\"https:\\\/\\\/eldiariodelaeducacion.com\\\/porotrapoliticaeducativa\\\/2026\\\/04\\\/27\\\/inclusion-educativa-diversidad-justicia-social-escuela-democratica\\\/#article\",\"isPartOf\":{\"@id\":\"https:\\\/\\\/eldiariodelaeducacion.com\\\/porotrapoliticaeducativa\\\/2026\\\/04\\\/27\\\/inclusion-educativa-diversidad-justicia-social-escuela-democratica\\\/\"},\"author\":{\"name\":\"Com. Permanente. \u201cPor otra pol\u00edtica educativa. Foro de Sevilla\u201d\",\"@id\":\"https:\\\/\\\/eldiariodelaeducacion.com\\\/porotrapoliticaeducativa\\\/#\\\/schema\\\/person\\\/f764e366788e25aa691ea918682bd80d\"},\"headline\":\"De la ret\u00f3rica a la realidad: por una escuela que respire diversidad\",\"datePublished\":\"2026-04-27T04:00:00+00:00\",\"mainEntityOfPage\":{\"@id\":\"https:\\\/\\\/eldiariodelaeducacion.com\\\/porotrapoliticaeducativa\\\/2026\\\/04\\\/27\\\/inclusion-educativa-diversidad-justicia-social-escuela-democratica\\\/\"},\"wordCount\":1466,\"commentCount\":0,\"image\":{\"@id\":\"https:\\\/\\\/eldiariodelaeducacion.com\\\/porotrapoliticaeducativa\\\/2026\\\/04\\\/27\\\/inclusion-educativa-diversidad-justicia-social-escuela-democratica\\\/#primaryimage\"},\"thumbnailUrl\":\"https:\\\/\\\/eldiariodelaeducacion.com\\\/porotrapoliticaeducativa\\\/wp-content\\\/uploads\\\/sites\\\/21\\\/2026\\\/04\\\/imgi_2_557416703_18529187839031647_6586560122024469426_n.jpg\",\"keywords\":[\"Cultura Docente\",\"Educaci\u00f3n inclusiva\",\"escuela p\u00fablica\",\"Escuelas democr\u00e1ticas\",\"Justicia escolar\",\"Justicia social\",\"Pol\u00edticas educativas\"],\"articleSection\":[\"Por otra pol\u00edtica educativa. Foro de Sevilla\"],\"inLanguage\":\"es\",\"potentialAction\":[{\"@type\":\"CommentAction\",\"name\":\"Comment\",\"target\":[\"https:\\\/\\\/eldiariodelaeducacion.com\\\/porotrapoliticaeducativa\\\/2026\\\/04\\\/27\\\/inclusion-educativa-diversidad-justicia-social-escuela-democratica\\\/#respond\"]}]},{\"@type\":\"WebPage\",\"@id\":\"https:\\\/\\\/eldiariodelaeducacion.com\\\/porotrapoliticaeducativa\\\/2026\\\/04\\\/27\\\/inclusion-educativa-diversidad-justicia-social-escuela-democratica\\\/\",\"url\":\"https:\\\/\\\/eldiariodelaeducacion.com\\\/porotrapoliticaeducativa\\\/2026\\\/04\\\/27\\\/inclusion-educativa-diversidad-justicia-social-escuela-democratica\\\/\",\"name\":\"De la ret\u00f3rica a la realidad: por una escuela que respire diversidad - Por otra pol\u00edtica educativa. Foro de Sevilla.\",\"isPartOf\":{\"@id\":\"https:\\\/\\\/eldiariodelaeducacion.com\\\/porotrapoliticaeducativa\\\/#website\"},\"primaryImageOfPage\":{\"@id\":\"https:\\\/\\\/eldiariodelaeducacion.com\\\/porotrapoliticaeducativa\\\/2026\\\/04\\\/27\\\/inclusion-educativa-diversidad-justicia-social-escuela-democratica\\\/#primaryimage\"},\"image\":{\"@id\":\"https:\\\/\\\/eldiariodelaeducacion.com\\\/porotrapoliticaeducativa\\\/2026\\\/04\\\/27\\\/inclusion-educativa-diversidad-justicia-social-escuela-democratica\\\/#primaryimage\"},\"thumbnailUrl\":\"https:\\\/\\\/eldiariodelaeducacion.com\\\/porotrapoliticaeducativa\\\/wp-content\\\/uploads\\\/sites\\\/21\\\/2026\\\/04\\\/imgi_2_557416703_18529187839031647_6586560122024469426_n.jpg\",\"datePublished\":\"2026-04-27T04:00:00+00:00\",\"author\":{\"@id\":\"https:\\\/\\\/eldiariodelaeducacion.com\\\/porotrapoliticaeducativa\\\/#\\\/schema\\\/person\\\/f764e366788e25aa691ea918682bd80d\"},\"description\":\"La ret\u00f3rica inclusiva avanza m\u00e1s r\u00e1pido que los cambios reales. Un an\u00e1lisis cr\u00edtico sobre capacitismo, segregaci\u00f3n y la necesidad de transformar las estructuras escolares para construir una escuela verdaderamente democr\u00e1tica e igualitaria.\",\"breadcrumb\":{\"@id\":\"https:\\\/\\\/eldiariodelaeducacion.com\\\/porotrapoliticaeducativa\\\/2026\\\/04\\\/27\\\/inclusion-educativa-diversidad-justicia-social-escuela-democratica\\\/#breadcrumb\"},\"inLanguage\":\"es\",\"potentialAction\":[{\"@type\":\"ReadAction\",\"target\":[\"https:\\\/\\\/eldiariodelaeducacion.com\\\/porotrapoliticaeducativa\\\/2026\\\/04\\\/27\\\/inclusion-educativa-diversidad-justicia-social-escuela-democratica\\\/\"]}]},{\"@type\":\"ImageObject\",\"inLanguage\":\"es\",\"@id\":\"https:\\\/\\\/eldiariodelaeducacion.com\\\/porotrapoliticaeducativa\\\/2026\\\/04\\\/27\\\/inclusion-educativa-diversidad-justicia-social-escuela-democratica\\\/#primaryimage\",\"url\":\"https:\\\/\\\/eldiariodelaeducacion.com\\\/porotrapoliticaeducativa\\\/wp-content\\\/uploads\\\/sites\\\/21\\\/2026\\\/04\\\/imgi_2_557416703_18529187839031647_6586560122024469426_n.jpg\",\"contentUrl\":\"https:\\\/\\\/eldiariodelaeducacion.com\\\/porotrapoliticaeducativa\\\/wp-content\\\/uploads\\\/sites\\\/21\\\/2026\\\/04\\\/imgi_2_557416703_18529187839031647_6586560122024469426_n.jpg\",\"width\":1440,\"height\":957,\"caption\":\"Ilustraci\u00f3n cedida por YOS303\"},{\"@type\":\"BreadcrumbList\",\"@id\":\"https:\\\/\\\/eldiariodelaeducacion.com\\\/porotrapoliticaeducativa\\\/2026\\\/04\\\/27\\\/inclusion-educativa-diversidad-justicia-social-escuela-democratica\\\/#breadcrumb\",\"itemListElement\":[{\"@type\":\"ListItem\",\"position\":1,\"name\":\"Portada\",\"item\":\"https:\\\/\\\/eldiariodelaeducacion.com\\\/porotrapoliticaeducativa\\\/\"},{\"@type\":\"ListItem\",\"position\":2,\"name\":\"De la ret\u00f3rica a la realidad: por una escuela que respire diversidad\"}]},{\"@type\":\"WebSite\",\"@id\":\"https:\\\/\\\/eldiariodelaeducacion.com\\\/porotrapoliticaeducativa\\\/#website\",\"url\":\"https:\\\/\\\/eldiariodelaeducacion.com\\\/porotrapoliticaeducativa\\\/\",\"name\":\"Por otra pol\u00edtica educativa. Foro de Sevilla.\",\"description\":\"Un blog de El Diario de la Educaci\u00f3n\",\"potentialAction\":[{\"@type\":\"SearchAction\",\"target\":{\"@type\":\"EntryPoint\",\"urlTemplate\":\"https:\\\/\\\/eldiariodelaeducacion.com\\\/porotrapoliticaeducativa\\\/?s={search_term_string}\"},\"query-input\":{\"@type\":\"PropertyValueSpecification\",\"valueRequired\":true,\"valueName\":\"search_term_string\"}}],\"inLanguage\":\"es\"},{\"@type\":\"Person\",\"@id\":\"https:\\\/\\\/eldiariodelaeducacion.com\\\/porotrapoliticaeducativa\\\/#\\\/schema\\\/person\\\/f764e366788e25aa691ea918682bd80d\",\"name\":\"Com. Permanente. \u201cPor otra pol\u00edtica educativa. Foro de Sevilla\u201d\",\"image\":{\"@type\":\"ImageObject\",\"inLanguage\":\"es\",\"@id\":\"https:\\\/\\\/eldiariodelaeducacion.com\\\/porotrapoliticaeducativa\\\/wp-content\\\/uploads\\\/sites\\\/21\\\/2024\\\/11\\\/com.-permanente.-por-otra-politica-educativa.-foro-de-sevilla_avatar-96x96.jpeg\",\"url\":\"https:\\\/\\\/eldiariodelaeducacion.com\\\/porotrapoliticaeducativa\\\/wp-content\\\/uploads\\\/sites\\\/21\\\/2024\\\/11\\\/com.-permanente.-por-otra-politica-educativa.-foro-de-sevilla_avatar-96x96.jpeg\",\"contentUrl\":\"https:\\\/\\\/eldiariodelaeducacion.com\\\/porotrapoliticaeducativa\\\/wp-content\\\/uploads\\\/sites\\\/21\\\/2024\\\/11\\\/com.-permanente.-por-otra-politica-educativa.-foro-de-sevilla_avatar-96x96.jpeg\",\"caption\":\"Com. Permanente. \u201cPor otra pol\u00edtica educativa. Foro de Sevilla\u201d\"},\"description\":\"Colectivo de profesionales, ligados a la docencia, la reflexi\u00f3n y la investigaci\u00f3n en el campo de las ciencias de la educaci\u00f3n, preocupados por el deterioro de nuestro sistema escolar y el desarrollo de pol\u00edticas err\u00e1ticas y privatizadoras del derecho a la educaci\u00f3n.\",\"url\":\"https:\\\/\\\/eldiariodelaeducacion.com\\\/porotrapoliticaeducativa\\\/author\\\/comisionpermanente\\\/\"}]}<\/script>\n<!-- \/ Yoast SEO plugin. -->","yoast_head_json":{"title":"De la ret\u00f3rica a la realidad: por una escuela que respire diversidad - Por otra pol\u00edtica educativa. Foro de Sevilla.","description":"La ret\u00f3rica inclusiva avanza m\u00e1s r\u00e1pido que los cambios reales. Un an\u00e1lisis cr\u00edtico sobre capacitismo, segregaci\u00f3n y la necesidad de transformar las estructuras escolares para construir una escuela verdaderamente democr\u00e1tica e igualitaria.","robots":{"index":"index","follow":"follow","max-snippet":"max-snippet:-1","max-image-preview":"max-image-preview:large","max-video-preview":"max-video-preview:-1"},"canonical":"https:\/\/eldiariodelaeducacion.com\/porotrapoliticaeducativa\/2026\/04\/27\/inclusion-educativa-diversidad-justicia-social-escuela-democratica\/","og_locale":"es_ES","og_type":"article","og_title":"De la ret\u00f3rica a la realidad: por una escuela que respire diversidad - Por otra pol\u00edtica educativa. Foro de Sevilla.","og_description":"La ret\u00f3rica inclusiva avanza m\u00e1s r\u00e1pido que los cambios reales. Un an\u00e1lisis cr\u00edtico sobre capacitismo, segregaci\u00f3n y la necesidad de transformar las estructuras escolares para construir una escuela verdaderamente democr\u00e1tica e igualitaria.","og_url":"https:\/\/eldiariodelaeducacion.com\/porotrapoliticaeducativa\/2026\/04\/27\/inclusion-educativa-diversidad-justicia-social-escuela-democratica\/","og_site_name":"Por otra pol\u00edtica educativa. Foro de Sevilla.","article_published_time":"2026-04-27T04:00:00+00:00","og_image":[{"width":1440,"height":957,"url":"https:\/\/eldiariodelaeducacion.com\/porotrapoliticaeducativa\/wp-content\/uploads\/sites\/21\/2026\/04\/imgi_2_557416703_18529187839031647_6586560122024469426_n.jpg","type":"image\/jpeg"}],"author":"Com. Permanente. \u201cPor otra pol\u00edtica educativa. Foro de Sevilla\u201d","twitter_card":"summary_large_image","twitter_misc":{"Escrito por":"Com. Permanente. \u201cPor otra pol\u00edtica educativa. Foro de Sevilla\u201d","Tiempo de lectura":"7 minutos"},"schema":{"@context":"https:\/\/schema.org","@graph":[{"@type":"Article","@id":"https:\/\/eldiariodelaeducacion.com\/porotrapoliticaeducativa\/2026\/04\/27\/inclusion-educativa-diversidad-justicia-social-escuela-democratica\/#article","isPartOf":{"@id":"https:\/\/eldiariodelaeducacion.com\/porotrapoliticaeducativa\/2026\/04\/27\/inclusion-educativa-diversidad-justicia-social-escuela-democratica\/"},"author":{"name":"Com. Permanente. \u201cPor otra pol\u00edtica educativa. Foro de Sevilla\u201d","@id":"https:\/\/eldiariodelaeducacion.com\/porotrapoliticaeducativa\/#\/schema\/person\/f764e366788e25aa691ea918682bd80d"},"headline":"De la ret\u00f3rica a la realidad: por una escuela que respire diversidad","datePublished":"2026-04-27T04:00:00+00:00","mainEntityOfPage":{"@id":"https:\/\/eldiariodelaeducacion.com\/porotrapoliticaeducativa\/2026\/04\/27\/inclusion-educativa-diversidad-justicia-social-escuela-democratica\/"},"wordCount":1466,"commentCount":0,"image":{"@id":"https:\/\/eldiariodelaeducacion.com\/porotrapoliticaeducativa\/2026\/04\/27\/inclusion-educativa-diversidad-justicia-social-escuela-democratica\/#primaryimage"},"thumbnailUrl":"https:\/\/eldiariodelaeducacion.com\/porotrapoliticaeducativa\/wp-content\/uploads\/sites\/21\/2026\/04\/imgi_2_557416703_18529187839031647_6586560122024469426_n.jpg","keywords":["Cultura Docente","Educaci\u00f3n inclusiva","escuela p\u00fablica","Escuelas democr\u00e1ticas","Justicia escolar","Justicia social","Pol\u00edticas educativas"],"articleSection":["Por otra pol\u00edtica educativa. Foro de Sevilla"],"inLanguage":"es","potentialAction":[{"@type":"CommentAction","name":"Comment","target":["https:\/\/eldiariodelaeducacion.com\/porotrapoliticaeducativa\/2026\/04\/27\/inclusion-educativa-diversidad-justicia-social-escuela-democratica\/#respond"]}]},{"@type":"WebPage","@id":"https:\/\/eldiariodelaeducacion.com\/porotrapoliticaeducativa\/2026\/04\/27\/inclusion-educativa-diversidad-justicia-social-escuela-democratica\/","url":"https:\/\/eldiariodelaeducacion.com\/porotrapoliticaeducativa\/2026\/04\/27\/inclusion-educativa-diversidad-justicia-social-escuela-democratica\/","name":"De la ret\u00f3rica a la realidad: por una escuela que respire diversidad - Por otra pol\u00edtica educativa. Foro de Sevilla.","isPartOf":{"@id":"https:\/\/eldiariodelaeducacion.com\/porotrapoliticaeducativa\/#website"},"primaryImageOfPage":{"@id":"https:\/\/eldiariodelaeducacion.com\/porotrapoliticaeducativa\/2026\/04\/27\/inclusion-educativa-diversidad-justicia-social-escuela-democratica\/#primaryimage"},"image":{"@id":"https:\/\/eldiariodelaeducacion.com\/porotrapoliticaeducativa\/2026\/04\/27\/inclusion-educativa-diversidad-justicia-social-escuela-democratica\/#primaryimage"},"thumbnailUrl":"https:\/\/eldiariodelaeducacion.com\/porotrapoliticaeducativa\/wp-content\/uploads\/sites\/21\/2026\/04\/imgi_2_557416703_18529187839031647_6586560122024469426_n.jpg","datePublished":"2026-04-27T04:00:00+00:00","author":{"@id":"https:\/\/eldiariodelaeducacion.com\/porotrapoliticaeducativa\/#\/schema\/person\/f764e366788e25aa691ea918682bd80d"},"description":"La ret\u00f3rica inclusiva avanza m\u00e1s r\u00e1pido que los cambios reales. Un an\u00e1lisis cr\u00edtico sobre capacitismo, segregaci\u00f3n y la necesidad de transformar las estructuras escolares para construir una escuela verdaderamente democr\u00e1tica e igualitaria.","breadcrumb":{"@id":"https:\/\/eldiariodelaeducacion.com\/porotrapoliticaeducativa\/2026\/04\/27\/inclusion-educativa-diversidad-justicia-social-escuela-democratica\/#breadcrumb"},"inLanguage":"es","potentialAction":[{"@type":"ReadAction","target":["https:\/\/eldiariodelaeducacion.com\/porotrapoliticaeducativa\/2026\/04\/27\/inclusion-educativa-diversidad-justicia-social-escuela-democratica\/"]}]},{"@type":"ImageObject","inLanguage":"es","@id":"https:\/\/eldiariodelaeducacion.com\/porotrapoliticaeducativa\/2026\/04\/27\/inclusion-educativa-diversidad-justicia-social-escuela-democratica\/#primaryimage","url":"https:\/\/eldiariodelaeducacion.com\/porotrapoliticaeducativa\/wp-content\/uploads\/sites\/21\/2026\/04\/imgi_2_557416703_18529187839031647_6586560122024469426_n.jpg","contentUrl":"https:\/\/eldiariodelaeducacion.com\/porotrapoliticaeducativa\/wp-content\/uploads\/sites\/21\/2026\/04\/imgi_2_557416703_18529187839031647_6586560122024469426_n.jpg","width":1440,"height":957,"caption":"Ilustraci\u00f3n cedida por YOS303"},{"@type":"BreadcrumbList","@id":"https:\/\/eldiariodelaeducacion.com\/porotrapoliticaeducativa\/2026\/04\/27\/inclusion-educativa-diversidad-justicia-social-escuela-democratica\/#breadcrumb","itemListElement":[{"@type":"ListItem","position":1,"name":"Portada","item":"https:\/\/eldiariodelaeducacion.com\/porotrapoliticaeducativa\/"},{"@type":"ListItem","position":2,"name":"De la ret\u00f3rica a la realidad: por una escuela que respire diversidad"}]},{"@type":"WebSite","@id":"https:\/\/eldiariodelaeducacion.com\/porotrapoliticaeducativa\/#website","url":"https:\/\/eldiariodelaeducacion.com\/porotrapoliticaeducativa\/","name":"Por otra pol\u00edtica educativa. Foro de Sevilla.","description":"Un blog de El Diario de la Educaci\u00f3n","potentialAction":[{"@type":"SearchAction","target":{"@type":"EntryPoint","urlTemplate":"https:\/\/eldiariodelaeducacion.com\/porotrapoliticaeducativa\/?s={search_term_string}"},"query-input":{"@type":"PropertyValueSpecification","valueRequired":true,"valueName":"search_term_string"}}],"inLanguage":"es"},{"@type":"Person","@id":"https:\/\/eldiariodelaeducacion.com\/porotrapoliticaeducativa\/#\/schema\/person\/f764e366788e25aa691ea918682bd80d","name":"Com. Permanente. \u201cPor otra pol\u00edtica educativa. Foro de Sevilla\u201d","image":{"@type":"ImageObject","inLanguage":"es","@id":"https:\/\/eldiariodelaeducacion.com\/porotrapoliticaeducativa\/wp-content\/uploads\/sites\/21\/2024\/11\/com.-permanente.-por-otra-politica-educativa.-foro-de-sevilla_avatar-96x96.jpeg","url":"https:\/\/eldiariodelaeducacion.com\/porotrapoliticaeducativa\/wp-content\/uploads\/sites\/21\/2024\/11\/com.-permanente.-por-otra-politica-educativa.-foro-de-sevilla_avatar-96x96.jpeg","contentUrl":"https:\/\/eldiariodelaeducacion.com\/porotrapoliticaeducativa\/wp-content\/uploads\/sites\/21\/2024\/11\/com.-permanente.-por-otra-politica-educativa.-foro-de-sevilla_avatar-96x96.jpeg","caption":"Com. Permanente. \u201cPor otra pol\u00edtica educativa. Foro de Sevilla\u201d"},"description":"Colectivo de profesionales, ligados a la docencia, la reflexi\u00f3n y la investigaci\u00f3n en el campo de las ciencias de la educaci\u00f3n, preocupados por el deterioro de nuestro sistema escolar y el desarrollo de pol\u00edticas err\u00e1ticas y privatizadoras del derecho a la educaci\u00f3n.","url":"https:\/\/eldiariodelaeducacion.com\/porotrapoliticaeducativa\/author\/comisionpermanente\/"}]}},"_links":{"self":[{"href":"https:\/\/eldiariodelaeducacion.com\/porotrapoliticaeducativa\/wp-json\/wp\/v2\/posts\/3477","targetHints":{"allow":["GET"]}}],"collection":[{"href":"https:\/\/eldiariodelaeducacion.com\/porotrapoliticaeducativa\/wp-json\/wp\/v2\/posts"}],"about":[{"href":"https:\/\/eldiariodelaeducacion.com\/porotrapoliticaeducativa\/wp-json\/wp\/v2\/types\/post"}],"author":[{"embeddable":true,"href":"https:\/\/eldiariodelaeducacion.com\/porotrapoliticaeducativa\/wp-json\/wp\/v2\/users\/208"}],"replies":[{"embeddable":true,"href":"https:\/\/eldiariodelaeducacion.com\/porotrapoliticaeducativa\/wp-json\/wp\/v2\/comments?post=3477"}],"version-history":[{"count":5,"href":"https:\/\/eldiariodelaeducacion.com\/porotrapoliticaeducativa\/wp-json\/wp\/v2\/posts\/3477\/revisions"}],"predecessor-version":[{"id":3484,"href":"https:\/\/eldiariodelaeducacion.com\/porotrapoliticaeducativa\/wp-json\/wp\/v2\/posts\/3477\/revisions\/3484"}],"wp:featuredmedia":[{"embeddable":true,"href":"https:\/\/eldiariodelaeducacion.com\/porotrapoliticaeducativa\/wp-json\/wp\/v2\/media\/3480"}],"wp:attachment":[{"href":"https:\/\/eldiariodelaeducacion.com\/porotrapoliticaeducativa\/wp-json\/wp\/v2\/media?parent=3477"}],"wp:term":[{"taxonomy":"category","embeddable":true,"href":"https:\/\/eldiariodelaeducacion.com\/porotrapoliticaeducativa\/wp-json\/wp\/v2\/categories?post=3477"},{"taxonomy":"post_tag","embeddable":true,"href":"https:\/\/eldiariodelaeducacion.com\/porotrapoliticaeducativa\/wp-json\/wp\/v2\/tags?post=3477"},{"taxonomy":"tipo","embeddable":true,"href":"https:\/\/eldiariodelaeducacion.com\/porotrapoliticaeducativa\/wp-json\/wp\/v2\/tipo?post=3477"}],"curies":[{"name":"wp","href":"https:\/\/api.w.org\/{rel}","templated":true}]}}