{"id":688,"date":"2020-09-28T07:30:53","date_gmt":"2020-09-28T05:30:53","guid":{"rendered":"https:\/\/eldiariodelaeducacion.com\/porotrapoliticaeducativa\/?p=688"},"modified":"2024-08-21T16:50:54","modified_gmt":"2024-08-21T14:50:54","slug":"el-curriculum-despiadado-nuevo-curriculo-en-una-nueva-escuela-foro-de-sevilla-por-otra-politica-educativa","status":"publish","type":"post","link":"https:\/\/eldiariodelaeducacion.com\/porotrapoliticaeducativa\/2020\/09\/28\/el-curriculum-despiadado-nuevo-curriculo-en-una-nueva-escuela-foro-de-sevilla-por-otra-politica-educativa\/","title":{"rendered":"El curr\u00edculum despiadado. Nuevo Curr\u00edculo en una Nueva Escuela"},"content":{"rendered":"<p>El profesor Luis G\u00f3mez Llorente, dec\u00eda que: \u201cEn el aprendizaje a lo largo de la vida la elecci\u00f3n de los contenidos es lib\u00e9rrima, sin que ninguna entidad social pueda encauzarla o dirigirla, aunque las Administraciones, porque los sufragan, deber\u00edan tener ciertos criterios de prioridad para orientar el tipo de cultura que desean propiciar\u201d. Valgan estas palabras para se\u00f1alar el profundo malestar que la evoluci\u00f3n del curr\u00edculo ha producido en parte de los docentes, y sus consecuencias para el alumnado.<\/p>\n<p>El curr\u00edculo de la educaci\u00f3n no universitaria es un imposible ontol\u00f3gico y epistemol\u00f3gico en t\u00e9rminos de impartici\u00f3n en las condiciones se\u00f1aladas en el mismo. Es un curr\u00edculo que no tiene piedad con la escuela misma y sus usuarios. La consecuencia, un secreto a voces, el curr\u00edculo se imparte parcialmente. Lo dec\u00edamos en los 80 del siglo pasado, y lo mantenemos 40 a\u00f1os m\u00e1s tarde. Un indicador de lo que se imparte lo encontramos en el dise\u00f1o de las pruebas de ingreso en la universidad, donde en todas las materias se introducen procedimientos que seleccionan el curr\u00edculo sometido a examen.<\/p>\n<p>Todas las reformas educativas de los \u00faltimos 40 a\u00f1os, sin excepci\u00f3n, incluyendo el actual proyecto denominado LOMLOE, participan del mismo principio que es, en realidad, un sofisma, un presunto curr\u00edculo descentralizado y participado, en cuanto las administraciones, estatal y auton\u00f3micas lo dise\u00f1an, donde la primera fija lo b\u00e1sico y las segundas lo complementan, ya sea fijando materias y agrupamientos de estas, los denominados itinerarios u opciones, ya fijando porcentajes del espacio curricular de las disciplinas, lo que suele denominarse primer y segundo nivel de concreci\u00f3n curricular respectivamente. La tan cacareada autonom\u00eda docente en su vertiente curricular, tambi\u00e9n denominada tercer nivel de concreci\u00f3n, se concreta en el proyecto educativo de centro, y las programaciones de aula o de departamento quedan reducidas en muchos casos a los proyectos editoriales. A\u00f1adamos el fen\u00f3meno reciente de las campa\u00f1as de acoso de la extrema derecha en materia de selecci\u00f3n de los contenidos ligados a los derechos civiles, el medio ambiente y la cultura tradicional y el panorama resultante es desolador.<\/p>\n<p>No se pretende obviar, y menos a\u00fan negar, algunas de las conquistas en materia de educaci\u00f3n, especialmente la universalizaci\u00f3n del sistema, la reformulaci\u00f3n de la educaci\u00f3n de infantil y primaria, y la formaci\u00f3n profesional de grado superior. Otras aportaciones cayeron por el camino como fue el caso de los programas de diversificaci\u00f3n curricular, sustituidos en mala hora por la Formaci\u00f3n Profesional B\u00e1sica, que por lo que parece ha llegado para quedarse.<\/p>\n<p>Sin embargo, en materia de contenidos escolares, salvo el primer intento de reforma educativa en los tiempos de Pepe Segovia, en la Legislatura del 82 al 86, la escuela espa\u00f1ola se ha deslizado por la pendiente de la inflaci\u00f3n del curr\u00edculo prescrito. Las reformas formalizadas en normativas de imposible cumplimiento material simulan y aparentan en nombre de la modernizaci\u00f3n social, la equidad, la igualdad, la diversidad y la innovaci\u00f3n educativa, una educaci\u00f3n para el siglo XXI. Obviando que todo curr\u00edculo es meta, principio regulador, propuesta de caminos m\u00faltiples, en suma, hip\u00f3tesis que falsar.<\/p>\n<p>La propia estructura normativa nos da pie para justificar nuestra posici\u00f3n de partida y por ende nuestra conclusi\u00f3n. Pues no existe unidad normativa, sino enfoques parciales, cuando no contradictorios, de contenidos, la evaluaci\u00f3n. Adem\u00e1s, casi desaparecidas la diversificaci\u00f3n y las medidas de inclusi\u00f3n. Pero lo que resulta m\u00e1s esclarecedor es que los criterios de evaluaci\u00f3n han evolucionado en la l\u00ednea de separarse del curr\u00edculo y adquirir vida propia, siendo su mejor paradigma los actuales est\u00e1ndares de evaluaci\u00f3n, constituy\u00e9ndose, de facto en el verdadero curr\u00edculo. El resultado de todo ello, el verdadero cierre del curr\u00edculo, lo encontramos en los manuales de las editoriales, donde en una misma editorial caben proyectos distintos que en la pr\u00e1ctica siguen un mismo guion de dise\u00f1o y desarrollo de materiales curriculares, escenificando una suerte de \u2018postureo\u2019 en la contribuci\u00f3n al objetivo de una escuela diversa e inclusiva.<\/p>\n<p>En este escenario, el profesorado, al menos una gran parte, se ha convertido en un colectivo especializado en eludir prescripciones, administrativas y program\u00e1ticas, con la ambig\u00fcedad del lenguaje como la principal herramienta de relaci\u00f3n con las administraciones. El proyecto educativo de los centros y las programaciones que los conforman y que se remiten a las administraciones educativas son solo una foto borrosa del curr\u00edculo inicialmente prescrito. Es decir, una especie de curr\u00edculo deconstruido.<\/p>\n<p>Las reformas educativas son un juego de suma cero y en cada una de ellas se han a\u00f1adido contenidos y cambiado su estatus de com\u00fan a opcional y de este a optativo, lo que implica restar tiempo de impartici\u00f3n a los ya existentes. Por otra parte, en nombre de la modernidad, y tratando de transformar la escuela en la \u201cfarmacia de guardia\u201d para todos los males culturales y sociales, aparecen las \u201ceducaciones para\u201d, obviando de manera expresa la capacidad de los saberes b\u00e1sicos para integrar los desaf\u00edos culturales si la comunidad educativa de referencia as\u00ed lo estima pertinente, o \u201csugiriendo\u201d el cambio las administraciones, por la v\u00eda de la innovaci\u00f3n educativa primero, y el reconocimiento normativo despu\u00e9s.<\/p>\n<p>En resumen, las reformas educativas, especialmente en su tramitaci\u00f3n, dejan de ser espacios para la reforma conforme a los intereses generales, para transformarse en espacios de disputa pol\u00edtica y gremial, donde los distintos colectivos de docentes, a tenor de la legitimidad que les asiste, intentar\u00e1n mantener o conseguir una mayor cuota de tiempo de impartici\u00f3n de lo suyo, en nombre de los fines de la educaci\u00f3n y del aprendizaje del alumnado.<\/p>\n<p>La tasa acumulada de idoneidad para todo el sistema educativo no universitario es del 50%. De cada 100 alumnos que comenzaron su escolarizaci\u00f3n hace 12 a\u00f1os, 50 han repetido curso en alg\u00fan momento de su vida escolar. Resumiendo, uno de cada dos alumnos repite en alguno de los 12 a\u00f1os de su escolarizaci\u00f3n. No creemos que sea aventurado afirmar que los estudiantes ni fracasan ni abandonan la escuela por las dificultades del proceso de aprendizaje, sino por falta de inter\u00e9s, por lo que esta les ofrece.<\/p>\n<p>De todo lo dicho se sigue una\u00a0ordenaci\u00f3n inflexible del sistema, un curr\u00edculo de talla \u00fanica,\u00a0donde ni familias ni alumnado pueden dise\u00f1ar sus itinerarios educativos, que es posiblemente la \u00fanica opci\u00f3n que le queda a la escuela para responder a las demandas culturales de una sociedad compleja, sometida a grandes tensiones en todos los \u00e1mbitos que la articulan.<\/p>\n<p>Por lo dicho, es obvio que no esperamos grandes cambios que permitan pensar en un curr\u00edculo distinto. Nadie lo espera. Las revoluciones se comen a sus hijos, por ello las reformas son un ejercicio de gatopardismo, donde es necesario que todo cambie, para que todo siga como est\u00e1.<\/p>\n<p>Sin embargo, porque creemos que todo no puede seguir como est\u00e1, que necesitamos una nueva escuela, que no puede ignorar a la actual, nos atrevemos a proponer algunas cuestiones que considerar en el periodo de enmienda de la LOMLOE.\u00a0\u00a0La primera: introducir unidades de medida y organizaci\u00f3n del curr\u00edculo distintas a las usuales, hablamos de relacionar a los cr\u00e9ditos con los contenidos. La segunda: fijar el mapa del contenido escolar b\u00e1sico del siglo XXI, desde una perspectiva comparada, sin perder de vista la historia reciente de la pr\u00e1ctica educativa, modulada por las distintas reformas educativas y sus consecuencias. Este mapa podr\u00e1 organizarse de m\u00faltiples maneras, ya en \u00e1mbitos, ya en \u00e1reas, en disciplinas, en problemas, en casos, proyectos\u2026 Tercero, y esto es lo importante, ser\u00e1n los centros quienes concreten sus proyectos educativos, conforme a pautas ya dadas o a su proyecto propio. Este \u00faltimo paso puede y debe articularse desde ahora como respuesta a las necesidades planteadas por la COVID-19.<\/p>\n<h6 style=\"text-align: right\">Javier Esteban Marrero y Jos\u00e9 Antonio D\u00edaz son miembros del <a href=\"https:\/\/porotrapoliticaeducativa.org\/\" target=\"_blank\" rel=\"noopener noreferrer\"><em>Foro de Sevilla<\/em><\/a><br \/>\nImagen: <a href=\"https:\/\/www.domestika.org\/es\/projects\/455569-dossier-obra-plastica-de-1990-a-2010\" target=\"_blank\" rel=\"noopener noreferrer\"><em>El lenguaje de los p\u00e1jaros<\/em><\/a> de <a href=\"https:\/\/twitter.com\/ManuElpielRoja\" target=\"_blank\" rel=\"noopener noreferrer\">Manuel P\u00e9rez B\u00e1\u00f1ez<\/a><\/h6>\n","protected":false},"excerpt":{"rendered":"<p>El profesor Luis G\u00f3mez Llorente, dec\u00eda que: \u201cEn el aprendizaje a lo largo de la vida la elecci\u00f3n de los contenidos es lib\u00e9rrima, sin que ninguna entidad social pueda encauzarla o dirigirla, aunque las Administraciones, porque los sufragan, deber\u00edan tener ciertos criterios de prioridad para orientar el tipo de cultura que desean propiciar\u201d. Valgan estas<\/p>\n","protected":false},"author":206,"featured_media":702,"comment_status":"open","ping_status":"closed","sticky":false,"template":"","format":"standard","meta":{"footnotes":""},"categories":[16,18],"tags":[25,24,17,26],"tipo":[96],"class_list":{"0":"post-688","1":"post","2":"type-post","3":"status-publish","4":"format-standard","5":"has-post-thumbnail","7":"category-foro-de-sevilla","8":"category-por-otra-politica-educativa","9":"tag-curriculo-escolar","10":"tag-justicia-escolar","11":"tag-politicas-educativas","12":"tag-reformas-educativas","13":"tipo-analisis"},"yoast_head":"<!-- This site is optimized with the Yoast SEO plugin v27.4 - https:\/\/yoast.com\/product\/yoast-seo-wordpress\/ -->\n<title>El curr\u00edculum despiadado. Nuevo Curr\u00edculo en una Nueva Escuela - Por otra pol\u00edtica educativa. Foro de Sevilla.<\/title>\n<meta name=\"description\" content=\"El verdadero cierre del curr\u00edculo, lo encontramos en los manuales de las editoriales, donde en una misma editorial caben proyectos distintos que en la pr\u00e1ctica siguen un mismo guion de dise\u00f1o y desarrollo de materiales curriculares, escenificando una suerte de \u2018postureo\u2019 en la contribuci\u00f3n al objetivo de una escuela diversa e inclusiva\" \/>\n<meta name=\"robots\" content=\"index, follow, max-snippet:-1, max-image-preview:large, max-video-preview:-1\" \/>\n<link rel=\"canonical\" href=\"https:\/\/eldiariodelaeducacion.com\/porotrapoliticaeducativa\/2020\/09\/28\/el-curriculum-despiadado-nuevo-curriculo-en-una-nueva-escuela-foro-de-sevilla-por-otra-politica-educativa\/\" \/>\n<meta property=\"og:locale\" content=\"es_ES\" \/>\n<meta property=\"og:type\" content=\"article\" \/>\n<meta property=\"og:title\" content=\"El curr\u00edculum despiadado. Nuevo Curr\u00edculo en una Nueva Escuela - Foro de Sevilla. Por otra pol\u00edtica educativa -\" \/>\n<meta property=\"og:description\" content=\"El verdadero cierre del curr\u00edculo, lo encontramos en los manuales de las editoriales, donde en una misma editorial caben proyectos distintos que en la pr\u00e1ctica siguen un mismo guion de dise\u00f1o y desarrollo de materiales curriculares, escenificando una suerte de \u2018postureo\u2019 en la contribuci\u00f3n al objetivo de una escuela diversa e inclusiva\" \/>\n<meta property=\"og:url\" content=\"https:\/\/eldiariodelaeducacion.com\/porotrapoliticaeducativa\/2020\/09\/28\/el-curriculum-despiadado-nuevo-curriculo-en-una-nueva-escuela-foro-de-sevilla-por-otra-politica-educativa\/\" \/>\n<meta property=\"og:site_name\" content=\"Por otra pol\u00edtica educativa. Foro de Sevilla.\" \/>\n<meta property=\"article:published_time\" content=\"2020-09-28T05:30:53+00:00\" \/>\n<meta property=\"article:modified_time\" content=\"2024-08-21T14:50:54+00:00\" \/>\n<meta property=\"og:image\" content=\"https:\/\/eldiariodelaeducacion.com\/porotrapoliticaeducativa\/wp-content\/uploads\/sites\/21\/2020\/09\/Obra_2-original1.jpg\" \/>\n\t<meta property=\"og:image:width\" content=\"820\" \/>\n\t<meta property=\"og:image:height\" content=\"637\" \/>\n\t<meta property=\"og:image:type\" content=\"image\/jpeg\" \/>\n<meta name=\"author\" content=\"Javier E. Marrero-Acosta\" \/>\n<meta name=\"twitter:card\" content=\"summary_large_image\" \/>\n<meta name=\"twitter:title\" content=\"El curr\u00edculum despiadado. Nuevo Curr\u00edculo en una Nueva Escuela - Foro de Sevilla. Por otra pol\u00edtica educativa -\" \/>\n<meta name=\"twitter:description\" content=\"El verdadero cierre del curr\u00edculo, lo encontramos en los manuales de las editoriales, donde en una misma editorial caben proyectos distintos que en la pr\u00e1ctica siguen un mismo guion de dise\u00f1o y desarrollo de materiales curriculares, escenificando una suerte de \u2018postureo\u2019 en la contribuci\u00f3n al objetivo de una escuela diversa e inclusiva\" \/>\n<meta name=\"twitter:label1\" content=\"Escrito por\" \/>\n\t<meta name=\"twitter:data1\" content=\"Javier E. Marrero-Acosta\" \/>\n\t<meta name=\"twitter:label2\" content=\"Tiempo de lectura\" \/>\n\t<meta name=\"twitter:data2\" content=\"7 minutos\" \/>\n<script type=\"application\/ld+json\" class=\"yoast-schema-graph\">{\"@context\":\"https:\\\/\\\/schema.org\",\"@graph\":[{\"@type\":\"Article\",\"@id\":\"https:\\\/\\\/eldiariodelaeducacion.com\\\/porotrapoliticaeducativa\\\/2020\\\/09\\\/28\\\/el-curriculum-despiadado-nuevo-curriculo-en-una-nueva-escuela-foro-de-sevilla-por-otra-politica-educativa\\\/#article\",\"isPartOf\":{\"@id\":\"https:\\\/\\\/eldiariodelaeducacion.com\\\/porotrapoliticaeducativa\\\/2020\\\/09\\\/28\\\/el-curriculum-despiadado-nuevo-curriculo-en-una-nueva-escuela-foro-de-sevilla-por-otra-politica-educativa\\\/\"},\"author\":{\"name\":\"Javier E. Marrero-Acosta\",\"@id\":\"https:\\\/\\\/eldiariodelaeducacion.com\\\/porotrapoliticaeducativa\\\/#\\\/schema\\\/person\\\/65960866b1fe1c4ca046ec4f2be0f088\"},\"headline\":\"El curr\u00edculum despiadado. Nuevo Curr\u00edculo en una Nueva Escuela\",\"datePublished\":\"2020-09-28T05:30:53+00:00\",\"dateModified\":\"2024-08-21T14:50:54+00:00\",\"mainEntityOfPage\":{\"@id\":\"https:\\\/\\\/eldiariodelaeducacion.com\\\/porotrapoliticaeducativa\\\/2020\\\/09\\\/28\\\/el-curriculum-despiadado-nuevo-curriculo-en-una-nueva-escuela-foro-de-sevilla-por-otra-politica-educativa\\\/\"},\"wordCount\":1398,\"commentCount\":4,\"image\":{\"@id\":\"https:\\\/\\\/eldiariodelaeducacion.com\\\/porotrapoliticaeducativa\\\/2020\\\/09\\\/28\\\/el-curriculum-despiadado-nuevo-curriculo-en-una-nueva-escuela-foro-de-sevilla-por-otra-politica-educativa\\\/#primaryimage\"},\"thumbnailUrl\":\"https:\\\/\\\/eldiariodelaeducacion.com\\\/porotrapoliticaeducativa\\\/wp-content\\\/uploads\\\/sites\\\/21\\\/2020\\\/09\\\/Obra_2-original1.jpg\",\"keywords\":[\"Curr\u00edculo escolar\",\"Justicia escolar\",\"Pol\u00edticas educativas\",\"Reformas educativas\"],\"articleSection\":[\"Foro de Sevilla\",\"Por otra pol\u00edtica educativa. Foro de Sevilla\"],\"inLanguage\":\"es\",\"potentialAction\":[{\"@type\":\"CommentAction\",\"name\":\"Comment\",\"target\":[\"https:\\\/\\\/eldiariodelaeducacion.com\\\/porotrapoliticaeducativa\\\/2020\\\/09\\\/28\\\/el-curriculum-despiadado-nuevo-curriculo-en-una-nueva-escuela-foro-de-sevilla-por-otra-politica-educativa\\\/#respond\"]}]},{\"@type\":\"WebPage\",\"@id\":\"https:\\\/\\\/eldiariodelaeducacion.com\\\/porotrapoliticaeducativa\\\/2020\\\/09\\\/28\\\/el-curriculum-despiadado-nuevo-curriculo-en-una-nueva-escuela-foro-de-sevilla-por-otra-politica-educativa\\\/\",\"url\":\"https:\\\/\\\/eldiariodelaeducacion.com\\\/porotrapoliticaeducativa\\\/2020\\\/09\\\/28\\\/el-curriculum-despiadado-nuevo-curriculo-en-una-nueva-escuela-foro-de-sevilla-por-otra-politica-educativa\\\/\",\"name\":\"El curr\u00edculum despiadado. Nuevo Curr\u00edculo en una Nueva Escuela - Por otra pol\u00edtica educativa. Foro de Sevilla.\",\"isPartOf\":{\"@id\":\"https:\\\/\\\/eldiariodelaeducacion.com\\\/porotrapoliticaeducativa\\\/#website\"},\"primaryImageOfPage\":{\"@id\":\"https:\\\/\\\/eldiariodelaeducacion.com\\\/porotrapoliticaeducativa\\\/2020\\\/09\\\/28\\\/el-curriculum-despiadado-nuevo-curriculo-en-una-nueva-escuela-foro-de-sevilla-por-otra-politica-educativa\\\/#primaryimage\"},\"image\":{\"@id\":\"https:\\\/\\\/eldiariodelaeducacion.com\\\/porotrapoliticaeducativa\\\/2020\\\/09\\\/28\\\/el-curriculum-despiadado-nuevo-curriculo-en-una-nueva-escuela-foro-de-sevilla-por-otra-politica-educativa\\\/#primaryimage\"},\"thumbnailUrl\":\"https:\\\/\\\/eldiariodelaeducacion.com\\\/porotrapoliticaeducativa\\\/wp-content\\\/uploads\\\/sites\\\/21\\\/2020\\\/09\\\/Obra_2-original1.jpg\",\"datePublished\":\"2020-09-28T05:30:53+00:00\",\"dateModified\":\"2024-08-21T14:50:54+00:00\",\"author\":{\"@id\":\"https:\\\/\\\/eldiariodelaeducacion.com\\\/porotrapoliticaeducativa\\\/#\\\/schema\\\/person\\\/65960866b1fe1c4ca046ec4f2be0f088\"},\"description\":\"El verdadero cierre del curr\u00edculo, lo encontramos en los manuales de las editoriales, donde en una misma editorial caben proyectos distintos que en la pr\u00e1ctica siguen un mismo guion de dise\u00f1o y desarrollo de materiales curriculares, escenificando una suerte de \u2018postureo\u2019 en la contribuci\u00f3n al objetivo de una escuela diversa e inclusiva\",\"breadcrumb\":{\"@id\":\"https:\\\/\\\/eldiariodelaeducacion.com\\\/porotrapoliticaeducativa\\\/2020\\\/09\\\/28\\\/el-curriculum-despiadado-nuevo-curriculo-en-una-nueva-escuela-foro-de-sevilla-por-otra-politica-educativa\\\/#breadcrumb\"},\"inLanguage\":\"es\",\"potentialAction\":[{\"@type\":\"ReadAction\",\"target\":[\"https:\\\/\\\/eldiariodelaeducacion.com\\\/porotrapoliticaeducativa\\\/2020\\\/09\\\/28\\\/el-curriculum-despiadado-nuevo-curriculo-en-una-nueva-escuela-foro-de-sevilla-por-otra-politica-educativa\\\/\"]}]},{\"@type\":\"ImageObject\",\"inLanguage\":\"es\",\"@id\":\"https:\\\/\\\/eldiariodelaeducacion.com\\\/porotrapoliticaeducativa\\\/2020\\\/09\\\/28\\\/el-curriculum-despiadado-nuevo-curriculo-en-una-nueva-escuela-foro-de-sevilla-por-otra-politica-educativa\\\/#primaryimage\",\"url\":\"https:\\\/\\\/eldiariodelaeducacion.com\\\/porotrapoliticaeducativa\\\/wp-content\\\/uploads\\\/sites\\\/21\\\/2020\\\/09\\\/Obra_2-original1.jpg\",\"contentUrl\":\"https:\\\/\\\/eldiariodelaeducacion.com\\\/porotrapoliticaeducativa\\\/wp-content\\\/uploads\\\/sites\\\/21\\\/2020\\\/09\\\/Obra_2-original1.jpg\",\"width\":820,\"height\":637,\"caption\":\"El lenguaje de los p\u00e1jaros, por Manuel P\u00e9rez B\u00e1\u00f1ez [@ManuElpielRoja]\"},{\"@type\":\"BreadcrumbList\",\"@id\":\"https:\\\/\\\/eldiariodelaeducacion.com\\\/porotrapoliticaeducativa\\\/2020\\\/09\\\/28\\\/el-curriculum-despiadado-nuevo-curriculo-en-una-nueva-escuela-foro-de-sevilla-por-otra-politica-educativa\\\/#breadcrumb\",\"itemListElement\":[{\"@type\":\"ListItem\",\"position\":1,\"name\":\"Portada\",\"item\":\"https:\\\/\\\/eldiariodelaeducacion.com\\\/porotrapoliticaeducativa\\\/\"},{\"@type\":\"ListItem\",\"position\":2,\"name\":\"El curr\u00edculum despiadado. Nuevo Curr\u00edculo en una Nueva Escuela\"}]},{\"@type\":\"WebSite\",\"@id\":\"https:\\\/\\\/eldiariodelaeducacion.com\\\/porotrapoliticaeducativa\\\/#website\",\"url\":\"https:\\\/\\\/eldiariodelaeducacion.com\\\/porotrapoliticaeducativa\\\/\",\"name\":\"Por otra pol\u00edtica educativa. Foro de Sevilla.\",\"description\":\"Un blog de El Diario de la Educaci\u00f3n\",\"potentialAction\":[{\"@type\":\"SearchAction\",\"target\":{\"@type\":\"EntryPoint\",\"urlTemplate\":\"https:\\\/\\\/eldiariodelaeducacion.com\\\/porotrapoliticaeducativa\\\/?s={search_term_string}\"},\"query-input\":{\"@type\":\"PropertyValueSpecification\",\"valueRequired\":true,\"valueName\":\"search_term_string\"}}],\"inLanguage\":\"es\"},{\"@type\":\"Person\",\"@id\":\"https:\\\/\\\/eldiariodelaeducacion.com\\\/porotrapoliticaeducativa\\\/#\\\/schema\\\/person\\\/65960866b1fe1c4ca046ec4f2be0f088\",\"name\":\"Javier E. Marrero-Acosta\",\"image\":{\"@type\":\"ImageObject\",\"inLanguage\":\"es\",\"@id\":\"https:\\\/\\\/secure.gravatar.com\\\/avatar\\\/d70dfa568876690be4216e37ab9d5970a8f15540a746eec607f19d68523c7f7a?s=96&d=mm&r=g\",\"url\":\"https:\\\/\\\/secure.gravatar.com\\\/avatar\\\/d70dfa568876690be4216e37ab9d5970a8f15540a746eec607f19d68523c7f7a?s=96&d=mm&r=g\",\"contentUrl\":\"https:\\\/\\\/secure.gravatar.com\\\/avatar\\\/d70dfa568876690be4216e37ab9d5970a8f15540a746eec607f19d68523c7f7a?s=96&d=mm&r=g\",\"caption\":\"Javier E. Marrero-Acosta\"},\"url\":\"https:\\\/\\\/eldiariodelaeducacion.com\\\/porotrapoliticaeducativa\\\/author\\\/jemoreno\\\/\"}]}<\/script>\n<!-- \/ Yoast SEO plugin. -->","yoast_head_json":{"title":"El curr\u00edculum despiadado. Nuevo Curr\u00edculo en una Nueva Escuela - Por otra pol\u00edtica educativa. Foro de Sevilla.","description":"El verdadero cierre del curr\u00edculo, lo encontramos en los manuales de las editoriales, donde en una misma editorial caben proyectos distintos que en la pr\u00e1ctica siguen un mismo guion de dise\u00f1o y desarrollo de materiales curriculares, escenificando una suerte de \u2018postureo\u2019 en la contribuci\u00f3n al objetivo de una escuela diversa e inclusiva","robots":{"index":"index","follow":"follow","max-snippet":"max-snippet:-1","max-image-preview":"max-image-preview:large","max-video-preview":"max-video-preview:-1"},"canonical":"https:\/\/eldiariodelaeducacion.com\/porotrapoliticaeducativa\/2020\/09\/28\/el-curriculum-despiadado-nuevo-curriculo-en-una-nueva-escuela-foro-de-sevilla-por-otra-politica-educativa\/","og_locale":"es_ES","og_type":"article","og_title":"El curr\u00edculum despiadado. Nuevo Curr\u00edculo en una Nueva Escuela - Foro de Sevilla. Por otra pol\u00edtica educativa -","og_description":"El verdadero cierre del curr\u00edculo, lo encontramos en los manuales de las editoriales, donde en una misma editorial caben proyectos distintos que en la pr\u00e1ctica siguen un mismo guion de dise\u00f1o y desarrollo de materiales curriculares, escenificando una suerte de \u2018postureo\u2019 en la contribuci\u00f3n al objetivo de una escuela diversa e inclusiva","og_url":"https:\/\/eldiariodelaeducacion.com\/porotrapoliticaeducativa\/2020\/09\/28\/el-curriculum-despiadado-nuevo-curriculo-en-una-nueva-escuela-foro-de-sevilla-por-otra-politica-educativa\/","og_site_name":"Por otra pol\u00edtica educativa. Foro de Sevilla.","article_published_time":"2020-09-28T05:30:53+00:00","article_modified_time":"2024-08-21T14:50:54+00:00","og_image":[{"width":820,"height":637,"url":"https:\/\/eldiariodelaeducacion.com\/porotrapoliticaeducativa\/wp-content\/uploads\/sites\/21\/2020\/09\/Obra_2-original1.jpg","type":"image\/jpeg"}],"author":"Javier E. Marrero-Acosta","twitter_card":"summary_large_image","twitter_title":"El curr\u00edculum despiadado. Nuevo Curr\u00edculo en una Nueva Escuela - Foro de Sevilla. Por otra pol\u00edtica educativa -","twitter_description":"El verdadero cierre del curr\u00edculo, lo encontramos en los manuales de las editoriales, donde en una misma editorial caben proyectos distintos que en la pr\u00e1ctica siguen un mismo guion de dise\u00f1o y desarrollo de materiales curriculares, escenificando una suerte de \u2018postureo\u2019 en la contribuci\u00f3n al objetivo de una escuela diversa e inclusiva","twitter_misc":{"Escrito por":"Javier E. Marrero-Acosta","Tiempo de lectura":"7 minutos"},"schema":{"@context":"https:\/\/schema.org","@graph":[{"@type":"Article","@id":"https:\/\/eldiariodelaeducacion.com\/porotrapoliticaeducativa\/2020\/09\/28\/el-curriculum-despiadado-nuevo-curriculo-en-una-nueva-escuela-foro-de-sevilla-por-otra-politica-educativa\/#article","isPartOf":{"@id":"https:\/\/eldiariodelaeducacion.com\/porotrapoliticaeducativa\/2020\/09\/28\/el-curriculum-despiadado-nuevo-curriculo-en-una-nueva-escuela-foro-de-sevilla-por-otra-politica-educativa\/"},"author":{"name":"Javier E. Marrero-Acosta","@id":"https:\/\/eldiariodelaeducacion.com\/porotrapoliticaeducativa\/#\/schema\/person\/65960866b1fe1c4ca046ec4f2be0f088"},"headline":"El curr\u00edculum despiadado. Nuevo Curr\u00edculo en una Nueva Escuela","datePublished":"2020-09-28T05:30:53+00:00","dateModified":"2024-08-21T14:50:54+00:00","mainEntityOfPage":{"@id":"https:\/\/eldiariodelaeducacion.com\/porotrapoliticaeducativa\/2020\/09\/28\/el-curriculum-despiadado-nuevo-curriculo-en-una-nueva-escuela-foro-de-sevilla-por-otra-politica-educativa\/"},"wordCount":1398,"commentCount":4,"image":{"@id":"https:\/\/eldiariodelaeducacion.com\/porotrapoliticaeducativa\/2020\/09\/28\/el-curriculum-despiadado-nuevo-curriculo-en-una-nueva-escuela-foro-de-sevilla-por-otra-politica-educativa\/#primaryimage"},"thumbnailUrl":"https:\/\/eldiariodelaeducacion.com\/porotrapoliticaeducativa\/wp-content\/uploads\/sites\/21\/2020\/09\/Obra_2-original1.jpg","keywords":["Curr\u00edculo escolar","Justicia escolar","Pol\u00edticas educativas","Reformas educativas"],"articleSection":["Foro de Sevilla","Por otra pol\u00edtica educativa. Foro de Sevilla"],"inLanguage":"es","potentialAction":[{"@type":"CommentAction","name":"Comment","target":["https:\/\/eldiariodelaeducacion.com\/porotrapoliticaeducativa\/2020\/09\/28\/el-curriculum-despiadado-nuevo-curriculo-en-una-nueva-escuela-foro-de-sevilla-por-otra-politica-educativa\/#respond"]}]},{"@type":"WebPage","@id":"https:\/\/eldiariodelaeducacion.com\/porotrapoliticaeducativa\/2020\/09\/28\/el-curriculum-despiadado-nuevo-curriculo-en-una-nueva-escuela-foro-de-sevilla-por-otra-politica-educativa\/","url":"https:\/\/eldiariodelaeducacion.com\/porotrapoliticaeducativa\/2020\/09\/28\/el-curriculum-despiadado-nuevo-curriculo-en-una-nueva-escuela-foro-de-sevilla-por-otra-politica-educativa\/","name":"El curr\u00edculum despiadado. Nuevo Curr\u00edculo en una Nueva Escuela - Por otra pol\u00edtica educativa. Foro de Sevilla.","isPartOf":{"@id":"https:\/\/eldiariodelaeducacion.com\/porotrapoliticaeducativa\/#website"},"primaryImageOfPage":{"@id":"https:\/\/eldiariodelaeducacion.com\/porotrapoliticaeducativa\/2020\/09\/28\/el-curriculum-despiadado-nuevo-curriculo-en-una-nueva-escuela-foro-de-sevilla-por-otra-politica-educativa\/#primaryimage"},"image":{"@id":"https:\/\/eldiariodelaeducacion.com\/porotrapoliticaeducativa\/2020\/09\/28\/el-curriculum-despiadado-nuevo-curriculo-en-una-nueva-escuela-foro-de-sevilla-por-otra-politica-educativa\/#primaryimage"},"thumbnailUrl":"https:\/\/eldiariodelaeducacion.com\/porotrapoliticaeducativa\/wp-content\/uploads\/sites\/21\/2020\/09\/Obra_2-original1.jpg","datePublished":"2020-09-28T05:30:53+00:00","dateModified":"2024-08-21T14:50:54+00:00","author":{"@id":"https:\/\/eldiariodelaeducacion.com\/porotrapoliticaeducativa\/#\/schema\/person\/65960866b1fe1c4ca046ec4f2be0f088"},"description":"El verdadero cierre del curr\u00edculo, lo encontramos en los manuales de las editoriales, donde en una misma editorial caben proyectos distintos que en la pr\u00e1ctica siguen un mismo guion de dise\u00f1o y desarrollo de materiales curriculares, escenificando una suerte de \u2018postureo\u2019 en la contribuci\u00f3n al objetivo de una escuela diversa e inclusiva","breadcrumb":{"@id":"https:\/\/eldiariodelaeducacion.com\/porotrapoliticaeducativa\/2020\/09\/28\/el-curriculum-despiadado-nuevo-curriculo-en-una-nueva-escuela-foro-de-sevilla-por-otra-politica-educativa\/#breadcrumb"},"inLanguage":"es","potentialAction":[{"@type":"ReadAction","target":["https:\/\/eldiariodelaeducacion.com\/porotrapoliticaeducativa\/2020\/09\/28\/el-curriculum-despiadado-nuevo-curriculo-en-una-nueva-escuela-foro-de-sevilla-por-otra-politica-educativa\/"]}]},{"@type":"ImageObject","inLanguage":"es","@id":"https:\/\/eldiariodelaeducacion.com\/porotrapoliticaeducativa\/2020\/09\/28\/el-curriculum-despiadado-nuevo-curriculo-en-una-nueva-escuela-foro-de-sevilla-por-otra-politica-educativa\/#primaryimage","url":"https:\/\/eldiariodelaeducacion.com\/porotrapoliticaeducativa\/wp-content\/uploads\/sites\/21\/2020\/09\/Obra_2-original1.jpg","contentUrl":"https:\/\/eldiariodelaeducacion.com\/porotrapoliticaeducativa\/wp-content\/uploads\/sites\/21\/2020\/09\/Obra_2-original1.jpg","width":820,"height":637,"caption":"El lenguaje de los p\u00e1jaros, por Manuel P\u00e9rez B\u00e1\u00f1ez [@ManuElpielRoja]"},{"@type":"BreadcrumbList","@id":"https:\/\/eldiariodelaeducacion.com\/porotrapoliticaeducativa\/2020\/09\/28\/el-curriculum-despiadado-nuevo-curriculo-en-una-nueva-escuela-foro-de-sevilla-por-otra-politica-educativa\/#breadcrumb","itemListElement":[{"@type":"ListItem","position":1,"name":"Portada","item":"https:\/\/eldiariodelaeducacion.com\/porotrapoliticaeducativa\/"},{"@type":"ListItem","position":2,"name":"El curr\u00edculum despiadado. Nuevo Curr\u00edculo en una Nueva Escuela"}]},{"@type":"WebSite","@id":"https:\/\/eldiariodelaeducacion.com\/porotrapoliticaeducativa\/#website","url":"https:\/\/eldiariodelaeducacion.com\/porotrapoliticaeducativa\/","name":"Por otra pol\u00edtica educativa. Foro de Sevilla.","description":"Un blog de El Diario de la Educaci\u00f3n","potentialAction":[{"@type":"SearchAction","target":{"@type":"EntryPoint","urlTemplate":"https:\/\/eldiariodelaeducacion.com\/porotrapoliticaeducativa\/?s={search_term_string}"},"query-input":{"@type":"PropertyValueSpecification","valueRequired":true,"valueName":"search_term_string"}}],"inLanguage":"es"},{"@type":"Person","@id":"https:\/\/eldiariodelaeducacion.com\/porotrapoliticaeducativa\/#\/schema\/person\/65960866b1fe1c4ca046ec4f2be0f088","name":"Javier E. Marrero-Acosta","image":{"@type":"ImageObject","inLanguage":"es","@id":"https:\/\/secure.gravatar.com\/avatar\/d70dfa568876690be4216e37ab9d5970a8f15540a746eec607f19d68523c7f7a?s=96&d=mm&r=g","url":"https:\/\/secure.gravatar.com\/avatar\/d70dfa568876690be4216e37ab9d5970a8f15540a746eec607f19d68523c7f7a?s=96&d=mm&r=g","contentUrl":"https:\/\/secure.gravatar.com\/avatar\/d70dfa568876690be4216e37ab9d5970a8f15540a746eec607f19d68523c7f7a?s=96&d=mm&r=g","caption":"Javier E. Marrero-Acosta"},"url":"https:\/\/eldiariodelaeducacion.com\/porotrapoliticaeducativa\/author\/jemoreno\/"}]}},"_links":{"self":[{"href":"https:\/\/eldiariodelaeducacion.com\/porotrapoliticaeducativa\/wp-json\/wp\/v2\/posts\/688","targetHints":{"allow":["GET"]}}],"collection":[{"href":"https:\/\/eldiariodelaeducacion.com\/porotrapoliticaeducativa\/wp-json\/wp\/v2\/posts"}],"about":[{"href":"https:\/\/eldiariodelaeducacion.com\/porotrapoliticaeducativa\/wp-json\/wp\/v2\/types\/post"}],"author":[{"embeddable":true,"href":"https:\/\/eldiariodelaeducacion.com\/porotrapoliticaeducativa\/wp-json\/wp\/v2\/users\/206"}],"replies":[{"embeddable":true,"href":"https:\/\/eldiariodelaeducacion.com\/porotrapoliticaeducativa\/wp-json\/wp\/v2\/comments?post=688"}],"version-history":[{"count":1,"href":"https:\/\/eldiariodelaeducacion.com\/porotrapoliticaeducativa\/wp-json\/wp\/v2\/posts\/688\/revisions"}],"predecessor-version":[{"id":2445,"href":"https:\/\/eldiariodelaeducacion.com\/porotrapoliticaeducativa\/wp-json\/wp\/v2\/posts\/688\/revisions\/2445"}],"wp:featuredmedia":[{"embeddable":true,"href":"https:\/\/eldiariodelaeducacion.com\/porotrapoliticaeducativa\/wp-json\/wp\/v2\/media\/702"}],"wp:attachment":[{"href":"https:\/\/eldiariodelaeducacion.com\/porotrapoliticaeducativa\/wp-json\/wp\/v2\/media?parent=688"}],"wp:term":[{"taxonomy":"category","embeddable":true,"href":"https:\/\/eldiariodelaeducacion.com\/porotrapoliticaeducativa\/wp-json\/wp\/v2\/categories?post=688"},{"taxonomy":"post_tag","embeddable":true,"href":"https:\/\/eldiariodelaeducacion.com\/porotrapoliticaeducativa\/wp-json\/wp\/v2\/tags?post=688"},{"taxonomy":"tipo","embeddable":true,"href":"https:\/\/eldiariodelaeducacion.com\/porotrapoliticaeducativa\/wp-json\/wp\/v2\/tipo?post=688"}],"curies":[{"name":"wp","href":"https:\/\/api.w.org\/{rel}","templated":true}]}}