{"id":726,"date":"2020-10-20T10:10:21","date_gmt":"2020-10-20T08:10:21","guid":{"rendered":"https:\/\/eldiariodelaeducacion.com\/porotrapoliticaeducativa\/?p=726"},"modified":"2024-08-21T16:50:54","modified_gmt":"2024-08-21T14:50:54","slug":"la-lomloe-una-oportunidad-perdida","status":"publish","type":"post","link":"https:\/\/eldiariodelaeducacion.com\/porotrapoliticaeducativa\/2020\/10\/20\/la-lomloe-una-oportunidad-perdida\/","title":{"rendered":"La LOMLOE, \u00bfuna oportunidad perdida?"},"content":{"rendered":"<p>Coincidimos con personas pertenecientes a la comunidad escolar, sindicatos y organizaciones sociales, en que los gobiernos de izquierda no han articulado un proyecto educativo ilusionante para nuestro pa\u00eds, con un perfil diferenciado de la derecha. No hemos sido capaces de superar aquella etapa oscurantista, que dio forma a gran parte de nuestra cultura escolar, con la tergiversaci\u00f3n de la historia, la condena del laicismo y de la coeducaci\u00f3n y una concepci\u00f3n negativa de la infancia (la cultura del esfuerzo lo llaman ahora). Y no han logrado proponer leyes progresistas adaptadas al mundo actual. Su visi\u00f3n responde a una docencia anclada en el academicismo, con una idea descontextualizada del conocimiento, aprendizajes superficiales y memor\u00edsticos y la utilizaci\u00f3n de m\u00e9todos simult\u00e1neos que ense\u00f1an a muchos como si fueran uno solo. Consiguen la domesticaci\u00f3n del alumnado potenciando la exclusi\u00f3n, el abandono escolar y sirviendo a la acreditaci\u00f3n y la meritocracia.<\/p>\n<p>El sistema educativo p\u00fablico debe ser parte de un proyecto social donde se promueva la democracia, la convivencia y la cohesi\u00f3n social. Las medidas que se han promovido con la LOMLOE no afectan al fondo del problema educativo. Al conservadurismo con el que se fomenta el modelo arcaico del conocimiento, la disciplina, la cultura del esfuerzo y la segregaci\u00f3n por sexos, culturas y niveles sociales, se a\u00f1ade una nueva cultura del \u00e9xito escolar donde prima la ense\u00f1anza del individualismo y la competitividad frente a la cooperaci\u00f3n y el cuidado como base de la conducta humana.<\/p>\n<p>Pol\u00edticas que, como se est\u00e1 comprobando, lejos de ser democr\u00e1ticas y buscar la justicia social para todo el alumnado convierten a la escuela en peque\u00f1as empresas, fomentan la competitividad, el \u201chomo economicus\u201d, y generan desigualdad en lugar de preocuparse por la formaci\u00f3n de ciudadanos y ciudadanas en los que crezca la libertad de pensar y de ser con la adquisici\u00f3n de un conocimiento con sentido que los haga conscientes ante el mundo y capaces de transformar la sociedad.<\/p>\n<p>En el mundo de hoy, con una sociedad altamente tecnologizada, no podemos seguir ense\u00f1ando contenidos cerrados y preparados para su reproducci\u00f3n. El alumnado debe ser capaz de acceder, seleccionar y transformar la informaci\u00f3n para convertirnos en una sociedad del conocimiento justa y solidaria.<\/p>\n<p>El derecho a la educaci\u00f3n requiere un sistema educativo flexible con capacidad para incluir y atender las necesidades de todo el alumnado y asegurar sus derechos. Eso significa que, adem\u00e1s de evitar los itinerarios y las clasificaciones del alumnado, propuestos por la LOMCE, se debe desterrar la evaluaci\u00f3n como un mecanismo de sanci\u00f3n y de desafecci\u00f3n del alumnado por lo estudios. Una educaci\u00f3n en la que se realicen aprendizajes relevantes, que no se midan en funci\u00f3n de las ganancias, sino con vista a promover un desarrollo personal y social. Con un conocimiento emancipador, laico y cr\u00edtico con el que puedan comprender el mundo, cuestion\u00e1ndolo y proponiendo su transformaci\u00f3n.<\/p>\n<p>Son muchos los retos de la humanidad a los que la educaci\u00f3n debe responder: la globalizaci\u00f3n econ\u00f3mica, la degradaci\u00f3n medioambiental, las desigualdades sociales, las dificultades econ\u00f3micas o financieras\u2026<\/p>\n<p>Los principios rectores de una democracia deben salvaguardarse, pero nos encontramos una vez m\u00e1s que la educaci\u00f3n sirve para tiempos electorales con las promesas tantas veces escuchadas en inversi\u00f3n y en leyes, pero una vez m\u00e1s los pactos pol\u00edticos utilizan a la educaci\u00f3n como un instrumento para el intercambio pol\u00edtico.<\/p>\n<p>Sin menospreciar las derogaciones que se han realizado en esta nueva ley y que eran muy necesarias, la propuesta de la LOMLOE mantiene el modelo curricular caracter\u00edstico de nuestro pa\u00eds, con curr\u00edculos extensos y memor\u00edsticos, reforzados con evaluaciones externas que imponen lo que hay que ense\u00f1ar y controlan las pr\u00e1cticas escolares quitando autonom\u00eda profesional a los y las docentes y proponiendo una ense\u00f1anza homog\u00e9nea. A la vez, se mantiene alejada de una ense\u00f1anza laica propia de una educaci\u00f3n democr\u00e1tica, no doctrinaria, y deja en manos de las comunidades aut\u00f3nomas el aumento de la privatizaci\u00f3n, la competitividad entre las escuelas y, como resultado, la segregaci\u00f3n escolar, que nos ha puesto a la cola de la Uni\u00f3n Europea y de la OCDE en igualdad en muy pocos a\u00f1os. Es una ley que propone aquello que deber\u00eda limitar, los suspensos, la inclusi\u00f3n, la selecci\u00f3n del alumnado\u2026, invitando al profesorado a ser el \u00fanico responsable de los resultados acad\u00e9micos y del funcionamiento del sistema educativo.<\/p>\n<p>Los nuevos tiempos se preocupan de una falsa autonom\u00eda, que viene a reforzar las pol\u00edticas de elecci\u00f3n de centro (porque no las impide), la imposici\u00f3n de los intereses espurios del mercado que desea una formaci\u00f3n vocacional y especializada para el mundo del trabajo y para conseguir aumentar el PIB, cuesti\u00f3n por otro lado discutible. Una escuela que anticipa y reproduce las divisiones y jerarqu\u00edas del mundo laboral y se especializa en saberes productivos que no cuestionan los marcos que los sustentan.<\/p>\n<p>Una triste oportunidad perdida.<\/p>\n<p>&nbsp;<\/p>\n<h6 style=\"text-align: right\">Carmen Rodr\u00edguez Mart\u00ednez, Jordi Adell, Francisco Imbern\u00f3n, Jos\u00e9 Gimeno Sacrist\u00e1n, Rodrigo J. Garc\u00eda, Roc\u00edo Anguita y Javier Esteban Marrero. Pertenecen al <a href=\"https:\/\/porotrapoliticaeducativa.org\/\" target=\"_blank\" rel=\"noopener noreferrer\">Foro de Sevilla<\/a>.<\/h6>\n","protected":false},"excerpt":{"rendered":"<p>Coincidimos con personas pertenecientes a la comunidad escolar, sindicatos y organizaciones sociales, en que los gobiernos de izquierda no han articulado un proyecto educativo ilusionante para nuestro pa\u00eds, con un perfil diferenciado de la derecha. No hemos sido capaces de superar aquella etapa oscurantista, que dio forma a gran parte de nuestra cultura escolar, con<\/p>\n","protected":false},"author":201,"featured_media":741,"comment_status":"open","ping_status":"closed","sticky":false,"template":"","format":"standard","meta":{"footnotes":""},"categories":[16,18],"tags":[20,24,30,31,17,26],"tipo":[97],"class_list":{"0":"post-726","1":"post","2":"type-post","3":"status-publish","4":"format-standard","5":"has-post-thumbnail","7":"category-foro-de-sevilla","8":"category-por-otra-politica-educativa","9":"tag-escuela-publica","10":"tag-justicia-escolar","11":"tag-lomloe","12":"tag-politica-educativa","13":"tag-politicas-educativas","14":"tag-reformas-educativas","15":"tipo-actualidad"},"yoast_head":"<!-- This site is optimized with the Yoast SEO plugin v27.4 - https:\/\/yoast.com\/product\/yoast-seo-wordpress\/ -->\n<title>La LOMLOE, \u00bfuna oportunidad perdida? - Por otra pol\u00edtica educativa. Foro de Sevilla.<\/title>\n<meta name=\"description\" content=\"Sin menospreciar las derogaciones que se han realizado en esta nueva ley y que eran muy necesarias, la propuesta de la LOMLOE mantiene el modelo curricular caracter\u00edstico de nuestro pa\u00eds, con curr\u00edculos extensos y memor\u00edsticos, reforzados con evaluaciones externas que imponen lo que hay que ense\u00f1ar y controlan las pr\u00e1cticas escolares quitando autonom\u00eda profesional a los y las docentes...\" \/>\n<meta name=\"robots\" content=\"index, follow, max-snippet:-1, max-image-preview:large, max-video-preview:-1\" \/>\n<link rel=\"canonical\" href=\"https:\/\/eldiariodelaeducacion.com\/porotrapoliticaeducativa\/2020\/10\/20\/la-lomloe-una-oportunidad-perdida\/\" \/>\n<meta property=\"og:locale\" content=\"es_ES\" \/>\n<meta property=\"og:type\" content=\"article\" \/>\n<meta property=\"og:title\" content=\"LA LOMLOE, \u00bfUNA OPORTUNIDAD PERDIDA? - &#039;Foro de Sevilla. Por otra pol\u00edtica educativa&#039;\" \/>\n<meta property=\"og:description\" content=\"Sin menospreciar las derogaciones que se han realizado en esta nueva ley y que eran muy necesarias, la propuesta de la LOMLOE mantiene el modelo curricular caracter\u00edstico de nuestro pa\u00eds, con curr\u00edculos extensos y memor\u00edsticos, reforzados con evaluaciones externas que imponen lo que hay que ense\u00f1ar y controlan las pr\u00e1cticas escolares quitando autonom\u00eda profesional a los y las docentes...\" \/>\n<meta property=\"og:url\" content=\"https:\/\/eldiariodelaeducacion.com\/porotrapoliticaeducativa\/2020\/10\/20\/la-lomloe-una-oportunidad-perdida\/\" \/>\n<meta property=\"og:site_name\" content=\"Por otra pol\u00edtica educativa. Foro de Sevilla.\" \/>\n<meta property=\"article:published_time\" content=\"2020-10-20T08:10:21+00:00\" \/>\n<meta property=\"article:modified_time\" content=\"2024-08-21T14:50:54+00:00\" \/>\n<meta property=\"og:image\" content=\"https:\/\/eldiariodelaeducacion.com\/porotrapoliticaeducativa\/wp-content\/uploads\/sites\/21\/2020\/10\/20.10-LOMLOE5.jpg\" \/>\n\t<meta property=\"og:image:width\" content=\"721\" \/>\n\t<meta property=\"og:image:height\" content=\"654\" \/>\n\t<meta property=\"og:image:type\" content=\"image\/jpeg\" \/>\n<meta name=\"author\" content=\"Carmen Rodr\u00edguez Mart\u00ednez\" \/>\n<meta name=\"twitter:card\" content=\"summary_large_image\" \/>\n<meta name=\"twitter:description\" content=\"Sin menospreciar las derogaciones que se han realizado en esta nueva ley y que eran muy necesarias, la propuesta de la LOMLOE mantiene el modelo curricular caracter\u00edstico de nuestro pa\u00eds, con curr\u00edculos extensos y memor\u00edsticos, reforzados con evaluaciones externas que imponen lo que hay que ense\u00f1ar y controlan las pr\u00e1cticas escolares quitando autonom\u00eda profesional a los y las docentes...\" \/>\n<meta name=\"twitter:label1\" content=\"Escrito por\" \/>\n\t<meta name=\"twitter:data1\" content=\"Carmen Rodr\u00edguez Mart\u00ednez\" \/>\n\t<meta name=\"twitter:label2\" content=\"Tiempo de lectura\" \/>\n\t<meta name=\"twitter:data2\" content=\"5 minutos\" \/>\n<script type=\"application\/ld+json\" class=\"yoast-schema-graph\">{\"@context\":\"https:\\\/\\\/schema.org\",\"@graph\":[{\"@type\":\"Article\",\"@id\":\"https:\\\/\\\/eldiariodelaeducacion.com\\\/porotrapoliticaeducativa\\\/2020\\\/10\\\/20\\\/la-lomloe-una-oportunidad-perdida\\\/#article\",\"isPartOf\":{\"@id\":\"https:\\\/\\\/eldiariodelaeducacion.com\\\/porotrapoliticaeducativa\\\/2020\\\/10\\\/20\\\/la-lomloe-una-oportunidad-perdida\\\/\"},\"author\":{\"name\":\"Carmen Rodr\u00edguez Mart\u00ednez\",\"@id\":\"https:\\\/\\\/eldiariodelaeducacion.com\\\/porotrapoliticaeducativa\\\/#\\\/schema\\\/person\\\/eeb0b66fbcf65fa8770bf5ce2c2eb88e\"},\"headline\":\"La LOMLOE, \u00bfuna oportunidad perdida?\",\"datePublished\":\"2020-10-20T08:10:21+00:00\",\"dateModified\":\"2024-08-21T14:50:54+00:00\",\"mainEntityOfPage\":{\"@id\":\"https:\\\/\\\/eldiariodelaeducacion.com\\\/porotrapoliticaeducativa\\\/2020\\\/10\\\/20\\\/la-lomloe-una-oportunidad-perdida\\\/\"},\"wordCount\":908,\"commentCount\":0,\"image\":{\"@id\":\"https:\\\/\\\/eldiariodelaeducacion.com\\\/porotrapoliticaeducativa\\\/2020\\\/10\\\/20\\\/la-lomloe-una-oportunidad-perdida\\\/#primaryimage\"},\"thumbnailUrl\":\"https:\\\/\\\/eldiariodelaeducacion.com\\\/porotrapoliticaeducativa\\\/wp-content\\\/uploads\\\/sites\\\/21\\\/2020\\\/10\\\/20.10-LOMLOE5.jpg\",\"keywords\":[\"escuela p\u00fablica\",\"Justicia escolar\",\"LOMLOE\",\"Pol\u00edtica educativa\",\"Pol\u00edticas educativas\",\"Reformas educativas\"],\"articleSection\":[\"Foro de Sevilla\",\"Por otra pol\u00edtica educativa. Foro de Sevilla\"],\"inLanguage\":\"es\",\"potentialAction\":[{\"@type\":\"CommentAction\",\"name\":\"Comment\",\"target\":[\"https:\\\/\\\/eldiariodelaeducacion.com\\\/porotrapoliticaeducativa\\\/2020\\\/10\\\/20\\\/la-lomloe-una-oportunidad-perdida\\\/#respond\"]}]},{\"@type\":\"WebPage\",\"@id\":\"https:\\\/\\\/eldiariodelaeducacion.com\\\/porotrapoliticaeducativa\\\/2020\\\/10\\\/20\\\/la-lomloe-una-oportunidad-perdida\\\/\",\"url\":\"https:\\\/\\\/eldiariodelaeducacion.com\\\/porotrapoliticaeducativa\\\/2020\\\/10\\\/20\\\/la-lomloe-una-oportunidad-perdida\\\/\",\"name\":\"La LOMLOE, \u00bfuna oportunidad perdida? - Por otra pol\u00edtica educativa. Foro de Sevilla.\",\"isPartOf\":{\"@id\":\"https:\\\/\\\/eldiariodelaeducacion.com\\\/porotrapoliticaeducativa\\\/#website\"},\"primaryImageOfPage\":{\"@id\":\"https:\\\/\\\/eldiariodelaeducacion.com\\\/porotrapoliticaeducativa\\\/2020\\\/10\\\/20\\\/la-lomloe-una-oportunidad-perdida\\\/#primaryimage\"},\"image\":{\"@id\":\"https:\\\/\\\/eldiariodelaeducacion.com\\\/porotrapoliticaeducativa\\\/2020\\\/10\\\/20\\\/la-lomloe-una-oportunidad-perdida\\\/#primaryimage\"},\"thumbnailUrl\":\"https:\\\/\\\/eldiariodelaeducacion.com\\\/porotrapoliticaeducativa\\\/wp-content\\\/uploads\\\/sites\\\/21\\\/2020\\\/10\\\/20.10-LOMLOE5.jpg\",\"datePublished\":\"2020-10-20T08:10:21+00:00\",\"dateModified\":\"2024-08-21T14:50:54+00:00\",\"author\":{\"@id\":\"https:\\\/\\\/eldiariodelaeducacion.com\\\/porotrapoliticaeducativa\\\/#\\\/schema\\\/person\\\/eeb0b66fbcf65fa8770bf5ce2c2eb88e\"},\"description\":\"Sin menospreciar las derogaciones que se han realizado en esta nueva ley y que eran muy necesarias, la propuesta de la LOMLOE mantiene el modelo curricular caracter\u00edstico de nuestro pa\u00eds, con curr\u00edculos extensos y memor\u00edsticos, reforzados con evaluaciones externas que imponen lo que hay que ense\u00f1ar y controlan las pr\u00e1cticas escolares quitando autonom\u00eda profesional a los y las docentes...\",\"breadcrumb\":{\"@id\":\"https:\\\/\\\/eldiariodelaeducacion.com\\\/porotrapoliticaeducativa\\\/2020\\\/10\\\/20\\\/la-lomloe-una-oportunidad-perdida\\\/#breadcrumb\"},\"inLanguage\":\"es\",\"potentialAction\":[{\"@type\":\"ReadAction\",\"target\":[\"https:\\\/\\\/eldiariodelaeducacion.com\\\/porotrapoliticaeducativa\\\/2020\\\/10\\\/20\\\/la-lomloe-una-oportunidad-perdida\\\/\"]}]},{\"@type\":\"ImageObject\",\"inLanguage\":\"es\",\"@id\":\"https:\\\/\\\/eldiariodelaeducacion.com\\\/porotrapoliticaeducativa\\\/2020\\\/10\\\/20\\\/la-lomloe-una-oportunidad-perdida\\\/#primaryimage\",\"url\":\"https:\\\/\\\/eldiariodelaeducacion.com\\\/porotrapoliticaeducativa\\\/wp-content\\\/uploads\\\/sites\\\/21\\\/2020\\\/10\\\/20.10-LOMLOE5.jpg\",\"contentUrl\":\"https:\\\/\\\/eldiariodelaeducacion.com\\\/porotrapoliticaeducativa\\\/wp-content\\\/uploads\\\/sites\\\/21\\\/2020\\\/10\\\/20.10-LOMLOE5.jpg\",\"width\":721,\"height\":654,\"caption\":\"Mr. Hyde, por Manuel P\u00e9rez B\u00e1\u00f1ez [@ManuElpielRoja]\"},{\"@type\":\"BreadcrumbList\",\"@id\":\"https:\\\/\\\/eldiariodelaeducacion.com\\\/porotrapoliticaeducativa\\\/2020\\\/10\\\/20\\\/la-lomloe-una-oportunidad-perdida\\\/#breadcrumb\",\"itemListElement\":[{\"@type\":\"ListItem\",\"position\":1,\"name\":\"Portada\",\"item\":\"https:\\\/\\\/eldiariodelaeducacion.com\\\/porotrapoliticaeducativa\\\/\"},{\"@type\":\"ListItem\",\"position\":2,\"name\":\"La LOMLOE, \u00bfuna oportunidad perdida?\"}]},{\"@type\":\"WebSite\",\"@id\":\"https:\\\/\\\/eldiariodelaeducacion.com\\\/porotrapoliticaeducativa\\\/#website\",\"url\":\"https:\\\/\\\/eldiariodelaeducacion.com\\\/porotrapoliticaeducativa\\\/\",\"name\":\"Por otra pol\u00edtica educativa. Foro de Sevilla.\",\"description\":\"Un blog de El Diario de la Educaci\u00f3n\",\"potentialAction\":[{\"@type\":\"SearchAction\",\"target\":{\"@type\":\"EntryPoint\",\"urlTemplate\":\"https:\\\/\\\/eldiariodelaeducacion.com\\\/porotrapoliticaeducativa\\\/?s={search_term_string}\"},\"query-input\":{\"@type\":\"PropertyValueSpecification\",\"valueRequired\":true,\"valueName\":\"search_term_string\"}}],\"inLanguage\":\"es\"},{\"@type\":\"Person\",\"@id\":\"https:\\\/\\\/eldiariodelaeducacion.com\\\/porotrapoliticaeducativa\\\/#\\\/schema\\\/person\\\/eeb0b66fbcf65fa8770bf5ce2c2eb88e\",\"name\":\"Carmen Rodr\u00edguez Mart\u00ednez\",\"image\":{\"@type\":\"ImageObject\",\"inLanguage\":\"es\",\"@id\":\"https:\\\/\\\/eldiariodelaeducacion.com\\\/wp-content\\\/uploads\\\/2024\\\/10\\\/carmen-rodriguez-martinez_avatar-96x96.jpg\",\"url\":\"https:\\\/\\\/eldiariodelaeducacion.com\\\/wp-content\\\/uploads\\\/2024\\\/10\\\/carmen-rodriguez-martinez_avatar-96x96.jpg\",\"contentUrl\":\"https:\\\/\\\/eldiariodelaeducacion.com\\\/wp-content\\\/uploads\\\/2024\\\/10\\\/carmen-rodriguez-martinez_avatar-96x96.jpg\",\"caption\":\"Carmen Rodr\u00edguez Mart\u00ednez\"},\"description\":\"Doctora en Filosof\u00eda y Ciencias de la Educaci\u00f3n. Profesora Titular del Departamento de Did\u00e1ctica y Organizaci\u00f3n Escolar de la Universidad de M\u00e1laga. Miembro de la Permanente del Foro de Sevilla. Por otra pol\u00edtica educativa.\",\"url\":\"https:\\\/\\\/eldiariodelaeducacion.com\\\/porotrapoliticaeducativa\\\/author\\\/crodriguez\\\/\"}]}<\/script>\n<!-- \/ Yoast SEO plugin. -->","yoast_head_json":{"title":"La LOMLOE, \u00bfuna oportunidad perdida? - Por otra pol\u00edtica educativa. Foro de Sevilla.","description":"Sin menospreciar las derogaciones que se han realizado en esta nueva ley y que eran muy necesarias, la propuesta de la LOMLOE mantiene el modelo curricular caracter\u00edstico de nuestro pa\u00eds, con curr\u00edculos extensos y memor\u00edsticos, reforzados con evaluaciones externas que imponen lo que hay que ense\u00f1ar y controlan las pr\u00e1cticas escolares quitando autonom\u00eda profesional a los y las docentes...","robots":{"index":"index","follow":"follow","max-snippet":"max-snippet:-1","max-image-preview":"max-image-preview:large","max-video-preview":"max-video-preview:-1"},"canonical":"https:\/\/eldiariodelaeducacion.com\/porotrapoliticaeducativa\/2020\/10\/20\/la-lomloe-una-oportunidad-perdida\/","og_locale":"es_ES","og_type":"article","og_title":"LA LOMLOE, \u00bfUNA OPORTUNIDAD PERDIDA? - 'Foro de Sevilla. Por otra pol\u00edtica educativa'","og_description":"Sin menospreciar las derogaciones que se han realizado en esta nueva ley y que eran muy necesarias, la propuesta de la LOMLOE mantiene el modelo curricular caracter\u00edstico de nuestro pa\u00eds, con curr\u00edculos extensos y memor\u00edsticos, reforzados con evaluaciones externas que imponen lo que hay que ense\u00f1ar y controlan las pr\u00e1cticas escolares quitando autonom\u00eda profesional a los y las docentes...","og_url":"https:\/\/eldiariodelaeducacion.com\/porotrapoliticaeducativa\/2020\/10\/20\/la-lomloe-una-oportunidad-perdida\/","og_site_name":"Por otra pol\u00edtica educativa. Foro de Sevilla.","article_published_time":"2020-10-20T08:10:21+00:00","article_modified_time":"2024-08-21T14:50:54+00:00","og_image":[{"width":721,"height":654,"url":"https:\/\/eldiariodelaeducacion.com\/porotrapoliticaeducativa\/wp-content\/uploads\/sites\/21\/2020\/10\/20.10-LOMLOE5.jpg","type":"image\/jpeg"}],"author":"Carmen Rodr\u00edguez Mart\u00ednez","twitter_card":"summary_large_image","twitter_description":"Sin menospreciar las derogaciones que se han realizado en esta nueva ley y que eran muy necesarias, la propuesta de la LOMLOE mantiene el modelo curricular caracter\u00edstico de nuestro pa\u00eds, con curr\u00edculos extensos y memor\u00edsticos, reforzados con evaluaciones externas que imponen lo que hay que ense\u00f1ar y controlan las pr\u00e1cticas escolares quitando autonom\u00eda profesional a los y las docentes...","twitter_misc":{"Escrito por":"Carmen Rodr\u00edguez Mart\u00ednez","Tiempo de lectura":"5 minutos"},"schema":{"@context":"https:\/\/schema.org","@graph":[{"@type":"Article","@id":"https:\/\/eldiariodelaeducacion.com\/porotrapoliticaeducativa\/2020\/10\/20\/la-lomloe-una-oportunidad-perdida\/#article","isPartOf":{"@id":"https:\/\/eldiariodelaeducacion.com\/porotrapoliticaeducativa\/2020\/10\/20\/la-lomloe-una-oportunidad-perdida\/"},"author":{"name":"Carmen Rodr\u00edguez Mart\u00ednez","@id":"https:\/\/eldiariodelaeducacion.com\/porotrapoliticaeducativa\/#\/schema\/person\/eeb0b66fbcf65fa8770bf5ce2c2eb88e"},"headline":"La LOMLOE, \u00bfuna oportunidad perdida?","datePublished":"2020-10-20T08:10:21+00:00","dateModified":"2024-08-21T14:50:54+00:00","mainEntityOfPage":{"@id":"https:\/\/eldiariodelaeducacion.com\/porotrapoliticaeducativa\/2020\/10\/20\/la-lomloe-una-oportunidad-perdida\/"},"wordCount":908,"commentCount":0,"image":{"@id":"https:\/\/eldiariodelaeducacion.com\/porotrapoliticaeducativa\/2020\/10\/20\/la-lomloe-una-oportunidad-perdida\/#primaryimage"},"thumbnailUrl":"https:\/\/eldiariodelaeducacion.com\/porotrapoliticaeducativa\/wp-content\/uploads\/sites\/21\/2020\/10\/20.10-LOMLOE5.jpg","keywords":["escuela p\u00fablica","Justicia escolar","LOMLOE","Pol\u00edtica educativa","Pol\u00edticas educativas","Reformas educativas"],"articleSection":["Foro de Sevilla","Por otra pol\u00edtica educativa. Foro de Sevilla"],"inLanguage":"es","potentialAction":[{"@type":"CommentAction","name":"Comment","target":["https:\/\/eldiariodelaeducacion.com\/porotrapoliticaeducativa\/2020\/10\/20\/la-lomloe-una-oportunidad-perdida\/#respond"]}]},{"@type":"WebPage","@id":"https:\/\/eldiariodelaeducacion.com\/porotrapoliticaeducativa\/2020\/10\/20\/la-lomloe-una-oportunidad-perdida\/","url":"https:\/\/eldiariodelaeducacion.com\/porotrapoliticaeducativa\/2020\/10\/20\/la-lomloe-una-oportunidad-perdida\/","name":"La LOMLOE, \u00bfuna oportunidad perdida? - Por otra pol\u00edtica educativa. Foro de Sevilla.","isPartOf":{"@id":"https:\/\/eldiariodelaeducacion.com\/porotrapoliticaeducativa\/#website"},"primaryImageOfPage":{"@id":"https:\/\/eldiariodelaeducacion.com\/porotrapoliticaeducativa\/2020\/10\/20\/la-lomloe-una-oportunidad-perdida\/#primaryimage"},"image":{"@id":"https:\/\/eldiariodelaeducacion.com\/porotrapoliticaeducativa\/2020\/10\/20\/la-lomloe-una-oportunidad-perdida\/#primaryimage"},"thumbnailUrl":"https:\/\/eldiariodelaeducacion.com\/porotrapoliticaeducativa\/wp-content\/uploads\/sites\/21\/2020\/10\/20.10-LOMLOE5.jpg","datePublished":"2020-10-20T08:10:21+00:00","dateModified":"2024-08-21T14:50:54+00:00","author":{"@id":"https:\/\/eldiariodelaeducacion.com\/porotrapoliticaeducativa\/#\/schema\/person\/eeb0b66fbcf65fa8770bf5ce2c2eb88e"},"description":"Sin menospreciar las derogaciones que se han realizado en esta nueva ley y que eran muy necesarias, la propuesta de la LOMLOE mantiene el modelo curricular caracter\u00edstico de nuestro pa\u00eds, con curr\u00edculos extensos y memor\u00edsticos, reforzados con evaluaciones externas que imponen lo que hay que ense\u00f1ar y controlan las pr\u00e1cticas escolares quitando autonom\u00eda profesional a los y las docentes...","breadcrumb":{"@id":"https:\/\/eldiariodelaeducacion.com\/porotrapoliticaeducativa\/2020\/10\/20\/la-lomloe-una-oportunidad-perdida\/#breadcrumb"},"inLanguage":"es","potentialAction":[{"@type":"ReadAction","target":["https:\/\/eldiariodelaeducacion.com\/porotrapoliticaeducativa\/2020\/10\/20\/la-lomloe-una-oportunidad-perdida\/"]}]},{"@type":"ImageObject","inLanguage":"es","@id":"https:\/\/eldiariodelaeducacion.com\/porotrapoliticaeducativa\/2020\/10\/20\/la-lomloe-una-oportunidad-perdida\/#primaryimage","url":"https:\/\/eldiariodelaeducacion.com\/porotrapoliticaeducativa\/wp-content\/uploads\/sites\/21\/2020\/10\/20.10-LOMLOE5.jpg","contentUrl":"https:\/\/eldiariodelaeducacion.com\/porotrapoliticaeducativa\/wp-content\/uploads\/sites\/21\/2020\/10\/20.10-LOMLOE5.jpg","width":721,"height":654,"caption":"Mr. Hyde, por Manuel P\u00e9rez B\u00e1\u00f1ez [@ManuElpielRoja]"},{"@type":"BreadcrumbList","@id":"https:\/\/eldiariodelaeducacion.com\/porotrapoliticaeducativa\/2020\/10\/20\/la-lomloe-una-oportunidad-perdida\/#breadcrumb","itemListElement":[{"@type":"ListItem","position":1,"name":"Portada","item":"https:\/\/eldiariodelaeducacion.com\/porotrapoliticaeducativa\/"},{"@type":"ListItem","position":2,"name":"La LOMLOE, \u00bfuna oportunidad perdida?"}]},{"@type":"WebSite","@id":"https:\/\/eldiariodelaeducacion.com\/porotrapoliticaeducativa\/#website","url":"https:\/\/eldiariodelaeducacion.com\/porotrapoliticaeducativa\/","name":"Por otra pol\u00edtica educativa. Foro de Sevilla.","description":"Un blog de El Diario de la Educaci\u00f3n","potentialAction":[{"@type":"SearchAction","target":{"@type":"EntryPoint","urlTemplate":"https:\/\/eldiariodelaeducacion.com\/porotrapoliticaeducativa\/?s={search_term_string}"},"query-input":{"@type":"PropertyValueSpecification","valueRequired":true,"valueName":"search_term_string"}}],"inLanguage":"es"},{"@type":"Person","@id":"https:\/\/eldiariodelaeducacion.com\/porotrapoliticaeducativa\/#\/schema\/person\/eeb0b66fbcf65fa8770bf5ce2c2eb88e","name":"Carmen Rodr\u00edguez Mart\u00ednez","image":{"@type":"ImageObject","inLanguage":"es","@id":"https:\/\/eldiariodelaeducacion.com\/wp-content\/uploads\/2024\/10\/carmen-rodriguez-martinez_avatar-96x96.jpg","url":"https:\/\/eldiariodelaeducacion.com\/wp-content\/uploads\/2024\/10\/carmen-rodriguez-martinez_avatar-96x96.jpg","contentUrl":"https:\/\/eldiariodelaeducacion.com\/wp-content\/uploads\/2024\/10\/carmen-rodriguez-martinez_avatar-96x96.jpg","caption":"Carmen Rodr\u00edguez Mart\u00ednez"},"description":"Doctora en Filosof\u00eda y Ciencias de la Educaci\u00f3n. Profesora Titular del Departamento de Did\u00e1ctica y Organizaci\u00f3n Escolar de la Universidad de M\u00e1laga. Miembro de la Permanente del Foro de Sevilla. Por otra pol\u00edtica educativa.","url":"https:\/\/eldiariodelaeducacion.com\/porotrapoliticaeducativa\/author\/crodriguez\/"}]}},"_links":{"self":[{"href":"https:\/\/eldiariodelaeducacion.com\/porotrapoliticaeducativa\/wp-json\/wp\/v2\/posts\/726","targetHints":{"allow":["GET"]}}],"collection":[{"href":"https:\/\/eldiariodelaeducacion.com\/porotrapoliticaeducativa\/wp-json\/wp\/v2\/posts"}],"about":[{"href":"https:\/\/eldiariodelaeducacion.com\/porotrapoliticaeducativa\/wp-json\/wp\/v2\/types\/post"}],"author":[{"embeddable":true,"href":"https:\/\/eldiariodelaeducacion.com\/porotrapoliticaeducativa\/wp-json\/wp\/v2\/users\/201"}],"replies":[{"embeddable":true,"href":"https:\/\/eldiariodelaeducacion.com\/porotrapoliticaeducativa\/wp-json\/wp\/v2\/comments?post=726"}],"version-history":[{"count":1,"href":"https:\/\/eldiariodelaeducacion.com\/porotrapoliticaeducativa\/wp-json\/wp\/v2\/posts\/726\/revisions"}],"predecessor-version":[{"id":2447,"href":"https:\/\/eldiariodelaeducacion.com\/porotrapoliticaeducativa\/wp-json\/wp\/v2\/posts\/726\/revisions\/2447"}],"wp:featuredmedia":[{"embeddable":true,"href":"https:\/\/eldiariodelaeducacion.com\/porotrapoliticaeducativa\/wp-json\/wp\/v2\/media\/741"}],"wp:attachment":[{"href":"https:\/\/eldiariodelaeducacion.com\/porotrapoliticaeducativa\/wp-json\/wp\/v2\/media?parent=726"}],"wp:term":[{"taxonomy":"category","embeddable":true,"href":"https:\/\/eldiariodelaeducacion.com\/porotrapoliticaeducativa\/wp-json\/wp\/v2\/categories?post=726"},{"taxonomy":"post_tag","embeddable":true,"href":"https:\/\/eldiariodelaeducacion.com\/porotrapoliticaeducativa\/wp-json\/wp\/v2\/tags?post=726"},{"taxonomy":"tipo","embeddable":true,"href":"https:\/\/eldiariodelaeducacion.com\/porotrapoliticaeducativa\/wp-json\/wp\/v2\/tipo?post=726"}],"curies":[{"name":"wp","href":"https:\/\/api.w.org\/{rel}","templated":true}]}}