{"id":148,"date":"2024-02-08T06:00:23","date_gmt":"2024-02-08T06:00:23","guid":{"rendered":"https:\/\/eldiariodelaeducacion.com\/prisma-convives\/?p=148"},"modified":"2024-02-28T12:11:40","modified_gmt":"2024-02-28T11:11:40","slug":"un-momento-por-favor","status":"publish","type":"post","link":"https:\/\/eldiariodelaeducacion.com\/prisma-convives\/2024\/02\/08\/un-momento-por-favor\/","title":{"rendered":"Un momento, por favor"},"content":{"rendered":"<p style=\"text-align: right\">\u00abLa educaci\u00f3n no puede ser neutral. O bien est\u00e1 al servicio de la reproducci\u00f3n de una sociedad injusta, o bien al servicio de la transformaci\u00f3n hacia una sociedad m\u00e1s justa.\u00bb P. Freire<\/p>\n<p>Cuando miro a mi alrededor, escucho al profesorado, a las familias y a responsables educativos de distintos niveles, tengo la sensaci\u00f3n de que algo no va bien, de que nos hace falta un tiempo, de ah\u00ed el t\u00edtulo, que necesitamos parar para reajustar la br\u00fajula y recuperar el norte. Me hago muchas preguntas, seguramente las mismas que todas nos hacemos.<\/p>\n<p>Repetir que vivimos tiempo inciertos, que nos enfrentamos a la urgente necesidad de reinventarnos a todos los niveles y hacerlo poniendo en el centro el bienestar de todas las personas, es una obviedad, ya lo s\u00e9.<\/p>\n<p>Pero, tambi\u00e9n creo que necesitamos pararnos un momento para reflexionar y dialogar juntas sobre nuestras esperanzas y expectativas, sue\u00f1os y aspiraciones sobre la educaci\u00f3n que queremos.<\/p>\n<p>Alguien dijo que \u201cla sabidur\u00eda est\u00e1 en las preguntas\u201d. Por eso hay que hacerse muchas con la esperanza de que todos los agentes sociales implicados en la educaci\u00f3n busquen, encuentren y compartan las respuestas para contribuir a la creaci\u00f3n de unos marcos mentales compartidos que posibiliten avanzar en la misma direcci\u00f3n y transformarla.<\/p>\n<h3>Algunas preguntas que pueden ayudarnos<\/h3>\n<p><em>\u00bfEn qu\u00e9 sociedad queremos vivir?<\/em> Imagina, sue\u00f1a y descr\u00edbela.<\/p>\n<p>Ahora compara, <em>\u00bfest\u00e1 esto alineado con nuestras rutinas escolares, con lo que hacemos en el d\u00eda a d\u00eda en los centros?<\/em> Analiza si mantenemos y fortalecemos la sociedad la actual o estamos promoviendo la transformaci\u00f3n para avanzar hacia una sociedad, m\u00e1s justa, solidaria y sostenible.<\/p>\n<p><em>\u00bfQu\u00e9 podemos hacer?<\/em> Transitar de las protestas a las propuestas, como se dec\u00eda ya en el Foro de Porto Alegre hace un mont\u00f3n de a\u00f1os. Con los pies en la tierra, paso a paso, sin correr el riesgo de querer hacerlo todo y no hacer nada, como cuando cambiamos todo para, en el fondo, no cambiar nada.<\/p>\n<p>Marina Garc\u00e9s, dice que \u201cla educaci\u00f3n es el conjunto de actividades diversas que tienen que ver con aprender a \/pensar juntos en c\u00f3mo vivir y mejorar este mundo que tenemos\u201d.<\/p>\n<p><em>\u00bfQu\u00e9 procesos nos har\u00e1n transitar con \u00e9xito entre el punto de partida y las metas que deseamos alcanzar, una vez definidas estas de manera colectiva?<\/em><\/p>\n<p>Iniciar un proceso de cambio exige disponer de espacios y tiempos sosegados para la reflexi\u00f3n y el di\u00e1logo que nos permitan compartir paradigmas y creencias.<\/p>\n<p><em>\u00bfC\u00f3mo nos contamos qu\u00e9 es para nosotras la educaci\u00f3n?<\/em><\/p>\n<p>Yo pienso que educar es poner las condiciones necesarias para que todas las personas desarrollen las competencias y valores necesarios que les permitan llegar a ser hombres y mujeres que buscan su plena realizaci\u00f3n y se comprometen en la construcci\u00f3n de una sociedad m\u00e1s justa, solidaria y sostenible. Por ello, la educaci\u00f3n es la puesta en pr\u00e1ctica de los procesos, estrategias y recursos de todo tipo para construir la sociedad que deseamos. Dejando claro que la educaci\u00f3n no se limita a la etapa escolar, sino que se produce a lo largo de toda la vida.<\/p>\n<p>Tambi\u00e9n se ha dicho que \u201cno hay buenos vientos para la nave que no tiene rumbo. Pero,<em> \u00bfqui\u00e9n decide el rumbo?<\/em> Por eso, es necesario preguntarnos qu\u00e9 sociedad queremos. Si no tenemos clara la meta, todo lo dem\u00e1s sobra.<\/p>\n<p><em>\u00bfC\u00f3mo participa la sociedad en su conjunto en su definici\u00f3n?<\/em> Aqu\u00ed tendr\u00edamos que hablar de la escucha, el di\u00e1logo y el consenso que nos permitan hacer uso de la inteligencia colectiva y encontrar las metas compartidas que generen sinergias eficientes para lograrlas.<\/p>\n<p><em>\u00bfHa de ser la sociedad civil, las comunidades educativas o se ha de dejar en manos de la clase pol\u00edtica, las personas expertas, empresas, organismos internacionales diversos?<\/em> (y no es lo mismo la Unesco que la OCDE)<\/p>\n<p>Adem\u00e1s de la meta, conviene tener claro el punto de partida para marcar la mejor ruta. Es necesario mirar con objetividad y analizar en profundidad nuestro centro y valorarlo en su justa medida. Ver sus puntos fuertes y d\u00e9biles, detectar las \u00e1reas de mejora y proponer las actuaciones necesarias para optimizar todos los recursos y procesos necesarios para seguir mejor\u00e1ndola.<\/p>\n<p>Paulo Freire dec\u00eda que \u201ctenemos que pasar de la cultura de la queja a la de transformaci\u00f3n\u201d y yo a\u00f1adir\u00eda que esta transformaci\u00f3n es una responsabilidad colectiva, puesto que solemos ver con mucha facilidad lo que deben hacer otras personas o instituciones y no lo que nos corresponde a cada una de nosotras. S\u00f3lo puedo exigir a otras que cumplan su parte, cuando yo cumplo con mimo la que me corresponde.<\/p>\n<p>Los cambios necesarios se han de abordar a tres niveles y de modo simult\u00e1neo: m<strong>acro<\/strong>, es decir, las pol\u00edticas educativas y la dotaci\u00f3n de todos los medios para llevarlas a cabo. <strong>Meso<\/strong>, por una parte, los proyectos educativos de los centros, el liderazgo, la organizaci\u00f3n y gesti\u00f3n de las rutinas escolares, todo ello fundamentado en el bienestar de la comunidad educativa. Por otra, la implicaci\u00f3n de los ayuntamientos en la educaci\u00f3n que complementa la escolar y afecta toda la ciudadan\u00eda. Por \u00faltimo, el nivel <strong>micro<\/strong>, que demanda la responsabilidad individual como persona educadora. El profesorado es un elemento clave y su profesionalidad y compromiso docente es fundamental, pero sin olvidar el importante papel de las familias y de todas las personas puesto que todas educamos con nuestro ejemplo a las dem\u00e1s.<\/p>\n<p>Por eso, antes de reclamar su parte a los dos estamentos restantes, es importante que veamos si el nuestro va por delante y tenemos autoridad moral para hacerlo.<\/p>\n<p>Solo a trav\u00e9s del di\u00e1logo y la colaboraci\u00f3n en los tres niveles, avanzando en la misma direcci\u00f3n, se puede lograr la mejora de la educaci\u00f3n.<\/p>\n<p>Puesta a so\u00f1ar, esto es lo que me gustar\u00eda y espero que suceda.<\/p>\n<ol>\n<li>Que recuperemos el verdadero sentido de la educaci\u00f3n aqu\u00ed y ahora y se d\u00e9 un compromiso colectivo, en los tres niveles antes citados, para hacerla realidad.<\/li>\n<li>Que se ponga en valor la funci\u00f3n docente, al profesorado, que es un modelo y un agente educativo fundamental. Una profesi\u00f3n solo para las mejores personas de la especie, las m\u00e1s evolucionadas humanamente, porque nadie puede dar lo que no tiene y no se educa por lo que se dice sino por lo que se hace. Una sociedad inteligente debe dedicar a la ense\u00f1anza, sus mejores talentos y crear las mejores oportunidades para cada persona.<br \/>\nAdem\u00e1s de seleccionar a quienes han de educar a los ni\u00f1os, ni\u00f1as y j\u00f3venes por sus competencias, personales, socioemocionales, profesionales y valores para ello, garantizarles una formaci\u00f3n inicial y continua acorde con los retos que a los que se van a enfrentar en el ejercicio de la docencia y, sobre todo, compartir lo marcos mentales y el compromiso que supone ser docente en este momento.<\/li>\n<li>Que el sistema educativo se fundamente en la inclusi\u00f3n, la equidad y el bienestar de toda la comunidad educativa, como fundamento del desarrollo humano. Para ello, que los proyectos educativos de los centros incluyan los planes de bienestar, inclusi\u00f3n, igualdad y convivencia positiva.<\/li>\n<li>Que se dote a los centros de los recursos de todo tipo necesarios para garantizar el derecho a la educaci\u00f3n a todo el alumnado y que en los centros se gestionen con criterios de eficiencia y responsabilidad social<\/li>\n<li>Que los avances tecnol\u00f3gicos, actuales y futuros, formen parte de la educaci\u00f3n y desarrollen las competencias y valores para su utilizaci\u00f3n al servicio del desarrollo humano, la justicia social y el bienestar colectivo.<\/li>\n<li>Que se garantice la oferta y la calidad de todos los centros p\u00fablicos<\/li>\n<\/ol>\n<h3>Retos para la sociedad<\/h3>\n<ol>\n<li>Que todas las personas sean conscientes, y act\u00faen en consecuencia, de que son educadoras, que su ejemplo, sea para bien o para mal, educa siempre y en todo lugar.<\/li>\n<li>Que es urgente cambiar los paradigmas del \u00e9xito, el poder y la acumulaci\u00f3n, que nos han tra\u00eddo aqu\u00ed, a esta sociedad tan injusta y violenta, por el paradigma de la \u00e9tica del cuidado, que pone a las personas y su bienestar en el centro de todo, sea la econom\u00eda, educaci\u00f3n, la salud, etc.<\/li>\n<li>Asumir la responsabilidad colectiva en la educaci\u00f3n, sobre todo las familias, los agentes sociales, los ayuntamientos, etc.<\/li>\n<li>Crear espacios de encuentro para hablar de educaci\u00f3n, campa\u00f1as de sensibilizaci\u00f3n, din\u00e1micas participativas, que a trav\u00e9s de la inteligencia colectiva se vayan creando y se compartan los nuevos marcos mentales que le momento actual y el bienestar de las personas est\u00e1n demandando.<\/li>\n<li>Que se asuma el reto de gestionar y tomar las medidas oportunas para que la educaci\u00f3n formal, no formal e informal, promuevan al un\u00edsono el objetivo de llegar a ser buenas personas, buenas ciudadanas y buenas profesionales y desarrollar las competencias y valores que lo faciliten y promuevan.<\/li>\n<\/ol>\n","protected":false},"excerpt":{"rendered":"<p>\u00abLa educaci\u00f3n no puede ser neutral. O bien est\u00e1 al servicio de la reproducci\u00f3n de una sociedad injusta, o bien al servicio de la transformaci\u00f3n hacia una sociedad m\u00e1s justa.\u00bb P. Freire Cuando miro a mi alrededor, escucho al profesorado, a las familias y a responsables educativos de distintos niveles, tengo la sensaci\u00f3n de que<\/p>\n","protected":false},"author":254,"featured_media":150,"comment_status":"open","ping_status":"open","sticky":false,"template":"","format":"standard","meta":{"footnotes":""},"categories":[2],"tags":[],"tipo":[16],"class_list":{"0":"post-148","1":"post","2":"type-post","3":"status-publish","4":"format-standard","5":"has-post-thumbnail","7":"category-prisma-convivencia","8":"tipo-analisis"},"yoast_head":"<!-- This site is optimized with the Yoast SEO plugin v27.5 - https:\/\/yoast.com\/product\/yoast-seo-wordpress\/ -->\n<title>Un momento, por favor - Prisma Convives<\/title>\n<meta name=\"robots\" content=\"index, follow, max-snippet:-1, max-image-preview:large, max-video-preview:-1\" \/>\n<link rel=\"canonical\" href=\"https:\/\/eldiariodelaeducacion.com\/prisma-convives\/2024\/02\/08\/un-momento-por-favor\/\" \/>\n<meta property=\"og:locale\" content=\"es_ES\" \/>\n<meta property=\"og:type\" content=\"article\" \/>\n<meta property=\"og:title\" content=\"Un momento, por favor - Prisma Convives\" \/>\n<meta property=\"og:description\" content=\"\u00abLa educaci\u00f3n no puede ser neutral. O bien est\u00e1 al servicio de la reproducci\u00f3n de una sociedad injusta, o bien al servicio de la transformaci\u00f3n hacia una sociedad m\u00e1s justa.\u00bb P. Freire Cuando miro a mi alrededor, escucho al profesorado, a las familias y a responsables educativos de distintos niveles, tengo la sensaci\u00f3n de que\" \/>\n<meta property=\"og:url\" content=\"https:\/\/eldiariodelaeducacion.com\/prisma-convives\/2024\/02\/08\/un-momento-por-favor\/\" \/>\n<meta property=\"og:site_name\" content=\"Prisma Convives\" \/>\n<meta property=\"article:published_time\" content=\"2024-02-08T06:00:23+00:00\" \/>\n<meta property=\"article:modified_time\" content=\"2024-02-28T11:11:40+00:00\" \/>\n<meta property=\"og:image\" content=\"https:\/\/eldiariodelaeducacion.com\/prisma-convives\/wp-content\/uploads\/sites\/11\/2024\/02\/GettyImages-854385926.jpg\" \/>\n\t<meta property=\"og:image:width\" content=\"2119\" \/>\n\t<meta property=\"og:image:height\" content=\"1415\" \/>\n\t<meta property=\"og:image:type\" content=\"image\/jpeg\" \/>\n<meta name=\"author\" content=\"N\u00e9lida Zaitegi\" \/>\n<meta name=\"twitter:card\" content=\"summary_large_image\" \/>\n<meta name=\"twitter:label1\" content=\"Escrito por\" \/>\n\t<meta name=\"twitter:data1\" content=\"N\u00e9lida Zaitegi\" \/>\n\t<meta name=\"twitter:label2\" content=\"Tiempo de lectura\" \/>\n\t<meta name=\"twitter:data2\" content=\"8 minutos\" \/>\n<script type=\"application\/ld+json\" class=\"yoast-schema-graph\">{\"@context\":\"https:\\\/\\\/schema.org\",\"@graph\":[{\"@type\":\"Article\",\"@id\":\"https:\\\/\\\/eldiariodelaeducacion.com\\\/prisma-convives\\\/2024\\\/02\\\/08\\\/un-momento-por-favor\\\/#article\",\"isPartOf\":{\"@id\":\"https:\\\/\\\/eldiariodelaeducacion.com\\\/prisma-convives\\\/2024\\\/02\\\/08\\\/un-momento-por-favor\\\/\"},\"author\":{\"name\":\"N\u00e9lida Zaitegi\",\"@id\":\"https:\\\/\\\/eldiariodelaeducacion.com\\\/prisma-convives\\\/#\\\/schema\\\/person\\\/3ba00be123d7cbeb669e3da35bd61f2b\"},\"headline\":\"Un momento, por favor\",\"datePublished\":\"2024-02-08T06:00:23+00:00\",\"dateModified\":\"2024-02-28T11:11:40+00:00\",\"mainEntityOfPage\":{\"@id\":\"https:\\\/\\\/eldiariodelaeducacion.com\\\/prisma-convives\\\/2024\\\/02\\\/08\\\/un-momento-por-favor\\\/\"},\"wordCount\":1544,\"commentCount\":0,\"image\":{\"@id\":\"https:\\\/\\\/eldiariodelaeducacion.com\\\/prisma-convives\\\/2024\\\/02\\\/08\\\/un-momento-por-favor\\\/#primaryimage\"},\"thumbnailUrl\":\"https:\\\/\\\/eldiariodelaeducacion.com\\\/prisma-convives\\\/wp-content\\\/uploads\\\/sites\\\/11\\\/2024\\\/02\\\/GettyImages-854385926.jpg\",\"articleSection\":[\"Prisma Convivencia\"],\"inLanguage\":\"es\",\"potentialAction\":[{\"@type\":\"CommentAction\",\"name\":\"Comment\",\"target\":[\"https:\\\/\\\/eldiariodelaeducacion.com\\\/prisma-convives\\\/2024\\\/02\\\/08\\\/un-momento-por-favor\\\/#respond\"]}]},{\"@type\":\"WebPage\",\"@id\":\"https:\\\/\\\/eldiariodelaeducacion.com\\\/prisma-convives\\\/2024\\\/02\\\/08\\\/un-momento-por-favor\\\/\",\"url\":\"https:\\\/\\\/eldiariodelaeducacion.com\\\/prisma-convives\\\/2024\\\/02\\\/08\\\/un-momento-por-favor\\\/\",\"name\":\"Un momento, por favor - Prisma Convives\",\"isPartOf\":{\"@id\":\"https:\\\/\\\/eldiariodelaeducacion.com\\\/prisma-convives\\\/#website\"},\"primaryImageOfPage\":{\"@id\":\"https:\\\/\\\/eldiariodelaeducacion.com\\\/prisma-convives\\\/2024\\\/02\\\/08\\\/un-momento-por-favor\\\/#primaryimage\"},\"image\":{\"@id\":\"https:\\\/\\\/eldiariodelaeducacion.com\\\/prisma-convives\\\/2024\\\/02\\\/08\\\/un-momento-por-favor\\\/#primaryimage\"},\"thumbnailUrl\":\"https:\\\/\\\/eldiariodelaeducacion.com\\\/prisma-convives\\\/wp-content\\\/uploads\\\/sites\\\/11\\\/2024\\\/02\\\/GettyImages-854385926.jpg\",\"datePublished\":\"2024-02-08T06:00:23+00:00\",\"dateModified\":\"2024-02-28T11:11:40+00:00\",\"author\":{\"@id\":\"https:\\\/\\\/eldiariodelaeducacion.com\\\/prisma-convives\\\/#\\\/schema\\\/person\\\/3ba00be123d7cbeb669e3da35bd61f2b\"},\"breadcrumb\":{\"@id\":\"https:\\\/\\\/eldiariodelaeducacion.com\\\/prisma-convives\\\/2024\\\/02\\\/08\\\/un-momento-por-favor\\\/#breadcrumb\"},\"inLanguage\":\"es\",\"potentialAction\":[{\"@type\":\"ReadAction\",\"target\":[\"https:\\\/\\\/eldiariodelaeducacion.com\\\/prisma-convives\\\/2024\\\/02\\\/08\\\/un-momento-por-favor\\\/\"]}]},{\"@type\":\"ImageObject\",\"inLanguage\":\"es\",\"@id\":\"https:\\\/\\\/eldiariodelaeducacion.com\\\/prisma-convives\\\/2024\\\/02\\\/08\\\/un-momento-por-favor\\\/#primaryimage\",\"url\":\"https:\\\/\\\/eldiariodelaeducacion.com\\\/prisma-convives\\\/wp-content\\\/uploads\\\/sites\\\/11\\\/2024\\\/02\\\/GettyImages-854385926.jpg\",\"contentUrl\":\"https:\\\/\\\/eldiariodelaeducacion.com\\\/prisma-convives\\\/wp-content\\\/uploads\\\/sites\\\/11\\\/2024\\\/02\\\/GettyImages-854385926.jpg\",\"width\":2119,\"height\":1415,\"caption\":\"GettyImages\"},{\"@type\":\"BreadcrumbList\",\"@id\":\"https:\\\/\\\/eldiariodelaeducacion.com\\\/prisma-convives\\\/2024\\\/02\\\/08\\\/un-momento-por-favor\\\/#breadcrumb\",\"itemListElement\":[{\"@type\":\"ListItem\",\"position\":1,\"name\":\"Portada\",\"item\":\"https:\\\/\\\/eldiariodelaeducacion.com\\\/prisma-convives\\\/\"},{\"@type\":\"ListItem\",\"position\":2,\"name\":\"Un momento, por favor\"}]},{\"@type\":\"WebSite\",\"@id\":\"https:\\\/\\\/eldiariodelaeducacion.com\\\/prisma-convives\\\/#website\",\"url\":\"https:\\\/\\\/eldiariodelaeducacion.com\\\/prisma-convives\\\/\",\"name\":\"Prisma Convives\",\"description\":\"Un blog de El Diario de la Educaci\u00f3n\",\"potentialAction\":[{\"@type\":\"SearchAction\",\"target\":{\"@type\":\"EntryPoint\",\"urlTemplate\":\"https:\\\/\\\/eldiariodelaeducacion.com\\\/prisma-convives\\\/?s={search_term_string}\"},\"query-input\":{\"@type\":\"PropertyValueSpecification\",\"valueRequired\":true,\"valueName\":\"search_term_string\"}}],\"inLanguage\":\"es\"},{\"@type\":\"Person\",\"@id\":\"https:\\\/\\\/eldiariodelaeducacion.com\\\/prisma-convives\\\/#\\\/schema\\\/person\\\/3ba00be123d7cbeb669e3da35bd61f2b\",\"name\":\"N\u00e9lida Zaitegi\",\"image\":{\"@type\":\"ImageObject\",\"inLanguage\":\"es\",\"@id\":\"https:\\\/\\\/secure.gravatar.com\\\/avatar\\\/23ca28c130a2bf0d5e403351ef2181e1be5140a8f9078986826628650f4cafe3?s=96&d=mm&r=g\",\"url\":\"https:\\\/\\\/secure.gravatar.com\\\/avatar\\\/23ca28c130a2bf0d5e403351ef2181e1be5140a8f9078986826628650f4cafe3?s=96&d=mm&r=g\",\"contentUrl\":\"https:\\\/\\\/secure.gravatar.com\\\/avatar\\\/23ca28c130a2bf0d5e403351ef2181e1be5140a8f9078986826628650f4cafe3?s=96&d=mm&r=g\",\"caption\":\"N\u00e9lida Zaitegi\"},\"url\":\"https:\\\/\\\/eldiariodelaeducacion.com\\\/prisma-convives\\\/author\\\/nelidazaitegi\\\/\"}]}<\/script>\n<!-- \/ Yoast SEO plugin. -->","yoast_head_json":{"title":"Un momento, por favor - Prisma Convives","robots":{"index":"index","follow":"follow","max-snippet":"max-snippet:-1","max-image-preview":"max-image-preview:large","max-video-preview":"max-video-preview:-1"},"canonical":"https:\/\/eldiariodelaeducacion.com\/prisma-convives\/2024\/02\/08\/un-momento-por-favor\/","og_locale":"es_ES","og_type":"article","og_title":"Un momento, por favor - Prisma Convives","og_description":"\u00abLa educaci\u00f3n no puede ser neutral. O bien est\u00e1 al servicio de la reproducci\u00f3n de una sociedad injusta, o bien al servicio de la transformaci\u00f3n hacia una sociedad m\u00e1s justa.\u00bb P. Freire Cuando miro a mi alrededor, escucho al profesorado, a las familias y a responsables educativos de distintos niveles, tengo la sensaci\u00f3n de que","og_url":"https:\/\/eldiariodelaeducacion.com\/prisma-convives\/2024\/02\/08\/un-momento-por-favor\/","og_site_name":"Prisma Convives","article_published_time":"2024-02-08T06:00:23+00:00","article_modified_time":"2024-02-28T11:11:40+00:00","og_image":[{"width":2119,"height":1415,"url":"https:\/\/eldiariodelaeducacion.com\/prisma-convives\/wp-content\/uploads\/sites\/11\/2024\/02\/GettyImages-854385926.jpg","type":"image\/jpeg"}],"author":"N\u00e9lida Zaitegi","twitter_card":"summary_large_image","twitter_misc":{"Escrito por":"N\u00e9lida Zaitegi","Tiempo de lectura":"8 minutos"},"schema":{"@context":"https:\/\/schema.org","@graph":[{"@type":"Article","@id":"https:\/\/eldiariodelaeducacion.com\/prisma-convives\/2024\/02\/08\/un-momento-por-favor\/#article","isPartOf":{"@id":"https:\/\/eldiariodelaeducacion.com\/prisma-convives\/2024\/02\/08\/un-momento-por-favor\/"},"author":{"name":"N\u00e9lida Zaitegi","@id":"https:\/\/eldiariodelaeducacion.com\/prisma-convives\/#\/schema\/person\/3ba00be123d7cbeb669e3da35bd61f2b"},"headline":"Un momento, por favor","datePublished":"2024-02-08T06:00:23+00:00","dateModified":"2024-02-28T11:11:40+00:00","mainEntityOfPage":{"@id":"https:\/\/eldiariodelaeducacion.com\/prisma-convives\/2024\/02\/08\/un-momento-por-favor\/"},"wordCount":1544,"commentCount":0,"image":{"@id":"https:\/\/eldiariodelaeducacion.com\/prisma-convives\/2024\/02\/08\/un-momento-por-favor\/#primaryimage"},"thumbnailUrl":"https:\/\/eldiariodelaeducacion.com\/prisma-convives\/wp-content\/uploads\/sites\/11\/2024\/02\/GettyImages-854385926.jpg","articleSection":["Prisma Convivencia"],"inLanguage":"es","potentialAction":[{"@type":"CommentAction","name":"Comment","target":["https:\/\/eldiariodelaeducacion.com\/prisma-convives\/2024\/02\/08\/un-momento-por-favor\/#respond"]}]},{"@type":"WebPage","@id":"https:\/\/eldiariodelaeducacion.com\/prisma-convives\/2024\/02\/08\/un-momento-por-favor\/","url":"https:\/\/eldiariodelaeducacion.com\/prisma-convives\/2024\/02\/08\/un-momento-por-favor\/","name":"Un momento, por favor - Prisma Convives","isPartOf":{"@id":"https:\/\/eldiariodelaeducacion.com\/prisma-convives\/#website"},"primaryImageOfPage":{"@id":"https:\/\/eldiariodelaeducacion.com\/prisma-convives\/2024\/02\/08\/un-momento-por-favor\/#primaryimage"},"image":{"@id":"https:\/\/eldiariodelaeducacion.com\/prisma-convives\/2024\/02\/08\/un-momento-por-favor\/#primaryimage"},"thumbnailUrl":"https:\/\/eldiariodelaeducacion.com\/prisma-convives\/wp-content\/uploads\/sites\/11\/2024\/02\/GettyImages-854385926.jpg","datePublished":"2024-02-08T06:00:23+00:00","dateModified":"2024-02-28T11:11:40+00:00","author":{"@id":"https:\/\/eldiariodelaeducacion.com\/prisma-convives\/#\/schema\/person\/3ba00be123d7cbeb669e3da35bd61f2b"},"breadcrumb":{"@id":"https:\/\/eldiariodelaeducacion.com\/prisma-convives\/2024\/02\/08\/un-momento-por-favor\/#breadcrumb"},"inLanguage":"es","potentialAction":[{"@type":"ReadAction","target":["https:\/\/eldiariodelaeducacion.com\/prisma-convives\/2024\/02\/08\/un-momento-por-favor\/"]}]},{"@type":"ImageObject","inLanguage":"es","@id":"https:\/\/eldiariodelaeducacion.com\/prisma-convives\/2024\/02\/08\/un-momento-por-favor\/#primaryimage","url":"https:\/\/eldiariodelaeducacion.com\/prisma-convives\/wp-content\/uploads\/sites\/11\/2024\/02\/GettyImages-854385926.jpg","contentUrl":"https:\/\/eldiariodelaeducacion.com\/prisma-convives\/wp-content\/uploads\/sites\/11\/2024\/02\/GettyImages-854385926.jpg","width":2119,"height":1415,"caption":"GettyImages"},{"@type":"BreadcrumbList","@id":"https:\/\/eldiariodelaeducacion.com\/prisma-convives\/2024\/02\/08\/un-momento-por-favor\/#breadcrumb","itemListElement":[{"@type":"ListItem","position":1,"name":"Portada","item":"https:\/\/eldiariodelaeducacion.com\/prisma-convives\/"},{"@type":"ListItem","position":2,"name":"Un momento, por favor"}]},{"@type":"WebSite","@id":"https:\/\/eldiariodelaeducacion.com\/prisma-convives\/#website","url":"https:\/\/eldiariodelaeducacion.com\/prisma-convives\/","name":"Prisma Convives","description":"Un blog de El Diario de la Educaci\u00f3n","potentialAction":[{"@type":"SearchAction","target":{"@type":"EntryPoint","urlTemplate":"https:\/\/eldiariodelaeducacion.com\/prisma-convives\/?s={search_term_string}"},"query-input":{"@type":"PropertyValueSpecification","valueRequired":true,"valueName":"search_term_string"}}],"inLanguage":"es"},{"@type":"Person","@id":"https:\/\/eldiariodelaeducacion.com\/prisma-convives\/#\/schema\/person\/3ba00be123d7cbeb669e3da35bd61f2b","name":"N\u00e9lida Zaitegi","image":{"@type":"ImageObject","inLanguage":"es","@id":"https:\/\/secure.gravatar.com\/avatar\/23ca28c130a2bf0d5e403351ef2181e1be5140a8f9078986826628650f4cafe3?s=96&d=mm&r=g","url":"https:\/\/secure.gravatar.com\/avatar\/23ca28c130a2bf0d5e403351ef2181e1be5140a8f9078986826628650f4cafe3?s=96&d=mm&r=g","contentUrl":"https:\/\/secure.gravatar.com\/avatar\/23ca28c130a2bf0d5e403351ef2181e1be5140a8f9078986826628650f4cafe3?s=96&d=mm&r=g","caption":"N\u00e9lida Zaitegi"},"url":"https:\/\/eldiariodelaeducacion.com\/prisma-convives\/author\/nelidazaitegi\/"}]}},"_links":{"self":[{"href":"https:\/\/eldiariodelaeducacion.com\/prisma-convives\/wp-json\/wp\/v2\/posts\/148","targetHints":{"allow":["GET"]}}],"collection":[{"href":"https:\/\/eldiariodelaeducacion.com\/prisma-convives\/wp-json\/wp\/v2\/posts"}],"about":[{"href":"https:\/\/eldiariodelaeducacion.com\/prisma-convives\/wp-json\/wp\/v2\/types\/post"}],"author":[{"embeddable":true,"href":"https:\/\/eldiariodelaeducacion.com\/prisma-convives\/wp-json\/wp\/v2\/users\/254"}],"replies":[{"embeddable":true,"href":"https:\/\/eldiariodelaeducacion.com\/prisma-convives\/wp-json\/wp\/v2\/comments?post=148"}],"version-history":[{"count":1,"href":"https:\/\/eldiariodelaeducacion.com\/prisma-convives\/wp-json\/wp\/v2\/posts\/148\/revisions"}],"predecessor-version":[{"id":253,"href":"https:\/\/eldiariodelaeducacion.com\/prisma-convives\/wp-json\/wp\/v2\/posts\/148\/revisions\/253"}],"wp:featuredmedia":[{"embeddable":true,"href":"https:\/\/eldiariodelaeducacion.com\/prisma-convives\/wp-json\/wp\/v2\/media\/150"}],"wp:attachment":[{"href":"https:\/\/eldiariodelaeducacion.com\/prisma-convives\/wp-json\/wp\/v2\/media?parent=148"}],"wp:term":[{"taxonomy":"category","embeddable":true,"href":"https:\/\/eldiariodelaeducacion.com\/prisma-convives\/wp-json\/wp\/v2\/categories?post=148"},{"taxonomy":"post_tag","embeddable":true,"href":"https:\/\/eldiariodelaeducacion.com\/prisma-convives\/wp-json\/wp\/v2\/tags?post=148"},{"taxonomy":"tipo","embeddable":true,"href":"https:\/\/eldiariodelaeducacion.com\/prisma-convives\/wp-json\/wp\/v2\/tipo?post=148"}],"curies":[{"name":"wp","href":"https:\/\/api.w.org\/{rel}","templated":true}]}}