{"id":623,"date":"2026-09-02T03:09:00","date_gmt":"2026-09-02T01:09:00","guid":{"rendered":"https:\/\/eldiariodelaeducacion.com\/prisma-convives\/?p=623"},"modified":"2026-08-31T14:55:52","modified_gmt":"2026-08-31T12:55:52","slug":"el-exito-del-cambio-del-paradigma-normativo-al-restaurativo","status":"publish","type":"post","link":"https:\/\/eldiariodelaeducacion.com\/prisma-convives\/2026\/09\/02\/el-exito-del-cambio-del-paradigma-normativo-al-restaurativo\/","title":{"rendered":"El \u00e9xito del cambio: del paradigma normativo al restaurativo"},"content":{"rendered":"\n<p class=\"wp-block-paragraph\">Cada d\u00eda, en algunas aulas, los docentes reportan escenas parecidas: una interrupci\u00f3n en clase, una falta de respeto o una disputa en el patio. Situaciones que, en aquellos centros que siguen enfocados en un paradigma tradicional\/normativo, se aborda desde la necesidad de la inmediatez y dejar claro qui\u00e9n ejerce la autoridad, buscando erradicar el conflicto. Se abre el expediente, se entrega el parte de incidencia y, en el peor de los casos, se suspende la asistencia de la persona que gener\u00f3 el conflicto.<\/p>\n\n\n\n<p class=\"wp-block-paragraph\">La pregunta que articula todo el proceso es sencilla y autom\u00e1tica: <em>\u00bfQui\u00e9n fue y qu\u00e9 castigo merece?<\/em> Sin embargo, tras d\u00e9cadas aplicando este enfoque, la evidencia, en estos centros educativos, es clar\u00edsima: <strong>las expulsiones no ense\u00f1an comportamiento procomunitario<\/strong>, el clima escolar no mejora de forma duradera y las heridas relacionales permanecen abiertas.<\/p>\n\n\n\n<p class=\"wp-block-paragraph\">Es esa sensaci\u00f3n de impotencia, y la voluntad del profesorado de encontrar un camino donde emerge la posibilidad de instaurar las pr\u00e1cticas restaurativas, no como una t\u00e9cnica aislada o un conjunto de parches metodol\u00f3gicos, sino como una verdadera transformaci\u00f3n cultural.<\/p>\n\n\n\n<p class=\"wp-block-paragraph\">La clave del \u00e9xito de las <strong>pr\u00e1cticas restaurativas<\/strong> no radica en ese intento de erradicar el conflicto (este es inherente a la convivencia), sino en transformar la manera en que el centro se organiza para responder a \u00e9l. Pasa de la disciplina basada en la autoridad, a la disciplina participativa basada en la responsabilidad y el compromiso con la comunidad.<\/p>\n\n\n\n<figure class=\"wp-block-image size-full\"><img fetchpriority=\"high\" decoding=\"async\" width=\"1024\" height=\"559\" src=\"https:\/\/eldiariodelaeducacion.com\/prisma-convives\/wp-content\/uploads\/sites\/11\/2026\/08\/restaurativa-1.png\" alt=\"\" class=\"wp-image-624\" srcset=\"https:\/\/eldiariodelaeducacion.com\/prisma-convives\/wp-content\/uploads\/sites\/11\/2026\/08\/restaurativa-1.png 1024w, https:\/\/eldiariodelaeducacion.com\/prisma-convives\/wp-content\/uploads\/sites\/11\/2026\/08\/restaurativa-1-300x164.png 300w, https:\/\/eldiariodelaeducacion.com\/prisma-convives\/wp-content\/uploads\/sites\/11\/2026\/08\/restaurativa-1-768x419.png 768w, https:\/\/eldiariodelaeducacion.com\/prisma-convives\/wp-content\/uploads\/sites\/11\/2026\/08\/restaurativa-1-18x10.png 18w, https:\/\/eldiariodelaeducacion.com\/prisma-convives\/wp-content\/uploads\/sites\/11\/2026\/08\/restaurativa-1-150x82.png 150w, https:\/\/eldiariodelaeducacion.com\/prisma-convives\/wp-content\/uploads\/sites\/11\/2026\/08\/restaurativa-1-450x246.png 450w\" sizes=\"(max-width: 1024px) 100vw, 1024px\" \/><\/figure>\n\n\n\n<p class=\"wp-block-paragraph\">El enfoque restaurativo desplaza el foco del castigo hacia<strong> la responsabilidad y la empat\u00eda<\/strong>, cambia la pregunta fundamental por otras mucho m\u00e1s profundas: <em>\u00bfQu\u00e9 hay detr\u00e1s de las acciones? \u00bfc\u00f3mo y a qui\u00e9n han afectado?, \u00bfcu\u00e1les son las necesidades y c\u00f3mo podemos reparar el da\u00f1o?<\/em><\/p>\n\n\n\n<p class=\"wp-block-paragraph\">Transitar de un modelo tradicional\/normativo a uno restaurativo, no significa caer en la permisividad ni eliminar los l\u00edmites. Al contrario: implica sostener una alta exigencia combinada con un alto apoyo, ofreciendo a la comunidad escolar un marco donde el conflicto deja de ser una amenaza que debe ser erradicada mediante la exclusi\u00f3n para convertirse en una oportunidad de aprendizaje socioemocional y especialmente de cuidar los v\u00ednculos<sup><a href=\"#sdfootnote1sym\" id=\"sdfootnote1anc\"><sup>1<\/sup><\/a><\/sup><\/p>\n\n\n\n<h2 class=\"wp-block-heading\">Manos a la obra<\/h2>\n\n\n\n<p class=\"wp-block-paragraph\">Mi experiencia personal, basada en 35 a\u00f1os de docencia y 15 de combinar esa experiencia con la facilitaci\u00f3n de procesos formativos con m\u00e1s de 8.000 participantes y m\u00e1s de 500 centros educativos, refrenda que, llegado el momento en que se plantea el reto de buscar esa alternativa restaurativa al modelo tradicional\/normativo, debemos tener presente que <strong>el paso de un enfoque sancionador a una cultura restaurativa no es un cambio de normas. <\/strong><\/p>\n\n\n\n<p class=\"wp-block-paragraph\">Se trata de<strong> un cambio de mirada y de cultura de centro<\/strong>, no de \u201cincluir\u201d estrategias restaurativas al sistema tradicional\/normativo. Por ello, si intentamos imponerlo \u00abde golpe\u00bb, hay dos frases que podemos o\u00edr: \u201cEsto ya lo intentamos y no funcion\u00f3\u201d o \u201caqu\u00ed siempre lo hemos hecho as\u00ed\u201d. Chocamos frontalmente con el miedo a perder la autoridad, la sensaci\u00f3n de sobrecarga. Por ello, para una transici\u00f3n s\u00f3lida y sostenible, el proceso requiere tres pilares claves:<\/p>\n\n\n\n<figure class=\"wp-block-image size-full\"><img decoding=\"async\" width=\"1024\" height=\"559\" src=\"https:\/\/eldiariodelaeducacion.com\/prisma-convives\/wp-content\/uploads\/sites\/11\/2026\/08\/restaurativa-2.png\" alt=\"\" class=\"wp-image-625\" srcset=\"https:\/\/eldiariodelaeducacion.com\/prisma-convives\/wp-content\/uploads\/sites\/11\/2026\/08\/restaurativa-2.png 1024w, https:\/\/eldiariodelaeducacion.com\/prisma-convives\/wp-content\/uploads\/sites\/11\/2026\/08\/restaurativa-2-300x164.png 300w, https:\/\/eldiariodelaeducacion.com\/prisma-convives\/wp-content\/uploads\/sites\/11\/2026\/08\/restaurativa-2-768x419.png 768w, https:\/\/eldiariodelaeducacion.com\/prisma-convives\/wp-content\/uploads\/sites\/11\/2026\/08\/restaurativa-2-18x10.png 18w, https:\/\/eldiariodelaeducacion.com\/prisma-convives\/wp-content\/uploads\/sites\/11\/2026\/08\/restaurativa-2-150x82.png 150w, https:\/\/eldiariodelaeducacion.com\/prisma-convives\/wp-content\/uploads\/sites\/11\/2026\/08\/restaurativa-2-450x246.png 450w\" sizes=\"(max-width: 1024px) 100vw, 1024px\" \/><\/figure>\n\n\n\n<h2 class=\"wp-block-heading\">Conocimiento de la realidad. \u00bfD\u00f3nde estamos?<\/h2>\n\n\n\n<p class=\"wp-block-paragraph\">Conocer la realidad es imprescindible; para ello hay que realizar un an\u00e1lisis del punto de partida \u00bfEn qu\u00e9 aspectos nos podemos apoyar y cu\u00e1les van a dificultar el cambio y por ello no podemos perderlos de vista?. Una herramienta sencilla, clarificadora y colaborativa para ello es un diagn\u00f3stico DAFO<sup><a href=\"#sdfootnote2sym\" id=\"sdfootnote2anc\"><sup>2<\/sup><\/a><\/sup> .<\/p>\n\n\n\n<p class=\"wp-block-paragraph\">Seguro que cada centro tiene su mapa de la realidad pero habitualmente el DAFO muestra resultados parecidos a estos\u2026<\/p>\n\n\n\n<figure class=\"wp-block-image size-large\"><img decoding=\"async\" width=\"1024\" height=\"576\" src=\"https:\/\/eldiariodelaeducacion.com\/prisma-convives\/wp-content\/uploads\/sites\/11\/2026\/08\/restaurativa-3-1024x576.png\" alt=\"\" class=\"wp-image-626\" srcset=\"https:\/\/eldiariodelaeducacion.com\/prisma-convives\/wp-content\/uploads\/sites\/11\/2026\/08\/restaurativa-3-1024x576.png 1024w, https:\/\/eldiariodelaeducacion.com\/prisma-convives\/wp-content\/uploads\/sites\/11\/2026\/08\/restaurativa-3-300x169.png 300w, https:\/\/eldiariodelaeducacion.com\/prisma-convives\/wp-content\/uploads\/sites\/11\/2026\/08\/restaurativa-3-768x432.png 768w, https:\/\/eldiariodelaeducacion.com\/prisma-convives\/wp-content\/uploads\/sites\/11\/2026\/08\/restaurativa-3-1536x864.png 1536w, https:\/\/eldiariodelaeducacion.com\/prisma-convives\/wp-content\/uploads\/sites\/11\/2026\/08\/restaurativa-3-18x10.png 18w, https:\/\/eldiariodelaeducacion.com\/prisma-convives\/wp-content\/uploads\/sites\/11\/2026\/08\/restaurativa-3-150x84.png 150w, https:\/\/eldiariodelaeducacion.com\/prisma-convives\/wp-content\/uploads\/sites\/11\/2026\/08\/restaurativa-3-450x253.png 450w, https:\/\/eldiariodelaeducacion.com\/prisma-convives\/wp-content\/uploads\/sites\/11\/2026\/08\/restaurativa-3-1200x675.png 1200w, https:\/\/eldiariodelaeducacion.com\/prisma-convives\/wp-content\/uploads\/sites\/11\/2026\/08\/restaurativa-3.png 1920w\" sizes=\"(max-width: 1024px) 100vw, 1024px\" \/><\/figure>\n\n\n\n<h2 class=\"wp-block-heading\"><a><\/a>Plan de actuaci\u00f3n \u00bfPor d\u00f3nde empezamos?<\/h2>\n\n\n<div class=\"wp-block-image\">\n<figure class=\"alignleft size-large is-resized\"><img loading=\"lazy\" decoding=\"async\" width=\"1024\" height=\"559\" src=\"https:\/\/eldiariodelaeducacion.com\/prisma-convives\/wp-content\/uploads\/sites\/11\/2026\/08\/restaurativas-4-1024x559.png\" alt=\"\" class=\"wp-image-627\" style=\"aspect-ratio:1.8318746638749261;width:371px;height:auto\" srcset=\"https:\/\/eldiariodelaeducacion.com\/prisma-convives\/wp-content\/uploads\/sites\/11\/2026\/08\/restaurativas-4-1024x559.png 1024w, https:\/\/eldiariodelaeducacion.com\/prisma-convives\/wp-content\/uploads\/sites\/11\/2026\/08\/restaurativas-4-300x164.png 300w, https:\/\/eldiariodelaeducacion.com\/prisma-convives\/wp-content\/uploads\/sites\/11\/2026\/08\/restaurativas-4-768x419.png 768w, https:\/\/eldiariodelaeducacion.com\/prisma-convives\/wp-content\/uploads\/sites\/11\/2026\/08\/restaurativas-4-18x10.png 18w, https:\/\/eldiariodelaeducacion.com\/prisma-convives\/wp-content\/uploads\/sites\/11\/2026\/08\/restaurativas-4-150x82.png 150w, https:\/\/eldiariodelaeducacion.com\/prisma-convives\/wp-content\/uploads\/sites\/11\/2026\/08\/restaurativas-4-450x245.png 450w, https:\/\/eldiariodelaeducacion.com\/prisma-convives\/wp-content\/uploads\/sites\/11\/2026\/08\/restaurativas-4-1200x655.png 1200w, https:\/\/eldiariodelaeducacion.com\/prisma-convives\/wp-content\/uploads\/sites\/11\/2026\/08\/restaurativas-4.png 1408w\" sizes=\"(max-width: 1024px) 100vw, 1024px\" \/><\/figure>\n<\/div>\n\n\n<h3 class=\"wp-block-heading\"><strong>Sensibilizaci\u00f3n:<\/strong> Crear v\u00ednculos que favorezcan la seguridad y experiencias de \u00e9xito<\/h3>\n\n\n\n<ul class=\"wp-block-list\">\n<li>Crear el equipo impulsor aprovechando al <em>grupo de docentes sensibilizados<\/em>, y en el que haya, al menos, alguien del equipo directivo. Este equipo es el primero en participar en formaciones externas.<\/li>\n\n\n\n<li>Dise\u00f1ar y desarrollar talleres aplicables desde el primer d\u00eda (ej. Los c\u00edrculos de di\u00e1logo, el uso de una propuesta centrada en la prevenci\u00f3n y la tutor\u00eda, el uso de una escucha restaurativa o el uso de las preguntas restaurativas para abordar conflictos de baja intensidad).<\/li>\n\n\n\n<li>Buscar situaciones que permitan el uso del di\u00e1logo, la reflexi\u00f3n sobre los sentimientos y la puesta sobre la mesa de las necesidades, bases del paradigma restaurativo, ofrecer acompa\u00f1amiento para reforzar la seguridad. No olvidemos que proponer acciones con el alumnado es una buena estrategia pero la actitud restaurativa de quienes impulsan la transformaci\u00f3n es imprescindible.<\/li>\n\n\n\n<li>Reforzar la implementaci\u00f3n de alguna propuesta que se fundamente en la participaci\u00f3n del alumnado (mediaci\u00f3n, alumnado ayudante, tutor\u00eda entre iguales, aulas hermanas, tutor\u00eda entre iguales\u2026).<\/li>\n<\/ul>\n\n\n\n<h3 class=\"wp-block-heading\"><strong>Implementaci\u00f3n de las primeras propuestas:<\/strong> obtener situaciones de \u00e9xito<\/h3>\n\n\n\n<ul class=\"wp-block-list\">\n<li>Empezar con la aplicaci\u00f3n de los <em>c\u00edrculos de di\u00e1logo (creaci\u00f3n de las normas del grupo, reuniones con las familias, como estrategia did\u00e1ctica de materia,\u2026)<\/em> y el uso de las preguntas restaurativas en conflictos de baja intensidad. Desde el equipo impulsor ofrecer: materiales, acompa\u00f1amiento, ayuda en el dise\u00f1o.<\/li>\n\n\n\n<li>Reorganizar tiempos y espacios. Para combatir la debilidad de \u00abes un trabajo m\u00e1s\u00bb, el equipo directivo buscar\u00e1 flexibilizar (reuniones de departamento, tutor\u00edas, guardias) para dar espacio a la gesti\u00f3n del clima, poniendo en valor que cuidar las relaciones es curr\u00edculo.<\/li>\n\n\n\n<li>Celebrar los primeros \u00e9xitos. Compartir en el claustro experiencias de \u00e9xito, por ejemplo la participaci\u00f3n de determinados alumnos en los c\u00edrculos, conversaciones individuales en determinadas situaciones,&#8230;<\/li>\n<\/ul>\n\n\n\n<h3 class=\"wp-block-heading\"><strong>Avanzar en la implementaci\u00f3n y buscar apoyos:<\/strong> adaptar documentos, protocolos y sumar a las familias<\/h3>\n\n\n\n<ul class=\"wp-block-list\">\n<li>Revisi\u00f3n progresiva de los documentos del centro. Introducir en el <em>Reglamento de R\u00e9gimen Interior,<\/em> la opci\u00f3n dial\u00f3gica ante los conflictos, en el Plan de convivencia la prevenci\u00f3n y la educaci\u00f3n socioemocional.<\/li>\n\n\n\n<li>Presentaci\u00f3n a las familias: organizar talleres con familias para explicar la decisi\u00f3n educativa del centro y el trasfondo no supone \u201cpermisividad\u201d, al contrario que la reparaci\u00f3n exige m\u00e1s responsabilidad al alumnado que el simple \u00abcumplir un castigo\u00bb, y que en esa propuesta no solo nos centramos en quien lo hizo sino tambi\u00e9n en las necesidades de quien lo sufri\u00f3.<\/li>\n\n\n\n<li>Red de apoyo. Implicar a <em>Servicios Sociales y entidades locales<\/em> para sostener situaciones de alta complejidad que sobrepasen el marco escolar.<\/li>\n<\/ul>\n\n\n\n<h3 class=\"wp-block-heading\"><strong>Consolida<\/strong>r<strong> y facilitar una estructura de apoyo:<\/strong> asegurar la sostenibilidad ante la movilidad<\/h3>\n\n\n\n<ul class=\"wp-block-list\">\n<li>Dise\u00f1o de planes de acogida. La movilidad del profesorado es un elemento que dificulta el asentamiento de cualquier proyecto; dise\u00f1ar una gu\u00eda r\u00e1pida y un plan de acogida al inicio de cada curso, donde el equipo promotor asuma el rol de difusi\u00f3n, acompa\u00f1amiento y posiblemente de formaci\u00f3n.<\/li>\n\n\n\n<li>Sistemas de acompa\u00f1amiento entre iguales. Parejas pedag\u00f3gicas o acompa\u00f1amiento entre docentes experimentados y nuevos para mantener la continuidad del proyecto. Tambi\u00e9n creaci\u00f3n de grupos de an\u00e1lisis de casos para responder a las necesidades que se presenten. Documentos de apoyo.<\/li>\n\n\n\n<li>Crear la estructura participativa vital (equipo docente de apoyo, red de alumnado, observatorio de la convivencia,&#8230;).<\/li>\n<\/ul>\n\n\n\n<h2 class=\"wp-block-heading\">Tocar con las manos<\/h2>\n\n\n\n<p class=\"wp-block-paragraph\">En el mundo de la docencia ponemos en gran valor aquellas experiencias que se han implementado con un importante grado de satisfacci\u00f3n, aunque tambi\u00e9n han tenido y tienen su lado oscuro. Por ello y a modo de colof\u00f3n de esta reflexi\u00f3n os comparto algunas experiencias a las que pod\u00e9is acudir para conocer, compartir , preguntar \u2026<\/p>\n\n\n\n<ul class=\"wp-block-list\">\n<li>CEIP Juan de Vallejo, Burgos. Referente: Beatriz Fuster.<\/li>\n\n\n\n<li>IESO Arroyo de la Encomienda, Valladolid. Referente: Rut Sanz.<\/li>\n\n\n\n<li>CEIPIESO Gabriel Vallseca, Palma. Referente: Asun Gallardo.<\/li>\n<\/ul>\n\n\n\n<h3 class=\"wp-block-heading\">Notas al pie<\/h3>\n\n\n\n<p class=\"wp-block-paragraph\"><a href=\"#sdfootnote1anc\" id=\"sdfootnote1sym\">1<\/a> Ventana de la Responsabilidad Social, Paul McCold y Ted Wachtel. Cualquier forma de disciplina en el aula se mueve cruzando dos ejes fundamentales: <strong>control \/ exigencia,<\/strong> establecimiento de l\u00edmites, reglas y altas expectativas y <strong>apoyo \/ acompa\u00f1amiento,<\/strong> cuidado, escucha, afecto y provisi\u00f3n de herramientas.<\/p>\n\n\n\n<p class=\"wp-block-paragraph\"><a href=\"#sdfootnote2anc\" id=\"sdfootnote2sym\">2<\/a> DAFO, Albert Humphrey. Este an\u00e1lisis permite definir la estrategia: potenciar <strong>Fortalezas<\/strong> y aprovechar <strong>Oportunidades<\/strong> reduciendo <strong>Debilidades<\/strong> y previniendo <strong>Amenazas<\/strong>.<\/p>\n","protected":false},"excerpt":{"rendered":"<p>Cada d\u00eda, en algunas aulas, los docentes reportan escenas parecidas: una interrupci\u00f3n en clase, una falta de respeto o una disputa en el patio. Situaciones que, en aquellos centros que siguen enfocados en un paradigma tradicional\/normativo, se aborda desde la necesidad de la inmediatez y dejar claro qui\u00e9n ejerce la autoridad, buscando erradicar el conflicto.<\/p>\n","protected":false},"author":1547,"featured_media":78,"comment_status":"open","ping_status":"open","sticky":false,"template":"","format":"standard","meta":{"footnotes":""},"categories":[2],"tags":[21,86],"tipo":[],"coauthors":[85],"class_list":["post-623","post","type-post","status-publish","format-standard","has-post-thumbnail","category-prisma-convivencia","tag-convivencia","tag-practicas-restaurativas"],"yoast_head":"<!-- This site is optimized with the Yoast SEO plugin v27.9 - https:\/\/yoast.com\/product\/yoast-seo-wordpress\/ -->\n<title>El \u00e9xito del cambio: del paradigma normativo al restaurativo - Prisma Convives<\/title>\n<meta name=\"robots\" content=\"index, follow, max-snippet:-1, max-image-preview:large, max-video-preview:-1\" \/>\n<link rel=\"canonical\" href=\"https:\/\/eldiariodelaeducacion.com\/prisma-convives\/2026\/09\/02\/el-exito-del-cambio-del-paradigma-normativo-al-restaurativo\/\" \/>\n<meta property=\"og:locale\" content=\"es_ES\" \/>\n<meta property=\"og:type\" content=\"article\" \/>\n<meta property=\"og:title\" content=\"El \u00e9xito del cambio: del paradigma normativo al restaurativo - Prisma Convives\" \/>\n<meta property=\"og:description\" content=\"Cada d\u00eda, en algunas aulas, los docentes reportan escenas parecidas: una interrupci\u00f3n en clase, una falta de respeto o una disputa en el patio. Situaciones que, en aquellos centros que siguen enfocados en un paradigma tradicional\/normativo, se aborda desde la necesidad de la inmediatez y dejar claro qui\u00e9n ejerce la autoridad, buscando erradicar el conflicto.\" \/>\n<meta property=\"og:url\" content=\"https:\/\/eldiariodelaeducacion.com\/prisma-convives\/2026\/09\/02\/el-exito-del-cambio-del-paradigma-normativo-al-restaurativo\/\" \/>\n<meta property=\"og:site_name\" content=\"Prisma Convives\" \/>\n<meta property=\"article:published_time\" content=\"2026-09-02T01:09:00+00:00\" \/>\n<meta property=\"og:image\" content=\"https:\/\/eldiariodelaeducacion.com\/prisma-convives\/wp-content\/uploads\/sites\/11\/2023\/03\/GettyImages-9385860881.jpg\" \/>\n\t<meta property=\"og:image:width\" content=\"1024\" \/>\n\t<meta property=\"og:image:height\" content=\"682\" \/>\n\t<meta property=\"og:image:type\" content=\"image\/jpeg\" \/>\n<meta name=\"author\" content=\"Ricard Vila i Barcel\u00f3\" \/>\n<meta name=\"twitter:card\" content=\"summary_large_image\" \/>\n<meta name=\"twitter:label1\" content=\"Escrito por\" \/>\n\t<meta name=\"twitter:data1\" content=\"Ricard Vila i Barcel\u00f3\" \/>\n\t<meta name=\"twitter:label2\" content=\"Tiempo de lectura\" \/>\n\t<meta name=\"twitter:data2\" content=\"7 minutos\" \/>\n\t<meta name=\"twitter:label3\" content=\"Written by\" \/>\n\t<meta name=\"twitter:data3\" content=\"Ricard Vila i Barcel\u00f3\" \/>\n<script type=\"application\/ld+json\" class=\"yoast-schema-graph\">{\"@context\":\"https:\\\/\\\/schema.org\",\"@graph\":[{\"@type\":\"Article\",\"@id\":\"https:\\\/\\\/eldiariodelaeducacion.com\\\/prisma-convives\\\/2026\\\/09\\\/02\\\/el-exito-del-cambio-del-paradigma-normativo-al-restaurativo\\\/#article\",\"isPartOf\":{\"@id\":\"https:\\\/\\\/eldiariodelaeducacion.com\\\/prisma-convives\\\/2026\\\/09\\\/02\\\/el-exito-del-cambio-del-paradigma-normativo-al-restaurativo\\\/\"},\"author\":{\"name\":\"Ricard Vila i Barcel\u00f3\",\"@id\":\"https:\\\/\\\/eldiariodelaeducacion.com\\\/prisma-convives\\\/#\\\/schema\\\/person\\\/b58606d66cc032d093b576da14812701\"},\"headline\":\"El \u00e9xito del cambio: del paradigma normativo al restaurativo\",\"datePublished\":\"2026-09-02T01:09:00+00:00\",\"mainEntityOfPage\":{\"@id\":\"https:\\\/\\\/eldiariodelaeducacion.com\\\/prisma-convives\\\/2026\\\/09\\\/02\\\/el-exito-del-cambio-del-paradigma-normativo-al-restaurativo\\\/\"},\"wordCount\":1364,\"commentCount\":0,\"image\":{\"@id\":\"https:\\\/\\\/eldiariodelaeducacion.com\\\/prisma-convives\\\/2026\\\/09\\\/02\\\/el-exito-del-cambio-del-paradigma-normativo-al-restaurativo\\\/#primaryimage\"},\"thumbnailUrl\":\"https:\\\/\\\/eldiariodelaeducacion.com\\\/prisma-convives\\\/wp-content\\\/uploads\\\/sites\\\/11\\\/2023\\\/03\\\/GettyImages-9385860881.jpg\",\"keywords\":[\"convivencia\",\"pr\u00e1cticas restaurativas\"],\"articleSection\":[\"Prisma Convivencia\"],\"inLanguage\":\"es\",\"potentialAction\":[{\"@type\":\"CommentAction\",\"name\":\"Comment\",\"target\":[\"https:\\\/\\\/eldiariodelaeducacion.com\\\/prisma-convives\\\/2026\\\/09\\\/02\\\/el-exito-del-cambio-del-paradigma-normativo-al-restaurativo\\\/#respond\"]}]},{\"@type\":\"WebPage\",\"@id\":\"https:\\\/\\\/eldiariodelaeducacion.com\\\/prisma-convives\\\/2026\\\/09\\\/02\\\/el-exito-del-cambio-del-paradigma-normativo-al-restaurativo\\\/\",\"url\":\"https:\\\/\\\/eldiariodelaeducacion.com\\\/prisma-convives\\\/2026\\\/09\\\/02\\\/el-exito-del-cambio-del-paradigma-normativo-al-restaurativo\\\/\",\"name\":\"El \u00e9xito del cambio: del paradigma normativo al restaurativo - Prisma Convives\",\"isPartOf\":{\"@id\":\"https:\\\/\\\/eldiariodelaeducacion.com\\\/prisma-convives\\\/#website\"},\"primaryImageOfPage\":{\"@id\":\"https:\\\/\\\/eldiariodelaeducacion.com\\\/prisma-convives\\\/2026\\\/09\\\/02\\\/el-exito-del-cambio-del-paradigma-normativo-al-restaurativo\\\/#primaryimage\"},\"image\":{\"@id\":\"https:\\\/\\\/eldiariodelaeducacion.com\\\/prisma-convives\\\/2026\\\/09\\\/02\\\/el-exito-del-cambio-del-paradigma-normativo-al-restaurativo\\\/#primaryimage\"},\"thumbnailUrl\":\"https:\\\/\\\/eldiariodelaeducacion.com\\\/prisma-convives\\\/wp-content\\\/uploads\\\/sites\\\/11\\\/2023\\\/03\\\/GettyImages-9385860881.jpg\",\"datePublished\":\"2026-09-02T01:09:00+00:00\",\"author\":{\"@id\":\"https:\\\/\\\/eldiariodelaeducacion.com\\\/prisma-convives\\\/#\\\/schema\\\/person\\\/b58606d66cc032d093b576da14812701\"},\"breadcrumb\":{\"@id\":\"https:\\\/\\\/eldiariodelaeducacion.com\\\/prisma-convives\\\/2026\\\/09\\\/02\\\/el-exito-del-cambio-del-paradigma-normativo-al-restaurativo\\\/#breadcrumb\"},\"inLanguage\":\"es\",\"potentialAction\":[{\"@type\":\"ReadAction\",\"target\":[\"https:\\\/\\\/eldiariodelaeducacion.com\\\/prisma-convives\\\/2026\\\/09\\\/02\\\/el-exito-del-cambio-del-paradigma-normativo-al-restaurativo\\\/\"]}]},{\"@type\":\"ImageObject\",\"inLanguage\":\"es\",\"@id\":\"https:\\\/\\\/eldiariodelaeducacion.com\\\/prisma-convives\\\/2026\\\/09\\\/02\\\/el-exito-del-cambio-del-paradigma-normativo-al-restaurativo\\\/#primaryimage\",\"url\":\"https:\\\/\\\/eldiariodelaeducacion.com\\\/prisma-convives\\\/wp-content\\\/uploads\\\/sites\\\/11\\\/2023\\\/03\\\/GettyImages-9385860881.jpg\",\"contentUrl\":\"https:\\\/\\\/eldiariodelaeducacion.com\\\/prisma-convives\\\/wp-content\\\/uploads\\\/sites\\\/11\\\/2023\\\/03\\\/GettyImages-9385860881.jpg\",\"width\":1024,\"height\":682,\"caption\":\"Gettyimages\"},{\"@type\":\"BreadcrumbList\",\"@id\":\"https:\\\/\\\/eldiariodelaeducacion.com\\\/prisma-convives\\\/2026\\\/09\\\/02\\\/el-exito-del-cambio-del-paradigma-normativo-al-restaurativo\\\/#breadcrumb\",\"itemListElement\":[{\"@type\":\"ListItem\",\"position\":1,\"name\":\"Portada\",\"item\":\"https:\\\/\\\/eldiariodelaeducacion.com\\\/prisma-convives\\\/\"},{\"@type\":\"ListItem\",\"position\":2,\"name\":\"El \u00e9xito del cambio: del paradigma normativo al restaurativo\"}]},{\"@type\":\"WebSite\",\"@id\":\"https:\\\/\\\/eldiariodelaeducacion.com\\\/prisma-convives\\\/#website\",\"url\":\"https:\\\/\\\/eldiariodelaeducacion.com\\\/prisma-convives\\\/\",\"name\":\"Prisma Convives\",\"description\":\"Un blog de El Diario de la Educaci\u00f3n\",\"potentialAction\":[{\"@type\":\"SearchAction\",\"target\":{\"@type\":\"EntryPoint\",\"urlTemplate\":\"https:\\\/\\\/eldiariodelaeducacion.com\\\/prisma-convives\\\/?s={search_term_string}\"},\"query-input\":{\"@type\":\"PropertyValueSpecification\",\"valueRequired\":true,\"valueName\":\"search_term_string\"}}],\"inLanguage\":\"es\"},{\"@type\":\"Person\",\"@id\":\"https:\\\/\\\/eldiariodelaeducacion.com\\\/prisma-convives\\\/#\\\/schema\\\/person\\\/b58606d66cc032d093b576da14812701\",\"name\":\"Ricard Vila i Barcel\u00f3\",\"image\":{\"@type\":\"ImageObject\",\"inLanguage\":\"es\",\"@id\":\"https:\\\/\\\/eldiariodelaeducacion.com\\\/prisma-convives\\\/wp-content\\\/uploads\\\/sites\\\/11\\\/2026\\\/08\\\/ricardvila_avatar-96x96.jpg8940be06b6aca251db8f2bea7d96dec7\",\"url\":\"https:\\\/\\\/eldiariodelaeducacion.com\\\/prisma-convives\\\/wp-content\\\/uploads\\\/sites\\\/11\\\/2026\\\/08\\\/ricardvila_avatar-96x96.jpg\",\"contentUrl\":\"https:\\\/\\\/eldiariodelaeducacion.com\\\/prisma-convives\\\/wp-content\\\/uploads\\\/sites\\\/11\\\/2026\\\/08\\\/ricardvila_avatar-96x96.jpg\",\"caption\":\"Ricard Vila i Barcel\u00f3\"},\"description\":\"Formador en pr\u00e1cticas restaurativas\",\"url\":\"https:\\\/\\\/eldiariodelaeducacion.com\\\/prisma-convives\\\/author\\\/ricardvila\\\/\"}]}<\/script>\n<!-- \/ Yoast SEO plugin. -->","yoast_head_json":{"title":"El \u00e9xito del cambio: del paradigma normativo al restaurativo - Prisma Convives","robots":{"index":"index","follow":"follow","max-snippet":"max-snippet:-1","max-image-preview":"max-image-preview:large","max-video-preview":"max-video-preview:-1"},"canonical":"https:\/\/eldiariodelaeducacion.com\/prisma-convives\/2026\/09\/02\/el-exito-del-cambio-del-paradigma-normativo-al-restaurativo\/","og_locale":"es_ES","og_type":"article","og_title":"El \u00e9xito del cambio: del paradigma normativo al restaurativo - Prisma Convives","og_description":"Cada d\u00eda, en algunas aulas, los docentes reportan escenas parecidas: una interrupci\u00f3n en clase, una falta de respeto o una disputa en el patio. Situaciones que, en aquellos centros que siguen enfocados en un paradigma tradicional\/normativo, se aborda desde la necesidad de la inmediatez y dejar claro qui\u00e9n ejerce la autoridad, buscando erradicar el conflicto.","og_url":"https:\/\/eldiariodelaeducacion.com\/prisma-convives\/2026\/09\/02\/el-exito-del-cambio-del-paradigma-normativo-al-restaurativo\/","og_site_name":"Prisma Convives","article_published_time":"2026-09-02T01:09:00+00:00","og_image":[{"width":1024,"height":682,"url":"https:\/\/eldiariodelaeducacion.com\/prisma-convives\/wp-content\/uploads\/sites\/11\/2023\/03\/GettyImages-9385860881.jpg","type":"image\/jpeg"}],"author":"Ricard Vila i Barcel\u00f3","twitter_card":"summary_large_image","twitter_misc":{"Escrito por":"Ricard Vila i Barcel\u00f3","Tiempo de lectura":"7 minutos","Written by":"Ricard Vila i Barcel\u00f3"},"schema":{"@context":"https:\/\/schema.org","@graph":[{"@type":"Article","@id":"https:\/\/eldiariodelaeducacion.com\/prisma-convives\/2026\/09\/02\/el-exito-del-cambio-del-paradigma-normativo-al-restaurativo\/#article","isPartOf":{"@id":"https:\/\/eldiariodelaeducacion.com\/prisma-convives\/2026\/09\/02\/el-exito-del-cambio-del-paradigma-normativo-al-restaurativo\/"},"author":{"name":"Ricard Vila i Barcel\u00f3","@id":"https:\/\/eldiariodelaeducacion.com\/prisma-convives\/#\/schema\/person\/b58606d66cc032d093b576da14812701"},"headline":"El \u00e9xito del cambio: del paradigma normativo al restaurativo","datePublished":"2026-09-02T01:09:00+00:00","mainEntityOfPage":{"@id":"https:\/\/eldiariodelaeducacion.com\/prisma-convives\/2026\/09\/02\/el-exito-del-cambio-del-paradigma-normativo-al-restaurativo\/"},"wordCount":1364,"commentCount":0,"image":{"@id":"https:\/\/eldiariodelaeducacion.com\/prisma-convives\/2026\/09\/02\/el-exito-del-cambio-del-paradigma-normativo-al-restaurativo\/#primaryimage"},"thumbnailUrl":"https:\/\/eldiariodelaeducacion.com\/prisma-convives\/wp-content\/uploads\/sites\/11\/2023\/03\/GettyImages-9385860881.jpg","keywords":["convivencia","pr\u00e1cticas restaurativas"],"articleSection":["Prisma Convivencia"],"inLanguage":"es","potentialAction":[{"@type":"CommentAction","name":"Comment","target":["https:\/\/eldiariodelaeducacion.com\/prisma-convives\/2026\/09\/02\/el-exito-del-cambio-del-paradigma-normativo-al-restaurativo\/#respond"]}]},{"@type":"WebPage","@id":"https:\/\/eldiariodelaeducacion.com\/prisma-convives\/2026\/09\/02\/el-exito-del-cambio-del-paradigma-normativo-al-restaurativo\/","url":"https:\/\/eldiariodelaeducacion.com\/prisma-convives\/2026\/09\/02\/el-exito-del-cambio-del-paradigma-normativo-al-restaurativo\/","name":"El \u00e9xito del cambio: del paradigma normativo al restaurativo - Prisma Convives","isPartOf":{"@id":"https:\/\/eldiariodelaeducacion.com\/prisma-convives\/#website"},"primaryImageOfPage":{"@id":"https:\/\/eldiariodelaeducacion.com\/prisma-convives\/2026\/09\/02\/el-exito-del-cambio-del-paradigma-normativo-al-restaurativo\/#primaryimage"},"image":{"@id":"https:\/\/eldiariodelaeducacion.com\/prisma-convives\/2026\/09\/02\/el-exito-del-cambio-del-paradigma-normativo-al-restaurativo\/#primaryimage"},"thumbnailUrl":"https:\/\/eldiariodelaeducacion.com\/prisma-convives\/wp-content\/uploads\/sites\/11\/2023\/03\/GettyImages-9385860881.jpg","datePublished":"2026-09-02T01:09:00+00:00","author":{"@id":"https:\/\/eldiariodelaeducacion.com\/prisma-convives\/#\/schema\/person\/b58606d66cc032d093b576da14812701"},"breadcrumb":{"@id":"https:\/\/eldiariodelaeducacion.com\/prisma-convives\/2026\/09\/02\/el-exito-del-cambio-del-paradigma-normativo-al-restaurativo\/#breadcrumb"},"inLanguage":"es","potentialAction":[{"@type":"ReadAction","target":["https:\/\/eldiariodelaeducacion.com\/prisma-convives\/2026\/09\/02\/el-exito-del-cambio-del-paradigma-normativo-al-restaurativo\/"]}]},{"@type":"ImageObject","inLanguage":"es","@id":"https:\/\/eldiariodelaeducacion.com\/prisma-convives\/2026\/09\/02\/el-exito-del-cambio-del-paradigma-normativo-al-restaurativo\/#primaryimage","url":"https:\/\/eldiariodelaeducacion.com\/prisma-convives\/wp-content\/uploads\/sites\/11\/2023\/03\/GettyImages-9385860881.jpg","contentUrl":"https:\/\/eldiariodelaeducacion.com\/prisma-convives\/wp-content\/uploads\/sites\/11\/2023\/03\/GettyImages-9385860881.jpg","width":1024,"height":682,"caption":"Gettyimages"},{"@type":"BreadcrumbList","@id":"https:\/\/eldiariodelaeducacion.com\/prisma-convives\/2026\/09\/02\/el-exito-del-cambio-del-paradigma-normativo-al-restaurativo\/#breadcrumb","itemListElement":[{"@type":"ListItem","position":1,"name":"Portada","item":"https:\/\/eldiariodelaeducacion.com\/prisma-convives\/"},{"@type":"ListItem","position":2,"name":"El \u00e9xito del cambio: del paradigma normativo al restaurativo"}]},{"@type":"WebSite","@id":"https:\/\/eldiariodelaeducacion.com\/prisma-convives\/#website","url":"https:\/\/eldiariodelaeducacion.com\/prisma-convives\/","name":"Prisma Convives","description":"Un blog de El Diario de la Educaci\u00f3n","potentialAction":[{"@type":"SearchAction","target":{"@type":"EntryPoint","urlTemplate":"https:\/\/eldiariodelaeducacion.com\/prisma-convives\/?s={search_term_string}"},"query-input":{"@type":"PropertyValueSpecification","valueRequired":true,"valueName":"search_term_string"}}],"inLanguage":"es"},{"@type":"Person","@id":"https:\/\/eldiariodelaeducacion.com\/prisma-convives\/#\/schema\/person\/b58606d66cc032d093b576da14812701","name":"Ricard Vila i Barcel\u00f3","image":{"@type":"ImageObject","inLanguage":"es","@id":"https:\/\/eldiariodelaeducacion.com\/prisma-convives\/wp-content\/uploads\/sites\/11\/2026\/08\/ricardvila_avatar-96x96.jpg8940be06b6aca251db8f2bea7d96dec7","url":"https:\/\/eldiariodelaeducacion.com\/prisma-convives\/wp-content\/uploads\/sites\/11\/2026\/08\/ricardvila_avatar-96x96.jpg","contentUrl":"https:\/\/eldiariodelaeducacion.com\/prisma-convives\/wp-content\/uploads\/sites\/11\/2026\/08\/ricardvila_avatar-96x96.jpg","caption":"Ricard Vila i Barcel\u00f3"},"description":"Formador en pr\u00e1cticas restaurativas","url":"https:\/\/eldiariodelaeducacion.com\/prisma-convives\/author\/ricardvila\/"}]}},"_links":{"self":[{"href":"https:\/\/eldiariodelaeducacion.com\/prisma-convives\/wp-json\/wp\/v2\/posts\/623","targetHints":{"allow":["GET"]}}],"collection":[{"href":"https:\/\/eldiariodelaeducacion.com\/prisma-convives\/wp-json\/wp\/v2\/posts"}],"about":[{"href":"https:\/\/eldiariodelaeducacion.com\/prisma-convives\/wp-json\/wp\/v2\/types\/post"}],"author":[{"embeddable":true,"href":"https:\/\/eldiariodelaeducacion.com\/prisma-convives\/wp-json\/wp\/v2\/users\/1547"}],"replies":[{"embeddable":true,"href":"https:\/\/eldiariodelaeducacion.com\/prisma-convives\/wp-json\/wp\/v2\/comments?post=623"}],"version-history":[{"count":1,"href":"https:\/\/eldiariodelaeducacion.com\/prisma-convives\/wp-json\/wp\/v2\/posts\/623\/revisions"}],"predecessor-version":[{"id":628,"href":"https:\/\/eldiariodelaeducacion.com\/prisma-convives\/wp-json\/wp\/v2\/posts\/623\/revisions\/628"}],"wp:featuredmedia":[{"embeddable":true,"href":"https:\/\/eldiariodelaeducacion.com\/prisma-convives\/wp-json\/wp\/v2\/media\/78"}],"wp:attachment":[{"href":"https:\/\/eldiariodelaeducacion.com\/prisma-convives\/wp-json\/wp\/v2\/media?parent=623"}],"wp:term":[{"taxonomy":"category","embeddable":true,"href":"https:\/\/eldiariodelaeducacion.com\/prisma-convives\/wp-json\/wp\/v2\/categories?post=623"},{"taxonomy":"post_tag","embeddable":true,"href":"https:\/\/eldiariodelaeducacion.com\/prisma-convives\/wp-json\/wp\/v2\/tags?post=623"},{"taxonomy":"tipo","embeddable":true,"href":"https:\/\/eldiariodelaeducacion.com\/prisma-convives\/wp-json\/wp\/v2\/tipo?post=623"},{"taxonomy":"author","embeddable":true,"href":"https:\/\/eldiariodelaeducacion.com\/prisma-convives\/wp-json\/wp\/v2\/coauthors?post=623"}],"curies":[{"name":"wp","href":"https:\/\/api.w.org\/{rel}","templated":true}]}}