{"id":487,"date":"2025-05-26T06:00:00","date_gmt":"2025-05-26T04:00:00","guid":{"rendered":"https:\/\/eldiariodelaeducacion.com\/quererla-es-crearla\/?p=487"},"modified":"2025-06-06T09:30:04","modified_gmt":"2025-06-06T07:30:04","slug":"a-los-dos-lados-del-oceano-el-sufrimiento-duele-igual","status":"publish","type":"post","link":"https:\/\/eldiariodelaeducacion.com\/quererla-es-crearla\/2025\/05\/26\/a-los-dos-lados-del-oceano-el-sufrimiento-duele-igual\/","title":{"rendered":"A los dos lados del oc\u00e9ano el sufrimiento duele igual"},"content":{"rendered":"\n<p>Nunca imagin\u00e9 que al aceptar la invitaci\u00f3n de la Universidad de M\u00e1laga para participar en el <a href=\"https:\/\/creemoseducacioninclusiva.com\/creamos\/workshopcataliza\/\"><em>Workshop Cataliza<\/em><\/a>(Barcelona, 2024), del movimiento <a href=\"https:\/\/creemoseducacioninclusiva.com\/\">Quererla es crearla<\/a>, iba a vivir unos momentos memorables que llevar\u00e9 conmigo en el equipaje de vida de lo que sigue.<\/p>\n\n\n\n<p>Desde el minuto uno, se sent\u00eda en el ambiente del taller un aire de acogida, juntanza, y muchas ganas de contribuir. Poco a poco fui escuchando intervenciones hechas desde el alma, el coraz\u00f3n, lo v\u00edsceral, la reflexi\u00f3n acumulada, la experiencia de vida; y todas ellas ten\u00edan algo en com\u00fan, que por muchos a\u00f1os tambi\u00e9n hab\u00eda percibido pero que no hab\u00eda logrado precisar en una sola consigna: <em><strong>es necesario parar el sufrimiento en las escuelas.<\/strong><\/em><\/p>\n\n\n\n<p><em>\u00bfC\u00f3mo es eso?<\/em> <em>\u00bfDe qu\u00e9 sistema educativo estamos hablando?<\/em> Del sistema que la sociedad humana ha construido para acompa\u00f1ar el recorrido de los miembros que van llegando. Hoy por hoy, se reporta en escenarios judiciales, noticias, informes investigativos y conversaciones de sala, miles de historias de exclusi\u00f3n, de tristeza, de eliminaci\u00f3n de la esperanza, <em><strong>de no futuro<\/strong><\/em>. Y no creo que esto solo sea conocido para los estudiantes reconocidos bajo el t\u00e9rmino de \u201cestudiantes con discapacidad\u201d, quienes testimoniaron que llegaban a la escuela, con mucha ilusi\u00f3n de encontrar un espacio seguro, acogedor, motivante; pero que con el tiempo percib\u00edan mensajes gestuales, orales, corporales, escritos, que les hac\u00edan saber que no pertenec\u00edan, no eran de ah\u00ed, no encajaban. Todo esto y mucho m\u00e1s se dijo en Cataliza Barcelona 2024. Las voces principales, los roles protag\u00f3nicos, sin duda los tuvieron los propios j\u00f3venes.<\/p>\n\n\n\n<p>Esto que presenci\u00e9, espero que pronto lo tengamos tambi\u00e9n por aqu\u00ed en este otro lado del charco. Ans\u00edo que muy pronto, con <em>Quererla es crearla<\/em>, tengamos muchos j\u00f3venes alzando sus voces, cuerpos, miradas, comunicando sus propias luchas, causas, esperanzas y anhelos por cumplir.<\/p>\n\n\n\n<p>La educaci\u00f3n inclusiva, como visi\u00f3n y respuesta a un sistema educativo con calidad y equidad, ha sido consolidada a lo largo de muchas d\u00e9cadas de experiencia acumulada. Primero con la educaci\u00f3n especial, se crey\u00f3 que lo mejor era una atenci\u00f3n segregada; despu\u00e9s se dio paso a las aulas regulares, con la condici\u00f3n de que fuesen los estudiantes quienes se ajustasen a las instituciones educativas bajo la denominada integraci\u00f3n. Ahora, la voz se alza para reclamar una educaci\u00f3n para todos, con todos y con cada uno. Esta aspiraci\u00f3n se acoge en algunos pa\u00edses bajo el t\u00e9rmino de educaci\u00f3n inclusiva, y en otros bajo el t\u00e9rmino de Atenci\u00f3n a la diversidad.<\/p>\n\n\n\n<p>Independientemente del t\u00e9rmino, que bastante confusi\u00f3n ha generado, si recordamos los diversos modos de nombrar, como estudiantes con necesidades especiales (Declaraci\u00f3n de Salamanca), que experimentan barreras para aprender (Indice de Inclusi\u00f3n, 2001); estudiantes con discapacidad (seg\u00fan Convenci\u00f3n de Derechos de las personas con discapacidad).<\/p>\n\n\n\n<p>Ning\u00fan termino o normativa o Politica va a garantizar que podamos estar juntos en las instituciones educativas, si la propia sociedad en su conjunto, lo decide.Por eso en este momento crucial para los movimientos sociales que abogan por la inclusi\u00f3n, debemos apelar a la acci\u00f3n colectiva, a la capacidad de cada uno de los ciudadanos, a la movilizaci\u00f3n en los medios, la academia, los tribunales, las familias, los patios, la calles.<\/p>\n\n\n\n<p><em><strong>Workshop Cataliza Barcelona 2024<\/strong><\/em> se desarroll\u00f3 con perspectiva iberoamericana. Usando la tecnolog\u00eda se pudieron conectar participantes de varios pa\u00edses de Am\u00e9rica Latina, quienes al un\u00edsono, tambi\u00e9n desde las diversas situaciones y contextos, narraban lo que acontece con las familias, con los docentes, con las autoridades educativas, en f\u00edn, con la vida de miles de estudiantes que asisten a los sistemas educativos y experimentan diversas formas de sufrimiento, aislamiento, exclusi\u00f3n. Es decir, que aun cuando lograron ingresar, no lograron ser acogidos ni participar de la plena vida escolar.<\/p>\n\n\n\n<p>Podr\u00eda pensarse que las historias son muy distintas, porque ciertamente las circunstancias son muy diferentes en Espa\u00f1a, Colombia, Brasil, Venezuela o Uruguay. Pero la verdad es que en esas diferencias hay grandes verdades compartidas. Voy a enumerar algunas de las que en aquel encuentro pude evidenciar:<\/p>\n\n\n\n<p><strong>1) Que las leyes avanzan en el papel, y es un avance, pero que las sociedades en su conjunto no logran apropiarse de que la educaci\u00f3n inclusiva es una posibilidad para todos. <\/strong>En tiempos vol\u00e1tiles, inciertos, complejos y ambiguos, estar juntos se est\u00e1 volviendo una utop\u00eda. Nos vamos a quedar sin escenarios donde nos podamos reconocer como miembros de una especie humana, de un grupo social, de una regi\u00f3n, de un grupo cercano.<\/p>\n\n\n\n<p>Cumplimos 77 a\u00f1os de la proclamaci\u00f3n de la Convenci\u00f3n de Derechos humanos (1948); 30 a\u00f1os de la declaraci\u00f3n de Salamanca (1994); 19 a\u00f1os de la Convenci\u00f3n de Derechos de las personas con Discapacidad, que ha sido ratificada por nuestros pa\u00edses. Incluso contamos con leyes y pol\u00edticas de educaci\u00f3n inclusiva. Y nada de esto ha sido suficiente.<\/p>\n\n\n\n<p><strong>2) Que las etiquetas nos han atrapado<\/strong>, en lo que podr\u00eda reconocerse como una acci\u00f3n con da\u00f1o. Que tiene sentido en el sistema de salud para brindar los servicios y apoyos requeridos, como parte de las caracter\u00edsticas personales de cualquier ciudadano, pero que en el caso de las personas con discapacidad se expande y usurpa la existencia toda. Se elimina el nombre, la identidad, las preferencias, y todo se cubre en un r\u00f3tulo que, adem\u00e1s, no informa lo que quisi\u00e9ramos saber.<\/p>\n\n\n\n<p>Es claro que el estado necesita identificar las necesidades de los ciudadanos, para que, en el marco de la garant\u00eda de derechos, pueda brindar los apoyos requeridos, pero no puede ser que el mecanismo para lograrlo genere estigma, discriminaci\u00f3n y patologizaci\u00f3n que lleva al despojo de las ciudadan\u00edas.<\/p>\n\n\n\n<p><strong>3) Que demasiados estudiantes se sienten muy solos en las instituciones educativas<\/strong>, y a medida que avanzan de grado escolar, ese dolor se hace m\u00e1s evidente y las experiencias de exclusi\u00f3n son m\u00e1s intensas y duelen m\u00e1s. Tanto esfuerzo de las familias y de los propios estudiantes, para que al final se decida que deben salir, o dejarlos en circunstancias vergonzantes, incluso neg\u00e1ndoles las respectivas certificaciones, diplomas o t\u00edtulos. Seg\u00fan un <a href=\"https:\/\/data.unicef.org\/resources\/children-with-disabilities-report-2021\/\">reciente informe de Unicef<\/a>, el 51% de los estudiantes con discapacidad que asisten a instituciones educativas regulares reportaron estar sufriendo.<\/p>\n\n\n\n<p><strong>4) Que segmentar los grupos de estudiantes y centrar el debate en los estudiantes con alguna condici\u00f3n, r\u00f3tulo o etiqueta, termina inmovilizando al sistema educativo<\/strong>. Debemos reconocer que la diversidad humana es lo t\u00edpico, no la excepci\u00f3n. Finalmente, todos los estudiantes necesitan apoyo, acompa\u00f1amiento, ayuda, tiempo flexible, actividades complementarias. El asunto es al rev\u00e9s, los apoyos y el despliegue did\u00e1ctico del maestro no son porque hay un estudiante con discapacidad, sino porque el maestro o la maestra se ocupa de la ense\u00f1anza y al frente hay una gama muy amplia de estilos, ritmos y capacidades que se beneficiaran de ellos.<\/p>\n\n\n\n<p>Se han realizado informes mundiales, anuales y regionales acerca de la situaci\u00f3n de la educaci\u00f3n inclusiva que nos sigue mostrando, con gran preocupaci\u00f3n, que estamos muy lejos de lograr la promesa de compartir como seres humanos los espacios educativos. Las evidencias y reportes investigativos muestran que hay miedo, ignorancia y un conjunto de barreras actitudinales que levantan muros e impiden que todos podamos ser acogidos, aceptados, valorados y reconocidos en nuestra diversidad humana.<\/p>\n\n\n\n<p>Para profundizar un poco en el asunto, sin llegar a ser exhaustiva, quisiera escudri\u00f1ar algunas pistas derivadas de lo que expresan los refranes populares que acompa\u00f1an nuestra cotidianidad, sumado con lo que encontr\u00e9 en el Workshop Cataliza 2024, tomando como referente la comunidad de aprendizaje que se ha conformado en <a href=\"https:\/\/decidimoseducacioninclusiva.uma.es\/assemblies\/CrearRedesDeApoyo\"><strong>Redes de Apoyo<\/strong><\/a> (a la cual estamos todos invitados, y de paso usamos la Plataforma de participaci\u00f3n ciudadana <a href=\"https:\/\/decidimoseducacioninclusiva.uma.es\/\"><u><em>\u201cDecidim<\/em><\/u><u><em>os Educaci\u00f3n Inclusiva\u201d<\/em><\/u><\/a>).<\/p>\n\n\n\n<p><strong>5) <\/strong><strong>Una golondrina no hace verano. <\/strong>Es necesario agruparnos, unirnos, compartir experiencias, lecciones aprendidas, aciertos y desaciertos. La red de apoyo es otro espacio del movimiento, donde creamos comunidad\/hermandad, d\u00e1ndonos las manos, las voces, el llanto, las ideas, y algo m\u00e1s. El movimiento ah\u00ed permite que nos encontremos paraa compartir eso que nos pasa, lo que hacemos con lo que nos pasa y lo que de pronto podr\u00edamos hacer para seguir adelante. Las historias son tan \u00fanicas, pero a la vez tan parecidas todas, en la injusticia, en la soledad de las familias, en la invisibilidad de la misi\u00f3n del sistema educativo, en tantas cosas. Esto duele, <em><strong>y mucho<\/strong><\/em>.<\/p>\n\n\n\n<p>Frases como: <em>\u201cCuando vas al cole, no quieres que por hablar por tu hijo te tilden en adelante del padre loco, problem\u00e1tico y conflictivo<\/em>\u201d, <em>\u201cno queremos represalias\u201d<\/em>, <em>\u201cte hacen sentir tan chiquito, tan chiquito, que de verdad te lo crees y llegas a aislarte\u201d<\/em>; pero tambi\u00e9n frases como <em>\u201ca m\u00ed me pas\u00f3, pero me les fui por un lado conciliador y logr\u00e9 despertar su empat\u00eda y ahora mi hijo est\u00e1 teniendo una buena experiencia\u201d<\/em>.<\/p>\n\n\n\n<p>Se siente a veces, como un campo de batalla entre las familias y el estado, entre las familias y los docentes, entre las familias y los profesionales, entre las familias y los jueces\u2026 Y es que las familias \u00a1ya no pueden m\u00e1s! Y a veces, la familia es solo la madre, el padre, el hermano o alguno de los abuelos. Es una batalla constante que precisamente encuentra eco en el movimiento y cobra mucho sentido esta juntanza, porque entonces pasa lo inesperado: <em>\u201cYa no est\u00e1s sola\u201d<\/em>, <em>\u201caqu\u00ed te escuchamos y podemos compartirte experiencias a ver si algo de esto te hace sentido y te ayuda\u201d<\/em>, <em>\u201cen este caso hicieron esto y obtuvieron estos resultados\u201d<\/em>. Es decir, pasas de la soledad a la com\u00fan-unidad.<\/p>\n\n\n\n<p>Tambi\u00e9n advertimos que no solo sufren los estudiantes y las familias. Escuchamos muchos relatos de docentes y profesionales que acompa\u00f1an los procesos pedag\u00f3gicos, que tambi\u00e9n narraron su soledad, esa sensaci\u00f3n de abandono, el temor a ser se\u00f1alado, e incluso expulsado del trabajo. La educaci\u00f3n inclusiva no es responsabilidad exclusiva de los maestros y las maestras, ni tampoco solo del sector escolar; es la resultante del trabajo colaborativo de una comunidad que desea impulsar el sue\u00f1o de que todos podamos compartir, convivir, comunicarnos y aprender en las instituciones educativas.<\/p>\n\n\n\n<p><em><strong>6) Casa de herrero, azad\u00f3n de palo. <\/strong><\/em>Se encuentran muchas barreras en los discursos de directivos y autoridades educativas, pero tambi\u00e9n de docentes que listan las razones por las cuales un estudiante no deber\u00eda estar en la instituci\u00f3n, porque el estudiante no puede aprender. Me pregunto, \u00bfno ser\u00e1 la instituci\u00f3n la que no aprende a ense\u00f1ar? La instituci\u00f3n es encargada de la misi\u00f3n de promover al aprendizaje, pero muchas veces ella misma es incapaz de aprender.<\/p>\n\n\n\n<p><em><strong>7) <\/strong><\/em><em><strong>Quien a buen \u00e1rbol se arrima, buena sombra le cobija<\/strong><\/em>. Tambi\u00e9n escuchamos experiencias positivas de docentes que ayudan a docentes; de familias que ayudan a familias; de estudiantes que ayudan a sus pares. Y s\u00ed que disfrutamos de estos recientemente creados colectivos de j\u00f3venes con y sin discapacidad. \u00a1Enhorabuena!<\/p>\n\n\n\n<p>Un excelente ejemplo lo encontramos en el grupo de 16 estudiantes de secundaria agrupados bajo el nombre de <a href=\"https:\/\/creemoseducacioninclusiva.com\/creamos\/estudiantes-por-la-inclusion\/\">\u201cEstudiantes por la inclusi\u00f3n\u201d<\/a>, quienes crearon una gu\u00eda para que los estudiantes no se sientan solos en las escuelas. <a href=\"https:\/\/creemoseducacioninclusiva.uma.es\/w\/2YbBF91muFNnrqDQbgxYVH\">En uno de los discursos de Indira Mart\u00ednez de Ilarduya<\/a>, una de sus miembros, exhorta <em>\u201cque no se van a rendir nunca\u201d<\/em>, y <em>\u201cque si nos separan desde peque\u00f1os como vamos a aprender a convivir\u201d<\/em>.<\/p>\n\n\n\n<p><em><strong>8) Cada maestrillo tiene su librillo. <\/strong><\/em>Pero no solo los maestros tienen sus preferencias did\u00e1cticas, sus estilos de ense\u00f1anza, sus rituales. Tambi\u00e9n los estudiantes llegan cargados de muchas experiencias para aportar, as\u00ed que cuando se oye la trillada frase de <em>\u201cyo no s\u00e9 c\u00f3mo ense\u00f1arle\u201d<\/em>, pues lo que sigue es preguntarle al propio estudiante sobre sus procesos, preferencias, rutinas, de forma que seguramente tambi\u00e9n encontraremos que <em>\u201ccada estudiante podr\u00eda tener su manual bajo la manga\u201d<\/em>. \u00a1Escuch\u00e9moslos! Hay muchas historias exitosas basadas en la escucha activa.<\/p>\n\n\n\n<p>Los procesos de formaci\u00f3n de un maestro inclusivo son los de un buen maestro, es decir, que no debe existir esa diferenciaci\u00f3n en tanto todos los maestros y las maestras debemos prepararnos para crecer con los retos que nos trae la diversidad en el aula; pero esta diversidad no <em>\u201caparece\u201d<\/em> en el aula, sino que es la realidad humana que reclama ser reconocida, acogida, y valorada en el aula. Que alce la mano el que no sea diverso en ritmos, patrones de aprendizaje, modos de resolver problemas, formas de comunicaci\u00f3n, entre otros.<\/p>\n\n\n\n<p><em><strong>9) El que calla, otorga, pero el que se organiza, moviliza.<\/strong><\/em> No es tiempo de callar, ni de dejar pasar las cosas. Hay que manifestar lo que est\u00e1 funcionando y lo que no, y sobretodo, ofrecer la ayuda en la soluci\u00f3n. De forma tal que los padres y las madres van a las instituciones, no con problemas sino con soluciones derivadas de un trabajo colaborativo, mano a mano, con todas las personas involucradas.<\/p>\n\n\n\n<p>Por eso, la apuesta es organizarnos como colectivos en el marco de un movimiento social por la educaci\u00f3n inclusiva, que trae nuevas oportunidades de aprendizaje, de relacionamiento, de encontrarnos con otros que son distintos pero cercanos, que queremos estar juntos y escucharnos, apoyarnos y seguir adelante. Somos un grupo de personas que quiere contagiar a otros, para impulsar la transformaci\u00f3n de todo el sistema educativo, por unas instituciones educativas \u00a1libres de sufrimiento!<\/p>\n\n\n\n<p>Pienso ahora, cerrando esta reflexi\u00f3n en nuestro querido Carlos Skliar, que une a nuestra Am\u00e9rica Latina en esta causa, parafraseando, pero al rev\u00e9s\u2026 Traigo a escena su importante obra titulada <em>\u201c\u00bfY si el otro no estuviera ah\u00ed?\u201d (Mi\u00f1o y D\u00e1vila, 2002)<\/em>, para repreguntar: \u00bfNo ser\u00e1 que el que no est\u00e1 ah\u00ed es el sistema educativo? Que tal vez por preocuparse por responder ante las distintas presiones, modas, temas que le impone la sociedad, no le queda tiempo de mirarse, de autoobservarse, de reinventarse, de seguir aprendiendo permanentemente.<\/p>\n\n\n\n<p>\u00bfQui\u00e9n dijo que el sistema educativo solo puede ser como lo hemos conocido hasta el momento? Se transforma la ciencia, la banca, las ciudades, las familias\u2026 \u00bfPor qu\u00e9 el sistema educativo no se transforma?<\/p>\n\n\n\n<p>Soy optimista en creer que nuestro movimiento de <em>Quererla es crearla<\/em> ayudar\u00e1 a tocar la puerta de las sociedades y de los sistemas educativos globales, regionales y locales, para recordarles que los seres humanos, s\u00ed seguimos ah\u00ed; en las instituciones educativas, con vestido de estudiante, de docente, de directivo, de autoridad educativa, de profesional, de investigador, de padres, madres, familias\u2026 Que a\u00fan no nos hemos ido, y que debemos ponernos a hacer que sea posible. Que el sistema educativo siga su norte alrededor del encuentro de todos y todas, en la juntanza, de eso que todav\u00eda no nos han arrebatado: el sentido de lo humano. <em>Quererla es crearla<\/em> es un movimiento que lucha para que ese sentido vuelva y permita responder que esos otros y otras, \u00a1s\u00ed est\u00e1n ah\u00ed!<\/p>\n\n\n\n<p>Texto <em>in memorian<\/em> de Susan Peters. Maestra de maestras. L\u00edder mundial de la Educaci\u00f3n inclusiva. En su segundo aniversario de fallecimiento (17\/04\/2023)<\/p>\n","protected":false},"excerpt":{"rendered":"<p>Nunca imagin\u00e9 que al aceptar la invitaci\u00f3n de la Universidad de M\u00e1laga para participar en el Workshop Cataliza(Barcelona, 2024), del movimiento Quererla es crearla, iba a vivir unos momentos memorables que llevar\u00e9 conmigo en el equipaje de vida de lo que sigue. Desde el minuto uno, se sent\u00eda en el ambiente del taller un aire<\/p>\n","protected":false},"author":1400,"featured_media":488,"comment_status":"open","ping_status":"open","sticky":false,"template":"","format":"standard","meta":{"footnotes":""},"categories":[16],"tags":[22],"tipo":[20],"class_list":{"0":"post-487","1":"post","2":"type-post","3":"status-publish","4":"format-standard","5":"has-post-thumbnail","7":"category-quererla-es-crearla","8":"tag-inclusion","9":"tipo-analisis"},"yoast_head":"<!-- This site is optimized with the Yoast SEO plugin v27.5 - https:\/\/yoast.com\/product\/yoast-seo-wordpress\/ -->\n<title>A los dos lados del oc\u00e9ano el sufrimiento duele igual - Quererla es crearla<\/title>\n<meta name=\"robots\" content=\"index, follow, max-snippet:-1, max-image-preview:large, max-video-preview:-1\" \/>\n<link rel=\"canonical\" href=\"https:\/\/eldiariodelaeducacion.com\/quererla-es-crearla\/2025\/05\/26\/a-los-dos-lados-del-oceano-el-sufrimiento-duele-igual\/\" \/>\n<meta property=\"og:locale\" content=\"es_ES\" \/>\n<meta property=\"og:type\" content=\"article\" \/>\n<meta property=\"og:title\" content=\"A los dos lados del oc\u00e9ano el sufrimiento duele igual - Quererla es crearla\" \/>\n<meta property=\"og:description\" content=\"Nunca imagin\u00e9 que al aceptar la invitaci\u00f3n de la Universidad de M\u00e1laga para participar en el Workshop Cataliza(Barcelona, 2024), del movimiento Quererla es crearla, iba a vivir unos momentos memorables que llevar\u00e9 conmigo en el equipaje de vida de lo que sigue. Desde el minuto uno, se sent\u00eda en el ambiente del taller un aire\" \/>\n<meta property=\"og:url\" content=\"https:\/\/eldiariodelaeducacion.com\/quererla-es-crearla\/2025\/05\/26\/a-los-dos-lados-del-oceano-el-sufrimiento-duele-igual\/\" \/>\n<meta property=\"og:site_name\" content=\"Quererla es crearla\" \/>\n<meta property=\"article:published_time\" content=\"2025-05-26T04:00:00+00:00\" \/>\n<meta property=\"article:modified_time\" content=\"2025-06-06T07:30:04+00:00\" \/>\n<meta property=\"og:image\" content=\"https:\/\/eldiariodelaeducacion.com\/quererla-es-crearla\/wp-content\/uploads\/sites\/24\/2025\/05\/174147986140011.jpg\" \/>\n\t<meta property=\"og:image:width\" content=\"1024\" \/>\n\t<meta property=\"og:image:height\" content=\"741\" \/>\n\t<meta property=\"og:image:type\" content=\"image\/jpeg\" \/>\n<meta name=\"author\" content=\"Marisol Moreno Angarita\" \/>\n<meta name=\"twitter:card\" content=\"summary_large_image\" \/>\n<meta name=\"twitter:label1\" content=\"Escrito por\" \/>\n\t<meta name=\"twitter:data1\" content=\"Marisol Moreno Angarita\" \/>\n\t<meta name=\"twitter:label2\" content=\"Tiempo de lectura\" \/>\n\t<meta name=\"twitter:data2\" content=\"12 minutos\" \/>\n<script type=\"application\/ld+json\" class=\"yoast-schema-graph\">{\"@context\":\"https:\\\/\\\/schema.org\",\"@graph\":[{\"@type\":\"Article\",\"@id\":\"https:\\\/\\\/eldiariodelaeducacion.com\\\/quererla-es-crearla\\\/2025\\\/05\\\/26\\\/a-los-dos-lados-del-oceano-el-sufrimiento-duele-igual\\\/#article\",\"isPartOf\":{\"@id\":\"https:\\\/\\\/eldiariodelaeducacion.com\\\/quererla-es-crearla\\\/2025\\\/05\\\/26\\\/a-los-dos-lados-del-oceano-el-sufrimiento-duele-igual\\\/\"},\"author\":{\"name\":\"Marisol Moreno Angarita\",\"@id\":\"https:\\\/\\\/eldiariodelaeducacion.com\\\/quererla-es-crearla\\\/#\\\/schema\\\/person\\\/18d9ba3d7b5d68fa935e98802b522c79\"},\"headline\":\"A los dos lados del oc\u00e9ano el sufrimiento duele igual\",\"datePublished\":\"2025-05-26T04:00:00+00:00\",\"dateModified\":\"2025-06-06T07:30:04+00:00\",\"mainEntityOfPage\":{\"@id\":\"https:\\\/\\\/eldiariodelaeducacion.com\\\/quererla-es-crearla\\\/2025\\\/05\\\/26\\\/a-los-dos-lados-del-oceano-el-sufrimiento-duele-igual\\\/\"},\"wordCount\":2593,\"commentCount\":0,\"image\":{\"@id\":\"https:\\\/\\\/eldiariodelaeducacion.com\\\/quererla-es-crearla\\\/2025\\\/05\\\/26\\\/a-los-dos-lados-del-oceano-el-sufrimiento-duele-igual\\\/#primaryimage\"},\"thumbnailUrl\":\"https:\\\/\\\/eldiariodelaeducacion.com\\\/quererla-es-crearla\\\/wp-content\\\/uploads\\\/sites\\\/24\\\/2025\\\/05\\\/174147986140011.jpg\",\"keywords\":[\"inclusi\u00f3n\"],\"articleSection\":[\"Quererla es crearla\"],\"inLanguage\":\"es\",\"potentialAction\":[{\"@type\":\"CommentAction\",\"name\":\"Comment\",\"target\":[\"https:\\\/\\\/eldiariodelaeducacion.com\\\/quererla-es-crearla\\\/2025\\\/05\\\/26\\\/a-los-dos-lados-del-oceano-el-sufrimiento-duele-igual\\\/#respond\"]}]},{\"@type\":\"WebPage\",\"@id\":\"https:\\\/\\\/eldiariodelaeducacion.com\\\/quererla-es-crearla\\\/2025\\\/05\\\/26\\\/a-los-dos-lados-del-oceano-el-sufrimiento-duele-igual\\\/\",\"url\":\"https:\\\/\\\/eldiariodelaeducacion.com\\\/quererla-es-crearla\\\/2025\\\/05\\\/26\\\/a-los-dos-lados-del-oceano-el-sufrimiento-duele-igual\\\/\",\"name\":\"A los dos lados del oc\u00e9ano el sufrimiento duele igual - Quererla es crearla\",\"isPartOf\":{\"@id\":\"https:\\\/\\\/eldiariodelaeducacion.com\\\/quererla-es-crearla\\\/#website\"},\"primaryImageOfPage\":{\"@id\":\"https:\\\/\\\/eldiariodelaeducacion.com\\\/quererla-es-crearla\\\/2025\\\/05\\\/26\\\/a-los-dos-lados-del-oceano-el-sufrimiento-duele-igual\\\/#primaryimage\"},\"image\":{\"@id\":\"https:\\\/\\\/eldiariodelaeducacion.com\\\/quererla-es-crearla\\\/2025\\\/05\\\/26\\\/a-los-dos-lados-del-oceano-el-sufrimiento-duele-igual\\\/#primaryimage\"},\"thumbnailUrl\":\"https:\\\/\\\/eldiariodelaeducacion.com\\\/quererla-es-crearla\\\/wp-content\\\/uploads\\\/sites\\\/24\\\/2025\\\/05\\\/174147986140011.jpg\",\"datePublished\":\"2025-05-26T04:00:00+00:00\",\"dateModified\":\"2025-06-06T07:30:04+00:00\",\"author\":{\"@id\":\"https:\\\/\\\/eldiariodelaeducacion.com\\\/quererla-es-crearla\\\/#\\\/schema\\\/person\\\/18d9ba3d7b5d68fa935e98802b522c79\"},\"breadcrumb\":{\"@id\":\"https:\\\/\\\/eldiariodelaeducacion.com\\\/quererla-es-crearla\\\/2025\\\/05\\\/26\\\/a-los-dos-lados-del-oceano-el-sufrimiento-duele-igual\\\/#breadcrumb\"},\"inLanguage\":\"es\",\"potentialAction\":[{\"@type\":\"ReadAction\",\"target\":[\"https:\\\/\\\/eldiariodelaeducacion.com\\\/quererla-es-crearla\\\/2025\\\/05\\\/26\\\/a-los-dos-lados-del-oceano-el-sufrimiento-duele-igual\\\/\"]}]},{\"@type\":\"ImageObject\",\"inLanguage\":\"es\",\"@id\":\"https:\\\/\\\/eldiariodelaeducacion.com\\\/quererla-es-crearla\\\/2025\\\/05\\\/26\\\/a-los-dos-lados-del-oceano-el-sufrimiento-duele-igual\\\/#primaryimage\",\"url\":\"https:\\\/\\\/eldiariodelaeducacion.com\\\/quererla-es-crearla\\\/wp-content\\\/uploads\\\/sites\\\/24\\\/2025\\\/05\\\/174147986140011.jpg\",\"contentUrl\":\"https:\\\/\\\/eldiariodelaeducacion.com\\\/quererla-es-crearla\\\/wp-content\\\/uploads\\\/sites\\\/24\\\/2025\\\/05\\\/174147986140011.jpg\",\"width\":1024,\"height\":741,\"caption\":\"Ilustraciones: Ra\u00fal Aguirre\"},{\"@type\":\"BreadcrumbList\",\"@id\":\"https:\\\/\\\/eldiariodelaeducacion.com\\\/quererla-es-crearla\\\/2025\\\/05\\\/26\\\/a-los-dos-lados-del-oceano-el-sufrimiento-duele-igual\\\/#breadcrumb\",\"itemListElement\":[{\"@type\":\"ListItem\",\"position\":1,\"name\":\"Portada\",\"item\":\"https:\\\/\\\/eldiariodelaeducacion.com\\\/quererla-es-crearla\\\/\"},{\"@type\":\"ListItem\",\"position\":2,\"name\":\"A los dos lados del oc\u00e9ano el sufrimiento duele igual\"}]},{\"@type\":\"WebSite\",\"@id\":\"https:\\\/\\\/eldiariodelaeducacion.com\\\/quererla-es-crearla\\\/#website\",\"url\":\"https:\\\/\\\/eldiariodelaeducacion.com\\\/quererla-es-crearla\\\/\",\"name\":\"Quererla es crearla\",\"description\":\"Un blog de El Diario de la Educaci\u00f3n\",\"potentialAction\":[{\"@type\":\"SearchAction\",\"target\":{\"@type\":\"EntryPoint\",\"urlTemplate\":\"https:\\\/\\\/eldiariodelaeducacion.com\\\/quererla-es-crearla\\\/?s={search_term_string}\"},\"query-input\":{\"@type\":\"PropertyValueSpecification\",\"valueRequired\":true,\"valueName\":\"search_term_string\"}}],\"inLanguage\":\"es\"},{\"@type\":\"Person\",\"@id\":\"https:\\\/\\\/eldiariodelaeducacion.com\\\/quererla-es-crearla\\\/#\\\/schema\\\/person\\\/18d9ba3d7b5d68fa935e98802b522c79\",\"name\":\"Marisol Moreno Angarita\",\"image\":{\"@type\":\"ImageObject\",\"inLanguage\":\"es\",\"@id\":\"https:\\\/\\\/secure.gravatar.com\\\/avatar\\\/a330dadce2dd06ddc0760e1398162cffee25df5234d0823305deddfd1d657288?s=96&d=mm&r=g\",\"url\":\"https:\\\/\\\/secure.gravatar.com\\\/avatar\\\/a330dadce2dd06ddc0760e1398162cffee25df5234d0823305deddfd1d657288?s=96&d=mm&r=g\",\"contentUrl\":\"https:\\\/\\\/secure.gravatar.com\\\/avatar\\\/a330dadce2dd06ddc0760e1398162cffee25df5234d0823305deddfd1d657288?s=96&d=mm&r=g\",\"caption\":\"Marisol Moreno Angarita\"},\"description\":\"Universidad Nacional de Colombia\",\"url\":\"https:\\\/\\\/eldiariodelaeducacion.com\\\/quererla-es-crearla\\\/author\\\/marisolmoreno\\\/\"}]}<\/script>\n<!-- \/ Yoast SEO plugin. -->","yoast_head_json":{"title":"A los dos lados del oc\u00e9ano el sufrimiento duele igual - Quererla es crearla","robots":{"index":"index","follow":"follow","max-snippet":"max-snippet:-1","max-image-preview":"max-image-preview:large","max-video-preview":"max-video-preview:-1"},"canonical":"https:\/\/eldiariodelaeducacion.com\/quererla-es-crearla\/2025\/05\/26\/a-los-dos-lados-del-oceano-el-sufrimiento-duele-igual\/","og_locale":"es_ES","og_type":"article","og_title":"A los dos lados del oc\u00e9ano el sufrimiento duele igual - Quererla es crearla","og_description":"Nunca imagin\u00e9 que al aceptar la invitaci\u00f3n de la Universidad de M\u00e1laga para participar en el Workshop Cataliza(Barcelona, 2024), del movimiento Quererla es crearla, iba a vivir unos momentos memorables que llevar\u00e9 conmigo en el equipaje de vida de lo que sigue. Desde el minuto uno, se sent\u00eda en el ambiente del taller un aire","og_url":"https:\/\/eldiariodelaeducacion.com\/quererla-es-crearla\/2025\/05\/26\/a-los-dos-lados-del-oceano-el-sufrimiento-duele-igual\/","og_site_name":"Quererla es crearla","article_published_time":"2025-05-26T04:00:00+00:00","article_modified_time":"2025-06-06T07:30:04+00:00","og_image":[{"width":1024,"height":741,"url":"https:\/\/eldiariodelaeducacion.com\/quererla-es-crearla\/wp-content\/uploads\/sites\/24\/2025\/05\/174147986140011.jpg","type":"image\/jpeg"}],"author":"Marisol Moreno Angarita","twitter_card":"summary_large_image","twitter_misc":{"Escrito por":"Marisol Moreno Angarita","Tiempo de lectura":"12 minutos"},"schema":{"@context":"https:\/\/schema.org","@graph":[{"@type":"Article","@id":"https:\/\/eldiariodelaeducacion.com\/quererla-es-crearla\/2025\/05\/26\/a-los-dos-lados-del-oceano-el-sufrimiento-duele-igual\/#article","isPartOf":{"@id":"https:\/\/eldiariodelaeducacion.com\/quererla-es-crearla\/2025\/05\/26\/a-los-dos-lados-del-oceano-el-sufrimiento-duele-igual\/"},"author":{"name":"Marisol Moreno Angarita","@id":"https:\/\/eldiariodelaeducacion.com\/quererla-es-crearla\/#\/schema\/person\/18d9ba3d7b5d68fa935e98802b522c79"},"headline":"A los dos lados del oc\u00e9ano el sufrimiento duele igual","datePublished":"2025-05-26T04:00:00+00:00","dateModified":"2025-06-06T07:30:04+00:00","mainEntityOfPage":{"@id":"https:\/\/eldiariodelaeducacion.com\/quererla-es-crearla\/2025\/05\/26\/a-los-dos-lados-del-oceano-el-sufrimiento-duele-igual\/"},"wordCount":2593,"commentCount":0,"image":{"@id":"https:\/\/eldiariodelaeducacion.com\/quererla-es-crearla\/2025\/05\/26\/a-los-dos-lados-del-oceano-el-sufrimiento-duele-igual\/#primaryimage"},"thumbnailUrl":"https:\/\/eldiariodelaeducacion.com\/quererla-es-crearla\/wp-content\/uploads\/sites\/24\/2025\/05\/174147986140011.jpg","keywords":["inclusi\u00f3n"],"articleSection":["Quererla es crearla"],"inLanguage":"es","potentialAction":[{"@type":"CommentAction","name":"Comment","target":["https:\/\/eldiariodelaeducacion.com\/quererla-es-crearla\/2025\/05\/26\/a-los-dos-lados-del-oceano-el-sufrimiento-duele-igual\/#respond"]}]},{"@type":"WebPage","@id":"https:\/\/eldiariodelaeducacion.com\/quererla-es-crearla\/2025\/05\/26\/a-los-dos-lados-del-oceano-el-sufrimiento-duele-igual\/","url":"https:\/\/eldiariodelaeducacion.com\/quererla-es-crearla\/2025\/05\/26\/a-los-dos-lados-del-oceano-el-sufrimiento-duele-igual\/","name":"A los dos lados del oc\u00e9ano el sufrimiento duele igual - Quererla es crearla","isPartOf":{"@id":"https:\/\/eldiariodelaeducacion.com\/quererla-es-crearla\/#website"},"primaryImageOfPage":{"@id":"https:\/\/eldiariodelaeducacion.com\/quererla-es-crearla\/2025\/05\/26\/a-los-dos-lados-del-oceano-el-sufrimiento-duele-igual\/#primaryimage"},"image":{"@id":"https:\/\/eldiariodelaeducacion.com\/quererla-es-crearla\/2025\/05\/26\/a-los-dos-lados-del-oceano-el-sufrimiento-duele-igual\/#primaryimage"},"thumbnailUrl":"https:\/\/eldiariodelaeducacion.com\/quererla-es-crearla\/wp-content\/uploads\/sites\/24\/2025\/05\/174147986140011.jpg","datePublished":"2025-05-26T04:00:00+00:00","dateModified":"2025-06-06T07:30:04+00:00","author":{"@id":"https:\/\/eldiariodelaeducacion.com\/quererla-es-crearla\/#\/schema\/person\/18d9ba3d7b5d68fa935e98802b522c79"},"breadcrumb":{"@id":"https:\/\/eldiariodelaeducacion.com\/quererla-es-crearla\/2025\/05\/26\/a-los-dos-lados-del-oceano-el-sufrimiento-duele-igual\/#breadcrumb"},"inLanguage":"es","potentialAction":[{"@type":"ReadAction","target":["https:\/\/eldiariodelaeducacion.com\/quererla-es-crearla\/2025\/05\/26\/a-los-dos-lados-del-oceano-el-sufrimiento-duele-igual\/"]}]},{"@type":"ImageObject","inLanguage":"es","@id":"https:\/\/eldiariodelaeducacion.com\/quererla-es-crearla\/2025\/05\/26\/a-los-dos-lados-del-oceano-el-sufrimiento-duele-igual\/#primaryimage","url":"https:\/\/eldiariodelaeducacion.com\/quererla-es-crearla\/wp-content\/uploads\/sites\/24\/2025\/05\/174147986140011.jpg","contentUrl":"https:\/\/eldiariodelaeducacion.com\/quererla-es-crearla\/wp-content\/uploads\/sites\/24\/2025\/05\/174147986140011.jpg","width":1024,"height":741,"caption":"Ilustraciones: Ra\u00fal Aguirre"},{"@type":"BreadcrumbList","@id":"https:\/\/eldiariodelaeducacion.com\/quererla-es-crearla\/2025\/05\/26\/a-los-dos-lados-del-oceano-el-sufrimiento-duele-igual\/#breadcrumb","itemListElement":[{"@type":"ListItem","position":1,"name":"Portada","item":"https:\/\/eldiariodelaeducacion.com\/quererla-es-crearla\/"},{"@type":"ListItem","position":2,"name":"A los dos lados del oc\u00e9ano el sufrimiento duele igual"}]},{"@type":"WebSite","@id":"https:\/\/eldiariodelaeducacion.com\/quererla-es-crearla\/#website","url":"https:\/\/eldiariodelaeducacion.com\/quererla-es-crearla\/","name":"Quererla es crearla","description":"Un blog de El Diario de la Educaci\u00f3n","potentialAction":[{"@type":"SearchAction","target":{"@type":"EntryPoint","urlTemplate":"https:\/\/eldiariodelaeducacion.com\/quererla-es-crearla\/?s={search_term_string}"},"query-input":{"@type":"PropertyValueSpecification","valueRequired":true,"valueName":"search_term_string"}}],"inLanguage":"es"},{"@type":"Person","@id":"https:\/\/eldiariodelaeducacion.com\/quererla-es-crearla\/#\/schema\/person\/18d9ba3d7b5d68fa935e98802b522c79","name":"Marisol Moreno Angarita","image":{"@type":"ImageObject","inLanguage":"es","@id":"https:\/\/secure.gravatar.com\/avatar\/a330dadce2dd06ddc0760e1398162cffee25df5234d0823305deddfd1d657288?s=96&d=mm&r=g","url":"https:\/\/secure.gravatar.com\/avatar\/a330dadce2dd06ddc0760e1398162cffee25df5234d0823305deddfd1d657288?s=96&d=mm&r=g","contentUrl":"https:\/\/secure.gravatar.com\/avatar\/a330dadce2dd06ddc0760e1398162cffee25df5234d0823305deddfd1d657288?s=96&d=mm&r=g","caption":"Marisol Moreno Angarita"},"description":"Universidad Nacional de Colombia","url":"https:\/\/eldiariodelaeducacion.com\/quererla-es-crearla\/author\/marisolmoreno\/"}]}},"_links":{"self":[{"href":"https:\/\/eldiariodelaeducacion.com\/quererla-es-crearla\/wp-json\/wp\/v2\/posts\/487","targetHints":{"allow":["GET"]}}],"collection":[{"href":"https:\/\/eldiariodelaeducacion.com\/quererla-es-crearla\/wp-json\/wp\/v2\/posts"}],"about":[{"href":"https:\/\/eldiariodelaeducacion.com\/quererla-es-crearla\/wp-json\/wp\/v2\/types\/post"}],"author":[{"embeddable":true,"href":"https:\/\/eldiariodelaeducacion.com\/quererla-es-crearla\/wp-json\/wp\/v2\/users\/1400"}],"replies":[{"embeddable":true,"href":"https:\/\/eldiariodelaeducacion.com\/quererla-es-crearla\/wp-json\/wp\/v2\/comments?post=487"}],"version-history":[{"count":1,"href":"https:\/\/eldiariodelaeducacion.com\/quererla-es-crearla\/wp-json\/wp\/v2\/posts\/487\/revisions"}],"predecessor-version":[{"id":489,"href":"https:\/\/eldiariodelaeducacion.com\/quererla-es-crearla\/wp-json\/wp\/v2\/posts\/487\/revisions\/489"}],"wp:featuredmedia":[{"embeddable":true,"href":"https:\/\/eldiariodelaeducacion.com\/quererla-es-crearla\/wp-json\/wp\/v2\/media\/488"}],"wp:attachment":[{"href":"https:\/\/eldiariodelaeducacion.com\/quererla-es-crearla\/wp-json\/wp\/v2\/media?parent=487"}],"wp:term":[{"taxonomy":"category","embeddable":true,"href":"https:\/\/eldiariodelaeducacion.com\/quererla-es-crearla\/wp-json\/wp\/v2\/categories?post=487"},{"taxonomy":"post_tag","embeddable":true,"href":"https:\/\/eldiariodelaeducacion.com\/quererla-es-crearla\/wp-json\/wp\/v2\/tags?post=487"},{"taxonomy":"tipo","embeddable":true,"href":"https:\/\/eldiariodelaeducacion.com\/quererla-es-crearla\/wp-json\/wp\/v2\/tipo?post=487"}],"curies":[{"name":"wp","href":"https:\/\/api.w.org\/{rel}","templated":true}]}}